{"id":152846,"date":"2020-06-04T00:57:01","date_gmt":"2020-06-03T22:57:01","guid":{"rendered":"https:\/\/www.24gliwice.pl\/wiadomosci\/?p=152846"},"modified":"2020-06-04T00:57:01","modified_gmt":"2020-06-03T22:57:01","slug":"w-dwoch-dzielnicach-gliwic-rozpoczynaja-sie-remonty-drog-przewidziane-sa-utrudnienia","status":"publish","type":"post","link":"https:\/\/www.24gliwice.pl\/wiadomosci\/w-dwoch-dzielnicach-gliwic-rozpoczynaja-sie-remonty-drog-przewidziane-sa-utrudnienia\/","title":{"rendered":"W dw\u00f3ch dzielnicach Gliwic rozpoczynaj\u0105 si\u0119 remonty dr\u00f3g. Przewidziane s\u0105 utrudnienia"},"content":{"rendered":"<div class=\"gliwi-a6-nad-leadem-artykulow gliwi-entity-placement\" id=\"gliwi-4147351881\"><div class=\"gliwi-adlabel\"><span style=\"font-size: 9px\">REKLAMA<\/span><\/div><div id=\"gliwi-1764416975\" style=\"margin-bottom: 25px;margin-left: auto;margin-right: auto;text-align: center;\"><a data-no-instant=\"1\" href=\"https:\/\/dom100.eu\/\" rel=\"noopener\" class=\"a2t-link\" target=\"_blank\" aria-label=\"20260415 DOM100 D\"><img loading=\"lazy\" decoding=\"async\" src=\"https:\/\/www.24gliwice.pl\/wiadomosci\/wp-content\/uploads\/2026\/04\/20260415-DOM100-D.jpg\" alt=\"\"  srcset=\"https:\/\/www.24gliwice.pl\/wiadomosci\/wp-content\/uploads\/2026\/04\/20260415-DOM100-D.jpg 750w, https:\/\/www.24gliwice.pl\/wiadomosci\/wp-content\/uploads\/2026\/04\/20260415-DOM100-D-410x109.jpg 410w\" sizes=\"(max-width: 750px) 100vw, 750px\" class=\"no-lazyload\" width=\"750\" height=\"200\"  style=\"display: inline-block; max-width: 100%; height: auto;\" \/><\/a><\/div><\/div><h2>Rozpoczynaj\u0105 si\u0119 prace na ul. Gwiazdy Polarnej w dzielnicy Kopernika, kt\u00f3re spowoduj\u0105 utrudnienia w ruchu. Od czwartku (4 czerwca) na 300 m odcinku przeprowadzony zostanie remont nawierzchni jezdni oraz znajduj\u0105cych si\u0119 tam miejsc postojowych.<\/h2>\n<p>&#8211; <em>Prace, kt\u00f3re potrwaj\u0105 oko\u0142o dw\u00f3ch miesi\u0119cy prowadzone b\u0119d\u0105 przy zamkni\u0119ciu ulicy. Wykonawca zapewni jedynie mo\u017cliwo\u015b\u0107 dojazdu mieszka\u0144c\u00f3w do posesji<\/em> &#8211; przekazuje <strong>Jadwiga Stiborska<\/strong>, rzeczniczka Zarz\u0105du Dr\u00f3g Miejskich w Gliwicach.<\/p>\n<h4>Roboty tak\u017ce w So\u015bnicy<\/h4>\n<p>&#8211; <em>Generalny remont nawierzchni jezdni i chodnik\u00f3w rozpocznie si\u0119 w najbli\u017cszy poniedzia\u0142ek, 8 czerwca, na ul. Tatrza\u0144skiej. Na czas prac ulica zostanie ca\u0142kowicie wy\u0142\u0105czona z ruchu. Wykonawca zapewni jedynie mieszka\u0144com dojazd do posesji. Roboty, kt\u00f3re b\u0119d\u0105 realizowane etapami potrwaj\u0105 oko\u0142o dw\u00f3ch miesi\u0119cy<\/em> &#8211; informuje Stiborska.<\/p><div class=\"gliwi-a3-w-tresci-artykulow gliwi-entity-placement\" id=\"gliwi-2243079167\"><div class=\"gliwi-adlabel\"><span style=\"font-size: 9px\">REKLAMA<\/span><\/div><div id=\"gliwi-293771248\" style=\"margin-bottom: 30px;margin-left: auto;margin-right: auto;text-align: center;\"><a data-no-instant=\"1\" href=\"https:\/\/ogrodyandersa.pl\/\" rel=\"noopener\" class=\"a2t-link\" target=\"_blank\" aria-label=\"20260415 Ogrody Andersa KUP TERAZ D\"><img loading=\"lazy\" decoding=\"async\" src=\"https:\/\/www.24gliwice.pl\/wiadomosci\/wp-content\/uploads\/2026\/04\/20260415-Ogrody-Andersa-KUP-TERAZ-D.jpg\" alt=\"\"  srcset=\"https:\/\/www.24gliwice.pl\/wiadomosci\/wp-content\/uploads\/2026\/04\/20260415-Ogrody-Andersa-KUP-TERAZ-D.jpg 750w, https:\/\/www.24gliwice.pl\/wiadomosci\/wp-content\/uploads\/2026\/04\/20260415-Ogrody-Andersa-KUP-TERAZ-D-410x109.jpg 410w\" sizes=\"(max-width: 750px) 100vw, 750px\" class=\"no-lazyload\" width=\"750\" height=\"200\"  style=\"display: inline-block; max-width: 100%; height: auto;\" \/><\/a><\/div><\/div>\n<p>(nmm)\/ZDM Gliwice<br \/>\nfot. ZDM Gliwice<\/p>\n<div id=\"attachment_152850\" style=\"width: 820px\" class=\"wp-caption alignnone\"><a href=\"https:\/\/www.24gliwice.pl\/wiadomosci\/wp-content\/uploads\/2020\/06\/Przechwytywanie-w-trybie-pe\u0142noekranowym-03.06.2020-120459.bmp.jpg\"><img loading=\"lazy\" decoding=\"async\" aria-describedby=\"caption-attachment-152850\" src=\"https:\/\/www.24gliwice.pl\/wiadomosci\/wp-content\/uploads\/2020\/06\/Przechwytywanie-w-trybie-pe\u0142noekranowym-03.06.2020-120459.bmp.jpg\" alt=\"\" width=\"810\" height=\"457\" class=\"size-full wp-image-152850\" srcset=\"https:\/\/www.24gliwice.pl\/wiadomosci\/wp-content\/uploads\/2020\/06\/Przechwytywanie-w-trybie-pe\u0142noekranowym-03.06.2020-120459.bmp.jpg 810w, https:\/\/www.24gliwice.pl\/wiadomosci\/wp-content\/uploads\/2020\/06\/Przechwytywanie-w-trybie-pe\u0142noekranowym-03.06.2020-120459.bmp-410x232.jpg 410w, https:\/\/www.24gliwice.pl\/wiadomosci\/wp-content\/uploads\/2020\/06\/Przechwytywanie-w-trybie-pe\u0142noekranowym-03.06.2020-120459.bmp-806x455.jpg 806w, https:\/\/www.24gliwice.pl\/wiadomosci\/wp-content\/uploads\/2020\/06\/Przechwytywanie-w-trybie-pe\u0142noekranowym-03.06.2020-120459.bmp-768x433.jpg 768w\" sizes=\"auto, (max-width: 810px) 100vw, 810px\" \/><\/a><p id=\"caption-attachment-152850\" class=\"wp-caption-text\">fot. ZDM Gliwice<\/p><\/div>\n<div class=\"gliwi-a5-na-koncu-artykulow gliwi-entity-placement\" id=\"gliwi-3093605980\"><div class=\"gliwi-adlabel\"><span style=\"font-size: 9px\">REKLAMA<\/span><\/div><div id=\"gliwi-3937204071\" style=\"margin-left: auto;margin-right: auto;text-align: center;\"><a data-no-instant=\"1\" href=\"https:\/\/www.jasek.pl\/\" rel=\"noopener\" class=\"a2t-link\" target=\"_blank\" aria-label=\"20200401-jasek 600\"><img loading=\"lazy\" decoding=\"async\" src=\"https:\/\/www.24gliwice.pl\/wiadomosci\/wp-content\/uploads\/2020\/04\/20200401-jasek-600.jpg\" alt=\"\"  srcset=\"https:\/\/www.24gliwice.pl\/wiadomosci\/wp-content\/uploads\/2020\/04\/20200401-jasek-600.jpg 600w, https:\/\/www.24gliwice.pl\/wiadomosci\/wp-content\/uploads\/2020\/04\/20200401-jasek-600-410x109.jpg 410w\" sizes=\"(max-width: 600px) 100vw, 600px\" class=\"no-lazyload\" width=\"600\" height=\"160\"  style=\"display: inline-block; max-width: 100%; height: auto;\" \/><\/a><\/div><\/div>","protected":false},"excerpt":{"rendered":"<p>Rozpoczynaj\u0105 si\u0119 prace na ul. Gwiazdy Polarnej w dzielnicy Kopernika, kt\u00f3re spowoduj\u0105 utrudnienia w ruchu. Od czwartku (4 czerwca) na 300 m odcinku przeprowadzony zostanie remont nawierzchni jezdni oraz znajduj\u0105cych si\u0119 tam miejsc postojowych. &#8211; Prace, kt\u00f3re potrwaj\u0105 oko\u0142o dw\u00f3ch miesi\u0119cy prowadzone b\u0119d\u0105 przy zamkni\u0119ciu ulicy. Wykonawca zapewni jedynie mo\u017cliwo\u015b\u0107 dojazdu mieszka\u0144c\u00f3w do posesji &#8211; [&hellip;]<\/p>\n","protected":false},"author":15,"featured_media":152852,"comment_status":"open","ping_status":"closed","sticky":false,"template":"","format":"standard","meta":{"_monsterinsights_skip_tracking":false,"_monsterinsights_sitenote_active":false,"_monsterinsights_sitenote_note":"","_monsterinsights_sitenote_category":0,"footnotes":"","_links_to":"","_links_to_target":""},"categories":[3,1],"tags":[99,183,214],"class_list":["post-152846","post","type-post","status-publish","format-standard","has-post-thumbnail","hentry","category-gliwice","category-wszystko","tag-kopernika","tag-sosnica","tag-zdm"],"yoast_head":"<!-- This site is optimized with the Yoast SEO plugin v27.5 - https:\/\/yoast.com\/product\/yoast-seo-wordpress\/ -->\n<title>W dw\u00f3ch dzielnicach Gliwic rozpoczynaj\u0105 si\u0119 remonty dr\u00f3g. Przewidziane s\u0105 utrudnienia - 24GLIWICE - Portal Gliwice | codziennie nowe informacje<\/title>\n<meta name=\"robots\" content=\"index, follow, max-snippet:-1, max-image-preview:large, max-video-preview:-1\" \/>\n<link rel=\"canonical\" href=\"https:\/\/www.24gliwice.pl\/wiadomosci\/w-dwoch-dzielnicach-gliwic-rozpoczynaja-sie-remonty-drog-przewidziane-sa-utrudnienia\/\" \/>\n<meta property=\"og:locale\" content=\"pl_PL\" \/>\n<meta property=\"og:type\" content=\"article\" \/>\n<meta property=\"og:title\" content=\"W dw\u00f3ch dzielnicach Gliwic rozpoczynaj\u0105 si\u0119 remonty dr\u00f3g. Przewidziane s\u0105 utrudnienia - 24GLIWICE - Portal Gliwice | codziennie nowe informacje\" \/>\n<meta property=\"og:description\" content=\"Rozpoczynaj\u0105 si\u0119 prace na ul. Gwiazdy Polarnej w dzielnicy Kopernika, kt\u00f3re spowoduj\u0105 utrudnienia w ruchu. Od czwartku (4 czerwca) na 300 m odcinku przeprowadzony zostanie remont nawierzchni jezdni oraz znajduj\u0105cych si\u0119 tam miejsc postojowych. &#8211; Prace, kt\u00f3re potrwaj\u0105 oko\u0142o dw\u00f3ch miesi\u0119cy prowadzone b\u0119d\u0105 przy zamkni\u0119ciu ulicy. Wykonawca zapewni jedynie mo\u017cliwo\u015b\u0107 dojazdu mieszka\u0144c\u00f3w do posesji &#8211; [&hellip;]\" \/>\n<meta property=\"og:url\" content=\"https:\/\/www.24gliwice.pl\/wiadomosci\/w-dwoch-dzielnicach-gliwic-rozpoczynaja-sie-remonty-drog-przewidziane-sa-utrudnienia\/\" \/>\n<meta property=\"og:site_name\" content=\"24GLIWICE - Portal Gliwice | codziennie nowe informacje\" \/>\n<meta property=\"article:publisher\" content=\"https:\/\/www.facebook.com\/24gliwice\" \/>\n<meta property=\"article:published_time\" content=\"2020-06-03T22:57:01+00:00\" \/>\n<meta property=\"og:image\" content=\"https:\/\/www.24gliwice.pl\/wiadomosci\/wp-content\/uploads\/2020\/06\/pruim-remont-drogi.jpg\" \/>\n\t<meta property=\"og:image:width\" content=\"810\" \/>\n\t<meta property=\"og:image:height\" content=\"455\" \/>\n\t<meta property=\"og:image:type\" content=\"image\/jpeg\" \/>\n<meta name=\"author\" content=\"\u017baneta Mrozek-Siewierska\" \/>\n<meta name=\"twitter:card\" content=\"summary_large_image\" \/>\n<meta name=\"twitter:creator\" content=\"@24gliwice\" \/>\n<meta name=\"twitter:site\" content=\"@24gliwice\" \/>\n<meta name=\"twitter:label1\" content=\"Napisane przez\" \/>\n\t<meta name=\"twitter:data1\" content=\"\u017baneta Mrozek-Siewierska\" \/>\n\t<meta name=\"twitter:label2\" content=\"Szacowany czas czytania\" \/>\n\t<meta name=\"twitter:data2\" content=\"1 minuta\" \/>\n<script type=\"application\/ld+json\" class=\"yoast-schema-graph\">{\"@context\":\"https:\\\/\\\/schema.org\",\"@graph\":[{\"@type\":\"Article\",\"@id\":\"https:\\\/\\\/www.24gliwice.pl\\\/wiadomosci\\\/w-dwoch-dzielnicach-gliwic-rozpoczynaja-sie-remonty-drog-przewidziane-sa-utrudnienia\\\/#article\",\"isPartOf\":{\"@id\":\"https:\\\/\\\/www.24gliwice.pl\\\/wiadomosci\\\/w-dwoch-dzielnicach-gliwic-rozpoczynaja-sie-remonty-drog-przewidziane-sa-utrudnienia\\\/\"},\"author\":{\"name\":\"\u017baneta Mrozek-Siewierska\",\"@id\":\"https:\\\/\\\/www.24gliwice.pl\\\/wiadomosci\\\/#\\\/schema\\\/person\\\/e42c650edd7f2fa332be3811fb166b6e\"},\"headline\":\"W dw\u00f3ch dzielnicach Gliwic rozpoczynaj\u0105 si\u0119 remonty dr\u00f3g. Przewidziane s\u0105 utrudnienia\",\"datePublished\":\"2020-06-03T22:57:01+00:00\",\"mainEntityOfPage\":{\"@id\":\"https:\\\/\\\/www.24gliwice.pl\\\/wiadomosci\\\/w-dwoch-dzielnicach-gliwic-rozpoczynaja-sie-remonty-drog-przewidziane-sa-utrudnienia\\\/\"},\"wordCount\":166,\"commentCount\":0,\"publisher\":{\"@id\":\"https:\\\/\\\/www.24gliwice.pl\\\/wiadomosci\\\/#organization\"},\"image\":{\"@id\":\"https:\\\/\\\/www.24gliwice.pl\\\/wiadomosci\\\/w-dwoch-dzielnicach-gliwic-rozpoczynaja-sie-remonty-drog-przewidziane-sa-utrudnienia\\\/#primaryimage\"},\"thumbnailUrl\":\"https:\\\/\\\/www.24gliwice.pl\\\/wiadomosci\\\/wp-content\\\/uploads\\\/2020\\\/06\\\/pruim-remont-drogi.jpg\",\"keywords\":[\"Kopernika\",\"SO\u015aNICA\",\"ZDM\"],\"articleSection\":[\"Gliwice\",\"Najnowsze wiadomo\u015bci\"],\"inLanguage\":\"pl-PL\",\"potentialAction\":[{\"@type\":\"CommentAction\",\"name\":\"Comment\",\"target\":[\"https:\\\/\\\/www.24gliwice.pl\\\/wiadomosci\\\/w-dwoch-dzielnicach-gliwic-rozpoczynaja-sie-remonty-drog-przewidziane-sa-utrudnienia\\\/#respond\"]}]},{\"@type\":\"WebPage\",\"@id\":\"https:\\\/\\\/www.24gliwice.pl\\\/wiadomosci\\\/w-dwoch-dzielnicach-gliwic-rozpoczynaja-sie-remonty-drog-przewidziane-sa-utrudnienia\\\/\",\"url\":\"https:\\\/\\\/www.24gliwice.pl\\\/wiadomosci\\\/w-dwoch-dzielnicach-gliwic-rozpoczynaja-sie-remonty-drog-przewidziane-sa-utrudnienia\\\/\",\"name\":\"W dw\u00f3ch dzielnicach Gliwic rozpoczynaj\u0105 si\u0119 remonty dr\u00f3g. Przewidziane s\u0105 utrudnienia - 24GLIWICE - Portal Gliwice | codziennie nowe informacje\",\"isPartOf\":{\"@id\":\"https:\\\/\\\/www.24gliwice.pl\\\/wiadomosci\\\/#website\"},\"primaryImageOfPage\":{\"@id\":\"https:\\\/\\\/www.24gliwice.pl\\\/wiadomosci\\\/w-dwoch-dzielnicach-gliwic-rozpoczynaja-sie-remonty-drog-przewidziane-sa-utrudnienia\\\/#primaryimage\"},\"image\":{\"@id\":\"https:\\\/\\\/www.24gliwice.pl\\\/wiadomosci\\\/w-dwoch-dzielnicach-gliwic-rozpoczynaja-sie-remonty-drog-przewidziane-sa-utrudnienia\\\/#primaryimage\"},\"thumbnailUrl\":\"https:\\\/\\\/www.24gliwice.pl\\\/wiadomosci\\\/wp-content\\\/uploads\\\/2020\\\/06\\\/pruim-remont-drogi.jpg\",\"datePublished\":\"2020-06-03T22:57:01+00:00\",\"breadcrumb\":{\"@id\":\"https:\\\/\\\/www.24gliwice.pl\\\/wiadomosci\\\/w-dwoch-dzielnicach-gliwic-rozpoczynaja-sie-remonty-drog-przewidziane-sa-utrudnienia\\\/#breadcrumb\"},\"inLanguage\":\"pl-PL\",\"potentialAction\":[{\"@type\":\"ReadAction\",\"target\":[\"https:\\\/\\\/www.24gliwice.pl\\\/wiadomosci\\\/w-dwoch-dzielnicach-gliwic-rozpoczynaja-sie-remonty-drog-przewidziane-sa-utrudnienia\\\/\"]}]},{\"@type\":\"ImageObject\",\"inLanguage\":\"pl-PL\",\"@id\":\"https:\\\/\\\/www.24gliwice.pl\\\/wiadomosci\\\/w-dwoch-dzielnicach-gliwic-rozpoczynaja-sie-remonty-drog-przewidziane-sa-utrudnienia\\\/#primaryimage\",\"url\":\"https:\\\/\\\/www.24gliwice.pl\\\/wiadomosci\\\/wp-content\\\/uploads\\\/2020\\\/06\\\/pruim-remont-drogi.jpg\",\"contentUrl\":\"https:\\\/\\\/www.24gliwice.pl\\\/wiadomosci\\\/wp-content\\\/uploads\\\/2020\\\/06\\\/pruim-remont-drogi.jpg\",\"width\":810,\"height\":455,\"caption\":\"fot. ZDM Gliwice\"},{\"@type\":\"BreadcrumbList\",\"@id\":\"https:\\\/\\\/www.24gliwice.pl\\\/wiadomosci\\\/w-dwoch-dzielnicach-gliwic-rozpoczynaja-sie-remonty-drog-przewidziane-sa-utrudnienia\\\/#breadcrumb\",\"itemListElement\":[{\"@type\":\"ListItem\",\"position\":1,\"name\":\"Strona g\u0142\u00f3wna\",\"item\":\"https:\\\/\\\/www.24gliwice.pl\\\/wiadomosci\\\/\"},{\"@type\":\"ListItem\",\"position\":2,\"name\":\"W dw\u00f3ch dzielnicach Gliwic rozpoczynaj\u0105 si\u0119 remonty dr\u00f3g. Przewidziane s\u0105 utrudnienia\"}]},{\"@type\":\"WebSite\",\"@id\":\"https:\\\/\\\/www.24gliwice.pl\\\/wiadomosci\\\/#website\",\"url\":\"https:\\\/\\\/www.24gliwice.pl\\\/wiadomosci\\\/\",\"name\":\"24GLIWICE - Portal Gliwice | codziennie nowe wiadomo\u015bci\",\"description\":\"Portal Miejski Gliwice\",\"publisher\":{\"@id\":\"https:\\\/\\\/www.24gliwice.pl\\\/wiadomosci\\\/#organization\"},\"potentialAction\":[{\"@type\":\"SearchAction\",\"target\":{\"@type\":\"EntryPoint\",\"urlTemplate\":\"https:\\\/\\\/www.24gliwice.pl\\\/wiadomosci\\\/?s={search_term_string}\"},\"query-input\":{\"@type\":\"PropertyValueSpecification\",\"valueRequired\":true,\"valueName\":\"search_term_string\"}}],\"inLanguage\":\"pl-PL\"},{\"@type\":\"Organization\",\"@id\":\"https:\\\/\\\/www.24gliwice.pl\\\/wiadomosci\\\/#organization\",\"name\":\"24gliwice\",\"url\":\"https:\\\/\\\/www.24gliwice.pl\\\/wiadomosci\\\/\",\"logo\":{\"@type\":\"ImageObject\",\"inLanguage\":\"pl-PL\",\"@id\":\"https:\\\/\\\/www.24gliwice.pl\\\/wiadomosci\\\/#\\\/schema\\\/logo\\\/image\\\/\",\"url\":\"https:\\\/\\\/www.24gliwice.pl\\\/wiadomosci\\\/wp-content\\\/uploads\\\/2024\\\/10\\\/24gliwice-logo-696.jpg\",\"contentUrl\":\"https:\\\/\\\/www.24gliwice.pl\\\/wiadomosci\\\/wp-content\\\/uploads\\\/2024\\\/10\\\/24gliwice-logo-696.jpg\",\"width\":696,\"height\":696,\"caption\":\"24gliwice\"},\"image\":{\"@id\":\"https:\\\/\\\/www.24gliwice.pl\\\/wiadomosci\\\/#\\\/schema\\\/logo\\\/image\\\/\"},\"sameAs\":[\"https:\\\/\\\/www.facebook.com\\\/24gliwice\",\"https:\\\/\\\/x.com\\\/24gliwice\",\"https:\\\/\\\/www.youtube.com\\\/@24gliwice\"]},{\"@type\":\"Person\",\"@id\":\"https:\\\/\\\/www.24gliwice.pl\\\/wiadomosci\\\/#\\\/schema\\\/person\\\/e42c650edd7f2fa332be3811fb166b6e\",\"name\":\"\u017baneta Mrozek-Siewierska\",\"image\":{\"@type\":\"ImageObject\",\"inLanguage\":\"pl-PL\",\"@id\":\"https:\\\/\\\/secure.gravatar.com\\\/avatar\\\/1881429e9c64597c77ad7aef2d0a19be69a3253e57534d16aa15bf3a4d34a0a3?s=96&d=mm&r=g\",\"url\":\"https:\\\/\\\/secure.gravatar.com\\\/avatar\\\/1881429e9c64597c77ad7aef2d0a19be69a3253e57534d16aa15bf3a4d34a0a3?s=96&d=mm&r=g\",\"contentUrl\":\"https:\\\/\\\/secure.gravatar.com\\\/avatar\\\/1881429e9c64597c77ad7aef2d0a19be69a3253e57534d16aa15bf3a4d34a0a3?s=96&d=mm&r=g\",\"caption\":\"\u017baneta Mrozek-Siewierska\"},\"url\":\"https:\\\/\\\/www.24gliwice.pl\\\/wiadomosci\\\/author\\\/zms\\\/\"}]}<\/script>\n<!-- \/ Yoast SEO plugin. -->","yoast_head_json":{"title":"W dw\u00f3ch dzielnicach Gliwic rozpoczynaj\u0105 si\u0119 remonty dr\u00f3g. Przewidziane s\u0105 utrudnienia - 24GLIWICE - Portal Gliwice | codziennie nowe informacje","robots":{"index":"index","follow":"follow","max-snippet":"max-snippet:-1","max-image-preview":"max-image-preview:large","max-video-preview":"max-video-preview:-1"},"canonical":"https:\/\/www.24gliwice.pl\/wiadomosci\/w-dwoch-dzielnicach-gliwic-rozpoczynaja-sie-remonty-drog-przewidziane-sa-utrudnienia\/","og_locale":"pl_PL","og_type":"article","og_title":"W dw\u00f3ch dzielnicach Gliwic rozpoczynaj\u0105 si\u0119 remonty dr\u00f3g. Przewidziane s\u0105 utrudnienia - 24GLIWICE - Portal Gliwice | codziennie nowe informacje","og_description":"Rozpoczynaj\u0105 si\u0119 prace na ul. Gwiazdy Polarnej w dzielnicy Kopernika, kt\u00f3re spowoduj\u0105 utrudnienia w ruchu. Od czwartku (4 czerwca) na 300 m odcinku przeprowadzony zostanie remont nawierzchni jezdni oraz znajduj\u0105cych si\u0119 tam miejsc postojowych. &#8211; Prace, kt\u00f3re potrwaj\u0105 oko\u0142o dw\u00f3ch miesi\u0119cy prowadzone b\u0119d\u0105 przy zamkni\u0119ciu ulicy. Wykonawca zapewni jedynie mo\u017cliwo\u015b\u0107 dojazdu mieszka\u0144c\u00f3w do posesji &#8211; [&hellip;]","og_url":"https:\/\/www.24gliwice.pl\/wiadomosci\/w-dwoch-dzielnicach-gliwic-rozpoczynaja-sie-remonty-drog-przewidziane-sa-utrudnienia\/","og_site_name":"24GLIWICE - Portal Gliwice | codziennie nowe informacje","article_publisher":"https:\/\/www.facebook.com\/24gliwice","article_published_time":"2020-06-03T22:57:01+00:00","og_image":[{"width":810,"height":455,"url":"https:\/\/www.24gliwice.pl\/wiadomosci\/wp-content\/uploads\/2020\/06\/pruim-remont-drogi.jpg","type":"image\/jpeg"}],"author":"\u017baneta Mrozek-Siewierska","twitter_card":"summary_large_image","twitter_creator":"@24gliwice","twitter_site":"@24gliwice","twitter_misc":{"Napisane przez":"\u017baneta Mrozek-Siewierska","Szacowany czas czytania":"1 minuta"},"schema":{"@context":"https:\/\/schema.org","@graph":[{"@type":"Article","@id":"https:\/\/www.24gliwice.pl\/wiadomosci\/w-dwoch-dzielnicach-gliwic-rozpoczynaja-sie-remonty-drog-przewidziane-sa-utrudnienia\/#article","isPartOf":{"@id":"https:\/\/www.24gliwice.pl\/wiadomosci\/w-dwoch-dzielnicach-gliwic-rozpoczynaja-sie-remonty-drog-przewidziane-sa-utrudnienia\/"},"author":{"name":"\u017baneta Mrozek-Siewierska","@id":"https:\/\/www.24gliwice.pl\/wiadomosci\/#\/schema\/person\/e42c650edd7f2fa332be3811fb166b6e"},"headline":"W dw\u00f3ch dzielnicach Gliwic rozpoczynaj\u0105 si\u0119 remonty dr\u00f3g. Przewidziane s\u0105 utrudnienia","datePublished":"2020-06-03T22:57:01+00:00","mainEntityOfPage":{"@id":"https:\/\/www.24gliwice.pl\/wiadomosci\/w-dwoch-dzielnicach-gliwic-rozpoczynaja-sie-remonty-drog-przewidziane-sa-utrudnienia\/"},"wordCount":166,"commentCount":0,"publisher":{"@id":"https:\/\/www.24gliwice.pl\/wiadomosci\/#organization"},"image":{"@id":"https:\/\/www.24gliwice.pl\/wiadomosci\/w-dwoch-dzielnicach-gliwic-rozpoczynaja-sie-remonty-drog-przewidziane-sa-utrudnienia\/#primaryimage"},"thumbnailUrl":"https:\/\/www.24gliwice.pl\/wiadomosci\/wp-content\/uploads\/2020\/06\/pruim-remont-drogi.jpg","keywords":["Kopernika","SO\u015aNICA","ZDM"],"articleSection":["Gliwice","Najnowsze wiadomo\u015bci"],"inLanguage":"pl-PL","potentialAction":[{"@type":"CommentAction","name":"Comment","target":["https:\/\/www.24gliwice.pl\/wiadomosci\/w-dwoch-dzielnicach-gliwic-rozpoczynaja-sie-remonty-drog-przewidziane-sa-utrudnienia\/#respond"]}]},{"@type":"WebPage","@id":"https:\/\/www.24gliwice.pl\/wiadomosci\/w-dwoch-dzielnicach-gliwic-rozpoczynaja-sie-remonty-drog-przewidziane-sa-utrudnienia\/","url":"https:\/\/www.24gliwice.pl\/wiadomosci\/w-dwoch-dzielnicach-gliwic-rozpoczynaja-sie-remonty-drog-przewidziane-sa-utrudnienia\/","name":"W dw\u00f3ch dzielnicach Gliwic rozpoczynaj\u0105 si\u0119 remonty dr\u00f3g. Przewidziane s\u0105 utrudnienia - 24GLIWICE - Portal Gliwice | codziennie nowe informacje","isPartOf":{"@id":"https:\/\/www.24gliwice.pl\/wiadomosci\/#website"},"primaryImageOfPage":{"@id":"https:\/\/www.24gliwice.pl\/wiadomosci\/w-dwoch-dzielnicach-gliwic-rozpoczynaja-sie-remonty-drog-przewidziane-sa-utrudnienia\/#primaryimage"},"image":{"@id":"https:\/\/www.24gliwice.pl\/wiadomosci\/w-dwoch-dzielnicach-gliwic-rozpoczynaja-sie-remonty-drog-przewidziane-sa-utrudnienia\/#primaryimage"},"thumbnailUrl":"https:\/\/www.24gliwice.pl\/wiadomosci\/wp-content\/uploads\/2020\/06\/pruim-remont-drogi.jpg","datePublished":"2020-06-03T22:57:01+00:00","breadcrumb":{"@id":"https:\/\/www.24gliwice.pl\/wiadomosci\/w-dwoch-dzielnicach-gliwic-rozpoczynaja-sie-remonty-drog-przewidziane-sa-utrudnienia\/#breadcrumb"},"inLanguage":"pl-PL","potentialAction":[{"@type":"ReadAction","target":["https:\/\/www.24gliwice.pl\/wiadomosci\/w-dwoch-dzielnicach-gliwic-rozpoczynaja-sie-remonty-drog-przewidziane-sa-utrudnienia\/"]}]},{"@type":"ImageObject","inLanguage":"pl-PL","@id":"https:\/\/www.24gliwice.pl\/wiadomosci\/w-dwoch-dzielnicach-gliwic-rozpoczynaja-sie-remonty-drog-przewidziane-sa-utrudnienia\/#primaryimage","url":"https:\/\/www.24gliwice.pl\/wiadomosci\/wp-content\/uploads\/2020\/06\/pruim-remont-drogi.jpg","contentUrl":"https:\/\/www.24gliwice.pl\/wiadomosci\/wp-content\/uploads\/2020\/06\/pruim-remont-drogi.jpg","width":810,"height":455,"caption":"fot. ZDM Gliwice"},{"@type":"BreadcrumbList","@id":"https:\/\/www.24gliwice.pl\/wiadomosci\/w-dwoch-dzielnicach-gliwic-rozpoczynaja-sie-remonty-drog-przewidziane-sa-utrudnienia\/#breadcrumb","itemListElement":[{"@type":"ListItem","position":1,"name":"Strona g\u0142\u00f3wna","item":"https:\/\/www.24gliwice.pl\/wiadomosci\/"},{"@type":"ListItem","position":2,"name":"W dw\u00f3ch dzielnicach Gliwic rozpoczynaj\u0105 si\u0119 remonty dr\u00f3g. Przewidziane s\u0105 utrudnienia"}]},{"@type":"WebSite","@id":"https:\/\/www.24gliwice.pl\/wiadomosci\/#website","url":"https:\/\/www.24gliwice.pl\/wiadomosci\/","name":"24GLIWICE - Portal Gliwice | codziennie nowe wiadomo\u015bci","description":"Portal Miejski Gliwice","publisher":{"@id":"https:\/\/www.24gliwice.pl\/wiadomosci\/#organization"},"potentialAction":[{"@type":"SearchAction","target":{"@type":"EntryPoint","urlTemplate":"https:\/\/www.24gliwice.pl\/wiadomosci\/?s={search_term_string}"},"query-input":{"@type":"PropertyValueSpecification","valueRequired":true,"valueName":"search_term_string"}}],"inLanguage":"pl-PL"},{"@type":"Organization","@id":"https:\/\/www.24gliwice.pl\/wiadomosci\/#organization","name":"24gliwice","url":"https:\/\/www.24gliwice.pl\/wiadomosci\/","logo":{"@type":"ImageObject","inLanguage":"pl-PL","@id":"https:\/\/www.24gliwice.pl\/wiadomosci\/#\/schema\/logo\/image\/","url":"https:\/\/www.24gliwice.pl\/wiadomosci\/wp-content\/uploads\/2024\/10\/24gliwice-logo-696.jpg","contentUrl":"https:\/\/www.24gliwice.pl\/wiadomosci\/wp-content\/uploads\/2024\/10\/24gliwice-logo-696.jpg","width":696,"height":696,"caption":"24gliwice"},"image":{"@id":"https:\/\/www.24gliwice.pl\/wiadomosci\/#\/schema\/logo\/image\/"},"sameAs":["https:\/\/www.facebook.com\/24gliwice","https:\/\/x.com\/24gliwice","https:\/\/www.youtube.com\/@24gliwice"]},{"@type":"Person","@id":"https:\/\/www.24gliwice.pl\/wiadomosci\/#\/schema\/person\/e42c650edd7f2fa332be3811fb166b6e","name":"\u017baneta Mrozek-Siewierska","image":{"@type":"ImageObject","inLanguage":"pl-PL","@id":"https:\/\/secure.gravatar.com\/avatar\/1881429e9c64597c77ad7aef2d0a19be69a3253e57534d16aa15bf3a4d34a0a3?s=96&d=mm&r=g","url":"https:\/\/secure.gravatar.com\/avatar\/1881429e9c64597c77ad7aef2d0a19be69a3253e57534d16aa15bf3a4d34a0a3?s=96&d=mm&r=g","contentUrl":"https:\/\/secure.gravatar.com\/avatar\/1881429e9c64597c77ad7aef2d0a19be69a3253e57534d16aa15bf3a4d34a0a3?s=96&d=mm&r=g","caption":"\u017baneta Mrozek-Siewierska"},"url":"https:\/\/www.24gliwice.pl\/wiadomosci\/author\/zms\/"}]}},"_links":{"self":[{"href":"https:\/\/www.24gliwice.pl\/wiadomosci\/wp-json\/wp\/v2\/posts\/152846","targetHints":{"allow":["GET"]}}],"collection":[{"href":"https:\/\/www.24gliwice.pl\/wiadomosci\/wp-json\/wp\/v2\/posts"}],"about":[{"href":"https:\/\/www.24gliwice.pl\/wiadomosci\/wp-json\/wp\/v2\/types\/post"}],"author":[{"embeddable":true,"href":"https:\/\/www.24gliwice.pl\/wiadomosci\/wp-json\/wp\/v2\/users\/15"}],"replies":[{"embeddable":true,"href":"https:\/\/www.24gliwice.pl\/wiadomosci\/wp-json\/wp\/v2\/comments?post=152846"}],"version-history":[{"count":0,"href":"https:\/\/www.24gliwice.pl\/wiadomosci\/wp-json\/wp\/v2\/posts\/152846\/revisions"}],"wp:featuredmedia":[{"embeddable":true,"href":"https:\/\/www.24gliwice.pl\/wiadomosci\/wp-json\/wp\/v2\/media\/152852"}],"wp:attachment":[{"href":"https:\/\/www.24gliwice.pl\/wiadomosci\/wp-json\/wp\/v2\/media?parent=152846"}],"wp:term":[{"taxonomy":"category","embeddable":true,"href":"https:\/\/www.24gliwice.pl\/wiadomosci\/wp-json\/wp\/v2\/categories?post=152846"},{"taxonomy":"post_tag","embeddable":true,"href":"https:\/\/www.24gliwice.pl\/wiadomosci\/wp-json\/wp\/v2\/tags?post=152846"}],"curies":[{"name":"wp","href":"https:\/\/api.w.org\/{rel}","templated":true}]}}