{"id":152922,"date":"2020-06-04T13:05:47","date_gmt":"2020-06-04T11:05:47","guid":{"rendered":"https:\/\/www.24gliwice.pl\/wiadomosci\/?p=152922"},"modified":"2020-06-04T16:43:31","modified_gmt":"2020-06-04T14:43:31","slug":"najstarsza-polka-mieszka-w-gliwicach-pani-tekla-juniewicz-konczy-114-lat","status":"publish","type":"post","link":"https:\/\/www.24gliwice.pl\/wiadomosci\/najstarsza-polka-mieszka-w-gliwicach-pani-tekla-juniewicz-konczy-114-lat\/","title":{"rendered":"Najstarsza Polka mieszka w Gliwicach. Pani Tekla Juniewicz ko\u0144czy 114 lat"},"content":{"rendered":"<div class=\"gliwi-a6-nad-leadem-artykulow gliwi-entity-placement\" id=\"gliwi-2719307794\"><div class=\"gliwi-adlabel\"><span style=\"font-size: 9px\">REKLAMA<\/span><\/div><div id=\"gliwi-866220046\" style=\"margin-bottom: 30px;margin-left: auto;margin-right: auto;text-align: center;\"><a data-no-instant=\"1\" href=\"https:\/\/przedszkole.halogen.org.pl\/\" rel=\"noopener\" class=\"a2t-link\" target=\"_blank\" aria-label=\"20260402-ANIMATOR-przedszkole_grafika_750x200\"><img loading=\"lazy\" decoding=\"async\" src=\"https:\/\/www.24gliwice.pl\/wiadomosci\/wp-content\/uploads\/2026\/04\/20260402-ANIMATOR-przedszkole_grafika_750x200.webp\" alt=\"\"  srcset=\"https:\/\/www.24gliwice.pl\/wiadomosci\/wp-content\/uploads\/2026\/04\/20260402-ANIMATOR-przedszkole_grafika_750x200.webp 750w, https:\/\/www.24gliwice.pl\/wiadomosci\/wp-content\/uploads\/2026\/04\/20260402-ANIMATOR-przedszkole_grafika_750x200-410x109.webp 410w\" sizes=\"(max-width: 750px) 100vw, 750px\" class=\"no-lazyload\" width=\"750\" height=\"200\"  style=\"display: inline-block; max-width: 100%; height: auto;\" \/><\/a><\/div><\/div><h2>Mia\u0142a 12 lat, gdy Polska odzyska\u0142a niepodleg\u0142o\u015b\u0107, prze\u017cy\u0142a dwie wojny \u015bwiatowe. Pami\u0119ta \u015bwiat, kt\u00f3ry ju\u017c nie istnieje. Mieszkaj\u0105ca w Gliwicach pani Tekla Juniewicz 10 czerwca sko\u0144czy 114 lat.<\/h2>\n<p>Jest najstarsz\u0105 Polk\u0105, rekordzistk\u0105 d\u0142ugowieczno\u015bci w Europie P\u00f3\u0142nocno-Wschodniej i regionie Morza Ba\u0142tyckiego oraz trzeci\u0105 najstarsz\u0105 osob\u0105 w Europie, a \u00f3sm\u0105 na \u015bwiecie. <\/p>\n<h4>Tekla Juniewicz urodzi\u0142a si\u0119 10 czerwca 1906 r. w Krupsku, na terenie \u00f3wczesnych Austro-W\u0119gier, obecnej Ukrainy, 40 km od Lwowa. <\/h4>\n<p>W tym samym roku <strong>Maria Sk\u0142odowska-Curie<\/strong> wyg\u0142osi\u0142a sw\u00f3j pierwszy wyk\u0142ad na Sorbonie, prezydent <strong>Theodore Roosevelt<\/strong> otrzyma\u0142 Pokojow\u0105 Nagrod\u0119 Nobla za negocjacje podczas wojny rosyjsko-japo\u0144skiej, niemiecki in\u017cynier i konstruktor <strong>August Max von Parseval<\/strong> odby\u0142 pierwszy lot statkiem powietrznym, a<strong> August Kopff <\/strong>odkry\u0142 planetoidy Polyxen\u0119 i Titani\u0119.<\/p><div class=\"gliwi-a3-w-tresci-artykulow gliwi-entity-placement\" id=\"gliwi-1023759503\"><div class=\"gliwi-adlabel\"><span style=\"font-size: 9px\">REKLAMA<\/span><\/div><div id=\"gliwi-2369324958\" style=\"margin-bottom: 30px;margin-left: auto;margin-right: auto;text-align: center;\"><a data-no-instant=\"1\" href=\"https:\/\/zlobek.halogen.org.pl\/\" rel=\"noopener\" class=\"a2t-link\" target=\"_blank\" aria-label=\"animator-zlobek_750x200\"><img loading=\"lazy\" decoding=\"async\" src=\"https:\/\/www.24gliwice.pl\/wiadomosci\/wp-content\/uploads\/2026\/02\/animator-zlobek_750x200.webp\" alt=\"\"  srcset=\"https:\/\/www.24gliwice.pl\/wiadomosci\/wp-content\/uploads\/2026\/02\/animator-zlobek_750x200.webp 750w, https:\/\/www.24gliwice.pl\/wiadomosci\/wp-content\/uploads\/2026\/02\/animator-zlobek_750x200-410x109.webp 410w\" sizes=\"(max-width: 750px) 100vw, 750px\" class=\"no-lazyload\" width=\"750\" height=\"200\"  style=\"display: inline-block; max-width: 100%; height: auto;\" \/><\/a><\/div><\/div>\n<p>Mia\u0142a 8 lat, gdy wybuch\u0142a I wojna \u015bwiatowa, 12 gdy Polska odzyska\u0142a niepodleg\u0142o\u015b\u0107, 21 gdy wysz\u0142a za m\u0105\u017c za starszego o 22 lata <strong>Jana Juniewicza<\/strong> i 33 lata, gdy \u015bwiat po raz drugi pogr\u0105\u017cy\u0142 si\u0119 w wojennej zawierusze. Mama Tekli, <strong>Katarzyna<\/strong>, kt\u00f3ra czas po\u015bwi\u0119ca\u0142a na zajmowanie si\u0119 domem, zmar\u0142a w wieku zaledwie 30 lat, podczas I wojny \u015bwiatowej. Ojciec, <strong>Jan Dadak<\/strong> naj\u0105\u0142 si\u0119 u hrabiego <strong>Lanckoro\u0144skiego<\/strong> do pracy przy stawach. Wychowaniem ma\u0142ej Tekli zaj\u0119\u0142y si\u0119 siostry Szarytki, kt\u00f3re prowadzi\u0142y szko\u0142\u0119 w Przeworsku, jedn\u0105 z ochronek, kt\u00f3rym patronowa\u0142a ksi\u0119\u017cna Lanckoro\u0144ska. <\/p>\n<h4>Tekla, pieszczotliwie nazywana przez swe opiekunki \u201eKlusk\u0105\u201d, pilnie uczy\u0142a si\u0119 szycia i haftu, pracowa\u0142a te\u017c w kuchni, zajmowa\u0142a si\u0119 osobami starszymi z pobliskiego domu opieki i z ciekawo\u015bci\u0105 ch\u0142on\u0119\u0142a \u015bwiat.<\/h4>\n<p>Po \u015blubie Juniewiczowie przeprowadzili si\u0119 do Borys\u0142awia, gdzie pan domu zatrudni\u0142 si\u0119 w kopalni wosku ziemnego, a na \u015bwiat przysz\u0142y dwie c\u00f3rki: <strong>Janina <\/strong>(1928\u20132016) i <strong>Urszula<\/strong> (urodzona w 1929 r.). Pani Tekla prze\u017cy\u0142a najstarsz\u0105 c\u00f3rk\u0119 i swoich zi\u0119ci\u00f3w. <\/p>\n<p>W 1945 r., podczas repatriacji, rodzina jeszcze w komplecie opu\u015bci\u0142a teren Zwi\u0105zku Radzieckiego i po dwutygodniowej podr\u00f3\u017cy poci\u0105giem dotar\u0142a do Gliwic, gdzie m\u0105\u017c pani Tekli zatrudni\u0142 si\u0119 w kopalni So\u015bnica. Po jego \u015bmierci, do 103. Roku \u017cycia pani Tekla mieszka\u0142a sama. Doskonale sobie radzi\u0142a, pali\u0142a w piecu, za\u0142atwia\u0142a codzienne sprawy. P\u00f3\u017aniej zaopiekowa\u0142 si\u0119 ni\u0105 wnuk i wnuczka.<\/p>\n<p>W wieku 111 i 113 lat za porad\u0105 \u015bl\u0105skiego konsultanta geriatrii dra <strong>J. Derejczyka<\/strong> szcz\u0119\u015bliwie przesz\u0142a dwie ratuj\u0105ce \u017cycie operacje dr\u00f3g \u017c\u00f3\u0142ciowych, przeprowadzone nowatorsk\u0105 metod\u0105 na Oddziale Chirurgii Og\u00f3lnej i Onkologicznej w Zag\u0142\u0119biowskim Centrum Onkologii Szpitala Specjalistycznego im. <strong>Sz. Starkiewicza<\/strong> w D\u0105browie G\u00f3rniczej, zostaj\u0105c najstarsz\u0105 pacjentk\u0105, kt\u00f3ra przesz\u0142a ten zabieg. To sukces medycyny na skal\u0119 \u015bwiatow\u0105.<\/p>\n<blockquote><p><em>Babcia zawsze by\u0142a bardzo aktywna, opieku\u0144cza, weso\u0142a i nie rozpami\u0119tywa\u0142a trudnych chwil z przesz\u0142o\u015bci. Lubi\u0142a ksi\u0105\u017cki i podr\u00f3\u017ce, by\u0142a bardzo harda. Do dzi\u015b jest w dobrej kondycji, chocia\u017c coraz cz\u0119\u015bciej wspomina dom rodzinny w Krupsku i wymaga opieki. Bardzo ch\u0119tnie si\u0119 jej podejmujemy, babcia to niezwyk\u0142a osoba <\/em><\/p><\/blockquote>\n<p>\u2013 m\u00f3wi wnuk pani Tekli, <strong>Adam.<\/strong><\/p>\n<p>10 czerwca pani Tekla sko\u0144czy 114 lat. Autentyczno\u015b\u0107 jej wieku udokumentowa\u0142, we wsp\u00f3\u0142pracy z rodzin\u0105 i za po\u015brednictwem Konsulatu Generalnego RP we Lwowie, <strong>Wac\u0142aw Jan Kroczek<\/strong>, polski korespondent Gerontology Research Group, mi\u0119dzynarodowej organizacji naukowej zajmuj\u0105cej si\u0119 badaniami nad zdrow\u0105 staro\u015bci\u0105 i d\u0142ugowieczno\u015bci\u0105. <\/p>\n<p>Pani Tekla do dzi\u015b ma dobry apetyt, cho\u0107 ju\u017c nie przygotowuje swoich s\u0142ynnych tort\u00f3w z 18 jaj. Jest superstulatk\u0105, rekordzistk\u0105 d\u0142ugowieczno\u015bci w Polsce, \u00f3sm\u0105 najstarsz\u0105 \u017cyj\u0105c\u0105 osob\u0105 na \u015bwiecie i trzeci\u0105 w Europie, a tak\u017ce najd\u0142u\u017cej \u017cyj\u0105c\u0105 osob\u0105 w Europie P\u00f3\u0142nocno-Wschodniej i regionie Morza Ba\u0142tyckiego oraz pierwsz\u0105 osob\u0105 w kraju, kt\u00f3ra uko\u0144czy\u0142a 112 i 113 lat. Wszystkiego najlepszego, Pani Teklo! <\/p>\n<p>(nmm)\/UM(mf)<br \/>\nfot. UM Gliwice\/D. Nita-Garbiec<\/p>\n<div class=\"gliwi-a5-na-koncu-artykulow gliwi-entity-placement\" id=\"gliwi-3855496435\"><div class=\"gliwi-adlabel\"><span style=\"font-size: 9px\">REKLAMA<\/span><\/div><div id=\"gliwi-1832507047\" style=\"margin-left: auto;margin-right: auto;text-align: center;\"><a data-no-instant=\"1\" href=\"https:\/\/prezeroarenagliwice.pl\/\" rel=\"noopener\" class=\"a2t-link\" target=\"_blank\" aria-label=\"20260309-PREZERO-WIOSNA-D\"><img loading=\"lazy\" decoding=\"async\" src=\"https:\/\/www.24gliwice.pl\/wiadomosci\/wp-content\/uploads\/2026\/03\/20260309-PREZERO-WIOSNA-D.webp\" alt=\"\"  srcset=\"https:\/\/www.24gliwice.pl\/wiadomosci\/wp-content\/uploads\/2026\/03\/20260309-PREZERO-WIOSNA-D.webp 750w, https:\/\/www.24gliwice.pl\/wiadomosci\/wp-content\/uploads\/2026\/03\/20260309-PREZERO-WIOSNA-D-410x109.webp 410w\" sizes=\"(max-width: 750px) 100vw, 750px\" class=\"no-lazyload\" width=\"750\" height=\"200\"  style=\"display: inline-block; max-width: 100%; height: auto;\" \/><\/a><\/div><\/div>","protected":false},"excerpt":{"rendered":"<p>Mia\u0142a 12 lat, gdy Polska odzyska\u0142a niepodleg\u0142o\u015b\u0107, prze\u017cy\u0142a dwie wojny \u015bwiatowe. Pami\u0119ta \u015bwiat, kt\u00f3ry ju\u017c nie istnieje. Mieszkaj\u0105ca w Gliwicach pani Tekla Juniewicz 10 czerwca sko\u0144czy 114 lat. Jest najstarsz\u0105 Polk\u0105, rekordzistk\u0105 d\u0142ugowieczno\u015bci w Europie P\u00f3\u0142nocno-Wschodniej i regionie Morza Ba\u0142tyckiego oraz trzeci\u0105 najstarsz\u0105 osob\u0105 w Europie, a \u00f3sm\u0105 na \u015bwiecie. Tekla Juniewicz urodzi\u0142a si\u0119 10 [&hellip;]<\/p>\n","protected":false},"author":15,"featured_media":152924,"comment_status":"open","ping_status":"closed","sticky":false,"template":"","format":"standard","meta":{"_monsterinsights_skip_tracking":false,"_monsterinsights_sitenote_active":false,"_monsterinsights_sitenote_note":"","_monsterinsights_sitenote_category":0,"footnotes":"","_links_to":"","_links_to_target":""},"categories":[3,1],"tags":[12626,9562],"class_list":["post-152922","post","type-post","status-publish","format-standard","has-post-thumbnail","hentry","category-gliwice","category-wszystko","tag-najstarsza-polka","tag-tekla-juniewicz"],"yoast_head":"<!-- This site is optimized with the Yoast SEO plugin v27.5 - https:\/\/yoast.com\/product\/yoast-seo-wordpress\/ -->\n<title>Najstarsza Polka mieszka w Gliwicach. Pani Tekla Juniewicz ko\u0144czy 114 lat - 24GLIWICE - Portal Gliwice | codziennie nowe informacje<\/title>\n<meta name=\"robots\" content=\"index, follow, max-snippet:-1, max-image-preview:large, max-video-preview:-1\" \/>\n<link rel=\"canonical\" href=\"https:\/\/www.24gliwice.pl\/wiadomosci\/najstarsza-polka-mieszka-w-gliwicach-pani-tekla-juniewicz-konczy-114-lat\/\" \/>\n<meta property=\"og:locale\" content=\"pl_PL\" \/>\n<meta property=\"og:type\" content=\"article\" \/>\n<meta property=\"og:title\" content=\"Najstarsza Polka mieszka w Gliwicach. Pani Tekla Juniewicz ko\u0144czy 114 lat - 24GLIWICE - Portal Gliwice | codziennie nowe informacje\" \/>\n<meta property=\"og:description\" content=\"Mia\u0142a 12 lat, gdy Polska odzyska\u0142a niepodleg\u0142o\u015b\u0107, prze\u017cy\u0142a dwie wojny \u015bwiatowe. Pami\u0119ta \u015bwiat, kt\u00f3ry ju\u017c nie istnieje. Mieszkaj\u0105ca w Gliwicach pani Tekla Juniewicz 10 czerwca sko\u0144czy 114 lat. Jest najstarsz\u0105 Polk\u0105, rekordzistk\u0105 d\u0142ugowieczno\u015bci w Europie P\u00f3\u0142nocno-Wschodniej i regionie Morza Ba\u0142tyckiego oraz trzeci\u0105 najstarsz\u0105 osob\u0105 w Europie, a \u00f3sm\u0105 na \u015bwiecie. Tekla Juniewicz urodzi\u0142a si\u0119 10 [&hellip;]\" \/>\n<meta property=\"og:url\" content=\"https:\/\/www.24gliwice.pl\/wiadomosci\/najstarsza-polka-mieszka-w-gliwicach-pani-tekla-juniewicz-konczy-114-lat\/\" \/>\n<meta property=\"og:site_name\" content=\"24GLIWICE - Portal Gliwice | codziennie nowe informacje\" \/>\n<meta property=\"article:publisher\" content=\"https:\/\/www.facebook.com\/24gliwice\" \/>\n<meta property=\"article:published_time\" content=\"2020-06-04T11:05:47+00:00\" \/>\n<meta property=\"article:modified_time\" content=\"2020-06-04T14:43:31+00:00\" \/>\n<meta property=\"og:image\" content=\"https:\/\/www.24gliwice.pl\/wiadomosci\/wp-content\/uploads\/2020\/06\/tekla-juniewicz.jpg\" \/>\n\t<meta property=\"og:image:width\" content=\"810\" \/>\n\t<meta property=\"og:image:height\" content=\"456\" \/>\n\t<meta property=\"og:image:type\" content=\"image\/jpeg\" \/>\n<meta name=\"author\" content=\"\u017baneta Mrozek-Siewierska\" \/>\n<meta name=\"twitter:card\" content=\"summary_large_image\" \/>\n<meta name=\"twitter:creator\" content=\"@24gliwice\" \/>\n<meta name=\"twitter:site\" content=\"@24gliwice\" \/>\n<meta name=\"twitter:label1\" content=\"Napisane przez\" \/>\n\t<meta name=\"twitter:data1\" content=\"\u017baneta Mrozek-Siewierska\" \/>\n\t<meta name=\"twitter:label2\" content=\"Szacowany czas czytania\" \/>\n\t<meta name=\"twitter:data2\" content=\"3 minuty\" \/>\n<script type=\"application\/ld+json\" class=\"yoast-schema-graph\">{\"@context\":\"https:\\\/\\\/schema.org\",\"@graph\":[{\"@type\":\"Article\",\"@id\":\"https:\\\/\\\/www.24gliwice.pl\\\/wiadomosci\\\/najstarsza-polka-mieszka-w-gliwicach-pani-tekla-juniewicz-konczy-114-lat\\\/#article\",\"isPartOf\":{\"@id\":\"https:\\\/\\\/www.24gliwice.pl\\\/wiadomosci\\\/najstarsza-polka-mieszka-w-gliwicach-pani-tekla-juniewicz-konczy-114-lat\\\/\"},\"author\":{\"name\":\"\u017baneta Mrozek-Siewierska\",\"@id\":\"https:\\\/\\\/www.24gliwice.pl\\\/wiadomosci\\\/#\\\/schema\\\/person\\\/e42c650edd7f2fa332be3811fb166b6e\"},\"headline\":\"Najstarsza Polka mieszka w Gliwicach. Pani Tekla Juniewicz ko\u0144czy 114 lat\",\"datePublished\":\"2020-06-04T11:05:47+00:00\",\"dateModified\":\"2020-06-04T14:43:31+00:00\",\"mainEntityOfPage\":{\"@id\":\"https:\\\/\\\/www.24gliwice.pl\\\/wiadomosci\\\/najstarsza-polka-mieszka-w-gliwicach-pani-tekla-juniewicz-konczy-114-lat\\\/\"},\"wordCount\":654,\"commentCount\":0,\"publisher\":{\"@id\":\"https:\\\/\\\/www.24gliwice.pl\\\/wiadomosci\\\/#organization\"},\"image\":{\"@id\":\"https:\\\/\\\/www.24gliwice.pl\\\/wiadomosci\\\/najstarsza-polka-mieszka-w-gliwicach-pani-tekla-juniewicz-konczy-114-lat\\\/#primaryimage\"},\"thumbnailUrl\":\"https:\\\/\\\/www.24gliwice.pl\\\/wiadomosci\\\/wp-content\\\/uploads\\\/2020\\\/06\\\/tekla-juniewicz.jpg\",\"keywords\":[\"najstarsza polka\",\"tekla juniewicz\"],\"articleSection\":[\"Gliwice\",\"Najnowsze wiadomo\u015bci\"],\"inLanguage\":\"pl-PL\",\"potentialAction\":[{\"@type\":\"CommentAction\",\"name\":\"Comment\",\"target\":[\"https:\\\/\\\/www.24gliwice.pl\\\/wiadomosci\\\/najstarsza-polka-mieszka-w-gliwicach-pani-tekla-juniewicz-konczy-114-lat\\\/#respond\"]}]},{\"@type\":\"WebPage\",\"@id\":\"https:\\\/\\\/www.24gliwice.pl\\\/wiadomosci\\\/najstarsza-polka-mieszka-w-gliwicach-pani-tekla-juniewicz-konczy-114-lat\\\/\",\"url\":\"https:\\\/\\\/www.24gliwice.pl\\\/wiadomosci\\\/najstarsza-polka-mieszka-w-gliwicach-pani-tekla-juniewicz-konczy-114-lat\\\/\",\"name\":\"Najstarsza Polka mieszka w Gliwicach. Pani Tekla Juniewicz ko\u0144czy 114 lat - 24GLIWICE - Portal Gliwice | codziennie nowe informacje\",\"isPartOf\":{\"@id\":\"https:\\\/\\\/www.24gliwice.pl\\\/wiadomosci\\\/#website\"},\"primaryImageOfPage\":{\"@id\":\"https:\\\/\\\/www.24gliwice.pl\\\/wiadomosci\\\/najstarsza-polka-mieszka-w-gliwicach-pani-tekla-juniewicz-konczy-114-lat\\\/#primaryimage\"},\"image\":{\"@id\":\"https:\\\/\\\/www.24gliwice.pl\\\/wiadomosci\\\/najstarsza-polka-mieszka-w-gliwicach-pani-tekla-juniewicz-konczy-114-lat\\\/#primaryimage\"},\"thumbnailUrl\":\"https:\\\/\\\/www.24gliwice.pl\\\/wiadomosci\\\/wp-content\\\/uploads\\\/2020\\\/06\\\/tekla-juniewicz.jpg\",\"datePublished\":\"2020-06-04T11:05:47+00:00\",\"dateModified\":\"2020-06-04T14:43:31+00:00\",\"breadcrumb\":{\"@id\":\"https:\\\/\\\/www.24gliwice.pl\\\/wiadomosci\\\/najstarsza-polka-mieszka-w-gliwicach-pani-tekla-juniewicz-konczy-114-lat\\\/#breadcrumb\"},\"inLanguage\":\"pl-PL\",\"potentialAction\":[{\"@type\":\"ReadAction\",\"target\":[\"https:\\\/\\\/www.24gliwice.pl\\\/wiadomosci\\\/najstarsza-polka-mieszka-w-gliwicach-pani-tekla-juniewicz-konczy-114-lat\\\/\"]}]},{\"@type\":\"ImageObject\",\"inLanguage\":\"pl-PL\",\"@id\":\"https:\\\/\\\/www.24gliwice.pl\\\/wiadomosci\\\/najstarsza-polka-mieszka-w-gliwicach-pani-tekla-juniewicz-konczy-114-lat\\\/#primaryimage\",\"url\":\"https:\\\/\\\/www.24gliwice.pl\\\/wiadomosci\\\/wp-content\\\/uploads\\\/2020\\\/06\\\/tekla-juniewicz.jpg\",\"contentUrl\":\"https:\\\/\\\/www.24gliwice.pl\\\/wiadomosci\\\/wp-content\\\/uploads\\\/2020\\\/06\\\/tekla-juniewicz.jpg\",\"width\":810,\"height\":456},{\"@type\":\"BreadcrumbList\",\"@id\":\"https:\\\/\\\/www.24gliwice.pl\\\/wiadomosci\\\/najstarsza-polka-mieszka-w-gliwicach-pani-tekla-juniewicz-konczy-114-lat\\\/#breadcrumb\",\"itemListElement\":[{\"@type\":\"ListItem\",\"position\":1,\"name\":\"Strona g\u0142\u00f3wna\",\"item\":\"https:\\\/\\\/www.24gliwice.pl\\\/wiadomosci\\\/\"},{\"@type\":\"ListItem\",\"position\":2,\"name\":\"Najstarsza Polka mieszka w Gliwicach. Pani Tekla Juniewicz ko\u0144czy 114 lat\"}]},{\"@type\":\"WebSite\",\"@id\":\"https:\\\/\\\/www.24gliwice.pl\\\/wiadomosci\\\/#website\",\"url\":\"https:\\\/\\\/www.24gliwice.pl\\\/wiadomosci\\\/\",\"name\":\"24GLIWICE - Portal Gliwice | codziennie nowe wiadomo\u015bci\",\"description\":\"Portal Miejski Gliwice\",\"publisher\":{\"@id\":\"https:\\\/\\\/www.24gliwice.pl\\\/wiadomosci\\\/#organization\"},\"potentialAction\":[{\"@type\":\"SearchAction\",\"target\":{\"@type\":\"EntryPoint\",\"urlTemplate\":\"https:\\\/\\\/www.24gliwice.pl\\\/wiadomosci\\\/?s={search_term_string}\"},\"query-input\":{\"@type\":\"PropertyValueSpecification\",\"valueRequired\":true,\"valueName\":\"search_term_string\"}}],\"inLanguage\":\"pl-PL\"},{\"@type\":\"Organization\",\"@id\":\"https:\\\/\\\/www.24gliwice.pl\\\/wiadomosci\\\/#organization\",\"name\":\"24gliwice\",\"url\":\"https:\\\/\\\/www.24gliwice.pl\\\/wiadomosci\\\/\",\"logo\":{\"@type\":\"ImageObject\",\"inLanguage\":\"pl-PL\",\"@id\":\"https:\\\/\\\/www.24gliwice.pl\\\/wiadomosci\\\/#\\\/schema\\\/logo\\\/image\\\/\",\"url\":\"https:\\\/\\\/www.24gliwice.pl\\\/wiadomosci\\\/wp-content\\\/uploads\\\/2024\\\/10\\\/24gliwice-logo-696.jpg\",\"contentUrl\":\"https:\\\/\\\/www.24gliwice.pl\\\/wiadomosci\\\/wp-content\\\/uploads\\\/2024\\\/10\\\/24gliwice-logo-696.jpg\",\"width\":696,\"height\":696,\"caption\":\"24gliwice\"},\"image\":{\"@id\":\"https:\\\/\\\/www.24gliwice.pl\\\/wiadomosci\\\/#\\\/schema\\\/logo\\\/image\\\/\"},\"sameAs\":[\"https:\\\/\\\/www.facebook.com\\\/24gliwice\",\"https:\\\/\\\/x.com\\\/24gliwice\",\"https:\\\/\\\/www.youtube.com\\\/@24gliwice\"]},{\"@type\":\"Person\",\"@id\":\"https:\\\/\\\/www.24gliwice.pl\\\/wiadomosci\\\/#\\\/schema\\\/person\\\/e42c650edd7f2fa332be3811fb166b6e\",\"name\":\"\u017baneta Mrozek-Siewierska\",\"image\":{\"@type\":\"ImageObject\",\"inLanguage\":\"pl-PL\",\"@id\":\"https:\\\/\\\/secure.gravatar.com\\\/avatar\\\/1881429e9c64597c77ad7aef2d0a19be69a3253e57534d16aa15bf3a4d34a0a3?s=96&d=mm&r=g\",\"url\":\"https:\\\/\\\/secure.gravatar.com\\\/avatar\\\/1881429e9c64597c77ad7aef2d0a19be69a3253e57534d16aa15bf3a4d34a0a3?s=96&d=mm&r=g\",\"contentUrl\":\"https:\\\/\\\/secure.gravatar.com\\\/avatar\\\/1881429e9c64597c77ad7aef2d0a19be69a3253e57534d16aa15bf3a4d34a0a3?s=96&d=mm&r=g\",\"caption\":\"\u017baneta Mrozek-Siewierska\"},\"url\":\"https:\\\/\\\/www.24gliwice.pl\\\/wiadomosci\\\/author\\\/zms\\\/\"}]}<\/script>\n<!-- \/ Yoast SEO plugin. -->","yoast_head_json":{"title":"Najstarsza Polka mieszka w Gliwicach. Pani Tekla Juniewicz ko\u0144czy 114 lat - 24GLIWICE - Portal Gliwice | codziennie nowe informacje","robots":{"index":"index","follow":"follow","max-snippet":"max-snippet:-1","max-image-preview":"max-image-preview:large","max-video-preview":"max-video-preview:-1"},"canonical":"https:\/\/www.24gliwice.pl\/wiadomosci\/najstarsza-polka-mieszka-w-gliwicach-pani-tekla-juniewicz-konczy-114-lat\/","og_locale":"pl_PL","og_type":"article","og_title":"Najstarsza Polka mieszka w Gliwicach. Pani Tekla Juniewicz ko\u0144czy 114 lat - 24GLIWICE - Portal Gliwice | codziennie nowe informacje","og_description":"Mia\u0142a 12 lat, gdy Polska odzyska\u0142a niepodleg\u0142o\u015b\u0107, prze\u017cy\u0142a dwie wojny \u015bwiatowe. Pami\u0119ta \u015bwiat, kt\u00f3ry ju\u017c nie istnieje. Mieszkaj\u0105ca w Gliwicach pani Tekla Juniewicz 10 czerwca sko\u0144czy 114 lat. Jest najstarsz\u0105 Polk\u0105, rekordzistk\u0105 d\u0142ugowieczno\u015bci w Europie P\u00f3\u0142nocno-Wschodniej i regionie Morza Ba\u0142tyckiego oraz trzeci\u0105 najstarsz\u0105 osob\u0105 w Europie, a \u00f3sm\u0105 na \u015bwiecie. Tekla Juniewicz urodzi\u0142a si\u0119 10 [&hellip;]","og_url":"https:\/\/www.24gliwice.pl\/wiadomosci\/najstarsza-polka-mieszka-w-gliwicach-pani-tekla-juniewicz-konczy-114-lat\/","og_site_name":"24GLIWICE - Portal Gliwice | codziennie nowe informacje","article_publisher":"https:\/\/www.facebook.com\/24gliwice","article_published_time":"2020-06-04T11:05:47+00:00","article_modified_time":"2020-06-04T14:43:31+00:00","og_image":[{"width":810,"height":456,"url":"https:\/\/www.24gliwice.pl\/wiadomosci\/wp-content\/uploads\/2020\/06\/tekla-juniewicz.jpg","type":"image\/jpeg"}],"author":"\u017baneta Mrozek-Siewierska","twitter_card":"summary_large_image","twitter_creator":"@24gliwice","twitter_site":"@24gliwice","twitter_misc":{"Napisane przez":"\u017baneta Mrozek-Siewierska","Szacowany czas czytania":"3 minuty"},"schema":{"@context":"https:\/\/schema.org","@graph":[{"@type":"Article","@id":"https:\/\/www.24gliwice.pl\/wiadomosci\/najstarsza-polka-mieszka-w-gliwicach-pani-tekla-juniewicz-konczy-114-lat\/#article","isPartOf":{"@id":"https:\/\/www.24gliwice.pl\/wiadomosci\/najstarsza-polka-mieszka-w-gliwicach-pani-tekla-juniewicz-konczy-114-lat\/"},"author":{"name":"\u017baneta Mrozek-Siewierska","@id":"https:\/\/www.24gliwice.pl\/wiadomosci\/#\/schema\/person\/e42c650edd7f2fa332be3811fb166b6e"},"headline":"Najstarsza Polka mieszka w Gliwicach. Pani Tekla Juniewicz ko\u0144czy 114 lat","datePublished":"2020-06-04T11:05:47+00:00","dateModified":"2020-06-04T14:43:31+00:00","mainEntityOfPage":{"@id":"https:\/\/www.24gliwice.pl\/wiadomosci\/najstarsza-polka-mieszka-w-gliwicach-pani-tekla-juniewicz-konczy-114-lat\/"},"wordCount":654,"commentCount":0,"publisher":{"@id":"https:\/\/www.24gliwice.pl\/wiadomosci\/#organization"},"image":{"@id":"https:\/\/www.24gliwice.pl\/wiadomosci\/najstarsza-polka-mieszka-w-gliwicach-pani-tekla-juniewicz-konczy-114-lat\/#primaryimage"},"thumbnailUrl":"https:\/\/www.24gliwice.pl\/wiadomosci\/wp-content\/uploads\/2020\/06\/tekla-juniewicz.jpg","keywords":["najstarsza polka","tekla juniewicz"],"articleSection":["Gliwice","Najnowsze wiadomo\u015bci"],"inLanguage":"pl-PL","potentialAction":[{"@type":"CommentAction","name":"Comment","target":["https:\/\/www.24gliwice.pl\/wiadomosci\/najstarsza-polka-mieszka-w-gliwicach-pani-tekla-juniewicz-konczy-114-lat\/#respond"]}]},{"@type":"WebPage","@id":"https:\/\/www.24gliwice.pl\/wiadomosci\/najstarsza-polka-mieszka-w-gliwicach-pani-tekla-juniewicz-konczy-114-lat\/","url":"https:\/\/www.24gliwice.pl\/wiadomosci\/najstarsza-polka-mieszka-w-gliwicach-pani-tekla-juniewicz-konczy-114-lat\/","name":"Najstarsza Polka mieszka w Gliwicach. Pani Tekla Juniewicz ko\u0144czy 114 lat - 24GLIWICE - Portal Gliwice | codziennie nowe informacje","isPartOf":{"@id":"https:\/\/www.24gliwice.pl\/wiadomosci\/#website"},"primaryImageOfPage":{"@id":"https:\/\/www.24gliwice.pl\/wiadomosci\/najstarsza-polka-mieszka-w-gliwicach-pani-tekla-juniewicz-konczy-114-lat\/#primaryimage"},"image":{"@id":"https:\/\/www.24gliwice.pl\/wiadomosci\/najstarsza-polka-mieszka-w-gliwicach-pani-tekla-juniewicz-konczy-114-lat\/#primaryimage"},"thumbnailUrl":"https:\/\/www.24gliwice.pl\/wiadomosci\/wp-content\/uploads\/2020\/06\/tekla-juniewicz.jpg","datePublished":"2020-06-04T11:05:47+00:00","dateModified":"2020-06-04T14:43:31+00:00","breadcrumb":{"@id":"https:\/\/www.24gliwice.pl\/wiadomosci\/najstarsza-polka-mieszka-w-gliwicach-pani-tekla-juniewicz-konczy-114-lat\/#breadcrumb"},"inLanguage":"pl-PL","potentialAction":[{"@type":"ReadAction","target":["https:\/\/www.24gliwice.pl\/wiadomosci\/najstarsza-polka-mieszka-w-gliwicach-pani-tekla-juniewicz-konczy-114-lat\/"]}]},{"@type":"ImageObject","inLanguage":"pl-PL","@id":"https:\/\/www.24gliwice.pl\/wiadomosci\/najstarsza-polka-mieszka-w-gliwicach-pani-tekla-juniewicz-konczy-114-lat\/#primaryimage","url":"https:\/\/www.24gliwice.pl\/wiadomosci\/wp-content\/uploads\/2020\/06\/tekla-juniewicz.jpg","contentUrl":"https:\/\/www.24gliwice.pl\/wiadomosci\/wp-content\/uploads\/2020\/06\/tekla-juniewicz.jpg","width":810,"height":456},{"@type":"BreadcrumbList","@id":"https:\/\/www.24gliwice.pl\/wiadomosci\/najstarsza-polka-mieszka-w-gliwicach-pani-tekla-juniewicz-konczy-114-lat\/#breadcrumb","itemListElement":[{"@type":"ListItem","position":1,"name":"Strona g\u0142\u00f3wna","item":"https:\/\/www.24gliwice.pl\/wiadomosci\/"},{"@type":"ListItem","position":2,"name":"Najstarsza Polka mieszka w Gliwicach. Pani Tekla Juniewicz ko\u0144czy 114 lat"}]},{"@type":"WebSite","@id":"https:\/\/www.24gliwice.pl\/wiadomosci\/#website","url":"https:\/\/www.24gliwice.pl\/wiadomosci\/","name":"24GLIWICE - Portal Gliwice | codziennie nowe wiadomo\u015bci","description":"Portal Miejski Gliwice","publisher":{"@id":"https:\/\/www.24gliwice.pl\/wiadomosci\/#organization"},"potentialAction":[{"@type":"SearchAction","target":{"@type":"EntryPoint","urlTemplate":"https:\/\/www.24gliwice.pl\/wiadomosci\/?s={search_term_string}"},"query-input":{"@type":"PropertyValueSpecification","valueRequired":true,"valueName":"search_term_string"}}],"inLanguage":"pl-PL"},{"@type":"Organization","@id":"https:\/\/www.24gliwice.pl\/wiadomosci\/#organization","name":"24gliwice","url":"https:\/\/www.24gliwice.pl\/wiadomosci\/","logo":{"@type":"ImageObject","inLanguage":"pl-PL","@id":"https:\/\/www.24gliwice.pl\/wiadomosci\/#\/schema\/logo\/image\/","url":"https:\/\/www.24gliwice.pl\/wiadomosci\/wp-content\/uploads\/2024\/10\/24gliwice-logo-696.jpg","contentUrl":"https:\/\/www.24gliwice.pl\/wiadomosci\/wp-content\/uploads\/2024\/10\/24gliwice-logo-696.jpg","width":696,"height":696,"caption":"24gliwice"},"image":{"@id":"https:\/\/www.24gliwice.pl\/wiadomosci\/#\/schema\/logo\/image\/"},"sameAs":["https:\/\/www.facebook.com\/24gliwice","https:\/\/x.com\/24gliwice","https:\/\/www.youtube.com\/@24gliwice"]},{"@type":"Person","@id":"https:\/\/www.24gliwice.pl\/wiadomosci\/#\/schema\/person\/e42c650edd7f2fa332be3811fb166b6e","name":"\u017baneta Mrozek-Siewierska","image":{"@type":"ImageObject","inLanguage":"pl-PL","@id":"https:\/\/secure.gravatar.com\/avatar\/1881429e9c64597c77ad7aef2d0a19be69a3253e57534d16aa15bf3a4d34a0a3?s=96&d=mm&r=g","url":"https:\/\/secure.gravatar.com\/avatar\/1881429e9c64597c77ad7aef2d0a19be69a3253e57534d16aa15bf3a4d34a0a3?s=96&d=mm&r=g","contentUrl":"https:\/\/secure.gravatar.com\/avatar\/1881429e9c64597c77ad7aef2d0a19be69a3253e57534d16aa15bf3a4d34a0a3?s=96&d=mm&r=g","caption":"\u017baneta Mrozek-Siewierska"},"url":"https:\/\/www.24gliwice.pl\/wiadomosci\/author\/zms\/"}]}},"_links":{"self":[{"href":"https:\/\/www.24gliwice.pl\/wiadomosci\/wp-json\/wp\/v2\/posts\/152922","targetHints":{"allow":["GET"]}}],"collection":[{"href":"https:\/\/www.24gliwice.pl\/wiadomosci\/wp-json\/wp\/v2\/posts"}],"about":[{"href":"https:\/\/www.24gliwice.pl\/wiadomosci\/wp-json\/wp\/v2\/types\/post"}],"author":[{"embeddable":true,"href":"https:\/\/www.24gliwice.pl\/wiadomosci\/wp-json\/wp\/v2\/users\/15"}],"replies":[{"embeddable":true,"href":"https:\/\/www.24gliwice.pl\/wiadomosci\/wp-json\/wp\/v2\/comments?post=152922"}],"version-history":[{"count":0,"href":"https:\/\/www.24gliwice.pl\/wiadomosci\/wp-json\/wp\/v2\/posts\/152922\/revisions"}],"wp:featuredmedia":[{"embeddable":true,"href":"https:\/\/www.24gliwice.pl\/wiadomosci\/wp-json\/wp\/v2\/media\/152924"}],"wp:attachment":[{"href":"https:\/\/www.24gliwice.pl\/wiadomosci\/wp-json\/wp\/v2\/media?parent=152922"}],"wp:term":[{"taxonomy":"category","embeddable":true,"href":"https:\/\/www.24gliwice.pl\/wiadomosci\/wp-json\/wp\/v2\/categories?post=152922"},{"taxonomy":"post_tag","embeddable":true,"href":"https:\/\/www.24gliwice.pl\/wiadomosci\/wp-json\/wp\/v2\/tags?post=152922"}],"curies":[{"name":"wp","href":"https:\/\/api.w.org\/{rel}","templated":true}]}}