{"id":156876,"date":"2020-09-13T02:54:35","date_gmt":"2020-09-13T00:54:35","guid":{"rendered":"https:\/\/www.24gliwice.pl\/wiadomosci\/?p=156876"},"modified":"2020-09-13T02:54:35","modified_gmt":"2020-09-13T00:54:35","slug":"kryte-plywalnie-wznawiaja-dzialalnosc-jedna-z-nich-zyskala-podest-dla-niepelnosprawnych","status":"publish","type":"post","link":"https:\/\/www.24gliwice.pl\/wiadomosci\/kryte-plywalnie-wznawiaja-dzialalnosc-jedna-z-nich-zyskala-podest-dla-niepelnosprawnych\/","title":{"rendered":"Kryte p\u0142ywalnie wznawiaj\u0105 dzia\u0142alno\u015b\u0107. Jedna z nich zyska\u0142a podest dla niepe\u0142nosprawnych"},"content":{"rendered":"<div class=\"gliwi-a6-nad-leadem-artykulow gliwi-entity-placement\" id=\"gliwi-1126810589\"><div class=\"gliwi-adlabel\"><span style=\"font-size: 9px\">REKLAMA<\/span><\/div><div id=\"gliwi-2969850816\" style=\"margin-bottom: 30px;margin-left: auto;margin-right: auto;text-align: center;\"><a data-no-instant=\"1\" href=\"https:\/\/przedszkole.halogen.org.pl\/\" rel=\"noopener\" class=\"a2t-link\" target=\"_blank\" aria-label=\"20260402-ANIMATOR-przedszkole_grafika_750x200\"><img loading=\"lazy\" decoding=\"async\" src=\"https:\/\/www.24gliwice.pl\/wiadomosci\/wp-content\/uploads\/2026\/04\/20260402-ANIMATOR-przedszkole_grafika_750x200.webp\" alt=\"\"  srcset=\"https:\/\/www.24gliwice.pl\/wiadomosci\/wp-content\/uploads\/2026\/04\/20260402-ANIMATOR-przedszkole_grafika_750x200.webp 750w, https:\/\/www.24gliwice.pl\/wiadomosci\/wp-content\/uploads\/2026\/04\/20260402-ANIMATOR-przedszkole_grafika_750x200-410x109.webp 410w\" sizes=\"(max-width: 750px) 100vw, 750px\" class=\"no-lazyload\" width=\"750\" height=\"200\"  style=\"display: inline-block; max-width: 100%; height: auto;\" \/><\/a><\/div><\/div><h2>Na krytej p\u0142ywalni \u201eMewa\u201d na Sikorniku zamontowano mobilny podno\u015bnik dla os\u00f3b niepe\u0142nosprawnych. Dzi\u0119ki temu, k\u0105pieli mog\u0105 za\u017cywa\u0107 r\u00f3wnie\u017c osoby poruszaj\u0105ce si\u0119 na w\u00f3zkach inwalidzkich. Po przerwie p\u0142ywalnia wznowi dzia\u0142alno\u015b\u0107 14 wrze\u015bnia. Podobnie \u201eDelfin\u201d przy ul. Warszawskiej.<\/h2>\n<p>\u2013 <em>Z urz\u0105dzenia mog\u0105 korzysta\u0107 osoby niepe\u0142nosprawne poruszaj\u0105ce si\u0119 na w\u00f3zku inwalidzkim oraz osoby o ograniczonej zdolno\u015bci motorycznej. Urz\u0105dzenie pozwala w \u0142atwy i komfortowy spos\u00f3b przetransportowa\u0107 u\u017cytkownika do basenu, pod prysznic czy do szatni basenowej<\/em> \u2013 wyja\u015bnia <strong>Iwona Janik<\/strong>, rzecznik prasowy Miejskiego Zarz\u0105du Us\u0142ug Komunalnych.<\/p>\n<h4>Mobilny podno\u015bnik dla os\u00f3b niepe\u0142nosprawnych na p\u0142ywalni \u201eMewa\u201d zosta\u0142 kupiony przez Miejski Zarz\u0105d Us\u0142ug Komunalnych w ramach Gliwickiego Bud\u017cetu Obywatelskiego BO 2020. Kosztowa\u0142 29 tys. z\u0142otych.<\/h4>\n<p>Po przerwie basen b\u0119dzie czynny od 14 wrze\u015bnia, podobnie jak zamkni\u0119ta dotychczas p\u0142ywalnia \u201eDelfin\u201d przy ul. Warszawskiej. W przypadku \u201eMewy\u201d, jednocze\u015bnie w basenie b\u0119d\u0105 mog\u0142y przebywa\u0107 52 osoby, na \u201eDelfinie\u201d \u2013 60. Zasady dotycz\u0105ce funkcjonowania basen\u00f3w obowi\u0105zuj\u0105ce w zwi\u0105zku z sytuacj\u0105 epidemiczn\u0105 mo\u017cna znale\u017a\u0107 na stronie MZUK.<\/p><div class=\"gliwi-a3-w-tresci-artykulow gliwi-entity-placement\" id=\"gliwi-2127026089\"><div class=\"gliwi-adlabel\"><span style=\"font-size: 9px\">REKLAMA<\/span><\/div><div id=\"gliwi-4279348861\" style=\"margin-bottom: 30px;margin-left: auto;margin-right: auto;text-align: center;\"><a data-no-instant=\"1\" href=\"https:\/\/zlobek.halogen.org.pl\/\" rel=\"noopener\" class=\"a2t-link\" target=\"_blank\" aria-label=\"animator-zlobek_750x200\"><img loading=\"lazy\" decoding=\"async\" src=\"https:\/\/www.24gliwice.pl\/wiadomosci\/wp-content\/uploads\/2026\/02\/animator-zlobek_750x200.webp\" alt=\"\"  srcset=\"https:\/\/www.24gliwice.pl\/wiadomosci\/wp-content\/uploads\/2026\/02\/animator-zlobek_750x200.webp 750w, https:\/\/www.24gliwice.pl\/wiadomosci\/wp-content\/uploads\/2026\/02\/animator-zlobek_750x200-410x109.webp 410w\" sizes=\"(max-width: 750px) 100vw, 750px\" class=\"no-lazyload\" width=\"750\" height=\"200\"  style=\"display: inline-block; max-width: 100%; height: auto;\" \/><\/a><\/div><\/div>\n<p>(\u017cms)\/UM Gliwice(mf)<br \/>\nfot. arch. 24gliwice.pl, materia\u0142y MZUK Gliwice<\/p>\n<p><a href=\"https:\/\/www.24gliwice.pl\/wiadomosci\/wp-content\/uploads\/2020\/09\/podest-kapielowy-dla-niepelnosprawnych-fot-mzuk.jpg\"><img loading=\"lazy\" decoding=\"async\" class=\"alignnone  wp-image-156885\" src=\"https:\/\/www.24gliwice.pl\/wiadomosci\/wp-content\/uploads\/2020\/09\/podest-kapielowy-dla-niepelnosprawnych-fot-mzuk.jpg\" alt=\"\" width=\"1609\" height=\"2144\" srcset=\"https:\/\/www.24gliwice.pl\/wiadomosci\/wp-content\/uploads\/2020\/09\/podest-kapielowy-dla-niepelnosprawnych-fot-mzuk.jpg 608w, https:\/\/www.24gliwice.pl\/wiadomosci\/wp-content\/uploads\/2020\/09\/podest-kapielowy-dla-niepelnosprawnych-fot-mzuk-174x232.jpg 174w, https:\/\/www.24gliwice.pl\/wiadomosci\/wp-content\/uploads\/2020\/09\/podest-kapielowy-dla-niepelnosprawnych-fot-mzuk-342x455.jpg 342w\" sizes=\"auto, (max-width: 1609px) 100vw, 1609px\" \/><\/a><\/p>\n<div class=\"gliwi-a5-na-koncu-artykulow gliwi-entity-placement\" id=\"gliwi-3582633267\"><div class=\"gliwi-adlabel\"><span style=\"font-size: 9px\">REKLAMA<\/span><\/div><div id=\"gliwi-938672049\" style=\"margin-left: auto;margin-right: auto;text-align: center;\"><a data-no-instant=\"1\" href=\"https:\/\/prezeroarenagliwice.pl\/\" rel=\"noopener\" class=\"a2t-link\" target=\"_blank\" aria-label=\"20260309-PREZERO-WIOSNA-D\"><img loading=\"lazy\" decoding=\"async\" src=\"https:\/\/www.24gliwice.pl\/wiadomosci\/wp-content\/uploads\/2026\/03\/20260309-PREZERO-WIOSNA-D.webp\" alt=\"\"  srcset=\"https:\/\/www.24gliwice.pl\/wiadomosci\/wp-content\/uploads\/2026\/03\/20260309-PREZERO-WIOSNA-D.webp 750w, https:\/\/www.24gliwice.pl\/wiadomosci\/wp-content\/uploads\/2026\/03\/20260309-PREZERO-WIOSNA-D-410x109.webp 410w\" sizes=\"(max-width: 750px) 100vw, 750px\" class=\"no-lazyload\" width=\"750\" height=\"200\"  style=\"display: inline-block; max-width: 100%; height: auto;\" \/><\/a><\/div><\/div>","protected":false},"excerpt":{"rendered":"<p>Na krytej p\u0142ywalni \u201eMewa\u201d na Sikorniku zamontowano mobilny podno\u015bnik dla os\u00f3b niepe\u0142nosprawnych. Dzi\u0119ki temu, k\u0105pieli mog\u0105 za\u017cywa\u0107 r\u00f3wnie\u017c osoby poruszaj\u0105ce si\u0119 na w\u00f3zkach inwalidzkich. Po przerwie p\u0142ywalnia wznowi dzia\u0142alno\u015b\u0107 14 wrze\u015bnia. Podobnie \u201eDelfin\u201d przy ul. Warszawskiej. \u2013 Z urz\u0105dzenia mog\u0105 korzysta\u0107 osoby niepe\u0142nosprawne poruszaj\u0105ce si\u0119 na w\u00f3zku inwalidzkim oraz osoby o ograniczonej zdolno\u015bci motorycznej. Urz\u0105dzenie [&hellip;]<\/p>\n","protected":false},"author":15,"featured_media":100923,"comment_status":"open","ping_status":"closed","sticky":false,"template":"","format":"standard","meta":{"_monsterinsights_skip_tracking":false,"_monsterinsights_sitenote_active":false,"_monsterinsights_sitenote_note":"","_monsterinsights_sitenote_category":0,"footnotes":"","_links_to":"","_links_to_target":""},"categories":[3,6,1],"tags":[9961,9661,9659],"class_list":["post-156876","post","type-post","status-publish","format-standard","has-post-thumbnail","hentry","category-gliwice","category-kultura","category-wszystko","tag-delfin","tag-kryta-plywalnia","tag-mewa"],"yoast_head":"<!-- This site is optimized with the Yoast SEO plugin v27.5 - https:\/\/yoast.com\/product\/yoast-seo-wordpress\/ -->\n<title>Kryte p\u0142ywalnie wznawiaj\u0105 dzia\u0142alno\u015b\u0107. Jedna z nich zyska\u0142a podest dla niepe\u0142nosprawnych - 24GLIWICE - Portal Gliwice | codziennie nowe informacje<\/title>\n<meta name=\"robots\" content=\"index, follow, max-snippet:-1, max-image-preview:large, max-video-preview:-1\" \/>\n<link rel=\"canonical\" href=\"https:\/\/www.24gliwice.pl\/wiadomosci\/kryte-plywalnie-wznawiaja-dzialalnosc-jedna-z-nich-zyskala-podest-dla-niepelnosprawnych\/\" \/>\n<meta property=\"og:locale\" content=\"pl_PL\" \/>\n<meta property=\"og:type\" content=\"article\" \/>\n<meta property=\"og:title\" content=\"Kryte p\u0142ywalnie wznawiaj\u0105 dzia\u0142alno\u015b\u0107. Jedna z nich zyska\u0142a podest dla niepe\u0142nosprawnych - 24GLIWICE - Portal Gliwice | codziennie nowe informacje\" \/>\n<meta property=\"og:description\" content=\"Na krytej p\u0142ywalni \u201eMewa\u201d na Sikorniku zamontowano mobilny podno\u015bnik dla os\u00f3b niepe\u0142nosprawnych. Dzi\u0119ki temu, k\u0105pieli mog\u0105 za\u017cywa\u0107 r\u00f3wnie\u017c osoby poruszaj\u0105ce si\u0119 na w\u00f3zkach inwalidzkich. Po przerwie p\u0142ywalnia wznowi dzia\u0142alno\u015b\u0107 14 wrze\u015bnia. Podobnie \u201eDelfin\u201d przy ul. Warszawskiej. \u2013 Z urz\u0105dzenia mog\u0105 korzysta\u0107 osoby niepe\u0142nosprawne poruszaj\u0105ce si\u0119 na w\u00f3zku inwalidzkim oraz osoby o ograniczonej zdolno\u015bci motorycznej. Urz\u0105dzenie [&hellip;]\" \/>\n<meta property=\"og:url\" content=\"https:\/\/www.24gliwice.pl\/wiadomosci\/kryte-plywalnie-wznawiaja-dzialalnosc-jedna-z-nich-zyskala-podest-dla-niepelnosprawnych\/\" \/>\n<meta property=\"og:site_name\" content=\"24GLIWICE - Portal Gliwice | codziennie nowe informacje\" \/>\n<meta property=\"article:publisher\" content=\"https:\/\/www.facebook.com\/24gliwice\" \/>\n<meta property=\"article:published_time\" content=\"2020-09-13T00:54:35+00:00\" \/>\n<meta property=\"og:image\" content=\"https:\/\/www.24gliwice.pl\/wiadomosci\/wp-content\/uploads\/2017\/06\/Mewa-e1498652878596.jpg\" \/>\n\t<meta property=\"og:image:width\" content=\"810\" \/>\n\t<meta property=\"og:image:height\" content=\"456\" \/>\n\t<meta property=\"og:image:type\" content=\"image\/jpeg\" \/>\n<meta name=\"author\" content=\"\u017baneta Mrozek-Siewierska\" \/>\n<meta name=\"twitter:card\" content=\"summary_large_image\" \/>\n<meta name=\"twitter:creator\" content=\"@24gliwice\" \/>\n<meta name=\"twitter:site\" content=\"@24gliwice\" \/>\n<meta name=\"twitter:label1\" content=\"Napisane przez\" \/>\n\t<meta name=\"twitter:data1\" content=\"\u017baneta Mrozek-Siewierska\" \/>\n\t<meta name=\"twitter:label2\" content=\"Szacowany czas czytania\" \/>\n\t<meta name=\"twitter:data2\" content=\"1 minuta\" \/>\n<script type=\"application\/ld+json\" class=\"yoast-schema-graph\">{\"@context\":\"https:\\\/\\\/schema.org\",\"@graph\":[{\"@type\":\"Article\",\"@id\":\"https:\\\/\\\/www.24gliwice.pl\\\/wiadomosci\\\/kryte-plywalnie-wznawiaja-dzialalnosc-jedna-z-nich-zyskala-podest-dla-niepelnosprawnych\\\/#article\",\"isPartOf\":{\"@id\":\"https:\\\/\\\/www.24gliwice.pl\\\/wiadomosci\\\/kryte-plywalnie-wznawiaja-dzialalnosc-jedna-z-nich-zyskala-podest-dla-niepelnosprawnych\\\/\"},\"author\":{\"name\":\"\u017baneta Mrozek-Siewierska\",\"@id\":\"https:\\\/\\\/www.24gliwice.pl\\\/wiadomosci\\\/#\\\/schema\\\/person\\\/e42c650edd7f2fa332be3811fb166b6e\"},\"headline\":\"Kryte p\u0142ywalnie wznawiaj\u0105 dzia\u0142alno\u015b\u0107. Jedna z nich zyska\u0142a podest dla niepe\u0142nosprawnych\",\"datePublished\":\"2020-09-13T00:54:35+00:00\",\"mainEntityOfPage\":{\"@id\":\"https:\\\/\\\/www.24gliwice.pl\\\/wiadomosci\\\/kryte-plywalnie-wznawiaja-dzialalnosc-jedna-z-nich-zyskala-podest-dla-niepelnosprawnych\\\/\"},\"wordCount\":217,\"commentCount\":0,\"publisher\":{\"@id\":\"https:\\\/\\\/www.24gliwice.pl\\\/wiadomosci\\\/#organization\"},\"image\":{\"@id\":\"https:\\\/\\\/www.24gliwice.pl\\\/wiadomosci\\\/kryte-plywalnie-wznawiaja-dzialalnosc-jedna-z-nich-zyskala-podest-dla-niepelnosprawnych\\\/#primaryimage\"},\"thumbnailUrl\":\"https:\\\/\\\/www.24gliwice.pl\\\/wiadomosci\\\/wp-content\\\/uploads\\\/2017\\\/06\\\/Mewa-e1498652878596.jpg\",\"keywords\":[\"delfin\",\"kryta p\u0142ywalnia\",\"mewa\"],\"articleSection\":[\"Gliwice\",\"Kultura, wydarzenia, imprezy\",\"Najnowsze wiadomo\u015bci\"],\"inLanguage\":\"pl-PL\",\"potentialAction\":[{\"@type\":\"CommentAction\",\"name\":\"Comment\",\"target\":[\"https:\\\/\\\/www.24gliwice.pl\\\/wiadomosci\\\/kryte-plywalnie-wznawiaja-dzialalnosc-jedna-z-nich-zyskala-podest-dla-niepelnosprawnych\\\/#respond\"]}]},{\"@type\":\"WebPage\",\"@id\":\"https:\\\/\\\/www.24gliwice.pl\\\/wiadomosci\\\/kryte-plywalnie-wznawiaja-dzialalnosc-jedna-z-nich-zyskala-podest-dla-niepelnosprawnych\\\/\",\"url\":\"https:\\\/\\\/www.24gliwice.pl\\\/wiadomosci\\\/kryte-plywalnie-wznawiaja-dzialalnosc-jedna-z-nich-zyskala-podest-dla-niepelnosprawnych\\\/\",\"name\":\"Kryte p\u0142ywalnie wznawiaj\u0105 dzia\u0142alno\u015b\u0107. Jedna z nich zyska\u0142a podest dla niepe\u0142nosprawnych - 24GLIWICE - Portal Gliwice | codziennie nowe informacje\",\"isPartOf\":{\"@id\":\"https:\\\/\\\/www.24gliwice.pl\\\/wiadomosci\\\/#website\"},\"primaryImageOfPage\":{\"@id\":\"https:\\\/\\\/www.24gliwice.pl\\\/wiadomosci\\\/kryte-plywalnie-wznawiaja-dzialalnosc-jedna-z-nich-zyskala-podest-dla-niepelnosprawnych\\\/#primaryimage\"},\"image\":{\"@id\":\"https:\\\/\\\/www.24gliwice.pl\\\/wiadomosci\\\/kryte-plywalnie-wznawiaja-dzialalnosc-jedna-z-nich-zyskala-podest-dla-niepelnosprawnych\\\/#primaryimage\"},\"thumbnailUrl\":\"https:\\\/\\\/www.24gliwice.pl\\\/wiadomosci\\\/wp-content\\\/uploads\\\/2017\\\/06\\\/Mewa-e1498652878596.jpg\",\"datePublished\":\"2020-09-13T00:54:35+00:00\",\"breadcrumb\":{\"@id\":\"https:\\\/\\\/www.24gliwice.pl\\\/wiadomosci\\\/kryte-plywalnie-wznawiaja-dzialalnosc-jedna-z-nich-zyskala-podest-dla-niepelnosprawnych\\\/#breadcrumb\"},\"inLanguage\":\"pl-PL\",\"potentialAction\":[{\"@type\":\"ReadAction\",\"target\":[\"https:\\\/\\\/www.24gliwice.pl\\\/wiadomosci\\\/kryte-plywalnie-wznawiaja-dzialalnosc-jedna-z-nich-zyskala-podest-dla-niepelnosprawnych\\\/\"]}]},{\"@type\":\"ImageObject\",\"inLanguage\":\"pl-PL\",\"@id\":\"https:\\\/\\\/www.24gliwice.pl\\\/wiadomosci\\\/kryte-plywalnie-wznawiaja-dzialalnosc-jedna-z-nich-zyskala-podest-dla-niepelnosprawnych\\\/#primaryimage\",\"url\":\"https:\\\/\\\/www.24gliwice.pl\\\/wiadomosci\\\/wp-content\\\/uploads\\\/2017\\\/06\\\/Mewa-e1498652878596.jpg\",\"contentUrl\":\"https:\\\/\\\/www.24gliwice.pl\\\/wiadomosci\\\/wp-content\\\/uploads\\\/2017\\\/06\\\/Mewa-e1498652878596.jpg\",\"width\":810,\"height\":456},{\"@type\":\"BreadcrumbList\",\"@id\":\"https:\\\/\\\/www.24gliwice.pl\\\/wiadomosci\\\/kryte-plywalnie-wznawiaja-dzialalnosc-jedna-z-nich-zyskala-podest-dla-niepelnosprawnych\\\/#breadcrumb\",\"itemListElement\":[{\"@type\":\"ListItem\",\"position\":1,\"name\":\"Strona g\u0142\u00f3wna\",\"item\":\"https:\\\/\\\/www.24gliwice.pl\\\/wiadomosci\\\/\"},{\"@type\":\"ListItem\",\"position\":2,\"name\":\"Kryte p\u0142ywalnie wznawiaj\u0105 dzia\u0142alno\u015b\u0107. Jedna z nich zyska\u0142a podest dla niepe\u0142nosprawnych\"}]},{\"@type\":\"WebSite\",\"@id\":\"https:\\\/\\\/www.24gliwice.pl\\\/wiadomosci\\\/#website\",\"url\":\"https:\\\/\\\/www.24gliwice.pl\\\/wiadomosci\\\/\",\"name\":\"24GLIWICE - Portal Gliwice | codziennie nowe wiadomo\u015bci\",\"description\":\"Portal Miejski Gliwice\",\"publisher\":{\"@id\":\"https:\\\/\\\/www.24gliwice.pl\\\/wiadomosci\\\/#organization\"},\"potentialAction\":[{\"@type\":\"SearchAction\",\"target\":{\"@type\":\"EntryPoint\",\"urlTemplate\":\"https:\\\/\\\/www.24gliwice.pl\\\/wiadomosci\\\/?s={search_term_string}\"},\"query-input\":{\"@type\":\"PropertyValueSpecification\",\"valueRequired\":true,\"valueName\":\"search_term_string\"}}],\"inLanguage\":\"pl-PL\"},{\"@type\":\"Organization\",\"@id\":\"https:\\\/\\\/www.24gliwice.pl\\\/wiadomosci\\\/#organization\",\"name\":\"24gliwice\",\"url\":\"https:\\\/\\\/www.24gliwice.pl\\\/wiadomosci\\\/\",\"logo\":{\"@type\":\"ImageObject\",\"inLanguage\":\"pl-PL\",\"@id\":\"https:\\\/\\\/www.24gliwice.pl\\\/wiadomosci\\\/#\\\/schema\\\/logo\\\/image\\\/\",\"url\":\"https:\\\/\\\/www.24gliwice.pl\\\/wiadomosci\\\/wp-content\\\/uploads\\\/2024\\\/10\\\/24gliwice-logo-696.jpg\",\"contentUrl\":\"https:\\\/\\\/www.24gliwice.pl\\\/wiadomosci\\\/wp-content\\\/uploads\\\/2024\\\/10\\\/24gliwice-logo-696.jpg\",\"width\":696,\"height\":696,\"caption\":\"24gliwice\"},\"image\":{\"@id\":\"https:\\\/\\\/www.24gliwice.pl\\\/wiadomosci\\\/#\\\/schema\\\/logo\\\/image\\\/\"},\"sameAs\":[\"https:\\\/\\\/www.facebook.com\\\/24gliwice\",\"https:\\\/\\\/x.com\\\/24gliwice\",\"https:\\\/\\\/www.youtube.com\\\/@24gliwice\"]},{\"@type\":\"Person\",\"@id\":\"https:\\\/\\\/www.24gliwice.pl\\\/wiadomosci\\\/#\\\/schema\\\/person\\\/e42c650edd7f2fa332be3811fb166b6e\",\"name\":\"\u017baneta Mrozek-Siewierska\",\"image\":{\"@type\":\"ImageObject\",\"inLanguage\":\"pl-PL\",\"@id\":\"https:\\\/\\\/secure.gravatar.com\\\/avatar\\\/1881429e9c64597c77ad7aef2d0a19be69a3253e57534d16aa15bf3a4d34a0a3?s=96&d=mm&r=g\",\"url\":\"https:\\\/\\\/secure.gravatar.com\\\/avatar\\\/1881429e9c64597c77ad7aef2d0a19be69a3253e57534d16aa15bf3a4d34a0a3?s=96&d=mm&r=g\",\"contentUrl\":\"https:\\\/\\\/secure.gravatar.com\\\/avatar\\\/1881429e9c64597c77ad7aef2d0a19be69a3253e57534d16aa15bf3a4d34a0a3?s=96&d=mm&r=g\",\"caption\":\"\u017baneta Mrozek-Siewierska\"},\"url\":\"https:\\\/\\\/www.24gliwice.pl\\\/wiadomosci\\\/author\\\/zms\\\/\"}]}<\/script>\n<!-- \/ Yoast SEO plugin. -->","yoast_head_json":{"title":"Kryte p\u0142ywalnie wznawiaj\u0105 dzia\u0142alno\u015b\u0107. Jedna z nich zyska\u0142a podest dla niepe\u0142nosprawnych - 24GLIWICE - Portal Gliwice | codziennie nowe informacje","robots":{"index":"index","follow":"follow","max-snippet":"max-snippet:-1","max-image-preview":"max-image-preview:large","max-video-preview":"max-video-preview:-1"},"canonical":"https:\/\/www.24gliwice.pl\/wiadomosci\/kryte-plywalnie-wznawiaja-dzialalnosc-jedna-z-nich-zyskala-podest-dla-niepelnosprawnych\/","og_locale":"pl_PL","og_type":"article","og_title":"Kryte p\u0142ywalnie wznawiaj\u0105 dzia\u0142alno\u015b\u0107. Jedna z nich zyska\u0142a podest dla niepe\u0142nosprawnych - 24GLIWICE - Portal Gliwice | codziennie nowe informacje","og_description":"Na krytej p\u0142ywalni \u201eMewa\u201d na Sikorniku zamontowano mobilny podno\u015bnik dla os\u00f3b niepe\u0142nosprawnych. Dzi\u0119ki temu, k\u0105pieli mog\u0105 za\u017cywa\u0107 r\u00f3wnie\u017c osoby poruszaj\u0105ce si\u0119 na w\u00f3zkach inwalidzkich. Po przerwie p\u0142ywalnia wznowi dzia\u0142alno\u015b\u0107 14 wrze\u015bnia. Podobnie \u201eDelfin\u201d przy ul. Warszawskiej. \u2013 Z urz\u0105dzenia mog\u0105 korzysta\u0107 osoby niepe\u0142nosprawne poruszaj\u0105ce si\u0119 na w\u00f3zku inwalidzkim oraz osoby o ograniczonej zdolno\u015bci motorycznej. Urz\u0105dzenie [&hellip;]","og_url":"https:\/\/www.24gliwice.pl\/wiadomosci\/kryte-plywalnie-wznawiaja-dzialalnosc-jedna-z-nich-zyskala-podest-dla-niepelnosprawnych\/","og_site_name":"24GLIWICE - Portal Gliwice | codziennie nowe informacje","article_publisher":"https:\/\/www.facebook.com\/24gliwice","article_published_time":"2020-09-13T00:54:35+00:00","og_image":[{"width":810,"height":456,"url":"https:\/\/www.24gliwice.pl\/wiadomosci\/wp-content\/uploads\/2017\/06\/Mewa-e1498652878596.jpg","type":"image\/jpeg"}],"author":"\u017baneta Mrozek-Siewierska","twitter_card":"summary_large_image","twitter_creator":"@24gliwice","twitter_site":"@24gliwice","twitter_misc":{"Napisane przez":"\u017baneta Mrozek-Siewierska","Szacowany czas czytania":"1 minuta"},"schema":{"@context":"https:\/\/schema.org","@graph":[{"@type":"Article","@id":"https:\/\/www.24gliwice.pl\/wiadomosci\/kryte-plywalnie-wznawiaja-dzialalnosc-jedna-z-nich-zyskala-podest-dla-niepelnosprawnych\/#article","isPartOf":{"@id":"https:\/\/www.24gliwice.pl\/wiadomosci\/kryte-plywalnie-wznawiaja-dzialalnosc-jedna-z-nich-zyskala-podest-dla-niepelnosprawnych\/"},"author":{"name":"\u017baneta Mrozek-Siewierska","@id":"https:\/\/www.24gliwice.pl\/wiadomosci\/#\/schema\/person\/e42c650edd7f2fa332be3811fb166b6e"},"headline":"Kryte p\u0142ywalnie wznawiaj\u0105 dzia\u0142alno\u015b\u0107. Jedna z nich zyska\u0142a podest dla niepe\u0142nosprawnych","datePublished":"2020-09-13T00:54:35+00:00","mainEntityOfPage":{"@id":"https:\/\/www.24gliwice.pl\/wiadomosci\/kryte-plywalnie-wznawiaja-dzialalnosc-jedna-z-nich-zyskala-podest-dla-niepelnosprawnych\/"},"wordCount":217,"commentCount":0,"publisher":{"@id":"https:\/\/www.24gliwice.pl\/wiadomosci\/#organization"},"image":{"@id":"https:\/\/www.24gliwice.pl\/wiadomosci\/kryte-plywalnie-wznawiaja-dzialalnosc-jedna-z-nich-zyskala-podest-dla-niepelnosprawnych\/#primaryimage"},"thumbnailUrl":"https:\/\/www.24gliwice.pl\/wiadomosci\/wp-content\/uploads\/2017\/06\/Mewa-e1498652878596.jpg","keywords":["delfin","kryta p\u0142ywalnia","mewa"],"articleSection":["Gliwice","Kultura, wydarzenia, imprezy","Najnowsze wiadomo\u015bci"],"inLanguage":"pl-PL","potentialAction":[{"@type":"CommentAction","name":"Comment","target":["https:\/\/www.24gliwice.pl\/wiadomosci\/kryte-plywalnie-wznawiaja-dzialalnosc-jedna-z-nich-zyskala-podest-dla-niepelnosprawnych\/#respond"]}]},{"@type":"WebPage","@id":"https:\/\/www.24gliwice.pl\/wiadomosci\/kryte-plywalnie-wznawiaja-dzialalnosc-jedna-z-nich-zyskala-podest-dla-niepelnosprawnych\/","url":"https:\/\/www.24gliwice.pl\/wiadomosci\/kryte-plywalnie-wznawiaja-dzialalnosc-jedna-z-nich-zyskala-podest-dla-niepelnosprawnych\/","name":"Kryte p\u0142ywalnie wznawiaj\u0105 dzia\u0142alno\u015b\u0107. Jedna z nich zyska\u0142a podest dla niepe\u0142nosprawnych - 24GLIWICE - Portal Gliwice | codziennie nowe informacje","isPartOf":{"@id":"https:\/\/www.24gliwice.pl\/wiadomosci\/#website"},"primaryImageOfPage":{"@id":"https:\/\/www.24gliwice.pl\/wiadomosci\/kryte-plywalnie-wznawiaja-dzialalnosc-jedna-z-nich-zyskala-podest-dla-niepelnosprawnych\/#primaryimage"},"image":{"@id":"https:\/\/www.24gliwice.pl\/wiadomosci\/kryte-plywalnie-wznawiaja-dzialalnosc-jedna-z-nich-zyskala-podest-dla-niepelnosprawnych\/#primaryimage"},"thumbnailUrl":"https:\/\/www.24gliwice.pl\/wiadomosci\/wp-content\/uploads\/2017\/06\/Mewa-e1498652878596.jpg","datePublished":"2020-09-13T00:54:35+00:00","breadcrumb":{"@id":"https:\/\/www.24gliwice.pl\/wiadomosci\/kryte-plywalnie-wznawiaja-dzialalnosc-jedna-z-nich-zyskala-podest-dla-niepelnosprawnych\/#breadcrumb"},"inLanguage":"pl-PL","potentialAction":[{"@type":"ReadAction","target":["https:\/\/www.24gliwice.pl\/wiadomosci\/kryte-plywalnie-wznawiaja-dzialalnosc-jedna-z-nich-zyskala-podest-dla-niepelnosprawnych\/"]}]},{"@type":"ImageObject","inLanguage":"pl-PL","@id":"https:\/\/www.24gliwice.pl\/wiadomosci\/kryte-plywalnie-wznawiaja-dzialalnosc-jedna-z-nich-zyskala-podest-dla-niepelnosprawnych\/#primaryimage","url":"https:\/\/www.24gliwice.pl\/wiadomosci\/wp-content\/uploads\/2017\/06\/Mewa-e1498652878596.jpg","contentUrl":"https:\/\/www.24gliwice.pl\/wiadomosci\/wp-content\/uploads\/2017\/06\/Mewa-e1498652878596.jpg","width":810,"height":456},{"@type":"BreadcrumbList","@id":"https:\/\/www.24gliwice.pl\/wiadomosci\/kryte-plywalnie-wznawiaja-dzialalnosc-jedna-z-nich-zyskala-podest-dla-niepelnosprawnych\/#breadcrumb","itemListElement":[{"@type":"ListItem","position":1,"name":"Strona g\u0142\u00f3wna","item":"https:\/\/www.24gliwice.pl\/wiadomosci\/"},{"@type":"ListItem","position":2,"name":"Kryte p\u0142ywalnie wznawiaj\u0105 dzia\u0142alno\u015b\u0107. Jedna z nich zyska\u0142a podest dla niepe\u0142nosprawnych"}]},{"@type":"WebSite","@id":"https:\/\/www.24gliwice.pl\/wiadomosci\/#website","url":"https:\/\/www.24gliwice.pl\/wiadomosci\/","name":"24GLIWICE - Portal Gliwice | codziennie nowe wiadomo\u015bci","description":"Portal Miejski Gliwice","publisher":{"@id":"https:\/\/www.24gliwice.pl\/wiadomosci\/#organization"},"potentialAction":[{"@type":"SearchAction","target":{"@type":"EntryPoint","urlTemplate":"https:\/\/www.24gliwice.pl\/wiadomosci\/?s={search_term_string}"},"query-input":{"@type":"PropertyValueSpecification","valueRequired":true,"valueName":"search_term_string"}}],"inLanguage":"pl-PL"},{"@type":"Organization","@id":"https:\/\/www.24gliwice.pl\/wiadomosci\/#organization","name":"24gliwice","url":"https:\/\/www.24gliwice.pl\/wiadomosci\/","logo":{"@type":"ImageObject","inLanguage":"pl-PL","@id":"https:\/\/www.24gliwice.pl\/wiadomosci\/#\/schema\/logo\/image\/","url":"https:\/\/www.24gliwice.pl\/wiadomosci\/wp-content\/uploads\/2024\/10\/24gliwice-logo-696.jpg","contentUrl":"https:\/\/www.24gliwice.pl\/wiadomosci\/wp-content\/uploads\/2024\/10\/24gliwice-logo-696.jpg","width":696,"height":696,"caption":"24gliwice"},"image":{"@id":"https:\/\/www.24gliwice.pl\/wiadomosci\/#\/schema\/logo\/image\/"},"sameAs":["https:\/\/www.facebook.com\/24gliwice","https:\/\/x.com\/24gliwice","https:\/\/www.youtube.com\/@24gliwice"]},{"@type":"Person","@id":"https:\/\/www.24gliwice.pl\/wiadomosci\/#\/schema\/person\/e42c650edd7f2fa332be3811fb166b6e","name":"\u017baneta Mrozek-Siewierska","image":{"@type":"ImageObject","inLanguage":"pl-PL","@id":"https:\/\/secure.gravatar.com\/avatar\/1881429e9c64597c77ad7aef2d0a19be69a3253e57534d16aa15bf3a4d34a0a3?s=96&d=mm&r=g","url":"https:\/\/secure.gravatar.com\/avatar\/1881429e9c64597c77ad7aef2d0a19be69a3253e57534d16aa15bf3a4d34a0a3?s=96&d=mm&r=g","contentUrl":"https:\/\/secure.gravatar.com\/avatar\/1881429e9c64597c77ad7aef2d0a19be69a3253e57534d16aa15bf3a4d34a0a3?s=96&d=mm&r=g","caption":"\u017baneta Mrozek-Siewierska"},"url":"https:\/\/www.24gliwice.pl\/wiadomosci\/author\/zms\/"}]}},"_links":{"self":[{"href":"https:\/\/www.24gliwice.pl\/wiadomosci\/wp-json\/wp\/v2\/posts\/156876","targetHints":{"allow":["GET"]}}],"collection":[{"href":"https:\/\/www.24gliwice.pl\/wiadomosci\/wp-json\/wp\/v2\/posts"}],"about":[{"href":"https:\/\/www.24gliwice.pl\/wiadomosci\/wp-json\/wp\/v2\/types\/post"}],"author":[{"embeddable":true,"href":"https:\/\/www.24gliwice.pl\/wiadomosci\/wp-json\/wp\/v2\/users\/15"}],"replies":[{"embeddable":true,"href":"https:\/\/www.24gliwice.pl\/wiadomosci\/wp-json\/wp\/v2\/comments?post=156876"}],"version-history":[{"count":0,"href":"https:\/\/www.24gliwice.pl\/wiadomosci\/wp-json\/wp\/v2\/posts\/156876\/revisions"}],"wp:featuredmedia":[{"embeddable":true,"href":"https:\/\/www.24gliwice.pl\/wiadomosci\/wp-json\/wp\/v2\/media\/100923"}],"wp:attachment":[{"href":"https:\/\/www.24gliwice.pl\/wiadomosci\/wp-json\/wp\/v2\/media?parent=156876"}],"wp:term":[{"taxonomy":"category","embeddable":true,"href":"https:\/\/www.24gliwice.pl\/wiadomosci\/wp-json\/wp\/v2\/categories?post=156876"},{"taxonomy":"post_tag","embeddable":true,"href":"https:\/\/www.24gliwice.pl\/wiadomosci\/wp-json\/wp\/v2\/tags?post=156876"}],"curies":[{"name":"wp","href":"https:\/\/api.w.org\/{rel}","templated":true}]}}