{"id":157071,"date":"2020-09-10T11:59:45","date_gmt":"2020-09-10T09:59:45","guid":{"rendered":"https:\/\/www.24gliwice.pl\/wiadomosci\/?p=157071"},"modified":"2020-09-10T11:59:45","modified_gmt":"2020-09-10T09:59:45","slug":"premiera-spektaklu-pod-kolor-juz-w-najblizsza-niedziele-teatr-miejski-zaprasza-do-ogladania-na-zywo","status":"publish","type":"post","link":"https:\/\/www.24gliwice.pl\/wiadomosci\/premiera-spektaklu-pod-kolor-juz-w-najblizsza-niedziele-teatr-miejski-zaprasza-do-ogladania-na-zywo\/","title":{"rendered":"Premiera spektaklu &#8220;Pod kolor&#8221; ju\u017c w najbli\u017csz\u0105 niedziel\u0119. Teatr Miejski zaprasza do ogl\u0105dania &#8220;na \u017cywo&#8221;"},"content":{"rendered":"<div class=\"gliwi-a6-nad-leadem-artykulow gliwi-entity-placement\" id=\"gliwi-4083129315\"><div class=\"gliwi-adlabel\"><span style=\"font-size: 9px\">REKLAMA<\/span><\/div><div id=\"gliwi-457641723\" style=\"margin-bottom: 25px;margin-left: auto;margin-right: auto;text-align: center;\"><a data-no-instant=\"1\" href=\"https:\/\/dom100.eu\/\" rel=\"noopener\" class=\"a2t-link\" target=\"_blank\" aria-label=\"20260415 DOM100 D\"><img loading=\"lazy\" decoding=\"async\" src=\"https:\/\/www.24gliwice.pl\/wiadomosci\/wp-content\/uploads\/2026\/04\/20260415-DOM100-D.jpg\" alt=\"\"  srcset=\"https:\/\/www.24gliwice.pl\/wiadomosci\/wp-content\/uploads\/2026\/04\/20260415-DOM100-D.jpg 750w, https:\/\/www.24gliwice.pl\/wiadomosci\/wp-content\/uploads\/2026\/04\/20260415-DOM100-D-410x109.jpg 410w\" sizes=\"(max-width: 750px) 100vw, 750px\" class=\"no-lazyload\" width=\"750\" height=\"200\"  style=\"display: inline-block; max-width: 100%; height: auto;\" \/><\/a><\/div><\/div><h2>Spektakl dla dzieci w re\u017cyserii Daniela Arbaczewskiego mia\u0142 ju\u017c swoj\u0105 internetow\u0105 premier\u0119, teraz czas na to, by zobaczyli go pierwsi widzowie \u201ena \u017cywo\u201d. Premierowe wystawienie przedstawienia \u201ePod kolor\u201d w Teatrze Miejskim w Gliwicach zaplanowano na niedziel\u0119, 13 wrze\u015bnia.<\/h2>\n<p> \u2013 <em>Nasz\u0105 przestrze\u0144 tworzy abstrakcyjna konstrukcja z poduszek \u2013 wielkie kolorowe \u0142\u00f3\u017cko, kt\u00f3re s\u0142u\u017cy do skakania, wylegiwania si\u0119 na nim, odkrywania i rozbudzania wyobra\u017ani do nowych przyg\u00f3d. Odkrywamy kolor za kolorem. Poduszk\u0119 za poduszk\u0105. Niczym w wielkim, mi\u0119kkim laboratorium zabawy. A pod ka\u017cd\u0105 poduszk\u0105 jest sekret<\/em> \u2013 m\u00f3wi <strong>Daniel Arbaczewski<\/strong>.<\/p>\n<p>Scenografi\u0119 i kostiumy przygotowa\u0142 <strong>Dariusz Panas<\/strong>. W przedstawieniu wyst\u0105pi\u0105 <strong>Iga Bancewicz<\/strong>, <strong>Antonina Fedorowicz<\/strong> i <strong>Rafa\u0142 Domaga\u0142a<\/strong>. Przedstawienie ma dwuj\u0119zyczn\u0105 narracj\u0119: polsk\u0105 i angielsk\u0105. Ci widzowie, kt\u00f3rzy ju\u017c widzieli \u201ePod kolor\u201d w \u015bwiecie wirtualnym, bawili si\u0119 \u015bwietnie. W tym gronie, obok ma\u0142ych gliwiczan, by\u0142y tak\u017ce dzieci z tak odleg\u0142ych kraj\u00f3w, jak Bangladesz czy Uganda.<\/p><div class=\"gliwi-a3-w-tresci-artykulow gliwi-entity-placement\" id=\"gliwi-2696758894\"><div class=\"gliwi-adlabel\"><span style=\"font-size: 9px\">REKLAMA<\/span><\/div><div id=\"gliwi-101244324\" style=\"margin-bottom: 30px;margin-left: auto;margin-right: auto;text-align: center;\"><a data-no-instant=\"1\" href=\"https:\/\/ogrodyandersa.pl\/\" rel=\"noopener\" class=\"a2t-link\" target=\"_blank\" aria-label=\"20260415 Ogrody Andersa KUP TERAZ D\"><img loading=\"lazy\" decoding=\"async\" src=\"https:\/\/www.24gliwice.pl\/wiadomosci\/wp-content\/uploads\/2026\/04\/20260415-Ogrody-Andersa-KUP-TERAZ-D.jpg\" alt=\"\"  srcset=\"https:\/\/www.24gliwice.pl\/wiadomosci\/wp-content\/uploads\/2026\/04\/20260415-Ogrody-Andersa-KUP-TERAZ-D.jpg 750w, https:\/\/www.24gliwice.pl\/wiadomosci\/wp-content\/uploads\/2026\/04\/20260415-Ogrody-Andersa-KUP-TERAZ-D-410x109.jpg 410w\" sizes=\"(max-width: 750px) 100vw, 750px\" class=\"no-lazyload\" width=\"750\" height=\"200\"  style=\"display: inline-block; max-width: 100%; height: auto;\" \/><\/a><\/div><\/div>\n<p>Premiera rozpocznie si\u0119 13 wrze\u015bnia o godzinie 13:00 w Teatrze Miejskim w Gliwicach (ul. Nowy \u015awiat 55\u201357). Spektakl \u201ePod kolor\u201d trwa 40 minut i jest odpowiedni dla dzieci od 2 lat. Przedstawienie mo\u017cna te\u017c nieodp\u0142atnie obejrze\u0107 na stronie internetowej <a href=\"http:\/\/teatr.gliwice.pl\" rel=\"noopener noreferrer\" target=\"_blank\">teatr.gliwice.pl<\/a>.<\/p>\n<p><a href=\"https:\/\/teatr.gliwice.pl\/bilet2\/?id=31654\" rel=\"noopener noreferrer\" target=\"_blank\">Bilety na przedstawienie &#8220;na \u017cywo&#8221; w cenie 25 z\u0142 mo\u017cna znale\u017a\u0107 tutaj.<\/a><\/p>\n<p>(\u017cms)\/UM Gliwice<br \/>\nfot. J. Astaszow\/Teatr Miejski w Gliwicach<\/p>\n<div class=\"gliwi-a5-na-koncu-artykulow gliwi-entity-placement\" id=\"gliwi-597642460\"><div class=\"gliwi-adlabel\"><span style=\"font-size: 9px\">REKLAMA<\/span><\/div><div id=\"gliwi-3078400895\" style=\"margin-left: auto;margin-right: auto;text-align: center;\"><a data-no-instant=\"1\" href=\"https:\/\/www.jasek.pl\/\" rel=\"noopener\" class=\"a2t-link\" target=\"_blank\" aria-label=\"20200401-jasek 600\"><img loading=\"lazy\" decoding=\"async\" src=\"https:\/\/www.24gliwice.pl\/wiadomosci\/wp-content\/uploads\/2020\/04\/20200401-jasek-600.jpg\" alt=\"\"  srcset=\"https:\/\/www.24gliwice.pl\/wiadomosci\/wp-content\/uploads\/2020\/04\/20200401-jasek-600.jpg 600w, https:\/\/www.24gliwice.pl\/wiadomosci\/wp-content\/uploads\/2020\/04\/20200401-jasek-600-410x109.jpg 410w\" sizes=\"(max-width: 600px) 100vw, 600px\" class=\"no-lazyload\" width=\"600\" height=\"160\"  style=\"display: inline-block; max-width: 100%; height: auto;\" \/><\/a><\/div><\/div>","protected":false},"excerpt":{"rendered":"<p>Spektakl dla dzieci w re\u017cyserii Daniela Arbaczewskiego mia\u0142 ju\u017c swoj\u0105 internetow\u0105 premier\u0119, teraz czas na to, by zobaczyli go pierwsi widzowie \u201ena \u017cywo\u201d. Premierowe wystawienie przedstawienia \u201ePod kolor\u201d w Teatrze Miejskim w Gliwicach zaplanowano na niedziel\u0119, 13 wrze\u015bnia. \u2013 Nasz\u0105 przestrze\u0144 tworzy abstrakcyjna konstrukcja z poduszek \u2013 wielkie kolorowe \u0142\u00f3\u017cko, kt\u00f3re s\u0142u\u017cy do skakania, wylegiwania [&hellip;]<\/p>\n","protected":false},"author":15,"featured_media":157074,"comment_status":"open","ping_status":"closed","sticky":false,"template":"","format":"standard","meta":{"_monsterinsights_skip_tracking":false,"_monsterinsights_sitenote_active":false,"_monsterinsights_sitenote_note":"","_monsterinsights_sitenote_category":0,"footnotes":"","_links_to":"","_links_to_target":""},"categories":[3,6,1],"tags":[7733],"class_list":["post-157071","post","type-post","status-publish","format-standard","has-post-thumbnail","hentry","category-gliwice","category-kultura","category-wszystko","tag-teatr-miejski"],"yoast_head":"<!-- This site is optimized with the Yoast SEO plugin v27.5 - https:\/\/yoast.com\/product\/yoast-seo-wordpress\/ -->\n<title>Premiera spektaklu &quot;Pod kolor&quot; ju\u017c w najbli\u017csz\u0105 niedziel\u0119. Teatr Miejski zaprasza do ogl\u0105dania &quot;na \u017cywo&quot; - 24GLIWICE - Portal Gliwice | codziennie nowe informacje<\/title>\n<meta name=\"robots\" content=\"index, follow, max-snippet:-1, max-image-preview:large, max-video-preview:-1\" \/>\n<link rel=\"canonical\" href=\"https:\/\/www.24gliwice.pl\/wiadomosci\/premiera-spektaklu-pod-kolor-juz-w-najblizsza-niedziele-teatr-miejski-zaprasza-do-ogladania-na-zywo\/\" \/>\n<meta property=\"og:locale\" content=\"pl_PL\" \/>\n<meta property=\"og:type\" content=\"article\" \/>\n<meta property=\"og:title\" content=\"Premiera spektaklu &quot;Pod kolor&quot; ju\u017c w najbli\u017csz\u0105 niedziel\u0119. Teatr Miejski zaprasza do ogl\u0105dania &quot;na \u017cywo&quot; - 24GLIWICE - Portal Gliwice | codziennie nowe informacje\" \/>\n<meta property=\"og:description\" content=\"Spektakl dla dzieci w re\u017cyserii Daniela Arbaczewskiego mia\u0142 ju\u017c swoj\u0105 internetow\u0105 premier\u0119, teraz czas na to, by zobaczyli go pierwsi widzowie \u201ena \u017cywo\u201d. Premierowe wystawienie przedstawienia \u201ePod kolor\u201d w Teatrze Miejskim w Gliwicach zaplanowano na niedziel\u0119, 13 wrze\u015bnia. \u2013 Nasz\u0105 przestrze\u0144 tworzy abstrakcyjna konstrukcja z poduszek \u2013 wielkie kolorowe \u0142\u00f3\u017cko, kt\u00f3re s\u0142u\u017cy do skakania, wylegiwania [&hellip;]\" \/>\n<meta property=\"og:url\" content=\"https:\/\/www.24gliwice.pl\/wiadomosci\/premiera-spektaklu-pod-kolor-juz-w-najblizsza-niedziele-teatr-miejski-zaprasza-do-ogladania-na-zywo\/\" \/>\n<meta property=\"og:site_name\" content=\"24GLIWICE - Portal Gliwice | codziennie nowe informacje\" \/>\n<meta property=\"article:publisher\" content=\"https:\/\/www.facebook.com\/24gliwice\" \/>\n<meta property=\"article:published_time\" content=\"2020-09-10T09:59:45+00:00\" \/>\n<meta property=\"og:image\" content=\"https:\/\/www.24gliwice.pl\/wiadomosci\/wp-content\/uploads\/2020\/09\/12_06_2020_fot-jeremi-astaszow-teatr-gliwice.jpg\" \/>\n\t<meta property=\"og:image:width\" content=\"810\" \/>\n\t<meta property=\"og:image:height\" content=\"455\" \/>\n\t<meta property=\"og:image:type\" content=\"image\/jpeg\" \/>\n<meta name=\"author\" content=\"\u017baneta Mrozek-Siewierska\" \/>\n<meta name=\"twitter:card\" content=\"summary_large_image\" \/>\n<meta name=\"twitter:creator\" content=\"@24gliwice\" \/>\n<meta name=\"twitter:site\" content=\"@24gliwice\" \/>\n<meta name=\"twitter:label1\" content=\"Napisane przez\" \/>\n\t<meta name=\"twitter:data1\" content=\"\u017baneta Mrozek-Siewierska\" \/>\n\t<meta name=\"twitter:label2\" content=\"Szacowany czas czytania\" \/>\n\t<meta name=\"twitter:data2\" content=\"1 minuta\" \/>\n<script type=\"application\/ld+json\" class=\"yoast-schema-graph\">{\"@context\":\"https:\\\/\\\/schema.org\",\"@graph\":[{\"@type\":\"Article\",\"@id\":\"https:\\\/\\\/www.24gliwice.pl\\\/wiadomosci\\\/premiera-spektaklu-pod-kolor-juz-w-najblizsza-niedziele-teatr-miejski-zaprasza-do-ogladania-na-zywo\\\/#article\",\"isPartOf\":{\"@id\":\"https:\\\/\\\/www.24gliwice.pl\\\/wiadomosci\\\/premiera-spektaklu-pod-kolor-juz-w-najblizsza-niedziele-teatr-miejski-zaprasza-do-ogladania-na-zywo\\\/\"},\"author\":{\"name\":\"\u017baneta Mrozek-Siewierska\",\"@id\":\"https:\\\/\\\/www.24gliwice.pl\\\/wiadomosci\\\/#\\\/schema\\\/person\\\/e42c650edd7f2fa332be3811fb166b6e\"},\"headline\":\"Premiera spektaklu &#8220;Pod kolor&#8221; ju\u017c w najbli\u017csz\u0105 niedziel\u0119. Teatr Miejski zaprasza do ogl\u0105dania &#8220;na \u017cywo&#8221;\",\"datePublished\":\"2020-09-10T09:59:45+00:00\",\"mainEntityOfPage\":{\"@id\":\"https:\\\/\\\/www.24gliwice.pl\\\/wiadomosci\\\/premiera-spektaklu-pod-kolor-juz-w-najblizsza-niedziele-teatr-miejski-zaprasza-do-ogladania-na-zywo\\\/\"},\"wordCount\":235,\"commentCount\":0,\"publisher\":{\"@id\":\"https:\\\/\\\/www.24gliwice.pl\\\/wiadomosci\\\/#organization\"},\"image\":{\"@id\":\"https:\\\/\\\/www.24gliwice.pl\\\/wiadomosci\\\/premiera-spektaklu-pod-kolor-juz-w-najblizsza-niedziele-teatr-miejski-zaprasza-do-ogladania-na-zywo\\\/#primaryimage\"},\"thumbnailUrl\":\"https:\\\/\\\/www.24gliwice.pl\\\/wiadomosci\\\/wp-content\\\/uploads\\\/2020\\\/09\\\/12_06_2020_fot-jeremi-astaszow-teatr-gliwice.jpg\",\"keywords\":[\"TEATR MIEJSKI\"],\"articleSection\":[\"Gliwice\",\"Kultura, wydarzenia, imprezy\",\"Najnowsze wiadomo\u015bci\"],\"inLanguage\":\"pl-PL\",\"potentialAction\":[{\"@type\":\"CommentAction\",\"name\":\"Comment\",\"target\":[\"https:\\\/\\\/www.24gliwice.pl\\\/wiadomosci\\\/premiera-spektaklu-pod-kolor-juz-w-najblizsza-niedziele-teatr-miejski-zaprasza-do-ogladania-na-zywo\\\/#respond\"]}]},{\"@type\":\"WebPage\",\"@id\":\"https:\\\/\\\/www.24gliwice.pl\\\/wiadomosci\\\/premiera-spektaklu-pod-kolor-juz-w-najblizsza-niedziele-teatr-miejski-zaprasza-do-ogladania-na-zywo\\\/\",\"url\":\"https:\\\/\\\/www.24gliwice.pl\\\/wiadomosci\\\/premiera-spektaklu-pod-kolor-juz-w-najblizsza-niedziele-teatr-miejski-zaprasza-do-ogladania-na-zywo\\\/\",\"name\":\"Premiera spektaklu \\\"Pod kolor\\\" ju\u017c w najbli\u017csz\u0105 niedziel\u0119. Teatr Miejski zaprasza do ogl\u0105dania \\\"na \u017cywo\\\" - 24GLIWICE - Portal Gliwice | codziennie nowe informacje\",\"isPartOf\":{\"@id\":\"https:\\\/\\\/www.24gliwice.pl\\\/wiadomosci\\\/#website\"},\"primaryImageOfPage\":{\"@id\":\"https:\\\/\\\/www.24gliwice.pl\\\/wiadomosci\\\/premiera-spektaklu-pod-kolor-juz-w-najblizsza-niedziele-teatr-miejski-zaprasza-do-ogladania-na-zywo\\\/#primaryimage\"},\"image\":{\"@id\":\"https:\\\/\\\/www.24gliwice.pl\\\/wiadomosci\\\/premiera-spektaklu-pod-kolor-juz-w-najblizsza-niedziele-teatr-miejski-zaprasza-do-ogladania-na-zywo\\\/#primaryimage\"},\"thumbnailUrl\":\"https:\\\/\\\/www.24gliwice.pl\\\/wiadomosci\\\/wp-content\\\/uploads\\\/2020\\\/09\\\/12_06_2020_fot-jeremi-astaszow-teatr-gliwice.jpg\",\"datePublished\":\"2020-09-10T09:59:45+00:00\",\"breadcrumb\":{\"@id\":\"https:\\\/\\\/www.24gliwice.pl\\\/wiadomosci\\\/premiera-spektaklu-pod-kolor-juz-w-najblizsza-niedziele-teatr-miejski-zaprasza-do-ogladania-na-zywo\\\/#breadcrumb\"},\"inLanguage\":\"pl-PL\",\"potentialAction\":[{\"@type\":\"ReadAction\",\"target\":[\"https:\\\/\\\/www.24gliwice.pl\\\/wiadomosci\\\/premiera-spektaklu-pod-kolor-juz-w-najblizsza-niedziele-teatr-miejski-zaprasza-do-ogladania-na-zywo\\\/\"]}]},{\"@type\":\"ImageObject\",\"inLanguage\":\"pl-PL\",\"@id\":\"https:\\\/\\\/www.24gliwice.pl\\\/wiadomosci\\\/premiera-spektaklu-pod-kolor-juz-w-najblizsza-niedziele-teatr-miejski-zaprasza-do-ogladania-na-zywo\\\/#primaryimage\",\"url\":\"https:\\\/\\\/www.24gliwice.pl\\\/wiadomosci\\\/wp-content\\\/uploads\\\/2020\\\/09\\\/12_06_2020_fot-jeremi-astaszow-teatr-gliwice.jpg\",\"contentUrl\":\"https:\\\/\\\/www.24gliwice.pl\\\/wiadomosci\\\/wp-content\\\/uploads\\\/2020\\\/09\\\/12_06_2020_fot-jeremi-astaszow-teatr-gliwice.jpg\",\"width\":810,\"height\":455,\"caption\":\"fot. J. Astaszow\\\/TMG\"},{\"@type\":\"BreadcrumbList\",\"@id\":\"https:\\\/\\\/www.24gliwice.pl\\\/wiadomosci\\\/premiera-spektaklu-pod-kolor-juz-w-najblizsza-niedziele-teatr-miejski-zaprasza-do-ogladania-na-zywo\\\/#breadcrumb\",\"itemListElement\":[{\"@type\":\"ListItem\",\"position\":1,\"name\":\"Strona g\u0142\u00f3wna\",\"item\":\"https:\\\/\\\/www.24gliwice.pl\\\/wiadomosci\\\/\"},{\"@type\":\"ListItem\",\"position\":2,\"name\":\"Premiera spektaklu &#8222;Pod kolor&#8221; ju\u017c w najbli\u017csz\u0105 niedziel\u0119. Teatr Miejski zaprasza do ogl\u0105dania &#8222;na \u017cywo&#8221;\"}]},{\"@type\":\"WebSite\",\"@id\":\"https:\\\/\\\/www.24gliwice.pl\\\/wiadomosci\\\/#website\",\"url\":\"https:\\\/\\\/www.24gliwice.pl\\\/wiadomosci\\\/\",\"name\":\"24GLIWICE - Portal Gliwice | codziennie nowe wiadomo\u015bci\",\"description\":\"Portal Miejski Gliwice\",\"publisher\":{\"@id\":\"https:\\\/\\\/www.24gliwice.pl\\\/wiadomosci\\\/#organization\"},\"potentialAction\":[{\"@type\":\"SearchAction\",\"target\":{\"@type\":\"EntryPoint\",\"urlTemplate\":\"https:\\\/\\\/www.24gliwice.pl\\\/wiadomosci\\\/?s={search_term_string}\"},\"query-input\":{\"@type\":\"PropertyValueSpecification\",\"valueRequired\":true,\"valueName\":\"search_term_string\"}}],\"inLanguage\":\"pl-PL\"},{\"@type\":\"Organization\",\"@id\":\"https:\\\/\\\/www.24gliwice.pl\\\/wiadomosci\\\/#organization\",\"name\":\"24gliwice\",\"url\":\"https:\\\/\\\/www.24gliwice.pl\\\/wiadomosci\\\/\",\"logo\":{\"@type\":\"ImageObject\",\"inLanguage\":\"pl-PL\",\"@id\":\"https:\\\/\\\/www.24gliwice.pl\\\/wiadomosci\\\/#\\\/schema\\\/logo\\\/image\\\/\",\"url\":\"https:\\\/\\\/www.24gliwice.pl\\\/wiadomosci\\\/wp-content\\\/uploads\\\/2024\\\/10\\\/24gliwice-logo-696.jpg\",\"contentUrl\":\"https:\\\/\\\/www.24gliwice.pl\\\/wiadomosci\\\/wp-content\\\/uploads\\\/2024\\\/10\\\/24gliwice-logo-696.jpg\",\"width\":696,\"height\":696,\"caption\":\"24gliwice\"},\"image\":{\"@id\":\"https:\\\/\\\/www.24gliwice.pl\\\/wiadomosci\\\/#\\\/schema\\\/logo\\\/image\\\/\"},\"sameAs\":[\"https:\\\/\\\/www.facebook.com\\\/24gliwice\",\"https:\\\/\\\/x.com\\\/24gliwice\",\"https:\\\/\\\/www.youtube.com\\\/@24gliwice\"]},{\"@type\":\"Person\",\"@id\":\"https:\\\/\\\/www.24gliwice.pl\\\/wiadomosci\\\/#\\\/schema\\\/person\\\/e42c650edd7f2fa332be3811fb166b6e\",\"name\":\"\u017baneta Mrozek-Siewierska\",\"image\":{\"@type\":\"ImageObject\",\"inLanguage\":\"pl-PL\",\"@id\":\"https:\\\/\\\/secure.gravatar.com\\\/avatar\\\/1881429e9c64597c77ad7aef2d0a19be69a3253e57534d16aa15bf3a4d34a0a3?s=96&d=mm&r=g\",\"url\":\"https:\\\/\\\/secure.gravatar.com\\\/avatar\\\/1881429e9c64597c77ad7aef2d0a19be69a3253e57534d16aa15bf3a4d34a0a3?s=96&d=mm&r=g\",\"contentUrl\":\"https:\\\/\\\/secure.gravatar.com\\\/avatar\\\/1881429e9c64597c77ad7aef2d0a19be69a3253e57534d16aa15bf3a4d34a0a3?s=96&d=mm&r=g\",\"caption\":\"\u017baneta Mrozek-Siewierska\"},\"url\":\"https:\\\/\\\/www.24gliwice.pl\\\/wiadomosci\\\/author\\\/zms\\\/\"}]}<\/script>\n<!-- \/ Yoast SEO plugin. -->","yoast_head_json":{"title":"Premiera spektaklu \"Pod kolor\" ju\u017c w najbli\u017csz\u0105 niedziel\u0119. Teatr Miejski zaprasza do ogl\u0105dania \"na \u017cywo\" - 24GLIWICE - Portal Gliwice | codziennie nowe informacje","robots":{"index":"index","follow":"follow","max-snippet":"max-snippet:-1","max-image-preview":"max-image-preview:large","max-video-preview":"max-video-preview:-1"},"canonical":"https:\/\/www.24gliwice.pl\/wiadomosci\/premiera-spektaklu-pod-kolor-juz-w-najblizsza-niedziele-teatr-miejski-zaprasza-do-ogladania-na-zywo\/","og_locale":"pl_PL","og_type":"article","og_title":"Premiera spektaklu \"Pod kolor\" ju\u017c w najbli\u017csz\u0105 niedziel\u0119. Teatr Miejski zaprasza do ogl\u0105dania \"na \u017cywo\" - 24GLIWICE - Portal Gliwice | codziennie nowe informacje","og_description":"Spektakl dla dzieci w re\u017cyserii Daniela Arbaczewskiego mia\u0142 ju\u017c swoj\u0105 internetow\u0105 premier\u0119, teraz czas na to, by zobaczyli go pierwsi widzowie \u201ena \u017cywo\u201d. Premierowe wystawienie przedstawienia \u201ePod kolor\u201d w Teatrze Miejskim w Gliwicach zaplanowano na niedziel\u0119, 13 wrze\u015bnia. \u2013 Nasz\u0105 przestrze\u0144 tworzy abstrakcyjna konstrukcja z poduszek \u2013 wielkie kolorowe \u0142\u00f3\u017cko, kt\u00f3re s\u0142u\u017cy do skakania, wylegiwania [&hellip;]","og_url":"https:\/\/www.24gliwice.pl\/wiadomosci\/premiera-spektaklu-pod-kolor-juz-w-najblizsza-niedziele-teatr-miejski-zaprasza-do-ogladania-na-zywo\/","og_site_name":"24GLIWICE - Portal Gliwice | codziennie nowe informacje","article_publisher":"https:\/\/www.facebook.com\/24gliwice","article_published_time":"2020-09-10T09:59:45+00:00","og_image":[{"width":810,"height":455,"url":"https:\/\/www.24gliwice.pl\/wiadomosci\/wp-content\/uploads\/2020\/09\/12_06_2020_fot-jeremi-astaszow-teatr-gliwice.jpg","type":"image\/jpeg"}],"author":"\u017baneta Mrozek-Siewierska","twitter_card":"summary_large_image","twitter_creator":"@24gliwice","twitter_site":"@24gliwice","twitter_misc":{"Napisane przez":"\u017baneta Mrozek-Siewierska","Szacowany czas czytania":"1 minuta"},"schema":{"@context":"https:\/\/schema.org","@graph":[{"@type":"Article","@id":"https:\/\/www.24gliwice.pl\/wiadomosci\/premiera-spektaklu-pod-kolor-juz-w-najblizsza-niedziele-teatr-miejski-zaprasza-do-ogladania-na-zywo\/#article","isPartOf":{"@id":"https:\/\/www.24gliwice.pl\/wiadomosci\/premiera-spektaklu-pod-kolor-juz-w-najblizsza-niedziele-teatr-miejski-zaprasza-do-ogladania-na-zywo\/"},"author":{"name":"\u017baneta Mrozek-Siewierska","@id":"https:\/\/www.24gliwice.pl\/wiadomosci\/#\/schema\/person\/e42c650edd7f2fa332be3811fb166b6e"},"headline":"Premiera spektaklu &#8220;Pod kolor&#8221; ju\u017c w najbli\u017csz\u0105 niedziel\u0119. Teatr Miejski zaprasza do ogl\u0105dania &#8220;na \u017cywo&#8221;","datePublished":"2020-09-10T09:59:45+00:00","mainEntityOfPage":{"@id":"https:\/\/www.24gliwice.pl\/wiadomosci\/premiera-spektaklu-pod-kolor-juz-w-najblizsza-niedziele-teatr-miejski-zaprasza-do-ogladania-na-zywo\/"},"wordCount":235,"commentCount":0,"publisher":{"@id":"https:\/\/www.24gliwice.pl\/wiadomosci\/#organization"},"image":{"@id":"https:\/\/www.24gliwice.pl\/wiadomosci\/premiera-spektaklu-pod-kolor-juz-w-najblizsza-niedziele-teatr-miejski-zaprasza-do-ogladania-na-zywo\/#primaryimage"},"thumbnailUrl":"https:\/\/www.24gliwice.pl\/wiadomosci\/wp-content\/uploads\/2020\/09\/12_06_2020_fot-jeremi-astaszow-teatr-gliwice.jpg","keywords":["TEATR MIEJSKI"],"articleSection":["Gliwice","Kultura, wydarzenia, imprezy","Najnowsze wiadomo\u015bci"],"inLanguage":"pl-PL","potentialAction":[{"@type":"CommentAction","name":"Comment","target":["https:\/\/www.24gliwice.pl\/wiadomosci\/premiera-spektaklu-pod-kolor-juz-w-najblizsza-niedziele-teatr-miejski-zaprasza-do-ogladania-na-zywo\/#respond"]}]},{"@type":"WebPage","@id":"https:\/\/www.24gliwice.pl\/wiadomosci\/premiera-spektaklu-pod-kolor-juz-w-najblizsza-niedziele-teatr-miejski-zaprasza-do-ogladania-na-zywo\/","url":"https:\/\/www.24gliwice.pl\/wiadomosci\/premiera-spektaklu-pod-kolor-juz-w-najblizsza-niedziele-teatr-miejski-zaprasza-do-ogladania-na-zywo\/","name":"Premiera spektaklu \"Pod kolor\" ju\u017c w najbli\u017csz\u0105 niedziel\u0119. Teatr Miejski zaprasza do ogl\u0105dania \"na \u017cywo\" - 24GLIWICE - Portal Gliwice | codziennie nowe informacje","isPartOf":{"@id":"https:\/\/www.24gliwice.pl\/wiadomosci\/#website"},"primaryImageOfPage":{"@id":"https:\/\/www.24gliwice.pl\/wiadomosci\/premiera-spektaklu-pod-kolor-juz-w-najblizsza-niedziele-teatr-miejski-zaprasza-do-ogladania-na-zywo\/#primaryimage"},"image":{"@id":"https:\/\/www.24gliwice.pl\/wiadomosci\/premiera-spektaklu-pod-kolor-juz-w-najblizsza-niedziele-teatr-miejski-zaprasza-do-ogladania-na-zywo\/#primaryimage"},"thumbnailUrl":"https:\/\/www.24gliwice.pl\/wiadomosci\/wp-content\/uploads\/2020\/09\/12_06_2020_fot-jeremi-astaszow-teatr-gliwice.jpg","datePublished":"2020-09-10T09:59:45+00:00","breadcrumb":{"@id":"https:\/\/www.24gliwice.pl\/wiadomosci\/premiera-spektaklu-pod-kolor-juz-w-najblizsza-niedziele-teatr-miejski-zaprasza-do-ogladania-na-zywo\/#breadcrumb"},"inLanguage":"pl-PL","potentialAction":[{"@type":"ReadAction","target":["https:\/\/www.24gliwice.pl\/wiadomosci\/premiera-spektaklu-pod-kolor-juz-w-najblizsza-niedziele-teatr-miejski-zaprasza-do-ogladania-na-zywo\/"]}]},{"@type":"ImageObject","inLanguage":"pl-PL","@id":"https:\/\/www.24gliwice.pl\/wiadomosci\/premiera-spektaklu-pod-kolor-juz-w-najblizsza-niedziele-teatr-miejski-zaprasza-do-ogladania-na-zywo\/#primaryimage","url":"https:\/\/www.24gliwice.pl\/wiadomosci\/wp-content\/uploads\/2020\/09\/12_06_2020_fot-jeremi-astaszow-teatr-gliwice.jpg","contentUrl":"https:\/\/www.24gliwice.pl\/wiadomosci\/wp-content\/uploads\/2020\/09\/12_06_2020_fot-jeremi-astaszow-teatr-gliwice.jpg","width":810,"height":455,"caption":"fot. J. Astaszow\/TMG"},{"@type":"BreadcrumbList","@id":"https:\/\/www.24gliwice.pl\/wiadomosci\/premiera-spektaklu-pod-kolor-juz-w-najblizsza-niedziele-teatr-miejski-zaprasza-do-ogladania-na-zywo\/#breadcrumb","itemListElement":[{"@type":"ListItem","position":1,"name":"Strona g\u0142\u00f3wna","item":"https:\/\/www.24gliwice.pl\/wiadomosci\/"},{"@type":"ListItem","position":2,"name":"Premiera spektaklu &#8222;Pod kolor&#8221; ju\u017c w najbli\u017csz\u0105 niedziel\u0119. Teatr Miejski zaprasza do ogl\u0105dania &#8222;na \u017cywo&#8221;"}]},{"@type":"WebSite","@id":"https:\/\/www.24gliwice.pl\/wiadomosci\/#website","url":"https:\/\/www.24gliwice.pl\/wiadomosci\/","name":"24GLIWICE - Portal Gliwice | codziennie nowe wiadomo\u015bci","description":"Portal Miejski Gliwice","publisher":{"@id":"https:\/\/www.24gliwice.pl\/wiadomosci\/#organization"},"potentialAction":[{"@type":"SearchAction","target":{"@type":"EntryPoint","urlTemplate":"https:\/\/www.24gliwice.pl\/wiadomosci\/?s={search_term_string}"},"query-input":{"@type":"PropertyValueSpecification","valueRequired":true,"valueName":"search_term_string"}}],"inLanguage":"pl-PL"},{"@type":"Organization","@id":"https:\/\/www.24gliwice.pl\/wiadomosci\/#organization","name":"24gliwice","url":"https:\/\/www.24gliwice.pl\/wiadomosci\/","logo":{"@type":"ImageObject","inLanguage":"pl-PL","@id":"https:\/\/www.24gliwice.pl\/wiadomosci\/#\/schema\/logo\/image\/","url":"https:\/\/www.24gliwice.pl\/wiadomosci\/wp-content\/uploads\/2024\/10\/24gliwice-logo-696.jpg","contentUrl":"https:\/\/www.24gliwice.pl\/wiadomosci\/wp-content\/uploads\/2024\/10\/24gliwice-logo-696.jpg","width":696,"height":696,"caption":"24gliwice"},"image":{"@id":"https:\/\/www.24gliwice.pl\/wiadomosci\/#\/schema\/logo\/image\/"},"sameAs":["https:\/\/www.facebook.com\/24gliwice","https:\/\/x.com\/24gliwice","https:\/\/www.youtube.com\/@24gliwice"]},{"@type":"Person","@id":"https:\/\/www.24gliwice.pl\/wiadomosci\/#\/schema\/person\/e42c650edd7f2fa332be3811fb166b6e","name":"\u017baneta Mrozek-Siewierska","image":{"@type":"ImageObject","inLanguage":"pl-PL","@id":"https:\/\/secure.gravatar.com\/avatar\/1881429e9c64597c77ad7aef2d0a19be69a3253e57534d16aa15bf3a4d34a0a3?s=96&d=mm&r=g","url":"https:\/\/secure.gravatar.com\/avatar\/1881429e9c64597c77ad7aef2d0a19be69a3253e57534d16aa15bf3a4d34a0a3?s=96&d=mm&r=g","contentUrl":"https:\/\/secure.gravatar.com\/avatar\/1881429e9c64597c77ad7aef2d0a19be69a3253e57534d16aa15bf3a4d34a0a3?s=96&d=mm&r=g","caption":"\u017baneta Mrozek-Siewierska"},"url":"https:\/\/www.24gliwice.pl\/wiadomosci\/author\/zms\/"}]}},"_links":{"self":[{"href":"https:\/\/www.24gliwice.pl\/wiadomosci\/wp-json\/wp\/v2\/posts\/157071","targetHints":{"allow":["GET"]}}],"collection":[{"href":"https:\/\/www.24gliwice.pl\/wiadomosci\/wp-json\/wp\/v2\/posts"}],"about":[{"href":"https:\/\/www.24gliwice.pl\/wiadomosci\/wp-json\/wp\/v2\/types\/post"}],"author":[{"embeddable":true,"href":"https:\/\/www.24gliwice.pl\/wiadomosci\/wp-json\/wp\/v2\/users\/15"}],"replies":[{"embeddable":true,"href":"https:\/\/www.24gliwice.pl\/wiadomosci\/wp-json\/wp\/v2\/comments?post=157071"}],"version-history":[{"count":0,"href":"https:\/\/www.24gliwice.pl\/wiadomosci\/wp-json\/wp\/v2\/posts\/157071\/revisions"}],"wp:featuredmedia":[{"embeddable":true,"href":"https:\/\/www.24gliwice.pl\/wiadomosci\/wp-json\/wp\/v2\/media\/157074"}],"wp:attachment":[{"href":"https:\/\/www.24gliwice.pl\/wiadomosci\/wp-json\/wp\/v2\/media?parent=157071"}],"wp:term":[{"taxonomy":"category","embeddable":true,"href":"https:\/\/www.24gliwice.pl\/wiadomosci\/wp-json\/wp\/v2\/categories?post=157071"},{"taxonomy":"post_tag","embeddable":true,"href":"https:\/\/www.24gliwice.pl\/wiadomosci\/wp-json\/wp\/v2\/tags?post=157071"}],"curies":[{"name":"wp","href":"https:\/\/api.w.org\/{rel}","templated":true}]}}