{"id":157150,"date":"2020-09-17T01:13:08","date_gmt":"2020-09-16T23:13:08","guid":{"rendered":"https:\/\/www.24gliwice.pl\/wiadomosci\/?p=157150"},"modified":"2020-09-17T01:33:59","modified_gmt":"2020-09-16T23:33:59","slug":"gliwicka-masa-krytyczna-pojedzie-do-siedziby-strazy-miejskiej-przy-okazji-przejazdu-mozna-oznakowac-rower","status":"publish","type":"post","link":"https:\/\/www.24gliwice.pl\/wiadomosci\/gliwicka-masa-krytyczna-pojedzie-do-siedziby-strazy-miejskiej-przy-okazji-przejazdu-mozna-oznakowac-rower\/","title":{"rendered":"Gliwicka Masa Krytyczna pojedzie do siedziby stra\u017cy miejskiej. Przy okazji przejazdu mo\u017cna oznakowa\u0107 rower"},"content":{"rendered":"<div class=\"gliwi-a6-nad-leadem-artykulow gliwi-entity-placement\" id=\"gliwi-2227342616\"><div class=\"gliwi-adlabel\"><span style=\"font-size: 9px\">REKLAMA<\/span><\/div><div id=\"gliwi-1255410990\" style=\"margin-bottom: 30px;margin-left: auto;margin-right: auto;text-align: center;\"><a data-no-instant=\"1\" href=\"https:\/\/przedszkole.halogen.org.pl\/\" rel=\"noopener\" class=\"a2t-link\" target=\"_blank\" aria-label=\"20260402-ANIMATOR-przedszkole_grafika_750x200\"><img loading=\"lazy\" decoding=\"async\" src=\"https:\/\/www.24gliwice.pl\/wiadomosci\/wp-content\/uploads\/2026\/04\/20260402-ANIMATOR-przedszkole_grafika_750x200.webp\" alt=\"\"  srcset=\"https:\/\/www.24gliwice.pl\/wiadomosci\/wp-content\/uploads\/2026\/04\/20260402-ANIMATOR-przedszkole_grafika_750x200.webp 750w, https:\/\/www.24gliwice.pl\/wiadomosci\/wp-content\/uploads\/2026\/04\/20260402-ANIMATOR-przedszkole_grafika_750x200-410x109.webp 410w\" sizes=\"(max-width: 750px) 100vw, 750px\" class=\"no-lazyload\" width=\"750\" height=\"200\"  style=\"display: inline-block; max-width: 100%; height: auto;\" \/><\/a><\/div><\/div><h2>Gliwicka Masa Krytyczna przejedzie przez Gliwice we wtorek, 22 wrze\u015bnia, w godzinach mi\u0119dzy 18:00 a 19:00. Celem przejazdu b\u0119dzie siedziba stra\u017cy miejskiej. Ka\u017cdy, kto nie oznakowa\u0142 jeszcze swojego roweru mo\u017ce to przy okazji zrobi\u0107.<\/h2>\n<p>GMK wystartuje standardowo z placu Krakowskiego. Trasa przejazdu bieg\u0142a b\u0119dzie ulicami Konarskiego, Jagiello\u0144sk\u0105, Bohater\u00f3w Getta Warszawskiego, Byliny, Sienkiewicza, gen. Berbeckiego, Wybrze\u017ce Armii Krajowej, Zwyci\u0119stwa, Prymasa Wyszy\u0144skiego, Powsta\u0144c\u00f3w Warszawy, Jasnog\u00f3rsk\u0105, Kozielska, \u0141ab\u0119dzk\u0105, Szafirow\u0105, Kozielsk\u0105, gen. Andersa, Mieszka I i Boles\u0142awa \u015amia\u0142ego.<\/p>\n<p>&#8211; <em>Przejazd b\u0119dzie zabezpieczony przez Policj\u0119 i Stra\u017c Miejsk\u0105 i odb\u0119dzie si\u0119 pr\u0119dko\u015bci\u0105 10-15 km\/h. Po zako\u0144czeniu przejazdu odb\u0119dzie akcja znakowania rower\u00f3w przez Stra\u017c Miejsk\u0105. Oznakowa\u0107 rower mog\u0105 wy\u0142\u0105cznie osoby doros\u0142e maj\u0105ce przy sobie dow\u00f3d osobisty<\/em> &#8211; przypomina Gliwicka Rada Rowerowa, kt\u00f3ra jest organizatorem przejazdu.<\/p><div class=\"gliwi-a3-w-tresci-artykulow gliwi-entity-placement\" id=\"gliwi-1267714037\"><div class=\"gliwi-adlabel\"><span style=\"font-size: 9px\">REKLAMA<\/span><\/div><div id=\"gliwi-2536448199\" style=\"margin-bottom: 30px;margin-left: auto;margin-right: auto;text-align: center;\"><a data-no-instant=\"1\" href=\"https:\/\/ogrodyandersa.pl\/\" rel=\"noopener\" class=\"a2t-link\" target=\"_blank\" aria-label=\"20260415 Ogrody Andersa KUP TERAZ D\"><img loading=\"lazy\" decoding=\"async\" src=\"https:\/\/www.24gliwice.pl\/wiadomosci\/wp-content\/uploads\/2026\/04\/20260415-Ogrody-Andersa-KUP-TERAZ-D.jpg\" alt=\"\"  srcset=\"https:\/\/www.24gliwice.pl\/wiadomosci\/wp-content\/uploads\/2026\/04\/20260415-Ogrody-Andersa-KUP-TERAZ-D.jpg 750w, https:\/\/www.24gliwice.pl\/wiadomosci\/wp-content\/uploads\/2026\/04\/20260415-Ogrody-Andersa-KUP-TERAZ-D-410x109.jpg 410w\" sizes=\"(max-width: 750px) 100vw, 750px\" class=\"no-lazyload\" width=\"750\" height=\"200\"  style=\"display: inline-block; max-width: 100%; height: auto;\" \/><\/a><\/div><\/div>\n<p>Wydarzenie rozpoczyna si\u0119 o 18:00, ale na placu Krakowskim lepiej zjawi\u0107 si\u0119 kilka minut wcze\u015bniej. Dla wszystkich uczestnik\u00f3w nadchodz\u0105cej Gliwickiej Masy Krytycznej organizatorzy przygotowali drobne upominki &#8211; mapy turystyczne tras rowerowych naszej aglomeracji. <\/p>\n<p><iframe loading=\"lazy\" src=\"https:\/\/www.bikemap.net\/en\/r\/5622591\/widget\/?width=640&amp;height=480&amp;unit=metric\" width=\"640\" height=\"480\" frameborder=\"0\" marginwidth=\"0\" marginheight=\"0\" scrolling=\"no\"> <\/iframe><\/p>\n<div style=\"margin: -4px 0 0 5px; height: 16px; color: #889eac; font-family: sans-serif; font-size: 11px;\"><a style=\"color: #1381fa; text-decoration: underline;\" href=\"https:\/\/www.bikemap.net\/en\/r\/5622591\/\" target=\"_blank\" rel=\"noopener noreferrer\">Cycle Route 5622591<\/a> &#8211; via <a style=\"color: #1381fa; text-decoration: underline;\" href=\"https:\/\/www.bikemap.net\" target=\"_blank\" rel=\"noopener noreferrer\">Bikemap.net<\/a> &#8211; <a style=\"color: #1381fa; text-decoration: underline;\" href=\"https:\/\/bikemap.page.link\/?link=https:\/\/www.bikemap.net\/en\/r\/5622591\/&amp;apn=com.toursprung.bikemap&amp;isi=625759466&amp;ibi=com.toursprung.bikemap&amp;st=121.+Gliwicka+Masa+Krytyczna&amp;sd=Check+out+this+route+on+Bikemap+by+Gliwicka+Rada+Rowerowa!&amp;si=https:\/\/media.bikemap.net\/routes\/5622591\/staticmaps\/4eae0cf2-130a-4252-a6b4-5677b9dd3665_400x400.jpg&amp;efr=1&amp;utm_source=website&amp;utm_medium=route_widget&amp;utm_campaign=widget_bottom\" target=\"_blank\" rel=\"noopener noreferrer\"> Open Route in Bikemap App <\/a><\/div>\n<p>(\u017cms)\/GRR.org<br \/>\nfot. Gliwicka Rada Rowerowa<\/p>\n<div class=\"gliwi-a5-na-koncu-artykulow gliwi-entity-placement\" id=\"gliwi-1636448656\"><div class=\"gliwi-adlabel\"><span style=\"font-size: 9px\">REKLAMA<\/span><\/div><div id=\"gliwi-3162611510\" style=\"margin-left: auto;margin-right: auto;text-align: center;\"><a data-no-instant=\"1\" href=\"https:\/\/prezeroarenagliwice.pl\/\" rel=\"noopener\" class=\"a2t-link\" target=\"_blank\" aria-label=\"20260309-PREZERO-WIOSNA-D\"><img loading=\"lazy\" decoding=\"async\" src=\"https:\/\/www.24gliwice.pl\/wiadomosci\/wp-content\/uploads\/2026\/03\/20260309-PREZERO-WIOSNA-D.webp\" alt=\"\"  srcset=\"https:\/\/www.24gliwice.pl\/wiadomosci\/wp-content\/uploads\/2026\/03\/20260309-PREZERO-WIOSNA-D.webp 750w, https:\/\/www.24gliwice.pl\/wiadomosci\/wp-content\/uploads\/2026\/03\/20260309-PREZERO-WIOSNA-D-410x109.webp 410w\" sizes=\"(max-width: 750px) 100vw, 750px\" class=\"no-lazyload\" width=\"750\" height=\"200\"  style=\"display: inline-block; max-width: 100%; height: auto;\" \/><\/a><\/div><\/div>","protected":false},"excerpt":{"rendered":"<p>Gliwicka Masa Krytyczna przejedzie przez Gliwice we wtorek, 22 wrze\u015bnia, w godzinach mi\u0119dzy 18:00 a 19:00. Celem przejazdu b\u0119dzie siedziba stra\u017cy miejskiej. Ka\u017cdy, kto nie oznakowa\u0142 jeszcze swojego roweru mo\u017ce to przy okazji zrobi\u0107. GMK wystartuje standardowo z placu Krakowskiego. Trasa przejazdu bieg\u0142a b\u0119dzie ulicami Konarskiego, Jagiello\u0144sk\u0105, Bohater\u00f3w Getta Warszawskiego, Byliny, Sienkiewicza, gen. Berbeckiego, Wybrze\u017ce [&hellip;]<\/p>\n","protected":false},"author":15,"featured_media":104228,"comment_status":"open","ping_status":"closed","sticky":false,"template":"","format":"standard","meta":{"_monsterinsights_skip_tracking":false,"_monsterinsights_sitenote_active":false,"_monsterinsights_sitenote_note":"","_monsterinsights_sitenote_category":0,"footnotes":"","_links_to":"","_links_to_target":""},"categories":[3,6,1],"tags":[66],"class_list":["post-157150","post","type-post","status-publish","format-standard","has-post-thumbnail","hentry","category-gliwice","category-kultura","category-wszystko","tag-gliwicka-masa-krytyczna"],"yoast_head":"<!-- This site is optimized with the Yoast SEO plugin v27.5 - https:\/\/yoast.com\/product\/yoast-seo-wordpress\/ -->\n<title>Gliwicka Masa Krytyczna pojedzie do siedziby stra\u017cy miejskiej. Przy okazji przejazdu mo\u017cna oznakowa\u0107 rower - 24GLIWICE - Portal Gliwice | codziennie nowe informacje<\/title>\n<meta name=\"robots\" content=\"index, follow, max-snippet:-1, max-image-preview:large, max-video-preview:-1\" \/>\n<link rel=\"canonical\" href=\"https:\/\/www.24gliwice.pl\/wiadomosci\/gliwicka-masa-krytyczna-pojedzie-do-siedziby-strazy-miejskiej-przy-okazji-przejazdu-mozna-oznakowac-rower\/\" \/>\n<meta property=\"og:locale\" content=\"pl_PL\" \/>\n<meta property=\"og:type\" content=\"article\" \/>\n<meta property=\"og:title\" content=\"Gliwicka Masa Krytyczna pojedzie do siedziby stra\u017cy miejskiej. Przy okazji przejazdu mo\u017cna oznakowa\u0107 rower - 24GLIWICE - Portal Gliwice | codziennie nowe informacje\" \/>\n<meta property=\"og:description\" content=\"Gliwicka Masa Krytyczna przejedzie przez Gliwice we wtorek, 22 wrze\u015bnia, w godzinach mi\u0119dzy 18:00 a 19:00. Celem przejazdu b\u0119dzie siedziba stra\u017cy miejskiej. Ka\u017cdy, kto nie oznakowa\u0142 jeszcze swojego roweru mo\u017ce to przy okazji zrobi\u0107. GMK wystartuje standardowo z placu Krakowskiego. Trasa przejazdu bieg\u0142a b\u0119dzie ulicami Konarskiego, Jagiello\u0144sk\u0105, Bohater\u00f3w Getta Warszawskiego, Byliny, Sienkiewicza, gen. Berbeckiego, Wybrze\u017ce [&hellip;]\" \/>\n<meta property=\"og:url\" content=\"https:\/\/www.24gliwice.pl\/wiadomosci\/gliwicka-masa-krytyczna-pojedzie-do-siedziby-strazy-miejskiej-przy-okazji-przejazdu-mozna-oznakowac-rower\/\" \/>\n<meta property=\"og:site_name\" content=\"24GLIWICE - Portal Gliwice | codziennie nowe informacje\" \/>\n<meta property=\"article:publisher\" content=\"https:\/\/www.facebook.com\/24gliwice\" \/>\n<meta property=\"article:published_time\" content=\"2020-09-16T23:13:08+00:00\" \/>\n<meta property=\"article:modified_time\" content=\"2020-09-16T23:33:59+00:00\" \/>\n<meta property=\"og:image\" content=\"https:\/\/www.24gliwice.pl\/wiadomosci\/wp-content\/uploads\/2017\/09\/gliwicka-masa-krytyczna-dzie\u0144-bez-samochodu-e1505393143751.jpg\" \/>\n\t<meta property=\"og:image:width\" content=\"810\" \/>\n\t<meta property=\"og:image:height\" content=\"456\" \/>\n\t<meta property=\"og:image:type\" content=\"image\/jpeg\" \/>\n<meta name=\"author\" content=\"\u017baneta Mrozek-Siewierska\" \/>\n<meta name=\"twitter:card\" content=\"summary_large_image\" \/>\n<meta name=\"twitter:creator\" content=\"@24gliwice\" \/>\n<meta name=\"twitter:site\" content=\"@24gliwice\" \/>\n<meta name=\"twitter:label1\" content=\"Napisane przez\" \/>\n\t<meta name=\"twitter:data1\" content=\"\u017baneta Mrozek-Siewierska\" \/>\n\t<meta name=\"twitter:label2\" content=\"Szacowany czas czytania\" \/>\n\t<meta name=\"twitter:data2\" content=\"1 minuta\" \/>\n<script type=\"application\/ld+json\" class=\"yoast-schema-graph\">{\"@context\":\"https:\\\/\\\/schema.org\",\"@graph\":[{\"@type\":\"Article\",\"@id\":\"https:\\\/\\\/www.24gliwice.pl\\\/wiadomosci\\\/gliwicka-masa-krytyczna-pojedzie-do-siedziby-strazy-miejskiej-przy-okazji-przejazdu-mozna-oznakowac-rower\\\/#article\",\"isPartOf\":{\"@id\":\"https:\\\/\\\/www.24gliwice.pl\\\/wiadomosci\\\/gliwicka-masa-krytyczna-pojedzie-do-siedziby-strazy-miejskiej-przy-okazji-przejazdu-mozna-oznakowac-rower\\\/\"},\"author\":{\"name\":\"\u017baneta Mrozek-Siewierska\",\"@id\":\"https:\\\/\\\/www.24gliwice.pl\\\/wiadomosci\\\/#\\\/schema\\\/person\\\/e42c650edd7f2fa332be3811fb166b6e\"},\"headline\":\"Gliwicka Masa Krytyczna pojedzie do siedziby stra\u017cy miejskiej. Przy okazji przejazdu mo\u017cna oznakowa\u0107 rower\",\"datePublished\":\"2020-09-16T23:13:08+00:00\",\"dateModified\":\"2020-09-16T23:33:59+00:00\",\"mainEntityOfPage\":{\"@id\":\"https:\\\/\\\/www.24gliwice.pl\\\/wiadomosci\\\/gliwicka-masa-krytyczna-pojedzie-do-siedziby-strazy-miejskiej-przy-okazji-przejazdu-mozna-oznakowac-rower\\\/\"},\"wordCount\":218,\"commentCount\":0,\"publisher\":{\"@id\":\"https:\\\/\\\/www.24gliwice.pl\\\/wiadomosci\\\/#organization\"},\"image\":{\"@id\":\"https:\\\/\\\/www.24gliwice.pl\\\/wiadomosci\\\/gliwicka-masa-krytyczna-pojedzie-do-siedziby-strazy-miejskiej-przy-okazji-przejazdu-mozna-oznakowac-rower\\\/#primaryimage\"},\"thumbnailUrl\":\"https:\\\/\\\/www.24gliwice.pl\\\/wiadomosci\\\/wp-content\\\/uploads\\\/2017\\\/09\\\/gliwicka-masa-krytyczna-dzie\u0144-bez-samochodu-e1505393143751.jpg\",\"keywords\":[\"gliwicka masa krytyczna\"],\"articleSection\":[\"Gliwice\",\"Kultura, wydarzenia, imprezy\",\"Najnowsze wiadomo\u015bci\"],\"inLanguage\":\"pl-PL\",\"potentialAction\":[{\"@type\":\"CommentAction\",\"name\":\"Comment\",\"target\":[\"https:\\\/\\\/www.24gliwice.pl\\\/wiadomosci\\\/gliwicka-masa-krytyczna-pojedzie-do-siedziby-strazy-miejskiej-przy-okazji-przejazdu-mozna-oznakowac-rower\\\/#respond\"]}]},{\"@type\":\"WebPage\",\"@id\":\"https:\\\/\\\/www.24gliwice.pl\\\/wiadomosci\\\/gliwicka-masa-krytyczna-pojedzie-do-siedziby-strazy-miejskiej-przy-okazji-przejazdu-mozna-oznakowac-rower\\\/\",\"url\":\"https:\\\/\\\/www.24gliwice.pl\\\/wiadomosci\\\/gliwicka-masa-krytyczna-pojedzie-do-siedziby-strazy-miejskiej-przy-okazji-przejazdu-mozna-oznakowac-rower\\\/\",\"name\":\"Gliwicka Masa Krytyczna pojedzie do siedziby stra\u017cy miejskiej. Przy okazji przejazdu mo\u017cna oznakowa\u0107 rower - 24GLIWICE - Portal Gliwice | codziennie nowe informacje\",\"isPartOf\":{\"@id\":\"https:\\\/\\\/www.24gliwice.pl\\\/wiadomosci\\\/#website\"},\"primaryImageOfPage\":{\"@id\":\"https:\\\/\\\/www.24gliwice.pl\\\/wiadomosci\\\/gliwicka-masa-krytyczna-pojedzie-do-siedziby-strazy-miejskiej-przy-okazji-przejazdu-mozna-oznakowac-rower\\\/#primaryimage\"},\"image\":{\"@id\":\"https:\\\/\\\/www.24gliwice.pl\\\/wiadomosci\\\/gliwicka-masa-krytyczna-pojedzie-do-siedziby-strazy-miejskiej-przy-okazji-przejazdu-mozna-oznakowac-rower\\\/#primaryimage\"},\"thumbnailUrl\":\"https:\\\/\\\/www.24gliwice.pl\\\/wiadomosci\\\/wp-content\\\/uploads\\\/2017\\\/09\\\/gliwicka-masa-krytyczna-dzie\u0144-bez-samochodu-e1505393143751.jpg\",\"datePublished\":\"2020-09-16T23:13:08+00:00\",\"dateModified\":\"2020-09-16T23:33:59+00:00\",\"breadcrumb\":{\"@id\":\"https:\\\/\\\/www.24gliwice.pl\\\/wiadomosci\\\/gliwicka-masa-krytyczna-pojedzie-do-siedziby-strazy-miejskiej-przy-okazji-przejazdu-mozna-oznakowac-rower\\\/#breadcrumb\"},\"inLanguage\":\"pl-PL\",\"potentialAction\":[{\"@type\":\"ReadAction\",\"target\":[\"https:\\\/\\\/www.24gliwice.pl\\\/wiadomosci\\\/gliwicka-masa-krytyczna-pojedzie-do-siedziby-strazy-miejskiej-przy-okazji-przejazdu-mozna-oznakowac-rower\\\/\"]}]},{\"@type\":\"ImageObject\",\"inLanguage\":\"pl-PL\",\"@id\":\"https:\\\/\\\/www.24gliwice.pl\\\/wiadomosci\\\/gliwicka-masa-krytyczna-pojedzie-do-siedziby-strazy-miejskiej-przy-okazji-przejazdu-mozna-oznakowac-rower\\\/#primaryimage\",\"url\":\"https:\\\/\\\/www.24gliwice.pl\\\/wiadomosci\\\/wp-content\\\/uploads\\\/2017\\\/09\\\/gliwicka-masa-krytyczna-dzie\u0144-bez-samochodu-e1505393143751.jpg\",\"contentUrl\":\"https:\\\/\\\/www.24gliwice.pl\\\/wiadomosci\\\/wp-content\\\/uploads\\\/2017\\\/09\\\/gliwicka-masa-krytyczna-dzie\u0144-bez-samochodu-e1505393143751.jpg\",\"width\":810,\"height\":456},{\"@type\":\"BreadcrumbList\",\"@id\":\"https:\\\/\\\/www.24gliwice.pl\\\/wiadomosci\\\/gliwicka-masa-krytyczna-pojedzie-do-siedziby-strazy-miejskiej-przy-okazji-przejazdu-mozna-oznakowac-rower\\\/#breadcrumb\",\"itemListElement\":[{\"@type\":\"ListItem\",\"position\":1,\"name\":\"Strona g\u0142\u00f3wna\",\"item\":\"https:\\\/\\\/www.24gliwice.pl\\\/wiadomosci\\\/\"},{\"@type\":\"ListItem\",\"position\":2,\"name\":\"Gliwicka Masa Krytyczna pojedzie do siedziby stra\u017cy miejskiej. Przy okazji przejazdu mo\u017cna oznakowa\u0107 rower\"}]},{\"@type\":\"WebSite\",\"@id\":\"https:\\\/\\\/www.24gliwice.pl\\\/wiadomosci\\\/#website\",\"url\":\"https:\\\/\\\/www.24gliwice.pl\\\/wiadomosci\\\/\",\"name\":\"24GLIWICE - Portal Gliwice | codziennie nowe wiadomo\u015bci\",\"description\":\"Portal Miejski Gliwice\",\"publisher\":{\"@id\":\"https:\\\/\\\/www.24gliwice.pl\\\/wiadomosci\\\/#organization\"},\"potentialAction\":[{\"@type\":\"SearchAction\",\"target\":{\"@type\":\"EntryPoint\",\"urlTemplate\":\"https:\\\/\\\/www.24gliwice.pl\\\/wiadomosci\\\/?s={search_term_string}\"},\"query-input\":{\"@type\":\"PropertyValueSpecification\",\"valueRequired\":true,\"valueName\":\"search_term_string\"}}],\"inLanguage\":\"pl-PL\"},{\"@type\":\"Organization\",\"@id\":\"https:\\\/\\\/www.24gliwice.pl\\\/wiadomosci\\\/#organization\",\"name\":\"24gliwice\",\"url\":\"https:\\\/\\\/www.24gliwice.pl\\\/wiadomosci\\\/\",\"logo\":{\"@type\":\"ImageObject\",\"inLanguage\":\"pl-PL\",\"@id\":\"https:\\\/\\\/www.24gliwice.pl\\\/wiadomosci\\\/#\\\/schema\\\/logo\\\/image\\\/\",\"url\":\"https:\\\/\\\/www.24gliwice.pl\\\/wiadomosci\\\/wp-content\\\/uploads\\\/2024\\\/10\\\/24gliwice-logo-696.jpg\",\"contentUrl\":\"https:\\\/\\\/www.24gliwice.pl\\\/wiadomosci\\\/wp-content\\\/uploads\\\/2024\\\/10\\\/24gliwice-logo-696.jpg\",\"width\":696,\"height\":696,\"caption\":\"24gliwice\"},\"image\":{\"@id\":\"https:\\\/\\\/www.24gliwice.pl\\\/wiadomosci\\\/#\\\/schema\\\/logo\\\/image\\\/\"},\"sameAs\":[\"https:\\\/\\\/www.facebook.com\\\/24gliwice\",\"https:\\\/\\\/x.com\\\/24gliwice\",\"https:\\\/\\\/www.youtube.com\\\/@24gliwice\"]},{\"@type\":\"Person\",\"@id\":\"https:\\\/\\\/www.24gliwice.pl\\\/wiadomosci\\\/#\\\/schema\\\/person\\\/e42c650edd7f2fa332be3811fb166b6e\",\"name\":\"\u017baneta Mrozek-Siewierska\",\"image\":{\"@type\":\"ImageObject\",\"inLanguage\":\"pl-PL\",\"@id\":\"https:\\\/\\\/secure.gravatar.com\\\/avatar\\\/1881429e9c64597c77ad7aef2d0a19be69a3253e57534d16aa15bf3a4d34a0a3?s=96&d=mm&r=g\",\"url\":\"https:\\\/\\\/secure.gravatar.com\\\/avatar\\\/1881429e9c64597c77ad7aef2d0a19be69a3253e57534d16aa15bf3a4d34a0a3?s=96&d=mm&r=g\",\"contentUrl\":\"https:\\\/\\\/secure.gravatar.com\\\/avatar\\\/1881429e9c64597c77ad7aef2d0a19be69a3253e57534d16aa15bf3a4d34a0a3?s=96&d=mm&r=g\",\"caption\":\"\u017baneta Mrozek-Siewierska\"},\"url\":\"https:\\\/\\\/www.24gliwice.pl\\\/wiadomosci\\\/author\\\/zms\\\/\"}]}<\/script>\n<!-- \/ Yoast SEO plugin. -->","yoast_head_json":{"title":"Gliwicka Masa Krytyczna pojedzie do siedziby stra\u017cy miejskiej. Przy okazji przejazdu mo\u017cna oznakowa\u0107 rower - 24GLIWICE - Portal Gliwice | codziennie nowe informacje","robots":{"index":"index","follow":"follow","max-snippet":"max-snippet:-1","max-image-preview":"max-image-preview:large","max-video-preview":"max-video-preview:-1"},"canonical":"https:\/\/www.24gliwice.pl\/wiadomosci\/gliwicka-masa-krytyczna-pojedzie-do-siedziby-strazy-miejskiej-przy-okazji-przejazdu-mozna-oznakowac-rower\/","og_locale":"pl_PL","og_type":"article","og_title":"Gliwicka Masa Krytyczna pojedzie do siedziby stra\u017cy miejskiej. Przy okazji przejazdu mo\u017cna oznakowa\u0107 rower - 24GLIWICE - Portal Gliwice | codziennie nowe informacje","og_description":"Gliwicka Masa Krytyczna przejedzie przez Gliwice we wtorek, 22 wrze\u015bnia, w godzinach mi\u0119dzy 18:00 a 19:00. Celem przejazdu b\u0119dzie siedziba stra\u017cy miejskiej. Ka\u017cdy, kto nie oznakowa\u0142 jeszcze swojego roweru mo\u017ce to przy okazji zrobi\u0107. GMK wystartuje standardowo z placu Krakowskiego. Trasa przejazdu bieg\u0142a b\u0119dzie ulicami Konarskiego, Jagiello\u0144sk\u0105, Bohater\u00f3w Getta Warszawskiego, Byliny, Sienkiewicza, gen. Berbeckiego, Wybrze\u017ce [&hellip;]","og_url":"https:\/\/www.24gliwice.pl\/wiadomosci\/gliwicka-masa-krytyczna-pojedzie-do-siedziby-strazy-miejskiej-przy-okazji-przejazdu-mozna-oznakowac-rower\/","og_site_name":"24GLIWICE - Portal Gliwice | codziennie nowe informacje","article_publisher":"https:\/\/www.facebook.com\/24gliwice","article_published_time":"2020-09-16T23:13:08+00:00","article_modified_time":"2020-09-16T23:33:59+00:00","og_image":[{"width":810,"height":456,"url":"https:\/\/www.24gliwice.pl\/wiadomosci\/wp-content\/uploads\/2017\/09\/gliwicka-masa-krytyczna-dzie\u0144-bez-samochodu-e1505393143751.jpg","type":"image\/jpeg"}],"author":"\u017baneta Mrozek-Siewierska","twitter_card":"summary_large_image","twitter_creator":"@24gliwice","twitter_site":"@24gliwice","twitter_misc":{"Napisane przez":"\u017baneta Mrozek-Siewierska","Szacowany czas czytania":"1 minuta"},"schema":{"@context":"https:\/\/schema.org","@graph":[{"@type":"Article","@id":"https:\/\/www.24gliwice.pl\/wiadomosci\/gliwicka-masa-krytyczna-pojedzie-do-siedziby-strazy-miejskiej-przy-okazji-przejazdu-mozna-oznakowac-rower\/#article","isPartOf":{"@id":"https:\/\/www.24gliwice.pl\/wiadomosci\/gliwicka-masa-krytyczna-pojedzie-do-siedziby-strazy-miejskiej-przy-okazji-przejazdu-mozna-oznakowac-rower\/"},"author":{"name":"\u017baneta Mrozek-Siewierska","@id":"https:\/\/www.24gliwice.pl\/wiadomosci\/#\/schema\/person\/e42c650edd7f2fa332be3811fb166b6e"},"headline":"Gliwicka Masa Krytyczna pojedzie do siedziby stra\u017cy miejskiej. Przy okazji przejazdu mo\u017cna oznakowa\u0107 rower","datePublished":"2020-09-16T23:13:08+00:00","dateModified":"2020-09-16T23:33:59+00:00","mainEntityOfPage":{"@id":"https:\/\/www.24gliwice.pl\/wiadomosci\/gliwicka-masa-krytyczna-pojedzie-do-siedziby-strazy-miejskiej-przy-okazji-przejazdu-mozna-oznakowac-rower\/"},"wordCount":218,"commentCount":0,"publisher":{"@id":"https:\/\/www.24gliwice.pl\/wiadomosci\/#organization"},"image":{"@id":"https:\/\/www.24gliwice.pl\/wiadomosci\/gliwicka-masa-krytyczna-pojedzie-do-siedziby-strazy-miejskiej-przy-okazji-przejazdu-mozna-oznakowac-rower\/#primaryimage"},"thumbnailUrl":"https:\/\/www.24gliwice.pl\/wiadomosci\/wp-content\/uploads\/2017\/09\/gliwicka-masa-krytyczna-dzie\u0144-bez-samochodu-e1505393143751.jpg","keywords":["gliwicka masa krytyczna"],"articleSection":["Gliwice","Kultura, wydarzenia, imprezy","Najnowsze wiadomo\u015bci"],"inLanguage":"pl-PL","potentialAction":[{"@type":"CommentAction","name":"Comment","target":["https:\/\/www.24gliwice.pl\/wiadomosci\/gliwicka-masa-krytyczna-pojedzie-do-siedziby-strazy-miejskiej-przy-okazji-przejazdu-mozna-oznakowac-rower\/#respond"]}]},{"@type":"WebPage","@id":"https:\/\/www.24gliwice.pl\/wiadomosci\/gliwicka-masa-krytyczna-pojedzie-do-siedziby-strazy-miejskiej-przy-okazji-przejazdu-mozna-oznakowac-rower\/","url":"https:\/\/www.24gliwice.pl\/wiadomosci\/gliwicka-masa-krytyczna-pojedzie-do-siedziby-strazy-miejskiej-przy-okazji-przejazdu-mozna-oznakowac-rower\/","name":"Gliwicka Masa Krytyczna pojedzie do siedziby stra\u017cy miejskiej. Przy okazji przejazdu mo\u017cna oznakowa\u0107 rower - 24GLIWICE - Portal Gliwice | codziennie nowe informacje","isPartOf":{"@id":"https:\/\/www.24gliwice.pl\/wiadomosci\/#website"},"primaryImageOfPage":{"@id":"https:\/\/www.24gliwice.pl\/wiadomosci\/gliwicka-masa-krytyczna-pojedzie-do-siedziby-strazy-miejskiej-przy-okazji-przejazdu-mozna-oznakowac-rower\/#primaryimage"},"image":{"@id":"https:\/\/www.24gliwice.pl\/wiadomosci\/gliwicka-masa-krytyczna-pojedzie-do-siedziby-strazy-miejskiej-przy-okazji-przejazdu-mozna-oznakowac-rower\/#primaryimage"},"thumbnailUrl":"https:\/\/www.24gliwice.pl\/wiadomosci\/wp-content\/uploads\/2017\/09\/gliwicka-masa-krytyczna-dzie\u0144-bez-samochodu-e1505393143751.jpg","datePublished":"2020-09-16T23:13:08+00:00","dateModified":"2020-09-16T23:33:59+00:00","breadcrumb":{"@id":"https:\/\/www.24gliwice.pl\/wiadomosci\/gliwicka-masa-krytyczna-pojedzie-do-siedziby-strazy-miejskiej-przy-okazji-przejazdu-mozna-oznakowac-rower\/#breadcrumb"},"inLanguage":"pl-PL","potentialAction":[{"@type":"ReadAction","target":["https:\/\/www.24gliwice.pl\/wiadomosci\/gliwicka-masa-krytyczna-pojedzie-do-siedziby-strazy-miejskiej-przy-okazji-przejazdu-mozna-oznakowac-rower\/"]}]},{"@type":"ImageObject","inLanguage":"pl-PL","@id":"https:\/\/www.24gliwice.pl\/wiadomosci\/gliwicka-masa-krytyczna-pojedzie-do-siedziby-strazy-miejskiej-przy-okazji-przejazdu-mozna-oznakowac-rower\/#primaryimage","url":"https:\/\/www.24gliwice.pl\/wiadomosci\/wp-content\/uploads\/2017\/09\/gliwicka-masa-krytyczna-dzie\u0144-bez-samochodu-e1505393143751.jpg","contentUrl":"https:\/\/www.24gliwice.pl\/wiadomosci\/wp-content\/uploads\/2017\/09\/gliwicka-masa-krytyczna-dzie\u0144-bez-samochodu-e1505393143751.jpg","width":810,"height":456},{"@type":"BreadcrumbList","@id":"https:\/\/www.24gliwice.pl\/wiadomosci\/gliwicka-masa-krytyczna-pojedzie-do-siedziby-strazy-miejskiej-przy-okazji-przejazdu-mozna-oznakowac-rower\/#breadcrumb","itemListElement":[{"@type":"ListItem","position":1,"name":"Strona g\u0142\u00f3wna","item":"https:\/\/www.24gliwice.pl\/wiadomosci\/"},{"@type":"ListItem","position":2,"name":"Gliwicka Masa Krytyczna pojedzie do siedziby stra\u017cy miejskiej. Przy okazji przejazdu mo\u017cna oznakowa\u0107 rower"}]},{"@type":"WebSite","@id":"https:\/\/www.24gliwice.pl\/wiadomosci\/#website","url":"https:\/\/www.24gliwice.pl\/wiadomosci\/","name":"24GLIWICE - Portal Gliwice | codziennie nowe wiadomo\u015bci","description":"Portal Miejski Gliwice","publisher":{"@id":"https:\/\/www.24gliwice.pl\/wiadomosci\/#organization"},"potentialAction":[{"@type":"SearchAction","target":{"@type":"EntryPoint","urlTemplate":"https:\/\/www.24gliwice.pl\/wiadomosci\/?s={search_term_string}"},"query-input":{"@type":"PropertyValueSpecification","valueRequired":true,"valueName":"search_term_string"}}],"inLanguage":"pl-PL"},{"@type":"Organization","@id":"https:\/\/www.24gliwice.pl\/wiadomosci\/#organization","name":"24gliwice","url":"https:\/\/www.24gliwice.pl\/wiadomosci\/","logo":{"@type":"ImageObject","inLanguage":"pl-PL","@id":"https:\/\/www.24gliwice.pl\/wiadomosci\/#\/schema\/logo\/image\/","url":"https:\/\/www.24gliwice.pl\/wiadomosci\/wp-content\/uploads\/2024\/10\/24gliwice-logo-696.jpg","contentUrl":"https:\/\/www.24gliwice.pl\/wiadomosci\/wp-content\/uploads\/2024\/10\/24gliwice-logo-696.jpg","width":696,"height":696,"caption":"24gliwice"},"image":{"@id":"https:\/\/www.24gliwice.pl\/wiadomosci\/#\/schema\/logo\/image\/"},"sameAs":["https:\/\/www.facebook.com\/24gliwice","https:\/\/x.com\/24gliwice","https:\/\/www.youtube.com\/@24gliwice"]},{"@type":"Person","@id":"https:\/\/www.24gliwice.pl\/wiadomosci\/#\/schema\/person\/e42c650edd7f2fa332be3811fb166b6e","name":"\u017baneta Mrozek-Siewierska","image":{"@type":"ImageObject","inLanguage":"pl-PL","@id":"https:\/\/secure.gravatar.com\/avatar\/1881429e9c64597c77ad7aef2d0a19be69a3253e57534d16aa15bf3a4d34a0a3?s=96&d=mm&r=g","url":"https:\/\/secure.gravatar.com\/avatar\/1881429e9c64597c77ad7aef2d0a19be69a3253e57534d16aa15bf3a4d34a0a3?s=96&d=mm&r=g","contentUrl":"https:\/\/secure.gravatar.com\/avatar\/1881429e9c64597c77ad7aef2d0a19be69a3253e57534d16aa15bf3a4d34a0a3?s=96&d=mm&r=g","caption":"\u017baneta Mrozek-Siewierska"},"url":"https:\/\/www.24gliwice.pl\/wiadomosci\/author\/zms\/"}]}},"_links":{"self":[{"href":"https:\/\/www.24gliwice.pl\/wiadomosci\/wp-json\/wp\/v2\/posts\/157150","targetHints":{"allow":["GET"]}}],"collection":[{"href":"https:\/\/www.24gliwice.pl\/wiadomosci\/wp-json\/wp\/v2\/posts"}],"about":[{"href":"https:\/\/www.24gliwice.pl\/wiadomosci\/wp-json\/wp\/v2\/types\/post"}],"author":[{"embeddable":true,"href":"https:\/\/www.24gliwice.pl\/wiadomosci\/wp-json\/wp\/v2\/users\/15"}],"replies":[{"embeddable":true,"href":"https:\/\/www.24gliwice.pl\/wiadomosci\/wp-json\/wp\/v2\/comments?post=157150"}],"version-history":[{"count":0,"href":"https:\/\/www.24gliwice.pl\/wiadomosci\/wp-json\/wp\/v2\/posts\/157150\/revisions"}],"wp:featuredmedia":[{"embeddable":true,"href":"https:\/\/www.24gliwice.pl\/wiadomosci\/wp-json\/wp\/v2\/media\/104228"}],"wp:attachment":[{"href":"https:\/\/www.24gliwice.pl\/wiadomosci\/wp-json\/wp\/v2\/media?parent=157150"}],"wp:term":[{"taxonomy":"category","embeddable":true,"href":"https:\/\/www.24gliwice.pl\/wiadomosci\/wp-json\/wp\/v2\/categories?post=157150"},{"taxonomy":"post_tag","embeddable":true,"href":"https:\/\/www.24gliwice.pl\/wiadomosci\/wp-json\/wp\/v2\/tags?post=157150"}],"curies":[{"name":"wp","href":"https:\/\/api.w.org\/{rel}","templated":true}]}}