{"id":157480,"date":"2020-09-15T20:17:39","date_gmt":"2020-09-15T18:17:39","guid":{"rendered":"https:\/\/www.24gliwice.pl\/wiadomosci\/?p=157480"},"modified":"2020-09-15T20:17:39","modified_gmt":"2020-09-15T18:17:39","slug":"wyprzedaz-garazowa-na-placu-krakowskim-zeby-wystawic-stoisko-wystarczy-zaplacic-zlotowke","status":"publish","type":"post","link":"https:\/\/www.24gliwice.pl\/wiadomosci\/wyprzedaz-garazowa-na-placu-krakowskim-zeby-wystawic-stoisko-wystarczy-zaplacic-zlotowke\/","title":{"rendered":"Wyprzeda\u017c gara\u017cowa na placu Krakowskim. \u017beby wystawi\u0107 stoisko wystarczy zap\u0142aci\u0107&#8230; z\u0142ot\u00f3wk\u0119"},"content":{"rendered":"<div class=\"gliwi-a6-nad-leadem-artykulow gliwi-entity-placement\" id=\"gliwi-1386807759\"><div class=\"gliwi-adlabel\"><span style=\"font-size: 9px\">REKLAMA<\/span><\/div><div id=\"gliwi-317732922\" style=\"margin-bottom: 25px;margin-left: auto;margin-right: auto;text-align: center;\"><a data-no-instant=\"1\" href=\"https:\/\/dom100.eu\/\" rel=\"noopener\" class=\"a2t-link\" target=\"_blank\" aria-label=\"20260415 DOM100 D\"><img loading=\"lazy\" decoding=\"async\" src=\"https:\/\/www.24gliwice.pl\/wiadomosci\/wp-content\/uploads\/2026\/04\/20260415-DOM100-D.jpg\" alt=\"\"  srcset=\"https:\/\/www.24gliwice.pl\/wiadomosci\/wp-content\/uploads\/2026\/04\/20260415-DOM100-D.jpg 750w, https:\/\/www.24gliwice.pl\/wiadomosci\/wp-content\/uploads\/2026\/04\/20260415-DOM100-D-410x109.jpg 410w\" sizes=\"(max-width: 750px) 100vw, 750px\" class=\"no-lazyload\" width=\"750\" height=\"200\"  style=\"display: inline-block; max-width: 100%; height: auto;\" \/><\/a><\/div><\/div><h2>Rada Dzielnicy \u015ar\u00f3dmie\u015bcie zaprasza na wyprzeda\u017c gara\u017cow\u0105, kt\u00f3r\u0105 zaplanowano w niedziel\u0119, 20 wrze\u015bnia, na placu Krakowskim. To dobra okazja, \u017ceby pozby\u0107 si\u0119 z domu zb\u0119dnych przedmiot\u00f3w, mog\u0105cych jeszcze komu\u015b pos\u0142u\u017cy\u0107. <\/h2>\n<p>Wydarzenie rozpocznie si\u0119 od godziny 8:00 i potrwa do 13:00.<\/p>\n<p>&#8211; <em>Jest to inicjatywa spo\u0142eczna i jako organizatorzy bierzemy odpowiedzialno\u015b\u0107 za ca\u0142o\u015b\u0107. Ze wzgl\u0119du na zagro\u017cenie epidemiologiczne przed ka\u017cd\u0105 wyprzeda\u017c\u0105 musimy dosta\u0107 zgod\u0119 wraz z okre\u015bleniem warunk\u00f3w sanitarnych. Sprzedaj\u0105cy bezwzgl\u0119dnie musz\u0105 mie\u0107 maski, r\u0119kawiczki i zachowa\u0107 odleg\u0142o\u015bci wzgl\u0119dem innych sprzedaj\u0105cych i kupuj\u0105cych. Prosimy o bezwzgl\u0119dne przestrzeganie zalece\u0144 organizator\u00f3w<\/em> &#8211; apeluj\u0105 organizatorzy w mediach spo\u0142eczno\u015bciowych. <\/p><div class=\"gliwi-a3-w-tresci-artykulow gliwi-entity-placement\" id=\"gliwi-906043277\"><div class=\"gliwi-adlabel\"><span style=\"font-size: 9px\">REKLAMA<\/span><\/div><div id=\"gliwi-3611708923\" style=\"margin-bottom: 30px;margin-left: auto;margin-right: auto;text-align: center;\"><a data-no-instant=\"1\" href=\"https:\/\/zlobek.halogen.org.pl\/\" rel=\"noopener\" class=\"a2t-link\" target=\"_blank\" aria-label=\"animator-zlobek_750x200\"><img loading=\"lazy\" decoding=\"async\" src=\"https:\/\/www.24gliwice.pl\/wiadomosci\/wp-content\/uploads\/2026\/02\/animator-zlobek_750x200.webp\" alt=\"\"  srcset=\"https:\/\/www.24gliwice.pl\/wiadomosci\/wp-content\/uploads\/2026\/02\/animator-zlobek_750x200.webp 750w, https:\/\/www.24gliwice.pl\/wiadomosci\/wp-content\/uploads\/2026\/02\/animator-zlobek_750x200-410x109.webp 410w\" sizes=\"(max-width: 750px) 100vw, 750px\" class=\"no-lazyload\" width=\"750\" height=\"200\"  style=\"display: inline-block; max-width: 100%; height: auto;\" \/><\/a><\/div><\/div>\n<p>Ka\u017cdy sprzedaj\u0105cy samodzielnie organizuje sobie stoisko, a po wyprzeda\u017cy zobowi\u0105zany jest do pozostawienia porz\u0105dku. Mile widziani s\u0105 r\u0119kodzielnicy, dzieci i m\u0142odzie\u017c oraz mieszka\u0144cy Gliwic. Op\u0142ata za stoisko wynosi 1 z\u0142.<\/p>\n<p><a href=\"https:\/\/www.facebook.com\/events\/617126858952264\/\" rel=\"noopener noreferrer\" target=\"_blank\">Wydarzenie w serwisie facebook.com znajduje si\u0119 tutaj. <\/a><br \/>\n(\u017cms)\/Rada Dzielnicy \u015ar\u00f3dmie\u015bcie (FB)<br \/>\nfot. px<\/p>\n<div class=\"gliwi-a5-na-koncu-artykulow gliwi-entity-placement\" id=\"gliwi-2324696547\"><div class=\"gliwi-adlabel\"><span style=\"font-size: 9px\">REKLAMA<\/span><\/div><div id=\"gliwi-4097779624\" style=\"margin-left: auto;margin-right: auto;text-align: center;\"><a data-no-instant=\"1\" href=\"https:\/\/prezeroarenagliwice.pl\/\" rel=\"noopener\" class=\"a2t-link\" target=\"_blank\" aria-label=\"20260309-PREZERO-WIOSNA-D\"><img loading=\"lazy\" decoding=\"async\" src=\"https:\/\/www.24gliwice.pl\/wiadomosci\/wp-content\/uploads\/2026\/03\/20260309-PREZERO-WIOSNA-D.webp\" alt=\"\"  srcset=\"https:\/\/www.24gliwice.pl\/wiadomosci\/wp-content\/uploads\/2026\/03\/20260309-PREZERO-WIOSNA-D.webp 750w, https:\/\/www.24gliwice.pl\/wiadomosci\/wp-content\/uploads\/2026\/03\/20260309-PREZERO-WIOSNA-D-410x109.webp 410w\" sizes=\"(max-width: 750px) 100vw, 750px\" class=\"no-lazyload\" width=\"750\" height=\"200\"  style=\"display: inline-block; max-width: 100%; height: auto;\" \/><\/a><\/div><\/div>","protected":false},"excerpt":{"rendered":"<p>Rada Dzielnicy \u015ar\u00f3dmie\u015bcie zaprasza na wyprzeda\u017c gara\u017cow\u0105, kt\u00f3r\u0105 zaplanowano w niedziel\u0119, 20 wrze\u015bnia, na placu Krakowskim. To dobra okazja, \u017ceby pozby\u0107 si\u0119 z domu zb\u0119dnych przedmiot\u00f3w, mog\u0105cych jeszcze komu\u015b pos\u0142u\u017cy\u0107. Wydarzenie rozpocznie si\u0119 od godziny 8:00 i potrwa do 13:00. &#8211; Jest to inicjatywa spo\u0142eczna i jako organizatorzy bierzemy odpowiedzialno\u015b\u0107 za ca\u0142o\u015b\u0107. Ze wzgl\u0119du na [&hellip;]<\/p>\n","protected":false},"author":15,"featured_media":157483,"comment_status":"open","ping_status":"closed","sticky":false,"template":"","format":"standard","meta":{"_monsterinsights_skip_tracking":false,"_monsterinsights_sitenote_active":false,"_monsterinsights_sitenote_note":"","_monsterinsights_sitenote_category":0,"footnotes":"","_links_to":"","_links_to_target":""},"categories":[3,6,1],"tags":[2091,7319],"class_list":["post-157480","post","type-post","status-publish","format-standard","has-post-thumbnail","hentry","category-gliwice","category-kultura","category-wszystko","tag-plac-krakowski","tag-wyprzedaz-garazowa"],"yoast_head":"<!-- This site is optimized with the Yoast SEO plugin v27.5 - https:\/\/yoast.com\/product\/yoast-seo-wordpress\/ -->\n<title>Wyprzeda\u017c gara\u017cowa na placu Krakowskim. \u017beby wystawi\u0107 stoisko wystarczy zap\u0142aci\u0107... z\u0142ot\u00f3wk\u0119 - 24GLIWICE - Portal Gliwice | codziennie nowe informacje<\/title>\n<meta name=\"robots\" content=\"index, follow, max-snippet:-1, max-image-preview:large, max-video-preview:-1\" \/>\n<link rel=\"canonical\" href=\"https:\/\/www.24gliwice.pl\/wiadomosci\/wyprzedaz-garazowa-na-placu-krakowskim-zeby-wystawic-stoisko-wystarczy-zaplacic-zlotowke\/\" \/>\n<meta property=\"og:locale\" content=\"pl_PL\" \/>\n<meta property=\"og:type\" content=\"article\" \/>\n<meta property=\"og:title\" content=\"Wyprzeda\u017c gara\u017cowa na placu Krakowskim. \u017beby wystawi\u0107 stoisko wystarczy zap\u0142aci\u0107... z\u0142ot\u00f3wk\u0119 - 24GLIWICE - Portal Gliwice | codziennie nowe informacje\" \/>\n<meta property=\"og:description\" content=\"Rada Dzielnicy \u015ar\u00f3dmie\u015bcie zaprasza na wyprzeda\u017c gara\u017cow\u0105, kt\u00f3r\u0105 zaplanowano w niedziel\u0119, 20 wrze\u015bnia, na placu Krakowskim. To dobra okazja, \u017ceby pozby\u0107 si\u0119 z domu zb\u0119dnych przedmiot\u00f3w, mog\u0105cych jeszcze komu\u015b pos\u0142u\u017cy\u0107. Wydarzenie rozpocznie si\u0119 od godziny 8:00 i potrwa do 13:00. &#8211; Jest to inicjatywa spo\u0142eczna i jako organizatorzy bierzemy odpowiedzialno\u015b\u0107 za ca\u0142o\u015b\u0107. Ze wzgl\u0119du na [&hellip;]\" \/>\n<meta property=\"og:url\" content=\"https:\/\/www.24gliwice.pl\/wiadomosci\/wyprzedaz-garazowa-na-placu-krakowskim-zeby-wystawic-stoisko-wystarczy-zaplacic-zlotowke\/\" \/>\n<meta property=\"og:site_name\" content=\"24GLIWICE - Portal Gliwice | codziennie nowe informacje\" \/>\n<meta property=\"article:publisher\" content=\"https:\/\/www.facebook.com\/24gliwice\" \/>\n<meta property=\"article:published_time\" content=\"2020-09-15T18:17:39+00:00\" \/>\n<meta property=\"og:image\" content=\"https:\/\/www.24gliwice.pl\/wiadomosci\/wp-content\/uploads\/2020\/09\/wyprzedaz-garazowa.jpg\" \/>\n\t<meta property=\"og:image:width\" content=\"810\" \/>\n\t<meta property=\"og:image:height\" content=\"457\" \/>\n\t<meta property=\"og:image:type\" content=\"image\/jpeg\" \/>\n<meta name=\"author\" content=\"\u017baneta Mrozek-Siewierska\" \/>\n<meta name=\"twitter:card\" content=\"summary_large_image\" \/>\n<meta name=\"twitter:creator\" content=\"@24gliwice\" \/>\n<meta name=\"twitter:site\" content=\"@24gliwice\" \/>\n<meta name=\"twitter:label1\" content=\"Napisane przez\" \/>\n\t<meta name=\"twitter:data1\" content=\"\u017baneta Mrozek-Siewierska\" \/>\n\t<meta name=\"twitter:label2\" content=\"Szacowany czas czytania\" \/>\n\t<meta name=\"twitter:data2\" content=\"1 minuta\" \/>\n<script type=\"application\/ld+json\" class=\"yoast-schema-graph\">{\"@context\":\"https:\\\/\\\/schema.org\",\"@graph\":[{\"@type\":\"Article\",\"@id\":\"https:\\\/\\\/www.24gliwice.pl\\\/wiadomosci\\\/wyprzedaz-garazowa-na-placu-krakowskim-zeby-wystawic-stoisko-wystarczy-zaplacic-zlotowke\\\/#article\",\"isPartOf\":{\"@id\":\"https:\\\/\\\/www.24gliwice.pl\\\/wiadomosci\\\/wyprzedaz-garazowa-na-placu-krakowskim-zeby-wystawic-stoisko-wystarczy-zaplacic-zlotowke\\\/\"},\"author\":{\"name\":\"\u017baneta Mrozek-Siewierska\",\"@id\":\"https:\\\/\\\/www.24gliwice.pl\\\/wiadomosci\\\/#\\\/schema\\\/person\\\/e42c650edd7f2fa332be3811fb166b6e\"},\"headline\":\"Wyprzeda\u017c gara\u017cowa na placu Krakowskim. \u017beby wystawi\u0107 stoisko wystarczy zap\u0142aci\u0107&#8230; z\u0142ot\u00f3wk\u0119\",\"datePublished\":\"2020-09-15T18:17:39+00:00\",\"mainEntityOfPage\":{\"@id\":\"https:\\\/\\\/www.24gliwice.pl\\\/wiadomosci\\\/wyprzedaz-garazowa-na-placu-krakowskim-zeby-wystawic-stoisko-wystarczy-zaplacic-zlotowke\\\/\"},\"wordCount\":190,\"commentCount\":0,\"publisher\":{\"@id\":\"https:\\\/\\\/www.24gliwice.pl\\\/wiadomosci\\\/#organization\"},\"image\":{\"@id\":\"https:\\\/\\\/www.24gliwice.pl\\\/wiadomosci\\\/wyprzedaz-garazowa-na-placu-krakowskim-zeby-wystawic-stoisko-wystarczy-zaplacic-zlotowke\\\/#primaryimage\"},\"thumbnailUrl\":\"https:\\\/\\\/www.24gliwice.pl\\\/wiadomosci\\\/wp-content\\\/uploads\\\/2020\\\/09\\\/wyprzedaz-garazowa.jpg\",\"keywords\":[\"PLAC KRAKOWSKI\",\"WYPRZEDA\u017b GARA\u017bOWA\"],\"articleSection\":[\"Gliwice\",\"Kultura, wydarzenia, imprezy\",\"Najnowsze wiadomo\u015bci\"],\"inLanguage\":\"pl-PL\",\"potentialAction\":[{\"@type\":\"CommentAction\",\"name\":\"Comment\",\"target\":[\"https:\\\/\\\/www.24gliwice.pl\\\/wiadomosci\\\/wyprzedaz-garazowa-na-placu-krakowskim-zeby-wystawic-stoisko-wystarczy-zaplacic-zlotowke\\\/#respond\"]}]},{\"@type\":\"WebPage\",\"@id\":\"https:\\\/\\\/www.24gliwice.pl\\\/wiadomosci\\\/wyprzedaz-garazowa-na-placu-krakowskim-zeby-wystawic-stoisko-wystarczy-zaplacic-zlotowke\\\/\",\"url\":\"https:\\\/\\\/www.24gliwice.pl\\\/wiadomosci\\\/wyprzedaz-garazowa-na-placu-krakowskim-zeby-wystawic-stoisko-wystarczy-zaplacic-zlotowke\\\/\",\"name\":\"Wyprzeda\u017c gara\u017cowa na placu Krakowskim. \u017beby wystawi\u0107 stoisko wystarczy zap\u0142aci\u0107... z\u0142ot\u00f3wk\u0119 - 24GLIWICE - Portal Gliwice | codziennie nowe informacje\",\"isPartOf\":{\"@id\":\"https:\\\/\\\/www.24gliwice.pl\\\/wiadomosci\\\/#website\"},\"primaryImageOfPage\":{\"@id\":\"https:\\\/\\\/www.24gliwice.pl\\\/wiadomosci\\\/wyprzedaz-garazowa-na-placu-krakowskim-zeby-wystawic-stoisko-wystarczy-zaplacic-zlotowke\\\/#primaryimage\"},\"image\":{\"@id\":\"https:\\\/\\\/www.24gliwice.pl\\\/wiadomosci\\\/wyprzedaz-garazowa-na-placu-krakowskim-zeby-wystawic-stoisko-wystarczy-zaplacic-zlotowke\\\/#primaryimage\"},\"thumbnailUrl\":\"https:\\\/\\\/www.24gliwice.pl\\\/wiadomosci\\\/wp-content\\\/uploads\\\/2020\\\/09\\\/wyprzedaz-garazowa.jpg\",\"datePublished\":\"2020-09-15T18:17:39+00:00\",\"breadcrumb\":{\"@id\":\"https:\\\/\\\/www.24gliwice.pl\\\/wiadomosci\\\/wyprzedaz-garazowa-na-placu-krakowskim-zeby-wystawic-stoisko-wystarczy-zaplacic-zlotowke\\\/#breadcrumb\"},\"inLanguage\":\"pl-PL\",\"potentialAction\":[{\"@type\":\"ReadAction\",\"target\":[\"https:\\\/\\\/www.24gliwice.pl\\\/wiadomosci\\\/wyprzedaz-garazowa-na-placu-krakowskim-zeby-wystawic-stoisko-wystarczy-zaplacic-zlotowke\\\/\"]}]},{\"@type\":\"ImageObject\",\"inLanguage\":\"pl-PL\",\"@id\":\"https:\\\/\\\/www.24gliwice.pl\\\/wiadomosci\\\/wyprzedaz-garazowa-na-placu-krakowskim-zeby-wystawic-stoisko-wystarczy-zaplacic-zlotowke\\\/#primaryimage\",\"url\":\"https:\\\/\\\/www.24gliwice.pl\\\/wiadomosci\\\/wp-content\\\/uploads\\\/2020\\\/09\\\/wyprzedaz-garazowa.jpg\",\"contentUrl\":\"https:\\\/\\\/www.24gliwice.pl\\\/wiadomosci\\\/wp-content\\\/uploads\\\/2020\\\/09\\\/wyprzedaz-garazowa.jpg\",\"width\":810,\"height\":457},{\"@type\":\"BreadcrumbList\",\"@id\":\"https:\\\/\\\/www.24gliwice.pl\\\/wiadomosci\\\/wyprzedaz-garazowa-na-placu-krakowskim-zeby-wystawic-stoisko-wystarczy-zaplacic-zlotowke\\\/#breadcrumb\",\"itemListElement\":[{\"@type\":\"ListItem\",\"position\":1,\"name\":\"Strona g\u0142\u00f3wna\",\"item\":\"https:\\\/\\\/www.24gliwice.pl\\\/wiadomosci\\\/\"},{\"@type\":\"ListItem\",\"position\":2,\"name\":\"Wyprzeda\u017c gara\u017cowa na placu Krakowskim. \u017beby wystawi\u0107 stoisko wystarczy zap\u0142aci\u0107&#8230; z\u0142ot\u00f3wk\u0119\"}]},{\"@type\":\"WebSite\",\"@id\":\"https:\\\/\\\/www.24gliwice.pl\\\/wiadomosci\\\/#website\",\"url\":\"https:\\\/\\\/www.24gliwice.pl\\\/wiadomosci\\\/\",\"name\":\"24GLIWICE - Portal Gliwice | codziennie nowe wiadomo\u015bci\",\"description\":\"Portal Miejski Gliwice\",\"publisher\":{\"@id\":\"https:\\\/\\\/www.24gliwice.pl\\\/wiadomosci\\\/#organization\"},\"potentialAction\":[{\"@type\":\"SearchAction\",\"target\":{\"@type\":\"EntryPoint\",\"urlTemplate\":\"https:\\\/\\\/www.24gliwice.pl\\\/wiadomosci\\\/?s={search_term_string}\"},\"query-input\":{\"@type\":\"PropertyValueSpecification\",\"valueRequired\":true,\"valueName\":\"search_term_string\"}}],\"inLanguage\":\"pl-PL\"},{\"@type\":\"Organization\",\"@id\":\"https:\\\/\\\/www.24gliwice.pl\\\/wiadomosci\\\/#organization\",\"name\":\"24gliwice\",\"url\":\"https:\\\/\\\/www.24gliwice.pl\\\/wiadomosci\\\/\",\"logo\":{\"@type\":\"ImageObject\",\"inLanguage\":\"pl-PL\",\"@id\":\"https:\\\/\\\/www.24gliwice.pl\\\/wiadomosci\\\/#\\\/schema\\\/logo\\\/image\\\/\",\"url\":\"https:\\\/\\\/www.24gliwice.pl\\\/wiadomosci\\\/wp-content\\\/uploads\\\/2024\\\/10\\\/24gliwice-logo-696.jpg\",\"contentUrl\":\"https:\\\/\\\/www.24gliwice.pl\\\/wiadomosci\\\/wp-content\\\/uploads\\\/2024\\\/10\\\/24gliwice-logo-696.jpg\",\"width\":696,\"height\":696,\"caption\":\"24gliwice\"},\"image\":{\"@id\":\"https:\\\/\\\/www.24gliwice.pl\\\/wiadomosci\\\/#\\\/schema\\\/logo\\\/image\\\/\"},\"sameAs\":[\"https:\\\/\\\/www.facebook.com\\\/24gliwice\",\"https:\\\/\\\/x.com\\\/24gliwice\",\"https:\\\/\\\/www.youtube.com\\\/@24gliwice\"]},{\"@type\":\"Person\",\"@id\":\"https:\\\/\\\/www.24gliwice.pl\\\/wiadomosci\\\/#\\\/schema\\\/person\\\/e42c650edd7f2fa332be3811fb166b6e\",\"name\":\"\u017baneta Mrozek-Siewierska\",\"image\":{\"@type\":\"ImageObject\",\"inLanguage\":\"pl-PL\",\"@id\":\"https:\\\/\\\/secure.gravatar.com\\\/avatar\\\/1881429e9c64597c77ad7aef2d0a19be69a3253e57534d16aa15bf3a4d34a0a3?s=96&d=mm&r=g\",\"url\":\"https:\\\/\\\/secure.gravatar.com\\\/avatar\\\/1881429e9c64597c77ad7aef2d0a19be69a3253e57534d16aa15bf3a4d34a0a3?s=96&d=mm&r=g\",\"contentUrl\":\"https:\\\/\\\/secure.gravatar.com\\\/avatar\\\/1881429e9c64597c77ad7aef2d0a19be69a3253e57534d16aa15bf3a4d34a0a3?s=96&d=mm&r=g\",\"caption\":\"\u017baneta Mrozek-Siewierska\"},\"url\":\"https:\\\/\\\/www.24gliwice.pl\\\/wiadomosci\\\/author\\\/zms\\\/\"}]}<\/script>\n<!-- \/ Yoast SEO plugin. -->","yoast_head_json":{"title":"Wyprzeda\u017c gara\u017cowa na placu Krakowskim. \u017beby wystawi\u0107 stoisko wystarczy zap\u0142aci\u0107... z\u0142ot\u00f3wk\u0119 - 24GLIWICE - Portal Gliwice | codziennie nowe informacje","robots":{"index":"index","follow":"follow","max-snippet":"max-snippet:-1","max-image-preview":"max-image-preview:large","max-video-preview":"max-video-preview:-1"},"canonical":"https:\/\/www.24gliwice.pl\/wiadomosci\/wyprzedaz-garazowa-na-placu-krakowskim-zeby-wystawic-stoisko-wystarczy-zaplacic-zlotowke\/","og_locale":"pl_PL","og_type":"article","og_title":"Wyprzeda\u017c gara\u017cowa na placu Krakowskim. \u017beby wystawi\u0107 stoisko wystarczy zap\u0142aci\u0107... z\u0142ot\u00f3wk\u0119 - 24GLIWICE - Portal Gliwice | codziennie nowe informacje","og_description":"Rada Dzielnicy \u015ar\u00f3dmie\u015bcie zaprasza na wyprzeda\u017c gara\u017cow\u0105, kt\u00f3r\u0105 zaplanowano w niedziel\u0119, 20 wrze\u015bnia, na placu Krakowskim. To dobra okazja, \u017ceby pozby\u0107 si\u0119 z domu zb\u0119dnych przedmiot\u00f3w, mog\u0105cych jeszcze komu\u015b pos\u0142u\u017cy\u0107. Wydarzenie rozpocznie si\u0119 od godziny 8:00 i potrwa do 13:00. &#8211; Jest to inicjatywa spo\u0142eczna i jako organizatorzy bierzemy odpowiedzialno\u015b\u0107 za ca\u0142o\u015b\u0107. Ze wzgl\u0119du na [&hellip;]","og_url":"https:\/\/www.24gliwice.pl\/wiadomosci\/wyprzedaz-garazowa-na-placu-krakowskim-zeby-wystawic-stoisko-wystarczy-zaplacic-zlotowke\/","og_site_name":"24GLIWICE - Portal Gliwice | codziennie nowe informacje","article_publisher":"https:\/\/www.facebook.com\/24gliwice","article_published_time":"2020-09-15T18:17:39+00:00","og_image":[{"width":810,"height":457,"url":"https:\/\/www.24gliwice.pl\/wiadomosci\/wp-content\/uploads\/2020\/09\/wyprzedaz-garazowa.jpg","type":"image\/jpeg"}],"author":"\u017baneta Mrozek-Siewierska","twitter_card":"summary_large_image","twitter_creator":"@24gliwice","twitter_site":"@24gliwice","twitter_misc":{"Napisane przez":"\u017baneta Mrozek-Siewierska","Szacowany czas czytania":"1 minuta"},"schema":{"@context":"https:\/\/schema.org","@graph":[{"@type":"Article","@id":"https:\/\/www.24gliwice.pl\/wiadomosci\/wyprzedaz-garazowa-na-placu-krakowskim-zeby-wystawic-stoisko-wystarczy-zaplacic-zlotowke\/#article","isPartOf":{"@id":"https:\/\/www.24gliwice.pl\/wiadomosci\/wyprzedaz-garazowa-na-placu-krakowskim-zeby-wystawic-stoisko-wystarczy-zaplacic-zlotowke\/"},"author":{"name":"\u017baneta Mrozek-Siewierska","@id":"https:\/\/www.24gliwice.pl\/wiadomosci\/#\/schema\/person\/e42c650edd7f2fa332be3811fb166b6e"},"headline":"Wyprzeda\u017c gara\u017cowa na placu Krakowskim. \u017beby wystawi\u0107 stoisko wystarczy zap\u0142aci\u0107&#8230; z\u0142ot\u00f3wk\u0119","datePublished":"2020-09-15T18:17:39+00:00","mainEntityOfPage":{"@id":"https:\/\/www.24gliwice.pl\/wiadomosci\/wyprzedaz-garazowa-na-placu-krakowskim-zeby-wystawic-stoisko-wystarczy-zaplacic-zlotowke\/"},"wordCount":190,"commentCount":0,"publisher":{"@id":"https:\/\/www.24gliwice.pl\/wiadomosci\/#organization"},"image":{"@id":"https:\/\/www.24gliwice.pl\/wiadomosci\/wyprzedaz-garazowa-na-placu-krakowskim-zeby-wystawic-stoisko-wystarczy-zaplacic-zlotowke\/#primaryimage"},"thumbnailUrl":"https:\/\/www.24gliwice.pl\/wiadomosci\/wp-content\/uploads\/2020\/09\/wyprzedaz-garazowa.jpg","keywords":["PLAC KRAKOWSKI","WYPRZEDA\u017b GARA\u017bOWA"],"articleSection":["Gliwice","Kultura, wydarzenia, imprezy","Najnowsze wiadomo\u015bci"],"inLanguage":"pl-PL","potentialAction":[{"@type":"CommentAction","name":"Comment","target":["https:\/\/www.24gliwice.pl\/wiadomosci\/wyprzedaz-garazowa-na-placu-krakowskim-zeby-wystawic-stoisko-wystarczy-zaplacic-zlotowke\/#respond"]}]},{"@type":"WebPage","@id":"https:\/\/www.24gliwice.pl\/wiadomosci\/wyprzedaz-garazowa-na-placu-krakowskim-zeby-wystawic-stoisko-wystarczy-zaplacic-zlotowke\/","url":"https:\/\/www.24gliwice.pl\/wiadomosci\/wyprzedaz-garazowa-na-placu-krakowskim-zeby-wystawic-stoisko-wystarczy-zaplacic-zlotowke\/","name":"Wyprzeda\u017c gara\u017cowa na placu Krakowskim. \u017beby wystawi\u0107 stoisko wystarczy zap\u0142aci\u0107... z\u0142ot\u00f3wk\u0119 - 24GLIWICE - Portal Gliwice | codziennie nowe informacje","isPartOf":{"@id":"https:\/\/www.24gliwice.pl\/wiadomosci\/#website"},"primaryImageOfPage":{"@id":"https:\/\/www.24gliwice.pl\/wiadomosci\/wyprzedaz-garazowa-na-placu-krakowskim-zeby-wystawic-stoisko-wystarczy-zaplacic-zlotowke\/#primaryimage"},"image":{"@id":"https:\/\/www.24gliwice.pl\/wiadomosci\/wyprzedaz-garazowa-na-placu-krakowskim-zeby-wystawic-stoisko-wystarczy-zaplacic-zlotowke\/#primaryimage"},"thumbnailUrl":"https:\/\/www.24gliwice.pl\/wiadomosci\/wp-content\/uploads\/2020\/09\/wyprzedaz-garazowa.jpg","datePublished":"2020-09-15T18:17:39+00:00","breadcrumb":{"@id":"https:\/\/www.24gliwice.pl\/wiadomosci\/wyprzedaz-garazowa-na-placu-krakowskim-zeby-wystawic-stoisko-wystarczy-zaplacic-zlotowke\/#breadcrumb"},"inLanguage":"pl-PL","potentialAction":[{"@type":"ReadAction","target":["https:\/\/www.24gliwice.pl\/wiadomosci\/wyprzedaz-garazowa-na-placu-krakowskim-zeby-wystawic-stoisko-wystarczy-zaplacic-zlotowke\/"]}]},{"@type":"ImageObject","inLanguage":"pl-PL","@id":"https:\/\/www.24gliwice.pl\/wiadomosci\/wyprzedaz-garazowa-na-placu-krakowskim-zeby-wystawic-stoisko-wystarczy-zaplacic-zlotowke\/#primaryimage","url":"https:\/\/www.24gliwice.pl\/wiadomosci\/wp-content\/uploads\/2020\/09\/wyprzedaz-garazowa.jpg","contentUrl":"https:\/\/www.24gliwice.pl\/wiadomosci\/wp-content\/uploads\/2020\/09\/wyprzedaz-garazowa.jpg","width":810,"height":457},{"@type":"BreadcrumbList","@id":"https:\/\/www.24gliwice.pl\/wiadomosci\/wyprzedaz-garazowa-na-placu-krakowskim-zeby-wystawic-stoisko-wystarczy-zaplacic-zlotowke\/#breadcrumb","itemListElement":[{"@type":"ListItem","position":1,"name":"Strona g\u0142\u00f3wna","item":"https:\/\/www.24gliwice.pl\/wiadomosci\/"},{"@type":"ListItem","position":2,"name":"Wyprzeda\u017c gara\u017cowa na placu Krakowskim. \u017beby wystawi\u0107 stoisko wystarczy zap\u0142aci\u0107&#8230; z\u0142ot\u00f3wk\u0119"}]},{"@type":"WebSite","@id":"https:\/\/www.24gliwice.pl\/wiadomosci\/#website","url":"https:\/\/www.24gliwice.pl\/wiadomosci\/","name":"24GLIWICE - Portal Gliwice | codziennie nowe wiadomo\u015bci","description":"Portal Miejski Gliwice","publisher":{"@id":"https:\/\/www.24gliwice.pl\/wiadomosci\/#organization"},"potentialAction":[{"@type":"SearchAction","target":{"@type":"EntryPoint","urlTemplate":"https:\/\/www.24gliwice.pl\/wiadomosci\/?s={search_term_string}"},"query-input":{"@type":"PropertyValueSpecification","valueRequired":true,"valueName":"search_term_string"}}],"inLanguage":"pl-PL"},{"@type":"Organization","@id":"https:\/\/www.24gliwice.pl\/wiadomosci\/#organization","name":"24gliwice","url":"https:\/\/www.24gliwice.pl\/wiadomosci\/","logo":{"@type":"ImageObject","inLanguage":"pl-PL","@id":"https:\/\/www.24gliwice.pl\/wiadomosci\/#\/schema\/logo\/image\/","url":"https:\/\/www.24gliwice.pl\/wiadomosci\/wp-content\/uploads\/2024\/10\/24gliwice-logo-696.jpg","contentUrl":"https:\/\/www.24gliwice.pl\/wiadomosci\/wp-content\/uploads\/2024\/10\/24gliwice-logo-696.jpg","width":696,"height":696,"caption":"24gliwice"},"image":{"@id":"https:\/\/www.24gliwice.pl\/wiadomosci\/#\/schema\/logo\/image\/"},"sameAs":["https:\/\/www.facebook.com\/24gliwice","https:\/\/x.com\/24gliwice","https:\/\/www.youtube.com\/@24gliwice"]},{"@type":"Person","@id":"https:\/\/www.24gliwice.pl\/wiadomosci\/#\/schema\/person\/e42c650edd7f2fa332be3811fb166b6e","name":"\u017baneta Mrozek-Siewierska","image":{"@type":"ImageObject","inLanguage":"pl-PL","@id":"https:\/\/secure.gravatar.com\/avatar\/1881429e9c64597c77ad7aef2d0a19be69a3253e57534d16aa15bf3a4d34a0a3?s=96&d=mm&r=g","url":"https:\/\/secure.gravatar.com\/avatar\/1881429e9c64597c77ad7aef2d0a19be69a3253e57534d16aa15bf3a4d34a0a3?s=96&d=mm&r=g","contentUrl":"https:\/\/secure.gravatar.com\/avatar\/1881429e9c64597c77ad7aef2d0a19be69a3253e57534d16aa15bf3a4d34a0a3?s=96&d=mm&r=g","caption":"\u017baneta Mrozek-Siewierska"},"url":"https:\/\/www.24gliwice.pl\/wiadomosci\/author\/zms\/"}]}},"_links":{"self":[{"href":"https:\/\/www.24gliwice.pl\/wiadomosci\/wp-json\/wp\/v2\/posts\/157480","targetHints":{"allow":["GET"]}}],"collection":[{"href":"https:\/\/www.24gliwice.pl\/wiadomosci\/wp-json\/wp\/v2\/posts"}],"about":[{"href":"https:\/\/www.24gliwice.pl\/wiadomosci\/wp-json\/wp\/v2\/types\/post"}],"author":[{"embeddable":true,"href":"https:\/\/www.24gliwice.pl\/wiadomosci\/wp-json\/wp\/v2\/users\/15"}],"replies":[{"embeddable":true,"href":"https:\/\/www.24gliwice.pl\/wiadomosci\/wp-json\/wp\/v2\/comments?post=157480"}],"version-history":[{"count":0,"href":"https:\/\/www.24gliwice.pl\/wiadomosci\/wp-json\/wp\/v2\/posts\/157480\/revisions"}],"wp:featuredmedia":[{"embeddable":true,"href":"https:\/\/www.24gliwice.pl\/wiadomosci\/wp-json\/wp\/v2\/media\/157483"}],"wp:attachment":[{"href":"https:\/\/www.24gliwice.pl\/wiadomosci\/wp-json\/wp\/v2\/media?parent=157480"}],"wp:term":[{"taxonomy":"category","embeddable":true,"href":"https:\/\/www.24gliwice.pl\/wiadomosci\/wp-json\/wp\/v2\/categories?post=157480"},{"taxonomy":"post_tag","embeddable":true,"href":"https:\/\/www.24gliwice.pl\/wiadomosci\/wp-json\/wp\/v2\/tags?post=157480"}],"curies":[{"name":"wp","href":"https:\/\/api.w.org\/{rel}","templated":true}]}}