{"id":159023,"date":"2020-10-17T00:30:27","date_gmt":"2020-10-16T22:30:27","guid":{"rendered":"https:\/\/www.24gliwice.pl\/wiadomosci\/?p=159023"},"modified":"2020-10-17T00:30:27","modified_gmt":"2020-10-16T22:30:27","slug":"gliwickie-kryte-plywalnie-znow-zamkniete-to-efekt-nowych-obostrzen-na-terenie-calego-kraju","status":"publish","type":"post","link":"https:\/\/www.24gliwice.pl\/wiadomosci\/gliwickie-kryte-plywalnie-znow-zamkniete-to-efekt-nowych-obostrzen-na-terenie-calego-kraju\/","title":{"rendered":"Gliwickie kryte p\u0142ywalnie zn\u00f3w zamkni\u0119te. To efekt nowych obostrze\u0144 na terenie ca\u0142ego kraju"},"content":{"rendered":"<div class=\"gliwi-a6-nad-leadem-artykulow gliwi-entity-placement\" id=\"gliwi-1039271888\"><div class=\"gliwi-adlabel\"><span style=\"font-size: 9px\">REKLAMA<\/span><\/div><div id=\"gliwi-3942094752\" style=\"margin-bottom: 30px;margin-left: auto;margin-right: auto;text-align: center;\"><a data-no-instant=\"1\" href=\"https:\/\/przedszkole.halogen.org.pl\/\" rel=\"noopener\" class=\"a2t-link\" target=\"_blank\" aria-label=\"20260402-ANIMATOR-przedszkole_grafika_750x200\"><img loading=\"lazy\" decoding=\"async\" src=\"https:\/\/www.24gliwice.pl\/wiadomosci\/wp-content\/uploads\/2026\/04\/20260402-ANIMATOR-przedszkole_grafika_750x200.webp\" alt=\"\"  srcset=\"https:\/\/www.24gliwice.pl\/wiadomosci\/wp-content\/uploads\/2026\/04\/20260402-ANIMATOR-przedszkole_grafika_750x200.webp 750w, https:\/\/www.24gliwice.pl\/wiadomosci\/wp-content\/uploads\/2026\/04\/20260402-ANIMATOR-przedszkole_grafika_750x200-410x109.webp 410w\" sizes=\"(max-width: 750px) 100vw, 750px\" class=\"no-lazyload\" width=\"750\" height=\"200\"  style=\"display: inline-block; max-width: 100%; height: auto;\" \/><\/a><\/div><\/div><h2>Olimpijczyk, Mewa oraz Delfin od soboty pozostan\u0105 zamkni\u0119te a\u017c do odwo\u0142ania. To efekt zaostrzenia polityki przeciwdzia\u0142ania kolejnym zaka\u017ceniom koronawirusem. <\/h2>\n<p>&#8211; <em>W zwi\u0105zku z nowymi obostrzeniami, Miejski Zarz\u0105d Us\u0142ug Komunalnych informuje o konieczno\u015bci zamkni\u0119cia krytych p\u0142ywalni Olimpijczyk, Mewa oraz Delfin. Pocz\u0105wszy od soboty, 17 pa\u017adziernika, a\u017c do odwo\u0142ania, obiekty b\u0119d\u0105 niedost\u0119pne dla u\u017cytkownik\u00f3w<\/em> &#8211; poinformowa\u0142 MZUK w witrynie internetowej. <\/p>\n<p>Decyzja o ponownym otwarciu p\u0142ywalni zale\u017cna b\u0119dzie od wytycznych Rz\u0105du oraz od obowi\u0105zuj\u0105cych przepis\u00f3w sanitarnych.<\/p><div class=\"gliwi-a3-w-tresci-artykulow gliwi-entity-placement\" id=\"gliwi-2057765392\"><div class=\"gliwi-adlabel\"><span style=\"font-size: 9px\">REKLAMA<\/span><\/div><div id=\"gliwi-734999582\" style=\"margin-bottom: 30px;margin-left: auto;margin-right: auto;text-align: center;\"><a data-no-instant=\"1\" href=\"https:\/\/zlobek.halogen.org.pl\/\" rel=\"noopener\" class=\"a2t-link\" target=\"_blank\" aria-label=\"animator-zlobek_750x200\"><img loading=\"lazy\" decoding=\"async\" src=\"https:\/\/www.24gliwice.pl\/wiadomosci\/wp-content\/uploads\/2026\/02\/animator-zlobek_750x200.webp\" alt=\"\"  srcset=\"https:\/\/www.24gliwice.pl\/wiadomosci\/wp-content\/uploads\/2026\/02\/animator-zlobek_750x200.webp 750w, https:\/\/www.24gliwice.pl\/wiadomosci\/wp-content\/uploads\/2026\/02\/animator-zlobek_750x200-410x109.webp 410w\" sizes=\"(max-width: 750px) 100vw, 750px\" class=\"no-lazyload\" width=\"750\" height=\"200\"  style=\"display: inline-block; max-width: 100%; height: auto;\" \/><\/a><\/div><\/div>\n<p>(\u017cms)\/MZUK Gliwice<br \/>\nfot. arch. 24gliwice.pl<\/p>\n<div class=\"gliwi-a5-na-koncu-artykulow gliwi-entity-placement\" id=\"gliwi-4085266584\"><div class=\"gliwi-adlabel\"><span style=\"font-size: 9px\">REKLAMA<\/span><\/div><div id=\"gliwi-892251983\" style=\"margin-left: auto;margin-right: auto;text-align: center;\"><a data-no-instant=\"1\" href=\"https:\/\/prezeroarenagliwice.pl\/\" rel=\"noopener\" class=\"a2t-link\" target=\"_blank\" aria-label=\"20260309-PREZERO-WIOSNA-D\"><img loading=\"lazy\" decoding=\"async\" src=\"https:\/\/www.24gliwice.pl\/wiadomosci\/wp-content\/uploads\/2026\/03\/20260309-PREZERO-WIOSNA-D.webp\" alt=\"\"  srcset=\"https:\/\/www.24gliwice.pl\/wiadomosci\/wp-content\/uploads\/2026\/03\/20260309-PREZERO-WIOSNA-D.webp 750w, https:\/\/www.24gliwice.pl\/wiadomosci\/wp-content\/uploads\/2026\/03\/20260309-PREZERO-WIOSNA-D-410x109.webp 410w\" sizes=\"(max-width: 750px) 100vw, 750px\" class=\"no-lazyload\" width=\"750\" height=\"200\"  style=\"display: inline-block; max-width: 100%; height: auto;\" \/><\/a><\/div><\/div>","protected":false},"excerpt":{"rendered":"<p>Olimpijczyk, Mewa oraz Delfin od soboty pozostan\u0105 zamkni\u0119te a\u017c do odwo\u0142ania. To efekt zaostrzenia polityki przeciwdzia\u0142ania kolejnym zaka\u017ceniom koronawirusem. &#8211; W zwi\u0105zku z nowymi obostrzeniami, Miejski Zarz\u0105d Us\u0142ug Komunalnych informuje o konieczno\u015bci zamkni\u0119cia krytych p\u0142ywalni Olimpijczyk, Mewa oraz Delfin. Pocz\u0105wszy od soboty, 17 pa\u017adziernika, a\u017c do odwo\u0142ania, obiekty b\u0119d\u0105 niedost\u0119pne dla u\u017cytkownik\u00f3w &#8211; poinformowa\u0142 MZUK [&hellip;]<\/p>\n","protected":false},"author":15,"featured_media":0,"comment_status":"open","ping_status":"closed","sticky":false,"template":"","format":"standard","meta":{"_monsterinsights_skip_tracking":false,"_monsterinsights_sitenote_active":false,"_monsterinsights_sitenote_note":"","_monsterinsights_sitenote_category":0,"footnotes":"","_links_to":"","_links_to_target":""},"categories":[3,6,1],"tags":[9554,17708],"class_list":["post-159023","post","type-post","status-publish","format-standard","hentry","category-gliwice","category-kultura","category-wszystko","tag-baseny","tag-koronawirus"],"yoast_head":"<!-- This site is optimized with the Yoast SEO plugin v27.5 - https:\/\/yoast.com\/product\/yoast-seo-wordpress\/ -->\n<title>Gliwickie kryte p\u0142ywalnie zn\u00f3w zamkni\u0119te. To efekt nowych obostrze\u0144 na terenie ca\u0142ego kraju - 24GLIWICE - Portal Gliwice | codziennie nowe informacje<\/title>\n<meta name=\"robots\" content=\"index, follow, max-snippet:-1, max-image-preview:large, max-video-preview:-1\" \/>\n<link rel=\"canonical\" href=\"https:\/\/www.24gliwice.pl\/wiadomosci\/gliwickie-kryte-plywalnie-znow-zamkniete-to-efekt-nowych-obostrzen-na-terenie-calego-kraju\/\" \/>\n<meta property=\"og:locale\" content=\"pl_PL\" \/>\n<meta property=\"og:type\" content=\"article\" \/>\n<meta property=\"og:title\" content=\"Gliwickie kryte p\u0142ywalnie zn\u00f3w zamkni\u0119te. To efekt nowych obostrze\u0144 na terenie ca\u0142ego kraju - 24GLIWICE - Portal Gliwice | codziennie nowe informacje\" \/>\n<meta property=\"og:description\" content=\"Olimpijczyk, Mewa oraz Delfin od soboty pozostan\u0105 zamkni\u0119te a\u017c do odwo\u0142ania. To efekt zaostrzenia polityki przeciwdzia\u0142ania kolejnym zaka\u017ceniom koronawirusem. &#8211; W zwi\u0105zku z nowymi obostrzeniami, Miejski Zarz\u0105d Us\u0142ug Komunalnych informuje o konieczno\u015bci zamkni\u0119cia krytych p\u0142ywalni Olimpijczyk, Mewa oraz Delfin. Pocz\u0105wszy od soboty, 17 pa\u017adziernika, a\u017c do odwo\u0142ania, obiekty b\u0119d\u0105 niedost\u0119pne dla u\u017cytkownik\u00f3w &#8211; poinformowa\u0142 MZUK [&hellip;]\" \/>\n<meta property=\"og:url\" content=\"https:\/\/www.24gliwice.pl\/wiadomosci\/gliwickie-kryte-plywalnie-znow-zamkniete-to-efekt-nowych-obostrzen-na-terenie-calego-kraju\/\" \/>\n<meta property=\"og:site_name\" content=\"24GLIWICE - Portal Gliwice | codziennie nowe informacje\" \/>\n<meta property=\"article:publisher\" content=\"https:\/\/www.facebook.com\/24gliwice\" \/>\n<meta property=\"article:published_time\" content=\"2020-10-16T22:30:27+00:00\" \/>\n<meta property=\"og:image\" content=\"https:\/\/www.24gliwice.pl\/wiadomosci\/wp-content\/uploads\/2017\/08\/basen-e1502875868984.jpg\" \/>\n\t<meta property=\"og:image:width\" content=\"810\" \/>\n\t<meta property=\"og:image:height\" content=\"455\" \/>\n\t<meta property=\"og:image:type\" content=\"image\/jpeg\" \/>\n<meta name=\"author\" content=\"\u017baneta Mrozek-Siewierska\" \/>\n<meta name=\"twitter:card\" content=\"summary_large_image\" \/>\n<meta name=\"twitter:creator\" content=\"@24gliwice\" \/>\n<meta name=\"twitter:site\" content=\"@24gliwice\" \/>\n<meta name=\"twitter:label1\" content=\"Napisane przez\" \/>\n\t<meta name=\"twitter:data1\" content=\"\u017baneta Mrozek-Siewierska\" \/>\n\t<meta name=\"twitter:label2\" content=\"Szacowany czas czytania\" \/>\n\t<meta name=\"twitter:data2\" content=\"1 minuta\" \/>\n<script type=\"application\/ld+json\" class=\"yoast-schema-graph\">{\"@context\":\"https:\\\/\\\/schema.org\",\"@graph\":[{\"@type\":\"Article\",\"@id\":\"https:\\\/\\\/www.24gliwice.pl\\\/wiadomosci\\\/gliwickie-kryte-plywalnie-znow-zamkniete-to-efekt-nowych-obostrzen-na-terenie-calego-kraju\\\/#article\",\"isPartOf\":{\"@id\":\"https:\\\/\\\/www.24gliwice.pl\\\/wiadomosci\\\/gliwickie-kryte-plywalnie-znow-zamkniete-to-efekt-nowych-obostrzen-na-terenie-calego-kraju\\\/\"},\"author\":{\"name\":\"\u017baneta Mrozek-Siewierska\",\"@id\":\"https:\\\/\\\/www.24gliwice.pl\\\/wiadomosci\\\/#\\\/schema\\\/person\\\/e42c650edd7f2fa332be3811fb166b6e\"},\"headline\":\"Gliwickie kryte p\u0142ywalnie zn\u00f3w zamkni\u0119te. To efekt nowych obostrze\u0144 na terenie ca\u0142ego kraju\",\"datePublished\":\"2020-10-16T22:30:27+00:00\",\"mainEntityOfPage\":{\"@id\":\"https:\\\/\\\/www.24gliwice.pl\\\/wiadomosci\\\/gliwickie-kryte-plywalnie-znow-zamkniete-to-efekt-nowych-obostrzen-na-terenie-calego-kraju\\\/\"},\"wordCount\":120,\"commentCount\":0,\"publisher\":{\"@id\":\"https:\\\/\\\/www.24gliwice.pl\\\/wiadomosci\\\/#organization\"},\"keywords\":[\"baseny\",\"KORONAWIRUS\"],\"articleSection\":[\"Gliwice\",\"Kultura, wydarzenia, imprezy\",\"Najnowsze wiadomo\u015bci\"],\"inLanguage\":\"pl-PL\",\"potentialAction\":[{\"@type\":\"CommentAction\",\"name\":\"Comment\",\"target\":[\"https:\\\/\\\/www.24gliwice.pl\\\/wiadomosci\\\/gliwickie-kryte-plywalnie-znow-zamkniete-to-efekt-nowych-obostrzen-na-terenie-calego-kraju\\\/#respond\"]}]},{\"@type\":\"WebPage\",\"@id\":\"https:\\\/\\\/www.24gliwice.pl\\\/wiadomosci\\\/gliwickie-kryte-plywalnie-znow-zamkniete-to-efekt-nowych-obostrzen-na-terenie-calego-kraju\\\/\",\"url\":\"https:\\\/\\\/www.24gliwice.pl\\\/wiadomosci\\\/gliwickie-kryte-plywalnie-znow-zamkniete-to-efekt-nowych-obostrzen-na-terenie-calego-kraju\\\/\",\"name\":\"Gliwickie kryte p\u0142ywalnie zn\u00f3w zamkni\u0119te. To efekt nowych obostrze\u0144 na terenie ca\u0142ego kraju - 24GLIWICE - Portal Gliwice | codziennie nowe informacje\",\"isPartOf\":{\"@id\":\"https:\\\/\\\/www.24gliwice.pl\\\/wiadomosci\\\/#website\"},\"datePublished\":\"2020-10-16T22:30:27+00:00\",\"breadcrumb\":{\"@id\":\"https:\\\/\\\/www.24gliwice.pl\\\/wiadomosci\\\/gliwickie-kryte-plywalnie-znow-zamkniete-to-efekt-nowych-obostrzen-na-terenie-calego-kraju\\\/#breadcrumb\"},\"inLanguage\":\"pl-PL\",\"potentialAction\":[{\"@type\":\"ReadAction\",\"target\":[\"https:\\\/\\\/www.24gliwice.pl\\\/wiadomosci\\\/gliwickie-kryte-plywalnie-znow-zamkniete-to-efekt-nowych-obostrzen-na-terenie-calego-kraju\\\/\"]}]},{\"@type\":\"BreadcrumbList\",\"@id\":\"https:\\\/\\\/www.24gliwice.pl\\\/wiadomosci\\\/gliwickie-kryte-plywalnie-znow-zamkniete-to-efekt-nowych-obostrzen-na-terenie-calego-kraju\\\/#breadcrumb\",\"itemListElement\":[{\"@type\":\"ListItem\",\"position\":1,\"name\":\"Strona g\u0142\u00f3wna\",\"item\":\"https:\\\/\\\/www.24gliwice.pl\\\/wiadomosci\\\/\"},{\"@type\":\"ListItem\",\"position\":2,\"name\":\"Gliwickie kryte p\u0142ywalnie zn\u00f3w zamkni\u0119te. To efekt nowych obostrze\u0144 na terenie ca\u0142ego kraju\"}]},{\"@type\":\"WebSite\",\"@id\":\"https:\\\/\\\/www.24gliwice.pl\\\/wiadomosci\\\/#website\",\"url\":\"https:\\\/\\\/www.24gliwice.pl\\\/wiadomosci\\\/\",\"name\":\"24GLIWICE - Portal Gliwice | codziennie nowe wiadomo\u015bci\",\"description\":\"Portal Miejski Gliwice\",\"publisher\":{\"@id\":\"https:\\\/\\\/www.24gliwice.pl\\\/wiadomosci\\\/#organization\"},\"potentialAction\":[{\"@type\":\"SearchAction\",\"target\":{\"@type\":\"EntryPoint\",\"urlTemplate\":\"https:\\\/\\\/www.24gliwice.pl\\\/wiadomosci\\\/?s={search_term_string}\"},\"query-input\":{\"@type\":\"PropertyValueSpecification\",\"valueRequired\":true,\"valueName\":\"search_term_string\"}}],\"inLanguage\":\"pl-PL\"},{\"@type\":\"Organization\",\"@id\":\"https:\\\/\\\/www.24gliwice.pl\\\/wiadomosci\\\/#organization\",\"name\":\"24gliwice\",\"url\":\"https:\\\/\\\/www.24gliwice.pl\\\/wiadomosci\\\/\",\"logo\":{\"@type\":\"ImageObject\",\"inLanguage\":\"pl-PL\",\"@id\":\"https:\\\/\\\/www.24gliwice.pl\\\/wiadomosci\\\/#\\\/schema\\\/logo\\\/image\\\/\",\"url\":\"https:\\\/\\\/www.24gliwice.pl\\\/wiadomosci\\\/wp-content\\\/uploads\\\/2024\\\/10\\\/24gliwice-logo-696.jpg\",\"contentUrl\":\"https:\\\/\\\/www.24gliwice.pl\\\/wiadomosci\\\/wp-content\\\/uploads\\\/2024\\\/10\\\/24gliwice-logo-696.jpg\",\"width\":696,\"height\":696,\"caption\":\"24gliwice\"},\"image\":{\"@id\":\"https:\\\/\\\/www.24gliwice.pl\\\/wiadomosci\\\/#\\\/schema\\\/logo\\\/image\\\/\"},\"sameAs\":[\"https:\\\/\\\/www.facebook.com\\\/24gliwice\",\"https:\\\/\\\/x.com\\\/24gliwice\",\"https:\\\/\\\/www.youtube.com\\\/@24gliwice\"]},{\"@type\":\"Person\",\"@id\":\"https:\\\/\\\/www.24gliwice.pl\\\/wiadomosci\\\/#\\\/schema\\\/person\\\/e42c650edd7f2fa332be3811fb166b6e\",\"name\":\"\u017baneta Mrozek-Siewierska\",\"image\":{\"@type\":\"ImageObject\",\"inLanguage\":\"pl-PL\",\"@id\":\"https:\\\/\\\/secure.gravatar.com\\\/avatar\\\/1881429e9c64597c77ad7aef2d0a19be69a3253e57534d16aa15bf3a4d34a0a3?s=96&d=mm&r=g\",\"url\":\"https:\\\/\\\/secure.gravatar.com\\\/avatar\\\/1881429e9c64597c77ad7aef2d0a19be69a3253e57534d16aa15bf3a4d34a0a3?s=96&d=mm&r=g\",\"contentUrl\":\"https:\\\/\\\/secure.gravatar.com\\\/avatar\\\/1881429e9c64597c77ad7aef2d0a19be69a3253e57534d16aa15bf3a4d34a0a3?s=96&d=mm&r=g\",\"caption\":\"\u017baneta Mrozek-Siewierska\"},\"url\":\"https:\\\/\\\/www.24gliwice.pl\\\/wiadomosci\\\/author\\\/zms\\\/\"}]}<\/script>\n<!-- \/ Yoast SEO plugin. -->","yoast_head_json":{"title":"Gliwickie kryte p\u0142ywalnie zn\u00f3w zamkni\u0119te. To efekt nowych obostrze\u0144 na terenie ca\u0142ego kraju - 24GLIWICE - Portal Gliwice | codziennie nowe informacje","robots":{"index":"index","follow":"follow","max-snippet":"max-snippet:-1","max-image-preview":"max-image-preview:large","max-video-preview":"max-video-preview:-1"},"canonical":"https:\/\/www.24gliwice.pl\/wiadomosci\/gliwickie-kryte-plywalnie-znow-zamkniete-to-efekt-nowych-obostrzen-na-terenie-calego-kraju\/","og_locale":"pl_PL","og_type":"article","og_title":"Gliwickie kryte p\u0142ywalnie zn\u00f3w zamkni\u0119te. To efekt nowych obostrze\u0144 na terenie ca\u0142ego kraju - 24GLIWICE - Portal Gliwice | codziennie nowe informacje","og_description":"Olimpijczyk, Mewa oraz Delfin od soboty pozostan\u0105 zamkni\u0119te a\u017c do odwo\u0142ania. To efekt zaostrzenia polityki przeciwdzia\u0142ania kolejnym zaka\u017ceniom koronawirusem. &#8211; W zwi\u0105zku z nowymi obostrzeniami, Miejski Zarz\u0105d Us\u0142ug Komunalnych informuje o konieczno\u015bci zamkni\u0119cia krytych p\u0142ywalni Olimpijczyk, Mewa oraz Delfin. Pocz\u0105wszy od soboty, 17 pa\u017adziernika, a\u017c do odwo\u0142ania, obiekty b\u0119d\u0105 niedost\u0119pne dla u\u017cytkownik\u00f3w &#8211; poinformowa\u0142 MZUK [&hellip;]","og_url":"https:\/\/www.24gliwice.pl\/wiadomosci\/gliwickie-kryte-plywalnie-znow-zamkniete-to-efekt-nowych-obostrzen-na-terenie-calego-kraju\/","og_site_name":"24GLIWICE - Portal Gliwice | codziennie nowe informacje","article_publisher":"https:\/\/www.facebook.com\/24gliwice","article_published_time":"2020-10-16T22:30:27+00:00","og_image":[{"width":810,"height":455,"url":"https:\/\/www.24gliwice.pl\/wiadomosci\/wp-content\/uploads\/2017\/08\/basen-e1502875868984.jpg","type":"image\/jpeg"}],"author":"\u017baneta Mrozek-Siewierska","twitter_card":"summary_large_image","twitter_creator":"@24gliwice","twitter_site":"@24gliwice","twitter_misc":{"Napisane przez":"\u017baneta Mrozek-Siewierska","Szacowany czas czytania":"1 minuta"},"schema":{"@context":"https:\/\/schema.org","@graph":[{"@type":"Article","@id":"https:\/\/www.24gliwice.pl\/wiadomosci\/gliwickie-kryte-plywalnie-znow-zamkniete-to-efekt-nowych-obostrzen-na-terenie-calego-kraju\/#article","isPartOf":{"@id":"https:\/\/www.24gliwice.pl\/wiadomosci\/gliwickie-kryte-plywalnie-znow-zamkniete-to-efekt-nowych-obostrzen-na-terenie-calego-kraju\/"},"author":{"name":"\u017baneta Mrozek-Siewierska","@id":"https:\/\/www.24gliwice.pl\/wiadomosci\/#\/schema\/person\/e42c650edd7f2fa332be3811fb166b6e"},"headline":"Gliwickie kryte p\u0142ywalnie zn\u00f3w zamkni\u0119te. To efekt nowych obostrze\u0144 na terenie ca\u0142ego kraju","datePublished":"2020-10-16T22:30:27+00:00","mainEntityOfPage":{"@id":"https:\/\/www.24gliwice.pl\/wiadomosci\/gliwickie-kryte-plywalnie-znow-zamkniete-to-efekt-nowych-obostrzen-na-terenie-calego-kraju\/"},"wordCount":120,"commentCount":0,"publisher":{"@id":"https:\/\/www.24gliwice.pl\/wiadomosci\/#organization"},"keywords":["baseny","KORONAWIRUS"],"articleSection":["Gliwice","Kultura, wydarzenia, imprezy","Najnowsze wiadomo\u015bci"],"inLanguage":"pl-PL","potentialAction":[{"@type":"CommentAction","name":"Comment","target":["https:\/\/www.24gliwice.pl\/wiadomosci\/gliwickie-kryte-plywalnie-znow-zamkniete-to-efekt-nowych-obostrzen-na-terenie-calego-kraju\/#respond"]}]},{"@type":"WebPage","@id":"https:\/\/www.24gliwice.pl\/wiadomosci\/gliwickie-kryte-plywalnie-znow-zamkniete-to-efekt-nowych-obostrzen-na-terenie-calego-kraju\/","url":"https:\/\/www.24gliwice.pl\/wiadomosci\/gliwickie-kryte-plywalnie-znow-zamkniete-to-efekt-nowych-obostrzen-na-terenie-calego-kraju\/","name":"Gliwickie kryte p\u0142ywalnie zn\u00f3w zamkni\u0119te. To efekt nowych obostrze\u0144 na terenie ca\u0142ego kraju - 24GLIWICE - Portal Gliwice | codziennie nowe informacje","isPartOf":{"@id":"https:\/\/www.24gliwice.pl\/wiadomosci\/#website"},"datePublished":"2020-10-16T22:30:27+00:00","breadcrumb":{"@id":"https:\/\/www.24gliwice.pl\/wiadomosci\/gliwickie-kryte-plywalnie-znow-zamkniete-to-efekt-nowych-obostrzen-na-terenie-calego-kraju\/#breadcrumb"},"inLanguage":"pl-PL","potentialAction":[{"@type":"ReadAction","target":["https:\/\/www.24gliwice.pl\/wiadomosci\/gliwickie-kryte-plywalnie-znow-zamkniete-to-efekt-nowych-obostrzen-na-terenie-calego-kraju\/"]}]},{"@type":"BreadcrumbList","@id":"https:\/\/www.24gliwice.pl\/wiadomosci\/gliwickie-kryte-plywalnie-znow-zamkniete-to-efekt-nowych-obostrzen-na-terenie-calego-kraju\/#breadcrumb","itemListElement":[{"@type":"ListItem","position":1,"name":"Strona g\u0142\u00f3wna","item":"https:\/\/www.24gliwice.pl\/wiadomosci\/"},{"@type":"ListItem","position":2,"name":"Gliwickie kryte p\u0142ywalnie zn\u00f3w zamkni\u0119te. To efekt nowych obostrze\u0144 na terenie ca\u0142ego kraju"}]},{"@type":"WebSite","@id":"https:\/\/www.24gliwice.pl\/wiadomosci\/#website","url":"https:\/\/www.24gliwice.pl\/wiadomosci\/","name":"24GLIWICE - Portal Gliwice | codziennie nowe wiadomo\u015bci","description":"Portal Miejski Gliwice","publisher":{"@id":"https:\/\/www.24gliwice.pl\/wiadomosci\/#organization"},"potentialAction":[{"@type":"SearchAction","target":{"@type":"EntryPoint","urlTemplate":"https:\/\/www.24gliwice.pl\/wiadomosci\/?s={search_term_string}"},"query-input":{"@type":"PropertyValueSpecification","valueRequired":true,"valueName":"search_term_string"}}],"inLanguage":"pl-PL"},{"@type":"Organization","@id":"https:\/\/www.24gliwice.pl\/wiadomosci\/#organization","name":"24gliwice","url":"https:\/\/www.24gliwice.pl\/wiadomosci\/","logo":{"@type":"ImageObject","inLanguage":"pl-PL","@id":"https:\/\/www.24gliwice.pl\/wiadomosci\/#\/schema\/logo\/image\/","url":"https:\/\/www.24gliwice.pl\/wiadomosci\/wp-content\/uploads\/2024\/10\/24gliwice-logo-696.jpg","contentUrl":"https:\/\/www.24gliwice.pl\/wiadomosci\/wp-content\/uploads\/2024\/10\/24gliwice-logo-696.jpg","width":696,"height":696,"caption":"24gliwice"},"image":{"@id":"https:\/\/www.24gliwice.pl\/wiadomosci\/#\/schema\/logo\/image\/"},"sameAs":["https:\/\/www.facebook.com\/24gliwice","https:\/\/x.com\/24gliwice","https:\/\/www.youtube.com\/@24gliwice"]},{"@type":"Person","@id":"https:\/\/www.24gliwice.pl\/wiadomosci\/#\/schema\/person\/e42c650edd7f2fa332be3811fb166b6e","name":"\u017baneta Mrozek-Siewierska","image":{"@type":"ImageObject","inLanguage":"pl-PL","@id":"https:\/\/secure.gravatar.com\/avatar\/1881429e9c64597c77ad7aef2d0a19be69a3253e57534d16aa15bf3a4d34a0a3?s=96&d=mm&r=g","url":"https:\/\/secure.gravatar.com\/avatar\/1881429e9c64597c77ad7aef2d0a19be69a3253e57534d16aa15bf3a4d34a0a3?s=96&d=mm&r=g","contentUrl":"https:\/\/secure.gravatar.com\/avatar\/1881429e9c64597c77ad7aef2d0a19be69a3253e57534d16aa15bf3a4d34a0a3?s=96&d=mm&r=g","caption":"\u017baneta Mrozek-Siewierska"},"url":"https:\/\/www.24gliwice.pl\/wiadomosci\/author\/zms\/"}]}},"_links":{"self":[{"href":"https:\/\/www.24gliwice.pl\/wiadomosci\/wp-json\/wp\/v2\/posts\/159023","targetHints":{"allow":["GET"]}}],"collection":[{"href":"https:\/\/www.24gliwice.pl\/wiadomosci\/wp-json\/wp\/v2\/posts"}],"about":[{"href":"https:\/\/www.24gliwice.pl\/wiadomosci\/wp-json\/wp\/v2\/types\/post"}],"author":[{"embeddable":true,"href":"https:\/\/www.24gliwice.pl\/wiadomosci\/wp-json\/wp\/v2\/users\/15"}],"replies":[{"embeddable":true,"href":"https:\/\/www.24gliwice.pl\/wiadomosci\/wp-json\/wp\/v2\/comments?post=159023"}],"version-history":[{"count":0,"href":"https:\/\/www.24gliwice.pl\/wiadomosci\/wp-json\/wp\/v2\/posts\/159023\/revisions"}],"wp:attachment":[{"href":"https:\/\/www.24gliwice.pl\/wiadomosci\/wp-json\/wp\/v2\/media?parent=159023"}],"wp:term":[{"taxonomy":"category","embeddable":true,"href":"https:\/\/www.24gliwice.pl\/wiadomosci\/wp-json\/wp\/v2\/categories?post=159023"},{"taxonomy":"post_tag","embeddable":true,"href":"https:\/\/www.24gliwice.pl\/wiadomosci\/wp-json\/wp\/v2\/tags?post=159023"}],"curies":[{"name":"wp","href":"https:\/\/api.w.org\/{rel}","templated":true}]}}