{"id":159400,"date":"2020-10-23T15:22:35","date_gmt":"2020-10-23T13:22:35","guid":{"rendered":"https:\/\/www.24gliwice.pl\/wiadomosci\/?p=159400"},"modified":"2020-10-29T14:05:14","modified_gmt":"2020-10-29T13:05:14","slug":"spacer-protest-przeciwko-zaostrzaniu-prawa-aborcyjnego-nie-odbierzecie-nam-praw","status":"publish","type":"post","link":"https:\/\/www.24gliwice.pl\/wiadomosci\/spacer-protest-przeciwko-zaostrzaniu-prawa-aborcyjnego-nie-odbierzecie-nam-praw\/","title":{"rendered":"Spacer-protest przeciwko zaostrzaniu prawa aborcyjnego. &#8220;NIE ODBIERZECIE NAM PRAW! &#8220;"},"content":{"rendered":"<div class=\"gliwi-a6-nad-leadem-artykulow gliwi-entity-placement\" id=\"gliwi-3719753801\"><div class=\"gliwi-adlabel\"><span style=\"font-size: 9px\">REKLAMA<\/span><\/div><div id=\"gliwi-2787586183\" style=\"margin-bottom: 25px;margin-left: auto;margin-right: auto;text-align: center;\"><a data-no-instant=\"1\" href=\"https:\/\/dom100.eu\/\" rel=\"noopener\" class=\"a2t-link\" target=\"_blank\" aria-label=\"20260415 DOM100 D\"><img loading=\"lazy\" decoding=\"async\" src=\"https:\/\/www.24gliwice.pl\/wiadomosci\/wp-content\/uploads\/2026\/04\/20260415-DOM100-D.jpg\" alt=\"\"  srcset=\"https:\/\/www.24gliwice.pl\/wiadomosci\/wp-content\/uploads\/2026\/04\/20260415-DOM100-D.jpg 750w, https:\/\/www.24gliwice.pl\/wiadomosci\/wp-content\/uploads\/2026\/04\/20260415-DOM100-D-410x109.jpg 410w\" sizes=\"(max-width: 750px) 100vw, 750px\" class=\"no-lazyload\" width=\"750\" height=\"200\"  style=\"display: inline-block; max-width: 100%; height: auto;\" \/><\/a><\/div><\/div><h2>Emocje po czwartkowym wyroku Trybuna\u0142u Konstytucyjnego nie s\u0142abn\u0105. W ca\u0142ym kraju pojawiaj\u0105 si\u0119 mniejsze lub wi\u0119ksze akcje protestacyjne. Jedn\u0105 z nich zaplanowano r\u00f3wnie\u017c w Gliwicach na pi\u0105tkowy wiecz\u00f3r.<\/h2>\n<p>&nbsp;<br \/>\nPrzypomnijmy, Trybuna\u0142 Konstytucyjny zdominowany przez s\u0119dzi\u00f3w kojarzonych z parti\u0105 rz\u0105dz\u0105c\u0105 orzek\u0142, \u017ce dopuszczalno\u015b\u0107 aborcji z powodu ci\u0119\u017ckiego upo\u015bledzenia p\u0142odu jest niezgodna z konstytucj\u0105. To oznacza, \u017ce w Polsce b\u0119dzie funkcjonowa\u0142o najbardziej restrykcyjne prawo antyaborcyjne w Europie. Zakaz usuwania ci\u0105\u017cy z powod\u00f3w eugenicznych wejdzie w \u017cycie po opublikowaniu orzeczenia TK w \u201eDzienniku Ustaw\u201d. <\/p>\n<p>Zaostrzenie prawa pojawia si\u0119 w momencie wprowadzania kolejnych obostrze\u0144 wynikaj\u0105cych z pandemii, co praktycznie uniemo\u017cliwia podj\u0119cie jakichkolwiek wi\u0119kszych protest\u00f3w w przestrzeni publicznej zgodnie z prawem.<\/p><div class=\"gliwi-a3-w-tresci-artykulow gliwi-entity-placement\" id=\"gliwi-702363121\"><div class=\"gliwi-adlabel\"><span style=\"font-size: 9px\">REKLAMA<\/span><\/div><div id=\"gliwi-2145333714\" style=\"margin-bottom: 30px;margin-left: auto;margin-right: auto;text-align: center;\"><a data-no-instant=\"1\" href=\"https:\/\/ogrodyandersa.pl\/\" rel=\"noopener\" class=\"a2t-link\" target=\"_blank\" aria-label=\"20260415 Ogrody Andersa KUP TERAZ D\"><img loading=\"lazy\" decoding=\"async\" src=\"https:\/\/www.24gliwice.pl\/wiadomosci\/wp-content\/uploads\/2026\/04\/20260415-Ogrody-Andersa-KUP-TERAZ-D.jpg\" alt=\"\"  srcset=\"https:\/\/www.24gliwice.pl\/wiadomosci\/wp-content\/uploads\/2026\/04\/20260415-Ogrody-Andersa-KUP-TERAZ-D.jpg 750w, https:\/\/www.24gliwice.pl\/wiadomosci\/wp-content\/uploads\/2026\/04\/20260415-Ogrody-Andersa-KUP-TERAZ-D-410x109.jpg 410w\" sizes=\"(max-width: 750px) 100vw, 750px\" class=\"no-lazyload\" width=\"750\" height=\"200\"  style=\"display: inline-block; max-width: 100%; height: auto;\" \/><\/a><\/div><\/div>\n<p>W Gliwicach odb\u0119dzie si\u0119 wi\u0119c&#8230; spacer. Przy zachowaniu wszystkich ogranicze\u0144, jak dystans i maseczki. Organizatorzy akcji, kt\u00f3r\u0105 okre\u015blaj\u0105 jako spontaniczn\u0105, zach\u0119caj\u0105 do zabrania ze sob\u0105 wieszak\u00f3w i 2 zniczy. <\/p>\n<p><img loading=\"lazy\" decoding=\"async\" src=\"https:\/\/www.24gliwice.pl\/wiadomosci\/wp-content\/uploads\/2020\/10\/1-skwer-doncaster-1.jpg\" alt=\"\" width=\"810\" height=\"456\" class=\"aligncenter size-full wp-image-159407\" srcset=\"https:\/\/www.24gliwice.pl\/wiadomosci\/wp-content\/uploads\/2020\/10\/1-skwer-doncaster-1.jpg 810w, https:\/\/www.24gliwice.pl\/wiadomosci\/wp-content\/uploads\/2020\/10\/1-skwer-doncaster-1-410x232.jpg 410w, https:\/\/www.24gliwice.pl\/wiadomosci\/wp-content\/uploads\/2020\/10\/1-skwer-doncaster-1-808x455.jpg 808w, https:\/\/www.24gliwice.pl\/wiadomosci\/wp-content\/uploads\/2020\/10\/1-skwer-doncaster-1-768x432.jpg 768w\" sizes=\"auto, (max-width: 810px) 100vw, 810px\" \/><\/p>\n<h4>Akcja rozpocznie si\u0119 o godzinie 19:00 w pi\u0105tek, 23 pa\u017adziernika, na skwerze Doncaster (za Urz\u0119dem Miejskim), pod rze\u017ab\u0105 ci\u0119\u017carnej kobiety. <\/h4>\n<p><em>&#8211; Uwaga! Spacer jest od spacerowania, a nie od stania! Nie stoimy! Nie grupujemy si\u0119! Chodzimy non-stop w dwumetrowych odst\u0119pach! A\u017c do ko\u0144ca spaceru!!! Podczas spaceru przechodzimy obok pomnika Ci\u0119\u017carnej na skwerze Doncaster, (w maskach, przy\u0142bicach, r\u0119kawiczkach), stawiamy \u015bwieczk\u0119 (znicz) oraz np. wieszak pod coko\u0142em kwietnika i od razu idziemy dalej. Ewentualnie z drug\u0105 \u015bwiec\u0105 (zniczem) w r\u0119ce w odst\u0119pach dwumetrowych kr\u0105\u017cymy troch\u0119 wok\u00f3\u0142 skweru a potem oddalamy si\u0119 bezpiecznie do domu<\/em> &#8211; zaznaczaj\u0105 organizatorzy wydarzenia. <\/p>\n<h4>Ze wzgl\u0119du na obostrzenia zwi\u0105zane z koronawirusem grupowanie si\u0119 du\u017cej ilo\u015bci os\u00f3b (powy\u017cej 25) nie jest dozwolone prawem, dlatego protestu nie zg\u0142oszono, jako zgromadzenia. <\/h4>\n<p>&#8211; <em>Zadzwoni\u0142a do mnie gliwicka policja, to by\u0142a bardzo rzeczowa i mi\u0142a rozmowa &#8211; dlatego podtrzymuj\u0119, co powiedzia\u0142am: nie ma \u017cadnego zgromadzenia w Gliwicach. Jest spacer w warunkach re\u017cimu sanitarnego. Spacerowicze i spacerowiczki &#8211; musz\u0105 by\u0107 BARDZO ZDYSCYPLINOWANE\/ZDYSCYPLINOWANI, bo spaceruj\u0105 w warunkach pandemii, ale dzieje si\u0119 to w sferze publicznej. Policja b\u0119dzie na miejscu i b\u0119dzie interweniowa\u0142a, gdyby kto\u015b naruszy\u0142 prawo! Informuj\u0119, \u017ceby ka\u017cdy i ka\u017cda mia\u0142a tego \u015bwiadomo\u015b\u0107<\/em> &#8211; apeluje jedna z organizatorek, gliwiczanka <strong>Ma\u0142gorzata Tkacz-Janik<\/strong>. <\/p>\n<p><a href=\"https:\/\/www.facebook.com\/events\/1055612194880795\/\" rel=\"noopener noreferrer\" target=\"_blank\">Wydarzenie na ten temat w serwisie facebook znajdziemy tutaj. <\/a><\/p>\n<p>(\u017cms\/emef)<br \/>\nfot. emef<\/p>\n<div class=\"gliwi-a5-na-koncu-artykulow gliwi-entity-placement\" id=\"gliwi-2747706142\"><div class=\"gliwi-adlabel\"><span style=\"font-size: 9px\">REKLAMA<\/span><\/div><div id=\"gliwi-520079947\" style=\"margin-left: auto;margin-right: auto;text-align: center;\"><a data-no-instant=\"1\" href=\"https:\/\/prezeroarenagliwice.pl\/\" rel=\"noopener\" class=\"a2t-link\" target=\"_blank\" aria-label=\"20260309-PREZERO-WIOSNA-D\"><img loading=\"lazy\" decoding=\"async\" src=\"https:\/\/www.24gliwice.pl\/wiadomosci\/wp-content\/uploads\/2026\/03\/20260309-PREZERO-WIOSNA-D.webp\" alt=\"\"  srcset=\"https:\/\/www.24gliwice.pl\/wiadomosci\/wp-content\/uploads\/2026\/03\/20260309-PREZERO-WIOSNA-D.webp 750w, https:\/\/www.24gliwice.pl\/wiadomosci\/wp-content\/uploads\/2026\/03\/20260309-PREZERO-WIOSNA-D-410x109.webp 410w\" sizes=\"(max-width: 750px) 100vw, 750px\" class=\"no-lazyload\" width=\"750\" height=\"200\"  style=\"display: inline-block; max-width: 100%; height: auto;\" \/><\/a><\/div><\/div>","protected":false},"excerpt":{"rendered":"<p>Emocje po czwartkowym wyroku Trybuna\u0142u Konstytucyjnego nie s\u0142abn\u0105. W ca\u0142ym kraju pojawiaj\u0105 si\u0119 mniejsze lub wi\u0119ksze akcje protestacyjne. Jedn\u0105 z nich zaplanowano r\u00f3wnie\u017c w Gliwicach na pi\u0105tkowy wiecz\u00f3r. &nbsp; Przypomnijmy, Trybuna\u0142 Konstytucyjny zdominowany przez s\u0119dzi\u00f3w kojarzonych z parti\u0105 rz\u0105dz\u0105c\u0105 orzek\u0142, \u017ce dopuszczalno\u015b\u0107 aborcji z powodu ci\u0119\u017ckiego upo\u015bledzenia p\u0142odu jest niezgodna z konstytucj\u0105. To oznacza, \u017ce [&hellip;]<\/p>\n","protected":false},"author":15,"featured_media":159408,"comment_status":"open","ping_status":"closed","sticky":false,"template":"","format":"standard","meta":{"_monsterinsights_skip_tracking":false,"_monsterinsights_sitenote_active":false,"_monsterinsights_sitenote_note":"","_monsterinsights_sitenote_category":0,"footnotes":"","_links_to":"","_links_to_target":""},"categories":[3,6,1,8],"tags":[259,18945],"class_list":["post-159400","post","type-post","status-publish","format-standard","has-post-thumbnail","hentry","category-gliwice","category-kultura","category-wszystko","category-samorzad_polityka","tag-skwer-doncaster","tag-spacer"],"yoast_head":"<!-- This site is optimized with the Yoast SEO plugin v27.5 - https:\/\/yoast.com\/product\/yoast-seo-wordpress\/ -->\n<title>Spacer-protest przeciwko zaostrzaniu prawa aborcyjnego. &quot;NIE ODBIERZECIE NAM PRAW! &quot; - 24GLIWICE - Portal Gliwice | codziennie nowe informacje<\/title>\n<meta name=\"robots\" content=\"index, follow, max-snippet:-1, max-image-preview:large, max-video-preview:-1\" \/>\n<link rel=\"canonical\" href=\"https:\/\/www.24gliwice.pl\/wiadomosci\/spacer-protest-przeciwko-zaostrzaniu-prawa-aborcyjnego-nie-odbierzecie-nam-praw\/\" \/>\n<meta property=\"og:locale\" content=\"pl_PL\" \/>\n<meta property=\"og:type\" content=\"article\" \/>\n<meta property=\"og:title\" content=\"Spacer-protest przeciwko zaostrzaniu prawa aborcyjnego. &quot;NIE ODBIERZECIE NAM PRAW! &quot; - 24GLIWICE - Portal Gliwice | codziennie nowe informacje\" \/>\n<meta property=\"og:description\" content=\"Emocje po czwartkowym wyroku Trybuna\u0142u Konstytucyjnego nie s\u0142abn\u0105. W ca\u0142ym kraju pojawiaj\u0105 si\u0119 mniejsze lub wi\u0119ksze akcje protestacyjne. Jedn\u0105 z nich zaplanowano r\u00f3wnie\u017c w Gliwicach na pi\u0105tkowy wiecz\u00f3r. &nbsp; Przypomnijmy, Trybuna\u0142 Konstytucyjny zdominowany przez s\u0119dzi\u00f3w kojarzonych z parti\u0105 rz\u0105dz\u0105c\u0105 orzek\u0142, \u017ce dopuszczalno\u015b\u0107 aborcji z powodu ci\u0119\u017ckiego upo\u015bledzenia p\u0142odu jest niezgodna z konstytucj\u0105. To oznacza, \u017ce [&hellip;]\" \/>\n<meta property=\"og:url\" content=\"https:\/\/www.24gliwice.pl\/wiadomosci\/spacer-protest-przeciwko-zaostrzaniu-prawa-aborcyjnego-nie-odbierzecie-nam-praw\/\" \/>\n<meta property=\"og:site_name\" content=\"24GLIWICE - Portal Gliwice | codziennie nowe informacje\" \/>\n<meta property=\"article:publisher\" content=\"https:\/\/www.facebook.com\/24gliwice\" \/>\n<meta property=\"article:published_time\" content=\"2020-10-23T13:22:35+00:00\" \/>\n<meta property=\"article:modified_time\" content=\"2020-10-29T13:05:14+00:00\" \/>\n<meta property=\"og:image\" content=\"https:\/\/www.24gliwice.pl\/wiadomosci\/wp-content\/uploads\/2020\/10\/1-skwer-doncaster-2.jpg\" \/>\n\t<meta property=\"og:image:width\" content=\"810\" \/>\n\t<meta property=\"og:image:height\" content=\"456\" \/>\n\t<meta property=\"og:image:type\" content=\"image\/jpeg\" \/>\n<meta name=\"author\" content=\"\u017baneta Mrozek-Siewierska\" \/>\n<meta name=\"twitter:card\" content=\"summary_large_image\" \/>\n<meta name=\"twitter:creator\" content=\"@24gliwice\" \/>\n<meta name=\"twitter:site\" content=\"@24gliwice\" \/>\n<meta name=\"twitter:label1\" content=\"Napisane przez\" \/>\n\t<meta name=\"twitter:data1\" content=\"\u017baneta Mrozek-Siewierska\" \/>\n\t<meta name=\"twitter:label2\" content=\"Szacowany czas czytania\" \/>\n\t<meta name=\"twitter:data2\" content=\"2 minuty\" \/>\n<script type=\"application\/ld+json\" class=\"yoast-schema-graph\">{\"@context\":\"https:\\\/\\\/schema.org\",\"@graph\":[{\"@type\":\"Article\",\"@id\":\"https:\\\/\\\/www.24gliwice.pl\\\/wiadomosci\\\/spacer-protest-przeciwko-zaostrzaniu-prawa-aborcyjnego-nie-odbierzecie-nam-praw\\\/#article\",\"isPartOf\":{\"@id\":\"https:\\\/\\\/www.24gliwice.pl\\\/wiadomosci\\\/spacer-protest-przeciwko-zaostrzaniu-prawa-aborcyjnego-nie-odbierzecie-nam-praw\\\/\"},\"author\":{\"name\":\"\u017baneta Mrozek-Siewierska\",\"@id\":\"https:\\\/\\\/www.24gliwice.pl\\\/wiadomosci\\\/#\\\/schema\\\/person\\\/e42c650edd7f2fa332be3811fb166b6e\"},\"headline\":\"Spacer-protest przeciwko zaostrzaniu prawa aborcyjnego. &#8220;NIE ODBIERZECIE NAM PRAW! &#8220;\",\"datePublished\":\"2020-10-23T13:22:35+00:00\",\"dateModified\":\"2020-10-29T13:05:14+00:00\",\"mainEntityOfPage\":{\"@id\":\"https:\\\/\\\/www.24gliwice.pl\\\/wiadomosci\\\/spacer-protest-przeciwko-zaostrzaniu-prawa-aborcyjnego-nie-odbierzecie-nam-praw\\\/\"},\"wordCount\":413,\"commentCount\":0,\"publisher\":{\"@id\":\"https:\\\/\\\/www.24gliwice.pl\\\/wiadomosci\\\/#organization\"},\"image\":{\"@id\":\"https:\\\/\\\/www.24gliwice.pl\\\/wiadomosci\\\/spacer-protest-przeciwko-zaostrzaniu-prawa-aborcyjnego-nie-odbierzecie-nam-praw\\\/#primaryimage\"},\"thumbnailUrl\":\"https:\\\/\\\/www.24gliwice.pl\\\/wiadomosci\\\/wp-content\\\/uploads\\\/2020\\\/10\\\/1-skwer-doncaster-2.jpg\",\"keywords\":[\"skwer doncaster\",\"spacer\"],\"articleSection\":[\"Gliwice\",\"Kultura, wydarzenia, imprezy\",\"Najnowsze wiadomo\u015bci\",\"Samorz\u0105d, polityka\"],\"inLanguage\":\"pl-PL\",\"potentialAction\":[{\"@type\":\"CommentAction\",\"name\":\"Comment\",\"target\":[\"https:\\\/\\\/www.24gliwice.pl\\\/wiadomosci\\\/spacer-protest-przeciwko-zaostrzaniu-prawa-aborcyjnego-nie-odbierzecie-nam-praw\\\/#respond\"]}]},{\"@type\":\"WebPage\",\"@id\":\"https:\\\/\\\/www.24gliwice.pl\\\/wiadomosci\\\/spacer-protest-przeciwko-zaostrzaniu-prawa-aborcyjnego-nie-odbierzecie-nam-praw\\\/\",\"url\":\"https:\\\/\\\/www.24gliwice.pl\\\/wiadomosci\\\/spacer-protest-przeciwko-zaostrzaniu-prawa-aborcyjnego-nie-odbierzecie-nam-praw\\\/\",\"name\":\"Spacer-protest przeciwko zaostrzaniu prawa aborcyjnego. \\\"NIE ODBIERZECIE NAM PRAW! \\\" - 24GLIWICE - Portal Gliwice | codziennie nowe informacje\",\"isPartOf\":{\"@id\":\"https:\\\/\\\/www.24gliwice.pl\\\/wiadomosci\\\/#website\"},\"primaryImageOfPage\":{\"@id\":\"https:\\\/\\\/www.24gliwice.pl\\\/wiadomosci\\\/spacer-protest-przeciwko-zaostrzaniu-prawa-aborcyjnego-nie-odbierzecie-nam-praw\\\/#primaryimage\"},\"image\":{\"@id\":\"https:\\\/\\\/www.24gliwice.pl\\\/wiadomosci\\\/spacer-protest-przeciwko-zaostrzaniu-prawa-aborcyjnego-nie-odbierzecie-nam-praw\\\/#primaryimage\"},\"thumbnailUrl\":\"https:\\\/\\\/www.24gliwice.pl\\\/wiadomosci\\\/wp-content\\\/uploads\\\/2020\\\/10\\\/1-skwer-doncaster-2.jpg\",\"datePublished\":\"2020-10-23T13:22:35+00:00\",\"dateModified\":\"2020-10-29T13:05:14+00:00\",\"breadcrumb\":{\"@id\":\"https:\\\/\\\/www.24gliwice.pl\\\/wiadomosci\\\/spacer-protest-przeciwko-zaostrzaniu-prawa-aborcyjnego-nie-odbierzecie-nam-praw\\\/#breadcrumb\"},\"inLanguage\":\"pl-PL\",\"potentialAction\":[{\"@type\":\"ReadAction\",\"target\":[\"https:\\\/\\\/www.24gliwice.pl\\\/wiadomosci\\\/spacer-protest-przeciwko-zaostrzaniu-prawa-aborcyjnego-nie-odbierzecie-nam-praw\\\/\"]}]},{\"@type\":\"ImageObject\",\"inLanguage\":\"pl-PL\",\"@id\":\"https:\\\/\\\/www.24gliwice.pl\\\/wiadomosci\\\/spacer-protest-przeciwko-zaostrzaniu-prawa-aborcyjnego-nie-odbierzecie-nam-praw\\\/#primaryimage\",\"url\":\"https:\\\/\\\/www.24gliwice.pl\\\/wiadomosci\\\/wp-content\\\/uploads\\\/2020\\\/10\\\/1-skwer-doncaster-2.jpg\",\"contentUrl\":\"https:\\\/\\\/www.24gliwice.pl\\\/wiadomosci\\\/wp-content\\\/uploads\\\/2020\\\/10\\\/1-skwer-doncaster-2.jpg\",\"width\":810,\"height\":456},{\"@type\":\"BreadcrumbList\",\"@id\":\"https:\\\/\\\/www.24gliwice.pl\\\/wiadomosci\\\/spacer-protest-przeciwko-zaostrzaniu-prawa-aborcyjnego-nie-odbierzecie-nam-praw\\\/#breadcrumb\",\"itemListElement\":[{\"@type\":\"ListItem\",\"position\":1,\"name\":\"Strona g\u0142\u00f3wna\",\"item\":\"https:\\\/\\\/www.24gliwice.pl\\\/wiadomosci\\\/\"},{\"@type\":\"ListItem\",\"position\":2,\"name\":\"Spacer-protest przeciwko zaostrzaniu prawa aborcyjnego. &#8222;NIE ODBIERZECIE NAM PRAW! &#8222;\"}]},{\"@type\":\"WebSite\",\"@id\":\"https:\\\/\\\/www.24gliwice.pl\\\/wiadomosci\\\/#website\",\"url\":\"https:\\\/\\\/www.24gliwice.pl\\\/wiadomosci\\\/\",\"name\":\"24GLIWICE - Portal Gliwice | codziennie nowe wiadomo\u015bci\",\"description\":\"Portal Miejski Gliwice\",\"publisher\":{\"@id\":\"https:\\\/\\\/www.24gliwice.pl\\\/wiadomosci\\\/#organization\"},\"potentialAction\":[{\"@type\":\"SearchAction\",\"target\":{\"@type\":\"EntryPoint\",\"urlTemplate\":\"https:\\\/\\\/www.24gliwice.pl\\\/wiadomosci\\\/?s={search_term_string}\"},\"query-input\":{\"@type\":\"PropertyValueSpecification\",\"valueRequired\":true,\"valueName\":\"search_term_string\"}}],\"inLanguage\":\"pl-PL\"},{\"@type\":\"Organization\",\"@id\":\"https:\\\/\\\/www.24gliwice.pl\\\/wiadomosci\\\/#organization\",\"name\":\"24gliwice\",\"url\":\"https:\\\/\\\/www.24gliwice.pl\\\/wiadomosci\\\/\",\"logo\":{\"@type\":\"ImageObject\",\"inLanguage\":\"pl-PL\",\"@id\":\"https:\\\/\\\/www.24gliwice.pl\\\/wiadomosci\\\/#\\\/schema\\\/logo\\\/image\\\/\",\"url\":\"https:\\\/\\\/www.24gliwice.pl\\\/wiadomosci\\\/wp-content\\\/uploads\\\/2024\\\/10\\\/24gliwice-logo-696.jpg\",\"contentUrl\":\"https:\\\/\\\/www.24gliwice.pl\\\/wiadomosci\\\/wp-content\\\/uploads\\\/2024\\\/10\\\/24gliwice-logo-696.jpg\",\"width\":696,\"height\":696,\"caption\":\"24gliwice\"},\"image\":{\"@id\":\"https:\\\/\\\/www.24gliwice.pl\\\/wiadomosci\\\/#\\\/schema\\\/logo\\\/image\\\/\"},\"sameAs\":[\"https:\\\/\\\/www.facebook.com\\\/24gliwice\",\"https:\\\/\\\/x.com\\\/24gliwice\",\"https:\\\/\\\/www.youtube.com\\\/@24gliwice\"]},{\"@type\":\"Person\",\"@id\":\"https:\\\/\\\/www.24gliwice.pl\\\/wiadomosci\\\/#\\\/schema\\\/person\\\/e42c650edd7f2fa332be3811fb166b6e\",\"name\":\"\u017baneta Mrozek-Siewierska\",\"image\":{\"@type\":\"ImageObject\",\"inLanguage\":\"pl-PL\",\"@id\":\"https:\\\/\\\/secure.gravatar.com\\\/avatar\\\/1881429e9c64597c77ad7aef2d0a19be69a3253e57534d16aa15bf3a4d34a0a3?s=96&d=mm&r=g\",\"url\":\"https:\\\/\\\/secure.gravatar.com\\\/avatar\\\/1881429e9c64597c77ad7aef2d0a19be69a3253e57534d16aa15bf3a4d34a0a3?s=96&d=mm&r=g\",\"contentUrl\":\"https:\\\/\\\/secure.gravatar.com\\\/avatar\\\/1881429e9c64597c77ad7aef2d0a19be69a3253e57534d16aa15bf3a4d34a0a3?s=96&d=mm&r=g\",\"caption\":\"\u017baneta Mrozek-Siewierska\"},\"url\":\"https:\\\/\\\/www.24gliwice.pl\\\/wiadomosci\\\/author\\\/zms\\\/\"}]}<\/script>\n<!-- \/ Yoast SEO plugin. -->","yoast_head_json":{"title":"Spacer-protest przeciwko zaostrzaniu prawa aborcyjnego. \"NIE ODBIERZECIE NAM PRAW! \" - 24GLIWICE - Portal Gliwice | codziennie nowe informacje","robots":{"index":"index","follow":"follow","max-snippet":"max-snippet:-1","max-image-preview":"max-image-preview:large","max-video-preview":"max-video-preview:-1"},"canonical":"https:\/\/www.24gliwice.pl\/wiadomosci\/spacer-protest-przeciwko-zaostrzaniu-prawa-aborcyjnego-nie-odbierzecie-nam-praw\/","og_locale":"pl_PL","og_type":"article","og_title":"Spacer-protest przeciwko zaostrzaniu prawa aborcyjnego. \"NIE ODBIERZECIE NAM PRAW! \" - 24GLIWICE - Portal Gliwice | codziennie nowe informacje","og_description":"Emocje po czwartkowym wyroku Trybuna\u0142u Konstytucyjnego nie s\u0142abn\u0105. W ca\u0142ym kraju pojawiaj\u0105 si\u0119 mniejsze lub wi\u0119ksze akcje protestacyjne. Jedn\u0105 z nich zaplanowano r\u00f3wnie\u017c w Gliwicach na pi\u0105tkowy wiecz\u00f3r. &nbsp; Przypomnijmy, Trybuna\u0142 Konstytucyjny zdominowany przez s\u0119dzi\u00f3w kojarzonych z parti\u0105 rz\u0105dz\u0105c\u0105 orzek\u0142, \u017ce dopuszczalno\u015b\u0107 aborcji z powodu ci\u0119\u017ckiego upo\u015bledzenia p\u0142odu jest niezgodna z konstytucj\u0105. To oznacza, \u017ce [&hellip;]","og_url":"https:\/\/www.24gliwice.pl\/wiadomosci\/spacer-protest-przeciwko-zaostrzaniu-prawa-aborcyjnego-nie-odbierzecie-nam-praw\/","og_site_name":"24GLIWICE - Portal Gliwice | codziennie nowe informacje","article_publisher":"https:\/\/www.facebook.com\/24gliwice","article_published_time":"2020-10-23T13:22:35+00:00","article_modified_time":"2020-10-29T13:05:14+00:00","og_image":[{"width":810,"height":456,"url":"https:\/\/www.24gliwice.pl\/wiadomosci\/wp-content\/uploads\/2020\/10\/1-skwer-doncaster-2.jpg","type":"image\/jpeg"}],"author":"\u017baneta Mrozek-Siewierska","twitter_card":"summary_large_image","twitter_creator":"@24gliwice","twitter_site":"@24gliwice","twitter_misc":{"Napisane przez":"\u017baneta Mrozek-Siewierska","Szacowany czas czytania":"2 minuty"},"schema":{"@context":"https:\/\/schema.org","@graph":[{"@type":"Article","@id":"https:\/\/www.24gliwice.pl\/wiadomosci\/spacer-protest-przeciwko-zaostrzaniu-prawa-aborcyjnego-nie-odbierzecie-nam-praw\/#article","isPartOf":{"@id":"https:\/\/www.24gliwice.pl\/wiadomosci\/spacer-protest-przeciwko-zaostrzaniu-prawa-aborcyjnego-nie-odbierzecie-nam-praw\/"},"author":{"name":"\u017baneta Mrozek-Siewierska","@id":"https:\/\/www.24gliwice.pl\/wiadomosci\/#\/schema\/person\/e42c650edd7f2fa332be3811fb166b6e"},"headline":"Spacer-protest przeciwko zaostrzaniu prawa aborcyjnego. &#8220;NIE ODBIERZECIE NAM PRAW! &#8220;","datePublished":"2020-10-23T13:22:35+00:00","dateModified":"2020-10-29T13:05:14+00:00","mainEntityOfPage":{"@id":"https:\/\/www.24gliwice.pl\/wiadomosci\/spacer-protest-przeciwko-zaostrzaniu-prawa-aborcyjnego-nie-odbierzecie-nam-praw\/"},"wordCount":413,"commentCount":0,"publisher":{"@id":"https:\/\/www.24gliwice.pl\/wiadomosci\/#organization"},"image":{"@id":"https:\/\/www.24gliwice.pl\/wiadomosci\/spacer-protest-przeciwko-zaostrzaniu-prawa-aborcyjnego-nie-odbierzecie-nam-praw\/#primaryimage"},"thumbnailUrl":"https:\/\/www.24gliwice.pl\/wiadomosci\/wp-content\/uploads\/2020\/10\/1-skwer-doncaster-2.jpg","keywords":["skwer doncaster","spacer"],"articleSection":["Gliwice","Kultura, wydarzenia, imprezy","Najnowsze wiadomo\u015bci","Samorz\u0105d, polityka"],"inLanguage":"pl-PL","potentialAction":[{"@type":"CommentAction","name":"Comment","target":["https:\/\/www.24gliwice.pl\/wiadomosci\/spacer-protest-przeciwko-zaostrzaniu-prawa-aborcyjnego-nie-odbierzecie-nam-praw\/#respond"]}]},{"@type":"WebPage","@id":"https:\/\/www.24gliwice.pl\/wiadomosci\/spacer-protest-przeciwko-zaostrzaniu-prawa-aborcyjnego-nie-odbierzecie-nam-praw\/","url":"https:\/\/www.24gliwice.pl\/wiadomosci\/spacer-protest-przeciwko-zaostrzaniu-prawa-aborcyjnego-nie-odbierzecie-nam-praw\/","name":"Spacer-protest przeciwko zaostrzaniu prawa aborcyjnego. \"NIE ODBIERZECIE NAM PRAW! \" - 24GLIWICE - Portal Gliwice | codziennie nowe informacje","isPartOf":{"@id":"https:\/\/www.24gliwice.pl\/wiadomosci\/#website"},"primaryImageOfPage":{"@id":"https:\/\/www.24gliwice.pl\/wiadomosci\/spacer-protest-przeciwko-zaostrzaniu-prawa-aborcyjnego-nie-odbierzecie-nam-praw\/#primaryimage"},"image":{"@id":"https:\/\/www.24gliwice.pl\/wiadomosci\/spacer-protest-przeciwko-zaostrzaniu-prawa-aborcyjnego-nie-odbierzecie-nam-praw\/#primaryimage"},"thumbnailUrl":"https:\/\/www.24gliwice.pl\/wiadomosci\/wp-content\/uploads\/2020\/10\/1-skwer-doncaster-2.jpg","datePublished":"2020-10-23T13:22:35+00:00","dateModified":"2020-10-29T13:05:14+00:00","breadcrumb":{"@id":"https:\/\/www.24gliwice.pl\/wiadomosci\/spacer-protest-przeciwko-zaostrzaniu-prawa-aborcyjnego-nie-odbierzecie-nam-praw\/#breadcrumb"},"inLanguage":"pl-PL","potentialAction":[{"@type":"ReadAction","target":["https:\/\/www.24gliwice.pl\/wiadomosci\/spacer-protest-przeciwko-zaostrzaniu-prawa-aborcyjnego-nie-odbierzecie-nam-praw\/"]}]},{"@type":"ImageObject","inLanguage":"pl-PL","@id":"https:\/\/www.24gliwice.pl\/wiadomosci\/spacer-protest-przeciwko-zaostrzaniu-prawa-aborcyjnego-nie-odbierzecie-nam-praw\/#primaryimage","url":"https:\/\/www.24gliwice.pl\/wiadomosci\/wp-content\/uploads\/2020\/10\/1-skwer-doncaster-2.jpg","contentUrl":"https:\/\/www.24gliwice.pl\/wiadomosci\/wp-content\/uploads\/2020\/10\/1-skwer-doncaster-2.jpg","width":810,"height":456},{"@type":"BreadcrumbList","@id":"https:\/\/www.24gliwice.pl\/wiadomosci\/spacer-protest-przeciwko-zaostrzaniu-prawa-aborcyjnego-nie-odbierzecie-nam-praw\/#breadcrumb","itemListElement":[{"@type":"ListItem","position":1,"name":"Strona g\u0142\u00f3wna","item":"https:\/\/www.24gliwice.pl\/wiadomosci\/"},{"@type":"ListItem","position":2,"name":"Spacer-protest przeciwko zaostrzaniu prawa aborcyjnego. &#8222;NIE ODBIERZECIE NAM PRAW! &#8222;"}]},{"@type":"WebSite","@id":"https:\/\/www.24gliwice.pl\/wiadomosci\/#website","url":"https:\/\/www.24gliwice.pl\/wiadomosci\/","name":"24GLIWICE - Portal Gliwice | codziennie nowe wiadomo\u015bci","description":"Portal Miejski Gliwice","publisher":{"@id":"https:\/\/www.24gliwice.pl\/wiadomosci\/#organization"},"potentialAction":[{"@type":"SearchAction","target":{"@type":"EntryPoint","urlTemplate":"https:\/\/www.24gliwice.pl\/wiadomosci\/?s={search_term_string}"},"query-input":{"@type":"PropertyValueSpecification","valueRequired":true,"valueName":"search_term_string"}}],"inLanguage":"pl-PL"},{"@type":"Organization","@id":"https:\/\/www.24gliwice.pl\/wiadomosci\/#organization","name":"24gliwice","url":"https:\/\/www.24gliwice.pl\/wiadomosci\/","logo":{"@type":"ImageObject","inLanguage":"pl-PL","@id":"https:\/\/www.24gliwice.pl\/wiadomosci\/#\/schema\/logo\/image\/","url":"https:\/\/www.24gliwice.pl\/wiadomosci\/wp-content\/uploads\/2024\/10\/24gliwice-logo-696.jpg","contentUrl":"https:\/\/www.24gliwice.pl\/wiadomosci\/wp-content\/uploads\/2024\/10\/24gliwice-logo-696.jpg","width":696,"height":696,"caption":"24gliwice"},"image":{"@id":"https:\/\/www.24gliwice.pl\/wiadomosci\/#\/schema\/logo\/image\/"},"sameAs":["https:\/\/www.facebook.com\/24gliwice","https:\/\/x.com\/24gliwice","https:\/\/www.youtube.com\/@24gliwice"]},{"@type":"Person","@id":"https:\/\/www.24gliwice.pl\/wiadomosci\/#\/schema\/person\/e42c650edd7f2fa332be3811fb166b6e","name":"\u017baneta Mrozek-Siewierska","image":{"@type":"ImageObject","inLanguage":"pl-PL","@id":"https:\/\/secure.gravatar.com\/avatar\/1881429e9c64597c77ad7aef2d0a19be69a3253e57534d16aa15bf3a4d34a0a3?s=96&d=mm&r=g","url":"https:\/\/secure.gravatar.com\/avatar\/1881429e9c64597c77ad7aef2d0a19be69a3253e57534d16aa15bf3a4d34a0a3?s=96&d=mm&r=g","contentUrl":"https:\/\/secure.gravatar.com\/avatar\/1881429e9c64597c77ad7aef2d0a19be69a3253e57534d16aa15bf3a4d34a0a3?s=96&d=mm&r=g","caption":"\u017baneta Mrozek-Siewierska"},"url":"https:\/\/www.24gliwice.pl\/wiadomosci\/author\/zms\/"}]}},"_links":{"self":[{"href":"https:\/\/www.24gliwice.pl\/wiadomosci\/wp-json\/wp\/v2\/posts\/159400","targetHints":{"allow":["GET"]}}],"collection":[{"href":"https:\/\/www.24gliwice.pl\/wiadomosci\/wp-json\/wp\/v2\/posts"}],"about":[{"href":"https:\/\/www.24gliwice.pl\/wiadomosci\/wp-json\/wp\/v2\/types\/post"}],"author":[{"embeddable":true,"href":"https:\/\/www.24gliwice.pl\/wiadomosci\/wp-json\/wp\/v2\/users\/15"}],"replies":[{"embeddable":true,"href":"https:\/\/www.24gliwice.pl\/wiadomosci\/wp-json\/wp\/v2\/comments?post=159400"}],"version-history":[{"count":0,"href":"https:\/\/www.24gliwice.pl\/wiadomosci\/wp-json\/wp\/v2\/posts\/159400\/revisions"}],"wp:featuredmedia":[{"embeddable":true,"href":"https:\/\/www.24gliwice.pl\/wiadomosci\/wp-json\/wp\/v2\/media\/159408"}],"wp:attachment":[{"href":"https:\/\/www.24gliwice.pl\/wiadomosci\/wp-json\/wp\/v2\/media?parent=159400"}],"wp:term":[{"taxonomy":"category","embeddable":true,"href":"https:\/\/www.24gliwice.pl\/wiadomosci\/wp-json\/wp\/v2\/categories?post=159400"},{"taxonomy":"post_tag","embeddable":true,"href":"https:\/\/www.24gliwice.pl\/wiadomosci\/wp-json\/wp\/v2\/tags?post=159400"}],"curies":[{"name":"wp","href":"https:\/\/api.w.org\/{rel}","templated":true}]}}