{"id":159548,"date":"2020-10-27T12:21:29","date_gmt":"2020-10-27T11:21:29","guid":{"rendered":"https:\/\/www.24gliwice.pl\/wiadomosci\/?p=159548"},"modified":"2020-10-27T12:21:29","modified_gmt":"2020-10-27T11:21:29","slug":"chopin-i-mozart-na-ekranie-kina-amok-w-listopadzie-zaplanowano-dwie-projekcje","status":"publish","type":"post","link":"https:\/\/www.24gliwice.pl\/wiadomosci\/chopin-i-mozart-na-ekranie-kina-amok-w-listopadzie-zaplanowano-dwie-projekcje\/","title":{"rendered":"Chopin i Mozart na ekranie kina Amok. W listopadzie zaplanowano dwie projekcje"},"content":{"rendered":"<div class=\"gliwi-a6-nad-leadem-artykulow gliwi-entity-placement\" id=\"gliwi-4263625848\"><div class=\"gliwi-adlabel\"><span style=\"font-size: 9px\">REKLAMA<\/span><\/div><div id=\"gliwi-614503910\" style=\"margin-bottom: 30px;margin-left: auto;margin-right: auto;text-align: center;\"><a data-no-instant=\"1\" href=\"https:\/\/przedszkole.halogen.org.pl\/\" rel=\"noopener\" class=\"a2t-link\" target=\"_blank\" aria-label=\"20260402-ANIMATOR-przedszkole_grafika_750x200\"><img loading=\"lazy\" decoding=\"async\" src=\"https:\/\/www.24gliwice.pl\/wiadomosci\/wp-content\/uploads\/2026\/04\/20260402-ANIMATOR-przedszkole_grafika_750x200.webp\" alt=\"\"  srcset=\"https:\/\/www.24gliwice.pl\/wiadomosci\/wp-content\/uploads\/2026\/04\/20260402-ANIMATOR-przedszkole_grafika_750x200.webp 750w, https:\/\/www.24gliwice.pl\/wiadomosci\/wp-content\/uploads\/2026\/04\/20260402-ANIMATOR-przedszkole_grafika_750x200-410x109.webp 410w\" sizes=\"(max-width: 750px) 100vw, 750px\" class=\"no-lazyload\" width=\"750\" height=\"200\"  style=\"display: inline-block; max-width: 100%; height: auto;\" \/><\/a><\/div><\/div><h2>Kino Amok zaprasza na filmow\u0105 podr\u00f3\u017c \u015bladem dw\u00f3ch genialnych kompozytor\u00f3w \u2013 Fryderyka Chopina i Wolfganga Amadeusa Mozarta. 11 i 15 listopada b\u0119dzie mo\u017cna zobaczy\u0107 dwa dokumenty w re\u017cyserii Phila Grabsky&#8217;ego.<\/h2>\n<p>Nakr\u0119cenie filmu o<strong> Chopinie<\/strong> zaj\u0119\u0142o <strong>Grabsky&#8217;emu<\/strong>, Brytyjczykowi o polskich korzeniach, blisko cztery lata. Czerpi\u0105cy z bogactwa polskiej muzyki ludowej \u201epoeta fortepianu\u201d wszed\u0142 do historii muzyki powa\u017cnej. <\/p>\n<h4>\u201eW poszukiwaniu Chopina\u201d to pr\u00f3ba odkrycia fenomenu geniusza, kt\u00f3ry muzyk\u0119 fortepianow\u0105 wyni\u00f3s\u0142 na inny poziom. Projekcj\u0119 zaplanowano na 11 listopada o godzinie 18:00.<\/h4>\n<p>Drugi z dokument\u00f3w Grabsky&#8217;ego dotyczy <strong>Mozarta<\/strong>, jednego ze s\u0142ynnych klasyk\u00f3w wiede\u0144skich. \u017by\u0142 kr\u00f3tko, bo tylko 35 lat, ale w tym czasie napisa\u0142 blisko tysi\u0105c dzie\u0142. Jego \u017cycie i \u015bmier\u0107 obros\u0142y wieloma legendami. Kt\u00f3re z nich s\u0105 prawdziwe? Tego melomani dowiedz\u0105 si\u0119 w kinie Amok (ul. Dolnych Wa\u0142\u00f3w 3) 15 listopada.<\/p><div class=\"gliwi-a3-w-tresci-artykulow gliwi-entity-placement\" id=\"gliwi-3771869888\"><div class=\"gliwi-adlabel\"><span style=\"font-size: 9px\">REKLAMA<\/span><\/div><div id=\"gliwi-999977115\" style=\"margin-bottom: 30px;margin-left: auto;margin-right: auto;text-align: center;\"><a data-no-instant=\"1\" href=\"https:\/\/ogrodyandersa.pl\/\" rel=\"noopener\" class=\"a2t-link\" target=\"_blank\" aria-label=\"20260415 Ogrody Andersa KUP TERAZ D\"><img loading=\"lazy\" decoding=\"async\" src=\"https:\/\/www.24gliwice.pl\/wiadomosci\/wp-content\/uploads\/2026\/04\/20260415-Ogrody-Andersa-KUP-TERAZ-D.jpg\" alt=\"\"  srcset=\"https:\/\/www.24gliwice.pl\/wiadomosci\/wp-content\/uploads\/2026\/04\/20260415-Ogrody-Andersa-KUP-TERAZ-D.jpg 750w, https:\/\/www.24gliwice.pl\/wiadomosci\/wp-content\/uploads\/2026\/04\/20260415-Ogrody-Andersa-KUP-TERAZ-D-410x109.jpg 410w\" sizes=\"(max-width: 750px) 100vw, 750px\" class=\"no-lazyload\" width=\"750\" height=\"200\"  style=\"display: inline-block; max-width: 100%; height: auto;\" \/><\/a><\/div><\/div>\n<p>(\u017cms)\/UM Gliwice<br \/>\nfot. UM Gliwice (domena publiczna)<\/p>\n<div class=\"gliwi-a5-na-koncu-artykulow gliwi-entity-placement\" id=\"gliwi-1246364093\"><div class=\"gliwi-adlabel\"><span style=\"font-size: 9px\">REKLAMA<\/span><\/div><div id=\"gliwi-4110542645\" style=\"margin-left: auto;margin-right: auto;text-align: center;\"><a data-no-instant=\"1\" href=\"https:\/\/prezeroarenagliwice.pl\/\" rel=\"noopener\" class=\"a2t-link\" target=\"_blank\" aria-label=\"20260309-PREZERO-WIOSNA-D\"><img loading=\"lazy\" decoding=\"async\" src=\"https:\/\/www.24gliwice.pl\/wiadomosci\/wp-content\/uploads\/2026\/03\/20260309-PREZERO-WIOSNA-D.webp\" alt=\"\"  srcset=\"https:\/\/www.24gliwice.pl\/wiadomosci\/wp-content\/uploads\/2026\/03\/20260309-PREZERO-WIOSNA-D.webp 750w, https:\/\/www.24gliwice.pl\/wiadomosci\/wp-content\/uploads\/2026\/03\/20260309-PREZERO-WIOSNA-D-410x109.webp 410w\" sizes=\"(max-width: 750px) 100vw, 750px\" class=\"no-lazyload\" width=\"750\" height=\"200\"  style=\"display: inline-block; max-width: 100%; height: auto;\" \/><\/a><\/div><\/div>","protected":false},"excerpt":{"rendered":"<p>Kino Amok zaprasza na filmow\u0105 podr\u00f3\u017c \u015bladem dw\u00f3ch genialnych kompozytor\u00f3w \u2013 Fryderyka Chopina i Wolfganga Amadeusa Mozarta. 11 i 15 listopada b\u0119dzie mo\u017cna zobaczy\u0107 dwa dokumenty w re\u017cyserii Phila Grabsky&#8217;ego. Nakr\u0119cenie filmu o Chopinie zaj\u0119\u0142o Grabsky&#8217;emu, Brytyjczykowi o polskich korzeniach, blisko cztery lata. Czerpi\u0105cy z bogactwa polskiej muzyki ludowej \u201epoeta fortepianu\u201d wszed\u0142 do historii muzyki [&hellip;]<\/p>\n","protected":false},"author":15,"featured_media":159555,"comment_status":"open","ping_status":"closed","sticky":false,"template":"","format":"standard","meta":{"_monsterinsights_skip_tracking":false,"_monsterinsights_sitenote_active":false,"_monsterinsights_sitenote_note":"","_monsterinsights_sitenote_category":0,"footnotes":"","_links_to":"","_links_to_target":""},"categories":[3,6,1],"tags":[4577],"class_list":["post-159548","post","type-post","status-publish","format-standard","has-post-thumbnail","hentry","category-gliwice","category-kultura","category-wszystko","tag-amok"],"yoast_head":"<!-- This site is optimized with the Yoast SEO plugin v27.5 - https:\/\/yoast.com\/product\/yoast-seo-wordpress\/ -->\n<title>Chopin i Mozart na ekranie kina Amok. W listopadzie zaplanowano dwie projekcje - 24GLIWICE - Portal Gliwice | codziennie nowe informacje<\/title>\n<meta name=\"robots\" content=\"index, follow, max-snippet:-1, max-image-preview:large, max-video-preview:-1\" \/>\n<link rel=\"canonical\" href=\"https:\/\/www.24gliwice.pl\/wiadomosci\/chopin-i-mozart-na-ekranie-kina-amok-w-listopadzie-zaplanowano-dwie-projekcje\/\" \/>\n<meta property=\"og:locale\" content=\"pl_PL\" \/>\n<meta property=\"og:type\" content=\"article\" \/>\n<meta property=\"og:title\" content=\"Chopin i Mozart na ekranie kina Amok. W listopadzie zaplanowano dwie projekcje - 24GLIWICE - Portal Gliwice | codziennie nowe informacje\" \/>\n<meta property=\"og:description\" content=\"Kino Amok zaprasza na filmow\u0105 podr\u00f3\u017c \u015bladem dw\u00f3ch genialnych kompozytor\u00f3w \u2013 Fryderyka Chopina i Wolfganga Amadeusa Mozarta. 11 i 15 listopada b\u0119dzie mo\u017cna zobaczy\u0107 dwa dokumenty w re\u017cyserii Phila Grabsky&#8217;ego. Nakr\u0119cenie filmu o Chopinie zaj\u0119\u0142o Grabsky&#8217;emu, Brytyjczykowi o polskich korzeniach, blisko cztery lata. Czerpi\u0105cy z bogactwa polskiej muzyki ludowej \u201epoeta fortepianu\u201d wszed\u0142 do historii muzyki [&hellip;]\" \/>\n<meta property=\"og:url\" content=\"https:\/\/www.24gliwice.pl\/wiadomosci\/chopin-i-mozart-na-ekranie-kina-amok-w-listopadzie-zaplanowano-dwie-projekcje\/\" \/>\n<meta property=\"og:site_name\" content=\"24GLIWICE - Portal Gliwice | codziennie nowe informacje\" \/>\n<meta property=\"article:publisher\" content=\"https:\/\/www.facebook.com\/24gliwice\" \/>\n<meta property=\"article:published_time\" content=\"2020-10-27T11:21:29+00:00\" \/>\n<meta property=\"og:image\" content=\"https:\/\/www.24gliwice.pl\/wiadomosci\/wp-content\/uploads\/2020\/10\/chopin-um-gliwice-fot-domena-publiczna.jpg\" \/>\n\t<meta property=\"og:image:width\" content=\"810\" \/>\n\t<meta property=\"og:image:height\" content=\"455\" \/>\n\t<meta property=\"og:image:type\" content=\"image\/jpeg\" \/>\n<meta name=\"author\" content=\"\u017baneta Mrozek-Siewierska\" \/>\n<meta name=\"twitter:card\" content=\"summary_large_image\" \/>\n<meta name=\"twitter:creator\" content=\"@24gliwice\" \/>\n<meta name=\"twitter:site\" content=\"@24gliwice\" \/>\n<meta name=\"twitter:label1\" content=\"Napisane przez\" \/>\n\t<meta name=\"twitter:data1\" content=\"\u017baneta Mrozek-Siewierska\" \/>\n\t<meta name=\"twitter:label2\" content=\"Szacowany czas czytania\" \/>\n\t<meta name=\"twitter:data2\" content=\"1 minuta\" \/>\n<script type=\"application\/ld+json\" class=\"yoast-schema-graph\">{\"@context\":\"https:\\\/\\\/schema.org\",\"@graph\":[{\"@type\":\"Article\",\"@id\":\"https:\\\/\\\/www.24gliwice.pl\\\/wiadomosci\\\/chopin-i-mozart-na-ekranie-kina-amok-w-listopadzie-zaplanowano-dwie-projekcje\\\/#article\",\"isPartOf\":{\"@id\":\"https:\\\/\\\/www.24gliwice.pl\\\/wiadomosci\\\/chopin-i-mozart-na-ekranie-kina-amok-w-listopadzie-zaplanowano-dwie-projekcje\\\/\"},\"author\":{\"name\":\"\u017baneta Mrozek-Siewierska\",\"@id\":\"https:\\\/\\\/www.24gliwice.pl\\\/wiadomosci\\\/#\\\/schema\\\/person\\\/e42c650edd7f2fa332be3811fb166b6e\"},\"headline\":\"Chopin i Mozart na ekranie kina Amok. W listopadzie zaplanowano dwie projekcje\",\"datePublished\":\"2020-10-27T11:21:29+00:00\",\"mainEntityOfPage\":{\"@id\":\"https:\\\/\\\/www.24gliwice.pl\\\/wiadomosci\\\/chopin-i-mozart-na-ekranie-kina-amok-w-listopadzie-zaplanowano-dwie-projekcje\\\/\"},\"wordCount\":165,\"commentCount\":0,\"publisher\":{\"@id\":\"https:\\\/\\\/www.24gliwice.pl\\\/wiadomosci\\\/#organization\"},\"image\":{\"@id\":\"https:\\\/\\\/www.24gliwice.pl\\\/wiadomosci\\\/chopin-i-mozart-na-ekranie-kina-amok-w-listopadzie-zaplanowano-dwie-projekcje\\\/#primaryimage\"},\"thumbnailUrl\":\"https:\\\/\\\/www.24gliwice.pl\\\/wiadomosci\\\/wp-content\\\/uploads\\\/2020\\\/10\\\/chopin-um-gliwice-fot-domena-publiczna.jpg\",\"keywords\":[\"AMOK\"],\"articleSection\":[\"Gliwice\",\"Kultura, wydarzenia, imprezy\",\"Najnowsze wiadomo\u015bci\"],\"inLanguage\":\"pl-PL\",\"potentialAction\":[{\"@type\":\"CommentAction\",\"name\":\"Comment\",\"target\":[\"https:\\\/\\\/www.24gliwice.pl\\\/wiadomosci\\\/chopin-i-mozart-na-ekranie-kina-amok-w-listopadzie-zaplanowano-dwie-projekcje\\\/#respond\"]}]},{\"@type\":\"WebPage\",\"@id\":\"https:\\\/\\\/www.24gliwice.pl\\\/wiadomosci\\\/chopin-i-mozart-na-ekranie-kina-amok-w-listopadzie-zaplanowano-dwie-projekcje\\\/\",\"url\":\"https:\\\/\\\/www.24gliwice.pl\\\/wiadomosci\\\/chopin-i-mozart-na-ekranie-kina-amok-w-listopadzie-zaplanowano-dwie-projekcje\\\/\",\"name\":\"Chopin i Mozart na ekranie kina Amok. W listopadzie zaplanowano dwie projekcje - 24GLIWICE - Portal Gliwice | codziennie nowe informacje\",\"isPartOf\":{\"@id\":\"https:\\\/\\\/www.24gliwice.pl\\\/wiadomosci\\\/#website\"},\"primaryImageOfPage\":{\"@id\":\"https:\\\/\\\/www.24gliwice.pl\\\/wiadomosci\\\/chopin-i-mozart-na-ekranie-kina-amok-w-listopadzie-zaplanowano-dwie-projekcje\\\/#primaryimage\"},\"image\":{\"@id\":\"https:\\\/\\\/www.24gliwice.pl\\\/wiadomosci\\\/chopin-i-mozart-na-ekranie-kina-amok-w-listopadzie-zaplanowano-dwie-projekcje\\\/#primaryimage\"},\"thumbnailUrl\":\"https:\\\/\\\/www.24gliwice.pl\\\/wiadomosci\\\/wp-content\\\/uploads\\\/2020\\\/10\\\/chopin-um-gliwice-fot-domena-publiczna.jpg\",\"datePublished\":\"2020-10-27T11:21:29+00:00\",\"breadcrumb\":{\"@id\":\"https:\\\/\\\/www.24gliwice.pl\\\/wiadomosci\\\/chopin-i-mozart-na-ekranie-kina-amok-w-listopadzie-zaplanowano-dwie-projekcje\\\/#breadcrumb\"},\"inLanguage\":\"pl-PL\",\"potentialAction\":[{\"@type\":\"ReadAction\",\"target\":[\"https:\\\/\\\/www.24gliwice.pl\\\/wiadomosci\\\/chopin-i-mozart-na-ekranie-kina-amok-w-listopadzie-zaplanowano-dwie-projekcje\\\/\"]}]},{\"@type\":\"ImageObject\",\"inLanguage\":\"pl-PL\",\"@id\":\"https:\\\/\\\/www.24gliwice.pl\\\/wiadomosci\\\/chopin-i-mozart-na-ekranie-kina-amok-w-listopadzie-zaplanowano-dwie-projekcje\\\/#primaryimage\",\"url\":\"https:\\\/\\\/www.24gliwice.pl\\\/wiadomosci\\\/wp-content\\\/uploads\\\/2020\\\/10\\\/chopin-um-gliwice-fot-domena-publiczna.jpg\",\"contentUrl\":\"https:\\\/\\\/www.24gliwice.pl\\\/wiadomosci\\\/wp-content\\\/uploads\\\/2020\\\/10\\\/chopin-um-gliwice-fot-domena-publiczna.jpg\",\"width\":810,\"height\":455,\"caption\":\"F. Chopin, fot. UM Gliwice (domena publiczna)\"},{\"@type\":\"BreadcrumbList\",\"@id\":\"https:\\\/\\\/www.24gliwice.pl\\\/wiadomosci\\\/chopin-i-mozart-na-ekranie-kina-amok-w-listopadzie-zaplanowano-dwie-projekcje\\\/#breadcrumb\",\"itemListElement\":[{\"@type\":\"ListItem\",\"position\":1,\"name\":\"Strona g\u0142\u00f3wna\",\"item\":\"https:\\\/\\\/www.24gliwice.pl\\\/wiadomosci\\\/\"},{\"@type\":\"ListItem\",\"position\":2,\"name\":\"Chopin i Mozart na ekranie kina Amok. W listopadzie zaplanowano dwie projekcje\"}]},{\"@type\":\"WebSite\",\"@id\":\"https:\\\/\\\/www.24gliwice.pl\\\/wiadomosci\\\/#website\",\"url\":\"https:\\\/\\\/www.24gliwice.pl\\\/wiadomosci\\\/\",\"name\":\"24GLIWICE - Portal Gliwice | codziennie nowe wiadomo\u015bci\",\"description\":\"Portal Miejski Gliwice\",\"publisher\":{\"@id\":\"https:\\\/\\\/www.24gliwice.pl\\\/wiadomosci\\\/#organization\"},\"potentialAction\":[{\"@type\":\"SearchAction\",\"target\":{\"@type\":\"EntryPoint\",\"urlTemplate\":\"https:\\\/\\\/www.24gliwice.pl\\\/wiadomosci\\\/?s={search_term_string}\"},\"query-input\":{\"@type\":\"PropertyValueSpecification\",\"valueRequired\":true,\"valueName\":\"search_term_string\"}}],\"inLanguage\":\"pl-PL\"},{\"@type\":\"Organization\",\"@id\":\"https:\\\/\\\/www.24gliwice.pl\\\/wiadomosci\\\/#organization\",\"name\":\"24gliwice\",\"url\":\"https:\\\/\\\/www.24gliwice.pl\\\/wiadomosci\\\/\",\"logo\":{\"@type\":\"ImageObject\",\"inLanguage\":\"pl-PL\",\"@id\":\"https:\\\/\\\/www.24gliwice.pl\\\/wiadomosci\\\/#\\\/schema\\\/logo\\\/image\\\/\",\"url\":\"https:\\\/\\\/www.24gliwice.pl\\\/wiadomosci\\\/wp-content\\\/uploads\\\/2024\\\/10\\\/24gliwice-logo-696.jpg\",\"contentUrl\":\"https:\\\/\\\/www.24gliwice.pl\\\/wiadomosci\\\/wp-content\\\/uploads\\\/2024\\\/10\\\/24gliwice-logo-696.jpg\",\"width\":696,\"height\":696,\"caption\":\"24gliwice\"},\"image\":{\"@id\":\"https:\\\/\\\/www.24gliwice.pl\\\/wiadomosci\\\/#\\\/schema\\\/logo\\\/image\\\/\"},\"sameAs\":[\"https:\\\/\\\/www.facebook.com\\\/24gliwice\",\"https:\\\/\\\/x.com\\\/24gliwice\",\"https:\\\/\\\/www.youtube.com\\\/@24gliwice\"]},{\"@type\":\"Person\",\"@id\":\"https:\\\/\\\/www.24gliwice.pl\\\/wiadomosci\\\/#\\\/schema\\\/person\\\/e42c650edd7f2fa332be3811fb166b6e\",\"name\":\"\u017baneta Mrozek-Siewierska\",\"image\":{\"@type\":\"ImageObject\",\"inLanguage\":\"pl-PL\",\"@id\":\"https:\\\/\\\/secure.gravatar.com\\\/avatar\\\/1881429e9c64597c77ad7aef2d0a19be69a3253e57534d16aa15bf3a4d34a0a3?s=96&d=mm&r=g\",\"url\":\"https:\\\/\\\/secure.gravatar.com\\\/avatar\\\/1881429e9c64597c77ad7aef2d0a19be69a3253e57534d16aa15bf3a4d34a0a3?s=96&d=mm&r=g\",\"contentUrl\":\"https:\\\/\\\/secure.gravatar.com\\\/avatar\\\/1881429e9c64597c77ad7aef2d0a19be69a3253e57534d16aa15bf3a4d34a0a3?s=96&d=mm&r=g\",\"caption\":\"\u017baneta Mrozek-Siewierska\"},\"url\":\"https:\\\/\\\/www.24gliwice.pl\\\/wiadomosci\\\/author\\\/zms\\\/\"}]}<\/script>\n<!-- \/ Yoast SEO plugin. -->","yoast_head_json":{"title":"Chopin i Mozart na ekranie kina Amok. W listopadzie zaplanowano dwie projekcje - 24GLIWICE - Portal Gliwice | codziennie nowe informacje","robots":{"index":"index","follow":"follow","max-snippet":"max-snippet:-1","max-image-preview":"max-image-preview:large","max-video-preview":"max-video-preview:-1"},"canonical":"https:\/\/www.24gliwice.pl\/wiadomosci\/chopin-i-mozart-na-ekranie-kina-amok-w-listopadzie-zaplanowano-dwie-projekcje\/","og_locale":"pl_PL","og_type":"article","og_title":"Chopin i Mozart na ekranie kina Amok. W listopadzie zaplanowano dwie projekcje - 24GLIWICE - Portal Gliwice | codziennie nowe informacje","og_description":"Kino Amok zaprasza na filmow\u0105 podr\u00f3\u017c \u015bladem dw\u00f3ch genialnych kompozytor\u00f3w \u2013 Fryderyka Chopina i Wolfganga Amadeusa Mozarta. 11 i 15 listopada b\u0119dzie mo\u017cna zobaczy\u0107 dwa dokumenty w re\u017cyserii Phila Grabsky&#8217;ego. Nakr\u0119cenie filmu o Chopinie zaj\u0119\u0142o Grabsky&#8217;emu, Brytyjczykowi o polskich korzeniach, blisko cztery lata. Czerpi\u0105cy z bogactwa polskiej muzyki ludowej \u201epoeta fortepianu\u201d wszed\u0142 do historii muzyki [&hellip;]","og_url":"https:\/\/www.24gliwice.pl\/wiadomosci\/chopin-i-mozart-na-ekranie-kina-amok-w-listopadzie-zaplanowano-dwie-projekcje\/","og_site_name":"24GLIWICE - Portal Gliwice | codziennie nowe informacje","article_publisher":"https:\/\/www.facebook.com\/24gliwice","article_published_time":"2020-10-27T11:21:29+00:00","og_image":[{"width":810,"height":455,"url":"https:\/\/www.24gliwice.pl\/wiadomosci\/wp-content\/uploads\/2020\/10\/chopin-um-gliwice-fot-domena-publiczna.jpg","type":"image\/jpeg"}],"author":"\u017baneta Mrozek-Siewierska","twitter_card":"summary_large_image","twitter_creator":"@24gliwice","twitter_site":"@24gliwice","twitter_misc":{"Napisane przez":"\u017baneta Mrozek-Siewierska","Szacowany czas czytania":"1 minuta"},"schema":{"@context":"https:\/\/schema.org","@graph":[{"@type":"Article","@id":"https:\/\/www.24gliwice.pl\/wiadomosci\/chopin-i-mozart-na-ekranie-kina-amok-w-listopadzie-zaplanowano-dwie-projekcje\/#article","isPartOf":{"@id":"https:\/\/www.24gliwice.pl\/wiadomosci\/chopin-i-mozart-na-ekranie-kina-amok-w-listopadzie-zaplanowano-dwie-projekcje\/"},"author":{"name":"\u017baneta Mrozek-Siewierska","@id":"https:\/\/www.24gliwice.pl\/wiadomosci\/#\/schema\/person\/e42c650edd7f2fa332be3811fb166b6e"},"headline":"Chopin i Mozart na ekranie kina Amok. W listopadzie zaplanowano dwie projekcje","datePublished":"2020-10-27T11:21:29+00:00","mainEntityOfPage":{"@id":"https:\/\/www.24gliwice.pl\/wiadomosci\/chopin-i-mozart-na-ekranie-kina-amok-w-listopadzie-zaplanowano-dwie-projekcje\/"},"wordCount":165,"commentCount":0,"publisher":{"@id":"https:\/\/www.24gliwice.pl\/wiadomosci\/#organization"},"image":{"@id":"https:\/\/www.24gliwice.pl\/wiadomosci\/chopin-i-mozart-na-ekranie-kina-amok-w-listopadzie-zaplanowano-dwie-projekcje\/#primaryimage"},"thumbnailUrl":"https:\/\/www.24gliwice.pl\/wiadomosci\/wp-content\/uploads\/2020\/10\/chopin-um-gliwice-fot-domena-publiczna.jpg","keywords":["AMOK"],"articleSection":["Gliwice","Kultura, wydarzenia, imprezy","Najnowsze wiadomo\u015bci"],"inLanguage":"pl-PL","potentialAction":[{"@type":"CommentAction","name":"Comment","target":["https:\/\/www.24gliwice.pl\/wiadomosci\/chopin-i-mozart-na-ekranie-kina-amok-w-listopadzie-zaplanowano-dwie-projekcje\/#respond"]}]},{"@type":"WebPage","@id":"https:\/\/www.24gliwice.pl\/wiadomosci\/chopin-i-mozart-na-ekranie-kina-amok-w-listopadzie-zaplanowano-dwie-projekcje\/","url":"https:\/\/www.24gliwice.pl\/wiadomosci\/chopin-i-mozart-na-ekranie-kina-amok-w-listopadzie-zaplanowano-dwie-projekcje\/","name":"Chopin i Mozart na ekranie kina Amok. W listopadzie zaplanowano dwie projekcje - 24GLIWICE - Portal Gliwice | codziennie nowe informacje","isPartOf":{"@id":"https:\/\/www.24gliwice.pl\/wiadomosci\/#website"},"primaryImageOfPage":{"@id":"https:\/\/www.24gliwice.pl\/wiadomosci\/chopin-i-mozart-na-ekranie-kina-amok-w-listopadzie-zaplanowano-dwie-projekcje\/#primaryimage"},"image":{"@id":"https:\/\/www.24gliwice.pl\/wiadomosci\/chopin-i-mozart-na-ekranie-kina-amok-w-listopadzie-zaplanowano-dwie-projekcje\/#primaryimage"},"thumbnailUrl":"https:\/\/www.24gliwice.pl\/wiadomosci\/wp-content\/uploads\/2020\/10\/chopin-um-gliwice-fot-domena-publiczna.jpg","datePublished":"2020-10-27T11:21:29+00:00","breadcrumb":{"@id":"https:\/\/www.24gliwice.pl\/wiadomosci\/chopin-i-mozart-na-ekranie-kina-amok-w-listopadzie-zaplanowano-dwie-projekcje\/#breadcrumb"},"inLanguage":"pl-PL","potentialAction":[{"@type":"ReadAction","target":["https:\/\/www.24gliwice.pl\/wiadomosci\/chopin-i-mozart-na-ekranie-kina-amok-w-listopadzie-zaplanowano-dwie-projekcje\/"]}]},{"@type":"ImageObject","inLanguage":"pl-PL","@id":"https:\/\/www.24gliwice.pl\/wiadomosci\/chopin-i-mozart-na-ekranie-kina-amok-w-listopadzie-zaplanowano-dwie-projekcje\/#primaryimage","url":"https:\/\/www.24gliwice.pl\/wiadomosci\/wp-content\/uploads\/2020\/10\/chopin-um-gliwice-fot-domena-publiczna.jpg","contentUrl":"https:\/\/www.24gliwice.pl\/wiadomosci\/wp-content\/uploads\/2020\/10\/chopin-um-gliwice-fot-domena-publiczna.jpg","width":810,"height":455,"caption":"F. Chopin, fot. UM Gliwice (domena publiczna)"},{"@type":"BreadcrumbList","@id":"https:\/\/www.24gliwice.pl\/wiadomosci\/chopin-i-mozart-na-ekranie-kina-amok-w-listopadzie-zaplanowano-dwie-projekcje\/#breadcrumb","itemListElement":[{"@type":"ListItem","position":1,"name":"Strona g\u0142\u00f3wna","item":"https:\/\/www.24gliwice.pl\/wiadomosci\/"},{"@type":"ListItem","position":2,"name":"Chopin i Mozart na ekranie kina Amok. W listopadzie zaplanowano dwie projekcje"}]},{"@type":"WebSite","@id":"https:\/\/www.24gliwice.pl\/wiadomosci\/#website","url":"https:\/\/www.24gliwice.pl\/wiadomosci\/","name":"24GLIWICE - Portal Gliwice | codziennie nowe wiadomo\u015bci","description":"Portal Miejski Gliwice","publisher":{"@id":"https:\/\/www.24gliwice.pl\/wiadomosci\/#organization"},"potentialAction":[{"@type":"SearchAction","target":{"@type":"EntryPoint","urlTemplate":"https:\/\/www.24gliwice.pl\/wiadomosci\/?s={search_term_string}"},"query-input":{"@type":"PropertyValueSpecification","valueRequired":true,"valueName":"search_term_string"}}],"inLanguage":"pl-PL"},{"@type":"Organization","@id":"https:\/\/www.24gliwice.pl\/wiadomosci\/#organization","name":"24gliwice","url":"https:\/\/www.24gliwice.pl\/wiadomosci\/","logo":{"@type":"ImageObject","inLanguage":"pl-PL","@id":"https:\/\/www.24gliwice.pl\/wiadomosci\/#\/schema\/logo\/image\/","url":"https:\/\/www.24gliwice.pl\/wiadomosci\/wp-content\/uploads\/2024\/10\/24gliwice-logo-696.jpg","contentUrl":"https:\/\/www.24gliwice.pl\/wiadomosci\/wp-content\/uploads\/2024\/10\/24gliwice-logo-696.jpg","width":696,"height":696,"caption":"24gliwice"},"image":{"@id":"https:\/\/www.24gliwice.pl\/wiadomosci\/#\/schema\/logo\/image\/"},"sameAs":["https:\/\/www.facebook.com\/24gliwice","https:\/\/x.com\/24gliwice","https:\/\/www.youtube.com\/@24gliwice"]},{"@type":"Person","@id":"https:\/\/www.24gliwice.pl\/wiadomosci\/#\/schema\/person\/e42c650edd7f2fa332be3811fb166b6e","name":"\u017baneta Mrozek-Siewierska","image":{"@type":"ImageObject","inLanguage":"pl-PL","@id":"https:\/\/secure.gravatar.com\/avatar\/1881429e9c64597c77ad7aef2d0a19be69a3253e57534d16aa15bf3a4d34a0a3?s=96&d=mm&r=g","url":"https:\/\/secure.gravatar.com\/avatar\/1881429e9c64597c77ad7aef2d0a19be69a3253e57534d16aa15bf3a4d34a0a3?s=96&d=mm&r=g","contentUrl":"https:\/\/secure.gravatar.com\/avatar\/1881429e9c64597c77ad7aef2d0a19be69a3253e57534d16aa15bf3a4d34a0a3?s=96&d=mm&r=g","caption":"\u017baneta Mrozek-Siewierska"},"url":"https:\/\/www.24gliwice.pl\/wiadomosci\/author\/zms\/"}]}},"_links":{"self":[{"href":"https:\/\/www.24gliwice.pl\/wiadomosci\/wp-json\/wp\/v2\/posts\/159548","targetHints":{"allow":["GET"]}}],"collection":[{"href":"https:\/\/www.24gliwice.pl\/wiadomosci\/wp-json\/wp\/v2\/posts"}],"about":[{"href":"https:\/\/www.24gliwice.pl\/wiadomosci\/wp-json\/wp\/v2\/types\/post"}],"author":[{"embeddable":true,"href":"https:\/\/www.24gliwice.pl\/wiadomosci\/wp-json\/wp\/v2\/users\/15"}],"replies":[{"embeddable":true,"href":"https:\/\/www.24gliwice.pl\/wiadomosci\/wp-json\/wp\/v2\/comments?post=159548"}],"version-history":[{"count":0,"href":"https:\/\/www.24gliwice.pl\/wiadomosci\/wp-json\/wp\/v2\/posts\/159548\/revisions"}],"wp:featuredmedia":[{"embeddable":true,"href":"https:\/\/www.24gliwice.pl\/wiadomosci\/wp-json\/wp\/v2\/media\/159555"}],"wp:attachment":[{"href":"https:\/\/www.24gliwice.pl\/wiadomosci\/wp-json\/wp\/v2\/media?parent=159548"}],"wp:term":[{"taxonomy":"category","embeddable":true,"href":"https:\/\/www.24gliwice.pl\/wiadomosci\/wp-json\/wp\/v2\/categories?post=159548"},{"taxonomy":"post_tag","embeddable":true,"href":"https:\/\/www.24gliwice.pl\/wiadomosci\/wp-json\/wp\/v2\/tags?post=159548"}],"curies":[{"name":"wp","href":"https:\/\/api.w.org\/{rel}","templated":true}]}}