{"id":160339,"date":"2020-11-09T15:58:46","date_gmt":"2020-11-09T14:58:46","guid":{"rendered":"https:\/\/www.24gliwice.pl\/wiadomosci\/?p=160339"},"modified":"2020-11-10T02:16:07","modified_gmt":"2020-11-10T01:16:07","slug":"zniszczenie-synagogi-w-gliwicach","status":"publish","type":"post","link":"https:\/\/www.24gliwice.pl\/wiadomosci\/zniszczenie-synagogi-w-gliwicach\/","title":{"rendered":"Gliwick\u0105 synagog\u0119 polano benzyn\u0105 i podpalono r\u00f3wno 82 lata temu. Budynek p\u0142on\u0105\u0142 dwie doby (TV)"},"content":{"rendered":"<div class=\"gliwi-a6-nad-leadem-artykulow gliwi-entity-placement\" id=\"gliwi-1597613834\"><div class=\"gliwi-adlabel\"><span style=\"font-size: 9px\">REKLAMA<\/span><\/div><div id=\"gliwi-1194177256\" style=\"margin-bottom: 30px;margin-left: auto;margin-right: auto;text-align: center;\"><a data-no-instant=\"1\" href=\"https:\/\/przedszkole.halogen.org.pl\/\" rel=\"noopener\" class=\"a2t-link\" target=\"_blank\" aria-label=\"20260402-ANIMATOR-przedszkole_grafika_750x200\"><img loading=\"lazy\" decoding=\"async\" src=\"https:\/\/www.24gliwice.pl\/wiadomosci\/wp-content\/uploads\/2026\/04\/20260402-ANIMATOR-przedszkole_grafika_750x200.webp\" alt=\"\"  srcset=\"https:\/\/www.24gliwice.pl\/wiadomosci\/wp-content\/uploads\/2026\/04\/20260402-ANIMATOR-przedszkole_grafika_750x200.webp 750w, https:\/\/www.24gliwice.pl\/wiadomosci\/wp-content\/uploads\/2026\/04\/20260402-ANIMATOR-przedszkole_grafika_750x200-410x109.webp 410w\" sizes=\"(max-width: 750px) 100vw, 750px\" class=\"no-lazyload\" width=\"750\" height=\"200\"  style=\"display: inline-block; max-width: 100%; height: auto;\" \/><\/a><\/div><\/div><h3>Podpalenie by\u0142o akcj\u0105 dobrze przygotowan\u0105 i wcze\u015bniej zaplanowan\u0105. Mieszka\u0144cy zostali poproszeni o opuszczenie okolicznych dom\u00f3w, a budynek synagogi polano benzyn\u0105.<\/h3>\n<p>&nbsp;<br \/>\nW nocy cz\u0142onkowie SS zabieraj\u0105 klucze dozorcy budynku, po czym zalewaj\u0105 benzyn\u0105 belkowanie obiektu. Nad ranem podk\u0142adaj\u0105 ogie\u0144, a synagoga na dwa dni staje w p\u0142omieniach. \u0141un\u0119 unosz\u0105c\u0105 si\u0119 nad star\u00f3wk\u0105 wida\u0107 by\u0142o wiele kilometr\u00f3w za Gliwicami. Na miejsce wezwano te\u017c stra\u017c po\u017carn\u0105, kt\u00f3ra mia\u0142a pilnowa\u0107, by ogie\u0144 nie obj\u0105\u0142 s\u0105siednich kamienic. <\/p>\n<p><iframe loading=\"lazy\" width=\"789\" height=\"444\" src=\"https:\/\/www.youtube.com\/embed\/tgGEchRE8o4?rel=0\" frameborder=\"0\" allowfullscreen><\/iframe><\/p>\n<p>R\u00f3wno 82 lata temu, w &#8220;noc kryszta\u0142ow\u0105&#8221; z 9 na 10 listopada 1938 roku, opr\u00f3cz synagogi Niemcy zniszczyli te\u017c sklepy i domy \u017cydowskie. Szk\u0142em z powybijanych okien mieszka\u0144, zar\u00f3wno w Gliwicach, jak i w innych miastach, zasypane zosta\u0142y ulice. St\u0105d te\u017c nazwa &#8220;noc kryszta\u0142owa&#8221;. Inna z teorii pochodzenia nazwy m\u00f3wi, ze wzi\u0119\u0142a si\u0119 ona od krystalizacji narodu niemieckiego, czyli oczyszczenia go z innych narod\u00f3w, przede wszystkim \u017byd\u00f3w.<\/p><div class=\"gliwi-a3-w-tresci-artykulow gliwi-entity-placement\" id=\"gliwi-3763747029\"><div class=\"gliwi-adlabel\"><span style=\"font-size: 9px\">REKLAMA<\/span><\/div><div id=\"gliwi-1283954428\" style=\"margin-bottom: 30px;margin-left: auto;margin-right: auto;text-align: center;\"><a data-no-instant=\"1\" href=\"https:\/\/ogrodyandersa.pl\/\" rel=\"noopener\" class=\"a2t-link\" target=\"_blank\" aria-label=\"20260415 Ogrody Andersa KUP TERAZ D\"><img loading=\"lazy\" decoding=\"async\" src=\"https:\/\/www.24gliwice.pl\/wiadomosci\/wp-content\/uploads\/2026\/04\/20260415-Ogrody-Andersa-KUP-TERAZ-D.jpg\" alt=\"\"  srcset=\"https:\/\/www.24gliwice.pl\/wiadomosci\/wp-content\/uploads\/2026\/04\/20260415-Ogrody-Andersa-KUP-TERAZ-D.jpg 750w, https:\/\/www.24gliwice.pl\/wiadomosci\/wp-content\/uploads\/2026\/04\/20260415-Ogrody-Andersa-KUP-TERAZ-D-410x109.jpg 410w\" sizes=\"(max-width: 750px) 100vw, 750px\" class=\"no-lazyload\" width=\"750\" height=\"200\"  style=\"display: inline-block; max-width: 100%; height: auto;\" \/><\/a><\/div><\/div>\n<hr>\n<h4>Historia<\/h4>\n<p>Nowy budynek synagogi powsta\u0142 w latach 1859-1861 przy \u00f3wczesnym Wilhelmsplatz, czyli dzisiejszym placu Inwalid\u00f3w Wojennych. Jego tw\u00f3rcami byli gliwiccy mistrzowie murarscy \u2013 <strong>Salomon Lubowski<\/strong> i <strong>Louis Troplowitz<\/strong> \u2013 ojciec Oskara, wynalazcy kremu Nivea. Koszt wzniesienia synagogi oszacowano na 25 tysi\u0119cy talar\u00f3w, a po kolejnej rozbudowie w 1911 roku, w budynku mog\u0142o pomie\u015bci\u0107 si\u0119 1800 os\u00f3b.<\/p>\n<p>Front budynku \u201cnowej synagogi\u201d zdobi\u0142y elementy dekoracyjne w stylu maureta\u0144skim, wn\u0119trze by\u0142o przestronne, tr\u00f3jnawowe, z podw\u00f3jnymi balkonami. Po bokach frontu budynku znajdowa\u0142y si\u0119 dwie wie\u017ce zwie\u0144czone kopu\u0142ami z iglicami, na kt\u00f3rych widnia\u0142y gwiazdy Dawida. W synagodze gromadzi\u0142a si\u0119 gliwicka wsp\u00f3lnota \u017cydowska &#8211; tutaj si\u0119 modl\u0105, czytano Tor\u0119 i studiowano Prawo.<\/p>\n<p>Po II Wojnie \u015awiatowej, przez kilka dziesi\u0119cioleci, teren po dawnej synagodze s\u0142u\u017cy\u0142 jako plac zabaw. W 2002 roku pusta dzia\u0142ka trafi\u0142a w r\u0119ce prywatnego w\u0142a\u015bciciela, dzisiaj na ci\u0105gle niezagospodarowanym placu parkuj\u0105 samochody. O dawnej synagodze przypomina niewielka tablica pami\u0105tkowa zamontowana na s\u0105siednim budynku.<\/p>\n<p><img loading=\"lazy\" decoding=\"async\" src=\"https:\/\/www.24gliwice.pl\/wiadomosci\/wp-content\/uploads\/2020\/11\/synagoga-po-pozarze.jpg\" alt=\"\" width=\"980\" height=\"547\" class=\"aligncenter size-full wp-image-160362\" srcset=\"https:\/\/www.24gliwice.pl\/wiadomosci\/wp-content\/uploads\/2020\/11\/synagoga-po-pozarze.jpg 980w, https:\/\/www.24gliwice.pl\/wiadomosci\/wp-content\/uploads\/2020\/11\/synagoga-po-pozarze-410x229.jpg 410w, https:\/\/www.24gliwice.pl\/wiadomosci\/wp-content\/uploads\/2020\/11\/synagoga-po-pozarze-810x452.jpg 810w, https:\/\/www.24gliwice.pl\/wiadomosci\/wp-content\/uploads\/2020\/11\/synagoga-po-pozarze-768x429.jpg 768w\" sizes=\"auto, (max-width: 980px) 100vw, 980px\" \/><\/p>\n<p>TV\/archiwum 24gliwice<\/p>\n<div class=\"gliwi-a5-na-koncu-artykulow gliwi-entity-placement\" id=\"gliwi-2263783276\"><div class=\"gliwi-adlabel\"><span style=\"font-size: 9px\">REKLAMA<\/span><\/div><div id=\"gliwi-3797947012\" style=\"margin-left: auto;margin-right: auto;text-align: center;\"><a data-no-instant=\"1\" href=\"https:\/\/prezeroarenagliwice.pl\/\" rel=\"noopener\" class=\"a2t-link\" target=\"_blank\" aria-label=\"20260309-PREZERO-WIOSNA-D\"><img loading=\"lazy\" decoding=\"async\" src=\"https:\/\/www.24gliwice.pl\/wiadomosci\/wp-content\/uploads\/2026\/03\/20260309-PREZERO-WIOSNA-D.webp\" alt=\"\"  srcset=\"https:\/\/www.24gliwice.pl\/wiadomosci\/wp-content\/uploads\/2026\/03\/20260309-PREZERO-WIOSNA-D.webp 750w, https:\/\/www.24gliwice.pl\/wiadomosci\/wp-content\/uploads\/2026\/03\/20260309-PREZERO-WIOSNA-D-410x109.webp 410w\" sizes=\"(max-width: 750px) 100vw, 750px\" class=\"no-lazyload\" width=\"750\" height=\"200\"  style=\"display: inline-block; max-width: 100%; height: auto;\" \/><\/a><\/div><\/div>","protected":false},"excerpt":{"rendered":"<p>Podpalenie by\u0142o akcj\u0105 dobrze przygotowan\u0105 i wcze\u015bniej zaplanowan\u0105. Mieszka\u0144cy zostali poproszeni o opuszczenie okolicznych dom\u00f3w, a budynek synagogi polano benzyn\u0105. &nbsp; W nocy cz\u0142onkowie SS zabieraj\u0105 klucze dozorcy budynku, po czym zalewaj\u0105 benzyn\u0105 belkowanie obiektu. Nad ranem podk\u0142adaj\u0105 ogie\u0144, a synagoga na dwa dni staje w p\u0142omieniach. \u0141un\u0119 unosz\u0105c\u0105 si\u0119 nad star\u00f3wk\u0105 wida\u0107 by\u0142o wiele [&hellip;]<\/p>\n","protected":false},"author":4,"featured_media":160360,"comment_status":"closed","ping_status":"closed","sticky":false,"template":"","format":"standard","meta":{"_monsterinsights_skip_tracking":false,"_monsterinsights_sitenote_active":false,"_monsterinsights_sitenote_note":"","_monsterinsights_sitenote_category":0,"footnotes":"","_links_to":"","_links_to_target":""},"categories":[3,7,1,9,4],"tags":[],"class_list":["post-160339","post","type-post","status-publish","format-standard","has-post-thumbnail","hentry","category-gliwice","category-historia","category-wszystko","category-aktualnosci_lokalne","category-telewizja-gliwice"],"yoast_head":"<!-- This site is optimized with the Yoast SEO plugin v27.5 - https:\/\/yoast.com\/product\/yoast-seo-wordpress\/ -->\n<title>Gliwick\u0105 synagog\u0119 polano benzyn\u0105 i podpalono r\u00f3wno 82 lata temu. Budynek p\u0142on\u0105\u0142 dwie doby (TV) - 24GLIWICE - Portal Gliwice | codziennie nowe informacje<\/title>\n<meta name=\"robots\" content=\"index, follow, max-snippet:-1, max-image-preview:large, max-video-preview:-1\" \/>\n<link rel=\"canonical\" href=\"https:\/\/www.24gliwice.pl\/wiadomosci\/zniszczenie-synagogi-w-gliwicach\/\" \/>\n<meta property=\"og:locale\" content=\"pl_PL\" \/>\n<meta property=\"og:type\" content=\"article\" \/>\n<meta property=\"og:title\" content=\"Gliwick\u0105 synagog\u0119 polano benzyn\u0105 i podpalono r\u00f3wno 82 lata temu. Budynek p\u0142on\u0105\u0142 dwie doby (TV) - 24GLIWICE - Portal Gliwice | codziennie nowe informacje\" \/>\n<meta property=\"og:description\" content=\"Podpalenie by\u0142o akcj\u0105 dobrze przygotowan\u0105 i wcze\u015bniej zaplanowan\u0105. Mieszka\u0144cy zostali poproszeni o opuszczenie okolicznych dom\u00f3w, a budynek synagogi polano benzyn\u0105. &nbsp; W nocy cz\u0142onkowie SS zabieraj\u0105 klucze dozorcy budynku, po czym zalewaj\u0105 benzyn\u0105 belkowanie obiektu. Nad ranem podk\u0142adaj\u0105 ogie\u0144, a synagoga na dwa dni staje w p\u0142omieniach. \u0141un\u0119 unosz\u0105c\u0105 si\u0119 nad star\u00f3wk\u0105 wida\u0107 by\u0142o wiele [&hellip;]\" \/>\n<meta property=\"og:url\" content=\"https:\/\/www.24gliwice.pl\/wiadomosci\/zniszczenie-synagogi-w-gliwicach\/\" \/>\n<meta property=\"og:site_name\" content=\"24GLIWICE - Portal Gliwice | codziennie nowe informacje\" \/>\n<meta property=\"article:publisher\" content=\"https:\/\/www.facebook.com\/24gliwice\" \/>\n<meta property=\"article:author\" content=\"https:\/\/www.facebook.com\/marcin.fabrykowski\" \/>\n<meta property=\"article:published_time\" content=\"2020-11-09T14:58:46+00:00\" \/>\n<meta property=\"article:modified_time\" content=\"2020-11-10T01:16:07+00:00\" \/>\n<meta property=\"og:image\" content=\"https:\/\/www.24gliwice.pl\/wiadomosci\/wp-content\/uploads\/2020\/11\/1-synagoga-gliwice.jpg\" \/>\n\t<meta property=\"og:image:width\" content=\"1200\" \/>\n\t<meta property=\"og:image:height\" content=\"671\" \/>\n\t<meta property=\"og:image:type\" content=\"image\/jpeg\" \/>\n<meta name=\"author\" content=\"Marcin Fabrykowski\" \/>\n<meta name=\"twitter:card\" content=\"summary_large_image\" \/>\n<meta name=\"twitter:creator\" content=\"@24gliwice\" \/>\n<meta name=\"twitter:site\" content=\"@24gliwice\" \/>\n<meta name=\"twitter:label1\" content=\"Napisane przez\" \/>\n\t<meta name=\"twitter:data1\" content=\"Marcin Fabrykowski\" \/>\n\t<meta name=\"twitter:label2\" content=\"Szacowany czas czytania\" \/>\n\t<meta name=\"twitter:data2\" content=\"2 minuty\" \/>\n<script type=\"application\/ld+json\" class=\"yoast-schema-graph\">{\"@context\":\"https:\\\/\\\/schema.org\",\"@graph\":[{\"@type\":\"Article\",\"@id\":\"https:\\\/\\\/www.24gliwice.pl\\\/wiadomosci\\\/zniszczenie-synagogi-w-gliwicach\\\/#article\",\"isPartOf\":{\"@id\":\"https:\\\/\\\/www.24gliwice.pl\\\/wiadomosci\\\/zniszczenie-synagogi-w-gliwicach\\\/\"},\"author\":{\"name\":\"Marcin Fabrykowski\",\"@id\":\"https:\\\/\\\/www.24gliwice.pl\\\/wiadomosci\\\/#\\\/schema\\\/person\\\/cb5857e4a4d048c15984c1edcc8ef0c0\"},\"headline\":\"Gliwick\u0105 synagog\u0119 polano benzyn\u0105 i podpalono r\u00f3wno 82 lata temu. Budynek p\u0142on\u0105\u0142 dwie doby (TV)\",\"datePublished\":\"2020-11-09T14:58:46+00:00\",\"dateModified\":\"2020-11-10T01:16:07+00:00\",\"mainEntityOfPage\":{\"@id\":\"https:\\\/\\\/www.24gliwice.pl\\\/wiadomosci\\\/zniszczenie-synagogi-w-gliwicach\\\/\"},\"wordCount\":357,\"publisher\":{\"@id\":\"https:\\\/\\\/www.24gliwice.pl\\\/wiadomosci\\\/#organization\"},\"image\":{\"@id\":\"https:\\\/\\\/www.24gliwice.pl\\\/wiadomosci\\\/zniszczenie-synagogi-w-gliwicach\\\/#primaryimage\"},\"thumbnailUrl\":\"https:\\\/\\\/www.24gliwice.pl\\\/wiadomosci\\\/wp-content\\\/uploads\\\/2020\\\/11\\\/1-synagoga-gliwice.jpg\",\"articleSection\":[\"Gliwice\",\"Historia\",\"Najnowsze wiadomo\u015bci\",\"Portal Gliwice - Wiadomo\u015bci lokalne\",\"Telewizja, materia\u0142y wideo\"],\"inLanguage\":\"pl-PL\"},{\"@type\":\"WebPage\",\"@id\":\"https:\\\/\\\/www.24gliwice.pl\\\/wiadomosci\\\/zniszczenie-synagogi-w-gliwicach\\\/\",\"url\":\"https:\\\/\\\/www.24gliwice.pl\\\/wiadomosci\\\/zniszczenie-synagogi-w-gliwicach\\\/\",\"name\":\"Gliwick\u0105 synagog\u0119 polano benzyn\u0105 i podpalono r\u00f3wno 82 lata temu. Budynek p\u0142on\u0105\u0142 dwie doby (TV) - 24GLIWICE - Portal Gliwice | codziennie nowe informacje\",\"isPartOf\":{\"@id\":\"https:\\\/\\\/www.24gliwice.pl\\\/wiadomosci\\\/#website\"},\"primaryImageOfPage\":{\"@id\":\"https:\\\/\\\/www.24gliwice.pl\\\/wiadomosci\\\/zniszczenie-synagogi-w-gliwicach\\\/#primaryimage\"},\"image\":{\"@id\":\"https:\\\/\\\/www.24gliwice.pl\\\/wiadomosci\\\/zniszczenie-synagogi-w-gliwicach\\\/#primaryimage\"},\"thumbnailUrl\":\"https:\\\/\\\/www.24gliwice.pl\\\/wiadomosci\\\/wp-content\\\/uploads\\\/2020\\\/11\\\/1-synagoga-gliwice.jpg\",\"datePublished\":\"2020-11-09T14:58:46+00:00\",\"dateModified\":\"2020-11-10T01:16:07+00:00\",\"breadcrumb\":{\"@id\":\"https:\\\/\\\/www.24gliwice.pl\\\/wiadomosci\\\/zniszczenie-synagogi-w-gliwicach\\\/#breadcrumb\"},\"inLanguage\":\"pl-PL\",\"potentialAction\":[{\"@type\":\"ReadAction\",\"target\":[\"https:\\\/\\\/www.24gliwice.pl\\\/wiadomosci\\\/zniszczenie-synagogi-w-gliwicach\\\/\"]}]},{\"@type\":\"ImageObject\",\"inLanguage\":\"pl-PL\",\"@id\":\"https:\\\/\\\/www.24gliwice.pl\\\/wiadomosci\\\/zniszczenie-synagogi-w-gliwicach\\\/#primaryimage\",\"url\":\"https:\\\/\\\/www.24gliwice.pl\\\/wiadomosci\\\/wp-content\\\/uploads\\\/2020\\\/11\\\/1-synagoga-gliwice.jpg\",\"contentUrl\":\"https:\\\/\\\/www.24gliwice.pl\\\/wiadomosci\\\/wp-content\\\/uploads\\\/2020\\\/11\\\/1-synagoga-gliwice.jpg\",\"width\":1200,\"height\":671},{\"@type\":\"BreadcrumbList\",\"@id\":\"https:\\\/\\\/www.24gliwice.pl\\\/wiadomosci\\\/zniszczenie-synagogi-w-gliwicach\\\/#breadcrumb\",\"itemListElement\":[{\"@type\":\"ListItem\",\"position\":1,\"name\":\"Strona g\u0142\u00f3wna\",\"item\":\"https:\\\/\\\/www.24gliwice.pl\\\/wiadomosci\\\/\"},{\"@type\":\"ListItem\",\"position\":2,\"name\":\"Gliwick\u0105 synagog\u0119 polano benzyn\u0105 i podpalono r\u00f3wno 82 lata temu. Budynek p\u0142on\u0105\u0142 dwie doby (TV)\"}]},{\"@type\":\"WebSite\",\"@id\":\"https:\\\/\\\/www.24gliwice.pl\\\/wiadomosci\\\/#website\",\"url\":\"https:\\\/\\\/www.24gliwice.pl\\\/wiadomosci\\\/\",\"name\":\"24GLIWICE - Portal Gliwice | codziennie nowe wiadomo\u015bci\",\"description\":\"Portal Miejski Gliwice\",\"publisher\":{\"@id\":\"https:\\\/\\\/www.24gliwice.pl\\\/wiadomosci\\\/#organization\"},\"potentialAction\":[{\"@type\":\"SearchAction\",\"target\":{\"@type\":\"EntryPoint\",\"urlTemplate\":\"https:\\\/\\\/www.24gliwice.pl\\\/wiadomosci\\\/?s={search_term_string}\"},\"query-input\":{\"@type\":\"PropertyValueSpecification\",\"valueRequired\":true,\"valueName\":\"search_term_string\"}}],\"inLanguage\":\"pl-PL\"},{\"@type\":\"Organization\",\"@id\":\"https:\\\/\\\/www.24gliwice.pl\\\/wiadomosci\\\/#organization\",\"name\":\"24gliwice\",\"url\":\"https:\\\/\\\/www.24gliwice.pl\\\/wiadomosci\\\/\",\"logo\":{\"@type\":\"ImageObject\",\"inLanguage\":\"pl-PL\",\"@id\":\"https:\\\/\\\/www.24gliwice.pl\\\/wiadomosci\\\/#\\\/schema\\\/logo\\\/image\\\/\",\"url\":\"https:\\\/\\\/www.24gliwice.pl\\\/wiadomosci\\\/wp-content\\\/uploads\\\/2024\\\/10\\\/24gliwice-logo-696.jpg\",\"contentUrl\":\"https:\\\/\\\/www.24gliwice.pl\\\/wiadomosci\\\/wp-content\\\/uploads\\\/2024\\\/10\\\/24gliwice-logo-696.jpg\",\"width\":696,\"height\":696,\"caption\":\"24gliwice\"},\"image\":{\"@id\":\"https:\\\/\\\/www.24gliwice.pl\\\/wiadomosci\\\/#\\\/schema\\\/logo\\\/image\\\/\"},\"sameAs\":[\"https:\\\/\\\/www.facebook.com\\\/24gliwice\",\"https:\\\/\\\/x.com\\\/24gliwice\",\"https:\\\/\\\/www.youtube.com\\\/@24gliwice\"]},{\"@type\":\"Person\",\"@id\":\"https:\\\/\\\/www.24gliwice.pl\\\/wiadomosci\\\/#\\\/schema\\\/person\\\/cb5857e4a4d048c15984c1edcc8ef0c0\",\"name\":\"Marcin Fabrykowski\",\"image\":{\"@type\":\"ImageObject\",\"inLanguage\":\"pl-PL\",\"@id\":\"https:\\\/\\\/www.24gliwice.pl\\\/wiadomosci\\\/wp-content\\\/uploads\\\/2025\\\/11\\\/zdjecie-moje-marcin-300-96x96.jpg\",\"url\":\"https:\\\/\\\/www.24gliwice.pl\\\/wiadomosci\\\/wp-content\\\/uploads\\\/2025\\\/11\\\/zdjecie-moje-marcin-300-96x96.jpg\",\"contentUrl\":\"https:\\\/\\\/www.24gliwice.pl\\\/wiadomosci\\\/wp-content\\\/uploads\\\/2025\\\/11\\\/zdjecie-moje-marcin-300-96x96.jpg\",\"caption\":\"Marcin Fabrykowski\"},\"sameAs\":[\"http:\\\/\\\/24gliwice.pl\",\"https:\\\/\\\/www.facebook.com\\\/marcin.fabrykowski\"],\"url\":\"https:\\\/\\\/www.24gliwice.pl\\\/wiadomosci\\\/author\\\/marcin-fabrykowski\\\/\"}]}<\/script>\n<!-- \/ Yoast SEO plugin. -->","yoast_head_json":{"title":"Gliwick\u0105 synagog\u0119 polano benzyn\u0105 i podpalono r\u00f3wno 82 lata temu. Budynek p\u0142on\u0105\u0142 dwie doby (TV) - 24GLIWICE - Portal Gliwice | codziennie nowe informacje","robots":{"index":"index","follow":"follow","max-snippet":"max-snippet:-1","max-image-preview":"max-image-preview:large","max-video-preview":"max-video-preview:-1"},"canonical":"https:\/\/www.24gliwice.pl\/wiadomosci\/zniszczenie-synagogi-w-gliwicach\/","og_locale":"pl_PL","og_type":"article","og_title":"Gliwick\u0105 synagog\u0119 polano benzyn\u0105 i podpalono r\u00f3wno 82 lata temu. Budynek p\u0142on\u0105\u0142 dwie doby (TV) - 24GLIWICE - Portal Gliwice | codziennie nowe informacje","og_description":"Podpalenie by\u0142o akcj\u0105 dobrze przygotowan\u0105 i wcze\u015bniej zaplanowan\u0105. Mieszka\u0144cy zostali poproszeni o opuszczenie okolicznych dom\u00f3w, a budynek synagogi polano benzyn\u0105. &nbsp; W nocy cz\u0142onkowie SS zabieraj\u0105 klucze dozorcy budynku, po czym zalewaj\u0105 benzyn\u0105 belkowanie obiektu. Nad ranem podk\u0142adaj\u0105 ogie\u0144, a synagoga na dwa dni staje w p\u0142omieniach. \u0141un\u0119 unosz\u0105c\u0105 si\u0119 nad star\u00f3wk\u0105 wida\u0107 by\u0142o wiele [&hellip;]","og_url":"https:\/\/www.24gliwice.pl\/wiadomosci\/zniszczenie-synagogi-w-gliwicach\/","og_site_name":"24GLIWICE - Portal Gliwice | codziennie nowe informacje","article_publisher":"https:\/\/www.facebook.com\/24gliwice","article_author":"https:\/\/www.facebook.com\/marcin.fabrykowski","article_published_time":"2020-11-09T14:58:46+00:00","article_modified_time":"2020-11-10T01:16:07+00:00","og_image":[{"width":1200,"height":671,"url":"https:\/\/www.24gliwice.pl\/wiadomosci\/wp-content\/uploads\/2020\/11\/1-synagoga-gliwice.jpg","type":"image\/jpeg"}],"author":"Marcin Fabrykowski","twitter_card":"summary_large_image","twitter_creator":"@24gliwice","twitter_site":"@24gliwice","twitter_misc":{"Napisane przez":"Marcin Fabrykowski","Szacowany czas czytania":"2 minuty"},"schema":{"@context":"https:\/\/schema.org","@graph":[{"@type":"Article","@id":"https:\/\/www.24gliwice.pl\/wiadomosci\/zniszczenie-synagogi-w-gliwicach\/#article","isPartOf":{"@id":"https:\/\/www.24gliwice.pl\/wiadomosci\/zniszczenie-synagogi-w-gliwicach\/"},"author":{"name":"Marcin Fabrykowski","@id":"https:\/\/www.24gliwice.pl\/wiadomosci\/#\/schema\/person\/cb5857e4a4d048c15984c1edcc8ef0c0"},"headline":"Gliwick\u0105 synagog\u0119 polano benzyn\u0105 i podpalono r\u00f3wno 82 lata temu. Budynek p\u0142on\u0105\u0142 dwie doby (TV)","datePublished":"2020-11-09T14:58:46+00:00","dateModified":"2020-11-10T01:16:07+00:00","mainEntityOfPage":{"@id":"https:\/\/www.24gliwice.pl\/wiadomosci\/zniszczenie-synagogi-w-gliwicach\/"},"wordCount":357,"publisher":{"@id":"https:\/\/www.24gliwice.pl\/wiadomosci\/#organization"},"image":{"@id":"https:\/\/www.24gliwice.pl\/wiadomosci\/zniszczenie-synagogi-w-gliwicach\/#primaryimage"},"thumbnailUrl":"https:\/\/www.24gliwice.pl\/wiadomosci\/wp-content\/uploads\/2020\/11\/1-synagoga-gliwice.jpg","articleSection":["Gliwice","Historia","Najnowsze wiadomo\u015bci","Portal Gliwice - Wiadomo\u015bci lokalne","Telewizja, materia\u0142y wideo"],"inLanguage":"pl-PL"},{"@type":"WebPage","@id":"https:\/\/www.24gliwice.pl\/wiadomosci\/zniszczenie-synagogi-w-gliwicach\/","url":"https:\/\/www.24gliwice.pl\/wiadomosci\/zniszczenie-synagogi-w-gliwicach\/","name":"Gliwick\u0105 synagog\u0119 polano benzyn\u0105 i podpalono r\u00f3wno 82 lata temu. Budynek p\u0142on\u0105\u0142 dwie doby (TV) - 24GLIWICE - Portal Gliwice | codziennie nowe informacje","isPartOf":{"@id":"https:\/\/www.24gliwice.pl\/wiadomosci\/#website"},"primaryImageOfPage":{"@id":"https:\/\/www.24gliwice.pl\/wiadomosci\/zniszczenie-synagogi-w-gliwicach\/#primaryimage"},"image":{"@id":"https:\/\/www.24gliwice.pl\/wiadomosci\/zniszczenie-synagogi-w-gliwicach\/#primaryimage"},"thumbnailUrl":"https:\/\/www.24gliwice.pl\/wiadomosci\/wp-content\/uploads\/2020\/11\/1-synagoga-gliwice.jpg","datePublished":"2020-11-09T14:58:46+00:00","dateModified":"2020-11-10T01:16:07+00:00","breadcrumb":{"@id":"https:\/\/www.24gliwice.pl\/wiadomosci\/zniszczenie-synagogi-w-gliwicach\/#breadcrumb"},"inLanguage":"pl-PL","potentialAction":[{"@type":"ReadAction","target":["https:\/\/www.24gliwice.pl\/wiadomosci\/zniszczenie-synagogi-w-gliwicach\/"]}]},{"@type":"ImageObject","inLanguage":"pl-PL","@id":"https:\/\/www.24gliwice.pl\/wiadomosci\/zniszczenie-synagogi-w-gliwicach\/#primaryimage","url":"https:\/\/www.24gliwice.pl\/wiadomosci\/wp-content\/uploads\/2020\/11\/1-synagoga-gliwice.jpg","contentUrl":"https:\/\/www.24gliwice.pl\/wiadomosci\/wp-content\/uploads\/2020\/11\/1-synagoga-gliwice.jpg","width":1200,"height":671},{"@type":"BreadcrumbList","@id":"https:\/\/www.24gliwice.pl\/wiadomosci\/zniszczenie-synagogi-w-gliwicach\/#breadcrumb","itemListElement":[{"@type":"ListItem","position":1,"name":"Strona g\u0142\u00f3wna","item":"https:\/\/www.24gliwice.pl\/wiadomosci\/"},{"@type":"ListItem","position":2,"name":"Gliwick\u0105 synagog\u0119 polano benzyn\u0105 i podpalono r\u00f3wno 82 lata temu. Budynek p\u0142on\u0105\u0142 dwie doby (TV)"}]},{"@type":"WebSite","@id":"https:\/\/www.24gliwice.pl\/wiadomosci\/#website","url":"https:\/\/www.24gliwice.pl\/wiadomosci\/","name":"24GLIWICE - Portal Gliwice | codziennie nowe wiadomo\u015bci","description":"Portal Miejski Gliwice","publisher":{"@id":"https:\/\/www.24gliwice.pl\/wiadomosci\/#organization"},"potentialAction":[{"@type":"SearchAction","target":{"@type":"EntryPoint","urlTemplate":"https:\/\/www.24gliwice.pl\/wiadomosci\/?s={search_term_string}"},"query-input":{"@type":"PropertyValueSpecification","valueRequired":true,"valueName":"search_term_string"}}],"inLanguage":"pl-PL"},{"@type":"Organization","@id":"https:\/\/www.24gliwice.pl\/wiadomosci\/#organization","name":"24gliwice","url":"https:\/\/www.24gliwice.pl\/wiadomosci\/","logo":{"@type":"ImageObject","inLanguage":"pl-PL","@id":"https:\/\/www.24gliwice.pl\/wiadomosci\/#\/schema\/logo\/image\/","url":"https:\/\/www.24gliwice.pl\/wiadomosci\/wp-content\/uploads\/2024\/10\/24gliwice-logo-696.jpg","contentUrl":"https:\/\/www.24gliwice.pl\/wiadomosci\/wp-content\/uploads\/2024\/10\/24gliwice-logo-696.jpg","width":696,"height":696,"caption":"24gliwice"},"image":{"@id":"https:\/\/www.24gliwice.pl\/wiadomosci\/#\/schema\/logo\/image\/"},"sameAs":["https:\/\/www.facebook.com\/24gliwice","https:\/\/x.com\/24gliwice","https:\/\/www.youtube.com\/@24gliwice"]},{"@type":"Person","@id":"https:\/\/www.24gliwice.pl\/wiadomosci\/#\/schema\/person\/cb5857e4a4d048c15984c1edcc8ef0c0","name":"Marcin Fabrykowski","image":{"@type":"ImageObject","inLanguage":"pl-PL","@id":"https:\/\/www.24gliwice.pl\/wiadomosci\/wp-content\/uploads\/2025\/11\/zdjecie-moje-marcin-300-96x96.jpg","url":"https:\/\/www.24gliwice.pl\/wiadomosci\/wp-content\/uploads\/2025\/11\/zdjecie-moje-marcin-300-96x96.jpg","contentUrl":"https:\/\/www.24gliwice.pl\/wiadomosci\/wp-content\/uploads\/2025\/11\/zdjecie-moje-marcin-300-96x96.jpg","caption":"Marcin Fabrykowski"},"sameAs":["http:\/\/24gliwice.pl","https:\/\/www.facebook.com\/marcin.fabrykowski"],"url":"https:\/\/www.24gliwice.pl\/wiadomosci\/author\/marcin-fabrykowski\/"}]}},"_links":{"self":[{"href":"https:\/\/www.24gliwice.pl\/wiadomosci\/wp-json\/wp\/v2\/posts\/160339","targetHints":{"allow":["GET"]}}],"collection":[{"href":"https:\/\/www.24gliwice.pl\/wiadomosci\/wp-json\/wp\/v2\/posts"}],"about":[{"href":"https:\/\/www.24gliwice.pl\/wiadomosci\/wp-json\/wp\/v2\/types\/post"}],"author":[{"embeddable":true,"href":"https:\/\/www.24gliwice.pl\/wiadomosci\/wp-json\/wp\/v2\/users\/4"}],"replies":[{"embeddable":true,"href":"https:\/\/www.24gliwice.pl\/wiadomosci\/wp-json\/wp\/v2\/comments?post=160339"}],"version-history":[{"count":0,"href":"https:\/\/www.24gliwice.pl\/wiadomosci\/wp-json\/wp\/v2\/posts\/160339\/revisions"}],"wp:featuredmedia":[{"embeddable":true,"href":"https:\/\/www.24gliwice.pl\/wiadomosci\/wp-json\/wp\/v2\/media\/160360"}],"wp:attachment":[{"href":"https:\/\/www.24gliwice.pl\/wiadomosci\/wp-json\/wp\/v2\/media?parent=160339"}],"wp:term":[{"taxonomy":"category","embeddable":true,"href":"https:\/\/www.24gliwice.pl\/wiadomosci\/wp-json\/wp\/v2\/categories?post=160339"},{"taxonomy":"post_tag","embeddable":true,"href":"https:\/\/www.24gliwice.pl\/wiadomosci\/wp-json\/wp\/v2\/tags?post=160339"}],"curies":[{"name":"wp","href":"https:\/\/api.w.org\/{rel}","templated":true}]}}