{"id":161920,"date":"2020-12-09T10:28:25","date_gmt":"2020-12-09T09:28:25","guid":{"rendered":"https:\/\/www.24gliwice.pl\/wiadomosci\/?p=161920"},"modified":"2020-12-09T10:28:25","modified_gmt":"2020-12-09T09:28:25","slug":"urzadzenia-do-profesjonalnej-pralni-wodnej","status":"publish","type":"post","link":"https:\/\/www.24gliwice.pl\/wiadomosci\/urzadzenia-do-profesjonalnej-pralni-wodnej\/","title":{"rendered":"Urz\u0105dzenia do profesjonalnej pralni wodnej"},"content":{"rendered":"<h2>Rynek us\u0142ug pralniczych w Polsce ma przed sob\u0105 ogromne perspektywy. Zapotrzebowanie na profesjonalne pralnictwo ro\u015bnie, w zwi\u0105zku z czym coraz wi\u0119cej os\u00f3b interesuje si\u0119 inwestycjami w tym w\u0142a\u015bnie obszarze.<\/h2>\n<p>&nbsp;<br \/>\nBran\u017ca pralnicza dynamicznie si\u0119 rozwija, a du\u017ca konkurencja rynkowa powoduje, \u017ce przedsi\u0119biorcy s\u0105 zmuszeni rywalizowa\u0107 o przychylno\u015b\u0107 klient\u00f3w. Aby sprosta\u0107 wysokim wymaganiom konsumenckim w\u0142a\u015bciciele pralni wprowadzaj\u0105 zmiany maj\u0105ce na celu popraw\u0119 oferty. W trosce o wysok\u0105 jako\u015b\u0107 us\u0142ug podejmowane s\u0105 rozmaite kroki, m.in. rozbudowa i unowocze\u015bnianie parku maszynowego. Jakie urz\u0105dzenia wykorzystuje si\u0119 we wsp\u00f3\u0142czesnych pralniach wodnych?<\/p>\n<h4>Jak urz\u0105dzi\u0107 pralni\u0119?<\/h4>\n<p>Plac\u00f3wka oferuj\u0105ca profesjonalne us\u0142ugi pralnicze mo\u017ce by\u0107 znakomitym pomys\u0142em na biznes. Zapotrzebowanie na pralnie ci\u0105gle ro\u015bnie. Szacuje si\u0119, \u017ce z us\u0142ug odp\u0142atnego czyszczenia odzie\u017cy korzysta ju\u017c co pi\u0105ty Polak. Klientami takich zak\u0142ad\u00f3w s\u0105 jednak nie tylko osoby prywatne. Umowy z pralniami podpisuj\u0105 r\u00f3\u017cnego rodzaju firmy i instytucje: restauracje, hotele, szpitale, wojsko itd. To, czy pralni uda si\u0119 wybi\u0107 na tle konkurencji, zale\u017cy od kilku czynnik\u00f3w, m.in. lokalizacji. <\/p>\n<p>Najwi\u0119kszy potencja\u0142 ci\u0105gle daj\u0105 du\u017ce miasta: najlepiej, by pralnia znajdowa\u0142a si\u0119 w okolicy, gdzie przebywa du\u017co ludzi (np. w centrum handlowym, w dzielnicy biznesowej, na du\u017cym osiedlu mieszkaniowym, w pobli\u017cu akademik\u00f3w itp.). Im lepsza lokalizacja, tym wi\u0119ksza szansa na sukces. Powodzenie takiego przedsi\u0119wzi\u0119cia zale\u017cy jednak r\u00f3wnie\u017c od innych kwestii, np. od skonstruowania odpowiedniej oferty. Dobrze jest od razu na wst\u0119pie okre\u015bli\u0107, czy us\u0142uga b\u0119dzie kierowana do os\u00f3b prywatnych, czy klient\u00f3w instytucjonalnych. Pr\u0119\u017cnie dzia\u0142aj\u0105ca pralnia wodna powinna by\u0107 umiej\u0119tnie wyposa\u017cona. Podstaw\u0105 sukcesu s\u0105 nowoczesne technologie gwarantuj\u0105ce wysok\u0105 jako\u015b\u0107 prania oraz oszcz\u0119dno\u015b\u0107 w zakresie zu\u017cycia energii. <\/p>\n<p>Wsp\u00f3\u0142czesne maszyny do pralni wodnej zapewniaj\u0105 najwy\u017csz\u0105 wydajno\u015b\u0107, niezawodno\u015b\u0107 dzia\u0142ania, ergonomiczne rozwi\u0105zania, wygod\u0119 obs\u0142ugi i bezpiecze\u0144stwo. Je\u015bli nie jeste\u015bmy pewni <a href=\"https:\/\/www.sovrana.pl\/jak-otworzyc-urzadzic-i-uruchomic-pralnie\/\" rel=\"noopener noreferrer\" target=\"_blank\">jak urz\u0105dzi\u0107 pralni\u0119<\/a>, mo\u017cemy zwr\u00f3ci\u0107 si\u0119 o pomoc do specjalist\u00f3w. Warto skorzysta\u0107 ze wsparcia i profesjonalnego doradztwa oferowanego przez partner\u00f3w biznesowych, m.in. firm\u0119 Sovrana. Oferuje ona bardzo liczne formy pomocy skierowanej dla przedsi\u0119biorc\u00f3w rozpoczynaj\u0105cych karier\u0119 w bran\u017cy nowoczesnego pralnictwa, m.in. pomoc w wyborze lokalu, szkolenia bran\u017cowe dla w\u0142a\u015bcicieli pralni i pracownik\u00f3w, sprzeda\u017c niezb\u0119dnego wyposa\u017cenia i \u015brodk\u00f3w chemicznych, monta\u017c i serwis urz\u0105dze\u0144 pralniczych, otwieranie pralni pod klucz itd.<\/p>\n<h4>Pralnica przemys\u0142owa<\/h4>\n<p>W profesjonalnej pralni wodnej codziennie mamy do czynienia w ogromn\u0105 ilo\u015bci\u0105 odzie\u017cy i innych tekstyli\u00f3w. Cz\u0119\u015b\u0107 z nich wymaga standardowego czyszczenia, jednak niekt\u00f3re, szczeg\u00f3lnie te najmocniej zaplamione, stanowi\u0105 naprawd\u0119 spore wyzwanie. Aby temu podo\u0142a\u0107, maszyny pralnicze musz\u0105 by\u0107 nie tylko wyj\u0105tkowo skuteczne, lecz tak\u017ce pracowa\u0107 na okr\u0105g\u0142o. I cho\u0107 sam proces czyszczenia wygl\u0105da w\u0142a\u015bciwie podobnie jak w domu (u\u017cywa si\u0119 wody z dodatkiem odpowiednio dobranych detergent\u00f3w), urz\u0105dzenia do pralni przemys\u0142owej s\u0105 wi\u0119ksze, solidniejsze i wydajniejsze ni\u017c zwyk\u0142e pralki automatyczne. <\/p>\n<p>Nowoczesne <a href=\"https:\/\/www.sovrana.pl\/pranie-wodne\/maszyny-pralnicze\/pralnico-wirowki-pralnice-przemyslowe\/\" rel=\"noopener noreferrer\" target=\"_blank\">pralki przemys\u0142owe<\/a> (nazywane te\u017c pralnicami przemys\u0142owymi lub pralnico-wir\u00f3wkami) realizuj\u0105 ca\u0142y cykl skomplikowanych operacji. Na pocz\u0105tek nast\u0119puje przygotowanie wsadu (zajmuj\u0105 si\u0119 tym pracownicy), czyli posegregowanie wsadu wed\u0142ug kolor\u00f3w i rodzaj\u00f3w tkanin. Na tym etapie niekt\u00f3re z plam mo\u017cna usun\u0105\u0107 r\u0119cznie. Po dok\u0142adnym zabezpieczeniu tekstylia zostaj\u0105 przetransportowane do b\u0119bna maszyny pior\u0105cej. Pracownik dozuje \u015brodek czyszcz\u0105cy, wybiera odpowiedni program prania i za\u0142\u0105cza urz\u0105dzenie. Sam cykl prania odbywa si\u0119 ju\u017c automatycznie. Kolejno nast\u0119puje kilka operacji: pranie wst\u0119pne, pranie zasadnicze, p\u0142ukanie i ods\u0105czanie (wirowanie). Obs\u0142uga ma mo\u017cliwo\u015b\u0107 ingerencji w program na ka\u017cdym etapie prania (mo\u017ce np. zmieni\u0107 temperatur\u0119 czy pr\u0119dko\u015b\u0107 obrotow\u0105). Jedn\u0105 z najwa\u017cniejszych cech nowoczesnych pralek przemys\u0142owych jest oszcz\u0119dno\u015b\u0107. Maszyny pralnicze s\u0105 wyposa\u017cone w systemy optymalizuj\u0105ce zu\u017cycie energii, czego skutki mo\u017cna zaobserwowa\u0107 ju\u017c po bardzo kr\u00f3tkim czasie. To aspekt stanowi\u0105cy bezpo\u015bredni\u0105 korzy\u015b\u0107 dla w\u0142a\u015bciciela zak\u0142adu.<\/p>\n<h4>Maglownice przemys\u0142owe<\/h4>\n<p>W pralniach zajmuj\u0105cych si\u0119 od\u015bwie\u017caniem tak zwanej bielizny p\u0142askiej konieczno\u015bci\u0105 s\u0105 wysokowydajne maglownice przemys\u0142owe. To urz\u0105dzenia, dzi\u0119ki kt\u00f3rym mo\u017cna uprasowa\u0107 wyroby tekstylne o du\u017cych wymiarach, np. po\u015bciel, prze\u015bcierad\u0142a, r\u0119czniki, obrusy, zas\u0142ony, serwetki. Do prasowania z u\u017cyciem systemu walc\u00f3w nadaje si\u0119 tak\u017ce odzie\u017c robocza, uniformy i fartuchy. Dzia\u0142anie maglownic przemys\u0142owych opiera si\u0119 na zastosowaniu technologii: tkanina jest przepuszczana przez dwa nagrzane wa\u0142ki lub dociskana do gor\u0105cego cylindra specjalnymi pasami. Odpowiedni nacisk sprawia, \u017ce materia\u0142 jest wyg\u0142adzany, a wszelkie zagniecenia powsta\u0142e w trakcie prania s\u0105 niwelowane. Nowoczesne prasowalnice wykorzystuj\u0105 podgrzew gazowy lub elektryczny. <\/p>\n<p>Doskona\u0142e rezultaty prasowania zapewnia <a href=\"https:\/\/www.sovrana.pl\/pranie-wodne\/maszyny-pralnicze\/magle\/\" rel=\"noopener noreferrer\" target=\"_blank\">magiel elektryczny prasowalnica<\/a>. Takie urz\u0105dzenia znajduj\u0105 zastosowanie przede wszystkim w hotelarstwie i bran\u017cy restauracyjnej. Prasowalnice z podgrzewem elektrycznym maj\u0105 szereg zalet: sprawne usuwanie zagniece\u0144, dezynfekcja tekstyli\u00f3w (dzi\u0119ki zastosowaniu wysokiej temperatury), zoptymalizowane zu\u017cycie energii (dzi\u0119ki elektronicznej jednostce steruj\u0105cej), ochrona przed przegrzaniem (dzi\u0119ki wbudowanemu termostatowi) oraz mo\u017cliwo\u015b\u0107 regulacji pr\u0119dko\u015bci. Elektryczne magle przemys\u0142owe wyr\u00f3\u017cnia przy tym doskona\u0142y stosunek jako\u015bci do ceny.<\/p>\n<p><em>(materia\u0142 partnera)<\/em><\/p>\n","protected":false},"excerpt":{"rendered":"<p>Rynek us\u0142ug pralniczych w Polsce ma przed sob\u0105 ogromne perspektywy. Zapotrzebowanie na profesjonalne pralnictwo ro\u015bnie, w zwi\u0105zku z czym coraz wi\u0119cej os\u00f3b interesuje si\u0119 inwestycjami w tym w\u0142a\u015bnie obszarze. &nbsp; Bran\u017ca pralnicza dynamicznie si\u0119 rozwija, a du\u017ca konkurencja rynkowa powoduje, \u017ce przedsi\u0119biorcy s\u0105 zmuszeni rywalizowa\u0107 o przychylno\u015b\u0107 klient\u00f3w. Aby sprosta\u0107 wysokim wymaganiom konsumenckim w\u0142a\u015bciciele pralni [&hellip;]<\/p>\n","protected":false},"author":4,"featured_media":161925,"comment_status":"closed","ping_status":"closed","sticky":false,"template":"","format":"standard","meta":{"_monsterinsights_skip_tracking":false,"_monsterinsights_sitenote_active":false,"_monsterinsights_sitenote_note":"","_monsterinsights_sitenote_category":0,"footnotes":"","_links_to":"","_links_to_target":""},"categories":[1129],"tags":[],"class_list":["post-161920","post","type-post","status-publish","format-standard","has-post-thumbnail","hentry","category-polecamy"],"yoast_head":"<!-- This site is optimized with the Yoast SEO plugin v27.5 - https:\/\/yoast.com\/product\/yoast-seo-wordpress\/ -->\n<title>Urz\u0105dzenia do profesjonalnej pralni wodnej - 24GLIWICE - Portal Gliwice | codziennie nowe informacje<\/title>\n<meta name=\"robots\" content=\"index, follow, max-snippet:-1, max-image-preview:large, max-video-preview:-1\" \/>\n<link rel=\"canonical\" href=\"https:\/\/www.24gliwice.pl\/wiadomosci\/urzadzenia-do-profesjonalnej-pralni-wodnej\/\" \/>\n<meta property=\"og:locale\" content=\"pl_PL\" \/>\n<meta property=\"og:type\" content=\"article\" \/>\n<meta property=\"og:title\" content=\"Urz\u0105dzenia do profesjonalnej pralni wodnej - 24GLIWICE - Portal Gliwice | codziennie nowe informacje\" \/>\n<meta property=\"og:description\" content=\"Rynek us\u0142ug pralniczych w Polsce ma przed sob\u0105 ogromne perspektywy. Zapotrzebowanie na profesjonalne pralnictwo ro\u015bnie, w zwi\u0105zku z czym coraz wi\u0119cej os\u00f3b interesuje si\u0119 inwestycjami w tym w\u0142a\u015bnie obszarze. &nbsp; Bran\u017ca pralnicza dynamicznie si\u0119 rozwija, a du\u017ca konkurencja rynkowa powoduje, \u017ce przedsi\u0119biorcy s\u0105 zmuszeni rywalizowa\u0107 o przychylno\u015b\u0107 klient\u00f3w. Aby sprosta\u0107 wysokim wymaganiom konsumenckim w\u0142a\u015bciciele pralni [&hellip;]\" \/>\n<meta property=\"og:url\" content=\"https:\/\/www.24gliwice.pl\/wiadomosci\/urzadzenia-do-profesjonalnej-pralni-wodnej\/\" \/>\n<meta property=\"og:site_name\" content=\"24GLIWICE - Portal Gliwice | codziennie nowe informacje\" \/>\n<meta property=\"article:publisher\" content=\"https:\/\/www.facebook.com\/24gliwice\" \/>\n<meta property=\"article:author\" content=\"https:\/\/www.facebook.com\/marcin.fabrykowski\" \/>\n<meta property=\"article:published_time\" content=\"2020-12-09T09:28:25+00:00\" \/>\n<meta property=\"og:image\" content=\"https:\/\/www.24gliwice.pl\/wiadomosci\/wp-content\/uploads\/2020\/12\/1-pralnia-002.jpg\" \/>\n\t<meta property=\"og:image:width\" content=\"998\" \/>\n\t<meta property=\"og:image:height\" content=\"561\" \/>\n\t<meta property=\"og:image:type\" content=\"image\/jpeg\" \/>\n<meta name=\"author\" content=\"Marcin Fabrykowski\" \/>\n<meta name=\"twitter:card\" content=\"summary_large_image\" \/>\n<meta name=\"twitter:creator\" content=\"@24gliwice\" \/>\n<meta name=\"twitter:site\" content=\"@24gliwice\" \/>\n<meta name=\"twitter:label1\" content=\"Napisane przez\" \/>\n\t<meta name=\"twitter:data1\" content=\"Marcin Fabrykowski\" \/>\n\t<meta name=\"twitter:label2\" content=\"Szacowany czas czytania\" \/>\n\t<meta name=\"twitter:data2\" content=\"5 minut\" \/>\n<script type=\"application\/ld+json\" class=\"yoast-schema-graph\">{\"@context\":\"https:\\\/\\\/schema.org\",\"@graph\":[{\"@type\":\"Article\",\"@id\":\"https:\\\/\\\/www.24gliwice.pl\\\/wiadomosci\\\/urzadzenia-do-profesjonalnej-pralni-wodnej\\\/#article\",\"isPartOf\":{\"@id\":\"https:\\\/\\\/www.24gliwice.pl\\\/wiadomosci\\\/urzadzenia-do-profesjonalnej-pralni-wodnej\\\/\"},\"author\":{\"name\":\"Marcin Fabrykowski\",\"@id\":\"https:\\\/\\\/www.24gliwice.pl\\\/wiadomosci\\\/#\\\/schema\\\/person\\\/cb5857e4a4d048c15984c1edcc8ef0c0\"},\"headline\":\"Urz\u0105dzenia do profesjonalnej pralni wodnej\",\"datePublished\":\"2020-12-09T09:28:25+00:00\",\"mainEntityOfPage\":{\"@id\":\"https:\\\/\\\/www.24gliwice.pl\\\/wiadomosci\\\/urzadzenia-do-profesjonalnej-pralni-wodnej\\\/\"},\"wordCount\":906,\"publisher\":{\"@id\":\"https:\\\/\\\/www.24gliwice.pl\\\/wiadomosci\\\/#organization\"},\"image\":{\"@id\":\"https:\\\/\\\/www.24gliwice.pl\\\/wiadomosci\\\/urzadzenia-do-profesjonalnej-pralni-wodnej\\\/#primaryimage\"},\"thumbnailUrl\":\"https:\\\/\\\/www.24gliwice.pl\\\/wiadomosci\\\/wp-content\\\/uploads\\\/2020\\\/12\\\/1-pralnia-002.jpg\",\"articleSection\":[\"Polecamy\"],\"inLanguage\":\"pl-PL\"},{\"@type\":\"WebPage\",\"@id\":\"https:\\\/\\\/www.24gliwice.pl\\\/wiadomosci\\\/urzadzenia-do-profesjonalnej-pralni-wodnej\\\/\",\"url\":\"https:\\\/\\\/www.24gliwice.pl\\\/wiadomosci\\\/urzadzenia-do-profesjonalnej-pralni-wodnej\\\/\",\"name\":\"Urz\u0105dzenia do profesjonalnej pralni wodnej - 24GLIWICE - Portal Gliwice | codziennie nowe informacje\",\"isPartOf\":{\"@id\":\"https:\\\/\\\/www.24gliwice.pl\\\/wiadomosci\\\/#website\"},\"primaryImageOfPage\":{\"@id\":\"https:\\\/\\\/www.24gliwice.pl\\\/wiadomosci\\\/urzadzenia-do-profesjonalnej-pralni-wodnej\\\/#primaryimage\"},\"image\":{\"@id\":\"https:\\\/\\\/www.24gliwice.pl\\\/wiadomosci\\\/urzadzenia-do-profesjonalnej-pralni-wodnej\\\/#primaryimage\"},\"thumbnailUrl\":\"https:\\\/\\\/www.24gliwice.pl\\\/wiadomosci\\\/wp-content\\\/uploads\\\/2020\\\/12\\\/1-pralnia-002.jpg\",\"datePublished\":\"2020-12-09T09:28:25+00:00\",\"breadcrumb\":{\"@id\":\"https:\\\/\\\/www.24gliwice.pl\\\/wiadomosci\\\/urzadzenia-do-profesjonalnej-pralni-wodnej\\\/#breadcrumb\"},\"inLanguage\":\"pl-PL\",\"potentialAction\":[{\"@type\":\"ReadAction\",\"target\":[\"https:\\\/\\\/www.24gliwice.pl\\\/wiadomosci\\\/urzadzenia-do-profesjonalnej-pralni-wodnej\\\/\"]}]},{\"@type\":\"ImageObject\",\"inLanguage\":\"pl-PL\",\"@id\":\"https:\\\/\\\/www.24gliwice.pl\\\/wiadomosci\\\/urzadzenia-do-profesjonalnej-pralni-wodnej\\\/#primaryimage\",\"url\":\"https:\\\/\\\/www.24gliwice.pl\\\/wiadomosci\\\/wp-content\\\/uploads\\\/2020\\\/12\\\/1-pralnia-002.jpg\",\"contentUrl\":\"https:\\\/\\\/www.24gliwice.pl\\\/wiadomosci\\\/wp-content\\\/uploads\\\/2020\\\/12\\\/1-pralnia-002.jpg\",\"width\":998,\"height\":561},{\"@type\":\"BreadcrumbList\",\"@id\":\"https:\\\/\\\/www.24gliwice.pl\\\/wiadomosci\\\/urzadzenia-do-profesjonalnej-pralni-wodnej\\\/#breadcrumb\",\"itemListElement\":[{\"@type\":\"ListItem\",\"position\":1,\"name\":\"Strona g\u0142\u00f3wna\",\"item\":\"https:\\\/\\\/www.24gliwice.pl\\\/wiadomosci\\\/\"},{\"@type\":\"ListItem\",\"position\":2,\"name\":\"Urz\u0105dzenia do profesjonalnej pralni wodnej\"}]},{\"@type\":\"WebSite\",\"@id\":\"https:\\\/\\\/www.24gliwice.pl\\\/wiadomosci\\\/#website\",\"url\":\"https:\\\/\\\/www.24gliwice.pl\\\/wiadomosci\\\/\",\"name\":\"24GLIWICE - Portal Gliwice | codziennie nowe wiadomo\u015bci\",\"description\":\"Portal Miejski Gliwice\",\"publisher\":{\"@id\":\"https:\\\/\\\/www.24gliwice.pl\\\/wiadomosci\\\/#organization\"},\"potentialAction\":[{\"@type\":\"SearchAction\",\"target\":{\"@type\":\"EntryPoint\",\"urlTemplate\":\"https:\\\/\\\/www.24gliwice.pl\\\/wiadomosci\\\/?s={search_term_string}\"},\"query-input\":{\"@type\":\"PropertyValueSpecification\",\"valueRequired\":true,\"valueName\":\"search_term_string\"}}],\"inLanguage\":\"pl-PL\"},{\"@type\":\"Organization\",\"@id\":\"https:\\\/\\\/www.24gliwice.pl\\\/wiadomosci\\\/#organization\",\"name\":\"24gliwice\",\"url\":\"https:\\\/\\\/www.24gliwice.pl\\\/wiadomosci\\\/\",\"logo\":{\"@type\":\"ImageObject\",\"inLanguage\":\"pl-PL\",\"@id\":\"https:\\\/\\\/www.24gliwice.pl\\\/wiadomosci\\\/#\\\/schema\\\/logo\\\/image\\\/\",\"url\":\"https:\\\/\\\/www.24gliwice.pl\\\/wiadomosci\\\/wp-content\\\/uploads\\\/2024\\\/10\\\/24gliwice-logo-696.jpg\",\"contentUrl\":\"https:\\\/\\\/www.24gliwice.pl\\\/wiadomosci\\\/wp-content\\\/uploads\\\/2024\\\/10\\\/24gliwice-logo-696.jpg\",\"width\":696,\"height\":696,\"caption\":\"24gliwice\"},\"image\":{\"@id\":\"https:\\\/\\\/www.24gliwice.pl\\\/wiadomosci\\\/#\\\/schema\\\/logo\\\/image\\\/\"},\"sameAs\":[\"https:\\\/\\\/www.facebook.com\\\/24gliwice\",\"https:\\\/\\\/x.com\\\/24gliwice\",\"https:\\\/\\\/www.youtube.com\\\/@24gliwice\"]},{\"@type\":\"Person\",\"@id\":\"https:\\\/\\\/www.24gliwice.pl\\\/wiadomosci\\\/#\\\/schema\\\/person\\\/cb5857e4a4d048c15984c1edcc8ef0c0\",\"name\":\"Marcin Fabrykowski\",\"image\":{\"@type\":\"ImageObject\",\"inLanguage\":\"pl-PL\",\"@id\":\"https:\\\/\\\/www.24gliwice.pl\\\/wiadomosci\\\/wp-content\\\/uploads\\\/2025\\\/11\\\/zdjecie-moje-marcin-300-96x96.jpg\",\"url\":\"https:\\\/\\\/www.24gliwice.pl\\\/wiadomosci\\\/wp-content\\\/uploads\\\/2025\\\/11\\\/zdjecie-moje-marcin-300-96x96.jpg\",\"contentUrl\":\"https:\\\/\\\/www.24gliwice.pl\\\/wiadomosci\\\/wp-content\\\/uploads\\\/2025\\\/11\\\/zdjecie-moje-marcin-300-96x96.jpg\",\"caption\":\"Marcin Fabrykowski\"},\"sameAs\":[\"http:\\\/\\\/24gliwice.pl\",\"https:\\\/\\\/www.facebook.com\\\/marcin.fabrykowski\"],\"url\":\"https:\\\/\\\/www.24gliwice.pl\\\/wiadomosci\\\/author\\\/marcin-fabrykowski\\\/\"}]}<\/script>\n<!-- \/ Yoast SEO plugin. -->","yoast_head_json":{"title":"Urz\u0105dzenia do profesjonalnej pralni wodnej - 24GLIWICE - Portal Gliwice | codziennie nowe informacje","robots":{"index":"index","follow":"follow","max-snippet":"max-snippet:-1","max-image-preview":"max-image-preview:large","max-video-preview":"max-video-preview:-1"},"canonical":"https:\/\/www.24gliwice.pl\/wiadomosci\/urzadzenia-do-profesjonalnej-pralni-wodnej\/","og_locale":"pl_PL","og_type":"article","og_title":"Urz\u0105dzenia do profesjonalnej pralni wodnej - 24GLIWICE - Portal Gliwice | codziennie nowe informacje","og_description":"Rynek us\u0142ug pralniczych w Polsce ma przed sob\u0105 ogromne perspektywy. Zapotrzebowanie na profesjonalne pralnictwo ro\u015bnie, w zwi\u0105zku z czym coraz wi\u0119cej os\u00f3b interesuje si\u0119 inwestycjami w tym w\u0142a\u015bnie obszarze. &nbsp; Bran\u017ca pralnicza dynamicznie si\u0119 rozwija, a du\u017ca konkurencja rynkowa powoduje, \u017ce przedsi\u0119biorcy s\u0105 zmuszeni rywalizowa\u0107 o przychylno\u015b\u0107 klient\u00f3w. Aby sprosta\u0107 wysokim wymaganiom konsumenckim w\u0142a\u015bciciele pralni [&hellip;]","og_url":"https:\/\/www.24gliwice.pl\/wiadomosci\/urzadzenia-do-profesjonalnej-pralni-wodnej\/","og_site_name":"24GLIWICE - Portal Gliwice | codziennie nowe informacje","article_publisher":"https:\/\/www.facebook.com\/24gliwice","article_author":"https:\/\/www.facebook.com\/marcin.fabrykowski","article_published_time":"2020-12-09T09:28:25+00:00","og_image":[{"width":998,"height":561,"url":"https:\/\/www.24gliwice.pl\/wiadomosci\/wp-content\/uploads\/2020\/12\/1-pralnia-002.jpg","type":"image\/jpeg"}],"author":"Marcin Fabrykowski","twitter_card":"summary_large_image","twitter_creator":"@24gliwice","twitter_site":"@24gliwice","twitter_misc":{"Napisane przez":"Marcin Fabrykowski","Szacowany czas czytania":"5 minut"},"schema":{"@context":"https:\/\/schema.org","@graph":[{"@type":"Article","@id":"https:\/\/www.24gliwice.pl\/wiadomosci\/urzadzenia-do-profesjonalnej-pralni-wodnej\/#article","isPartOf":{"@id":"https:\/\/www.24gliwice.pl\/wiadomosci\/urzadzenia-do-profesjonalnej-pralni-wodnej\/"},"author":{"name":"Marcin Fabrykowski","@id":"https:\/\/www.24gliwice.pl\/wiadomosci\/#\/schema\/person\/cb5857e4a4d048c15984c1edcc8ef0c0"},"headline":"Urz\u0105dzenia do profesjonalnej pralni wodnej","datePublished":"2020-12-09T09:28:25+00:00","mainEntityOfPage":{"@id":"https:\/\/www.24gliwice.pl\/wiadomosci\/urzadzenia-do-profesjonalnej-pralni-wodnej\/"},"wordCount":906,"publisher":{"@id":"https:\/\/www.24gliwice.pl\/wiadomosci\/#organization"},"image":{"@id":"https:\/\/www.24gliwice.pl\/wiadomosci\/urzadzenia-do-profesjonalnej-pralni-wodnej\/#primaryimage"},"thumbnailUrl":"https:\/\/www.24gliwice.pl\/wiadomosci\/wp-content\/uploads\/2020\/12\/1-pralnia-002.jpg","articleSection":["Polecamy"],"inLanguage":"pl-PL"},{"@type":"WebPage","@id":"https:\/\/www.24gliwice.pl\/wiadomosci\/urzadzenia-do-profesjonalnej-pralni-wodnej\/","url":"https:\/\/www.24gliwice.pl\/wiadomosci\/urzadzenia-do-profesjonalnej-pralni-wodnej\/","name":"Urz\u0105dzenia do profesjonalnej pralni wodnej - 24GLIWICE - Portal Gliwice | codziennie nowe informacje","isPartOf":{"@id":"https:\/\/www.24gliwice.pl\/wiadomosci\/#website"},"primaryImageOfPage":{"@id":"https:\/\/www.24gliwice.pl\/wiadomosci\/urzadzenia-do-profesjonalnej-pralni-wodnej\/#primaryimage"},"image":{"@id":"https:\/\/www.24gliwice.pl\/wiadomosci\/urzadzenia-do-profesjonalnej-pralni-wodnej\/#primaryimage"},"thumbnailUrl":"https:\/\/www.24gliwice.pl\/wiadomosci\/wp-content\/uploads\/2020\/12\/1-pralnia-002.jpg","datePublished":"2020-12-09T09:28:25+00:00","breadcrumb":{"@id":"https:\/\/www.24gliwice.pl\/wiadomosci\/urzadzenia-do-profesjonalnej-pralni-wodnej\/#breadcrumb"},"inLanguage":"pl-PL","potentialAction":[{"@type":"ReadAction","target":["https:\/\/www.24gliwice.pl\/wiadomosci\/urzadzenia-do-profesjonalnej-pralni-wodnej\/"]}]},{"@type":"ImageObject","inLanguage":"pl-PL","@id":"https:\/\/www.24gliwice.pl\/wiadomosci\/urzadzenia-do-profesjonalnej-pralni-wodnej\/#primaryimage","url":"https:\/\/www.24gliwice.pl\/wiadomosci\/wp-content\/uploads\/2020\/12\/1-pralnia-002.jpg","contentUrl":"https:\/\/www.24gliwice.pl\/wiadomosci\/wp-content\/uploads\/2020\/12\/1-pralnia-002.jpg","width":998,"height":561},{"@type":"BreadcrumbList","@id":"https:\/\/www.24gliwice.pl\/wiadomosci\/urzadzenia-do-profesjonalnej-pralni-wodnej\/#breadcrumb","itemListElement":[{"@type":"ListItem","position":1,"name":"Strona g\u0142\u00f3wna","item":"https:\/\/www.24gliwice.pl\/wiadomosci\/"},{"@type":"ListItem","position":2,"name":"Urz\u0105dzenia do profesjonalnej pralni wodnej"}]},{"@type":"WebSite","@id":"https:\/\/www.24gliwice.pl\/wiadomosci\/#website","url":"https:\/\/www.24gliwice.pl\/wiadomosci\/","name":"24GLIWICE - Portal Gliwice | codziennie nowe wiadomo\u015bci","description":"Portal Miejski Gliwice","publisher":{"@id":"https:\/\/www.24gliwice.pl\/wiadomosci\/#organization"},"potentialAction":[{"@type":"SearchAction","target":{"@type":"EntryPoint","urlTemplate":"https:\/\/www.24gliwice.pl\/wiadomosci\/?s={search_term_string}"},"query-input":{"@type":"PropertyValueSpecification","valueRequired":true,"valueName":"search_term_string"}}],"inLanguage":"pl-PL"},{"@type":"Organization","@id":"https:\/\/www.24gliwice.pl\/wiadomosci\/#organization","name":"24gliwice","url":"https:\/\/www.24gliwice.pl\/wiadomosci\/","logo":{"@type":"ImageObject","inLanguage":"pl-PL","@id":"https:\/\/www.24gliwice.pl\/wiadomosci\/#\/schema\/logo\/image\/","url":"https:\/\/www.24gliwice.pl\/wiadomosci\/wp-content\/uploads\/2024\/10\/24gliwice-logo-696.jpg","contentUrl":"https:\/\/www.24gliwice.pl\/wiadomosci\/wp-content\/uploads\/2024\/10\/24gliwice-logo-696.jpg","width":696,"height":696,"caption":"24gliwice"},"image":{"@id":"https:\/\/www.24gliwice.pl\/wiadomosci\/#\/schema\/logo\/image\/"},"sameAs":["https:\/\/www.facebook.com\/24gliwice","https:\/\/x.com\/24gliwice","https:\/\/www.youtube.com\/@24gliwice"]},{"@type":"Person","@id":"https:\/\/www.24gliwice.pl\/wiadomosci\/#\/schema\/person\/cb5857e4a4d048c15984c1edcc8ef0c0","name":"Marcin Fabrykowski","image":{"@type":"ImageObject","inLanguage":"pl-PL","@id":"https:\/\/www.24gliwice.pl\/wiadomosci\/wp-content\/uploads\/2025\/11\/zdjecie-moje-marcin-300-96x96.jpg","url":"https:\/\/www.24gliwice.pl\/wiadomosci\/wp-content\/uploads\/2025\/11\/zdjecie-moje-marcin-300-96x96.jpg","contentUrl":"https:\/\/www.24gliwice.pl\/wiadomosci\/wp-content\/uploads\/2025\/11\/zdjecie-moje-marcin-300-96x96.jpg","caption":"Marcin Fabrykowski"},"sameAs":["http:\/\/24gliwice.pl","https:\/\/www.facebook.com\/marcin.fabrykowski"],"url":"https:\/\/www.24gliwice.pl\/wiadomosci\/author\/marcin-fabrykowski\/"}]}},"_links":{"self":[{"href":"https:\/\/www.24gliwice.pl\/wiadomosci\/wp-json\/wp\/v2\/posts\/161920","targetHints":{"allow":["GET"]}}],"collection":[{"href":"https:\/\/www.24gliwice.pl\/wiadomosci\/wp-json\/wp\/v2\/posts"}],"about":[{"href":"https:\/\/www.24gliwice.pl\/wiadomosci\/wp-json\/wp\/v2\/types\/post"}],"author":[{"embeddable":true,"href":"https:\/\/www.24gliwice.pl\/wiadomosci\/wp-json\/wp\/v2\/users\/4"}],"replies":[{"embeddable":true,"href":"https:\/\/www.24gliwice.pl\/wiadomosci\/wp-json\/wp\/v2\/comments?post=161920"}],"version-history":[{"count":0,"href":"https:\/\/www.24gliwice.pl\/wiadomosci\/wp-json\/wp\/v2\/posts\/161920\/revisions"}],"wp:featuredmedia":[{"embeddable":true,"href":"https:\/\/www.24gliwice.pl\/wiadomosci\/wp-json\/wp\/v2\/media\/161925"}],"wp:attachment":[{"href":"https:\/\/www.24gliwice.pl\/wiadomosci\/wp-json\/wp\/v2\/media?parent=161920"}],"wp:term":[{"taxonomy":"category","embeddable":true,"href":"https:\/\/www.24gliwice.pl\/wiadomosci\/wp-json\/wp\/v2\/categories?post=161920"},{"taxonomy":"post_tag","embeddable":true,"href":"https:\/\/www.24gliwice.pl\/wiadomosci\/wp-json\/wp\/v2\/tags?post=161920"}],"curies":[{"name":"wp","href":"https:\/\/api.w.org\/{rel}","templated":true}]}}