{"id":163136,"date":"2021-01-07T13:20:04","date_gmt":"2021-01-07T12:20:04","guid":{"rendered":"https:\/\/www.24gliwice.pl\/wiadomosci\/?p=163136"},"modified":"2021-01-08T16:04:27","modified_gmt":"2021-01-08T15:04:27","slug":"pod-same-drzwi-czyli-wybieramy-miszczow-parkowania-kto-zasluzyl-na-niechlubne-miejsca-na-podium","status":"publish","type":"post","link":"https:\/\/www.24gliwice.pl\/wiadomosci\/pod-same-drzwi-czyli-wybieramy-miszczow-parkowania-kto-zasluzyl-na-niechlubne-miejsca-na-podium\/","title":{"rendered":"Pod same drzwi czyli&#8230; wybieramy &#8220;Miszcz\u00f3w parkowania&#8221;. Kto zas\u0142u\u017cy\u0142 na niechlubne miejsca na podium?"},"content":{"rendered":"<div class=\"gliwi-a6-nad-leadem-artykulow gliwi-entity-placement\" id=\"gliwi-2350240662\"><div class=\"gliwi-adlabel\"><span style=\"font-size: 9px\">REKLAMA<\/span><\/div><div id=\"gliwi-3006443176\" style=\"margin-bottom: 30px;margin-left: auto;margin-right: auto;text-align: center;\"><a data-no-instant=\"1\" href=\"https:\/\/przedszkole.halogen.org.pl\/\" rel=\"noopener\" class=\"a2t-link\" target=\"_blank\" aria-label=\"20260402-ANIMATOR-przedszkole_grafika_750x200\"><img loading=\"lazy\" decoding=\"async\" src=\"https:\/\/www.24gliwice.pl\/wiadomosci\/wp-content\/uploads\/2026\/04\/20260402-ANIMATOR-przedszkole_grafika_750x200.webp\" alt=\"\"  srcset=\"https:\/\/www.24gliwice.pl\/wiadomosci\/wp-content\/uploads\/2026\/04\/20260402-ANIMATOR-przedszkole_grafika_750x200.webp 750w, https:\/\/www.24gliwice.pl\/wiadomosci\/wp-content\/uploads\/2026\/04\/20260402-ANIMATOR-przedszkole_grafika_750x200-410x109.webp 410w\" sizes=\"(max-width: 750px) 100vw, 750px\" class=\"no-lazyload\" width=\"750\" height=\"200\"  style=\"display: inline-block; max-width: 100%; height: auto;\" \/><\/a><\/div><\/div><h2>Wybieramy mistrz\u00f3w parkowania z 2020 roku. Stra\u017c miejska opublikowa\u0142a galeri\u0119 10 najgorzej zaparkowanych samochod\u00f3w &#8211; przed bram\u0105, na wyje\u017adzie, chodniku&#8230; Swojego faworyta wskazywa\u0107 mo\u017cemy jeszcze przez 3 tygodnie w serwisie facebook.<\/h2>\n<p>&#8211; <em>W konkursowym albumie mo\u017cecie g\u0142osowa\u0107 na swojego ulubie\u0144ca &#8211; zostawiaj\u0105c &#8220;lajka&#8221; pod wybranym przez siebie zdj\u0119ciem (albo zdj\u0119ciami). G\u0142osowanie zamykamy 29 stycznia, tr\u00f3jk\u0119 z najwi\u0119ksz\u0105 ilo\u015bci\u0105 polubie\u0144 og\u0142osimy 1 lutego, a ca\u0142e podium otrzyma od nas wirtualne z\u0142ote, srebrne i br\u0105zowe odznaki mandatu &#8220;Miszcza parkowania&#8221; roku 2020. W\u015br\u00f3d g\u0142osuj\u0105cych, dla 5 os\u00f3b rozlosujemy upominki, kt\u00f3re b\u0119d\u0105 do odebrania w siedzibie Stra\u017cy Miejskiej w Gliwicach<\/em> &#8211; poinformowa\u0142a stra\u017c miejska w serwisie facebook.com.<\/p>\n<p><iframe loading=\"lazy\" style=\"border: none; overflow: hidden;\" src=\"https:\/\/www.facebook.com\/plugins\/post.php?href=https%3A%2F%2Fwww.facebook.com%2Fsmgliwice%2Fposts%2F3396040180494251&amp;width=500&amp;show_text=true&amp;height=797&amp;appId\" width=\"500\" height=\"797\" frameborder=\"0\" scrolling=\"no\" allowfullscreen=\"allowfullscreen\"><\/iframe><\/p>\n<p>Niekt\u00f3re z opublikowanych przypadk\u00f3w parkowania s\u0105 na prawd\u0119 osobliwe &#8211; jak np. r\u00f3wnoleg\u0142e parkowanie na ulicy Harcerskiej, inne zdarzaj\u0105 si\u0119 nagminnie &#8211; jak np. przy ulicy Wyszy\u0144skiego, gdzie szeroki chodnik stanowi zach\u0119t\u0119 dla kieruj\u0105cych do pozostawienia tam samochodu.<\/p><div class=\"gliwi-a3-w-tresci-artykulow gliwi-entity-placement\" id=\"gliwi-820570108\"><div class=\"gliwi-adlabel\"><span style=\"font-size: 9px\">REKLAMA<\/span><\/div><div id=\"gliwi-3964170486\" style=\"margin-bottom: 30px;margin-left: auto;margin-right: auto;text-align: center;\"><a data-no-instant=\"1\" href=\"https:\/\/zlobek.halogen.org.pl\/\" rel=\"noopener\" class=\"a2t-link\" target=\"_blank\" aria-label=\"animator-zlobek_750x200\"><img loading=\"lazy\" decoding=\"async\" src=\"https:\/\/www.24gliwice.pl\/wiadomosci\/wp-content\/uploads\/2026\/02\/animator-zlobek_750x200.webp\" alt=\"\"  srcset=\"https:\/\/www.24gliwice.pl\/wiadomosci\/wp-content\/uploads\/2026\/02\/animator-zlobek_750x200.webp 750w, https:\/\/www.24gliwice.pl\/wiadomosci\/wp-content\/uploads\/2026\/02\/animator-zlobek_750x200-410x109.webp 410w\" sizes=\"(max-width: 750px) 100vw, 750px\" class=\"no-lazyload\" width=\"750\" height=\"200\"  style=\"display: inline-block; max-width: 100%; height: auto;\" \/><\/a><\/div><\/div>\n<div id=\"attachment_163153\" style=\"width: 820px\" class=\"wp-caption alignnone\"><a href=\"https:\/\/www.24gliwice.pl\/wiadomosci\/wp-content\/uploads\/2021\/01\/parkowanie-wyszynskiego-001.jpg\"><img loading=\"lazy\" decoding=\"async\" aria-describedby=\"caption-attachment-163153\" class=\"wp-image-163153 size-full\" src=\"https:\/\/www.24gliwice.pl\/wiadomosci\/wp-content\/uploads\/2021\/01\/parkowanie-wyszynskiego-001.jpg\" alt=\"\" width=\"810\" height=\"456\" srcset=\"https:\/\/www.24gliwice.pl\/wiadomosci\/wp-content\/uploads\/2021\/01\/parkowanie-wyszynskiego-001.jpg 810w, https:\/\/www.24gliwice.pl\/wiadomosci\/wp-content\/uploads\/2021\/01\/parkowanie-wyszynskiego-001-410x232.jpg 410w, https:\/\/www.24gliwice.pl\/wiadomosci\/wp-content\/uploads\/2021\/01\/parkowanie-wyszynskiego-001-808x455.jpg 808w, https:\/\/www.24gliwice.pl\/wiadomosci\/wp-content\/uploads\/2021\/01\/parkowanie-wyszynskiego-001-768x432.jpg 768w\" sizes=\"auto, (max-width: 810px) 100vw, 810px\" \/><\/a><p id=\"caption-attachment-163153\" class=\"wp-caption-text\">Obecno\u015b\u0107 w &#8220;galerii miszcz\u00f3w&#8221; nie zniech\u0119ci\u0142a kieruj\u0105cych do traktowania ci\u0105gu pieszego jak darmowego parkingu. W czwartek, 7 stycznia, samochody sta\u0142y tam ju\u017c w kilku rz\u0119dach<\/p><\/div>\n<p>(\u017cms)<br \/>\nfot. SM Gliwice (FB), 24gliwice.pl\/\u017cms<\/p>\n<p><a href=\"https:\/\/www.24gliwice.pl\/wiadomosci\/wp-content\/uploads\/2021\/01\/1-001.jpg\"><img loading=\"lazy\" decoding=\"async\" class=\"alignnone  wp-image-163141\" src=\"https:\/\/www.24gliwice.pl\/wiadomosci\/wp-content\/uploads\/2021\/01\/1-001.jpg\" alt=\"\" width=\"1607\" height=\"1206\" srcset=\"https:\/\/www.24gliwice.pl\/wiadomosci\/wp-content\/uploads\/2021\/01\/1-001.jpg 810w, https:\/\/www.24gliwice.pl\/wiadomosci\/wp-content\/uploads\/2021\/01\/1-001-309x232.jpg 309w, https:\/\/www.24gliwice.pl\/wiadomosci\/wp-content\/uploads\/2021\/01\/1-001-606x455.jpg 606w, https:\/\/www.24gliwice.pl\/wiadomosci\/wp-content\/uploads\/2021\/01\/1-001-768x576.jpg 768w\" sizes=\"auto, (max-width: 1607px) 100vw, 1607px\" \/><\/a><\/p>\n<p><a href=\"https:\/\/www.24gliwice.pl\/wiadomosci\/wp-content\/uploads\/2021\/01\/2-001.jpg\"><img loading=\"lazy\" decoding=\"async\" class=\"alignnone  wp-image-163142\" src=\"https:\/\/www.24gliwice.pl\/wiadomosci\/wp-content\/uploads\/2021\/01\/2-001.jpg\" alt=\"\" width=\"1305\" height=\"1741\" srcset=\"https:\/\/www.24gliwice.pl\/wiadomosci\/wp-content\/uploads\/2021\/01\/2-001.jpg 607w, https:\/\/www.24gliwice.pl\/wiadomosci\/wp-content\/uploads\/2021\/01\/2-001-174x232.jpg 174w, https:\/\/www.24gliwice.pl\/wiadomosci\/wp-content\/uploads\/2021\/01\/2-001-341x455.jpg 341w\" sizes=\"auto, (max-width: 1305px) 100vw, 1305px\" \/><\/a><\/p>\n<p><a href=\"https:\/\/www.24gliwice.pl\/wiadomosci\/wp-content\/uploads\/2021\/01\/3-001.jpg\"><img loading=\"lazy\" decoding=\"async\" class=\"alignnone  wp-image-163143\" src=\"https:\/\/www.24gliwice.pl\/wiadomosci\/wp-content\/uploads\/2021\/01\/3-001.jpg\" alt=\"\" width=\"1599\" height=\"1200\" srcset=\"https:\/\/www.24gliwice.pl\/wiadomosci\/wp-content\/uploads\/2021\/01\/3-001.jpg 810w, https:\/\/www.24gliwice.pl\/wiadomosci\/wp-content\/uploads\/2021\/01\/3-001-309x232.jpg 309w, https:\/\/www.24gliwice.pl\/wiadomosci\/wp-content\/uploads\/2021\/01\/3-001-606x455.jpg 606w, https:\/\/www.24gliwice.pl\/wiadomosci\/wp-content\/uploads\/2021\/01\/3-001-768x576.jpg 768w\" sizes=\"auto, (max-width: 1599px) 100vw, 1599px\" \/><\/a><\/p>\n<p><a href=\"https:\/\/www.24gliwice.pl\/wiadomosci\/wp-content\/uploads\/2021\/01\/4.jpg\"><img loading=\"lazy\" decoding=\"async\" class=\"alignnone  wp-image-163144\" src=\"https:\/\/www.24gliwice.pl\/wiadomosci\/wp-content\/uploads\/2021\/01\/4.jpg\" alt=\"\" width=\"1323\" height=\"1014\" srcset=\"https:\/\/www.24gliwice.pl\/wiadomosci\/wp-content\/uploads\/2021\/01\/4.jpg 810w, https:\/\/www.24gliwice.pl\/wiadomosci\/wp-content\/uploads\/2021\/01\/4-303x232.jpg 303w, https:\/\/www.24gliwice.pl\/wiadomosci\/wp-content\/uploads\/2021\/01\/4-593x455.jpg 593w, https:\/\/www.24gliwice.pl\/wiadomosci\/wp-content\/uploads\/2021\/01\/4-768x589.jpg 768w\" sizes=\"auto, (max-width: 1323px) 100vw, 1323px\" \/><\/a><\/p>\n<p><a href=\"https:\/\/www.24gliwice.pl\/wiadomosci\/wp-content\/uploads\/2021\/01\/5-001.jpg\"><img loading=\"lazy\" decoding=\"async\" class=\"alignnone  wp-image-163145\" src=\"https:\/\/www.24gliwice.pl\/wiadomosci\/wp-content\/uploads\/2021\/01\/5-001.jpg\" alt=\"\" width=\"1613\" height=\"1103\" srcset=\"https:\/\/www.24gliwice.pl\/wiadomosci\/wp-content\/uploads\/2021\/01\/5-001.jpg 810w, https:\/\/www.24gliwice.pl\/wiadomosci\/wp-content\/uploads\/2021\/01\/5-001-339x232.jpg 339w, https:\/\/www.24gliwice.pl\/wiadomosci\/wp-content\/uploads\/2021\/01\/5-001-665x455.jpg 665w, https:\/\/www.24gliwice.pl\/wiadomosci\/wp-content\/uploads\/2021\/01\/5-001-768x525.jpg 768w, https:\/\/www.24gliwice.pl\/wiadomosci\/wp-content\/uploads\/2021\/01\/5-001-145x100.jpg 145w, https:\/\/www.24gliwice.pl\/wiadomosci\/wp-content\/uploads\/2021\/01\/5-001-380x260.jpg 380w\" sizes=\"auto, (max-width: 1613px) 100vw, 1613px\" \/><\/a><\/p>\n<p><a href=\"https:\/\/www.24gliwice.pl\/wiadomosci\/wp-content\/uploads\/2021\/01\/6-001.jpg\"><img loading=\"lazy\" decoding=\"async\" class=\"alignnone  wp-image-163146\" src=\"https:\/\/www.24gliwice.pl\/wiadomosci\/wp-content\/uploads\/2021\/01\/6-001.jpg\" alt=\"\" width=\"1494\" height=\"1110\" srcset=\"https:\/\/www.24gliwice.pl\/wiadomosci\/wp-content\/uploads\/2021\/01\/6-001.jpg 810w, https:\/\/www.24gliwice.pl\/wiadomosci\/wp-content\/uploads\/2021\/01\/6-001-312x232.jpg 312w, https:\/\/www.24gliwice.pl\/wiadomosci\/wp-content\/uploads\/2021\/01\/6-001-612x455.jpg 612w, https:\/\/www.24gliwice.pl\/wiadomosci\/wp-content\/uploads\/2021\/01\/6-001-768x571.jpg 768w\" sizes=\"auto, (max-width: 1494px) 100vw, 1494px\" \/><\/a><\/p>\n<p><a href=\"https:\/\/www.24gliwice.pl\/wiadomosci\/wp-content\/uploads\/2021\/01\/7-001.jpg\"><img loading=\"lazy\" decoding=\"async\" class=\"alignnone  wp-image-163147\" src=\"https:\/\/www.24gliwice.pl\/wiadomosci\/wp-content\/uploads\/2021\/01\/7-001.jpg\" alt=\"\" width=\"1614\" height=\"2150\" srcset=\"https:\/\/www.24gliwice.pl\/wiadomosci\/wp-content\/uploads\/2021\/01\/7-001.jpg 608w, https:\/\/www.24gliwice.pl\/wiadomosci\/wp-content\/uploads\/2021\/01\/7-001-174x232.jpg 174w, https:\/\/www.24gliwice.pl\/wiadomosci\/wp-content\/uploads\/2021\/01\/7-001-342x455.jpg 342w\" sizes=\"auto, (max-width: 1614px) 100vw, 1614px\" \/><\/a><\/p>\n<p><a href=\"https:\/\/www.24gliwice.pl\/wiadomosci\/wp-content\/uploads\/2021\/01\/8-001.jpg\"><img loading=\"lazy\" decoding=\"async\" class=\"alignnone  wp-image-163148\" src=\"https:\/\/www.24gliwice.pl\/wiadomosci\/wp-content\/uploads\/2021\/01\/8-001.jpg\" alt=\"\" width=\"1411\" height=\"1059\" srcset=\"https:\/\/www.24gliwice.pl\/wiadomosci\/wp-content\/uploads\/2021\/01\/8-001.jpg 810w, https:\/\/www.24gliwice.pl\/wiadomosci\/wp-content\/uploads\/2021\/01\/8-001-309x232.jpg 309w, https:\/\/www.24gliwice.pl\/wiadomosci\/wp-content\/uploads\/2021\/01\/8-001-606x455.jpg 606w, https:\/\/www.24gliwice.pl\/wiadomosci\/wp-content\/uploads\/2021\/01\/8-001-768x576.jpg 768w\" sizes=\"auto, (max-width: 1411px) 100vw, 1411px\" \/><\/a><\/p>\n<p><a href=\"https:\/\/www.24gliwice.pl\/wiadomosci\/wp-content\/uploads\/2021\/01\/9-001.jpg\"><img loading=\"lazy\" decoding=\"async\" class=\"alignnone  wp-image-163149\" src=\"https:\/\/www.24gliwice.pl\/wiadomosci\/wp-content\/uploads\/2021\/01\/9-001.jpg\" alt=\"\" width=\"1365\" height=\"1819\" srcset=\"https:\/\/www.24gliwice.pl\/wiadomosci\/wp-content\/uploads\/2021\/01\/9-001.jpg 608w, https:\/\/www.24gliwice.pl\/wiadomosci\/wp-content\/uploads\/2021\/01\/9-001-174x232.jpg 174w, https:\/\/www.24gliwice.pl\/wiadomosci\/wp-content\/uploads\/2021\/01\/9-001-342x455.jpg 342w\" sizes=\"auto, (max-width: 1365px) 100vw, 1365px\" \/><\/a><\/p>\n<p><a href=\"https:\/\/www.24gliwice.pl\/wiadomosci\/wp-content\/uploads\/2021\/01\/10-001.jpg\"><img loading=\"lazy\" decoding=\"async\" class=\"alignnone  wp-image-163150\" src=\"https:\/\/www.24gliwice.pl\/wiadomosci\/wp-content\/uploads\/2021\/01\/10-001.jpg\" alt=\"\" width=\"1585\" height=\"1190\" srcset=\"https:\/\/www.24gliwice.pl\/wiadomosci\/wp-content\/uploads\/2021\/01\/10-001.jpg 810w, https:\/\/www.24gliwice.pl\/wiadomosci\/wp-content\/uploads\/2021\/01\/10-001-309x232.jpg 309w, https:\/\/www.24gliwice.pl\/wiadomosci\/wp-content\/uploads\/2021\/01\/10-001-606x455.jpg 606w, https:\/\/www.24gliwice.pl\/wiadomosci\/wp-content\/uploads\/2021\/01\/10-001-768x576.jpg 768w\" sizes=\"auto, (max-width: 1585px) 100vw, 1585px\" \/><\/a><\/p>\n<div class=\"gliwi-a5-na-koncu-artykulow gliwi-entity-placement\" id=\"gliwi-845649905\"><div class=\"gliwi-adlabel\"><span style=\"font-size: 9px\">REKLAMA<\/span><\/div><div id=\"gliwi-1844872825\" style=\"margin-left: auto;margin-right: auto;text-align: center;\"><a data-no-instant=\"1\" href=\"https:\/\/www.jasek.pl\/\" rel=\"noopener\" class=\"a2t-link\" target=\"_blank\" aria-label=\"20200401-jasek 600\"><img loading=\"lazy\" decoding=\"async\" src=\"https:\/\/www.24gliwice.pl\/wiadomosci\/wp-content\/uploads\/2020\/04\/20200401-jasek-600.jpg\" alt=\"\"  srcset=\"https:\/\/www.24gliwice.pl\/wiadomosci\/wp-content\/uploads\/2020\/04\/20200401-jasek-600.jpg 600w, https:\/\/www.24gliwice.pl\/wiadomosci\/wp-content\/uploads\/2020\/04\/20200401-jasek-600-410x109.jpg 410w\" sizes=\"(max-width: 600px) 100vw, 600px\" class=\"no-lazyload\" width=\"600\" height=\"160\"  style=\"display: inline-block; max-width: 100%; height: auto;\" \/><\/a><\/div><\/div>","protected":false},"excerpt":{"rendered":"<p>Wybieramy mistrz\u00f3w parkowania z 2020 roku. Stra\u017c miejska opublikowa\u0142a galeri\u0119 10 najgorzej zaparkowanych samochod\u00f3w &#8211; przed bram\u0105, na wyje\u017adzie, chodniku&#8230; Swojego faworyta wskazywa\u0107 mo\u017cemy jeszcze przez 3 tygodnie w serwisie facebook. &#8211; W konkursowym albumie mo\u017cecie g\u0142osowa\u0107 na swojego ulubie\u0144ca &#8211; zostawiaj\u0105c &#8220;lajka&#8221; pod wybranym przez siebie zdj\u0119ciem (albo zdj\u0119ciami). G\u0142osowanie zamykamy 29 stycznia, tr\u00f3jk\u0119 [&hellip;]<\/p>\n","protected":false},"author":15,"featured_media":163152,"comment_status":"open","ping_status":"closed","sticky":false,"template":"","format":"standard","meta":{"_monsterinsights_skip_tracking":false,"_monsterinsights_sitenote_active":false,"_monsterinsights_sitenote_note":"","_monsterinsights_sitenote_category":0,"footnotes":"","_links_to":"","_links_to_target":""},"categories":[3,1,9,5],"tags":[5574,1165],"class_list":["post-163136","post","type-post","status-publish","format-standard","has-post-thumbnail","hentry","category-gliwice","category-wszystko","category-aktualnosci_lokalne","category-kryminalki","tag-mistrzowie-parkowania","tag-straz-miejska"],"yoast_head":"<!-- This site is optimized with the Yoast SEO plugin v27.5 - https:\/\/yoast.com\/product\/yoast-seo-wordpress\/ -->\n<title>Pod same drzwi czyli... wybieramy &quot;Miszcz\u00f3w parkowania&quot;. Kto zas\u0142u\u017cy\u0142 na niechlubne miejsca na podium? - 24GLIWICE - Portal Gliwice | codziennie nowe informacje<\/title>\n<meta name=\"robots\" content=\"index, follow, max-snippet:-1, max-image-preview:large, max-video-preview:-1\" \/>\n<link rel=\"canonical\" href=\"https:\/\/www.24gliwice.pl\/wiadomosci\/pod-same-drzwi-czyli-wybieramy-miszczow-parkowania-kto-zasluzyl-na-niechlubne-miejsca-na-podium\/\" \/>\n<meta property=\"og:locale\" content=\"pl_PL\" \/>\n<meta property=\"og:type\" content=\"article\" \/>\n<meta property=\"og:title\" content=\"Pod same drzwi czyli... wybieramy &quot;Miszcz\u00f3w parkowania&quot;. Kto zas\u0142u\u017cy\u0142 na niechlubne miejsca na podium? - 24GLIWICE - Portal Gliwice | codziennie nowe informacje\" \/>\n<meta property=\"og:description\" content=\"Wybieramy mistrz\u00f3w parkowania z 2020 roku. Stra\u017c miejska opublikowa\u0142a galeri\u0119 10 najgorzej zaparkowanych samochod\u00f3w &#8211; przed bram\u0105, na wyje\u017adzie, chodniku&#8230; Swojego faworyta wskazywa\u0107 mo\u017cemy jeszcze przez 3 tygodnie w serwisie facebook. &#8211; W konkursowym albumie mo\u017cecie g\u0142osowa\u0107 na swojego ulubie\u0144ca &#8211; zostawiaj\u0105c &#8220;lajka&#8221; pod wybranym przez siebie zdj\u0119ciem (albo zdj\u0119ciami). G\u0142osowanie zamykamy 29 stycznia, tr\u00f3jk\u0119 [&hellip;]\" \/>\n<meta property=\"og:url\" content=\"https:\/\/www.24gliwice.pl\/wiadomosci\/pod-same-drzwi-czyli-wybieramy-miszczow-parkowania-kto-zasluzyl-na-niechlubne-miejsca-na-podium\/\" \/>\n<meta property=\"og:site_name\" content=\"24GLIWICE - Portal Gliwice | codziennie nowe informacje\" \/>\n<meta property=\"article:publisher\" content=\"https:\/\/www.facebook.com\/24gliwice\" \/>\n<meta property=\"article:published_time\" content=\"2021-01-07T12:20:04+00:00\" \/>\n<meta property=\"article:modified_time\" content=\"2021-01-08T15:04:27+00:00\" \/>\n<meta property=\"og:image\" content=\"https:\/\/www.24gliwice.pl\/wiadomosci\/wp-content\/uploads\/2021\/01\/3-002.jpg\" \/>\n\t<meta property=\"og:image:width\" content=\"810\" \/>\n\t<meta property=\"og:image:height\" content=\"456\" \/>\n\t<meta property=\"og:image:type\" content=\"image\/jpeg\" \/>\n<meta name=\"author\" content=\"\u017baneta Mrozek-Siewierska\" \/>\n<meta name=\"twitter:card\" content=\"summary_large_image\" \/>\n<meta name=\"twitter:creator\" content=\"@24gliwice\" \/>\n<meta name=\"twitter:site\" content=\"@24gliwice\" \/>\n<meta name=\"twitter:label1\" content=\"Napisane przez\" \/>\n\t<meta name=\"twitter:data1\" content=\"\u017baneta Mrozek-Siewierska\" \/>\n\t<meta name=\"twitter:label2\" content=\"Szacowany czas czytania\" \/>\n\t<meta name=\"twitter:data2\" content=\"1 minuta\" \/>\n<script type=\"application\/ld+json\" class=\"yoast-schema-graph\">{\"@context\":\"https:\\\/\\\/schema.org\",\"@graph\":[{\"@type\":\"Article\",\"@id\":\"https:\\\/\\\/www.24gliwice.pl\\\/wiadomosci\\\/pod-same-drzwi-czyli-wybieramy-miszczow-parkowania-kto-zasluzyl-na-niechlubne-miejsca-na-podium\\\/#article\",\"isPartOf\":{\"@id\":\"https:\\\/\\\/www.24gliwice.pl\\\/wiadomosci\\\/pod-same-drzwi-czyli-wybieramy-miszczow-parkowania-kto-zasluzyl-na-niechlubne-miejsca-na-podium\\\/\"},\"author\":{\"name\":\"\u017baneta Mrozek-Siewierska\",\"@id\":\"https:\\\/\\\/www.24gliwice.pl\\\/wiadomosci\\\/#\\\/schema\\\/person\\\/e42c650edd7f2fa332be3811fb166b6e\"},\"headline\":\"Pod same drzwi czyli&#8230; wybieramy &#8220;Miszcz\u00f3w parkowania&#8221;. Kto zas\u0142u\u017cy\u0142 na niechlubne miejsca na podium?\",\"datePublished\":\"2021-01-07T12:20:04+00:00\",\"dateModified\":\"2021-01-08T15:04:27+00:00\",\"mainEntityOfPage\":{\"@id\":\"https:\\\/\\\/www.24gliwice.pl\\\/wiadomosci\\\/pod-same-drzwi-czyli-wybieramy-miszczow-parkowania-kto-zasluzyl-na-niechlubne-miejsca-na-podium\\\/\"},\"wordCount\":233,\"commentCount\":0,\"publisher\":{\"@id\":\"https:\\\/\\\/www.24gliwice.pl\\\/wiadomosci\\\/#organization\"},\"image\":{\"@id\":\"https:\\\/\\\/www.24gliwice.pl\\\/wiadomosci\\\/pod-same-drzwi-czyli-wybieramy-miszczow-parkowania-kto-zasluzyl-na-niechlubne-miejsca-na-podium\\\/#primaryimage\"},\"thumbnailUrl\":\"https:\\\/\\\/www.24gliwice.pl\\\/wiadomosci\\\/wp-content\\\/uploads\\\/2021\\\/01\\\/3-002.jpg\",\"keywords\":[\"MISTRZOWIE PARKOWANIA\",\"STRA\u017b MIEJSKA\"],\"articleSection\":[\"Gliwice\",\"Najnowsze wiadomo\u015bci\",\"Portal Gliwice - Wiadomo\u015bci lokalne\",\"Prawo\"],\"inLanguage\":\"pl-PL\",\"potentialAction\":[{\"@type\":\"CommentAction\",\"name\":\"Comment\",\"target\":[\"https:\\\/\\\/www.24gliwice.pl\\\/wiadomosci\\\/pod-same-drzwi-czyli-wybieramy-miszczow-parkowania-kto-zasluzyl-na-niechlubne-miejsca-na-podium\\\/#respond\"]}]},{\"@type\":\"WebPage\",\"@id\":\"https:\\\/\\\/www.24gliwice.pl\\\/wiadomosci\\\/pod-same-drzwi-czyli-wybieramy-miszczow-parkowania-kto-zasluzyl-na-niechlubne-miejsca-na-podium\\\/\",\"url\":\"https:\\\/\\\/www.24gliwice.pl\\\/wiadomosci\\\/pod-same-drzwi-czyli-wybieramy-miszczow-parkowania-kto-zasluzyl-na-niechlubne-miejsca-na-podium\\\/\",\"name\":\"Pod same drzwi czyli... wybieramy \\\"Miszcz\u00f3w parkowania\\\". Kto zas\u0142u\u017cy\u0142 na niechlubne miejsca na podium? - 24GLIWICE - Portal Gliwice | codziennie nowe informacje\",\"isPartOf\":{\"@id\":\"https:\\\/\\\/www.24gliwice.pl\\\/wiadomosci\\\/#website\"},\"primaryImageOfPage\":{\"@id\":\"https:\\\/\\\/www.24gliwice.pl\\\/wiadomosci\\\/pod-same-drzwi-czyli-wybieramy-miszczow-parkowania-kto-zasluzyl-na-niechlubne-miejsca-na-podium\\\/#primaryimage\"},\"image\":{\"@id\":\"https:\\\/\\\/www.24gliwice.pl\\\/wiadomosci\\\/pod-same-drzwi-czyli-wybieramy-miszczow-parkowania-kto-zasluzyl-na-niechlubne-miejsca-na-podium\\\/#primaryimage\"},\"thumbnailUrl\":\"https:\\\/\\\/www.24gliwice.pl\\\/wiadomosci\\\/wp-content\\\/uploads\\\/2021\\\/01\\\/3-002.jpg\",\"datePublished\":\"2021-01-07T12:20:04+00:00\",\"dateModified\":\"2021-01-08T15:04:27+00:00\",\"breadcrumb\":{\"@id\":\"https:\\\/\\\/www.24gliwice.pl\\\/wiadomosci\\\/pod-same-drzwi-czyli-wybieramy-miszczow-parkowania-kto-zasluzyl-na-niechlubne-miejsca-na-podium\\\/#breadcrumb\"},\"inLanguage\":\"pl-PL\",\"potentialAction\":[{\"@type\":\"ReadAction\",\"target\":[\"https:\\\/\\\/www.24gliwice.pl\\\/wiadomosci\\\/pod-same-drzwi-czyli-wybieramy-miszczow-parkowania-kto-zasluzyl-na-niechlubne-miejsca-na-podium\\\/\"]}]},{\"@type\":\"ImageObject\",\"inLanguage\":\"pl-PL\",\"@id\":\"https:\\\/\\\/www.24gliwice.pl\\\/wiadomosci\\\/pod-same-drzwi-czyli-wybieramy-miszczow-parkowania-kto-zasluzyl-na-niechlubne-miejsca-na-podium\\\/#primaryimage\",\"url\":\"https:\\\/\\\/www.24gliwice.pl\\\/wiadomosci\\\/wp-content\\\/uploads\\\/2021\\\/01\\\/3-002.jpg\",\"contentUrl\":\"https:\\\/\\\/www.24gliwice.pl\\\/wiadomosci\\\/wp-content\\\/uploads\\\/2021\\\/01\\\/3-002.jpg\",\"width\":810,\"height\":456,\"caption\":\"fot. SM Gliwice\"},{\"@type\":\"BreadcrumbList\",\"@id\":\"https:\\\/\\\/www.24gliwice.pl\\\/wiadomosci\\\/pod-same-drzwi-czyli-wybieramy-miszczow-parkowania-kto-zasluzyl-na-niechlubne-miejsca-na-podium\\\/#breadcrumb\",\"itemListElement\":[{\"@type\":\"ListItem\",\"position\":1,\"name\":\"Strona g\u0142\u00f3wna\",\"item\":\"https:\\\/\\\/www.24gliwice.pl\\\/wiadomosci\\\/\"},{\"@type\":\"ListItem\",\"position\":2,\"name\":\"Pod same drzwi czyli&#8230; wybieramy &#8222;Miszcz\u00f3w parkowania&#8221;. Kto zas\u0142u\u017cy\u0142 na niechlubne miejsca na podium?\"}]},{\"@type\":\"WebSite\",\"@id\":\"https:\\\/\\\/www.24gliwice.pl\\\/wiadomosci\\\/#website\",\"url\":\"https:\\\/\\\/www.24gliwice.pl\\\/wiadomosci\\\/\",\"name\":\"24GLIWICE - Portal Gliwice | codziennie nowe wiadomo\u015bci\",\"description\":\"Portal Miejski Gliwice\",\"publisher\":{\"@id\":\"https:\\\/\\\/www.24gliwice.pl\\\/wiadomosci\\\/#organization\"},\"potentialAction\":[{\"@type\":\"SearchAction\",\"target\":{\"@type\":\"EntryPoint\",\"urlTemplate\":\"https:\\\/\\\/www.24gliwice.pl\\\/wiadomosci\\\/?s={search_term_string}\"},\"query-input\":{\"@type\":\"PropertyValueSpecification\",\"valueRequired\":true,\"valueName\":\"search_term_string\"}}],\"inLanguage\":\"pl-PL\"},{\"@type\":\"Organization\",\"@id\":\"https:\\\/\\\/www.24gliwice.pl\\\/wiadomosci\\\/#organization\",\"name\":\"24gliwice\",\"url\":\"https:\\\/\\\/www.24gliwice.pl\\\/wiadomosci\\\/\",\"logo\":{\"@type\":\"ImageObject\",\"inLanguage\":\"pl-PL\",\"@id\":\"https:\\\/\\\/www.24gliwice.pl\\\/wiadomosci\\\/#\\\/schema\\\/logo\\\/image\\\/\",\"url\":\"https:\\\/\\\/www.24gliwice.pl\\\/wiadomosci\\\/wp-content\\\/uploads\\\/2024\\\/10\\\/24gliwice-logo-696.jpg\",\"contentUrl\":\"https:\\\/\\\/www.24gliwice.pl\\\/wiadomosci\\\/wp-content\\\/uploads\\\/2024\\\/10\\\/24gliwice-logo-696.jpg\",\"width\":696,\"height\":696,\"caption\":\"24gliwice\"},\"image\":{\"@id\":\"https:\\\/\\\/www.24gliwice.pl\\\/wiadomosci\\\/#\\\/schema\\\/logo\\\/image\\\/\"},\"sameAs\":[\"https:\\\/\\\/www.facebook.com\\\/24gliwice\",\"https:\\\/\\\/x.com\\\/24gliwice\",\"https:\\\/\\\/www.youtube.com\\\/@24gliwice\"]},{\"@type\":\"Person\",\"@id\":\"https:\\\/\\\/www.24gliwice.pl\\\/wiadomosci\\\/#\\\/schema\\\/person\\\/e42c650edd7f2fa332be3811fb166b6e\",\"name\":\"\u017baneta Mrozek-Siewierska\",\"image\":{\"@type\":\"ImageObject\",\"inLanguage\":\"pl-PL\",\"@id\":\"https:\\\/\\\/secure.gravatar.com\\\/avatar\\\/1881429e9c64597c77ad7aef2d0a19be69a3253e57534d16aa15bf3a4d34a0a3?s=96&d=mm&r=g\",\"url\":\"https:\\\/\\\/secure.gravatar.com\\\/avatar\\\/1881429e9c64597c77ad7aef2d0a19be69a3253e57534d16aa15bf3a4d34a0a3?s=96&d=mm&r=g\",\"contentUrl\":\"https:\\\/\\\/secure.gravatar.com\\\/avatar\\\/1881429e9c64597c77ad7aef2d0a19be69a3253e57534d16aa15bf3a4d34a0a3?s=96&d=mm&r=g\",\"caption\":\"\u017baneta Mrozek-Siewierska\"},\"url\":\"https:\\\/\\\/www.24gliwice.pl\\\/wiadomosci\\\/author\\\/zms\\\/\"}]}<\/script>\n<!-- \/ Yoast SEO plugin. -->","yoast_head_json":{"title":"Pod same drzwi czyli... wybieramy \"Miszcz\u00f3w parkowania\". Kto zas\u0142u\u017cy\u0142 na niechlubne miejsca na podium? - 24GLIWICE - Portal Gliwice | codziennie nowe informacje","robots":{"index":"index","follow":"follow","max-snippet":"max-snippet:-1","max-image-preview":"max-image-preview:large","max-video-preview":"max-video-preview:-1"},"canonical":"https:\/\/www.24gliwice.pl\/wiadomosci\/pod-same-drzwi-czyli-wybieramy-miszczow-parkowania-kto-zasluzyl-na-niechlubne-miejsca-na-podium\/","og_locale":"pl_PL","og_type":"article","og_title":"Pod same drzwi czyli... wybieramy \"Miszcz\u00f3w parkowania\". Kto zas\u0142u\u017cy\u0142 na niechlubne miejsca na podium? - 24GLIWICE - Portal Gliwice | codziennie nowe informacje","og_description":"Wybieramy mistrz\u00f3w parkowania z 2020 roku. Stra\u017c miejska opublikowa\u0142a galeri\u0119 10 najgorzej zaparkowanych samochod\u00f3w &#8211; przed bram\u0105, na wyje\u017adzie, chodniku&#8230; Swojego faworyta wskazywa\u0107 mo\u017cemy jeszcze przez 3 tygodnie w serwisie facebook. &#8211; W konkursowym albumie mo\u017cecie g\u0142osowa\u0107 na swojego ulubie\u0144ca &#8211; zostawiaj\u0105c &#8220;lajka&#8221; pod wybranym przez siebie zdj\u0119ciem (albo zdj\u0119ciami). G\u0142osowanie zamykamy 29 stycznia, tr\u00f3jk\u0119 [&hellip;]","og_url":"https:\/\/www.24gliwice.pl\/wiadomosci\/pod-same-drzwi-czyli-wybieramy-miszczow-parkowania-kto-zasluzyl-na-niechlubne-miejsca-na-podium\/","og_site_name":"24GLIWICE - Portal Gliwice | codziennie nowe informacje","article_publisher":"https:\/\/www.facebook.com\/24gliwice","article_published_time":"2021-01-07T12:20:04+00:00","article_modified_time":"2021-01-08T15:04:27+00:00","og_image":[{"width":810,"height":456,"url":"https:\/\/www.24gliwice.pl\/wiadomosci\/wp-content\/uploads\/2021\/01\/3-002.jpg","type":"image\/jpeg"}],"author":"\u017baneta Mrozek-Siewierska","twitter_card":"summary_large_image","twitter_creator":"@24gliwice","twitter_site":"@24gliwice","twitter_misc":{"Napisane przez":"\u017baneta Mrozek-Siewierska","Szacowany czas czytania":"1 minuta"},"schema":{"@context":"https:\/\/schema.org","@graph":[{"@type":"Article","@id":"https:\/\/www.24gliwice.pl\/wiadomosci\/pod-same-drzwi-czyli-wybieramy-miszczow-parkowania-kto-zasluzyl-na-niechlubne-miejsca-na-podium\/#article","isPartOf":{"@id":"https:\/\/www.24gliwice.pl\/wiadomosci\/pod-same-drzwi-czyli-wybieramy-miszczow-parkowania-kto-zasluzyl-na-niechlubne-miejsca-na-podium\/"},"author":{"name":"\u017baneta Mrozek-Siewierska","@id":"https:\/\/www.24gliwice.pl\/wiadomosci\/#\/schema\/person\/e42c650edd7f2fa332be3811fb166b6e"},"headline":"Pod same drzwi czyli&#8230; wybieramy &#8220;Miszcz\u00f3w parkowania&#8221;. Kto zas\u0142u\u017cy\u0142 na niechlubne miejsca na podium?","datePublished":"2021-01-07T12:20:04+00:00","dateModified":"2021-01-08T15:04:27+00:00","mainEntityOfPage":{"@id":"https:\/\/www.24gliwice.pl\/wiadomosci\/pod-same-drzwi-czyli-wybieramy-miszczow-parkowania-kto-zasluzyl-na-niechlubne-miejsca-na-podium\/"},"wordCount":233,"commentCount":0,"publisher":{"@id":"https:\/\/www.24gliwice.pl\/wiadomosci\/#organization"},"image":{"@id":"https:\/\/www.24gliwice.pl\/wiadomosci\/pod-same-drzwi-czyli-wybieramy-miszczow-parkowania-kto-zasluzyl-na-niechlubne-miejsca-na-podium\/#primaryimage"},"thumbnailUrl":"https:\/\/www.24gliwice.pl\/wiadomosci\/wp-content\/uploads\/2021\/01\/3-002.jpg","keywords":["MISTRZOWIE PARKOWANIA","STRA\u017b MIEJSKA"],"articleSection":["Gliwice","Najnowsze wiadomo\u015bci","Portal Gliwice - Wiadomo\u015bci lokalne","Prawo"],"inLanguage":"pl-PL","potentialAction":[{"@type":"CommentAction","name":"Comment","target":["https:\/\/www.24gliwice.pl\/wiadomosci\/pod-same-drzwi-czyli-wybieramy-miszczow-parkowania-kto-zasluzyl-na-niechlubne-miejsca-na-podium\/#respond"]}]},{"@type":"WebPage","@id":"https:\/\/www.24gliwice.pl\/wiadomosci\/pod-same-drzwi-czyli-wybieramy-miszczow-parkowania-kto-zasluzyl-na-niechlubne-miejsca-na-podium\/","url":"https:\/\/www.24gliwice.pl\/wiadomosci\/pod-same-drzwi-czyli-wybieramy-miszczow-parkowania-kto-zasluzyl-na-niechlubne-miejsca-na-podium\/","name":"Pod same drzwi czyli... wybieramy \"Miszcz\u00f3w parkowania\". Kto zas\u0142u\u017cy\u0142 na niechlubne miejsca na podium? - 24GLIWICE - Portal Gliwice | codziennie nowe informacje","isPartOf":{"@id":"https:\/\/www.24gliwice.pl\/wiadomosci\/#website"},"primaryImageOfPage":{"@id":"https:\/\/www.24gliwice.pl\/wiadomosci\/pod-same-drzwi-czyli-wybieramy-miszczow-parkowania-kto-zasluzyl-na-niechlubne-miejsca-na-podium\/#primaryimage"},"image":{"@id":"https:\/\/www.24gliwice.pl\/wiadomosci\/pod-same-drzwi-czyli-wybieramy-miszczow-parkowania-kto-zasluzyl-na-niechlubne-miejsca-na-podium\/#primaryimage"},"thumbnailUrl":"https:\/\/www.24gliwice.pl\/wiadomosci\/wp-content\/uploads\/2021\/01\/3-002.jpg","datePublished":"2021-01-07T12:20:04+00:00","dateModified":"2021-01-08T15:04:27+00:00","breadcrumb":{"@id":"https:\/\/www.24gliwice.pl\/wiadomosci\/pod-same-drzwi-czyli-wybieramy-miszczow-parkowania-kto-zasluzyl-na-niechlubne-miejsca-na-podium\/#breadcrumb"},"inLanguage":"pl-PL","potentialAction":[{"@type":"ReadAction","target":["https:\/\/www.24gliwice.pl\/wiadomosci\/pod-same-drzwi-czyli-wybieramy-miszczow-parkowania-kto-zasluzyl-na-niechlubne-miejsca-na-podium\/"]}]},{"@type":"ImageObject","inLanguage":"pl-PL","@id":"https:\/\/www.24gliwice.pl\/wiadomosci\/pod-same-drzwi-czyli-wybieramy-miszczow-parkowania-kto-zasluzyl-na-niechlubne-miejsca-na-podium\/#primaryimage","url":"https:\/\/www.24gliwice.pl\/wiadomosci\/wp-content\/uploads\/2021\/01\/3-002.jpg","contentUrl":"https:\/\/www.24gliwice.pl\/wiadomosci\/wp-content\/uploads\/2021\/01\/3-002.jpg","width":810,"height":456,"caption":"fot. SM Gliwice"},{"@type":"BreadcrumbList","@id":"https:\/\/www.24gliwice.pl\/wiadomosci\/pod-same-drzwi-czyli-wybieramy-miszczow-parkowania-kto-zasluzyl-na-niechlubne-miejsca-na-podium\/#breadcrumb","itemListElement":[{"@type":"ListItem","position":1,"name":"Strona g\u0142\u00f3wna","item":"https:\/\/www.24gliwice.pl\/wiadomosci\/"},{"@type":"ListItem","position":2,"name":"Pod same drzwi czyli&#8230; wybieramy &#8222;Miszcz\u00f3w parkowania&#8221;. Kto zas\u0142u\u017cy\u0142 na niechlubne miejsca na podium?"}]},{"@type":"WebSite","@id":"https:\/\/www.24gliwice.pl\/wiadomosci\/#website","url":"https:\/\/www.24gliwice.pl\/wiadomosci\/","name":"24GLIWICE - Portal Gliwice | codziennie nowe wiadomo\u015bci","description":"Portal Miejski Gliwice","publisher":{"@id":"https:\/\/www.24gliwice.pl\/wiadomosci\/#organization"},"potentialAction":[{"@type":"SearchAction","target":{"@type":"EntryPoint","urlTemplate":"https:\/\/www.24gliwice.pl\/wiadomosci\/?s={search_term_string}"},"query-input":{"@type":"PropertyValueSpecification","valueRequired":true,"valueName":"search_term_string"}}],"inLanguage":"pl-PL"},{"@type":"Organization","@id":"https:\/\/www.24gliwice.pl\/wiadomosci\/#organization","name":"24gliwice","url":"https:\/\/www.24gliwice.pl\/wiadomosci\/","logo":{"@type":"ImageObject","inLanguage":"pl-PL","@id":"https:\/\/www.24gliwice.pl\/wiadomosci\/#\/schema\/logo\/image\/","url":"https:\/\/www.24gliwice.pl\/wiadomosci\/wp-content\/uploads\/2024\/10\/24gliwice-logo-696.jpg","contentUrl":"https:\/\/www.24gliwice.pl\/wiadomosci\/wp-content\/uploads\/2024\/10\/24gliwice-logo-696.jpg","width":696,"height":696,"caption":"24gliwice"},"image":{"@id":"https:\/\/www.24gliwice.pl\/wiadomosci\/#\/schema\/logo\/image\/"},"sameAs":["https:\/\/www.facebook.com\/24gliwice","https:\/\/x.com\/24gliwice","https:\/\/www.youtube.com\/@24gliwice"]},{"@type":"Person","@id":"https:\/\/www.24gliwice.pl\/wiadomosci\/#\/schema\/person\/e42c650edd7f2fa332be3811fb166b6e","name":"\u017baneta Mrozek-Siewierska","image":{"@type":"ImageObject","inLanguage":"pl-PL","@id":"https:\/\/secure.gravatar.com\/avatar\/1881429e9c64597c77ad7aef2d0a19be69a3253e57534d16aa15bf3a4d34a0a3?s=96&d=mm&r=g","url":"https:\/\/secure.gravatar.com\/avatar\/1881429e9c64597c77ad7aef2d0a19be69a3253e57534d16aa15bf3a4d34a0a3?s=96&d=mm&r=g","contentUrl":"https:\/\/secure.gravatar.com\/avatar\/1881429e9c64597c77ad7aef2d0a19be69a3253e57534d16aa15bf3a4d34a0a3?s=96&d=mm&r=g","caption":"\u017baneta Mrozek-Siewierska"},"url":"https:\/\/www.24gliwice.pl\/wiadomosci\/author\/zms\/"}]}},"_links":{"self":[{"href":"https:\/\/www.24gliwice.pl\/wiadomosci\/wp-json\/wp\/v2\/posts\/163136","targetHints":{"allow":["GET"]}}],"collection":[{"href":"https:\/\/www.24gliwice.pl\/wiadomosci\/wp-json\/wp\/v2\/posts"}],"about":[{"href":"https:\/\/www.24gliwice.pl\/wiadomosci\/wp-json\/wp\/v2\/types\/post"}],"author":[{"embeddable":true,"href":"https:\/\/www.24gliwice.pl\/wiadomosci\/wp-json\/wp\/v2\/users\/15"}],"replies":[{"embeddable":true,"href":"https:\/\/www.24gliwice.pl\/wiadomosci\/wp-json\/wp\/v2\/comments?post=163136"}],"version-history":[{"count":0,"href":"https:\/\/www.24gliwice.pl\/wiadomosci\/wp-json\/wp\/v2\/posts\/163136\/revisions"}],"wp:featuredmedia":[{"embeddable":true,"href":"https:\/\/www.24gliwice.pl\/wiadomosci\/wp-json\/wp\/v2\/media\/163152"}],"wp:attachment":[{"href":"https:\/\/www.24gliwice.pl\/wiadomosci\/wp-json\/wp\/v2\/media?parent=163136"}],"wp:term":[{"taxonomy":"category","embeddable":true,"href":"https:\/\/www.24gliwice.pl\/wiadomosci\/wp-json\/wp\/v2\/categories?post=163136"},{"taxonomy":"post_tag","embeddable":true,"href":"https:\/\/www.24gliwice.pl\/wiadomosci\/wp-json\/wp\/v2\/tags?post=163136"}],"curies":[{"name":"wp","href":"https:\/\/api.w.org\/{rel}","templated":true}]}}