{"id":163920,"date":"2021-01-22T11:11:05","date_gmt":"2021-01-22T10:11:05","guid":{"rendered":"https:\/\/www.24gliwice.pl\/wiadomosci\/?p=163920"},"modified":"2021-01-22T12:48:09","modified_gmt":"2021-01-22T11:48:09","slug":"wosp-gliwice-2021-29-final-wielkiej-orkiestry-swiatecznej-pomocy","status":"publish","type":"post","link":"https:\/\/www.24gliwice.pl\/wiadomosci\/wosp-gliwice-2021-29-final-wielkiej-orkiestry-swiatecznej-pomocy\/","title":{"rendered":"Rodzinny spacer po Rynku i \u015bwiate\u0142ko do nieba. 29. fina\u0142 Wielkiej Orkiestry \u015awi\u0105tecznej Pomocy"},"content":{"rendered":"<div class=\"gliwi-a6-nad-leadem-artykulow gliwi-entity-placement\" id=\"gliwi-1667403596\"><div class=\"gliwi-adlabel\"><span style=\"font-size: 9px\">REKLAMA<\/span><\/div><div id=\"gliwi-2781227586\" style=\"margin-bottom: 30px;margin-left: auto;margin-right: auto;text-align: center;\"><a data-no-instant=\"1\" href=\"https:\/\/przedszkole.halogen.org.pl\/\" rel=\"noopener\" class=\"a2t-link\" target=\"_blank\" aria-label=\"20260402-ANIMATOR-przedszkole_grafika_750x200\"><img loading=\"lazy\" decoding=\"async\" src=\"https:\/\/www.24gliwice.pl\/wiadomosci\/wp-content\/uploads\/2026\/04\/20260402-ANIMATOR-przedszkole_grafika_750x200.webp\" alt=\"\"  srcset=\"https:\/\/www.24gliwice.pl\/wiadomosci\/wp-content\/uploads\/2026\/04\/20260402-ANIMATOR-przedszkole_grafika_750x200.webp 750w, https:\/\/www.24gliwice.pl\/wiadomosci\/wp-content\/uploads\/2026\/04\/20260402-ANIMATOR-przedszkole_grafika_750x200-410x109.webp 410w\" sizes=\"(max-width: 750px) 100vw, 750px\" class=\"no-lazyload\" width=\"750\" height=\"200\"  style=\"display: inline-block; max-width: 100%; height: auto;\" \/><\/a><\/div><\/div><h2>29. fina\u0142 Wielkiej Orkiestry \u015awi\u0105tecznej Pomocy odb\u0119dzie si\u0119 31 stycznia pod has\u0142em: \u201eFina\u0142 z g\u0142ow\u0105\u201d. Tym razem Fundacja b\u0119dzie si\u0119 skupia\u0107 na zakupie sprz\u0119tu dla laryngologii, otolaryngologii i diagnostyki g\u0142owy.<\/h2>\n<p>Jest to ju\u017c drugi Fina\u0142 WO\u015aP dedykowany tej dziedzinie medycyny.<\/p>\n<p>\u2013 <em>W czasach, gdy koronawirus zdezorganizowa\u0142 nasze codzienne \u017cycie i cz\u0119sto wystawi\u0142 nas na najwy\u017csz\u0105 pr\u00f3b\u0119, potrzebujemy powrotu do tych wszystkich kolor\u00f3w, kt\u00f3re zawsze niesie za sob\u0105 Orkiestra \u2013 kolor\u00f3w mi\u0142o\u015bci, rado\u015bci i optymizmu. Potrzebujemy ca\u0142ej naszej filozofii, kt\u00f3ra zawsze i w ka\u017cdej sytuacji szuka tych moment\u00f3w, kt\u00f3re wydob\u0119d\u0105 z nas najbardziej s\u0142oneczne pok\u0142ady si\u0142y, energii, wzajemnego bycia ze sob\u0105, wzajemnego szacunku, tolerancji i pogody ducha. Tego nam dzisiaj potrzeba <\/em>\u2013 m\u00f3wi <strong>Jurek Owsiak<\/strong>.<\/p><div class=\"gliwi-a3-w-tresci-artykulow gliwi-entity-placement\" id=\"gliwi-962915850\"><div class=\"gliwi-adlabel\"><span style=\"font-size: 9px\">REKLAMA<\/span><\/div><div id=\"gliwi-3400057289\" style=\"margin-bottom: 30px;margin-left: auto;margin-right: auto;text-align: center;\"><a data-no-instant=\"1\" href=\"https:\/\/ogrodyandersa.pl\/\" rel=\"noopener\" class=\"a2t-link\" target=\"_blank\" aria-label=\"20260415 Ogrody Andersa KUP TERAZ D\"><img loading=\"lazy\" decoding=\"async\" src=\"https:\/\/www.24gliwice.pl\/wiadomosci\/wp-content\/uploads\/2026\/04\/20260415-Ogrody-Andersa-KUP-TERAZ-D.jpg\" alt=\"\"  srcset=\"https:\/\/www.24gliwice.pl\/wiadomosci\/wp-content\/uploads\/2026\/04\/20260415-Ogrody-Andersa-KUP-TERAZ-D.jpg 750w, https:\/\/www.24gliwice.pl\/wiadomosci\/wp-content\/uploads\/2026\/04\/20260415-Ogrody-Andersa-KUP-TERAZ-D-410x109.jpg 410w\" sizes=\"(max-width: 750px) 100vw, 750px\" class=\"no-lazyload\" width=\"750\" height=\"200\"  style=\"display: inline-block; max-width: 100%; height: auto;\" \/><\/a><\/div><\/div>\n<p>Najwi\u0119kszy gliwicki sztab nr 335, jak co roku organizowany przez Stowarzyszenie GTW i Hufiec ZHP Ziemi Gliwickiej, wspomagany przez gliwickie organizacje pozarz\u0105dowe, od wczesnych godzin popo\u0142udniowych zaprasza na gliwicki Rynek. Tegoroczny Fina\u0142 b\u0119dzie inny ni\u017c poprzedni, pandemia zmusi\u0142a nas do nowej formu\u0142y.<\/p>\n<h4>Organizatorzy zapraszaj\u0105 od godziny 13:00 do 21:00 na Rodzinny Spacer po gliwickim Rynku w rytmie Wielkiej Orkiestry \u015awi\u0105tecznej Pomocy. Wolontariusze b\u0119d\u0105 obecni na Rynku i wielu ulicach Gliwic. Ka\u017cdy b\u0119dzie mia\u0142 identyfikator i puszk\u0119, do kt\u00f3rej b\u0119dzie mo\u017cna wrzuci\u0107 grosik.<\/h4>\n<p>Na p\u0142ycie Rynku, b\u0119d\u0105 rozstawione stoiska z \u0142akociami, gad\u017cetami oraz namioty prezentacyjne wybranych organizacji pozarz\u0105dowych z naszego miasta i Politechniki \u015al\u0105skiej. Wszyscy ch\u0119tni b\u0119d\u0105 mogli zapozowa\u0107 do selfie przy specjalnie przygotowanym banerze oraz zostawi\u0107 wiadomo\u015b\u0107 dla WO\u015aP. Fina\u0142 u\u015bwietni\u0105 muzycznie gliwiccy DJ, a ich muzyk\u0119 us\u0142yszymy z okien Stacji Artystycznej Rynek.<\/p>\n<p>W wyznaczonych godzinach b\u0119dzie mo\u017cna wylicytowa\u0107 gad\u017cety podarowane przez gliwickie firmy i organizacje. O godzinie 20:00 zab\u0142y\u015bnie na Rynku \u015bwiate\u0142ko do nieba. Nad wszystkim czuwa\u0107 b\u0119d\u0105 licencjonowani ochroniarze, zachowane zostan\u0105 bezpieczne odleg\u0142o\u015bci, ka\u017cdy b\u0119dzie m\u00f3g\u0142 zdezynfekowa\u0107 r\u0119ce.<\/p>\n<p>\u2013 <em>Co roku Fina\u0142 WO\u015aP w naszym mie\u015bcie to jedna z najwi\u0119kszych imprez w regionie, przez ca\u0142y dzie\u0144 odwiedza nas mn\u00f3stwo ludzi. Z Gliwic, ale te\u017c innych miast. Edycja 2021 w zwi\u0105zku z panuj\u0105c\u0105 pandemi\u0105 nie b\u0119dzie \u0142atwa \u2013 obostrzenia, kt\u00f3re dotycz\u0105 ka\u017cdego z nas, mocno ograniczaj\u0105 organizacj\u0119 tak du\u017cej imprezy. Ale nie sk\u0142adamy broni! Pomog\u0105 nam m.in. woje ze Stowarzyszenia Utgard. Wsp\u00f3lnie, razem z wolontariuszami damy rad\u0119<\/em> \u2013 m\u00f3wi <strong>Marek Niewiarowski<\/strong>, szef gliwickiego sztabu.<\/p>\n<p>Podczas 28. Fina\u0142u Gliwice zebra\u0142y kwot\u0119: 394 tys. z\u0142.<\/p>\n<p>(\u017cms)\/(materia\u0142y organizatora)<br \/>\nfot. 24gliwice.pl\/\u0141G<\/p>\n<p><a href=\"https:\/\/www.24gliwice.pl\/wiadomosci\/wp-content\/uploads\/2021\/01\/wosp-banner.png\"><img loading=\"lazy\" decoding=\"async\" class=\"alignnone  wp-image-163926\" src=\"https:\/\/www.24gliwice.pl\/wiadomosci\/wp-content\/uploads\/2021\/01\/wosp-banner.png\" alt=\"\" width=\"1253\" height=\"890\" srcset=\"https:\/\/www.24gliwice.pl\/wiadomosci\/wp-content\/uploads\/2021\/01\/wosp-banner.png 880w, https:\/\/www.24gliwice.pl\/wiadomosci\/wp-content\/uploads\/2021\/01\/wosp-banner-327x232.png 327w, https:\/\/www.24gliwice.pl\/wiadomosci\/wp-content\/uploads\/2021\/01\/wosp-banner-641x455.png 641w, https:\/\/www.24gliwice.pl\/wiadomosci\/wp-content\/uploads\/2021\/01\/wosp-banner-768x545.png 768w, https:\/\/www.24gliwice.pl\/wiadomosci\/wp-content\/uploads\/2021\/01\/wosp-banner-810x575.png 810w\" sizes=\"auto, (max-width: 1253px) 100vw, 1253px\" \/><\/a><\/p>\n<div class=\"gliwi-a5-na-koncu-artykulow gliwi-entity-placement\" id=\"gliwi-3482406727\"><div class=\"gliwi-adlabel\"><span style=\"font-size: 9px\">REKLAMA<\/span><\/div><div id=\"gliwi-2743410969\" style=\"margin-left: auto;margin-right: auto;text-align: center;\"><a data-no-instant=\"1\" href=\"https:\/\/www.jasek.pl\/\" rel=\"noopener\" class=\"a2t-link\" target=\"_blank\" aria-label=\"20200401-jasek 600\"><img loading=\"lazy\" decoding=\"async\" src=\"https:\/\/www.24gliwice.pl\/wiadomosci\/wp-content\/uploads\/2020\/04\/20200401-jasek-600.jpg\" alt=\"\"  srcset=\"https:\/\/www.24gliwice.pl\/wiadomosci\/wp-content\/uploads\/2020\/04\/20200401-jasek-600.jpg 600w, https:\/\/www.24gliwice.pl\/wiadomosci\/wp-content\/uploads\/2020\/04\/20200401-jasek-600-410x109.jpg 410w\" sizes=\"(max-width: 600px) 100vw, 600px\" class=\"no-lazyload\" width=\"600\" height=\"160\"  style=\"display: inline-block; max-width: 100%; height: auto;\" \/><\/a><\/div><\/div>","protected":false},"excerpt":{"rendered":"<p>29. fina\u0142 Wielkiej Orkiestry \u015awi\u0105tecznej Pomocy odb\u0119dzie si\u0119 31 stycznia pod has\u0142em: \u201eFina\u0142 z g\u0142ow\u0105\u201d. Tym razem Fundacja b\u0119dzie si\u0119 skupia\u0107 na zakupie sprz\u0119tu dla laryngologii, otolaryngologii i diagnostyki g\u0142owy. Jest to ju\u017c drugi Fina\u0142 WO\u015aP dedykowany tej dziedzinie medycyny. \u2013 W czasach, gdy koronawirus zdezorganizowa\u0142 nasze codzienne \u017cycie i cz\u0119sto wystawi\u0142 nas na najwy\u017csz\u0105 [&hellip;]<\/p>\n","protected":false},"author":15,"featured_media":126537,"comment_status":"open","ping_status":"closed","sticky":false,"template":"","format":"standard","meta":{"_monsterinsights_skip_tracking":false,"_monsterinsights_sitenote_active":false,"_monsterinsights_sitenote_note":"","_monsterinsights_sitenote_category":0,"footnotes":"","_links_to":"","_links_to_target":""},"categories":[3,6,1,9],"tags":[8376,57],"class_list":["post-163920","post","type-post","status-publish","format-standard","has-post-thumbnail","hentry","category-gliwice","category-kultura","category-wszystko","category-aktualnosci_lokalne","tag-wielka-orkiestra-swiatecznej-pomocy","tag-wosp"],"yoast_head":"<!-- This site is optimized with the Yoast SEO plugin v27.5 - https:\/\/yoast.com\/product\/yoast-seo-wordpress\/ -->\n<title>Rodzinny spacer po Rynku i \u015bwiate\u0142ko do nieba. 29. fina\u0142 Wielkiej Orkiestry \u015awi\u0105tecznej Pomocy - 24GLIWICE - Portal Gliwice | codziennie nowe informacje<\/title>\n<meta name=\"robots\" content=\"index, follow, max-snippet:-1, max-image-preview:large, max-video-preview:-1\" \/>\n<link rel=\"canonical\" href=\"https:\/\/www.24gliwice.pl\/wiadomosci\/wosp-gliwice-2021-29-final-wielkiej-orkiestry-swiatecznej-pomocy\/\" \/>\n<meta property=\"og:locale\" content=\"pl_PL\" \/>\n<meta property=\"og:type\" content=\"article\" \/>\n<meta property=\"og:title\" content=\"Rodzinny spacer po Rynku i \u015bwiate\u0142ko do nieba. 29. fina\u0142 Wielkiej Orkiestry \u015awi\u0105tecznej Pomocy - 24GLIWICE - Portal Gliwice | codziennie nowe informacje\" \/>\n<meta property=\"og:description\" content=\"29. fina\u0142 Wielkiej Orkiestry \u015awi\u0105tecznej Pomocy odb\u0119dzie si\u0119 31 stycznia pod has\u0142em: \u201eFina\u0142 z g\u0142ow\u0105\u201d. Tym razem Fundacja b\u0119dzie si\u0119 skupia\u0107 na zakupie sprz\u0119tu dla laryngologii, otolaryngologii i diagnostyki g\u0142owy. Jest to ju\u017c drugi Fina\u0142 WO\u015aP dedykowany tej dziedzinie medycyny. \u2013 W czasach, gdy koronawirus zdezorganizowa\u0142 nasze codzienne \u017cycie i cz\u0119sto wystawi\u0142 nas na najwy\u017csz\u0105 [&hellip;]\" \/>\n<meta property=\"og:url\" content=\"https:\/\/www.24gliwice.pl\/wiadomosci\/wosp-gliwice-2021-29-final-wielkiej-orkiestry-swiatecznej-pomocy\/\" \/>\n<meta property=\"og:site_name\" content=\"24GLIWICE - Portal Gliwice | codziennie nowe informacje\" \/>\n<meta property=\"article:publisher\" content=\"https:\/\/www.facebook.com\/24gliwice\" \/>\n<meta property=\"article:published_time\" content=\"2021-01-22T10:11:05+00:00\" \/>\n<meta property=\"article:modified_time\" content=\"2021-01-22T11:48:09+00:00\" \/>\n<meta property=\"og:image\" content=\"https:\/\/www.24gliwice.pl\/wiadomosci\/wp-content\/uploads\/2018\/11\/1-ratusz-rynek-3-001.jpg\" \/>\n\t<meta property=\"og:image:width\" content=\"810\" \/>\n\t<meta property=\"og:image:height\" content=\"456\" \/>\n\t<meta property=\"og:image:type\" content=\"image\/jpeg\" \/>\n<meta name=\"author\" content=\"\u017baneta Mrozek-Siewierska\" \/>\n<meta name=\"twitter:card\" content=\"summary_large_image\" \/>\n<meta name=\"twitter:creator\" content=\"@24gliwice\" \/>\n<meta name=\"twitter:site\" content=\"@24gliwice\" \/>\n<meta name=\"twitter:label1\" content=\"Napisane przez\" \/>\n\t<meta name=\"twitter:data1\" content=\"\u017baneta Mrozek-Siewierska\" \/>\n\t<meta name=\"twitter:label2\" content=\"Szacowany czas czytania\" \/>\n\t<meta name=\"twitter:data2\" content=\"2 minuty\" \/>\n<script type=\"application\/ld+json\" class=\"yoast-schema-graph\">{\"@context\":\"https:\\\/\\\/schema.org\",\"@graph\":[{\"@type\":\"Article\",\"@id\":\"https:\\\/\\\/www.24gliwice.pl\\\/wiadomosci\\\/wosp-gliwice-2021-29-final-wielkiej-orkiestry-swiatecznej-pomocy\\\/#article\",\"isPartOf\":{\"@id\":\"https:\\\/\\\/www.24gliwice.pl\\\/wiadomosci\\\/wosp-gliwice-2021-29-final-wielkiej-orkiestry-swiatecznej-pomocy\\\/\"},\"author\":{\"name\":\"\u017baneta Mrozek-Siewierska\",\"@id\":\"https:\\\/\\\/www.24gliwice.pl\\\/wiadomosci\\\/#\\\/schema\\\/person\\\/e42c650edd7f2fa332be3811fb166b6e\"},\"headline\":\"Rodzinny spacer po Rynku i \u015bwiate\u0142ko do nieba. 29. fina\u0142 Wielkiej Orkiestry \u015awi\u0105tecznej Pomocy\",\"datePublished\":\"2021-01-22T10:11:05+00:00\",\"dateModified\":\"2021-01-22T11:48:09+00:00\",\"mainEntityOfPage\":{\"@id\":\"https:\\\/\\\/www.24gliwice.pl\\\/wiadomosci\\\/wosp-gliwice-2021-29-final-wielkiej-orkiestry-swiatecznej-pomocy\\\/\"},\"wordCount\":456,\"commentCount\":0,\"publisher\":{\"@id\":\"https:\\\/\\\/www.24gliwice.pl\\\/wiadomosci\\\/#organization\"},\"image\":{\"@id\":\"https:\\\/\\\/www.24gliwice.pl\\\/wiadomosci\\\/wosp-gliwice-2021-29-final-wielkiej-orkiestry-swiatecznej-pomocy\\\/#primaryimage\"},\"thumbnailUrl\":\"https:\\\/\\\/www.24gliwice.pl\\\/wiadomosci\\\/wp-content\\\/uploads\\\/2018\\\/11\\\/1-ratusz-rynek-3-001.jpg\",\"keywords\":[\"wielka orkiestra \u015bwiatecznej pomocy\",\"WO\u015aP\"],\"articleSection\":[\"Gliwice\",\"Kultura, wydarzenia, imprezy\",\"Najnowsze wiadomo\u015bci\",\"Portal Gliwice - Wiadomo\u015bci lokalne\"],\"inLanguage\":\"pl-PL\",\"potentialAction\":[{\"@type\":\"CommentAction\",\"name\":\"Comment\",\"target\":[\"https:\\\/\\\/www.24gliwice.pl\\\/wiadomosci\\\/wosp-gliwice-2021-29-final-wielkiej-orkiestry-swiatecznej-pomocy\\\/#respond\"]}]},{\"@type\":\"WebPage\",\"@id\":\"https:\\\/\\\/www.24gliwice.pl\\\/wiadomosci\\\/wosp-gliwice-2021-29-final-wielkiej-orkiestry-swiatecznej-pomocy\\\/\",\"url\":\"https:\\\/\\\/www.24gliwice.pl\\\/wiadomosci\\\/wosp-gliwice-2021-29-final-wielkiej-orkiestry-swiatecznej-pomocy\\\/\",\"name\":\"Rodzinny spacer po Rynku i \u015bwiate\u0142ko do nieba. 29. fina\u0142 Wielkiej Orkiestry \u015awi\u0105tecznej Pomocy - 24GLIWICE - Portal Gliwice | codziennie nowe informacje\",\"isPartOf\":{\"@id\":\"https:\\\/\\\/www.24gliwice.pl\\\/wiadomosci\\\/#website\"},\"primaryImageOfPage\":{\"@id\":\"https:\\\/\\\/www.24gliwice.pl\\\/wiadomosci\\\/wosp-gliwice-2021-29-final-wielkiej-orkiestry-swiatecznej-pomocy\\\/#primaryimage\"},\"image\":{\"@id\":\"https:\\\/\\\/www.24gliwice.pl\\\/wiadomosci\\\/wosp-gliwice-2021-29-final-wielkiej-orkiestry-swiatecznej-pomocy\\\/#primaryimage\"},\"thumbnailUrl\":\"https:\\\/\\\/www.24gliwice.pl\\\/wiadomosci\\\/wp-content\\\/uploads\\\/2018\\\/11\\\/1-ratusz-rynek-3-001.jpg\",\"datePublished\":\"2021-01-22T10:11:05+00:00\",\"dateModified\":\"2021-01-22T11:48:09+00:00\",\"breadcrumb\":{\"@id\":\"https:\\\/\\\/www.24gliwice.pl\\\/wiadomosci\\\/wosp-gliwice-2021-29-final-wielkiej-orkiestry-swiatecznej-pomocy\\\/#breadcrumb\"},\"inLanguage\":\"pl-PL\",\"potentialAction\":[{\"@type\":\"ReadAction\",\"target\":[\"https:\\\/\\\/www.24gliwice.pl\\\/wiadomosci\\\/wosp-gliwice-2021-29-final-wielkiej-orkiestry-swiatecznej-pomocy\\\/\"]}]},{\"@type\":\"ImageObject\",\"inLanguage\":\"pl-PL\",\"@id\":\"https:\\\/\\\/www.24gliwice.pl\\\/wiadomosci\\\/wosp-gliwice-2021-29-final-wielkiej-orkiestry-swiatecznej-pomocy\\\/#primaryimage\",\"url\":\"https:\\\/\\\/www.24gliwice.pl\\\/wiadomosci\\\/wp-content\\\/uploads\\\/2018\\\/11\\\/1-ratusz-rynek-3-001.jpg\",\"contentUrl\":\"https:\\\/\\\/www.24gliwice.pl\\\/wiadomosci\\\/wp-content\\\/uploads\\\/2018\\\/11\\\/1-ratusz-rynek-3-001.jpg\",\"width\":810,\"height\":456},{\"@type\":\"BreadcrumbList\",\"@id\":\"https:\\\/\\\/www.24gliwice.pl\\\/wiadomosci\\\/wosp-gliwice-2021-29-final-wielkiej-orkiestry-swiatecznej-pomocy\\\/#breadcrumb\",\"itemListElement\":[{\"@type\":\"ListItem\",\"position\":1,\"name\":\"Strona g\u0142\u00f3wna\",\"item\":\"https:\\\/\\\/www.24gliwice.pl\\\/wiadomosci\\\/\"},{\"@type\":\"ListItem\",\"position\":2,\"name\":\"Rodzinny spacer po Rynku i \u015bwiate\u0142ko do nieba. 29. fina\u0142 Wielkiej Orkiestry \u015awi\u0105tecznej Pomocy\"}]},{\"@type\":\"WebSite\",\"@id\":\"https:\\\/\\\/www.24gliwice.pl\\\/wiadomosci\\\/#website\",\"url\":\"https:\\\/\\\/www.24gliwice.pl\\\/wiadomosci\\\/\",\"name\":\"24GLIWICE - Portal Gliwice | codziennie nowe wiadomo\u015bci\",\"description\":\"Portal Miejski Gliwice\",\"publisher\":{\"@id\":\"https:\\\/\\\/www.24gliwice.pl\\\/wiadomosci\\\/#organization\"},\"potentialAction\":[{\"@type\":\"SearchAction\",\"target\":{\"@type\":\"EntryPoint\",\"urlTemplate\":\"https:\\\/\\\/www.24gliwice.pl\\\/wiadomosci\\\/?s={search_term_string}\"},\"query-input\":{\"@type\":\"PropertyValueSpecification\",\"valueRequired\":true,\"valueName\":\"search_term_string\"}}],\"inLanguage\":\"pl-PL\"},{\"@type\":\"Organization\",\"@id\":\"https:\\\/\\\/www.24gliwice.pl\\\/wiadomosci\\\/#organization\",\"name\":\"24gliwice\",\"url\":\"https:\\\/\\\/www.24gliwice.pl\\\/wiadomosci\\\/\",\"logo\":{\"@type\":\"ImageObject\",\"inLanguage\":\"pl-PL\",\"@id\":\"https:\\\/\\\/www.24gliwice.pl\\\/wiadomosci\\\/#\\\/schema\\\/logo\\\/image\\\/\",\"url\":\"https:\\\/\\\/www.24gliwice.pl\\\/wiadomosci\\\/wp-content\\\/uploads\\\/2024\\\/10\\\/24gliwice-logo-696.jpg\",\"contentUrl\":\"https:\\\/\\\/www.24gliwice.pl\\\/wiadomosci\\\/wp-content\\\/uploads\\\/2024\\\/10\\\/24gliwice-logo-696.jpg\",\"width\":696,\"height\":696,\"caption\":\"24gliwice\"},\"image\":{\"@id\":\"https:\\\/\\\/www.24gliwice.pl\\\/wiadomosci\\\/#\\\/schema\\\/logo\\\/image\\\/\"},\"sameAs\":[\"https:\\\/\\\/www.facebook.com\\\/24gliwice\",\"https:\\\/\\\/x.com\\\/24gliwice\",\"https:\\\/\\\/www.youtube.com\\\/@24gliwice\"]},{\"@type\":\"Person\",\"@id\":\"https:\\\/\\\/www.24gliwice.pl\\\/wiadomosci\\\/#\\\/schema\\\/person\\\/e42c650edd7f2fa332be3811fb166b6e\",\"name\":\"\u017baneta Mrozek-Siewierska\",\"image\":{\"@type\":\"ImageObject\",\"inLanguage\":\"pl-PL\",\"@id\":\"https:\\\/\\\/secure.gravatar.com\\\/avatar\\\/1881429e9c64597c77ad7aef2d0a19be69a3253e57534d16aa15bf3a4d34a0a3?s=96&d=mm&r=g\",\"url\":\"https:\\\/\\\/secure.gravatar.com\\\/avatar\\\/1881429e9c64597c77ad7aef2d0a19be69a3253e57534d16aa15bf3a4d34a0a3?s=96&d=mm&r=g\",\"contentUrl\":\"https:\\\/\\\/secure.gravatar.com\\\/avatar\\\/1881429e9c64597c77ad7aef2d0a19be69a3253e57534d16aa15bf3a4d34a0a3?s=96&d=mm&r=g\",\"caption\":\"\u017baneta Mrozek-Siewierska\"},\"url\":\"https:\\\/\\\/www.24gliwice.pl\\\/wiadomosci\\\/author\\\/zms\\\/\"}]}<\/script>\n<!-- \/ Yoast SEO plugin. -->","yoast_head_json":{"title":"Rodzinny spacer po Rynku i \u015bwiate\u0142ko do nieba. 29. fina\u0142 Wielkiej Orkiestry \u015awi\u0105tecznej Pomocy - 24GLIWICE - Portal Gliwice | codziennie nowe informacje","robots":{"index":"index","follow":"follow","max-snippet":"max-snippet:-1","max-image-preview":"max-image-preview:large","max-video-preview":"max-video-preview:-1"},"canonical":"https:\/\/www.24gliwice.pl\/wiadomosci\/wosp-gliwice-2021-29-final-wielkiej-orkiestry-swiatecznej-pomocy\/","og_locale":"pl_PL","og_type":"article","og_title":"Rodzinny spacer po Rynku i \u015bwiate\u0142ko do nieba. 29. fina\u0142 Wielkiej Orkiestry \u015awi\u0105tecznej Pomocy - 24GLIWICE - Portal Gliwice | codziennie nowe informacje","og_description":"29. fina\u0142 Wielkiej Orkiestry \u015awi\u0105tecznej Pomocy odb\u0119dzie si\u0119 31 stycznia pod has\u0142em: \u201eFina\u0142 z g\u0142ow\u0105\u201d. Tym razem Fundacja b\u0119dzie si\u0119 skupia\u0107 na zakupie sprz\u0119tu dla laryngologii, otolaryngologii i diagnostyki g\u0142owy. Jest to ju\u017c drugi Fina\u0142 WO\u015aP dedykowany tej dziedzinie medycyny. \u2013 W czasach, gdy koronawirus zdezorganizowa\u0142 nasze codzienne \u017cycie i cz\u0119sto wystawi\u0142 nas na najwy\u017csz\u0105 [&hellip;]","og_url":"https:\/\/www.24gliwice.pl\/wiadomosci\/wosp-gliwice-2021-29-final-wielkiej-orkiestry-swiatecznej-pomocy\/","og_site_name":"24GLIWICE - Portal Gliwice | codziennie nowe informacje","article_publisher":"https:\/\/www.facebook.com\/24gliwice","article_published_time":"2021-01-22T10:11:05+00:00","article_modified_time":"2021-01-22T11:48:09+00:00","og_image":[{"width":810,"height":456,"url":"https:\/\/www.24gliwice.pl\/wiadomosci\/wp-content\/uploads\/2018\/11\/1-ratusz-rynek-3-001.jpg","type":"image\/jpeg"}],"author":"\u017baneta Mrozek-Siewierska","twitter_card":"summary_large_image","twitter_creator":"@24gliwice","twitter_site":"@24gliwice","twitter_misc":{"Napisane przez":"\u017baneta Mrozek-Siewierska","Szacowany czas czytania":"2 minuty"},"schema":{"@context":"https:\/\/schema.org","@graph":[{"@type":"Article","@id":"https:\/\/www.24gliwice.pl\/wiadomosci\/wosp-gliwice-2021-29-final-wielkiej-orkiestry-swiatecznej-pomocy\/#article","isPartOf":{"@id":"https:\/\/www.24gliwice.pl\/wiadomosci\/wosp-gliwice-2021-29-final-wielkiej-orkiestry-swiatecznej-pomocy\/"},"author":{"name":"\u017baneta Mrozek-Siewierska","@id":"https:\/\/www.24gliwice.pl\/wiadomosci\/#\/schema\/person\/e42c650edd7f2fa332be3811fb166b6e"},"headline":"Rodzinny spacer po Rynku i \u015bwiate\u0142ko do nieba. 29. fina\u0142 Wielkiej Orkiestry \u015awi\u0105tecznej Pomocy","datePublished":"2021-01-22T10:11:05+00:00","dateModified":"2021-01-22T11:48:09+00:00","mainEntityOfPage":{"@id":"https:\/\/www.24gliwice.pl\/wiadomosci\/wosp-gliwice-2021-29-final-wielkiej-orkiestry-swiatecznej-pomocy\/"},"wordCount":456,"commentCount":0,"publisher":{"@id":"https:\/\/www.24gliwice.pl\/wiadomosci\/#organization"},"image":{"@id":"https:\/\/www.24gliwice.pl\/wiadomosci\/wosp-gliwice-2021-29-final-wielkiej-orkiestry-swiatecznej-pomocy\/#primaryimage"},"thumbnailUrl":"https:\/\/www.24gliwice.pl\/wiadomosci\/wp-content\/uploads\/2018\/11\/1-ratusz-rynek-3-001.jpg","keywords":["wielka orkiestra \u015bwiatecznej pomocy","WO\u015aP"],"articleSection":["Gliwice","Kultura, wydarzenia, imprezy","Najnowsze wiadomo\u015bci","Portal Gliwice - Wiadomo\u015bci lokalne"],"inLanguage":"pl-PL","potentialAction":[{"@type":"CommentAction","name":"Comment","target":["https:\/\/www.24gliwice.pl\/wiadomosci\/wosp-gliwice-2021-29-final-wielkiej-orkiestry-swiatecznej-pomocy\/#respond"]}]},{"@type":"WebPage","@id":"https:\/\/www.24gliwice.pl\/wiadomosci\/wosp-gliwice-2021-29-final-wielkiej-orkiestry-swiatecznej-pomocy\/","url":"https:\/\/www.24gliwice.pl\/wiadomosci\/wosp-gliwice-2021-29-final-wielkiej-orkiestry-swiatecznej-pomocy\/","name":"Rodzinny spacer po Rynku i \u015bwiate\u0142ko do nieba. 29. fina\u0142 Wielkiej Orkiestry \u015awi\u0105tecznej Pomocy - 24GLIWICE - Portal Gliwice | codziennie nowe informacje","isPartOf":{"@id":"https:\/\/www.24gliwice.pl\/wiadomosci\/#website"},"primaryImageOfPage":{"@id":"https:\/\/www.24gliwice.pl\/wiadomosci\/wosp-gliwice-2021-29-final-wielkiej-orkiestry-swiatecznej-pomocy\/#primaryimage"},"image":{"@id":"https:\/\/www.24gliwice.pl\/wiadomosci\/wosp-gliwice-2021-29-final-wielkiej-orkiestry-swiatecznej-pomocy\/#primaryimage"},"thumbnailUrl":"https:\/\/www.24gliwice.pl\/wiadomosci\/wp-content\/uploads\/2018\/11\/1-ratusz-rynek-3-001.jpg","datePublished":"2021-01-22T10:11:05+00:00","dateModified":"2021-01-22T11:48:09+00:00","breadcrumb":{"@id":"https:\/\/www.24gliwice.pl\/wiadomosci\/wosp-gliwice-2021-29-final-wielkiej-orkiestry-swiatecznej-pomocy\/#breadcrumb"},"inLanguage":"pl-PL","potentialAction":[{"@type":"ReadAction","target":["https:\/\/www.24gliwice.pl\/wiadomosci\/wosp-gliwice-2021-29-final-wielkiej-orkiestry-swiatecznej-pomocy\/"]}]},{"@type":"ImageObject","inLanguage":"pl-PL","@id":"https:\/\/www.24gliwice.pl\/wiadomosci\/wosp-gliwice-2021-29-final-wielkiej-orkiestry-swiatecznej-pomocy\/#primaryimage","url":"https:\/\/www.24gliwice.pl\/wiadomosci\/wp-content\/uploads\/2018\/11\/1-ratusz-rynek-3-001.jpg","contentUrl":"https:\/\/www.24gliwice.pl\/wiadomosci\/wp-content\/uploads\/2018\/11\/1-ratusz-rynek-3-001.jpg","width":810,"height":456},{"@type":"BreadcrumbList","@id":"https:\/\/www.24gliwice.pl\/wiadomosci\/wosp-gliwice-2021-29-final-wielkiej-orkiestry-swiatecznej-pomocy\/#breadcrumb","itemListElement":[{"@type":"ListItem","position":1,"name":"Strona g\u0142\u00f3wna","item":"https:\/\/www.24gliwice.pl\/wiadomosci\/"},{"@type":"ListItem","position":2,"name":"Rodzinny spacer po Rynku i \u015bwiate\u0142ko do nieba. 29. fina\u0142 Wielkiej Orkiestry \u015awi\u0105tecznej Pomocy"}]},{"@type":"WebSite","@id":"https:\/\/www.24gliwice.pl\/wiadomosci\/#website","url":"https:\/\/www.24gliwice.pl\/wiadomosci\/","name":"24GLIWICE - Portal Gliwice | codziennie nowe wiadomo\u015bci","description":"Portal Miejski Gliwice","publisher":{"@id":"https:\/\/www.24gliwice.pl\/wiadomosci\/#organization"},"potentialAction":[{"@type":"SearchAction","target":{"@type":"EntryPoint","urlTemplate":"https:\/\/www.24gliwice.pl\/wiadomosci\/?s={search_term_string}"},"query-input":{"@type":"PropertyValueSpecification","valueRequired":true,"valueName":"search_term_string"}}],"inLanguage":"pl-PL"},{"@type":"Organization","@id":"https:\/\/www.24gliwice.pl\/wiadomosci\/#organization","name":"24gliwice","url":"https:\/\/www.24gliwice.pl\/wiadomosci\/","logo":{"@type":"ImageObject","inLanguage":"pl-PL","@id":"https:\/\/www.24gliwice.pl\/wiadomosci\/#\/schema\/logo\/image\/","url":"https:\/\/www.24gliwice.pl\/wiadomosci\/wp-content\/uploads\/2024\/10\/24gliwice-logo-696.jpg","contentUrl":"https:\/\/www.24gliwice.pl\/wiadomosci\/wp-content\/uploads\/2024\/10\/24gliwice-logo-696.jpg","width":696,"height":696,"caption":"24gliwice"},"image":{"@id":"https:\/\/www.24gliwice.pl\/wiadomosci\/#\/schema\/logo\/image\/"},"sameAs":["https:\/\/www.facebook.com\/24gliwice","https:\/\/x.com\/24gliwice","https:\/\/www.youtube.com\/@24gliwice"]},{"@type":"Person","@id":"https:\/\/www.24gliwice.pl\/wiadomosci\/#\/schema\/person\/e42c650edd7f2fa332be3811fb166b6e","name":"\u017baneta Mrozek-Siewierska","image":{"@type":"ImageObject","inLanguage":"pl-PL","@id":"https:\/\/secure.gravatar.com\/avatar\/1881429e9c64597c77ad7aef2d0a19be69a3253e57534d16aa15bf3a4d34a0a3?s=96&d=mm&r=g","url":"https:\/\/secure.gravatar.com\/avatar\/1881429e9c64597c77ad7aef2d0a19be69a3253e57534d16aa15bf3a4d34a0a3?s=96&d=mm&r=g","contentUrl":"https:\/\/secure.gravatar.com\/avatar\/1881429e9c64597c77ad7aef2d0a19be69a3253e57534d16aa15bf3a4d34a0a3?s=96&d=mm&r=g","caption":"\u017baneta Mrozek-Siewierska"},"url":"https:\/\/www.24gliwice.pl\/wiadomosci\/author\/zms\/"}]}},"_links":{"self":[{"href":"https:\/\/www.24gliwice.pl\/wiadomosci\/wp-json\/wp\/v2\/posts\/163920","targetHints":{"allow":["GET"]}}],"collection":[{"href":"https:\/\/www.24gliwice.pl\/wiadomosci\/wp-json\/wp\/v2\/posts"}],"about":[{"href":"https:\/\/www.24gliwice.pl\/wiadomosci\/wp-json\/wp\/v2\/types\/post"}],"author":[{"embeddable":true,"href":"https:\/\/www.24gliwice.pl\/wiadomosci\/wp-json\/wp\/v2\/users\/15"}],"replies":[{"embeddable":true,"href":"https:\/\/www.24gliwice.pl\/wiadomosci\/wp-json\/wp\/v2\/comments?post=163920"}],"version-history":[{"count":0,"href":"https:\/\/www.24gliwice.pl\/wiadomosci\/wp-json\/wp\/v2\/posts\/163920\/revisions"}],"wp:featuredmedia":[{"embeddable":true,"href":"https:\/\/www.24gliwice.pl\/wiadomosci\/wp-json\/wp\/v2\/media\/126537"}],"wp:attachment":[{"href":"https:\/\/www.24gliwice.pl\/wiadomosci\/wp-json\/wp\/v2\/media?parent=163920"}],"wp:term":[{"taxonomy":"category","embeddable":true,"href":"https:\/\/www.24gliwice.pl\/wiadomosci\/wp-json\/wp\/v2\/categories?post=163920"},{"taxonomy":"post_tag","embeddable":true,"href":"https:\/\/www.24gliwice.pl\/wiadomosci\/wp-json\/wp\/v2\/tags?post=163920"}],"curies":[{"name":"wp","href":"https:\/\/api.w.org\/{rel}","templated":true}]}}