{"id":164352,"date":"2021-02-01T17:00:57","date_gmt":"2021-02-01T16:00:57","guid":{"rendered":"https:\/\/www.24gliwice.pl\/wiadomosci\/?p=164352"},"modified":"2021-02-01T17:00:57","modified_gmt":"2021-02-01T16:00:57","slug":"teatr-miejski-szykuje-dwie-premiery-sceniczne-czy-w-marcu-mozliwy-bedzie-powrot-widowni","status":"publish","type":"post","link":"https:\/\/www.24gliwice.pl\/wiadomosci\/teatr-miejski-szykuje-dwie-premiery-sceniczne-czy-w-marcu-mozliwy-bedzie-powrot-widowni\/","title":{"rendered":"Teatr Miejski szykuje dwie premiery sceniczne. Czy w marcu mo\u017cliwy b\u0119dzie powr\u00f3t widowni?"},"content":{"rendered":"<div class=\"gliwi-a6-nad-leadem-artykulow gliwi-entity-placement\" id=\"gliwi-3133967291\"><div class=\"gliwi-adlabel\"><span style=\"font-size: 9px\">REKLAMA<\/span><\/div><div id=\"gliwi-1910925629\" style=\"margin-bottom: 30px;margin-left: auto;margin-right: auto;text-align: center;\"><a data-no-instant=\"1\" href=\"https:\/\/przedszkole.halogen.org.pl\/\" rel=\"noopener\" class=\"a2t-link\" target=\"_blank\" aria-label=\"20260402-ANIMATOR-przedszkole_grafika_750x200\"><img loading=\"lazy\" decoding=\"async\" src=\"https:\/\/www.24gliwice.pl\/wiadomosci\/wp-content\/uploads\/2026\/04\/20260402-ANIMATOR-przedszkole_grafika_750x200.webp\" alt=\"\"  srcset=\"https:\/\/www.24gliwice.pl\/wiadomosci\/wp-content\/uploads\/2026\/04\/20260402-ANIMATOR-przedszkole_grafika_750x200.webp 750w, https:\/\/www.24gliwice.pl\/wiadomosci\/wp-content\/uploads\/2026\/04\/20260402-ANIMATOR-przedszkole_grafika_750x200-410x109.webp 410w\" sizes=\"(max-width: 750px) 100vw, 750px\" class=\"no-lazyload\" width=\"750\" height=\"200\"  style=\"display: inline-block; max-width: 100%; height: auto;\" \/><\/a><\/div><\/div><h2>Chocia\u017c pandemiczne obostrzenia nie zosta\u0142y jeszcze zniesione, za zamkni\u0119tymi dla widowni drzwiami Teatru Miejskiego w Gliwicach ju\u017c tocz\u0105 si\u0119 intensywne przygotowania do dw\u00f3ch marcowych premier. <\/h2>\n<p>&nbsp;<br \/>\nNa Ma\u0142ej Scenie powstaje kameralny spektakl \u201ePowr\u00f3t\u201d na podstawie dramatu dw\u00f3ch autor\u00f3w, <strong>Beniamina Bukowskiego i Micha\u0142a Zdunika<\/strong>. Dla tr\u00f3jki doros\u0142ego ju\u017c rodze\u0144stwa, Magdy, Izy, Mariusza, \u015bmier\u0107 matki to ma\u0142y koniec \u015bwiata, ich intymna apokalipsa. Wraz z jej \u015bmierci\u0105 odchodz\u0105 tak\u017ce z\u0142udzenia o przesz\u0142o\u015bci. Przerwane zostaj\u0105 ostatnie nici \u0142\u0105cz\u0105ce ich z Domem. Jednak to nie b\u0119dzie tylko zamkni\u0119cie rozdzia\u0142u, ale i otwarcie nowego porz\u0105dku. <\/p>\n<h4>Wsp\u00f3lnie b\u0119d\u0105 musieli skonfrontowa\u0107 si\u0119 z pragnieniami i traumami, kt\u00f3re bali si\u0119 do tej pory werbalizowa\u0107. Tak, jak nowotestamentowa apokalipsa \u2013 ich spotkanie tak\u017ce przyniesie oczyszczenie. Pytanie jednak, czy po nim jakiekolwiek dalsze \u017cycie jest jeszcze mo\u017cliwe? <\/h4>\n<p>Spektakl \u201cPowr\u00f3t\u201d powstaje we wsp\u00f3\u0142pracy Teatru Miejskiego w Gliwicach z Festiwalem Nowe Epifanie jako efekt Laboratorium Nowych Epifanii. Organizatorem Festiwalu Nowe Epifanie jest Centrum My\u015bli Jana Paw\u0142a II w Warszawie. Internetowa premiera spektaklu w re\u017cyserii Micha\u0142a Zdunika planowana jest na 11 marca 2021 r.<\/p><div class=\"gliwi-a3-w-tresci-artykulow gliwi-entity-placement\" id=\"gliwi-3293439564\"><div class=\"gliwi-adlabel\"><span style=\"font-size: 9px\">REKLAMA<\/span><\/div><div id=\"gliwi-371778428\" style=\"margin-bottom: 30px;margin-left: auto;margin-right: auto;text-align: center;\"><a data-no-instant=\"1\" href=\"https:\/\/zlobek.halogen.org.pl\/\" rel=\"noopener\" class=\"a2t-link\" target=\"_blank\" aria-label=\"animator-zlobek_750x200\"><img loading=\"lazy\" decoding=\"async\" src=\"https:\/\/www.24gliwice.pl\/wiadomosci\/wp-content\/uploads\/2026\/02\/animator-zlobek_750x200.webp\" alt=\"\"  srcset=\"https:\/\/www.24gliwice.pl\/wiadomosci\/wp-content\/uploads\/2026\/02\/animator-zlobek_750x200.webp 750w, https:\/\/www.24gliwice.pl\/wiadomosci\/wp-content\/uploads\/2026\/02\/animator-zlobek_750x200-410x109.webp 410w\" sizes=\"(max-width: 750px) 100vw, 750px\" class=\"no-lazyload\" width=\"750\" height=\"200\"  style=\"display: inline-block; max-width: 100%; height: auto;\" \/><\/a><\/div><\/div>\n<div id=\"attachment_164365\" style=\"width: 810px\" class=\"wp-caption alignnone\"><a href=\"https:\/\/www.24gliwice.pl\/wiadomosci\/wp-content\/uploads\/2021\/02\/ozenek_zdjecia_z_proby_fot_materiay_teatru-1.jpg\"><img loading=\"lazy\" decoding=\"async\" aria-describedby=\"caption-attachment-164365\" src=\"https:\/\/www.24gliwice.pl\/wiadomosci\/wp-content\/uploads\/2021\/02\/ozenek_zdjecia_z_proby_fot_materiay_teatru-1.jpg\" alt=\"\" width=\"800\" height=\"533\" class=\"size-full wp-image-164365\" srcset=\"https:\/\/www.24gliwice.pl\/wiadomosci\/wp-content\/uploads\/2021\/02\/ozenek_zdjecia_z_proby_fot_materiay_teatru-1.jpg 800w, https:\/\/www.24gliwice.pl\/wiadomosci\/wp-content\/uploads\/2021\/02\/ozenek_zdjecia_z_proby_fot_materiay_teatru-1-348x232.jpg 348w, https:\/\/www.24gliwice.pl\/wiadomosci\/wp-content\/uploads\/2021\/02\/ozenek_zdjecia_z_proby_fot_materiay_teatru-1-683x455.jpg 683w, https:\/\/www.24gliwice.pl\/wiadomosci\/wp-content\/uploads\/2021\/02\/ozenek_zdjecia_z_proby_fot_materiay_teatru-1-768x512.jpg 768w\" sizes=\"auto, (max-width: 800px) 100vw, 800px\" \/><\/a><p id=\"caption-attachment-164365\" class=\"wp-caption-text\">Zdj\u0119cie z pr\u00f3by spektaklu \u201eO\u017cenek\u201d, na zdj\u0119ciu re\u017cyser, Pawe\u0142 Aigner, fot. materia\u0142y teatru<\/p><\/div>\n<p>\u201eO\u017cenek\u201d <strong>Miko\u0142aja Gogola<\/strong> to sztuka, kt\u00f3ra od blisko dwustu lat przyci\u0105ga tw\u00f3rc\u00f3w i widz\u00f3w swoim dowcipem. Satyra na obyczajowo\u015b\u0107 XIX-wiecznej Rosji to wci\u0105\u017c, pomimo zmiany kostium\u00f3w i konwenans\u00f3w spo\u0142ecznych, dziwnie znajoma opowie\u015b\u0107 o tym, kto, z kim i za ile? <\/p>\n<h4>W tej przezabawnej m\u0119sko \u2013 damskiej grze pozor\u00f3w przygl\u0105damy si\u0119 marzeniom o partnerze idealnym oraz mieszcza\u0144skiej pogoni za blichtrem, pieni\u0105dzem, uznaniem. <\/h4>\n<p>C\u00f3\u017c znaczy idealny? Czy g\u0142\u00f3d partnerki idealnej zaspokoi kandydatka nie za gruba, nie za chuda, lecz obrotna? Czy b\u0119dzie dobry m\u0105\u017c z tego, co to nie \u0142ysy i pij\u0105cy z umiarem? Bo taki, co nie pije i za pannami si\u0119 nie ogl\u0105da, to te\u017c nieco podejrzany typ? Strach my\u015ble\u0107, co ludzie powiedz\u0105?! Premier\u0119 spektaklu w re\u017cyserii <strong>Paw\u0142a Aignera<\/strong> zaplanowano na 20 marca 2021 r.<\/p>\n<p>(\u017cms)\/mat. TMG<br \/>\nfot. mat. Teatru Miejskiego<\/p>\n<div class=\"gliwi-a5-na-koncu-artykulow gliwi-entity-placement\" id=\"gliwi-1394127145\"><div class=\"gliwi-adlabel\"><span style=\"font-size: 9px\">REKLAMA<\/span><\/div><div id=\"gliwi-2554938187\" style=\"margin-left: auto;margin-right: auto;text-align: center;\"><a data-no-instant=\"1\" href=\"https:\/\/prezeroarenagliwice.pl\/\" rel=\"noopener\" class=\"a2t-link\" target=\"_blank\" aria-label=\"20260309-PREZERO-WIOSNA-D\"><img loading=\"lazy\" decoding=\"async\" src=\"https:\/\/www.24gliwice.pl\/wiadomosci\/wp-content\/uploads\/2026\/03\/20260309-PREZERO-WIOSNA-D.webp\" alt=\"\"  srcset=\"https:\/\/www.24gliwice.pl\/wiadomosci\/wp-content\/uploads\/2026\/03\/20260309-PREZERO-WIOSNA-D.webp 750w, https:\/\/www.24gliwice.pl\/wiadomosci\/wp-content\/uploads\/2026\/03\/20260309-PREZERO-WIOSNA-D-410x109.webp 410w\" sizes=\"(max-width: 750px) 100vw, 750px\" class=\"no-lazyload\" width=\"750\" height=\"200\"  style=\"display: inline-block; max-width: 100%; height: auto;\" \/><\/a><\/div><\/div>","protected":false},"excerpt":{"rendered":"<p>Chocia\u017c pandemiczne obostrzenia nie zosta\u0142y jeszcze zniesione, za zamkni\u0119tymi dla widowni drzwiami Teatru Miejskiego w Gliwicach ju\u017c tocz\u0105 si\u0119 intensywne przygotowania do dw\u00f3ch marcowych premier. &nbsp; Na Ma\u0142ej Scenie powstaje kameralny spektakl \u201ePowr\u00f3t\u201d na podstawie dramatu dw\u00f3ch autor\u00f3w, Beniamina Bukowskiego i Micha\u0142a Zdunika. Dla tr\u00f3jki doros\u0142ego ju\u017c rodze\u0144stwa, Magdy, Izy, Mariusza, \u015bmier\u0107 matki to ma\u0142y [&hellip;]<\/p>\n","protected":false},"author":15,"featured_media":164366,"comment_status":"open","ping_status":"closed","sticky":false,"template":"","format":"standard","meta":{"_monsterinsights_skip_tracking":false,"_monsterinsights_sitenote_active":false,"_monsterinsights_sitenote_note":"","_monsterinsights_sitenote_category":0,"footnotes":"","_links_to":"","_links_to_target":""},"categories":[3,6,1],"tags":[19196],"class_list":["post-164352","post","type-post","status-publish","format-standard","has-post-thumbnail","hentry","category-gliwice","category-kultura","category-wszystko","tag-ozenek"],"yoast_head":"<!-- This site is optimized with the Yoast SEO plugin v27.5 - https:\/\/yoast.com\/product\/yoast-seo-wordpress\/ -->\n<title>Teatr Miejski szykuje dwie premiery sceniczne. Czy w marcu mo\u017cliwy b\u0119dzie powr\u00f3t widowni? - 24GLIWICE - Portal Gliwice | codziennie nowe informacje<\/title>\n<meta name=\"robots\" content=\"index, follow, max-snippet:-1, max-image-preview:large, max-video-preview:-1\" \/>\n<link rel=\"canonical\" href=\"https:\/\/www.24gliwice.pl\/wiadomosci\/teatr-miejski-szykuje-dwie-premiery-sceniczne-czy-w-marcu-mozliwy-bedzie-powrot-widowni\/\" \/>\n<meta property=\"og:locale\" content=\"pl_PL\" \/>\n<meta property=\"og:type\" content=\"article\" \/>\n<meta property=\"og:title\" content=\"Teatr Miejski szykuje dwie premiery sceniczne. Czy w marcu mo\u017cliwy b\u0119dzie powr\u00f3t widowni? - 24GLIWICE - Portal Gliwice | codziennie nowe informacje\" \/>\n<meta property=\"og:description\" content=\"Chocia\u017c pandemiczne obostrzenia nie zosta\u0142y jeszcze zniesione, za zamkni\u0119tymi dla widowni drzwiami Teatru Miejskiego w Gliwicach ju\u017c tocz\u0105 si\u0119 intensywne przygotowania do dw\u00f3ch marcowych premier. &nbsp; Na Ma\u0142ej Scenie powstaje kameralny spektakl \u201ePowr\u00f3t\u201d na podstawie dramatu dw\u00f3ch autor\u00f3w, Beniamina Bukowskiego i Micha\u0142a Zdunika. Dla tr\u00f3jki doros\u0142ego ju\u017c rodze\u0144stwa, Magdy, Izy, Mariusza, \u015bmier\u0107 matki to ma\u0142y [&hellip;]\" \/>\n<meta property=\"og:url\" content=\"https:\/\/www.24gliwice.pl\/wiadomosci\/teatr-miejski-szykuje-dwie-premiery-sceniczne-czy-w-marcu-mozliwy-bedzie-powrot-widowni\/\" \/>\n<meta property=\"og:site_name\" content=\"24GLIWICE - Portal Gliwice | codziennie nowe informacje\" \/>\n<meta property=\"article:publisher\" content=\"https:\/\/www.facebook.com\/24gliwice\" \/>\n<meta property=\"article:published_time\" content=\"2021-02-01T16:00:57+00:00\" \/>\n<meta property=\"og:image\" content=\"https:\/\/www.24gliwice.pl\/wiadomosci\/wp-content\/uploads\/2021\/02\/ozenek_zdjecia_z_proby_fot_materiay_teatru-2.jpg\" \/>\n\t<meta property=\"og:image:width\" content=\"810\" \/>\n\t<meta property=\"og:image:height\" content=\"455\" \/>\n\t<meta property=\"og:image:type\" content=\"image\/jpeg\" \/>\n<meta name=\"author\" content=\"\u017baneta Mrozek-Siewierska\" \/>\n<meta name=\"twitter:card\" content=\"summary_large_image\" \/>\n<meta name=\"twitter:creator\" content=\"@24gliwice\" \/>\n<meta name=\"twitter:site\" content=\"@24gliwice\" \/>\n<meta name=\"twitter:label1\" content=\"Napisane przez\" \/>\n\t<meta name=\"twitter:data1\" content=\"\u017baneta Mrozek-Siewierska\" \/>\n\t<meta name=\"twitter:label2\" content=\"Szacowany czas czytania\" \/>\n\t<meta name=\"twitter:data2\" content=\"2 minuty\" \/>\n<script type=\"application\/ld+json\" class=\"yoast-schema-graph\">{\"@context\":\"https:\\\/\\\/schema.org\",\"@graph\":[{\"@type\":\"Article\",\"@id\":\"https:\\\/\\\/www.24gliwice.pl\\\/wiadomosci\\\/teatr-miejski-szykuje-dwie-premiery-sceniczne-czy-w-marcu-mozliwy-bedzie-powrot-widowni\\\/#article\",\"isPartOf\":{\"@id\":\"https:\\\/\\\/www.24gliwice.pl\\\/wiadomosci\\\/teatr-miejski-szykuje-dwie-premiery-sceniczne-czy-w-marcu-mozliwy-bedzie-powrot-widowni\\\/\"},\"author\":{\"name\":\"\u017baneta Mrozek-Siewierska\",\"@id\":\"https:\\\/\\\/www.24gliwice.pl\\\/wiadomosci\\\/#\\\/schema\\\/person\\\/e42c650edd7f2fa332be3811fb166b6e\"},\"headline\":\"Teatr Miejski szykuje dwie premiery sceniczne. Czy w marcu mo\u017cliwy b\u0119dzie powr\u00f3t widowni?\",\"datePublished\":\"2021-02-01T16:00:57+00:00\",\"mainEntityOfPage\":{\"@id\":\"https:\\\/\\\/www.24gliwice.pl\\\/wiadomosci\\\/teatr-miejski-szykuje-dwie-premiery-sceniczne-czy-w-marcu-mozliwy-bedzie-powrot-widowni\\\/\"},\"wordCount\":392,\"commentCount\":0,\"publisher\":{\"@id\":\"https:\\\/\\\/www.24gliwice.pl\\\/wiadomosci\\\/#organization\"},\"image\":{\"@id\":\"https:\\\/\\\/www.24gliwice.pl\\\/wiadomosci\\\/teatr-miejski-szykuje-dwie-premiery-sceniczne-czy-w-marcu-mozliwy-bedzie-powrot-widowni\\\/#primaryimage\"},\"thumbnailUrl\":\"https:\\\/\\\/www.24gliwice.pl\\\/wiadomosci\\\/wp-content\\\/uploads\\\/2021\\\/02\\\/ozenek_zdjecia_z_proby_fot_materiay_teatru-2.jpg\",\"keywords\":[\"o\u017cenek\"],\"articleSection\":[\"Gliwice\",\"Kultura, wydarzenia, imprezy\",\"Najnowsze wiadomo\u015bci\"],\"inLanguage\":\"pl-PL\",\"potentialAction\":[{\"@type\":\"CommentAction\",\"name\":\"Comment\",\"target\":[\"https:\\\/\\\/www.24gliwice.pl\\\/wiadomosci\\\/teatr-miejski-szykuje-dwie-premiery-sceniczne-czy-w-marcu-mozliwy-bedzie-powrot-widowni\\\/#respond\"]}]},{\"@type\":\"WebPage\",\"@id\":\"https:\\\/\\\/www.24gliwice.pl\\\/wiadomosci\\\/teatr-miejski-szykuje-dwie-premiery-sceniczne-czy-w-marcu-mozliwy-bedzie-powrot-widowni\\\/\",\"url\":\"https:\\\/\\\/www.24gliwice.pl\\\/wiadomosci\\\/teatr-miejski-szykuje-dwie-premiery-sceniczne-czy-w-marcu-mozliwy-bedzie-powrot-widowni\\\/\",\"name\":\"Teatr Miejski szykuje dwie premiery sceniczne. Czy w marcu mo\u017cliwy b\u0119dzie powr\u00f3t widowni? - 24GLIWICE - Portal Gliwice | codziennie nowe informacje\",\"isPartOf\":{\"@id\":\"https:\\\/\\\/www.24gliwice.pl\\\/wiadomosci\\\/#website\"},\"primaryImageOfPage\":{\"@id\":\"https:\\\/\\\/www.24gliwice.pl\\\/wiadomosci\\\/teatr-miejski-szykuje-dwie-premiery-sceniczne-czy-w-marcu-mozliwy-bedzie-powrot-widowni\\\/#primaryimage\"},\"image\":{\"@id\":\"https:\\\/\\\/www.24gliwice.pl\\\/wiadomosci\\\/teatr-miejski-szykuje-dwie-premiery-sceniczne-czy-w-marcu-mozliwy-bedzie-powrot-widowni\\\/#primaryimage\"},\"thumbnailUrl\":\"https:\\\/\\\/www.24gliwice.pl\\\/wiadomosci\\\/wp-content\\\/uploads\\\/2021\\\/02\\\/ozenek_zdjecia_z_proby_fot_materiay_teatru-2.jpg\",\"datePublished\":\"2021-02-01T16:00:57+00:00\",\"breadcrumb\":{\"@id\":\"https:\\\/\\\/www.24gliwice.pl\\\/wiadomosci\\\/teatr-miejski-szykuje-dwie-premiery-sceniczne-czy-w-marcu-mozliwy-bedzie-powrot-widowni\\\/#breadcrumb\"},\"inLanguage\":\"pl-PL\",\"potentialAction\":[{\"@type\":\"ReadAction\",\"target\":[\"https:\\\/\\\/www.24gliwice.pl\\\/wiadomosci\\\/teatr-miejski-szykuje-dwie-premiery-sceniczne-czy-w-marcu-mozliwy-bedzie-powrot-widowni\\\/\"]}]},{\"@type\":\"ImageObject\",\"inLanguage\":\"pl-PL\",\"@id\":\"https:\\\/\\\/www.24gliwice.pl\\\/wiadomosci\\\/teatr-miejski-szykuje-dwie-premiery-sceniczne-czy-w-marcu-mozliwy-bedzie-powrot-widowni\\\/#primaryimage\",\"url\":\"https:\\\/\\\/www.24gliwice.pl\\\/wiadomosci\\\/wp-content\\\/uploads\\\/2021\\\/02\\\/ozenek_zdjecia_z_proby_fot_materiay_teatru-2.jpg\",\"contentUrl\":\"https:\\\/\\\/www.24gliwice.pl\\\/wiadomosci\\\/wp-content\\\/uploads\\\/2021\\\/02\\\/ozenek_zdjecia_z_proby_fot_materiay_teatru-2.jpg\",\"width\":810,\"height\":455,\"caption\":\"fot. mat. Teatru Miejskiego\"},{\"@type\":\"BreadcrumbList\",\"@id\":\"https:\\\/\\\/www.24gliwice.pl\\\/wiadomosci\\\/teatr-miejski-szykuje-dwie-premiery-sceniczne-czy-w-marcu-mozliwy-bedzie-powrot-widowni\\\/#breadcrumb\",\"itemListElement\":[{\"@type\":\"ListItem\",\"position\":1,\"name\":\"Strona g\u0142\u00f3wna\",\"item\":\"https:\\\/\\\/www.24gliwice.pl\\\/wiadomosci\\\/\"},{\"@type\":\"ListItem\",\"position\":2,\"name\":\"Teatr Miejski szykuje dwie premiery sceniczne. Czy w marcu mo\u017cliwy b\u0119dzie powr\u00f3t widowni?\"}]},{\"@type\":\"WebSite\",\"@id\":\"https:\\\/\\\/www.24gliwice.pl\\\/wiadomosci\\\/#website\",\"url\":\"https:\\\/\\\/www.24gliwice.pl\\\/wiadomosci\\\/\",\"name\":\"24GLIWICE - Portal Gliwice | codziennie nowe wiadomo\u015bci\",\"description\":\"Portal Miejski Gliwice\",\"publisher\":{\"@id\":\"https:\\\/\\\/www.24gliwice.pl\\\/wiadomosci\\\/#organization\"},\"potentialAction\":[{\"@type\":\"SearchAction\",\"target\":{\"@type\":\"EntryPoint\",\"urlTemplate\":\"https:\\\/\\\/www.24gliwice.pl\\\/wiadomosci\\\/?s={search_term_string}\"},\"query-input\":{\"@type\":\"PropertyValueSpecification\",\"valueRequired\":true,\"valueName\":\"search_term_string\"}}],\"inLanguage\":\"pl-PL\"},{\"@type\":\"Organization\",\"@id\":\"https:\\\/\\\/www.24gliwice.pl\\\/wiadomosci\\\/#organization\",\"name\":\"24gliwice\",\"url\":\"https:\\\/\\\/www.24gliwice.pl\\\/wiadomosci\\\/\",\"logo\":{\"@type\":\"ImageObject\",\"inLanguage\":\"pl-PL\",\"@id\":\"https:\\\/\\\/www.24gliwice.pl\\\/wiadomosci\\\/#\\\/schema\\\/logo\\\/image\\\/\",\"url\":\"https:\\\/\\\/www.24gliwice.pl\\\/wiadomosci\\\/wp-content\\\/uploads\\\/2024\\\/10\\\/24gliwice-logo-696.jpg\",\"contentUrl\":\"https:\\\/\\\/www.24gliwice.pl\\\/wiadomosci\\\/wp-content\\\/uploads\\\/2024\\\/10\\\/24gliwice-logo-696.jpg\",\"width\":696,\"height\":696,\"caption\":\"24gliwice\"},\"image\":{\"@id\":\"https:\\\/\\\/www.24gliwice.pl\\\/wiadomosci\\\/#\\\/schema\\\/logo\\\/image\\\/\"},\"sameAs\":[\"https:\\\/\\\/www.facebook.com\\\/24gliwice\",\"https:\\\/\\\/x.com\\\/24gliwice\",\"https:\\\/\\\/www.youtube.com\\\/@24gliwice\"]},{\"@type\":\"Person\",\"@id\":\"https:\\\/\\\/www.24gliwice.pl\\\/wiadomosci\\\/#\\\/schema\\\/person\\\/e42c650edd7f2fa332be3811fb166b6e\",\"name\":\"\u017baneta Mrozek-Siewierska\",\"image\":{\"@type\":\"ImageObject\",\"inLanguage\":\"pl-PL\",\"@id\":\"https:\\\/\\\/secure.gravatar.com\\\/avatar\\\/1881429e9c64597c77ad7aef2d0a19be69a3253e57534d16aa15bf3a4d34a0a3?s=96&d=mm&r=g\",\"url\":\"https:\\\/\\\/secure.gravatar.com\\\/avatar\\\/1881429e9c64597c77ad7aef2d0a19be69a3253e57534d16aa15bf3a4d34a0a3?s=96&d=mm&r=g\",\"contentUrl\":\"https:\\\/\\\/secure.gravatar.com\\\/avatar\\\/1881429e9c64597c77ad7aef2d0a19be69a3253e57534d16aa15bf3a4d34a0a3?s=96&d=mm&r=g\",\"caption\":\"\u017baneta Mrozek-Siewierska\"},\"url\":\"https:\\\/\\\/www.24gliwice.pl\\\/wiadomosci\\\/author\\\/zms\\\/\"}]}<\/script>\n<!-- \/ Yoast SEO plugin. -->","yoast_head_json":{"title":"Teatr Miejski szykuje dwie premiery sceniczne. Czy w marcu mo\u017cliwy b\u0119dzie powr\u00f3t widowni? - 24GLIWICE - Portal Gliwice | codziennie nowe informacje","robots":{"index":"index","follow":"follow","max-snippet":"max-snippet:-1","max-image-preview":"max-image-preview:large","max-video-preview":"max-video-preview:-1"},"canonical":"https:\/\/www.24gliwice.pl\/wiadomosci\/teatr-miejski-szykuje-dwie-premiery-sceniczne-czy-w-marcu-mozliwy-bedzie-powrot-widowni\/","og_locale":"pl_PL","og_type":"article","og_title":"Teatr Miejski szykuje dwie premiery sceniczne. Czy w marcu mo\u017cliwy b\u0119dzie powr\u00f3t widowni? - 24GLIWICE - Portal Gliwice | codziennie nowe informacje","og_description":"Chocia\u017c pandemiczne obostrzenia nie zosta\u0142y jeszcze zniesione, za zamkni\u0119tymi dla widowni drzwiami Teatru Miejskiego w Gliwicach ju\u017c tocz\u0105 si\u0119 intensywne przygotowania do dw\u00f3ch marcowych premier. &nbsp; Na Ma\u0142ej Scenie powstaje kameralny spektakl \u201ePowr\u00f3t\u201d na podstawie dramatu dw\u00f3ch autor\u00f3w, Beniamina Bukowskiego i Micha\u0142a Zdunika. Dla tr\u00f3jki doros\u0142ego ju\u017c rodze\u0144stwa, Magdy, Izy, Mariusza, \u015bmier\u0107 matki to ma\u0142y [&hellip;]","og_url":"https:\/\/www.24gliwice.pl\/wiadomosci\/teatr-miejski-szykuje-dwie-premiery-sceniczne-czy-w-marcu-mozliwy-bedzie-powrot-widowni\/","og_site_name":"24GLIWICE - Portal Gliwice | codziennie nowe informacje","article_publisher":"https:\/\/www.facebook.com\/24gliwice","article_published_time":"2021-02-01T16:00:57+00:00","og_image":[{"width":810,"height":455,"url":"https:\/\/www.24gliwice.pl\/wiadomosci\/wp-content\/uploads\/2021\/02\/ozenek_zdjecia_z_proby_fot_materiay_teatru-2.jpg","type":"image\/jpeg"}],"author":"\u017baneta Mrozek-Siewierska","twitter_card":"summary_large_image","twitter_creator":"@24gliwice","twitter_site":"@24gliwice","twitter_misc":{"Napisane przez":"\u017baneta Mrozek-Siewierska","Szacowany czas czytania":"2 minuty"},"schema":{"@context":"https:\/\/schema.org","@graph":[{"@type":"Article","@id":"https:\/\/www.24gliwice.pl\/wiadomosci\/teatr-miejski-szykuje-dwie-premiery-sceniczne-czy-w-marcu-mozliwy-bedzie-powrot-widowni\/#article","isPartOf":{"@id":"https:\/\/www.24gliwice.pl\/wiadomosci\/teatr-miejski-szykuje-dwie-premiery-sceniczne-czy-w-marcu-mozliwy-bedzie-powrot-widowni\/"},"author":{"name":"\u017baneta Mrozek-Siewierska","@id":"https:\/\/www.24gliwice.pl\/wiadomosci\/#\/schema\/person\/e42c650edd7f2fa332be3811fb166b6e"},"headline":"Teatr Miejski szykuje dwie premiery sceniczne. Czy w marcu mo\u017cliwy b\u0119dzie powr\u00f3t widowni?","datePublished":"2021-02-01T16:00:57+00:00","mainEntityOfPage":{"@id":"https:\/\/www.24gliwice.pl\/wiadomosci\/teatr-miejski-szykuje-dwie-premiery-sceniczne-czy-w-marcu-mozliwy-bedzie-powrot-widowni\/"},"wordCount":392,"commentCount":0,"publisher":{"@id":"https:\/\/www.24gliwice.pl\/wiadomosci\/#organization"},"image":{"@id":"https:\/\/www.24gliwice.pl\/wiadomosci\/teatr-miejski-szykuje-dwie-premiery-sceniczne-czy-w-marcu-mozliwy-bedzie-powrot-widowni\/#primaryimage"},"thumbnailUrl":"https:\/\/www.24gliwice.pl\/wiadomosci\/wp-content\/uploads\/2021\/02\/ozenek_zdjecia_z_proby_fot_materiay_teatru-2.jpg","keywords":["o\u017cenek"],"articleSection":["Gliwice","Kultura, wydarzenia, imprezy","Najnowsze wiadomo\u015bci"],"inLanguage":"pl-PL","potentialAction":[{"@type":"CommentAction","name":"Comment","target":["https:\/\/www.24gliwice.pl\/wiadomosci\/teatr-miejski-szykuje-dwie-premiery-sceniczne-czy-w-marcu-mozliwy-bedzie-powrot-widowni\/#respond"]}]},{"@type":"WebPage","@id":"https:\/\/www.24gliwice.pl\/wiadomosci\/teatr-miejski-szykuje-dwie-premiery-sceniczne-czy-w-marcu-mozliwy-bedzie-powrot-widowni\/","url":"https:\/\/www.24gliwice.pl\/wiadomosci\/teatr-miejski-szykuje-dwie-premiery-sceniczne-czy-w-marcu-mozliwy-bedzie-powrot-widowni\/","name":"Teatr Miejski szykuje dwie premiery sceniczne. Czy w marcu mo\u017cliwy b\u0119dzie powr\u00f3t widowni? - 24GLIWICE - Portal Gliwice | codziennie nowe informacje","isPartOf":{"@id":"https:\/\/www.24gliwice.pl\/wiadomosci\/#website"},"primaryImageOfPage":{"@id":"https:\/\/www.24gliwice.pl\/wiadomosci\/teatr-miejski-szykuje-dwie-premiery-sceniczne-czy-w-marcu-mozliwy-bedzie-powrot-widowni\/#primaryimage"},"image":{"@id":"https:\/\/www.24gliwice.pl\/wiadomosci\/teatr-miejski-szykuje-dwie-premiery-sceniczne-czy-w-marcu-mozliwy-bedzie-powrot-widowni\/#primaryimage"},"thumbnailUrl":"https:\/\/www.24gliwice.pl\/wiadomosci\/wp-content\/uploads\/2021\/02\/ozenek_zdjecia_z_proby_fot_materiay_teatru-2.jpg","datePublished":"2021-02-01T16:00:57+00:00","breadcrumb":{"@id":"https:\/\/www.24gliwice.pl\/wiadomosci\/teatr-miejski-szykuje-dwie-premiery-sceniczne-czy-w-marcu-mozliwy-bedzie-powrot-widowni\/#breadcrumb"},"inLanguage":"pl-PL","potentialAction":[{"@type":"ReadAction","target":["https:\/\/www.24gliwice.pl\/wiadomosci\/teatr-miejski-szykuje-dwie-premiery-sceniczne-czy-w-marcu-mozliwy-bedzie-powrot-widowni\/"]}]},{"@type":"ImageObject","inLanguage":"pl-PL","@id":"https:\/\/www.24gliwice.pl\/wiadomosci\/teatr-miejski-szykuje-dwie-premiery-sceniczne-czy-w-marcu-mozliwy-bedzie-powrot-widowni\/#primaryimage","url":"https:\/\/www.24gliwice.pl\/wiadomosci\/wp-content\/uploads\/2021\/02\/ozenek_zdjecia_z_proby_fot_materiay_teatru-2.jpg","contentUrl":"https:\/\/www.24gliwice.pl\/wiadomosci\/wp-content\/uploads\/2021\/02\/ozenek_zdjecia_z_proby_fot_materiay_teatru-2.jpg","width":810,"height":455,"caption":"fot. mat. Teatru Miejskiego"},{"@type":"BreadcrumbList","@id":"https:\/\/www.24gliwice.pl\/wiadomosci\/teatr-miejski-szykuje-dwie-premiery-sceniczne-czy-w-marcu-mozliwy-bedzie-powrot-widowni\/#breadcrumb","itemListElement":[{"@type":"ListItem","position":1,"name":"Strona g\u0142\u00f3wna","item":"https:\/\/www.24gliwice.pl\/wiadomosci\/"},{"@type":"ListItem","position":2,"name":"Teatr Miejski szykuje dwie premiery sceniczne. Czy w marcu mo\u017cliwy b\u0119dzie powr\u00f3t widowni?"}]},{"@type":"WebSite","@id":"https:\/\/www.24gliwice.pl\/wiadomosci\/#website","url":"https:\/\/www.24gliwice.pl\/wiadomosci\/","name":"24GLIWICE - Portal Gliwice | codziennie nowe wiadomo\u015bci","description":"Portal Miejski Gliwice","publisher":{"@id":"https:\/\/www.24gliwice.pl\/wiadomosci\/#organization"},"potentialAction":[{"@type":"SearchAction","target":{"@type":"EntryPoint","urlTemplate":"https:\/\/www.24gliwice.pl\/wiadomosci\/?s={search_term_string}"},"query-input":{"@type":"PropertyValueSpecification","valueRequired":true,"valueName":"search_term_string"}}],"inLanguage":"pl-PL"},{"@type":"Organization","@id":"https:\/\/www.24gliwice.pl\/wiadomosci\/#organization","name":"24gliwice","url":"https:\/\/www.24gliwice.pl\/wiadomosci\/","logo":{"@type":"ImageObject","inLanguage":"pl-PL","@id":"https:\/\/www.24gliwice.pl\/wiadomosci\/#\/schema\/logo\/image\/","url":"https:\/\/www.24gliwice.pl\/wiadomosci\/wp-content\/uploads\/2024\/10\/24gliwice-logo-696.jpg","contentUrl":"https:\/\/www.24gliwice.pl\/wiadomosci\/wp-content\/uploads\/2024\/10\/24gliwice-logo-696.jpg","width":696,"height":696,"caption":"24gliwice"},"image":{"@id":"https:\/\/www.24gliwice.pl\/wiadomosci\/#\/schema\/logo\/image\/"},"sameAs":["https:\/\/www.facebook.com\/24gliwice","https:\/\/x.com\/24gliwice","https:\/\/www.youtube.com\/@24gliwice"]},{"@type":"Person","@id":"https:\/\/www.24gliwice.pl\/wiadomosci\/#\/schema\/person\/e42c650edd7f2fa332be3811fb166b6e","name":"\u017baneta Mrozek-Siewierska","image":{"@type":"ImageObject","inLanguage":"pl-PL","@id":"https:\/\/secure.gravatar.com\/avatar\/1881429e9c64597c77ad7aef2d0a19be69a3253e57534d16aa15bf3a4d34a0a3?s=96&d=mm&r=g","url":"https:\/\/secure.gravatar.com\/avatar\/1881429e9c64597c77ad7aef2d0a19be69a3253e57534d16aa15bf3a4d34a0a3?s=96&d=mm&r=g","contentUrl":"https:\/\/secure.gravatar.com\/avatar\/1881429e9c64597c77ad7aef2d0a19be69a3253e57534d16aa15bf3a4d34a0a3?s=96&d=mm&r=g","caption":"\u017baneta Mrozek-Siewierska"},"url":"https:\/\/www.24gliwice.pl\/wiadomosci\/author\/zms\/"}]}},"_links":{"self":[{"href":"https:\/\/www.24gliwice.pl\/wiadomosci\/wp-json\/wp\/v2\/posts\/164352","targetHints":{"allow":["GET"]}}],"collection":[{"href":"https:\/\/www.24gliwice.pl\/wiadomosci\/wp-json\/wp\/v2\/posts"}],"about":[{"href":"https:\/\/www.24gliwice.pl\/wiadomosci\/wp-json\/wp\/v2\/types\/post"}],"author":[{"embeddable":true,"href":"https:\/\/www.24gliwice.pl\/wiadomosci\/wp-json\/wp\/v2\/users\/15"}],"replies":[{"embeddable":true,"href":"https:\/\/www.24gliwice.pl\/wiadomosci\/wp-json\/wp\/v2\/comments?post=164352"}],"version-history":[{"count":0,"href":"https:\/\/www.24gliwice.pl\/wiadomosci\/wp-json\/wp\/v2\/posts\/164352\/revisions"}],"wp:featuredmedia":[{"embeddable":true,"href":"https:\/\/www.24gliwice.pl\/wiadomosci\/wp-json\/wp\/v2\/media\/164366"}],"wp:attachment":[{"href":"https:\/\/www.24gliwice.pl\/wiadomosci\/wp-json\/wp\/v2\/media?parent=164352"}],"wp:term":[{"taxonomy":"category","embeddable":true,"href":"https:\/\/www.24gliwice.pl\/wiadomosci\/wp-json\/wp\/v2\/categories?post=164352"},{"taxonomy":"post_tag","embeddable":true,"href":"https:\/\/www.24gliwice.pl\/wiadomosci\/wp-json\/wp\/v2\/tags?post=164352"}],"curies":[{"name":"wp","href":"https:\/\/api.w.org\/{rel}","templated":true}]}}