{"id":164385,"date":"2021-02-02T12:27:36","date_gmt":"2021-02-02T11:27:36","guid":{"rendered":"https:\/\/www.24gliwice.pl\/wiadomosci\/?p=164385"},"modified":"2021-02-02T12:27:36","modified_gmt":"2021-02-02T11:27:36","slug":"muzeum-w-gliwicach-otwiera-sie-po-pandemii-i-zaprasza-na-bezplatne-zwiedzanie-sa-dwie-nowe-wystawy","status":"publish","type":"post","link":"https:\/\/www.24gliwice.pl\/wiadomosci\/muzeum-w-gliwicach-otwiera-sie-po-pandemii-i-zaprasza-na-bezplatne-zwiedzanie-sa-dwie-nowe-wystawy\/","title":{"rendered":"Muzeum w Gliwicach otwiera si\u0119 po pandemii i zaprasza na bezp\u0142atne zwiedzanie. S\u0105 dwie nowe wystawy"},"content":{"rendered":"<div class=\"gliwi-a6-nad-leadem-artykulow gliwi-entity-placement\" id=\"gliwi-549157376\"><div class=\"gliwi-adlabel\"><span style=\"font-size: 9px\">REKLAMA<\/span><\/div><div id=\"gliwi-4024518427\" style=\"margin-bottom: 30px;margin-left: auto;margin-right: auto;text-align: center;\"><a data-no-instant=\"1\" href=\"https:\/\/przedszkole.halogen.org.pl\/\" rel=\"noopener\" class=\"a2t-link\" target=\"_blank\" aria-label=\"20260402-ANIMATOR-przedszkole_grafika_750x200\"><img loading=\"lazy\" decoding=\"async\" src=\"https:\/\/www.24gliwice.pl\/wiadomosci\/wp-content\/uploads\/2026\/04\/20260402-ANIMATOR-przedszkole_grafika_750x200.webp\" alt=\"\"  srcset=\"https:\/\/www.24gliwice.pl\/wiadomosci\/wp-content\/uploads\/2026\/04\/20260402-ANIMATOR-przedszkole_grafika_750x200.webp 750w, https:\/\/www.24gliwice.pl\/wiadomosci\/wp-content\/uploads\/2026\/04\/20260402-ANIMATOR-przedszkole_grafika_750x200-410x109.webp 410w\" sizes=\"(max-width: 750px) 100vw, 750px\" class=\"no-lazyload\" width=\"750\" height=\"200\"  style=\"display: inline-block; max-width: 100%; height: auto;\" \/><\/a><\/div><\/div><h2>Po d\u0142ugich miesi\u0105cach pandemicznego re\u017cimu Muzeum w Gliwicach zn\u00f3w otwiera drzwi dla zwiedzaj\u0105cych. Od wtorku, 2 lutego, mo\u017cna tam ogl\u0105da\u0107 dwie wystawy, kt\u00f3re dost\u0119pne s\u0105 tylko przez niespe\u0142na trzy najbli\u017csze tygodnie. Wst\u0119p w tym czasie do Oddzia\u0142\u00f3w plac\u00f3wki b\u0119dzie bezp\u0142atny. <\/h2>\n<p>&nbsp;<br \/>\nNawet najlepsza wirtualna platforma nie zast\u0105pi kontaktu z prawdziwymi, rzeczywistymi zabytkami i dzie\u0142ami sztuki. A jednych i drugich w Muzeum nie brakuje. Brakowa\u0142o tylko publiczno\u015bci, bez kt\u00f3rej zbytki, dzie\u0142a sztuki i muzealnicy trac\u0105 sens&#8230; <\/p>\n<p>&#8211; <em>Otwieramy nasze podwoje mo\u017cliwie szeroko tym bardziej, \u017ce na zwiedzaj\u0105cych czekaj\u0105 dwie wyj\u0105tkowe wystawy czasowe &#8211;  w Willi Caro: \u201eFedruj\u0119 \u015bl\u0105ski krajobraz&#8230; <strong>Rafa\u0142 Malczewski \u2013 Antoni Wieczorek<\/strong>\u201d, w Czytelni Sztuki: \u201e\u015al\u0105sk w obrazach fotograficznych <strong>Jana Bu\u0142haka<\/strong>&#8220;. Do ich zwiedzania zapraszamy ju\u017c od wtorku, 2 lutego. A czasu na ich obejrzenie nie zosta\u0142o ju\u017c wiele \u2013 bo czynne s\u0105 do tylko 21 lutego<\/em> &#8211; czytamy na stronie Muzeum w Gliwicach. <\/p><div class=\"gliwi-a3-w-tresci-artykulow gliwi-entity-placement\" id=\"gliwi-3090568137\"><div class=\"gliwi-adlabel\"><span style=\"font-size: 9px\">REKLAMA<\/span><\/div><div id=\"gliwi-3299752361\" style=\"margin-bottom: 30px;margin-left: auto;margin-right: auto;text-align: center;\"><a data-no-instant=\"1\" href=\"https:\/\/zlobek.halogen.org.pl\/\" rel=\"noopener\" class=\"a2t-link\" target=\"_blank\" aria-label=\"animator-zlobek_750x200\"><img loading=\"lazy\" decoding=\"async\" src=\"https:\/\/www.24gliwice.pl\/wiadomosci\/wp-content\/uploads\/2026\/02\/animator-zlobek_750x200.webp\" alt=\"\"  srcset=\"https:\/\/www.24gliwice.pl\/wiadomosci\/wp-content\/uploads\/2026\/02\/animator-zlobek_750x200.webp 750w, https:\/\/www.24gliwice.pl\/wiadomosci\/wp-content\/uploads\/2026\/02\/animator-zlobek_750x200-410x109.webp 410w\" sizes=\"(max-width: 750px) 100vw, 750px\" class=\"no-lazyload\" width=\"750\" height=\"200\"  style=\"display: inline-block; max-width: 100%; height: auto;\" \/><\/a><\/div><\/div>\n<p>&#8211; <em>Jednak okazji, by zajrze\u0107 do Muzeum i zwiedzi\u0107 ekspozycje b\u0119dzie ca\u0142kiem sporo, poniewa\u017c z  rado\u015bci zwi\u0105zanej ze znoszeniem pandemicznych obostrze\u0144 \u2013 do 21 lutego wszystkie wystawy i wszystkie Oddzia\u0142y Muzeum w Gliwicach \u2013 zwiedza\u0107 mo\u017cna bezp\u0142atnie<\/em> &#8211; informuje Muzeum. <\/p>\n<p>Ze wzgl\u0119du na pandemi\u0119 wprowadzono regulamin zwiedzania w re\u017cimie sanitarnym. Mo\u017cna si\u0119 z nim zapozna\u0107 tutaj: <a href=\"https:\/\/www.24gliwice.pl\/wiadomosci\/wp-content\/uploads\/2021\/02\/Regulamin-Muzeum-w-Gliwicach-w-czasie-pandemii.pdf\">Regulamin Muzeum w Gliwicach w czasie pandemii<\/a>.<\/p>\n<p>(\u017cms)\/MwG<br \/>\nfot. arch. 24gliwice.pl<\/p>\n<div class=\"gliwi-a5-na-koncu-artykulow gliwi-entity-placement\" id=\"gliwi-281960348\"><div class=\"gliwi-adlabel\"><span style=\"font-size: 9px\">REKLAMA<\/span><\/div><div id=\"gliwi-4199246659\" style=\"margin-left: auto;margin-right: auto;text-align: center;\"><a data-no-instant=\"1\" href=\"https:\/\/prezeroarenagliwice.pl\/\" rel=\"noopener\" class=\"a2t-link\" target=\"_blank\" aria-label=\"20260309-PREZERO-WIOSNA-D\"><img loading=\"lazy\" decoding=\"async\" src=\"https:\/\/www.24gliwice.pl\/wiadomosci\/wp-content\/uploads\/2026\/03\/20260309-PREZERO-WIOSNA-D.webp\" alt=\"\"  srcset=\"https:\/\/www.24gliwice.pl\/wiadomosci\/wp-content\/uploads\/2026\/03\/20260309-PREZERO-WIOSNA-D.webp 750w, https:\/\/www.24gliwice.pl\/wiadomosci\/wp-content\/uploads\/2026\/03\/20260309-PREZERO-WIOSNA-D-410x109.webp 410w\" sizes=\"(max-width: 750px) 100vw, 750px\" class=\"no-lazyload\" width=\"750\" height=\"200\"  style=\"display: inline-block; max-width: 100%; height: auto;\" \/><\/a><\/div><\/div>","protected":false},"excerpt":{"rendered":"<p>Po d\u0142ugich miesi\u0105cach pandemicznego re\u017cimu Muzeum w Gliwicach zn\u00f3w otwiera drzwi dla zwiedzaj\u0105cych. Od wtorku, 2 lutego, mo\u017cna tam ogl\u0105da\u0107 dwie wystawy, kt\u00f3re dost\u0119pne s\u0105 tylko przez niespe\u0142na trzy najbli\u017csze tygodnie. Wst\u0119p w tym czasie do Oddzia\u0142\u00f3w plac\u00f3wki b\u0119dzie bezp\u0142atny. &nbsp; Nawet najlepsza wirtualna platforma nie zast\u0105pi kontaktu z prawdziwymi, rzeczywistymi zabytkami i dzie\u0142ami sztuki. [&hellip;]<\/p>\n","protected":false},"author":15,"featured_media":0,"comment_status":"open","ping_status":"closed","sticky":false,"template":"","format":"standard","meta":{"_monsterinsights_skip_tracking":false,"_monsterinsights_sitenote_active":false,"_monsterinsights_sitenote_note":"","_monsterinsights_sitenote_category":0,"footnotes":"","_links_to":"","_links_to_target":""},"categories":[3,6,1],"tags":[19200,211],"class_list":["post-164385","post","type-post","status-publish","format-standard","hentry","category-gliwice","category-kultura","category-wszystko","tag-bezplatne-zwiedzanie","tag-muzeum-w-gliwicach"],"yoast_head":"<!-- This site is optimized with the Yoast SEO plugin v27.5 - https:\/\/yoast.com\/product\/yoast-seo-wordpress\/ -->\n<title>Muzeum w Gliwicach otwiera si\u0119 po pandemii i zaprasza na bezp\u0142atne zwiedzanie. S\u0105 dwie nowe wystawy - 24GLIWICE - Portal Gliwice | codziennie nowe informacje<\/title>\n<meta name=\"robots\" content=\"index, follow, max-snippet:-1, max-image-preview:large, max-video-preview:-1\" \/>\n<link rel=\"canonical\" href=\"https:\/\/www.24gliwice.pl\/wiadomosci\/muzeum-w-gliwicach-otwiera-sie-po-pandemii-i-zaprasza-na-bezplatne-zwiedzanie-sa-dwie-nowe-wystawy\/\" \/>\n<meta property=\"og:locale\" content=\"pl_PL\" \/>\n<meta property=\"og:type\" content=\"article\" \/>\n<meta property=\"og:title\" content=\"Muzeum w Gliwicach otwiera si\u0119 po pandemii i zaprasza na bezp\u0142atne zwiedzanie. S\u0105 dwie nowe wystawy - 24GLIWICE - Portal Gliwice | codziennie nowe informacje\" \/>\n<meta property=\"og:description\" content=\"Po d\u0142ugich miesi\u0105cach pandemicznego re\u017cimu Muzeum w Gliwicach zn\u00f3w otwiera drzwi dla zwiedzaj\u0105cych. Od wtorku, 2 lutego, mo\u017cna tam ogl\u0105da\u0107 dwie wystawy, kt\u00f3re dost\u0119pne s\u0105 tylko przez niespe\u0142na trzy najbli\u017csze tygodnie. Wst\u0119p w tym czasie do Oddzia\u0142\u00f3w plac\u00f3wki b\u0119dzie bezp\u0142atny. &nbsp; Nawet najlepsza wirtualna platforma nie zast\u0105pi kontaktu z prawdziwymi, rzeczywistymi zabytkami i dzie\u0142ami sztuki. [&hellip;]\" \/>\n<meta property=\"og:url\" content=\"https:\/\/www.24gliwice.pl\/wiadomosci\/muzeum-w-gliwicach-otwiera-sie-po-pandemii-i-zaprasza-na-bezplatne-zwiedzanie-sa-dwie-nowe-wystawy\/\" \/>\n<meta property=\"og:site_name\" content=\"24GLIWICE - Portal Gliwice | codziennie nowe informacje\" \/>\n<meta property=\"article:publisher\" content=\"https:\/\/www.facebook.com\/24gliwice\" \/>\n<meta property=\"article:published_time\" content=\"2021-02-02T11:27:36+00:00\" \/>\n<meta property=\"og:image\" content=\"https:\/\/www.24gliwice.pl\/wiadomosci\/wp-content\/uploads\/2017\/12\/willa-caro-e1523626645650.jpg\" \/>\n\t<meta property=\"og:image:width\" content=\"810\" \/>\n\t<meta property=\"og:image:height\" content=\"455\" \/>\n\t<meta property=\"og:image:type\" content=\"image\/jpeg\" \/>\n<meta name=\"author\" content=\"\u017baneta Mrozek-Siewierska\" \/>\n<meta name=\"twitter:card\" content=\"summary_large_image\" \/>\n<meta name=\"twitter:creator\" content=\"@24gliwice\" \/>\n<meta name=\"twitter:site\" content=\"@24gliwice\" \/>\n<meta name=\"twitter:label1\" content=\"Napisane przez\" \/>\n\t<meta name=\"twitter:data1\" content=\"\u017baneta Mrozek-Siewierska\" \/>\n\t<meta name=\"twitter:label2\" content=\"Szacowany czas czytania\" \/>\n\t<meta name=\"twitter:data2\" content=\"1 minuta\" \/>\n<script type=\"application\/ld+json\" class=\"yoast-schema-graph\">{\"@context\":\"https:\\\/\\\/schema.org\",\"@graph\":[{\"@type\":\"Article\",\"@id\":\"https:\\\/\\\/www.24gliwice.pl\\\/wiadomosci\\\/muzeum-w-gliwicach-otwiera-sie-po-pandemii-i-zaprasza-na-bezplatne-zwiedzanie-sa-dwie-nowe-wystawy\\\/#article\",\"isPartOf\":{\"@id\":\"https:\\\/\\\/www.24gliwice.pl\\\/wiadomosci\\\/muzeum-w-gliwicach-otwiera-sie-po-pandemii-i-zaprasza-na-bezplatne-zwiedzanie-sa-dwie-nowe-wystawy\\\/\"},\"author\":{\"name\":\"\u017baneta Mrozek-Siewierska\",\"@id\":\"https:\\\/\\\/www.24gliwice.pl\\\/wiadomosci\\\/#\\\/schema\\\/person\\\/e42c650edd7f2fa332be3811fb166b6e\"},\"headline\":\"Muzeum w Gliwicach otwiera si\u0119 po pandemii i zaprasza na bezp\u0142atne zwiedzanie. S\u0105 dwie nowe wystawy\",\"datePublished\":\"2021-02-02T11:27:36+00:00\",\"mainEntityOfPage\":{\"@id\":\"https:\\\/\\\/www.24gliwice.pl\\\/wiadomosci\\\/muzeum-w-gliwicach-otwiera-sie-po-pandemii-i-zaprasza-na-bezplatne-zwiedzanie-sa-dwie-nowe-wystawy\\\/\"},\"wordCount\":262,\"commentCount\":0,\"publisher\":{\"@id\":\"https:\\\/\\\/www.24gliwice.pl\\\/wiadomosci\\\/#organization\"},\"keywords\":[\"bezp\u0142atne zwiedzanie\",\"MUZEUM W GLIWICACH\"],\"articleSection\":[\"Gliwice\",\"Kultura, wydarzenia, imprezy\",\"Najnowsze wiadomo\u015bci\"],\"inLanguage\":\"pl-PL\",\"potentialAction\":[{\"@type\":\"CommentAction\",\"name\":\"Comment\",\"target\":[\"https:\\\/\\\/www.24gliwice.pl\\\/wiadomosci\\\/muzeum-w-gliwicach-otwiera-sie-po-pandemii-i-zaprasza-na-bezplatne-zwiedzanie-sa-dwie-nowe-wystawy\\\/#respond\"]}]},{\"@type\":\"WebPage\",\"@id\":\"https:\\\/\\\/www.24gliwice.pl\\\/wiadomosci\\\/muzeum-w-gliwicach-otwiera-sie-po-pandemii-i-zaprasza-na-bezplatne-zwiedzanie-sa-dwie-nowe-wystawy\\\/\",\"url\":\"https:\\\/\\\/www.24gliwice.pl\\\/wiadomosci\\\/muzeum-w-gliwicach-otwiera-sie-po-pandemii-i-zaprasza-na-bezplatne-zwiedzanie-sa-dwie-nowe-wystawy\\\/\",\"name\":\"Muzeum w Gliwicach otwiera si\u0119 po pandemii i zaprasza na bezp\u0142atne zwiedzanie. S\u0105 dwie nowe wystawy - 24GLIWICE - Portal Gliwice | codziennie nowe informacje\",\"isPartOf\":{\"@id\":\"https:\\\/\\\/www.24gliwice.pl\\\/wiadomosci\\\/#website\"},\"datePublished\":\"2021-02-02T11:27:36+00:00\",\"breadcrumb\":{\"@id\":\"https:\\\/\\\/www.24gliwice.pl\\\/wiadomosci\\\/muzeum-w-gliwicach-otwiera-sie-po-pandemii-i-zaprasza-na-bezplatne-zwiedzanie-sa-dwie-nowe-wystawy\\\/#breadcrumb\"},\"inLanguage\":\"pl-PL\",\"potentialAction\":[{\"@type\":\"ReadAction\",\"target\":[\"https:\\\/\\\/www.24gliwice.pl\\\/wiadomosci\\\/muzeum-w-gliwicach-otwiera-sie-po-pandemii-i-zaprasza-na-bezplatne-zwiedzanie-sa-dwie-nowe-wystawy\\\/\"]}]},{\"@type\":\"BreadcrumbList\",\"@id\":\"https:\\\/\\\/www.24gliwice.pl\\\/wiadomosci\\\/muzeum-w-gliwicach-otwiera-sie-po-pandemii-i-zaprasza-na-bezplatne-zwiedzanie-sa-dwie-nowe-wystawy\\\/#breadcrumb\",\"itemListElement\":[{\"@type\":\"ListItem\",\"position\":1,\"name\":\"Strona g\u0142\u00f3wna\",\"item\":\"https:\\\/\\\/www.24gliwice.pl\\\/wiadomosci\\\/\"},{\"@type\":\"ListItem\",\"position\":2,\"name\":\"Muzeum w Gliwicach otwiera si\u0119 po pandemii i zaprasza na bezp\u0142atne zwiedzanie. S\u0105 dwie nowe wystawy\"}]},{\"@type\":\"WebSite\",\"@id\":\"https:\\\/\\\/www.24gliwice.pl\\\/wiadomosci\\\/#website\",\"url\":\"https:\\\/\\\/www.24gliwice.pl\\\/wiadomosci\\\/\",\"name\":\"24GLIWICE - Portal Gliwice | codziennie nowe wiadomo\u015bci\",\"description\":\"Portal Miejski Gliwice\",\"publisher\":{\"@id\":\"https:\\\/\\\/www.24gliwice.pl\\\/wiadomosci\\\/#organization\"},\"potentialAction\":[{\"@type\":\"SearchAction\",\"target\":{\"@type\":\"EntryPoint\",\"urlTemplate\":\"https:\\\/\\\/www.24gliwice.pl\\\/wiadomosci\\\/?s={search_term_string}\"},\"query-input\":{\"@type\":\"PropertyValueSpecification\",\"valueRequired\":true,\"valueName\":\"search_term_string\"}}],\"inLanguage\":\"pl-PL\"},{\"@type\":\"Organization\",\"@id\":\"https:\\\/\\\/www.24gliwice.pl\\\/wiadomosci\\\/#organization\",\"name\":\"24gliwice\",\"url\":\"https:\\\/\\\/www.24gliwice.pl\\\/wiadomosci\\\/\",\"logo\":{\"@type\":\"ImageObject\",\"inLanguage\":\"pl-PL\",\"@id\":\"https:\\\/\\\/www.24gliwice.pl\\\/wiadomosci\\\/#\\\/schema\\\/logo\\\/image\\\/\",\"url\":\"https:\\\/\\\/www.24gliwice.pl\\\/wiadomosci\\\/wp-content\\\/uploads\\\/2024\\\/10\\\/24gliwice-logo-696.jpg\",\"contentUrl\":\"https:\\\/\\\/www.24gliwice.pl\\\/wiadomosci\\\/wp-content\\\/uploads\\\/2024\\\/10\\\/24gliwice-logo-696.jpg\",\"width\":696,\"height\":696,\"caption\":\"24gliwice\"},\"image\":{\"@id\":\"https:\\\/\\\/www.24gliwice.pl\\\/wiadomosci\\\/#\\\/schema\\\/logo\\\/image\\\/\"},\"sameAs\":[\"https:\\\/\\\/www.facebook.com\\\/24gliwice\",\"https:\\\/\\\/x.com\\\/24gliwice\",\"https:\\\/\\\/www.youtube.com\\\/@24gliwice\"]},{\"@type\":\"Person\",\"@id\":\"https:\\\/\\\/www.24gliwice.pl\\\/wiadomosci\\\/#\\\/schema\\\/person\\\/e42c650edd7f2fa332be3811fb166b6e\",\"name\":\"\u017baneta Mrozek-Siewierska\",\"image\":{\"@type\":\"ImageObject\",\"inLanguage\":\"pl-PL\",\"@id\":\"https:\\\/\\\/secure.gravatar.com\\\/avatar\\\/1881429e9c64597c77ad7aef2d0a19be69a3253e57534d16aa15bf3a4d34a0a3?s=96&d=mm&r=g\",\"url\":\"https:\\\/\\\/secure.gravatar.com\\\/avatar\\\/1881429e9c64597c77ad7aef2d0a19be69a3253e57534d16aa15bf3a4d34a0a3?s=96&d=mm&r=g\",\"contentUrl\":\"https:\\\/\\\/secure.gravatar.com\\\/avatar\\\/1881429e9c64597c77ad7aef2d0a19be69a3253e57534d16aa15bf3a4d34a0a3?s=96&d=mm&r=g\",\"caption\":\"\u017baneta Mrozek-Siewierska\"},\"url\":\"https:\\\/\\\/www.24gliwice.pl\\\/wiadomosci\\\/author\\\/zms\\\/\"}]}<\/script>\n<!-- \/ Yoast SEO plugin. -->","yoast_head_json":{"title":"Muzeum w Gliwicach otwiera si\u0119 po pandemii i zaprasza na bezp\u0142atne zwiedzanie. S\u0105 dwie nowe wystawy - 24GLIWICE - Portal Gliwice | codziennie nowe informacje","robots":{"index":"index","follow":"follow","max-snippet":"max-snippet:-1","max-image-preview":"max-image-preview:large","max-video-preview":"max-video-preview:-1"},"canonical":"https:\/\/www.24gliwice.pl\/wiadomosci\/muzeum-w-gliwicach-otwiera-sie-po-pandemii-i-zaprasza-na-bezplatne-zwiedzanie-sa-dwie-nowe-wystawy\/","og_locale":"pl_PL","og_type":"article","og_title":"Muzeum w Gliwicach otwiera si\u0119 po pandemii i zaprasza na bezp\u0142atne zwiedzanie. S\u0105 dwie nowe wystawy - 24GLIWICE - Portal Gliwice | codziennie nowe informacje","og_description":"Po d\u0142ugich miesi\u0105cach pandemicznego re\u017cimu Muzeum w Gliwicach zn\u00f3w otwiera drzwi dla zwiedzaj\u0105cych. Od wtorku, 2 lutego, mo\u017cna tam ogl\u0105da\u0107 dwie wystawy, kt\u00f3re dost\u0119pne s\u0105 tylko przez niespe\u0142na trzy najbli\u017csze tygodnie. Wst\u0119p w tym czasie do Oddzia\u0142\u00f3w plac\u00f3wki b\u0119dzie bezp\u0142atny. &nbsp; Nawet najlepsza wirtualna platforma nie zast\u0105pi kontaktu z prawdziwymi, rzeczywistymi zabytkami i dzie\u0142ami sztuki. [&hellip;]","og_url":"https:\/\/www.24gliwice.pl\/wiadomosci\/muzeum-w-gliwicach-otwiera-sie-po-pandemii-i-zaprasza-na-bezplatne-zwiedzanie-sa-dwie-nowe-wystawy\/","og_site_name":"24GLIWICE - Portal Gliwice | codziennie nowe informacje","article_publisher":"https:\/\/www.facebook.com\/24gliwice","article_published_time":"2021-02-02T11:27:36+00:00","og_image":[{"width":810,"height":455,"url":"https:\/\/www.24gliwice.pl\/wiadomosci\/wp-content\/uploads\/2017\/12\/willa-caro-e1523626645650.jpg","type":"image\/jpeg"}],"author":"\u017baneta Mrozek-Siewierska","twitter_card":"summary_large_image","twitter_creator":"@24gliwice","twitter_site":"@24gliwice","twitter_misc":{"Napisane przez":"\u017baneta Mrozek-Siewierska","Szacowany czas czytania":"1 minuta"},"schema":{"@context":"https:\/\/schema.org","@graph":[{"@type":"Article","@id":"https:\/\/www.24gliwice.pl\/wiadomosci\/muzeum-w-gliwicach-otwiera-sie-po-pandemii-i-zaprasza-na-bezplatne-zwiedzanie-sa-dwie-nowe-wystawy\/#article","isPartOf":{"@id":"https:\/\/www.24gliwice.pl\/wiadomosci\/muzeum-w-gliwicach-otwiera-sie-po-pandemii-i-zaprasza-na-bezplatne-zwiedzanie-sa-dwie-nowe-wystawy\/"},"author":{"name":"\u017baneta Mrozek-Siewierska","@id":"https:\/\/www.24gliwice.pl\/wiadomosci\/#\/schema\/person\/e42c650edd7f2fa332be3811fb166b6e"},"headline":"Muzeum w Gliwicach otwiera si\u0119 po pandemii i zaprasza na bezp\u0142atne zwiedzanie. S\u0105 dwie nowe wystawy","datePublished":"2021-02-02T11:27:36+00:00","mainEntityOfPage":{"@id":"https:\/\/www.24gliwice.pl\/wiadomosci\/muzeum-w-gliwicach-otwiera-sie-po-pandemii-i-zaprasza-na-bezplatne-zwiedzanie-sa-dwie-nowe-wystawy\/"},"wordCount":262,"commentCount":0,"publisher":{"@id":"https:\/\/www.24gliwice.pl\/wiadomosci\/#organization"},"keywords":["bezp\u0142atne zwiedzanie","MUZEUM W GLIWICACH"],"articleSection":["Gliwice","Kultura, wydarzenia, imprezy","Najnowsze wiadomo\u015bci"],"inLanguage":"pl-PL","potentialAction":[{"@type":"CommentAction","name":"Comment","target":["https:\/\/www.24gliwice.pl\/wiadomosci\/muzeum-w-gliwicach-otwiera-sie-po-pandemii-i-zaprasza-na-bezplatne-zwiedzanie-sa-dwie-nowe-wystawy\/#respond"]}]},{"@type":"WebPage","@id":"https:\/\/www.24gliwice.pl\/wiadomosci\/muzeum-w-gliwicach-otwiera-sie-po-pandemii-i-zaprasza-na-bezplatne-zwiedzanie-sa-dwie-nowe-wystawy\/","url":"https:\/\/www.24gliwice.pl\/wiadomosci\/muzeum-w-gliwicach-otwiera-sie-po-pandemii-i-zaprasza-na-bezplatne-zwiedzanie-sa-dwie-nowe-wystawy\/","name":"Muzeum w Gliwicach otwiera si\u0119 po pandemii i zaprasza na bezp\u0142atne zwiedzanie. S\u0105 dwie nowe wystawy - 24GLIWICE - Portal Gliwice | codziennie nowe informacje","isPartOf":{"@id":"https:\/\/www.24gliwice.pl\/wiadomosci\/#website"},"datePublished":"2021-02-02T11:27:36+00:00","breadcrumb":{"@id":"https:\/\/www.24gliwice.pl\/wiadomosci\/muzeum-w-gliwicach-otwiera-sie-po-pandemii-i-zaprasza-na-bezplatne-zwiedzanie-sa-dwie-nowe-wystawy\/#breadcrumb"},"inLanguage":"pl-PL","potentialAction":[{"@type":"ReadAction","target":["https:\/\/www.24gliwice.pl\/wiadomosci\/muzeum-w-gliwicach-otwiera-sie-po-pandemii-i-zaprasza-na-bezplatne-zwiedzanie-sa-dwie-nowe-wystawy\/"]}]},{"@type":"BreadcrumbList","@id":"https:\/\/www.24gliwice.pl\/wiadomosci\/muzeum-w-gliwicach-otwiera-sie-po-pandemii-i-zaprasza-na-bezplatne-zwiedzanie-sa-dwie-nowe-wystawy\/#breadcrumb","itemListElement":[{"@type":"ListItem","position":1,"name":"Strona g\u0142\u00f3wna","item":"https:\/\/www.24gliwice.pl\/wiadomosci\/"},{"@type":"ListItem","position":2,"name":"Muzeum w Gliwicach otwiera si\u0119 po pandemii i zaprasza na bezp\u0142atne zwiedzanie. S\u0105 dwie nowe wystawy"}]},{"@type":"WebSite","@id":"https:\/\/www.24gliwice.pl\/wiadomosci\/#website","url":"https:\/\/www.24gliwice.pl\/wiadomosci\/","name":"24GLIWICE - Portal Gliwice | codziennie nowe wiadomo\u015bci","description":"Portal Miejski Gliwice","publisher":{"@id":"https:\/\/www.24gliwice.pl\/wiadomosci\/#organization"},"potentialAction":[{"@type":"SearchAction","target":{"@type":"EntryPoint","urlTemplate":"https:\/\/www.24gliwice.pl\/wiadomosci\/?s={search_term_string}"},"query-input":{"@type":"PropertyValueSpecification","valueRequired":true,"valueName":"search_term_string"}}],"inLanguage":"pl-PL"},{"@type":"Organization","@id":"https:\/\/www.24gliwice.pl\/wiadomosci\/#organization","name":"24gliwice","url":"https:\/\/www.24gliwice.pl\/wiadomosci\/","logo":{"@type":"ImageObject","inLanguage":"pl-PL","@id":"https:\/\/www.24gliwice.pl\/wiadomosci\/#\/schema\/logo\/image\/","url":"https:\/\/www.24gliwice.pl\/wiadomosci\/wp-content\/uploads\/2024\/10\/24gliwice-logo-696.jpg","contentUrl":"https:\/\/www.24gliwice.pl\/wiadomosci\/wp-content\/uploads\/2024\/10\/24gliwice-logo-696.jpg","width":696,"height":696,"caption":"24gliwice"},"image":{"@id":"https:\/\/www.24gliwice.pl\/wiadomosci\/#\/schema\/logo\/image\/"},"sameAs":["https:\/\/www.facebook.com\/24gliwice","https:\/\/x.com\/24gliwice","https:\/\/www.youtube.com\/@24gliwice"]},{"@type":"Person","@id":"https:\/\/www.24gliwice.pl\/wiadomosci\/#\/schema\/person\/e42c650edd7f2fa332be3811fb166b6e","name":"\u017baneta Mrozek-Siewierska","image":{"@type":"ImageObject","inLanguage":"pl-PL","@id":"https:\/\/secure.gravatar.com\/avatar\/1881429e9c64597c77ad7aef2d0a19be69a3253e57534d16aa15bf3a4d34a0a3?s=96&d=mm&r=g","url":"https:\/\/secure.gravatar.com\/avatar\/1881429e9c64597c77ad7aef2d0a19be69a3253e57534d16aa15bf3a4d34a0a3?s=96&d=mm&r=g","contentUrl":"https:\/\/secure.gravatar.com\/avatar\/1881429e9c64597c77ad7aef2d0a19be69a3253e57534d16aa15bf3a4d34a0a3?s=96&d=mm&r=g","caption":"\u017baneta Mrozek-Siewierska"},"url":"https:\/\/www.24gliwice.pl\/wiadomosci\/author\/zms\/"}]}},"_links":{"self":[{"href":"https:\/\/www.24gliwice.pl\/wiadomosci\/wp-json\/wp\/v2\/posts\/164385","targetHints":{"allow":["GET"]}}],"collection":[{"href":"https:\/\/www.24gliwice.pl\/wiadomosci\/wp-json\/wp\/v2\/posts"}],"about":[{"href":"https:\/\/www.24gliwice.pl\/wiadomosci\/wp-json\/wp\/v2\/types\/post"}],"author":[{"embeddable":true,"href":"https:\/\/www.24gliwice.pl\/wiadomosci\/wp-json\/wp\/v2\/users\/15"}],"replies":[{"embeddable":true,"href":"https:\/\/www.24gliwice.pl\/wiadomosci\/wp-json\/wp\/v2\/comments?post=164385"}],"version-history":[{"count":0,"href":"https:\/\/www.24gliwice.pl\/wiadomosci\/wp-json\/wp\/v2\/posts\/164385\/revisions"}],"wp:attachment":[{"href":"https:\/\/www.24gliwice.pl\/wiadomosci\/wp-json\/wp\/v2\/media?parent=164385"}],"wp:term":[{"taxonomy":"category","embeddable":true,"href":"https:\/\/www.24gliwice.pl\/wiadomosci\/wp-json\/wp\/v2\/categories?post=164385"},{"taxonomy":"post_tag","embeddable":true,"href":"https:\/\/www.24gliwice.pl\/wiadomosci\/wp-json\/wp\/v2\/tags?post=164385"}],"curies":[{"name":"wp","href":"https:\/\/api.w.org\/{rel}","templated":true}]}}