{"id":164404,"date":"2021-02-03T13:00:19","date_gmt":"2021-02-03T12:00:19","guid":{"rendered":"https:\/\/www.24gliwice.pl\/wiadomosci\/?p=164404"},"modified":"2021-02-03T13:02:23","modified_gmt":"2021-02-03T12:02:23","slug":"zmiany-w-dzialaniu-biblioteki-miejskiej-ksiazki-mozna-samodzielnie-wybierac-na-regalach","status":"publish","type":"post","link":"https:\/\/www.24gliwice.pl\/wiadomosci\/zmiany-w-dzialaniu-biblioteki-miejskiej-ksiazki-mozna-samodzielnie-wybierac-na-regalach\/","title":{"rendered":"Zmiany w dzia\u0142aniu Biblioteki Miejskiej. Ksi\u0105\u017cek mo\u017cna szuka\u0107 na rega\u0142ach samodzielnie"},"content":{"rendered":"<div class=\"gliwi-a6-nad-leadem-artykulow gliwi-entity-placement\" id=\"gliwi-2508298268\"><div class=\"gliwi-adlabel\"><span style=\"font-size: 9px\">REKLAMA<\/span><\/div><div id=\"gliwi-1444385066\" style=\"margin-bottom: 30px;margin-left: auto;margin-right: auto;text-align: center;\"><a data-no-instant=\"1\" href=\"https:\/\/przedszkole.halogen.org.pl\/\" rel=\"noopener\" class=\"a2t-link\" target=\"_blank\" aria-label=\"20260402-ANIMATOR-przedszkole_grafika_750x200\"><img loading=\"lazy\" decoding=\"async\" src=\"https:\/\/www.24gliwice.pl\/wiadomosci\/wp-content\/uploads\/2026\/04\/20260402-ANIMATOR-przedszkole_grafika_750x200.webp\" alt=\"\"  srcset=\"https:\/\/www.24gliwice.pl\/wiadomosci\/wp-content\/uploads\/2026\/04\/20260402-ANIMATOR-przedszkole_grafika_750x200.webp 750w, https:\/\/www.24gliwice.pl\/wiadomosci\/wp-content\/uploads\/2026\/04\/20260402-ANIMATOR-przedszkole_grafika_750x200-410x109.webp 410w\" sizes=\"(max-width: 750px) 100vw, 750px\" class=\"no-lazyload\" width=\"750\" height=\"200\"  style=\"display: inline-block; max-width: 100%; height: auto;\" \/><\/a><\/div><\/div><h2>Zmiany w Miejskiej Bibliotece Publicznej w Gliwicach &#8211; ksi\u0105\u017cki mo\u017cna wypo\u017cycza\u0107 r\u00f3wnie\u017c w soboty, a niekt\u00f3re filie wyd\u0142u\u017cy\u0142y godziny otwarcia. Zgodnie z wytycznymi Biblioteki Narodowej mo\u017cna te\u017c samodzielnie wyszukiwa\u0107 pozycje ksi\u0105\u017ckowe na bibliotecznych rega\u0142ach.<\/h2>\n<p>&nbsp;<br \/>\nPrzyszed\u0142 czas na kolejne udogodnienia dla czytelnik\u00f3w. Od 1 lutego ponownie Biblioteka Centralna i Biblioforum oraz filie nr: 1, 5, 7, 9, 13, 16, 17, 20, 21 i 30 s\u0105 czynne r\u00f3wnie\u017c w soboty. Szczeg\u00f3\u0142owy informacje na temat godzin otwarcia wszystkich filii mo\u017cna znale\u017a\u0107 na <a href=\"https:\/\/biblioteka.gliwice.pl\/o-bibliotece\/godziny-otwarcia\/\" rel=\"noopener noreferrer\" target=\"_blank\">stronie MBP<\/a>.<\/p>\n<p>Czytelnicy korzystaj\u0105cy z biblioteki zobowi\u0105zani s\u0105 do zas\u0142aniania ust i nosa, dezynfekcji r\u0105k w miejscach do tego wyznaczonych oraz zachowania 1,5 m odst\u0119pu pomi\u0119dzy osobami. Obs\u0142uga czytelnik\u00f3w odbywa si\u0119 przy ladzie bibliotecznej. Ponadto obowi\u0105zuje limit os\u00f3b r\u00f3wnocze\u015bnie przebywaj\u0105cych na terenie wypo\u017cyczalni w zale\u017cno\u015bci od wielko\u015bci plac\u00f3wki (zobacz: <a href=\"https:\/\/biblioteka.gliwice.pl\/wolny-dostep-do-ksiegozbioru-od-25-stycznia\/\" rel=\"noopener noreferrer\" target=\"_blank\">https:\/\/biblioteka.gliwice.pl\/wolny-dostep-do-ksiegozbioru-od-25-stycznia\/<\/a>).<\/p><div class=\"gliwi-a3-w-tresci-artykulow gliwi-entity-placement\" id=\"gliwi-2375846299\"><div class=\"gliwi-adlabel\"><span style=\"font-size: 9px\">REKLAMA<\/span><\/div><div id=\"gliwi-1933278256\" style=\"margin-bottom: 30px;margin-left: auto;margin-right: auto;text-align: center;\"><a data-no-instant=\"1\" href=\"https:\/\/zlobek.halogen.org.pl\/\" rel=\"noopener\" class=\"a2t-link\" target=\"_blank\" aria-label=\"animator-zlobek_750x200\"><img loading=\"lazy\" decoding=\"async\" src=\"https:\/\/www.24gliwice.pl\/wiadomosci\/wp-content\/uploads\/2026\/02\/animator-zlobek_750x200.webp\" alt=\"\"  srcset=\"https:\/\/www.24gliwice.pl\/wiadomosci\/wp-content\/uploads\/2026\/02\/animator-zlobek_750x200.webp 750w, https:\/\/www.24gliwice.pl\/wiadomosci\/wp-content\/uploads\/2026\/02\/animator-zlobek_750x200-410x109.webp 410w\" sizes=\"(max-width: 750px) 100vw, 750px\" class=\"no-lazyload\" width=\"750\" height=\"200\"  style=\"display: inline-block; max-width: 100%; height: auto;\" \/><\/a><\/div><\/div>\n<p>Pozosta\u0142e osoby oczekuj\u0105ce na obs\u0142ug\u0119 pozostaj\u0105 na zewn\u0105trz biblioteki z zachowaniem bezpiecznej odleg\u0142o\u015bci w kolejce. <\/p>\n<p>Przypominamy, \u017ce nadal pozostaj\u0105 zamkni\u0119te czytelnie, nie ma te\u017c mo\u017cliwo\u015bci skorzystania ze stanowisk komputerowych.<\/p>\n<p>Uwaga! Planuj\u0105c wizyt\u0119 w bibliotece warto pami\u0119ta\u0107, \u017ce we wszystkich plac\u00f3wkach MBP obowi\u0105zuje przerwa w godzinach od 13:00 do 14:00 \u2013 odbywa si\u0119 w\u00f3wczas dezynfekcja i wietrzenie pomieszcze\u0144.<\/p>\n<p>Warto pami\u0119ta\u0107 o mo\u017cliwo\u015bci skorzystania z bezp\u0142atnego dost\u0119pu do ksi\u0105\u017cek elektronicznych za po\u015brednictwem platform Legimi i IBUK Libra. Kody aktywacyjne mo\u017cna otrzyma\u0107:<\/p>\n<li>LEGIMI \u2013 osobi\u015bcie, telefonicznie lub elektronicznie we wszystkich palc\u00f3wkach MBP,<\/li>\n<li>IBUK LIBRA poprzez formularz: <a href=\"https:\/\/biblioteka.gliwice.pl\/zbiory\/ibuk\/#zglossiepologindoibuka\" rel=\"noopener noreferrer\" target=\"_blank\">https:\/\/biblioteka.gliwice.pl\/zbiory\/ibuk\/#zglossiepologindoibuka<\/a>.<\/li>\n<p>(\u017cms)\/UM Gliwice<br \/>\nfot. px<\/p>\n<div class=\"gliwi-a5-na-koncu-artykulow gliwi-entity-placement\" id=\"gliwi-2335016342\"><div class=\"gliwi-adlabel\"><span style=\"font-size: 9px\">REKLAMA<\/span><\/div><div id=\"gliwi-955596091\" style=\"margin-left: auto;margin-right: auto;text-align: center;\"><a data-no-instant=\"1\" href=\"https:\/\/prezeroarenagliwice.pl\/\" rel=\"noopener\" class=\"a2t-link\" target=\"_blank\" aria-label=\"20260309-PREZERO-WIOSNA-D\"><img loading=\"lazy\" decoding=\"async\" src=\"https:\/\/www.24gliwice.pl\/wiadomosci\/wp-content\/uploads\/2026\/03\/20260309-PREZERO-WIOSNA-D.webp\" alt=\"\"  srcset=\"https:\/\/www.24gliwice.pl\/wiadomosci\/wp-content\/uploads\/2026\/03\/20260309-PREZERO-WIOSNA-D.webp 750w, https:\/\/www.24gliwice.pl\/wiadomosci\/wp-content\/uploads\/2026\/03\/20260309-PREZERO-WIOSNA-D-410x109.webp 410w\" sizes=\"(max-width: 750px) 100vw, 750px\" class=\"no-lazyload\" width=\"750\" height=\"200\"  style=\"display: inline-block; max-width: 100%; height: auto;\" \/><\/a><\/div><\/div>","protected":false},"excerpt":{"rendered":"<p>Zmiany w Miejskiej Bibliotece Publicznej w Gliwicach &#8211; ksi\u0105\u017cki mo\u017cna wypo\u017cycza\u0107 r\u00f3wnie\u017c w soboty, a niekt\u00f3re filie wyd\u0142u\u017cy\u0142y godziny otwarcia. Zgodnie z wytycznymi Biblioteki Narodowej mo\u017cna te\u017c samodzielnie wyszukiwa\u0107 pozycje ksi\u0105\u017ckowe na bibliotecznych rega\u0142ach. &nbsp; Przyszed\u0142 czas na kolejne udogodnienia dla czytelnik\u00f3w. Od 1 lutego ponownie Biblioteka Centralna i Biblioforum oraz filie nr: 1, 5, [&hellip;]<\/p>\n","protected":false},"author":15,"featured_media":0,"comment_status":"open","ping_status":"closed","sticky":false,"template":"","format":"standard","meta":{"_monsterinsights_skip_tracking":false,"_monsterinsights_sitenote_active":false,"_monsterinsights_sitenote_note":"","_monsterinsights_sitenote_category":0,"footnotes":"","_links_to":"","_links_to_target":""},"categories":[3,6,1],"tags":[19202],"class_list":["post-164404","post","type-post","status-publish","format-standard","hentry","category-gliwice","category-kultura","category-wszystko","tag-biblioteka-miejska"],"yoast_head":"<!-- This site is optimized with the Yoast SEO plugin v27.5 - https:\/\/yoast.com\/product\/yoast-seo-wordpress\/ -->\n<title>Zmiany w dzia\u0142aniu Biblioteki Miejskiej. Ksi\u0105\u017cek mo\u017cna szuka\u0107 na rega\u0142ach samodzielnie - 24GLIWICE - Portal Gliwice | codziennie nowe informacje<\/title>\n<meta name=\"robots\" content=\"index, follow, max-snippet:-1, max-image-preview:large, max-video-preview:-1\" \/>\n<link rel=\"canonical\" href=\"https:\/\/www.24gliwice.pl\/wiadomosci\/zmiany-w-dzialaniu-biblioteki-miejskiej-ksiazki-mozna-samodzielnie-wybierac-na-regalach\/\" \/>\n<meta property=\"og:locale\" content=\"pl_PL\" \/>\n<meta property=\"og:type\" content=\"article\" \/>\n<meta property=\"og:title\" content=\"Zmiany w dzia\u0142aniu Biblioteki Miejskiej. Ksi\u0105\u017cek mo\u017cna szuka\u0107 na rega\u0142ach samodzielnie - 24GLIWICE - Portal Gliwice | codziennie nowe informacje\" \/>\n<meta property=\"og:description\" content=\"Zmiany w Miejskiej Bibliotece Publicznej w Gliwicach &#8211; ksi\u0105\u017cki mo\u017cna wypo\u017cycza\u0107 r\u00f3wnie\u017c w soboty, a niekt\u00f3re filie wyd\u0142u\u017cy\u0142y godziny otwarcia. Zgodnie z wytycznymi Biblioteki Narodowej mo\u017cna te\u017c samodzielnie wyszukiwa\u0107 pozycje ksi\u0105\u017ckowe na bibliotecznych rega\u0142ach. &nbsp; Przyszed\u0142 czas na kolejne udogodnienia dla czytelnik\u00f3w. Od 1 lutego ponownie Biblioteka Centralna i Biblioforum oraz filie nr: 1, 5, [&hellip;]\" \/>\n<meta property=\"og:url\" content=\"https:\/\/www.24gliwice.pl\/wiadomosci\/zmiany-w-dzialaniu-biblioteki-miejskiej-ksiazki-mozna-samodzielnie-wybierac-na-regalach\/\" \/>\n<meta property=\"og:site_name\" content=\"24GLIWICE - Portal Gliwice | codziennie nowe informacje\" \/>\n<meta property=\"article:publisher\" content=\"https:\/\/www.facebook.com\/24gliwice\" \/>\n<meta property=\"article:published_time\" content=\"2021-02-03T12:00:19+00:00\" \/>\n<meta property=\"article:modified_time\" content=\"2021-02-03T12:02:23+00:00\" \/>\n<meta property=\"og:image\" content=\"https:\/\/www.24gliwice.pl\/wiadomosci\/wp-content\/uploads\/2017\/12\/ebiblioteka-e1512477053512.jpeg\" \/>\n\t<meta property=\"og:image:width\" content=\"810\" \/>\n\t<meta property=\"og:image:height\" content=\"455\" \/>\n\t<meta property=\"og:image:type\" content=\"image\/jpeg\" \/>\n<meta name=\"author\" content=\"\u017baneta Mrozek-Siewierska\" \/>\n<meta name=\"twitter:card\" content=\"summary_large_image\" \/>\n<meta name=\"twitter:creator\" content=\"@24gliwice\" \/>\n<meta name=\"twitter:site\" content=\"@24gliwice\" \/>\n<meta name=\"twitter:label1\" content=\"Napisane przez\" \/>\n\t<meta name=\"twitter:data1\" content=\"\u017baneta Mrozek-Siewierska\" \/>\n\t<meta name=\"twitter:label2\" content=\"Szacowany czas czytania\" \/>\n\t<meta name=\"twitter:data2\" content=\"1 minuta\" \/>\n<script type=\"application\/ld+json\" class=\"yoast-schema-graph\">{\"@context\":\"https:\\\/\\\/schema.org\",\"@graph\":[{\"@type\":\"Article\",\"@id\":\"https:\\\/\\\/www.24gliwice.pl\\\/wiadomosci\\\/zmiany-w-dzialaniu-biblioteki-miejskiej-ksiazki-mozna-samodzielnie-wybierac-na-regalach\\\/#article\",\"isPartOf\":{\"@id\":\"https:\\\/\\\/www.24gliwice.pl\\\/wiadomosci\\\/zmiany-w-dzialaniu-biblioteki-miejskiej-ksiazki-mozna-samodzielnie-wybierac-na-regalach\\\/\"},\"author\":{\"name\":\"\u017baneta Mrozek-Siewierska\",\"@id\":\"https:\\\/\\\/www.24gliwice.pl\\\/wiadomosci\\\/#\\\/schema\\\/person\\\/e42c650edd7f2fa332be3811fb166b6e\"},\"headline\":\"Zmiany w dzia\u0142aniu Biblioteki Miejskiej. Ksi\u0105\u017cek mo\u017cna szuka\u0107 na rega\u0142ach samodzielnie\",\"datePublished\":\"2021-02-03T12:00:19+00:00\",\"dateModified\":\"2021-02-03T12:02:23+00:00\",\"mainEntityOfPage\":{\"@id\":\"https:\\\/\\\/www.24gliwice.pl\\\/wiadomosci\\\/zmiany-w-dzialaniu-biblioteki-miejskiej-ksiazki-mozna-samodzielnie-wybierac-na-regalach\\\/\"},\"wordCount\":296,\"commentCount\":0,\"publisher\":{\"@id\":\"https:\\\/\\\/www.24gliwice.pl\\\/wiadomosci\\\/#organization\"},\"keywords\":[\"biblioteka miejska\"],\"articleSection\":[\"Gliwice\",\"Kultura, wydarzenia, imprezy\",\"Najnowsze wiadomo\u015bci\"],\"inLanguage\":\"pl-PL\",\"potentialAction\":[{\"@type\":\"CommentAction\",\"name\":\"Comment\",\"target\":[\"https:\\\/\\\/www.24gliwice.pl\\\/wiadomosci\\\/zmiany-w-dzialaniu-biblioteki-miejskiej-ksiazki-mozna-samodzielnie-wybierac-na-regalach\\\/#respond\"]}]},{\"@type\":\"WebPage\",\"@id\":\"https:\\\/\\\/www.24gliwice.pl\\\/wiadomosci\\\/zmiany-w-dzialaniu-biblioteki-miejskiej-ksiazki-mozna-samodzielnie-wybierac-na-regalach\\\/\",\"url\":\"https:\\\/\\\/www.24gliwice.pl\\\/wiadomosci\\\/zmiany-w-dzialaniu-biblioteki-miejskiej-ksiazki-mozna-samodzielnie-wybierac-na-regalach\\\/\",\"name\":\"Zmiany w dzia\u0142aniu Biblioteki Miejskiej. Ksi\u0105\u017cek mo\u017cna szuka\u0107 na rega\u0142ach samodzielnie - 24GLIWICE - Portal Gliwice | codziennie nowe informacje\",\"isPartOf\":{\"@id\":\"https:\\\/\\\/www.24gliwice.pl\\\/wiadomosci\\\/#website\"},\"datePublished\":\"2021-02-03T12:00:19+00:00\",\"dateModified\":\"2021-02-03T12:02:23+00:00\",\"breadcrumb\":{\"@id\":\"https:\\\/\\\/www.24gliwice.pl\\\/wiadomosci\\\/zmiany-w-dzialaniu-biblioteki-miejskiej-ksiazki-mozna-samodzielnie-wybierac-na-regalach\\\/#breadcrumb\"},\"inLanguage\":\"pl-PL\",\"potentialAction\":[{\"@type\":\"ReadAction\",\"target\":[\"https:\\\/\\\/www.24gliwice.pl\\\/wiadomosci\\\/zmiany-w-dzialaniu-biblioteki-miejskiej-ksiazki-mozna-samodzielnie-wybierac-na-regalach\\\/\"]}]},{\"@type\":\"BreadcrumbList\",\"@id\":\"https:\\\/\\\/www.24gliwice.pl\\\/wiadomosci\\\/zmiany-w-dzialaniu-biblioteki-miejskiej-ksiazki-mozna-samodzielnie-wybierac-na-regalach\\\/#breadcrumb\",\"itemListElement\":[{\"@type\":\"ListItem\",\"position\":1,\"name\":\"Strona g\u0142\u00f3wna\",\"item\":\"https:\\\/\\\/www.24gliwice.pl\\\/wiadomosci\\\/\"},{\"@type\":\"ListItem\",\"position\":2,\"name\":\"Zmiany w dzia\u0142aniu Biblioteki Miejskiej. Ksi\u0105\u017cek mo\u017cna szuka\u0107 na rega\u0142ach samodzielnie\"}]},{\"@type\":\"WebSite\",\"@id\":\"https:\\\/\\\/www.24gliwice.pl\\\/wiadomosci\\\/#website\",\"url\":\"https:\\\/\\\/www.24gliwice.pl\\\/wiadomosci\\\/\",\"name\":\"24GLIWICE - Portal Gliwice | codziennie nowe wiadomo\u015bci\",\"description\":\"Portal Miejski Gliwice\",\"publisher\":{\"@id\":\"https:\\\/\\\/www.24gliwice.pl\\\/wiadomosci\\\/#organization\"},\"potentialAction\":[{\"@type\":\"SearchAction\",\"target\":{\"@type\":\"EntryPoint\",\"urlTemplate\":\"https:\\\/\\\/www.24gliwice.pl\\\/wiadomosci\\\/?s={search_term_string}\"},\"query-input\":{\"@type\":\"PropertyValueSpecification\",\"valueRequired\":true,\"valueName\":\"search_term_string\"}}],\"inLanguage\":\"pl-PL\"},{\"@type\":\"Organization\",\"@id\":\"https:\\\/\\\/www.24gliwice.pl\\\/wiadomosci\\\/#organization\",\"name\":\"24gliwice\",\"url\":\"https:\\\/\\\/www.24gliwice.pl\\\/wiadomosci\\\/\",\"logo\":{\"@type\":\"ImageObject\",\"inLanguage\":\"pl-PL\",\"@id\":\"https:\\\/\\\/www.24gliwice.pl\\\/wiadomosci\\\/#\\\/schema\\\/logo\\\/image\\\/\",\"url\":\"https:\\\/\\\/www.24gliwice.pl\\\/wiadomosci\\\/wp-content\\\/uploads\\\/2024\\\/10\\\/24gliwice-logo-696.jpg\",\"contentUrl\":\"https:\\\/\\\/www.24gliwice.pl\\\/wiadomosci\\\/wp-content\\\/uploads\\\/2024\\\/10\\\/24gliwice-logo-696.jpg\",\"width\":696,\"height\":696,\"caption\":\"24gliwice\"},\"image\":{\"@id\":\"https:\\\/\\\/www.24gliwice.pl\\\/wiadomosci\\\/#\\\/schema\\\/logo\\\/image\\\/\"},\"sameAs\":[\"https:\\\/\\\/www.facebook.com\\\/24gliwice\",\"https:\\\/\\\/x.com\\\/24gliwice\",\"https:\\\/\\\/www.youtube.com\\\/@24gliwice\"]},{\"@type\":\"Person\",\"@id\":\"https:\\\/\\\/www.24gliwice.pl\\\/wiadomosci\\\/#\\\/schema\\\/person\\\/e42c650edd7f2fa332be3811fb166b6e\",\"name\":\"\u017baneta Mrozek-Siewierska\",\"image\":{\"@type\":\"ImageObject\",\"inLanguage\":\"pl-PL\",\"@id\":\"https:\\\/\\\/secure.gravatar.com\\\/avatar\\\/1881429e9c64597c77ad7aef2d0a19be69a3253e57534d16aa15bf3a4d34a0a3?s=96&d=mm&r=g\",\"url\":\"https:\\\/\\\/secure.gravatar.com\\\/avatar\\\/1881429e9c64597c77ad7aef2d0a19be69a3253e57534d16aa15bf3a4d34a0a3?s=96&d=mm&r=g\",\"contentUrl\":\"https:\\\/\\\/secure.gravatar.com\\\/avatar\\\/1881429e9c64597c77ad7aef2d0a19be69a3253e57534d16aa15bf3a4d34a0a3?s=96&d=mm&r=g\",\"caption\":\"\u017baneta Mrozek-Siewierska\"},\"url\":\"https:\\\/\\\/www.24gliwice.pl\\\/wiadomosci\\\/author\\\/zms\\\/\"}]}<\/script>\n<!-- \/ Yoast SEO plugin. -->","yoast_head_json":{"title":"Zmiany w dzia\u0142aniu Biblioteki Miejskiej. Ksi\u0105\u017cek mo\u017cna szuka\u0107 na rega\u0142ach samodzielnie - 24GLIWICE - Portal Gliwice | codziennie nowe informacje","robots":{"index":"index","follow":"follow","max-snippet":"max-snippet:-1","max-image-preview":"max-image-preview:large","max-video-preview":"max-video-preview:-1"},"canonical":"https:\/\/www.24gliwice.pl\/wiadomosci\/zmiany-w-dzialaniu-biblioteki-miejskiej-ksiazki-mozna-samodzielnie-wybierac-na-regalach\/","og_locale":"pl_PL","og_type":"article","og_title":"Zmiany w dzia\u0142aniu Biblioteki Miejskiej. Ksi\u0105\u017cek mo\u017cna szuka\u0107 na rega\u0142ach samodzielnie - 24GLIWICE - Portal Gliwice | codziennie nowe informacje","og_description":"Zmiany w Miejskiej Bibliotece Publicznej w Gliwicach &#8211; ksi\u0105\u017cki mo\u017cna wypo\u017cycza\u0107 r\u00f3wnie\u017c w soboty, a niekt\u00f3re filie wyd\u0142u\u017cy\u0142y godziny otwarcia. Zgodnie z wytycznymi Biblioteki Narodowej mo\u017cna te\u017c samodzielnie wyszukiwa\u0107 pozycje ksi\u0105\u017ckowe na bibliotecznych rega\u0142ach. &nbsp; Przyszed\u0142 czas na kolejne udogodnienia dla czytelnik\u00f3w. Od 1 lutego ponownie Biblioteka Centralna i Biblioforum oraz filie nr: 1, 5, [&hellip;]","og_url":"https:\/\/www.24gliwice.pl\/wiadomosci\/zmiany-w-dzialaniu-biblioteki-miejskiej-ksiazki-mozna-samodzielnie-wybierac-na-regalach\/","og_site_name":"24GLIWICE - Portal Gliwice | codziennie nowe informacje","article_publisher":"https:\/\/www.facebook.com\/24gliwice","article_published_time":"2021-02-03T12:00:19+00:00","article_modified_time":"2021-02-03T12:02:23+00:00","og_image":[{"width":810,"height":455,"url":"https:\/\/www.24gliwice.pl\/wiadomosci\/wp-content\/uploads\/2017\/12\/ebiblioteka-e1512477053512.jpeg","type":"image\/jpeg"}],"author":"\u017baneta Mrozek-Siewierska","twitter_card":"summary_large_image","twitter_creator":"@24gliwice","twitter_site":"@24gliwice","twitter_misc":{"Napisane przez":"\u017baneta Mrozek-Siewierska","Szacowany czas czytania":"1 minuta"},"schema":{"@context":"https:\/\/schema.org","@graph":[{"@type":"Article","@id":"https:\/\/www.24gliwice.pl\/wiadomosci\/zmiany-w-dzialaniu-biblioteki-miejskiej-ksiazki-mozna-samodzielnie-wybierac-na-regalach\/#article","isPartOf":{"@id":"https:\/\/www.24gliwice.pl\/wiadomosci\/zmiany-w-dzialaniu-biblioteki-miejskiej-ksiazki-mozna-samodzielnie-wybierac-na-regalach\/"},"author":{"name":"\u017baneta Mrozek-Siewierska","@id":"https:\/\/www.24gliwice.pl\/wiadomosci\/#\/schema\/person\/e42c650edd7f2fa332be3811fb166b6e"},"headline":"Zmiany w dzia\u0142aniu Biblioteki Miejskiej. Ksi\u0105\u017cek mo\u017cna szuka\u0107 na rega\u0142ach samodzielnie","datePublished":"2021-02-03T12:00:19+00:00","dateModified":"2021-02-03T12:02:23+00:00","mainEntityOfPage":{"@id":"https:\/\/www.24gliwice.pl\/wiadomosci\/zmiany-w-dzialaniu-biblioteki-miejskiej-ksiazki-mozna-samodzielnie-wybierac-na-regalach\/"},"wordCount":296,"commentCount":0,"publisher":{"@id":"https:\/\/www.24gliwice.pl\/wiadomosci\/#organization"},"keywords":["biblioteka miejska"],"articleSection":["Gliwice","Kultura, wydarzenia, imprezy","Najnowsze wiadomo\u015bci"],"inLanguage":"pl-PL","potentialAction":[{"@type":"CommentAction","name":"Comment","target":["https:\/\/www.24gliwice.pl\/wiadomosci\/zmiany-w-dzialaniu-biblioteki-miejskiej-ksiazki-mozna-samodzielnie-wybierac-na-regalach\/#respond"]}]},{"@type":"WebPage","@id":"https:\/\/www.24gliwice.pl\/wiadomosci\/zmiany-w-dzialaniu-biblioteki-miejskiej-ksiazki-mozna-samodzielnie-wybierac-na-regalach\/","url":"https:\/\/www.24gliwice.pl\/wiadomosci\/zmiany-w-dzialaniu-biblioteki-miejskiej-ksiazki-mozna-samodzielnie-wybierac-na-regalach\/","name":"Zmiany w dzia\u0142aniu Biblioteki Miejskiej. Ksi\u0105\u017cek mo\u017cna szuka\u0107 na rega\u0142ach samodzielnie - 24GLIWICE - Portal Gliwice | codziennie nowe informacje","isPartOf":{"@id":"https:\/\/www.24gliwice.pl\/wiadomosci\/#website"},"datePublished":"2021-02-03T12:00:19+00:00","dateModified":"2021-02-03T12:02:23+00:00","breadcrumb":{"@id":"https:\/\/www.24gliwice.pl\/wiadomosci\/zmiany-w-dzialaniu-biblioteki-miejskiej-ksiazki-mozna-samodzielnie-wybierac-na-regalach\/#breadcrumb"},"inLanguage":"pl-PL","potentialAction":[{"@type":"ReadAction","target":["https:\/\/www.24gliwice.pl\/wiadomosci\/zmiany-w-dzialaniu-biblioteki-miejskiej-ksiazki-mozna-samodzielnie-wybierac-na-regalach\/"]}]},{"@type":"BreadcrumbList","@id":"https:\/\/www.24gliwice.pl\/wiadomosci\/zmiany-w-dzialaniu-biblioteki-miejskiej-ksiazki-mozna-samodzielnie-wybierac-na-regalach\/#breadcrumb","itemListElement":[{"@type":"ListItem","position":1,"name":"Strona g\u0142\u00f3wna","item":"https:\/\/www.24gliwice.pl\/wiadomosci\/"},{"@type":"ListItem","position":2,"name":"Zmiany w dzia\u0142aniu Biblioteki Miejskiej. Ksi\u0105\u017cek mo\u017cna szuka\u0107 na rega\u0142ach samodzielnie"}]},{"@type":"WebSite","@id":"https:\/\/www.24gliwice.pl\/wiadomosci\/#website","url":"https:\/\/www.24gliwice.pl\/wiadomosci\/","name":"24GLIWICE - Portal Gliwice | codziennie nowe wiadomo\u015bci","description":"Portal Miejski Gliwice","publisher":{"@id":"https:\/\/www.24gliwice.pl\/wiadomosci\/#organization"},"potentialAction":[{"@type":"SearchAction","target":{"@type":"EntryPoint","urlTemplate":"https:\/\/www.24gliwice.pl\/wiadomosci\/?s={search_term_string}"},"query-input":{"@type":"PropertyValueSpecification","valueRequired":true,"valueName":"search_term_string"}}],"inLanguage":"pl-PL"},{"@type":"Organization","@id":"https:\/\/www.24gliwice.pl\/wiadomosci\/#organization","name":"24gliwice","url":"https:\/\/www.24gliwice.pl\/wiadomosci\/","logo":{"@type":"ImageObject","inLanguage":"pl-PL","@id":"https:\/\/www.24gliwice.pl\/wiadomosci\/#\/schema\/logo\/image\/","url":"https:\/\/www.24gliwice.pl\/wiadomosci\/wp-content\/uploads\/2024\/10\/24gliwice-logo-696.jpg","contentUrl":"https:\/\/www.24gliwice.pl\/wiadomosci\/wp-content\/uploads\/2024\/10\/24gliwice-logo-696.jpg","width":696,"height":696,"caption":"24gliwice"},"image":{"@id":"https:\/\/www.24gliwice.pl\/wiadomosci\/#\/schema\/logo\/image\/"},"sameAs":["https:\/\/www.facebook.com\/24gliwice","https:\/\/x.com\/24gliwice","https:\/\/www.youtube.com\/@24gliwice"]},{"@type":"Person","@id":"https:\/\/www.24gliwice.pl\/wiadomosci\/#\/schema\/person\/e42c650edd7f2fa332be3811fb166b6e","name":"\u017baneta Mrozek-Siewierska","image":{"@type":"ImageObject","inLanguage":"pl-PL","@id":"https:\/\/secure.gravatar.com\/avatar\/1881429e9c64597c77ad7aef2d0a19be69a3253e57534d16aa15bf3a4d34a0a3?s=96&d=mm&r=g","url":"https:\/\/secure.gravatar.com\/avatar\/1881429e9c64597c77ad7aef2d0a19be69a3253e57534d16aa15bf3a4d34a0a3?s=96&d=mm&r=g","contentUrl":"https:\/\/secure.gravatar.com\/avatar\/1881429e9c64597c77ad7aef2d0a19be69a3253e57534d16aa15bf3a4d34a0a3?s=96&d=mm&r=g","caption":"\u017baneta Mrozek-Siewierska"},"url":"https:\/\/www.24gliwice.pl\/wiadomosci\/author\/zms\/"}]}},"_links":{"self":[{"href":"https:\/\/www.24gliwice.pl\/wiadomosci\/wp-json\/wp\/v2\/posts\/164404","targetHints":{"allow":["GET"]}}],"collection":[{"href":"https:\/\/www.24gliwice.pl\/wiadomosci\/wp-json\/wp\/v2\/posts"}],"about":[{"href":"https:\/\/www.24gliwice.pl\/wiadomosci\/wp-json\/wp\/v2\/types\/post"}],"author":[{"embeddable":true,"href":"https:\/\/www.24gliwice.pl\/wiadomosci\/wp-json\/wp\/v2\/users\/15"}],"replies":[{"embeddable":true,"href":"https:\/\/www.24gliwice.pl\/wiadomosci\/wp-json\/wp\/v2\/comments?post=164404"}],"version-history":[{"count":0,"href":"https:\/\/www.24gliwice.pl\/wiadomosci\/wp-json\/wp\/v2\/posts\/164404\/revisions"}],"wp:attachment":[{"href":"https:\/\/www.24gliwice.pl\/wiadomosci\/wp-json\/wp\/v2\/media?parent=164404"}],"wp:term":[{"taxonomy":"category","embeddable":true,"href":"https:\/\/www.24gliwice.pl\/wiadomosci\/wp-json\/wp\/v2\/categories?post=164404"},{"taxonomy":"post_tag","embeddable":true,"href":"https:\/\/www.24gliwice.pl\/wiadomosci\/wp-json\/wp\/v2\/tags?post=164404"}],"curies":[{"name":"wp","href":"https:\/\/api.w.org\/{rel}","templated":true}]}}