{"id":164470,"date":"2021-02-04T12:56:06","date_gmt":"2021-02-04T11:56:06","guid":{"rendered":"https:\/\/www.24gliwice.pl\/wiadomosci\/?p=164470"},"modified":"2021-02-04T13:48:25","modified_gmt":"2021-02-04T12:48:25","slug":"miasto-zagospodaruje-budynek-po-panstwowej-szkole-muzycznej-znajdzie-sie-tam-nowa-siedziba-gcop","status":"publish","type":"post","link":"https:\/\/www.24gliwice.pl\/wiadomosci\/miasto-zagospodaruje-budynek-po-panstwowej-szkole-muzycznej-znajdzie-sie-tam-nowa-siedziba-gcop\/","title":{"rendered":"Miasto zagospodaruje budynek po Pa\u0144stwowej Szkole Muzycznej. Znajdzie si\u0119 tam nowa siedziba GCOP"},"content":{"rendered":"<div class=\"gliwi-a6-nad-leadem-artykulow gliwi-entity-placement\" id=\"gliwi-2067017306\"><div class=\"gliwi-adlabel\"><span style=\"font-size: 9px\">REKLAMA<\/span><\/div><div id=\"gliwi-2043984566\" style=\"margin-bottom: 30px;margin-left: auto;margin-right: auto;text-align: center;\"><a data-no-instant=\"1\" href=\"https:\/\/przedszkole.halogen.org.pl\/\" rel=\"noopener\" class=\"a2t-link\" target=\"_blank\" aria-label=\"20260402-ANIMATOR-przedszkole_grafika_750x200\"><img loading=\"lazy\" decoding=\"async\" src=\"https:\/\/www.24gliwice.pl\/wiadomosci\/wp-content\/uploads\/2026\/04\/20260402-ANIMATOR-przedszkole_grafika_750x200.webp\" alt=\"\"  srcset=\"https:\/\/www.24gliwice.pl\/wiadomosci\/wp-content\/uploads\/2026\/04\/20260402-ANIMATOR-przedszkole_grafika_750x200.webp 750w, https:\/\/www.24gliwice.pl\/wiadomosci\/wp-content\/uploads\/2026\/04\/20260402-ANIMATOR-przedszkole_grafika_750x200-410x109.webp 410w\" sizes=\"(max-width: 750px) 100vw, 750px\" class=\"no-lazyload\" width=\"750\" height=\"200\"  style=\"display: inline-block; max-width: 100%; height: auto;\" \/><\/a><\/div><\/div><h2><a href=\"https:\/\/www.24gliwice.pl\/wiadomosci\/rusza-remont-przyszlej-siedziby-panstwowej-szkoly-muzycznej\/\" target=\"_blank\" rel=\"noopener noreferrer\">Pa\u0144stwowa Szko\u0142a Muzyczna zostanie przeniesiona do nowej siedziby<\/a>, zwalniaj\u0105c tym samym dotychczasow\u0105 w budynku przy ulicy Siemi\u0144skiego. Dla tego ostatniego miasto znalaz\u0142o ju\u017c zastosowanie. Po remoncie przeprowadzi si\u0119 tam Gliwickie Centrum Organizacji Pozarz\u0105dowych.<\/h2>\n<p>Obecnie g\u0142\u00f3wna siedziba GCOP znajduje si\u0119 przy ul. Zwyci\u0119stwa 1, gdzie dzia\u0142a administracja, Dzia\u0142 NGO i Projekt\u00f3w oraz Dzia\u0142 Aktywno\u015bci Spo\u0142ecznej. Przy ul. Jagiello\u0144skiej 21 realizowany jest projekt \u201eTwoja spo\u0142eczno\u015b\u0107 Twoj\u0105 szans\u0105\u201d, a przy ul. Studziennej 6 dzia\u0142a Strefa Seniora. Organizacje pozarz\u0105dowe i spo\u0142ecznicy maj\u0105 do dyspozycji r\u00f3wnie\u017c sale w M\u0142odzie\u017cowym Domu Kultury przy ul. Barlickiego 3, ale stacjonarne biuro GCOP w tej lokalizacji ju\u017c nie funkcjonuje.<\/p>\n<p><a href=\"https:\/\/www.24gliwice.pl\/wiadomosci\/wp-content\/uploads\/2021\/02\/szkola-muzyczna-gcop-sieminskiego-2.jpg\"><img loading=\"lazy\" decoding=\"async\" class=\"alignnone size-full wp-image-164483\" src=\"https:\/\/www.24gliwice.pl\/wiadomosci\/wp-content\/uploads\/2021\/02\/szkola-muzyczna-gcop-sieminskiego-2.jpg\" alt=\"\" width=\"810\" height=\"456\" srcset=\"https:\/\/www.24gliwice.pl\/wiadomosci\/wp-content\/uploads\/2021\/02\/szkola-muzyczna-gcop-sieminskiego-2.jpg 810w, https:\/\/www.24gliwice.pl\/wiadomosci\/wp-content\/uploads\/2021\/02\/szkola-muzyczna-gcop-sieminskiego-2-410x232.jpg 410w, https:\/\/www.24gliwice.pl\/wiadomosci\/wp-content\/uploads\/2021\/02\/szkola-muzyczna-gcop-sieminskiego-2-808x455.jpg 808w, https:\/\/www.24gliwice.pl\/wiadomosci\/wp-content\/uploads\/2021\/02\/szkola-muzyczna-gcop-sieminskiego-2-768x432.jpg 768w\" sizes=\"auto, (max-width: 810px) 100vw, 810px\" \/><\/a><\/p>\n<p>Po przenosinach Pa\u0144stwowej Szko\u0142y Muzycznej I i II stopnia im. Ludomira R\u00f3\u017cyckiego do nowej siedziby przy ul. Ziemowita, GCOP przejmie aktualny budynek szko\u0142y przy ul. Siemi\u0144skiego 6.<\/p><div class=\"gliwi-a3-w-tresci-artykulow gliwi-entity-placement\" id=\"gliwi-3610761119\"><div class=\"gliwi-adlabel\"><span style=\"font-size: 9px\">REKLAMA<\/span><\/div><div id=\"gliwi-821255630\" style=\"margin-bottom: 30px;margin-left: auto;margin-right: auto;text-align: center;\"><a data-no-instant=\"1\" href=\"https:\/\/ogrodyandersa.pl\/\" rel=\"noopener\" class=\"a2t-link\" target=\"_blank\" aria-label=\"20260415 Ogrody Andersa KUP TERAZ D\"><img loading=\"lazy\" decoding=\"async\" src=\"https:\/\/www.24gliwice.pl\/wiadomosci\/wp-content\/uploads\/2026\/04\/20260415-Ogrody-Andersa-KUP-TERAZ-D.jpg\" alt=\"\"  srcset=\"https:\/\/www.24gliwice.pl\/wiadomosci\/wp-content\/uploads\/2026\/04\/20260415-Ogrody-Andersa-KUP-TERAZ-D.jpg 750w, https:\/\/www.24gliwice.pl\/wiadomosci\/wp-content\/uploads\/2026\/04\/20260415-Ogrody-Andersa-KUP-TERAZ-D-410x109.jpg 410w\" sizes=\"(max-width: 750px) 100vw, 750px\" class=\"no-lazyload\" width=\"750\" height=\"200\"  style=\"display: inline-block; max-width: 100%; height: auto;\" \/><\/a><\/div><\/div>\n<h4>Po adaptacji b\u0119d\u0105 mie\u015bci\u0142y si\u0119 tam wszystkie dzia\u0142y GCOP. Rozpocz\u0119cie prac modernizacyjnych budynku nast\u0105pi nie wcze\u015bniej ni\u017c za dwa lata.<\/h4>\n<p>\u2013 <em>Niezmiernie cieszy nas ta mo\u017cliwo\u015b\u0107, poniewa\u017c pozwoli stworzy\u0107 miejsce dost\u0119pne mieszka\u0144com, w \u015bwietnej lokalizacji. Zamierzamy stworzy\u0107 tam nowoczesne centrum wspieraj\u0105ce aktywno\u015b\u0107 mieszka\u0144c\u00f3w i dzia\u0142ania organizacji pozarz\u0105dowych<\/em> \u2013 m\u00f3wi <strong>Marta Kry\u015b<\/strong>, dyrektorka GCOP.<\/p>\n<h4>Budynek z bogat\u0105 histori\u0105<\/h4>\n<p>Okaza\u0142y gmach przy ulicy Siemi\u0144skiego 6, bezpo\u015brednio s\u0105siaduj\u0105cy ze skwerem Bottrop, ma do\u015b\u0107 d\u0142ug\u0105 i ciekaw\u0105 histori\u0119. Jak wynika z archiwalnych plan\u00f3w, opr\u00f3cz parku budynek s\u0105siadowa\u0142 z kortami tenisowymi przy obecnej ul. M\u0142y\u0144skiej. Od strony gospodarczego podw\u00f3rka najbli\u017cej ulicy sta\u0142 istniej\u0105cy do dzi\u015b budynek, w kt\u00f3rym mie\u015bci\u0142y si\u0119 wozownia, pomieszczenie na uprz\u0105\u017c, izba wo\u017anicy, stajnie oraz dom ogrodnika. Co ciekawe, w budynku przed wojn\u0105, opr\u00f3cz biur, znajdowa\u0142y si\u0119 tak\u017ce mieszkania urz\u0119dnik\u00f3w.<\/p>\n<p>\u2013 Budynek, wzniesiony w stylu neoklasycznym, nale\u017ca\u0142 do 1924 roku do Jenny Schlesinger, a potem do gminy Gliwice. Do ko\u0144ca wojny znajdowa\u0142y si\u0119 tu niemieckie wydzia\u0142y urz\u0119du miasta, po wojnie, do czasu przekazania szkole, r\u00f3wnie\u017c urz\u0119dy Prezydium Miejskiej Rady Narodowej &#8211; dowiadujemy si\u0119 ze strony internetowej Pa\u0144stwowej Szko\u0142y Muzycznej.<\/p>\n<p>(oprac. \u017cms\/mpp)\/UM Gliwice(mf)<br \/>\nfot. 24gliwice.pl\/\u017bMS<\/p>\n<div class=\"gliwi-a5-na-koncu-artykulow gliwi-entity-placement\" id=\"gliwi-4240299042\"><div class=\"gliwi-adlabel\"><span style=\"font-size: 9px\">REKLAMA<\/span><\/div><div id=\"gliwi-3287713847\" style=\"margin-left: auto;margin-right: auto;text-align: center;\"><a data-no-instant=\"1\" href=\"https:\/\/prezeroarenagliwice.pl\/\" rel=\"noopener\" class=\"a2t-link\" target=\"_blank\" aria-label=\"20260309-PREZERO-WIOSNA-D\"><img loading=\"lazy\" decoding=\"async\" src=\"https:\/\/www.24gliwice.pl\/wiadomosci\/wp-content\/uploads\/2026\/03\/20260309-PREZERO-WIOSNA-D.webp\" alt=\"\"  srcset=\"https:\/\/www.24gliwice.pl\/wiadomosci\/wp-content\/uploads\/2026\/03\/20260309-PREZERO-WIOSNA-D.webp 750w, https:\/\/www.24gliwice.pl\/wiadomosci\/wp-content\/uploads\/2026\/03\/20260309-PREZERO-WIOSNA-D-410x109.webp 410w\" sizes=\"(max-width: 750px) 100vw, 750px\" class=\"no-lazyload\" width=\"750\" height=\"200\"  style=\"display: inline-block; max-width: 100%; height: auto;\" \/><\/a><\/div><\/div>","protected":false},"excerpt":{"rendered":"<p>Pa\u0144stwowa Szko\u0142a Muzyczna zostanie przeniesiona do nowej siedziby, zwalniaj\u0105c tym samym dotychczasow\u0105 w budynku przy ulicy Siemi\u0144skiego. Dla tego ostatniego miasto znalaz\u0142o ju\u017c zastosowanie. Po remoncie przeprowadzi si\u0119 tam Gliwickie Centrum Organizacji Pozarz\u0105dowych. Obecnie g\u0142\u00f3wna siedziba GCOP znajduje si\u0119 przy ul. Zwyci\u0119stwa 1, gdzie dzia\u0142a administracja, Dzia\u0142 NGO i Projekt\u00f3w oraz Dzia\u0142 Aktywno\u015bci Spo\u0142ecznej. Przy [&hellip;]<\/p>\n","protected":false},"author":15,"featured_media":164492,"comment_status":"open","ping_status":"closed","sticky":false,"template":"","format":"standard","meta":{"_monsterinsights_skip_tracking":false,"_monsterinsights_sitenote_active":false,"_monsterinsights_sitenote_note":"","_monsterinsights_sitenote_category":0,"footnotes":"","_links_to":"","_links_to_target":""},"categories":[3,6,1,9],"tags":[6048],"class_list":["post-164470","post","type-post","status-publish","format-standard","has-post-thumbnail","hentry","category-gliwice","category-kultura","category-wszystko","category-aktualnosci_lokalne","tag-gcop"],"yoast_head":"<!-- This site is optimized with the Yoast SEO plugin v27.5 - https:\/\/yoast.com\/product\/yoast-seo-wordpress\/ -->\n<title>Miasto zagospodaruje budynek po Pa\u0144stwowej Szkole Muzycznej. Znajdzie si\u0119 tam nowa siedziba GCOP - 24GLIWICE - Portal Gliwice | codziennie nowe informacje<\/title>\n<meta name=\"robots\" content=\"index, follow, max-snippet:-1, max-image-preview:large, max-video-preview:-1\" \/>\n<link rel=\"canonical\" href=\"https:\/\/www.24gliwice.pl\/wiadomosci\/miasto-zagospodaruje-budynek-po-panstwowej-szkole-muzycznej-znajdzie-sie-tam-nowa-siedziba-gcop\/\" \/>\n<meta property=\"og:locale\" content=\"pl_PL\" \/>\n<meta property=\"og:type\" content=\"article\" \/>\n<meta property=\"og:title\" content=\"Miasto zagospodaruje budynek po Pa\u0144stwowej Szkole Muzycznej. Znajdzie si\u0119 tam nowa siedziba GCOP - 24GLIWICE - Portal Gliwice | codziennie nowe informacje\" \/>\n<meta property=\"og:description\" content=\"Pa\u0144stwowa Szko\u0142a Muzyczna zostanie przeniesiona do nowej siedziby, zwalniaj\u0105c tym samym dotychczasow\u0105 w budynku przy ulicy Siemi\u0144skiego. Dla tego ostatniego miasto znalaz\u0142o ju\u017c zastosowanie. Po remoncie przeprowadzi si\u0119 tam Gliwickie Centrum Organizacji Pozarz\u0105dowych. Obecnie g\u0142\u00f3wna siedziba GCOP znajduje si\u0119 przy ul. Zwyci\u0119stwa 1, gdzie dzia\u0142a administracja, Dzia\u0142 NGO i Projekt\u00f3w oraz Dzia\u0142 Aktywno\u015bci Spo\u0142ecznej. Przy [&hellip;]\" \/>\n<meta property=\"og:url\" content=\"https:\/\/www.24gliwice.pl\/wiadomosci\/miasto-zagospodaruje-budynek-po-panstwowej-szkole-muzycznej-znajdzie-sie-tam-nowa-siedziba-gcop\/\" \/>\n<meta property=\"og:site_name\" content=\"24GLIWICE - Portal Gliwice | codziennie nowe informacje\" \/>\n<meta property=\"article:publisher\" content=\"https:\/\/www.facebook.com\/24gliwice\" \/>\n<meta property=\"article:published_time\" content=\"2021-02-04T11:56:06+00:00\" \/>\n<meta property=\"article:modified_time\" content=\"2021-02-04T12:48:25+00:00\" \/>\n<meta property=\"og:image\" content=\"https:\/\/www.24gliwice.pl\/wiadomosci\/wp-content\/uploads\/2021\/02\/szkola-muzyczna-gcop-sieminskiego-3.jpg\" \/>\n\t<meta property=\"og:image:width\" content=\"810\" \/>\n\t<meta property=\"og:image:height\" content=\"456\" \/>\n\t<meta property=\"og:image:type\" content=\"image\/jpeg\" \/>\n<meta name=\"author\" content=\"\u017baneta Mrozek-Siewierska\" \/>\n<meta name=\"twitter:card\" content=\"summary_large_image\" \/>\n<meta name=\"twitter:creator\" content=\"@24gliwice\" \/>\n<meta name=\"twitter:site\" content=\"@24gliwice\" \/>\n<meta name=\"twitter:label1\" content=\"Napisane przez\" \/>\n\t<meta name=\"twitter:data1\" content=\"\u017baneta Mrozek-Siewierska\" \/>\n\t<meta name=\"twitter:label2\" content=\"Szacowany czas czytania\" \/>\n\t<meta name=\"twitter:data2\" content=\"2 minuty\" \/>\n<script type=\"application\/ld+json\" class=\"yoast-schema-graph\">{\"@context\":\"https:\\\/\\\/schema.org\",\"@graph\":[{\"@type\":\"Article\",\"@id\":\"https:\\\/\\\/www.24gliwice.pl\\\/wiadomosci\\\/miasto-zagospodaruje-budynek-po-panstwowej-szkole-muzycznej-znajdzie-sie-tam-nowa-siedziba-gcop\\\/#article\",\"isPartOf\":{\"@id\":\"https:\\\/\\\/www.24gliwice.pl\\\/wiadomosci\\\/miasto-zagospodaruje-budynek-po-panstwowej-szkole-muzycznej-znajdzie-sie-tam-nowa-siedziba-gcop\\\/\"},\"author\":{\"name\":\"\u017baneta Mrozek-Siewierska\",\"@id\":\"https:\\\/\\\/www.24gliwice.pl\\\/wiadomosci\\\/#\\\/schema\\\/person\\\/e42c650edd7f2fa332be3811fb166b6e\"},\"headline\":\"Miasto zagospodaruje budynek po Pa\u0144stwowej Szkole Muzycznej. Znajdzie si\u0119 tam nowa siedziba GCOP\",\"datePublished\":\"2021-02-04T11:56:06+00:00\",\"dateModified\":\"2021-02-04T12:48:25+00:00\",\"mainEntityOfPage\":{\"@id\":\"https:\\\/\\\/www.24gliwice.pl\\\/wiadomosci\\\/miasto-zagospodaruje-budynek-po-panstwowej-szkole-muzycznej-znajdzie-sie-tam-nowa-siedziba-gcop\\\/\"},\"wordCount\":391,\"commentCount\":0,\"publisher\":{\"@id\":\"https:\\\/\\\/www.24gliwice.pl\\\/wiadomosci\\\/#organization\"},\"image\":{\"@id\":\"https:\\\/\\\/www.24gliwice.pl\\\/wiadomosci\\\/miasto-zagospodaruje-budynek-po-panstwowej-szkole-muzycznej-znajdzie-sie-tam-nowa-siedziba-gcop\\\/#primaryimage\"},\"thumbnailUrl\":\"https:\\\/\\\/www.24gliwice.pl\\\/wiadomosci\\\/wp-content\\\/uploads\\\/2021\\\/02\\\/szkola-muzyczna-gcop-sieminskiego-3.jpg\",\"keywords\":[\"gcop\"],\"articleSection\":[\"Gliwice\",\"Kultura, wydarzenia, imprezy\",\"Najnowsze wiadomo\u015bci\",\"Portal Gliwice - Wiadomo\u015bci lokalne\"],\"inLanguage\":\"pl-PL\",\"potentialAction\":[{\"@type\":\"CommentAction\",\"name\":\"Comment\",\"target\":[\"https:\\\/\\\/www.24gliwice.pl\\\/wiadomosci\\\/miasto-zagospodaruje-budynek-po-panstwowej-szkole-muzycznej-znajdzie-sie-tam-nowa-siedziba-gcop\\\/#respond\"]}]},{\"@type\":\"WebPage\",\"@id\":\"https:\\\/\\\/www.24gliwice.pl\\\/wiadomosci\\\/miasto-zagospodaruje-budynek-po-panstwowej-szkole-muzycznej-znajdzie-sie-tam-nowa-siedziba-gcop\\\/\",\"url\":\"https:\\\/\\\/www.24gliwice.pl\\\/wiadomosci\\\/miasto-zagospodaruje-budynek-po-panstwowej-szkole-muzycznej-znajdzie-sie-tam-nowa-siedziba-gcop\\\/\",\"name\":\"Miasto zagospodaruje budynek po Pa\u0144stwowej Szkole Muzycznej. Znajdzie si\u0119 tam nowa siedziba GCOP - 24GLIWICE - Portal Gliwice | codziennie nowe informacje\",\"isPartOf\":{\"@id\":\"https:\\\/\\\/www.24gliwice.pl\\\/wiadomosci\\\/#website\"},\"primaryImageOfPage\":{\"@id\":\"https:\\\/\\\/www.24gliwice.pl\\\/wiadomosci\\\/miasto-zagospodaruje-budynek-po-panstwowej-szkole-muzycznej-znajdzie-sie-tam-nowa-siedziba-gcop\\\/#primaryimage\"},\"image\":{\"@id\":\"https:\\\/\\\/www.24gliwice.pl\\\/wiadomosci\\\/miasto-zagospodaruje-budynek-po-panstwowej-szkole-muzycznej-znajdzie-sie-tam-nowa-siedziba-gcop\\\/#primaryimage\"},\"thumbnailUrl\":\"https:\\\/\\\/www.24gliwice.pl\\\/wiadomosci\\\/wp-content\\\/uploads\\\/2021\\\/02\\\/szkola-muzyczna-gcop-sieminskiego-3.jpg\",\"datePublished\":\"2021-02-04T11:56:06+00:00\",\"dateModified\":\"2021-02-04T12:48:25+00:00\",\"breadcrumb\":{\"@id\":\"https:\\\/\\\/www.24gliwice.pl\\\/wiadomosci\\\/miasto-zagospodaruje-budynek-po-panstwowej-szkole-muzycznej-znajdzie-sie-tam-nowa-siedziba-gcop\\\/#breadcrumb\"},\"inLanguage\":\"pl-PL\",\"potentialAction\":[{\"@type\":\"ReadAction\",\"target\":[\"https:\\\/\\\/www.24gliwice.pl\\\/wiadomosci\\\/miasto-zagospodaruje-budynek-po-panstwowej-szkole-muzycznej-znajdzie-sie-tam-nowa-siedziba-gcop\\\/\"]}]},{\"@type\":\"ImageObject\",\"inLanguage\":\"pl-PL\",\"@id\":\"https:\\\/\\\/www.24gliwice.pl\\\/wiadomosci\\\/miasto-zagospodaruje-budynek-po-panstwowej-szkole-muzycznej-znajdzie-sie-tam-nowa-siedziba-gcop\\\/#primaryimage\",\"url\":\"https:\\\/\\\/www.24gliwice.pl\\\/wiadomosci\\\/wp-content\\\/uploads\\\/2021\\\/02\\\/szkola-muzyczna-gcop-sieminskiego-3.jpg\",\"contentUrl\":\"https:\\\/\\\/www.24gliwice.pl\\\/wiadomosci\\\/wp-content\\\/uploads\\\/2021\\\/02\\\/szkola-muzyczna-gcop-sieminskiego-3.jpg\",\"width\":810,\"height\":456},{\"@type\":\"BreadcrumbList\",\"@id\":\"https:\\\/\\\/www.24gliwice.pl\\\/wiadomosci\\\/miasto-zagospodaruje-budynek-po-panstwowej-szkole-muzycznej-znajdzie-sie-tam-nowa-siedziba-gcop\\\/#breadcrumb\",\"itemListElement\":[{\"@type\":\"ListItem\",\"position\":1,\"name\":\"Strona g\u0142\u00f3wna\",\"item\":\"https:\\\/\\\/www.24gliwice.pl\\\/wiadomosci\\\/\"},{\"@type\":\"ListItem\",\"position\":2,\"name\":\"Miasto zagospodaruje budynek po Pa\u0144stwowej Szkole Muzycznej. Znajdzie si\u0119 tam nowa siedziba GCOP\"}]},{\"@type\":\"WebSite\",\"@id\":\"https:\\\/\\\/www.24gliwice.pl\\\/wiadomosci\\\/#website\",\"url\":\"https:\\\/\\\/www.24gliwice.pl\\\/wiadomosci\\\/\",\"name\":\"24GLIWICE - Portal Gliwice | codziennie nowe wiadomo\u015bci\",\"description\":\"Portal Miejski Gliwice\",\"publisher\":{\"@id\":\"https:\\\/\\\/www.24gliwice.pl\\\/wiadomosci\\\/#organization\"},\"potentialAction\":[{\"@type\":\"SearchAction\",\"target\":{\"@type\":\"EntryPoint\",\"urlTemplate\":\"https:\\\/\\\/www.24gliwice.pl\\\/wiadomosci\\\/?s={search_term_string}\"},\"query-input\":{\"@type\":\"PropertyValueSpecification\",\"valueRequired\":true,\"valueName\":\"search_term_string\"}}],\"inLanguage\":\"pl-PL\"},{\"@type\":\"Organization\",\"@id\":\"https:\\\/\\\/www.24gliwice.pl\\\/wiadomosci\\\/#organization\",\"name\":\"24gliwice\",\"url\":\"https:\\\/\\\/www.24gliwice.pl\\\/wiadomosci\\\/\",\"logo\":{\"@type\":\"ImageObject\",\"inLanguage\":\"pl-PL\",\"@id\":\"https:\\\/\\\/www.24gliwice.pl\\\/wiadomosci\\\/#\\\/schema\\\/logo\\\/image\\\/\",\"url\":\"https:\\\/\\\/www.24gliwice.pl\\\/wiadomosci\\\/wp-content\\\/uploads\\\/2024\\\/10\\\/24gliwice-logo-696.jpg\",\"contentUrl\":\"https:\\\/\\\/www.24gliwice.pl\\\/wiadomosci\\\/wp-content\\\/uploads\\\/2024\\\/10\\\/24gliwice-logo-696.jpg\",\"width\":696,\"height\":696,\"caption\":\"24gliwice\"},\"image\":{\"@id\":\"https:\\\/\\\/www.24gliwice.pl\\\/wiadomosci\\\/#\\\/schema\\\/logo\\\/image\\\/\"},\"sameAs\":[\"https:\\\/\\\/www.facebook.com\\\/24gliwice\",\"https:\\\/\\\/x.com\\\/24gliwice\",\"https:\\\/\\\/www.youtube.com\\\/@24gliwice\"]},{\"@type\":\"Person\",\"@id\":\"https:\\\/\\\/www.24gliwice.pl\\\/wiadomosci\\\/#\\\/schema\\\/person\\\/e42c650edd7f2fa332be3811fb166b6e\",\"name\":\"\u017baneta Mrozek-Siewierska\",\"image\":{\"@type\":\"ImageObject\",\"inLanguage\":\"pl-PL\",\"@id\":\"https:\\\/\\\/secure.gravatar.com\\\/avatar\\\/1881429e9c64597c77ad7aef2d0a19be69a3253e57534d16aa15bf3a4d34a0a3?s=96&d=mm&r=g\",\"url\":\"https:\\\/\\\/secure.gravatar.com\\\/avatar\\\/1881429e9c64597c77ad7aef2d0a19be69a3253e57534d16aa15bf3a4d34a0a3?s=96&d=mm&r=g\",\"contentUrl\":\"https:\\\/\\\/secure.gravatar.com\\\/avatar\\\/1881429e9c64597c77ad7aef2d0a19be69a3253e57534d16aa15bf3a4d34a0a3?s=96&d=mm&r=g\",\"caption\":\"\u017baneta Mrozek-Siewierska\"},\"url\":\"https:\\\/\\\/www.24gliwice.pl\\\/wiadomosci\\\/author\\\/zms\\\/\"}]}<\/script>\n<!-- \/ Yoast SEO plugin. -->","yoast_head_json":{"title":"Miasto zagospodaruje budynek po Pa\u0144stwowej Szkole Muzycznej. Znajdzie si\u0119 tam nowa siedziba GCOP - 24GLIWICE - Portal Gliwice | codziennie nowe informacje","robots":{"index":"index","follow":"follow","max-snippet":"max-snippet:-1","max-image-preview":"max-image-preview:large","max-video-preview":"max-video-preview:-1"},"canonical":"https:\/\/www.24gliwice.pl\/wiadomosci\/miasto-zagospodaruje-budynek-po-panstwowej-szkole-muzycznej-znajdzie-sie-tam-nowa-siedziba-gcop\/","og_locale":"pl_PL","og_type":"article","og_title":"Miasto zagospodaruje budynek po Pa\u0144stwowej Szkole Muzycznej. Znajdzie si\u0119 tam nowa siedziba GCOP - 24GLIWICE - Portal Gliwice | codziennie nowe informacje","og_description":"Pa\u0144stwowa Szko\u0142a Muzyczna zostanie przeniesiona do nowej siedziby, zwalniaj\u0105c tym samym dotychczasow\u0105 w budynku przy ulicy Siemi\u0144skiego. Dla tego ostatniego miasto znalaz\u0142o ju\u017c zastosowanie. Po remoncie przeprowadzi si\u0119 tam Gliwickie Centrum Organizacji Pozarz\u0105dowych. Obecnie g\u0142\u00f3wna siedziba GCOP znajduje si\u0119 przy ul. Zwyci\u0119stwa 1, gdzie dzia\u0142a administracja, Dzia\u0142 NGO i Projekt\u00f3w oraz Dzia\u0142 Aktywno\u015bci Spo\u0142ecznej. Przy [&hellip;]","og_url":"https:\/\/www.24gliwice.pl\/wiadomosci\/miasto-zagospodaruje-budynek-po-panstwowej-szkole-muzycznej-znajdzie-sie-tam-nowa-siedziba-gcop\/","og_site_name":"24GLIWICE - Portal Gliwice | codziennie nowe informacje","article_publisher":"https:\/\/www.facebook.com\/24gliwice","article_published_time":"2021-02-04T11:56:06+00:00","article_modified_time":"2021-02-04T12:48:25+00:00","og_image":[{"width":810,"height":456,"url":"https:\/\/www.24gliwice.pl\/wiadomosci\/wp-content\/uploads\/2021\/02\/szkola-muzyczna-gcop-sieminskiego-3.jpg","type":"image\/jpeg"}],"author":"\u017baneta Mrozek-Siewierska","twitter_card":"summary_large_image","twitter_creator":"@24gliwice","twitter_site":"@24gliwice","twitter_misc":{"Napisane przez":"\u017baneta Mrozek-Siewierska","Szacowany czas czytania":"2 minuty"},"schema":{"@context":"https:\/\/schema.org","@graph":[{"@type":"Article","@id":"https:\/\/www.24gliwice.pl\/wiadomosci\/miasto-zagospodaruje-budynek-po-panstwowej-szkole-muzycznej-znajdzie-sie-tam-nowa-siedziba-gcop\/#article","isPartOf":{"@id":"https:\/\/www.24gliwice.pl\/wiadomosci\/miasto-zagospodaruje-budynek-po-panstwowej-szkole-muzycznej-znajdzie-sie-tam-nowa-siedziba-gcop\/"},"author":{"name":"\u017baneta Mrozek-Siewierska","@id":"https:\/\/www.24gliwice.pl\/wiadomosci\/#\/schema\/person\/e42c650edd7f2fa332be3811fb166b6e"},"headline":"Miasto zagospodaruje budynek po Pa\u0144stwowej Szkole Muzycznej. Znajdzie si\u0119 tam nowa siedziba GCOP","datePublished":"2021-02-04T11:56:06+00:00","dateModified":"2021-02-04T12:48:25+00:00","mainEntityOfPage":{"@id":"https:\/\/www.24gliwice.pl\/wiadomosci\/miasto-zagospodaruje-budynek-po-panstwowej-szkole-muzycznej-znajdzie-sie-tam-nowa-siedziba-gcop\/"},"wordCount":391,"commentCount":0,"publisher":{"@id":"https:\/\/www.24gliwice.pl\/wiadomosci\/#organization"},"image":{"@id":"https:\/\/www.24gliwice.pl\/wiadomosci\/miasto-zagospodaruje-budynek-po-panstwowej-szkole-muzycznej-znajdzie-sie-tam-nowa-siedziba-gcop\/#primaryimage"},"thumbnailUrl":"https:\/\/www.24gliwice.pl\/wiadomosci\/wp-content\/uploads\/2021\/02\/szkola-muzyczna-gcop-sieminskiego-3.jpg","keywords":["gcop"],"articleSection":["Gliwice","Kultura, wydarzenia, imprezy","Najnowsze wiadomo\u015bci","Portal Gliwice - Wiadomo\u015bci lokalne"],"inLanguage":"pl-PL","potentialAction":[{"@type":"CommentAction","name":"Comment","target":["https:\/\/www.24gliwice.pl\/wiadomosci\/miasto-zagospodaruje-budynek-po-panstwowej-szkole-muzycznej-znajdzie-sie-tam-nowa-siedziba-gcop\/#respond"]}]},{"@type":"WebPage","@id":"https:\/\/www.24gliwice.pl\/wiadomosci\/miasto-zagospodaruje-budynek-po-panstwowej-szkole-muzycznej-znajdzie-sie-tam-nowa-siedziba-gcop\/","url":"https:\/\/www.24gliwice.pl\/wiadomosci\/miasto-zagospodaruje-budynek-po-panstwowej-szkole-muzycznej-znajdzie-sie-tam-nowa-siedziba-gcop\/","name":"Miasto zagospodaruje budynek po Pa\u0144stwowej Szkole Muzycznej. Znajdzie si\u0119 tam nowa siedziba GCOP - 24GLIWICE - Portal Gliwice | codziennie nowe informacje","isPartOf":{"@id":"https:\/\/www.24gliwice.pl\/wiadomosci\/#website"},"primaryImageOfPage":{"@id":"https:\/\/www.24gliwice.pl\/wiadomosci\/miasto-zagospodaruje-budynek-po-panstwowej-szkole-muzycznej-znajdzie-sie-tam-nowa-siedziba-gcop\/#primaryimage"},"image":{"@id":"https:\/\/www.24gliwice.pl\/wiadomosci\/miasto-zagospodaruje-budynek-po-panstwowej-szkole-muzycznej-znajdzie-sie-tam-nowa-siedziba-gcop\/#primaryimage"},"thumbnailUrl":"https:\/\/www.24gliwice.pl\/wiadomosci\/wp-content\/uploads\/2021\/02\/szkola-muzyczna-gcop-sieminskiego-3.jpg","datePublished":"2021-02-04T11:56:06+00:00","dateModified":"2021-02-04T12:48:25+00:00","breadcrumb":{"@id":"https:\/\/www.24gliwice.pl\/wiadomosci\/miasto-zagospodaruje-budynek-po-panstwowej-szkole-muzycznej-znajdzie-sie-tam-nowa-siedziba-gcop\/#breadcrumb"},"inLanguage":"pl-PL","potentialAction":[{"@type":"ReadAction","target":["https:\/\/www.24gliwice.pl\/wiadomosci\/miasto-zagospodaruje-budynek-po-panstwowej-szkole-muzycznej-znajdzie-sie-tam-nowa-siedziba-gcop\/"]}]},{"@type":"ImageObject","inLanguage":"pl-PL","@id":"https:\/\/www.24gliwice.pl\/wiadomosci\/miasto-zagospodaruje-budynek-po-panstwowej-szkole-muzycznej-znajdzie-sie-tam-nowa-siedziba-gcop\/#primaryimage","url":"https:\/\/www.24gliwice.pl\/wiadomosci\/wp-content\/uploads\/2021\/02\/szkola-muzyczna-gcop-sieminskiego-3.jpg","contentUrl":"https:\/\/www.24gliwice.pl\/wiadomosci\/wp-content\/uploads\/2021\/02\/szkola-muzyczna-gcop-sieminskiego-3.jpg","width":810,"height":456},{"@type":"BreadcrumbList","@id":"https:\/\/www.24gliwice.pl\/wiadomosci\/miasto-zagospodaruje-budynek-po-panstwowej-szkole-muzycznej-znajdzie-sie-tam-nowa-siedziba-gcop\/#breadcrumb","itemListElement":[{"@type":"ListItem","position":1,"name":"Strona g\u0142\u00f3wna","item":"https:\/\/www.24gliwice.pl\/wiadomosci\/"},{"@type":"ListItem","position":2,"name":"Miasto zagospodaruje budynek po Pa\u0144stwowej Szkole Muzycznej. Znajdzie si\u0119 tam nowa siedziba GCOP"}]},{"@type":"WebSite","@id":"https:\/\/www.24gliwice.pl\/wiadomosci\/#website","url":"https:\/\/www.24gliwice.pl\/wiadomosci\/","name":"24GLIWICE - Portal Gliwice | codziennie nowe wiadomo\u015bci","description":"Portal Miejski Gliwice","publisher":{"@id":"https:\/\/www.24gliwice.pl\/wiadomosci\/#organization"},"potentialAction":[{"@type":"SearchAction","target":{"@type":"EntryPoint","urlTemplate":"https:\/\/www.24gliwice.pl\/wiadomosci\/?s={search_term_string}"},"query-input":{"@type":"PropertyValueSpecification","valueRequired":true,"valueName":"search_term_string"}}],"inLanguage":"pl-PL"},{"@type":"Organization","@id":"https:\/\/www.24gliwice.pl\/wiadomosci\/#organization","name":"24gliwice","url":"https:\/\/www.24gliwice.pl\/wiadomosci\/","logo":{"@type":"ImageObject","inLanguage":"pl-PL","@id":"https:\/\/www.24gliwice.pl\/wiadomosci\/#\/schema\/logo\/image\/","url":"https:\/\/www.24gliwice.pl\/wiadomosci\/wp-content\/uploads\/2024\/10\/24gliwice-logo-696.jpg","contentUrl":"https:\/\/www.24gliwice.pl\/wiadomosci\/wp-content\/uploads\/2024\/10\/24gliwice-logo-696.jpg","width":696,"height":696,"caption":"24gliwice"},"image":{"@id":"https:\/\/www.24gliwice.pl\/wiadomosci\/#\/schema\/logo\/image\/"},"sameAs":["https:\/\/www.facebook.com\/24gliwice","https:\/\/x.com\/24gliwice","https:\/\/www.youtube.com\/@24gliwice"]},{"@type":"Person","@id":"https:\/\/www.24gliwice.pl\/wiadomosci\/#\/schema\/person\/e42c650edd7f2fa332be3811fb166b6e","name":"\u017baneta Mrozek-Siewierska","image":{"@type":"ImageObject","inLanguage":"pl-PL","@id":"https:\/\/secure.gravatar.com\/avatar\/1881429e9c64597c77ad7aef2d0a19be69a3253e57534d16aa15bf3a4d34a0a3?s=96&d=mm&r=g","url":"https:\/\/secure.gravatar.com\/avatar\/1881429e9c64597c77ad7aef2d0a19be69a3253e57534d16aa15bf3a4d34a0a3?s=96&d=mm&r=g","contentUrl":"https:\/\/secure.gravatar.com\/avatar\/1881429e9c64597c77ad7aef2d0a19be69a3253e57534d16aa15bf3a4d34a0a3?s=96&d=mm&r=g","caption":"\u017baneta Mrozek-Siewierska"},"url":"https:\/\/www.24gliwice.pl\/wiadomosci\/author\/zms\/"}]}},"_links":{"self":[{"href":"https:\/\/www.24gliwice.pl\/wiadomosci\/wp-json\/wp\/v2\/posts\/164470","targetHints":{"allow":["GET"]}}],"collection":[{"href":"https:\/\/www.24gliwice.pl\/wiadomosci\/wp-json\/wp\/v2\/posts"}],"about":[{"href":"https:\/\/www.24gliwice.pl\/wiadomosci\/wp-json\/wp\/v2\/types\/post"}],"author":[{"embeddable":true,"href":"https:\/\/www.24gliwice.pl\/wiadomosci\/wp-json\/wp\/v2\/users\/15"}],"replies":[{"embeddable":true,"href":"https:\/\/www.24gliwice.pl\/wiadomosci\/wp-json\/wp\/v2\/comments?post=164470"}],"version-history":[{"count":0,"href":"https:\/\/www.24gliwice.pl\/wiadomosci\/wp-json\/wp\/v2\/posts\/164470\/revisions"}],"wp:featuredmedia":[{"embeddable":true,"href":"https:\/\/www.24gliwice.pl\/wiadomosci\/wp-json\/wp\/v2\/media\/164492"}],"wp:attachment":[{"href":"https:\/\/www.24gliwice.pl\/wiadomosci\/wp-json\/wp\/v2\/media?parent=164470"}],"wp:term":[{"taxonomy":"category","embeddable":true,"href":"https:\/\/www.24gliwice.pl\/wiadomosci\/wp-json\/wp\/v2\/categories?post=164470"},{"taxonomy":"post_tag","embeddable":true,"href":"https:\/\/www.24gliwice.pl\/wiadomosci\/wp-json\/wp\/v2\/tags?post=164470"}],"curies":[{"name":"wp","href":"https:\/\/api.w.org\/{rel}","templated":true}]}}