{"id":165119,"date":"2021-02-14T17:17:06","date_gmt":"2021-02-14T16:17:06","guid":{"rendered":"https:\/\/www.24gliwice.pl\/wiadomosci\/?p=165119"},"modified":"2021-02-14T17:31:06","modified_gmt":"2021-02-14T16:31:06","slug":"zmiana-opon","status":"publish","type":"post","link":"https:\/\/www.24gliwice.pl\/wiadomosci\/zmiana-opon\/","title":{"rendered":"Co trzeci kierowca je\u017adzi teraz na oponach letnich. Przy takiej zimie to proszenie si\u0119 o k\u0142opoty"},"content":{"rendered":"<div class=\"gliwi-a6-nad-leadem-artykulow gliwi-entity-placement\" id=\"gliwi-29925475\"><div class=\"gliwi-adlabel\"><span style=\"font-size: 9px\">REKLAMA<\/span><\/div><div id=\"gliwi-2108029188\" style=\"margin-bottom: 30px;margin-left: auto;margin-right: auto;text-align: center;\"><a data-no-instant=\"1\" href=\"https:\/\/przedszkole.halogen.org.pl\/\" rel=\"noopener\" class=\"a2t-link\" target=\"_blank\" aria-label=\"20260402-ANIMATOR-przedszkole_grafika_750x200\"><img loading=\"lazy\" decoding=\"async\" src=\"https:\/\/www.24gliwice.pl\/wiadomosci\/wp-content\/uploads\/2026\/04\/20260402-ANIMATOR-przedszkole_grafika_750x200.webp\" alt=\"\"  srcset=\"https:\/\/www.24gliwice.pl\/wiadomosci\/wp-content\/uploads\/2026\/04\/20260402-ANIMATOR-przedszkole_grafika_750x200.webp 750w, https:\/\/www.24gliwice.pl\/wiadomosci\/wp-content\/uploads\/2026\/04\/20260402-ANIMATOR-przedszkole_grafika_750x200-410x109.webp 410w\" sizes=\"(max-width: 750px) 100vw, 750px\" class=\"no-lazyload\" width=\"750\" height=\"200\"  style=\"display: inline-block; max-width: 100%; height: auto;\" \/><\/a><\/div><\/div><h2>Zima nie odpuszcza, a temat obowi\u0105zkowego zimowego ogumienia w samochodach ju\u017c dawno nie by\u0142 r\u00f3wnie aktualny jak w tym roku. Cz\u0119\u015b\u0107 kierowc\u00f3w u\u015bpiona ostatnimi \u0142agodnymi zimami wci\u0105\u017c je\u017adzi na oponach letnich. I tu pojawia si\u0119 problem, bo w wielu sytuacjach robi si\u0119 naprawd\u0119 niebezpiecznie.<\/h2>\n<p>&nbsp;<br \/>\nBrak wymogu jazdy na oponach z homologacj\u0105 zimow\u0105 (zimowych lub ca\u0142orocznych) sprawia, \u017ce w naszym klimacie w zimowe miesi\u0105ce mamy du\u017co wypadk\u00f3w, st\u0142uczek i\u00a0ofiar \u015bmiertelnych. Ministerstwo Infrastruktury wci\u0105\u017c nie rozwi\u0105za\u0142o tego problemu, tymczasem wed\u0142ug r\u00f3\u017cnych bada\u0144, wi\u0119kszo\u015b\u0107 kierowc\u00f3w oczekuje, \u017ce ustawodawca wreszcie uchwali wym\u00f3g opon z\u00a0homologacj\u0105 zimow\u0105. <\/p>\n<p>Takie regulacje mo\u017cna wprowadzi\u0107 np. w\u00a0okresie od 1. grudnia do 1. marca \u2013 bo w tym czasie na terenie ca\u0142ego kraju temperatury s\u0105 poni\u017cej 7 st. C. Brak tego obowi\u0105zku powoduje, \u017ce w \u015brodku lutego przy mro\u017anej zimie nadal bardzo wiele samochod\u00f3w je\u017adzi na letnim ogumieniu.<\/p><div class=\"gliwi-a3-w-tresci-artykulow gliwi-entity-placement\" id=\"gliwi-1662987427\"><div class=\"gliwi-adlabel\"><span style=\"font-size: 9px\">REKLAMA<\/span><\/div><div id=\"gliwi-3834317097\" style=\"margin-bottom: 30px;margin-left: auto;margin-right: auto;text-align: center;\"><a data-no-instant=\"1\" href=\"https:\/\/zlobek.halogen.org.pl\/\" rel=\"noopener\" class=\"a2t-link\" target=\"_blank\" aria-label=\"animator-zlobek_750x200\"><img loading=\"lazy\" decoding=\"async\" src=\"https:\/\/www.24gliwice.pl\/wiadomosci\/wp-content\/uploads\/2026\/02\/animator-zlobek_750x200.webp\" alt=\"\"  srcset=\"https:\/\/www.24gliwice.pl\/wiadomosci\/wp-content\/uploads\/2026\/02\/animator-zlobek_750x200.webp 750w, https:\/\/www.24gliwice.pl\/wiadomosci\/wp-content\/uploads\/2026\/02\/animator-zlobek_750x200-410x109.webp 410w\" sizes=\"(max-width: 750px) 100vw, 750px\" class=\"no-lazyload\" width=\"750\" height=\"200\"  style=\"display: inline-block; max-width: 100%; height: auto;\" \/><\/a><\/div><\/div>\n<p><em>\u2013 Naprawd\u0119 taki mamy klimat. To nie jest dziwne, \u017ce w lutym jest \u015bnieg i siarczysty mr\u00f3z. Dziwne jest to, \u017ce nie mamy przepis\u00f3w o oponach zimowych i\u00a0ca\u0142orocznych. I \u017ce jest du\u017ca liczba kierowc\u00f3w je\u017cd\u017c\u0105cych na letnich gumach, kt\u00f3rych bie\u017cnik ma w\u00a0tak\u0105 pogod\u0119 twardo\u015b\u0107 plastiku. Oni nie jad\u0105 ostro\u017cnie. Oni nieostro\u017cnie stoj\u0105 \u2013 blokuj\u0105c drogi i\u00a0tworz\u0105c zatory, bo nie s\u0105 w stanie podjecha\u0107 pod najmniejsze wzniesienie. Ile jeszcze wi\u0119cej st\u0142uczek i\u00a0wypadk\u00f3w musi si\u0119 zdarzy\u0107 przez \u015bnieg, \u017ceby w naszym kraju wzorem 29 europejskich pa\u0144stw wprowadzono jasny obowi\u0105zek jazdy na oponach zimowych lub ca\u0142orocznych?<\/em> \u2013 alarmuje <strong>Piotr Sarnecki<\/strong>, dyrektor generalny Polskiego Zwi\u0105zku Przemys\u0142u Oponiarskiego (PZPO).<\/p>\n<p>Na pierwszy rzut oka, przemys\u0142 oponiarski nie jest tu do ko\u0144ca obiektywny. Prawda jest jednak taka, \u017ce z punktu widzenia producenta opon, nie ma znaczenia czy je\u017adzimy na dw\u00f3ch kompletach opon, czy na jednym, kt\u00f3ry w\u00f3wczas zu\u017cywamy dwa razy szybciej. Tak naprawd\u0119 chodzi jedynie o bezpiecze\u0144stwo.<\/p>\n<h3>A jak to wygl\u0105da w innych pa\u0144stwach?<\/h3>\n<p>W 29 europejskich krajach, w kt\u00f3rych wprowadzono wym\u00f3g jazdy na oponach zimowych lub ca\u0142orocznych, przepisy precyzuj\u0105 okres lub warunki obowi\u0105zywania takich przepis\u00f3w. W wi\u0119kszo\u015bci s\u0105 to konkretne daty kalendarzowe \u2013 takie regulacje s\u0105 a\u017c w 16 krajach. Jedynie 2 kraje maj\u0105 ten obowi\u0105zek okre\u015blony warunkami na drodze. Okre\u015blenie dat wymogu jest w tym przypadku najlepszym rozwi\u0105zaniem \u2013 to\u00a0jasny i precyzyjny przepis, nie pozostawiaj\u0105cy \u017cadnych w\u0105tpliwo\u015bci.<\/p>\n<p><img loading=\"lazy\" decoding=\"async\" src=\"https:\/\/www.24gliwice.pl\/wiadomosci\/wp-content\/uploads\/2021\/02\/oppny-przepisy-mapa.jpg\" alt=\"\" width=\"810\" height=\"580\" class=\"aligncenter size-full wp-image-165122\" srcset=\"https:\/\/www.24gliwice.pl\/wiadomosci\/wp-content\/uploads\/2021\/02\/oppny-przepisy-mapa.jpg 810w, https:\/\/www.24gliwice.pl\/wiadomosci\/wp-content\/uploads\/2021\/02\/oppny-przepisy-mapa-324x232.jpg 324w, https:\/\/www.24gliwice.pl\/wiadomosci\/wp-content\/uploads\/2021\/02\/oppny-przepisy-mapa-635x455.jpg 635w, https:\/\/www.24gliwice.pl\/wiadomosci\/wp-content\/uploads\/2021\/02\/oppny-przepisy-mapa-768x550.jpg 768w\" sizes=\"auto, (max-width: 810px) 100vw, 810px\" \/><\/p>\n<p>Jazda zim\u0105 na oponach zimowych lub ca\u0142orocznych z homologacj\u0105 zimow\u0105 to blisko po\u0142ow\u0119 mniejsze prawdopodobie\u0144stwo wyst\u0105pienia zdarzenia drogowego w\u00a0por\u00f3wnaniu z\u00a0jazd\u0105 na\u00a0oponach letnich \u2013 takie s\u0105\u00a0wnioski ze\u00a0studium Komisji Europejskiej wybranych aspekt\u00f3w korzystania z opon zwi\u0105zanych z\u00a0bezpiecze\u0144stwem2. Ten\u00a0raport udowodni\u0142 tak\u017ce, \u017ce\u00a0w krajach, gdzie obowi\u0105zuje wym\u00f3g opon z homologacj\u0105 zimow\u0105 liczba \u015bmiertelnych wypadk\u00f3w zmniejszy\u0142a si\u0119 \u015brednio o\u00a03% \u2013 a s\u0105 kraje, kt\u00f3re odnotowa\u0142y spadek liczby wypadk\u00f3w w okresie zimowym nawet o 20%. We wszystkich krajach, kt\u00f3re maj\u0105 obowi\u0105zek jazdy na oponach zimowych, rozumie si\u0119 przez to tak\u017ce opony ca\u0142oroczne z\u00a0homologacj\u0105 zimow\u0105 (symbol p\u0142atka \u015bniegu na tle g\u00f3ry).<\/p>\n<h3>Z\u00a0bada\u0144 potwierdzonych\u00a0obserwacjami warsztatowymi wynika, \u017ce a\u017c 1\/3 \u2013 czyli oko\u0142o 6 milion\u00f3w kierowc\u00f3w \u2013 je\u017adzi zim\u0105 na\u00a0oponach letnich.<\/h3>\n<p> Wskazuje to, \u017ce powinny istnie\u0107 jasne przepisy \u2013 okre\u015blaj\u0105ce od kt\u00f3rego dnia w takie opony nale\u017cy wyposa\u017cy\u0107 samoch\u00f3d. W naszym kraju mamy najwi\u0119cej w Unii Europejskiej ofiar na drogach. Co roku od kilkudziesi\u0119ciu lat na\u00a0polskich drogach ginie ponad 3000 os\u00f3b i dochodzi do niemal p\u00f3\u0142 miliona wypadk\u00f3w oraz kolizji drogowych. Za\u00a0te\u00a0dane wszyscy p\u0142acimy rachunki rosn\u0105cymi stawkami ubezpieczeniowymi.<\/p>\n<p>Opony letnie nie zapewniaj\u0105 odpowiedniej przyczepno\u015bci auta nawet na suchej drodze w\u00a0temperaturach poni\u017cej 7\u00baC \u2013 twardnieje wtedy mieszanka gumowa w ich bie\u017cniku, co pogarsza przyczepno\u015b\u0107 szczeg\u00f3lnie na mokrych, \u015bliskich drogach. Wyd\u0142u\u017ca si\u0119 droga hamowania oraz znacznie zmniejsza zdolno\u015b\u0107<br \/>\n do przekazywania momentu nap\u0119dowego na\u00a0nawierzchnie\u0328 drogi. Mieszanka gumowa bie\u017cnika opon zimowych i ca\u0142orocznych jest bardziej mi\u0119kka, a dzi\u0119ki krzemionce nie twardnieje w\u00a0ni\u017cszych temperaturach. <\/p>\n<p><img loading=\"lazy\" decoding=\"async\" src=\"https:\/\/www.24gliwice.pl\/wiadomosci\/wp-content\/uploads\/2021\/02\/1-kolo-zima-samochod.jpg\" alt=\"\" width=\"810\" height=\"456\" class=\"aligncenter size-full wp-image-165128\" srcset=\"https:\/\/www.24gliwice.pl\/wiadomosci\/wp-content\/uploads\/2021\/02\/1-kolo-zima-samochod.jpg 810w, https:\/\/www.24gliwice.pl\/wiadomosci\/wp-content\/uploads\/2021\/02\/1-kolo-zima-samochod-410x232.jpg 410w, https:\/\/www.24gliwice.pl\/wiadomosci\/wp-content\/uploads\/2021\/02\/1-kolo-zima-samochod-808x455.jpg 808w, https:\/\/www.24gliwice.pl\/wiadomosci\/wp-content\/uploads\/2021\/02\/1-kolo-zima-samochod-768x432.jpg 768w\" sizes=\"auto, (max-width: 810px) 100vw, 810px\" \/><\/p>\n<p>Nagrania z test\u00f3w Auto Express i RAC nt. opon zimowych pokazuj\u0105, jak bardzo ogumienie adekwatne do temperatury, wilgotno\u015bci i \u015blisko\u015bci nawierzchni pomaga kierowcy w kontroli nad pojazdem i potwierdzaj\u0105 r\u00f3\u017cnic\u0119 pomi\u0119dzy oponami zimowymi a letnimi \u2013 nie tylko na\u00a0o\u015bnie\u017conej, ale i na mokrej drodze w ch\u0142odnych jesiennych i zimowych temperaturach. <strong>Na o\u015bnie\u017conej drodze przy pr\u0119dko\u015bci 48\u00a0km\/h samoch\u00f3d na oponach zimowych zahamuje wcze\u015bniej ni\u017c samoch\u00f3d na oponach letnich a\u017c o 31 metr\u00f3w!<\/strong> Na mokrej nawierzchni przy pr\u0119dko\u015bci 80km\/h przy temperaturze +6\u00b0C droga hamowania samochodu jad\u0105cego na oponach letnich by\u0142a d\u0142u\u017csza a\u017c o 7 metr\u00f3w ni\u017c samochodu na oponach zimowych. Na mokrej nawierzchni przy pr\u0119dko\u015bci 90 km\/h przy temperaturze +2\u00b0C droga hamowania samochodu jad\u0105cego na oponach letnich by\u0142a d\u0142u\u017csza a\u017c o 11 metr\u00f3w ni\u017c samochodu na\u00a0oponach zimowych.<\/p>\n<p>(emef \/PZPO)<\/p>\n<div class=\"gliwi-a5-na-koncu-artykulow gliwi-entity-placement\" id=\"gliwi-2751098952\"><div class=\"gliwi-adlabel\"><span style=\"font-size: 9px\">REKLAMA<\/span><\/div><div id=\"gliwi-1931414497\" style=\"margin-left: auto;margin-right: auto;text-align: center;\"><a data-no-instant=\"1\" href=\"https:\/\/www.jasek.pl\/\" rel=\"noopener\" class=\"a2t-link\" target=\"_blank\" aria-label=\"20200401-jasek 600\"><img loading=\"lazy\" decoding=\"async\" src=\"https:\/\/www.24gliwice.pl\/wiadomosci\/wp-content\/uploads\/2020\/04\/20200401-jasek-600.jpg\" alt=\"\"  srcset=\"https:\/\/www.24gliwice.pl\/wiadomosci\/wp-content\/uploads\/2020\/04\/20200401-jasek-600.jpg 600w, https:\/\/www.24gliwice.pl\/wiadomosci\/wp-content\/uploads\/2020\/04\/20200401-jasek-600-410x109.jpg 410w\" sizes=\"(max-width: 600px) 100vw, 600px\" class=\"no-lazyload\" width=\"600\" height=\"160\"  style=\"display: inline-block; max-width: 100%; height: auto;\" \/><\/a><\/div><\/div>","protected":false},"excerpt":{"rendered":"<p>Zima nie odpuszcza, a temat obowi\u0105zkowego zimowego ogumienia w samochodach ju\u017c dawno nie by\u0142 r\u00f3wnie aktualny jak w tym roku. Cz\u0119\u015b\u0107 kierowc\u00f3w u\u015bpiona ostatnimi \u0142agodnymi zimami wci\u0105\u017c je\u017adzi na oponach letnich. I tu pojawia si\u0119 problem, bo w wielu sytuacjach robi si\u0119 naprawd\u0119 niebezpiecznie. &nbsp; Brak wymogu jazdy na oponach z homologacj\u0105 zimow\u0105 (zimowych lub [&hellip;]<\/p>\n","protected":false},"author":4,"featured_media":0,"comment_status":"open","ping_status":"closed","sticky":false,"template":"","format":"standard","meta":{"_monsterinsights_skip_tracking":false,"_monsterinsights_sitenote_active":false,"_monsterinsights_sitenote_note":"","_monsterinsights_sitenote_category":0,"footnotes":"","_links_to":"","_links_to_target":""},"categories":[1],"tags":[8680],"class_list":["post-165119","post","type-post","status-publish","format-standard","hentry","category-wszystko","tag-opony"],"yoast_head":"<!-- This site is optimized with the Yoast SEO plugin v27.5 - https:\/\/yoast.com\/product\/yoast-seo-wordpress\/ -->\n<title>Co trzeci kierowca je\u017adzi teraz na oponach letnich. Przy takiej zimie to proszenie si\u0119 o k\u0142opoty - 24GLIWICE - Portal Gliwice | codziennie nowe informacje<\/title>\n<meta name=\"robots\" content=\"index, follow, max-snippet:-1, max-image-preview:large, max-video-preview:-1\" \/>\n<link rel=\"canonical\" href=\"https:\/\/www.24gliwice.pl\/wiadomosci\/zmiana-opon\/\" \/>\n<meta property=\"og:locale\" content=\"pl_PL\" \/>\n<meta property=\"og:type\" content=\"article\" \/>\n<meta property=\"og:title\" content=\"Co trzeci kierowca je\u017adzi teraz na oponach letnich. Przy takiej zimie to proszenie si\u0119 o k\u0142opoty - 24GLIWICE - Portal Gliwice | codziennie nowe informacje\" \/>\n<meta property=\"og:description\" content=\"Zima nie odpuszcza, a temat obowi\u0105zkowego zimowego ogumienia w samochodach ju\u017c dawno nie by\u0142 r\u00f3wnie aktualny jak w tym roku. Cz\u0119\u015b\u0107 kierowc\u00f3w u\u015bpiona ostatnimi \u0142agodnymi zimami wci\u0105\u017c je\u017adzi na oponach letnich. I tu pojawia si\u0119 problem, bo w wielu sytuacjach robi si\u0119 naprawd\u0119 niebezpiecznie. &nbsp; Brak wymogu jazdy na oponach z homologacj\u0105 zimow\u0105 (zimowych lub [&hellip;]\" \/>\n<meta property=\"og:url\" content=\"https:\/\/www.24gliwice.pl\/wiadomosci\/zmiana-opon\/\" \/>\n<meta property=\"og:site_name\" content=\"24GLIWICE - Portal Gliwice | codziennie nowe informacje\" \/>\n<meta property=\"article:publisher\" content=\"https:\/\/www.facebook.com\/24gliwice\" \/>\n<meta property=\"article:author\" content=\"https:\/\/www.facebook.com\/marcin.fabrykowski\" \/>\n<meta property=\"article:published_time\" content=\"2021-02-14T16:17:06+00:00\" \/>\n<meta property=\"article:modified_time\" content=\"2021-02-14T16:31:06+00:00\" \/>\n<meta property=\"og:image\" content=\"https:\/\/www.24gliwice.pl\/wiadomosci\/wp-content\/uploads\/2021\/02\/1-zima-samochody-parking-2.jpg\" \/>\n\t<meta property=\"og:image:width\" content=\"810\" \/>\n\t<meta property=\"og:image:height\" content=\"456\" \/>\n\t<meta property=\"og:image:type\" content=\"image\/jpeg\" \/>\n<meta name=\"author\" content=\"Marcin Fabrykowski\" \/>\n<meta name=\"twitter:card\" content=\"summary_large_image\" \/>\n<meta name=\"twitter:creator\" content=\"@24gliwice\" \/>\n<meta name=\"twitter:site\" content=\"@24gliwice\" \/>\n<meta name=\"twitter:label1\" content=\"Napisane przez\" \/>\n\t<meta name=\"twitter:data1\" content=\"Marcin Fabrykowski\" \/>\n\t<meta name=\"twitter:label2\" content=\"Szacowany czas czytania\" \/>\n\t<meta name=\"twitter:data2\" content=\"4 minuty\" \/>\n<script type=\"application\/ld+json\" class=\"yoast-schema-graph\">{\"@context\":\"https:\\\/\\\/schema.org\",\"@graph\":[{\"@type\":\"Article\",\"@id\":\"https:\\\/\\\/www.24gliwice.pl\\\/wiadomosci\\\/zmiana-opon\\\/#article\",\"isPartOf\":{\"@id\":\"https:\\\/\\\/www.24gliwice.pl\\\/wiadomosci\\\/zmiana-opon\\\/\"},\"author\":{\"name\":\"Marcin Fabrykowski\",\"@id\":\"https:\\\/\\\/www.24gliwice.pl\\\/wiadomosci\\\/#\\\/schema\\\/person\\\/cb5857e4a4d048c15984c1edcc8ef0c0\"},\"headline\":\"Co trzeci kierowca je\u017adzi teraz na oponach letnich. Przy takiej zimie to proszenie si\u0119 o k\u0142opoty\",\"datePublished\":\"2021-02-14T16:17:06+00:00\",\"dateModified\":\"2021-02-14T16:31:06+00:00\",\"mainEntityOfPage\":{\"@id\":\"https:\\\/\\\/www.24gliwice.pl\\\/wiadomosci\\\/zmiana-opon\\\/\"},\"wordCount\":886,\"commentCount\":0,\"publisher\":{\"@id\":\"https:\\\/\\\/www.24gliwice.pl\\\/wiadomosci\\\/#organization\"},\"image\":{\"@id\":\"https:\\\/\\\/www.24gliwice.pl\\\/wiadomosci\\\/zmiana-opon\\\/#primaryimage\"},\"thumbnailUrl\":\"https:\\\/\\\/www.24gliwice.pl\\\/wiadomosci\\\/wp-content\\\/uploads\\\/2021\\\/02\\\/oppny-przepisy-mapa.jpg\",\"keywords\":[\"opony\"],\"articleSection\":[\"Najnowsze wiadomo\u015bci\"],\"inLanguage\":\"pl-PL\",\"potentialAction\":[{\"@type\":\"CommentAction\",\"name\":\"Comment\",\"target\":[\"https:\\\/\\\/www.24gliwice.pl\\\/wiadomosci\\\/zmiana-opon\\\/#respond\"]}]},{\"@type\":\"WebPage\",\"@id\":\"https:\\\/\\\/www.24gliwice.pl\\\/wiadomosci\\\/zmiana-opon\\\/\",\"url\":\"https:\\\/\\\/www.24gliwice.pl\\\/wiadomosci\\\/zmiana-opon\\\/\",\"name\":\"Co trzeci kierowca je\u017adzi teraz na oponach letnich. Przy takiej zimie to proszenie si\u0119 o k\u0142opoty - 24GLIWICE - Portal Gliwice | codziennie nowe informacje\",\"isPartOf\":{\"@id\":\"https:\\\/\\\/www.24gliwice.pl\\\/wiadomosci\\\/#website\"},\"primaryImageOfPage\":{\"@id\":\"https:\\\/\\\/www.24gliwice.pl\\\/wiadomosci\\\/zmiana-opon\\\/#primaryimage\"},\"image\":{\"@id\":\"https:\\\/\\\/www.24gliwice.pl\\\/wiadomosci\\\/zmiana-opon\\\/#primaryimage\"},\"thumbnailUrl\":\"https:\\\/\\\/www.24gliwice.pl\\\/wiadomosci\\\/wp-content\\\/uploads\\\/2021\\\/02\\\/oppny-przepisy-mapa.jpg\",\"datePublished\":\"2021-02-14T16:17:06+00:00\",\"dateModified\":\"2021-02-14T16:31:06+00:00\",\"breadcrumb\":{\"@id\":\"https:\\\/\\\/www.24gliwice.pl\\\/wiadomosci\\\/zmiana-opon\\\/#breadcrumb\"},\"inLanguage\":\"pl-PL\",\"potentialAction\":[{\"@type\":\"ReadAction\",\"target\":[\"https:\\\/\\\/www.24gliwice.pl\\\/wiadomosci\\\/zmiana-opon\\\/\"]}]},{\"@type\":\"ImageObject\",\"inLanguage\":\"pl-PL\",\"@id\":\"https:\\\/\\\/www.24gliwice.pl\\\/wiadomosci\\\/zmiana-opon\\\/#primaryimage\",\"url\":\"https:\\\/\\\/www.24gliwice.pl\\\/wiadomosci\\\/wp-content\\\/uploads\\\/2021\\\/02\\\/oppny-przepisy-mapa.jpg\",\"contentUrl\":\"https:\\\/\\\/www.24gliwice.pl\\\/wiadomosci\\\/wp-content\\\/uploads\\\/2021\\\/02\\\/oppny-przepisy-mapa.jpg\",\"width\":810,\"height\":580},{\"@type\":\"BreadcrumbList\",\"@id\":\"https:\\\/\\\/www.24gliwice.pl\\\/wiadomosci\\\/zmiana-opon\\\/#breadcrumb\",\"itemListElement\":[{\"@type\":\"ListItem\",\"position\":1,\"name\":\"Strona g\u0142\u00f3wna\",\"item\":\"https:\\\/\\\/www.24gliwice.pl\\\/wiadomosci\\\/\"},{\"@type\":\"ListItem\",\"position\":2,\"name\":\"Co trzeci kierowca je\u017adzi teraz na oponach letnich. Przy takiej zimie to proszenie si\u0119 o k\u0142opoty\"}]},{\"@type\":\"WebSite\",\"@id\":\"https:\\\/\\\/www.24gliwice.pl\\\/wiadomosci\\\/#website\",\"url\":\"https:\\\/\\\/www.24gliwice.pl\\\/wiadomosci\\\/\",\"name\":\"24GLIWICE - Portal Gliwice | codziennie nowe wiadomo\u015bci\",\"description\":\"Portal Miejski Gliwice\",\"publisher\":{\"@id\":\"https:\\\/\\\/www.24gliwice.pl\\\/wiadomosci\\\/#organization\"},\"potentialAction\":[{\"@type\":\"SearchAction\",\"target\":{\"@type\":\"EntryPoint\",\"urlTemplate\":\"https:\\\/\\\/www.24gliwice.pl\\\/wiadomosci\\\/?s={search_term_string}\"},\"query-input\":{\"@type\":\"PropertyValueSpecification\",\"valueRequired\":true,\"valueName\":\"search_term_string\"}}],\"inLanguage\":\"pl-PL\"},{\"@type\":\"Organization\",\"@id\":\"https:\\\/\\\/www.24gliwice.pl\\\/wiadomosci\\\/#organization\",\"name\":\"24gliwice\",\"url\":\"https:\\\/\\\/www.24gliwice.pl\\\/wiadomosci\\\/\",\"logo\":{\"@type\":\"ImageObject\",\"inLanguage\":\"pl-PL\",\"@id\":\"https:\\\/\\\/www.24gliwice.pl\\\/wiadomosci\\\/#\\\/schema\\\/logo\\\/image\\\/\",\"url\":\"https:\\\/\\\/www.24gliwice.pl\\\/wiadomosci\\\/wp-content\\\/uploads\\\/2024\\\/10\\\/24gliwice-logo-696.jpg\",\"contentUrl\":\"https:\\\/\\\/www.24gliwice.pl\\\/wiadomosci\\\/wp-content\\\/uploads\\\/2024\\\/10\\\/24gliwice-logo-696.jpg\",\"width\":696,\"height\":696,\"caption\":\"24gliwice\"},\"image\":{\"@id\":\"https:\\\/\\\/www.24gliwice.pl\\\/wiadomosci\\\/#\\\/schema\\\/logo\\\/image\\\/\"},\"sameAs\":[\"https:\\\/\\\/www.facebook.com\\\/24gliwice\",\"https:\\\/\\\/x.com\\\/24gliwice\",\"https:\\\/\\\/www.youtube.com\\\/@24gliwice\"]},{\"@type\":\"Person\",\"@id\":\"https:\\\/\\\/www.24gliwice.pl\\\/wiadomosci\\\/#\\\/schema\\\/person\\\/cb5857e4a4d048c15984c1edcc8ef0c0\",\"name\":\"Marcin Fabrykowski\",\"image\":{\"@type\":\"ImageObject\",\"inLanguage\":\"pl-PL\",\"@id\":\"https:\\\/\\\/www.24gliwice.pl\\\/wiadomosci\\\/wp-content\\\/uploads\\\/2025\\\/11\\\/zdjecie-moje-marcin-300-96x96.jpg\",\"url\":\"https:\\\/\\\/www.24gliwice.pl\\\/wiadomosci\\\/wp-content\\\/uploads\\\/2025\\\/11\\\/zdjecie-moje-marcin-300-96x96.jpg\",\"contentUrl\":\"https:\\\/\\\/www.24gliwice.pl\\\/wiadomosci\\\/wp-content\\\/uploads\\\/2025\\\/11\\\/zdjecie-moje-marcin-300-96x96.jpg\",\"caption\":\"Marcin Fabrykowski\"},\"sameAs\":[\"http:\\\/\\\/24gliwice.pl\",\"https:\\\/\\\/www.facebook.com\\\/marcin.fabrykowski\"],\"url\":\"https:\\\/\\\/www.24gliwice.pl\\\/wiadomosci\\\/author\\\/marcin-fabrykowski\\\/\"}]}<\/script>\n<!-- \/ Yoast SEO plugin. -->","yoast_head_json":{"title":"Co trzeci kierowca je\u017adzi teraz na oponach letnich. Przy takiej zimie to proszenie si\u0119 o k\u0142opoty - 24GLIWICE - Portal Gliwice | codziennie nowe informacje","robots":{"index":"index","follow":"follow","max-snippet":"max-snippet:-1","max-image-preview":"max-image-preview:large","max-video-preview":"max-video-preview:-1"},"canonical":"https:\/\/www.24gliwice.pl\/wiadomosci\/zmiana-opon\/","og_locale":"pl_PL","og_type":"article","og_title":"Co trzeci kierowca je\u017adzi teraz na oponach letnich. Przy takiej zimie to proszenie si\u0119 o k\u0142opoty - 24GLIWICE - Portal Gliwice | codziennie nowe informacje","og_description":"Zima nie odpuszcza, a temat obowi\u0105zkowego zimowego ogumienia w samochodach ju\u017c dawno nie by\u0142 r\u00f3wnie aktualny jak w tym roku. Cz\u0119\u015b\u0107 kierowc\u00f3w u\u015bpiona ostatnimi \u0142agodnymi zimami wci\u0105\u017c je\u017adzi na oponach letnich. I tu pojawia si\u0119 problem, bo w wielu sytuacjach robi si\u0119 naprawd\u0119 niebezpiecznie. &nbsp; Brak wymogu jazdy na oponach z homologacj\u0105 zimow\u0105 (zimowych lub [&hellip;]","og_url":"https:\/\/www.24gliwice.pl\/wiadomosci\/zmiana-opon\/","og_site_name":"24GLIWICE - Portal Gliwice | codziennie nowe informacje","article_publisher":"https:\/\/www.facebook.com\/24gliwice","article_author":"https:\/\/www.facebook.com\/marcin.fabrykowski","article_published_time":"2021-02-14T16:17:06+00:00","article_modified_time":"2021-02-14T16:31:06+00:00","og_image":[{"width":810,"height":456,"url":"https:\/\/www.24gliwice.pl\/wiadomosci\/wp-content\/uploads\/2021\/02\/1-zima-samochody-parking-2.jpg","type":"image\/jpeg"}],"author":"Marcin Fabrykowski","twitter_card":"summary_large_image","twitter_creator":"@24gliwice","twitter_site":"@24gliwice","twitter_misc":{"Napisane przez":"Marcin Fabrykowski","Szacowany czas czytania":"4 minuty"},"schema":{"@context":"https:\/\/schema.org","@graph":[{"@type":"Article","@id":"https:\/\/www.24gliwice.pl\/wiadomosci\/zmiana-opon\/#article","isPartOf":{"@id":"https:\/\/www.24gliwice.pl\/wiadomosci\/zmiana-opon\/"},"author":{"name":"Marcin Fabrykowski","@id":"https:\/\/www.24gliwice.pl\/wiadomosci\/#\/schema\/person\/cb5857e4a4d048c15984c1edcc8ef0c0"},"headline":"Co trzeci kierowca je\u017adzi teraz na oponach letnich. Przy takiej zimie to proszenie si\u0119 o k\u0142opoty","datePublished":"2021-02-14T16:17:06+00:00","dateModified":"2021-02-14T16:31:06+00:00","mainEntityOfPage":{"@id":"https:\/\/www.24gliwice.pl\/wiadomosci\/zmiana-opon\/"},"wordCount":886,"commentCount":0,"publisher":{"@id":"https:\/\/www.24gliwice.pl\/wiadomosci\/#organization"},"image":{"@id":"https:\/\/www.24gliwice.pl\/wiadomosci\/zmiana-opon\/#primaryimage"},"thumbnailUrl":"https:\/\/www.24gliwice.pl\/wiadomosci\/wp-content\/uploads\/2021\/02\/oppny-przepisy-mapa.jpg","keywords":["opony"],"articleSection":["Najnowsze wiadomo\u015bci"],"inLanguage":"pl-PL","potentialAction":[{"@type":"CommentAction","name":"Comment","target":["https:\/\/www.24gliwice.pl\/wiadomosci\/zmiana-opon\/#respond"]}]},{"@type":"WebPage","@id":"https:\/\/www.24gliwice.pl\/wiadomosci\/zmiana-opon\/","url":"https:\/\/www.24gliwice.pl\/wiadomosci\/zmiana-opon\/","name":"Co trzeci kierowca je\u017adzi teraz na oponach letnich. Przy takiej zimie to proszenie si\u0119 o k\u0142opoty - 24GLIWICE - Portal Gliwice | codziennie nowe informacje","isPartOf":{"@id":"https:\/\/www.24gliwice.pl\/wiadomosci\/#website"},"primaryImageOfPage":{"@id":"https:\/\/www.24gliwice.pl\/wiadomosci\/zmiana-opon\/#primaryimage"},"image":{"@id":"https:\/\/www.24gliwice.pl\/wiadomosci\/zmiana-opon\/#primaryimage"},"thumbnailUrl":"https:\/\/www.24gliwice.pl\/wiadomosci\/wp-content\/uploads\/2021\/02\/oppny-przepisy-mapa.jpg","datePublished":"2021-02-14T16:17:06+00:00","dateModified":"2021-02-14T16:31:06+00:00","breadcrumb":{"@id":"https:\/\/www.24gliwice.pl\/wiadomosci\/zmiana-opon\/#breadcrumb"},"inLanguage":"pl-PL","potentialAction":[{"@type":"ReadAction","target":["https:\/\/www.24gliwice.pl\/wiadomosci\/zmiana-opon\/"]}]},{"@type":"ImageObject","inLanguage":"pl-PL","@id":"https:\/\/www.24gliwice.pl\/wiadomosci\/zmiana-opon\/#primaryimage","url":"https:\/\/www.24gliwice.pl\/wiadomosci\/wp-content\/uploads\/2021\/02\/oppny-przepisy-mapa.jpg","contentUrl":"https:\/\/www.24gliwice.pl\/wiadomosci\/wp-content\/uploads\/2021\/02\/oppny-przepisy-mapa.jpg","width":810,"height":580},{"@type":"BreadcrumbList","@id":"https:\/\/www.24gliwice.pl\/wiadomosci\/zmiana-opon\/#breadcrumb","itemListElement":[{"@type":"ListItem","position":1,"name":"Strona g\u0142\u00f3wna","item":"https:\/\/www.24gliwice.pl\/wiadomosci\/"},{"@type":"ListItem","position":2,"name":"Co trzeci kierowca je\u017adzi teraz na oponach letnich. Przy takiej zimie to proszenie si\u0119 o k\u0142opoty"}]},{"@type":"WebSite","@id":"https:\/\/www.24gliwice.pl\/wiadomosci\/#website","url":"https:\/\/www.24gliwice.pl\/wiadomosci\/","name":"24GLIWICE - Portal Gliwice | codziennie nowe wiadomo\u015bci","description":"Portal Miejski Gliwice","publisher":{"@id":"https:\/\/www.24gliwice.pl\/wiadomosci\/#organization"},"potentialAction":[{"@type":"SearchAction","target":{"@type":"EntryPoint","urlTemplate":"https:\/\/www.24gliwice.pl\/wiadomosci\/?s={search_term_string}"},"query-input":{"@type":"PropertyValueSpecification","valueRequired":true,"valueName":"search_term_string"}}],"inLanguage":"pl-PL"},{"@type":"Organization","@id":"https:\/\/www.24gliwice.pl\/wiadomosci\/#organization","name":"24gliwice","url":"https:\/\/www.24gliwice.pl\/wiadomosci\/","logo":{"@type":"ImageObject","inLanguage":"pl-PL","@id":"https:\/\/www.24gliwice.pl\/wiadomosci\/#\/schema\/logo\/image\/","url":"https:\/\/www.24gliwice.pl\/wiadomosci\/wp-content\/uploads\/2024\/10\/24gliwice-logo-696.jpg","contentUrl":"https:\/\/www.24gliwice.pl\/wiadomosci\/wp-content\/uploads\/2024\/10\/24gliwice-logo-696.jpg","width":696,"height":696,"caption":"24gliwice"},"image":{"@id":"https:\/\/www.24gliwice.pl\/wiadomosci\/#\/schema\/logo\/image\/"},"sameAs":["https:\/\/www.facebook.com\/24gliwice","https:\/\/x.com\/24gliwice","https:\/\/www.youtube.com\/@24gliwice"]},{"@type":"Person","@id":"https:\/\/www.24gliwice.pl\/wiadomosci\/#\/schema\/person\/cb5857e4a4d048c15984c1edcc8ef0c0","name":"Marcin Fabrykowski","image":{"@type":"ImageObject","inLanguage":"pl-PL","@id":"https:\/\/www.24gliwice.pl\/wiadomosci\/wp-content\/uploads\/2025\/11\/zdjecie-moje-marcin-300-96x96.jpg","url":"https:\/\/www.24gliwice.pl\/wiadomosci\/wp-content\/uploads\/2025\/11\/zdjecie-moje-marcin-300-96x96.jpg","contentUrl":"https:\/\/www.24gliwice.pl\/wiadomosci\/wp-content\/uploads\/2025\/11\/zdjecie-moje-marcin-300-96x96.jpg","caption":"Marcin Fabrykowski"},"sameAs":["http:\/\/24gliwice.pl","https:\/\/www.facebook.com\/marcin.fabrykowski"],"url":"https:\/\/www.24gliwice.pl\/wiadomosci\/author\/marcin-fabrykowski\/"}]}},"_links":{"self":[{"href":"https:\/\/www.24gliwice.pl\/wiadomosci\/wp-json\/wp\/v2\/posts\/165119","targetHints":{"allow":["GET"]}}],"collection":[{"href":"https:\/\/www.24gliwice.pl\/wiadomosci\/wp-json\/wp\/v2\/posts"}],"about":[{"href":"https:\/\/www.24gliwice.pl\/wiadomosci\/wp-json\/wp\/v2\/types\/post"}],"author":[{"embeddable":true,"href":"https:\/\/www.24gliwice.pl\/wiadomosci\/wp-json\/wp\/v2\/users\/4"}],"replies":[{"embeddable":true,"href":"https:\/\/www.24gliwice.pl\/wiadomosci\/wp-json\/wp\/v2\/comments?post=165119"}],"version-history":[{"count":0,"href":"https:\/\/www.24gliwice.pl\/wiadomosci\/wp-json\/wp\/v2\/posts\/165119\/revisions"}],"wp:attachment":[{"href":"https:\/\/www.24gliwice.pl\/wiadomosci\/wp-json\/wp\/v2\/media?parent=165119"}],"wp:term":[{"taxonomy":"category","embeddable":true,"href":"https:\/\/www.24gliwice.pl\/wiadomosci\/wp-json\/wp\/v2\/categories?post=165119"},{"taxonomy":"post_tag","embeddable":true,"href":"https:\/\/www.24gliwice.pl\/wiadomosci\/wp-json\/wp\/v2\/tags?post=165119"}],"curies":[{"name":"wp","href":"https:\/\/api.w.org\/{rel}","templated":true}]}}