{"id":165311,"date":"2021-02-17T15:05:17","date_gmt":"2021-02-17T14:05:17","guid":{"rendered":"https:\/\/www.24gliwice.pl\/wiadomosci\/?p=165311"},"modified":"2021-02-17T15:05:17","modified_gmt":"2021-02-17T14:05:17","slug":"swiatowy-dzien-kota-w-gliwickim-schronisku-dla-zwierzat-czeka-80-mruczkow-do-adopcji","status":"publish","type":"post","link":"https:\/\/www.24gliwice.pl\/wiadomosci\/swiatowy-dzien-kota-w-gliwickim-schronisku-dla-zwierzat-czeka-80-mruczkow-do-adopcji\/","title":{"rendered":"\u015awiatowy Dzie\u0144 Kota. W gliwickim Schronisku dla zwierz\u0105t czeka 80 mruczk\u00f3w do adopcji"},"content":{"rendered":"<div class=\"gliwi-a6-nad-leadem-artykulow gliwi-entity-placement\" id=\"gliwi-438162776\"><div class=\"gliwi-adlabel\"><span style=\"font-size: 9px\">REKLAMA<\/span><\/div><div id=\"gliwi-4116439840\" style=\"margin-bottom: 25px;margin-left: auto;margin-right: auto;text-align: center;\"><a data-no-instant=\"1\" href=\"https:\/\/dom100.eu\/\" rel=\"noopener\" class=\"a2t-link\" target=\"_blank\" aria-label=\"20260415 DOM100 D\"><img loading=\"lazy\" decoding=\"async\" src=\"https:\/\/www.24gliwice.pl\/wiadomosci\/wp-content\/uploads\/2026\/04\/20260415-DOM100-D.jpg\" alt=\"\"  srcset=\"https:\/\/www.24gliwice.pl\/wiadomosci\/wp-content\/uploads\/2026\/04\/20260415-DOM100-D.jpg 750w, https:\/\/www.24gliwice.pl\/wiadomosci\/wp-content\/uploads\/2026\/04\/20260415-DOM100-D-410x109.jpg 410w\" sizes=\"(max-width: 750px) 100vw, 750px\" class=\"no-lazyload\" width=\"750\" height=\"200\"  style=\"display: inline-block; max-width: 100%; height: auto;\" \/><\/a><\/div><\/div><h2>17 lutego obchodzimy \u015awiatowy Dzie\u0144 Kota. Dla gliwickiego Schroniska dla zwierz\u0105t to okazja do promocji adopcji swoich podopiecznych. A jest ich sporo \u2013 na nowy, ciep\u0142y dom i kochaj\u0105cych ludzi przy ul. Wschodniej czeka oko\u0142o 80 kot\u00f3w.<\/h2>\n<p>&nbsp;<br \/>\nWszystkie maj\u0105 swoj\u0105 histori\u0119, cz\u0119sto smutn\u0105, i czekaj\u0105 na swojego kochaj\u0105cego cz\u0142owieka.<\/p>\n<p>\u2013 <em>Koty s\u0105 w r\u00f3\u017cnym wieku, maj\u0105 r\u00f3\u017cne charaktery i temperamenty, s\u0105 indywiduali\u015bci i prawdziwe przylepy, ale wszystkie czekaj\u0105 na ciep\u0142y dom. My\u015bl\u0105c o adopcji kota warto rozwa\u017cy\u0107 przygarni\u0119cie minimum dw\u00f3ch \u2013 b\u0119d\u0105 si\u0119 \u015bwietnie bawi\u0107. Apelujemy te\u017c do wszystkich, by zaopiekowali si\u0119 kotami wolno\u017cyj\u0105cymi. Zw\u0142aszcza w te mro\u017ane dni zatroszczmy si\u0119 o nie, dajmy co\u015b do jedzenia, uchylmy okno w piwnicy. To mo\u017ce im uratowa\u0107 \u017cycie<\/em>  \u2013 m\u00f3wi <strong>Barbara Malinowska<\/strong>, kierownik Schroniska dla zwierz\u0105t we Gliwicach.<\/p><div class=\"gliwi-a3-w-tresci-artykulow gliwi-entity-placement\" id=\"gliwi-560770185\"><div class=\"gliwi-adlabel\"><span style=\"font-size: 9px\">REKLAMA<\/span><\/div><div id=\"gliwi-700973715\" style=\"margin-bottom: 30px;margin-left: auto;margin-right: auto;text-align: center;\"><a data-no-instant=\"1\" href=\"https:\/\/ogrodyandersa.pl\/\" rel=\"noopener\" class=\"a2t-link\" target=\"_blank\" aria-label=\"20260415 Ogrody Andersa KUP TERAZ D\"><img loading=\"lazy\" decoding=\"async\" src=\"https:\/\/www.24gliwice.pl\/wiadomosci\/wp-content\/uploads\/2026\/04\/20260415-Ogrody-Andersa-KUP-TERAZ-D.jpg\" alt=\"\"  srcset=\"https:\/\/www.24gliwice.pl\/wiadomosci\/wp-content\/uploads\/2026\/04\/20260415-Ogrody-Andersa-KUP-TERAZ-D.jpg 750w, https:\/\/www.24gliwice.pl\/wiadomosci\/wp-content\/uploads\/2026\/04\/20260415-Ogrody-Andersa-KUP-TERAZ-D-410x109.jpg 410w\" sizes=\"(max-width: 750px) 100vw, 750px\" class=\"no-lazyload\" width=\"750\" height=\"200\"  style=\"display: inline-block; max-width: 100%; height: auto;\" \/><\/a><\/div><\/div>\n<p><iframe loading=\"lazy\" src=\"https:\/\/www.facebook.com\/plugins\/video.php?href=https%3A%2F%2Fwww.facebook.com%2FSchroniskoDlaZwierzatWGliwicach%2Fvideos%2F641933656559063%2F&#038;width=500&#038;show_text=false&#038;height=500&#038;appId\" width=\"500\" height=\"500\" style=\"border:none;overflow:hidden\" scrolling=\"no\" frameborder=\"0\" allowfullscreen=\"true\" allow=\"autoplay; clipboard-write; encrypted-media; picture-in-picture; web-share\" allowFullScreen=\"true\"><\/iframe><\/p>\n<h4>Szukacie swojego kota?<\/h4>\n<p>Zdj\u0119cia kotk\u00f3w do adopcji, wraz z opisem ich upodoba\u0144 i charakter\u00f3w, mo\u017cna znale\u017a\u0107 na stronie internetowej Schroniska (<a href=\"http:\/\/www.schronisko.gliwice.pl\" rel=\"noopener noreferrer\" target=\"_blank\">www.schronisko.gliwice.pl<\/a>) w zak\u0142adce \u201eZwierz\u0119ta\u201d. Z kolei na internetowym profilu Schroniska na Facebooku powstaje dzi\u015b galeria kot\u00f3w, kt\u00f3re ju\u017c szcz\u0119\u015bliwie znalaz\u0142y dom. Osoby, kt\u00f3re adoptowa\u0142y zwierz\u0119ta z gliwickiego schroniska mog\u0105 si\u0119 tam podzieli\u0107 fotografiami i szcz\u0119\u015bliwymi historiami by\u0142ych podopiecznych schroniska przy ul. Wschodniej. <\/p>\n<p>(\u017cms)\/UM(mf)<br \/>\nfot. 24gliwice.pl\/\u0141G<\/p>\n<div class=\"gliwi-a5-na-koncu-artykulow gliwi-entity-placement\" id=\"gliwi-2072610046\"><div class=\"gliwi-adlabel\"><span style=\"font-size: 9px\">REKLAMA<\/span><\/div><div id=\"gliwi-2123311351\" style=\"margin-left: auto;margin-right: auto;text-align: center;\"><a data-no-instant=\"1\" href=\"https:\/\/prezeroarenagliwice.pl\/\" rel=\"noopener\" class=\"a2t-link\" target=\"_blank\" aria-label=\"20260309-PREZERO-WIOSNA-D\"><img loading=\"lazy\" decoding=\"async\" src=\"https:\/\/www.24gliwice.pl\/wiadomosci\/wp-content\/uploads\/2026\/03\/20260309-PREZERO-WIOSNA-D.webp\" alt=\"\"  srcset=\"https:\/\/www.24gliwice.pl\/wiadomosci\/wp-content\/uploads\/2026\/03\/20260309-PREZERO-WIOSNA-D.webp 750w, https:\/\/www.24gliwice.pl\/wiadomosci\/wp-content\/uploads\/2026\/03\/20260309-PREZERO-WIOSNA-D-410x109.webp 410w\" sizes=\"(max-width: 750px) 100vw, 750px\" class=\"no-lazyload\" width=\"750\" height=\"200\"  style=\"display: inline-block; max-width: 100%; height: auto;\" \/><\/a><\/div><\/div>","protected":false},"excerpt":{"rendered":"<p>17 lutego obchodzimy \u015awiatowy Dzie\u0144 Kota. Dla gliwickiego Schroniska dla zwierz\u0105t to okazja do promocji adopcji swoich podopiecznych. A jest ich sporo \u2013 na nowy, ciep\u0142y dom i kochaj\u0105cych ludzi przy ul. Wschodniej czeka oko\u0142o 80 kot\u00f3w. &nbsp; Wszystkie maj\u0105 swoj\u0105 histori\u0119, cz\u0119sto smutn\u0105, i czekaj\u0105 na swojego kochaj\u0105cego cz\u0142owieka. \u2013 Koty s\u0105 w r\u00f3\u017cnym [&hellip;]<\/p>\n","protected":false},"author":15,"featured_media":165315,"comment_status":"open","ping_status":"closed","sticky":false,"template":"","format":"standard","meta":{"_monsterinsights_skip_tracking":false,"_monsterinsights_sitenote_active":false,"_monsterinsights_sitenote_note":"","_monsterinsights_sitenote_category":0,"footnotes":"","_links_to":"","_links_to_target":""},"categories":[3,6,1],"tags":[6354],"class_list":["post-165311","post","type-post","status-publish","format-standard","has-post-thumbnail","hentry","category-gliwice","category-kultura","category-wszystko","tag-schronisko-dla-zwierzat"],"yoast_head":"<!-- This site is optimized with the Yoast SEO plugin v27.5 - https:\/\/yoast.com\/product\/yoast-seo-wordpress\/ -->\n<title>\u015awiatowy Dzie\u0144 Kota. W gliwickim Schronisku dla zwierz\u0105t czeka 80 mruczk\u00f3w do adopcji - 24GLIWICE - Portal Gliwice | codziennie nowe informacje<\/title>\n<meta name=\"robots\" content=\"index, follow, max-snippet:-1, max-image-preview:large, max-video-preview:-1\" \/>\n<link rel=\"canonical\" href=\"https:\/\/www.24gliwice.pl\/wiadomosci\/swiatowy-dzien-kota-w-gliwickim-schronisku-dla-zwierzat-czeka-80-mruczkow-do-adopcji\/\" \/>\n<meta property=\"og:locale\" content=\"pl_PL\" \/>\n<meta property=\"og:type\" content=\"article\" \/>\n<meta property=\"og:title\" content=\"\u015awiatowy Dzie\u0144 Kota. W gliwickim Schronisku dla zwierz\u0105t czeka 80 mruczk\u00f3w do adopcji - 24GLIWICE - Portal Gliwice | codziennie nowe informacje\" \/>\n<meta property=\"og:description\" content=\"17 lutego obchodzimy \u015awiatowy Dzie\u0144 Kota. Dla gliwickiego Schroniska dla zwierz\u0105t to okazja do promocji adopcji swoich podopiecznych. A jest ich sporo \u2013 na nowy, ciep\u0142y dom i kochaj\u0105cych ludzi przy ul. Wschodniej czeka oko\u0142o 80 kot\u00f3w. &nbsp; Wszystkie maj\u0105 swoj\u0105 histori\u0119, cz\u0119sto smutn\u0105, i czekaj\u0105 na swojego kochaj\u0105cego cz\u0142owieka. \u2013 Koty s\u0105 w r\u00f3\u017cnym [&hellip;]\" \/>\n<meta property=\"og:url\" content=\"https:\/\/www.24gliwice.pl\/wiadomosci\/swiatowy-dzien-kota-w-gliwickim-schronisku-dla-zwierzat-czeka-80-mruczkow-do-adopcji\/\" \/>\n<meta property=\"og:site_name\" content=\"24GLIWICE - Portal Gliwice | codziennie nowe informacje\" \/>\n<meta property=\"article:publisher\" content=\"https:\/\/www.facebook.com\/24gliwice\" \/>\n<meta property=\"article:published_time\" content=\"2021-02-17T14:05:17+00:00\" \/>\n<meta property=\"og:image\" content=\"https:\/\/www.24gliwice.pl\/wiadomosci\/wp-content\/uploads\/2021\/02\/kotek-LG.jpg\" \/>\n\t<meta property=\"og:image:width\" content=\"810\" \/>\n\t<meta property=\"og:image:height\" content=\"456\" \/>\n\t<meta property=\"og:image:type\" content=\"image\/jpeg\" \/>\n<meta name=\"author\" content=\"\u017baneta Mrozek-Siewierska\" \/>\n<meta name=\"twitter:card\" content=\"summary_large_image\" \/>\n<meta name=\"twitter:creator\" content=\"@24gliwice\" \/>\n<meta name=\"twitter:site\" content=\"@24gliwice\" \/>\n<meta name=\"twitter:label1\" content=\"Napisane przez\" \/>\n\t<meta name=\"twitter:data1\" content=\"\u017baneta Mrozek-Siewierska\" \/>\n\t<meta name=\"twitter:label2\" content=\"Szacowany czas czytania\" \/>\n\t<meta name=\"twitter:data2\" content=\"1 minuta\" \/>\n<script type=\"application\/ld+json\" class=\"yoast-schema-graph\">{\"@context\":\"https:\\\/\\\/schema.org\",\"@graph\":[{\"@type\":\"Article\",\"@id\":\"https:\\\/\\\/www.24gliwice.pl\\\/wiadomosci\\\/swiatowy-dzien-kota-w-gliwickim-schronisku-dla-zwierzat-czeka-80-mruczkow-do-adopcji\\\/#article\",\"isPartOf\":{\"@id\":\"https:\\\/\\\/www.24gliwice.pl\\\/wiadomosci\\\/swiatowy-dzien-kota-w-gliwickim-schronisku-dla-zwierzat-czeka-80-mruczkow-do-adopcji\\\/\"},\"author\":{\"name\":\"\u017baneta Mrozek-Siewierska\",\"@id\":\"https:\\\/\\\/www.24gliwice.pl\\\/wiadomosci\\\/#\\\/schema\\\/person\\\/e42c650edd7f2fa332be3811fb166b6e\"},\"headline\":\"\u015awiatowy Dzie\u0144 Kota. W gliwickim Schronisku dla zwierz\u0105t czeka 80 mruczk\u00f3w do adopcji\",\"datePublished\":\"2021-02-17T14:05:17+00:00\",\"mainEntityOfPage\":{\"@id\":\"https:\\\/\\\/www.24gliwice.pl\\\/wiadomosci\\\/swiatowy-dzien-kota-w-gliwickim-schronisku-dla-zwierzat-czeka-80-mruczkow-do-adopcji\\\/\"},\"wordCount\":247,\"commentCount\":0,\"publisher\":{\"@id\":\"https:\\\/\\\/www.24gliwice.pl\\\/wiadomosci\\\/#organization\"},\"image\":{\"@id\":\"https:\\\/\\\/www.24gliwice.pl\\\/wiadomosci\\\/swiatowy-dzien-kota-w-gliwickim-schronisku-dla-zwierzat-czeka-80-mruczkow-do-adopcji\\\/#primaryimage\"},\"thumbnailUrl\":\"https:\\\/\\\/www.24gliwice.pl\\\/wiadomosci\\\/wp-content\\\/uploads\\\/2021\\\/02\\\/kotek-LG.jpg\",\"keywords\":[\"SCHRONISKO DLA ZWIERZ\u0104T\"],\"articleSection\":[\"Gliwice\",\"Kultura, wydarzenia, imprezy\",\"Najnowsze wiadomo\u015bci\"],\"inLanguage\":\"pl-PL\",\"potentialAction\":[{\"@type\":\"CommentAction\",\"name\":\"Comment\",\"target\":[\"https:\\\/\\\/www.24gliwice.pl\\\/wiadomosci\\\/swiatowy-dzien-kota-w-gliwickim-schronisku-dla-zwierzat-czeka-80-mruczkow-do-adopcji\\\/#respond\"]}]},{\"@type\":\"WebPage\",\"@id\":\"https:\\\/\\\/www.24gliwice.pl\\\/wiadomosci\\\/swiatowy-dzien-kota-w-gliwickim-schronisku-dla-zwierzat-czeka-80-mruczkow-do-adopcji\\\/\",\"url\":\"https:\\\/\\\/www.24gliwice.pl\\\/wiadomosci\\\/swiatowy-dzien-kota-w-gliwickim-schronisku-dla-zwierzat-czeka-80-mruczkow-do-adopcji\\\/\",\"name\":\"\u015awiatowy Dzie\u0144 Kota. W gliwickim Schronisku dla zwierz\u0105t czeka 80 mruczk\u00f3w do adopcji - 24GLIWICE - Portal Gliwice | codziennie nowe informacje\",\"isPartOf\":{\"@id\":\"https:\\\/\\\/www.24gliwice.pl\\\/wiadomosci\\\/#website\"},\"primaryImageOfPage\":{\"@id\":\"https:\\\/\\\/www.24gliwice.pl\\\/wiadomosci\\\/swiatowy-dzien-kota-w-gliwickim-schronisku-dla-zwierzat-czeka-80-mruczkow-do-adopcji\\\/#primaryimage\"},\"image\":{\"@id\":\"https:\\\/\\\/www.24gliwice.pl\\\/wiadomosci\\\/swiatowy-dzien-kota-w-gliwickim-schronisku-dla-zwierzat-czeka-80-mruczkow-do-adopcji\\\/#primaryimage\"},\"thumbnailUrl\":\"https:\\\/\\\/www.24gliwice.pl\\\/wiadomosci\\\/wp-content\\\/uploads\\\/2021\\\/02\\\/kotek-LG.jpg\",\"datePublished\":\"2021-02-17T14:05:17+00:00\",\"breadcrumb\":{\"@id\":\"https:\\\/\\\/www.24gliwice.pl\\\/wiadomosci\\\/swiatowy-dzien-kota-w-gliwickim-schronisku-dla-zwierzat-czeka-80-mruczkow-do-adopcji\\\/#breadcrumb\"},\"inLanguage\":\"pl-PL\",\"potentialAction\":[{\"@type\":\"ReadAction\",\"target\":[\"https:\\\/\\\/www.24gliwice.pl\\\/wiadomosci\\\/swiatowy-dzien-kota-w-gliwickim-schronisku-dla-zwierzat-czeka-80-mruczkow-do-adopcji\\\/\"]}]},{\"@type\":\"ImageObject\",\"inLanguage\":\"pl-PL\",\"@id\":\"https:\\\/\\\/www.24gliwice.pl\\\/wiadomosci\\\/swiatowy-dzien-kota-w-gliwickim-schronisku-dla-zwierzat-czeka-80-mruczkow-do-adopcji\\\/#primaryimage\",\"url\":\"https:\\\/\\\/www.24gliwice.pl\\\/wiadomosci\\\/wp-content\\\/uploads\\\/2021\\\/02\\\/kotek-LG.jpg\",\"contentUrl\":\"https:\\\/\\\/www.24gliwice.pl\\\/wiadomosci\\\/wp-content\\\/uploads\\\/2021\\\/02\\\/kotek-LG.jpg\",\"width\":810,\"height\":456},{\"@type\":\"BreadcrumbList\",\"@id\":\"https:\\\/\\\/www.24gliwice.pl\\\/wiadomosci\\\/swiatowy-dzien-kota-w-gliwickim-schronisku-dla-zwierzat-czeka-80-mruczkow-do-adopcji\\\/#breadcrumb\",\"itemListElement\":[{\"@type\":\"ListItem\",\"position\":1,\"name\":\"Strona g\u0142\u00f3wna\",\"item\":\"https:\\\/\\\/www.24gliwice.pl\\\/wiadomosci\\\/\"},{\"@type\":\"ListItem\",\"position\":2,\"name\":\"\u015awiatowy Dzie\u0144 Kota. W gliwickim Schronisku dla zwierz\u0105t czeka 80 mruczk\u00f3w do adopcji\"}]},{\"@type\":\"WebSite\",\"@id\":\"https:\\\/\\\/www.24gliwice.pl\\\/wiadomosci\\\/#website\",\"url\":\"https:\\\/\\\/www.24gliwice.pl\\\/wiadomosci\\\/\",\"name\":\"24GLIWICE - Portal Gliwice | codziennie nowe wiadomo\u015bci\",\"description\":\"Portal Miejski Gliwice\",\"publisher\":{\"@id\":\"https:\\\/\\\/www.24gliwice.pl\\\/wiadomosci\\\/#organization\"},\"potentialAction\":[{\"@type\":\"SearchAction\",\"target\":{\"@type\":\"EntryPoint\",\"urlTemplate\":\"https:\\\/\\\/www.24gliwice.pl\\\/wiadomosci\\\/?s={search_term_string}\"},\"query-input\":{\"@type\":\"PropertyValueSpecification\",\"valueRequired\":true,\"valueName\":\"search_term_string\"}}],\"inLanguage\":\"pl-PL\"},{\"@type\":\"Organization\",\"@id\":\"https:\\\/\\\/www.24gliwice.pl\\\/wiadomosci\\\/#organization\",\"name\":\"24gliwice\",\"url\":\"https:\\\/\\\/www.24gliwice.pl\\\/wiadomosci\\\/\",\"logo\":{\"@type\":\"ImageObject\",\"inLanguage\":\"pl-PL\",\"@id\":\"https:\\\/\\\/www.24gliwice.pl\\\/wiadomosci\\\/#\\\/schema\\\/logo\\\/image\\\/\",\"url\":\"https:\\\/\\\/www.24gliwice.pl\\\/wiadomosci\\\/wp-content\\\/uploads\\\/2024\\\/10\\\/24gliwice-logo-696.jpg\",\"contentUrl\":\"https:\\\/\\\/www.24gliwice.pl\\\/wiadomosci\\\/wp-content\\\/uploads\\\/2024\\\/10\\\/24gliwice-logo-696.jpg\",\"width\":696,\"height\":696,\"caption\":\"24gliwice\"},\"image\":{\"@id\":\"https:\\\/\\\/www.24gliwice.pl\\\/wiadomosci\\\/#\\\/schema\\\/logo\\\/image\\\/\"},\"sameAs\":[\"https:\\\/\\\/www.facebook.com\\\/24gliwice\",\"https:\\\/\\\/x.com\\\/24gliwice\",\"https:\\\/\\\/www.youtube.com\\\/@24gliwice\"]},{\"@type\":\"Person\",\"@id\":\"https:\\\/\\\/www.24gliwice.pl\\\/wiadomosci\\\/#\\\/schema\\\/person\\\/e42c650edd7f2fa332be3811fb166b6e\",\"name\":\"\u017baneta Mrozek-Siewierska\",\"image\":{\"@type\":\"ImageObject\",\"inLanguage\":\"pl-PL\",\"@id\":\"https:\\\/\\\/secure.gravatar.com\\\/avatar\\\/1881429e9c64597c77ad7aef2d0a19be69a3253e57534d16aa15bf3a4d34a0a3?s=96&d=mm&r=g\",\"url\":\"https:\\\/\\\/secure.gravatar.com\\\/avatar\\\/1881429e9c64597c77ad7aef2d0a19be69a3253e57534d16aa15bf3a4d34a0a3?s=96&d=mm&r=g\",\"contentUrl\":\"https:\\\/\\\/secure.gravatar.com\\\/avatar\\\/1881429e9c64597c77ad7aef2d0a19be69a3253e57534d16aa15bf3a4d34a0a3?s=96&d=mm&r=g\",\"caption\":\"\u017baneta Mrozek-Siewierska\"},\"url\":\"https:\\\/\\\/www.24gliwice.pl\\\/wiadomosci\\\/author\\\/zms\\\/\"}]}<\/script>\n<!-- \/ Yoast SEO plugin. -->","yoast_head_json":{"title":"\u015awiatowy Dzie\u0144 Kota. W gliwickim Schronisku dla zwierz\u0105t czeka 80 mruczk\u00f3w do adopcji - 24GLIWICE - Portal Gliwice | codziennie nowe informacje","robots":{"index":"index","follow":"follow","max-snippet":"max-snippet:-1","max-image-preview":"max-image-preview:large","max-video-preview":"max-video-preview:-1"},"canonical":"https:\/\/www.24gliwice.pl\/wiadomosci\/swiatowy-dzien-kota-w-gliwickim-schronisku-dla-zwierzat-czeka-80-mruczkow-do-adopcji\/","og_locale":"pl_PL","og_type":"article","og_title":"\u015awiatowy Dzie\u0144 Kota. W gliwickim Schronisku dla zwierz\u0105t czeka 80 mruczk\u00f3w do adopcji - 24GLIWICE - Portal Gliwice | codziennie nowe informacje","og_description":"17 lutego obchodzimy \u015awiatowy Dzie\u0144 Kota. Dla gliwickiego Schroniska dla zwierz\u0105t to okazja do promocji adopcji swoich podopiecznych. A jest ich sporo \u2013 na nowy, ciep\u0142y dom i kochaj\u0105cych ludzi przy ul. Wschodniej czeka oko\u0142o 80 kot\u00f3w. &nbsp; Wszystkie maj\u0105 swoj\u0105 histori\u0119, cz\u0119sto smutn\u0105, i czekaj\u0105 na swojego kochaj\u0105cego cz\u0142owieka. \u2013 Koty s\u0105 w r\u00f3\u017cnym [&hellip;]","og_url":"https:\/\/www.24gliwice.pl\/wiadomosci\/swiatowy-dzien-kota-w-gliwickim-schronisku-dla-zwierzat-czeka-80-mruczkow-do-adopcji\/","og_site_name":"24GLIWICE - Portal Gliwice | codziennie nowe informacje","article_publisher":"https:\/\/www.facebook.com\/24gliwice","article_published_time":"2021-02-17T14:05:17+00:00","og_image":[{"width":810,"height":456,"url":"https:\/\/www.24gliwice.pl\/wiadomosci\/wp-content\/uploads\/2021\/02\/kotek-LG.jpg","type":"image\/jpeg"}],"author":"\u017baneta Mrozek-Siewierska","twitter_card":"summary_large_image","twitter_creator":"@24gliwice","twitter_site":"@24gliwice","twitter_misc":{"Napisane przez":"\u017baneta Mrozek-Siewierska","Szacowany czas czytania":"1 minuta"},"schema":{"@context":"https:\/\/schema.org","@graph":[{"@type":"Article","@id":"https:\/\/www.24gliwice.pl\/wiadomosci\/swiatowy-dzien-kota-w-gliwickim-schronisku-dla-zwierzat-czeka-80-mruczkow-do-adopcji\/#article","isPartOf":{"@id":"https:\/\/www.24gliwice.pl\/wiadomosci\/swiatowy-dzien-kota-w-gliwickim-schronisku-dla-zwierzat-czeka-80-mruczkow-do-adopcji\/"},"author":{"name":"\u017baneta Mrozek-Siewierska","@id":"https:\/\/www.24gliwice.pl\/wiadomosci\/#\/schema\/person\/e42c650edd7f2fa332be3811fb166b6e"},"headline":"\u015awiatowy Dzie\u0144 Kota. W gliwickim Schronisku dla zwierz\u0105t czeka 80 mruczk\u00f3w do adopcji","datePublished":"2021-02-17T14:05:17+00:00","mainEntityOfPage":{"@id":"https:\/\/www.24gliwice.pl\/wiadomosci\/swiatowy-dzien-kota-w-gliwickim-schronisku-dla-zwierzat-czeka-80-mruczkow-do-adopcji\/"},"wordCount":247,"commentCount":0,"publisher":{"@id":"https:\/\/www.24gliwice.pl\/wiadomosci\/#organization"},"image":{"@id":"https:\/\/www.24gliwice.pl\/wiadomosci\/swiatowy-dzien-kota-w-gliwickim-schronisku-dla-zwierzat-czeka-80-mruczkow-do-adopcji\/#primaryimage"},"thumbnailUrl":"https:\/\/www.24gliwice.pl\/wiadomosci\/wp-content\/uploads\/2021\/02\/kotek-LG.jpg","keywords":["SCHRONISKO DLA ZWIERZ\u0104T"],"articleSection":["Gliwice","Kultura, wydarzenia, imprezy","Najnowsze wiadomo\u015bci"],"inLanguage":"pl-PL","potentialAction":[{"@type":"CommentAction","name":"Comment","target":["https:\/\/www.24gliwice.pl\/wiadomosci\/swiatowy-dzien-kota-w-gliwickim-schronisku-dla-zwierzat-czeka-80-mruczkow-do-adopcji\/#respond"]}]},{"@type":"WebPage","@id":"https:\/\/www.24gliwice.pl\/wiadomosci\/swiatowy-dzien-kota-w-gliwickim-schronisku-dla-zwierzat-czeka-80-mruczkow-do-adopcji\/","url":"https:\/\/www.24gliwice.pl\/wiadomosci\/swiatowy-dzien-kota-w-gliwickim-schronisku-dla-zwierzat-czeka-80-mruczkow-do-adopcji\/","name":"\u015awiatowy Dzie\u0144 Kota. W gliwickim Schronisku dla zwierz\u0105t czeka 80 mruczk\u00f3w do adopcji - 24GLIWICE - Portal Gliwice | codziennie nowe informacje","isPartOf":{"@id":"https:\/\/www.24gliwice.pl\/wiadomosci\/#website"},"primaryImageOfPage":{"@id":"https:\/\/www.24gliwice.pl\/wiadomosci\/swiatowy-dzien-kota-w-gliwickim-schronisku-dla-zwierzat-czeka-80-mruczkow-do-adopcji\/#primaryimage"},"image":{"@id":"https:\/\/www.24gliwice.pl\/wiadomosci\/swiatowy-dzien-kota-w-gliwickim-schronisku-dla-zwierzat-czeka-80-mruczkow-do-adopcji\/#primaryimage"},"thumbnailUrl":"https:\/\/www.24gliwice.pl\/wiadomosci\/wp-content\/uploads\/2021\/02\/kotek-LG.jpg","datePublished":"2021-02-17T14:05:17+00:00","breadcrumb":{"@id":"https:\/\/www.24gliwice.pl\/wiadomosci\/swiatowy-dzien-kota-w-gliwickim-schronisku-dla-zwierzat-czeka-80-mruczkow-do-adopcji\/#breadcrumb"},"inLanguage":"pl-PL","potentialAction":[{"@type":"ReadAction","target":["https:\/\/www.24gliwice.pl\/wiadomosci\/swiatowy-dzien-kota-w-gliwickim-schronisku-dla-zwierzat-czeka-80-mruczkow-do-adopcji\/"]}]},{"@type":"ImageObject","inLanguage":"pl-PL","@id":"https:\/\/www.24gliwice.pl\/wiadomosci\/swiatowy-dzien-kota-w-gliwickim-schronisku-dla-zwierzat-czeka-80-mruczkow-do-adopcji\/#primaryimage","url":"https:\/\/www.24gliwice.pl\/wiadomosci\/wp-content\/uploads\/2021\/02\/kotek-LG.jpg","contentUrl":"https:\/\/www.24gliwice.pl\/wiadomosci\/wp-content\/uploads\/2021\/02\/kotek-LG.jpg","width":810,"height":456},{"@type":"BreadcrumbList","@id":"https:\/\/www.24gliwice.pl\/wiadomosci\/swiatowy-dzien-kota-w-gliwickim-schronisku-dla-zwierzat-czeka-80-mruczkow-do-adopcji\/#breadcrumb","itemListElement":[{"@type":"ListItem","position":1,"name":"Strona g\u0142\u00f3wna","item":"https:\/\/www.24gliwice.pl\/wiadomosci\/"},{"@type":"ListItem","position":2,"name":"\u015awiatowy Dzie\u0144 Kota. W gliwickim Schronisku dla zwierz\u0105t czeka 80 mruczk\u00f3w do adopcji"}]},{"@type":"WebSite","@id":"https:\/\/www.24gliwice.pl\/wiadomosci\/#website","url":"https:\/\/www.24gliwice.pl\/wiadomosci\/","name":"24GLIWICE - Portal Gliwice | codziennie nowe wiadomo\u015bci","description":"Portal Miejski Gliwice","publisher":{"@id":"https:\/\/www.24gliwice.pl\/wiadomosci\/#organization"},"potentialAction":[{"@type":"SearchAction","target":{"@type":"EntryPoint","urlTemplate":"https:\/\/www.24gliwice.pl\/wiadomosci\/?s={search_term_string}"},"query-input":{"@type":"PropertyValueSpecification","valueRequired":true,"valueName":"search_term_string"}}],"inLanguage":"pl-PL"},{"@type":"Organization","@id":"https:\/\/www.24gliwice.pl\/wiadomosci\/#organization","name":"24gliwice","url":"https:\/\/www.24gliwice.pl\/wiadomosci\/","logo":{"@type":"ImageObject","inLanguage":"pl-PL","@id":"https:\/\/www.24gliwice.pl\/wiadomosci\/#\/schema\/logo\/image\/","url":"https:\/\/www.24gliwice.pl\/wiadomosci\/wp-content\/uploads\/2024\/10\/24gliwice-logo-696.jpg","contentUrl":"https:\/\/www.24gliwice.pl\/wiadomosci\/wp-content\/uploads\/2024\/10\/24gliwice-logo-696.jpg","width":696,"height":696,"caption":"24gliwice"},"image":{"@id":"https:\/\/www.24gliwice.pl\/wiadomosci\/#\/schema\/logo\/image\/"},"sameAs":["https:\/\/www.facebook.com\/24gliwice","https:\/\/x.com\/24gliwice","https:\/\/www.youtube.com\/@24gliwice"]},{"@type":"Person","@id":"https:\/\/www.24gliwice.pl\/wiadomosci\/#\/schema\/person\/e42c650edd7f2fa332be3811fb166b6e","name":"\u017baneta Mrozek-Siewierska","image":{"@type":"ImageObject","inLanguage":"pl-PL","@id":"https:\/\/secure.gravatar.com\/avatar\/1881429e9c64597c77ad7aef2d0a19be69a3253e57534d16aa15bf3a4d34a0a3?s=96&d=mm&r=g","url":"https:\/\/secure.gravatar.com\/avatar\/1881429e9c64597c77ad7aef2d0a19be69a3253e57534d16aa15bf3a4d34a0a3?s=96&d=mm&r=g","contentUrl":"https:\/\/secure.gravatar.com\/avatar\/1881429e9c64597c77ad7aef2d0a19be69a3253e57534d16aa15bf3a4d34a0a3?s=96&d=mm&r=g","caption":"\u017baneta Mrozek-Siewierska"},"url":"https:\/\/www.24gliwice.pl\/wiadomosci\/author\/zms\/"}]}},"_links":{"self":[{"href":"https:\/\/www.24gliwice.pl\/wiadomosci\/wp-json\/wp\/v2\/posts\/165311","targetHints":{"allow":["GET"]}}],"collection":[{"href":"https:\/\/www.24gliwice.pl\/wiadomosci\/wp-json\/wp\/v2\/posts"}],"about":[{"href":"https:\/\/www.24gliwice.pl\/wiadomosci\/wp-json\/wp\/v2\/types\/post"}],"author":[{"embeddable":true,"href":"https:\/\/www.24gliwice.pl\/wiadomosci\/wp-json\/wp\/v2\/users\/15"}],"replies":[{"embeddable":true,"href":"https:\/\/www.24gliwice.pl\/wiadomosci\/wp-json\/wp\/v2\/comments?post=165311"}],"version-history":[{"count":0,"href":"https:\/\/www.24gliwice.pl\/wiadomosci\/wp-json\/wp\/v2\/posts\/165311\/revisions"}],"wp:featuredmedia":[{"embeddable":true,"href":"https:\/\/www.24gliwice.pl\/wiadomosci\/wp-json\/wp\/v2\/media\/165315"}],"wp:attachment":[{"href":"https:\/\/www.24gliwice.pl\/wiadomosci\/wp-json\/wp\/v2\/media?parent=165311"}],"wp:term":[{"taxonomy":"category","embeddable":true,"href":"https:\/\/www.24gliwice.pl\/wiadomosci\/wp-json\/wp\/v2\/categories?post=165311"},{"taxonomy":"post_tag","embeddable":true,"href":"https:\/\/www.24gliwice.pl\/wiadomosci\/wp-json\/wp\/v2\/tags?post=165311"}],"curies":[{"name":"wp","href":"https:\/\/api.w.org\/{rel}","templated":true}]}}