{"id":167768,"date":"2021-03-31T15:19:39","date_gmt":"2021-03-31T13:19:39","guid":{"rendered":"https:\/\/www.24gliwice.pl\/wiadomosci\/?p=167768"},"modified":"2021-03-31T15:21:04","modified_gmt":"2021-03-31T13:21:04","slug":"biskupi-gliwiccy-zakazeni","status":"publish","type":"post","link":"https:\/\/www.24gliwice.pl\/wiadomosci\/biskupi-gliwiccy-zakazeni\/","title":{"rendered":"Biskupi gliwiccy z pozytywnym wynikiem na obecno\u015b\u0107 koronawirusa. Oficjalny komunikat"},"content":{"rendered":"<div class=\"gliwi-a6-nad-leadem-artykulow gliwi-entity-placement\" id=\"gliwi-290697132\"><div class=\"gliwi-adlabel\"><span style=\"font-size: 9px\">REKLAMA<\/span><\/div><div id=\"gliwi-1201071372\" style=\"margin-bottom: 30px;margin-left: auto;margin-right: auto;text-align: center;\"><a data-no-instant=\"1\" href=\"https:\/\/przedszkole.halogen.org.pl\/\" rel=\"noopener\" class=\"a2t-link\" target=\"_blank\" aria-label=\"20260402-ANIMATOR-przedszkole_grafika_750x200\"><img loading=\"lazy\" decoding=\"async\" src=\"https:\/\/www.24gliwice.pl\/wiadomosci\/wp-content\/uploads\/2026\/04\/20260402-ANIMATOR-przedszkole_grafika_750x200.webp\" alt=\"\"  srcset=\"https:\/\/www.24gliwice.pl\/wiadomosci\/wp-content\/uploads\/2026\/04\/20260402-ANIMATOR-przedszkole_grafika_750x200.webp 750w, https:\/\/www.24gliwice.pl\/wiadomosci\/wp-content\/uploads\/2026\/04\/20260402-ANIMATOR-przedszkole_grafika_750x200-410x109.webp 410w\" sizes=\"(max-width: 750px) 100vw, 750px\" class=\"no-lazyload\" width=\"750\" height=\"200\"  style=\"display: inline-block; max-width: 100%; height: auto;\" \/><\/a><\/div><\/div><h2>&#8220;Powodowani trosk\u0105 o zdrowie wiernych informujemy, \u017ce biskupi gliwiccy podczas wczorajszego testu na obecno\u015b\u0107 koronawirusa uzyskali wynik pozytywny&#8221; &#8211; czytamy w komunikacie zamieszczonym dzisiaj na stronach Diecezji Gliwickiej.<\/h2>\n<p>&nbsp;<br \/>\nOdwo\u0142ano m.in. msz\u0119 Krzy\u017cma \u015awi\u0119tego w Wielki Czwartek, biskupi odwo\u0142ali te\u017c swoj\u0105 obecno\u015b\u0107 na Mszach \u015bwi\u0119tych zaplanowanych do dnia 11 kwietnia. <\/p>\n<p>Wszystkie osoby, kt\u00f3re w ostatnich dniach uczestniczy\u0142y w liturgiach sprawowanych przez biskup\u00f3w i mia\u0142y z nimi bezpo\u015bredni kontakt, proszone s\u0105 o baczn\u0105 obserwacj\u0119 swojego stanu zdrowia, a w przypadku wyst\u0105pienia niepokoj\u0105cych objaw\u00f3w o pilny kontakt z lekarzem.<\/p><div class=\"gliwi-a3-w-tresci-artykulow gliwi-entity-placement\" id=\"gliwi-1256448422\"><div class=\"gliwi-adlabel\"><span style=\"font-size: 9px\">REKLAMA<\/span><\/div><div id=\"gliwi-3351865677\" style=\"margin-bottom: 30px;margin-left: auto;margin-right: auto;text-align: center;\"><a data-no-instant=\"1\" href=\"https:\/\/zlobek.halogen.org.pl\/\" rel=\"noopener\" class=\"a2t-link\" target=\"_blank\" aria-label=\"animator-zlobek_750x200\"><img loading=\"lazy\" decoding=\"async\" src=\"https:\/\/www.24gliwice.pl\/wiadomosci\/wp-content\/uploads\/2026\/02\/animator-zlobek_750x200.webp\" alt=\"\"  srcset=\"https:\/\/www.24gliwice.pl\/wiadomosci\/wp-content\/uploads\/2026\/02\/animator-zlobek_750x200.webp 750w, https:\/\/www.24gliwice.pl\/wiadomosci\/wp-content\/uploads\/2026\/02\/animator-zlobek_750x200-410x109.webp 410w\" sizes=\"(max-width: 750px) 100vw, 750px\" class=\"no-lazyload\" width=\"750\" height=\"200\"  style=\"display: inline-block; max-width: 100%; height: auto;\" \/><\/a><\/div><\/div>\n<h4>Pe\u0142na tre\u015b\u0107 komunikatu:<\/h4>\n<p>1) Msza Krzy\u017cma \u015awi\u0119tego w Wielki Czwartek zostaje odwo\u0142ana; nowy termin zostanie wyznaczony i podany w p\u00f3\u017aniejszym czasie;<br \/>\n2) liturgie Triduum Paschalnego sprawowane b\u0119d\u0105 w katedrze gliwickiej zgodnie z planem przez miejscowych duszpasterzy;<br \/>\n3) biskupi odwo\u0142uj\u0105 swoj\u0105 obecno\u015b\u0107 na Mszach \u015bwi\u0119tych zaplanowanych do dnia 11 kwietnia br.;<br \/>\n4) wszystkie osoby, kt\u00f3re w ostatnich dniach uczestniczy\u0142y w liturgiach sprawowanych przez biskup\u00f3w i mia\u0142y z nimi bezpo\u015bredni kontakt, prosimy o baczn\u0105 obserwacj\u0119 swojego stanu zdrowia, a w przypadku wyst\u0105pienia niepokoj\u0105cych objaw\u00f3w o pilny kontakt z lekarzem;<br \/>\n5) Kuria Diecezjalna w Gliwicach w dniach 6-9 kwietnia br. nie przyjmuje interesant\u00f3w; wszystkie sprawy nale\u017cy za\u0142atwia\u0107 telefonicznie lub mailowo w godzinach 9.00-13.30; korespondencja mailowa musi zawiera\u0107 dane nadawcy, korespondencja anonimowa nie b\u0119dzie przyjmowana;<br \/>\n6) wszystkim duszpasterzom przypominamy o obowi\u0105zku zachowania pa\u0144stwowych wymog\u00f3w sanitarnych oraz ko\u015bcielnych wytycznych dotycz\u0105cych sprawowania liturgii w \u015bwi\u0105tyniach;<br \/>\n7) apelujemy do wszystkich o rozwag\u0119 i stosowanie si\u0119 do zasad sanitarnych, a tak\u017ce przyj\u0119cie ze zrozumieniem ogranicze\u0144, kt\u00f3re w czasie \u015awi\u0105t Wielkanocnych musz\u0105 zosta\u0107 zachowane w \u015bwi\u0105tyniach;<br \/>\n8) wszystkich prosimy o modlitw\u0119 w intencji ksi\u0119\u017cy biskup\u00f3w, wszystkich chorych, s\u0142u\u017cby zdrowia oraz o szybkie ust\u0105pienie panuj\u0105cej epidemii.<\/p>\n<p><iframe loading=\"lazy\" src=\"https:\/\/www.facebook.com\/plugins\/post.php?href=https%3A%2F%2Fwww.facebook.com%2Fdiecezja.gliwicka%2Fposts%2F3719084838218842&#038;width=500&#038;show_text=true&#038;appId=526665801043948&#038;height=486\" width=\"500\" height=\"486\" style=\"border:none;overflow:hidden\" scrolling=\"no\" frameborder=\"0\" allowfullscreen=\"true\" allow=\"autoplay; clipboard-write; encrypted-media; picture-in-picture; web-share\"><\/iframe><\/p>\n<p>emef<\/p>\n<div class=\"gliwi-a5-na-koncu-artykulow gliwi-entity-placement\" id=\"gliwi-3280193946\"><div class=\"gliwi-adlabel\"><span style=\"font-size: 9px\">REKLAMA<\/span><\/div><div id=\"gliwi-3075206531\" style=\"margin-left: auto;margin-right: auto;text-align: center;\"><a data-no-instant=\"1\" href=\"https:\/\/prezeroarenagliwice.pl\/\" rel=\"noopener\" class=\"a2t-link\" target=\"_blank\" aria-label=\"20260309-PREZERO-WIOSNA-D\"><img loading=\"lazy\" decoding=\"async\" src=\"https:\/\/www.24gliwice.pl\/wiadomosci\/wp-content\/uploads\/2026\/03\/20260309-PREZERO-WIOSNA-D.webp\" alt=\"\"  srcset=\"https:\/\/www.24gliwice.pl\/wiadomosci\/wp-content\/uploads\/2026\/03\/20260309-PREZERO-WIOSNA-D.webp 750w, https:\/\/www.24gliwice.pl\/wiadomosci\/wp-content\/uploads\/2026\/03\/20260309-PREZERO-WIOSNA-D-410x109.webp 410w\" sizes=\"(max-width: 750px) 100vw, 750px\" class=\"no-lazyload\" width=\"750\" height=\"200\"  style=\"display: inline-block; max-width: 100%; height: auto;\" \/><\/a><\/div><\/div>","protected":false},"excerpt":{"rendered":"<p>&#8220;Powodowani trosk\u0105 o zdrowie wiernych informujemy, \u017ce biskupi gliwiccy podczas wczorajszego testu na obecno\u015b\u0107 koronawirusa uzyskali wynik pozytywny&#8221; &#8211; czytamy w komunikacie zamieszczonym dzisiaj na stronach Diecezji Gliwickiej. &nbsp; Odwo\u0142ano m.in. msz\u0119 Krzy\u017cma \u015awi\u0119tego w Wielki Czwartek, biskupi odwo\u0142ali te\u017c swoj\u0105 obecno\u015b\u0107 na Mszach \u015bwi\u0119tych zaplanowanych do dnia 11 kwietnia. Wszystkie osoby, kt\u00f3re w ostatnich [&hellip;]<\/p>\n","protected":false},"author":4,"featured_media":149792,"comment_status":"closed","ping_status":"closed","sticky":false,"template":"","format":"standard","meta":{"_monsterinsights_skip_tracking":false,"_monsterinsights_sitenote_active":false,"_monsterinsights_sitenote_note":"","_monsterinsights_sitenote_category":0,"footnotes":"","_links_to":"","_links_to_target":""},"categories":[3,1],"tags":[8907,17708],"class_list":["post-167768","post","type-post","status-publish","format-standard","has-post-thumbnail","hentry","category-gliwice","category-wszystko","tag-diecezja","tag-koronawirus"],"yoast_head":"<!-- This site is optimized with the Yoast SEO plugin v27.5 - https:\/\/yoast.com\/product\/yoast-seo-wordpress\/ -->\n<title>Biskupi gliwiccy z pozytywnym wynikiem na obecno\u015b\u0107 koronawirusa. Oficjalny komunikat - 24GLIWICE - Portal Gliwice | codziennie nowe informacje<\/title>\n<meta name=\"robots\" content=\"index, follow, max-snippet:-1, max-image-preview:large, max-video-preview:-1\" \/>\n<link rel=\"canonical\" href=\"https:\/\/www.24gliwice.pl\/wiadomosci\/biskupi-gliwiccy-zakazeni\/\" \/>\n<meta property=\"og:locale\" content=\"pl_PL\" \/>\n<meta property=\"og:type\" content=\"article\" \/>\n<meta property=\"og:title\" content=\"Biskupi gliwiccy z pozytywnym wynikiem na obecno\u015b\u0107 koronawirusa. Oficjalny komunikat - 24GLIWICE - Portal Gliwice | codziennie nowe informacje\" \/>\n<meta property=\"og:description\" content=\"&#8220;Powodowani trosk\u0105 o zdrowie wiernych informujemy, \u017ce biskupi gliwiccy podczas wczorajszego testu na obecno\u015b\u0107 koronawirusa uzyskali wynik pozytywny&#8221; &#8211; czytamy w komunikacie zamieszczonym dzisiaj na stronach Diecezji Gliwickiej. &nbsp; Odwo\u0142ano m.in. msz\u0119 Krzy\u017cma \u015awi\u0119tego w Wielki Czwartek, biskupi odwo\u0142ali te\u017c swoj\u0105 obecno\u015b\u0107 na Mszach \u015bwi\u0119tych zaplanowanych do dnia 11 kwietnia. Wszystkie osoby, kt\u00f3re w ostatnich [&hellip;]\" \/>\n<meta property=\"og:url\" content=\"https:\/\/www.24gliwice.pl\/wiadomosci\/biskupi-gliwiccy-zakazeni\/\" \/>\n<meta property=\"og:site_name\" content=\"24GLIWICE - Portal Gliwice | codziennie nowe informacje\" \/>\n<meta property=\"article:publisher\" content=\"https:\/\/www.facebook.com\/24gliwice\" \/>\n<meta property=\"article:author\" content=\"https:\/\/www.facebook.com\/marcin.fabrykowski\" \/>\n<meta property=\"article:published_time\" content=\"2021-03-31T13:19:39+00:00\" \/>\n<meta property=\"article:modified_time\" content=\"2021-03-31T13:21:04+00:00\" \/>\n<meta property=\"og:image\" content=\"https:\/\/www.24gliwice.pl\/wiadomosci\/wp-content\/uploads\/2020\/04\/1-kuria-gliwicka-diecezja-4-001.jpg\" \/>\n\t<meta property=\"og:image:width\" content=\"810\" \/>\n\t<meta property=\"og:image:height\" content=\"456\" \/>\n\t<meta property=\"og:image:type\" content=\"image\/jpeg\" \/>\n<meta name=\"author\" content=\"Marcin Fabrykowski\" \/>\n<meta name=\"twitter:card\" content=\"summary_large_image\" \/>\n<meta name=\"twitter:creator\" content=\"@24gliwice\" \/>\n<meta name=\"twitter:site\" content=\"@24gliwice\" \/>\n<meta name=\"twitter:label1\" content=\"Napisane przez\" \/>\n\t<meta name=\"twitter:data1\" content=\"Marcin Fabrykowski\" \/>\n\t<meta name=\"twitter:label2\" content=\"Szacowany czas czytania\" \/>\n\t<meta name=\"twitter:data2\" content=\"2 minuty\" \/>\n<script type=\"application\/ld+json\" class=\"yoast-schema-graph\">{\"@context\":\"https:\\\/\\\/schema.org\",\"@graph\":[{\"@type\":\"Article\",\"@id\":\"https:\\\/\\\/www.24gliwice.pl\\\/wiadomosci\\\/biskupi-gliwiccy-zakazeni\\\/#article\",\"isPartOf\":{\"@id\":\"https:\\\/\\\/www.24gliwice.pl\\\/wiadomosci\\\/biskupi-gliwiccy-zakazeni\\\/\"},\"author\":{\"name\":\"Marcin Fabrykowski\",\"@id\":\"https:\\\/\\\/www.24gliwice.pl\\\/wiadomosci\\\/#\\\/schema\\\/person\\\/cb5857e4a4d048c15984c1edcc8ef0c0\"},\"headline\":\"Biskupi gliwiccy z pozytywnym wynikiem na obecno\u015b\u0107 koronawirusa. Oficjalny komunikat\",\"datePublished\":\"2021-03-31T13:19:39+00:00\",\"dateModified\":\"2021-03-31T13:21:04+00:00\",\"mainEntityOfPage\":{\"@id\":\"https:\\\/\\\/www.24gliwice.pl\\\/wiadomosci\\\/biskupi-gliwiccy-zakazeni\\\/\"},\"wordCount\":325,\"publisher\":{\"@id\":\"https:\\\/\\\/www.24gliwice.pl\\\/wiadomosci\\\/#organization\"},\"image\":{\"@id\":\"https:\\\/\\\/www.24gliwice.pl\\\/wiadomosci\\\/biskupi-gliwiccy-zakazeni\\\/#primaryimage\"},\"thumbnailUrl\":\"https:\\\/\\\/www.24gliwice.pl\\\/wiadomosci\\\/wp-content\\\/uploads\\\/2020\\\/04\\\/1-kuria-gliwicka-diecezja-4-001.jpg\",\"keywords\":[\"diecezja\",\"KORONAWIRUS\"],\"articleSection\":[\"Gliwice\",\"Najnowsze wiadomo\u015bci\"],\"inLanguage\":\"pl-PL\"},{\"@type\":\"WebPage\",\"@id\":\"https:\\\/\\\/www.24gliwice.pl\\\/wiadomosci\\\/biskupi-gliwiccy-zakazeni\\\/\",\"url\":\"https:\\\/\\\/www.24gliwice.pl\\\/wiadomosci\\\/biskupi-gliwiccy-zakazeni\\\/\",\"name\":\"Biskupi gliwiccy z pozytywnym wynikiem na obecno\u015b\u0107 koronawirusa. Oficjalny komunikat - 24GLIWICE - Portal Gliwice | codziennie nowe informacje\",\"isPartOf\":{\"@id\":\"https:\\\/\\\/www.24gliwice.pl\\\/wiadomosci\\\/#website\"},\"primaryImageOfPage\":{\"@id\":\"https:\\\/\\\/www.24gliwice.pl\\\/wiadomosci\\\/biskupi-gliwiccy-zakazeni\\\/#primaryimage\"},\"image\":{\"@id\":\"https:\\\/\\\/www.24gliwice.pl\\\/wiadomosci\\\/biskupi-gliwiccy-zakazeni\\\/#primaryimage\"},\"thumbnailUrl\":\"https:\\\/\\\/www.24gliwice.pl\\\/wiadomosci\\\/wp-content\\\/uploads\\\/2020\\\/04\\\/1-kuria-gliwicka-diecezja-4-001.jpg\",\"datePublished\":\"2021-03-31T13:19:39+00:00\",\"dateModified\":\"2021-03-31T13:21:04+00:00\",\"breadcrumb\":{\"@id\":\"https:\\\/\\\/www.24gliwice.pl\\\/wiadomosci\\\/biskupi-gliwiccy-zakazeni\\\/#breadcrumb\"},\"inLanguage\":\"pl-PL\",\"potentialAction\":[{\"@type\":\"ReadAction\",\"target\":[\"https:\\\/\\\/www.24gliwice.pl\\\/wiadomosci\\\/biskupi-gliwiccy-zakazeni\\\/\"]}]},{\"@type\":\"ImageObject\",\"inLanguage\":\"pl-PL\",\"@id\":\"https:\\\/\\\/www.24gliwice.pl\\\/wiadomosci\\\/biskupi-gliwiccy-zakazeni\\\/#primaryimage\",\"url\":\"https:\\\/\\\/www.24gliwice.pl\\\/wiadomosci\\\/wp-content\\\/uploads\\\/2020\\\/04\\\/1-kuria-gliwicka-diecezja-4-001.jpg\",\"contentUrl\":\"https:\\\/\\\/www.24gliwice.pl\\\/wiadomosci\\\/wp-content\\\/uploads\\\/2020\\\/04\\\/1-kuria-gliwicka-diecezja-4-001.jpg\",\"width\":810,\"height\":456},{\"@type\":\"BreadcrumbList\",\"@id\":\"https:\\\/\\\/www.24gliwice.pl\\\/wiadomosci\\\/biskupi-gliwiccy-zakazeni\\\/#breadcrumb\",\"itemListElement\":[{\"@type\":\"ListItem\",\"position\":1,\"name\":\"Strona g\u0142\u00f3wna\",\"item\":\"https:\\\/\\\/www.24gliwice.pl\\\/wiadomosci\\\/\"},{\"@type\":\"ListItem\",\"position\":2,\"name\":\"Biskupi gliwiccy z pozytywnym wynikiem na obecno\u015b\u0107 koronawirusa. Oficjalny komunikat\"}]},{\"@type\":\"WebSite\",\"@id\":\"https:\\\/\\\/www.24gliwice.pl\\\/wiadomosci\\\/#website\",\"url\":\"https:\\\/\\\/www.24gliwice.pl\\\/wiadomosci\\\/\",\"name\":\"24GLIWICE - Portal Gliwice | codziennie nowe wiadomo\u015bci\",\"description\":\"Portal Miejski Gliwice\",\"publisher\":{\"@id\":\"https:\\\/\\\/www.24gliwice.pl\\\/wiadomosci\\\/#organization\"},\"potentialAction\":[{\"@type\":\"SearchAction\",\"target\":{\"@type\":\"EntryPoint\",\"urlTemplate\":\"https:\\\/\\\/www.24gliwice.pl\\\/wiadomosci\\\/?s={search_term_string}\"},\"query-input\":{\"@type\":\"PropertyValueSpecification\",\"valueRequired\":true,\"valueName\":\"search_term_string\"}}],\"inLanguage\":\"pl-PL\"},{\"@type\":\"Organization\",\"@id\":\"https:\\\/\\\/www.24gliwice.pl\\\/wiadomosci\\\/#organization\",\"name\":\"24gliwice\",\"url\":\"https:\\\/\\\/www.24gliwice.pl\\\/wiadomosci\\\/\",\"logo\":{\"@type\":\"ImageObject\",\"inLanguage\":\"pl-PL\",\"@id\":\"https:\\\/\\\/www.24gliwice.pl\\\/wiadomosci\\\/#\\\/schema\\\/logo\\\/image\\\/\",\"url\":\"https:\\\/\\\/www.24gliwice.pl\\\/wiadomosci\\\/wp-content\\\/uploads\\\/2024\\\/10\\\/24gliwice-logo-696.jpg\",\"contentUrl\":\"https:\\\/\\\/www.24gliwice.pl\\\/wiadomosci\\\/wp-content\\\/uploads\\\/2024\\\/10\\\/24gliwice-logo-696.jpg\",\"width\":696,\"height\":696,\"caption\":\"24gliwice\"},\"image\":{\"@id\":\"https:\\\/\\\/www.24gliwice.pl\\\/wiadomosci\\\/#\\\/schema\\\/logo\\\/image\\\/\"},\"sameAs\":[\"https:\\\/\\\/www.facebook.com\\\/24gliwice\",\"https:\\\/\\\/x.com\\\/24gliwice\",\"https:\\\/\\\/www.youtube.com\\\/@24gliwice\"]},{\"@type\":\"Person\",\"@id\":\"https:\\\/\\\/www.24gliwice.pl\\\/wiadomosci\\\/#\\\/schema\\\/person\\\/cb5857e4a4d048c15984c1edcc8ef0c0\",\"name\":\"Marcin Fabrykowski\",\"image\":{\"@type\":\"ImageObject\",\"inLanguage\":\"pl-PL\",\"@id\":\"https:\\\/\\\/www.24gliwice.pl\\\/wiadomosci\\\/wp-content\\\/uploads\\\/2025\\\/11\\\/zdjecie-moje-marcin-300-96x96.jpg\",\"url\":\"https:\\\/\\\/www.24gliwice.pl\\\/wiadomosci\\\/wp-content\\\/uploads\\\/2025\\\/11\\\/zdjecie-moje-marcin-300-96x96.jpg\",\"contentUrl\":\"https:\\\/\\\/www.24gliwice.pl\\\/wiadomosci\\\/wp-content\\\/uploads\\\/2025\\\/11\\\/zdjecie-moje-marcin-300-96x96.jpg\",\"caption\":\"Marcin Fabrykowski\"},\"sameAs\":[\"http:\\\/\\\/24gliwice.pl\",\"https:\\\/\\\/www.facebook.com\\\/marcin.fabrykowski\"],\"url\":\"https:\\\/\\\/www.24gliwice.pl\\\/wiadomosci\\\/author\\\/marcin-fabrykowski\\\/\"}]}<\/script>\n<!-- \/ Yoast SEO plugin. -->","yoast_head_json":{"title":"Biskupi gliwiccy z pozytywnym wynikiem na obecno\u015b\u0107 koronawirusa. Oficjalny komunikat - 24GLIWICE - Portal Gliwice | codziennie nowe informacje","robots":{"index":"index","follow":"follow","max-snippet":"max-snippet:-1","max-image-preview":"max-image-preview:large","max-video-preview":"max-video-preview:-1"},"canonical":"https:\/\/www.24gliwice.pl\/wiadomosci\/biskupi-gliwiccy-zakazeni\/","og_locale":"pl_PL","og_type":"article","og_title":"Biskupi gliwiccy z pozytywnym wynikiem na obecno\u015b\u0107 koronawirusa. Oficjalny komunikat - 24GLIWICE - Portal Gliwice | codziennie nowe informacje","og_description":"&#8220;Powodowani trosk\u0105 o zdrowie wiernych informujemy, \u017ce biskupi gliwiccy podczas wczorajszego testu na obecno\u015b\u0107 koronawirusa uzyskali wynik pozytywny&#8221; &#8211; czytamy w komunikacie zamieszczonym dzisiaj na stronach Diecezji Gliwickiej. &nbsp; Odwo\u0142ano m.in. msz\u0119 Krzy\u017cma \u015awi\u0119tego w Wielki Czwartek, biskupi odwo\u0142ali te\u017c swoj\u0105 obecno\u015b\u0107 na Mszach \u015bwi\u0119tych zaplanowanych do dnia 11 kwietnia. Wszystkie osoby, kt\u00f3re w ostatnich [&hellip;]","og_url":"https:\/\/www.24gliwice.pl\/wiadomosci\/biskupi-gliwiccy-zakazeni\/","og_site_name":"24GLIWICE - Portal Gliwice | codziennie nowe informacje","article_publisher":"https:\/\/www.facebook.com\/24gliwice","article_author":"https:\/\/www.facebook.com\/marcin.fabrykowski","article_published_time":"2021-03-31T13:19:39+00:00","article_modified_time":"2021-03-31T13:21:04+00:00","og_image":[{"width":810,"height":456,"url":"https:\/\/www.24gliwice.pl\/wiadomosci\/wp-content\/uploads\/2020\/04\/1-kuria-gliwicka-diecezja-4-001.jpg","type":"image\/jpeg"}],"author":"Marcin Fabrykowski","twitter_card":"summary_large_image","twitter_creator":"@24gliwice","twitter_site":"@24gliwice","twitter_misc":{"Napisane przez":"Marcin Fabrykowski","Szacowany czas czytania":"2 minuty"},"schema":{"@context":"https:\/\/schema.org","@graph":[{"@type":"Article","@id":"https:\/\/www.24gliwice.pl\/wiadomosci\/biskupi-gliwiccy-zakazeni\/#article","isPartOf":{"@id":"https:\/\/www.24gliwice.pl\/wiadomosci\/biskupi-gliwiccy-zakazeni\/"},"author":{"name":"Marcin Fabrykowski","@id":"https:\/\/www.24gliwice.pl\/wiadomosci\/#\/schema\/person\/cb5857e4a4d048c15984c1edcc8ef0c0"},"headline":"Biskupi gliwiccy z pozytywnym wynikiem na obecno\u015b\u0107 koronawirusa. Oficjalny komunikat","datePublished":"2021-03-31T13:19:39+00:00","dateModified":"2021-03-31T13:21:04+00:00","mainEntityOfPage":{"@id":"https:\/\/www.24gliwice.pl\/wiadomosci\/biskupi-gliwiccy-zakazeni\/"},"wordCount":325,"publisher":{"@id":"https:\/\/www.24gliwice.pl\/wiadomosci\/#organization"},"image":{"@id":"https:\/\/www.24gliwice.pl\/wiadomosci\/biskupi-gliwiccy-zakazeni\/#primaryimage"},"thumbnailUrl":"https:\/\/www.24gliwice.pl\/wiadomosci\/wp-content\/uploads\/2020\/04\/1-kuria-gliwicka-diecezja-4-001.jpg","keywords":["diecezja","KORONAWIRUS"],"articleSection":["Gliwice","Najnowsze wiadomo\u015bci"],"inLanguage":"pl-PL"},{"@type":"WebPage","@id":"https:\/\/www.24gliwice.pl\/wiadomosci\/biskupi-gliwiccy-zakazeni\/","url":"https:\/\/www.24gliwice.pl\/wiadomosci\/biskupi-gliwiccy-zakazeni\/","name":"Biskupi gliwiccy z pozytywnym wynikiem na obecno\u015b\u0107 koronawirusa. Oficjalny komunikat - 24GLIWICE - Portal Gliwice | codziennie nowe informacje","isPartOf":{"@id":"https:\/\/www.24gliwice.pl\/wiadomosci\/#website"},"primaryImageOfPage":{"@id":"https:\/\/www.24gliwice.pl\/wiadomosci\/biskupi-gliwiccy-zakazeni\/#primaryimage"},"image":{"@id":"https:\/\/www.24gliwice.pl\/wiadomosci\/biskupi-gliwiccy-zakazeni\/#primaryimage"},"thumbnailUrl":"https:\/\/www.24gliwice.pl\/wiadomosci\/wp-content\/uploads\/2020\/04\/1-kuria-gliwicka-diecezja-4-001.jpg","datePublished":"2021-03-31T13:19:39+00:00","dateModified":"2021-03-31T13:21:04+00:00","breadcrumb":{"@id":"https:\/\/www.24gliwice.pl\/wiadomosci\/biskupi-gliwiccy-zakazeni\/#breadcrumb"},"inLanguage":"pl-PL","potentialAction":[{"@type":"ReadAction","target":["https:\/\/www.24gliwice.pl\/wiadomosci\/biskupi-gliwiccy-zakazeni\/"]}]},{"@type":"ImageObject","inLanguage":"pl-PL","@id":"https:\/\/www.24gliwice.pl\/wiadomosci\/biskupi-gliwiccy-zakazeni\/#primaryimage","url":"https:\/\/www.24gliwice.pl\/wiadomosci\/wp-content\/uploads\/2020\/04\/1-kuria-gliwicka-diecezja-4-001.jpg","contentUrl":"https:\/\/www.24gliwice.pl\/wiadomosci\/wp-content\/uploads\/2020\/04\/1-kuria-gliwicka-diecezja-4-001.jpg","width":810,"height":456},{"@type":"BreadcrumbList","@id":"https:\/\/www.24gliwice.pl\/wiadomosci\/biskupi-gliwiccy-zakazeni\/#breadcrumb","itemListElement":[{"@type":"ListItem","position":1,"name":"Strona g\u0142\u00f3wna","item":"https:\/\/www.24gliwice.pl\/wiadomosci\/"},{"@type":"ListItem","position":2,"name":"Biskupi gliwiccy z pozytywnym wynikiem na obecno\u015b\u0107 koronawirusa. Oficjalny komunikat"}]},{"@type":"WebSite","@id":"https:\/\/www.24gliwice.pl\/wiadomosci\/#website","url":"https:\/\/www.24gliwice.pl\/wiadomosci\/","name":"24GLIWICE - Portal Gliwice | codziennie nowe wiadomo\u015bci","description":"Portal Miejski Gliwice","publisher":{"@id":"https:\/\/www.24gliwice.pl\/wiadomosci\/#organization"},"potentialAction":[{"@type":"SearchAction","target":{"@type":"EntryPoint","urlTemplate":"https:\/\/www.24gliwice.pl\/wiadomosci\/?s={search_term_string}"},"query-input":{"@type":"PropertyValueSpecification","valueRequired":true,"valueName":"search_term_string"}}],"inLanguage":"pl-PL"},{"@type":"Organization","@id":"https:\/\/www.24gliwice.pl\/wiadomosci\/#organization","name":"24gliwice","url":"https:\/\/www.24gliwice.pl\/wiadomosci\/","logo":{"@type":"ImageObject","inLanguage":"pl-PL","@id":"https:\/\/www.24gliwice.pl\/wiadomosci\/#\/schema\/logo\/image\/","url":"https:\/\/www.24gliwice.pl\/wiadomosci\/wp-content\/uploads\/2024\/10\/24gliwice-logo-696.jpg","contentUrl":"https:\/\/www.24gliwice.pl\/wiadomosci\/wp-content\/uploads\/2024\/10\/24gliwice-logo-696.jpg","width":696,"height":696,"caption":"24gliwice"},"image":{"@id":"https:\/\/www.24gliwice.pl\/wiadomosci\/#\/schema\/logo\/image\/"},"sameAs":["https:\/\/www.facebook.com\/24gliwice","https:\/\/x.com\/24gliwice","https:\/\/www.youtube.com\/@24gliwice"]},{"@type":"Person","@id":"https:\/\/www.24gliwice.pl\/wiadomosci\/#\/schema\/person\/cb5857e4a4d048c15984c1edcc8ef0c0","name":"Marcin Fabrykowski","image":{"@type":"ImageObject","inLanguage":"pl-PL","@id":"https:\/\/www.24gliwice.pl\/wiadomosci\/wp-content\/uploads\/2025\/11\/zdjecie-moje-marcin-300-96x96.jpg","url":"https:\/\/www.24gliwice.pl\/wiadomosci\/wp-content\/uploads\/2025\/11\/zdjecie-moje-marcin-300-96x96.jpg","contentUrl":"https:\/\/www.24gliwice.pl\/wiadomosci\/wp-content\/uploads\/2025\/11\/zdjecie-moje-marcin-300-96x96.jpg","caption":"Marcin Fabrykowski"},"sameAs":["http:\/\/24gliwice.pl","https:\/\/www.facebook.com\/marcin.fabrykowski"],"url":"https:\/\/www.24gliwice.pl\/wiadomosci\/author\/marcin-fabrykowski\/"}]}},"_links":{"self":[{"href":"https:\/\/www.24gliwice.pl\/wiadomosci\/wp-json\/wp\/v2\/posts\/167768","targetHints":{"allow":["GET"]}}],"collection":[{"href":"https:\/\/www.24gliwice.pl\/wiadomosci\/wp-json\/wp\/v2\/posts"}],"about":[{"href":"https:\/\/www.24gliwice.pl\/wiadomosci\/wp-json\/wp\/v2\/types\/post"}],"author":[{"embeddable":true,"href":"https:\/\/www.24gliwice.pl\/wiadomosci\/wp-json\/wp\/v2\/users\/4"}],"replies":[{"embeddable":true,"href":"https:\/\/www.24gliwice.pl\/wiadomosci\/wp-json\/wp\/v2\/comments?post=167768"}],"version-history":[{"count":0,"href":"https:\/\/www.24gliwice.pl\/wiadomosci\/wp-json\/wp\/v2\/posts\/167768\/revisions"}],"wp:featuredmedia":[{"embeddable":true,"href":"https:\/\/www.24gliwice.pl\/wiadomosci\/wp-json\/wp\/v2\/media\/149792"}],"wp:attachment":[{"href":"https:\/\/www.24gliwice.pl\/wiadomosci\/wp-json\/wp\/v2\/media?parent=167768"}],"wp:term":[{"taxonomy":"category","embeddable":true,"href":"https:\/\/www.24gliwice.pl\/wiadomosci\/wp-json\/wp\/v2\/categories?post=167768"},{"taxonomy":"post_tag","embeddable":true,"href":"https:\/\/www.24gliwice.pl\/wiadomosci\/wp-json\/wp\/v2\/tags?post=167768"}],"curies":[{"name":"wp","href":"https:\/\/api.w.org\/{rel}","templated":true}]}}