{"id":167978,"date":"2021-04-06T00:32:40","date_gmt":"2021-04-05T22:32:40","guid":{"rendered":"https:\/\/www.24gliwice.pl\/wiadomosci\/?p=167978"},"modified":"2021-04-07T21:46:20","modified_gmt":"2021-04-07T19:46:20","slug":"drugie-podejscie-do-premiery-ozenku-juz-w-najblizsza-sobote-czy-rzad-przedluzy-obostrzenia","status":"publish","type":"post","link":"https:\/\/www.24gliwice.pl\/wiadomosci\/drugie-podejscie-do-premiery-ozenku-juz-w-najblizsza-sobote-czy-rzad-przedluzy-obostrzenia\/","title":{"rendered":"Drugie podej\u015bcie do premiery &#8220;O\u017cenku&#8221; ju\u017c w najbli\u017csz\u0105 sobot\u0119. Czy rz\u0105d przed\u0142u\u017cy obostrzenia?"},"content":{"rendered":"<div class=\"gliwi-a6-nad-leadem-artykulow gliwi-entity-placement\" id=\"gliwi-1283401657\"><div class=\"gliwi-adlabel\"><span style=\"font-size: 9px\">REKLAMA<\/span><\/div><div id=\"gliwi-1898756243\" style=\"margin-bottom: 25px;margin-left: auto;margin-right: auto;text-align: center;\"><a data-no-instant=\"1\" href=\"https:\/\/dom100.eu\/\" rel=\"noopener\" class=\"a2t-link\" target=\"_blank\" aria-label=\"20260415 DOM100 D\"><img loading=\"lazy\" decoding=\"async\" src=\"https:\/\/www.24gliwice.pl\/wiadomosci\/wp-content\/uploads\/2026\/04\/20260415-DOM100-D.jpg\" alt=\"\"  srcset=\"https:\/\/www.24gliwice.pl\/wiadomosci\/wp-content\/uploads\/2026\/04\/20260415-DOM100-D.jpg 750w, https:\/\/www.24gliwice.pl\/wiadomosci\/wp-content\/uploads\/2026\/04\/20260415-DOM100-D-410x109.jpg 410w\" sizes=\"(max-width: 750px) 100vw, 750px\" class=\"no-lazyload\" width=\"750\" height=\"200\"  style=\"display: inline-block; max-width: 100%; height: auto;\" \/><\/a><\/div><\/div><h2>Teatr Miejski w Gliwicach z powodu obostrze\u0144 musia\u0142 prze\u0142o\u017cy\u0107 marcow\u0105 premier\u0119 &#8220;O\u017cenku&#8221; wg Niko\u0142aja Gogola. Teraz zaprasza na nowy termin, zaplanowany na 10 kwietnia. Czy to si\u0119 uda, zale\u017cy od decyzji&#8230; rz\u0105du.<\/h2>\n<p>Miejskie instytucje kultury zamkni\u0119te (z kr\u00f3tkimi przerwami) s\u0105 ju\u017c od ponad roku.<\/p>\n<p>Je\u017celi obecnie obowi\u0105zuj\u0105ce pandemiczne ograniczenia nie zostan\u0105 przed\u0142u\u017cone, w najbli\u017csz\u0105 sobot\u0119 na du\u017cej scenie przy ul. Nowy \u015awiat 55\u201357 w g\u0142\u00f3wnej roli Agafii Tichonownej publiczno\u015b\u0107 zobaczy <strong>Karolin\u0119 Olg\u0119 Burek<\/strong>. <\/p><div class=\"gliwi-a3-w-tresci-artykulow gliwi-entity-placement\" id=\"gliwi-3395998072\"><div class=\"gliwi-adlabel\"><span style=\"font-size: 9px\">REKLAMA<\/span><\/div><div id=\"gliwi-4271822753\" style=\"margin-bottom: 30px;margin-left: auto;margin-right: auto;text-align: center;\"><a data-no-instant=\"1\" href=\"https:\/\/zlobek.halogen.org.pl\/\" rel=\"noopener\" class=\"a2t-link\" target=\"_blank\" aria-label=\"animator-zlobek_750x200\"><img loading=\"lazy\" decoding=\"async\" src=\"https:\/\/www.24gliwice.pl\/wiadomosci\/wp-content\/uploads\/2026\/02\/animator-zlobek_750x200.webp\" alt=\"\"  srcset=\"https:\/\/www.24gliwice.pl\/wiadomosci\/wp-content\/uploads\/2026\/02\/animator-zlobek_750x200.webp 750w, https:\/\/www.24gliwice.pl\/wiadomosci\/wp-content\/uploads\/2026\/02\/animator-zlobek_750x200-410x109.webp 410w\" sizes=\"(max-width: 750px) 100vw, 750px\" class=\"no-lazyload\" width=\"750\" height=\"200\"  style=\"display: inline-block; max-width: 100%; height: auto;\" \/><\/a><\/div><\/div>\n<p>Panna na wydaniu, kt\u00f3ra szuka kandydata na m\u0119\u017ca. Ale nie byle jakiego, a takiego, kt\u00f3ry podniesie jej status spo\u0142eczny i maj\u0105tkowy. Wyrachowanie? Tak, ale druga strona nie pozostanie Agafii d\u0142u\u017cna.<\/p>\n<p>\u2013 <em>Ca\u0142ej transakcji towarzyszy armia doradc\u00f3w, kt\u00f3rzy wiedz\u0105 przecie\u017c, co dla Agafii szcz\u0119\u015bcia najlepsze, cho\u0107 jako\u015b w\u0142asnego szcz\u0119\u015bcia zbudowa\u0107 nie potrafili\u2026 Wzrok wybranki przyci\u0105ga wyj\u0105tkowo oporny kandydat, Iwan Ku\u017amicz Podkolesin. Zwleka, wybrzydza, marudzi i co\u015b nieskory jest do zaci\u0105gni\u0119cia przed o\u0142tarz w \u015bwi\u0105tecznym kaftanie\u2026 <\/em>\u2013 m\u00f3wi <strong>Daniel Arbaczewski<\/strong> z TMG.<\/p>\n<p>Jak sko\u0144czy si\u0119 ca\u0142a ta historia? O tym b\u0119dzie mo\u017cna przekona\u0107 si\u0119, wybieraj\u0105c si\u0119 na \u201eO\u017cenek\u201d do gliwickiego teatru. Repertuar instytucji jest dost\u0119pny na stronie internetowej <a href=\"http:\/\/teatr.gliwice.pl\" rel=\"noopener\" target=\"_blank\">teatr.gliwice.pl<\/a>. <\/p>\n<p>(\u017cms)\/UM Gliwice<br \/>\nfot. mat. TMG<\/p>\n<div class=\"gliwi-a5-na-koncu-artykulow gliwi-entity-placement\" id=\"gliwi-3992041265\"><div class=\"gliwi-adlabel\"><span style=\"font-size: 9px\">REKLAMA<\/span><\/div><div id=\"gliwi-3559630770\" style=\"margin-left: auto;margin-right: auto;text-align: center;\"><a data-no-instant=\"1\" href=\"https:\/\/prezeroarenagliwice.pl\/\" rel=\"noopener\" class=\"a2t-link\" target=\"_blank\" aria-label=\"20260309-PREZERO-WIOSNA-D\"><img loading=\"lazy\" decoding=\"async\" src=\"https:\/\/www.24gliwice.pl\/wiadomosci\/wp-content\/uploads\/2026\/03\/20260309-PREZERO-WIOSNA-D.webp\" alt=\"\"  srcset=\"https:\/\/www.24gliwice.pl\/wiadomosci\/wp-content\/uploads\/2026\/03\/20260309-PREZERO-WIOSNA-D.webp 750w, https:\/\/www.24gliwice.pl\/wiadomosci\/wp-content\/uploads\/2026\/03\/20260309-PREZERO-WIOSNA-D-410x109.webp 410w\" sizes=\"(max-width: 750px) 100vw, 750px\" class=\"no-lazyload\" width=\"750\" height=\"200\"  style=\"display: inline-block; max-width: 100%; height: auto;\" \/><\/a><\/div><\/div>","protected":false},"excerpt":{"rendered":"<p>Teatr Miejski w Gliwicach z powodu obostrze\u0144 musia\u0142 prze\u0142o\u017cy\u0107 marcow\u0105 premier\u0119 &#8220;O\u017cenku&#8221; wg Niko\u0142aja Gogola. Teraz zaprasza na nowy termin, zaplanowany na 10 kwietnia. Czy to si\u0119 uda, zale\u017cy od decyzji&#8230; rz\u0105du. Miejskie instytucje kultury zamkni\u0119te (z kr\u00f3tkimi przerwami) s\u0105 ju\u017c od ponad roku. Je\u017celi obecnie obowi\u0105zuj\u0105ce pandemiczne ograniczenia nie zostan\u0105 przed\u0142u\u017cone, w najbli\u017csz\u0105 sobot\u0119 [&hellip;]<\/p>\n","protected":false},"author":15,"featured_media":164366,"comment_status":"open","ping_status":"closed","sticky":false,"template":"","format":"standard","meta":{"_monsterinsights_skip_tracking":false,"_monsterinsights_sitenote_active":false,"_monsterinsights_sitenote_note":"","_monsterinsights_sitenote_category":0,"footnotes":"","_links_to":"","_links_to_target":""},"categories":[3,6,1],"tags":[19196,10647],"class_list":["post-167978","post","type-post","status-publish","format-standard","has-post-thumbnail","hentry","category-gliwice","category-kultura","category-wszystko","tag-ozenek","tag-teatr-miejski-w-gliwicach"],"yoast_head":"<!-- This site is optimized with the Yoast SEO plugin v27.5 - https:\/\/yoast.com\/product\/yoast-seo-wordpress\/ -->\n<title>Drugie podej\u015bcie do premiery &quot;O\u017cenku&quot; ju\u017c w najbli\u017csz\u0105 sobot\u0119. Czy rz\u0105d przed\u0142u\u017cy obostrzenia? - 24GLIWICE - Portal Gliwice | codziennie nowe informacje<\/title>\n<meta name=\"robots\" content=\"index, follow, max-snippet:-1, max-image-preview:large, max-video-preview:-1\" \/>\n<link rel=\"canonical\" href=\"https:\/\/www.24gliwice.pl\/wiadomosci\/drugie-podejscie-do-premiery-ozenku-juz-w-najblizsza-sobote-czy-rzad-przedluzy-obostrzenia\/\" \/>\n<meta property=\"og:locale\" content=\"pl_PL\" \/>\n<meta property=\"og:type\" content=\"article\" \/>\n<meta property=\"og:title\" content=\"Drugie podej\u015bcie do premiery &quot;O\u017cenku&quot; ju\u017c w najbli\u017csz\u0105 sobot\u0119. Czy rz\u0105d przed\u0142u\u017cy obostrzenia? - 24GLIWICE - Portal Gliwice | codziennie nowe informacje\" \/>\n<meta property=\"og:description\" content=\"Teatr Miejski w Gliwicach z powodu obostrze\u0144 musia\u0142 prze\u0142o\u017cy\u0107 marcow\u0105 premier\u0119 &#8220;O\u017cenku&#8221; wg Niko\u0142aja Gogola. Teraz zaprasza na nowy termin, zaplanowany na 10 kwietnia. Czy to si\u0119 uda, zale\u017cy od decyzji&#8230; rz\u0105du. Miejskie instytucje kultury zamkni\u0119te (z kr\u00f3tkimi przerwami) s\u0105 ju\u017c od ponad roku. Je\u017celi obecnie obowi\u0105zuj\u0105ce pandemiczne ograniczenia nie zostan\u0105 przed\u0142u\u017cone, w najbli\u017csz\u0105 sobot\u0119 [&hellip;]\" \/>\n<meta property=\"og:url\" content=\"https:\/\/www.24gliwice.pl\/wiadomosci\/drugie-podejscie-do-premiery-ozenku-juz-w-najblizsza-sobote-czy-rzad-przedluzy-obostrzenia\/\" \/>\n<meta property=\"og:site_name\" content=\"24GLIWICE - Portal Gliwice | codziennie nowe informacje\" \/>\n<meta property=\"article:publisher\" content=\"https:\/\/www.facebook.com\/24gliwice\" \/>\n<meta property=\"article:published_time\" content=\"2021-04-05T22:32:40+00:00\" \/>\n<meta property=\"article:modified_time\" content=\"2021-04-07T19:46:20+00:00\" \/>\n<meta property=\"og:image\" content=\"https:\/\/www.24gliwice.pl\/wiadomosci\/wp-content\/uploads\/2021\/02\/ozenek_zdjecia_z_proby_fot_materiay_teatru-2.jpg\" \/>\n\t<meta property=\"og:image:width\" content=\"810\" \/>\n\t<meta property=\"og:image:height\" content=\"455\" \/>\n\t<meta property=\"og:image:type\" content=\"image\/jpeg\" \/>\n<meta name=\"author\" content=\"\u017baneta Mrozek-Siewierska\" \/>\n<meta name=\"twitter:card\" content=\"summary_large_image\" \/>\n<meta name=\"twitter:creator\" content=\"@24gliwice\" \/>\n<meta name=\"twitter:site\" content=\"@24gliwice\" \/>\n<meta name=\"twitter:label1\" content=\"Napisane przez\" \/>\n\t<meta name=\"twitter:data1\" content=\"\u017baneta Mrozek-Siewierska\" \/>\n\t<meta name=\"twitter:label2\" content=\"Szacowany czas czytania\" \/>\n\t<meta name=\"twitter:data2\" content=\"1 minuta\" \/>\n<script type=\"application\/ld+json\" class=\"yoast-schema-graph\">{\"@context\":\"https:\\\/\\\/schema.org\",\"@graph\":[{\"@type\":\"Article\",\"@id\":\"https:\\\/\\\/www.24gliwice.pl\\\/wiadomosci\\\/drugie-podejscie-do-premiery-ozenku-juz-w-najblizsza-sobote-czy-rzad-przedluzy-obostrzenia\\\/#article\",\"isPartOf\":{\"@id\":\"https:\\\/\\\/www.24gliwice.pl\\\/wiadomosci\\\/drugie-podejscie-do-premiery-ozenku-juz-w-najblizsza-sobote-czy-rzad-przedluzy-obostrzenia\\\/\"},\"author\":{\"name\":\"\u017baneta Mrozek-Siewierska\",\"@id\":\"https:\\\/\\\/www.24gliwice.pl\\\/wiadomosci\\\/#\\\/schema\\\/person\\\/e42c650edd7f2fa332be3811fb166b6e\"},\"headline\":\"Drugie podej\u015bcie do premiery &#8220;O\u017cenku&#8221; ju\u017c w najbli\u017csz\u0105 sobot\u0119. Czy rz\u0105d przed\u0142u\u017cy obostrzenia?\",\"datePublished\":\"2021-04-05T22:32:40+00:00\",\"dateModified\":\"2021-04-07T19:46:20+00:00\",\"mainEntityOfPage\":{\"@id\":\"https:\\\/\\\/www.24gliwice.pl\\\/wiadomosci\\\/drugie-podejscie-do-premiery-ozenku-juz-w-najblizsza-sobote-czy-rzad-przedluzy-obostrzenia\\\/\"},\"wordCount\":247,\"commentCount\":0,\"publisher\":{\"@id\":\"https:\\\/\\\/www.24gliwice.pl\\\/wiadomosci\\\/#organization\"},\"image\":{\"@id\":\"https:\\\/\\\/www.24gliwice.pl\\\/wiadomosci\\\/drugie-podejscie-do-premiery-ozenku-juz-w-najblizsza-sobote-czy-rzad-przedluzy-obostrzenia\\\/#primaryimage\"},\"thumbnailUrl\":\"https:\\\/\\\/www.24gliwice.pl\\\/wiadomosci\\\/wp-content\\\/uploads\\\/2021\\\/02\\\/ozenek_zdjecia_z_proby_fot_materiay_teatru-2.jpg\",\"keywords\":[\"o\u017cenek\",\"Teatr Miejski w Gliwicach\"],\"articleSection\":[\"Gliwice\",\"Kultura, wydarzenia, imprezy\",\"Najnowsze wiadomo\u015bci\"],\"inLanguage\":\"pl-PL\",\"potentialAction\":[{\"@type\":\"CommentAction\",\"name\":\"Comment\",\"target\":[\"https:\\\/\\\/www.24gliwice.pl\\\/wiadomosci\\\/drugie-podejscie-do-premiery-ozenku-juz-w-najblizsza-sobote-czy-rzad-przedluzy-obostrzenia\\\/#respond\"]}]},{\"@type\":\"WebPage\",\"@id\":\"https:\\\/\\\/www.24gliwice.pl\\\/wiadomosci\\\/drugie-podejscie-do-premiery-ozenku-juz-w-najblizsza-sobote-czy-rzad-przedluzy-obostrzenia\\\/\",\"url\":\"https:\\\/\\\/www.24gliwice.pl\\\/wiadomosci\\\/drugie-podejscie-do-premiery-ozenku-juz-w-najblizsza-sobote-czy-rzad-przedluzy-obostrzenia\\\/\",\"name\":\"Drugie podej\u015bcie do premiery \\\"O\u017cenku\\\" ju\u017c w najbli\u017csz\u0105 sobot\u0119. Czy rz\u0105d przed\u0142u\u017cy obostrzenia? - 24GLIWICE - Portal Gliwice | codziennie nowe informacje\",\"isPartOf\":{\"@id\":\"https:\\\/\\\/www.24gliwice.pl\\\/wiadomosci\\\/#website\"},\"primaryImageOfPage\":{\"@id\":\"https:\\\/\\\/www.24gliwice.pl\\\/wiadomosci\\\/drugie-podejscie-do-premiery-ozenku-juz-w-najblizsza-sobote-czy-rzad-przedluzy-obostrzenia\\\/#primaryimage\"},\"image\":{\"@id\":\"https:\\\/\\\/www.24gliwice.pl\\\/wiadomosci\\\/drugie-podejscie-do-premiery-ozenku-juz-w-najblizsza-sobote-czy-rzad-przedluzy-obostrzenia\\\/#primaryimage\"},\"thumbnailUrl\":\"https:\\\/\\\/www.24gliwice.pl\\\/wiadomosci\\\/wp-content\\\/uploads\\\/2021\\\/02\\\/ozenek_zdjecia_z_proby_fot_materiay_teatru-2.jpg\",\"datePublished\":\"2021-04-05T22:32:40+00:00\",\"dateModified\":\"2021-04-07T19:46:20+00:00\",\"breadcrumb\":{\"@id\":\"https:\\\/\\\/www.24gliwice.pl\\\/wiadomosci\\\/drugie-podejscie-do-premiery-ozenku-juz-w-najblizsza-sobote-czy-rzad-przedluzy-obostrzenia\\\/#breadcrumb\"},\"inLanguage\":\"pl-PL\",\"potentialAction\":[{\"@type\":\"ReadAction\",\"target\":[\"https:\\\/\\\/www.24gliwice.pl\\\/wiadomosci\\\/drugie-podejscie-do-premiery-ozenku-juz-w-najblizsza-sobote-czy-rzad-przedluzy-obostrzenia\\\/\"]}]},{\"@type\":\"ImageObject\",\"inLanguage\":\"pl-PL\",\"@id\":\"https:\\\/\\\/www.24gliwice.pl\\\/wiadomosci\\\/drugie-podejscie-do-premiery-ozenku-juz-w-najblizsza-sobote-czy-rzad-przedluzy-obostrzenia\\\/#primaryimage\",\"url\":\"https:\\\/\\\/www.24gliwice.pl\\\/wiadomosci\\\/wp-content\\\/uploads\\\/2021\\\/02\\\/ozenek_zdjecia_z_proby_fot_materiay_teatru-2.jpg\",\"contentUrl\":\"https:\\\/\\\/www.24gliwice.pl\\\/wiadomosci\\\/wp-content\\\/uploads\\\/2021\\\/02\\\/ozenek_zdjecia_z_proby_fot_materiay_teatru-2.jpg\",\"width\":810,\"height\":455,\"caption\":\"fot. mat. Teatru Miejskiego\"},{\"@type\":\"BreadcrumbList\",\"@id\":\"https:\\\/\\\/www.24gliwice.pl\\\/wiadomosci\\\/drugie-podejscie-do-premiery-ozenku-juz-w-najblizsza-sobote-czy-rzad-przedluzy-obostrzenia\\\/#breadcrumb\",\"itemListElement\":[{\"@type\":\"ListItem\",\"position\":1,\"name\":\"Strona g\u0142\u00f3wna\",\"item\":\"https:\\\/\\\/www.24gliwice.pl\\\/wiadomosci\\\/\"},{\"@type\":\"ListItem\",\"position\":2,\"name\":\"Drugie podej\u015bcie do premiery &#8222;O\u017cenku&#8221; ju\u017c w najbli\u017csz\u0105 sobot\u0119. Czy rz\u0105d przed\u0142u\u017cy obostrzenia?\"}]},{\"@type\":\"WebSite\",\"@id\":\"https:\\\/\\\/www.24gliwice.pl\\\/wiadomosci\\\/#website\",\"url\":\"https:\\\/\\\/www.24gliwice.pl\\\/wiadomosci\\\/\",\"name\":\"24GLIWICE - Portal Gliwice | codziennie nowe wiadomo\u015bci\",\"description\":\"Portal Miejski Gliwice\",\"publisher\":{\"@id\":\"https:\\\/\\\/www.24gliwice.pl\\\/wiadomosci\\\/#organization\"},\"potentialAction\":[{\"@type\":\"SearchAction\",\"target\":{\"@type\":\"EntryPoint\",\"urlTemplate\":\"https:\\\/\\\/www.24gliwice.pl\\\/wiadomosci\\\/?s={search_term_string}\"},\"query-input\":{\"@type\":\"PropertyValueSpecification\",\"valueRequired\":true,\"valueName\":\"search_term_string\"}}],\"inLanguage\":\"pl-PL\"},{\"@type\":\"Organization\",\"@id\":\"https:\\\/\\\/www.24gliwice.pl\\\/wiadomosci\\\/#organization\",\"name\":\"24gliwice\",\"url\":\"https:\\\/\\\/www.24gliwice.pl\\\/wiadomosci\\\/\",\"logo\":{\"@type\":\"ImageObject\",\"inLanguage\":\"pl-PL\",\"@id\":\"https:\\\/\\\/www.24gliwice.pl\\\/wiadomosci\\\/#\\\/schema\\\/logo\\\/image\\\/\",\"url\":\"https:\\\/\\\/www.24gliwice.pl\\\/wiadomosci\\\/wp-content\\\/uploads\\\/2024\\\/10\\\/24gliwice-logo-696.jpg\",\"contentUrl\":\"https:\\\/\\\/www.24gliwice.pl\\\/wiadomosci\\\/wp-content\\\/uploads\\\/2024\\\/10\\\/24gliwice-logo-696.jpg\",\"width\":696,\"height\":696,\"caption\":\"24gliwice\"},\"image\":{\"@id\":\"https:\\\/\\\/www.24gliwice.pl\\\/wiadomosci\\\/#\\\/schema\\\/logo\\\/image\\\/\"},\"sameAs\":[\"https:\\\/\\\/www.facebook.com\\\/24gliwice\",\"https:\\\/\\\/x.com\\\/24gliwice\",\"https:\\\/\\\/www.youtube.com\\\/@24gliwice\"]},{\"@type\":\"Person\",\"@id\":\"https:\\\/\\\/www.24gliwice.pl\\\/wiadomosci\\\/#\\\/schema\\\/person\\\/e42c650edd7f2fa332be3811fb166b6e\",\"name\":\"\u017baneta Mrozek-Siewierska\",\"image\":{\"@type\":\"ImageObject\",\"inLanguage\":\"pl-PL\",\"@id\":\"https:\\\/\\\/secure.gravatar.com\\\/avatar\\\/1881429e9c64597c77ad7aef2d0a19be69a3253e57534d16aa15bf3a4d34a0a3?s=96&d=mm&r=g\",\"url\":\"https:\\\/\\\/secure.gravatar.com\\\/avatar\\\/1881429e9c64597c77ad7aef2d0a19be69a3253e57534d16aa15bf3a4d34a0a3?s=96&d=mm&r=g\",\"contentUrl\":\"https:\\\/\\\/secure.gravatar.com\\\/avatar\\\/1881429e9c64597c77ad7aef2d0a19be69a3253e57534d16aa15bf3a4d34a0a3?s=96&d=mm&r=g\",\"caption\":\"\u017baneta Mrozek-Siewierska\"},\"url\":\"https:\\\/\\\/www.24gliwice.pl\\\/wiadomosci\\\/author\\\/zms\\\/\"}]}<\/script>\n<!-- \/ Yoast SEO plugin. -->","yoast_head_json":{"title":"Drugie podej\u015bcie do premiery \"O\u017cenku\" ju\u017c w najbli\u017csz\u0105 sobot\u0119. Czy rz\u0105d przed\u0142u\u017cy obostrzenia? - 24GLIWICE - Portal Gliwice | codziennie nowe informacje","robots":{"index":"index","follow":"follow","max-snippet":"max-snippet:-1","max-image-preview":"max-image-preview:large","max-video-preview":"max-video-preview:-1"},"canonical":"https:\/\/www.24gliwice.pl\/wiadomosci\/drugie-podejscie-do-premiery-ozenku-juz-w-najblizsza-sobote-czy-rzad-przedluzy-obostrzenia\/","og_locale":"pl_PL","og_type":"article","og_title":"Drugie podej\u015bcie do premiery \"O\u017cenku\" ju\u017c w najbli\u017csz\u0105 sobot\u0119. Czy rz\u0105d przed\u0142u\u017cy obostrzenia? - 24GLIWICE - Portal Gliwice | codziennie nowe informacje","og_description":"Teatr Miejski w Gliwicach z powodu obostrze\u0144 musia\u0142 prze\u0142o\u017cy\u0107 marcow\u0105 premier\u0119 &#8220;O\u017cenku&#8221; wg Niko\u0142aja Gogola. Teraz zaprasza na nowy termin, zaplanowany na 10 kwietnia. Czy to si\u0119 uda, zale\u017cy od decyzji&#8230; rz\u0105du. Miejskie instytucje kultury zamkni\u0119te (z kr\u00f3tkimi przerwami) s\u0105 ju\u017c od ponad roku. Je\u017celi obecnie obowi\u0105zuj\u0105ce pandemiczne ograniczenia nie zostan\u0105 przed\u0142u\u017cone, w najbli\u017csz\u0105 sobot\u0119 [&hellip;]","og_url":"https:\/\/www.24gliwice.pl\/wiadomosci\/drugie-podejscie-do-premiery-ozenku-juz-w-najblizsza-sobote-czy-rzad-przedluzy-obostrzenia\/","og_site_name":"24GLIWICE - Portal Gliwice | codziennie nowe informacje","article_publisher":"https:\/\/www.facebook.com\/24gliwice","article_published_time":"2021-04-05T22:32:40+00:00","article_modified_time":"2021-04-07T19:46:20+00:00","og_image":[{"width":810,"height":455,"url":"https:\/\/www.24gliwice.pl\/wiadomosci\/wp-content\/uploads\/2021\/02\/ozenek_zdjecia_z_proby_fot_materiay_teatru-2.jpg","type":"image\/jpeg"}],"author":"\u017baneta Mrozek-Siewierska","twitter_card":"summary_large_image","twitter_creator":"@24gliwice","twitter_site":"@24gliwice","twitter_misc":{"Napisane przez":"\u017baneta Mrozek-Siewierska","Szacowany czas czytania":"1 minuta"},"schema":{"@context":"https:\/\/schema.org","@graph":[{"@type":"Article","@id":"https:\/\/www.24gliwice.pl\/wiadomosci\/drugie-podejscie-do-premiery-ozenku-juz-w-najblizsza-sobote-czy-rzad-przedluzy-obostrzenia\/#article","isPartOf":{"@id":"https:\/\/www.24gliwice.pl\/wiadomosci\/drugie-podejscie-do-premiery-ozenku-juz-w-najblizsza-sobote-czy-rzad-przedluzy-obostrzenia\/"},"author":{"name":"\u017baneta Mrozek-Siewierska","@id":"https:\/\/www.24gliwice.pl\/wiadomosci\/#\/schema\/person\/e42c650edd7f2fa332be3811fb166b6e"},"headline":"Drugie podej\u015bcie do premiery &#8220;O\u017cenku&#8221; ju\u017c w najbli\u017csz\u0105 sobot\u0119. Czy rz\u0105d przed\u0142u\u017cy obostrzenia?","datePublished":"2021-04-05T22:32:40+00:00","dateModified":"2021-04-07T19:46:20+00:00","mainEntityOfPage":{"@id":"https:\/\/www.24gliwice.pl\/wiadomosci\/drugie-podejscie-do-premiery-ozenku-juz-w-najblizsza-sobote-czy-rzad-przedluzy-obostrzenia\/"},"wordCount":247,"commentCount":0,"publisher":{"@id":"https:\/\/www.24gliwice.pl\/wiadomosci\/#organization"},"image":{"@id":"https:\/\/www.24gliwice.pl\/wiadomosci\/drugie-podejscie-do-premiery-ozenku-juz-w-najblizsza-sobote-czy-rzad-przedluzy-obostrzenia\/#primaryimage"},"thumbnailUrl":"https:\/\/www.24gliwice.pl\/wiadomosci\/wp-content\/uploads\/2021\/02\/ozenek_zdjecia_z_proby_fot_materiay_teatru-2.jpg","keywords":["o\u017cenek","Teatr Miejski w Gliwicach"],"articleSection":["Gliwice","Kultura, wydarzenia, imprezy","Najnowsze wiadomo\u015bci"],"inLanguage":"pl-PL","potentialAction":[{"@type":"CommentAction","name":"Comment","target":["https:\/\/www.24gliwice.pl\/wiadomosci\/drugie-podejscie-do-premiery-ozenku-juz-w-najblizsza-sobote-czy-rzad-przedluzy-obostrzenia\/#respond"]}]},{"@type":"WebPage","@id":"https:\/\/www.24gliwice.pl\/wiadomosci\/drugie-podejscie-do-premiery-ozenku-juz-w-najblizsza-sobote-czy-rzad-przedluzy-obostrzenia\/","url":"https:\/\/www.24gliwice.pl\/wiadomosci\/drugie-podejscie-do-premiery-ozenku-juz-w-najblizsza-sobote-czy-rzad-przedluzy-obostrzenia\/","name":"Drugie podej\u015bcie do premiery \"O\u017cenku\" ju\u017c w najbli\u017csz\u0105 sobot\u0119. Czy rz\u0105d przed\u0142u\u017cy obostrzenia? - 24GLIWICE - Portal Gliwice | codziennie nowe informacje","isPartOf":{"@id":"https:\/\/www.24gliwice.pl\/wiadomosci\/#website"},"primaryImageOfPage":{"@id":"https:\/\/www.24gliwice.pl\/wiadomosci\/drugie-podejscie-do-premiery-ozenku-juz-w-najblizsza-sobote-czy-rzad-przedluzy-obostrzenia\/#primaryimage"},"image":{"@id":"https:\/\/www.24gliwice.pl\/wiadomosci\/drugie-podejscie-do-premiery-ozenku-juz-w-najblizsza-sobote-czy-rzad-przedluzy-obostrzenia\/#primaryimage"},"thumbnailUrl":"https:\/\/www.24gliwice.pl\/wiadomosci\/wp-content\/uploads\/2021\/02\/ozenek_zdjecia_z_proby_fot_materiay_teatru-2.jpg","datePublished":"2021-04-05T22:32:40+00:00","dateModified":"2021-04-07T19:46:20+00:00","breadcrumb":{"@id":"https:\/\/www.24gliwice.pl\/wiadomosci\/drugie-podejscie-do-premiery-ozenku-juz-w-najblizsza-sobote-czy-rzad-przedluzy-obostrzenia\/#breadcrumb"},"inLanguage":"pl-PL","potentialAction":[{"@type":"ReadAction","target":["https:\/\/www.24gliwice.pl\/wiadomosci\/drugie-podejscie-do-premiery-ozenku-juz-w-najblizsza-sobote-czy-rzad-przedluzy-obostrzenia\/"]}]},{"@type":"ImageObject","inLanguage":"pl-PL","@id":"https:\/\/www.24gliwice.pl\/wiadomosci\/drugie-podejscie-do-premiery-ozenku-juz-w-najblizsza-sobote-czy-rzad-przedluzy-obostrzenia\/#primaryimage","url":"https:\/\/www.24gliwice.pl\/wiadomosci\/wp-content\/uploads\/2021\/02\/ozenek_zdjecia_z_proby_fot_materiay_teatru-2.jpg","contentUrl":"https:\/\/www.24gliwice.pl\/wiadomosci\/wp-content\/uploads\/2021\/02\/ozenek_zdjecia_z_proby_fot_materiay_teatru-2.jpg","width":810,"height":455,"caption":"fot. mat. Teatru Miejskiego"},{"@type":"BreadcrumbList","@id":"https:\/\/www.24gliwice.pl\/wiadomosci\/drugie-podejscie-do-premiery-ozenku-juz-w-najblizsza-sobote-czy-rzad-przedluzy-obostrzenia\/#breadcrumb","itemListElement":[{"@type":"ListItem","position":1,"name":"Strona g\u0142\u00f3wna","item":"https:\/\/www.24gliwice.pl\/wiadomosci\/"},{"@type":"ListItem","position":2,"name":"Drugie podej\u015bcie do premiery &#8222;O\u017cenku&#8221; ju\u017c w najbli\u017csz\u0105 sobot\u0119. Czy rz\u0105d przed\u0142u\u017cy obostrzenia?"}]},{"@type":"WebSite","@id":"https:\/\/www.24gliwice.pl\/wiadomosci\/#website","url":"https:\/\/www.24gliwice.pl\/wiadomosci\/","name":"24GLIWICE - Portal Gliwice | codziennie nowe wiadomo\u015bci","description":"Portal Miejski Gliwice","publisher":{"@id":"https:\/\/www.24gliwice.pl\/wiadomosci\/#organization"},"potentialAction":[{"@type":"SearchAction","target":{"@type":"EntryPoint","urlTemplate":"https:\/\/www.24gliwice.pl\/wiadomosci\/?s={search_term_string}"},"query-input":{"@type":"PropertyValueSpecification","valueRequired":true,"valueName":"search_term_string"}}],"inLanguage":"pl-PL"},{"@type":"Organization","@id":"https:\/\/www.24gliwice.pl\/wiadomosci\/#organization","name":"24gliwice","url":"https:\/\/www.24gliwice.pl\/wiadomosci\/","logo":{"@type":"ImageObject","inLanguage":"pl-PL","@id":"https:\/\/www.24gliwice.pl\/wiadomosci\/#\/schema\/logo\/image\/","url":"https:\/\/www.24gliwice.pl\/wiadomosci\/wp-content\/uploads\/2024\/10\/24gliwice-logo-696.jpg","contentUrl":"https:\/\/www.24gliwice.pl\/wiadomosci\/wp-content\/uploads\/2024\/10\/24gliwice-logo-696.jpg","width":696,"height":696,"caption":"24gliwice"},"image":{"@id":"https:\/\/www.24gliwice.pl\/wiadomosci\/#\/schema\/logo\/image\/"},"sameAs":["https:\/\/www.facebook.com\/24gliwice","https:\/\/x.com\/24gliwice","https:\/\/www.youtube.com\/@24gliwice"]},{"@type":"Person","@id":"https:\/\/www.24gliwice.pl\/wiadomosci\/#\/schema\/person\/e42c650edd7f2fa332be3811fb166b6e","name":"\u017baneta Mrozek-Siewierska","image":{"@type":"ImageObject","inLanguage":"pl-PL","@id":"https:\/\/secure.gravatar.com\/avatar\/1881429e9c64597c77ad7aef2d0a19be69a3253e57534d16aa15bf3a4d34a0a3?s=96&d=mm&r=g","url":"https:\/\/secure.gravatar.com\/avatar\/1881429e9c64597c77ad7aef2d0a19be69a3253e57534d16aa15bf3a4d34a0a3?s=96&d=mm&r=g","contentUrl":"https:\/\/secure.gravatar.com\/avatar\/1881429e9c64597c77ad7aef2d0a19be69a3253e57534d16aa15bf3a4d34a0a3?s=96&d=mm&r=g","caption":"\u017baneta Mrozek-Siewierska"},"url":"https:\/\/www.24gliwice.pl\/wiadomosci\/author\/zms\/"}]}},"_links":{"self":[{"href":"https:\/\/www.24gliwice.pl\/wiadomosci\/wp-json\/wp\/v2\/posts\/167978","targetHints":{"allow":["GET"]}}],"collection":[{"href":"https:\/\/www.24gliwice.pl\/wiadomosci\/wp-json\/wp\/v2\/posts"}],"about":[{"href":"https:\/\/www.24gliwice.pl\/wiadomosci\/wp-json\/wp\/v2\/types\/post"}],"author":[{"embeddable":true,"href":"https:\/\/www.24gliwice.pl\/wiadomosci\/wp-json\/wp\/v2\/users\/15"}],"replies":[{"embeddable":true,"href":"https:\/\/www.24gliwice.pl\/wiadomosci\/wp-json\/wp\/v2\/comments?post=167978"}],"version-history":[{"count":0,"href":"https:\/\/www.24gliwice.pl\/wiadomosci\/wp-json\/wp\/v2\/posts\/167978\/revisions"}],"wp:featuredmedia":[{"embeddable":true,"href":"https:\/\/www.24gliwice.pl\/wiadomosci\/wp-json\/wp\/v2\/media\/164366"}],"wp:attachment":[{"href":"https:\/\/www.24gliwice.pl\/wiadomosci\/wp-json\/wp\/v2\/media?parent=167978"}],"wp:term":[{"taxonomy":"category","embeddable":true,"href":"https:\/\/www.24gliwice.pl\/wiadomosci\/wp-json\/wp\/v2\/categories?post=167978"},{"taxonomy":"post_tag","embeddable":true,"href":"https:\/\/www.24gliwice.pl\/wiadomosci\/wp-json\/wp\/v2\/tags?post=167978"}],"curies":[{"name":"wp","href":"https:\/\/api.w.org\/{rel}","templated":true}]}}