{"id":169987,"date":"2021-05-12T15:40:59","date_gmt":"2021-05-12T13:40:59","guid":{"rendered":"https:\/\/www.24gliwice.pl\/wiadomosci\/?p=169987"},"modified":"2021-05-12T16:50:00","modified_gmt":"2021-05-12T14:50:00","slug":"z-centrum-gliwic-do-bytomia-polaczenie-kolejowe","status":"publish","type":"post","link":"https:\/\/www.24gliwice.pl\/wiadomosci\/z-centrum-gliwic-do-bytomia-polaczenie-kolejowe\/","title":{"rendered":"Z centrum Gliwic do Bytomia w zaledwie 20 minut? Metropolia chce reaktywowa\u0107 po\u0142\u0105czenie kolejowe"},"content":{"rendered":"<div class=\"gliwi-a6-nad-leadem-artykulow gliwi-entity-placement\" id=\"gliwi-600483962\"><div class=\"gliwi-adlabel\"><span style=\"font-size: 9px\">REKLAMA<\/span><\/div><div id=\"gliwi-2367116664\" style=\"margin-bottom: 30px;margin-left: auto;margin-right: auto;text-align: center;\"><a data-no-instant=\"1\" href=\"https:\/\/przedszkole.halogen.org.pl\/\" rel=\"noopener\" class=\"a2t-link\" target=\"_blank\" aria-label=\"20260402-ANIMATOR-przedszkole_grafika_750x200\"><img loading=\"lazy\" decoding=\"async\" src=\"https:\/\/www.24gliwice.pl\/wiadomosci\/wp-content\/uploads\/2026\/04\/20260402-ANIMATOR-przedszkole_grafika_750x200.webp\" alt=\"\"  srcset=\"https:\/\/www.24gliwice.pl\/wiadomosci\/wp-content\/uploads\/2026\/04\/20260402-ANIMATOR-przedszkole_grafika_750x200.webp 750w, https:\/\/www.24gliwice.pl\/wiadomosci\/wp-content\/uploads\/2026\/04\/20260402-ANIMATOR-przedszkole_grafika_750x200-410x109.webp 410w\" sizes=\"(max-width: 750px) 100vw, 750px\" class=\"no-lazyload\" width=\"750\" height=\"200\"  style=\"display: inline-block; max-width: 100%; height: auto;\" \/><\/a><\/div><\/div><h2>W przysz\u0142ym roku Metropolia sfinansuje nowe po\u0142\u0105czenia kolejowe, m.in. na trasie Gliwice &#8211; Bytom, gdzie poci\u0105gi pasa\u017cerskie nie kursuj\u0105 od 2013 roku. Po reaktywacji tras\u0119 b\u0119dzie obs\u0142ugiwa\u0107 15 par poci\u0105g\u00f3w.<\/h2>\n<p>&nbsp;<br \/>\nRozk\u0142ad jazdy zak\u0142ada cz\u0119stotliwo\u015b\u0107 kursowania co 1h w godzinach szczytu i 2h poza szczytem. Dodatkowo godziny odjazd\u00f3w poci\u0105g\u00f3w maj\u0105 zosta\u0107 dopasowane m.in. do funkcjonowania podstrefy gliwickiej w ramach Katowickiej Specjalnej Strefy Ekonomicznej, tak aby pracownicy mogli dojecha\u0107 do pracy i wr\u00f3ci\u0107 do domu.<\/p>\n<p>&#8211; <em>Powstanie Metropolii umo\u017cliwi\u0142o stworzenie platformy porozumienia pomi\u0119dzy wszystkimi podmiotami, kt\u00f3re maj\u0105 wp\u0142yw na kszta\u0142t transportu kolejowego w Metropolii. Od kilku miesi\u0119cy prowadzimy rozmowy z gminami, Urz\u0119dem Marsza\u0142kowskim Wojew\u00f3dztwa \u015al\u0105skiego, kt\u00f3ry jest organizatorem kolejowych po\u0142\u0105cze\u0144 pasa\u017cerskich oraz przewo\u017anikami: Kolejami \u015al\u0105skimi i Polregio <\/em>\u2013 podkre\u015bla <strong>Grzegorz Kwitek<\/strong>, cz\u0142onek Zarz\u0105du GZM.<\/p><div class=\"gliwi-a3-w-tresci-artykulow gliwi-entity-placement\" id=\"gliwi-3639839099\"><div class=\"gliwi-adlabel\"><span style=\"font-size: 9px\">REKLAMA<\/span><\/div><div id=\"gliwi-2442543466\" style=\"margin-bottom: 30px;margin-left: auto;margin-right: auto;text-align: center;\"><a data-no-instant=\"1\" href=\"https:\/\/zlobek.halogen.org.pl\/\" rel=\"noopener\" class=\"a2t-link\" target=\"_blank\" aria-label=\"animator-zlobek_750x200\"><img loading=\"lazy\" decoding=\"async\" src=\"https:\/\/www.24gliwice.pl\/wiadomosci\/wp-content\/uploads\/2026\/02\/animator-zlobek_750x200.webp\" alt=\"\"  srcset=\"https:\/\/www.24gliwice.pl\/wiadomosci\/wp-content\/uploads\/2026\/02\/animator-zlobek_750x200.webp 750w, https:\/\/www.24gliwice.pl\/wiadomosci\/wp-content\/uploads\/2026\/02\/animator-zlobek_750x200-410x109.webp 410w\" sizes=\"(max-width: 750px) 100vw, 750px\" class=\"no-lazyload\" width=\"750\" height=\"200\"  style=\"display: inline-block; max-width: 100%; height: auto;\" \/><\/a><\/div><\/div>\n<blockquote><p><em>Efektem naszych rozm\u00f3w jest rozszerzenie oferty kolejowej dla mieszka\u0144c\u00f3w Metropolii. Dostrzegamy du\u017cy potencja\u0142 w obu nowych po\u0142\u0105czeniach, kt\u00f3re b\u0119dziemy finansowa\u0107<\/em><\/p><\/blockquote>\n<p>\u2013 dodaje Kwitek. <\/p>\n<p>Metropolia poza sfinansowaniem wi\u0119kszej liczby po\u0142\u0105cze\u0144 kolejowych podejmuje r\u00f3wnie\u017c inne dzia\u0142ania, aby poprawi\u0107 jako\u015b\u0107 transportu na swoim obszarze.<\/p>\n<p>&#8211; Cieszymy si\u0119, \u017ce mo\u017cemy rozwija\u0107 po\u0142\u0105czenia na nowych trasach. Wsp\u00f3\u0142pracujemy z ZTM, aby odpowiednio w miar\u0119 mo\u017cliwo\u015bci zsynchronizowa\u0107 rozk\u0142ady jazdy poci\u0105g\u00f3w z autobusami, zw\u0142aszcza na trasie Gliwice \u2013 Bytom, gdzie funkcjonuj\u0105 obecnie po\u0142\u0105czenia r\u00f3wnoleg\u0142e i powinny one uzupe\u0142nia\u0107 si\u0119 wzajemnie z ofert\u0105 kolejow\u0105, a tak\u017ce, by przesiadka w Gliwicach do autobus\u00f3w zmierzaj\u0105cych na tereny KSSE by\u0142a jak najdogodniejsza. Warto podkre\u015bli\u0107, \u017ce dzi\u0119ki pracom modernizacyjnym na sieci PKP PLK SA czas jazdy pomi\u0119dzy centrum Gliwic a centrum Bytomia b\u0119dzie wynosi\u0142 jedynie 20 minut. Jeste\u015bmy przekonani, \u017ce dobry rozk\u0142ad, mo\u017cliwo\u015b\u0107 korzystania ze wsp\u00f3lnych rozwi\u0105za\u0144 biletowych w komunikacji kolejowej i drogowej oraz odpowiednia jako\u015b\u0107 pojazd\u00f3w zach\u0119c\u0105 pasa\u017cer\u00f3w do korzystania z metropolitalnych rozwi\u0105za\u0144 kolejowych. Ponadto zamierzamy rozszerzy\u0107 ofert\u0119 Metrobiletu o przewo\u017anika Polregio, tak, by oferta komunikacyjna dla Zag\u0142\u0119bia by\u0142a sp\u00f3jna r\u00f3wnie\u017c pod tym wzgl\u0119dem. Planujemy na przysz\u0142o\u015b\u0107 kolejne trasy, na kt\u00f3rych GZM b\u0119dzie finansowa\u0107 po\u0142\u0105czenia \u2013 wyja\u015bnia <strong>Wojciech Dinges<\/strong>, Zast\u0119pca Dyrektora Departamentu Komunikacji i Transportu GZM.<\/p>\n<blockquote><p>Ponadto w trakcie negocjacji, okre\u015blili\u015bmy te\u017c jakim taborem maj\u0105 by\u0107 wykonywane po\u0142\u0105czenia, finansowane z bud\u017cetu GZM. Poci\u0105gi finansowane przez GZM b\u0119d\u0105 wyposa\u017cone m.in. w klimatyzacj\u0119, toalety w obiegu zamkni\u0119tym oraz system informacji pasa\u017cerskiej <\/p><\/blockquote>\n<p>\u2013 dodaje.<\/p>\n<p>Ostateczne szczeg\u00f3\u0142y rozk\u0142ad\u00f3w jazdy b\u0119d\u0105 znane po opracowaniu rozk\u0142adu jazdy przez zarz\u0105dc\u0119 infrastruktury kolejowej, czyli PKP Polskie Linie Kolejowe, niemniej pasa\u017cerowie mog\u0105 si\u0119 spodziewa\u0107 kilkunastu par poci\u0105g\u00f3w na dob\u0119 w dni robocze. <\/p>\n<p>Metropolia b\u0119dzie dalej dofinansowywa\u0107 po\u0142\u0105czenia na g\u0142\u00f3wnych trasach: Gliwice-Katowice D\u0105browa G\u00f3rnicza oraz Tychy-Katowice-D\u0105browa G\u00f3rnicza. W 2021 roku przeznaczy\u0142a na 48 po\u0142\u0105cze\u0144 kwot\u0119 9,2 mln z\u0142.<\/p>\n<p>(mat. pras. G-ZM, skr\u00f3cono, oprac \u017bMS)<br \/>\nfot. 24gliwice.pl\/\u017cms (zdj. pogl\u0105dowe)<\/p>\n<div class=\"gliwi-a5-na-koncu-artykulow gliwi-entity-placement\" id=\"gliwi-482666387\"><div class=\"gliwi-adlabel\"><span style=\"font-size: 9px\">REKLAMA<\/span><\/div><div id=\"gliwi-887201483\" style=\"margin-left: auto;margin-right: auto;text-align: center;\"><a data-no-instant=\"1\" href=\"https:\/\/prezeroarenagliwice.pl\/\" rel=\"noopener\" class=\"a2t-link\" target=\"_blank\" aria-label=\"20260309-PREZERO-WIOSNA-D\"><img loading=\"lazy\" decoding=\"async\" src=\"https:\/\/www.24gliwice.pl\/wiadomosci\/wp-content\/uploads\/2026\/03\/20260309-PREZERO-WIOSNA-D.webp\" alt=\"\"  srcset=\"https:\/\/www.24gliwice.pl\/wiadomosci\/wp-content\/uploads\/2026\/03\/20260309-PREZERO-WIOSNA-D.webp 750w, https:\/\/www.24gliwice.pl\/wiadomosci\/wp-content\/uploads\/2026\/03\/20260309-PREZERO-WIOSNA-D-410x109.webp 410w\" sizes=\"(max-width: 750px) 100vw, 750px\" class=\"no-lazyload\" width=\"750\" height=\"200\"  style=\"display: inline-block; max-width: 100%; height: auto;\" \/><\/a><\/div><\/div>","protected":false},"excerpt":{"rendered":"<p>W przysz\u0142ym roku Metropolia sfinansuje nowe po\u0142\u0105czenia kolejowe, m.in. na trasie Gliwice &#8211; Bytom, gdzie poci\u0105gi pasa\u017cerskie nie kursuj\u0105 od 2013 roku. Po reaktywacji tras\u0119 b\u0119dzie obs\u0142ugiwa\u0107 15 par poci\u0105g\u00f3w. &nbsp; Rozk\u0142ad jazdy zak\u0142ada cz\u0119stotliwo\u015b\u0107 kursowania co 1h w godzinach szczytu i 2h poza szczytem. Dodatkowo godziny odjazd\u00f3w poci\u0105g\u00f3w maj\u0105 zosta\u0107 dopasowane m.in. do funkcjonowania [&hellip;]<\/p>\n","protected":false},"author":15,"featured_media":169996,"comment_status":"open","ping_status":"closed","sticky":false,"template":"","format":"standard","meta":{"_monsterinsights_skip_tracking":false,"_monsterinsights_sitenote_active":false,"_monsterinsights_sitenote_note":"","_monsterinsights_sitenote_category":0,"footnotes":"","_links_to":"","_links_to_target":""},"categories":[3,1,9,8],"tags":[7838,12079],"class_list":["post-169987","post","type-post","status-publish","format-standard","has-post-thumbnail","hentry","category-gliwice","category-wszystko","category-aktualnosci_lokalne","category-samorzad_polityka","tag-metropolia","tag-polaczenie-kolejowe-gliwice-bytom"],"yoast_head":"<!-- This site is optimized with the Yoast SEO plugin v27.5 - https:\/\/yoast.com\/product\/yoast-seo-wordpress\/ -->\n<title>Z centrum Gliwic do Bytomia w zaledwie 20 minut? Metropolia chce reaktywowa\u0107 po\u0142\u0105czenie kolejowe - 24GLIWICE - Portal Gliwice | codziennie nowe informacje<\/title>\n<meta name=\"robots\" content=\"index, follow, max-snippet:-1, max-image-preview:large, max-video-preview:-1\" \/>\n<link rel=\"canonical\" href=\"https:\/\/www.24gliwice.pl\/wiadomosci\/z-centrum-gliwic-do-bytomia-polaczenie-kolejowe\/\" \/>\n<meta property=\"og:locale\" content=\"pl_PL\" \/>\n<meta property=\"og:type\" content=\"article\" \/>\n<meta property=\"og:title\" content=\"Z centrum Gliwic do Bytomia w zaledwie 20 minut? Metropolia chce reaktywowa\u0107 po\u0142\u0105czenie kolejowe - 24GLIWICE - Portal Gliwice | codziennie nowe informacje\" \/>\n<meta property=\"og:description\" content=\"W przysz\u0142ym roku Metropolia sfinansuje nowe po\u0142\u0105czenia kolejowe, m.in. na trasie Gliwice &#8211; Bytom, gdzie poci\u0105gi pasa\u017cerskie nie kursuj\u0105 od 2013 roku. Po reaktywacji tras\u0119 b\u0119dzie obs\u0142ugiwa\u0107 15 par poci\u0105g\u00f3w. &nbsp; Rozk\u0142ad jazdy zak\u0142ada cz\u0119stotliwo\u015b\u0107 kursowania co 1h w godzinach szczytu i 2h poza szczytem. Dodatkowo godziny odjazd\u00f3w poci\u0105g\u00f3w maj\u0105 zosta\u0107 dopasowane m.in. do funkcjonowania [&hellip;]\" \/>\n<meta property=\"og:url\" content=\"https:\/\/www.24gliwice.pl\/wiadomosci\/z-centrum-gliwic-do-bytomia-polaczenie-kolejowe\/\" \/>\n<meta property=\"og:site_name\" content=\"24GLIWICE - Portal Gliwice | codziennie nowe informacje\" \/>\n<meta property=\"article:publisher\" content=\"https:\/\/www.facebook.com\/24gliwice\" \/>\n<meta property=\"article:published_time\" content=\"2021-05-12T13:40:59+00:00\" \/>\n<meta property=\"article:modified_time\" content=\"2021-05-12T14:50:00+00:00\" \/>\n<meta property=\"og:image\" content=\"https:\/\/www.24gliwice.pl\/wiadomosci\/wp-content\/uploads\/2021\/05\/tory-sosnica.jpg\" \/>\n\t<meta property=\"og:image:width\" content=\"810\" \/>\n\t<meta property=\"og:image:height\" content=\"456\" \/>\n\t<meta property=\"og:image:type\" content=\"image\/jpeg\" \/>\n<meta name=\"author\" content=\"\u017baneta Mrozek-Siewierska\" \/>\n<meta name=\"twitter:card\" content=\"summary_large_image\" \/>\n<meta name=\"twitter:creator\" content=\"@24gliwice\" \/>\n<meta name=\"twitter:site\" content=\"@24gliwice\" \/>\n<meta name=\"twitter:label1\" content=\"Napisane przez\" \/>\n\t<meta name=\"twitter:data1\" content=\"\u017baneta Mrozek-Siewierska\" \/>\n\t<meta name=\"twitter:label2\" content=\"Szacowany czas czytania\" \/>\n\t<meta name=\"twitter:data2\" content=\"3 minuty\" \/>\n<script type=\"application\/ld+json\" class=\"yoast-schema-graph\">{\"@context\":\"https:\\\/\\\/schema.org\",\"@graph\":[{\"@type\":\"Article\",\"@id\":\"https:\\\/\\\/www.24gliwice.pl\\\/wiadomosci\\\/z-centrum-gliwic-do-bytomia-polaczenie-kolejowe\\\/#article\",\"isPartOf\":{\"@id\":\"https:\\\/\\\/www.24gliwice.pl\\\/wiadomosci\\\/z-centrum-gliwic-do-bytomia-polaczenie-kolejowe\\\/\"},\"author\":{\"name\":\"\u017baneta Mrozek-Siewierska\",\"@id\":\"https:\\\/\\\/www.24gliwice.pl\\\/wiadomosci\\\/#\\\/schema\\\/person\\\/e42c650edd7f2fa332be3811fb166b6e\"},\"headline\":\"Z centrum Gliwic do Bytomia w zaledwie 20 minut? Metropolia chce reaktywowa\u0107 po\u0142\u0105czenie kolejowe\",\"datePublished\":\"2021-05-12T13:40:59+00:00\",\"dateModified\":\"2021-05-12T14:50:00+00:00\",\"mainEntityOfPage\":{\"@id\":\"https:\\\/\\\/www.24gliwice.pl\\\/wiadomosci\\\/z-centrum-gliwic-do-bytomia-polaczenie-kolejowe\\\/\"},\"wordCount\":544,\"commentCount\":0,\"publisher\":{\"@id\":\"https:\\\/\\\/www.24gliwice.pl\\\/wiadomosci\\\/#organization\"},\"image\":{\"@id\":\"https:\\\/\\\/www.24gliwice.pl\\\/wiadomosci\\\/z-centrum-gliwic-do-bytomia-polaczenie-kolejowe\\\/#primaryimage\"},\"thumbnailUrl\":\"https:\\\/\\\/www.24gliwice.pl\\\/wiadomosci\\\/wp-content\\\/uploads\\\/2021\\\/05\\\/tory-sosnica.jpg\",\"keywords\":[\"METROPOLIA\",\"po\u0142\u0105czenie kolejowe gliwice bytom\"],\"articleSection\":[\"Gliwice\",\"Najnowsze wiadomo\u015bci\",\"Portal Gliwice - Wiadomo\u015bci lokalne\",\"Samorz\u0105d, polityka\"],\"inLanguage\":\"pl-PL\",\"potentialAction\":[{\"@type\":\"CommentAction\",\"name\":\"Comment\",\"target\":[\"https:\\\/\\\/www.24gliwice.pl\\\/wiadomosci\\\/z-centrum-gliwic-do-bytomia-polaczenie-kolejowe\\\/#respond\"]}]},{\"@type\":\"WebPage\",\"@id\":\"https:\\\/\\\/www.24gliwice.pl\\\/wiadomosci\\\/z-centrum-gliwic-do-bytomia-polaczenie-kolejowe\\\/\",\"url\":\"https:\\\/\\\/www.24gliwice.pl\\\/wiadomosci\\\/z-centrum-gliwic-do-bytomia-polaczenie-kolejowe\\\/\",\"name\":\"Z centrum Gliwic do Bytomia w zaledwie 20 minut? Metropolia chce reaktywowa\u0107 po\u0142\u0105czenie kolejowe - 24GLIWICE - Portal Gliwice | codziennie nowe informacje\",\"isPartOf\":{\"@id\":\"https:\\\/\\\/www.24gliwice.pl\\\/wiadomosci\\\/#website\"},\"primaryImageOfPage\":{\"@id\":\"https:\\\/\\\/www.24gliwice.pl\\\/wiadomosci\\\/z-centrum-gliwic-do-bytomia-polaczenie-kolejowe\\\/#primaryimage\"},\"image\":{\"@id\":\"https:\\\/\\\/www.24gliwice.pl\\\/wiadomosci\\\/z-centrum-gliwic-do-bytomia-polaczenie-kolejowe\\\/#primaryimage\"},\"thumbnailUrl\":\"https:\\\/\\\/www.24gliwice.pl\\\/wiadomosci\\\/wp-content\\\/uploads\\\/2021\\\/05\\\/tory-sosnica.jpg\",\"datePublished\":\"2021-05-12T13:40:59+00:00\",\"dateModified\":\"2021-05-12T14:50:00+00:00\",\"breadcrumb\":{\"@id\":\"https:\\\/\\\/www.24gliwice.pl\\\/wiadomosci\\\/z-centrum-gliwic-do-bytomia-polaczenie-kolejowe\\\/#breadcrumb\"},\"inLanguage\":\"pl-PL\",\"potentialAction\":[{\"@type\":\"ReadAction\",\"target\":[\"https:\\\/\\\/www.24gliwice.pl\\\/wiadomosci\\\/z-centrum-gliwic-do-bytomia-polaczenie-kolejowe\\\/\"]}]},{\"@type\":\"ImageObject\",\"inLanguage\":\"pl-PL\",\"@id\":\"https:\\\/\\\/www.24gliwice.pl\\\/wiadomosci\\\/z-centrum-gliwic-do-bytomia-polaczenie-kolejowe\\\/#primaryimage\",\"url\":\"https:\\\/\\\/www.24gliwice.pl\\\/wiadomosci\\\/wp-content\\\/uploads\\\/2021\\\/05\\\/tory-sosnica.jpg\",\"contentUrl\":\"https:\\\/\\\/www.24gliwice.pl\\\/wiadomosci\\\/wp-content\\\/uploads\\\/2021\\\/05\\\/tory-sosnica.jpg\",\"width\":810,\"height\":456},{\"@type\":\"BreadcrumbList\",\"@id\":\"https:\\\/\\\/www.24gliwice.pl\\\/wiadomosci\\\/z-centrum-gliwic-do-bytomia-polaczenie-kolejowe\\\/#breadcrumb\",\"itemListElement\":[{\"@type\":\"ListItem\",\"position\":1,\"name\":\"Strona g\u0142\u00f3wna\",\"item\":\"https:\\\/\\\/www.24gliwice.pl\\\/wiadomosci\\\/\"},{\"@type\":\"ListItem\",\"position\":2,\"name\":\"Z centrum Gliwic do Bytomia w zaledwie 20 minut? Metropolia chce reaktywowa\u0107 po\u0142\u0105czenie kolejowe\"}]},{\"@type\":\"WebSite\",\"@id\":\"https:\\\/\\\/www.24gliwice.pl\\\/wiadomosci\\\/#website\",\"url\":\"https:\\\/\\\/www.24gliwice.pl\\\/wiadomosci\\\/\",\"name\":\"24GLIWICE - Portal Gliwice | codziennie nowe wiadomo\u015bci\",\"description\":\"Portal Miejski Gliwice\",\"publisher\":{\"@id\":\"https:\\\/\\\/www.24gliwice.pl\\\/wiadomosci\\\/#organization\"},\"potentialAction\":[{\"@type\":\"SearchAction\",\"target\":{\"@type\":\"EntryPoint\",\"urlTemplate\":\"https:\\\/\\\/www.24gliwice.pl\\\/wiadomosci\\\/?s={search_term_string}\"},\"query-input\":{\"@type\":\"PropertyValueSpecification\",\"valueRequired\":true,\"valueName\":\"search_term_string\"}}],\"inLanguage\":\"pl-PL\"},{\"@type\":\"Organization\",\"@id\":\"https:\\\/\\\/www.24gliwice.pl\\\/wiadomosci\\\/#organization\",\"name\":\"24gliwice\",\"url\":\"https:\\\/\\\/www.24gliwice.pl\\\/wiadomosci\\\/\",\"logo\":{\"@type\":\"ImageObject\",\"inLanguage\":\"pl-PL\",\"@id\":\"https:\\\/\\\/www.24gliwice.pl\\\/wiadomosci\\\/#\\\/schema\\\/logo\\\/image\\\/\",\"url\":\"https:\\\/\\\/www.24gliwice.pl\\\/wiadomosci\\\/wp-content\\\/uploads\\\/2024\\\/10\\\/24gliwice-logo-696.jpg\",\"contentUrl\":\"https:\\\/\\\/www.24gliwice.pl\\\/wiadomosci\\\/wp-content\\\/uploads\\\/2024\\\/10\\\/24gliwice-logo-696.jpg\",\"width\":696,\"height\":696,\"caption\":\"24gliwice\"},\"image\":{\"@id\":\"https:\\\/\\\/www.24gliwice.pl\\\/wiadomosci\\\/#\\\/schema\\\/logo\\\/image\\\/\"},\"sameAs\":[\"https:\\\/\\\/www.facebook.com\\\/24gliwice\",\"https:\\\/\\\/x.com\\\/24gliwice\",\"https:\\\/\\\/www.youtube.com\\\/@24gliwice\"]},{\"@type\":\"Person\",\"@id\":\"https:\\\/\\\/www.24gliwice.pl\\\/wiadomosci\\\/#\\\/schema\\\/person\\\/e42c650edd7f2fa332be3811fb166b6e\",\"name\":\"\u017baneta Mrozek-Siewierska\",\"image\":{\"@type\":\"ImageObject\",\"inLanguage\":\"pl-PL\",\"@id\":\"https:\\\/\\\/secure.gravatar.com\\\/avatar\\\/1881429e9c64597c77ad7aef2d0a19be69a3253e57534d16aa15bf3a4d34a0a3?s=96&d=mm&r=g\",\"url\":\"https:\\\/\\\/secure.gravatar.com\\\/avatar\\\/1881429e9c64597c77ad7aef2d0a19be69a3253e57534d16aa15bf3a4d34a0a3?s=96&d=mm&r=g\",\"contentUrl\":\"https:\\\/\\\/secure.gravatar.com\\\/avatar\\\/1881429e9c64597c77ad7aef2d0a19be69a3253e57534d16aa15bf3a4d34a0a3?s=96&d=mm&r=g\",\"caption\":\"\u017baneta Mrozek-Siewierska\"},\"url\":\"https:\\\/\\\/www.24gliwice.pl\\\/wiadomosci\\\/author\\\/zms\\\/\"}]}<\/script>\n<!-- \/ Yoast SEO plugin. -->","yoast_head_json":{"title":"Z centrum Gliwic do Bytomia w zaledwie 20 minut? Metropolia chce reaktywowa\u0107 po\u0142\u0105czenie kolejowe - 24GLIWICE - Portal Gliwice | codziennie nowe informacje","robots":{"index":"index","follow":"follow","max-snippet":"max-snippet:-1","max-image-preview":"max-image-preview:large","max-video-preview":"max-video-preview:-1"},"canonical":"https:\/\/www.24gliwice.pl\/wiadomosci\/z-centrum-gliwic-do-bytomia-polaczenie-kolejowe\/","og_locale":"pl_PL","og_type":"article","og_title":"Z centrum Gliwic do Bytomia w zaledwie 20 minut? Metropolia chce reaktywowa\u0107 po\u0142\u0105czenie kolejowe - 24GLIWICE - Portal Gliwice | codziennie nowe informacje","og_description":"W przysz\u0142ym roku Metropolia sfinansuje nowe po\u0142\u0105czenia kolejowe, m.in. na trasie Gliwice &#8211; Bytom, gdzie poci\u0105gi pasa\u017cerskie nie kursuj\u0105 od 2013 roku. Po reaktywacji tras\u0119 b\u0119dzie obs\u0142ugiwa\u0107 15 par poci\u0105g\u00f3w. &nbsp; Rozk\u0142ad jazdy zak\u0142ada cz\u0119stotliwo\u015b\u0107 kursowania co 1h w godzinach szczytu i 2h poza szczytem. Dodatkowo godziny odjazd\u00f3w poci\u0105g\u00f3w maj\u0105 zosta\u0107 dopasowane m.in. do funkcjonowania [&hellip;]","og_url":"https:\/\/www.24gliwice.pl\/wiadomosci\/z-centrum-gliwic-do-bytomia-polaczenie-kolejowe\/","og_site_name":"24GLIWICE - Portal Gliwice | codziennie nowe informacje","article_publisher":"https:\/\/www.facebook.com\/24gliwice","article_published_time":"2021-05-12T13:40:59+00:00","article_modified_time":"2021-05-12T14:50:00+00:00","og_image":[{"width":810,"height":456,"url":"https:\/\/www.24gliwice.pl\/wiadomosci\/wp-content\/uploads\/2021\/05\/tory-sosnica.jpg","type":"image\/jpeg"}],"author":"\u017baneta Mrozek-Siewierska","twitter_card":"summary_large_image","twitter_creator":"@24gliwice","twitter_site":"@24gliwice","twitter_misc":{"Napisane przez":"\u017baneta Mrozek-Siewierska","Szacowany czas czytania":"3 minuty"},"schema":{"@context":"https:\/\/schema.org","@graph":[{"@type":"Article","@id":"https:\/\/www.24gliwice.pl\/wiadomosci\/z-centrum-gliwic-do-bytomia-polaczenie-kolejowe\/#article","isPartOf":{"@id":"https:\/\/www.24gliwice.pl\/wiadomosci\/z-centrum-gliwic-do-bytomia-polaczenie-kolejowe\/"},"author":{"name":"\u017baneta Mrozek-Siewierska","@id":"https:\/\/www.24gliwice.pl\/wiadomosci\/#\/schema\/person\/e42c650edd7f2fa332be3811fb166b6e"},"headline":"Z centrum Gliwic do Bytomia w zaledwie 20 minut? Metropolia chce reaktywowa\u0107 po\u0142\u0105czenie kolejowe","datePublished":"2021-05-12T13:40:59+00:00","dateModified":"2021-05-12T14:50:00+00:00","mainEntityOfPage":{"@id":"https:\/\/www.24gliwice.pl\/wiadomosci\/z-centrum-gliwic-do-bytomia-polaczenie-kolejowe\/"},"wordCount":544,"commentCount":0,"publisher":{"@id":"https:\/\/www.24gliwice.pl\/wiadomosci\/#organization"},"image":{"@id":"https:\/\/www.24gliwice.pl\/wiadomosci\/z-centrum-gliwic-do-bytomia-polaczenie-kolejowe\/#primaryimage"},"thumbnailUrl":"https:\/\/www.24gliwice.pl\/wiadomosci\/wp-content\/uploads\/2021\/05\/tory-sosnica.jpg","keywords":["METROPOLIA","po\u0142\u0105czenie kolejowe gliwice bytom"],"articleSection":["Gliwice","Najnowsze wiadomo\u015bci","Portal Gliwice - Wiadomo\u015bci lokalne","Samorz\u0105d, polityka"],"inLanguage":"pl-PL","potentialAction":[{"@type":"CommentAction","name":"Comment","target":["https:\/\/www.24gliwice.pl\/wiadomosci\/z-centrum-gliwic-do-bytomia-polaczenie-kolejowe\/#respond"]}]},{"@type":"WebPage","@id":"https:\/\/www.24gliwice.pl\/wiadomosci\/z-centrum-gliwic-do-bytomia-polaczenie-kolejowe\/","url":"https:\/\/www.24gliwice.pl\/wiadomosci\/z-centrum-gliwic-do-bytomia-polaczenie-kolejowe\/","name":"Z centrum Gliwic do Bytomia w zaledwie 20 minut? Metropolia chce reaktywowa\u0107 po\u0142\u0105czenie kolejowe - 24GLIWICE - Portal Gliwice | codziennie nowe informacje","isPartOf":{"@id":"https:\/\/www.24gliwice.pl\/wiadomosci\/#website"},"primaryImageOfPage":{"@id":"https:\/\/www.24gliwice.pl\/wiadomosci\/z-centrum-gliwic-do-bytomia-polaczenie-kolejowe\/#primaryimage"},"image":{"@id":"https:\/\/www.24gliwice.pl\/wiadomosci\/z-centrum-gliwic-do-bytomia-polaczenie-kolejowe\/#primaryimage"},"thumbnailUrl":"https:\/\/www.24gliwice.pl\/wiadomosci\/wp-content\/uploads\/2021\/05\/tory-sosnica.jpg","datePublished":"2021-05-12T13:40:59+00:00","dateModified":"2021-05-12T14:50:00+00:00","breadcrumb":{"@id":"https:\/\/www.24gliwice.pl\/wiadomosci\/z-centrum-gliwic-do-bytomia-polaczenie-kolejowe\/#breadcrumb"},"inLanguage":"pl-PL","potentialAction":[{"@type":"ReadAction","target":["https:\/\/www.24gliwice.pl\/wiadomosci\/z-centrum-gliwic-do-bytomia-polaczenie-kolejowe\/"]}]},{"@type":"ImageObject","inLanguage":"pl-PL","@id":"https:\/\/www.24gliwice.pl\/wiadomosci\/z-centrum-gliwic-do-bytomia-polaczenie-kolejowe\/#primaryimage","url":"https:\/\/www.24gliwice.pl\/wiadomosci\/wp-content\/uploads\/2021\/05\/tory-sosnica.jpg","contentUrl":"https:\/\/www.24gliwice.pl\/wiadomosci\/wp-content\/uploads\/2021\/05\/tory-sosnica.jpg","width":810,"height":456},{"@type":"BreadcrumbList","@id":"https:\/\/www.24gliwice.pl\/wiadomosci\/z-centrum-gliwic-do-bytomia-polaczenie-kolejowe\/#breadcrumb","itemListElement":[{"@type":"ListItem","position":1,"name":"Strona g\u0142\u00f3wna","item":"https:\/\/www.24gliwice.pl\/wiadomosci\/"},{"@type":"ListItem","position":2,"name":"Z centrum Gliwic do Bytomia w zaledwie 20 minut? Metropolia chce reaktywowa\u0107 po\u0142\u0105czenie kolejowe"}]},{"@type":"WebSite","@id":"https:\/\/www.24gliwice.pl\/wiadomosci\/#website","url":"https:\/\/www.24gliwice.pl\/wiadomosci\/","name":"24GLIWICE - Portal Gliwice | codziennie nowe wiadomo\u015bci","description":"Portal Miejski Gliwice","publisher":{"@id":"https:\/\/www.24gliwice.pl\/wiadomosci\/#organization"},"potentialAction":[{"@type":"SearchAction","target":{"@type":"EntryPoint","urlTemplate":"https:\/\/www.24gliwice.pl\/wiadomosci\/?s={search_term_string}"},"query-input":{"@type":"PropertyValueSpecification","valueRequired":true,"valueName":"search_term_string"}}],"inLanguage":"pl-PL"},{"@type":"Organization","@id":"https:\/\/www.24gliwice.pl\/wiadomosci\/#organization","name":"24gliwice","url":"https:\/\/www.24gliwice.pl\/wiadomosci\/","logo":{"@type":"ImageObject","inLanguage":"pl-PL","@id":"https:\/\/www.24gliwice.pl\/wiadomosci\/#\/schema\/logo\/image\/","url":"https:\/\/www.24gliwice.pl\/wiadomosci\/wp-content\/uploads\/2024\/10\/24gliwice-logo-696.jpg","contentUrl":"https:\/\/www.24gliwice.pl\/wiadomosci\/wp-content\/uploads\/2024\/10\/24gliwice-logo-696.jpg","width":696,"height":696,"caption":"24gliwice"},"image":{"@id":"https:\/\/www.24gliwice.pl\/wiadomosci\/#\/schema\/logo\/image\/"},"sameAs":["https:\/\/www.facebook.com\/24gliwice","https:\/\/x.com\/24gliwice","https:\/\/www.youtube.com\/@24gliwice"]},{"@type":"Person","@id":"https:\/\/www.24gliwice.pl\/wiadomosci\/#\/schema\/person\/e42c650edd7f2fa332be3811fb166b6e","name":"\u017baneta Mrozek-Siewierska","image":{"@type":"ImageObject","inLanguage":"pl-PL","@id":"https:\/\/secure.gravatar.com\/avatar\/1881429e9c64597c77ad7aef2d0a19be69a3253e57534d16aa15bf3a4d34a0a3?s=96&d=mm&r=g","url":"https:\/\/secure.gravatar.com\/avatar\/1881429e9c64597c77ad7aef2d0a19be69a3253e57534d16aa15bf3a4d34a0a3?s=96&d=mm&r=g","contentUrl":"https:\/\/secure.gravatar.com\/avatar\/1881429e9c64597c77ad7aef2d0a19be69a3253e57534d16aa15bf3a4d34a0a3?s=96&d=mm&r=g","caption":"\u017baneta Mrozek-Siewierska"},"url":"https:\/\/www.24gliwice.pl\/wiadomosci\/author\/zms\/"}]}},"_links":{"self":[{"href":"https:\/\/www.24gliwice.pl\/wiadomosci\/wp-json\/wp\/v2\/posts\/169987","targetHints":{"allow":["GET"]}}],"collection":[{"href":"https:\/\/www.24gliwice.pl\/wiadomosci\/wp-json\/wp\/v2\/posts"}],"about":[{"href":"https:\/\/www.24gliwice.pl\/wiadomosci\/wp-json\/wp\/v2\/types\/post"}],"author":[{"embeddable":true,"href":"https:\/\/www.24gliwice.pl\/wiadomosci\/wp-json\/wp\/v2\/users\/15"}],"replies":[{"embeddable":true,"href":"https:\/\/www.24gliwice.pl\/wiadomosci\/wp-json\/wp\/v2\/comments?post=169987"}],"version-history":[{"count":0,"href":"https:\/\/www.24gliwice.pl\/wiadomosci\/wp-json\/wp\/v2\/posts\/169987\/revisions"}],"wp:featuredmedia":[{"embeddable":true,"href":"https:\/\/www.24gliwice.pl\/wiadomosci\/wp-json\/wp\/v2\/media\/169996"}],"wp:attachment":[{"href":"https:\/\/www.24gliwice.pl\/wiadomosci\/wp-json\/wp\/v2\/media?parent=169987"}],"wp:term":[{"taxonomy":"category","embeddable":true,"href":"https:\/\/www.24gliwice.pl\/wiadomosci\/wp-json\/wp\/v2\/categories?post=169987"},{"taxonomy":"post_tag","embeddable":true,"href":"https:\/\/www.24gliwice.pl\/wiadomosci\/wp-json\/wp\/v2\/tags?post=169987"}],"curies":[{"name":"wp","href":"https:\/\/api.w.org\/{rel}","templated":true}]}}