{"id":170046,"date":"2021-05-14T06:05:58","date_gmt":"2021-05-14T04:05:58","guid":{"rendered":"https:\/\/www.24gliwice.pl\/wiadomosci\/?p=170046"},"modified":"2021-05-13T21:01:09","modified_gmt":"2021-05-13T19:01:09","slug":"w-tym-miejscu-doszlo-juz-do-dwoch-wypadkow-smiertelnych-fotoradar-rozwiaze-problem","status":"publish","type":"post","link":"https:\/\/www.24gliwice.pl\/wiadomosci\/w-tym-miejscu-doszlo-juz-do-dwoch-wypadkow-smiertelnych-fotoradar-rozwiaze-problem\/","title":{"rendered":"W tym miejscu dosz\u0142o ju\u017c do dw\u00f3ch wypadk\u00f3w \u015bmiertelnych. Fotoradar rozwi\u0105\u017ce problem?"},"content":{"rendered":"<div class=\"gliwi-a6-nad-leadem-artykulow gliwi-entity-placement\" id=\"gliwi-1983101446\"><div class=\"gliwi-adlabel\"><span style=\"font-size: 9px\">REKLAMA<\/span><\/div><div id=\"gliwi-2541834215\" style=\"margin-bottom: 25px;margin-left: auto;margin-right: auto;text-align: center;\"><a data-no-instant=\"1\" href=\"https:\/\/dom100.eu\/\" rel=\"noopener\" class=\"a2t-link\" target=\"_blank\" aria-label=\"20260415 DOM100 D\"><img loading=\"lazy\" decoding=\"async\" src=\"https:\/\/www.24gliwice.pl\/wiadomosci\/wp-content\/uploads\/2026\/04\/20260415-DOM100-D.jpg\" alt=\"\"  srcset=\"https:\/\/www.24gliwice.pl\/wiadomosci\/wp-content\/uploads\/2026\/04\/20260415-DOM100-D.jpg 750w, https:\/\/www.24gliwice.pl\/wiadomosci\/wp-content\/uploads\/2026\/04\/20260415-DOM100-D-410x109.jpg 410w\" sizes=\"(max-width: 750px) 100vw, 750px\" class=\"no-lazyload\" width=\"750\" height=\"200\"  style=\"display: inline-block; max-width: 100%; height: auto;\" \/><\/a><\/div><\/div><h2>Jad\u0105ce z nadmiern\u0105 pr\u0119dko\u015bci\u0105 samochody ju\u017c kilkana\u015bcie razy l\u0105dowa\u0142y na terenie posesji przy ulicy Raciborskiej w So\u015bnicowicach. Na drodze tej dosz\u0142o te\u017c do dw\u00f3ch wypadk\u00f3w \u015bmiertelnych. Czy pojawi si\u0119 tu fotoradar?<\/h2>\n<p>&nbsp;<br \/>\nStarosta gliwicki <strong>Waldemar Dombek<\/strong> spotka\u0142 si\u0119 kilka dni temu z mieszka\u0144cami wspomnianej ulicy. Rozmowa dotyczy\u0142a konieczno\u015bci postawienia tam radaru, kt\u00f3ry znalaz\u0142by si\u0119 w najbardziej niebezpiecznym miejscu.<\/p>\n<p><a href=\"https:\/\/www.24gliwice.pl\/wiadomosci\/wp-content\/uploads\/2021\/05\/raciborska-sosnicowice3.jpg\"><img loading=\"lazy\" decoding=\"async\" src=\"https:\/\/www.24gliwice.pl\/wiadomosci\/wp-content\/uploads\/2021\/05\/raciborska-sosnicowice3.jpg\" alt=\"\" width=\"810\" height=\"540\" class=\"alignnone size-full wp-image-170059\" srcset=\"https:\/\/www.24gliwice.pl\/wiadomosci\/wp-content\/uploads\/2021\/05\/raciborska-sosnicowice3.jpg 810w, https:\/\/www.24gliwice.pl\/wiadomosci\/wp-content\/uploads\/2021\/05\/raciborska-sosnicowice3-348x232.jpg 348w, https:\/\/www.24gliwice.pl\/wiadomosci\/wp-content\/uploads\/2021\/05\/raciborska-sosnicowice3-683x455.jpg 683w, https:\/\/www.24gliwice.pl\/wiadomosci\/wp-content\/uploads\/2021\/05\/raciborska-sosnicowice3-768x512.jpg 768w\" sizes=\"auto, (max-width: 810px) 100vw, 810px\" \/><\/a><\/p>\n<p>Ulica Raciborska le\u017cy w ci\u0105gu drogi wojew\u00f3dzkiej, ruch jest tu naprawd\u0119 du\u017cy. Oko\u0142o 600 m od ronda w Rynku So\u015bnicowic samochody, w tym tiry, rozp\u0119dzaj\u0105 si\u0119 na dobre i \u2013 nie zwa\u017caj\u0105c na zakr\u0119t \u2013 mkn\u0105 z du\u017c\u0105 pr\u0119dko\u015bci\u0105, znacznie przekraczaj\u0105c dozwolone 50 km na godzin\u0119. Niejednokrotnie ko\u0144czy si\u0119 to tragicznie. <\/p><div class=\"gliwi-a3-w-tresci-artykulow gliwi-entity-placement\" id=\"gliwi-424136627\"><div class=\"gliwi-adlabel\"><span style=\"font-size: 9px\">REKLAMA<\/span><\/div><div id=\"gliwi-2127918368\" style=\"margin-bottom: 30px;margin-left: auto;margin-right: auto;text-align: center;\"><a data-no-instant=\"1\" href=\"https:\/\/zlobek.halogen.org.pl\/\" rel=\"noopener\" class=\"a2t-link\" target=\"_blank\" aria-label=\"animator-zlobek_750x200\"><img loading=\"lazy\" decoding=\"async\" src=\"https:\/\/www.24gliwice.pl\/wiadomosci\/wp-content\/uploads\/2026\/02\/animator-zlobek_750x200.webp\" alt=\"\"  srcset=\"https:\/\/www.24gliwice.pl\/wiadomosci\/wp-content\/uploads\/2026\/02\/animator-zlobek_750x200.webp 750w, https:\/\/www.24gliwice.pl\/wiadomosci\/wp-content\/uploads\/2026\/02\/animator-zlobek_750x200-410x109.webp 410w\" sizes=\"(max-width: 750px) 100vw, 750px\" class=\"no-lazyload\" width=\"750\" height=\"200\"  style=\"display: inline-block; max-width: 100%; height: auto;\" \/><\/a><\/div><\/div>\n<h4>W tym miejscu dosz\u0142o ju\u017c do dw\u00f3ch wypadk\u00f3w \u015bmiertelnych. Bardzo cz\u0119sto zdarzaj\u0105 si\u0119 wypadki, kt\u00f3rych uczestnicy odnosz\u0105 obra\u017cenia, a tak\u017ce kolizje samochod\u00f3w.<\/h4>\n<p>Do spotkania mieszka\u0144c\u00f3w So\u015bnicowic ze starost\u0105 dosz\u0142o z inicjatywy radnej Rady Powiatu Gliwickiego, <strong>Teresy Szymo\u0144skiej<\/strong>.<\/p>\n<p><a href=\"https:\/\/www.24gliwice.pl\/wiadomosci\/wp-content\/uploads\/2021\/05\/raciborska-sosnicowice.jpg\"><img loading=\"lazy\" decoding=\"async\" src=\"https:\/\/www.24gliwice.pl\/wiadomosci\/wp-content\/uploads\/2021\/05\/raciborska-sosnicowice.jpg\" alt=\"\" width=\"688\" height=\"398\" class=\"alignnone size-full wp-image-170057\" srcset=\"https:\/\/www.24gliwice.pl\/wiadomosci\/wp-content\/uploads\/2021\/05\/raciborska-sosnicowice.jpg 688w, https:\/\/www.24gliwice.pl\/wiadomosci\/wp-content\/uploads\/2021\/05\/raciborska-sosnicowice-401x232.jpg 401w\" sizes=\"auto, (max-width: 688px) 100vw, 688px\" \/><\/a><\/p>\n<p>&#8211; <em>Mieszka\u0144cy ju\u017c od dawna zabiegaj\u0105 o zwi\u0119kszenie bezpiecze\u0144stwa na tej drodze, ale bezskutecznie<\/em> \u2013 m\u00f3wi Teresa Szymo\u0144ska. \u2013 <em>W tym miejscu nawet wyjazd ze swej posesji na ulic\u0119 stwarza du\u017cy problem, bo na \u0142uku jest s\u0142aba widoczno\u015b\u0107, a samochody p\u0119dz\u0105, nie daj\u0105c szans na w\u0142\u0105czenie si\u0119 do ruchu. Bardzo d\u0142ugo trwa\u0142o, zanim Zarz\u0105d Dr\u00f3g Wojew\u00f3dzkich w Katowicach wyda\u0142 pozwolenie na zainstalowanie dw\u00f3ch luster, kt\u00f3re cho\u0107 w cz\u0119\u015bci to u\u0142atwiaj\u0105. Jednak po to, by zwi\u0119kszy\u0107 bezpiecze\u0144stwo na tym odcinku drogi, konieczne jest postawienie radaru, bo tylko to sk\u0142oni kierowc\u00f3w do ograniczenia pr\u0119dko\u015bci. Gdy bowiem policja stoi tu z radarem, to kierowcy zwalniaj\u0105, ale kiedy tylko radiow\u00f3z odjedzie, zn\u00f3w bez opami\u0119tania naciskaj\u0105 na gaz<\/em> &#8211; podkre\u015bla radna.<\/p>\n<p><a href=\"https:\/\/www.24gliwice.pl\/wiadomosci\/wp-content\/uploads\/2021\/05\/raciborska-sosnicowice-lustro.jpg\"><img loading=\"lazy\" decoding=\"async\" src=\"https:\/\/www.24gliwice.pl\/wiadomosci\/wp-content\/uploads\/2021\/05\/raciborska-sosnicowice-lustro.jpg\" alt=\"\" width=\"810\" height=\"540\" class=\"alignnone size-full wp-image-170056\" srcset=\"https:\/\/www.24gliwice.pl\/wiadomosci\/wp-content\/uploads\/2021\/05\/raciborska-sosnicowice-lustro.jpg 810w, https:\/\/www.24gliwice.pl\/wiadomosci\/wp-content\/uploads\/2021\/05\/raciborska-sosnicowice-lustro-348x232.jpg 348w, https:\/\/www.24gliwice.pl\/wiadomosci\/wp-content\/uploads\/2021\/05\/raciborska-sosnicowice-lustro-683x455.jpg 683w, https:\/\/www.24gliwice.pl\/wiadomosci\/wp-content\/uploads\/2021\/05\/raciborska-sosnicowice-lustro-768x512.jpg 768w\" sizes=\"auto, (max-width: 810px) 100vw, 810px\" \/><\/a><\/p>\n<p>&#8211; Na moj\u0105 posesj\u0119 ju\u017c 14 razy wje\u017cd\u017ca\u0142y auta, kt\u00f3re \u201enie wyrobi\u0142y si\u0119\u201d na zakr\u0119cie \u2013 dodaje jedna z mieszkanek, <strong>Urszula Cie\u015blok<\/strong>. \u2013 Jecha\u0142y z nadmiern\u0105 pr\u0119dko\u015bci\u0105 i tak je zarzuca\u0142o na \u0142uku, \u017ce l\u0105dowa\u0142y w moim ogr\u00f3dku, wcze\u015bniej przewracaj\u0105c \u017celiwne ogrodzenie &#8211; m\u00f3wi mieszkanka.<\/p>\n<blockquote><p>Jeden nawet dojecha\u0142 a\u017c pod m\u00f3j dom, zatrzymuj\u0105c si\u0119 dopiero na jego murze, cho\u0107 jest on postawiony w g\u0142\u0119bi ogr\u00f3dka, kilkadziesi\u0105t metr\u00f3w od drogi. To, \u017ce kto\u015b wjedzie tu w p\u0142ot, nie jest ju\u017c niczym nadzwyczajnym<\/p><\/blockquote>\n<p>&#8211; zaznacza Cie\u015blok.<\/p>\n<p>Z kolei mieszkaj\u0105cy naprzeciwko <strong>Aleksander Machulec<\/strong> m\u00f3wi, \u017ce horror prze\u017cywaj\u0105 dzieci, kt\u00f3re t\u0105 drog\u0105 musz\u0105 chodzi\u0107 do szko\u0142y. \u2013 Po mojej stronie ulicy nie ma chodnika, \u017ceby si\u0119 do niego dosta\u0107, trzeba przej\u015b\u0107 t\u0119 ruchliw\u0105 drog\u0119, na kt\u00f3rej na dodatek ograniczona jest widoczno\u015b\u0107. Rodzice umieraj\u0105 ze strachu, czy ich dzieciom nic si\u0119 nie stanie po drodze do szko\u0142y.<\/p>\n<p><a href=\"https:\/\/www.24gliwice.pl\/wiadomosci\/wp-content\/uploads\/2021\/05\/raciborska-sosnicowice4.jpg\"><img loading=\"lazy\" decoding=\"async\" src=\"https:\/\/www.24gliwice.pl\/wiadomosci\/wp-content\/uploads\/2021\/05\/raciborska-sosnicowice4.jpg\" alt=\"\" width=\"810\" height=\"540\" class=\"alignnone size-full wp-image-170060\" srcset=\"https:\/\/www.24gliwice.pl\/wiadomosci\/wp-content\/uploads\/2021\/05\/raciborska-sosnicowice4.jpg 810w, https:\/\/www.24gliwice.pl\/wiadomosci\/wp-content\/uploads\/2021\/05\/raciborska-sosnicowice4-348x232.jpg 348w, https:\/\/www.24gliwice.pl\/wiadomosci\/wp-content\/uploads\/2021\/05\/raciborska-sosnicowice4-683x455.jpg 683w, https:\/\/www.24gliwice.pl\/wiadomosci\/wp-content\/uploads\/2021\/05\/raciborska-sosnicowice4-768x512.jpg 768w\" sizes=\"auto, (max-width: 810px) 100vw, 810px\" \/><\/a><\/p>\n<p>Inny z mieszka\u0144c\u00f3w, <strong>Adam Gutowski<\/strong> przypomina dwa wypadki \u015bmiertelne. W jednym zgin\u0119\u0142a rowerzystka, kt\u00f3r\u0105 tir wyprzedza\u0142 z tak\u0105 pr\u0119dko\u015bci\u0105, \u017ce zosta\u0142a przewr\u00f3cona przez p\u0119d powietrza i zgin\u0119\u0142a pod ko\u0142ami. W drugim zgin\u0105\u0142 motocyklista jad\u0105cy od strony Rynku \u2013 straci\u0142 \u017cycie w zderzeniu z pod\u0105\u017caj\u0105cym z naprzeciwka jeepem.<\/p>\n<blockquote><p>Jestem wstrz\u0105\u015bni\u0119ty s\u0142ysz\u0105c te relacje. Trzeba zrobi\u0107 wszystko, by zwi\u0119kszy\u0107 bezpiecze\u0144stwo ruchu w tym miejscu ulicy Raciborskiej<\/p><\/blockquote>\n<p>\u2013 podsumowa\u0142 spotkanie starosta Waldemar Dombek. &#8211; Co prawda jest to droga wojew\u00f3dzka, a nie powiatowa, wi\u0119c nasze mo\u017cliwo\u015bci s\u0105 ograniczone, ale do\u0142o\u017c\u0119 wszelkich stara\u0144, by pom\u00f3c mieszka\u0144com. Ta sytuacja wymaga podj\u0119cia interwencji u policji, kt\u00f3ra prowadzi list\u0119 najbardziej niebezpiecznych miejsc na drogach. Zwr\u00f3c\u0119 si\u0119 tak\u017ce do Zarz\u0105du Dr\u00f3g Wojew\u00f3dzkich w Katowicach o postawienie w tym miejscu radaru, by zapobiec dalszym tragediom &#8211; obieca\u0142 starosta.<\/p>\n<p><a href=\"https:\/\/www.24gliwice.pl\/wiadomosci\/wp-content\/uploads\/2021\/05\/raciborska-sosnicowice-krzyz.jpg\"><img loading=\"lazy\" decoding=\"async\" src=\"https:\/\/www.24gliwice.pl\/wiadomosci\/wp-content\/uploads\/2021\/05\/raciborska-sosnicowice-krzyz.jpg\" alt=\"\" width=\"810\" height=\"540\" class=\"alignnone size-full wp-image-170055\" srcset=\"https:\/\/www.24gliwice.pl\/wiadomosci\/wp-content\/uploads\/2021\/05\/raciborska-sosnicowice-krzyz.jpg 810w, https:\/\/www.24gliwice.pl\/wiadomosci\/wp-content\/uploads\/2021\/05\/raciborska-sosnicowice-krzyz-348x232.jpg 348w, https:\/\/www.24gliwice.pl\/wiadomosci\/wp-content\/uploads\/2021\/05\/raciborska-sosnicowice-krzyz-683x455.jpg 683w, https:\/\/www.24gliwice.pl\/wiadomosci\/wp-content\/uploads\/2021\/05\/raciborska-sosnicowice-krzyz-768x512.jpg 768w\" sizes=\"auto, (max-width: 810px) 100vw, 810px\" \/><\/a><\/p>\n<p>Na problem zwr\u00f3ci\u0142 uwag\u0119 tak\u017ce inny radny powiatowy z So\u015bnicowic, <strong>J\u00f3zef Kruczek<\/strong>, sk\u0142adaj\u0105c w tej sprawie interpelacj\u0119.<\/p>\n<p>(\u017cms)\/Starostwo Gliwice<br \/>\nfot. Starostwo Gliwice<\/p>\n<div class=\"gliwi-a5-na-koncu-artykulow gliwi-entity-placement\" id=\"gliwi-469836374\"><div class=\"gliwi-adlabel\"><span style=\"font-size: 9px\">REKLAMA<\/span><\/div><div id=\"gliwi-288990032\" style=\"margin-left: auto;margin-right: auto;text-align: center;\"><a data-no-instant=\"1\" href=\"https:\/\/www.jasek.pl\/\" rel=\"noopener\" class=\"a2t-link\" target=\"_blank\" aria-label=\"20200401-jasek 600\"><img loading=\"lazy\" decoding=\"async\" src=\"https:\/\/www.24gliwice.pl\/wiadomosci\/wp-content\/uploads\/2020\/04\/20200401-jasek-600.jpg\" alt=\"\"  srcset=\"https:\/\/www.24gliwice.pl\/wiadomosci\/wp-content\/uploads\/2020\/04\/20200401-jasek-600.jpg 600w, https:\/\/www.24gliwice.pl\/wiadomosci\/wp-content\/uploads\/2020\/04\/20200401-jasek-600-410x109.jpg 410w\" sizes=\"(max-width: 600px) 100vw, 600px\" class=\"no-lazyload\" width=\"600\" height=\"160\"  style=\"display: inline-block; max-width: 100%; height: auto;\" \/><\/a><\/div><\/div>","protected":false},"excerpt":{"rendered":"<p>Jad\u0105ce z nadmiern\u0105 pr\u0119dko\u015bci\u0105 samochody ju\u017c kilkana\u015bcie razy l\u0105dowa\u0142y na terenie posesji przy ulicy Raciborskiej w So\u015bnicowicach. Na drodze tej dosz\u0142o te\u017c do dw\u00f3ch wypadk\u00f3w \u015bmiertelnych. Czy pojawi si\u0119 tu fotoradar? &nbsp; Starosta gliwicki Waldemar Dombek spotka\u0142 si\u0119 kilka dni temu z mieszka\u0144cami wspomnianej ulicy. Rozmowa dotyczy\u0142a konieczno\u015bci postawienia tam radaru, kt\u00f3ry znalaz\u0142by si\u0119 w [&hellip;]<\/p>\n","protected":false},"author":15,"featured_media":170058,"comment_status":"open","ping_status":"closed","sticky":false,"template":"","format":"standard","meta":{"_monsterinsights_skip_tracking":false,"_monsterinsights_sitenote_active":false,"_monsterinsights_sitenote_note":"","_monsterinsights_sitenote_category":0,"footnotes":"","_links_to":"","_links_to_target":""},"categories":[1],"tags":[12917],"class_list":["post-170046","post","type-post","status-publish","format-standard","has-post-thumbnail","hentry","category-wszystko","tag-fotoradar"],"yoast_head":"<!-- This site is optimized with the Yoast SEO plugin v27.5 - https:\/\/yoast.com\/product\/yoast-seo-wordpress\/ -->\n<title>W tym miejscu dosz\u0142o ju\u017c do dw\u00f3ch wypadk\u00f3w \u015bmiertelnych. Fotoradar rozwi\u0105\u017ce problem? - 24GLIWICE - Portal Gliwice | codziennie nowe informacje<\/title>\n<meta name=\"robots\" content=\"index, follow, max-snippet:-1, max-image-preview:large, max-video-preview:-1\" \/>\n<link rel=\"canonical\" href=\"https:\/\/www.24gliwice.pl\/wiadomosci\/w-tym-miejscu-doszlo-juz-do-dwoch-wypadkow-smiertelnych-fotoradar-rozwiaze-problem\/\" \/>\n<meta property=\"og:locale\" content=\"pl_PL\" \/>\n<meta property=\"og:type\" content=\"article\" \/>\n<meta property=\"og:title\" content=\"W tym miejscu dosz\u0142o ju\u017c do dw\u00f3ch wypadk\u00f3w \u015bmiertelnych. Fotoradar rozwi\u0105\u017ce problem? - 24GLIWICE - Portal Gliwice | codziennie nowe informacje\" \/>\n<meta property=\"og:description\" content=\"Jad\u0105ce z nadmiern\u0105 pr\u0119dko\u015bci\u0105 samochody ju\u017c kilkana\u015bcie razy l\u0105dowa\u0142y na terenie posesji przy ulicy Raciborskiej w So\u015bnicowicach. Na drodze tej dosz\u0142o te\u017c do dw\u00f3ch wypadk\u00f3w \u015bmiertelnych. Czy pojawi si\u0119 tu fotoradar? &nbsp; Starosta gliwicki Waldemar Dombek spotka\u0142 si\u0119 kilka dni temu z mieszka\u0144cami wspomnianej ulicy. Rozmowa dotyczy\u0142a konieczno\u015bci postawienia tam radaru, kt\u00f3ry znalaz\u0142by si\u0119 w [&hellip;]\" \/>\n<meta property=\"og:url\" content=\"https:\/\/www.24gliwice.pl\/wiadomosci\/w-tym-miejscu-doszlo-juz-do-dwoch-wypadkow-smiertelnych-fotoradar-rozwiaze-problem\/\" \/>\n<meta property=\"og:site_name\" content=\"24GLIWICE - Portal Gliwice | codziennie nowe informacje\" \/>\n<meta property=\"article:publisher\" content=\"https:\/\/www.facebook.com\/24gliwice\" \/>\n<meta property=\"article:published_time\" content=\"2021-05-14T04:05:58+00:00\" \/>\n<meta property=\"og:image\" content=\"https:\/\/www.24gliwice.pl\/wiadomosci\/wp-content\/uploads\/2021\/05\/raciborska-sosnicowice2.jpg\" \/>\n\t<meta property=\"og:image:width\" content=\"810\" \/>\n\t<meta property=\"og:image:height\" content=\"456\" \/>\n\t<meta property=\"og:image:type\" content=\"image\/jpeg\" \/>\n<meta name=\"author\" content=\"\u017baneta Mrozek-Siewierska\" \/>\n<meta name=\"twitter:card\" content=\"summary_large_image\" \/>\n<meta name=\"twitter:creator\" content=\"@24gliwice\" \/>\n<meta name=\"twitter:site\" content=\"@24gliwice\" \/>\n<meta name=\"twitter:label1\" content=\"Napisane przez\" \/>\n\t<meta name=\"twitter:data1\" content=\"\u017baneta Mrozek-Siewierska\" \/>\n\t<meta name=\"twitter:label2\" content=\"Szacowany czas czytania\" \/>\n\t<meta name=\"twitter:data2\" content=\"3 minuty\" \/>\n<script type=\"application\/ld+json\" class=\"yoast-schema-graph\">{\"@context\":\"https:\\\/\\\/schema.org\",\"@graph\":[{\"@type\":\"Article\",\"@id\":\"https:\\\/\\\/www.24gliwice.pl\\\/wiadomosci\\\/w-tym-miejscu-doszlo-juz-do-dwoch-wypadkow-smiertelnych-fotoradar-rozwiaze-problem\\\/#article\",\"isPartOf\":{\"@id\":\"https:\\\/\\\/www.24gliwice.pl\\\/wiadomosci\\\/w-tym-miejscu-doszlo-juz-do-dwoch-wypadkow-smiertelnych-fotoradar-rozwiaze-problem\\\/\"},\"author\":{\"name\":\"\u017baneta Mrozek-Siewierska\",\"@id\":\"https:\\\/\\\/www.24gliwice.pl\\\/wiadomosci\\\/#\\\/schema\\\/person\\\/e42c650edd7f2fa332be3811fb166b6e\"},\"headline\":\"W tym miejscu dosz\u0142o ju\u017c do dw\u00f3ch wypadk\u00f3w \u015bmiertelnych. Fotoradar rozwi\u0105\u017ce problem?\",\"datePublished\":\"2021-05-14T04:05:58+00:00\",\"mainEntityOfPage\":{\"@id\":\"https:\\\/\\\/www.24gliwice.pl\\\/wiadomosci\\\/w-tym-miejscu-doszlo-juz-do-dwoch-wypadkow-smiertelnych-fotoradar-rozwiaze-problem\\\/\"},\"wordCount\":703,\"commentCount\":0,\"publisher\":{\"@id\":\"https:\\\/\\\/www.24gliwice.pl\\\/wiadomosci\\\/#organization\"},\"image\":{\"@id\":\"https:\\\/\\\/www.24gliwice.pl\\\/wiadomosci\\\/w-tym-miejscu-doszlo-juz-do-dwoch-wypadkow-smiertelnych-fotoradar-rozwiaze-problem\\\/#primaryimage\"},\"thumbnailUrl\":\"https:\\\/\\\/www.24gliwice.pl\\\/wiadomosci\\\/wp-content\\\/uploads\\\/2021\\\/05\\\/raciborska-sosnicowice2.jpg\",\"keywords\":[\"fotoradar\"],\"articleSection\":[\"Najnowsze wiadomo\u015bci\"],\"inLanguage\":\"pl-PL\",\"potentialAction\":[{\"@type\":\"CommentAction\",\"name\":\"Comment\",\"target\":[\"https:\\\/\\\/www.24gliwice.pl\\\/wiadomosci\\\/w-tym-miejscu-doszlo-juz-do-dwoch-wypadkow-smiertelnych-fotoradar-rozwiaze-problem\\\/#respond\"]}]},{\"@type\":\"WebPage\",\"@id\":\"https:\\\/\\\/www.24gliwice.pl\\\/wiadomosci\\\/w-tym-miejscu-doszlo-juz-do-dwoch-wypadkow-smiertelnych-fotoradar-rozwiaze-problem\\\/\",\"url\":\"https:\\\/\\\/www.24gliwice.pl\\\/wiadomosci\\\/w-tym-miejscu-doszlo-juz-do-dwoch-wypadkow-smiertelnych-fotoradar-rozwiaze-problem\\\/\",\"name\":\"W tym miejscu dosz\u0142o ju\u017c do dw\u00f3ch wypadk\u00f3w \u015bmiertelnych. Fotoradar rozwi\u0105\u017ce problem? - 24GLIWICE - Portal Gliwice | codziennie nowe informacje\",\"isPartOf\":{\"@id\":\"https:\\\/\\\/www.24gliwice.pl\\\/wiadomosci\\\/#website\"},\"primaryImageOfPage\":{\"@id\":\"https:\\\/\\\/www.24gliwice.pl\\\/wiadomosci\\\/w-tym-miejscu-doszlo-juz-do-dwoch-wypadkow-smiertelnych-fotoradar-rozwiaze-problem\\\/#primaryimage\"},\"image\":{\"@id\":\"https:\\\/\\\/www.24gliwice.pl\\\/wiadomosci\\\/w-tym-miejscu-doszlo-juz-do-dwoch-wypadkow-smiertelnych-fotoradar-rozwiaze-problem\\\/#primaryimage\"},\"thumbnailUrl\":\"https:\\\/\\\/www.24gliwice.pl\\\/wiadomosci\\\/wp-content\\\/uploads\\\/2021\\\/05\\\/raciborska-sosnicowice2.jpg\",\"datePublished\":\"2021-05-14T04:05:58+00:00\",\"breadcrumb\":{\"@id\":\"https:\\\/\\\/www.24gliwice.pl\\\/wiadomosci\\\/w-tym-miejscu-doszlo-juz-do-dwoch-wypadkow-smiertelnych-fotoradar-rozwiaze-problem\\\/#breadcrumb\"},\"inLanguage\":\"pl-PL\",\"potentialAction\":[{\"@type\":\"ReadAction\",\"target\":[\"https:\\\/\\\/www.24gliwice.pl\\\/wiadomosci\\\/w-tym-miejscu-doszlo-juz-do-dwoch-wypadkow-smiertelnych-fotoradar-rozwiaze-problem\\\/\"]}]},{\"@type\":\"ImageObject\",\"inLanguage\":\"pl-PL\",\"@id\":\"https:\\\/\\\/www.24gliwice.pl\\\/wiadomosci\\\/w-tym-miejscu-doszlo-juz-do-dwoch-wypadkow-smiertelnych-fotoradar-rozwiaze-problem\\\/#primaryimage\",\"url\":\"https:\\\/\\\/www.24gliwice.pl\\\/wiadomosci\\\/wp-content\\\/uploads\\\/2021\\\/05\\\/raciborska-sosnicowice2.jpg\",\"contentUrl\":\"https:\\\/\\\/www.24gliwice.pl\\\/wiadomosci\\\/wp-content\\\/uploads\\\/2021\\\/05\\\/raciborska-sosnicowice2.jpg\",\"width\":810,\"height\":456},{\"@type\":\"BreadcrumbList\",\"@id\":\"https:\\\/\\\/www.24gliwice.pl\\\/wiadomosci\\\/w-tym-miejscu-doszlo-juz-do-dwoch-wypadkow-smiertelnych-fotoradar-rozwiaze-problem\\\/#breadcrumb\",\"itemListElement\":[{\"@type\":\"ListItem\",\"position\":1,\"name\":\"Strona g\u0142\u00f3wna\",\"item\":\"https:\\\/\\\/www.24gliwice.pl\\\/wiadomosci\\\/\"},{\"@type\":\"ListItem\",\"position\":2,\"name\":\"W tym miejscu dosz\u0142o ju\u017c do dw\u00f3ch wypadk\u00f3w \u015bmiertelnych. Fotoradar rozwi\u0105\u017ce problem?\"}]},{\"@type\":\"WebSite\",\"@id\":\"https:\\\/\\\/www.24gliwice.pl\\\/wiadomosci\\\/#website\",\"url\":\"https:\\\/\\\/www.24gliwice.pl\\\/wiadomosci\\\/\",\"name\":\"24GLIWICE - Portal Gliwice | codziennie nowe wiadomo\u015bci\",\"description\":\"Portal Miejski Gliwice\",\"publisher\":{\"@id\":\"https:\\\/\\\/www.24gliwice.pl\\\/wiadomosci\\\/#organization\"},\"potentialAction\":[{\"@type\":\"SearchAction\",\"target\":{\"@type\":\"EntryPoint\",\"urlTemplate\":\"https:\\\/\\\/www.24gliwice.pl\\\/wiadomosci\\\/?s={search_term_string}\"},\"query-input\":{\"@type\":\"PropertyValueSpecification\",\"valueRequired\":true,\"valueName\":\"search_term_string\"}}],\"inLanguage\":\"pl-PL\"},{\"@type\":\"Organization\",\"@id\":\"https:\\\/\\\/www.24gliwice.pl\\\/wiadomosci\\\/#organization\",\"name\":\"24gliwice\",\"url\":\"https:\\\/\\\/www.24gliwice.pl\\\/wiadomosci\\\/\",\"logo\":{\"@type\":\"ImageObject\",\"inLanguage\":\"pl-PL\",\"@id\":\"https:\\\/\\\/www.24gliwice.pl\\\/wiadomosci\\\/#\\\/schema\\\/logo\\\/image\\\/\",\"url\":\"https:\\\/\\\/www.24gliwice.pl\\\/wiadomosci\\\/wp-content\\\/uploads\\\/2024\\\/10\\\/24gliwice-logo-696.jpg\",\"contentUrl\":\"https:\\\/\\\/www.24gliwice.pl\\\/wiadomosci\\\/wp-content\\\/uploads\\\/2024\\\/10\\\/24gliwice-logo-696.jpg\",\"width\":696,\"height\":696,\"caption\":\"24gliwice\"},\"image\":{\"@id\":\"https:\\\/\\\/www.24gliwice.pl\\\/wiadomosci\\\/#\\\/schema\\\/logo\\\/image\\\/\"},\"sameAs\":[\"https:\\\/\\\/www.facebook.com\\\/24gliwice\",\"https:\\\/\\\/x.com\\\/24gliwice\",\"https:\\\/\\\/www.youtube.com\\\/@24gliwice\"]},{\"@type\":\"Person\",\"@id\":\"https:\\\/\\\/www.24gliwice.pl\\\/wiadomosci\\\/#\\\/schema\\\/person\\\/e42c650edd7f2fa332be3811fb166b6e\",\"name\":\"\u017baneta Mrozek-Siewierska\",\"image\":{\"@type\":\"ImageObject\",\"inLanguage\":\"pl-PL\",\"@id\":\"https:\\\/\\\/secure.gravatar.com\\\/avatar\\\/1881429e9c64597c77ad7aef2d0a19be69a3253e57534d16aa15bf3a4d34a0a3?s=96&d=mm&r=g\",\"url\":\"https:\\\/\\\/secure.gravatar.com\\\/avatar\\\/1881429e9c64597c77ad7aef2d0a19be69a3253e57534d16aa15bf3a4d34a0a3?s=96&d=mm&r=g\",\"contentUrl\":\"https:\\\/\\\/secure.gravatar.com\\\/avatar\\\/1881429e9c64597c77ad7aef2d0a19be69a3253e57534d16aa15bf3a4d34a0a3?s=96&d=mm&r=g\",\"caption\":\"\u017baneta Mrozek-Siewierska\"},\"url\":\"https:\\\/\\\/www.24gliwice.pl\\\/wiadomosci\\\/author\\\/zms\\\/\"}]}<\/script>\n<!-- \/ Yoast SEO plugin. -->","yoast_head_json":{"title":"W tym miejscu dosz\u0142o ju\u017c do dw\u00f3ch wypadk\u00f3w \u015bmiertelnych. Fotoradar rozwi\u0105\u017ce problem? - 24GLIWICE - Portal Gliwice | codziennie nowe informacje","robots":{"index":"index","follow":"follow","max-snippet":"max-snippet:-1","max-image-preview":"max-image-preview:large","max-video-preview":"max-video-preview:-1"},"canonical":"https:\/\/www.24gliwice.pl\/wiadomosci\/w-tym-miejscu-doszlo-juz-do-dwoch-wypadkow-smiertelnych-fotoradar-rozwiaze-problem\/","og_locale":"pl_PL","og_type":"article","og_title":"W tym miejscu dosz\u0142o ju\u017c do dw\u00f3ch wypadk\u00f3w \u015bmiertelnych. Fotoradar rozwi\u0105\u017ce problem? - 24GLIWICE - Portal Gliwice | codziennie nowe informacje","og_description":"Jad\u0105ce z nadmiern\u0105 pr\u0119dko\u015bci\u0105 samochody ju\u017c kilkana\u015bcie razy l\u0105dowa\u0142y na terenie posesji przy ulicy Raciborskiej w So\u015bnicowicach. Na drodze tej dosz\u0142o te\u017c do dw\u00f3ch wypadk\u00f3w \u015bmiertelnych. Czy pojawi si\u0119 tu fotoradar? &nbsp; Starosta gliwicki Waldemar Dombek spotka\u0142 si\u0119 kilka dni temu z mieszka\u0144cami wspomnianej ulicy. Rozmowa dotyczy\u0142a konieczno\u015bci postawienia tam radaru, kt\u00f3ry znalaz\u0142by si\u0119 w [&hellip;]","og_url":"https:\/\/www.24gliwice.pl\/wiadomosci\/w-tym-miejscu-doszlo-juz-do-dwoch-wypadkow-smiertelnych-fotoradar-rozwiaze-problem\/","og_site_name":"24GLIWICE - Portal Gliwice | codziennie nowe informacje","article_publisher":"https:\/\/www.facebook.com\/24gliwice","article_published_time":"2021-05-14T04:05:58+00:00","og_image":[{"width":810,"height":456,"url":"https:\/\/www.24gliwice.pl\/wiadomosci\/wp-content\/uploads\/2021\/05\/raciborska-sosnicowice2.jpg","type":"image\/jpeg"}],"author":"\u017baneta Mrozek-Siewierska","twitter_card":"summary_large_image","twitter_creator":"@24gliwice","twitter_site":"@24gliwice","twitter_misc":{"Napisane przez":"\u017baneta Mrozek-Siewierska","Szacowany czas czytania":"3 minuty"},"schema":{"@context":"https:\/\/schema.org","@graph":[{"@type":"Article","@id":"https:\/\/www.24gliwice.pl\/wiadomosci\/w-tym-miejscu-doszlo-juz-do-dwoch-wypadkow-smiertelnych-fotoradar-rozwiaze-problem\/#article","isPartOf":{"@id":"https:\/\/www.24gliwice.pl\/wiadomosci\/w-tym-miejscu-doszlo-juz-do-dwoch-wypadkow-smiertelnych-fotoradar-rozwiaze-problem\/"},"author":{"name":"\u017baneta Mrozek-Siewierska","@id":"https:\/\/www.24gliwice.pl\/wiadomosci\/#\/schema\/person\/e42c650edd7f2fa332be3811fb166b6e"},"headline":"W tym miejscu dosz\u0142o ju\u017c do dw\u00f3ch wypadk\u00f3w \u015bmiertelnych. Fotoradar rozwi\u0105\u017ce problem?","datePublished":"2021-05-14T04:05:58+00:00","mainEntityOfPage":{"@id":"https:\/\/www.24gliwice.pl\/wiadomosci\/w-tym-miejscu-doszlo-juz-do-dwoch-wypadkow-smiertelnych-fotoradar-rozwiaze-problem\/"},"wordCount":703,"commentCount":0,"publisher":{"@id":"https:\/\/www.24gliwice.pl\/wiadomosci\/#organization"},"image":{"@id":"https:\/\/www.24gliwice.pl\/wiadomosci\/w-tym-miejscu-doszlo-juz-do-dwoch-wypadkow-smiertelnych-fotoradar-rozwiaze-problem\/#primaryimage"},"thumbnailUrl":"https:\/\/www.24gliwice.pl\/wiadomosci\/wp-content\/uploads\/2021\/05\/raciborska-sosnicowice2.jpg","keywords":["fotoradar"],"articleSection":["Najnowsze wiadomo\u015bci"],"inLanguage":"pl-PL","potentialAction":[{"@type":"CommentAction","name":"Comment","target":["https:\/\/www.24gliwice.pl\/wiadomosci\/w-tym-miejscu-doszlo-juz-do-dwoch-wypadkow-smiertelnych-fotoradar-rozwiaze-problem\/#respond"]}]},{"@type":"WebPage","@id":"https:\/\/www.24gliwice.pl\/wiadomosci\/w-tym-miejscu-doszlo-juz-do-dwoch-wypadkow-smiertelnych-fotoradar-rozwiaze-problem\/","url":"https:\/\/www.24gliwice.pl\/wiadomosci\/w-tym-miejscu-doszlo-juz-do-dwoch-wypadkow-smiertelnych-fotoradar-rozwiaze-problem\/","name":"W tym miejscu dosz\u0142o ju\u017c do dw\u00f3ch wypadk\u00f3w \u015bmiertelnych. Fotoradar rozwi\u0105\u017ce problem? - 24GLIWICE - Portal Gliwice | codziennie nowe informacje","isPartOf":{"@id":"https:\/\/www.24gliwice.pl\/wiadomosci\/#website"},"primaryImageOfPage":{"@id":"https:\/\/www.24gliwice.pl\/wiadomosci\/w-tym-miejscu-doszlo-juz-do-dwoch-wypadkow-smiertelnych-fotoradar-rozwiaze-problem\/#primaryimage"},"image":{"@id":"https:\/\/www.24gliwice.pl\/wiadomosci\/w-tym-miejscu-doszlo-juz-do-dwoch-wypadkow-smiertelnych-fotoradar-rozwiaze-problem\/#primaryimage"},"thumbnailUrl":"https:\/\/www.24gliwice.pl\/wiadomosci\/wp-content\/uploads\/2021\/05\/raciborska-sosnicowice2.jpg","datePublished":"2021-05-14T04:05:58+00:00","breadcrumb":{"@id":"https:\/\/www.24gliwice.pl\/wiadomosci\/w-tym-miejscu-doszlo-juz-do-dwoch-wypadkow-smiertelnych-fotoradar-rozwiaze-problem\/#breadcrumb"},"inLanguage":"pl-PL","potentialAction":[{"@type":"ReadAction","target":["https:\/\/www.24gliwice.pl\/wiadomosci\/w-tym-miejscu-doszlo-juz-do-dwoch-wypadkow-smiertelnych-fotoradar-rozwiaze-problem\/"]}]},{"@type":"ImageObject","inLanguage":"pl-PL","@id":"https:\/\/www.24gliwice.pl\/wiadomosci\/w-tym-miejscu-doszlo-juz-do-dwoch-wypadkow-smiertelnych-fotoradar-rozwiaze-problem\/#primaryimage","url":"https:\/\/www.24gliwice.pl\/wiadomosci\/wp-content\/uploads\/2021\/05\/raciborska-sosnicowice2.jpg","contentUrl":"https:\/\/www.24gliwice.pl\/wiadomosci\/wp-content\/uploads\/2021\/05\/raciborska-sosnicowice2.jpg","width":810,"height":456},{"@type":"BreadcrumbList","@id":"https:\/\/www.24gliwice.pl\/wiadomosci\/w-tym-miejscu-doszlo-juz-do-dwoch-wypadkow-smiertelnych-fotoradar-rozwiaze-problem\/#breadcrumb","itemListElement":[{"@type":"ListItem","position":1,"name":"Strona g\u0142\u00f3wna","item":"https:\/\/www.24gliwice.pl\/wiadomosci\/"},{"@type":"ListItem","position":2,"name":"W tym miejscu dosz\u0142o ju\u017c do dw\u00f3ch wypadk\u00f3w \u015bmiertelnych. Fotoradar rozwi\u0105\u017ce problem?"}]},{"@type":"WebSite","@id":"https:\/\/www.24gliwice.pl\/wiadomosci\/#website","url":"https:\/\/www.24gliwice.pl\/wiadomosci\/","name":"24GLIWICE - Portal Gliwice | codziennie nowe wiadomo\u015bci","description":"Portal Miejski Gliwice","publisher":{"@id":"https:\/\/www.24gliwice.pl\/wiadomosci\/#organization"},"potentialAction":[{"@type":"SearchAction","target":{"@type":"EntryPoint","urlTemplate":"https:\/\/www.24gliwice.pl\/wiadomosci\/?s={search_term_string}"},"query-input":{"@type":"PropertyValueSpecification","valueRequired":true,"valueName":"search_term_string"}}],"inLanguage":"pl-PL"},{"@type":"Organization","@id":"https:\/\/www.24gliwice.pl\/wiadomosci\/#organization","name":"24gliwice","url":"https:\/\/www.24gliwice.pl\/wiadomosci\/","logo":{"@type":"ImageObject","inLanguage":"pl-PL","@id":"https:\/\/www.24gliwice.pl\/wiadomosci\/#\/schema\/logo\/image\/","url":"https:\/\/www.24gliwice.pl\/wiadomosci\/wp-content\/uploads\/2024\/10\/24gliwice-logo-696.jpg","contentUrl":"https:\/\/www.24gliwice.pl\/wiadomosci\/wp-content\/uploads\/2024\/10\/24gliwice-logo-696.jpg","width":696,"height":696,"caption":"24gliwice"},"image":{"@id":"https:\/\/www.24gliwice.pl\/wiadomosci\/#\/schema\/logo\/image\/"},"sameAs":["https:\/\/www.facebook.com\/24gliwice","https:\/\/x.com\/24gliwice","https:\/\/www.youtube.com\/@24gliwice"]},{"@type":"Person","@id":"https:\/\/www.24gliwice.pl\/wiadomosci\/#\/schema\/person\/e42c650edd7f2fa332be3811fb166b6e","name":"\u017baneta Mrozek-Siewierska","image":{"@type":"ImageObject","inLanguage":"pl-PL","@id":"https:\/\/secure.gravatar.com\/avatar\/1881429e9c64597c77ad7aef2d0a19be69a3253e57534d16aa15bf3a4d34a0a3?s=96&d=mm&r=g","url":"https:\/\/secure.gravatar.com\/avatar\/1881429e9c64597c77ad7aef2d0a19be69a3253e57534d16aa15bf3a4d34a0a3?s=96&d=mm&r=g","contentUrl":"https:\/\/secure.gravatar.com\/avatar\/1881429e9c64597c77ad7aef2d0a19be69a3253e57534d16aa15bf3a4d34a0a3?s=96&d=mm&r=g","caption":"\u017baneta Mrozek-Siewierska"},"url":"https:\/\/www.24gliwice.pl\/wiadomosci\/author\/zms\/"}]}},"_links":{"self":[{"href":"https:\/\/www.24gliwice.pl\/wiadomosci\/wp-json\/wp\/v2\/posts\/170046","targetHints":{"allow":["GET"]}}],"collection":[{"href":"https:\/\/www.24gliwice.pl\/wiadomosci\/wp-json\/wp\/v2\/posts"}],"about":[{"href":"https:\/\/www.24gliwice.pl\/wiadomosci\/wp-json\/wp\/v2\/types\/post"}],"author":[{"embeddable":true,"href":"https:\/\/www.24gliwice.pl\/wiadomosci\/wp-json\/wp\/v2\/users\/15"}],"replies":[{"embeddable":true,"href":"https:\/\/www.24gliwice.pl\/wiadomosci\/wp-json\/wp\/v2\/comments?post=170046"}],"version-history":[{"count":0,"href":"https:\/\/www.24gliwice.pl\/wiadomosci\/wp-json\/wp\/v2\/posts\/170046\/revisions"}],"wp:featuredmedia":[{"embeddable":true,"href":"https:\/\/www.24gliwice.pl\/wiadomosci\/wp-json\/wp\/v2\/media\/170058"}],"wp:attachment":[{"href":"https:\/\/www.24gliwice.pl\/wiadomosci\/wp-json\/wp\/v2\/media?parent=170046"}],"wp:term":[{"taxonomy":"category","embeddable":true,"href":"https:\/\/www.24gliwice.pl\/wiadomosci\/wp-json\/wp\/v2\/categories?post=170046"},{"taxonomy":"post_tag","embeddable":true,"href":"https:\/\/www.24gliwice.pl\/wiadomosci\/wp-json\/wp\/v2\/tags?post=170046"}],"curies":[{"name":"wp","href":"https:\/\/api.w.org\/{rel}","templated":true}]}}