{"id":170221,"date":"2021-05-17T16:29:02","date_gmt":"2021-05-17T14:29:02","guid":{"rendered":"https:\/\/www.24gliwice.pl\/wiadomosci\/?p=170221"},"modified":"2021-05-17T16:35:05","modified_gmt":"2021-05-17T14:35:05","slug":"kradziez-roweru-na-terenie-centrum-przesiadkowego-podejrzanego-widac-na-zdjeciach-szuka-go-policja","status":"publish","type":"post","link":"https:\/\/www.24gliwice.pl\/wiadomosci\/kradziez-roweru-na-terenie-centrum-przesiadkowego-podejrzanego-widac-na-zdjeciach-szuka-go-policja\/","title":{"rendered":"Kradzie\u017c roweru na terenie centrum przesiadkowego. Podejrzanego wida\u0107 na zdj\u0119ciach, szuka go policja"},"content":{"rendered":"<div class=\"gliwi-a6-nad-leadem-artykulow gliwi-entity-placement\" id=\"gliwi-1664354828\"><div class=\"gliwi-adlabel\"><span style=\"font-size: 9px\">REKLAMA<\/span><\/div><div id=\"gliwi-3826860452\" style=\"margin-bottom: 30px;margin-left: auto;margin-right: auto;text-align: center;\"><a data-no-instant=\"1\" href=\"https:\/\/przedszkole.halogen.org.pl\/\" rel=\"noopener\" class=\"a2t-link\" target=\"_blank\" aria-label=\"20260402-ANIMATOR-przedszkole_grafika_750x200\"><img loading=\"lazy\" decoding=\"async\" src=\"https:\/\/www.24gliwice.pl\/wiadomosci\/wp-content\/uploads\/2026\/04\/20260402-ANIMATOR-przedszkole_grafika_750x200.webp\" alt=\"\"  srcset=\"https:\/\/www.24gliwice.pl\/wiadomosci\/wp-content\/uploads\/2026\/04\/20260402-ANIMATOR-przedszkole_grafika_750x200.webp 750w, https:\/\/www.24gliwice.pl\/wiadomosci\/wp-content\/uploads\/2026\/04\/20260402-ANIMATOR-przedszkole_grafika_750x200-410x109.webp 410w\" sizes=\"(max-width: 750px) 100vw, 750px\" class=\"no-lazyload\" width=\"750\" height=\"200\"  style=\"display: inline-block; max-width: 100%; height: auto;\" \/><\/a><\/div><\/div><h2>Widoczny na zdj\u0119ciach nieznany m\u0119\u017cczyzna jest podejrzany o kradzie\u017c roweru marki Kross Hexagon o warto\u015bci 1500 z\u0142.<\/h2>\n<p>Do przest\u0119pstwa dosz\u0142o kilkana\u015bcie dni temu, 5 maja, na terenie centrum przesiadkowego w Stanicy przy ul. Gliwickiej. Post\u0119powanie w sprawie ustalenia sprawcy prowadzi wydzia\u0142 kryminalny knurowskiego komisariatu.<\/p>\n<p><img loading=\"lazy\" decoding=\"async\" src=\"https:\/\/www.24gliwice.pl\/wiadomosci\/wp-content\/uploads\/2021\/05\/zlodziej-roweru2.jpg\" alt=\"\" width=\"810\" height=\"524\" class=\"aligncenter size-full wp-image-170224\" srcset=\"https:\/\/www.24gliwice.pl\/wiadomosci\/wp-content\/uploads\/2021\/05\/zlodziej-roweru2.jpg 810w, https:\/\/www.24gliwice.pl\/wiadomosci\/wp-content\/uploads\/2021\/05\/zlodziej-roweru2-359x232.jpg 359w, https:\/\/www.24gliwice.pl\/wiadomosci\/wp-content\/uploads\/2021\/05\/zlodziej-roweru2-703x455.jpg 703w, https:\/\/www.24gliwice.pl\/wiadomosci\/wp-content\/uploads\/2021\/05\/zlodziej-roweru2-768x497.jpg 768w\" sizes=\"auto, (max-width: 810px) 100vw, 810px\" \/><\/p>\n<p>By\u0107 mo\u017ce kto\u015b rozpozna podejrzanego. Kontakt z knurowskim komisariatem, tel.: 47 95900519, ca\u0142odobowo 47 8590500, mail: krystian.szewczak@gliwice.ka.policja.gov.pl<\/p><div class=\"gliwi-a3-w-tresci-artykulow gliwi-entity-placement\" id=\"gliwi-1788610125\"><div class=\"gliwi-adlabel\"><span style=\"font-size: 9px\">REKLAMA<\/span><\/div><div id=\"gliwi-3536227206\" style=\"margin-bottom: 30px;margin-left: auto;margin-right: auto;text-align: center;\"><a data-no-instant=\"1\" href=\"https:\/\/zlobek.halogen.org.pl\/\" rel=\"noopener\" class=\"a2t-link\" target=\"_blank\" aria-label=\"animator-zlobek_750x200\"><img loading=\"lazy\" decoding=\"async\" src=\"https:\/\/www.24gliwice.pl\/wiadomosci\/wp-content\/uploads\/2026\/02\/animator-zlobek_750x200.webp\" alt=\"\"  srcset=\"https:\/\/www.24gliwice.pl\/wiadomosci\/wp-content\/uploads\/2026\/02\/animator-zlobek_750x200.webp 750w, https:\/\/www.24gliwice.pl\/wiadomosci\/wp-content\/uploads\/2026\/02\/animator-zlobek_750x200-410x109.webp 410w\" sizes=\"(max-width: 750px) 100vw, 750px\" class=\"no-lazyload\" width=\"750\" height=\"200\"  style=\"display: inline-block; max-width: 100%; height: auto;\" \/><\/a><\/div><\/div>\n<p>Mo\u017cna te\u017c kontaktowa\u0107 si\u0119 za po\u015brednictwem anonimowej skrzynki mailowej \u2014 <a href=\"https:\/\/gliwice.policja.gov.pl\/ka9\/form\/dodaj34,Powiadom-nas.html\" rel=\"noopener\" target=\"_blank\">Kliknij TU<\/a>. Policja prosi o powo\u0142anie si\u0119 na sygnatur\u0119 RSD 421\/21.<\/p>\n<p>Osoby informuj\u0105ce maj\u0105 gwarantowan\u0105 anonimowo\u015b\u0107, nie b\u0119d\u0105 ani wzywane, ani dopytywane.<\/p>\n<p><img loading=\"lazy\" decoding=\"async\" src=\"https:\/\/www.24gliwice.pl\/wiadomosci\/wp-content\/uploads\/2021\/05\/zlodziej-roweru3.jpg\" alt=\"\" width=\"810\" height=\"604\" class=\"aligncenter size-full wp-image-170225\" srcset=\"https:\/\/www.24gliwice.pl\/wiadomosci\/wp-content\/uploads\/2021\/05\/zlodziej-roweru3.jpg 810w, https:\/\/www.24gliwice.pl\/wiadomosci\/wp-content\/uploads\/2021\/05\/zlodziej-roweru3-311x232.jpg 311w, https:\/\/www.24gliwice.pl\/wiadomosci\/wp-content\/uploads\/2021\/05\/zlodziej-roweru3-610x455.jpg 610w, https:\/\/www.24gliwice.pl\/wiadomosci\/wp-content\/uploads\/2021\/05\/zlodziej-roweru3-768x573.jpg 768w\" sizes=\"auto, (max-width: 810px) 100vw, 810px\" \/><\/p>\n<p><img loading=\"lazy\" decoding=\"async\" src=\"https:\/\/www.24gliwice.pl\/wiadomosci\/wp-content\/uploads\/2021\/05\/zlodziej-roweru1-001.jpg\" alt=\"\" width=\"805\" height=\"498\" class=\"aligncenter size-full wp-image-170230\" srcset=\"https:\/\/www.24gliwice.pl\/wiadomosci\/wp-content\/uploads\/2021\/05\/zlodziej-roweru1-001.jpg 805w, https:\/\/www.24gliwice.pl\/wiadomosci\/wp-content\/uploads\/2021\/05\/zlodziej-roweru1-001-375x232.jpg 375w, https:\/\/www.24gliwice.pl\/wiadomosci\/wp-content\/uploads\/2021\/05\/zlodziej-roweru1-001-735x455.jpg 735w, https:\/\/www.24gliwice.pl\/wiadomosci\/wp-content\/uploads\/2021\/05\/zlodziej-roweru1-001-768x475.jpg 768w\" sizes=\"auto, (max-width: 805px) 100vw, 805px\" \/><\/p>\n<div class=\"gliwi-a5-na-koncu-artykulow gliwi-entity-placement\" id=\"gliwi-2911188593\"><div class=\"gliwi-adlabel\"><span style=\"font-size: 9px\">REKLAMA<\/span><\/div><div id=\"gliwi-2851496913\" style=\"margin-left: auto;margin-right: auto;text-align: center;\"><a data-no-instant=\"1\" href=\"https:\/\/prezeroarenagliwice.pl\/\" rel=\"noopener\" class=\"a2t-link\" target=\"_blank\" aria-label=\"20260309-PREZERO-WIOSNA-D\"><img loading=\"lazy\" decoding=\"async\" src=\"https:\/\/www.24gliwice.pl\/wiadomosci\/wp-content\/uploads\/2026\/03\/20260309-PREZERO-WIOSNA-D.webp\" alt=\"\"  srcset=\"https:\/\/www.24gliwice.pl\/wiadomosci\/wp-content\/uploads\/2026\/03\/20260309-PREZERO-WIOSNA-D.webp 750w, https:\/\/www.24gliwice.pl\/wiadomosci\/wp-content\/uploads\/2026\/03\/20260309-PREZERO-WIOSNA-D-410x109.webp 410w\" sizes=\"(max-width: 750px) 100vw, 750px\" class=\"no-lazyload\" width=\"750\" height=\"200\"  style=\"display: inline-block; max-width: 100%; height: auto;\" \/><\/a><\/div><\/div>","protected":false},"excerpt":{"rendered":"<p>Widoczny na zdj\u0119ciach nieznany m\u0119\u017cczyzna jest podejrzany o kradzie\u017c roweru marki Kross Hexagon o warto\u015bci 1500 z\u0142. Do przest\u0119pstwa dosz\u0142o kilkana\u015bcie dni temu, 5 maja, na terenie centrum przesiadkowego w Stanicy przy ul. Gliwickiej. Post\u0119powanie w sprawie ustalenia sprawcy prowadzi wydzia\u0142 kryminalny knurowskiego komisariatu. By\u0107 mo\u017ce kto\u015b rozpozna podejrzanego. Kontakt z knurowskim komisariatem, tel.: 47 [&hellip;]<\/p>\n","protected":false},"author":4,"featured_media":170222,"comment_status":"open","ping_status":"closed","sticky":false,"template":"","format":"standard","meta":{"_monsterinsights_skip_tracking":false,"_monsterinsights_sitenote_active":false,"_monsterinsights_sitenote_note":"","_monsterinsights_sitenote_category":0,"footnotes":"","_links_to":"","_links_to_target":""},"categories":[1,5],"tags":[3123],"class_list":["post-170221","post","type-post","status-publish","format-standard","has-post-thumbnail","hentry","category-wszystko","category-kryminalki","tag-kradziez-roweru"],"yoast_head":"<!-- This site is optimized with the Yoast SEO plugin v27.5 - https:\/\/yoast.com\/product\/yoast-seo-wordpress\/ -->\n<title>Kradzie\u017c roweru na terenie centrum przesiadkowego. Podejrzanego wida\u0107 na zdj\u0119ciach, szuka go policja - 24GLIWICE - Portal Gliwice | codziennie nowe informacje<\/title>\n<meta name=\"robots\" content=\"index, follow, max-snippet:-1, max-image-preview:large, max-video-preview:-1\" \/>\n<link rel=\"canonical\" href=\"https:\/\/www.24gliwice.pl\/wiadomosci\/kradziez-roweru-na-terenie-centrum-przesiadkowego-podejrzanego-widac-na-zdjeciach-szuka-go-policja\/\" \/>\n<meta property=\"og:locale\" content=\"pl_PL\" \/>\n<meta property=\"og:type\" content=\"article\" \/>\n<meta property=\"og:title\" content=\"Kradzie\u017c roweru na terenie centrum przesiadkowego. Podejrzanego wida\u0107 na zdj\u0119ciach, szuka go policja - 24GLIWICE - Portal Gliwice | codziennie nowe informacje\" \/>\n<meta property=\"og:description\" content=\"Widoczny na zdj\u0119ciach nieznany m\u0119\u017cczyzna jest podejrzany o kradzie\u017c roweru marki Kross Hexagon o warto\u015bci 1500 z\u0142. Do przest\u0119pstwa dosz\u0142o kilkana\u015bcie dni temu, 5 maja, na terenie centrum przesiadkowego w Stanicy przy ul. Gliwickiej. Post\u0119powanie w sprawie ustalenia sprawcy prowadzi wydzia\u0142 kryminalny knurowskiego komisariatu. By\u0107 mo\u017ce kto\u015b rozpozna podejrzanego. Kontakt z knurowskim komisariatem, tel.: 47 [&hellip;]\" \/>\n<meta property=\"og:url\" content=\"https:\/\/www.24gliwice.pl\/wiadomosci\/kradziez-roweru-na-terenie-centrum-przesiadkowego-podejrzanego-widac-na-zdjeciach-szuka-go-policja\/\" \/>\n<meta property=\"og:site_name\" content=\"24GLIWICE - Portal Gliwice | codziennie nowe informacje\" \/>\n<meta property=\"article:publisher\" content=\"https:\/\/www.facebook.com\/24gliwice\" \/>\n<meta property=\"article:author\" content=\"https:\/\/www.facebook.com\/marcin.fabrykowski\" \/>\n<meta property=\"article:published_time\" content=\"2021-05-17T14:29:02+00:00\" \/>\n<meta property=\"article:modified_time\" content=\"2021-05-17T14:35:05+00:00\" \/>\n<meta property=\"og:image\" content=\"https:\/\/www.24gliwice.pl\/wiadomosci\/wp-content\/uploads\/2021\/05\/zlodziej-roweru.jpg\" \/>\n\t<meta property=\"og:image:width\" content=\"810\" \/>\n\t<meta property=\"og:image:height\" content=\"433\" \/>\n\t<meta property=\"og:image:type\" content=\"image\/jpeg\" \/>\n<meta name=\"author\" content=\"Marcin Fabrykowski\" \/>\n<meta name=\"twitter:card\" content=\"summary_large_image\" \/>\n<meta name=\"twitter:creator\" content=\"@24gliwice\" \/>\n<meta name=\"twitter:site\" content=\"@24gliwice\" \/>\n<meta name=\"twitter:label1\" content=\"Napisane przez\" \/>\n\t<meta name=\"twitter:data1\" content=\"Marcin Fabrykowski\" \/>\n\t<meta name=\"twitter:label2\" content=\"Szacowany czas czytania\" \/>\n\t<meta name=\"twitter:data2\" content=\"1 minuta\" \/>\n<script type=\"application\/ld+json\" class=\"yoast-schema-graph\">{\"@context\":\"https:\\\/\\\/schema.org\",\"@graph\":[{\"@type\":\"Article\",\"@id\":\"https:\\\/\\\/www.24gliwice.pl\\\/wiadomosci\\\/kradziez-roweru-na-terenie-centrum-przesiadkowego-podejrzanego-widac-na-zdjeciach-szuka-go-policja\\\/#article\",\"isPartOf\":{\"@id\":\"https:\\\/\\\/www.24gliwice.pl\\\/wiadomosci\\\/kradziez-roweru-na-terenie-centrum-przesiadkowego-podejrzanego-widac-na-zdjeciach-szuka-go-policja\\\/\"},\"author\":{\"name\":\"Marcin Fabrykowski\",\"@id\":\"https:\\\/\\\/www.24gliwice.pl\\\/wiadomosci\\\/#\\\/schema\\\/person\\\/cb5857e4a4d048c15984c1edcc8ef0c0\"},\"headline\":\"Kradzie\u017c roweru na terenie centrum przesiadkowego. Podejrzanego wida\u0107 na zdj\u0119ciach, szuka go policja\",\"datePublished\":\"2021-05-17T14:29:02+00:00\",\"dateModified\":\"2021-05-17T14:35:05+00:00\",\"mainEntityOfPage\":{\"@id\":\"https:\\\/\\\/www.24gliwice.pl\\\/wiadomosci\\\/kradziez-roweru-na-terenie-centrum-przesiadkowego-podejrzanego-widac-na-zdjeciach-szuka-go-policja\\\/\"},\"wordCount\":119,\"commentCount\":0,\"publisher\":{\"@id\":\"https:\\\/\\\/www.24gliwice.pl\\\/wiadomosci\\\/#organization\"},\"image\":{\"@id\":\"https:\\\/\\\/www.24gliwice.pl\\\/wiadomosci\\\/kradziez-roweru-na-terenie-centrum-przesiadkowego-podejrzanego-widac-na-zdjeciach-szuka-go-policja\\\/#primaryimage\"},\"thumbnailUrl\":\"https:\\\/\\\/www.24gliwice.pl\\\/wiadomosci\\\/wp-content\\\/uploads\\\/2021\\\/05\\\/zlodziej-roweru.jpg\",\"keywords\":[\"KRADZIE\u017b ROWERU\"],\"articleSection\":[\"Najnowsze wiadomo\u015bci\",\"Prawo\"],\"inLanguage\":\"pl-PL\",\"potentialAction\":[{\"@type\":\"CommentAction\",\"name\":\"Comment\",\"target\":[\"https:\\\/\\\/www.24gliwice.pl\\\/wiadomosci\\\/kradziez-roweru-na-terenie-centrum-przesiadkowego-podejrzanego-widac-na-zdjeciach-szuka-go-policja\\\/#respond\"]}]},{\"@type\":\"WebPage\",\"@id\":\"https:\\\/\\\/www.24gliwice.pl\\\/wiadomosci\\\/kradziez-roweru-na-terenie-centrum-przesiadkowego-podejrzanego-widac-na-zdjeciach-szuka-go-policja\\\/\",\"url\":\"https:\\\/\\\/www.24gliwice.pl\\\/wiadomosci\\\/kradziez-roweru-na-terenie-centrum-przesiadkowego-podejrzanego-widac-na-zdjeciach-szuka-go-policja\\\/\",\"name\":\"Kradzie\u017c roweru na terenie centrum przesiadkowego. Podejrzanego wida\u0107 na zdj\u0119ciach, szuka go policja - 24GLIWICE - Portal Gliwice | codziennie nowe informacje\",\"isPartOf\":{\"@id\":\"https:\\\/\\\/www.24gliwice.pl\\\/wiadomosci\\\/#website\"},\"primaryImageOfPage\":{\"@id\":\"https:\\\/\\\/www.24gliwice.pl\\\/wiadomosci\\\/kradziez-roweru-na-terenie-centrum-przesiadkowego-podejrzanego-widac-na-zdjeciach-szuka-go-policja\\\/#primaryimage\"},\"image\":{\"@id\":\"https:\\\/\\\/www.24gliwice.pl\\\/wiadomosci\\\/kradziez-roweru-na-terenie-centrum-przesiadkowego-podejrzanego-widac-na-zdjeciach-szuka-go-policja\\\/#primaryimage\"},\"thumbnailUrl\":\"https:\\\/\\\/www.24gliwice.pl\\\/wiadomosci\\\/wp-content\\\/uploads\\\/2021\\\/05\\\/zlodziej-roweru.jpg\",\"datePublished\":\"2021-05-17T14:29:02+00:00\",\"dateModified\":\"2021-05-17T14:35:05+00:00\",\"breadcrumb\":{\"@id\":\"https:\\\/\\\/www.24gliwice.pl\\\/wiadomosci\\\/kradziez-roweru-na-terenie-centrum-przesiadkowego-podejrzanego-widac-na-zdjeciach-szuka-go-policja\\\/#breadcrumb\"},\"inLanguage\":\"pl-PL\",\"potentialAction\":[{\"@type\":\"ReadAction\",\"target\":[\"https:\\\/\\\/www.24gliwice.pl\\\/wiadomosci\\\/kradziez-roweru-na-terenie-centrum-przesiadkowego-podejrzanego-widac-na-zdjeciach-szuka-go-policja\\\/\"]}]},{\"@type\":\"ImageObject\",\"inLanguage\":\"pl-PL\",\"@id\":\"https:\\\/\\\/www.24gliwice.pl\\\/wiadomosci\\\/kradziez-roweru-na-terenie-centrum-przesiadkowego-podejrzanego-widac-na-zdjeciach-szuka-go-policja\\\/#primaryimage\",\"url\":\"https:\\\/\\\/www.24gliwice.pl\\\/wiadomosci\\\/wp-content\\\/uploads\\\/2021\\\/05\\\/zlodziej-roweru.jpg\",\"contentUrl\":\"https:\\\/\\\/www.24gliwice.pl\\\/wiadomosci\\\/wp-content\\\/uploads\\\/2021\\\/05\\\/zlodziej-roweru.jpg\",\"width\":810,\"height\":433},{\"@type\":\"BreadcrumbList\",\"@id\":\"https:\\\/\\\/www.24gliwice.pl\\\/wiadomosci\\\/kradziez-roweru-na-terenie-centrum-przesiadkowego-podejrzanego-widac-na-zdjeciach-szuka-go-policja\\\/#breadcrumb\",\"itemListElement\":[{\"@type\":\"ListItem\",\"position\":1,\"name\":\"Strona g\u0142\u00f3wna\",\"item\":\"https:\\\/\\\/www.24gliwice.pl\\\/wiadomosci\\\/\"},{\"@type\":\"ListItem\",\"position\":2,\"name\":\"Kradzie\u017c roweru na terenie centrum przesiadkowego. Podejrzanego wida\u0107 na zdj\u0119ciach, szuka go policja\"}]},{\"@type\":\"WebSite\",\"@id\":\"https:\\\/\\\/www.24gliwice.pl\\\/wiadomosci\\\/#website\",\"url\":\"https:\\\/\\\/www.24gliwice.pl\\\/wiadomosci\\\/\",\"name\":\"24GLIWICE - Portal Gliwice | codziennie nowe wiadomo\u015bci\",\"description\":\"Portal Miejski Gliwice\",\"publisher\":{\"@id\":\"https:\\\/\\\/www.24gliwice.pl\\\/wiadomosci\\\/#organization\"},\"potentialAction\":[{\"@type\":\"SearchAction\",\"target\":{\"@type\":\"EntryPoint\",\"urlTemplate\":\"https:\\\/\\\/www.24gliwice.pl\\\/wiadomosci\\\/?s={search_term_string}\"},\"query-input\":{\"@type\":\"PropertyValueSpecification\",\"valueRequired\":true,\"valueName\":\"search_term_string\"}}],\"inLanguage\":\"pl-PL\"},{\"@type\":\"Organization\",\"@id\":\"https:\\\/\\\/www.24gliwice.pl\\\/wiadomosci\\\/#organization\",\"name\":\"24gliwice\",\"url\":\"https:\\\/\\\/www.24gliwice.pl\\\/wiadomosci\\\/\",\"logo\":{\"@type\":\"ImageObject\",\"inLanguage\":\"pl-PL\",\"@id\":\"https:\\\/\\\/www.24gliwice.pl\\\/wiadomosci\\\/#\\\/schema\\\/logo\\\/image\\\/\",\"url\":\"https:\\\/\\\/www.24gliwice.pl\\\/wiadomosci\\\/wp-content\\\/uploads\\\/2024\\\/10\\\/24gliwice-logo-696.jpg\",\"contentUrl\":\"https:\\\/\\\/www.24gliwice.pl\\\/wiadomosci\\\/wp-content\\\/uploads\\\/2024\\\/10\\\/24gliwice-logo-696.jpg\",\"width\":696,\"height\":696,\"caption\":\"24gliwice\"},\"image\":{\"@id\":\"https:\\\/\\\/www.24gliwice.pl\\\/wiadomosci\\\/#\\\/schema\\\/logo\\\/image\\\/\"},\"sameAs\":[\"https:\\\/\\\/www.facebook.com\\\/24gliwice\",\"https:\\\/\\\/x.com\\\/24gliwice\",\"https:\\\/\\\/www.youtube.com\\\/@24gliwice\"]},{\"@type\":\"Person\",\"@id\":\"https:\\\/\\\/www.24gliwice.pl\\\/wiadomosci\\\/#\\\/schema\\\/person\\\/cb5857e4a4d048c15984c1edcc8ef0c0\",\"name\":\"Marcin Fabrykowski\",\"image\":{\"@type\":\"ImageObject\",\"inLanguage\":\"pl-PL\",\"@id\":\"https:\\\/\\\/www.24gliwice.pl\\\/wiadomosci\\\/wp-content\\\/uploads\\\/2025\\\/11\\\/zdjecie-moje-marcin-300-96x96.jpg\",\"url\":\"https:\\\/\\\/www.24gliwice.pl\\\/wiadomosci\\\/wp-content\\\/uploads\\\/2025\\\/11\\\/zdjecie-moje-marcin-300-96x96.jpg\",\"contentUrl\":\"https:\\\/\\\/www.24gliwice.pl\\\/wiadomosci\\\/wp-content\\\/uploads\\\/2025\\\/11\\\/zdjecie-moje-marcin-300-96x96.jpg\",\"caption\":\"Marcin Fabrykowski\"},\"sameAs\":[\"http:\\\/\\\/24gliwice.pl\",\"https:\\\/\\\/www.facebook.com\\\/marcin.fabrykowski\"],\"url\":\"https:\\\/\\\/www.24gliwice.pl\\\/wiadomosci\\\/author\\\/marcin-fabrykowski\\\/\"}]}<\/script>\n<!-- \/ Yoast SEO plugin. -->","yoast_head_json":{"title":"Kradzie\u017c roweru na terenie centrum przesiadkowego. Podejrzanego wida\u0107 na zdj\u0119ciach, szuka go policja - 24GLIWICE - Portal Gliwice | codziennie nowe informacje","robots":{"index":"index","follow":"follow","max-snippet":"max-snippet:-1","max-image-preview":"max-image-preview:large","max-video-preview":"max-video-preview:-1"},"canonical":"https:\/\/www.24gliwice.pl\/wiadomosci\/kradziez-roweru-na-terenie-centrum-przesiadkowego-podejrzanego-widac-na-zdjeciach-szuka-go-policja\/","og_locale":"pl_PL","og_type":"article","og_title":"Kradzie\u017c roweru na terenie centrum przesiadkowego. Podejrzanego wida\u0107 na zdj\u0119ciach, szuka go policja - 24GLIWICE - Portal Gliwice | codziennie nowe informacje","og_description":"Widoczny na zdj\u0119ciach nieznany m\u0119\u017cczyzna jest podejrzany o kradzie\u017c roweru marki Kross Hexagon o warto\u015bci 1500 z\u0142. Do przest\u0119pstwa dosz\u0142o kilkana\u015bcie dni temu, 5 maja, na terenie centrum przesiadkowego w Stanicy przy ul. Gliwickiej. Post\u0119powanie w sprawie ustalenia sprawcy prowadzi wydzia\u0142 kryminalny knurowskiego komisariatu. By\u0107 mo\u017ce kto\u015b rozpozna podejrzanego. Kontakt z knurowskim komisariatem, tel.: 47 [&hellip;]","og_url":"https:\/\/www.24gliwice.pl\/wiadomosci\/kradziez-roweru-na-terenie-centrum-przesiadkowego-podejrzanego-widac-na-zdjeciach-szuka-go-policja\/","og_site_name":"24GLIWICE - Portal Gliwice | codziennie nowe informacje","article_publisher":"https:\/\/www.facebook.com\/24gliwice","article_author":"https:\/\/www.facebook.com\/marcin.fabrykowski","article_published_time":"2021-05-17T14:29:02+00:00","article_modified_time":"2021-05-17T14:35:05+00:00","og_image":[{"width":810,"height":433,"url":"https:\/\/www.24gliwice.pl\/wiadomosci\/wp-content\/uploads\/2021\/05\/zlodziej-roweru.jpg","type":"image\/jpeg"}],"author":"Marcin Fabrykowski","twitter_card":"summary_large_image","twitter_creator":"@24gliwice","twitter_site":"@24gliwice","twitter_misc":{"Napisane przez":"Marcin Fabrykowski","Szacowany czas czytania":"1 minuta"},"schema":{"@context":"https:\/\/schema.org","@graph":[{"@type":"Article","@id":"https:\/\/www.24gliwice.pl\/wiadomosci\/kradziez-roweru-na-terenie-centrum-przesiadkowego-podejrzanego-widac-na-zdjeciach-szuka-go-policja\/#article","isPartOf":{"@id":"https:\/\/www.24gliwice.pl\/wiadomosci\/kradziez-roweru-na-terenie-centrum-przesiadkowego-podejrzanego-widac-na-zdjeciach-szuka-go-policja\/"},"author":{"name":"Marcin Fabrykowski","@id":"https:\/\/www.24gliwice.pl\/wiadomosci\/#\/schema\/person\/cb5857e4a4d048c15984c1edcc8ef0c0"},"headline":"Kradzie\u017c roweru na terenie centrum przesiadkowego. Podejrzanego wida\u0107 na zdj\u0119ciach, szuka go policja","datePublished":"2021-05-17T14:29:02+00:00","dateModified":"2021-05-17T14:35:05+00:00","mainEntityOfPage":{"@id":"https:\/\/www.24gliwice.pl\/wiadomosci\/kradziez-roweru-na-terenie-centrum-przesiadkowego-podejrzanego-widac-na-zdjeciach-szuka-go-policja\/"},"wordCount":119,"commentCount":0,"publisher":{"@id":"https:\/\/www.24gliwice.pl\/wiadomosci\/#organization"},"image":{"@id":"https:\/\/www.24gliwice.pl\/wiadomosci\/kradziez-roweru-na-terenie-centrum-przesiadkowego-podejrzanego-widac-na-zdjeciach-szuka-go-policja\/#primaryimage"},"thumbnailUrl":"https:\/\/www.24gliwice.pl\/wiadomosci\/wp-content\/uploads\/2021\/05\/zlodziej-roweru.jpg","keywords":["KRADZIE\u017b ROWERU"],"articleSection":["Najnowsze wiadomo\u015bci","Prawo"],"inLanguage":"pl-PL","potentialAction":[{"@type":"CommentAction","name":"Comment","target":["https:\/\/www.24gliwice.pl\/wiadomosci\/kradziez-roweru-na-terenie-centrum-przesiadkowego-podejrzanego-widac-na-zdjeciach-szuka-go-policja\/#respond"]}]},{"@type":"WebPage","@id":"https:\/\/www.24gliwice.pl\/wiadomosci\/kradziez-roweru-na-terenie-centrum-przesiadkowego-podejrzanego-widac-na-zdjeciach-szuka-go-policja\/","url":"https:\/\/www.24gliwice.pl\/wiadomosci\/kradziez-roweru-na-terenie-centrum-przesiadkowego-podejrzanego-widac-na-zdjeciach-szuka-go-policja\/","name":"Kradzie\u017c roweru na terenie centrum przesiadkowego. Podejrzanego wida\u0107 na zdj\u0119ciach, szuka go policja - 24GLIWICE - Portal Gliwice | codziennie nowe informacje","isPartOf":{"@id":"https:\/\/www.24gliwice.pl\/wiadomosci\/#website"},"primaryImageOfPage":{"@id":"https:\/\/www.24gliwice.pl\/wiadomosci\/kradziez-roweru-na-terenie-centrum-przesiadkowego-podejrzanego-widac-na-zdjeciach-szuka-go-policja\/#primaryimage"},"image":{"@id":"https:\/\/www.24gliwice.pl\/wiadomosci\/kradziez-roweru-na-terenie-centrum-przesiadkowego-podejrzanego-widac-na-zdjeciach-szuka-go-policja\/#primaryimage"},"thumbnailUrl":"https:\/\/www.24gliwice.pl\/wiadomosci\/wp-content\/uploads\/2021\/05\/zlodziej-roweru.jpg","datePublished":"2021-05-17T14:29:02+00:00","dateModified":"2021-05-17T14:35:05+00:00","breadcrumb":{"@id":"https:\/\/www.24gliwice.pl\/wiadomosci\/kradziez-roweru-na-terenie-centrum-przesiadkowego-podejrzanego-widac-na-zdjeciach-szuka-go-policja\/#breadcrumb"},"inLanguage":"pl-PL","potentialAction":[{"@type":"ReadAction","target":["https:\/\/www.24gliwice.pl\/wiadomosci\/kradziez-roweru-na-terenie-centrum-przesiadkowego-podejrzanego-widac-na-zdjeciach-szuka-go-policja\/"]}]},{"@type":"ImageObject","inLanguage":"pl-PL","@id":"https:\/\/www.24gliwice.pl\/wiadomosci\/kradziez-roweru-na-terenie-centrum-przesiadkowego-podejrzanego-widac-na-zdjeciach-szuka-go-policja\/#primaryimage","url":"https:\/\/www.24gliwice.pl\/wiadomosci\/wp-content\/uploads\/2021\/05\/zlodziej-roweru.jpg","contentUrl":"https:\/\/www.24gliwice.pl\/wiadomosci\/wp-content\/uploads\/2021\/05\/zlodziej-roweru.jpg","width":810,"height":433},{"@type":"BreadcrumbList","@id":"https:\/\/www.24gliwice.pl\/wiadomosci\/kradziez-roweru-na-terenie-centrum-przesiadkowego-podejrzanego-widac-na-zdjeciach-szuka-go-policja\/#breadcrumb","itemListElement":[{"@type":"ListItem","position":1,"name":"Strona g\u0142\u00f3wna","item":"https:\/\/www.24gliwice.pl\/wiadomosci\/"},{"@type":"ListItem","position":2,"name":"Kradzie\u017c roweru na terenie centrum przesiadkowego. Podejrzanego wida\u0107 na zdj\u0119ciach, szuka go policja"}]},{"@type":"WebSite","@id":"https:\/\/www.24gliwice.pl\/wiadomosci\/#website","url":"https:\/\/www.24gliwice.pl\/wiadomosci\/","name":"24GLIWICE - Portal Gliwice | codziennie nowe wiadomo\u015bci","description":"Portal Miejski Gliwice","publisher":{"@id":"https:\/\/www.24gliwice.pl\/wiadomosci\/#organization"},"potentialAction":[{"@type":"SearchAction","target":{"@type":"EntryPoint","urlTemplate":"https:\/\/www.24gliwice.pl\/wiadomosci\/?s={search_term_string}"},"query-input":{"@type":"PropertyValueSpecification","valueRequired":true,"valueName":"search_term_string"}}],"inLanguage":"pl-PL"},{"@type":"Organization","@id":"https:\/\/www.24gliwice.pl\/wiadomosci\/#organization","name":"24gliwice","url":"https:\/\/www.24gliwice.pl\/wiadomosci\/","logo":{"@type":"ImageObject","inLanguage":"pl-PL","@id":"https:\/\/www.24gliwice.pl\/wiadomosci\/#\/schema\/logo\/image\/","url":"https:\/\/www.24gliwice.pl\/wiadomosci\/wp-content\/uploads\/2024\/10\/24gliwice-logo-696.jpg","contentUrl":"https:\/\/www.24gliwice.pl\/wiadomosci\/wp-content\/uploads\/2024\/10\/24gliwice-logo-696.jpg","width":696,"height":696,"caption":"24gliwice"},"image":{"@id":"https:\/\/www.24gliwice.pl\/wiadomosci\/#\/schema\/logo\/image\/"},"sameAs":["https:\/\/www.facebook.com\/24gliwice","https:\/\/x.com\/24gliwice","https:\/\/www.youtube.com\/@24gliwice"]},{"@type":"Person","@id":"https:\/\/www.24gliwice.pl\/wiadomosci\/#\/schema\/person\/cb5857e4a4d048c15984c1edcc8ef0c0","name":"Marcin Fabrykowski","image":{"@type":"ImageObject","inLanguage":"pl-PL","@id":"https:\/\/www.24gliwice.pl\/wiadomosci\/wp-content\/uploads\/2025\/11\/zdjecie-moje-marcin-300-96x96.jpg","url":"https:\/\/www.24gliwice.pl\/wiadomosci\/wp-content\/uploads\/2025\/11\/zdjecie-moje-marcin-300-96x96.jpg","contentUrl":"https:\/\/www.24gliwice.pl\/wiadomosci\/wp-content\/uploads\/2025\/11\/zdjecie-moje-marcin-300-96x96.jpg","caption":"Marcin Fabrykowski"},"sameAs":["http:\/\/24gliwice.pl","https:\/\/www.facebook.com\/marcin.fabrykowski"],"url":"https:\/\/www.24gliwice.pl\/wiadomosci\/author\/marcin-fabrykowski\/"}]}},"_links":{"self":[{"href":"https:\/\/www.24gliwice.pl\/wiadomosci\/wp-json\/wp\/v2\/posts\/170221","targetHints":{"allow":["GET"]}}],"collection":[{"href":"https:\/\/www.24gliwice.pl\/wiadomosci\/wp-json\/wp\/v2\/posts"}],"about":[{"href":"https:\/\/www.24gliwice.pl\/wiadomosci\/wp-json\/wp\/v2\/types\/post"}],"author":[{"embeddable":true,"href":"https:\/\/www.24gliwice.pl\/wiadomosci\/wp-json\/wp\/v2\/users\/4"}],"replies":[{"embeddable":true,"href":"https:\/\/www.24gliwice.pl\/wiadomosci\/wp-json\/wp\/v2\/comments?post=170221"}],"version-history":[{"count":0,"href":"https:\/\/www.24gliwice.pl\/wiadomosci\/wp-json\/wp\/v2\/posts\/170221\/revisions"}],"wp:featuredmedia":[{"embeddable":true,"href":"https:\/\/www.24gliwice.pl\/wiadomosci\/wp-json\/wp\/v2\/media\/170222"}],"wp:attachment":[{"href":"https:\/\/www.24gliwice.pl\/wiadomosci\/wp-json\/wp\/v2\/media?parent=170221"}],"wp:term":[{"taxonomy":"category","embeddable":true,"href":"https:\/\/www.24gliwice.pl\/wiadomosci\/wp-json\/wp\/v2\/categories?post=170221"},{"taxonomy":"post_tag","embeddable":true,"href":"https:\/\/www.24gliwice.pl\/wiadomosci\/wp-json\/wp\/v2\/tags?post=170221"}],"curies":[{"name":"wp","href":"https:\/\/api.w.org\/{rel}","templated":true}]}}