{"id":170613,"date":"2021-05-23T02:17:12","date_gmt":"2021-05-23T00:17:12","guid":{"rendered":"https:\/\/www.24gliwice.pl\/wiadomosci\/?p=170613"},"modified":"2021-05-23T02:17:12","modified_gmt":"2021-05-23T00:17:12","slug":"srednio-30-ton-miesiecznie-tyle-smieci-trzeba-zbierac-z-przydroznych-pasow-zieleni-w-miescie","status":"publish","type":"post","link":"https:\/\/www.24gliwice.pl\/wiadomosci\/srednio-30-ton-miesiecznie-tyle-smieci-trzeba-zbierac-z-przydroznych-pasow-zieleni-w-miescie\/","title":{"rendered":"\u015arednio 30 ton miesi\u0119cznie! Tyle \u015bmieci trzeba zbiera\u0107 z przydro\u017cnych pas\u00f3w zieleni w mie\u015bcie"},"content":{"rendered":"<div class=\"gliwi-a6-nad-leadem-artykulow gliwi-entity-placement\" id=\"gliwi-104849449\"><div class=\"gliwi-adlabel\"><span style=\"font-size: 9px\">REKLAMA<\/span><\/div><div id=\"gliwi-2380596059\" style=\"margin-bottom: 25px;margin-left: auto;margin-right: auto;text-align: center;\"><a data-no-instant=\"1\" href=\"https:\/\/dom100.eu\/\" rel=\"noopener\" class=\"a2t-link\" target=\"_blank\" aria-label=\"20260415 DOM100 D\"><img loading=\"lazy\" decoding=\"async\" src=\"https:\/\/www.24gliwice.pl\/wiadomosci\/wp-content\/uploads\/2026\/04\/20260415-DOM100-D.jpg\" alt=\"\"  srcset=\"https:\/\/www.24gliwice.pl\/wiadomosci\/wp-content\/uploads\/2026\/04\/20260415-DOM100-D.jpg 750w, https:\/\/www.24gliwice.pl\/wiadomosci\/wp-content\/uploads\/2026\/04\/20260415-DOM100-D-410x109.jpg 410w\" sizes=\"(max-width: 750px) 100vw, 750px\" class=\"no-lazyload\" width=\"750\" height=\"200\"  style=\"display: inline-block; max-width: 100%; height: auto;\" \/><\/a><\/div><\/div><h2>W Gliwicach trwa porz\u0105dkowanie ulic i ich przyleg\u0142o\u015bci. Jest co sprz\u0105ta\u0107 &#8211; pracownicy s\u0142u\u017cb porz\u0105dkowych usuwaj\u0105 przeci\u0119tnie oko\u0142o 30 ton \u015bmieci w miesi\u0105cu.<\/h2>\n<p>&nbsp;<br \/>\nCo mo\u017cna znale\u017a\u0107 znale\u017a\u0107 w pasach ulicznych? Meble, zu\u017cyte opony, sprz\u0119ty elektroniczne czy \u015bmieci z gospodarstw domowych&#8230; W centrum miasta, w rejonie Rynku najcz\u0119stszymi odpadami s\u0105 pety z papieros\u00f3w, a tak\u017ce opakowania np. po lodach, z kolei na zjazdach z DK 88 i DT\u015a najcz\u0119\u015bciej znajdowane s\u0105 pojemniki po jedzeniu i napojach. <\/p>\n<p><a href=\"https:\/\/www.24gliwice.pl\/wiadomosci\/wp-content\/uploads\/2021\/05\/sprzatanie-ulic-zdm3.jpg\"><img loading=\"lazy\" decoding=\"async\" src=\"https:\/\/www.24gliwice.pl\/wiadomosci\/wp-content\/uploads\/2021\/05\/sprzatanie-ulic-zdm3.jpg\" alt=\"\" width=\"810\" height=\"454\" class=\"alignnone size-full wp-image-170616\" srcset=\"https:\/\/www.24gliwice.pl\/wiadomosci\/wp-content\/uploads\/2021\/05\/sprzatanie-ulic-zdm3.jpg 810w, https:\/\/www.24gliwice.pl\/wiadomosci\/wp-content\/uploads\/2021\/05\/sprzatanie-ulic-zdm3-410x230.jpg 410w, https:\/\/www.24gliwice.pl\/wiadomosci\/wp-content\/uploads\/2021\/05\/sprzatanie-ulic-zdm3-768x430.jpg 768w\" sizes=\"auto, (max-width: 810px) 100vw, 810px\" \/><\/a><\/p>\n<p>&#8211; <em>Sprz\u0105tanie miasta, wesz\u0142o w kolejny etap, w kt\u00f3rym porz\u0105dkowaniem opr\u00f3cz jezdni obj\u0119to tak\u017ce chodniki, drogi rowerowe i pasy zieleni. Zarz\u0105d Dr\u00f3g Miejskich dba o utrzymanie czysto\u015bci na ponad 3 mln m2 jezdni, 800 tys. m2 chodnik\u00f3w, ok. 34 tys. m2 gliwickiej Star\u00f3wki i 64 ha przydro\u017cnych pas\u00f3w zieleni<\/em> &#8211; informuje <strong>Jadwiga Stiborska<\/strong>, rzeczniczka Zarz\u0105du Dr\u00f3g Miejskich. <\/p><div class=\"gliwi-a3-w-tresci-artykulow gliwi-entity-placement\" id=\"gliwi-3109938232\"><div class=\"gliwi-adlabel\"><span style=\"font-size: 9px\">REKLAMA<\/span><\/div><div id=\"gliwi-1004527638\" style=\"margin-bottom: 30px;margin-left: auto;margin-right: auto;text-align: center;\"><a data-no-instant=\"1\" href=\"https:\/\/ogrodyandersa.pl\/\" rel=\"noopener\" class=\"a2t-link\" target=\"_blank\" aria-label=\"20260415 Ogrody Andersa KUP TERAZ D\"><img loading=\"lazy\" decoding=\"async\" src=\"https:\/\/www.24gliwice.pl\/wiadomosci\/wp-content\/uploads\/2026\/04\/20260415-Ogrody-Andersa-KUP-TERAZ-D.jpg\" alt=\"\"  srcset=\"https:\/\/www.24gliwice.pl\/wiadomosci\/wp-content\/uploads\/2026\/04\/20260415-Ogrody-Andersa-KUP-TERAZ-D.jpg 750w, https:\/\/www.24gliwice.pl\/wiadomosci\/wp-content\/uploads\/2026\/04\/20260415-Ogrody-Andersa-KUP-TERAZ-D-410x109.jpg 410w\" sizes=\"(max-width: 750px) 100vw, 750px\" class=\"no-lazyload\" width=\"750\" height=\"200\"  style=\"display: inline-block; max-width: 100%; height: auto;\" \/><\/a><\/div><\/div>\n<p><a href=\"https:\/\/www.24gliwice.pl\/wiadomosci\/wp-content\/uploads\/2021\/05\/sprzatanie-ulic-zdm2.jpg\"><img loading=\"lazy\" decoding=\"async\" src=\"https:\/\/www.24gliwice.pl\/wiadomosci\/wp-content\/uploads\/2021\/05\/sprzatanie-ulic-zdm2.jpg\" alt=\"\" width=\"810\" height=\"454\" class=\"alignnone size-full wp-image-170615\" srcset=\"https:\/\/www.24gliwice.pl\/wiadomosci\/wp-content\/uploads\/2021\/05\/sprzatanie-ulic-zdm2.jpg 810w, https:\/\/www.24gliwice.pl\/wiadomosci\/wp-content\/uploads\/2021\/05\/sprzatanie-ulic-zdm2-410x230.jpg 410w, https:\/\/www.24gliwice.pl\/wiadomosci\/wp-content\/uploads\/2021\/05\/sprzatanie-ulic-zdm2-768x430.jpg 768w\" sizes=\"auto, (max-width: 810px) 100vw, 810px\" \/><\/a><\/p>\n<h4>Wcze\u015bniej pisali\u015bmy o podobnej akcji sprz\u0105tania dr\u00f3g powiatowych. Tam zbierane jest przeci\u0119tnie oko\u0142o 3-4 ton odpad\u00f3w. <\/h4>\n<p><a href=\"https:\/\/www.24gliwice.pl\/wiadomosci\/wp-content\/uploads\/2021\/05\/sprzatanie-ulic-zdm5.jpg\"><img loading=\"lazy\" decoding=\"async\" src=\"https:\/\/www.24gliwice.pl\/wiadomosci\/wp-content\/uploads\/2021\/05\/sprzatanie-ulic-zdm5.jpg\" alt=\"\" width=\"810\" height=\"454\" class=\"alignnone size-full wp-image-170618\" srcset=\"https:\/\/www.24gliwice.pl\/wiadomosci\/wp-content\/uploads\/2021\/05\/sprzatanie-ulic-zdm5.jpg 810w, https:\/\/www.24gliwice.pl\/wiadomosci\/wp-content\/uploads\/2021\/05\/sprzatanie-ulic-zdm5-410x230.jpg 410w, https:\/\/www.24gliwice.pl\/wiadomosci\/wp-content\/uploads\/2021\/05\/sprzatanie-ulic-zdm5-768x430.jpg 768w\" sizes=\"auto, (max-width: 810px) 100vw, 810px\" \/><\/a><\/p>\n<ul>\nGdy zmienia\u0142 si\u0119 system op\u0142at za odbieranie \u015bmieci od mieszka\u0144c\u00f3w, wydawa\u0142o si\u0119, \u017ce problem przystanie istnie\u0107. W\u0142a\u015bciciele domk\u00f3w jednorodzinnych nie p\u0142ac\u0105 ju\u017c przecie\u017c za liczb\u0119 wystawianych kub\u0142\u00f3w z odpadami, a reguluj\u0105 comiesi\u0119czn\u0105 op\u0142at\u0119, w kt\u00f3rej mie\u015bci si\u0119 dowolna ilo\u015b\u0107 \u015bmieci. Odbierane s\u0105 tak\u017ce w \u015bci\u015ble okre\u015blonych terminach tzw. wielkie gabaryty, nie jest wi\u0119c problemem pozbycie si\u0119 np. starych mebli czy innego sprz\u0119tu. Jednak amator\u00f3w takiego dzikiego sposobu na pozbywanie si\u0119 \u015bmieci wci\u0105\u017c nie brakuje. S\u0105 udr\u0119k\u0105 nie tylko dla drogowc\u00f3w, ale i dla \u015brodowiska naturalnego.<\/ul>\n<p>(\u017cms)\/ZDM Gliwice, Starostwo Powiatowe<br \/>\nfot. ZDM w Gliwicach<\/p>\n<p><a href=\"https:\/\/www.24gliwice.pl\/wiadomosci\/wp-content\/uploads\/2021\/05\/sprzatanie-ulic-zdm.jpg\"><img loading=\"lazy\" decoding=\"async\" src=\"https:\/\/www.24gliwice.pl\/wiadomosci\/wp-content\/uploads\/2021\/05\/sprzatanie-ulic-zdm.jpg\" alt=\"\" width=\"810\" height=\"454\" class=\"alignnone size-full wp-image-170614\" srcset=\"https:\/\/www.24gliwice.pl\/wiadomosci\/wp-content\/uploads\/2021\/05\/sprzatanie-ulic-zdm.jpg 810w, https:\/\/www.24gliwice.pl\/wiadomosci\/wp-content\/uploads\/2021\/05\/sprzatanie-ulic-zdm-410x230.jpg 410w, https:\/\/www.24gliwice.pl\/wiadomosci\/wp-content\/uploads\/2021\/05\/sprzatanie-ulic-zdm-768x430.jpg 768w\" sizes=\"auto, (max-width: 810px) 100vw, 810px\" \/><\/a><\/p>\n<p><a href=\"https:\/\/www.24gliwice.pl\/wiadomosci\/wp-content\/uploads\/2021\/05\/sprzatanie-ulic-zdm6.jpg\"><img loading=\"lazy\" decoding=\"async\" src=\"https:\/\/www.24gliwice.pl\/wiadomosci\/wp-content\/uploads\/2021\/05\/sprzatanie-ulic-zdm6.jpg\" alt=\"\" width=\"810\" height=\"456\" class=\"alignnone size-full wp-image-170619\" srcset=\"https:\/\/www.24gliwice.pl\/wiadomosci\/wp-content\/uploads\/2021\/05\/sprzatanie-ulic-zdm6.jpg 810w, https:\/\/www.24gliwice.pl\/wiadomosci\/wp-content\/uploads\/2021\/05\/sprzatanie-ulic-zdm6-410x232.jpg 410w, https:\/\/www.24gliwice.pl\/wiadomosci\/wp-content\/uploads\/2021\/05\/sprzatanie-ulic-zdm6-808x455.jpg 808w, https:\/\/www.24gliwice.pl\/wiadomosci\/wp-content\/uploads\/2021\/05\/sprzatanie-ulic-zdm6-768x432.jpg 768w\" sizes=\"auto, (max-width: 810px) 100vw, 810px\" \/><\/a><\/p>\n<div class=\"gliwi-a5-na-koncu-artykulow gliwi-entity-placement\" id=\"gliwi-245642316\"><div class=\"gliwi-adlabel\"><span style=\"font-size: 9px\">REKLAMA<\/span><\/div><div id=\"gliwi-2238112818\" style=\"margin-left: auto;margin-right: auto;text-align: center;\"><a data-no-instant=\"1\" href=\"https:\/\/prezeroarenagliwice.pl\/\" rel=\"noopener\" class=\"a2t-link\" target=\"_blank\" aria-label=\"20260309-PREZERO-WIOSNA-D\"><img loading=\"lazy\" decoding=\"async\" src=\"https:\/\/www.24gliwice.pl\/wiadomosci\/wp-content\/uploads\/2026\/03\/20260309-PREZERO-WIOSNA-D.webp\" alt=\"\"  srcset=\"https:\/\/www.24gliwice.pl\/wiadomosci\/wp-content\/uploads\/2026\/03\/20260309-PREZERO-WIOSNA-D.webp 750w, https:\/\/www.24gliwice.pl\/wiadomosci\/wp-content\/uploads\/2026\/03\/20260309-PREZERO-WIOSNA-D-410x109.webp 410w\" sizes=\"(max-width: 750px) 100vw, 750px\" class=\"no-lazyload\" width=\"750\" height=\"200\"  style=\"display: inline-block; max-width: 100%; height: auto;\" \/><\/a><\/div><\/div>","protected":false},"excerpt":{"rendered":"<p>W Gliwicach trwa porz\u0105dkowanie ulic i ich przyleg\u0142o\u015bci. Jest co sprz\u0105ta\u0107 &#8211; pracownicy s\u0142u\u017cb porz\u0105dkowych usuwaj\u0105 przeci\u0119tnie oko\u0142o 30 ton \u015bmieci w miesi\u0105cu. &nbsp; Co mo\u017cna znale\u017a\u0107 znale\u017a\u0107 w pasach ulicznych? Meble, zu\u017cyte opony, sprz\u0119ty elektroniczne czy \u015bmieci z gospodarstw domowych&#8230; W centrum miasta, w rejonie Rynku najcz\u0119stszymi odpadami s\u0105 pety z papieros\u00f3w, a tak\u017ce [&hellip;]<\/p>\n","protected":false},"author":15,"featured_media":170617,"comment_status":"open","ping_status":"closed","sticky":false,"template":"","format":"standard","meta":{"_monsterinsights_skip_tracking":false,"_monsterinsights_sitenote_active":false,"_monsterinsights_sitenote_note":"","_monsterinsights_sitenote_category":0,"footnotes":"","_links_to":"","_links_to_target":""},"categories":[3,1,9],"tags":[8942],"class_list":["post-170613","post","type-post","status-publish","format-standard","has-post-thumbnail","hentry","category-gliwice","category-wszystko","category-aktualnosci_lokalne","tag-odpady"],"yoast_head":"<!-- This site is optimized with the Yoast SEO plugin v27.5 - https:\/\/yoast.com\/product\/yoast-seo-wordpress\/ -->\n<title>\u015arednio 30 ton miesi\u0119cznie! Tyle \u015bmieci trzeba zbiera\u0107 z przydro\u017cnych pas\u00f3w zieleni w mie\u015bcie - 24GLIWICE - Portal Gliwice | codziennie nowe informacje<\/title>\n<meta name=\"robots\" content=\"index, follow, max-snippet:-1, max-image-preview:large, max-video-preview:-1\" \/>\n<link rel=\"canonical\" href=\"https:\/\/www.24gliwice.pl\/wiadomosci\/srednio-30-ton-miesiecznie-tyle-smieci-trzeba-zbierac-z-przydroznych-pasow-zieleni-w-miescie\/\" \/>\n<meta property=\"og:locale\" content=\"pl_PL\" \/>\n<meta property=\"og:type\" content=\"article\" \/>\n<meta property=\"og:title\" content=\"\u015arednio 30 ton miesi\u0119cznie! Tyle \u015bmieci trzeba zbiera\u0107 z przydro\u017cnych pas\u00f3w zieleni w mie\u015bcie - 24GLIWICE - Portal Gliwice | codziennie nowe informacje\" \/>\n<meta property=\"og:description\" content=\"W Gliwicach trwa porz\u0105dkowanie ulic i ich przyleg\u0142o\u015bci. Jest co sprz\u0105ta\u0107 &#8211; pracownicy s\u0142u\u017cb porz\u0105dkowych usuwaj\u0105 przeci\u0119tnie oko\u0142o 30 ton \u015bmieci w miesi\u0105cu. &nbsp; Co mo\u017cna znale\u017a\u0107 znale\u017a\u0107 w pasach ulicznych? Meble, zu\u017cyte opony, sprz\u0119ty elektroniczne czy \u015bmieci z gospodarstw domowych&#8230; W centrum miasta, w rejonie Rynku najcz\u0119stszymi odpadami s\u0105 pety z papieros\u00f3w, a tak\u017ce [&hellip;]\" \/>\n<meta property=\"og:url\" content=\"https:\/\/www.24gliwice.pl\/wiadomosci\/srednio-30-ton-miesiecznie-tyle-smieci-trzeba-zbierac-z-przydroznych-pasow-zieleni-w-miescie\/\" \/>\n<meta property=\"og:site_name\" content=\"24GLIWICE - Portal Gliwice | codziennie nowe informacje\" \/>\n<meta property=\"article:publisher\" content=\"https:\/\/www.facebook.com\/24gliwice\" \/>\n<meta property=\"article:published_time\" content=\"2021-05-23T00:17:12+00:00\" \/>\n<meta property=\"og:image\" content=\"https:\/\/www.24gliwice.pl\/wiadomosci\/wp-content\/uploads\/2021\/05\/sprzatanie-ulic-zdm4.jpg\" \/>\n\t<meta property=\"og:image:width\" content=\"810\" \/>\n\t<meta property=\"og:image:height\" content=\"454\" \/>\n\t<meta property=\"og:image:type\" content=\"image\/jpeg\" \/>\n<meta name=\"author\" content=\"\u017baneta Mrozek-Siewierska\" \/>\n<meta name=\"twitter:card\" content=\"summary_large_image\" \/>\n<meta name=\"twitter:creator\" content=\"@24gliwice\" \/>\n<meta name=\"twitter:site\" content=\"@24gliwice\" \/>\n<meta name=\"twitter:label1\" content=\"Napisane przez\" \/>\n\t<meta name=\"twitter:data1\" content=\"\u017baneta Mrozek-Siewierska\" \/>\n\t<meta name=\"twitter:label2\" content=\"Szacowany czas czytania\" \/>\n\t<meta name=\"twitter:data2\" content=\"1 minuta\" \/>\n<script type=\"application\/ld+json\" class=\"yoast-schema-graph\">{\"@context\":\"https:\\\/\\\/schema.org\",\"@graph\":[{\"@type\":\"Article\",\"@id\":\"https:\\\/\\\/www.24gliwice.pl\\\/wiadomosci\\\/srednio-30-ton-miesiecznie-tyle-smieci-trzeba-zbierac-z-przydroznych-pasow-zieleni-w-miescie\\\/#article\",\"isPartOf\":{\"@id\":\"https:\\\/\\\/www.24gliwice.pl\\\/wiadomosci\\\/srednio-30-ton-miesiecznie-tyle-smieci-trzeba-zbierac-z-przydroznych-pasow-zieleni-w-miescie\\\/\"},\"author\":{\"name\":\"\u017baneta Mrozek-Siewierska\",\"@id\":\"https:\\\/\\\/www.24gliwice.pl\\\/wiadomosci\\\/#\\\/schema\\\/person\\\/e42c650edd7f2fa332be3811fb166b6e\"},\"headline\":\"\u015arednio 30 ton miesi\u0119cznie! Tyle \u015bmieci trzeba zbiera\u0107 z przydro\u017cnych pas\u00f3w zieleni w mie\u015bcie\",\"datePublished\":\"2021-05-23T00:17:12+00:00\",\"mainEntityOfPage\":{\"@id\":\"https:\\\/\\\/www.24gliwice.pl\\\/wiadomosci\\\/srednio-30-ton-miesiecznie-tyle-smieci-trzeba-zbierac-z-przydroznych-pasow-zieleni-w-miescie\\\/\"},\"wordCount\":315,\"commentCount\":0,\"publisher\":{\"@id\":\"https:\\\/\\\/www.24gliwice.pl\\\/wiadomosci\\\/#organization\"},\"image\":{\"@id\":\"https:\\\/\\\/www.24gliwice.pl\\\/wiadomosci\\\/srednio-30-ton-miesiecznie-tyle-smieci-trzeba-zbierac-z-przydroznych-pasow-zieleni-w-miescie\\\/#primaryimage\"},\"thumbnailUrl\":\"https:\\\/\\\/www.24gliwice.pl\\\/wiadomosci\\\/wp-content\\\/uploads\\\/2021\\\/05\\\/sprzatanie-ulic-zdm4.jpg\",\"keywords\":[\"ODPADY\"],\"articleSection\":[\"Gliwice\",\"Najnowsze wiadomo\u015bci\",\"Portal Gliwice - Wiadomo\u015bci lokalne\"],\"inLanguage\":\"pl-PL\",\"potentialAction\":[{\"@type\":\"CommentAction\",\"name\":\"Comment\",\"target\":[\"https:\\\/\\\/www.24gliwice.pl\\\/wiadomosci\\\/srednio-30-ton-miesiecznie-tyle-smieci-trzeba-zbierac-z-przydroznych-pasow-zieleni-w-miescie\\\/#respond\"]}]},{\"@type\":\"WebPage\",\"@id\":\"https:\\\/\\\/www.24gliwice.pl\\\/wiadomosci\\\/srednio-30-ton-miesiecznie-tyle-smieci-trzeba-zbierac-z-przydroznych-pasow-zieleni-w-miescie\\\/\",\"url\":\"https:\\\/\\\/www.24gliwice.pl\\\/wiadomosci\\\/srednio-30-ton-miesiecznie-tyle-smieci-trzeba-zbierac-z-przydroznych-pasow-zieleni-w-miescie\\\/\",\"name\":\"\u015arednio 30 ton miesi\u0119cznie! Tyle \u015bmieci trzeba zbiera\u0107 z przydro\u017cnych pas\u00f3w zieleni w mie\u015bcie - 24GLIWICE - Portal Gliwice | codziennie nowe informacje\",\"isPartOf\":{\"@id\":\"https:\\\/\\\/www.24gliwice.pl\\\/wiadomosci\\\/#website\"},\"primaryImageOfPage\":{\"@id\":\"https:\\\/\\\/www.24gliwice.pl\\\/wiadomosci\\\/srednio-30-ton-miesiecznie-tyle-smieci-trzeba-zbierac-z-przydroznych-pasow-zieleni-w-miescie\\\/#primaryimage\"},\"image\":{\"@id\":\"https:\\\/\\\/www.24gliwice.pl\\\/wiadomosci\\\/srednio-30-ton-miesiecznie-tyle-smieci-trzeba-zbierac-z-przydroznych-pasow-zieleni-w-miescie\\\/#primaryimage\"},\"thumbnailUrl\":\"https:\\\/\\\/www.24gliwice.pl\\\/wiadomosci\\\/wp-content\\\/uploads\\\/2021\\\/05\\\/sprzatanie-ulic-zdm4.jpg\",\"datePublished\":\"2021-05-23T00:17:12+00:00\",\"breadcrumb\":{\"@id\":\"https:\\\/\\\/www.24gliwice.pl\\\/wiadomosci\\\/srednio-30-ton-miesiecznie-tyle-smieci-trzeba-zbierac-z-przydroznych-pasow-zieleni-w-miescie\\\/#breadcrumb\"},\"inLanguage\":\"pl-PL\",\"potentialAction\":[{\"@type\":\"ReadAction\",\"target\":[\"https:\\\/\\\/www.24gliwice.pl\\\/wiadomosci\\\/srednio-30-ton-miesiecznie-tyle-smieci-trzeba-zbierac-z-przydroznych-pasow-zieleni-w-miescie\\\/\"]}]},{\"@type\":\"ImageObject\",\"inLanguage\":\"pl-PL\",\"@id\":\"https:\\\/\\\/www.24gliwice.pl\\\/wiadomosci\\\/srednio-30-ton-miesiecznie-tyle-smieci-trzeba-zbierac-z-przydroznych-pasow-zieleni-w-miescie\\\/#primaryimage\",\"url\":\"https:\\\/\\\/www.24gliwice.pl\\\/wiadomosci\\\/wp-content\\\/uploads\\\/2021\\\/05\\\/sprzatanie-ulic-zdm4.jpg\",\"contentUrl\":\"https:\\\/\\\/www.24gliwice.pl\\\/wiadomosci\\\/wp-content\\\/uploads\\\/2021\\\/05\\\/sprzatanie-ulic-zdm4.jpg\",\"width\":810,\"height\":454},{\"@type\":\"BreadcrumbList\",\"@id\":\"https:\\\/\\\/www.24gliwice.pl\\\/wiadomosci\\\/srednio-30-ton-miesiecznie-tyle-smieci-trzeba-zbierac-z-przydroznych-pasow-zieleni-w-miescie\\\/#breadcrumb\",\"itemListElement\":[{\"@type\":\"ListItem\",\"position\":1,\"name\":\"Strona g\u0142\u00f3wna\",\"item\":\"https:\\\/\\\/www.24gliwice.pl\\\/wiadomosci\\\/\"},{\"@type\":\"ListItem\",\"position\":2,\"name\":\"\u015arednio 30 ton miesi\u0119cznie! Tyle \u015bmieci trzeba zbiera\u0107 z przydro\u017cnych pas\u00f3w zieleni w mie\u015bcie\"}]},{\"@type\":\"WebSite\",\"@id\":\"https:\\\/\\\/www.24gliwice.pl\\\/wiadomosci\\\/#website\",\"url\":\"https:\\\/\\\/www.24gliwice.pl\\\/wiadomosci\\\/\",\"name\":\"24GLIWICE - Portal Gliwice | codziennie nowe wiadomo\u015bci\",\"description\":\"Portal Miejski Gliwice\",\"publisher\":{\"@id\":\"https:\\\/\\\/www.24gliwice.pl\\\/wiadomosci\\\/#organization\"},\"potentialAction\":[{\"@type\":\"SearchAction\",\"target\":{\"@type\":\"EntryPoint\",\"urlTemplate\":\"https:\\\/\\\/www.24gliwice.pl\\\/wiadomosci\\\/?s={search_term_string}\"},\"query-input\":{\"@type\":\"PropertyValueSpecification\",\"valueRequired\":true,\"valueName\":\"search_term_string\"}}],\"inLanguage\":\"pl-PL\"},{\"@type\":\"Organization\",\"@id\":\"https:\\\/\\\/www.24gliwice.pl\\\/wiadomosci\\\/#organization\",\"name\":\"24gliwice\",\"url\":\"https:\\\/\\\/www.24gliwice.pl\\\/wiadomosci\\\/\",\"logo\":{\"@type\":\"ImageObject\",\"inLanguage\":\"pl-PL\",\"@id\":\"https:\\\/\\\/www.24gliwice.pl\\\/wiadomosci\\\/#\\\/schema\\\/logo\\\/image\\\/\",\"url\":\"https:\\\/\\\/www.24gliwice.pl\\\/wiadomosci\\\/wp-content\\\/uploads\\\/2024\\\/10\\\/24gliwice-logo-696.jpg\",\"contentUrl\":\"https:\\\/\\\/www.24gliwice.pl\\\/wiadomosci\\\/wp-content\\\/uploads\\\/2024\\\/10\\\/24gliwice-logo-696.jpg\",\"width\":696,\"height\":696,\"caption\":\"24gliwice\"},\"image\":{\"@id\":\"https:\\\/\\\/www.24gliwice.pl\\\/wiadomosci\\\/#\\\/schema\\\/logo\\\/image\\\/\"},\"sameAs\":[\"https:\\\/\\\/www.facebook.com\\\/24gliwice\",\"https:\\\/\\\/x.com\\\/24gliwice\",\"https:\\\/\\\/www.youtube.com\\\/@24gliwice\"]},{\"@type\":\"Person\",\"@id\":\"https:\\\/\\\/www.24gliwice.pl\\\/wiadomosci\\\/#\\\/schema\\\/person\\\/e42c650edd7f2fa332be3811fb166b6e\",\"name\":\"\u017baneta Mrozek-Siewierska\",\"image\":{\"@type\":\"ImageObject\",\"inLanguage\":\"pl-PL\",\"@id\":\"https:\\\/\\\/secure.gravatar.com\\\/avatar\\\/1881429e9c64597c77ad7aef2d0a19be69a3253e57534d16aa15bf3a4d34a0a3?s=96&d=mm&r=g\",\"url\":\"https:\\\/\\\/secure.gravatar.com\\\/avatar\\\/1881429e9c64597c77ad7aef2d0a19be69a3253e57534d16aa15bf3a4d34a0a3?s=96&d=mm&r=g\",\"contentUrl\":\"https:\\\/\\\/secure.gravatar.com\\\/avatar\\\/1881429e9c64597c77ad7aef2d0a19be69a3253e57534d16aa15bf3a4d34a0a3?s=96&d=mm&r=g\",\"caption\":\"\u017baneta Mrozek-Siewierska\"},\"url\":\"https:\\\/\\\/www.24gliwice.pl\\\/wiadomosci\\\/author\\\/zms\\\/\"}]}<\/script>\n<!-- \/ Yoast SEO plugin. -->","yoast_head_json":{"title":"\u015arednio 30 ton miesi\u0119cznie! Tyle \u015bmieci trzeba zbiera\u0107 z przydro\u017cnych pas\u00f3w zieleni w mie\u015bcie - 24GLIWICE - Portal Gliwice | codziennie nowe informacje","robots":{"index":"index","follow":"follow","max-snippet":"max-snippet:-1","max-image-preview":"max-image-preview:large","max-video-preview":"max-video-preview:-1"},"canonical":"https:\/\/www.24gliwice.pl\/wiadomosci\/srednio-30-ton-miesiecznie-tyle-smieci-trzeba-zbierac-z-przydroznych-pasow-zieleni-w-miescie\/","og_locale":"pl_PL","og_type":"article","og_title":"\u015arednio 30 ton miesi\u0119cznie! Tyle \u015bmieci trzeba zbiera\u0107 z przydro\u017cnych pas\u00f3w zieleni w mie\u015bcie - 24GLIWICE - Portal Gliwice | codziennie nowe informacje","og_description":"W Gliwicach trwa porz\u0105dkowanie ulic i ich przyleg\u0142o\u015bci. Jest co sprz\u0105ta\u0107 &#8211; pracownicy s\u0142u\u017cb porz\u0105dkowych usuwaj\u0105 przeci\u0119tnie oko\u0142o 30 ton \u015bmieci w miesi\u0105cu. &nbsp; Co mo\u017cna znale\u017a\u0107 znale\u017a\u0107 w pasach ulicznych? Meble, zu\u017cyte opony, sprz\u0119ty elektroniczne czy \u015bmieci z gospodarstw domowych&#8230; W centrum miasta, w rejonie Rynku najcz\u0119stszymi odpadami s\u0105 pety z papieros\u00f3w, a tak\u017ce [&hellip;]","og_url":"https:\/\/www.24gliwice.pl\/wiadomosci\/srednio-30-ton-miesiecznie-tyle-smieci-trzeba-zbierac-z-przydroznych-pasow-zieleni-w-miescie\/","og_site_name":"24GLIWICE - Portal Gliwice | codziennie nowe informacje","article_publisher":"https:\/\/www.facebook.com\/24gliwice","article_published_time":"2021-05-23T00:17:12+00:00","og_image":[{"width":810,"height":454,"url":"https:\/\/www.24gliwice.pl\/wiadomosci\/wp-content\/uploads\/2021\/05\/sprzatanie-ulic-zdm4.jpg","type":"image\/jpeg"}],"author":"\u017baneta Mrozek-Siewierska","twitter_card":"summary_large_image","twitter_creator":"@24gliwice","twitter_site":"@24gliwice","twitter_misc":{"Napisane przez":"\u017baneta Mrozek-Siewierska","Szacowany czas czytania":"1 minuta"},"schema":{"@context":"https:\/\/schema.org","@graph":[{"@type":"Article","@id":"https:\/\/www.24gliwice.pl\/wiadomosci\/srednio-30-ton-miesiecznie-tyle-smieci-trzeba-zbierac-z-przydroznych-pasow-zieleni-w-miescie\/#article","isPartOf":{"@id":"https:\/\/www.24gliwice.pl\/wiadomosci\/srednio-30-ton-miesiecznie-tyle-smieci-trzeba-zbierac-z-przydroznych-pasow-zieleni-w-miescie\/"},"author":{"name":"\u017baneta Mrozek-Siewierska","@id":"https:\/\/www.24gliwice.pl\/wiadomosci\/#\/schema\/person\/e42c650edd7f2fa332be3811fb166b6e"},"headline":"\u015arednio 30 ton miesi\u0119cznie! Tyle \u015bmieci trzeba zbiera\u0107 z przydro\u017cnych pas\u00f3w zieleni w mie\u015bcie","datePublished":"2021-05-23T00:17:12+00:00","mainEntityOfPage":{"@id":"https:\/\/www.24gliwice.pl\/wiadomosci\/srednio-30-ton-miesiecznie-tyle-smieci-trzeba-zbierac-z-przydroznych-pasow-zieleni-w-miescie\/"},"wordCount":315,"commentCount":0,"publisher":{"@id":"https:\/\/www.24gliwice.pl\/wiadomosci\/#organization"},"image":{"@id":"https:\/\/www.24gliwice.pl\/wiadomosci\/srednio-30-ton-miesiecznie-tyle-smieci-trzeba-zbierac-z-przydroznych-pasow-zieleni-w-miescie\/#primaryimage"},"thumbnailUrl":"https:\/\/www.24gliwice.pl\/wiadomosci\/wp-content\/uploads\/2021\/05\/sprzatanie-ulic-zdm4.jpg","keywords":["ODPADY"],"articleSection":["Gliwice","Najnowsze wiadomo\u015bci","Portal Gliwice - Wiadomo\u015bci lokalne"],"inLanguage":"pl-PL","potentialAction":[{"@type":"CommentAction","name":"Comment","target":["https:\/\/www.24gliwice.pl\/wiadomosci\/srednio-30-ton-miesiecznie-tyle-smieci-trzeba-zbierac-z-przydroznych-pasow-zieleni-w-miescie\/#respond"]}]},{"@type":"WebPage","@id":"https:\/\/www.24gliwice.pl\/wiadomosci\/srednio-30-ton-miesiecznie-tyle-smieci-trzeba-zbierac-z-przydroznych-pasow-zieleni-w-miescie\/","url":"https:\/\/www.24gliwice.pl\/wiadomosci\/srednio-30-ton-miesiecznie-tyle-smieci-trzeba-zbierac-z-przydroznych-pasow-zieleni-w-miescie\/","name":"\u015arednio 30 ton miesi\u0119cznie! Tyle \u015bmieci trzeba zbiera\u0107 z przydro\u017cnych pas\u00f3w zieleni w mie\u015bcie - 24GLIWICE - Portal Gliwice | codziennie nowe informacje","isPartOf":{"@id":"https:\/\/www.24gliwice.pl\/wiadomosci\/#website"},"primaryImageOfPage":{"@id":"https:\/\/www.24gliwice.pl\/wiadomosci\/srednio-30-ton-miesiecznie-tyle-smieci-trzeba-zbierac-z-przydroznych-pasow-zieleni-w-miescie\/#primaryimage"},"image":{"@id":"https:\/\/www.24gliwice.pl\/wiadomosci\/srednio-30-ton-miesiecznie-tyle-smieci-trzeba-zbierac-z-przydroznych-pasow-zieleni-w-miescie\/#primaryimage"},"thumbnailUrl":"https:\/\/www.24gliwice.pl\/wiadomosci\/wp-content\/uploads\/2021\/05\/sprzatanie-ulic-zdm4.jpg","datePublished":"2021-05-23T00:17:12+00:00","breadcrumb":{"@id":"https:\/\/www.24gliwice.pl\/wiadomosci\/srednio-30-ton-miesiecznie-tyle-smieci-trzeba-zbierac-z-przydroznych-pasow-zieleni-w-miescie\/#breadcrumb"},"inLanguage":"pl-PL","potentialAction":[{"@type":"ReadAction","target":["https:\/\/www.24gliwice.pl\/wiadomosci\/srednio-30-ton-miesiecznie-tyle-smieci-trzeba-zbierac-z-przydroznych-pasow-zieleni-w-miescie\/"]}]},{"@type":"ImageObject","inLanguage":"pl-PL","@id":"https:\/\/www.24gliwice.pl\/wiadomosci\/srednio-30-ton-miesiecznie-tyle-smieci-trzeba-zbierac-z-przydroznych-pasow-zieleni-w-miescie\/#primaryimage","url":"https:\/\/www.24gliwice.pl\/wiadomosci\/wp-content\/uploads\/2021\/05\/sprzatanie-ulic-zdm4.jpg","contentUrl":"https:\/\/www.24gliwice.pl\/wiadomosci\/wp-content\/uploads\/2021\/05\/sprzatanie-ulic-zdm4.jpg","width":810,"height":454},{"@type":"BreadcrumbList","@id":"https:\/\/www.24gliwice.pl\/wiadomosci\/srednio-30-ton-miesiecznie-tyle-smieci-trzeba-zbierac-z-przydroznych-pasow-zieleni-w-miescie\/#breadcrumb","itemListElement":[{"@type":"ListItem","position":1,"name":"Strona g\u0142\u00f3wna","item":"https:\/\/www.24gliwice.pl\/wiadomosci\/"},{"@type":"ListItem","position":2,"name":"\u015arednio 30 ton miesi\u0119cznie! Tyle \u015bmieci trzeba zbiera\u0107 z przydro\u017cnych pas\u00f3w zieleni w mie\u015bcie"}]},{"@type":"WebSite","@id":"https:\/\/www.24gliwice.pl\/wiadomosci\/#website","url":"https:\/\/www.24gliwice.pl\/wiadomosci\/","name":"24GLIWICE - Portal Gliwice | codziennie nowe wiadomo\u015bci","description":"Portal Miejski Gliwice","publisher":{"@id":"https:\/\/www.24gliwice.pl\/wiadomosci\/#organization"},"potentialAction":[{"@type":"SearchAction","target":{"@type":"EntryPoint","urlTemplate":"https:\/\/www.24gliwice.pl\/wiadomosci\/?s={search_term_string}"},"query-input":{"@type":"PropertyValueSpecification","valueRequired":true,"valueName":"search_term_string"}}],"inLanguage":"pl-PL"},{"@type":"Organization","@id":"https:\/\/www.24gliwice.pl\/wiadomosci\/#organization","name":"24gliwice","url":"https:\/\/www.24gliwice.pl\/wiadomosci\/","logo":{"@type":"ImageObject","inLanguage":"pl-PL","@id":"https:\/\/www.24gliwice.pl\/wiadomosci\/#\/schema\/logo\/image\/","url":"https:\/\/www.24gliwice.pl\/wiadomosci\/wp-content\/uploads\/2024\/10\/24gliwice-logo-696.jpg","contentUrl":"https:\/\/www.24gliwice.pl\/wiadomosci\/wp-content\/uploads\/2024\/10\/24gliwice-logo-696.jpg","width":696,"height":696,"caption":"24gliwice"},"image":{"@id":"https:\/\/www.24gliwice.pl\/wiadomosci\/#\/schema\/logo\/image\/"},"sameAs":["https:\/\/www.facebook.com\/24gliwice","https:\/\/x.com\/24gliwice","https:\/\/www.youtube.com\/@24gliwice"]},{"@type":"Person","@id":"https:\/\/www.24gliwice.pl\/wiadomosci\/#\/schema\/person\/e42c650edd7f2fa332be3811fb166b6e","name":"\u017baneta Mrozek-Siewierska","image":{"@type":"ImageObject","inLanguage":"pl-PL","@id":"https:\/\/secure.gravatar.com\/avatar\/1881429e9c64597c77ad7aef2d0a19be69a3253e57534d16aa15bf3a4d34a0a3?s=96&d=mm&r=g","url":"https:\/\/secure.gravatar.com\/avatar\/1881429e9c64597c77ad7aef2d0a19be69a3253e57534d16aa15bf3a4d34a0a3?s=96&d=mm&r=g","contentUrl":"https:\/\/secure.gravatar.com\/avatar\/1881429e9c64597c77ad7aef2d0a19be69a3253e57534d16aa15bf3a4d34a0a3?s=96&d=mm&r=g","caption":"\u017baneta Mrozek-Siewierska"},"url":"https:\/\/www.24gliwice.pl\/wiadomosci\/author\/zms\/"}]}},"_links":{"self":[{"href":"https:\/\/www.24gliwice.pl\/wiadomosci\/wp-json\/wp\/v2\/posts\/170613","targetHints":{"allow":["GET"]}}],"collection":[{"href":"https:\/\/www.24gliwice.pl\/wiadomosci\/wp-json\/wp\/v2\/posts"}],"about":[{"href":"https:\/\/www.24gliwice.pl\/wiadomosci\/wp-json\/wp\/v2\/types\/post"}],"author":[{"embeddable":true,"href":"https:\/\/www.24gliwice.pl\/wiadomosci\/wp-json\/wp\/v2\/users\/15"}],"replies":[{"embeddable":true,"href":"https:\/\/www.24gliwice.pl\/wiadomosci\/wp-json\/wp\/v2\/comments?post=170613"}],"version-history":[{"count":0,"href":"https:\/\/www.24gliwice.pl\/wiadomosci\/wp-json\/wp\/v2\/posts\/170613\/revisions"}],"wp:featuredmedia":[{"embeddable":true,"href":"https:\/\/www.24gliwice.pl\/wiadomosci\/wp-json\/wp\/v2\/media\/170617"}],"wp:attachment":[{"href":"https:\/\/www.24gliwice.pl\/wiadomosci\/wp-json\/wp\/v2\/media?parent=170613"}],"wp:term":[{"taxonomy":"category","embeddable":true,"href":"https:\/\/www.24gliwice.pl\/wiadomosci\/wp-json\/wp\/v2\/categories?post=170613"},{"taxonomy":"post_tag","embeddable":true,"href":"https:\/\/www.24gliwice.pl\/wiadomosci\/wp-json\/wp\/v2\/tags?post=170613"}],"curies":[{"name":"wp","href":"https:\/\/api.w.org\/{rel}","templated":true}]}}