{"id":170773,"date":"2021-05-25T02:01:17","date_gmt":"2021-05-25T00:01:17","guid":{"rendered":"https:\/\/www.24gliwice.pl\/wiadomosci\/?p=170773"},"modified":"2021-05-25T02:01:17","modified_gmt":"2021-05-25T00:01:17","slug":"przystanki-w-gliwicach-nowe-nazwy-na-zadanie","status":"publish","type":"post","link":"https:\/\/www.24gliwice.pl\/wiadomosci\/przystanki-w-gliwicach-nowe-nazwy-na-zadanie\/","title":{"rendered":"Zmiany na kilkunastu przystankach w Gliwicach. &#8220;G\u0142os pasa\u017cer\u00f3w jest dla nas bardzo wa\u017cny&#8221;"},"content":{"rendered":"<div class=\"gliwi-a6-nad-leadem-artykulow gliwi-entity-placement\" id=\"gliwi-3554585855\"><div class=\"gliwi-adlabel\"><span style=\"font-size: 9px\">REKLAMA<\/span><\/div><div id=\"gliwi-2278226636\" style=\"margin-bottom: 30px;margin-left: auto;margin-right: auto;text-align: center;\"><a data-no-instant=\"1\" href=\"https:\/\/przedszkole.halogen.org.pl\/\" rel=\"noopener\" class=\"a2t-link\" target=\"_blank\" aria-label=\"20260402-ANIMATOR-przedszkole_grafika_750x200\"><img loading=\"lazy\" decoding=\"async\" src=\"https:\/\/www.24gliwice.pl\/wiadomosci\/wp-content\/uploads\/2026\/04\/20260402-ANIMATOR-przedszkole_grafika_750x200.webp\" alt=\"\"  srcset=\"https:\/\/www.24gliwice.pl\/wiadomosci\/wp-content\/uploads\/2026\/04\/20260402-ANIMATOR-przedszkole_grafika_750x200.webp 750w, https:\/\/www.24gliwice.pl\/wiadomosci\/wp-content\/uploads\/2026\/04\/20260402-ANIMATOR-przedszkole_grafika_750x200-410x109.webp 410w\" sizes=\"(max-width: 750px) 100vw, 750px\" class=\"no-lazyload\" width=\"750\" height=\"200\"  style=\"display: inline-block; max-width: 100%; height: auto;\" \/><\/a><\/div><\/div><h2>Zmiany na kilkunastu przystankach w Gliwicach &#8211; cz\u0119\u015b\u0107 z nich otrzyma\u0142a nowe nazwy. Na niekt\u00f3rych zmieniono te\u017c charakter obs\u0142ugi &#8211; od poniedzia\u0142ku wysiada\u0107 i wsiada\u0107 mo\u017cna po zasygnalizowaniu tego faktu kierowcy.<\/h2>\n<p>&nbsp;<br \/>\nTo kontynuacja<a href=\"https:\/\/www.24gliwice.pl\/wiadomosci\/prawdziwa-rewolucja-na-gliwickich-przystankach-autobusowych-az-42-od-poniedzialku-zmieni-nazwy\/\" rel=\"noopener\" target=\"_blank\"> procesu zapocz\u0105tkowanego oko\u0142o dw\u00f3ch lat temu.<\/a> W\u00f3wczas zmieniono nazewnictwo na 42 przystankach.<\/p>\n<p>&#8211; <em>Zmieniamy nazwy i charakter kilkunastu przystank\u00f3w w Gliwicach<\/em> &#8211; poinformowa\u0142 rzecznik ZTM, <strong>Micha\u0142 Wawrzaszek<\/strong>. &#8211; <em>G\u0142os pasa\u017cer\u00f3w jest dla nas bardzo wa\u017cny. Dlatego gromadzili\u015bmy i analizowali\u015bmy wp\u0142ywaj\u0105ce do nas wnioski dotycz\u0105ce nazw przystank\u00f3w i ich charakter\u00f3w. Uznali\u015bmy za zasadne wprowadzeniu zmian. Po pracach koncepcyjnych skontaktowali\u015bmy si\u0119 z UM w Gliwicach. Magistrat zgodzi\u0142 si\u0119 z nasz\u0105 interpretacj\u0105. W konsekwencji tego, Rada Miasta w drodze uchwa\u0142y zatwierdzi\u0142a zaproponowane przez nas modyfikacje<\/em> &#8211; wyja\u015bnia rzecznik.<\/p><div class=\"gliwi-a3-w-tresci-artykulow gliwi-entity-placement\" id=\"gliwi-900697706\"><div class=\"gliwi-adlabel\"><span style=\"font-size: 9px\">REKLAMA<\/span><\/div><div id=\"gliwi-916777809\" style=\"margin-bottom: 30px;margin-left: auto;margin-right: auto;text-align: center;\"><a data-no-instant=\"1\" href=\"https:\/\/zlobek.halogen.org.pl\/\" rel=\"noopener\" class=\"a2t-link\" target=\"_blank\" aria-label=\"animator-zlobek_750x200\"><img loading=\"lazy\" decoding=\"async\" src=\"https:\/\/www.24gliwice.pl\/wiadomosci\/wp-content\/uploads\/2026\/02\/animator-zlobek_750x200.webp\" alt=\"\"  srcset=\"https:\/\/www.24gliwice.pl\/wiadomosci\/wp-content\/uploads\/2026\/02\/animator-zlobek_750x200.webp 750w, https:\/\/www.24gliwice.pl\/wiadomosci\/wp-content\/uploads\/2026\/02\/animator-zlobek_750x200-410x109.webp 410w\" sizes=\"(max-width: 750px) 100vw, 750px\" class=\"no-lazyload\" width=\"750\" height=\"200\"  style=\"display: inline-block; max-width: 100%; height: auto;\" \/><\/a><\/div><\/div>\n<blockquote><p><em>Niema\u0142e znaczenie na fakt wprowadzenia zmian mia\u0142a tak\u017ce przebudowa uk\u0142adu drogowego na Trynku (p\u0119tla). Ponadto niekt\u00f3re z nazw straci\u0142y na swojej aktualno\u015bci. Dobrym przyk\u0142adem by\u0142a nazwa przystanku ze s\u0142owem \u201eSklep&#8221; &#8211; takiego punktu ju\u017c w tym miejscu bowiem nie ma. Teraz, wprowadzone nazwy przystank\u00f3w jednoznacznie nawi\u0105zuj\u0105 do swoich lokalizacji. S\u0105 bardziej adekwatne<\/em><\/p><\/blockquote>\n<p>&#8211; zaznacza Wawrzaszek.<\/p>\n<p>Po modyfikacji przystanki Bojk\u00f3w Sklep (w dw\u00f3ch kierunkach) nazywaj\u0105 si\u0119 <strong>Bojk\u00f3w \u017be\u0144c\u00f3w<\/strong>, zamiast Stare Gliwice Rondo, &#8211; Wycz\u00f3\u0142kowskiego i &#8211; Gaudiego mamy odpowiednio <strong>Brzezinka Wycz\u00f3\u0142kowskiego Rondo, Brzezinka Wycz\u00f3\u0142kowskiego, Brzezinka Gaudiego<\/strong>, Ligota Zabrska G\u00f3rna zmieni\u0142y nazw\u0119 na <strong>Gliwice G\u00f3rna<\/strong>, a Trynek Kili\u0144skiego na <strong>Trynek Asnyka<\/strong>. Z kolei na 3 stanowisku oznaczonym jako Trynek Kili\u0144skiego zmieniono jego numer na 2.<\/p>\n<p>Na kolejnych 9 przystankach zmieni\u0142 si\u0119 charakter obs\u0142ugi przystanku &#8211; z przystanku sta\u0142ego na &#8220;na \u017c\u0105danie&#8221; &#8211; dotyczy to stanowisk (w obie strony)<strong> Bojk\u00f3w Rybnicka, Czechowice Grzybowa, Gliwice Estakada Heweliusza, Gliwice Kr\u00f3lewskiej Tamy, Gliwice Miel\u0119ckiego, Gliwice P\u0142a\u017cy\u0144skiego, Ligota Zabrska Panewnicka<\/strong>, a tak\u017ce <strong>Przysz\u00f3wka Skrzy\u017cowanie i Stare \u0141ab\u0119dy Starogliwicka<\/strong>.<\/p>\n<p>&#8211; <em>Je\u015bli chodzi o zmian\u0119 charakteru przystank\u00f3w na \u201ena \u017c\u0105danie&#8221;, to r\u00f3wnie\u017c brali\u015bmy pod uwag\u0119 g\u0142osy naszych pasa\u017cer\u00f3w. Kierowali\u015bmy si\u0119 r\u00f3wnie\u017c opiniami kierowc\u00f3w autobus\u00f3w oraz w\u0142asnymi obserwacjami obejmuj\u0105cymi liczb\u0119 pasa\u017cer\u00f3w wsiadaj\u0105cych i wysiadaj\u0105cych na poszczeg\u00f3lnych przystankach. Wprowadzone zmiany to przejaw naszej troski o ekologi\u0119 i ekonomi\u0119. Zmiana przystank\u00f3w na \u201ena \u017c\u0105danie&#8221; to tak\u017ce zmniejszanie ryzyka wyst\u0119powania op\u00f3\u017anie\u0144<\/em> &#8211; wyja\u015bnia rzecznik ZTM.<\/p>\n<p>Opr\u00f3cz tego od poniedzia\u0142ku uruchomione zosta\u0142o nowe stanowisko w rejonie posesji Lotnik\u00f3w 27 (Trynek Kili\u0144skiego 01), kt\u00f3re b\u0119dzie obs\u0142ugiwane w kursach w kierunku przystank\u00f3w Trynek Toru\u0144ska i Gliwice Europa Centralna.<\/p>\n<p>Szczeg\u00f3\u0142owe informacje na ten temat <a href=\"https:\/\/rj.metropoliaztm.pl\/news\/i\/1894\/\" target=\"_blank\" rel=\"noopener\">mo\u017cna znale\u017a\u0107 tutaj.<\/a><\/p>\n<p>(\u017cms)<br \/>\nfot. 24gliwice.pl\/\u017bMS, scr. ZTM<\/p>\n<p><a href=\"https:\/\/www.24gliwice.pl\/wiadomosci\/wp-content\/uploads\/2021\/05\/Przechwytywanie-w-trybie-pelnoekranowym-2021-05-24-152032.jpg\"><img loading=\"lazy\" decoding=\"async\" class=\"alignnone  wp-image-170782\" src=\"https:\/\/www.24gliwice.pl\/wiadomosci\/wp-content\/uploads\/2021\/05\/Przechwytywanie-w-trybie-pelnoekranowym-2021-05-24-152032.jpg\" alt=\"\" width=\"1545\" height=\"1819\" srcset=\"https:\/\/www.24gliwice.pl\/wiadomosci\/wp-content\/uploads\/2021\/05\/Przechwytywanie-w-trybie-pelnoekranowym-2021-05-24-152032.jpg 688w, https:\/\/www.24gliwice.pl\/wiadomosci\/wp-content\/uploads\/2021\/05\/Przechwytywanie-w-trybie-pelnoekranowym-2021-05-24-152032-197x232.jpg 197w, https:\/\/www.24gliwice.pl\/wiadomosci\/wp-content\/uploads\/2021\/05\/Przechwytywanie-w-trybie-pelnoekranowym-2021-05-24-152032-386x455.jpg 386w\" sizes=\"auto, (max-width: 1545px) 100vw, 1545px\" \/><\/a><\/p>\n<div class=\"gliwi-a5-na-koncu-artykulow gliwi-entity-placement\" id=\"gliwi-1006935875\"><div class=\"gliwi-adlabel\"><span style=\"font-size: 9px\">REKLAMA<\/span><\/div><div id=\"gliwi-2584419614\" style=\"margin-left: auto;margin-right: auto;text-align: center;\"><a data-no-instant=\"1\" href=\"https:\/\/prezeroarenagliwice.pl\/\" rel=\"noopener\" class=\"a2t-link\" target=\"_blank\" aria-label=\"20260309-PREZERO-WIOSNA-D\"><img loading=\"lazy\" decoding=\"async\" src=\"https:\/\/www.24gliwice.pl\/wiadomosci\/wp-content\/uploads\/2026\/03\/20260309-PREZERO-WIOSNA-D.webp\" alt=\"\"  srcset=\"https:\/\/www.24gliwice.pl\/wiadomosci\/wp-content\/uploads\/2026\/03\/20260309-PREZERO-WIOSNA-D.webp 750w, https:\/\/www.24gliwice.pl\/wiadomosci\/wp-content\/uploads\/2026\/03\/20260309-PREZERO-WIOSNA-D-410x109.webp 410w\" sizes=\"(max-width: 750px) 100vw, 750px\" class=\"no-lazyload\" width=\"750\" height=\"200\"  style=\"display: inline-block; max-width: 100%; height: auto;\" \/><\/a><\/div><\/div>","protected":false},"excerpt":{"rendered":"<p>Zmiany na kilkunastu przystankach w Gliwicach &#8211; cz\u0119\u015b\u0107 z nich otrzyma\u0142a nowe nazwy. Na niekt\u00f3rych zmieniono te\u017c charakter obs\u0142ugi &#8211; od poniedzia\u0142ku wysiada\u0107 i wsiada\u0107 mo\u017cna po zasygnalizowaniu tego faktu kierowcy. &nbsp; To kontynuacja procesu zapocz\u0105tkowanego oko\u0142o dw\u00f3ch lat temu. W\u00f3wczas zmieniono nazewnictwo na 42 przystankach. &#8211; Zmieniamy nazwy i charakter kilkunastu przystank\u00f3w w Gliwicach [&hellip;]<\/p>\n","protected":false},"author":15,"featured_media":0,"comment_status":"open","ping_status":"closed","sticky":false,"template":"","format":"standard","meta":{"_monsterinsights_skip_tracking":false,"_monsterinsights_sitenote_active":false,"_monsterinsights_sitenote_note":"","_monsterinsights_sitenote_category":0,"footnotes":"","_links_to":"","_links_to_target":""},"categories":[3,1,9,8],"tags":[],"class_list":["post-170773","post","type-post","status-publish","format-standard","hentry","category-gliwice","category-wszystko","category-aktualnosci_lokalne","category-samorzad_polityka"],"yoast_head":"<!-- This site is optimized with the Yoast SEO plugin v27.5 - https:\/\/yoast.com\/product\/yoast-seo-wordpress\/ -->\n<title>Zmiany na kilkunastu przystankach w Gliwicach. &quot;G\u0142os pasa\u017cer\u00f3w jest dla nas bardzo wa\u017cny&quot; - 24GLIWICE - Portal Gliwice | codziennie nowe informacje<\/title>\n<meta name=\"robots\" content=\"index, follow, max-snippet:-1, max-image-preview:large, max-video-preview:-1\" \/>\n<link rel=\"canonical\" href=\"https:\/\/www.24gliwice.pl\/wiadomosci\/przystanki-w-gliwicach-nowe-nazwy-na-zadanie\/\" \/>\n<meta property=\"og:locale\" content=\"pl_PL\" \/>\n<meta property=\"og:type\" content=\"article\" \/>\n<meta property=\"og:title\" content=\"Zmiany na kilkunastu przystankach w Gliwicach. &quot;G\u0142os pasa\u017cer\u00f3w jest dla nas bardzo wa\u017cny&quot; - 24GLIWICE - Portal Gliwice | codziennie nowe informacje\" \/>\n<meta property=\"og:description\" content=\"Zmiany na kilkunastu przystankach w Gliwicach &#8211; cz\u0119\u015b\u0107 z nich otrzyma\u0142a nowe nazwy. Na niekt\u00f3rych zmieniono te\u017c charakter obs\u0142ugi &#8211; od poniedzia\u0142ku wysiada\u0107 i wsiada\u0107 mo\u017cna po zasygnalizowaniu tego faktu kierowcy. &nbsp; To kontynuacja procesu zapocz\u0105tkowanego oko\u0142o dw\u00f3ch lat temu. W\u00f3wczas zmieniono nazewnictwo na 42 przystankach. &#8211; Zmieniamy nazwy i charakter kilkunastu przystank\u00f3w w Gliwicach [&hellip;]\" \/>\n<meta property=\"og:url\" content=\"https:\/\/www.24gliwice.pl\/wiadomosci\/przystanki-w-gliwicach-nowe-nazwy-na-zadanie\/\" \/>\n<meta property=\"og:site_name\" content=\"24GLIWICE - Portal Gliwice | codziennie nowe informacje\" \/>\n<meta property=\"article:publisher\" content=\"https:\/\/www.facebook.com\/24gliwice\" \/>\n<meta property=\"article:published_time\" content=\"2021-05-25T00:01:17+00:00\" \/>\n<meta property=\"og:image\" content=\"https:\/\/www.24gliwice.pl\/wiadomosci\/wp-content\/uploads\/2021\/05\/autobus-przycisk-1.jpg\" \/>\n\t<meta property=\"og:image:width\" content=\"810\" \/>\n\t<meta property=\"og:image:height\" content=\"455\" \/>\n\t<meta property=\"og:image:type\" content=\"image\/jpeg\" \/>\n<meta name=\"author\" content=\"\u017baneta Mrozek-Siewierska\" \/>\n<meta name=\"twitter:card\" content=\"summary_large_image\" \/>\n<meta name=\"twitter:creator\" content=\"@24gliwice\" \/>\n<meta name=\"twitter:site\" content=\"@24gliwice\" \/>\n<meta name=\"twitter:label1\" content=\"Napisane przez\" \/>\n\t<meta name=\"twitter:data1\" content=\"\u017baneta Mrozek-Siewierska\" \/>\n\t<meta name=\"twitter:label2\" content=\"Szacowany czas czytania\" \/>\n\t<meta name=\"twitter:data2\" content=\"2 minuty\" \/>\n<script type=\"application\/ld+json\" class=\"yoast-schema-graph\">{\"@context\":\"https:\\\/\\\/schema.org\",\"@graph\":[{\"@type\":\"Article\",\"@id\":\"https:\\\/\\\/www.24gliwice.pl\\\/wiadomosci\\\/przystanki-w-gliwicach-nowe-nazwy-na-zadanie\\\/#article\",\"isPartOf\":{\"@id\":\"https:\\\/\\\/www.24gliwice.pl\\\/wiadomosci\\\/przystanki-w-gliwicach-nowe-nazwy-na-zadanie\\\/\"},\"author\":{\"name\":\"\u017baneta Mrozek-Siewierska\",\"@id\":\"https:\\\/\\\/www.24gliwice.pl\\\/wiadomosci\\\/#\\\/schema\\\/person\\\/e42c650edd7f2fa332be3811fb166b6e\"},\"headline\":\"Zmiany na kilkunastu przystankach w Gliwicach. &#8220;G\u0142os pasa\u017cer\u00f3w jest dla nas bardzo wa\u017cny&#8221;\",\"datePublished\":\"2021-05-25T00:01:17+00:00\",\"mainEntityOfPage\":{\"@id\":\"https:\\\/\\\/www.24gliwice.pl\\\/wiadomosci\\\/przystanki-w-gliwicach-nowe-nazwy-na-zadanie\\\/\"},\"wordCount\":496,\"commentCount\":0,\"publisher\":{\"@id\":\"https:\\\/\\\/www.24gliwice.pl\\\/wiadomosci\\\/#organization\"},\"image\":{\"@id\":\"https:\\\/\\\/www.24gliwice.pl\\\/wiadomosci\\\/przystanki-w-gliwicach-nowe-nazwy-na-zadanie\\\/#primaryimage\"},\"thumbnailUrl\":\"https:\\\/\\\/www.24gliwice.pl\\\/wiadomosci\\\/wp-content\\\/uploads\\\/2021\\\/05\\\/Przechwytywanie-w-trybie-pelnoekranowym-2021-05-24-152032.jpg\",\"articleSection\":[\"Gliwice\",\"Najnowsze wiadomo\u015bci\",\"Portal Gliwice - Wiadomo\u015bci lokalne\",\"Samorz\u0105d, polityka\"],\"inLanguage\":\"pl-PL\",\"potentialAction\":[{\"@type\":\"CommentAction\",\"name\":\"Comment\",\"target\":[\"https:\\\/\\\/www.24gliwice.pl\\\/wiadomosci\\\/przystanki-w-gliwicach-nowe-nazwy-na-zadanie\\\/#respond\"]}]},{\"@type\":\"WebPage\",\"@id\":\"https:\\\/\\\/www.24gliwice.pl\\\/wiadomosci\\\/przystanki-w-gliwicach-nowe-nazwy-na-zadanie\\\/\",\"url\":\"https:\\\/\\\/www.24gliwice.pl\\\/wiadomosci\\\/przystanki-w-gliwicach-nowe-nazwy-na-zadanie\\\/\",\"name\":\"Zmiany na kilkunastu przystankach w Gliwicach. \\\"G\u0142os pasa\u017cer\u00f3w jest dla nas bardzo wa\u017cny\\\" - 24GLIWICE - Portal Gliwice | codziennie nowe informacje\",\"isPartOf\":{\"@id\":\"https:\\\/\\\/www.24gliwice.pl\\\/wiadomosci\\\/#website\"},\"primaryImageOfPage\":{\"@id\":\"https:\\\/\\\/www.24gliwice.pl\\\/wiadomosci\\\/przystanki-w-gliwicach-nowe-nazwy-na-zadanie\\\/#primaryimage\"},\"image\":{\"@id\":\"https:\\\/\\\/www.24gliwice.pl\\\/wiadomosci\\\/przystanki-w-gliwicach-nowe-nazwy-na-zadanie\\\/#primaryimage\"},\"thumbnailUrl\":\"https:\\\/\\\/www.24gliwice.pl\\\/wiadomosci\\\/wp-content\\\/uploads\\\/2021\\\/05\\\/Przechwytywanie-w-trybie-pelnoekranowym-2021-05-24-152032.jpg\",\"datePublished\":\"2021-05-25T00:01:17+00:00\",\"breadcrumb\":{\"@id\":\"https:\\\/\\\/www.24gliwice.pl\\\/wiadomosci\\\/przystanki-w-gliwicach-nowe-nazwy-na-zadanie\\\/#breadcrumb\"},\"inLanguage\":\"pl-PL\",\"potentialAction\":[{\"@type\":\"ReadAction\",\"target\":[\"https:\\\/\\\/www.24gliwice.pl\\\/wiadomosci\\\/przystanki-w-gliwicach-nowe-nazwy-na-zadanie\\\/\"]}]},{\"@type\":\"ImageObject\",\"inLanguage\":\"pl-PL\",\"@id\":\"https:\\\/\\\/www.24gliwice.pl\\\/wiadomosci\\\/przystanki-w-gliwicach-nowe-nazwy-na-zadanie\\\/#primaryimage\",\"url\":\"https:\\\/\\\/www.24gliwice.pl\\\/wiadomosci\\\/wp-content\\\/uploads\\\/2021\\\/05\\\/Przechwytywanie-w-trybie-pelnoekranowym-2021-05-24-152032.jpg\",\"contentUrl\":\"https:\\\/\\\/www.24gliwice.pl\\\/wiadomosci\\\/wp-content\\\/uploads\\\/2021\\\/05\\\/Przechwytywanie-w-trybie-pelnoekranowym-2021-05-24-152032.jpg\"},{\"@type\":\"BreadcrumbList\",\"@id\":\"https:\\\/\\\/www.24gliwice.pl\\\/wiadomosci\\\/przystanki-w-gliwicach-nowe-nazwy-na-zadanie\\\/#breadcrumb\",\"itemListElement\":[{\"@type\":\"ListItem\",\"position\":1,\"name\":\"Strona g\u0142\u00f3wna\",\"item\":\"https:\\\/\\\/www.24gliwice.pl\\\/wiadomosci\\\/\"},{\"@type\":\"ListItem\",\"position\":2,\"name\":\"Zmiany na kilkunastu przystankach w Gliwicach. &#8222;G\u0142os pasa\u017cer\u00f3w jest dla nas bardzo wa\u017cny&#8221;\"}]},{\"@type\":\"WebSite\",\"@id\":\"https:\\\/\\\/www.24gliwice.pl\\\/wiadomosci\\\/#website\",\"url\":\"https:\\\/\\\/www.24gliwice.pl\\\/wiadomosci\\\/\",\"name\":\"24GLIWICE - Portal Gliwice | codziennie nowe wiadomo\u015bci\",\"description\":\"Portal Miejski Gliwice\",\"publisher\":{\"@id\":\"https:\\\/\\\/www.24gliwice.pl\\\/wiadomosci\\\/#organization\"},\"potentialAction\":[{\"@type\":\"SearchAction\",\"target\":{\"@type\":\"EntryPoint\",\"urlTemplate\":\"https:\\\/\\\/www.24gliwice.pl\\\/wiadomosci\\\/?s={search_term_string}\"},\"query-input\":{\"@type\":\"PropertyValueSpecification\",\"valueRequired\":true,\"valueName\":\"search_term_string\"}}],\"inLanguage\":\"pl-PL\"},{\"@type\":\"Organization\",\"@id\":\"https:\\\/\\\/www.24gliwice.pl\\\/wiadomosci\\\/#organization\",\"name\":\"24gliwice\",\"url\":\"https:\\\/\\\/www.24gliwice.pl\\\/wiadomosci\\\/\",\"logo\":{\"@type\":\"ImageObject\",\"inLanguage\":\"pl-PL\",\"@id\":\"https:\\\/\\\/www.24gliwice.pl\\\/wiadomosci\\\/#\\\/schema\\\/logo\\\/image\\\/\",\"url\":\"https:\\\/\\\/www.24gliwice.pl\\\/wiadomosci\\\/wp-content\\\/uploads\\\/2024\\\/10\\\/24gliwice-logo-696.jpg\",\"contentUrl\":\"https:\\\/\\\/www.24gliwice.pl\\\/wiadomosci\\\/wp-content\\\/uploads\\\/2024\\\/10\\\/24gliwice-logo-696.jpg\",\"width\":696,\"height\":696,\"caption\":\"24gliwice\"},\"image\":{\"@id\":\"https:\\\/\\\/www.24gliwice.pl\\\/wiadomosci\\\/#\\\/schema\\\/logo\\\/image\\\/\"},\"sameAs\":[\"https:\\\/\\\/www.facebook.com\\\/24gliwice\",\"https:\\\/\\\/x.com\\\/24gliwice\",\"https:\\\/\\\/www.youtube.com\\\/@24gliwice\"]},{\"@type\":\"Person\",\"@id\":\"https:\\\/\\\/www.24gliwice.pl\\\/wiadomosci\\\/#\\\/schema\\\/person\\\/e42c650edd7f2fa332be3811fb166b6e\",\"name\":\"\u017baneta Mrozek-Siewierska\",\"image\":{\"@type\":\"ImageObject\",\"inLanguage\":\"pl-PL\",\"@id\":\"https:\\\/\\\/secure.gravatar.com\\\/avatar\\\/1881429e9c64597c77ad7aef2d0a19be69a3253e57534d16aa15bf3a4d34a0a3?s=96&d=mm&r=g\",\"url\":\"https:\\\/\\\/secure.gravatar.com\\\/avatar\\\/1881429e9c64597c77ad7aef2d0a19be69a3253e57534d16aa15bf3a4d34a0a3?s=96&d=mm&r=g\",\"contentUrl\":\"https:\\\/\\\/secure.gravatar.com\\\/avatar\\\/1881429e9c64597c77ad7aef2d0a19be69a3253e57534d16aa15bf3a4d34a0a3?s=96&d=mm&r=g\",\"caption\":\"\u017baneta Mrozek-Siewierska\"},\"url\":\"https:\\\/\\\/www.24gliwice.pl\\\/wiadomosci\\\/author\\\/zms\\\/\"}]}<\/script>\n<!-- \/ Yoast SEO plugin. -->","yoast_head_json":{"title":"Zmiany na kilkunastu przystankach w Gliwicach. \"G\u0142os pasa\u017cer\u00f3w jest dla nas bardzo wa\u017cny\" - 24GLIWICE - Portal Gliwice | codziennie nowe informacje","robots":{"index":"index","follow":"follow","max-snippet":"max-snippet:-1","max-image-preview":"max-image-preview:large","max-video-preview":"max-video-preview:-1"},"canonical":"https:\/\/www.24gliwice.pl\/wiadomosci\/przystanki-w-gliwicach-nowe-nazwy-na-zadanie\/","og_locale":"pl_PL","og_type":"article","og_title":"Zmiany na kilkunastu przystankach w Gliwicach. \"G\u0142os pasa\u017cer\u00f3w jest dla nas bardzo wa\u017cny\" - 24GLIWICE - Portal Gliwice | codziennie nowe informacje","og_description":"Zmiany na kilkunastu przystankach w Gliwicach &#8211; cz\u0119\u015b\u0107 z nich otrzyma\u0142a nowe nazwy. Na niekt\u00f3rych zmieniono te\u017c charakter obs\u0142ugi &#8211; od poniedzia\u0142ku wysiada\u0107 i wsiada\u0107 mo\u017cna po zasygnalizowaniu tego faktu kierowcy. &nbsp; To kontynuacja procesu zapocz\u0105tkowanego oko\u0142o dw\u00f3ch lat temu. W\u00f3wczas zmieniono nazewnictwo na 42 przystankach. &#8211; Zmieniamy nazwy i charakter kilkunastu przystank\u00f3w w Gliwicach [&hellip;]","og_url":"https:\/\/www.24gliwice.pl\/wiadomosci\/przystanki-w-gliwicach-nowe-nazwy-na-zadanie\/","og_site_name":"24GLIWICE - Portal Gliwice | codziennie nowe informacje","article_publisher":"https:\/\/www.facebook.com\/24gliwice","article_published_time":"2021-05-25T00:01:17+00:00","og_image":[{"width":810,"height":455,"url":"https:\/\/www.24gliwice.pl\/wiadomosci\/wp-content\/uploads\/2021\/05\/autobus-przycisk-1.jpg","type":"image\/jpeg"}],"author":"\u017baneta Mrozek-Siewierska","twitter_card":"summary_large_image","twitter_creator":"@24gliwice","twitter_site":"@24gliwice","twitter_misc":{"Napisane przez":"\u017baneta Mrozek-Siewierska","Szacowany czas czytania":"2 minuty"},"schema":{"@context":"https:\/\/schema.org","@graph":[{"@type":"Article","@id":"https:\/\/www.24gliwice.pl\/wiadomosci\/przystanki-w-gliwicach-nowe-nazwy-na-zadanie\/#article","isPartOf":{"@id":"https:\/\/www.24gliwice.pl\/wiadomosci\/przystanki-w-gliwicach-nowe-nazwy-na-zadanie\/"},"author":{"name":"\u017baneta Mrozek-Siewierska","@id":"https:\/\/www.24gliwice.pl\/wiadomosci\/#\/schema\/person\/e42c650edd7f2fa332be3811fb166b6e"},"headline":"Zmiany na kilkunastu przystankach w Gliwicach. &#8220;G\u0142os pasa\u017cer\u00f3w jest dla nas bardzo wa\u017cny&#8221;","datePublished":"2021-05-25T00:01:17+00:00","mainEntityOfPage":{"@id":"https:\/\/www.24gliwice.pl\/wiadomosci\/przystanki-w-gliwicach-nowe-nazwy-na-zadanie\/"},"wordCount":496,"commentCount":0,"publisher":{"@id":"https:\/\/www.24gliwice.pl\/wiadomosci\/#organization"},"image":{"@id":"https:\/\/www.24gliwice.pl\/wiadomosci\/przystanki-w-gliwicach-nowe-nazwy-na-zadanie\/#primaryimage"},"thumbnailUrl":"https:\/\/www.24gliwice.pl\/wiadomosci\/wp-content\/uploads\/2021\/05\/Przechwytywanie-w-trybie-pelnoekranowym-2021-05-24-152032.jpg","articleSection":["Gliwice","Najnowsze wiadomo\u015bci","Portal Gliwice - Wiadomo\u015bci lokalne","Samorz\u0105d, polityka"],"inLanguage":"pl-PL","potentialAction":[{"@type":"CommentAction","name":"Comment","target":["https:\/\/www.24gliwice.pl\/wiadomosci\/przystanki-w-gliwicach-nowe-nazwy-na-zadanie\/#respond"]}]},{"@type":"WebPage","@id":"https:\/\/www.24gliwice.pl\/wiadomosci\/przystanki-w-gliwicach-nowe-nazwy-na-zadanie\/","url":"https:\/\/www.24gliwice.pl\/wiadomosci\/przystanki-w-gliwicach-nowe-nazwy-na-zadanie\/","name":"Zmiany na kilkunastu przystankach w Gliwicach. \"G\u0142os pasa\u017cer\u00f3w jest dla nas bardzo wa\u017cny\" - 24GLIWICE - Portal Gliwice | codziennie nowe informacje","isPartOf":{"@id":"https:\/\/www.24gliwice.pl\/wiadomosci\/#website"},"primaryImageOfPage":{"@id":"https:\/\/www.24gliwice.pl\/wiadomosci\/przystanki-w-gliwicach-nowe-nazwy-na-zadanie\/#primaryimage"},"image":{"@id":"https:\/\/www.24gliwice.pl\/wiadomosci\/przystanki-w-gliwicach-nowe-nazwy-na-zadanie\/#primaryimage"},"thumbnailUrl":"https:\/\/www.24gliwice.pl\/wiadomosci\/wp-content\/uploads\/2021\/05\/Przechwytywanie-w-trybie-pelnoekranowym-2021-05-24-152032.jpg","datePublished":"2021-05-25T00:01:17+00:00","breadcrumb":{"@id":"https:\/\/www.24gliwice.pl\/wiadomosci\/przystanki-w-gliwicach-nowe-nazwy-na-zadanie\/#breadcrumb"},"inLanguage":"pl-PL","potentialAction":[{"@type":"ReadAction","target":["https:\/\/www.24gliwice.pl\/wiadomosci\/przystanki-w-gliwicach-nowe-nazwy-na-zadanie\/"]}]},{"@type":"ImageObject","inLanguage":"pl-PL","@id":"https:\/\/www.24gliwice.pl\/wiadomosci\/przystanki-w-gliwicach-nowe-nazwy-na-zadanie\/#primaryimage","url":"https:\/\/www.24gliwice.pl\/wiadomosci\/wp-content\/uploads\/2021\/05\/Przechwytywanie-w-trybie-pelnoekranowym-2021-05-24-152032.jpg","contentUrl":"https:\/\/www.24gliwice.pl\/wiadomosci\/wp-content\/uploads\/2021\/05\/Przechwytywanie-w-trybie-pelnoekranowym-2021-05-24-152032.jpg"},{"@type":"BreadcrumbList","@id":"https:\/\/www.24gliwice.pl\/wiadomosci\/przystanki-w-gliwicach-nowe-nazwy-na-zadanie\/#breadcrumb","itemListElement":[{"@type":"ListItem","position":1,"name":"Strona g\u0142\u00f3wna","item":"https:\/\/www.24gliwice.pl\/wiadomosci\/"},{"@type":"ListItem","position":2,"name":"Zmiany na kilkunastu przystankach w Gliwicach. &#8222;G\u0142os pasa\u017cer\u00f3w jest dla nas bardzo wa\u017cny&#8221;"}]},{"@type":"WebSite","@id":"https:\/\/www.24gliwice.pl\/wiadomosci\/#website","url":"https:\/\/www.24gliwice.pl\/wiadomosci\/","name":"24GLIWICE - Portal Gliwice | codziennie nowe wiadomo\u015bci","description":"Portal Miejski Gliwice","publisher":{"@id":"https:\/\/www.24gliwice.pl\/wiadomosci\/#organization"},"potentialAction":[{"@type":"SearchAction","target":{"@type":"EntryPoint","urlTemplate":"https:\/\/www.24gliwice.pl\/wiadomosci\/?s={search_term_string}"},"query-input":{"@type":"PropertyValueSpecification","valueRequired":true,"valueName":"search_term_string"}}],"inLanguage":"pl-PL"},{"@type":"Organization","@id":"https:\/\/www.24gliwice.pl\/wiadomosci\/#organization","name":"24gliwice","url":"https:\/\/www.24gliwice.pl\/wiadomosci\/","logo":{"@type":"ImageObject","inLanguage":"pl-PL","@id":"https:\/\/www.24gliwice.pl\/wiadomosci\/#\/schema\/logo\/image\/","url":"https:\/\/www.24gliwice.pl\/wiadomosci\/wp-content\/uploads\/2024\/10\/24gliwice-logo-696.jpg","contentUrl":"https:\/\/www.24gliwice.pl\/wiadomosci\/wp-content\/uploads\/2024\/10\/24gliwice-logo-696.jpg","width":696,"height":696,"caption":"24gliwice"},"image":{"@id":"https:\/\/www.24gliwice.pl\/wiadomosci\/#\/schema\/logo\/image\/"},"sameAs":["https:\/\/www.facebook.com\/24gliwice","https:\/\/x.com\/24gliwice","https:\/\/www.youtube.com\/@24gliwice"]},{"@type":"Person","@id":"https:\/\/www.24gliwice.pl\/wiadomosci\/#\/schema\/person\/e42c650edd7f2fa332be3811fb166b6e","name":"\u017baneta Mrozek-Siewierska","image":{"@type":"ImageObject","inLanguage":"pl-PL","@id":"https:\/\/secure.gravatar.com\/avatar\/1881429e9c64597c77ad7aef2d0a19be69a3253e57534d16aa15bf3a4d34a0a3?s=96&d=mm&r=g","url":"https:\/\/secure.gravatar.com\/avatar\/1881429e9c64597c77ad7aef2d0a19be69a3253e57534d16aa15bf3a4d34a0a3?s=96&d=mm&r=g","contentUrl":"https:\/\/secure.gravatar.com\/avatar\/1881429e9c64597c77ad7aef2d0a19be69a3253e57534d16aa15bf3a4d34a0a3?s=96&d=mm&r=g","caption":"\u017baneta Mrozek-Siewierska"},"url":"https:\/\/www.24gliwice.pl\/wiadomosci\/author\/zms\/"}]}},"_links":{"self":[{"href":"https:\/\/www.24gliwice.pl\/wiadomosci\/wp-json\/wp\/v2\/posts\/170773","targetHints":{"allow":["GET"]}}],"collection":[{"href":"https:\/\/www.24gliwice.pl\/wiadomosci\/wp-json\/wp\/v2\/posts"}],"about":[{"href":"https:\/\/www.24gliwice.pl\/wiadomosci\/wp-json\/wp\/v2\/types\/post"}],"author":[{"embeddable":true,"href":"https:\/\/www.24gliwice.pl\/wiadomosci\/wp-json\/wp\/v2\/users\/15"}],"replies":[{"embeddable":true,"href":"https:\/\/www.24gliwice.pl\/wiadomosci\/wp-json\/wp\/v2\/comments?post=170773"}],"version-history":[{"count":0,"href":"https:\/\/www.24gliwice.pl\/wiadomosci\/wp-json\/wp\/v2\/posts\/170773\/revisions"}],"wp:attachment":[{"href":"https:\/\/www.24gliwice.pl\/wiadomosci\/wp-json\/wp\/v2\/media?parent=170773"}],"wp:term":[{"taxonomy":"category","embeddable":true,"href":"https:\/\/www.24gliwice.pl\/wiadomosci\/wp-json\/wp\/v2\/categories?post=170773"},{"taxonomy":"post_tag","embeddable":true,"href":"https:\/\/www.24gliwice.pl\/wiadomosci\/wp-json\/wp\/v2\/tags?post=170773"}],"curies":[{"name":"wp","href":"https:\/\/api.w.org\/{rel}","templated":true}]}}