{"id":171337,"date":"2021-06-02T19:30:42","date_gmt":"2021-06-02T17:30:42","guid":{"rendered":"https:\/\/www.24gliwice.pl\/wiadomosci\/?p=171337"},"modified":"2021-06-02T19:32:52","modified_gmt":"2021-06-02T17:32:52","slug":"wyprawa-rowerowa-na-hel-z-misja-dla-gliwickiego-hospicjum-uczniowie-otrzymali-grant-od-forum","status":"publish","type":"post","link":"https:\/\/www.24gliwice.pl\/wiadomosci\/wyprawa-rowerowa-na-hel-z-misja-dla-gliwickiego-hospicjum-uczniowie-otrzymali-grant-od-forum\/","title":{"rendered":"Wyprawa rowerowa na Hel z pomoc\u0105 dla gliwickiego hospicjum. Uczniowie otrzymali grant od Forum"},"content":{"rendered":"<div class=\"gliwi-a6-nad-leadem-artykulow gliwi-entity-placement\" id=\"gliwi-2977270685\"><div class=\"gliwi-adlabel\"><span style=\"font-size: 9px\">REKLAMA<\/span><\/div><div id=\"gliwi-2730292862\" style=\"margin-bottom: 30px;margin-left: auto;margin-right: auto;text-align: center;\"><a data-no-instant=\"1\" href=\"https:\/\/przedszkole.halogen.org.pl\/\" rel=\"noopener\" class=\"a2t-link\" target=\"_blank\" aria-label=\"20260402-ANIMATOR-przedszkole_grafika_750x200\"><img loading=\"lazy\" decoding=\"async\" src=\"https:\/\/www.24gliwice.pl\/wiadomosci\/wp-content\/uploads\/2026\/04\/20260402-ANIMATOR-przedszkole_grafika_750x200.webp\" alt=\"\"  srcset=\"https:\/\/www.24gliwice.pl\/wiadomosci\/wp-content\/uploads\/2026\/04\/20260402-ANIMATOR-przedszkole_grafika_750x200.webp 750w, https:\/\/www.24gliwice.pl\/wiadomosci\/wp-content\/uploads\/2026\/04\/20260402-ANIMATOR-przedszkole_grafika_750x200-410x109.webp 410w\" sizes=\"(max-width: 750px) 100vw, 750px\" class=\"no-lazyload\" width=\"750\" height=\"200\"  style=\"display: inline-block; max-width: 100%; height: auto;\" \/><\/a><\/div><\/div><h2>Pomys\u0142 na charytatywn\u0105 wypraw\u0119 rowerow\u0105 na Hel zdoby\u0142 najwi\u0119cej g\u0142os\u00f3w w I edycji konkursu Forum M\u0142odych Pomys\u0142\u00f3w. Na jego realizacj\u0119 pomys\u0142odawcy otrzymali grant od centrum handlowego Forum na kwot\u0119 8 tys. z\u0142.<\/h2>\n<p>&nbsp;<br \/>\nZwyci\u0119ski projekt zg\u0142osi\u0142a Szko\u0142a Podstawowa z Oddzia\u0142ami Integracyjnymi Nr 21 im. H. Sienkiewicza w Gliwicach. Partnerem centrum w akcji by\u0142 Gliwicki O\u015brodek Dzia\u0142a\u0144 Spo\u0142ecznych \u2013 Centrum 3.0.<\/p>\n<p>\u201eWielkie poruszenie na gliwickim terenie \u2013 kr\u0119cimy kilometry dla gliwickiego Hospicjum\u201d to naprawd\u0119 poruszaj\u0105cy i imponuj\u0105cy rozmachem projekt, kt\u00f3rego istot\u0105 jest zorganizowanie wyprawy rowerowej. Uczniowie chc\u0105 w ten spos\u00f3b pom\u00f3c w zebraniu \u015brodk\u00f3w na rzecz gliwickiego hospicjum, a tak\u017ce nag\u0142o\u015bni\u0107 wypraw\u0119 w mediach oraz w\u015br\u00f3d mieszka\u0144c\u00f3w. <\/p><div class=\"gliwi-a3-w-tresci-artykulow gliwi-entity-placement\" id=\"gliwi-2724239489\"><div class=\"gliwi-adlabel\"><span style=\"font-size: 9px\">REKLAMA<\/span><\/div><div id=\"gliwi-1266862847\" style=\"margin-bottom: 30px;margin-left: auto;margin-right: auto;text-align: center;\"><a data-no-instant=\"1\" href=\"https:\/\/zlobek.halogen.org.pl\/\" rel=\"noopener\" class=\"a2t-link\" target=\"_blank\" aria-label=\"animator-zlobek_750x200\"><img loading=\"lazy\" decoding=\"async\" src=\"https:\/\/www.24gliwice.pl\/wiadomosci\/wp-content\/uploads\/2026\/02\/animator-zlobek_750x200.webp\" alt=\"\"  srcset=\"https:\/\/www.24gliwice.pl\/wiadomosci\/wp-content\/uploads\/2026\/02\/animator-zlobek_750x200.webp 750w, https:\/\/www.24gliwice.pl\/wiadomosci\/wp-content\/uploads\/2026\/02\/animator-zlobek_750x200-410x109.webp 410w\" sizes=\"(max-width: 750px) 100vw, 750px\" class=\"no-lazyload\" width=\"750\" height=\"200\"  style=\"display: inline-block; max-width: 100%; height: auto;\" \/><\/a><\/div><\/div>\n<h4>Maj\u0105 ju\u017c deklaracj\u0119 wsp\u00f3\u0142pracy partner\u00f3w, m.in.: Stowarzyszenia 80 Rower\u00f3w, Stowarzyszenia Wycieczki Rowerowe \u015al\u0105sk oraz akcji charytatywnej \u201eFilipowe kilometry\u201d.<\/h4>\n<p>Wyprawa jest zaplanowana na wiosn\u0119 przysz\u0142ego roku, ale przygotowania do niej ju\u017c si\u0119 rozpoczynaj\u0105. Jej organizatorzy zamierzaj\u0105 przeznaczy\u0107 \u015brodki z grantu na zakup stroj\u00f3w i akcesori\u00f3w rowerowych, wyprodukowanie materia\u0142\u00f3w promocyjnych, pakiety \u017cywieniowe dla uczestnik\u00f3w wyprawy, a tak\u017ce bilety kolejowe na powr\u00f3t do Gliwic.<\/p>\n<p>Do finalnej fazy g\u0142osowania jury zakwalifikowa\u0142o 5 pomys\u0142\u00f3w. Na zwyci\u0119ski projekt oddano 366 g\u0142os\u00f3w spo\u015br\u00f3d 1271. Co wa\u017cne, g\u0142osowa\u0107 mogli wy\u0142\u0105cznie uczniowie za po\u015brednictwem specjalnego formularza zg\u0142oszeniowego zamieszczonego w Internecie.<\/p>\n<h4>Projekt Forum M\u0142odych Pomys\u0142\u00f3w towarzyszy\u0142 dobrze znanej w mie\u015bcie i organizowanej od 14 lat inicjatywie &#8211; Rokowi Szkolnej Aktywno\u015bci. <\/h4>\n<p>Chodzi w nim przede wszystkim o w\u0142\u0105czenie m\u0142odego pokolenia w procesy partycypacyjne i \u017cycie spo\u0142eczne Gliwic. M\u0142odzi w ten spos\u00f3b mog\u0105 poczu\u0107 rzeczywisty wp\u0142yw na najbli\u017csze otoczenie i za po\u015brednictwem swoich szk\u00f3\u0142 zg\u0142osi\u0107 projekt, kt\u00f3ry zrealizuj\u0105 na rzecz ludzi, \u015brodowiska lub zwierz\u0105t w roku szkolnym 2021\/2022. Mog\u0105 to by\u0107 dzia\u0142ania, kt\u00f3re s\u0105 ju\u017c realizowane w ramach Szkolnych Klub\u00f3w Wolontariatu (SKW), a z pomoc\u0105 grantu mo\u017cna je rozwija\u0107 i ulepsza\u0107, b\u0105d\u017a zupe\u0142nie nowe pomys\u0142y.<\/p>\n<p>Wyniki konkursu og\u0142oszono 1 czerwca podczas fina\u0142owej gali w Forum, po\u0142\u0105czonej z wr\u0119czeniem nagr\u00f3d i wyr\u00f3\u017cnie\u0144 oraz podsumowaniem Roku Szkolnej Aktywno\u015bci. <\/p>\n<div class=\"gliwi-a5-na-koncu-artykulow gliwi-entity-placement\" id=\"gliwi-1491732833\"><div class=\"gliwi-adlabel\"><span style=\"font-size: 9px\">REKLAMA<\/span><\/div><div id=\"gliwi-513960945\" style=\"margin-left: auto;margin-right: auto;text-align: center;\"><a data-no-instant=\"1\" href=\"https:\/\/prezeroarenagliwice.pl\/\" rel=\"noopener\" class=\"a2t-link\" target=\"_blank\" aria-label=\"20260309-PREZERO-WIOSNA-D\"><img loading=\"lazy\" decoding=\"async\" src=\"https:\/\/www.24gliwice.pl\/wiadomosci\/wp-content\/uploads\/2026\/03\/20260309-PREZERO-WIOSNA-D.webp\" alt=\"\"  srcset=\"https:\/\/www.24gliwice.pl\/wiadomosci\/wp-content\/uploads\/2026\/03\/20260309-PREZERO-WIOSNA-D.webp 750w, https:\/\/www.24gliwice.pl\/wiadomosci\/wp-content\/uploads\/2026\/03\/20260309-PREZERO-WIOSNA-D-410x109.webp 410w\" sizes=\"(max-width: 750px) 100vw, 750px\" class=\"no-lazyload\" width=\"750\" height=\"200\"  style=\"display: inline-block; max-width: 100%; height: auto;\" \/><\/a><\/div><\/div>","protected":false},"excerpt":{"rendered":"<p>Pomys\u0142 na charytatywn\u0105 wypraw\u0119 rowerow\u0105 na Hel zdoby\u0142 najwi\u0119cej g\u0142os\u00f3w w I edycji konkursu Forum M\u0142odych Pomys\u0142\u00f3w. Na jego realizacj\u0119 pomys\u0142odawcy otrzymali grant od centrum handlowego Forum na kwot\u0119 8 tys. z\u0142. &nbsp; Zwyci\u0119ski projekt zg\u0142osi\u0142a Szko\u0142a Podstawowa z Oddzia\u0142ami Integracyjnymi Nr 21 im. H. Sienkiewicza w Gliwicach. Partnerem centrum w akcji by\u0142 Gliwicki O\u015brodek [&hellip;]<\/p>\n","protected":false},"author":15,"featured_media":171342,"comment_status":"closed","ping_status":"closed","sticky":false,"template":"","format":"standard","meta":{"_monsterinsights_skip_tracking":false,"_monsterinsights_sitenote_active":false,"_monsterinsights_sitenote_note":"","_monsterinsights_sitenote_category":0,"footnotes":"","_links_to":"","_links_to_target":""},"categories":[3,6,1],"tags":[19571],"class_list":["post-171337","post","type-post","status-publish","format-standard","has-post-thumbnail","hentry","category-gliwice","category-kultura","category-wszystko","tag-forum-mlodych-pomyslow"],"yoast_head":"<!-- This site is optimized with the Yoast SEO plugin v27.5 - https:\/\/yoast.com\/product\/yoast-seo-wordpress\/ -->\n<title>Wyprawa rowerowa na Hel z pomoc\u0105 dla gliwickiego hospicjum. Uczniowie otrzymali grant od Forum - 24GLIWICE - Portal Gliwice | codziennie nowe informacje<\/title>\n<meta name=\"robots\" content=\"index, follow, max-snippet:-1, max-image-preview:large, max-video-preview:-1\" \/>\n<link rel=\"canonical\" href=\"https:\/\/www.24gliwice.pl\/wiadomosci\/wyprawa-rowerowa-na-hel-z-misja-dla-gliwickiego-hospicjum-uczniowie-otrzymali-grant-od-forum\/\" \/>\n<meta property=\"og:locale\" content=\"pl_PL\" \/>\n<meta property=\"og:type\" content=\"article\" \/>\n<meta property=\"og:title\" content=\"Wyprawa rowerowa na Hel z pomoc\u0105 dla gliwickiego hospicjum. Uczniowie otrzymali grant od Forum - 24GLIWICE - Portal Gliwice | codziennie nowe informacje\" \/>\n<meta property=\"og:description\" content=\"Pomys\u0142 na charytatywn\u0105 wypraw\u0119 rowerow\u0105 na Hel zdoby\u0142 najwi\u0119cej g\u0142os\u00f3w w I edycji konkursu Forum M\u0142odych Pomys\u0142\u00f3w. Na jego realizacj\u0119 pomys\u0142odawcy otrzymali grant od centrum handlowego Forum na kwot\u0119 8 tys. z\u0142. &nbsp; Zwyci\u0119ski projekt zg\u0142osi\u0142a Szko\u0142a Podstawowa z Oddzia\u0142ami Integracyjnymi Nr 21 im. H. Sienkiewicza w Gliwicach. Partnerem centrum w akcji by\u0142 Gliwicki O\u015brodek [&hellip;]\" \/>\n<meta property=\"og:url\" content=\"https:\/\/www.24gliwice.pl\/wiadomosci\/wyprawa-rowerowa-na-hel-z-misja-dla-gliwickiego-hospicjum-uczniowie-otrzymali-grant-od-forum\/\" \/>\n<meta property=\"og:site_name\" content=\"24GLIWICE - Portal Gliwice | codziennie nowe informacje\" \/>\n<meta property=\"article:publisher\" content=\"https:\/\/www.facebook.com\/24gliwice\" \/>\n<meta property=\"article:published_time\" content=\"2021-06-02T17:30:42+00:00\" \/>\n<meta property=\"article:modified_time\" content=\"2021-06-02T17:32:52+00:00\" \/>\n<meta property=\"og:image\" content=\"https:\/\/www.24gliwice.pl\/wiadomosci\/wp-content\/uploads\/2021\/06\/forum-mlodych-pomyslow-fot.B.Gawlik.jpg\" \/>\n\t<meta property=\"og:image:width\" content=\"810\" \/>\n\t<meta property=\"og:image:height\" content=\"457\" \/>\n\t<meta property=\"og:image:type\" content=\"image\/jpeg\" \/>\n<meta name=\"author\" content=\"\u017baneta Mrozek-Siewierska\" \/>\n<meta name=\"twitter:card\" content=\"summary_large_image\" \/>\n<meta name=\"twitter:creator\" content=\"@24gliwice\" \/>\n<meta name=\"twitter:site\" content=\"@24gliwice\" \/>\n<meta name=\"twitter:label1\" content=\"Napisane przez\" \/>\n\t<meta name=\"twitter:data1\" content=\"\u017baneta Mrozek-Siewierska\" \/>\n\t<meta name=\"twitter:label2\" content=\"Szacowany czas czytania\" \/>\n\t<meta name=\"twitter:data2\" content=\"2 minuty\" \/>\n<script type=\"application\/ld+json\" class=\"yoast-schema-graph\">{\"@context\":\"https:\\\/\\\/schema.org\",\"@graph\":[{\"@type\":\"Article\",\"@id\":\"https:\\\/\\\/www.24gliwice.pl\\\/wiadomosci\\\/wyprawa-rowerowa-na-hel-z-misja-dla-gliwickiego-hospicjum-uczniowie-otrzymali-grant-od-forum\\\/#article\",\"isPartOf\":{\"@id\":\"https:\\\/\\\/www.24gliwice.pl\\\/wiadomosci\\\/wyprawa-rowerowa-na-hel-z-misja-dla-gliwickiego-hospicjum-uczniowie-otrzymali-grant-od-forum\\\/\"},\"author\":{\"name\":\"\u017baneta Mrozek-Siewierska\",\"@id\":\"https:\\\/\\\/www.24gliwice.pl\\\/wiadomosci\\\/#\\\/schema\\\/person\\\/e42c650edd7f2fa332be3811fb166b6e\"},\"headline\":\"Wyprawa rowerowa na Hel z pomoc\u0105 dla gliwickiego hospicjum. Uczniowie otrzymali grant od Forum\",\"datePublished\":\"2021-06-02T17:30:42+00:00\",\"dateModified\":\"2021-06-02T17:32:52+00:00\",\"mainEntityOfPage\":{\"@id\":\"https:\\\/\\\/www.24gliwice.pl\\\/wiadomosci\\\/wyprawa-rowerowa-na-hel-z-misja-dla-gliwickiego-hospicjum-uczniowie-otrzymali-grant-od-forum\\\/\"},\"wordCount\":394,\"publisher\":{\"@id\":\"https:\\\/\\\/www.24gliwice.pl\\\/wiadomosci\\\/#organization\"},\"image\":{\"@id\":\"https:\\\/\\\/www.24gliwice.pl\\\/wiadomosci\\\/wyprawa-rowerowa-na-hel-z-misja-dla-gliwickiego-hospicjum-uczniowie-otrzymali-grant-od-forum\\\/#primaryimage\"},\"thumbnailUrl\":\"https:\\\/\\\/www.24gliwice.pl\\\/wiadomosci\\\/wp-content\\\/uploads\\\/2021\\\/06\\\/forum-mlodych-pomyslow-fot.B.Gawlik.jpg\",\"keywords\":[\"forum m\u0142odych pomys\u0142\u00f3w\"],\"articleSection\":[\"Gliwice\",\"Kultura, wydarzenia, imprezy\",\"Najnowsze wiadomo\u015bci\"],\"inLanguage\":\"pl-PL\"},{\"@type\":\"WebPage\",\"@id\":\"https:\\\/\\\/www.24gliwice.pl\\\/wiadomosci\\\/wyprawa-rowerowa-na-hel-z-misja-dla-gliwickiego-hospicjum-uczniowie-otrzymali-grant-od-forum\\\/\",\"url\":\"https:\\\/\\\/www.24gliwice.pl\\\/wiadomosci\\\/wyprawa-rowerowa-na-hel-z-misja-dla-gliwickiego-hospicjum-uczniowie-otrzymali-grant-od-forum\\\/\",\"name\":\"Wyprawa rowerowa na Hel z pomoc\u0105 dla gliwickiego hospicjum. Uczniowie otrzymali grant od Forum - 24GLIWICE - Portal Gliwice | codziennie nowe informacje\",\"isPartOf\":{\"@id\":\"https:\\\/\\\/www.24gliwice.pl\\\/wiadomosci\\\/#website\"},\"primaryImageOfPage\":{\"@id\":\"https:\\\/\\\/www.24gliwice.pl\\\/wiadomosci\\\/wyprawa-rowerowa-na-hel-z-misja-dla-gliwickiego-hospicjum-uczniowie-otrzymali-grant-od-forum\\\/#primaryimage\"},\"image\":{\"@id\":\"https:\\\/\\\/www.24gliwice.pl\\\/wiadomosci\\\/wyprawa-rowerowa-na-hel-z-misja-dla-gliwickiego-hospicjum-uczniowie-otrzymali-grant-od-forum\\\/#primaryimage\"},\"thumbnailUrl\":\"https:\\\/\\\/www.24gliwice.pl\\\/wiadomosci\\\/wp-content\\\/uploads\\\/2021\\\/06\\\/forum-mlodych-pomyslow-fot.B.Gawlik.jpg\",\"datePublished\":\"2021-06-02T17:30:42+00:00\",\"dateModified\":\"2021-06-02T17:32:52+00:00\",\"breadcrumb\":{\"@id\":\"https:\\\/\\\/www.24gliwice.pl\\\/wiadomosci\\\/wyprawa-rowerowa-na-hel-z-misja-dla-gliwickiego-hospicjum-uczniowie-otrzymali-grant-od-forum\\\/#breadcrumb\"},\"inLanguage\":\"pl-PL\",\"potentialAction\":[{\"@type\":\"ReadAction\",\"target\":[\"https:\\\/\\\/www.24gliwice.pl\\\/wiadomosci\\\/wyprawa-rowerowa-na-hel-z-misja-dla-gliwickiego-hospicjum-uczniowie-otrzymali-grant-od-forum\\\/\"]}]},{\"@type\":\"ImageObject\",\"inLanguage\":\"pl-PL\",\"@id\":\"https:\\\/\\\/www.24gliwice.pl\\\/wiadomosci\\\/wyprawa-rowerowa-na-hel-z-misja-dla-gliwickiego-hospicjum-uczniowie-otrzymali-grant-od-forum\\\/#primaryimage\",\"url\":\"https:\\\/\\\/www.24gliwice.pl\\\/wiadomosci\\\/wp-content\\\/uploads\\\/2021\\\/06\\\/forum-mlodych-pomyslow-fot.B.Gawlik.jpg\",\"contentUrl\":\"https:\\\/\\\/www.24gliwice.pl\\\/wiadomosci\\\/wp-content\\\/uploads\\\/2021\\\/06\\\/forum-mlodych-pomyslow-fot.B.Gawlik.jpg\",\"width\":810,\"height\":457},{\"@type\":\"BreadcrumbList\",\"@id\":\"https:\\\/\\\/www.24gliwice.pl\\\/wiadomosci\\\/wyprawa-rowerowa-na-hel-z-misja-dla-gliwickiego-hospicjum-uczniowie-otrzymali-grant-od-forum\\\/#breadcrumb\",\"itemListElement\":[{\"@type\":\"ListItem\",\"position\":1,\"name\":\"Strona g\u0142\u00f3wna\",\"item\":\"https:\\\/\\\/www.24gliwice.pl\\\/wiadomosci\\\/\"},{\"@type\":\"ListItem\",\"position\":2,\"name\":\"Wyprawa rowerowa na Hel z pomoc\u0105 dla gliwickiego hospicjum. Uczniowie otrzymali grant od Forum\"}]},{\"@type\":\"WebSite\",\"@id\":\"https:\\\/\\\/www.24gliwice.pl\\\/wiadomosci\\\/#website\",\"url\":\"https:\\\/\\\/www.24gliwice.pl\\\/wiadomosci\\\/\",\"name\":\"24GLIWICE - Portal Gliwice | codziennie nowe wiadomo\u015bci\",\"description\":\"Portal Miejski Gliwice\",\"publisher\":{\"@id\":\"https:\\\/\\\/www.24gliwice.pl\\\/wiadomosci\\\/#organization\"},\"potentialAction\":[{\"@type\":\"SearchAction\",\"target\":{\"@type\":\"EntryPoint\",\"urlTemplate\":\"https:\\\/\\\/www.24gliwice.pl\\\/wiadomosci\\\/?s={search_term_string}\"},\"query-input\":{\"@type\":\"PropertyValueSpecification\",\"valueRequired\":true,\"valueName\":\"search_term_string\"}}],\"inLanguage\":\"pl-PL\"},{\"@type\":\"Organization\",\"@id\":\"https:\\\/\\\/www.24gliwice.pl\\\/wiadomosci\\\/#organization\",\"name\":\"24gliwice\",\"url\":\"https:\\\/\\\/www.24gliwice.pl\\\/wiadomosci\\\/\",\"logo\":{\"@type\":\"ImageObject\",\"inLanguage\":\"pl-PL\",\"@id\":\"https:\\\/\\\/www.24gliwice.pl\\\/wiadomosci\\\/#\\\/schema\\\/logo\\\/image\\\/\",\"url\":\"https:\\\/\\\/www.24gliwice.pl\\\/wiadomosci\\\/wp-content\\\/uploads\\\/2024\\\/10\\\/24gliwice-logo-696.jpg\",\"contentUrl\":\"https:\\\/\\\/www.24gliwice.pl\\\/wiadomosci\\\/wp-content\\\/uploads\\\/2024\\\/10\\\/24gliwice-logo-696.jpg\",\"width\":696,\"height\":696,\"caption\":\"24gliwice\"},\"image\":{\"@id\":\"https:\\\/\\\/www.24gliwice.pl\\\/wiadomosci\\\/#\\\/schema\\\/logo\\\/image\\\/\"},\"sameAs\":[\"https:\\\/\\\/www.facebook.com\\\/24gliwice\",\"https:\\\/\\\/x.com\\\/24gliwice\",\"https:\\\/\\\/www.youtube.com\\\/@24gliwice\"]},{\"@type\":\"Person\",\"@id\":\"https:\\\/\\\/www.24gliwice.pl\\\/wiadomosci\\\/#\\\/schema\\\/person\\\/e42c650edd7f2fa332be3811fb166b6e\",\"name\":\"\u017baneta Mrozek-Siewierska\",\"image\":{\"@type\":\"ImageObject\",\"inLanguage\":\"pl-PL\",\"@id\":\"https:\\\/\\\/secure.gravatar.com\\\/avatar\\\/1881429e9c64597c77ad7aef2d0a19be69a3253e57534d16aa15bf3a4d34a0a3?s=96&d=mm&r=g\",\"url\":\"https:\\\/\\\/secure.gravatar.com\\\/avatar\\\/1881429e9c64597c77ad7aef2d0a19be69a3253e57534d16aa15bf3a4d34a0a3?s=96&d=mm&r=g\",\"contentUrl\":\"https:\\\/\\\/secure.gravatar.com\\\/avatar\\\/1881429e9c64597c77ad7aef2d0a19be69a3253e57534d16aa15bf3a4d34a0a3?s=96&d=mm&r=g\",\"caption\":\"\u017baneta Mrozek-Siewierska\"},\"url\":\"https:\\\/\\\/www.24gliwice.pl\\\/wiadomosci\\\/author\\\/zms\\\/\"}]}<\/script>\n<!-- \/ Yoast SEO plugin. -->","yoast_head_json":{"title":"Wyprawa rowerowa na Hel z pomoc\u0105 dla gliwickiego hospicjum. Uczniowie otrzymali grant od Forum - 24GLIWICE - Portal Gliwice | codziennie nowe informacje","robots":{"index":"index","follow":"follow","max-snippet":"max-snippet:-1","max-image-preview":"max-image-preview:large","max-video-preview":"max-video-preview:-1"},"canonical":"https:\/\/www.24gliwice.pl\/wiadomosci\/wyprawa-rowerowa-na-hel-z-misja-dla-gliwickiego-hospicjum-uczniowie-otrzymali-grant-od-forum\/","og_locale":"pl_PL","og_type":"article","og_title":"Wyprawa rowerowa na Hel z pomoc\u0105 dla gliwickiego hospicjum. Uczniowie otrzymali grant od Forum - 24GLIWICE - Portal Gliwice | codziennie nowe informacje","og_description":"Pomys\u0142 na charytatywn\u0105 wypraw\u0119 rowerow\u0105 na Hel zdoby\u0142 najwi\u0119cej g\u0142os\u00f3w w I edycji konkursu Forum M\u0142odych Pomys\u0142\u00f3w. Na jego realizacj\u0119 pomys\u0142odawcy otrzymali grant od centrum handlowego Forum na kwot\u0119 8 tys. z\u0142. &nbsp; Zwyci\u0119ski projekt zg\u0142osi\u0142a Szko\u0142a Podstawowa z Oddzia\u0142ami Integracyjnymi Nr 21 im. H. Sienkiewicza w Gliwicach. Partnerem centrum w akcji by\u0142 Gliwicki O\u015brodek [&hellip;]","og_url":"https:\/\/www.24gliwice.pl\/wiadomosci\/wyprawa-rowerowa-na-hel-z-misja-dla-gliwickiego-hospicjum-uczniowie-otrzymali-grant-od-forum\/","og_site_name":"24GLIWICE - Portal Gliwice | codziennie nowe informacje","article_publisher":"https:\/\/www.facebook.com\/24gliwice","article_published_time":"2021-06-02T17:30:42+00:00","article_modified_time":"2021-06-02T17:32:52+00:00","og_image":[{"width":810,"height":457,"url":"https:\/\/www.24gliwice.pl\/wiadomosci\/wp-content\/uploads\/2021\/06\/forum-mlodych-pomyslow-fot.B.Gawlik.jpg","type":"image\/jpeg"}],"author":"\u017baneta Mrozek-Siewierska","twitter_card":"summary_large_image","twitter_creator":"@24gliwice","twitter_site":"@24gliwice","twitter_misc":{"Napisane przez":"\u017baneta Mrozek-Siewierska","Szacowany czas czytania":"2 minuty"},"schema":{"@context":"https:\/\/schema.org","@graph":[{"@type":"Article","@id":"https:\/\/www.24gliwice.pl\/wiadomosci\/wyprawa-rowerowa-na-hel-z-misja-dla-gliwickiego-hospicjum-uczniowie-otrzymali-grant-od-forum\/#article","isPartOf":{"@id":"https:\/\/www.24gliwice.pl\/wiadomosci\/wyprawa-rowerowa-na-hel-z-misja-dla-gliwickiego-hospicjum-uczniowie-otrzymali-grant-od-forum\/"},"author":{"name":"\u017baneta Mrozek-Siewierska","@id":"https:\/\/www.24gliwice.pl\/wiadomosci\/#\/schema\/person\/e42c650edd7f2fa332be3811fb166b6e"},"headline":"Wyprawa rowerowa na Hel z pomoc\u0105 dla gliwickiego hospicjum. Uczniowie otrzymali grant od Forum","datePublished":"2021-06-02T17:30:42+00:00","dateModified":"2021-06-02T17:32:52+00:00","mainEntityOfPage":{"@id":"https:\/\/www.24gliwice.pl\/wiadomosci\/wyprawa-rowerowa-na-hel-z-misja-dla-gliwickiego-hospicjum-uczniowie-otrzymali-grant-od-forum\/"},"wordCount":394,"publisher":{"@id":"https:\/\/www.24gliwice.pl\/wiadomosci\/#organization"},"image":{"@id":"https:\/\/www.24gliwice.pl\/wiadomosci\/wyprawa-rowerowa-na-hel-z-misja-dla-gliwickiego-hospicjum-uczniowie-otrzymali-grant-od-forum\/#primaryimage"},"thumbnailUrl":"https:\/\/www.24gliwice.pl\/wiadomosci\/wp-content\/uploads\/2021\/06\/forum-mlodych-pomyslow-fot.B.Gawlik.jpg","keywords":["forum m\u0142odych pomys\u0142\u00f3w"],"articleSection":["Gliwice","Kultura, wydarzenia, imprezy","Najnowsze wiadomo\u015bci"],"inLanguage":"pl-PL"},{"@type":"WebPage","@id":"https:\/\/www.24gliwice.pl\/wiadomosci\/wyprawa-rowerowa-na-hel-z-misja-dla-gliwickiego-hospicjum-uczniowie-otrzymali-grant-od-forum\/","url":"https:\/\/www.24gliwice.pl\/wiadomosci\/wyprawa-rowerowa-na-hel-z-misja-dla-gliwickiego-hospicjum-uczniowie-otrzymali-grant-od-forum\/","name":"Wyprawa rowerowa na Hel z pomoc\u0105 dla gliwickiego hospicjum. Uczniowie otrzymali grant od Forum - 24GLIWICE - Portal Gliwice | codziennie nowe informacje","isPartOf":{"@id":"https:\/\/www.24gliwice.pl\/wiadomosci\/#website"},"primaryImageOfPage":{"@id":"https:\/\/www.24gliwice.pl\/wiadomosci\/wyprawa-rowerowa-na-hel-z-misja-dla-gliwickiego-hospicjum-uczniowie-otrzymali-grant-od-forum\/#primaryimage"},"image":{"@id":"https:\/\/www.24gliwice.pl\/wiadomosci\/wyprawa-rowerowa-na-hel-z-misja-dla-gliwickiego-hospicjum-uczniowie-otrzymali-grant-od-forum\/#primaryimage"},"thumbnailUrl":"https:\/\/www.24gliwice.pl\/wiadomosci\/wp-content\/uploads\/2021\/06\/forum-mlodych-pomyslow-fot.B.Gawlik.jpg","datePublished":"2021-06-02T17:30:42+00:00","dateModified":"2021-06-02T17:32:52+00:00","breadcrumb":{"@id":"https:\/\/www.24gliwice.pl\/wiadomosci\/wyprawa-rowerowa-na-hel-z-misja-dla-gliwickiego-hospicjum-uczniowie-otrzymali-grant-od-forum\/#breadcrumb"},"inLanguage":"pl-PL","potentialAction":[{"@type":"ReadAction","target":["https:\/\/www.24gliwice.pl\/wiadomosci\/wyprawa-rowerowa-na-hel-z-misja-dla-gliwickiego-hospicjum-uczniowie-otrzymali-grant-od-forum\/"]}]},{"@type":"ImageObject","inLanguage":"pl-PL","@id":"https:\/\/www.24gliwice.pl\/wiadomosci\/wyprawa-rowerowa-na-hel-z-misja-dla-gliwickiego-hospicjum-uczniowie-otrzymali-grant-od-forum\/#primaryimage","url":"https:\/\/www.24gliwice.pl\/wiadomosci\/wp-content\/uploads\/2021\/06\/forum-mlodych-pomyslow-fot.B.Gawlik.jpg","contentUrl":"https:\/\/www.24gliwice.pl\/wiadomosci\/wp-content\/uploads\/2021\/06\/forum-mlodych-pomyslow-fot.B.Gawlik.jpg","width":810,"height":457},{"@type":"BreadcrumbList","@id":"https:\/\/www.24gliwice.pl\/wiadomosci\/wyprawa-rowerowa-na-hel-z-misja-dla-gliwickiego-hospicjum-uczniowie-otrzymali-grant-od-forum\/#breadcrumb","itemListElement":[{"@type":"ListItem","position":1,"name":"Strona g\u0142\u00f3wna","item":"https:\/\/www.24gliwice.pl\/wiadomosci\/"},{"@type":"ListItem","position":2,"name":"Wyprawa rowerowa na Hel z pomoc\u0105 dla gliwickiego hospicjum. Uczniowie otrzymali grant od Forum"}]},{"@type":"WebSite","@id":"https:\/\/www.24gliwice.pl\/wiadomosci\/#website","url":"https:\/\/www.24gliwice.pl\/wiadomosci\/","name":"24GLIWICE - Portal Gliwice | codziennie nowe wiadomo\u015bci","description":"Portal Miejski Gliwice","publisher":{"@id":"https:\/\/www.24gliwice.pl\/wiadomosci\/#organization"},"potentialAction":[{"@type":"SearchAction","target":{"@type":"EntryPoint","urlTemplate":"https:\/\/www.24gliwice.pl\/wiadomosci\/?s={search_term_string}"},"query-input":{"@type":"PropertyValueSpecification","valueRequired":true,"valueName":"search_term_string"}}],"inLanguage":"pl-PL"},{"@type":"Organization","@id":"https:\/\/www.24gliwice.pl\/wiadomosci\/#organization","name":"24gliwice","url":"https:\/\/www.24gliwice.pl\/wiadomosci\/","logo":{"@type":"ImageObject","inLanguage":"pl-PL","@id":"https:\/\/www.24gliwice.pl\/wiadomosci\/#\/schema\/logo\/image\/","url":"https:\/\/www.24gliwice.pl\/wiadomosci\/wp-content\/uploads\/2024\/10\/24gliwice-logo-696.jpg","contentUrl":"https:\/\/www.24gliwice.pl\/wiadomosci\/wp-content\/uploads\/2024\/10\/24gliwice-logo-696.jpg","width":696,"height":696,"caption":"24gliwice"},"image":{"@id":"https:\/\/www.24gliwice.pl\/wiadomosci\/#\/schema\/logo\/image\/"},"sameAs":["https:\/\/www.facebook.com\/24gliwice","https:\/\/x.com\/24gliwice","https:\/\/www.youtube.com\/@24gliwice"]},{"@type":"Person","@id":"https:\/\/www.24gliwice.pl\/wiadomosci\/#\/schema\/person\/e42c650edd7f2fa332be3811fb166b6e","name":"\u017baneta Mrozek-Siewierska","image":{"@type":"ImageObject","inLanguage":"pl-PL","@id":"https:\/\/secure.gravatar.com\/avatar\/1881429e9c64597c77ad7aef2d0a19be69a3253e57534d16aa15bf3a4d34a0a3?s=96&d=mm&r=g","url":"https:\/\/secure.gravatar.com\/avatar\/1881429e9c64597c77ad7aef2d0a19be69a3253e57534d16aa15bf3a4d34a0a3?s=96&d=mm&r=g","contentUrl":"https:\/\/secure.gravatar.com\/avatar\/1881429e9c64597c77ad7aef2d0a19be69a3253e57534d16aa15bf3a4d34a0a3?s=96&d=mm&r=g","caption":"\u017baneta Mrozek-Siewierska"},"url":"https:\/\/www.24gliwice.pl\/wiadomosci\/author\/zms\/"}]}},"_links":{"self":[{"href":"https:\/\/www.24gliwice.pl\/wiadomosci\/wp-json\/wp\/v2\/posts\/171337","targetHints":{"allow":["GET"]}}],"collection":[{"href":"https:\/\/www.24gliwice.pl\/wiadomosci\/wp-json\/wp\/v2\/posts"}],"about":[{"href":"https:\/\/www.24gliwice.pl\/wiadomosci\/wp-json\/wp\/v2\/types\/post"}],"author":[{"embeddable":true,"href":"https:\/\/www.24gliwice.pl\/wiadomosci\/wp-json\/wp\/v2\/users\/15"}],"replies":[{"embeddable":true,"href":"https:\/\/www.24gliwice.pl\/wiadomosci\/wp-json\/wp\/v2\/comments?post=171337"}],"version-history":[{"count":0,"href":"https:\/\/www.24gliwice.pl\/wiadomosci\/wp-json\/wp\/v2\/posts\/171337\/revisions"}],"wp:featuredmedia":[{"embeddable":true,"href":"https:\/\/www.24gliwice.pl\/wiadomosci\/wp-json\/wp\/v2\/media\/171342"}],"wp:attachment":[{"href":"https:\/\/www.24gliwice.pl\/wiadomosci\/wp-json\/wp\/v2\/media?parent=171337"}],"wp:term":[{"taxonomy":"category","embeddable":true,"href":"https:\/\/www.24gliwice.pl\/wiadomosci\/wp-json\/wp\/v2\/categories?post=171337"},{"taxonomy":"post_tag","embeddable":true,"href":"https:\/\/www.24gliwice.pl\/wiadomosci\/wp-json\/wp\/v2\/tags?post=171337"}],"curies":[{"name":"wp","href":"https:\/\/api.w.org\/{rel}","templated":true}]}}