{"id":173700,"date":"2021-07-18T02:18:42","date_gmt":"2021-07-18T00:18:42","guid":{"rendered":"https:\/\/www.24gliwice.pl\/wiadomosci\/?p=173700"},"modified":"2021-07-18T02:18:42","modified_gmt":"2021-07-18T00:18:42","slug":"opel-w-gliwicach-przechodzi-do-historii-w-2022-roku-ruszy-produkcja-dostawczakow","status":"publish","type":"post","link":"https:\/\/www.24gliwice.pl\/wiadomosci\/opel-w-gliwicach-przechodzi-do-historii-w-2022-roku-ruszy-produkcja-dostawczakow\/","title":{"rendered":"&#8220;Opel w Gliwicach&#8221; przechodzi do historii. W 2022 roku ruszy produkcja dostawczak\u00f3w"},"content":{"rendered":"<div class=\"gliwi-a6-nad-leadem-artykulow gliwi-entity-placement\" id=\"gliwi-526451855\"><div class=\"gliwi-adlabel\"><span style=\"font-size: 9px\">REKLAMA<\/span><\/div><div id=\"gliwi-1517601900\" style=\"margin-bottom: 25px;margin-left: auto;margin-right: auto;text-align: center;\"><a data-no-instant=\"1\" href=\"https:\/\/dom100.eu\/\" rel=\"noopener\" class=\"a2t-link\" target=\"_blank\" aria-label=\"20260415 DOM100 D\"><img loading=\"lazy\" decoding=\"async\" src=\"https:\/\/www.24gliwice.pl\/wiadomosci\/wp-content\/uploads\/2026\/04\/20260415-DOM100-D.jpg\" alt=\"\"  srcset=\"https:\/\/www.24gliwice.pl\/wiadomosci\/wp-content\/uploads\/2026\/04\/20260415-DOM100-D.jpg 750w, https:\/\/www.24gliwice.pl\/wiadomosci\/wp-content\/uploads\/2026\/04\/20260415-DOM100-D-410x109.jpg 410w\" sizes=\"(max-width: 750px) 100vw, 750px\" class=\"no-lazyload\" width=\"750\" height=\"200\"  style=\"display: inline-block; max-width: 100%; height: auto;\" \/><\/a><\/div><\/div><h2>W grudniu gliwicka fabryka Opla zako\u0144czy produkcj\u0119 Astry pi\u0105tej generacji. W przysz\u0142ym roku, po zmianach strukturalnych, nowoutworzona firma Stellantis Gliwice rozpocznie produkcj\u0119 aut dostawczych.<\/h2>\n<p>&nbsp;<br \/>\nStellantis Gliwice powstanie po po\u0142\u0105czeniu dzia\u0142aj\u0105cych obecnie na terenie fabryki Opel Manufacturing Poland i PSA Manufacturing Poland. Jakie dok\u0142adnie samochody b\u0119d\u0105 produkowane w Gliwicach? Opel Movano, Peugeot Boxer, Citroen Jumper oraz Fiat Ducato.<\/p>\n<p>Przygotowania do zmiany funkcjonowania gliwickiego zak\u0142adu trwaj\u0105 od dw\u00f3ch lat. W 2019 roku rozpocz\u0119\u0142a si\u0119 rozbudowa fabryki o nowe hale przy ul. Edisona. \u0141\u0105cznie, kosztem 280-300 mln euro powsta\u0142o 78 tys. metr\u00f3w kwadratowych przestrzeni roboczej (dotychczas by\u0142o to 180 tys m2). Jak przekazuje PSA, zatrudnienie w fabryce ma wzrosn\u0105\u0107 o ok. 500 os\u00f3b.<\/p><div class=\"gliwi-a3-w-tresci-artykulow gliwi-entity-placement\" id=\"gliwi-2552221872\"><div class=\"gliwi-adlabel\"><span style=\"font-size: 9px\">REKLAMA<\/span><\/div><div id=\"gliwi-3974329806\" style=\"margin-bottom: 30px;margin-left: auto;margin-right: auto;text-align: center;\"><a data-no-instant=\"1\" href=\"https:\/\/ogrodyandersa.pl\/\" rel=\"noopener\" class=\"a2t-link\" target=\"_blank\" aria-label=\"20260415 Ogrody Andersa KUP TERAZ D\"><img loading=\"lazy\" decoding=\"async\" src=\"https:\/\/www.24gliwice.pl\/wiadomosci\/wp-content\/uploads\/2026\/04\/20260415-Ogrody-Andersa-KUP-TERAZ-D.jpg\" alt=\"\"  srcset=\"https:\/\/www.24gliwice.pl\/wiadomosci\/wp-content\/uploads\/2026\/04\/20260415-Ogrody-Andersa-KUP-TERAZ-D.jpg 750w, https:\/\/www.24gliwice.pl\/wiadomosci\/wp-content\/uploads\/2026\/04\/20260415-Ogrody-Andersa-KUP-TERAZ-D-410x109.jpg 410w\" sizes=\"(max-width: 750px) 100vw, 750px\" class=\"no-lazyload\" width=\"750\" height=\"200\"  style=\"display: inline-block; max-width: 100%; height: auto;\" \/><\/a><\/div><\/div>\n<p>Plany firmy zak\u0142adaj\u0105, \u017ce ju\u017c w przysz\u0142ym roku z linii produkcyjnej ma zjecha\u0107 50 tysi\u0119cy samochod\u00f3w dostawczych. W 2023 roku produkcja ma si\u0119gn\u0105\u0107 100 tysi\u0119cy nowych modeli. <\/p>\n<p>Gliwicka fabryka ma wyr\u00f3\u017cnia\u0107 si\u0119 na tle innych zak\u0142ad\u00f3w koncernu Stellantis produkcj\u0105 samochod\u00f3w elektrycznych. Do 2025 roku 70% dostawczak\u00f3w ma mie\u0107 w\u0142a\u015bnie tak\u0105 charakterystyk\u0119. <\/p>\n<p><a href=\"https:\/\/www.24gliwice.pl\/wiadomosci\/wp-content\/uploads\/2021\/07\/1-opel-1.jpg\"><img loading=\"lazy\" decoding=\"async\" src=\"https:\/\/www.24gliwice.pl\/wiadomosci\/wp-content\/uploads\/2021\/07\/1-opel-1.jpg\" alt=\"\" width=\"810\" height=\"458\" class=\"aligncenter size-full wp-image-173712\" srcset=\"https:\/\/www.24gliwice.pl\/wiadomosci\/wp-content\/uploads\/2021\/07\/1-opel-1.jpg 810w, https:\/\/www.24gliwice.pl\/wiadomosci\/wp-content\/uploads\/2021\/07\/1-opel-1-410x232.jpg 410w, https:\/\/www.24gliwice.pl\/wiadomosci\/wp-content\/uploads\/2021\/07\/1-opel-1-805x455.jpg 805w, https:\/\/www.24gliwice.pl\/wiadomosci\/wp-content\/uploads\/2021\/07\/1-opel-1-768x434.jpg 768w\" sizes=\"auto, (max-width: 810px) 100vw, 810px\" \/><\/a><\/p>\n<h4>Zmiany w\u0142asno\u015bciowe to te\u017c symboliczny koniec &#8220;Opla w Gliwicach&#8221;. <\/h4>\n<p>Teraz zak\u0142ad pod szyldem Stellantis Gliwice b\u0119dzie produkowa\u0142 samochody wielu marek. Fabryka powsta\u0142a w 1998 roku, cho\u0107 starania o \u015bci\u0105gni\u0119cie inwestycji General Motors do Gliwic prowadzone by\u0142y du\u017co wcze\u015bniej. Budowa fabryki trwa\u0142a 22 miesi\u0105ce, a pierwszych pracownik\u00f3w Opel zatrudni\u0142 ju\u017c w 1997 roku. Zach\u0119camy do lektury materia\u0142u historycznego: <a href=\"https:\/\/www.24gliwice.pl\/wiadomosci\/minelo-20-lat-fabryki-opla-w-gliwicach-na-poczatek-z-tasmy-zjechala-astra-classic-i-generacji\/\" rel=\"noopener\" target=\"_blank\">MIN\u0118\u0141O 20 LAT FABRYKI OPLA W GLIWICACH. NA POCZ\u0104TEK Z TA\u015aMY ZJECHA\u0141A ASTRA CLASSIC I GENERACJI<\/a>.<br \/>\n(msz)<\/p>\n<div class=\"gliwi-a5-na-koncu-artykulow gliwi-entity-placement\" id=\"gliwi-4190858079\"><div class=\"gliwi-adlabel\"><span style=\"font-size: 9px\">REKLAMA<\/span><\/div><div id=\"gliwi-1783837857\" style=\"margin-left: auto;margin-right: auto;text-align: center;\"><a data-no-instant=\"1\" href=\"https:\/\/prezeroarenagliwice.pl\/\" rel=\"noopener\" class=\"a2t-link\" target=\"_blank\" aria-label=\"20260309-PREZERO-WIOSNA-D\"><img loading=\"lazy\" decoding=\"async\" src=\"https:\/\/www.24gliwice.pl\/wiadomosci\/wp-content\/uploads\/2026\/03\/20260309-PREZERO-WIOSNA-D.webp\" alt=\"\"  srcset=\"https:\/\/www.24gliwice.pl\/wiadomosci\/wp-content\/uploads\/2026\/03\/20260309-PREZERO-WIOSNA-D.webp 750w, https:\/\/www.24gliwice.pl\/wiadomosci\/wp-content\/uploads\/2026\/03\/20260309-PREZERO-WIOSNA-D-410x109.webp 410w\" sizes=\"(max-width: 750px) 100vw, 750px\" class=\"no-lazyload\" width=\"750\" height=\"200\"  style=\"display: inline-block; max-width: 100%; height: auto;\" \/><\/a><\/div><\/div>","protected":false},"excerpt":{"rendered":"<p>W grudniu gliwicka fabryka Opla zako\u0144czy produkcj\u0119 Astry pi\u0105tej generacji. W przysz\u0142ym roku, po zmianach strukturalnych, nowoutworzona firma Stellantis Gliwice rozpocznie produkcj\u0119 aut dostawczych. &nbsp; Stellantis Gliwice powstanie po po\u0142\u0105czeniu dzia\u0142aj\u0105cych obecnie na terenie fabryki Opel Manufacturing Poland i PSA Manufacturing Poland. Jakie dok\u0142adnie samochody b\u0119d\u0105 produkowane w Gliwicach? Opel Movano, Peugeot Boxer, Citroen Jumper [&hellip;]<\/p>\n","protected":false},"author":12,"featured_media":173713,"comment_status":"open","ping_status":"closed","sticky":false,"template":"","format":"standard","meta":{"_monsterinsights_skip_tracking":false,"_monsterinsights_sitenote_active":false,"_monsterinsights_sitenote_note":"","_monsterinsights_sitenote_category":0,"footnotes":"","_links_to":"","_links_to_target":""},"categories":[3,1,9],"tags":[8425,19771],"class_list":["post-173700","post","type-post","status-publish","format-standard","has-post-thumbnail","hentry","category-gliwice","category-wszystko","category-aktualnosci_lokalne","tag-opel","tag-stellantis"],"yoast_head":"<!-- This site is optimized with the Yoast SEO plugin v27.5 - https:\/\/yoast.com\/product\/yoast-seo-wordpress\/ -->\n<title>&quot;Opel w Gliwicach&quot; przechodzi do historii. W 2022 roku ruszy produkcja dostawczak\u00f3w - 24GLIWICE - Portal Gliwice | codziennie nowe informacje<\/title>\n<meta name=\"robots\" content=\"index, follow, max-snippet:-1, max-image-preview:large, max-video-preview:-1\" \/>\n<link rel=\"canonical\" href=\"https:\/\/www.24gliwice.pl\/wiadomosci\/opel-w-gliwicach-przechodzi-do-historii-w-2022-roku-ruszy-produkcja-dostawczakow\/\" \/>\n<meta property=\"og:locale\" content=\"pl_PL\" \/>\n<meta property=\"og:type\" content=\"article\" \/>\n<meta property=\"og:title\" content=\"&quot;Opel w Gliwicach&quot; przechodzi do historii. W 2022 roku ruszy produkcja dostawczak\u00f3w - 24GLIWICE - Portal Gliwice | codziennie nowe informacje\" \/>\n<meta property=\"og:description\" content=\"W grudniu gliwicka fabryka Opla zako\u0144czy produkcj\u0119 Astry pi\u0105tej generacji. W przysz\u0142ym roku, po zmianach strukturalnych, nowoutworzona firma Stellantis Gliwice rozpocznie produkcj\u0119 aut dostawczych. &nbsp; Stellantis Gliwice powstanie po po\u0142\u0105czeniu dzia\u0142aj\u0105cych obecnie na terenie fabryki Opel Manufacturing Poland i PSA Manufacturing Poland. Jakie dok\u0142adnie samochody b\u0119d\u0105 produkowane w Gliwicach? Opel Movano, Peugeot Boxer, Citroen Jumper [&hellip;]\" \/>\n<meta property=\"og:url\" content=\"https:\/\/www.24gliwice.pl\/wiadomosci\/opel-w-gliwicach-przechodzi-do-historii-w-2022-roku-ruszy-produkcja-dostawczakow\/\" \/>\n<meta property=\"og:site_name\" content=\"24GLIWICE - Portal Gliwice | codziennie nowe informacje\" \/>\n<meta property=\"article:publisher\" content=\"https:\/\/www.facebook.com\/24gliwice\" \/>\n<meta property=\"article:published_time\" content=\"2021-07-18T00:18:42+00:00\" \/>\n<meta property=\"og:image\" content=\"https:\/\/www.24gliwice.pl\/wiadomosci\/wp-content\/uploads\/2021\/07\/1-opel-2.jpg\" \/>\n\t<meta property=\"og:image:width\" content=\"810\" \/>\n\t<meta property=\"og:image:height\" content=\"456\" \/>\n\t<meta property=\"og:image:type\" content=\"image\/jpeg\" \/>\n<meta name=\"author\" content=\"Micha\u0142 Szewczyk\" \/>\n<meta name=\"twitter:card\" content=\"summary_large_image\" \/>\n<meta name=\"twitter:creator\" content=\"@24gliwice\" \/>\n<meta name=\"twitter:site\" content=\"@24gliwice\" \/>\n<meta name=\"twitter:label1\" content=\"Napisane przez\" \/>\n\t<meta name=\"twitter:data1\" content=\"Micha\u0142 Szewczyk\" \/>\n\t<meta name=\"twitter:label2\" content=\"Szacowany czas czytania\" \/>\n\t<meta name=\"twitter:data2\" content=\"1 minuta\" \/>\n<script type=\"application\/ld+json\" class=\"yoast-schema-graph\">{\"@context\":\"https:\\\/\\\/schema.org\",\"@graph\":[{\"@type\":\"Article\",\"@id\":\"https:\\\/\\\/www.24gliwice.pl\\\/wiadomosci\\\/opel-w-gliwicach-przechodzi-do-historii-w-2022-roku-ruszy-produkcja-dostawczakow\\\/#article\",\"isPartOf\":{\"@id\":\"https:\\\/\\\/www.24gliwice.pl\\\/wiadomosci\\\/opel-w-gliwicach-przechodzi-do-historii-w-2022-roku-ruszy-produkcja-dostawczakow\\\/\"},\"author\":{\"name\":\"Micha\u0142 Szewczyk\",\"@id\":\"https:\\\/\\\/www.24gliwice.pl\\\/wiadomosci\\\/#\\\/schema\\\/person\\\/940e8f8a097e322de4f463f061ef8d45\"},\"headline\":\"&#8220;Opel w Gliwicach&#8221; przechodzi do historii. W 2022 roku ruszy produkcja dostawczak\u00f3w\",\"datePublished\":\"2021-07-18T00:18:42+00:00\",\"mainEntityOfPage\":{\"@id\":\"https:\\\/\\\/www.24gliwice.pl\\\/wiadomosci\\\/opel-w-gliwicach-przechodzi-do-historii-w-2022-roku-ruszy-produkcja-dostawczakow\\\/\"},\"wordCount\":282,\"commentCount\":0,\"publisher\":{\"@id\":\"https:\\\/\\\/www.24gliwice.pl\\\/wiadomosci\\\/#organization\"},\"image\":{\"@id\":\"https:\\\/\\\/www.24gliwice.pl\\\/wiadomosci\\\/opel-w-gliwicach-przechodzi-do-historii-w-2022-roku-ruszy-produkcja-dostawczakow\\\/#primaryimage\"},\"thumbnailUrl\":\"https:\\\/\\\/www.24gliwice.pl\\\/wiadomosci\\\/wp-content\\\/uploads\\\/2021\\\/07\\\/1-opel-2.jpg\",\"keywords\":[\"OPEL\",\"stellantis\"],\"articleSection\":[\"Gliwice\",\"Najnowsze wiadomo\u015bci\",\"Portal Gliwice - Wiadomo\u015bci lokalne\"],\"inLanguage\":\"pl-PL\",\"potentialAction\":[{\"@type\":\"CommentAction\",\"name\":\"Comment\",\"target\":[\"https:\\\/\\\/www.24gliwice.pl\\\/wiadomosci\\\/opel-w-gliwicach-przechodzi-do-historii-w-2022-roku-ruszy-produkcja-dostawczakow\\\/#respond\"]}]},{\"@type\":\"WebPage\",\"@id\":\"https:\\\/\\\/www.24gliwice.pl\\\/wiadomosci\\\/opel-w-gliwicach-przechodzi-do-historii-w-2022-roku-ruszy-produkcja-dostawczakow\\\/\",\"url\":\"https:\\\/\\\/www.24gliwice.pl\\\/wiadomosci\\\/opel-w-gliwicach-przechodzi-do-historii-w-2022-roku-ruszy-produkcja-dostawczakow\\\/\",\"name\":\"\\\"Opel w Gliwicach\\\" przechodzi do historii. W 2022 roku ruszy produkcja dostawczak\u00f3w - 24GLIWICE - Portal Gliwice | codziennie nowe informacje\",\"isPartOf\":{\"@id\":\"https:\\\/\\\/www.24gliwice.pl\\\/wiadomosci\\\/#website\"},\"primaryImageOfPage\":{\"@id\":\"https:\\\/\\\/www.24gliwice.pl\\\/wiadomosci\\\/opel-w-gliwicach-przechodzi-do-historii-w-2022-roku-ruszy-produkcja-dostawczakow\\\/#primaryimage\"},\"image\":{\"@id\":\"https:\\\/\\\/www.24gliwice.pl\\\/wiadomosci\\\/opel-w-gliwicach-przechodzi-do-historii-w-2022-roku-ruszy-produkcja-dostawczakow\\\/#primaryimage\"},\"thumbnailUrl\":\"https:\\\/\\\/www.24gliwice.pl\\\/wiadomosci\\\/wp-content\\\/uploads\\\/2021\\\/07\\\/1-opel-2.jpg\",\"datePublished\":\"2021-07-18T00:18:42+00:00\",\"breadcrumb\":{\"@id\":\"https:\\\/\\\/www.24gliwice.pl\\\/wiadomosci\\\/opel-w-gliwicach-przechodzi-do-historii-w-2022-roku-ruszy-produkcja-dostawczakow\\\/#breadcrumb\"},\"inLanguage\":\"pl-PL\",\"potentialAction\":[{\"@type\":\"ReadAction\",\"target\":[\"https:\\\/\\\/www.24gliwice.pl\\\/wiadomosci\\\/opel-w-gliwicach-przechodzi-do-historii-w-2022-roku-ruszy-produkcja-dostawczakow\\\/\"]}]},{\"@type\":\"ImageObject\",\"inLanguage\":\"pl-PL\",\"@id\":\"https:\\\/\\\/www.24gliwice.pl\\\/wiadomosci\\\/opel-w-gliwicach-przechodzi-do-historii-w-2022-roku-ruszy-produkcja-dostawczakow\\\/#primaryimage\",\"url\":\"https:\\\/\\\/www.24gliwice.pl\\\/wiadomosci\\\/wp-content\\\/uploads\\\/2021\\\/07\\\/1-opel-2.jpg\",\"contentUrl\":\"https:\\\/\\\/www.24gliwice.pl\\\/wiadomosci\\\/wp-content\\\/uploads\\\/2021\\\/07\\\/1-opel-2.jpg\",\"width\":810,\"height\":456},{\"@type\":\"BreadcrumbList\",\"@id\":\"https:\\\/\\\/www.24gliwice.pl\\\/wiadomosci\\\/opel-w-gliwicach-przechodzi-do-historii-w-2022-roku-ruszy-produkcja-dostawczakow\\\/#breadcrumb\",\"itemListElement\":[{\"@type\":\"ListItem\",\"position\":1,\"name\":\"Strona g\u0142\u00f3wna\",\"item\":\"https:\\\/\\\/www.24gliwice.pl\\\/wiadomosci\\\/\"},{\"@type\":\"ListItem\",\"position\":2,\"name\":\"&#8222;Opel w Gliwicach&#8221; przechodzi do historii. W 2022 roku ruszy produkcja dostawczak\u00f3w\"}]},{\"@type\":\"WebSite\",\"@id\":\"https:\\\/\\\/www.24gliwice.pl\\\/wiadomosci\\\/#website\",\"url\":\"https:\\\/\\\/www.24gliwice.pl\\\/wiadomosci\\\/\",\"name\":\"24GLIWICE - Portal Gliwice | codziennie nowe wiadomo\u015bci\",\"description\":\"Portal Miejski Gliwice\",\"publisher\":{\"@id\":\"https:\\\/\\\/www.24gliwice.pl\\\/wiadomosci\\\/#organization\"},\"potentialAction\":[{\"@type\":\"SearchAction\",\"target\":{\"@type\":\"EntryPoint\",\"urlTemplate\":\"https:\\\/\\\/www.24gliwice.pl\\\/wiadomosci\\\/?s={search_term_string}\"},\"query-input\":{\"@type\":\"PropertyValueSpecification\",\"valueRequired\":true,\"valueName\":\"search_term_string\"}}],\"inLanguage\":\"pl-PL\"},{\"@type\":\"Organization\",\"@id\":\"https:\\\/\\\/www.24gliwice.pl\\\/wiadomosci\\\/#organization\",\"name\":\"24gliwice\",\"url\":\"https:\\\/\\\/www.24gliwice.pl\\\/wiadomosci\\\/\",\"logo\":{\"@type\":\"ImageObject\",\"inLanguage\":\"pl-PL\",\"@id\":\"https:\\\/\\\/www.24gliwice.pl\\\/wiadomosci\\\/#\\\/schema\\\/logo\\\/image\\\/\",\"url\":\"https:\\\/\\\/www.24gliwice.pl\\\/wiadomosci\\\/wp-content\\\/uploads\\\/2024\\\/10\\\/24gliwice-logo-696.jpg\",\"contentUrl\":\"https:\\\/\\\/www.24gliwice.pl\\\/wiadomosci\\\/wp-content\\\/uploads\\\/2024\\\/10\\\/24gliwice-logo-696.jpg\",\"width\":696,\"height\":696,\"caption\":\"24gliwice\"},\"image\":{\"@id\":\"https:\\\/\\\/www.24gliwice.pl\\\/wiadomosci\\\/#\\\/schema\\\/logo\\\/image\\\/\"},\"sameAs\":[\"https:\\\/\\\/www.facebook.com\\\/24gliwice\",\"https:\\\/\\\/x.com\\\/24gliwice\",\"https:\\\/\\\/www.youtube.com\\\/@24gliwice\"]},{\"@type\":\"Person\",\"@id\":\"https:\\\/\\\/www.24gliwice.pl\\\/wiadomosci\\\/#\\\/schema\\\/person\\\/940e8f8a097e322de4f463f061ef8d45\",\"name\":\"Micha\u0142 Szewczyk\",\"image\":{\"@type\":\"ImageObject\",\"inLanguage\":\"pl-PL\",\"@id\":\"https:\\\/\\\/secure.gravatar.com\\\/avatar\\\/771b8b6c74cd8d255e46392d605e01a86133900ef09b6ef3c8d451c9d92288cf?s=96&d=mm&r=g\",\"url\":\"https:\\\/\\\/secure.gravatar.com\\\/avatar\\\/771b8b6c74cd8d255e46392d605e01a86133900ef09b6ef3c8d451c9d92288cf?s=96&d=mm&r=g\",\"contentUrl\":\"https:\\\/\\\/secure.gravatar.com\\\/avatar\\\/771b8b6c74cd8d255e46392d605e01a86133900ef09b6ef3c8d451c9d92288cf?s=96&d=mm&r=g\",\"caption\":\"Micha\u0142 Szewczyk\"},\"sameAs\":[\"http:\\\/\\\/www.gazeta-miejska.pl\"],\"url\":\"https:\\\/\\\/www.24gliwice.pl\\\/wiadomosci\\\/author\\\/michal-szewczyk\\\/\"}]}<\/script>\n<!-- \/ Yoast SEO plugin. -->","yoast_head_json":{"title":"\"Opel w Gliwicach\" przechodzi do historii. W 2022 roku ruszy produkcja dostawczak\u00f3w - 24GLIWICE - Portal Gliwice | codziennie nowe informacje","robots":{"index":"index","follow":"follow","max-snippet":"max-snippet:-1","max-image-preview":"max-image-preview:large","max-video-preview":"max-video-preview:-1"},"canonical":"https:\/\/www.24gliwice.pl\/wiadomosci\/opel-w-gliwicach-przechodzi-do-historii-w-2022-roku-ruszy-produkcja-dostawczakow\/","og_locale":"pl_PL","og_type":"article","og_title":"\"Opel w Gliwicach\" przechodzi do historii. W 2022 roku ruszy produkcja dostawczak\u00f3w - 24GLIWICE - Portal Gliwice | codziennie nowe informacje","og_description":"W grudniu gliwicka fabryka Opla zako\u0144czy produkcj\u0119 Astry pi\u0105tej generacji. W przysz\u0142ym roku, po zmianach strukturalnych, nowoutworzona firma Stellantis Gliwice rozpocznie produkcj\u0119 aut dostawczych. &nbsp; Stellantis Gliwice powstanie po po\u0142\u0105czeniu dzia\u0142aj\u0105cych obecnie na terenie fabryki Opel Manufacturing Poland i PSA Manufacturing Poland. Jakie dok\u0142adnie samochody b\u0119d\u0105 produkowane w Gliwicach? Opel Movano, Peugeot Boxer, Citroen Jumper [&hellip;]","og_url":"https:\/\/www.24gliwice.pl\/wiadomosci\/opel-w-gliwicach-przechodzi-do-historii-w-2022-roku-ruszy-produkcja-dostawczakow\/","og_site_name":"24GLIWICE - Portal Gliwice | codziennie nowe informacje","article_publisher":"https:\/\/www.facebook.com\/24gliwice","article_published_time":"2021-07-18T00:18:42+00:00","og_image":[{"width":810,"height":456,"url":"https:\/\/www.24gliwice.pl\/wiadomosci\/wp-content\/uploads\/2021\/07\/1-opel-2.jpg","type":"image\/jpeg"}],"author":"Micha\u0142 Szewczyk","twitter_card":"summary_large_image","twitter_creator":"@24gliwice","twitter_site":"@24gliwice","twitter_misc":{"Napisane przez":"Micha\u0142 Szewczyk","Szacowany czas czytania":"1 minuta"},"schema":{"@context":"https:\/\/schema.org","@graph":[{"@type":"Article","@id":"https:\/\/www.24gliwice.pl\/wiadomosci\/opel-w-gliwicach-przechodzi-do-historii-w-2022-roku-ruszy-produkcja-dostawczakow\/#article","isPartOf":{"@id":"https:\/\/www.24gliwice.pl\/wiadomosci\/opel-w-gliwicach-przechodzi-do-historii-w-2022-roku-ruszy-produkcja-dostawczakow\/"},"author":{"name":"Micha\u0142 Szewczyk","@id":"https:\/\/www.24gliwice.pl\/wiadomosci\/#\/schema\/person\/940e8f8a097e322de4f463f061ef8d45"},"headline":"&#8220;Opel w Gliwicach&#8221; przechodzi do historii. W 2022 roku ruszy produkcja dostawczak\u00f3w","datePublished":"2021-07-18T00:18:42+00:00","mainEntityOfPage":{"@id":"https:\/\/www.24gliwice.pl\/wiadomosci\/opel-w-gliwicach-przechodzi-do-historii-w-2022-roku-ruszy-produkcja-dostawczakow\/"},"wordCount":282,"commentCount":0,"publisher":{"@id":"https:\/\/www.24gliwice.pl\/wiadomosci\/#organization"},"image":{"@id":"https:\/\/www.24gliwice.pl\/wiadomosci\/opel-w-gliwicach-przechodzi-do-historii-w-2022-roku-ruszy-produkcja-dostawczakow\/#primaryimage"},"thumbnailUrl":"https:\/\/www.24gliwice.pl\/wiadomosci\/wp-content\/uploads\/2021\/07\/1-opel-2.jpg","keywords":["OPEL","stellantis"],"articleSection":["Gliwice","Najnowsze wiadomo\u015bci","Portal Gliwice - Wiadomo\u015bci lokalne"],"inLanguage":"pl-PL","potentialAction":[{"@type":"CommentAction","name":"Comment","target":["https:\/\/www.24gliwice.pl\/wiadomosci\/opel-w-gliwicach-przechodzi-do-historii-w-2022-roku-ruszy-produkcja-dostawczakow\/#respond"]}]},{"@type":"WebPage","@id":"https:\/\/www.24gliwice.pl\/wiadomosci\/opel-w-gliwicach-przechodzi-do-historii-w-2022-roku-ruszy-produkcja-dostawczakow\/","url":"https:\/\/www.24gliwice.pl\/wiadomosci\/opel-w-gliwicach-przechodzi-do-historii-w-2022-roku-ruszy-produkcja-dostawczakow\/","name":"\"Opel w Gliwicach\" przechodzi do historii. W 2022 roku ruszy produkcja dostawczak\u00f3w - 24GLIWICE - Portal Gliwice | codziennie nowe informacje","isPartOf":{"@id":"https:\/\/www.24gliwice.pl\/wiadomosci\/#website"},"primaryImageOfPage":{"@id":"https:\/\/www.24gliwice.pl\/wiadomosci\/opel-w-gliwicach-przechodzi-do-historii-w-2022-roku-ruszy-produkcja-dostawczakow\/#primaryimage"},"image":{"@id":"https:\/\/www.24gliwice.pl\/wiadomosci\/opel-w-gliwicach-przechodzi-do-historii-w-2022-roku-ruszy-produkcja-dostawczakow\/#primaryimage"},"thumbnailUrl":"https:\/\/www.24gliwice.pl\/wiadomosci\/wp-content\/uploads\/2021\/07\/1-opel-2.jpg","datePublished":"2021-07-18T00:18:42+00:00","breadcrumb":{"@id":"https:\/\/www.24gliwice.pl\/wiadomosci\/opel-w-gliwicach-przechodzi-do-historii-w-2022-roku-ruszy-produkcja-dostawczakow\/#breadcrumb"},"inLanguage":"pl-PL","potentialAction":[{"@type":"ReadAction","target":["https:\/\/www.24gliwice.pl\/wiadomosci\/opel-w-gliwicach-przechodzi-do-historii-w-2022-roku-ruszy-produkcja-dostawczakow\/"]}]},{"@type":"ImageObject","inLanguage":"pl-PL","@id":"https:\/\/www.24gliwice.pl\/wiadomosci\/opel-w-gliwicach-przechodzi-do-historii-w-2022-roku-ruszy-produkcja-dostawczakow\/#primaryimage","url":"https:\/\/www.24gliwice.pl\/wiadomosci\/wp-content\/uploads\/2021\/07\/1-opel-2.jpg","contentUrl":"https:\/\/www.24gliwice.pl\/wiadomosci\/wp-content\/uploads\/2021\/07\/1-opel-2.jpg","width":810,"height":456},{"@type":"BreadcrumbList","@id":"https:\/\/www.24gliwice.pl\/wiadomosci\/opel-w-gliwicach-przechodzi-do-historii-w-2022-roku-ruszy-produkcja-dostawczakow\/#breadcrumb","itemListElement":[{"@type":"ListItem","position":1,"name":"Strona g\u0142\u00f3wna","item":"https:\/\/www.24gliwice.pl\/wiadomosci\/"},{"@type":"ListItem","position":2,"name":"&#8222;Opel w Gliwicach&#8221; przechodzi do historii. W 2022 roku ruszy produkcja dostawczak\u00f3w"}]},{"@type":"WebSite","@id":"https:\/\/www.24gliwice.pl\/wiadomosci\/#website","url":"https:\/\/www.24gliwice.pl\/wiadomosci\/","name":"24GLIWICE - Portal Gliwice | codziennie nowe wiadomo\u015bci","description":"Portal Miejski Gliwice","publisher":{"@id":"https:\/\/www.24gliwice.pl\/wiadomosci\/#organization"},"potentialAction":[{"@type":"SearchAction","target":{"@type":"EntryPoint","urlTemplate":"https:\/\/www.24gliwice.pl\/wiadomosci\/?s={search_term_string}"},"query-input":{"@type":"PropertyValueSpecification","valueRequired":true,"valueName":"search_term_string"}}],"inLanguage":"pl-PL"},{"@type":"Organization","@id":"https:\/\/www.24gliwice.pl\/wiadomosci\/#organization","name":"24gliwice","url":"https:\/\/www.24gliwice.pl\/wiadomosci\/","logo":{"@type":"ImageObject","inLanguage":"pl-PL","@id":"https:\/\/www.24gliwice.pl\/wiadomosci\/#\/schema\/logo\/image\/","url":"https:\/\/www.24gliwice.pl\/wiadomosci\/wp-content\/uploads\/2024\/10\/24gliwice-logo-696.jpg","contentUrl":"https:\/\/www.24gliwice.pl\/wiadomosci\/wp-content\/uploads\/2024\/10\/24gliwice-logo-696.jpg","width":696,"height":696,"caption":"24gliwice"},"image":{"@id":"https:\/\/www.24gliwice.pl\/wiadomosci\/#\/schema\/logo\/image\/"},"sameAs":["https:\/\/www.facebook.com\/24gliwice","https:\/\/x.com\/24gliwice","https:\/\/www.youtube.com\/@24gliwice"]},{"@type":"Person","@id":"https:\/\/www.24gliwice.pl\/wiadomosci\/#\/schema\/person\/940e8f8a097e322de4f463f061ef8d45","name":"Micha\u0142 Szewczyk","image":{"@type":"ImageObject","inLanguage":"pl-PL","@id":"https:\/\/secure.gravatar.com\/avatar\/771b8b6c74cd8d255e46392d605e01a86133900ef09b6ef3c8d451c9d92288cf?s=96&d=mm&r=g","url":"https:\/\/secure.gravatar.com\/avatar\/771b8b6c74cd8d255e46392d605e01a86133900ef09b6ef3c8d451c9d92288cf?s=96&d=mm&r=g","contentUrl":"https:\/\/secure.gravatar.com\/avatar\/771b8b6c74cd8d255e46392d605e01a86133900ef09b6ef3c8d451c9d92288cf?s=96&d=mm&r=g","caption":"Micha\u0142 Szewczyk"},"sameAs":["http:\/\/www.gazeta-miejska.pl"],"url":"https:\/\/www.24gliwice.pl\/wiadomosci\/author\/michal-szewczyk\/"}]}},"_links":{"self":[{"href":"https:\/\/www.24gliwice.pl\/wiadomosci\/wp-json\/wp\/v2\/posts\/173700","targetHints":{"allow":["GET"]}}],"collection":[{"href":"https:\/\/www.24gliwice.pl\/wiadomosci\/wp-json\/wp\/v2\/posts"}],"about":[{"href":"https:\/\/www.24gliwice.pl\/wiadomosci\/wp-json\/wp\/v2\/types\/post"}],"author":[{"embeddable":true,"href":"https:\/\/www.24gliwice.pl\/wiadomosci\/wp-json\/wp\/v2\/users\/12"}],"replies":[{"embeddable":true,"href":"https:\/\/www.24gliwice.pl\/wiadomosci\/wp-json\/wp\/v2\/comments?post=173700"}],"version-history":[{"count":0,"href":"https:\/\/www.24gliwice.pl\/wiadomosci\/wp-json\/wp\/v2\/posts\/173700\/revisions"}],"wp:featuredmedia":[{"embeddable":true,"href":"https:\/\/www.24gliwice.pl\/wiadomosci\/wp-json\/wp\/v2\/media\/173713"}],"wp:attachment":[{"href":"https:\/\/www.24gliwice.pl\/wiadomosci\/wp-json\/wp\/v2\/media?parent=173700"}],"wp:term":[{"taxonomy":"category","embeddable":true,"href":"https:\/\/www.24gliwice.pl\/wiadomosci\/wp-json\/wp\/v2\/categories?post=173700"},{"taxonomy":"post_tag","embeddable":true,"href":"https:\/\/www.24gliwice.pl\/wiadomosci\/wp-json\/wp\/v2\/tags?post=173700"}],"curies":[{"name":"wp","href":"https:\/\/api.w.org\/{rel}","templated":true}]}}