{"id":174065,"date":"2021-07-25T18:03:08","date_gmt":"2021-07-25T16:03:08","guid":{"rendered":"https:\/\/www.24gliwice.pl\/wiadomosci\/?p=174065"},"modified":"2021-07-26T12:06:01","modified_gmt":"2021-07-26T10:06:01","slug":"powrot-operetki-slaskiej-nie-ale-w-teatrze-miejskim-pojawia-spektakle-operetkowe","status":"publish","type":"post","link":"https:\/\/www.24gliwice.pl\/wiadomosci\/powrot-operetki-slaskiej-nie-ale-w-teatrze-miejskim-pojawia-spektakle-operetkowe\/","title":{"rendered":"Powr\u00f3t Operetki \u015al\u0105skiej? Nie, ale w Teatrze Miejskim pojawi\u0105 si\u0119 spektakle operetkowe"},"content":{"rendered":"<div class=\"gliwi-a6-nad-leadem-artykulow gliwi-entity-placement\" id=\"gliwi-731595843\"><div class=\"gliwi-adlabel\"><span style=\"font-size: 9px\">REKLAMA<\/span><\/div><div id=\"gliwi-1081852463\" style=\"margin-bottom: 25px;margin-left: auto;margin-right: auto;text-align: center;\"><a data-no-instant=\"1\" href=\"https:\/\/dom100.eu\/\" rel=\"noopener\" class=\"a2t-link\" target=\"_blank\" aria-label=\"20260415 DOM100 D\"><img loading=\"lazy\" decoding=\"async\" src=\"https:\/\/www.24gliwice.pl\/wiadomosci\/wp-content\/uploads\/2026\/04\/20260415-DOM100-D.jpg\" alt=\"\"  srcset=\"https:\/\/www.24gliwice.pl\/wiadomosci\/wp-content\/uploads\/2026\/04\/20260415-DOM100-D.jpg 750w, https:\/\/www.24gliwice.pl\/wiadomosci\/wp-content\/uploads\/2026\/04\/20260415-DOM100-D-410x109.jpg 410w\" sizes=\"(max-width: 750px) 100vw, 750px\" class=\"no-lazyload\" width=\"750\" height=\"200\"  style=\"display: inline-block; max-width: 100%; height: auto;\" \/><\/a><\/div><\/div><h3>To dobra wiadomo\u015b\u0107 dla wszystkich st\u0119sknionych za repertuarem dawnej Operetki \u015al\u0105skiej czy Teatru Muzycznego. Zast\u0119pca prezydenta Gliwic, Ewa Weber potwierdza, \u017ce spektakle operetkowe ponownie zobaczymy w gmachu Teatru Miejskiego, najprawdopodobniej ju\u017c w przysz\u0142ym roku.<\/h3>\n<p>&nbsp;<br \/>\nCa\u0142y wywiad ukaza\u0142 si\u0119 w najnowszym wydaniu <a href=\"http:\/\/www.slaskwn.com.pl\/sklep\/slask-miesiecznik-spoleczno-kulturalny-0\" rel=\"noopener\" target=\"_blank\">Miesi\u0119cznika Spo\u0142eczno-Kulturalnego \u015aL\u0104SK<\/a>.<\/p>\n<h4>Zbigniew Lubowski: &#8211; Czy nie\u015bmiertelne arie operetkowe Kalmana, Lehara, Offenbacha i Straussa b\u0119d\u0105 jeszcze kiedykolwiek rozbrzmiewa\u0107 ze sceny obecnego Teatru Miejskiego w Gliwicach?<\/h4>\n<p><strong>Ewa Weber:<\/strong> &#8211; Tak i nie b\u0119dzie to wcale w jakiej\u015b odleg\u0142ej przysz\u0142o\u015bci, ale najp\u00f3\u017aniej w przysz\u0142ym roku. Gdyby nie dokuczliwa pandemia COVID-19, to tradycyjne spektakle operetkowe pojawi\u0142yby si\u0119 ju\u017c w tym roku w repertuarze Teatru Miejskiego w Gliwicach.  Pragn\u0119 jednak wyra\u017anie podkre\u015bli\u0107, \u017ce nie b\u0119dzie to powr\u00f3t do dawnej formu\u0142y Operetki \u015al\u0105skiej (stacjonarnego teatru muzycznego), lecz tylko przywr\u00f3cenie widowisk operetkowych, kt\u00f3re b\u0119d\u0105 dodatkowo prezentowane na deskach teatru obok przedstawie\u0144 dramatycznych.<\/p><div class=\"gliwi-a3-w-tresci-artykulow gliwi-entity-placement\" id=\"gliwi-1554373202\"><div class=\"gliwi-adlabel\"><span style=\"font-size: 9px\">REKLAMA<\/span><\/div><div id=\"gliwi-3607346614\" style=\"margin-bottom: 30px;margin-left: auto;margin-right: auto;text-align: center;\"><a data-no-instant=\"1\" href=\"https:\/\/ogrodyandersa.pl\/\" rel=\"noopener\" class=\"a2t-link\" target=\"_blank\" aria-label=\"20260415 Ogrody Andersa KUP TERAZ D\"><img loading=\"lazy\" decoding=\"async\" src=\"https:\/\/www.24gliwice.pl\/wiadomosci\/wp-content\/uploads\/2026\/04\/20260415-Ogrody-Andersa-KUP-TERAZ-D.jpg\" alt=\"\"  srcset=\"https:\/\/www.24gliwice.pl\/wiadomosci\/wp-content\/uploads\/2026\/04\/20260415-Ogrody-Andersa-KUP-TERAZ-D.jpg 750w, https:\/\/www.24gliwice.pl\/wiadomosci\/wp-content\/uploads\/2026\/04\/20260415-Ogrody-Andersa-KUP-TERAZ-D-410x109.jpg 410w\" sizes=\"(max-width: 750px) 100vw, 750px\" class=\"no-lazyload\" width=\"750\" height=\"200\"  style=\"display: inline-block; max-width: 100%; height: auto;\" \/><\/a><\/div><\/div>\n<h4>&#8211; Wystawianie klasycznych operetek wymaga wszak\u017ce profesjonalnych \u015bpiewak\u00f3w, orkiestry, zespo\u0142u baletowego, ch\u00f3ru\u2026<\/h4>\n<p>&#8211; To b\u0119dzie zadanie dla dyrektora teatru. W mojej ocenie &#8211; takie us\u0142ugi artystyczne s\u0105 dost\u0119pne na wsp\u00f3\u0142czesnym rynku muzycznym. Bud\u017cet teatru zostanie w tym celu odpowiednio powi\u0119kszony. Nie planujemy jednak reaktywowania sceny operetkowej z w\u0142asn\u0105 orkiestr\u0105, baletem i ch\u00f3rem. <\/p>\n<div id=\"attachment_174067\" style=\"width: 820px\" class=\"wp-caption aligncenter\"><img loading=\"lazy\" decoding=\"async\" aria-describedby=\"caption-attachment-174067\" src=\"https:\/\/www.24gliwice.pl\/wiadomosci\/wp-content\/uploads\/2021\/07\/Ewa-WEBER-przy-zegarze-kwiatowym-ilustrujacym-jej-dewize-CZAS-NA-KULTURE.jpg\" alt=\"\" width=\"810\" height=\"608\" class=\"size-full wp-image-174067\" srcset=\"https:\/\/www.24gliwice.pl\/wiadomosci\/wp-content\/uploads\/2021\/07\/Ewa-WEBER-przy-zegarze-kwiatowym-ilustrujacym-jej-dewize-CZAS-NA-KULTURE.jpg 810w, https:\/\/www.24gliwice.pl\/wiadomosci\/wp-content\/uploads\/2021\/07\/Ewa-WEBER-przy-zegarze-kwiatowym-ilustrujacym-jej-dewize-CZAS-NA-KULTURE-309x232.jpg 309w, https:\/\/www.24gliwice.pl\/wiadomosci\/wp-content\/uploads\/2021\/07\/Ewa-WEBER-przy-zegarze-kwiatowym-ilustrujacym-jej-dewize-CZAS-NA-KULTURE-606x455.jpg 606w, https:\/\/www.24gliwice.pl\/wiadomosci\/wp-content\/uploads\/2021\/07\/Ewa-WEBER-przy-zegarze-kwiatowym-ilustrujacym-jej-dewize-CZAS-NA-KULTURE-768x576.jpg 768w\" sizes=\"auto, (max-width: 810px) 100vw, 810px\" \/><p id=\"caption-attachment-174067\" class=\"wp-caption-text\">Ewa Weber. Fot. Z. Lubowski<\/p><\/div>\n<h4>&#8211; Czy w czasach swojej m\u0142odo\u015bci bywa\u0142a Pani niekiedy w Operetce \u015al\u0105skiej w charakterze zwyk\u0142ego widza?<\/h4>\n<p>&#8211; Owszem. Gdy by\u0142am uczennic\u0105 szko\u0142y \u015bredniej o profilu typowo technicznym, to przyje\u017cd\u017ca\u0142am z Zabrza do Gliwic na spektakle operetkowe. Zawdzi\u0119cza\u0142am to swojej wspania\u0142ej nauczycielce przedmiot\u00f3w humanistycznych. Pami\u0119tam, \u017ce by\u0142y to bardzo ciekawe przedstawienia. Nigdy si\u0119 nie nudzi\u0142am. <\/p>\n<h4>&#8211; Operetki to tylko jedna z form muzycznej sztuki scenicznej. Interesuj\u0105cym gatunkiem s\u0105 tak\u017ce musicale. Czy repertuar gliwickiego teatru zostanie r\u00f3wnie\u017c poszerzony o wsp\u00f3\u0142czesne widowiska musicalowe?<\/h4>\n<p>&#8211; Dogodnym miejscem prezentacji takich widowisk wydaje si\u0119 gliwicka hala ARENA. Tam istniej\u0105 warunki techniczne, sprzyjaj\u0105ce organizowaniu spektakularnych imprez muzyczno-teatralnych.<\/p>\n<p><strong>Rozmawia\u0142 Zbigniew Lubowski<\/strong><\/p>\n<div class=\"gliwi-a5-na-koncu-artykulow gliwi-entity-placement\" id=\"gliwi-3850238850\"><div class=\"gliwi-adlabel\"><span style=\"font-size: 9px\">REKLAMA<\/span><\/div><div id=\"gliwi-113719331\" style=\"margin-left: auto;margin-right: auto;text-align: center;\"><a data-no-instant=\"1\" href=\"https:\/\/www.jasek.pl\/\" rel=\"noopener\" class=\"a2t-link\" target=\"_blank\" aria-label=\"20200401-jasek 600\"><img loading=\"lazy\" decoding=\"async\" src=\"https:\/\/www.24gliwice.pl\/wiadomosci\/wp-content\/uploads\/2020\/04\/20200401-jasek-600.jpg\" alt=\"\"  srcset=\"https:\/\/www.24gliwice.pl\/wiadomosci\/wp-content\/uploads\/2020\/04\/20200401-jasek-600.jpg 600w, https:\/\/www.24gliwice.pl\/wiadomosci\/wp-content\/uploads\/2020\/04\/20200401-jasek-600-410x109.jpg 410w\" sizes=\"(max-width: 600px) 100vw, 600px\" class=\"no-lazyload\" width=\"600\" height=\"160\"  style=\"display: inline-block; max-width: 100%; height: auto;\" \/><\/a><\/div><\/div>","protected":false},"excerpt":{"rendered":"<p>To dobra wiadomo\u015b\u0107 dla wszystkich st\u0119sknionych za repertuarem dawnej Operetki \u015al\u0105skiej czy Teatru Muzycznego. Zast\u0119pca prezydenta Gliwic, Ewa Weber potwierdza, \u017ce spektakle operetkowe ponownie zobaczymy w gmachu Teatru Miejskiego, najprawdopodobniej ju\u017c w przysz\u0142ym roku. &nbsp; Ca\u0142y wywiad ukaza\u0142 si\u0119 w najnowszym wydaniu Miesi\u0119cznika Spo\u0142eczno-Kulturalnego \u015aL\u0104SK. Zbigniew Lubowski: &#8211; Czy nie\u015bmiertelne arie operetkowe Kalmana, Lehara, Offenbacha [&hellip;]<\/p>\n","protected":false},"author":4,"featured_media":167035,"comment_status":"open","ping_status":"closed","sticky":false,"template":"","format":"standard","meta":{"_monsterinsights_skip_tracking":false,"_monsterinsights_sitenote_active":false,"_monsterinsights_sitenote_note":"","_monsterinsights_sitenote_category":0,"footnotes":"","_links_to":"","_links_to_target":""},"categories":[3,6,1,12],"tags":[19796,17221,7733,1919],"class_list":["post-174065","post","type-post","status-publish","format-standard","has-post-thumbnail","hentry","category-gliwice","category-kultura","category-wszystko","category-wywiady","tag-ewa-weber","tag-operetka-slaska","tag-teatr-miejski","tag-zbigniew-lubowski"],"yoast_head":"<!-- This site is optimized with the Yoast SEO plugin v27.5 - https:\/\/yoast.com\/product\/yoast-seo-wordpress\/ -->\n<title>Powr\u00f3t Operetki \u015al\u0105skiej? Nie, ale w Teatrze Miejskim pojawi\u0105 si\u0119 spektakle operetkowe - 24GLIWICE - Portal Gliwice | codziennie nowe informacje<\/title>\n<meta name=\"robots\" content=\"index, follow, max-snippet:-1, max-image-preview:large, max-video-preview:-1\" \/>\n<link rel=\"canonical\" href=\"https:\/\/www.24gliwice.pl\/wiadomosci\/powrot-operetki-slaskiej-nie-ale-w-teatrze-miejskim-pojawia-spektakle-operetkowe\/\" \/>\n<meta property=\"og:locale\" content=\"pl_PL\" \/>\n<meta property=\"og:type\" content=\"article\" \/>\n<meta property=\"og:title\" content=\"Powr\u00f3t Operetki \u015al\u0105skiej? Nie, ale w Teatrze Miejskim pojawi\u0105 si\u0119 spektakle operetkowe - 24GLIWICE - Portal Gliwice | codziennie nowe informacje\" \/>\n<meta property=\"og:description\" content=\"To dobra wiadomo\u015b\u0107 dla wszystkich st\u0119sknionych za repertuarem dawnej Operetki \u015al\u0105skiej czy Teatru Muzycznego. Zast\u0119pca prezydenta Gliwic, Ewa Weber potwierdza, \u017ce spektakle operetkowe ponownie zobaczymy w gmachu Teatru Miejskiego, najprawdopodobniej ju\u017c w przysz\u0142ym roku. &nbsp; Ca\u0142y wywiad ukaza\u0142 si\u0119 w najnowszym wydaniu Miesi\u0119cznika Spo\u0142eczno-Kulturalnego \u015aL\u0104SK. Zbigniew Lubowski: &#8211; Czy nie\u015bmiertelne arie operetkowe Kalmana, Lehara, Offenbacha [&hellip;]\" \/>\n<meta property=\"og:url\" content=\"https:\/\/www.24gliwice.pl\/wiadomosci\/powrot-operetki-slaskiej-nie-ale-w-teatrze-miejskim-pojawia-spektakle-operetkowe\/\" \/>\n<meta property=\"og:site_name\" content=\"24GLIWICE - Portal Gliwice | codziennie nowe informacje\" \/>\n<meta property=\"article:publisher\" content=\"https:\/\/www.facebook.com\/24gliwice\" \/>\n<meta property=\"article:author\" content=\"https:\/\/www.facebook.com\/marcin.fabrykowski\" \/>\n<meta property=\"article:published_time\" content=\"2021-07-25T16:03:08+00:00\" \/>\n<meta property=\"article:modified_time\" content=\"2021-07-26T10:06:01+00:00\" \/>\n<meta property=\"og:image\" content=\"https:\/\/www.24gliwice.pl\/wiadomosci\/wp-content\/uploads\/2021\/03\/teatr-miejski-gliwice.jpg\" \/>\n\t<meta property=\"og:image:width\" content=\"810\" \/>\n\t<meta property=\"og:image:height\" content=\"456\" \/>\n\t<meta property=\"og:image:type\" content=\"image\/jpeg\" \/>\n<meta name=\"author\" content=\"Marcin Fabrykowski\" \/>\n<meta name=\"twitter:card\" content=\"summary_large_image\" \/>\n<meta name=\"twitter:creator\" content=\"@24gliwice\" \/>\n<meta name=\"twitter:site\" content=\"@24gliwice\" \/>\n<meta name=\"twitter:label1\" content=\"Napisane przez\" \/>\n\t<meta name=\"twitter:data1\" content=\"Marcin Fabrykowski\" \/>\n\t<meta name=\"twitter:label2\" content=\"Szacowany czas czytania\" \/>\n\t<meta name=\"twitter:data2\" content=\"2 minuty\" \/>\n<script type=\"application\/ld+json\" class=\"yoast-schema-graph\">{\"@context\":\"https:\\\/\\\/schema.org\",\"@graph\":[{\"@type\":\"Article\",\"@id\":\"https:\\\/\\\/www.24gliwice.pl\\\/wiadomosci\\\/powrot-operetki-slaskiej-nie-ale-w-teatrze-miejskim-pojawia-spektakle-operetkowe\\\/#article\",\"isPartOf\":{\"@id\":\"https:\\\/\\\/www.24gliwice.pl\\\/wiadomosci\\\/powrot-operetki-slaskiej-nie-ale-w-teatrze-miejskim-pojawia-spektakle-operetkowe\\\/\"},\"author\":{\"name\":\"Marcin Fabrykowski\",\"@id\":\"https:\\\/\\\/www.24gliwice.pl\\\/wiadomosci\\\/#\\\/schema\\\/person\\\/cb5857e4a4d048c15984c1edcc8ef0c0\"},\"headline\":\"Powr\u00f3t Operetki \u015al\u0105skiej? Nie, ale w Teatrze Miejskim pojawi\u0105 si\u0119 spektakle operetkowe\",\"datePublished\":\"2021-07-25T16:03:08+00:00\",\"dateModified\":\"2021-07-26T10:06:01+00:00\",\"mainEntityOfPage\":{\"@id\":\"https:\\\/\\\/www.24gliwice.pl\\\/wiadomosci\\\/powrot-operetki-slaskiej-nie-ale-w-teatrze-miejskim-pojawia-spektakle-operetkowe\\\/\"},\"wordCount\":380,\"commentCount\":0,\"publisher\":{\"@id\":\"https:\\\/\\\/www.24gliwice.pl\\\/wiadomosci\\\/#organization\"},\"image\":{\"@id\":\"https:\\\/\\\/www.24gliwice.pl\\\/wiadomosci\\\/powrot-operetki-slaskiej-nie-ale-w-teatrze-miejskim-pojawia-spektakle-operetkowe\\\/#primaryimage\"},\"thumbnailUrl\":\"https:\\\/\\\/www.24gliwice.pl\\\/wiadomosci\\\/wp-content\\\/uploads\\\/2021\\\/03\\\/teatr-miejski-gliwice.jpg\",\"keywords\":[\"ewa weber\",\"operetka \u015bl\u0105ska\",\"TEATR MIEJSKI\",\"ZBIGNIEW LUBOWSKI\"],\"articleSection\":[\"Gliwice\",\"Kultura, wydarzenia, imprezy\",\"Najnowsze wiadomo\u015bci\",\"Wywiady\"],\"inLanguage\":\"pl-PL\",\"potentialAction\":[{\"@type\":\"CommentAction\",\"name\":\"Comment\",\"target\":[\"https:\\\/\\\/www.24gliwice.pl\\\/wiadomosci\\\/powrot-operetki-slaskiej-nie-ale-w-teatrze-miejskim-pojawia-spektakle-operetkowe\\\/#respond\"]}]},{\"@type\":\"WebPage\",\"@id\":\"https:\\\/\\\/www.24gliwice.pl\\\/wiadomosci\\\/powrot-operetki-slaskiej-nie-ale-w-teatrze-miejskim-pojawia-spektakle-operetkowe\\\/\",\"url\":\"https:\\\/\\\/www.24gliwice.pl\\\/wiadomosci\\\/powrot-operetki-slaskiej-nie-ale-w-teatrze-miejskim-pojawia-spektakle-operetkowe\\\/\",\"name\":\"Powr\u00f3t Operetki \u015al\u0105skiej? Nie, ale w Teatrze Miejskim pojawi\u0105 si\u0119 spektakle operetkowe - 24GLIWICE - Portal Gliwice | codziennie nowe informacje\",\"isPartOf\":{\"@id\":\"https:\\\/\\\/www.24gliwice.pl\\\/wiadomosci\\\/#website\"},\"primaryImageOfPage\":{\"@id\":\"https:\\\/\\\/www.24gliwice.pl\\\/wiadomosci\\\/powrot-operetki-slaskiej-nie-ale-w-teatrze-miejskim-pojawia-spektakle-operetkowe\\\/#primaryimage\"},\"image\":{\"@id\":\"https:\\\/\\\/www.24gliwice.pl\\\/wiadomosci\\\/powrot-operetki-slaskiej-nie-ale-w-teatrze-miejskim-pojawia-spektakle-operetkowe\\\/#primaryimage\"},\"thumbnailUrl\":\"https:\\\/\\\/www.24gliwice.pl\\\/wiadomosci\\\/wp-content\\\/uploads\\\/2021\\\/03\\\/teatr-miejski-gliwice.jpg\",\"datePublished\":\"2021-07-25T16:03:08+00:00\",\"dateModified\":\"2021-07-26T10:06:01+00:00\",\"breadcrumb\":{\"@id\":\"https:\\\/\\\/www.24gliwice.pl\\\/wiadomosci\\\/powrot-operetki-slaskiej-nie-ale-w-teatrze-miejskim-pojawia-spektakle-operetkowe\\\/#breadcrumb\"},\"inLanguage\":\"pl-PL\",\"potentialAction\":[{\"@type\":\"ReadAction\",\"target\":[\"https:\\\/\\\/www.24gliwice.pl\\\/wiadomosci\\\/powrot-operetki-slaskiej-nie-ale-w-teatrze-miejskim-pojawia-spektakle-operetkowe\\\/\"]}]},{\"@type\":\"ImageObject\",\"inLanguage\":\"pl-PL\",\"@id\":\"https:\\\/\\\/www.24gliwice.pl\\\/wiadomosci\\\/powrot-operetki-slaskiej-nie-ale-w-teatrze-miejskim-pojawia-spektakle-operetkowe\\\/#primaryimage\",\"url\":\"https:\\\/\\\/www.24gliwice.pl\\\/wiadomosci\\\/wp-content\\\/uploads\\\/2021\\\/03\\\/teatr-miejski-gliwice.jpg\",\"contentUrl\":\"https:\\\/\\\/www.24gliwice.pl\\\/wiadomosci\\\/wp-content\\\/uploads\\\/2021\\\/03\\\/teatr-miejski-gliwice.jpg\",\"width\":810,\"height\":456},{\"@type\":\"BreadcrumbList\",\"@id\":\"https:\\\/\\\/www.24gliwice.pl\\\/wiadomosci\\\/powrot-operetki-slaskiej-nie-ale-w-teatrze-miejskim-pojawia-spektakle-operetkowe\\\/#breadcrumb\",\"itemListElement\":[{\"@type\":\"ListItem\",\"position\":1,\"name\":\"Strona g\u0142\u00f3wna\",\"item\":\"https:\\\/\\\/www.24gliwice.pl\\\/wiadomosci\\\/\"},{\"@type\":\"ListItem\",\"position\":2,\"name\":\"Powr\u00f3t Operetki \u015al\u0105skiej? Nie, ale w Teatrze Miejskim pojawi\u0105 si\u0119 spektakle operetkowe\"}]},{\"@type\":\"WebSite\",\"@id\":\"https:\\\/\\\/www.24gliwice.pl\\\/wiadomosci\\\/#website\",\"url\":\"https:\\\/\\\/www.24gliwice.pl\\\/wiadomosci\\\/\",\"name\":\"24GLIWICE - Portal Gliwice | codziennie nowe wiadomo\u015bci\",\"description\":\"Portal Miejski Gliwice\",\"publisher\":{\"@id\":\"https:\\\/\\\/www.24gliwice.pl\\\/wiadomosci\\\/#organization\"},\"potentialAction\":[{\"@type\":\"SearchAction\",\"target\":{\"@type\":\"EntryPoint\",\"urlTemplate\":\"https:\\\/\\\/www.24gliwice.pl\\\/wiadomosci\\\/?s={search_term_string}\"},\"query-input\":{\"@type\":\"PropertyValueSpecification\",\"valueRequired\":true,\"valueName\":\"search_term_string\"}}],\"inLanguage\":\"pl-PL\"},{\"@type\":\"Organization\",\"@id\":\"https:\\\/\\\/www.24gliwice.pl\\\/wiadomosci\\\/#organization\",\"name\":\"24gliwice\",\"url\":\"https:\\\/\\\/www.24gliwice.pl\\\/wiadomosci\\\/\",\"logo\":{\"@type\":\"ImageObject\",\"inLanguage\":\"pl-PL\",\"@id\":\"https:\\\/\\\/www.24gliwice.pl\\\/wiadomosci\\\/#\\\/schema\\\/logo\\\/image\\\/\",\"url\":\"https:\\\/\\\/www.24gliwice.pl\\\/wiadomosci\\\/wp-content\\\/uploads\\\/2024\\\/10\\\/24gliwice-logo-696.jpg\",\"contentUrl\":\"https:\\\/\\\/www.24gliwice.pl\\\/wiadomosci\\\/wp-content\\\/uploads\\\/2024\\\/10\\\/24gliwice-logo-696.jpg\",\"width\":696,\"height\":696,\"caption\":\"24gliwice\"},\"image\":{\"@id\":\"https:\\\/\\\/www.24gliwice.pl\\\/wiadomosci\\\/#\\\/schema\\\/logo\\\/image\\\/\"},\"sameAs\":[\"https:\\\/\\\/www.facebook.com\\\/24gliwice\",\"https:\\\/\\\/x.com\\\/24gliwice\",\"https:\\\/\\\/www.youtube.com\\\/@24gliwice\"]},{\"@type\":\"Person\",\"@id\":\"https:\\\/\\\/www.24gliwice.pl\\\/wiadomosci\\\/#\\\/schema\\\/person\\\/cb5857e4a4d048c15984c1edcc8ef0c0\",\"name\":\"Marcin Fabrykowski\",\"image\":{\"@type\":\"ImageObject\",\"inLanguage\":\"pl-PL\",\"@id\":\"https:\\\/\\\/www.24gliwice.pl\\\/wiadomosci\\\/wp-content\\\/uploads\\\/2025\\\/11\\\/zdjecie-moje-marcin-300-96x96.jpg\",\"url\":\"https:\\\/\\\/www.24gliwice.pl\\\/wiadomosci\\\/wp-content\\\/uploads\\\/2025\\\/11\\\/zdjecie-moje-marcin-300-96x96.jpg\",\"contentUrl\":\"https:\\\/\\\/www.24gliwice.pl\\\/wiadomosci\\\/wp-content\\\/uploads\\\/2025\\\/11\\\/zdjecie-moje-marcin-300-96x96.jpg\",\"caption\":\"Marcin Fabrykowski\"},\"sameAs\":[\"http:\\\/\\\/24gliwice.pl\",\"https:\\\/\\\/www.facebook.com\\\/marcin.fabrykowski\"],\"url\":\"https:\\\/\\\/www.24gliwice.pl\\\/wiadomosci\\\/author\\\/marcin-fabrykowski\\\/\"}]}<\/script>\n<!-- \/ Yoast SEO plugin. -->","yoast_head_json":{"title":"Powr\u00f3t Operetki \u015al\u0105skiej? Nie, ale w Teatrze Miejskim pojawi\u0105 si\u0119 spektakle operetkowe - 24GLIWICE - Portal Gliwice | codziennie nowe informacje","robots":{"index":"index","follow":"follow","max-snippet":"max-snippet:-1","max-image-preview":"max-image-preview:large","max-video-preview":"max-video-preview:-1"},"canonical":"https:\/\/www.24gliwice.pl\/wiadomosci\/powrot-operetki-slaskiej-nie-ale-w-teatrze-miejskim-pojawia-spektakle-operetkowe\/","og_locale":"pl_PL","og_type":"article","og_title":"Powr\u00f3t Operetki \u015al\u0105skiej? Nie, ale w Teatrze Miejskim pojawi\u0105 si\u0119 spektakle operetkowe - 24GLIWICE - Portal Gliwice | codziennie nowe informacje","og_description":"To dobra wiadomo\u015b\u0107 dla wszystkich st\u0119sknionych za repertuarem dawnej Operetki \u015al\u0105skiej czy Teatru Muzycznego. Zast\u0119pca prezydenta Gliwic, Ewa Weber potwierdza, \u017ce spektakle operetkowe ponownie zobaczymy w gmachu Teatru Miejskiego, najprawdopodobniej ju\u017c w przysz\u0142ym roku. &nbsp; Ca\u0142y wywiad ukaza\u0142 si\u0119 w najnowszym wydaniu Miesi\u0119cznika Spo\u0142eczno-Kulturalnego \u015aL\u0104SK. Zbigniew Lubowski: &#8211; Czy nie\u015bmiertelne arie operetkowe Kalmana, Lehara, Offenbacha [&hellip;]","og_url":"https:\/\/www.24gliwice.pl\/wiadomosci\/powrot-operetki-slaskiej-nie-ale-w-teatrze-miejskim-pojawia-spektakle-operetkowe\/","og_site_name":"24GLIWICE - Portal Gliwice | codziennie nowe informacje","article_publisher":"https:\/\/www.facebook.com\/24gliwice","article_author":"https:\/\/www.facebook.com\/marcin.fabrykowski","article_published_time":"2021-07-25T16:03:08+00:00","article_modified_time":"2021-07-26T10:06:01+00:00","og_image":[{"width":810,"height":456,"url":"https:\/\/www.24gliwice.pl\/wiadomosci\/wp-content\/uploads\/2021\/03\/teatr-miejski-gliwice.jpg","type":"image\/jpeg"}],"author":"Marcin Fabrykowski","twitter_card":"summary_large_image","twitter_creator":"@24gliwice","twitter_site":"@24gliwice","twitter_misc":{"Napisane przez":"Marcin Fabrykowski","Szacowany czas czytania":"2 minuty"},"schema":{"@context":"https:\/\/schema.org","@graph":[{"@type":"Article","@id":"https:\/\/www.24gliwice.pl\/wiadomosci\/powrot-operetki-slaskiej-nie-ale-w-teatrze-miejskim-pojawia-spektakle-operetkowe\/#article","isPartOf":{"@id":"https:\/\/www.24gliwice.pl\/wiadomosci\/powrot-operetki-slaskiej-nie-ale-w-teatrze-miejskim-pojawia-spektakle-operetkowe\/"},"author":{"name":"Marcin Fabrykowski","@id":"https:\/\/www.24gliwice.pl\/wiadomosci\/#\/schema\/person\/cb5857e4a4d048c15984c1edcc8ef0c0"},"headline":"Powr\u00f3t Operetki \u015al\u0105skiej? Nie, ale w Teatrze Miejskim pojawi\u0105 si\u0119 spektakle operetkowe","datePublished":"2021-07-25T16:03:08+00:00","dateModified":"2021-07-26T10:06:01+00:00","mainEntityOfPage":{"@id":"https:\/\/www.24gliwice.pl\/wiadomosci\/powrot-operetki-slaskiej-nie-ale-w-teatrze-miejskim-pojawia-spektakle-operetkowe\/"},"wordCount":380,"commentCount":0,"publisher":{"@id":"https:\/\/www.24gliwice.pl\/wiadomosci\/#organization"},"image":{"@id":"https:\/\/www.24gliwice.pl\/wiadomosci\/powrot-operetki-slaskiej-nie-ale-w-teatrze-miejskim-pojawia-spektakle-operetkowe\/#primaryimage"},"thumbnailUrl":"https:\/\/www.24gliwice.pl\/wiadomosci\/wp-content\/uploads\/2021\/03\/teatr-miejski-gliwice.jpg","keywords":["ewa weber","operetka \u015bl\u0105ska","TEATR MIEJSKI","ZBIGNIEW LUBOWSKI"],"articleSection":["Gliwice","Kultura, wydarzenia, imprezy","Najnowsze wiadomo\u015bci","Wywiady"],"inLanguage":"pl-PL","potentialAction":[{"@type":"CommentAction","name":"Comment","target":["https:\/\/www.24gliwice.pl\/wiadomosci\/powrot-operetki-slaskiej-nie-ale-w-teatrze-miejskim-pojawia-spektakle-operetkowe\/#respond"]}]},{"@type":"WebPage","@id":"https:\/\/www.24gliwice.pl\/wiadomosci\/powrot-operetki-slaskiej-nie-ale-w-teatrze-miejskim-pojawia-spektakle-operetkowe\/","url":"https:\/\/www.24gliwice.pl\/wiadomosci\/powrot-operetki-slaskiej-nie-ale-w-teatrze-miejskim-pojawia-spektakle-operetkowe\/","name":"Powr\u00f3t Operetki \u015al\u0105skiej? Nie, ale w Teatrze Miejskim pojawi\u0105 si\u0119 spektakle operetkowe - 24GLIWICE - Portal Gliwice | codziennie nowe informacje","isPartOf":{"@id":"https:\/\/www.24gliwice.pl\/wiadomosci\/#website"},"primaryImageOfPage":{"@id":"https:\/\/www.24gliwice.pl\/wiadomosci\/powrot-operetki-slaskiej-nie-ale-w-teatrze-miejskim-pojawia-spektakle-operetkowe\/#primaryimage"},"image":{"@id":"https:\/\/www.24gliwice.pl\/wiadomosci\/powrot-operetki-slaskiej-nie-ale-w-teatrze-miejskim-pojawia-spektakle-operetkowe\/#primaryimage"},"thumbnailUrl":"https:\/\/www.24gliwice.pl\/wiadomosci\/wp-content\/uploads\/2021\/03\/teatr-miejski-gliwice.jpg","datePublished":"2021-07-25T16:03:08+00:00","dateModified":"2021-07-26T10:06:01+00:00","breadcrumb":{"@id":"https:\/\/www.24gliwice.pl\/wiadomosci\/powrot-operetki-slaskiej-nie-ale-w-teatrze-miejskim-pojawia-spektakle-operetkowe\/#breadcrumb"},"inLanguage":"pl-PL","potentialAction":[{"@type":"ReadAction","target":["https:\/\/www.24gliwice.pl\/wiadomosci\/powrot-operetki-slaskiej-nie-ale-w-teatrze-miejskim-pojawia-spektakle-operetkowe\/"]}]},{"@type":"ImageObject","inLanguage":"pl-PL","@id":"https:\/\/www.24gliwice.pl\/wiadomosci\/powrot-operetki-slaskiej-nie-ale-w-teatrze-miejskim-pojawia-spektakle-operetkowe\/#primaryimage","url":"https:\/\/www.24gliwice.pl\/wiadomosci\/wp-content\/uploads\/2021\/03\/teatr-miejski-gliwice.jpg","contentUrl":"https:\/\/www.24gliwice.pl\/wiadomosci\/wp-content\/uploads\/2021\/03\/teatr-miejski-gliwice.jpg","width":810,"height":456},{"@type":"BreadcrumbList","@id":"https:\/\/www.24gliwice.pl\/wiadomosci\/powrot-operetki-slaskiej-nie-ale-w-teatrze-miejskim-pojawia-spektakle-operetkowe\/#breadcrumb","itemListElement":[{"@type":"ListItem","position":1,"name":"Strona g\u0142\u00f3wna","item":"https:\/\/www.24gliwice.pl\/wiadomosci\/"},{"@type":"ListItem","position":2,"name":"Powr\u00f3t Operetki \u015al\u0105skiej? Nie, ale w Teatrze Miejskim pojawi\u0105 si\u0119 spektakle operetkowe"}]},{"@type":"WebSite","@id":"https:\/\/www.24gliwice.pl\/wiadomosci\/#website","url":"https:\/\/www.24gliwice.pl\/wiadomosci\/","name":"24GLIWICE - Portal Gliwice | codziennie nowe wiadomo\u015bci","description":"Portal Miejski Gliwice","publisher":{"@id":"https:\/\/www.24gliwice.pl\/wiadomosci\/#organization"},"potentialAction":[{"@type":"SearchAction","target":{"@type":"EntryPoint","urlTemplate":"https:\/\/www.24gliwice.pl\/wiadomosci\/?s={search_term_string}"},"query-input":{"@type":"PropertyValueSpecification","valueRequired":true,"valueName":"search_term_string"}}],"inLanguage":"pl-PL"},{"@type":"Organization","@id":"https:\/\/www.24gliwice.pl\/wiadomosci\/#organization","name":"24gliwice","url":"https:\/\/www.24gliwice.pl\/wiadomosci\/","logo":{"@type":"ImageObject","inLanguage":"pl-PL","@id":"https:\/\/www.24gliwice.pl\/wiadomosci\/#\/schema\/logo\/image\/","url":"https:\/\/www.24gliwice.pl\/wiadomosci\/wp-content\/uploads\/2024\/10\/24gliwice-logo-696.jpg","contentUrl":"https:\/\/www.24gliwice.pl\/wiadomosci\/wp-content\/uploads\/2024\/10\/24gliwice-logo-696.jpg","width":696,"height":696,"caption":"24gliwice"},"image":{"@id":"https:\/\/www.24gliwice.pl\/wiadomosci\/#\/schema\/logo\/image\/"},"sameAs":["https:\/\/www.facebook.com\/24gliwice","https:\/\/x.com\/24gliwice","https:\/\/www.youtube.com\/@24gliwice"]},{"@type":"Person","@id":"https:\/\/www.24gliwice.pl\/wiadomosci\/#\/schema\/person\/cb5857e4a4d048c15984c1edcc8ef0c0","name":"Marcin Fabrykowski","image":{"@type":"ImageObject","inLanguage":"pl-PL","@id":"https:\/\/www.24gliwice.pl\/wiadomosci\/wp-content\/uploads\/2025\/11\/zdjecie-moje-marcin-300-96x96.jpg","url":"https:\/\/www.24gliwice.pl\/wiadomosci\/wp-content\/uploads\/2025\/11\/zdjecie-moje-marcin-300-96x96.jpg","contentUrl":"https:\/\/www.24gliwice.pl\/wiadomosci\/wp-content\/uploads\/2025\/11\/zdjecie-moje-marcin-300-96x96.jpg","caption":"Marcin Fabrykowski"},"sameAs":["http:\/\/24gliwice.pl","https:\/\/www.facebook.com\/marcin.fabrykowski"],"url":"https:\/\/www.24gliwice.pl\/wiadomosci\/author\/marcin-fabrykowski\/"}]}},"_links":{"self":[{"href":"https:\/\/www.24gliwice.pl\/wiadomosci\/wp-json\/wp\/v2\/posts\/174065","targetHints":{"allow":["GET"]}}],"collection":[{"href":"https:\/\/www.24gliwice.pl\/wiadomosci\/wp-json\/wp\/v2\/posts"}],"about":[{"href":"https:\/\/www.24gliwice.pl\/wiadomosci\/wp-json\/wp\/v2\/types\/post"}],"author":[{"embeddable":true,"href":"https:\/\/www.24gliwice.pl\/wiadomosci\/wp-json\/wp\/v2\/users\/4"}],"replies":[{"embeddable":true,"href":"https:\/\/www.24gliwice.pl\/wiadomosci\/wp-json\/wp\/v2\/comments?post=174065"}],"version-history":[{"count":0,"href":"https:\/\/www.24gliwice.pl\/wiadomosci\/wp-json\/wp\/v2\/posts\/174065\/revisions"}],"wp:featuredmedia":[{"embeddable":true,"href":"https:\/\/www.24gliwice.pl\/wiadomosci\/wp-json\/wp\/v2\/media\/167035"}],"wp:attachment":[{"href":"https:\/\/www.24gliwice.pl\/wiadomosci\/wp-json\/wp\/v2\/media?parent=174065"}],"wp:term":[{"taxonomy":"category","embeddable":true,"href":"https:\/\/www.24gliwice.pl\/wiadomosci\/wp-json\/wp\/v2\/categories?post=174065"},{"taxonomy":"post_tag","embeddable":true,"href":"https:\/\/www.24gliwice.pl\/wiadomosci\/wp-json\/wp\/v2\/tags?post=174065"}],"curies":[{"name":"wp","href":"https:\/\/api.w.org\/{rel}","templated":true}]}}