{"id":174545,"date":"2021-08-04T12:00:25","date_gmt":"2021-08-04T10:00:25","guid":{"rendered":"https:\/\/www.24gliwice.pl\/wiadomosci\/?p=174545"},"modified":"2021-08-04T12:01:51","modified_gmt":"2021-08-04T10:01:51","slug":"wielkie-surfowanie-w-europie-centralnej","status":"publish","type":"post","link":"https:\/\/www.24gliwice.pl\/wiadomosci\/wielkie-surfowanie-w-europie-centralnej\/","title":{"rendered":"Wielkie surfowanie w Europie Centralnej"},"content":{"rendered":"<h3>Nie trzeba jecha\u0107 nad morze, by zasmakowa\u0107 wodnego szale\u0144stwa! Ju\u017c w najbli\u017cszy weekend, 6-7 sierpnia, w Centralnie Fajnej Letniej Strefie pojawi si\u0119 tor do skimboardingu, czyli \u015blizgu na desce po cienkiej tafli wody. B\u0119d\u0105 te\u017c wielkoformatowe gry dla najm\u0142odszych oraz koncert energetycznego zespo\u0142u Holly Blue. Na wszystkie imprezy wst\u0119p wolny!<\/h3>\n<p>&nbsp;<br \/>\nW Centralnie Fajnej Letniej Strefie co tydzie\u0144 dzieje si\u0119 co\u015b innego! Tym razem zaplanowano wyj\u0105tkow\u0105 atrakcj\u0119 dla mi\u0142o\u015bnik\u00f3w sport\u00f3w wodnych. Przed Europ\u0105 Centraln\u0105 zamontowany zostanie tor do skimboardingu o d\u0142ugo\u015bci 30 metr\u00f3w, na kt\u00f3rym b\u0119dzie mo\u017cna surfowa\u0107! Uczestnicy otrzymaj\u0105 specjalne deski i wiele cennych rad instruktor\u00f3w. Swoich si\u0142 w \u015blizganiu po p\u0142ytkiej warstwie wody b\u0119d\u0105 mogli spr\u00f3bowa\u0107 wszyscy \u2013 to idealny sport i mn\u00f3stwo zabawy dla dzieci oraz doros\u0142ych. <\/p>\n<div id=\"attachment_174550\" style=\"width: 825px\" class=\"wp-caption aligncenter\"><img loading=\"lazy\" decoding=\"async\" aria-describedby=\"caption-attachment-174550\" src=\"https:\/\/www.24gliwice.pl\/wiadomosci\/wp-content\/uploads\/2021\/08\/fot.-VHS_1-003.jpg\" alt=\"\" width=\"815\" height=\"1060\" class=\"size-full wp-image-174550\" srcset=\"https:\/\/www.24gliwice.pl\/wiadomosci\/wp-content\/uploads\/2021\/08\/fot.-VHS_1-003.jpg 815w, https:\/\/www.24gliwice.pl\/wiadomosci\/wp-content\/uploads\/2021\/08\/fot.-VHS_1-003-178x232.jpg 178w, https:\/\/www.24gliwice.pl\/wiadomosci\/wp-content\/uploads\/2021\/08\/fot.-VHS_1-003-350x455.jpg 350w, https:\/\/www.24gliwice.pl\/wiadomosci\/wp-content\/uploads\/2021\/08\/fot.-VHS_1-003-768x999.jpg 768w, https:\/\/www.24gliwice.pl\/wiadomosci\/wp-content\/uploads\/2021\/08\/fot.-VHS_1-003-810x1053.jpg 810w\" sizes=\"auto, (max-width: 815px) 100vw, 815px\" \/><p id=\"caption-attachment-174550\" class=\"wp-caption-text\">mat. prasowe Europa Centralna<\/p><\/div>\n<p>Wielka gratka dla ca\u0142ych rodzin czeka\u0107 te\u017c b\u0119dzie w specjalnej strefie zabaw. Do tak lubianych przez dzieci dmuchanc\u00f3w tym razem do\u0142\u0105cz\u0105 gry wielkoformatowe, m.in. ogromna plansza do gry Twister czy chusta animacyjna klanza. B\u0119dzie te\u017c tor przeszk\u00f3d, k\u0105cik zabaw dla malucha i ani wolnej chwili na nud\u0119!  <\/p>\n<p>W ten wyj\u0105tkowy weekend pe\u0142en sportowo-rozrywkowych emocji nie zabraknie te\u017c dobrej muzyki. W sobotni wiecz\u00f3r na scenie Europy Centralnej wyst\u0105pi zesp\u00f3\u0142 Holly Blue \u2013 trio ze \u015al\u0105ska, za\u0142o\u017cone przez Soni\u0119 Kope\u0107, jej brata Krystiana oraz Emila Blanta \u2013 muzyka i producenta znanego m.in. z grup Gutierez i The Marians. Ich wykonania maj\u0105 sw\u00f3j w\u0142asny, unikatowy klimat okre\u015blany cz\u0119sto jako inteligent pop. Oryginalne brzmienie i aran\u017cacje tworz\u0105 niepowtarzalny klimat podczas ka\u017cdego koncertu. <\/p>\n<div id=\"attachment_174552\" style=\"width: 820px\" class=\"wp-caption aligncenter\"><img loading=\"lazy\" decoding=\"async\" aria-describedby=\"caption-attachment-174552\" src=\"https:\/\/www.24gliwice.pl\/wiadomosci\/wp-content\/uploads\/2021\/08\/Holly_Blue.jpg\" alt=\"\" width=\"810\" height=\"556\" class=\"size-full wp-image-174552\" srcset=\"https:\/\/www.24gliwice.pl\/wiadomosci\/wp-content\/uploads\/2021\/08\/Holly_Blue.jpg 810w, https:\/\/www.24gliwice.pl\/wiadomosci\/wp-content\/uploads\/2021\/08\/Holly_Blue-338x232.jpg 338w, https:\/\/www.24gliwice.pl\/wiadomosci\/wp-content\/uploads\/2021\/08\/Holly_Blue-663x455.jpg 663w, https:\/\/www.24gliwice.pl\/wiadomosci\/wp-content\/uploads\/2021\/08\/Holly_Blue-768x527.jpg 768w, https:\/\/www.24gliwice.pl\/wiadomosci\/wp-content\/uploads\/2021\/08\/Holly_Blue-145x100.jpg 145w, https:\/\/www.24gliwice.pl\/wiadomosci\/wp-content\/uploads\/2021\/08\/Holly_Blue-380x260.jpg 380w\" sizes=\"auto, (max-width: 810px) 100vw, 810px\" \/><p id=\"caption-attachment-174552\" class=\"wp-caption-text\">mat. prasowe Europa Centralna<\/p><\/div>\n<h4>Kalendarz atrakcji:<\/h4>\n<p>6 sierpnia, pi\u0105tek<br \/>\n<strong>Water splash<\/strong> 16.00 \u2013 19.00<\/p>\n<p>7 sierpnia, sobota<br \/>\n<strong>Water splash<\/strong> 12.00 \u2013 19.00<br \/>\n<strong>Animacje dla dzieci<\/strong> 12.00 \u2013 17.00<br \/>\n<strong>Koncert Holly Blue<\/strong> 19:00<\/p>\n<p>Centralnie Fajna Letnia Strefa w Europie Centralnej funkcjonowa\u0107 b\u0119dzie a\u017c do 19 wrze\u015bnia. Od czwartku do niedzieli do dyspozycji odwiedzaj\u0105cych jest strefa chillout z siedziskami, ogromn\u0105, piaszczysta pla\u017c\u0105 i doskona\u0142ym jedzeniem. Dodatkowo w ka\u017cdy weekend zaplanowano inne atrakcje dla dzieci i doros\u0142ych. Warto na bie\u017c\u0105co \u015bledzi\u0107 stron\u0119 internetow\u0105 Europy Centralnej <a href=\"https:\/\/www.europacentralna.eu\" rel=\"noopener\" target=\"_blank\">www.europacentralna.eu<\/a> oraz media spo\u0142eczno\u015bciowe centrum, gdzie publikowany jest aktualny program imprez.  <\/p>\n<p><em>(materia\u0142 partnera)<\/em><\/p>\n","protected":false},"excerpt":{"rendered":"<p>Nie trzeba jecha\u0107 nad morze, by zasmakowa\u0107 wodnego szale\u0144stwa! Ju\u017c w najbli\u017cszy weekend, 6-7 sierpnia, w Centralnie Fajnej Letniej Strefie pojawi si\u0119 tor do skimboardingu, czyli \u015blizgu na desce po cienkiej tafli wody. B\u0119d\u0105 te\u017c wielkoformatowe gry dla najm\u0142odszych oraz koncert energetycznego zespo\u0142u Holly Blue. Na wszystkie imprezy wst\u0119p wolny! &nbsp; W Centralnie Fajnej Letniej [&hellip;]<\/p>\n","protected":false},"author":4,"featured_media":174551,"comment_status":"closed","ping_status":"closed","sticky":false,"template":"","format":"standard","meta":{"_monsterinsights_skip_tracking":false,"_monsterinsights_sitenote_active":false,"_monsterinsights_sitenote_note":"","_monsterinsights_sitenote_category":0,"footnotes":"","_links_to":"","_links_to_target":""},"categories":[3,6,1],"tags":[286],"class_list":["post-174545","post","type-post","status-publish","format-standard","has-post-thumbnail","hentry","category-gliwice","category-kultura","category-wszystko","tag-europa-centralna"],"yoast_head":"<!-- This site is optimized with the Yoast SEO plugin v27.5 - https:\/\/yoast.com\/product\/yoast-seo-wordpress\/ -->\n<title>Wielkie surfowanie w Europie Centralnej - 24GLIWICE - Portal Gliwice | codziennie nowe informacje<\/title>\n<meta name=\"robots\" content=\"index, follow, max-snippet:-1, max-image-preview:large, max-video-preview:-1\" \/>\n<link rel=\"canonical\" href=\"https:\/\/www.24gliwice.pl\/wiadomosci\/wielkie-surfowanie-w-europie-centralnej\/\" \/>\n<meta property=\"og:locale\" content=\"pl_PL\" \/>\n<meta property=\"og:type\" content=\"article\" \/>\n<meta property=\"og:title\" content=\"Wielkie surfowanie w Europie Centralnej - 24GLIWICE - Portal Gliwice | codziennie nowe informacje\" \/>\n<meta property=\"og:description\" content=\"Nie trzeba jecha\u0107 nad morze, by zasmakowa\u0107 wodnego szale\u0144stwa! Ju\u017c w najbli\u017cszy weekend, 6-7 sierpnia, w Centralnie Fajnej Letniej Strefie pojawi si\u0119 tor do skimboardingu, czyli \u015blizgu na desce po cienkiej tafli wody. B\u0119d\u0105 te\u017c wielkoformatowe gry dla najm\u0142odszych oraz koncert energetycznego zespo\u0142u Holly Blue. Na wszystkie imprezy wst\u0119p wolny! &nbsp; W Centralnie Fajnej Letniej [&hellip;]\" \/>\n<meta property=\"og:url\" content=\"https:\/\/www.24gliwice.pl\/wiadomosci\/wielkie-surfowanie-w-europie-centralnej\/\" \/>\n<meta property=\"og:site_name\" content=\"24GLIWICE - Portal Gliwice | codziennie nowe informacje\" \/>\n<meta property=\"article:publisher\" content=\"https:\/\/www.facebook.com\/24gliwice\" \/>\n<meta property=\"article:author\" content=\"https:\/\/www.facebook.com\/marcin.fabrykowski\" \/>\n<meta property=\"article:published_time\" content=\"2021-08-04T10:00:25+00:00\" \/>\n<meta property=\"article:modified_time\" content=\"2021-08-04T10:01:51+00:00\" \/>\n<meta property=\"og:image\" content=\"https:\/\/www.24gliwice.pl\/wiadomosci\/wp-content\/uploads\/2021\/08\/fot.-VHS_2.jpg\" \/>\n\t<meta property=\"og:image:width\" content=\"810\" \/>\n\t<meta property=\"og:image:height\" content=\"456\" \/>\n\t<meta property=\"og:image:type\" content=\"image\/jpeg\" \/>\n<meta name=\"author\" content=\"Marcin Fabrykowski\" \/>\n<meta name=\"twitter:card\" content=\"summary_large_image\" \/>\n<meta name=\"twitter:creator\" content=\"@24gliwice\" \/>\n<meta name=\"twitter:site\" content=\"@24gliwice\" \/>\n<meta name=\"twitter:label1\" content=\"Napisane przez\" \/>\n\t<meta name=\"twitter:data1\" content=\"Marcin Fabrykowski\" \/>\n\t<meta name=\"twitter:label2\" content=\"Szacowany czas czytania\" \/>\n\t<meta name=\"twitter:data2\" content=\"2 minuty\" \/>\n<script type=\"application\/ld+json\" class=\"yoast-schema-graph\">{\"@context\":\"https:\\\/\\\/schema.org\",\"@graph\":[{\"@type\":\"Article\",\"@id\":\"https:\\\/\\\/www.24gliwice.pl\\\/wiadomosci\\\/wielkie-surfowanie-w-europie-centralnej\\\/#article\",\"isPartOf\":{\"@id\":\"https:\\\/\\\/www.24gliwice.pl\\\/wiadomosci\\\/wielkie-surfowanie-w-europie-centralnej\\\/\"},\"author\":{\"name\":\"Marcin Fabrykowski\",\"@id\":\"https:\\\/\\\/www.24gliwice.pl\\\/wiadomosci\\\/#\\\/schema\\\/person\\\/cb5857e4a4d048c15984c1edcc8ef0c0\"},\"headline\":\"Wielkie surfowanie w Europie Centralnej\",\"datePublished\":\"2021-08-04T10:00:25+00:00\",\"dateModified\":\"2021-08-04T10:01:51+00:00\",\"mainEntityOfPage\":{\"@id\":\"https:\\\/\\\/www.24gliwice.pl\\\/wiadomosci\\\/wielkie-surfowanie-w-europie-centralnej\\\/\"},\"wordCount\":396,\"publisher\":{\"@id\":\"https:\\\/\\\/www.24gliwice.pl\\\/wiadomosci\\\/#organization\"},\"image\":{\"@id\":\"https:\\\/\\\/www.24gliwice.pl\\\/wiadomosci\\\/wielkie-surfowanie-w-europie-centralnej\\\/#primaryimage\"},\"thumbnailUrl\":\"https:\\\/\\\/www.24gliwice.pl\\\/wiadomosci\\\/wp-content\\\/uploads\\\/2021\\\/08\\\/fot.-VHS_2.jpg\",\"keywords\":[\"EUROPA CENTRALNA\"],\"articleSection\":[\"Gliwice\",\"Kultura, wydarzenia, imprezy\",\"Najnowsze wiadomo\u015bci\"],\"inLanguage\":\"pl-PL\"},{\"@type\":\"WebPage\",\"@id\":\"https:\\\/\\\/www.24gliwice.pl\\\/wiadomosci\\\/wielkie-surfowanie-w-europie-centralnej\\\/\",\"url\":\"https:\\\/\\\/www.24gliwice.pl\\\/wiadomosci\\\/wielkie-surfowanie-w-europie-centralnej\\\/\",\"name\":\"Wielkie surfowanie w Europie Centralnej - 24GLIWICE - Portal Gliwice | codziennie nowe informacje\",\"isPartOf\":{\"@id\":\"https:\\\/\\\/www.24gliwice.pl\\\/wiadomosci\\\/#website\"},\"primaryImageOfPage\":{\"@id\":\"https:\\\/\\\/www.24gliwice.pl\\\/wiadomosci\\\/wielkie-surfowanie-w-europie-centralnej\\\/#primaryimage\"},\"image\":{\"@id\":\"https:\\\/\\\/www.24gliwice.pl\\\/wiadomosci\\\/wielkie-surfowanie-w-europie-centralnej\\\/#primaryimage\"},\"thumbnailUrl\":\"https:\\\/\\\/www.24gliwice.pl\\\/wiadomosci\\\/wp-content\\\/uploads\\\/2021\\\/08\\\/fot.-VHS_2.jpg\",\"datePublished\":\"2021-08-04T10:00:25+00:00\",\"dateModified\":\"2021-08-04T10:01:51+00:00\",\"breadcrumb\":{\"@id\":\"https:\\\/\\\/www.24gliwice.pl\\\/wiadomosci\\\/wielkie-surfowanie-w-europie-centralnej\\\/#breadcrumb\"},\"inLanguage\":\"pl-PL\",\"potentialAction\":[{\"@type\":\"ReadAction\",\"target\":[\"https:\\\/\\\/www.24gliwice.pl\\\/wiadomosci\\\/wielkie-surfowanie-w-europie-centralnej\\\/\"]}]},{\"@type\":\"ImageObject\",\"inLanguage\":\"pl-PL\",\"@id\":\"https:\\\/\\\/www.24gliwice.pl\\\/wiadomosci\\\/wielkie-surfowanie-w-europie-centralnej\\\/#primaryimage\",\"url\":\"https:\\\/\\\/www.24gliwice.pl\\\/wiadomosci\\\/wp-content\\\/uploads\\\/2021\\\/08\\\/fot.-VHS_2.jpg\",\"contentUrl\":\"https:\\\/\\\/www.24gliwice.pl\\\/wiadomosci\\\/wp-content\\\/uploads\\\/2021\\\/08\\\/fot.-VHS_2.jpg\",\"width\":810,\"height\":456,\"caption\":\"mat. prasowe Europa Centralna\"},{\"@type\":\"BreadcrumbList\",\"@id\":\"https:\\\/\\\/www.24gliwice.pl\\\/wiadomosci\\\/wielkie-surfowanie-w-europie-centralnej\\\/#breadcrumb\",\"itemListElement\":[{\"@type\":\"ListItem\",\"position\":1,\"name\":\"Strona g\u0142\u00f3wna\",\"item\":\"https:\\\/\\\/www.24gliwice.pl\\\/wiadomosci\\\/\"},{\"@type\":\"ListItem\",\"position\":2,\"name\":\"Wielkie surfowanie w Europie Centralnej\"}]},{\"@type\":\"WebSite\",\"@id\":\"https:\\\/\\\/www.24gliwice.pl\\\/wiadomosci\\\/#website\",\"url\":\"https:\\\/\\\/www.24gliwice.pl\\\/wiadomosci\\\/\",\"name\":\"24GLIWICE - Portal Gliwice | codziennie nowe wiadomo\u015bci\",\"description\":\"Portal Miejski Gliwice\",\"publisher\":{\"@id\":\"https:\\\/\\\/www.24gliwice.pl\\\/wiadomosci\\\/#organization\"},\"potentialAction\":[{\"@type\":\"SearchAction\",\"target\":{\"@type\":\"EntryPoint\",\"urlTemplate\":\"https:\\\/\\\/www.24gliwice.pl\\\/wiadomosci\\\/?s={search_term_string}\"},\"query-input\":{\"@type\":\"PropertyValueSpecification\",\"valueRequired\":true,\"valueName\":\"search_term_string\"}}],\"inLanguage\":\"pl-PL\"},{\"@type\":\"Organization\",\"@id\":\"https:\\\/\\\/www.24gliwice.pl\\\/wiadomosci\\\/#organization\",\"name\":\"24gliwice\",\"url\":\"https:\\\/\\\/www.24gliwice.pl\\\/wiadomosci\\\/\",\"logo\":{\"@type\":\"ImageObject\",\"inLanguage\":\"pl-PL\",\"@id\":\"https:\\\/\\\/www.24gliwice.pl\\\/wiadomosci\\\/#\\\/schema\\\/logo\\\/image\\\/\",\"url\":\"https:\\\/\\\/www.24gliwice.pl\\\/wiadomosci\\\/wp-content\\\/uploads\\\/2024\\\/10\\\/24gliwice-logo-696.jpg\",\"contentUrl\":\"https:\\\/\\\/www.24gliwice.pl\\\/wiadomosci\\\/wp-content\\\/uploads\\\/2024\\\/10\\\/24gliwice-logo-696.jpg\",\"width\":696,\"height\":696,\"caption\":\"24gliwice\"},\"image\":{\"@id\":\"https:\\\/\\\/www.24gliwice.pl\\\/wiadomosci\\\/#\\\/schema\\\/logo\\\/image\\\/\"},\"sameAs\":[\"https:\\\/\\\/www.facebook.com\\\/24gliwice\",\"https:\\\/\\\/x.com\\\/24gliwice\",\"https:\\\/\\\/www.youtube.com\\\/@24gliwice\"]},{\"@type\":\"Person\",\"@id\":\"https:\\\/\\\/www.24gliwice.pl\\\/wiadomosci\\\/#\\\/schema\\\/person\\\/cb5857e4a4d048c15984c1edcc8ef0c0\",\"name\":\"Marcin Fabrykowski\",\"image\":{\"@type\":\"ImageObject\",\"inLanguage\":\"pl-PL\",\"@id\":\"https:\\\/\\\/www.24gliwice.pl\\\/wiadomosci\\\/wp-content\\\/uploads\\\/2025\\\/11\\\/zdjecie-moje-marcin-300-96x96.jpg\",\"url\":\"https:\\\/\\\/www.24gliwice.pl\\\/wiadomosci\\\/wp-content\\\/uploads\\\/2025\\\/11\\\/zdjecie-moje-marcin-300-96x96.jpg\",\"contentUrl\":\"https:\\\/\\\/www.24gliwice.pl\\\/wiadomosci\\\/wp-content\\\/uploads\\\/2025\\\/11\\\/zdjecie-moje-marcin-300-96x96.jpg\",\"caption\":\"Marcin Fabrykowski\"},\"sameAs\":[\"http:\\\/\\\/24gliwice.pl\",\"https:\\\/\\\/www.facebook.com\\\/marcin.fabrykowski\"],\"url\":\"https:\\\/\\\/www.24gliwice.pl\\\/wiadomosci\\\/author\\\/marcin-fabrykowski\\\/\"}]}<\/script>\n<!-- \/ Yoast SEO plugin. -->","yoast_head_json":{"title":"Wielkie surfowanie w Europie Centralnej - 24GLIWICE - Portal Gliwice | codziennie nowe informacje","robots":{"index":"index","follow":"follow","max-snippet":"max-snippet:-1","max-image-preview":"max-image-preview:large","max-video-preview":"max-video-preview:-1"},"canonical":"https:\/\/www.24gliwice.pl\/wiadomosci\/wielkie-surfowanie-w-europie-centralnej\/","og_locale":"pl_PL","og_type":"article","og_title":"Wielkie surfowanie w Europie Centralnej - 24GLIWICE - Portal Gliwice | codziennie nowe informacje","og_description":"Nie trzeba jecha\u0107 nad morze, by zasmakowa\u0107 wodnego szale\u0144stwa! Ju\u017c w najbli\u017cszy weekend, 6-7 sierpnia, w Centralnie Fajnej Letniej Strefie pojawi si\u0119 tor do skimboardingu, czyli \u015blizgu na desce po cienkiej tafli wody. B\u0119d\u0105 te\u017c wielkoformatowe gry dla najm\u0142odszych oraz koncert energetycznego zespo\u0142u Holly Blue. Na wszystkie imprezy wst\u0119p wolny! &nbsp; W Centralnie Fajnej Letniej [&hellip;]","og_url":"https:\/\/www.24gliwice.pl\/wiadomosci\/wielkie-surfowanie-w-europie-centralnej\/","og_site_name":"24GLIWICE - Portal Gliwice | codziennie nowe informacje","article_publisher":"https:\/\/www.facebook.com\/24gliwice","article_author":"https:\/\/www.facebook.com\/marcin.fabrykowski","article_published_time":"2021-08-04T10:00:25+00:00","article_modified_time":"2021-08-04T10:01:51+00:00","og_image":[{"width":810,"height":456,"url":"https:\/\/www.24gliwice.pl\/wiadomosci\/wp-content\/uploads\/2021\/08\/fot.-VHS_2.jpg","type":"image\/jpeg"}],"author":"Marcin Fabrykowski","twitter_card":"summary_large_image","twitter_creator":"@24gliwice","twitter_site":"@24gliwice","twitter_misc":{"Napisane przez":"Marcin Fabrykowski","Szacowany czas czytania":"2 minuty"},"schema":{"@context":"https:\/\/schema.org","@graph":[{"@type":"Article","@id":"https:\/\/www.24gliwice.pl\/wiadomosci\/wielkie-surfowanie-w-europie-centralnej\/#article","isPartOf":{"@id":"https:\/\/www.24gliwice.pl\/wiadomosci\/wielkie-surfowanie-w-europie-centralnej\/"},"author":{"name":"Marcin Fabrykowski","@id":"https:\/\/www.24gliwice.pl\/wiadomosci\/#\/schema\/person\/cb5857e4a4d048c15984c1edcc8ef0c0"},"headline":"Wielkie surfowanie w Europie Centralnej","datePublished":"2021-08-04T10:00:25+00:00","dateModified":"2021-08-04T10:01:51+00:00","mainEntityOfPage":{"@id":"https:\/\/www.24gliwice.pl\/wiadomosci\/wielkie-surfowanie-w-europie-centralnej\/"},"wordCount":396,"publisher":{"@id":"https:\/\/www.24gliwice.pl\/wiadomosci\/#organization"},"image":{"@id":"https:\/\/www.24gliwice.pl\/wiadomosci\/wielkie-surfowanie-w-europie-centralnej\/#primaryimage"},"thumbnailUrl":"https:\/\/www.24gliwice.pl\/wiadomosci\/wp-content\/uploads\/2021\/08\/fot.-VHS_2.jpg","keywords":["EUROPA CENTRALNA"],"articleSection":["Gliwice","Kultura, wydarzenia, imprezy","Najnowsze wiadomo\u015bci"],"inLanguage":"pl-PL"},{"@type":"WebPage","@id":"https:\/\/www.24gliwice.pl\/wiadomosci\/wielkie-surfowanie-w-europie-centralnej\/","url":"https:\/\/www.24gliwice.pl\/wiadomosci\/wielkie-surfowanie-w-europie-centralnej\/","name":"Wielkie surfowanie w Europie Centralnej - 24GLIWICE - Portal Gliwice | codziennie nowe informacje","isPartOf":{"@id":"https:\/\/www.24gliwice.pl\/wiadomosci\/#website"},"primaryImageOfPage":{"@id":"https:\/\/www.24gliwice.pl\/wiadomosci\/wielkie-surfowanie-w-europie-centralnej\/#primaryimage"},"image":{"@id":"https:\/\/www.24gliwice.pl\/wiadomosci\/wielkie-surfowanie-w-europie-centralnej\/#primaryimage"},"thumbnailUrl":"https:\/\/www.24gliwice.pl\/wiadomosci\/wp-content\/uploads\/2021\/08\/fot.-VHS_2.jpg","datePublished":"2021-08-04T10:00:25+00:00","dateModified":"2021-08-04T10:01:51+00:00","breadcrumb":{"@id":"https:\/\/www.24gliwice.pl\/wiadomosci\/wielkie-surfowanie-w-europie-centralnej\/#breadcrumb"},"inLanguage":"pl-PL","potentialAction":[{"@type":"ReadAction","target":["https:\/\/www.24gliwice.pl\/wiadomosci\/wielkie-surfowanie-w-europie-centralnej\/"]}]},{"@type":"ImageObject","inLanguage":"pl-PL","@id":"https:\/\/www.24gliwice.pl\/wiadomosci\/wielkie-surfowanie-w-europie-centralnej\/#primaryimage","url":"https:\/\/www.24gliwice.pl\/wiadomosci\/wp-content\/uploads\/2021\/08\/fot.-VHS_2.jpg","contentUrl":"https:\/\/www.24gliwice.pl\/wiadomosci\/wp-content\/uploads\/2021\/08\/fot.-VHS_2.jpg","width":810,"height":456,"caption":"mat. prasowe Europa Centralna"},{"@type":"BreadcrumbList","@id":"https:\/\/www.24gliwice.pl\/wiadomosci\/wielkie-surfowanie-w-europie-centralnej\/#breadcrumb","itemListElement":[{"@type":"ListItem","position":1,"name":"Strona g\u0142\u00f3wna","item":"https:\/\/www.24gliwice.pl\/wiadomosci\/"},{"@type":"ListItem","position":2,"name":"Wielkie surfowanie w Europie Centralnej"}]},{"@type":"WebSite","@id":"https:\/\/www.24gliwice.pl\/wiadomosci\/#website","url":"https:\/\/www.24gliwice.pl\/wiadomosci\/","name":"24GLIWICE - Portal Gliwice | codziennie nowe wiadomo\u015bci","description":"Portal Miejski Gliwice","publisher":{"@id":"https:\/\/www.24gliwice.pl\/wiadomosci\/#organization"},"potentialAction":[{"@type":"SearchAction","target":{"@type":"EntryPoint","urlTemplate":"https:\/\/www.24gliwice.pl\/wiadomosci\/?s={search_term_string}"},"query-input":{"@type":"PropertyValueSpecification","valueRequired":true,"valueName":"search_term_string"}}],"inLanguage":"pl-PL"},{"@type":"Organization","@id":"https:\/\/www.24gliwice.pl\/wiadomosci\/#organization","name":"24gliwice","url":"https:\/\/www.24gliwice.pl\/wiadomosci\/","logo":{"@type":"ImageObject","inLanguage":"pl-PL","@id":"https:\/\/www.24gliwice.pl\/wiadomosci\/#\/schema\/logo\/image\/","url":"https:\/\/www.24gliwice.pl\/wiadomosci\/wp-content\/uploads\/2024\/10\/24gliwice-logo-696.jpg","contentUrl":"https:\/\/www.24gliwice.pl\/wiadomosci\/wp-content\/uploads\/2024\/10\/24gliwice-logo-696.jpg","width":696,"height":696,"caption":"24gliwice"},"image":{"@id":"https:\/\/www.24gliwice.pl\/wiadomosci\/#\/schema\/logo\/image\/"},"sameAs":["https:\/\/www.facebook.com\/24gliwice","https:\/\/x.com\/24gliwice","https:\/\/www.youtube.com\/@24gliwice"]},{"@type":"Person","@id":"https:\/\/www.24gliwice.pl\/wiadomosci\/#\/schema\/person\/cb5857e4a4d048c15984c1edcc8ef0c0","name":"Marcin Fabrykowski","image":{"@type":"ImageObject","inLanguage":"pl-PL","@id":"https:\/\/www.24gliwice.pl\/wiadomosci\/wp-content\/uploads\/2025\/11\/zdjecie-moje-marcin-300-96x96.jpg","url":"https:\/\/www.24gliwice.pl\/wiadomosci\/wp-content\/uploads\/2025\/11\/zdjecie-moje-marcin-300-96x96.jpg","contentUrl":"https:\/\/www.24gliwice.pl\/wiadomosci\/wp-content\/uploads\/2025\/11\/zdjecie-moje-marcin-300-96x96.jpg","caption":"Marcin Fabrykowski"},"sameAs":["http:\/\/24gliwice.pl","https:\/\/www.facebook.com\/marcin.fabrykowski"],"url":"https:\/\/www.24gliwice.pl\/wiadomosci\/author\/marcin-fabrykowski\/"}]}},"_links":{"self":[{"href":"https:\/\/www.24gliwice.pl\/wiadomosci\/wp-json\/wp\/v2\/posts\/174545","targetHints":{"allow":["GET"]}}],"collection":[{"href":"https:\/\/www.24gliwice.pl\/wiadomosci\/wp-json\/wp\/v2\/posts"}],"about":[{"href":"https:\/\/www.24gliwice.pl\/wiadomosci\/wp-json\/wp\/v2\/types\/post"}],"author":[{"embeddable":true,"href":"https:\/\/www.24gliwice.pl\/wiadomosci\/wp-json\/wp\/v2\/users\/4"}],"replies":[{"embeddable":true,"href":"https:\/\/www.24gliwice.pl\/wiadomosci\/wp-json\/wp\/v2\/comments?post=174545"}],"version-history":[{"count":0,"href":"https:\/\/www.24gliwice.pl\/wiadomosci\/wp-json\/wp\/v2\/posts\/174545\/revisions"}],"wp:featuredmedia":[{"embeddable":true,"href":"https:\/\/www.24gliwice.pl\/wiadomosci\/wp-json\/wp\/v2\/media\/174551"}],"wp:attachment":[{"href":"https:\/\/www.24gliwice.pl\/wiadomosci\/wp-json\/wp\/v2\/media?parent=174545"}],"wp:term":[{"taxonomy":"category","embeddable":true,"href":"https:\/\/www.24gliwice.pl\/wiadomosci\/wp-json\/wp\/v2\/categories?post=174545"},{"taxonomy":"post_tag","embeddable":true,"href":"https:\/\/www.24gliwice.pl\/wiadomosci\/wp-json\/wp\/v2\/tags?post=174545"}],"curies":[{"name":"wp","href":"https:\/\/api.w.org\/{rel}","templated":true}]}}