{"id":175013,"date":"2021-08-12T00:37:24","date_gmt":"2021-08-11T22:37:24","guid":{"rendered":"https:\/\/www.24gliwice.pl\/wiadomosci\/?p=175013"},"modified":"2021-08-12T22:32:07","modified_gmt":"2021-08-12T20:32:07","slug":"gastronomia-na-obrzezach-parku-chopina-mzuk-przygotuje-teren-do-dzierzawy","status":"publish","type":"post","link":"https:\/\/www.24gliwice.pl\/wiadomosci\/gastronomia-na-obrzezach-parku-chopina-mzuk-przygotuje-teren-do-dzierzawy\/","title":{"rendered":"Gastronomia na obrze\u017cach parku Chopina. MZUK przygotuje teren do dzier\u017cawy"},"content":{"rendered":"<div class=\"gliwi-a6-nad-leadem-artykulow gliwi-entity-placement\" id=\"gliwi-4153926735\"><div class=\"gliwi-adlabel\"><span style=\"font-size: 9px\">REKLAMA<\/span><\/div><div id=\"gliwi-1581447513\" style=\"margin-bottom: 25px;margin-left: auto;margin-right: auto;text-align: center;\"><a data-no-instant=\"1\" href=\"https:\/\/dom100.eu\/\" rel=\"noopener\" class=\"a2t-link\" target=\"_blank\" aria-label=\"20260415 DOM100 D\"><img loading=\"lazy\" decoding=\"async\" src=\"https:\/\/www.24gliwice.pl\/wiadomosci\/wp-content\/uploads\/2026\/04\/20260415-DOM100-D.jpg\" alt=\"\"  srcset=\"https:\/\/www.24gliwice.pl\/wiadomosci\/wp-content\/uploads\/2026\/04\/20260415-DOM100-D.jpg 750w, https:\/\/www.24gliwice.pl\/wiadomosci\/wp-content\/uploads\/2026\/04\/20260415-DOM100-D-410x109.jpg 410w\" sizes=\"(max-width: 750px) 100vw, 750px\" class=\"no-lazyload\" width=\"750\" height=\"200\"  style=\"display: inline-block; max-width: 100%; height: auto;\" \/><\/a><\/div><\/div><h2>Dzia\u0142ka przy ulicy Berbeckiego mia\u0142a by\u0107 sprzedana, jednak miasto zmieni\u0142o wobec niej plany. Teraz MZUK przygotuje teren pod dzia\u0142alno\u015b\u0107 gastronomiczn\u0105, kt\u00f3ra ma ruszy\u0107 w przysz\u0142ym roku.<\/h2>\n<p>&nbsp;<br \/>\nFragment gruntu obok siedziby firmy Wasko, o nieregularnym kszta\u0142cie, nie nadawa\u0142 si\u0119 specjalnie pod \u017cadne sensowne (i po\u017c\u0105dane w tym miejscu) inwestycje. W czerwcu pojawi\u0142y si\u0119 pierwsze zapowiedzi dotycz\u0105ce potencjalnych plan\u00f3w miasta wobec terenu, kt\u00f3ry jeszcze do niedawna mia\u0142 trafi\u0107 do nowego nabywcy. Informowano w\u00f3wczas, \u017ce rozwa\u017cane jest wykorzystanie dzia\u0142ki pod sezonow\u0105 gastronomi\u0119. Wkr\u00f3tce wykonano kolejny krok w kierunku zagospodarowania tej nieruchomo\u015bci. Pod koniec lipca w BIP Urz\u0119du Miejskiego pojawi\u0142o si\u0119 zarz\u0105dzenie Prezydenta Miasta dotycz\u0105ce przekazania cz\u0119\u015bci dzia\u0142ki w dzier\u017caw\u0119.<\/p>\n<blockquote><p>Przedmiotow\u0105 nieruchomo\u015b\u0107 wydzier\u017cawia si\u0119 na okres do dnia 30.09.2021 r., z przeznaczeniem terenu pod utworzenie tymczasowych stanowisk handlu obwo\u017anego<\/p><\/blockquote>\n<p>&#8211; czytamy w dokumencie.<\/p><div class=\"gliwi-a3-w-tresci-artykulow gliwi-entity-placement\" id=\"gliwi-741372158\"><div class=\"gliwi-adlabel\"><span style=\"font-size: 9px\">REKLAMA<\/span><\/div><div id=\"gliwi-924091271\" style=\"margin-bottom: 30px;margin-left: auto;margin-right: auto;text-align: center;\"><a data-no-instant=\"1\" href=\"https:\/\/ogrodyandersa.pl\/\" rel=\"noopener\" class=\"a2t-link\" target=\"_blank\" aria-label=\"20260415 Ogrody Andersa KUP TERAZ D\"><img loading=\"lazy\" decoding=\"async\" src=\"https:\/\/www.24gliwice.pl\/wiadomosci\/wp-content\/uploads\/2026\/04\/20260415-Ogrody-Andersa-KUP-TERAZ-D.jpg\" alt=\"\"  srcset=\"https:\/\/www.24gliwice.pl\/wiadomosci\/wp-content\/uploads\/2026\/04\/20260415-Ogrody-Andersa-KUP-TERAZ-D.jpg 750w, https:\/\/www.24gliwice.pl\/wiadomosci\/wp-content\/uploads\/2026\/04\/20260415-Ogrody-Andersa-KUP-TERAZ-D-410x109.jpg 410w\" sizes=\"(max-width: 750px) 100vw, 750px\" class=\"no-lazyload\" width=\"750\" height=\"200\"  style=\"display: inline-block; max-width: 100%; height: auto;\" \/><\/a><\/div><\/div>\n<p><a href=\"https:\/\/www.24gliwice.pl\/wiadomosci\/wp-content\/uploads\/2021\/08\/Przechwytywanie-w-trybie-pelnoekranowym-2021-08-11-134958.jpg\"><img loading=\"lazy\" decoding=\"async\" class=\"alignnone  wp-image-175028\" src=\"https:\/\/www.24gliwice.pl\/wiadomosci\/wp-content\/uploads\/2021\/08\/Przechwytywanie-w-trybie-pelnoekranowym-2021-08-11-134958.jpg\" alt=\"\" width=\"1101\" height=\"310\" srcset=\"https:\/\/www.24gliwice.pl\/wiadomosci\/wp-content\/uploads\/2021\/08\/Przechwytywanie-w-trybie-pelnoekranowym-2021-08-11-134958.jpg 657w, https:\/\/www.24gliwice.pl\/wiadomosci\/wp-content\/uploads\/2021\/08\/Przechwytywanie-w-trybie-pelnoekranowym-2021-08-11-134958-410x115.jpg 410w\" sizes=\"auto, (max-width: 1101px) 100vw, 1101px\" \/><\/a><\/p>\n<p>Wiadomo ju\u017c co kryje si\u0119 za tym sformu\u0142owaniem. Tu\u017c obok parku Chopina, w niedalekim s\u0105siedztwie restauracji McDonald&#8217;s mog\u0105 si\u0119 pojawi\u0107 stanowiska gastronomiczne.<\/p>\n<p>&#8211; <em>Spraw\u0105 zajmuje si\u0119 Miejski Zarz\u0105d Us\u0142ug Komunalnych. Przygotowuj\u0105 dokumentacj\u0119 niezb\u0119dn\u0105 do zawarcia umowy. Na jej podstawie mo\u017cliwa b\u0119dzie w przysz\u0142o\u015bci dzier\u017cawa terenu pod utworzenie stanowisk gastronomicznych. W planach MZUK jest m.in. pod\u0142\u0105czenie pr\u0105du i rewitalizacja zieleni. Je\u017celi wszystko p\u00f3jdzie zgodnie z planem, gastronomia b\u0119dzie mog\u0142a pojawi\u0107 si\u0119 tam w nast\u0119pnym roku<\/em> &#8211; poinformowa\u0142a<strong> Maja Lamorska-Gorgol<\/strong> z Wydzia\u0142u Promocji i Komunikacji Spo\u0142ecznej gliwickiego magistratu.<\/p>\n<p>(\u017cms)<\/p>\n<div class=\"gliwi-a5-na-koncu-artykulow gliwi-entity-placement\" id=\"gliwi-2831918222\"><div class=\"gliwi-adlabel\"><span style=\"font-size: 9px\">REKLAMA<\/span><\/div><div id=\"gliwi-4201929170\" style=\"margin-left: auto;margin-right: auto;text-align: center;\"><a data-no-instant=\"1\" href=\"https:\/\/www.jasek.pl\/\" rel=\"noopener\" class=\"a2t-link\" target=\"_blank\" aria-label=\"20200401-jasek 600\"><img loading=\"lazy\" decoding=\"async\" src=\"https:\/\/www.24gliwice.pl\/wiadomosci\/wp-content\/uploads\/2020\/04\/20200401-jasek-600.jpg\" alt=\"\"  srcset=\"https:\/\/www.24gliwice.pl\/wiadomosci\/wp-content\/uploads\/2020\/04\/20200401-jasek-600.jpg 600w, https:\/\/www.24gliwice.pl\/wiadomosci\/wp-content\/uploads\/2020\/04\/20200401-jasek-600-410x109.jpg 410w\" sizes=\"(max-width: 600px) 100vw, 600px\" class=\"no-lazyload\" width=\"600\" height=\"160\"  style=\"display: inline-block; max-width: 100%; height: auto;\" \/><\/a><\/div><\/div>","protected":false},"excerpt":{"rendered":"<p>Dzia\u0142ka przy ulicy Berbeckiego mia\u0142a by\u0107 sprzedana, jednak miasto zmieni\u0142o wobec niej plany. Teraz MZUK przygotuje teren pod dzia\u0142alno\u015b\u0107 gastronomiczn\u0105, kt\u00f3ra ma ruszy\u0107 w przysz\u0142ym roku. &nbsp; Fragment gruntu obok siedziby firmy Wasko, o nieregularnym kszta\u0142cie, nie nadawa\u0142 si\u0119 specjalnie pod \u017cadne sensowne (i po\u017c\u0105dane w tym miejscu) inwestycje. W czerwcu pojawi\u0142y si\u0119 pierwsze zapowiedzi [&hellip;]<\/p>\n","protected":false},"author":15,"featured_media":175027,"comment_status":"open","ping_status":"closed","sticky":false,"template":"","format":"standard","meta":{"_monsterinsights_skip_tracking":false,"_monsterinsights_sitenote_active":false,"_monsterinsights_sitenote_note":"","_monsterinsights_sitenote_category":0,"footnotes":"","_links_to":"","_links_to_target":""},"categories":[3,1,9,8],"tags":[],"class_list":["post-175013","post","type-post","status-publish","format-standard","has-post-thumbnail","hentry","category-gliwice","category-wszystko","category-aktualnosci_lokalne","category-samorzad_polityka"],"yoast_head":"<!-- This site is optimized with the Yoast SEO plugin v27.5 - https:\/\/yoast.com\/product\/yoast-seo-wordpress\/ -->\n<title>Gastronomia na obrze\u017cach parku Chopina. MZUK przygotuje teren do dzier\u017cawy - 24GLIWICE - Portal Gliwice | codziennie nowe informacje<\/title>\n<meta name=\"robots\" content=\"index, follow, max-snippet:-1, max-image-preview:large, max-video-preview:-1\" \/>\n<link rel=\"canonical\" href=\"https:\/\/www.24gliwice.pl\/wiadomosci\/gastronomia-na-obrzezach-parku-chopina-mzuk-przygotuje-teren-do-dzierzawy\/\" \/>\n<meta property=\"og:locale\" content=\"pl_PL\" \/>\n<meta property=\"og:type\" content=\"article\" \/>\n<meta property=\"og:title\" content=\"Gastronomia na obrze\u017cach parku Chopina. MZUK przygotuje teren do dzier\u017cawy - 24GLIWICE - Portal Gliwice | codziennie nowe informacje\" \/>\n<meta property=\"og:description\" content=\"Dzia\u0142ka przy ulicy Berbeckiego mia\u0142a by\u0107 sprzedana, jednak miasto zmieni\u0142o wobec niej plany. Teraz MZUK przygotuje teren pod dzia\u0142alno\u015b\u0107 gastronomiczn\u0105, kt\u00f3ra ma ruszy\u0107 w przysz\u0142ym roku. &nbsp; Fragment gruntu obok siedziby firmy Wasko, o nieregularnym kszta\u0142cie, nie nadawa\u0142 si\u0119 specjalnie pod \u017cadne sensowne (i po\u017c\u0105dane w tym miejscu) inwestycje. W czerwcu pojawi\u0142y si\u0119 pierwsze zapowiedzi [&hellip;]\" \/>\n<meta property=\"og:url\" content=\"https:\/\/www.24gliwice.pl\/wiadomosci\/gastronomia-na-obrzezach-parku-chopina-mzuk-przygotuje-teren-do-dzierzawy\/\" \/>\n<meta property=\"og:site_name\" content=\"24GLIWICE - Portal Gliwice | codziennie nowe informacje\" \/>\n<meta property=\"article:publisher\" content=\"https:\/\/www.facebook.com\/24gliwice\" \/>\n<meta property=\"article:published_time\" content=\"2021-08-11T22:37:24+00:00\" \/>\n<meta property=\"article:modified_time\" content=\"2021-08-12T20:32:07+00:00\" \/>\n<meta property=\"og:image\" content=\"https:\/\/www.24gliwice.pl\/wiadomosci\/wp-content\/uploads\/2021\/08\/dzialka-berbeckiego.jpg\" \/>\n\t<meta property=\"og:image:width\" content=\"810\" \/>\n\t<meta property=\"og:image:height\" content=\"456\" \/>\n\t<meta property=\"og:image:type\" content=\"image\/jpeg\" \/>\n<meta name=\"author\" content=\"\u017baneta Mrozek-Siewierska\" \/>\n<meta name=\"twitter:card\" content=\"summary_large_image\" \/>\n<meta name=\"twitter:creator\" content=\"@24gliwice\" \/>\n<meta name=\"twitter:site\" content=\"@24gliwice\" \/>\n<meta name=\"twitter:label1\" content=\"Napisane przez\" \/>\n\t<meta name=\"twitter:data1\" content=\"\u017baneta Mrozek-Siewierska\" \/>\n\t<meta name=\"twitter:label2\" content=\"Szacowany czas czytania\" \/>\n\t<meta name=\"twitter:data2\" content=\"1 minuta\" \/>\n<script type=\"application\/ld+json\" class=\"yoast-schema-graph\">{\"@context\":\"https:\\\/\\\/schema.org\",\"@graph\":[{\"@type\":\"Article\",\"@id\":\"https:\\\/\\\/www.24gliwice.pl\\\/wiadomosci\\\/gastronomia-na-obrzezach-parku-chopina-mzuk-przygotuje-teren-do-dzierzawy\\\/#article\",\"isPartOf\":{\"@id\":\"https:\\\/\\\/www.24gliwice.pl\\\/wiadomosci\\\/gastronomia-na-obrzezach-parku-chopina-mzuk-przygotuje-teren-do-dzierzawy\\\/\"},\"author\":{\"name\":\"\u017baneta Mrozek-Siewierska\",\"@id\":\"https:\\\/\\\/www.24gliwice.pl\\\/wiadomosci\\\/#\\\/schema\\\/person\\\/e42c650edd7f2fa332be3811fb166b6e\"},\"headline\":\"Gastronomia na obrze\u017cach parku Chopina. MZUK przygotuje teren do dzier\u017cawy\",\"datePublished\":\"2021-08-11T22:37:24+00:00\",\"dateModified\":\"2021-08-12T20:32:07+00:00\",\"mainEntityOfPage\":{\"@id\":\"https:\\\/\\\/www.24gliwice.pl\\\/wiadomosci\\\/gastronomia-na-obrzezach-parku-chopina-mzuk-przygotuje-teren-do-dzierzawy\\\/\"},\"wordCount\":276,\"commentCount\":0,\"publisher\":{\"@id\":\"https:\\\/\\\/www.24gliwice.pl\\\/wiadomosci\\\/#organization\"},\"image\":{\"@id\":\"https:\\\/\\\/www.24gliwice.pl\\\/wiadomosci\\\/gastronomia-na-obrzezach-parku-chopina-mzuk-przygotuje-teren-do-dzierzawy\\\/#primaryimage\"},\"thumbnailUrl\":\"https:\\\/\\\/www.24gliwice.pl\\\/wiadomosci\\\/wp-content\\\/uploads\\\/2021\\\/08\\\/dzialka-berbeckiego.jpg\",\"articleSection\":[\"Gliwice\",\"Najnowsze wiadomo\u015bci\",\"Portal Gliwice - Wiadomo\u015bci lokalne\",\"Samorz\u0105d, polityka\"],\"inLanguage\":\"pl-PL\",\"potentialAction\":[{\"@type\":\"CommentAction\",\"name\":\"Comment\",\"target\":[\"https:\\\/\\\/www.24gliwice.pl\\\/wiadomosci\\\/gastronomia-na-obrzezach-parku-chopina-mzuk-przygotuje-teren-do-dzierzawy\\\/#respond\"]}]},{\"@type\":\"WebPage\",\"@id\":\"https:\\\/\\\/www.24gliwice.pl\\\/wiadomosci\\\/gastronomia-na-obrzezach-parku-chopina-mzuk-przygotuje-teren-do-dzierzawy\\\/\",\"url\":\"https:\\\/\\\/www.24gliwice.pl\\\/wiadomosci\\\/gastronomia-na-obrzezach-parku-chopina-mzuk-przygotuje-teren-do-dzierzawy\\\/\",\"name\":\"Gastronomia na obrze\u017cach parku Chopina. MZUK przygotuje teren do dzier\u017cawy - 24GLIWICE - Portal Gliwice | codziennie nowe informacje\",\"isPartOf\":{\"@id\":\"https:\\\/\\\/www.24gliwice.pl\\\/wiadomosci\\\/#website\"},\"primaryImageOfPage\":{\"@id\":\"https:\\\/\\\/www.24gliwice.pl\\\/wiadomosci\\\/gastronomia-na-obrzezach-parku-chopina-mzuk-przygotuje-teren-do-dzierzawy\\\/#primaryimage\"},\"image\":{\"@id\":\"https:\\\/\\\/www.24gliwice.pl\\\/wiadomosci\\\/gastronomia-na-obrzezach-parku-chopina-mzuk-przygotuje-teren-do-dzierzawy\\\/#primaryimage\"},\"thumbnailUrl\":\"https:\\\/\\\/www.24gliwice.pl\\\/wiadomosci\\\/wp-content\\\/uploads\\\/2021\\\/08\\\/dzialka-berbeckiego.jpg\",\"datePublished\":\"2021-08-11T22:37:24+00:00\",\"dateModified\":\"2021-08-12T20:32:07+00:00\",\"breadcrumb\":{\"@id\":\"https:\\\/\\\/www.24gliwice.pl\\\/wiadomosci\\\/gastronomia-na-obrzezach-parku-chopina-mzuk-przygotuje-teren-do-dzierzawy\\\/#breadcrumb\"},\"inLanguage\":\"pl-PL\",\"potentialAction\":[{\"@type\":\"ReadAction\",\"target\":[\"https:\\\/\\\/www.24gliwice.pl\\\/wiadomosci\\\/gastronomia-na-obrzezach-parku-chopina-mzuk-przygotuje-teren-do-dzierzawy\\\/\"]}]},{\"@type\":\"ImageObject\",\"inLanguage\":\"pl-PL\",\"@id\":\"https:\\\/\\\/www.24gliwice.pl\\\/wiadomosci\\\/gastronomia-na-obrzezach-parku-chopina-mzuk-przygotuje-teren-do-dzierzawy\\\/#primaryimage\",\"url\":\"https:\\\/\\\/www.24gliwice.pl\\\/wiadomosci\\\/wp-content\\\/uploads\\\/2021\\\/08\\\/dzialka-berbeckiego.jpg\",\"contentUrl\":\"https:\\\/\\\/www.24gliwice.pl\\\/wiadomosci\\\/wp-content\\\/uploads\\\/2021\\\/08\\\/dzialka-berbeckiego.jpg\",\"width\":810,\"height\":456},{\"@type\":\"BreadcrumbList\",\"@id\":\"https:\\\/\\\/www.24gliwice.pl\\\/wiadomosci\\\/gastronomia-na-obrzezach-parku-chopina-mzuk-przygotuje-teren-do-dzierzawy\\\/#breadcrumb\",\"itemListElement\":[{\"@type\":\"ListItem\",\"position\":1,\"name\":\"Strona g\u0142\u00f3wna\",\"item\":\"https:\\\/\\\/www.24gliwice.pl\\\/wiadomosci\\\/\"},{\"@type\":\"ListItem\",\"position\":2,\"name\":\"Gastronomia na obrze\u017cach parku Chopina. MZUK przygotuje teren do dzier\u017cawy\"}]},{\"@type\":\"WebSite\",\"@id\":\"https:\\\/\\\/www.24gliwice.pl\\\/wiadomosci\\\/#website\",\"url\":\"https:\\\/\\\/www.24gliwice.pl\\\/wiadomosci\\\/\",\"name\":\"24GLIWICE - Portal Gliwice | codziennie nowe wiadomo\u015bci\",\"description\":\"Portal Miejski Gliwice\",\"publisher\":{\"@id\":\"https:\\\/\\\/www.24gliwice.pl\\\/wiadomosci\\\/#organization\"},\"potentialAction\":[{\"@type\":\"SearchAction\",\"target\":{\"@type\":\"EntryPoint\",\"urlTemplate\":\"https:\\\/\\\/www.24gliwice.pl\\\/wiadomosci\\\/?s={search_term_string}\"},\"query-input\":{\"@type\":\"PropertyValueSpecification\",\"valueRequired\":true,\"valueName\":\"search_term_string\"}}],\"inLanguage\":\"pl-PL\"},{\"@type\":\"Organization\",\"@id\":\"https:\\\/\\\/www.24gliwice.pl\\\/wiadomosci\\\/#organization\",\"name\":\"24gliwice\",\"url\":\"https:\\\/\\\/www.24gliwice.pl\\\/wiadomosci\\\/\",\"logo\":{\"@type\":\"ImageObject\",\"inLanguage\":\"pl-PL\",\"@id\":\"https:\\\/\\\/www.24gliwice.pl\\\/wiadomosci\\\/#\\\/schema\\\/logo\\\/image\\\/\",\"url\":\"https:\\\/\\\/www.24gliwice.pl\\\/wiadomosci\\\/wp-content\\\/uploads\\\/2024\\\/10\\\/24gliwice-logo-696.jpg\",\"contentUrl\":\"https:\\\/\\\/www.24gliwice.pl\\\/wiadomosci\\\/wp-content\\\/uploads\\\/2024\\\/10\\\/24gliwice-logo-696.jpg\",\"width\":696,\"height\":696,\"caption\":\"24gliwice\"},\"image\":{\"@id\":\"https:\\\/\\\/www.24gliwice.pl\\\/wiadomosci\\\/#\\\/schema\\\/logo\\\/image\\\/\"},\"sameAs\":[\"https:\\\/\\\/www.facebook.com\\\/24gliwice\",\"https:\\\/\\\/x.com\\\/24gliwice\",\"https:\\\/\\\/www.youtube.com\\\/@24gliwice\"]},{\"@type\":\"Person\",\"@id\":\"https:\\\/\\\/www.24gliwice.pl\\\/wiadomosci\\\/#\\\/schema\\\/person\\\/e42c650edd7f2fa332be3811fb166b6e\",\"name\":\"\u017baneta Mrozek-Siewierska\",\"image\":{\"@type\":\"ImageObject\",\"inLanguage\":\"pl-PL\",\"@id\":\"https:\\\/\\\/secure.gravatar.com\\\/avatar\\\/1881429e9c64597c77ad7aef2d0a19be69a3253e57534d16aa15bf3a4d34a0a3?s=96&d=mm&r=g\",\"url\":\"https:\\\/\\\/secure.gravatar.com\\\/avatar\\\/1881429e9c64597c77ad7aef2d0a19be69a3253e57534d16aa15bf3a4d34a0a3?s=96&d=mm&r=g\",\"contentUrl\":\"https:\\\/\\\/secure.gravatar.com\\\/avatar\\\/1881429e9c64597c77ad7aef2d0a19be69a3253e57534d16aa15bf3a4d34a0a3?s=96&d=mm&r=g\",\"caption\":\"\u017baneta Mrozek-Siewierska\"},\"url\":\"https:\\\/\\\/www.24gliwice.pl\\\/wiadomosci\\\/author\\\/zms\\\/\"}]}<\/script>\n<!-- \/ Yoast SEO plugin. -->","yoast_head_json":{"title":"Gastronomia na obrze\u017cach parku Chopina. MZUK przygotuje teren do dzier\u017cawy - 24GLIWICE - Portal Gliwice | codziennie nowe informacje","robots":{"index":"index","follow":"follow","max-snippet":"max-snippet:-1","max-image-preview":"max-image-preview:large","max-video-preview":"max-video-preview:-1"},"canonical":"https:\/\/www.24gliwice.pl\/wiadomosci\/gastronomia-na-obrzezach-parku-chopina-mzuk-przygotuje-teren-do-dzierzawy\/","og_locale":"pl_PL","og_type":"article","og_title":"Gastronomia na obrze\u017cach parku Chopina. MZUK przygotuje teren do dzier\u017cawy - 24GLIWICE - Portal Gliwice | codziennie nowe informacje","og_description":"Dzia\u0142ka przy ulicy Berbeckiego mia\u0142a by\u0107 sprzedana, jednak miasto zmieni\u0142o wobec niej plany. Teraz MZUK przygotuje teren pod dzia\u0142alno\u015b\u0107 gastronomiczn\u0105, kt\u00f3ra ma ruszy\u0107 w przysz\u0142ym roku. &nbsp; Fragment gruntu obok siedziby firmy Wasko, o nieregularnym kszta\u0142cie, nie nadawa\u0142 si\u0119 specjalnie pod \u017cadne sensowne (i po\u017c\u0105dane w tym miejscu) inwestycje. W czerwcu pojawi\u0142y si\u0119 pierwsze zapowiedzi [&hellip;]","og_url":"https:\/\/www.24gliwice.pl\/wiadomosci\/gastronomia-na-obrzezach-parku-chopina-mzuk-przygotuje-teren-do-dzierzawy\/","og_site_name":"24GLIWICE - Portal Gliwice | codziennie nowe informacje","article_publisher":"https:\/\/www.facebook.com\/24gliwice","article_published_time":"2021-08-11T22:37:24+00:00","article_modified_time":"2021-08-12T20:32:07+00:00","og_image":[{"width":810,"height":456,"url":"https:\/\/www.24gliwice.pl\/wiadomosci\/wp-content\/uploads\/2021\/08\/dzialka-berbeckiego.jpg","type":"image\/jpeg"}],"author":"\u017baneta Mrozek-Siewierska","twitter_card":"summary_large_image","twitter_creator":"@24gliwice","twitter_site":"@24gliwice","twitter_misc":{"Napisane przez":"\u017baneta Mrozek-Siewierska","Szacowany czas czytania":"1 minuta"},"schema":{"@context":"https:\/\/schema.org","@graph":[{"@type":"Article","@id":"https:\/\/www.24gliwice.pl\/wiadomosci\/gastronomia-na-obrzezach-parku-chopina-mzuk-przygotuje-teren-do-dzierzawy\/#article","isPartOf":{"@id":"https:\/\/www.24gliwice.pl\/wiadomosci\/gastronomia-na-obrzezach-parku-chopina-mzuk-przygotuje-teren-do-dzierzawy\/"},"author":{"name":"\u017baneta Mrozek-Siewierska","@id":"https:\/\/www.24gliwice.pl\/wiadomosci\/#\/schema\/person\/e42c650edd7f2fa332be3811fb166b6e"},"headline":"Gastronomia na obrze\u017cach parku Chopina. MZUK przygotuje teren do dzier\u017cawy","datePublished":"2021-08-11T22:37:24+00:00","dateModified":"2021-08-12T20:32:07+00:00","mainEntityOfPage":{"@id":"https:\/\/www.24gliwice.pl\/wiadomosci\/gastronomia-na-obrzezach-parku-chopina-mzuk-przygotuje-teren-do-dzierzawy\/"},"wordCount":276,"commentCount":0,"publisher":{"@id":"https:\/\/www.24gliwice.pl\/wiadomosci\/#organization"},"image":{"@id":"https:\/\/www.24gliwice.pl\/wiadomosci\/gastronomia-na-obrzezach-parku-chopina-mzuk-przygotuje-teren-do-dzierzawy\/#primaryimage"},"thumbnailUrl":"https:\/\/www.24gliwice.pl\/wiadomosci\/wp-content\/uploads\/2021\/08\/dzialka-berbeckiego.jpg","articleSection":["Gliwice","Najnowsze wiadomo\u015bci","Portal Gliwice - Wiadomo\u015bci lokalne","Samorz\u0105d, polityka"],"inLanguage":"pl-PL","potentialAction":[{"@type":"CommentAction","name":"Comment","target":["https:\/\/www.24gliwice.pl\/wiadomosci\/gastronomia-na-obrzezach-parku-chopina-mzuk-przygotuje-teren-do-dzierzawy\/#respond"]}]},{"@type":"WebPage","@id":"https:\/\/www.24gliwice.pl\/wiadomosci\/gastronomia-na-obrzezach-parku-chopina-mzuk-przygotuje-teren-do-dzierzawy\/","url":"https:\/\/www.24gliwice.pl\/wiadomosci\/gastronomia-na-obrzezach-parku-chopina-mzuk-przygotuje-teren-do-dzierzawy\/","name":"Gastronomia na obrze\u017cach parku Chopina. MZUK przygotuje teren do dzier\u017cawy - 24GLIWICE - Portal Gliwice | codziennie nowe informacje","isPartOf":{"@id":"https:\/\/www.24gliwice.pl\/wiadomosci\/#website"},"primaryImageOfPage":{"@id":"https:\/\/www.24gliwice.pl\/wiadomosci\/gastronomia-na-obrzezach-parku-chopina-mzuk-przygotuje-teren-do-dzierzawy\/#primaryimage"},"image":{"@id":"https:\/\/www.24gliwice.pl\/wiadomosci\/gastronomia-na-obrzezach-parku-chopina-mzuk-przygotuje-teren-do-dzierzawy\/#primaryimage"},"thumbnailUrl":"https:\/\/www.24gliwice.pl\/wiadomosci\/wp-content\/uploads\/2021\/08\/dzialka-berbeckiego.jpg","datePublished":"2021-08-11T22:37:24+00:00","dateModified":"2021-08-12T20:32:07+00:00","breadcrumb":{"@id":"https:\/\/www.24gliwice.pl\/wiadomosci\/gastronomia-na-obrzezach-parku-chopina-mzuk-przygotuje-teren-do-dzierzawy\/#breadcrumb"},"inLanguage":"pl-PL","potentialAction":[{"@type":"ReadAction","target":["https:\/\/www.24gliwice.pl\/wiadomosci\/gastronomia-na-obrzezach-parku-chopina-mzuk-przygotuje-teren-do-dzierzawy\/"]}]},{"@type":"ImageObject","inLanguage":"pl-PL","@id":"https:\/\/www.24gliwice.pl\/wiadomosci\/gastronomia-na-obrzezach-parku-chopina-mzuk-przygotuje-teren-do-dzierzawy\/#primaryimage","url":"https:\/\/www.24gliwice.pl\/wiadomosci\/wp-content\/uploads\/2021\/08\/dzialka-berbeckiego.jpg","contentUrl":"https:\/\/www.24gliwice.pl\/wiadomosci\/wp-content\/uploads\/2021\/08\/dzialka-berbeckiego.jpg","width":810,"height":456},{"@type":"BreadcrumbList","@id":"https:\/\/www.24gliwice.pl\/wiadomosci\/gastronomia-na-obrzezach-parku-chopina-mzuk-przygotuje-teren-do-dzierzawy\/#breadcrumb","itemListElement":[{"@type":"ListItem","position":1,"name":"Strona g\u0142\u00f3wna","item":"https:\/\/www.24gliwice.pl\/wiadomosci\/"},{"@type":"ListItem","position":2,"name":"Gastronomia na obrze\u017cach parku Chopina. MZUK przygotuje teren do dzier\u017cawy"}]},{"@type":"WebSite","@id":"https:\/\/www.24gliwice.pl\/wiadomosci\/#website","url":"https:\/\/www.24gliwice.pl\/wiadomosci\/","name":"24GLIWICE - Portal Gliwice | codziennie nowe wiadomo\u015bci","description":"Portal Miejski Gliwice","publisher":{"@id":"https:\/\/www.24gliwice.pl\/wiadomosci\/#organization"},"potentialAction":[{"@type":"SearchAction","target":{"@type":"EntryPoint","urlTemplate":"https:\/\/www.24gliwice.pl\/wiadomosci\/?s={search_term_string}"},"query-input":{"@type":"PropertyValueSpecification","valueRequired":true,"valueName":"search_term_string"}}],"inLanguage":"pl-PL"},{"@type":"Organization","@id":"https:\/\/www.24gliwice.pl\/wiadomosci\/#organization","name":"24gliwice","url":"https:\/\/www.24gliwice.pl\/wiadomosci\/","logo":{"@type":"ImageObject","inLanguage":"pl-PL","@id":"https:\/\/www.24gliwice.pl\/wiadomosci\/#\/schema\/logo\/image\/","url":"https:\/\/www.24gliwice.pl\/wiadomosci\/wp-content\/uploads\/2024\/10\/24gliwice-logo-696.jpg","contentUrl":"https:\/\/www.24gliwice.pl\/wiadomosci\/wp-content\/uploads\/2024\/10\/24gliwice-logo-696.jpg","width":696,"height":696,"caption":"24gliwice"},"image":{"@id":"https:\/\/www.24gliwice.pl\/wiadomosci\/#\/schema\/logo\/image\/"},"sameAs":["https:\/\/www.facebook.com\/24gliwice","https:\/\/x.com\/24gliwice","https:\/\/www.youtube.com\/@24gliwice"]},{"@type":"Person","@id":"https:\/\/www.24gliwice.pl\/wiadomosci\/#\/schema\/person\/e42c650edd7f2fa332be3811fb166b6e","name":"\u017baneta Mrozek-Siewierska","image":{"@type":"ImageObject","inLanguage":"pl-PL","@id":"https:\/\/secure.gravatar.com\/avatar\/1881429e9c64597c77ad7aef2d0a19be69a3253e57534d16aa15bf3a4d34a0a3?s=96&d=mm&r=g","url":"https:\/\/secure.gravatar.com\/avatar\/1881429e9c64597c77ad7aef2d0a19be69a3253e57534d16aa15bf3a4d34a0a3?s=96&d=mm&r=g","contentUrl":"https:\/\/secure.gravatar.com\/avatar\/1881429e9c64597c77ad7aef2d0a19be69a3253e57534d16aa15bf3a4d34a0a3?s=96&d=mm&r=g","caption":"\u017baneta Mrozek-Siewierska"},"url":"https:\/\/www.24gliwice.pl\/wiadomosci\/author\/zms\/"}]}},"_links":{"self":[{"href":"https:\/\/www.24gliwice.pl\/wiadomosci\/wp-json\/wp\/v2\/posts\/175013","targetHints":{"allow":["GET"]}}],"collection":[{"href":"https:\/\/www.24gliwice.pl\/wiadomosci\/wp-json\/wp\/v2\/posts"}],"about":[{"href":"https:\/\/www.24gliwice.pl\/wiadomosci\/wp-json\/wp\/v2\/types\/post"}],"author":[{"embeddable":true,"href":"https:\/\/www.24gliwice.pl\/wiadomosci\/wp-json\/wp\/v2\/users\/15"}],"replies":[{"embeddable":true,"href":"https:\/\/www.24gliwice.pl\/wiadomosci\/wp-json\/wp\/v2\/comments?post=175013"}],"version-history":[{"count":0,"href":"https:\/\/www.24gliwice.pl\/wiadomosci\/wp-json\/wp\/v2\/posts\/175013\/revisions"}],"wp:featuredmedia":[{"embeddable":true,"href":"https:\/\/www.24gliwice.pl\/wiadomosci\/wp-json\/wp\/v2\/media\/175027"}],"wp:attachment":[{"href":"https:\/\/www.24gliwice.pl\/wiadomosci\/wp-json\/wp\/v2\/media?parent=175013"}],"wp:term":[{"taxonomy":"category","embeddable":true,"href":"https:\/\/www.24gliwice.pl\/wiadomosci\/wp-json\/wp\/v2\/categories?post=175013"},{"taxonomy":"post_tag","embeddable":true,"href":"https:\/\/www.24gliwice.pl\/wiadomosci\/wp-json\/wp\/v2\/tags?post=175013"}],"curies":[{"name":"wp","href":"https:\/\/api.w.org\/{rel}","templated":true}]}}