{"id":177397,"date":"2021-09-22T03:20:17","date_gmt":"2021-09-22T01:20:17","guid":{"rendered":"https:\/\/www.24gliwice.pl\/wiadomosci\/?p=177397"},"modified":"2021-09-22T03:23:15","modified_gmt":"2021-09-22T01:23:15","slug":"gliwickim-rowerem-miejskim-pojezdzimy-jeszcze-ponad-dwa-miesiace-jak-wygladaja-statystyki","status":"publish","type":"post","link":"https:\/\/www.24gliwice.pl\/wiadomosci\/gliwickim-rowerem-miejskim-pojezdzimy-jeszcze-ponad-dwa-miesiace-jak-wygladaja-statystyki\/","title":{"rendered":"Gliwickim rowerem miejskim poje\u017adzimy jeszcze ponad dwa miesi\u0105ce. Jak wygl\u0105daj\u0105 statystyki?"},"content":{"rendered":"<div class=\"gliwi-a6-nad-leadem-artykulow gliwi-entity-placement\" id=\"gliwi-2605932054\"><div class=\"gliwi-adlabel\"><span style=\"font-size: 9px\">REKLAMA<\/span><\/div><div id=\"gliwi-2957174411\" style=\"margin-bottom: 25px;margin-left: auto;margin-right: auto;text-align: center;\"><a data-no-instant=\"1\" href=\"https:\/\/dom100.eu\/\" rel=\"noopener\" class=\"a2t-link\" target=\"_blank\" aria-label=\"20260415 DOM100 D\"><img loading=\"lazy\" decoding=\"async\" src=\"https:\/\/www.24gliwice.pl\/wiadomosci\/wp-content\/uploads\/2026\/04\/20260415-DOM100-D.jpg\" alt=\"\"  srcset=\"https:\/\/www.24gliwice.pl\/wiadomosci\/wp-content\/uploads\/2026\/04\/20260415-DOM100-D.jpg 750w, https:\/\/www.24gliwice.pl\/wiadomosci\/wp-content\/uploads\/2026\/04\/20260415-DOM100-D-410x109.jpg 410w\" sizes=\"(max-width: 750px) 100vw, 750px\" class=\"no-lazyload\" width=\"750\" height=\"200\"  style=\"display: inline-block; max-width: 100%; height: auto;\" \/><\/a><\/div><\/div><h2>Gliwicki Rower Miejski rozpocz\u0105\u0142 sezon 29 maja w ramach Gliwickiego Bud\u017cetu Obywatelskiego 2021. Od pocz\u0105tku sezonu do ko\u0144ca sierpnia miejskie jedno\u015blady wypo\u017cyczano a\u017c 55402 razy. Rekordowy by\u0142 lipiec \u2013 gliwickie rowery miejskie by\u0142y w ruchu a\u017c 19856 razy.<\/h2>\n<p>&nbsp;<br \/>\nPierwsze stacje rower\u00f3w miejskich pojawi\u0142y si\u0119 w Gliwicach w 2017 r. i od razu zyska\u0142y ogromn\u0105 popularno\u015b\u0107, kt\u00f3ra do dzi\u015b nie s\u0142abnie. Gliwiczanie ch\u0119tnie korzystaj\u0105 z mo\u017cliwo\u015bci taniego i ekologicznego przemieszczania si\u0119. <\/p>\n<p>Od pocz\u0105tku sezonu rowerowego w mie\u015bcie, do ko\u0144ca sierpnia, najcz\u0119\u015bciej jedno\u015blady pobierano ze stacji przy placu Inwalid\u00f3w Wojennych (4723 razy), ale spor\u0105 popularno\u015bci\u0105 cieszy\u0142y si\u0119 te\u017c stacje przy Politechnice \u015al\u0105skiej (4055 razy), alei Przyja\u017ani (3892 razy), dworcu PKP (3607 razy), przy ul. Siemi\u0144skiego (3462 razy) i przy Arenie Gliwice (3312 razy).<\/p><div class=\"gliwi-a3-w-tresci-artykulow gliwi-entity-placement\" id=\"gliwi-1761463911\"><div class=\"gliwi-adlabel\"><span style=\"font-size: 9px\">REKLAMA<\/span><\/div><div id=\"gliwi-611165909\" style=\"margin-bottom: 30px;margin-left: auto;margin-right: auto;text-align: center;\"><a data-no-instant=\"1\" href=\"https:\/\/ogrodyandersa.pl\/\" rel=\"noopener\" class=\"a2t-link\" target=\"_blank\" aria-label=\"20260415 Ogrody Andersa KUP TERAZ D\"><img loading=\"lazy\" decoding=\"async\" src=\"https:\/\/www.24gliwice.pl\/wiadomosci\/wp-content\/uploads\/2026\/04\/20260415-Ogrody-Andersa-KUP-TERAZ-D.jpg\" alt=\"\"  srcset=\"https:\/\/www.24gliwice.pl\/wiadomosci\/wp-content\/uploads\/2026\/04\/20260415-Ogrody-Andersa-KUP-TERAZ-D.jpg 750w, https:\/\/www.24gliwice.pl\/wiadomosci\/wp-content\/uploads\/2026\/04\/20260415-Ogrody-Andersa-KUP-TERAZ-D-410x109.jpg 410w\" sizes=\"(max-width: 750px) 100vw, 750px\" class=\"no-lazyload\" width=\"750\" height=\"200\"  style=\"display: inline-block; max-width: 100%; height: auto;\" \/><\/a><\/div><\/div>\n<blockquote><p><em>Wi\u0119ksza aktywno\u015b\u0107 gliwiczan i wzrost liczby wypo\u017cyczeni z pewno\u015bci\u0105 wi\u0105\u017ce si\u0119 m.in. z wi\u0119ksz\u0105 dost\u0119pno\u015bci\u0105 stacji i rower\u00f3w. W Gliwicach mamy obecnie ju\u017c 30 stacji i 300 rower\u00f3w: 295 standardowych, 2 tandemy i 3 rowery familijne cargo. Zach\u0119cam do korzystania i przypominam, \u017ce sezon 30 listopada<\/em> <\/p><\/blockquote>\n<p>\u2013 m\u00f3wi <strong>Ewa Staszk\u00f3w<\/strong> z Wydzia\u0142u Us\u0142ug Komunalnych Urz\u0119du miejskiego w Gliwicach.<\/p>\n<p>Przypominamy, \u017ce obecnie systemem GRM zarz\u0105dza konsorcjum warszawskich firm Orange Polska S.A. i Roovee S.A. System funkcjonuje przez ca\u0142\u0105 dob\u0119, siedem dni w tygodniu. Ka\u017cda stacja zosta\u0142a wyposa\u017cona w panel informacyjny, na stronie internetowej <a href=\"http:\/\/www.gliwickirowermiejski.pl\" rel=\"noopener\" target=\"_blank\">www.gliwickirowermiejski.pl<\/a> mo\u017cna si\u0119 zarejestrowa\u0107, sprawdzi\u0107 dost\u0119pno\u015b\u0107 rower\u00f3w i miejsc postojowych na poszczeg\u00f3lnych stacjach.<\/p>\n<p>Pierwsze 15 minut wypo\u017cyczenia rower\u00f3w jest darmowe. Ka\u017cda kolejna minuta to koszt jedynie  5 groszy. Wypo\u017cyczenie roweru jest bardzo proste \u2013 wystarczy pobra\u0107 mobiln\u0105 aplikacj\u0119 roovee, za\u0142o\u017cy\u0107 konto i zasili\u0107 je kwot\u0105 minimaln\u0105 10 z\u0142 (przelewem lub kart\u0105), zeskanowa\u0107 kod QR znajduj\u0105cy si\u0119 przy kierownicy lub blokadzie nad tylnym ko\u0142em i gotowe. Nale\u017cy pami\u0119ta\u0107, by po zako\u0144czeniu przeja\u017cd\u017cki i odstawieniu roweru na jedn\u0105 ze stacji zamkn\u0105\u0107 r\u0119cznie blokad\u0119 tylnego ko\u0142a.<\/p>\n<p>Lokalizacje stacji mo\u017cna sprawdzi\u0107 w Geoportalu rowerzysty na stronie internetowej: <a href=\"https:\/\/geoportal.gliwice.eu\" rel=\"noopener\" target=\"_blank\">https:\/\/geoportal.gliwice.eu<\/a>. Odpowiedzi na pytania dotycz\u0105ce GRM mo\u017cna uzyska\u0107 pod numerem telefonu 88-77-66-833.<\/p>\n<h4>Gdzie po rower?<\/h4>\n<p>1.     ul. Akademicka &#8211; Arena Gliwice<br \/>\n2.     ul. Akademicka &#8211; Politechnika<br \/>\n3.     ul. Brylantowa<br \/>\n4.     ul. Cechowa &#8211; Skwer Nacka<br \/>\n5.     ul. D\u0105browskiego\/ Poniatowskiego<br \/>\n6.     skwer Dessau<br \/>\n7.     Dworzec PKP<br \/>\n8.     ul. Gwiazdy Polarnej<br \/>\n9.     plac Inwalid\u00f3w Wojennych<br \/>\n10.    ul. Jesienna<br \/>\n11.    ul. Ko\u015bciuszki &#8211; biblioteka<br \/>\n12.    ul. Kozielska &#8211; szko\u0142a<br \/>\n13.    ul. Kozielska\/ G\u00f3ry Che\u0142mskiej<br \/>\n14.    ul. Koz\u0142owska<br \/>\n15.    ul. Lubliniecka &#8211; Radiostacja<br \/>\n16.    ul. Nowy \u015awiat &#8211; Teatr Miejski<br \/>\n17.    ul. Obro\u0144c\u00f3w Pokoju<br \/>\n18.    ul. Okulickiego\/ Kozielska<br \/>\n19.    ul. Parkowa<br \/>\n20.    ul. Pi\u0142sudskiego<br \/>\n21.    ul. Poniatowskiego<br \/>\n22.    al. Przyja\u017ani\/ ul. Zwyci\u0119stwa<br \/>\n23.    ul. Przyszowska &#8211; \u0141ab\u0119d\u017a<br \/>\n24.    ul. Siemi\u0144skiego<br \/>\n25.    ul. Sikornik<br \/>\n26.    ul. Sikorskiego<br \/>\n27.    ul. Warszawska &#8211; Neptun<br \/>\n28.    ul. Zakole<br \/>\n29.    ul. Zimnej Wody<br \/>\n30.    ul. \u017bwirki i Wigury<\/p>\n<p>(\u017cms)\/UM(mf)<\/p>\n<div class=\"gliwi-a5-na-koncu-artykulow gliwi-entity-placement\" id=\"gliwi-3582326645\"><div class=\"gliwi-adlabel\"><span style=\"font-size: 9px\">REKLAMA<\/span><\/div><div id=\"gliwi-4289753136\" style=\"margin-left: auto;margin-right: auto;text-align: center;\"><a data-no-instant=\"1\" href=\"https:\/\/www.jasek.pl\/\" rel=\"noopener\" class=\"a2t-link\" target=\"_blank\" aria-label=\"20200401-jasek 600\"><img loading=\"lazy\" decoding=\"async\" src=\"https:\/\/www.24gliwice.pl\/wiadomosci\/wp-content\/uploads\/2020\/04\/20200401-jasek-600.jpg\" alt=\"\"  srcset=\"https:\/\/www.24gliwice.pl\/wiadomosci\/wp-content\/uploads\/2020\/04\/20200401-jasek-600.jpg 600w, https:\/\/www.24gliwice.pl\/wiadomosci\/wp-content\/uploads\/2020\/04\/20200401-jasek-600-410x109.jpg 410w\" sizes=\"(max-width: 600px) 100vw, 600px\" class=\"no-lazyload\" width=\"600\" height=\"160\"  style=\"display: inline-block; max-width: 100%; height: auto;\" \/><\/a><\/div><\/div>","protected":false},"excerpt":{"rendered":"<p>Gliwicki Rower Miejski rozpocz\u0105\u0142 sezon 29 maja w ramach Gliwickiego Bud\u017cetu Obywatelskiego 2021. Od pocz\u0105tku sezonu do ko\u0144ca sierpnia miejskie jedno\u015blady wypo\u017cyczano a\u017c 55402 razy. Rekordowy by\u0142 lipiec \u2013 gliwickie rowery miejskie by\u0142y w ruchu a\u017c 19856 razy. &nbsp; Pierwsze stacje rower\u00f3w miejskich pojawi\u0142y si\u0119 w Gliwicach w 2017 r. i od razu zyska\u0142y ogromn\u0105 [&hellip;]<\/p>\n","protected":false},"author":15,"featured_media":171319,"comment_status":"open","ping_status":"closed","sticky":false,"template":"","format":"standard","meta":{"_monsterinsights_skip_tracking":false,"_monsterinsights_sitenote_active":false,"_monsterinsights_sitenote_note":"","_monsterinsights_sitenote_category":0,"footnotes":"","_links_to":"","_links_to_target":""},"categories":[3,1,9],"tags":[8790,8547],"class_list":["post-177397","post","type-post","status-publish","format-standard","has-post-thumbnail","hentry","category-gliwice","category-wszystko","category-aktualnosci_lokalne","tag-gliwicki-rower-miejski","tag-wypozyczalnia-rowerow"],"yoast_head":"<!-- This site is optimized with the Yoast SEO plugin v27.5 - https:\/\/yoast.com\/product\/yoast-seo-wordpress\/ -->\n<title>Gliwickim rowerem miejskim poje\u017adzimy jeszcze ponad dwa miesi\u0105ce. Jak wygl\u0105daj\u0105 statystyki? - 24GLIWICE - Portal Gliwice | codziennie nowe informacje<\/title>\n<meta name=\"robots\" content=\"index, follow, max-snippet:-1, max-image-preview:large, max-video-preview:-1\" \/>\n<link rel=\"canonical\" href=\"https:\/\/www.24gliwice.pl\/wiadomosci\/gliwickim-rowerem-miejskim-pojezdzimy-jeszcze-ponad-dwa-miesiace-jak-wygladaja-statystyki\/\" \/>\n<meta property=\"og:locale\" content=\"pl_PL\" \/>\n<meta property=\"og:type\" content=\"article\" \/>\n<meta property=\"og:title\" content=\"Gliwickim rowerem miejskim poje\u017adzimy jeszcze ponad dwa miesi\u0105ce. Jak wygl\u0105daj\u0105 statystyki? - 24GLIWICE - Portal Gliwice | codziennie nowe informacje\" \/>\n<meta property=\"og:description\" content=\"Gliwicki Rower Miejski rozpocz\u0105\u0142 sezon 29 maja w ramach Gliwickiego Bud\u017cetu Obywatelskiego 2021. Od pocz\u0105tku sezonu do ko\u0144ca sierpnia miejskie jedno\u015blady wypo\u017cyczano a\u017c 55402 razy. Rekordowy by\u0142 lipiec \u2013 gliwickie rowery miejskie by\u0142y w ruchu a\u017c 19856 razy. &nbsp; Pierwsze stacje rower\u00f3w miejskich pojawi\u0142y si\u0119 w Gliwicach w 2017 r. i od razu zyska\u0142y ogromn\u0105 [&hellip;]\" \/>\n<meta property=\"og:url\" content=\"https:\/\/www.24gliwice.pl\/wiadomosci\/gliwickim-rowerem-miejskim-pojezdzimy-jeszcze-ponad-dwa-miesiace-jak-wygladaja-statystyki\/\" \/>\n<meta property=\"og:site_name\" content=\"24GLIWICE - Portal Gliwice | codziennie nowe informacje\" \/>\n<meta property=\"article:publisher\" content=\"https:\/\/www.facebook.com\/24gliwice\" \/>\n<meta property=\"article:published_time\" content=\"2021-09-22T01:20:17+00:00\" \/>\n<meta property=\"article:modified_time\" content=\"2021-09-22T01:23:15+00:00\" \/>\n<meta property=\"og:image\" content=\"https:\/\/www.24gliwice.pl\/wiadomosci\/wp-content\/uploads\/2021\/06\/GRM-dabrowskiego.jpg\" \/>\n\t<meta property=\"og:image:width\" content=\"810\" \/>\n\t<meta property=\"og:image:height\" content=\"456\" \/>\n\t<meta property=\"og:image:type\" content=\"image\/jpeg\" \/>\n<meta name=\"author\" content=\"\u017baneta Mrozek-Siewierska\" \/>\n<meta name=\"twitter:card\" content=\"summary_large_image\" \/>\n<meta name=\"twitter:creator\" content=\"@24gliwice\" \/>\n<meta name=\"twitter:site\" content=\"@24gliwice\" \/>\n<meta name=\"twitter:label1\" content=\"Napisane przez\" \/>\n\t<meta name=\"twitter:data1\" content=\"\u017baneta Mrozek-Siewierska\" \/>\n\t<meta name=\"twitter:label2\" content=\"Szacowany czas czytania\" \/>\n\t<meta name=\"twitter:data2\" content=\"2 minuty\" \/>\n<script type=\"application\/ld+json\" class=\"yoast-schema-graph\">{\"@context\":\"https:\\\/\\\/schema.org\",\"@graph\":[{\"@type\":\"Article\",\"@id\":\"https:\\\/\\\/www.24gliwice.pl\\\/wiadomosci\\\/gliwickim-rowerem-miejskim-pojezdzimy-jeszcze-ponad-dwa-miesiace-jak-wygladaja-statystyki\\\/#article\",\"isPartOf\":{\"@id\":\"https:\\\/\\\/www.24gliwice.pl\\\/wiadomosci\\\/gliwickim-rowerem-miejskim-pojezdzimy-jeszcze-ponad-dwa-miesiace-jak-wygladaja-statystyki\\\/\"},\"author\":{\"name\":\"\u017baneta Mrozek-Siewierska\",\"@id\":\"https:\\\/\\\/www.24gliwice.pl\\\/wiadomosci\\\/#\\\/schema\\\/person\\\/e42c650edd7f2fa332be3811fb166b6e\"},\"headline\":\"Gliwickim rowerem miejskim poje\u017adzimy jeszcze ponad dwa miesi\u0105ce. Jak wygl\u0105daj\u0105 statystyki?\",\"datePublished\":\"2021-09-22T01:20:17+00:00\",\"dateModified\":\"2021-09-22T01:23:15+00:00\",\"mainEntityOfPage\":{\"@id\":\"https:\\\/\\\/www.24gliwice.pl\\\/wiadomosci\\\/gliwickim-rowerem-miejskim-pojezdzimy-jeszcze-ponad-dwa-miesiace-jak-wygladaja-statystyki\\\/\"},\"wordCount\":500,\"commentCount\":0,\"publisher\":{\"@id\":\"https:\\\/\\\/www.24gliwice.pl\\\/wiadomosci\\\/#organization\"},\"image\":{\"@id\":\"https:\\\/\\\/www.24gliwice.pl\\\/wiadomosci\\\/gliwickim-rowerem-miejskim-pojezdzimy-jeszcze-ponad-dwa-miesiace-jak-wygladaja-statystyki\\\/#primaryimage\"},\"thumbnailUrl\":\"https:\\\/\\\/www.24gliwice.pl\\\/wiadomosci\\\/wp-content\\\/uploads\\\/2021\\\/06\\\/GRM-dabrowskiego.jpg\",\"keywords\":[\"GLIWICKI ROWER MIEJSKI\",\"wypo\u017cyczalnia rower\u00f3w\"],\"articleSection\":[\"Gliwice\",\"Najnowsze wiadomo\u015bci\",\"Portal Gliwice - Wiadomo\u015bci lokalne\"],\"inLanguage\":\"pl-PL\",\"potentialAction\":[{\"@type\":\"CommentAction\",\"name\":\"Comment\",\"target\":[\"https:\\\/\\\/www.24gliwice.pl\\\/wiadomosci\\\/gliwickim-rowerem-miejskim-pojezdzimy-jeszcze-ponad-dwa-miesiace-jak-wygladaja-statystyki\\\/#respond\"]}]},{\"@type\":\"WebPage\",\"@id\":\"https:\\\/\\\/www.24gliwice.pl\\\/wiadomosci\\\/gliwickim-rowerem-miejskim-pojezdzimy-jeszcze-ponad-dwa-miesiace-jak-wygladaja-statystyki\\\/\",\"url\":\"https:\\\/\\\/www.24gliwice.pl\\\/wiadomosci\\\/gliwickim-rowerem-miejskim-pojezdzimy-jeszcze-ponad-dwa-miesiace-jak-wygladaja-statystyki\\\/\",\"name\":\"Gliwickim rowerem miejskim poje\u017adzimy jeszcze ponad dwa miesi\u0105ce. Jak wygl\u0105daj\u0105 statystyki? - 24GLIWICE - Portal Gliwice | codziennie nowe informacje\",\"isPartOf\":{\"@id\":\"https:\\\/\\\/www.24gliwice.pl\\\/wiadomosci\\\/#website\"},\"primaryImageOfPage\":{\"@id\":\"https:\\\/\\\/www.24gliwice.pl\\\/wiadomosci\\\/gliwickim-rowerem-miejskim-pojezdzimy-jeszcze-ponad-dwa-miesiace-jak-wygladaja-statystyki\\\/#primaryimage\"},\"image\":{\"@id\":\"https:\\\/\\\/www.24gliwice.pl\\\/wiadomosci\\\/gliwickim-rowerem-miejskim-pojezdzimy-jeszcze-ponad-dwa-miesiace-jak-wygladaja-statystyki\\\/#primaryimage\"},\"thumbnailUrl\":\"https:\\\/\\\/www.24gliwice.pl\\\/wiadomosci\\\/wp-content\\\/uploads\\\/2021\\\/06\\\/GRM-dabrowskiego.jpg\",\"datePublished\":\"2021-09-22T01:20:17+00:00\",\"dateModified\":\"2021-09-22T01:23:15+00:00\",\"breadcrumb\":{\"@id\":\"https:\\\/\\\/www.24gliwice.pl\\\/wiadomosci\\\/gliwickim-rowerem-miejskim-pojezdzimy-jeszcze-ponad-dwa-miesiace-jak-wygladaja-statystyki\\\/#breadcrumb\"},\"inLanguage\":\"pl-PL\",\"potentialAction\":[{\"@type\":\"ReadAction\",\"target\":[\"https:\\\/\\\/www.24gliwice.pl\\\/wiadomosci\\\/gliwickim-rowerem-miejskim-pojezdzimy-jeszcze-ponad-dwa-miesiace-jak-wygladaja-statystyki\\\/\"]}]},{\"@type\":\"ImageObject\",\"inLanguage\":\"pl-PL\",\"@id\":\"https:\\\/\\\/www.24gliwice.pl\\\/wiadomosci\\\/gliwickim-rowerem-miejskim-pojezdzimy-jeszcze-ponad-dwa-miesiace-jak-wygladaja-statystyki\\\/#primaryimage\",\"url\":\"https:\\\/\\\/www.24gliwice.pl\\\/wiadomosci\\\/wp-content\\\/uploads\\\/2021\\\/06\\\/GRM-dabrowskiego.jpg\",\"contentUrl\":\"https:\\\/\\\/www.24gliwice.pl\\\/wiadomosci\\\/wp-content\\\/uploads\\\/2021\\\/06\\\/GRM-dabrowskiego.jpg\",\"width\":810,\"height\":456},{\"@type\":\"BreadcrumbList\",\"@id\":\"https:\\\/\\\/www.24gliwice.pl\\\/wiadomosci\\\/gliwickim-rowerem-miejskim-pojezdzimy-jeszcze-ponad-dwa-miesiace-jak-wygladaja-statystyki\\\/#breadcrumb\",\"itemListElement\":[{\"@type\":\"ListItem\",\"position\":1,\"name\":\"Strona g\u0142\u00f3wna\",\"item\":\"https:\\\/\\\/www.24gliwice.pl\\\/wiadomosci\\\/\"},{\"@type\":\"ListItem\",\"position\":2,\"name\":\"Gliwickim rowerem miejskim poje\u017adzimy jeszcze ponad dwa miesi\u0105ce. Jak wygl\u0105daj\u0105 statystyki?\"}]},{\"@type\":\"WebSite\",\"@id\":\"https:\\\/\\\/www.24gliwice.pl\\\/wiadomosci\\\/#website\",\"url\":\"https:\\\/\\\/www.24gliwice.pl\\\/wiadomosci\\\/\",\"name\":\"24GLIWICE - Portal Gliwice | codziennie nowe wiadomo\u015bci\",\"description\":\"Portal Miejski Gliwice\",\"publisher\":{\"@id\":\"https:\\\/\\\/www.24gliwice.pl\\\/wiadomosci\\\/#organization\"},\"potentialAction\":[{\"@type\":\"SearchAction\",\"target\":{\"@type\":\"EntryPoint\",\"urlTemplate\":\"https:\\\/\\\/www.24gliwice.pl\\\/wiadomosci\\\/?s={search_term_string}\"},\"query-input\":{\"@type\":\"PropertyValueSpecification\",\"valueRequired\":true,\"valueName\":\"search_term_string\"}}],\"inLanguage\":\"pl-PL\"},{\"@type\":\"Organization\",\"@id\":\"https:\\\/\\\/www.24gliwice.pl\\\/wiadomosci\\\/#organization\",\"name\":\"24gliwice\",\"url\":\"https:\\\/\\\/www.24gliwice.pl\\\/wiadomosci\\\/\",\"logo\":{\"@type\":\"ImageObject\",\"inLanguage\":\"pl-PL\",\"@id\":\"https:\\\/\\\/www.24gliwice.pl\\\/wiadomosci\\\/#\\\/schema\\\/logo\\\/image\\\/\",\"url\":\"https:\\\/\\\/www.24gliwice.pl\\\/wiadomosci\\\/wp-content\\\/uploads\\\/2024\\\/10\\\/24gliwice-logo-696.jpg\",\"contentUrl\":\"https:\\\/\\\/www.24gliwice.pl\\\/wiadomosci\\\/wp-content\\\/uploads\\\/2024\\\/10\\\/24gliwice-logo-696.jpg\",\"width\":696,\"height\":696,\"caption\":\"24gliwice\"},\"image\":{\"@id\":\"https:\\\/\\\/www.24gliwice.pl\\\/wiadomosci\\\/#\\\/schema\\\/logo\\\/image\\\/\"},\"sameAs\":[\"https:\\\/\\\/www.facebook.com\\\/24gliwice\",\"https:\\\/\\\/x.com\\\/24gliwice\",\"https:\\\/\\\/www.youtube.com\\\/@24gliwice\"]},{\"@type\":\"Person\",\"@id\":\"https:\\\/\\\/www.24gliwice.pl\\\/wiadomosci\\\/#\\\/schema\\\/person\\\/e42c650edd7f2fa332be3811fb166b6e\",\"name\":\"\u017baneta Mrozek-Siewierska\",\"image\":{\"@type\":\"ImageObject\",\"inLanguage\":\"pl-PL\",\"@id\":\"https:\\\/\\\/secure.gravatar.com\\\/avatar\\\/1881429e9c64597c77ad7aef2d0a19be69a3253e57534d16aa15bf3a4d34a0a3?s=96&d=mm&r=g\",\"url\":\"https:\\\/\\\/secure.gravatar.com\\\/avatar\\\/1881429e9c64597c77ad7aef2d0a19be69a3253e57534d16aa15bf3a4d34a0a3?s=96&d=mm&r=g\",\"contentUrl\":\"https:\\\/\\\/secure.gravatar.com\\\/avatar\\\/1881429e9c64597c77ad7aef2d0a19be69a3253e57534d16aa15bf3a4d34a0a3?s=96&d=mm&r=g\",\"caption\":\"\u017baneta Mrozek-Siewierska\"},\"url\":\"https:\\\/\\\/www.24gliwice.pl\\\/wiadomosci\\\/author\\\/zms\\\/\"}]}<\/script>\n<!-- \/ Yoast SEO plugin. -->","yoast_head_json":{"title":"Gliwickim rowerem miejskim poje\u017adzimy jeszcze ponad dwa miesi\u0105ce. Jak wygl\u0105daj\u0105 statystyki? - 24GLIWICE - Portal Gliwice | codziennie nowe informacje","robots":{"index":"index","follow":"follow","max-snippet":"max-snippet:-1","max-image-preview":"max-image-preview:large","max-video-preview":"max-video-preview:-1"},"canonical":"https:\/\/www.24gliwice.pl\/wiadomosci\/gliwickim-rowerem-miejskim-pojezdzimy-jeszcze-ponad-dwa-miesiace-jak-wygladaja-statystyki\/","og_locale":"pl_PL","og_type":"article","og_title":"Gliwickim rowerem miejskim poje\u017adzimy jeszcze ponad dwa miesi\u0105ce. Jak wygl\u0105daj\u0105 statystyki? - 24GLIWICE - Portal Gliwice | codziennie nowe informacje","og_description":"Gliwicki Rower Miejski rozpocz\u0105\u0142 sezon 29 maja w ramach Gliwickiego Bud\u017cetu Obywatelskiego 2021. Od pocz\u0105tku sezonu do ko\u0144ca sierpnia miejskie jedno\u015blady wypo\u017cyczano a\u017c 55402 razy. Rekordowy by\u0142 lipiec \u2013 gliwickie rowery miejskie by\u0142y w ruchu a\u017c 19856 razy. &nbsp; Pierwsze stacje rower\u00f3w miejskich pojawi\u0142y si\u0119 w Gliwicach w 2017 r. i od razu zyska\u0142y ogromn\u0105 [&hellip;]","og_url":"https:\/\/www.24gliwice.pl\/wiadomosci\/gliwickim-rowerem-miejskim-pojezdzimy-jeszcze-ponad-dwa-miesiace-jak-wygladaja-statystyki\/","og_site_name":"24GLIWICE - Portal Gliwice | codziennie nowe informacje","article_publisher":"https:\/\/www.facebook.com\/24gliwice","article_published_time":"2021-09-22T01:20:17+00:00","article_modified_time":"2021-09-22T01:23:15+00:00","og_image":[{"width":810,"height":456,"url":"https:\/\/www.24gliwice.pl\/wiadomosci\/wp-content\/uploads\/2021\/06\/GRM-dabrowskiego.jpg","type":"image\/jpeg"}],"author":"\u017baneta Mrozek-Siewierska","twitter_card":"summary_large_image","twitter_creator":"@24gliwice","twitter_site":"@24gliwice","twitter_misc":{"Napisane przez":"\u017baneta Mrozek-Siewierska","Szacowany czas czytania":"2 minuty"},"schema":{"@context":"https:\/\/schema.org","@graph":[{"@type":"Article","@id":"https:\/\/www.24gliwice.pl\/wiadomosci\/gliwickim-rowerem-miejskim-pojezdzimy-jeszcze-ponad-dwa-miesiace-jak-wygladaja-statystyki\/#article","isPartOf":{"@id":"https:\/\/www.24gliwice.pl\/wiadomosci\/gliwickim-rowerem-miejskim-pojezdzimy-jeszcze-ponad-dwa-miesiace-jak-wygladaja-statystyki\/"},"author":{"name":"\u017baneta Mrozek-Siewierska","@id":"https:\/\/www.24gliwice.pl\/wiadomosci\/#\/schema\/person\/e42c650edd7f2fa332be3811fb166b6e"},"headline":"Gliwickim rowerem miejskim poje\u017adzimy jeszcze ponad dwa miesi\u0105ce. Jak wygl\u0105daj\u0105 statystyki?","datePublished":"2021-09-22T01:20:17+00:00","dateModified":"2021-09-22T01:23:15+00:00","mainEntityOfPage":{"@id":"https:\/\/www.24gliwice.pl\/wiadomosci\/gliwickim-rowerem-miejskim-pojezdzimy-jeszcze-ponad-dwa-miesiace-jak-wygladaja-statystyki\/"},"wordCount":500,"commentCount":0,"publisher":{"@id":"https:\/\/www.24gliwice.pl\/wiadomosci\/#organization"},"image":{"@id":"https:\/\/www.24gliwice.pl\/wiadomosci\/gliwickim-rowerem-miejskim-pojezdzimy-jeszcze-ponad-dwa-miesiace-jak-wygladaja-statystyki\/#primaryimage"},"thumbnailUrl":"https:\/\/www.24gliwice.pl\/wiadomosci\/wp-content\/uploads\/2021\/06\/GRM-dabrowskiego.jpg","keywords":["GLIWICKI ROWER MIEJSKI","wypo\u017cyczalnia rower\u00f3w"],"articleSection":["Gliwice","Najnowsze wiadomo\u015bci","Portal Gliwice - Wiadomo\u015bci lokalne"],"inLanguage":"pl-PL","potentialAction":[{"@type":"CommentAction","name":"Comment","target":["https:\/\/www.24gliwice.pl\/wiadomosci\/gliwickim-rowerem-miejskim-pojezdzimy-jeszcze-ponad-dwa-miesiace-jak-wygladaja-statystyki\/#respond"]}]},{"@type":"WebPage","@id":"https:\/\/www.24gliwice.pl\/wiadomosci\/gliwickim-rowerem-miejskim-pojezdzimy-jeszcze-ponad-dwa-miesiace-jak-wygladaja-statystyki\/","url":"https:\/\/www.24gliwice.pl\/wiadomosci\/gliwickim-rowerem-miejskim-pojezdzimy-jeszcze-ponad-dwa-miesiace-jak-wygladaja-statystyki\/","name":"Gliwickim rowerem miejskim poje\u017adzimy jeszcze ponad dwa miesi\u0105ce. Jak wygl\u0105daj\u0105 statystyki? - 24GLIWICE - Portal Gliwice | codziennie nowe informacje","isPartOf":{"@id":"https:\/\/www.24gliwice.pl\/wiadomosci\/#website"},"primaryImageOfPage":{"@id":"https:\/\/www.24gliwice.pl\/wiadomosci\/gliwickim-rowerem-miejskim-pojezdzimy-jeszcze-ponad-dwa-miesiace-jak-wygladaja-statystyki\/#primaryimage"},"image":{"@id":"https:\/\/www.24gliwice.pl\/wiadomosci\/gliwickim-rowerem-miejskim-pojezdzimy-jeszcze-ponad-dwa-miesiace-jak-wygladaja-statystyki\/#primaryimage"},"thumbnailUrl":"https:\/\/www.24gliwice.pl\/wiadomosci\/wp-content\/uploads\/2021\/06\/GRM-dabrowskiego.jpg","datePublished":"2021-09-22T01:20:17+00:00","dateModified":"2021-09-22T01:23:15+00:00","breadcrumb":{"@id":"https:\/\/www.24gliwice.pl\/wiadomosci\/gliwickim-rowerem-miejskim-pojezdzimy-jeszcze-ponad-dwa-miesiace-jak-wygladaja-statystyki\/#breadcrumb"},"inLanguage":"pl-PL","potentialAction":[{"@type":"ReadAction","target":["https:\/\/www.24gliwice.pl\/wiadomosci\/gliwickim-rowerem-miejskim-pojezdzimy-jeszcze-ponad-dwa-miesiace-jak-wygladaja-statystyki\/"]}]},{"@type":"ImageObject","inLanguage":"pl-PL","@id":"https:\/\/www.24gliwice.pl\/wiadomosci\/gliwickim-rowerem-miejskim-pojezdzimy-jeszcze-ponad-dwa-miesiace-jak-wygladaja-statystyki\/#primaryimage","url":"https:\/\/www.24gliwice.pl\/wiadomosci\/wp-content\/uploads\/2021\/06\/GRM-dabrowskiego.jpg","contentUrl":"https:\/\/www.24gliwice.pl\/wiadomosci\/wp-content\/uploads\/2021\/06\/GRM-dabrowskiego.jpg","width":810,"height":456},{"@type":"BreadcrumbList","@id":"https:\/\/www.24gliwice.pl\/wiadomosci\/gliwickim-rowerem-miejskim-pojezdzimy-jeszcze-ponad-dwa-miesiace-jak-wygladaja-statystyki\/#breadcrumb","itemListElement":[{"@type":"ListItem","position":1,"name":"Strona g\u0142\u00f3wna","item":"https:\/\/www.24gliwice.pl\/wiadomosci\/"},{"@type":"ListItem","position":2,"name":"Gliwickim rowerem miejskim poje\u017adzimy jeszcze ponad dwa miesi\u0105ce. Jak wygl\u0105daj\u0105 statystyki?"}]},{"@type":"WebSite","@id":"https:\/\/www.24gliwice.pl\/wiadomosci\/#website","url":"https:\/\/www.24gliwice.pl\/wiadomosci\/","name":"24GLIWICE - Portal Gliwice | codziennie nowe wiadomo\u015bci","description":"Portal Miejski Gliwice","publisher":{"@id":"https:\/\/www.24gliwice.pl\/wiadomosci\/#organization"},"potentialAction":[{"@type":"SearchAction","target":{"@type":"EntryPoint","urlTemplate":"https:\/\/www.24gliwice.pl\/wiadomosci\/?s={search_term_string}"},"query-input":{"@type":"PropertyValueSpecification","valueRequired":true,"valueName":"search_term_string"}}],"inLanguage":"pl-PL"},{"@type":"Organization","@id":"https:\/\/www.24gliwice.pl\/wiadomosci\/#organization","name":"24gliwice","url":"https:\/\/www.24gliwice.pl\/wiadomosci\/","logo":{"@type":"ImageObject","inLanguage":"pl-PL","@id":"https:\/\/www.24gliwice.pl\/wiadomosci\/#\/schema\/logo\/image\/","url":"https:\/\/www.24gliwice.pl\/wiadomosci\/wp-content\/uploads\/2024\/10\/24gliwice-logo-696.jpg","contentUrl":"https:\/\/www.24gliwice.pl\/wiadomosci\/wp-content\/uploads\/2024\/10\/24gliwice-logo-696.jpg","width":696,"height":696,"caption":"24gliwice"},"image":{"@id":"https:\/\/www.24gliwice.pl\/wiadomosci\/#\/schema\/logo\/image\/"},"sameAs":["https:\/\/www.facebook.com\/24gliwice","https:\/\/x.com\/24gliwice","https:\/\/www.youtube.com\/@24gliwice"]},{"@type":"Person","@id":"https:\/\/www.24gliwice.pl\/wiadomosci\/#\/schema\/person\/e42c650edd7f2fa332be3811fb166b6e","name":"\u017baneta Mrozek-Siewierska","image":{"@type":"ImageObject","inLanguage":"pl-PL","@id":"https:\/\/secure.gravatar.com\/avatar\/1881429e9c64597c77ad7aef2d0a19be69a3253e57534d16aa15bf3a4d34a0a3?s=96&d=mm&r=g","url":"https:\/\/secure.gravatar.com\/avatar\/1881429e9c64597c77ad7aef2d0a19be69a3253e57534d16aa15bf3a4d34a0a3?s=96&d=mm&r=g","contentUrl":"https:\/\/secure.gravatar.com\/avatar\/1881429e9c64597c77ad7aef2d0a19be69a3253e57534d16aa15bf3a4d34a0a3?s=96&d=mm&r=g","caption":"\u017baneta Mrozek-Siewierska"},"url":"https:\/\/www.24gliwice.pl\/wiadomosci\/author\/zms\/"}]}},"_links":{"self":[{"href":"https:\/\/www.24gliwice.pl\/wiadomosci\/wp-json\/wp\/v2\/posts\/177397","targetHints":{"allow":["GET"]}}],"collection":[{"href":"https:\/\/www.24gliwice.pl\/wiadomosci\/wp-json\/wp\/v2\/posts"}],"about":[{"href":"https:\/\/www.24gliwice.pl\/wiadomosci\/wp-json\/wp\/v2\/types\/post"}],"author":[{"embeddable":true,"href":"https:\/\/www.24gliwice.pl\/wiadomosci\/wp-json\/wp\/v2\/users\/15"}],"replies":[{"embeddable":true,"href":"https:\/\/www.24gliwice.pl\/wiadomosci\/wp-json\/wp\/v2\/comments?post=177397"}],"version-history":[{"count":0,"href":"https:\/\/www.24gliwice.pl\/wiadomosci\/wp-json\/wp\/v2\/posts\/177397\/revisions"}],"wp:featuredmedia":[{"embeddable":true,"href":"https:\/\/www.24gliwice.pl\/wiadomosci\/wp-json\/wp\/v2\/media\/171319"}],"wp:attachment":[{"href":"https:\/\/www.24gliwice.pl\/wiadomosci\/wp-json\/wp\/v2\/media?parent=177397"}],"wp:term":[{"taxonomy":"category","embeddable":true,"href":"https:\/\/www.24gliwice.pl\/wiadomosci\/wp-json\/wp\/v2\/categories?post=177397"},{"taxonomy":"post_tag","embeddable":true,"href":"https:\/\/www.24gliwice.pl\/wiadomosci\/wp-json\/wp\/v2\/tags?post=177397"}],"curies":[{"name":"wp","href":"https:\/\/api.w.org\/{rel}","templated":true}]}}