{"id":177613,"date":"2021-09-25T12:27:06","date_gmt":"2021-09-25T10:27:06","guid":{"rendered":"https:\/\/www.24gliwice.pl\/wiadomosci\/?p=177613"},"modified":"2021-09-25T12:28:17","modified_gmt":"2021-09-25T10:28:17","slug":"biedronka-lidl-polo-market-kaufland-otwarte-w-niedziele","status":"publish","type":"post","link":"https:\/\/www.24gliwice.pl\/wiadomosci\/biedronka-lidl-polo-market-kaufland-otwarte-w-niedziele\/","title":{"rendered":"Nie tylko Biedronka, Lidl i Polo Market. Kolejna sie\u0107 do\u0142\u0105cza do sklep\u00f3w otwartych w niedziele"},"content":{"rendered":"<div class=\"gliwi-a6-nad-leadem-artykulow gliwi-entity-placement\" id=\"gliwi-2997968445\"><div class=\"gliwi-adlabel\"><span style=\"font-size: 9px\">REKLAMA<\/span><\/div><div id=\"gliwi-2868425388\" style=\"margin-bottom: 25px;margin-left: auto;margin-right: auto;text-align: center;\"><a data-no-instant=\"1\" href=\"https:\/\/dom100.eu\/\" rel=\"noopener\" class=\"a2t-link\" target=\"_blank\" aria-label=\"20260415 DOM100 D\"><img loading=\"lazy\" decoding=\"async\" src=\"https:\/\/www.24gliwice.pl\/wiadomosci\/wp-content\/uploads\/2026\/04\/20260415-DOM100-D.jpg\" alt=\"\"  srcset=\"https:\/\/www.24gliwice.pl\/wiadomosci\/wp-content\/uploads\/2026\/04\/20260415-DOM100-D.jpg 750w, https:\/\/www.24gliwice.pl\/wiadomosci\/wp-content\/uploads\/2026\/04\/20260415-DOM100-D-410x109.jpg 410w\" sizes=\"(max-width: 750px) 100vw, 750px\" class=\"no-lazyload\" width=\"750\" height=\"200\"  style=\"display: inline-block; max-width: 100%; height: auto;\" \/><\/a><\/div><\/div><h2>Coraz wi\u0119cej sieci handlowych otwiera si\u0119 dla klient\u00f3w w niedziele niehandlowe. Od najbli\u017cszej czynny b\u0119dzie te\u017c Kaufland przy ulicy Pszczy\u0144skiej.<\/h2>\n<p>&nbsp;<br \/>\n<a href=\"https:\/\/www.24gliwice.pl\/wiadomosci\/wp-content\/uploads\/2021\/09\/kaufland-1.jpg\"><img loading=\"lazy\" decoding=\"async\" src=\"https:\/\/www.24gliwice.pl\/wiadomosci\/wp-content\/uploads\/2021\/09\/kaufland-1.jpg\" alt=\"\" width=\"810\" height=\"456\" class=\"alignnone size-full wp-image-177631\" srcset=\"https:\/\/www.24gliwice.pl\/wiadomosci\/wp-content\/uploads\/2021\/09\/kaufland-1.jpg 810w, https:\/\/www.24gliwice.pl\/wiadomosci\/wp-content\/uploads\/2021\/09\/kaufland-1-410x232.jpg 410w, https:\/\/www.24gliwice.pl\/wiadomosci\/wp-content\/uploads\/2021\/09\/kaufland-1-808x455.jpg 808w, https:\/\/www.24gliwice.pl\/wiadomosci\/wp-content\/uploads\/2021\/09\/kaufland-1-768x432.jpg 768w\" sizes=\"auto, (max-width: 810px) 100vw, 810px\" \/><\/a><\/p>\n<p>Zakaz handlu to ju\u017c w praktyce fikcja. Opr\u00f3cz powszechnie dzia\u0142aj\u0105cych sklep\u00f3w \u017babka, kt\u00f3rych zdecydowana wi\u0119kszo\u015b\u0107 dzia\u0142a w niedziele bez ogranicze\u0144, w Gliwicach czynne s\u0105 markety Biedronka, Lidl i Polo Market. Teraz do\u0142\u0105cza do nich kolejna marka. <\/p>\n<h4>Market Kaufland przy ulicy Pszczy\u0144skiej b\u0119dzie czynny w godzinach od 9:00 do 20:00. Sie\u0107 wdro\u017cy\u0142a us\u0142ugi pocztowe jeszcze wiosn\u0105 tego roku, jednak dopiero teraz zdecydowano si\u0119 na otwarcie wszystkich sklep\u00f3w.<\/h4>\n<p>&#8211; <em>Od wielu lat misj\u0105 sieci Kaufland jest u\u0142atwianie klientom codziennych zakup\u00f3w. Konsekwentnie stawiamy na koncept one-stop-shopping, daj\u0105c kupuj\u0105cym dost\u0119p do szerokiego wachlarza us\u0142ug i produkt\u00f3w najemc\u00f3w naszych pasa\u017cy. Mamy \u015bwiadomo\u015b\u0107, \u017ce to w\u0142a\u015bnie mo\u017cliwo\u015b\u0107 zrobienia kompleksowych zakup\u00f3w oraz za\u0142atwienia wielu innych spraw w jednym miejscu, znacznie zwi\u0119ksza komfort klient\u00f3w. Dotyczy to tak\u017ce us\u0142ug pocztowych<\/em> \u2013 m\u00f3wi\u0142 kilka miesi\u0119cy temu <strong>Marcin \u0141ojewski<\/strong>, cz\u0142onek zarz\u0105du Kaufland Polska. <\/p><div class=\"gliwi-a3-w-tresci-artykulow gliwi-entity-placement\" id=\"gliwi-3524992292\"><div class=\"gliwi-adlabel\"><span style=\"font-size: 9px\">REKLAMA<\/span><\/div><div id=\"gliwi-1645573775\" style=\"margin-bottom: 30px;margin-left: auto;margin-right: auto;text-align: center;\"><a data-no-instant=\"1\" href=\"https:\/\/zlobek.halogen.org.pl\/\" rel=\"noopener\" class=\"a2t-link\" target=\"_blank\" aria-label=\"animator-zlobek_750x200\"><img loading=\"lazy\" decoding=\"async\" src=\"https:\/\/www.24gliwice.pl\/wiadomosci\/wp-content\/uploads\/2026\/02\/animator-zlobek_750x200.webp\" alt=\"\"  srcset=\"https:\/\/www.24gliwice.pl\/wiadomosci\/wp-content\/uploads\/2026\/02\/animator-zlobek_750x200.webp 750w, https:\/\/www.24gliwice.pl\/wiadomosci\/wp-content\/uploads\/2026\/02\/animator-zlobek_750x200-410x109.webp 410w\" sizes=\"(max-width: 750px) 100vw, 750px\" class=\"no-lazyload\" width=\"750\" height=\"200\"  style=\"display: inline-block; max-width: 100%; height: auto;\" \/><\/a><\/div><\/div>\n<p><a href=\"https:\/\/www.24gliwice.pl\/wiadomosci\/wp-content\/uploads\/2021\/09\/kaufland-2.jpg\"><img loading=\"lazy\" decoding=\"async\" src=\"https:\/\/www.24gliwice.pl\/wiadomosci\/wp-content\/uploads\/2021\/09\/kaufland-2.jpg\" alt=\"\" width=\"810\" height=\"456\" class=\"alignnone size-full wp-image-177632\" srcset=\"https:\/\/www.24gliwice.pl\/wiadomosci\/wp-content\/uploads\/2021\/09\/kaufland-2.jpg 810w, https:\/\/www.24gliwice.pl\/wiadomosci\/wp-content\/uploads\/2021\/09\/kaufland-2-410x232.jpg 410w, https:\/\/www.24gliwice.pl\/wiadomosci\/wp-content\/uploads\/2021\/09\/kaufland-2-808x455.jpg 808w, https:\/\/www.24gliwice.pl\/wiadomosci\/wp-content\/uploads\/2021\/09\/kaufland-2-768x432.jpg 768w\" sizes=\"auto, (max-width: 810px) 100vw, 810px\" \/><\/a><\/p>\n<p>&#8211; <em>Na rynku handlowym obserwujemy tendencj\u0119 uruchamiania tego typu dzia\u0142alno\u015bci, kt\u00f3ra jednocze\u015bnie stwarza mo\u017cliwo\u015b\u0107 prowadzenia sprzeda\u017cy w niedziele niehandlowe. Uwa\u017cnie obserwujemy konkurencj\u0119 oraz trendy i nie zamykamy si\u0119 na \u017cadne z rozwi\u0105za\u0144, kt\u00f3re b\u0119dzie odpowiada\u0107 potrzebom naszych klient\u00f3w<\/em> \u2013 zaznacza\u0142 \u0141ojewski.<\/p>\n<h4>Wiele wskazuje na to, \u017ce sytuacja ze marketami otwartymi w ka\u017cd\u0105 niedziel\u0119 nie potrwa d\u0142ugo, chyba, \u017ce sieci znajd\u0105 nowy spos\u00f3b na omini\u0119cie prawa. <\/h4>\n<p>Tydzie\u0144 temu w Sejmie przeg\u0142osowano nowelizacj\u0119 ustawy zakazuj\u0105cej handlu w niedziel\u0119. Zgodnie z nowymi przepisami otwarcie sklep\u00f3w \u015bwiadcz\u0105cych us\u0142ugi pocztowe w ostatni dzie\u0144 tygodnia b\u0119dzie dozwolone, je\u015bli przychody z tej dzia\u0142alno\u015bci przekrocz\u0105 50% przychod\u00f3w danej plac\u00f3wki. Nowe przepisy zaczn\u0105 obowi\u0105zywa\u0107 w pierwszy dzie\u0144 miesi\u0105ca nast\u0119puj\u0105cy 3 miesi\u0105ce po og\u0142oszeniu ustawy w Dzienniku Ustaw, wcze\u015bniej jeszcze zajmie si\u0119 nimi Senat. <\/p>\n<p><a href=\"https:\/\/www.24gliwice.pl\/wiadomosci\/wp-content\/uploads\/2021\/09\/kaufland-4.jpg\"><img loading=\"lazy\" decoding=\"async\" src=\"https:\/\/www.24gliwice.pl\/wiadomosci\/wp-content\/uploads\/2021\/09\/kaufland-4.jpg\" alt=\"\" width=\"810\" height=\"456\" class=\"alignnone size-full wp-image-177634\" srcset=\"https:\/\/www.24gliwice.pl\/wiadomosci\/wp-content\/uploads\/2021\/09\/kaufland-4.jpg 810w, https:\/\/www.24gliwice.pl\/wiadomosci\/wp-content\/uploads\/2021\/09\/kaufland-4-410x232.jpg 410w, https:\/\/www.24gliwice.pl\/wiadomosci\/wp-content\/uploads\/2021\/09\/kaufland-4-808x455.jpg 808w, https:\/\/www.24gliwice.pl\/wiadomosci\/wp-content\/uploads\/2021\/09\/kaufland-4-768x432.jpg 768w\" sizes=\"auto, (max-width: 810px) 100vw, 810px\" \/><\/a><\/p>\n<p>O tym, kt\u00f3re sklepy ju\u017c dzia\u0142aj\u0105 w niedziel\u0119 szerzej pisali\u015bmy w osobnym artykule: <a href=\"https:\/\/www.24gliwice.pl\/wiadomosci\/kolejne-duze-sklepy-otwarte-w-niedziele-niehandlowe-w-gliwicach-m-in-biedronka-lidl-polo-market\/\" rel=\"noopener\" target=\"_blank\">Kolejne du\u017ce sklepy otwarte w niedziele niehandlowe. W Gliwicach m.in. Biedronka, Lidl, Polo Market.<\/a><\/p>\n<p>(\u017cms)<br \/>\nfot. 24gliwice.pl\/emfab<\/p>\n<div class=\"gliwi-a5-na-koncu-artykulow gliwi-entity-placement\" id=\"gliwi-3991397966\"><div class=\"gliwi-adlabel\"><span style=\"font-size: 9px\">REKLAMA<\/span><\/div><div id=\"gliwi-1078738624\" style=\"margin-left: auto;margin-right: auto;text-align: center;\"><a data-no-instant=\"1\" href=\"https:\/\/prezeroarenagliwice.pl\/\" rel=\"noopener\" class=\"a2t-link\" target=\"_blank\" aria-label=\"20260309-PREZERO-WIOSNA-D\"><img loading=\"lazy\" decoding=\"async\" src=\"https:\/\/www.24gliwice.pl\/wiadomosci\/wp-content\/uploads\/2026\/03\/20260309-PREZERO-WIOSNA-D.webp\" alt=\"\"  srcset=\"https:\/\/www.24gliwice.pl\/wiadomosci\/wp-content\/uploads\/2026\/03\/20260309-PREZERO-WIOSNA-D.webp 750w, https:\/\/www.24gliwice.pl\/wiadomosci\/wp-content\/uploads\/2026\/03\/20260309-PREZERO-WIOSNA-D-410x109.webp 410w\" sizes=\"(max-width: 750px) 100vw, 750px\" class=\"no-lazyload\" width=\"750\" height=\"200\"  style=\"display: inline-block; max-width: 100%; height: auto;\" \/><\/a><\/div><\/div>","protected":false},"excerpt":{"rendered":"<p>Coraz wi\u0119cej sieci handlowych otwiera si\u0119 dla klient\u00f3w w niedziele niehandlowe. Od najbli\u017cszej czynny b\u0119dzie te\u017c Kaufland przy ulicy Pszczy\u0144skiej. &nbsp; Zakaz handlu to ju\u017c w praktyce fikcja. Opr\u00f3cz powszechnie dzia\u0142aj\u0105cych sklep\u00f3w \u017babka, kt\u00f3rych zdecydowana wi\u0119kszo\u015b\u0107 dzia\u0142a w niedziele bez ogranicze\u0144, w Gliwicach czynne s\u0105 markety Biedronka, Lidl i Polo Market. Teraz do\u0142\u0105cza do nich [&hellip;]<\/p>\n","protected":false},"author":15,"featured_media":177633,"comment_status":"open","ping_status":"closed","sticky":false,"template":"","format":"standard","meta":{"_monsterinsights_skip_tracking":false,"_monsterinsights_sitenote_active":false,"_monsterinsights_sitenote_note":"","_monsterinsights_sitenote_category":0,"footnotes":"","_links_to":"","_links_to_target":""},"categories":[3,6,1,9],"tags":[7493],"class_list":["post-177613","post","type-post","status-publish","format-standard","has-post-thumbnail","hentry","category-gliwice","category-kultura","category-wszystko","category-aktualnosci_lokalne","tag-zakaz-handlu-w-niedziele"],"yoast_head":"<!-- This site is optimized with the Yoast SEO plugin v27.5 - https:\/\/yoast.com\/product\/yoast-seo-wordpress\/ -->\n<title>Nie tylko Biedronka, Lidl i Polo Market. Kolejna sie\u0107 do\u0142\u0105cza do sklep\u00f3w otwartych w niedziele - 24GLIWICE - Portal Gliwice | codziennie nowe informacje<\/title>\n<meta name=\"robots\" content=\"index, follow, max-snippet:-1, max-image-preview:large, max-video-preview:-1\" \/>\n<link rel=\"canonical\" href=\"https:\/\/www.24gliwice.pl\/wiadomosci\/biedronka-lidl-polo-market-kaufland-otwarte-w-niedziele\/\" \/>\n<meta property=\"og:locale\" content=\"pl_PL\" \/>\n<meta property=\"og:type\" content=\"article\" \/>\n<meta property=\"og:title\" content=\"Nie tylko Biedronka, Lidl i Polo Market. Kolejna sie\u0107 do\u0142\u0105cza do sklep\u00f3w otwartych w niedziele - 24GLIWICE - Portal Gliwice | codziennie nowe informacje\" \/>\n<meta property=\"og:description\" content=\"Coraz wi\u0119cej sieci handlowych otwiera si\u0119 dla klient\u00f3w w niedziele niehandlowe. Od najbli\u017cszej czynny b\u0119dzie te\u017c Kaufland przy ulicy Pszczy\u0144skiej. &nbsp; Zakaz handlu to ju\u017c w praktyce fikcja. Opr\u00f3cz powszechnie dzia\u0142aj\u0105cych sklep\u00f3w \u017babka, kt\u00f3rych zdecydowana wi\u0119kszo\u015b\u0107 dzia\u0142a w niedziele bez ogranicze\u0144, w Gliwicach czynne s\u0105 markety Biedronka, Lidl i Polo Market. Teraz do\u0142\u0105cza do nich [&hellip;]\" \/>\n<meta property=\"og:url\" content=\"https:\/\/www.24gliwice.pl\/wiadomosci\/biedronka-lidl-polo-market-kaufland-otwarte-w-niedziele\/\" \/>\n<meta property=\"og:site_name\" content=\"24GLIWICE - Portal Gliwice | codziennie nowe informacje\" \/>\n<meta property=\"article:publisher\" content=\"https:\/\/www.facebook.com\/24gliwice\" \/>\n<meta property=\"article:published_time\" content=\"2021-09-25T10:27:06+00:00\" \/>\n<meta property=\"article:modified_time\" content=\"2021-09-25T10:28:17+00:00\" \/>\n<meta property=\"og:image\" content=\"https:\/\/www.24gliwice.pl\/wiadomosci\/wp-content\/uploads\/2021\/09\/kaufland-3.jpg\" \/>\n\t<meta property=\"og:image:width\" content=\"810\" \/>\n\t<meta property=\"og:image:height\" content=\"456\" \/>\n\t<meta property=\"og:image:type\" content=\"image\/jpeg\" \/>\n<meta name=\"author\" content=\"\u017baneta Mrozek-Siewierska\" \/>\n<meta name=\"twitter:card\" content=\"summary_large_image\" \/>\n<meta name=\"twitter:creator\" content=\"@24gliwice\" \/>\n<meta name=\"twitter:site\" content=\"@24gliwice\" \/>\n<meta name=\"twitter:label1\" content=\"Napisane przez\" \/>\n\t<meta name=\"twitter:data1\" content=\"\u017baneta Mrozek-Siewierska\" \/>\n\t<meta name=\"twitter:label2\" content=\"Szacowany czas czytania\" \/>\n\t<meta name=\"twitter:data2\" content=\"2 minuty\" \/>\n<script type=\"application\/ld+json\" class=\"yoast-schema-graph\">{\"@context\":\"https:\\\/\\\/schema.org\",\"@graph\":[{\"@type\":\"Article\",\"@id\":\"https:\\\/\\\/www.24gliwice.pl\\\/wiadomosci\\\/biedronka-lidl-polo-market-kaufland-otwarte-w-niedziele\\\/#article\",\"isPartOf\":{\"@id\":\"https:\\\/\\\/www.24gliwice.pl\\\/wiadomosci\\\/biedronka-lidl-polo-market-kaufland-otwarte-w-niedziele\\\/\"},\"author\":{\"name\":\"\u017baneta Mrozek-Siewierska\",\"@id\":\"https:\\\/\\\/www.24gliwice.pl\\\/wiadomosci\\\/#\\\/schema\\\/person\\\/e42c650edd7f2fa332be3811fb166b6e\"},\"headline\":\"Nie tylko Biedronka, Lidl i Polo Market. Kolejna sie\u0107 do\u0142\u0105cza do sklep\u00f3w otwartych w niedziele\",\"datePublished\":\"2021-09-25T10:27:06+00:00\",\"dateModified\":\"2021-09-25T10:28:17+00:00\",\"mainEntityOfPage\":{\"@id\":\"https:\\\/\\\/www.24gliwice.pl\\\/wiadomosci\\\/biedronka-lidl-polo-market-kaufland-otwarte-w-niedziele\\\/\"},\"wordCount\":399,\"commentCount\":0,\"publisher\":{\"@id\":\"https:\\\/\\\/www.24gliwice.pl\\\/wiadomosci\\\/#organization\"},\"image\":{\"@id\":\"https:\\\/\\\/www.24gliwice.pl\\\/wiadomosci\\\/biedronka-lidl-polo-market-kaufland-otwarte-w-niedziele\\\/#primaryimage\"},\"thumbnailUrl\":\"https:\\\/\\\/www.24gliwice.pl\\\/wiadomosci\\\/wp-content\\\/uploads\\\/2021\\\/09\\\/kaufland-3.jpg\",\"keywords\":[\"zakaz handlu w niedziel\u0119\"],\"articleSection\":[\"Gliwice\",\"Kultura, wydarzenia, imprezy\",\"Najnowsze wiadomo\u015bci\",\"Portal Gliwice - Wiadomo\u015bci lokalne\"],\"inLanguage\":\"pl-PL\",\"potentialAction\":[{\"@type\":\"CommentAction\",\"name\":\"Comment\",\"target\":[\"https:\\\/\\\/www.24gliwice.pl\\\/wiadomosci\\\/biedronka-lidl-polo-market-kaufland-otwarte-w-niedziele\\\/#respond\"]}]},{\"@type\":\"WebPage\",\"@id\":\"https:\\\/\\\/www.24gliwice.pl\\\/wiadomosci\\\/biedronka-lidl-polo-market-kaufland-otwarte-w-niedziele\\\/\",\"url\":\"https:\\\/\\\/www.24gliwice.pl\\\/wiadomosci\\\/biedronka-lidl-polo-market-kaufland-otwarte-w-niedziele\\\/\",\"name\":\"Nie tylko Biedronka, Lidl i Polo Market. Kolejna sie\u0107 do\u0142\u0105cza do sklep\u00f3w otwartych w niedziele - 24GLIWICE - Portal Gliwice | codziennie nowe informacje\",\"isPartOf\":{\"@id\":\"https:\\\/\\\/www.24gliwice.pl\\\/wiadomosci\\\/#website\"},\"primaryImageOfPage\":{\"@id\":\"https:\\\/\\\/www.24gliwice.pl\\\/wiadomosci\\\/biedronka-lidl-polo-market-kaufland-otwarte-w-niedziele\\\/#primaryimage\"},\"image\":{\"@id\":\"https:\\\/\\\/www.24gliwice.pl\\\/wiadomosci\\\/biedronka-lidl-polo-market-kaufland-otwarte-w-niedziele\\\/#primaryimage\"},\"thumbnailUrl\":\"https:\\\/\\\/www.24gliwice.pl\\\/wiadomosci\\\/wp-content\\\/uploads\\\/2021\\\/09\\\/kaufland-3.jpg\",\"datePublished\":\"2021-09-25T10:27:06+00:00\",\"dateModified\":\"2021-09-25T10:28:17+00:00\",\"breadcrumb\":{\"@id\":\"https:\\\/\\\/www.24gliwice.pl\\\/wiadomosci\\\/biedronka-lidl-polo-market-kaufland-otwarte-w-niedziele\\\/#breadcrumb\"},\"inLanguage\":\"pl-PL\",\"potentialAction\":[{\"@type\":\"ReadAction\",\"target\":[\"https:\\\/\\\/www.24gliwice.pl\\\/wiadomosci\\\/biedronka-lidl-polo-market-kaufland-otwarte-w-niedziele\\\/\"]}]},{\"@type\":\"ImageObject\",\"inLanguage\":\"pl-PL\",\"@id\":\"https:\\\/\\\/www.24gliwice.pl\\\/wiadomosci\\\/biedronka-lidl-polo-market-kaufland-otwarte-w-niedziele\\\/#primaryimage\",\"url\":\"https:\\\/\\\/www.24gliwice.pl\\\/wiadomosci\\\/wp-content\\\/uploads\\\/2021\\\/09\\\/kaufland-3.jpg\",\"contentUrl\":\"https:\\\/\\\/www.24gliwice.pl\\\/wiadomosci\\\/wp-content\\\/uploads\\\/2021\\\/09\\\/kaufland-3.jpg\",\"width\":810,\"height\":456},{\"@type\":\"BreadcrumbList\",\"@id\":\"https:\\\/\\\/www.24gliwice.pl\\\/wiadomosci\\\/biedronka-lidl-polo-market-kaufland-otwarte-w-niedziele\\\/#breadcrumb\",\"itemListElement\":[{\"@type\":\"ListItem\",\"position\":1,\"name\":\"Strona g\u0142\u00f3wna\",\"item\":\"https:\\\/\\\/www.24gliwice.pl\\\/wiadomosci\\\/\"},{\"@type\":\"ListItem\",\"position\":2,\"name\":\"Nie tylko Biedronka, Lidl i Polo Market. Kolejna sie\u0107 do\u0142\u0105cza do sklep\u00f3w otwartych w niedziele\"}]},{\"@type\":\"WebSite\",\"@id\":\"https:\\\/\\\/www.24gliwice.pl\\\/wiadomosci\\\/#website\",\"url\":\"https:\\\/\\\/www.24gliwice.pl\\\/wiadomosci\\\/\",\"name\":\"24GLIWICE - Portal Gliwice | codziennie nowe wiadomo\u015bci\",\"description\":\"Portal Miejski Gliwice\",\"publisher\":{\"@id\":\"https:\\\/\\\/www.24gliwice.pl\\\/wiadomosci\\\/#organization\"},\"potentialAction\":[{\"@type\":\"SearchAction\",\"target\":{\"@type\":\"EntryPoint\",\"urlTemplate\":\"https:\\\/\\\/www.24gliwice.pl\\\/wiadomosci\\\/?s={search_term_string}\"},\"query-input\":{\"@type\":\"PropertyValueSpecification\",\"valueRequired\":true,\"valueName\":\"search_term_string\"}}],\"inLanguage\":\"pl-PL\"},{\"@type\":\"Organization\",\"@id\":\"https:\\\/\\\/www.24gliwice.pl\\\/wiadomosci\\\/#organization\",\"name\":\"24gliwice\",\"url\":\"https:\\\/\\\/www.24gliwice.pl\\\/wiadomosci\\\/\",\"logo\":{\"@type\":\"ImageObject\",\"inLanguage\":\"pl-PL\",\"@id\":\"https:\\\/\\\/www.24gliwice.pl\\\/wiadomosci\\\/#\\\/schema\\\/logo\\\/image\\\/\",\"url\":\"https:\\\/\\\/www.24gliwice.pl\\\/wiadomosci\\\/wp-content\\\/uploads\\\/2024\\\/10\\\/24gliwice-logo-696.jpg\",\"contentUrl\":\"https:\\\/\\\/www.24gliwice.pl\\\/wiadomosci\\\/wp-content\\\/uploads\\\/2024\\\/10\\\/24gliwice-logo-696.jpg\",\"width\":696,\"height\":696,\"caption\":\"24gliwice\"},\"image\":{\"@id\":\"https:\\\/\\\/www.24gliwice.pl\\\/wiadomosci\\\/#\\\/schema\\\/logo\\\/image\\\/\"},\"sameAs\":[\"https:\\\/\\\/www.facebook.com\\\/24gliwice\",\"https:\\\/\\\/x.com\\\/24gliwice\",\"https:\\\/\\\/www.youtube.com\\\/@24gliwice\"]},{\"@type\":\"Person\",\"@id\":\"https:\\\/\\\/www.24gliwice.pl\\\/wiadomosci\\\/#\\\/schema\\\/person\\\/e42c650edd7f2fa332be3811fb166b6e\",\"name\":\"\u017baneta Mrozek-Siewierska\",\"image\":{\"@type\":\"ImageObject\",\"inLanguage\":\"pl-PL\",\"@id\":\"https:\\\/\\\/secure.gravatar.com\\\/avatar\\\/1881429e9c64597c77ad7aef2d0a19be69a3253e57534d16aa15bf3a4d34a0a3?s=96&d=mm&r=g\",\"url\":\"https:\\\/\\\/secure.gravatar.com\\\/avatar\\\/1881429e9c64597c77ad7aef2d0a19be69a3253e57534d16aa15bf3a4d34a0a3?s=96&d=mm&r=g\",\"contentUrl\":\"https:\\\/\\\/secure.gravatar.com\\\/avatar\\\/1881429e9c64597c77ad7aef2d0a19be69a3253e57534d16aa15bf3a4d34a0a3?s=96&d=mm&r=g\",\"caption\":\"\u017baneta Mrozek-Siewierska\"},\"url\":\"https:\\\/\\\/www.24gliwice.pl\\\/wiadomosci\\\/author\\\/zms\\\/\"}]}<\/script>\n<!-- \/ Yoast SEO plugin. -->","yoast_head_json":{"title":"Nie tylko Biedronka, Lidl i Polo Market. Kolejna sie\u0107 do\u0142\u0105cza do sklep\u00f3w otwartych w niedziele - 24GLIWICE - Portal Gliwice | codziennie nowe informacje","robots":{"index":"index","follow":"follow","max-snippet":"max-snippet:-1","max-image-preview":"max-image-preview:large","max-video-preview":"max-video-preview:-1"},"canonical":"https:\/\/www.24gliwice.pl\/wiadomosci\/biedronka-lidl-polo-market-kaufland-otwarte-w-niedziele\/","og_locale":"pl_PL","og_type":"article","og_title":"Nie tylko Biedronka, Lidl i Polo Market. Kolejna sie\u0107 do\u0142\u0105cza do sklep\u00f3w otwartych w niedziele - 24GLIWICE - Portal Gliwice | codziennie nowe informacje","og_description":"Coraz wi\u0119cej sieci handlowych otwiera si\u0119 dla klient\u00f3w w niedziele niehandlowe. Od najbli\u017cszej czynny b\u0119dzie te\u017c Kaufland przy ulicy Pszczy\u0144skiej. &nbsp; Zakaz handlu to ju\u017c w praktyce fikcja. Opr\u00f3cz powszechnie dzia\u0142aj\u0105cych sklep\u00f3w \u017babka, kt\u00f3rych zdecydowana wi\u0119kszo\u015b\u0107 dzia\u0142a w niedziele bez ogranicze\u0144, w Gliwicach czynne s\u0105 markety Biedronka, Lidl i Polo Market. Teraz do\u0142\u0105cza do nich [&hellip;]","og_url":"https:\/\/www.24gliwice.pl\/wiadomosci\/biedronka-lidl-polo-market-kaufland-otwarte-w-niedziele\/","og_site_name":"24GLIWICE - Portal Gliwice | codziennie nowe informacje","article_publisher":"https:\/\/www.facebook.com\/24gliwice","article_published_time":"2021-09-25T10:27:06+00:00","article_modified_time":"2021-09-25T10:28:17+00:00","og_image":[{"width":810,"height":456,"url":"https:\/\/www.24gliwice.pl\/wiadomosci\/wp-content\/uploads\/2021\/09\/kaufland-3.jpg","type":"image\/jpeg"}],"author":"\u017baneta Mrozek-Siewierska","twitter_card":"summary_large_image","twitter_creator":"@24gliwice","twitter_site":"@24gliwice","twitter_misc":{"Napisane przez":"\u017baneta Mrozek-Siewierska","Szacowany czas czytania":"2 minuty"},"schema":{"@context":"https:\/\/schema.org","@graph":[{"@type":"Article","@id":"https:\/\/www.24gliwice.pl\/wiadomosci\/biedronka-lidl-polo-market-kaufland-otwarte-w-niedziele\/#article","isPartOf":{"@id":"https:\/\/www.24gliwice.pl\/wiadomosci\/biedronka-lidl-polo-market-kaufland-otwarte-w-niedziele\/"},"author":{"name":"\u017baneta Mrozek-Siewierska","@id":"https:\/\/www.24gliwice.pl\/wiadomosci\/#\/schema\/person\/e42c650edd7f2fa332be3811fb166b6e"},"headline":"Nie tylko Biedronka, Lidl i Polo Market. Kolejna sie\u0107 do\u0142\u0105cza do sklep\u00f3w otwartych w niedziele","datePublished":"2021-09-25T10:27:06+00:00","dateModified":"2021-09-25T10:28:17+00:00","mainEntityOfPage":{"@id":"https:\/\/www.24gliwice.pl\/wiadomosci\/biedronka-lidl-polo-market-kaufland-otwarte-w-niedziele\/"},"wordCount":399,"commentCount":0,"publisher":{"@id":"https:\/\/www.24gliwice.pl\/wiadomosci\/#organization"},"image":{"@id":"https:\/\/www.24gliwice.pl\/wiadomosci\/biedronka-lidl-polo-market-kaufland-otwarte-w-niedziele\/#primaryimage"},"thumbnailUrl":"https:\/\/www.24gliwice.pl\/wiadomosci\/wp-content\/uploads\/2021\/09\/kaufland-3.jpg","keywords":["zakaz handlu w niedziel\u0119"],"articleSection":["Gliwice","Kultura, wydarzenia, imprezy","Najnowsze wiadomo\u015bci","Portal Gliwice - Wiadomo\u015bci lokalne"],"inLanguage":"pl-PL","potentialAction":[{"@type":"CommentAction","name":"Comment","target":["https:\/\/www.24gliwice.pl\/wiadomosci\/biedronka-lidl-polo-market-kaufland-otwarte-w-niedziele\/#respond"]}]},{"@type":"WebPage","@id":"https:\/\/www.24gliwice.pl\/wiadomosci\/biedronka-lidl-polo-market-kaufland-otwarte-w-niedziele\/","url":"https:\/\/www.24gliwice.pl\/wiadomosci\/biedronka-lidl-polo-market-kaufland-otwarte-w-niedziele\/","name":"Nie tylko Biedronka, Lidl i Polo Market. Kolejna sie\u0107 do\u0142\u0105cza do sklep\u00f3w otwartych w niedziele - 24GLIWICE - Portal Gliwice | codziennie nowe informacje","isPartOf":{"@id":"https:\/\/www.24gliwice.pl\/wiadomosci\/#website"},"primaryImageOfPage":{"@id":"https:\/\/www.24gliwice.pl\/wiadomosci\/biedronka-lidl-polo-market-kaufland-otwarte-w-niedziele\/#primaryimage"},"image":{"@id":"https:\/\/www.24gliwice.pl\/wiadomosci\/biedronka-lidl-polo-market-kaufland-otwarte-w-niedziele\/#primaryimage"},"thumbnailUrl":"https:\/\/www.24gliwice.pl\/wiadomosci\/wp-content\/uploads\/2021\/09\/kaufland-3.jpg","datePublished":"2021-09-25T10:27:06+00:00","dateModified":"2021-09-25T10:28:17+00:00","breadcrumb":{"@id":"https:\/\/www.24gliwice.pl\/wiadomosci\/biedronka-lidl-polo-market-kaufland-otwarte-w-niedziele\/#breadcrumb"},"inLanguage":"pl-PL","potentialAction":[{"@type":"ReadAction","target":["https:\/\/www.24gliwice.pl\/wiadomosci\/biedronka-lidl-polo-market-kaufland-otwarte-w-niedziele\/"]}]},{"@type":"ImageObject","inLanguage":"pl-PL","@id":"https:\/\/www.24gliwice.pl\/wiadomosci\/biedronka-lidl-polo-market-kaufland-otwarte-w-niedziele\/#primaryimage","url":"https:\/\/www.24gliwice.pl\/wiadomosci\/wp-content\/uploads\/2021\/09\/kaufland-3.jpg","contentUrl":"https:\/\/www.24gliwice.pl\/wiadomosci\/wp-content\/uploads\/2021\/09\/kaufland-3.jpg","width":810,"height":456},{"@type":"BreadcrumbList","@id":"https:\/\/www.24gliwice.pl\/wiadomosci\/biedronka-lidl-polo-market-kaufland-otwarte-w-niedziele\/#breadcrumb","itemListElement":[{"@type":"ListItem","position":1,"name":"Strona g\u0142\u00f3wna","item":"https:\/\/www.24gliwice.pl\/wiadomosci\/"},{"@type":"ListItem","position":2,"name":"Nie tylko Biedronka, Lidl i Polo Market. Kolejna sie\u0107 do\u0142\u0105cza do sklep\u00f3w otwartych w niedziele"}]},{"@type":"WebSite","@id":"https:\/\/www.24gliwice.pl\/wiadomosci\/#website","url":"https:\/\/www.24gliwice.pl\/wiadomosci\/","name":"24GLIWICE - Portal Gliwice | codziennie nowe wiadomo\u015bci","description":"Portal Miejski Gliwice","publisher":{"@id":"https:\/\/www.24gliwice.pl\/wiadomosci\/#organization"},"potentialAction":[{"@type":"SearchAction","target":{"@type":"EntryPoint","urlTemplate":"https:\/\/www.24gliwice.pl\/wiadomosci\/?s={search_term_string}"},"query-input":{"@type":"PropertyValueSpecification","valueRequired":true,"valueName":"search_term_string"}}],"inLanguage":"pl-PL"},{"@type":"Organization","@id":"https:\/\/www.24gliwice.pl\/wiadomosci\/#organization","name":"24gliwice","url":"https:\/\/www.24gliwice.pl\/wiadomosci\/","logo":{"@type":"ImageObject","inLanguage":"pl-PL","@id":"https:\/\/www.24gliwice.pl\/wiadomosci\/#\/schema\/logo\/image\/","url":"https:\/\/www.24gliwice.pl\/wiadomosci\/wp-content\/uploads\/2024\/10\/24gliwice-logo-696.jpg","contentUrl":"https:\/\/www.24gliwice.pl\/wiadomosci\/wp-content\/uploads\/2024\/10\/24gliwice-logo-696.jpg","width":696,"height":696,"caption":"24gliwice"},"image":{"@id":"https:\/\/www.24gliwice.pl\/wiadomosci\/#\/schema\/logo\/image\/"},"sameAs":["https:\/\/www.facebook.com\/24gliwice","https:\/\/x.com\/24gliwice","https:\/\/www.youtube.com\/@24gliwice"]},{"@type":"Person","@id":"https:\/\/www.24gliwice.pl\/wiadomosci\/#\/schema\/person\/e42c650edd7f2fa332be3811fb166b6e","name":"\u017baneta Mrozek-Siewierska","image":{"@type":"ImageObject","inLanguage":"pl-PL","@id":"https:\/\/secure.gravatar.com\/avatar\/1881429e9c64597c77ad7aef2d0a19be69a3253e57534d16aa15bf3a4d34a0a3?s=96&d=mm&r=g","url":"https:\/\/secure.gravatar.com\/avatar\/1881429e9c64597c77ad7aef2d0a19be69a3253e57534d16aa15bf3a4d34a0a3?s=96&d=mm&r=g","contentUrl":"https:\/\/secure.gravatar.com\/avatar\/1881429e9c64597c77ad7aef2d0a19be69a3253e57534d16aa15bf3a4d34a0a3?s=96&d=mm&r=g","caption":"\u017baneta Mrozek-Siewierska"},"url":"https:\/\/www.24gliwice.pl\/wiadomosci\/author\/zms\/"}]}},"_links":{"self":[{"href":"https:\/\/www.24gliwice.pl\/wiadomosci\/wp-json\/wp\/v2\/posts\/177613","targetHints":{"allow":["GET"]}}],"collection":[{"href":"https:\/\/www.24gliwice.pl\/wiadomosci\/wp-json\/wp\/v2\/posts"}],"about":[{"href":"https:\/\/www.24gliwice.pl\/wiadomosci\/wp-json\/wp\/v2\/types\/post"}],"author":[{"embeddable":true,"href":"https:\/\/www.24gliwice.pl\/wiadomosci\/wp-json\/wp\/v2\/users\/15"}],"replies":[{"embeddable":true,"href":"https:\/\/www.24gliwice.pl\/wiadomosci\/wp-json\/wp\/v2\/comments?post=177613"}],"version-history":[{"count":0,"href":"https:\/\/www.24gliwice.pl\/wiadomosci\/wp-json\/wp\/v2\/posts\/177613\/revisions"}],"wp:featuredmedia":[{"embeddable":true,"href":"https:\/\/www.24gliwice.pl\/wiadomosci\/wp-json\/wp\/v2\/media\/177633"}],"wp:attachment":[{"href":"https:\/\/www.24gliwice.pl\/wiadomosci\/wp-json\/wp\/v2\/media?parent=177613"}],"wp:term":[{"taxonomy":"category","embeddable":true,"href":"https:\/\/www.24gliwice.pl\/wiadomosci\/wp-json\/wp\/v2\/categories?post=177613"},{"taxonomy":"post_tag","embeddable":true,"href":"https:\/\/www.24gliwice.pl\/wiadomosci\/wp-json\/wp\/v2\/tags?post=177613"}],"curies":[{"name":"wp","href":"https:\/\/api.w.org\/{rel}","templated":true}]}}