{"id":177639,"date":"2021-09-27T11:02:16","date_gmt":"2021-09-27T09:02:16","guid":{"rendered":"https:\/\/www.24gliwice.pl\/wiadomosci\/?p=177639"},"modified":"2021-09-28T12:35:17","modified_gmt":"2021-09-28T10:35:17","slug":"gliwicki-festiwal-bachowski-rozpoczyna-sie-w-tym-tygodniu-zaplanowano-cztery-koncerty","status":"publish","type":"post","link":"https:\/\/www.24gliwice.pl\/wiadomosci\/gliwicki-festiwal-bachowski-rozpoczyna-sie-w-tym-tygodniu-zaplanowano-cztery-koncerty\/","title":{"rendered":"Gliwicki Festiwal Bachowski rozpoczyna si\u0119 w tym tygodniu. Zaplanowano cztery koncerty"},"content":{"rendered":"<div class=\"gliwi-a6-nad-leadem-artykulow gliwi-entity-placement\" id=\"gliwi-1958203387\"><div class=\"gliwi-adlabel\"><span style=\"font-size: 9px\">REKLAMA<\/span><\/div><div id=\"gliwi-3383658113\" style=\"margin-bottom: 25px;margin-left: auto;margin-right: auto;text-align: center;\"><a data-no-instant=\"1\" href=\"https:\/\/dom100.eu\/\" rel=\"noopener\" class=\"a2t-link\" target=\"_blank\" aria-label=\"20260415 DOM100 D\"><img loading=\"lazy\" decoding=\"async\" src=\"https:\/\/www.24gliwice.pl\/wiadomosci\/wp-content\/uploads\/2026\/04\/20260415-DOM100-D.jpg\" alt=\"\"  srcset=\"https:\/\/www.24gliwice.pl\/wiadomosci\/wp-content\/uploads\/2026\/04\/20260415-DOM100-D.jpg 750w, https:\/\/www.24gliwice.pl\/wiadomosci\/wp-content\/uploads\/2026\/04\/20260415-DOM100-D-410x109.jpg 410w\" sizes=\"(max-width: 750px) 100vw, 750px\" class=\"no-lazyload\" width=\"750\" height=\"200\"  style=\"display: inline-block; max-width: 100%; height: auto;\" \/><\/a><\/div><\/div><h2>Mistrzyni klawesynu El\u017cbieta Stefa\u0144ska zainauguruje 3 pa\u017adziernika (niedziela) XXII Gliwicki Festiwal Bachowski. Na tegoroczn\u0105 edycj\u0119 tej wyj\u0105tkowej imprezy muzycznej z\u0142o\u017c\u0105 si\u0119 cztery koncerty.<\/h2>\n<p>&nbsp;<br \/>\nKoncert \u201eSolo, duo, concertato\u201d rozpocznie si\u0119 w najbli\u017csz\u0105 niedziel\u0119 (3.10) o godzinie 16:00 w ko\u015bciele pw. Wszystkich \u015awi\u0119tych (ul. Ko\u015bcielna 4). Wyst\u0105pi\u0105: <strong>El\u017cbieta Stefa\u0144ska<\/strong>( klawesyn), <strong>Mariko Kato-Shioya<\/strong> (klawesyn), <strong>Tomasz Potaczek<\/strong> (flet traverso), <strong>Aleksandra Owczarek<\/strong> (skrzypce barokowe), <strong>Anna Hara-Pi\u00f3ro<\/strong> (skrzypce barokowe), <strong>El\u017cbieta G\u00f3rka<\/strong> (skrzypce barokowe), <strong>Ma\u0142gorzata Muzyka-Go\u0142og\u00f3rska<\/strong> (alt\u00f3wka barokowa) i <strong>Adrianna Kafel<\/strong> (wiolonczela barokowa). W programie s\u0105 koncerty i sonaty <strong>Johanna Sebastiana Bacha.<\/strong><\/p>\n<blockquote><p><em>Na szczeg\u00f3ln\u0105 uwag\u0119 zas\u0142uguje zbli\u017cony obsadowo do V Koncertu brandenburskiego, ale znacznie rzadziej wykonywany, monumentalny w wyrazie Koncert potr\u00f3jny a-moll BWV 1044<\/em><\/p><\/blockquote>\n<p>\u2013 m\u00f3wi <strong>Piotr Oczkowski<\/strong>, dyrektor Gliwickiego Festiwalu Bachowskiego.<\/p><div class=\"gliwi-a3-w-tresci-artykulow gliwi-entity-placement\" id=\"gliwi-2787464087\"><div class=\"gliwi-adlabel\"><span style=\"font-size: 9px\">REKLAMA<\/span><\/div><div id=\"gliwi-990825144\" style=\"margin-bottom: 30px;margin-left: auto;margin-right: auto;text-align: center;\"><a data-no-instant=\"1\" href=\"https:\/\/ogrodyandersa.pl\/\" rel=\"noopener\" class=\"a2t-link\" target=\"_blank\" aria-label=\"20260415 Ogrody Andersa KUP TERAZ D\"><img loading=\"lazy\" decoding=\"async\" src=\"https:\/\/www.24gliwice.pl\/wiadomosci\/wp-content\/uploads\/2026\/04\/20260415-Ogrody-Andersa-KUP-TERAZ-D.jpg\" alt=\"\"  srcset=\"https:\/\/www.24gliwice.pl\/wiadomosci\/wp-content\/uploads\/2026\/04\/20260415-Ogrody-Andersa-KUP-TERAZ-D.jpg 750w, https:\/\/www.24gliwice.pl\/wiadomosci\/wp-content\/uploads\/2026\/04\/20260415-Ogrody-Andersa-KUP-TERAZ-D-410x109.jpg 410w\" sizes=\"(max-width: 750px) 100vw, 750px\" class=\"no-lazyload\" width=\"750\" height=\"200\"  style=\"display: inline-block; max-width: 100%; height: auto;\" \/><\/a><\/div><\/div>\n<p>Na godzin\u0119 16:00 w sobot\u0119, 9 pa\u017adziernika, zaplanowano kolejny festiwalowy koncert w ko\u015bciele pw. Wszystkich \u015awi\u0119tych. W programie jest Messe pour les paroisses <strong>Fran\u00e7ois Couperina<\/strong>. Utw\u00f3r wykona M\u0119ski Kwartet Wokalny TRIPLUM w sk\u0142adzie: <strong>Szczepan Kosior<\/strong> (tenor), <strong>Piotr Piwko<\/strong> (tenor), <strong>Marcin Wasilewski-Kruk<\/strong> (baryton) i <strong>Mariusz Zarzycki<\/strong> (bas). Na organach zagra <strong>Micha\u0142 Bia\u0142ko<\/strong>.<\/p>\n<p>\u2013 <em>Uroczysta msza organowa oparta na chorale gregoria\u0144skim to jedna z zaledwie dw\u00f3ch zachowanych kompozycji organowych tego tw\u00f3rcy. Stanowi niezwykle interesuj\u0105cy przyk\u0142ad stylu organowego francuskiego baroku<\/em> \u2013 m\u00f3wi dyrektor Oczkowski.<\/p>\n<h4>Trzeci koncert Gliwickiego Festiwalu Bachowskiego odb\u0119dzie si\u0119 we wtorek, 12 pa\u017adziernika, w ko\u015bciele Zbawiciela (ul. Jagiello\u0144ska 19).\/h4&gt;<\/h4>\n<p>Pocz\u0105tek o godzinie 18:00. W programie \u201eHarmonischer Gottesdienst \u2013 muzycznego nabo\u017ce\u0144stwa\u201d jest mi\u0119dzy innymi muzyka <strong>Johanna Johanna Rosenm\u00fcllera, Philippa Heinricha Erlebacha<\/strong> i oczywi\u015bcie Bacha. Wyst\u0105pi\u0105 sopranistka <strong>Ingrida Gapova<\/strong> i trio Overtone w sk\u0142adzie: <strong>Klaudia Matlak<\/strong> (skrzypce), <strong>Julia Karpeta<\/strong> (viola da gamba) i <strong>Maurycy Raczy\u0144ski<\/strong> (pozytyw).<\/p>\n<p>\u2013 <em>Us\u0142yszymy zar\u00f3wno dzie\u0142a wokalno-instrumentalne, jak i te przeznaczone wy\u0142\u0105cznie na zesp\u00f3\u0142 instrumentalny, a wpisuj\u0105ce si\u0119 w kontekst nabo\u017ce\u0144stwa protestanckiego<\/em> \u2013 zapowiada Oczkowski.<\/p>\n<h4>W niedziel\u0119, 17 pa\u017adziernika, w ko\u015bciele Marcina Lutra (ul. Strzelc\u00f3w Bytomskich 18) o godzinie 16:00 zabrzmi\u0105 koncerty na dwa klawesyny i orkiestr\u0119 BWV 1060-1062 Bacha w opracowaniu na dwa akordeony i kwintet smyczkowy.<\/h4>\n<p>Zagraj\u0105: na akordeonach Duo Accosphere, czyli <strong>Grzegorz Palus i Alena Budzi\u0148\u00e1kov\u00e1<\/strong>, a na instrumentach barokowych \u2013 Kwintet Smyczkowy Orkiestry Capella Cracoviensis (<strong>Agnieszka \u015awi\u0105tkowska<\/strong> \u2013 skrzypce barokowe, <strong>Tomasz G\u00f3ra<\/strong> \u2013 skrzypce barokowe, <strong>Mariusz Grochowski<\/strong> \u2013 alt\u00f3wka barokowa, <strong>Konrad G\u00f3rka<\/strong> \u2013 wiolonczela barokowa, <strong>Micha\u0142 Bylina<\/strong> \u2013 kontrabas barokowy).<\/p>\n<p>\u2013 <em>Co by by\u0142o, gdyby Johann Sebastian Bach m\u00f3g\u0142 gra\u0107 na akordeonie? Pytanie to nurtuje wielu graj\u0105cych na tym instrumencie artyst\u00f3w, kt\u00f3rzy z marzycielsk\u0105 t\u0119sknot\u0105 spogl\u0105daj\u0105 na jego kr\u00f3tk\u0105 histori\u0119. Pr\u00f3ba podj\u0119ta przez Duo Accosphere i muzyk\u00f3w Capelli Cracoviensis jest wi\u0119c swego rodzaju eksperymentem wynikaj\u0105cym z zestawienia wsp\u00f3\u0142czesnego instrumentarium akordeonowego z obsad\u0105 kwintetu smyczkowego graj\u0105cego na instrumentach historycznych<\/em> \u2013 wyja\u015bnia Piotr Oczkowski.<\/p>\n<p>Wej\u015bci\u00f3wki na koncerty s\u0105 do nabycia za po\u015brednictwem portalu <a href=\"http:\/\/www.bilety24.pl\" target=\"_blank\" rel=\"noopener\">www.bilety24.pl<\/a> oraz w Centrum Informacji Kulturalnej i Turystycznej (ul. Dolnych Wa\u0142\u00f3w 3). Organizatorem festiwalu jest Klub Inicjatyw Kulturalnych.<\/p>\n<p>(\u017cms)\/UM Gliwice(mm)<br \/>\nfot. zdj. pogl\u0105dowe\/px<\/p>\n<p><a href=\"https:\/\/www.24gliwice.pl\/wiadomosci\/wp-content\/uploads\/2021\/09\/gliwicki_festiwal_bachowski_2021_afisz_easy-resize.com_.jpg\"><img loading=\"lazy\" decoding=\"async\" class=\"alignnone size-full wp-image-177643\" src=\"https:\/\/www.24gliwice.pl\/wiadomosci\/wp-content\/uploads\/2021\/09\/gliwicki_festiwal_bachowski_2021_afisz_easy-resize.com_.jpg\" alt=\"\" width=\"880\" height=\"1266\" srcset=\"https:\/\/www.24gliwice.pl\/wiadomosci\/wp-content\/uploads\/2021\/09\/gliwicki_festiwal_bachowski_2021_afisz_easy-resize.com_.jpg 880w, https:\/\/www.24gliwice.pl\/wiadomosci\/wp-content\/uploads\/2021\/09\/gliwicki_festiwal_bachowski_2021_afisz_easy-resize.com_-161x232.jpg 161w, https:\/\/www.24gliwice.pl\/wiadomosci\/wp-content\/uploads\/2021\/09\/gliwicki_festiwal_bachowski_2021_afisz_easy-resize.com_-316x455.jpg 316w, https:\/\/www.24gliwice.pl\/wiadomosci\/wp-content\/uploads\/2021\/09\/gliwicki_festiwal_bachowski_2021_afisz_easy-resize.com_-768x1105.jpg 768w, https:\/\/www.24gliwice.pl\/wiadomosci\/wp-content\/uploads\/2021\/09\/gliwicki_festiwal_bachowski_2021_afisz_easy-resize.com_-810x1165.jpg 810w\" sizes=\"auto, (max-width: 880px) 100vw, 880px\" \/><\/a><\/p>\n<div class=\"gliwi-a5-na-koncu-artykulow gliwi-entity-placement\" id=\"gliwi-3168922408\"><div class=\"gliwi-adlabel\"><span style=\"font-size: 9px\">REKLAMA<\/span><\/div><div id=\"gliwi-225979902\" style=\"margin-left: auto;margin-right: auto;text-align: center;\"><a data-no-instant=\"1\" href=\"https:\/\/www.jasek.pl\/\" rel=\"noopener\" class=\"a2t-link\" target=\"_blank\" aria-label=\"20200401-jasek 600\"><img loading=\"lazy\" decoding=\"async\" src=\"https:\/\/www.24gliwice.pl\/wiadomosci\/wp-content\/uploads\/2020\/04\/20200401-jasek-600.jpg\" alt=\"\"  srcset=\"https:\/\/www.24gliwice.pl\/wiadomosci\/wp-content\/uploads\/2020\/04\/20200401-jasek-600.jpg 600w, https:\/\/www.24gliwice.pl\/wiadomosci\/wp-content\/uploads\/2020\/04\/20200401-jasek-600-410x109.jpg 410w\" sizes=\"(max-width: 600px) 100vw, 600px\" class=\"no-lazyload\" width=\"600\" height=\"160\"  style=\"display: inline-block; max-width: 100%; height: auto;\" \/><\/a><\/div><\/div>","protected":false},"excerpt":{"rendered":"<p>Mistrzyni klawesynu El\u017cbieta Stefa\u0144ska zainauguruje 3 pa\u017adziernika (niedziela) XXII Gliwicki Festiwal Bachowski. Na tegoroczn\u0105 edycj\u0119 tej wyj\u0105tkowej imprezy muzycznej z\u0142o\u017c\u0105 si\u0119 cztery koncerty. &nbsp; Koncert \u201eSolo, duo, concertato\u201d rozpocznie si\u0119 w najbli\u017csz\u0105 niedziel\u0119 (3.10) o godzinie 16:00 w ko\u015bciele pw. Wszystkich \u015awi\u0119tych (ul. Ko\u015bcielna 4). Wyst\u0105pi\u0105: El\u017cbieta Stefa\u0144ska( klawesyn), Mariko Kato-Shioya (klawesyn), Tomasz Potaczek (flet [&hellip;]<\/p>\n","protected":false},"author":15,"featured_media":177650,"comment_status":"open","ping_status":"closed","sticky":false,"template":"","format":"standard","meta":{"_monsterinsights_skip_tracking":false,"_monsterinsights_sitenote_active":false,"_monsterinsights_sitenote_note":"","_monsterinsights_sitenote_category":0,"footnotes":"","_links_to":"","_links_to_target":""},"categories":[3,6,1],"tags":[20024,12845],"class_list":["post-177639","post","type-post","status-publish","format-standard","has-post-thumbnail","hentry","category-gliwice","category-kultura","category-wszystko","tag-gliwicki-festiwal-bachowski","tag-koncerty-w-kosciolach"],"yoast_head":"<!-- This site is optimized with the Yoast SEO plugin v27.5 - https:\/\/yoast.com\/product\/yoast-seo-wordpress\/ -->\n<title>Gliwicki Festiwal Bachowski rozpoczyna si\u0119 w tym tygodniu. Zaplanowano cztery koncerty - 24GLIWICE - Portal Gliwice | codziennie nowe informacje<\/title>\n<meta name=\"robots\" content=\"index, follow, max-snippet:-1, max-image-preview:large, max-video-preview:-1\" \/>\n<link rel=\"canonical\" href=\"https:\/\/www.24gliwice.pl\/wiadomosci\/gliwicki-festiwal-bachowski-rozpoczyna-sie-w-tym-tygodniu-zaplanowano-cztery-koncerty\/\" \/>\n<meta property=\"og:locale\" content=\"pl_PL\" \/>\n<meta property=\"og:type\" content=\"article\" \/>\n<meta property=\"og:title\" content=\"Gliwicki Festiwal Bachowski rozpoczyna si\u0119 w tym tygodniu. Zaplanowano cztery koncerty - 24GLIWICE - Portal Gliwice | codziennie nowe informacje\" \/>\n<meta property=\"og:description\" content=\"Mistrzyni klawesynu El\u017cbieta Stefa\u0144ska zainauguruje 3 pa\u017adziernika (niedziela) XXII Gliwicki Festiwal Bachowski. Na tegoroczn\u0105 edycj\u0119 tej wyj\u0105tkowej imprezy muzycznej z\u0142o\u017c\u0105 si\u0119 cztery koncerty. &nbsp; Koncert \u201eSolo, duo, concertato\u201d rozpocznie si\u0119 w najbli\u017csz\u0105 niedziel\u0119 (3.10) o godzinie 16:00 w ko\u015bciele pw. Wszystkich \u015awi\u0119tych (ul. Ko\u015bcielna 4). Wyst\u0105pi\u0105: El\u017cbieta Stefa\u0144ska( klawesyn), Mariko Kato-Shioya (klawesyn), Tomasz Potaczek (flet [&hellip;]\" \/>\n<meta property=\"og:url\" content=\"https:\/\/www.24gliwice.pl\/wiadomosci\/gliwicki-festiwal-bachowski-rozpoczyna-sie-w-tym-tygodniu-zaplanowano-cztery-koncerty\/\" \/>\n<meta property=\"og:site_name\" content=\"24GLIWICE - Portal Gliwice | codziennie nowe informacje\" \/>\n<meta property=\"article:publisher\" content=\"https:\/\/www.facebook.com\/24gliwice\" \/>\n<meta property=\"article:published_time\" content=\"2021-09-27T09:02:16+00:00\" \/>\n<meta property=\"article:modified_time\" content=\"2021-09-28T10:35:17+00:00\" \/>\n<meta property=\"og:image\" content=\"https:\/\/www.24gliwice.pl\/wiadomosci\/wp-content\/uploads\/2021\/09\/bach-festiwal-bachowski.jpg\" \/>\n\t<meta property=\"og:image:width\" content=\"810\" \/>\n\t<meta property=\"og:image:height\" content=\"454\" \/>\n\t<meta property=\"og:image:type\" content=\"image\/jpeg\" \/>\n<meta name=\"author\" content=\"\u017baneta Mrozek-Siewierska\" \/>\n<meta name=\"twitter:card\" content=\"summary_large_image\" \/>\n<meta name=\"twitter:creator\" content=\"@24gliwice\" \/>\n<meta name=\"twitter:site\" content=\"@24gliwice\" \/>\n<meta name=\"twitter:label1\" content=\"Napisane przez\" \/>\n\t<meta name=\"twitter:data1\" content=\"\u017baneta Mrozek-Siewierska\" \/>\n\t<meta name=\"twitter:label2\" content=\"Szacowany czas czytania\" \/>\n\t<meta name=\"twitter:data2\" content=\"3 minuty\" \/>\n<script type=\"application\/ld+json\" class=\"yoast-schema-graph\">{\"@context\":\"https:\\\/\\\/schema.org\",\"@graph\":[{\"@type\":\"Article\",\"@id\":\"https:\\\/\\\/www.24gliwice.pl\\\/wiadomosci\\\/gliwicki-festiwal-bachowski-rozpoczyna-sie-w-tym-tygodniu-zaplanowano-cztery-koncerty\\\/#article\",\"isPartOf\":{\"@id\":\"https:\\\/\\\/www.24gliwice.pl\\\/wiadomosci\\\/gliwicki-festiwal-bachowski-rozpoczyna-sie-w-tym-tygodniu-zaplanowano-cztery-koncerty\\\/\"},\"author\":{\"name\":\"\u017baneta Mrozek-Siewierska\",\"@id\":\"https:\\\/\\\/www.24gliwice.pl\\\/wiadomosci\\\/#\\\/schema\\\/person\\\/e42c650edd7f2fa332be3811fb166b6e\"},\"headline\":\"Gliwicki Festiwal Bachowski rozpoczyna si\u0119 w tym tygodniu. Zaplanowano cztery koncerty\",\"datePublished\":\"2021-09-27T09:02:16+00:00\",\"dateModified\":\"2021-09-28T10:35:17+00:00\",\"mainEntityOfPage\":{\"@id\":\"https:\\\/\\\/www.24gliwice.pl\\\/wiadomosci\\\/gliwicki-festiwal-bachowski-rozpoczyna-sie-w-tym-tygodniu-zaplanowano-cztery-koncerty\\\/\"},\"wordCount\":532,\"commentCount\":0,\"publisher\":{\"@id\":\"https:\\\/\\\/www.24gliwice.pl\\\/wiadomosci\\\/#organization\"},\"image\":{\"@id\":\"https:\\\/\\\/www.24gliwice.pl\\\/wiadomosci\\\/gliwicki-festiwal-bachowski-rozpoczyna-sie-w-tym-tygodniu-zaplanowano-cztery-koncerty\\\/#primaryimage\"},\"thumbnailUrl\":\"https:\\\/\\\/www.24gliwice.pl\\\/wiadomosci\\\/wp-content\\\/uploads\\\/2021\\\/09\\\/bach-festiwal-bachowski.jpg\",\"keywords\":[\"Gliwicki Festiwal Bachowski\",\"koncerty w ko\u015bcio\u0142ach\"],\"articleSection\":[\"Gliwice\",\"Kultura, wydarzenia, imprezy\",\"Najnowsze wiadomo\u015bci\"],\"inLanguage\":\"pl-PL\",\"potentialAction\":[{\"@type\":\"CommentAction\",\"name\":\"Comment\",\"target\":[\"https:\\\/\\\/www.24gliwice.pl\\\/wiadomosci\\\/gliwicki-festiwal-bachowski-rozpoczyna-sie-w-tym-tygodniu-zaplanowano-cztery-koncerty\\\/#respond\"]}]},{\"@type\":\"WebPage\",\"@id\":\"https:\\\/\\\/www.24gliwice.pl\\\/wiadomosci\\\/gliwicki-festiwal-bachowski-rozpoczyna-sie-w-tym-tygodniu-zaplanowano-cztery-koncerty\\\/\",\"url\":\"https:\\\/\\\/www.24gliwice.pl\\\/wiadomosci\\\/gliwicki-festiwal-bachowski-rozpoczyna-sie-w-tym-tygodniu-zaplanowano-cztery-koncerty\\\/\",\"name\":\"Gliwicki Festiwal Bachowski rozpoczyna si\u0119 w tym tygodniu. Zaplanowano cztery koncerty - 24GLIWICE - Portal Gliwice | codziennie nowe informacje\",\"isPartOf\":{\"@id\":\"https:\\\/\\\/www.24gliwice.pl\\\/wiadomosci\\\/#website\"},\"primaryImageOfPage\":{\"@id\":\"https:\\\/\\\/www.24gliwice.pl\\\/wiadomosci\\\/gliwicki-festiwal-bachowski-rozpoczyna-sie-w-tym-tygodniu-zaplanowano-cztery-koncerty\\\/#primaryimage\"},\"image\":{\"@id\":\"https:\\\/\\\/www.24gliwice.pl\\\/wiadomosci\\\/gliwicki-festiwal-bachowski-rozpoczyna-sie-w-tym-tygodniu-zaplanowano-cztery-koncerty\\\/#primaryimage\"},\"thumbnailUrl\":\"https:\\\/\\\/www.24gliwice.pl\\\/wiadomosci\\\/wp-content\\\/uploads\\\/2021\\\/09\\\/bach-festiwal-bachowski.jpg\",\"datePublished\":\"2021-09-27T09:02:16+00:00\",\"dateModified\":\"2021-09-28T10:35:17+00:00\",\"breadcrumb\":{\"@id\":\"https:\\\/\\\/www.24gliwice.pl\\\/wiadomosci\\\/gliwicki-festiwal-bachowski-rozpoczyna-sie-w-tym-tygodniu-zaplanowano-cztery-koncerty\\\/#breadcrumb\"},\"inLanguage\":\"pl-PL\",\"potentialAction\":[{\"@type\":\"ReadAction\",\"target\":[\"https:\\\/\\\/www.24gliwice.pl\\\/wiadomosci\\\/gliwicki-festiwal-bachowski-rozpoczyna-sie-w-tym-tygodniu-zaplanowano-cztery-koncerty\\\/\"]}]},{\"@type\":\"ImageObject\",\"inLanguage\":\"pl-PL\",\"@id\":\"https:\\\/\\\/www.24gliwice.pl\\\/wiadomosci\\\/gliwicki-festiwal-bachowski-rozpoczyna-sie-w-tym-tygodniu-zaplanowano-cztery-koncerty\\\/#primaryimage\",\"url\":\"https:\\\/\\\/www.24gliwice.pl\\\/wiadomosci\\\/wp-content\\\/uploads\\\/2021\\\/09\\\/bach-festiwal-bachowski.jpg\",\"contentUrl\":\"https:\\\/\\\/www.24gliwice.pl\\\/wiadomosci\\\/wp-content\\\/uploads\\\/2021\\\/09\\\/bach-festiwal-bachowski.jpg\",\"width\":810,\"height\":454},{\"@type\":\"BreadcrumbList\",\"@id\":\"https:\\\/\\\/www.24gliwice.pl\\\/wiadomosci\\\/gliwicki-festiwal-bachowski-rozpoczyna-sie-w-tym-tygodniu-zaplanowano-cztery-koncerty\\\/#breadcrumb\",\"itemListElement\":[{\"@type\":\"ListItem\",\"position\":1,\"name\":\"Strona g\u0142\u00f3wna\",\"item\":\"https:\\\/\\\/www.24gliwice.pl\\\/wiadomosci\\\/\"},{\"@type\":\"ListItem\",\"position\":2,\"name\":\"Gliwicki Festiwal Bachowski rozpoczyna si\u0119 w tym tygodniu. Zaplanowano cztery koncerty\"}]},{\"@type\":\"WebSite\",\"@id\":\"https:\\\/\\\/www.24gliwice.pl\\\/wiadomosci\\\/#website\",\"url\":\"https:\\\/\\\/www.24gliwice.pl\\\/wiadomosci\\\/\",\"name\":\"24GLIWICE - Portal Gliwice | codziennie nowe wiadomo\u015bci\",\"description\":\"Portal Miejski Gliwice\",\"publisher\":{\"@id\":\"https:\\\/\\\/www.24gliwice.pl\\\/wiadomosci\\\/#organization\"},\"potentialAction\":[{\"@type\":\"SearchAction\",\"target\":{\"@type\":\"EntryPoint\",\"urlTemplate\":\"https:\\\/\\\/www.24gliwice.pl\\\/wiadomosci\\\/?s={search_term_string}\"},\"query-input\":{\"@type\":\"PropertyValueSpecification\",\"valueRequired\":true,\"valueName\":\"search_term_string\"}}],\"inLanguage\":\"pl-PL\"},{\"@type\":\"Organization\",\"@id\":\"https:\\\/\\\/www.24gliwice.pl\\\/wiadomosci\\\/#organization\",\"name\":\"24gliwice\",\"url\":\"https:\\\/\\\/www.24gliwice.pl\\\/wiadomosci\\\/\",\"logo\":{\"@type\":\"ImageObject\",\"inLanguage\":\"pl-PL\",\"@id\":\"https:\\\/\\\/www.24gliwice.pl\\\/wiadomosci\\\/#\\\/schema\\\/logo\\\/image\\\/\",\"url\":\"https:\\\/\\\/www.24gliwice.pl\\\/wiadomosci\\\/wp-content\\\/uploads\\\/2024\\\/10\\\/24gliwice-logo-696.jpg\",\"contentUrl\":\"https:\\\/\\\/www.24gliwice.pl\\\/wiadomosci\\\/wp-content\\\/uploads\\\/2024\\\/10\\\/24gliwice-logo-696.jpg\",\"width\":696,\"height\":696,\"caption\":\"24gliwice\"},\"image\":{\"@id\":\"https:\\\/\\\/www.24gliwice.pl\\\/wiadomosci\\\/#\\\/schema\\\/logo\\\/image\\\/\"},\"sameAs\":[\"https:\\\/\\\/www.facebook.com\\\/24gliwice\",\"https:\\\/\\\/x.com\\\/24gliwice\",\"https:\\\/\\\/www.youtube.com\\\/@24gliwice\"]},{\"@type\":\"Person\",\"@id\":\"https:\\\/\\\/www.24gliwice.pl\\\/wiadomosci\\\/#\\\/schema\\\/person\\\/e42c650edd7f2fa332be3811fb166b6e\",\"name\":\"\u017baneta Mrozek-Siewierska\",\"image\":{\"@type\":\"ImageObject\",\"inLanguage\":\"pl-PL\",\"@id\":\"https:\\\/\\\/secure.gravatar.com\\\/avatar\\\/1881429e9c64597c77ad7aef2d0a19be69a3253e57534d16aa15bf3a4d34a0a3?s=96&d=mm&r=g\",\"url\":\"https:\\\/\\\/secure.gravatar.com\\\/avatar\\\/1881429e9c64597c77ad7aef2d0a19be69a3253e57534d16aa15bf3a4d34a0a3?s=96&d=mm&r=g\",\"contentUrl\":\"https:\\\/\\\/secure.gravatar.com\\\/avatar\\\/1881429e9c64597c77ad7aef2d0a19be69a3253e57534d16aa15bf3a4d34a0a3?s=96&d=mm&r=g\",\"caption\":\"\u017baneta Mrozek-Siewierska\"},\"url\":\"https:\\\/\\\/www.24gliwice.pl\\\/wiadomosci\\\/author\\\/zms\\\/\"}]}<\/script>\n<!-- \/ Yoast SEO plugin. -->","yoast_head_json":{"title":"Gliwicki Festiwal Bachowski rozpoczyna si\u0119 w tym tygodniu. Zaplanowano cztery koncerty - 24GLIWICE - Portal Gliwice | codziennie nowe informacje","robots":{"index":"index","follow":"follow","max-snippet":"max-snippet:-1","max-image-preview":"max-image-preview:large","max-video-preview":"max-video-preview:-1"},"canonical":"https:\/\/www.24gliwice.pl\/wiadomosci\/gliwicki-festiwal-bachowski-rozpoczyna-sie-w-tym-tygodniu-zaplanowano-cztery-koncerty\/","og_locale":"pl_PL","og_type":"article","og_title":"Gliwicki Festiwal Bachowski rozpoczyna si\u0119 w tym tygodniu. Zaplanowano cztery koncerty - 24GLIWICE - Portal Gliwice | codziennie nowe informacje","og_description":"Mistrzyni klawesynu El\u017cbieta Stefa\u0144ska zainauguruje 3 pa\u017adziernika (niedziela) XXII Gliwicki Festiwal Bachowski. Na tegoroczn\u0105 edycj\u0119 tej wyj\u0105tkowej imprezy muzycznej z\u0142o\u017c\u0105 si\u0119 cztery koncerty. &nbsp; Koncert \u201eSolo, duo, concertato\u201d rozpocznie si\u0119 w najbli\u017csz\u0105 niedziel\u0119 (3.10) o godzinie 16:00 w ko\u015bciele pw. Wszystkich \u015awi\u0119tych (ul. Ko\u015bcielna 4). Wyst\u0105pi\u0105: El\u017cbieta Stefa\u0144ska( klawesyn), Mariko Kato-Shioya (klawesyn), Tomasz Potaczek (flet [&hellip;]","og_url":"https:\/\/www.24gliwice.pl\/wiadomosci\/gliwicki-festiwal-bachowski-rozpoczyna-sie-w-tym-tygodniu-zaplanowano-cztery-koncerty\/","og_site_name":"24GLIWICE - Portal Gliwice | codziennie nowe informacje","article_publisher":"https:\/\/www.facebook.com\/24gliwice","article_published_time":"2021-09-27T09:02:16+00:00","article_modified_time":"2021-09-28T10:35:17+00:00","og_image":[{"width":810,"height":454,"url":"https:\/\/www.24gliwice.pl\/wiadomosci\/wp-content\/uploads\/2021\/09\/bach-festiwal-bachowski.jpg","type":"image\/jpeg"}],"author":"\u017baneta Mrozek-Siewierska","twitter_card":"summary_large_image","twitter_creator":"@24gliwice","twitter_site":"@24gliwice","twitter_misc":{"Napisane przez":"\u017baneta Mrozek-Siewierska","Szacowany czas czytania":"3 minuty"},"schema":{"@context":"https:\/\/schema.org","@graph":[{"@type":"Article","@id":"https:\/\/www.24gliwice.pl\/wiadomosci\/gliwicki-festiwal-bachowski-rozpoczyna-sie-w-tym-tygodniu-zaplanowano-cztery-koncerty\/#article","isPartOf":{"@id":"https:\/\/www.24gliwice.pl\/wiadomosci\/gliwicki-festiwal-bachowski-rozpoczyna-sie-w-tym-tygodniu-zaplanowano-cztery-koncerty\/"},"author":{"name":"\u017baneta Mrozek-Siewierska","@id":"https:\/\/www.24gliwice.pl\/wiadomosci\/#\/schema\/person\/e42c650edd7f2fa332be3811fb166b6e"},"headline":"Gliwicki Festiwal Bachowski rozpoczyna si\u0119 w tym tygodniu. Zaplanowano cztery koncerty","datePublished":"2021-09-27T09:02:16+00:00","dateModified":"2021-09-28T10:35:17+00:00","mainEntityOfPage":{"@id":"https:\/\/www.24gliwice.pl\/wiadomosci\/gliwicki-festiwal-bachowski-rozpoczyna-sie-w-tym-tygodniu-zaplanowano-cztery-koncerty\/"},"wordCount":532,"commentCount":0,"publisher":{"@id":"https:\/\/www.24gliwice.pl\/wiadomosci\/#organization"},"image":{"@id":"https:\/\/www.24gliwice.pl\/wiadomosci\/gliwicki-festiwal-bachowski-rozpoczyna-sie-w-tym-tygodniu-zaplanowano-cztery-koncerty\/#primaryimage"},"thumbnailUrl":"https:\/\/www.24gliwice.pl\/wiadomosci\/wp-content\/uploads\/2021\/09\/bach-festiwal-bachowski.jpg","keywords":["Gliwicki Festiwal Bachowski","koncerty w ko\u015bcio\u0142ach"],"articleSection":["Gliwice","Kultura, wydarzenia, imprezy","Najnowsze wiadomo\u015bci"],"inLanguage":"pl-PL","potentialAction":[{"@type":"CommentAction","name":"Comment","target":["https:\/\/www.24gliwice.pl\/wiadomosci\/gliwicki-festiwal-bachowski-rozpoczyna-sie-w-tym-tygodniu-zaplanowano-cztery-koncerty\/#respond"]}]},{"@type":"WebPage","@id":"https:\/\/www.24gliwice.pl\/wiadomosci\/gliwicki-festiwal-bachowski-rozpoczyna-sie-w-tym-tygodniu-zaplanowano-cztery-koncerty\/","url":"https:\/\/www.24gliwice.pl\/wiadomosci\/gliwicki-festiwal-bachowski-rozpoczyna-sie-w-tym-tygodniu-zaplanowano-cztery-koncerty\/","name":"Gliwicki Festiwal Bachowski rozpoczyna si\u0119 w tym tygodniu. Zaplanowano cztery koncerty - 24GLIWICE - Portal Gliwice | codziennie nowe informacje","isPartOf":{"@id":"https:\/\/www.24gliwice.pl\/wiadomosci\/#website"},"primaryImageOfPage":{"@id":"https:\/\/www.24gliwice.pl\/wiadomosci\/gliwicki-festiwal-bachowski-rozpoczyna-sie-w-tym-tygodniu-zaplanowano-cztery-koncerty\/#primaryimage"},"image":{"@id":"https:\/\/www.24gliwice.pl\/wiadomosci\/gliwicki-festiwal-bachowski-rozpoczyna-sie-w-tym-tygodniu-zaplanowano-cztery-koncerty\/#primaryimage"},"thumbnailUrl":"https:\/\/www.24gliwice.pl\/wiadomosci\/wp-content\/uploads\/2021\/09\/bach-festiwal-bachowski.jpg","datePublished":"2021-09-27T09:02:16+00:00","dateModified":"2021-09-28T10:35:17+00:00","breadcrumb":{"@id":"https:\/\/www.24gliwice.pl\/wiadomosci\/gliwicki-festiwal-bachowski-rozpoczyna-sie-w-tym-tygodniu-zaplanowano-cztery-koncerty\/#breadcrumb"},"inLanguage":"pl-PL","potentialAction":[{"@type":"ReadAction","target":["https:\/\/www.24gliwice.pl\/wiadomosci\/gliwicki-festiwal-bachowski-rozpoczyna-sie-w-tym-tygodniu-zaplanowano-cztery-koncerty\/"]}]},{"@type":"ImageObject","inLanguage":"pl-PL","@id":"https:\/\/www.24gliwice.pl\/wiadomosci\/gliwicki-festiwal-bachowski-rozpoczyna-sie-w-tym-tygodniu-zaplanowano-cztery-koncerty\/#primaryimage","url":"https:\/\/www.24gliwice.pl\/wiadomosci\/wp-content\/uploads\/2021\/09\/bach-festiwal-bachowski.jpg","contentUrl":"https:\/\/www.24gliwice.pl\/wiadomosci\/wp-content\/uploads\/2021\/09\/bach-festiwal-bachowski.jpg","width":810,"height":454},{"@type":"BreadcrumbList","@id":"https:\/\/www.24gliwice.pl\/wiadomosci\/gliwicki-festiwal-bachowski-rozpoczyna-sie-w-tym-tygodniu-zaplanowano-cztery-koncerty\/#breadcrumb","itemListElement":[{"@type":"ListItem","position":1,"name":"Strona g\u0142\u00f3wna","item":"https:\/\/www.24gliwice.pl\/wiadomosci\/"},{"@type":"ListItem","position":2,"name":"Gliwicki Festiwal Bachowski rozpoczyna si\u0119 w tym tygodniu. Zaplanowano cztery koncerty"}]},{"@type":"WebSite","@id":"https:\/\/www.24gliwice.pl\/wiadomosci\/#website","url":"https:\/\/www.24gliwice.pl\/wiadomosci\/","name":"24GLIWICE - Portal Gliwice | codziennie nowe wiadomo\u015bci","description":"Portal Miejski Gliwice","publisher":{"@id":"https:\/\/www.24gliwice.pl\/wiadomosci\/#organization"},"potentialAction":[{"@type":"SearchAction","target":{"@type":"EntryPoint","urlTemplate":"https:\/\/www.24gliwice.pl\/wiadomosci\/?s={search_term_string}"},"query-input":{"@type":"PropertyValueSpecification","valueRequired":true,"valueName":"search_term_string"}}],"inLanguage":"pl-PL"},{"@type":"Organization","@id":"https:\/\/www.24gliwice.pl\/wiadomosci\/#organization","name":"24gliwice","url":"https:\/\/www.24gliwice.pl\/wiadomosci\/","logo":{"@type":"ImageObject","inLanguage":"pl-PL","@id":"https:\/\/www.24gliwice.pl\/wiadomosci\/#\/schema\/logo\/image\/","url":"https:\/\/www.24gliwice.pl\/wiadomosci\/wp-content\/uploads\/2024\/10\/24gliwice-logo-696.jpg","contentUrl":"https:\/\/www.24gliwice.pl\/wiadomosci\/wp-content\/uploads\/2024\/10\/24gliwice-logo-696.jpg","width":696,"height":696,"caption":"24gliwice"},"image":{"@id":"https:\/\/www.24gliwice.pl\/wiadomosci\/#\/schema\/logo\/image\/"},"sameAs":["https:\/\/www.facebook.com\/24gliwice","https:\/\/x.com\/24gliwice","https:\/\/www.youtube.com\/@24gliwice"]},{"@type":"Person","@id":"https:\/\/www.24gliwice.pl\/wiadomosci\/#\/schema\/person\/e42c650edd7f2fa332be3811fb166b6e","name":"\u017baneta Mrozek-Siewierska","image":{"@type":"ImageObject","inLanguage":"pl-PL","@id":"https:\/\/secure.gravatar.com\/avatar\/1881429e9c64597c77ad7aef2d0a19be69a3253e57534d16aa15bf3a4d34a0a3?s=96&d=mm&r=g","url":"https:\/\/secure.gravatar.com\/avatar\/1881429e9c64597c77ad7aef2d0a19be69a3253e57534d16aa15bf3a4d34a0a3?s=96&d=mm&r=g","contentUrl":"https:\/\/secure.gravatar.com\/avatar\/1881429e9c64597c77ad7aef2d0a19be69a3253e57534d16aa15bf3a4d34a0a3?s=96&d=mm&r=g","caption":"\u017baneta Mrozek-Siewierska"},"url":"https:\/\/www.24gliwice.pl\/wiadomosci\/author\/zms\/"}]}},"_links":{"self":[{"href":"https:\/\/www.24gliwice.pl\/wiadomosci\/wp-json\/wp\/v2\/posts\/177639","targetHints":{"allow":["GET"]}}],"collection":[{"href":"https:\/\/www.24gliwice.pl\/wiadomosci\/wp-json\/wp\/v2\/posts"}],"about":[{"href":"https:\/\/www.24gliwice.pl\/wiadomosci\/wp-json\/wp\/v2\/types\/post"}],"author":[{"embeddable":true,"href":"https:\/\/www.24gliwice.pl\/wiadomosci\/wp-json\/wp\/v2\/users\/15"}],"replies":[{"embeddable":true,"href":"https:\/\/www.24gliwice.pl\/wiadomosci\/wp-json\/wp\/v2\/comments?post=177639"}],"version-history":[{"count":0,"href":"https:\/\/www.24gliwice.pl\/wiadomosci\/wp-json\/wp\/v2\/posts\/177639\/revisions"}],"wp:featuredmedia":[{"embeddable":true,"href":"https:\/\/www.24gliwice.pl\/wiadomosci\/wp-json\/wp\/v2\/media\/177650"}],"wp:attachment":[{"href":"https:\/\/www.24gliwice.pl\/wiadomosci\/wp-json\/wp\/v2\/media?parent=177639"}],"wp:term":[{"taxonomy":"category","embeddable":true,"href":"https:\/\/www.24gliwice.pl\/wiadomosci\/wp-json\/wp\/v2\/categories?post=177639"},{"taxonomy":"post_tag","embeddable":true,"href":"https:\/\/www.24gliwice.pl\/wiadomosci\/wp-json\/wp\/v2\/tags?post=177639"}],"curies":[{"name":"wp","href":"https:\/\/api.w.org\/{rel}","templated":true}]}}