{"id":177676,"date":"2021-09-28T12:22:21","date_gmt":"2021-09-28T10:22:21","guid":{"rendered":"https:\/\/www.24gliwice.pl\/wiadomosci\/?p=177676"},"modified":"2021-09-28T12:28:25","modified_gmt":"2021-09-28T10:28:25","slug":"woda-i-odprowadzanie-sciekow-nowe-ceny-taryfy","status":"publish","type":"post","link":"https:\/\/www.24gliwice.pl\/wiadomosci\/woda-i-odprowadzanie-sciekow-nowe-ceny-taryfy\/","title":{"rendered":"Za wod\u0119 i odprowadzanie \u015bciek\u00f3w zap\u0142acimy wi\u0119cej. To na pocz\u0105tek, bo z roku na rok b\u0119dzie dro\u017cej"},"content":{"rendered":"<div class=\"gliwi-a6-nad-leadem-artykulow gliwi-entity-placement\" id=\"gliwi-972626325\"><div class=\"gliwi-adlabel\"><span style=\"font-size: 9px\">REKLAMA<\/span><\/div><div id=\"gliwi-232412481\" style=\"margin-bottom: 25px;margin-left: auto;margin-right: auto;text-align: center;\"><a data-no-instant=\"1\" href=\"https:\/\/dom100.eu\/\" rel=\"noopener\" class=\"a2t-link\" target=\"_blank\" aria-label=\"20260415 DOM100 D\"><img loading=\"lazy\" decoding=\"async\" src=\"https:\/\/www.24gliwice.pl\/wiadomosci\/wp-content\/uploads\/2026\/04\/20260415-DOM100-D.jpg\" alt=\"\"  srcset=\"https:\/\/www.24gliwice.pl\/wiadomosci\/wp-content\/uploads\/2026\/04\/20260415-DOM100-D.jpg 750w, https:\/\/www.24gliwice.pl\/wiadomosci\/wp-content\/uploads\/2026\/04\/20260415-DOM100-D-410x109.jpg 410w\" sizes=\"(max-width: 750px) 100vw, 750px\" class=\"no-lazyload\" width=\"750\" height=\"200\"  style=\"display: inline-block; max-width: 100%; height: auto;\" \/><\/a><\/div><\/div><h2>W ostatnich dniach zatwierdzona zosta\u0142a nowa, oczywi\u015bcie wy\u017csza ni\u017c dotychczas taryfa za wod\u0119 i odprowadzanie \u015bciek\u00f3w. Ile zap\u0142acimy? W pierwszym 12-miesi\u0119cznym okresie o 8%, a w kolejnych o ponad 9% wi\u0119cej.<\/h2>\n<p>&nbsp;<br \/>\nPrzedsi\u0119biorstwo Wodoci\u0105g\u00f3w i Kanalizacji poinformowa\u0142o, \u017ce w BIP PGW Wody Polskie og\u0142oszona og\u0142oszono zatwierdzon\u0105 taryf\u0119 dla zbiorowego zaopatrzenia w wod\u0119 i zbiorowego odprowadzania \u015bciek\u00f3w.<\/p>\n<p>&#8211; <em>Zatwierdzona przez organ regulacyjny taryfa wchodzi w \u017cycie po up\u0142ywie 7 dni od dnia og\u0142oszenia czyli od dnia 01.10.2021 r. na okres 3 lat i obowi\u0105zuje na terenie gmin: Gliwice, Pyskowice, So\u015bnicowice, Zbros\u0142awice oraz Rudziniec<\/em> &#8211; poinformowa\u0142y w miniony czwartek, 23 wrze\u015bnia, gliwickie wodoci\u0105gi.<\/p><div class=\"gliwi-a3-w-tresci-artykulow gliwi-entity-placement\" id=\"gliwi-486190783\"><div class=\"gliwi-adlabel\"><span style=\"font-size: 9px\">REKLAMA<\/span><\/div><div id=\"gliwi-3452209729\" style=\"margin-bottom: 30px;margin-left: auto;margin-right: auto;text-align: center;\"><a data-no-instant=\"1\" href=\"https:\/\/zlobek.halogen.org.pl\/\" rel=\"noopener\" class=\"a2t-link\" target=\"_blank\" aria-label=\"animator-zlobek_750x200\"><img loading=\"lazy\" decoding=\"async\" src=\"https:\/\/www.24gliwice.pl\/wiadomosci\/wp-content\/uploads\/2026\/02\/animator-zlobek_750x200.webp\" alt=\"\"  srcset=\"https:\/\/www.24gliwice.pl\/wiadomosci\/wp-content\/uploads\/2026\/02\/animator-zlobek_750x200.webp 750w, https:\/\/www.24gliwice.pl\/wiadomosci\/wp-content\/uploads\/2026\/02\/animator-zlobek_750x200-410x109.webp 410w\" sizes=\"(max-width: 750px) 100vw, 750px\" class=\"no-lazyload\" width=\"750\" height=\"200\"  style=\"display: inline-block; max-width: 100%; height: auto;\" \/><\/a><\/div><\/div>\n<blockquote><p><em>Zmiana wynika z ko\u0144cz\u0105cego si\u0119 3-letniego okresu obowi\u0105zywania dotychczasowych taryf i uwzgl\u0119dnia wzrost koszt\u00f3w, kt\u00f3re maj\u0105 bezpo\u015bredni wp\u0142yw na wysoko\u015b\u0107 cen i stawki op\u0142at<\/em><\/p><\/blockquote>\n<p>&#8211; zaznacza PWiK w komunikacie. &#8211; <em>W szczeg\u00f3lno\u015bci: znacz\u0105cy wzrost cen energii elektrycznej, wy\u017csze koszty wywozu osad\u00f3w po\u015bciekowych, koszt\u00f3w eksploatacji i utrzymania infrastruktury ponoszonych w zakresie zbiorowego zaopatrzenia w wod\u0119 i zbiorowego odprowadzania \u015bciek\u00f3w, inwestycji modernizacyjno-rozwojowych ustalonych na podstawie wieloletniego planu inwestycyjnego, w wyniku kt\u00f3rych zwi\u0119kszaj\u0105 si\u0119 koszty podatku od nieruchomo\u015bci i amortyzacja. Weryfikacja i zatwierdzenie przedstawionych przez PWiK Gliwice propozycji dokonana zosta\u0142a przez \u201eWody Polskie\u201d, kt\u00f3re s\u0105 uprawnione do regulacji cen i stawek<\/em> &#8211; informuj\u0105 wodoci\u0105gi.<\/p>\n<h4>Stawki za wod\u0119 i \u015bcieki &#8211; jak si\u0119 zmieni\u0105?<\/h4>\n<p>Aktualna taryfa za wod\u0119 i odprowadzanie \u015bciek\u00f3w, obowi\u0105zuj\u0105ca do 30 wrze\u015bnia br., dla odbiorc\u00f3w indywidualnych wygl\u0105da nast\u0119puj\u0105co:<\/p>\n<p><a href=\"https:\/\/www.24gliwice.pl\/wiadomosci\/wp-content\/uploads\/2021\/09\/taryfa-za-wode-do-30-wrzesnia-2021.jpg\"><img loading=\"lazy\" decoding=\"async\" class=\"alignnone size-full wp-image-177678\" src=\"https:\/\/www.24gliwice.pl\/wiadomosci\/wp-content\/uploads\/2021\/09\/taryfa-za-wode-do-30-wrzesnia-2021.jpg\" alt=\"\" width=\"810\" height=\"399\" srcset=\"https:\/\/www.24gliwice.pl\/wiadomosci\/wp-content\/uploads\/2021\/09\/taryfa-za-wode-do-30-wrzesnia-2021.jpg 810w, https:\/\/www.24gliwice.pl\/wiadomosci\/wp-content\/uploads\/2021\/09\/taryfa-za-wode-do-30-wrzesnia-2021-410x202.jpg 410w, https:\/\/www.24gliwice.pl\/wiadomosci\/wp-content\/uploads\/2021\/09\/taryfa-za-wode-do-30-wrzesnia-2021-768x378.jpg 768w\" sizes=\"auto, (max-width: 810px) 100vw, 810px\" \/><\/a><\/p>\n<p><a href=\"https:\/\/www.24gliwice.pl\/wiadomosci\/wp-content\/uploads\/2021\/09\/taryfa-za-odprowadzanie-sciekow-do-30-wrzesnia-2021.jpg\"><img loading=\"lazy\" decoding=\"async\" class=\"alignnone size-full wp-image-177677\" src=\"https:\/\/www.24gliwice.pl\/wiadomosci\/wp-content\/uploads\/2021\/09\/taryfa-za-odprowadzanie-sciekow-do-30-wrzesnia-2021.jpg\" alt=\"\" width=\"810\" height=\"323\" srcset=\"https:\/\/www.24gliwice.pl\/wiadomosci\/wp-content\/uploads\/2021\/09\/taryfa-za-odprowadzanie-sciekow-do-30-wrzesnia-2021.jpg 810w, https:\/\/www.24gliwice.pl\/wiadomosci\/wp-content\/uploads\/2021\/09\/taryfa-za-odprowadzanie-sciekow-do-30-wrzesnia-2021-410x163.jpg 410w, https:\/\/www.24gliwice.pl\/wiadomosci\/wp-content\/uploads\/2021\/09\/taryfa-za-odprowadzanie-sciekow-do-30-wrzesnia-2021-768x306.jpg 768w\" sizes=\"auto, (max-width: 810px) 100vw, 810px\" \/><\/a><\/p>\n<h4>Do tej pory wi\u0119c mieszka\u0144cy Gliwic i miejscowo\u015bci zaopatrzywanych przez tutejszy PWiK p\u0142acili 5,24 z\u0142\/m3 wody oraz 7,41 z\u0142\/m3 odprowadzania \u015bciek\u00f3w, co daje \u0142\u0105cznie 12,65 z\u0142\/m3 brutto.<\/h4>\n<p>Nowe stawki wzrosn\u0105 &#8211; o 52 gr\/m3 za wod\u0119 &#8211; po podwy\u017cce cena metra sze\u015bciennego dla gospodarstw domowych wyniesie wi\u0119c 5,76 z\u0142 i b\u0119dzie obowi\u0105zywa\u0142a przez trzy najbli\u017csze lata, do 30 wrze\u015bnia 2024 r.. W przypadku odbioru \u015bciek\u00f3w taryfa b\u0119dzie zmienia\u0107 si\u0119 co roku &#8211; od 7,91 z\u0142 (wzrost o 50 gr) do 30 wrze\u015bnia 2022 r. do 8,07 z\u0142 (wzrost o 0,66 z\u0142) do 30 wrze\u015bnia 2024 r..<\/p>\n<p><a href=\"https:\/\/www.24gliwice.pl\/wiadomosci\/wp-content\/uploads\/2021\/09\/taryfy-za-wode-od-1-pazdziernika-2021.jpg\"><img loading=\"lazy\" decoding=\"async\" class=\"alignnone size-full wp-image-177688\" src=\"https:\/\/www.24gliwice.pl\/wiadomosci\/wp-content\/uploads\/2021\/09\/taryfy-za-wode-od-1-pazdziernika-2021.jpg\" alt=\"\" width=\"810\" height=\"474\" srcset=\"https:\/\/www.24gliwice.pl\/wiadomosci\/wp-content\/uploads\/2021\/09\/taryfy-za-wode-od-1-pazdziernika-2021.jpg 810w, https:\/\/www.24gliwice.pl\/wiadomosci\/wp-content\/uploads\/2021\/09\/taryfy-za-wode-od-1-pazdziernika-2021-396x232.jpg 396w, https:\/\/www.24gliwice.pl\/wiadomosci\/wp-content\/uploads\/2021\/09\/taryfy-za-wode-od-1-pazdziernika-2021-778x455.jpg 778w, https:\/\/www.24gliwice.pl\/wiadomosci\/wp-content\/uploads\/2021\/09\/taryfy-za-wode-od-1-pazdziernika-2021-768x449.jpg 768w\" sizes=\"auto, (max-width: 810px) 100vw, 810px\" \/><\/a><\/p>\n<p><a href=\"https:\/\/www.24gliwice.pl\/wiadomosci\/wp-content\/uploads\/2021\/09\/taryfa-za-scieki-od-1-pazdzernika-2021.jpg\"><img loading=\"lazy\" decoding=\"async\" class=\"alignnone size-full wp-image-177689\" src=\"https:\/\/www.24gliwice.pl\/wiadomosci\/wp-content\/uploads\/2021\/09\/taryfa-za-scieki-od-1-pazdzernika-2021.jpg\" alt=\"\" width=\"810\" height=\"346\" srcset=\"https:\/\/www.24gliwice.pl\/wiadomosci\/wp-content\/uploads\/2021\/09\/taryfa-za-scieki-od-1-pazdzernika-2021.jpg 810w, https:\/\/www.24gliwice.pl\/wiadomosci\/wp-content\/uploads\/2021\/09\/taryfa-za-scieki-od-1-pazdzernika-2021-410x175.jpg 410w, https:\/\/www.24gliwice.pl\/wiadomosci\/wp-content\/uploads\/2021\/09\/taryfa-za-scieki-od-1-pazdzernika-2021-768x328.jpg 768w\" sizes=\"auto, (max-width: 810px) 100vw, 810px\" \/><\/a><\/p>\n<h4>Po podwy\u017cce za 1 m3 wody i odprowadzania \u015bciek\u00f3w brutto zap\u0142acimy \u0142\u0105cznie:<\/h4>\n<ul>\n<li>od 1 pa\u017adziernika 2021 do 30 wrze\u015bnia 2022 &#8211; <strong>13,67<\/strong> z\u0142 (wzrost o 8,06 % wzgl\u0119dem obecnej taryfy),<\/li>\n<li>od 1 pa\u017adziernika 2022 do 30 wrze\u015bnia 2023 &#8211; <strong>13,81<\/strong> z\u0142 (wzrost o 9,16 % wzgl\u0119dem obecnej taryfy),<\/li>\n<li>od 1 pa\u017adzernika 2023 do 30 wrze\u015bnia 2024 &#8211; <strong>13,83<\/strong> z\u0142 (wzrost o ok. 9,33 % wzgl\u0119dem obecnej taryfy).<\/li>\n<\/ul>\n<p>(\u017cms)<br \/>\nfot. arch. 24gliwice.pl<\/p>\n<div class=\"gliwi-a5-na-koncu-artykulow gliwi-entity-placement\" id=\"gliwi-1845023923\"><div class=\"gliwi-adlabel\"><span style=\"font-size: 9px\">REKLAMA<\/span><\/div><div id=\"gliwi-4021430898\" style=\"margin-left: auto;margin-right: auto;text-align: center;\"><a data-no-instant=\"1\" href=\"https:\/\/prezeroarenagliwice.pl\/\" rel=\"noopener\" class=\"a2t-link\" target=\"_blank\" aria-label=\"20260309-PREZERO-WIOSNA-D\"><img loading=\"lazy\" decoding=\"async\" src=\"https:\/\/www.24gliwice.pl\/wiadomosci\/wp-content\/uploads\/2026\/03\/20260309-PREZERO-WIOSNA-D.webp\" alt=\"\"  srcset=\"https:\/\/www.24gliwice.pl\/wiadomosci\/wp-content\/uploads\/2026\/03\/20260309-PREZERO-WIOSNA-D.webp 750w, https:\/\/www.24gliwice.pl\/wiadomosci\/wp-content\/uploads\/2026\/03\/20260309-PREZERO-WIOSNA-D-410x109.webp 410w\" sizes=\"(max-width: 750px) 100vw, 750px\" class=\"no-lazyload\" width=\"750\" height=\"200\"  style=\"display: inline-block; max-width: 100%; height: auto;\" \/><\/a><\/div><\/div>","protected":false},"excerpt":{"rendered":"<p>W ostatnich dniach zatwierdzona zosta\u0142a nowa, oczywi\u015bcie wy\u017csza ni\u017c dotychczas taryfa za wod\u0119 i odprowadzanie \u015bciek\u00f3w. Ile zap\u0142acimy? W pierwszym 12-miesi\u0119cznym okresie o 8%, a w kolejnych o ponad 9% wi\u0119cej. &nbsp; Przedsi\u0119biorstwo Wodoci\u0105g\u00f3w i Kanalizacji poinformowa\u0142o, \u017ce w BIP PGW Wody Polskie og\u0142oszona og\u0142oszono zatwierdzon\u0105 taryf\u0119 dla zbiorowego zaopatrzenia w wod\u0119 i zbiorowego odprowadzania [&hellip;]<\/p>\n","protected":false},"author":15,"featured_media":90534,"comment_status":"open","ping_status":"closed","sticky":false,"template":"","format":"standard","meta":{"_monsterinsights_skip_tracking":false,"_monsterinsights_sitenote_active":false,"_monsterinsights_sitenote_note":"","_monsterinsights_sitenote_category":0,"footnotes":"","_links_to":"","_links_to_target":""},"categories":[3,1,9,8],"tags":[],"class_list":["post-177676","post","type-post","status-publish","format-standard","has-post-thumbnail","hentry","category-gliwice","category-wszystko","category-aktualnosci_lokalne","category-samorzad_polityka"],"yoast_head":"<!-- This site is optimized with the Yoast SEO plugin v27.5 - https:\/\/yoast.com\/product\/yoast-seo-wordpress\/ -->\n<title>Za wod\u0119 i odprowadzanie \u015bciek\u00f3w zap\u0142acimy wi\u0119cej. To na pocz\u0105tek, bo z roku na rok b\u0119dzie dro\u017cej - 24GLIWICE - Portal Gliwice | codziennie nowe informacje<\/title>\n<meta name=\"robots\" content=\"index, follow, max-snippet:-1, max-image-preview:large, max-video-preview:-1\" \/>\n<link rel=\"canonical\" href=\"https:\/\/www.24gliwice.pl\/wiadomosci\/woda-i-odprowadzanie-sciekow-nowe-ceny-taryfy\/\" \/>\n<meta property=\"og:locale\" content=\"pl_PL\" \/>\n<meta property=\"og:type\" content=\"article\" \/>\n<meta property=\"og:title\" content=\"Za wod\u0119 i odprowadzanie \u015bciek\u00f3w zap\u0142acimy wi\u0119cej. To na pocz\u0105tek, bo z roku na rok b\u0119dzie dro\u017cej - 24GLIWICE - Portal Gliwice | codziennie nowe informacje\" \/>\n<meta property=\"og:description\" content=\"W ostatnich dniach zatwierdzona zosta\u0142a nowa, oczywi\u015bcie wy\u017csza ni\u017c dotychczas taryfa za wod\u0119 i odprowadzanie \u015bciek\u00f3w. Ile zap\u0142acimy? W pierwszym 12-miesi\u0119cznym okresie o 8%, a w kolejnych o ponad 9% wi\u0119cej. &nbsp; Przedsi\u0119biorstwo Wodoci\u0105g\u00f3w i Kanalizacji poinformowa\u0142o, \u017ce w BIP PGW Wody Polskie og\u0142oszona og\u0142oszono zatwierdzon\u0105 taryf\u0119 dla zbiorowego zaopatrzenia w wod\u0119 i zbiorowego odprowadzania [&hellip;]\" \/>\n<meta property=\"og:url\" content=\"https:\/\/www.24gliwice.pl\/wiadomosci\/woda-i-odprowadzanie-sciekow-nowe-ceny-taryfy\/\" \/>\n<meta property=\"og:site_name\" content=\"24GLIWICE - Portal Gliwice | codziennie nowe informacje\" \/>\n<meta property=\"article:publisher\" content=\"https:\/\/www.facebook.com\/24gliwice\" \/>\n<meta property=\"article:published_time\" content=\"2021-09-28T10:22:21+00:00\" \/>\n<meta property=\"article:modified_time\" content=\"2021-09-28T10:28:25+00:00\" \/>\n<meta property=\"og:image\" content=\"https:\/\/www.24gliwice.pl\/wiadomosci\/wp-content\/uploads\/2016\/11\/woda-podwy\u017cki.jpg\" \/>\n\t<meta property=\"og:image:width\" content=\"810\" \/>\n\t<meta property=\"og:image:height\" content=\"456\" \/>\n\t<meta property=\"og:image:type\" content=\"image\/jpeg\" \/>\n<meta name=\"author\" content=\"\u017baneta Mrozek-Siewierska\" \/>\n<meta name=\"twitter:card\" content=\"summary_large_image\" \/>\n<meta name=\"twitter:creator\" content=\"@24gliwice\" \/>\n<meta name=\"twitter:site\" content=\"@24gliwice\" \/>\n<meta name=\"twitter:label1\" content=\"Napisane przez\" \/>\n\t<meta name=\"twitter:data1\" content=\"\u017baneta Mrozek-Siewierska\" \/>\n\t<meta name=\"twitter:label2\" content=\"Szacowany czas czytania\" \/>\n\t<meta name=\"twitter:data2\" content=\"2 minuty\" \/>\n<script type=\"application\/ld+json\" class=\"yoast-schema-graph\">{\"@context\":\"https:\\\/\\\/schema.org\",\"@graph\":[{\"@type\":\"Article\",\"@id\":\"https:\\\/\\\/www.24gliwice.pl\\\/wiadomosci\\\/woda-i-odprowadzanie-sciekow-nowe-ceny-taryfy\\\/#article\",\"isPartOf\":{\"@id\":\"https:\\\/\\\/www.24gliwice.pl\\\/wiadomosci\\\/woda-i-odprowadzanie-sciekow-nowe-ceny-taryfy\\\/\"},\"author\":{\"name\":\"\u017baneta Mrozek-Siewierska\",\"@id\":\"https:\\\/\\\/www.24gliwice.pl\\\/wiadomosci\\\/#\\\/schema\\\/person\\\/e42c650edd7f2fa332be3811fb166b6e\"},\"headline\":\"Za wod\u0119 i odprowadzanie \u015bciek\u00f3w zap\u0142acimy wi\u0119cej. To na pocz\u0105tek, bo z roku na rok b\u0119dzie dro\u017cej\",\"datePublished\":\"2021-09-28T10:22:21+00:00\",\"dateModified\":\"2021-09-28T10:28:25+00:00\",\"mainEntityOfPage\":{\"@id\":\"https:\\\/\\\/www.24gliwice.pl\\\/wiadomosci\\\/woda-i-odprowadzanie-sciekow-nowe-ceny-taryfy\\\/\"},\"wordCount\":461,\"commentCount\":0,\"publisher\":{\"@id\":\"https:\\\/\\\/www.24gliwice.pl\\\/wiadomosci\\\/#organization\"},\"image\":{\"@id\":\"https:\\\/\\\/www.24gliwice.pl\\\/wiadomosci\\\/woda-i-odprowadzanie-sciekow-nowe-ceny-taryfy\\\/#primaryimage\"},\"thumbnailUrl\":\"https:\\\/\\\/www.24gliwice.pl\\\/wiadomosci\\\/wp-content\\\/uploads\\\/2016\\\/11\\\/woda-podwy\u017cki.jpg\",\"articleSection\":[\"Gliwice\",\"Najnowsze wiadomo\u015bci\",\"Portal Gliwice - Wiadomo\u015bci lokalne\",\"Samorz\u0105d, polityka\"],\"inLanguage\":\"pl-PL\",\"potentialAction\":[{\"@type\":\"CommentAction\",\"name\":\"Comment\",\"target\":[\"https:\\\/\\\/www.24gliwice.pl\\\/wiadomosci\\\/woda-i-odprowadzanie-sciekow-nowe-ceny-taryfy\\\/#respond\"]}]},{\"@type\":\"WebPage\",\"@id\":\"https:\\\/\\\/www.24gliwice.pl\\\/wiadomosci\\\/woda-i-odprowadzanie-sciekow-nowe-ceny-taryfy\\\/\",\"url\":\"https:\\\/\\\/www.24gliwice.pl\\\/wiadomosci\\\/woda-i-odprowadzanie-sciekow-nowe-ceny-taryfy\\\/\",\"name\":\"Za wod\u0119 i odprowadzanie \u015bciek\u00f3w zap\u0142acimy wi\u0119cej. To na pocz\u0105tek, bo z roku na rok b\u0119dzie dro\u017cej - 24GLIWICE - Portal Gliwice | codziennie nowe informacje\",\"isPartOf\":{\"@id\":\"https:\\\/\\\/www.24gliwice.pl\\\/wiadomosci\\\/#website\"},\"primaryImageOfPage\":{\"@id\":\"https:\\\/\\\/www.24gliwice.pl\\\/wiadomosci\\\/woda-i-odprowadzanie-sciekow-nowe-ceny-taryfy\\\/#primaryimage\"},\"image\":{\"@id\":\"https:\\\/\\\/www.24gliwice.pl\\\/wiadomosci\\\/woda-i-odprowadzanie-sciekow-nowe-ceny-taryfy\\\/#primaryimage\"},\"thumbnailUrl\":\"https:\\\/\\\/www.24gliwice.pl\\\/wiadomosci\\\/wp-content\\\/uploads\\\/2016\\\/11\\\/woda-podwy\u017cki.jpg\",\"datePublished\":\"2021-09-28T10:22:21+00:00\",\"dateModified\":\"2021-09-28T10:28:25+00:00\",\"breadcrumb\":{\"@id\":\"https:\\\/\\\/www.24gliwice.pl\\\/wiadomosci\\\/woda-i-odprowadzanie-sciekow-nowe-ceny-taryfy\\\/#breadcrumb\"},\"inLanguage\":\"pl-PL\",\"potentialAction\":[{\"@type\":\"ReadAction\",\"target\":[\"https:\\\/\\\/www.24gliwice.pl\\\/wiadomosci\\\/woda-i-odprowadzanie-sciekow-nowe-ceny-taryfy\\\/\"]}]},{\"@type\":\"ImageObject\",\"inLanguage\":\"pl-PL\",\"@id\":\"https:\\\/\\\/www.24gliwice.pl\\\/wiadomosci\\\/woda-i-odprowadzanie-sciekow-nowe-ceny-taryfy\\\/#primaryimage\",\"url\":\"https:\\\/\\\/www.24gliwice.pl\\\/wiadomosci\\\/wp-content\\\/uploads\\\/2016\\\/11\\\/woda-podwy\u017cki.jpg\",\"contentUrl\":\"https:\\\/\\\/www.24gliwice.pl\\\/wiadomosci\\\/wp-content\\\/uploads\\\/2016\\\/11\\\/woda-podwy\u017cki.jpg\",\"width\":810,\"height\":456},{\"@type\":\"BreadcrumbList\",\"@id\":\"https:\\\/\\\/www.24gliwice.pl\\\/wiadomosci\\\/woda-i-odprowadzanie-sciekow-nowe-ceny-taryfy\\\/#breadcrumb\",\"itemListElement\":[{\"@type\":\"ListItem\",\"position\":1,\"name\":\"Strona g\u0142\u00f3wna\",\"item\":\"https:\\\/\\\/www.24gliwice.pl\\\/wiadomosci\\\/\"},{\"@type\":\"ListItem\",\"position\":2,\"name\":\"Za wod\u0119 i odprowadzanie \u015bciek\u00f3w zap\u0142acimy wi\u0119cej. To na pocz\u0105tek, bo z roku na rok b\u0119dzie dro\u017cej\"}]},{\"@type\":\"WebSite\",\"@id\":\"https:\\\/\\\/www.24gliwice.pl\\\/wiadomosci\\\/#website\",\"url\":\"https:\\\/\\\/www.24gliwice.pl\\\/wiadomosci\\\/\",\"name\":\"24GLIWICE - Portal Gliwice | codziennie nowe wiadomo\u015bci\",\"description\":\"Portal Miejski Gliwice\",\"publisher\":{\"@id\":\"https:\\\/\\\/www.24gliwice.pl\\\/wiadomosci\\\/#organization\"},\"potentialAction\":[{\"@type\":\"SearchAction\",\"target\":{\"@type\":\"EntryPoint\",\"urlTemplate\":\"https:\\\/\\\/www.24gliwice.pl\\\/wiadomosci\\\/?s={search_term_string}\"},\"query-input\":{\"@type\":\"PropertyValueSpecification\",\"valueRequired\":true,\"valueName\":\"search_term_string\"}}],\"inLanguage\":\"pl-PL\"},{\"@type\":\"Organization\",\"@id\":\"https:\\\/\\\/www.24gliwice.pl\\\/wiadomosci\\\/#organization\",\"name\":\"24gliwice\",\"url\":\"https:\\\/\\\/www.24gliwice.pl\\\/wiadomosci\\\/\",\"logo\":{\"@type\":\"ImageObject\",\"inLanguage\":\"pl-PL\",\"@id\":\"https:\\\/\\\/www.24gliwice.pl\\\/wiadomosci\\\/#\\\/schema\\\/logo\\\/image\\\/\",\"url\":\"https:\\\/\\\/www.24gliwice.pl\\\/wiadomosci\\\/wp-content\\\/uploads\\\/2024\\\/10\\\/24gliwice-logo-696.jpg\",\"contentUrl\":\"https:\\\/\\\/www.24gliwice.pl\\\/wiadomosci\\\/wp-content\\\/uploads\\\/2024\\\/10\\\/24gliwice-logo-696.jpg\",\"width\":696,\"height\":696,\"caption\":\"24gliwice\"},\"image\":{\"@id\":\"https:\\\/\\\/www.24gliwice.pl\\\/wiadomosci\\\/#\\\/schema\\\/logo\\\/image\\\/\"},\"sameAs\":[\"https:\\\/\\\/www.facebook.com\\\/24gliwice\",\"https:\\\/\\\/x.com\\\/24gliwice\",\"https:\\\/\\\/www.youtube.com\\\/@24gliwice\"]},{\"@type\":\"Person\",\"@id\":\"https:\\\/\\\/www.24gliwice.pl\\\/wiadomosci\\\/#\\\/schema\\\/person\\\/e42c650edd7f2fa332be3811fb166b6e\",\"name\":\"\u017baneta Mrozek-Siewierska\",\"image\":{\"@type\":\"ImageObject\",\"inLanguage\":\"pl-PL\",\"@id\":\"https:\\\/\\\/secure.gravatar.com\\\/avatar\\\/1881429e9c64597c77ad7aef2d0a19be69a3253e57534d16aa15bf3a4d34a0a3?s=96&d=mm&r=g\",\"url\":\"https:\\\/\\\/secure.gravatar.com\\\/avatar\\\/1881429e9c64597c77ad7aef2d0a19be69a3253e57534d16aa15bf3a4d34a0a3?s=96&d=mm&r=g\",\"contentUrl\":\"https:\\\/\\\/secure.gravatar.com\\\/avatar\\\/1881429e9c64597c77ad7aef2d0a19be69a3253e57534d16aa15bf3a4d34a0a3?s=96&d=mm&r=g\",\"caption\":\"\u017baneta Mrozek-Siewierska\"},\"url\":\"https:\\\/\\\/www.24gliwice.pl\\\/wiadomosci\\\/author\\\/zms\\\/\"}]}<\/script>\n<!-- \/ Yoast SEO plugin. -->","yoast_head_json":{"title":"Za wod\u0119 i odprowadzanie \u015bciek\u00f3w zap\u0142acimy wi\u0119cej. To na pocz\u0105tek, bo z roku na rok b\u0119dzie dro\u017cej - 24GLIWICE - Portal Gliwice | codziennie nowe informacje","robots":{"index":"index","follow":"follow","max-snippet":"max-snippet:-1","max-image-preview":"max-image-preview:large","max-video-preview":"max-video-preview:-1"},"canonical":"https:\/\/www.24gliwice.pl\/wiadomosci\/woda-i-odprowadzanie-sciekow-nowe-ceny-taryfy\/","og_locale":"pl_PL","og_type":"article","og_title":"Za wod\u0119 i odprowadzanie \u015bciek\u00f3w zap\u0142acimy wi\u0119cej. To na pocz\u0105tek, bo z roku na rok b\u0119dzie dro\u017cej - 24GLIWICE - Portal Gliwice | codziennie nowe informacje","og_description":"W ostatnich dniach zatwierdzona zosta\u0142a nowa, oczywi\u015bcie wy\u017csza ni\u017c dotychczas taryfa za wod\u0119 i odprowadzanie \u015bciek\u00f3w. Ile zap\u0142acimy? W pierwszym 12-miesi\u0119cznym okresie o 8%, a w kolejnych o ponad 9% wi\u0119cej. &nbsp; Przedsi\u0119biorstwo Wodoci\u0105g\u00f3w i Kanalizacji poinformowa\u0142o, \u017ce w BIP PGW Wody Polskie og\u0142oszona og\u0142oszono zatwierdzon\u0105 taryf\u0119 dla zbiorowego zaopatrzenia w wod\u0119 i zbiorowego odprowadzania [&hellip;]","og_url":"https:\/\/www.24gliwice.pl\/wiadomosci\/woda-i-odprowadzanie-sciekow-nowe-ceny-taryfy\/","og_site_name":"24GLIWICE - Portal Gliwice | codziennie nowe informacje","article_publisher":"https:\/\/www.facebook.com\/24gliwice","article_published_time":"2021-09-28T10:22:21+00:00","article_modified_time":"2021-09-28T10:28:25+00:00","og_image":[{"width":810,"height":456,"url":"https:\/\/www.24gliwice.pl\/wiadomosci\/wp-content\/uploads\/2016\/11\/woda-podwy\u017cki.jpg","type":"image\/jpeg"}],"author":"\u017baneta Mrozek-Siewierska","twitter_card":"summary_large_image","twitter_creator":"@24gliwice","twitter_site":"@24gliwice","twitter_misc":{"Napisane przez":"\u017baneta Mrozek-Siewierska","Szacowany czas czytania":"2 minuty"},"schema":{"@context":"https:\/\/schema.org","@graph":[{"@type":"Article","@id":"https:\/\/www.24gliwice.pl\/wiadomosci\/woda-i-odprowadzanie-sciekow-nowe-ceny-taryfy\/#article","isPartOf":{"@id":"https:\/\/www.24gliwice.pl\/wiadomosci\/woda-i-odprowadzanie-sciekow-nowe-ceny-taryfy\/"},"author":{"name":"\u017baneta Mrozek-Siewierska","@id":"https:\/\/www.24gliwice.pl\/wiadomosci\/#\/schema\/person\/e42c650edd7f2fa332be3811fb166b6e"},"headline":"Za wod\u0119 i odprowadzanie \u015bciek\u00f3w zap\u0142acimy wi\u0119cej. To na pocz\u0105tek, bo z roku na rok b\u0119dzie dro\u017cej","datePublished":"2021-09-28T10:22:21+00:00","dateModified":"2021-09-28T10:28:25+00:00","mainEntityOfPage":{"@id":"https:\/\/www.24gliwice.pl\/wiadomosci\/woda-i-odprowadzanie-sciekow-nowe-ceny-taryfy\/"},"wordCount":461,"commentCount":0,"publisher":{"@id":"https:\/\/www.24gliwice.pl\/wiadomosci\/#organization"},"image":{"@id":"https:\/\/www.24gliwice.pl\/wiadomosci\/woda-i-odprowadzanie-sciekow-nowe-ceny-taryfy\/#primaryimage"},"thumbnailUrl":"https:\/\/www.24gliwice.pl\/wiadomosci\/wp-content\/uploads\/2016\/11\/woda-podwy\u017cki.jpg","articleSection":["Gliwice","Najnowsze wiadomo\u015bci","Portal Gliwice - Wiadomo\u015bci lokalne","Samorz\u0105d, polityka"],"inLanguage":"pl-PL","potentialAction":[{"@type":"CommentAction","name":"Comment","target":["https:\/\/www.24gliwice.pl\/wiadomosci\/woda-i-odprowadzanie-sciekow-nowe-ceny-taryfy\/#respond"]}]},{"@type":"WebPage","@id":"https:\/\/www.24gliwice.pl\/wiadomosci\/woda-i-odprowadzanie-sciekow-nowe-ceny-taryfy\/","url":"https:\/\/www.24gliwice.pl\/wiadomosci\/woda-i-odprowadzanie-sciekow-nowe-ceny-taryfy\/","name":"Za wod\u0119 i odprowadzanie \u015bciek\u00f3w zap\u0142acimy wi\u0119cej. To na pocz\u0105tek, bo z roku na rok b\u0119dzie dro\u017cej - 24GLIWICE - Portal Gliwice | codziennie nowe informacje","isPartOf":{"@id":"https:\/\/www.24gliwice.pl\/wiadomosci\/#website"},"primaryImageOfPage":{"@id":"https:\/\/www.24gliwice.pl\/wiadomosci\/woda-i-odprowadzanie-sciekow-nowe-ceny-taryfy\/#primaryimage"},"image":{"@id":"https:\/\/www.24gliwice.pl\/wiadomosci\/woda-i-odprowadzanie-sciekow-nowe-ceny-taryfy\/#primaryimage"},"thumbnailUrl":"https:\/\/www.24gliwice.pl\/wiadomosci\/wp-content\/uploads\/2016\/11\/woda-podwy\u017cki.jpg","datePublished":"2021-09-28T10:22:21+00:00","dateModified":"2021-09-28T10:28:25+00:00","breadcrumb":{"@id":"https:\/\/www.24gliwice.pl\/wiadomosci\/woda-i-odprowadzanie-sciekow-nowe-ceny-taryfy\/#breadcrumb"},"inLanguage":"pl-PL","potentialAction":[{"@type":"ReadAction","target":["https:\/\/www.24gliwice.pl\/wiadomosci\/woda-i-odprowadzanie-sciekow-nowe-ceny-taryfy\/"]}]},{"@type":"ImageObject","inLanguage":"pl-PL","@id":"https:\/\/www.24gliwice.pl\/wiadomosci\/woda-i-odprowadzanie-sciekow-nowe-ceny-taryfy\/#primaryimage","url":"https:\/\/www.24gliwice.pl\/wiadomosci\/wp-content\/uploads\/2016\/11\/woda-podwy\u017cki.jpg","contentUrl":"https:\/\/www.24gliwice.pl\/wiadomosci\/wp-content\/uploads\/2016\/11\/woda-podwy\u017cki.jpg","width":810,"height":456},{"@type":"BreadcrumbList","@id":"https:\/\/www.24gliwice.pl\/wiadomosci\/woda-i-odprowadzanie-sciekow-nowe-ceny-taryfy\/#breadcrumb","itemListElement":[{"@type":"ListItem","position":1,"name":"Strona g\u0142\u00f3wna","item":"https:\/\/www.24gliwice.pl\/wiadomosci\/"},{"@type":"ListItem","position":2,"name":"Za wod\u0119 i odprowadzanie \u015bciek\u00f3w zap\u0142acimy wi\u0119cej. To na pocz\u0105tek, bo z roku na rok b\u0119dzie dro\u017cej"}]},{"@type":"WebSite","@id":"https:\/\/www.24gliwice.pl\/wiadomosci\/#website","url":"https:\/\/www.24gliwice.pl\/wiadomosci\/","name":"24GLIWICE - Portal Gliwice | codziennie nowe wiadomo\u015bci","description":"Portal Miejski Gliwice","publisher":{"@id":"https:\/\/www.24gliwice.pl\/wiadomosci\/#organization"},"potentialAction":[{"@type":"SearchAction","target":{"@type":"EntryPoint","urlTemplate":"https:\/\/www.24gliwice.pl\/wiadomosci\/?s={search_term_string}"},"query-input":{"@type":"PropertyValueSpecification","valueRequired":true,"valueName":"search_term_string"}}],"inLanguage":"pl-PL"},{"@type":"Organization","@id":"https:\/\/www.24gliwice.pl\/wiadomosci\/#organization","name":"24gliwice","url":"https:\/\/www.24gliwice.pl\/wiadomosci\/","logo":{"@type":"ImageObject","inLanguage":"pl-PL","@id":"https:\/\/www.24gliwice.pl\/wiadomosci\/#\/schema\/logo\/image\/","url":"https:\/\/www.24gliwice.pl\/wiadomosci\/wp-content\/uploads\/2024\/10\/24gliwice-logo-696.jpg","contentUrl":"https:\/\/www.24gliwice.pl\/wiadomosci\/wp-content\/uploads\/2024\/10\/24gliwice-logo-696.jpg","width":696,"height":696,"caption":"24gliwice"},"image":{"@id":"https:\/\/www.24gliwice.pl\/wiadomosci\/#\/schema\/logo\/image\/"},"sameAs":["https:\/\/www.facebook.com\/24gliwice","https:\/\/x.com\/24gliwice","https:\/\/www.youtube.com\/@24gliwice"]},{"@type":"Person","@id":"https:\/\/www.24gliwice.pl\/wiadomosci\/#\/schema\/person\/e42c650edd7f2fa332be3811fb166b6e","name":"\u017baneta Mrozek-Siewierska","image":{"@type":"ImageObject","inLanguage":"pl-PL","@id":"https:\/\/secure.gravatar.com\/avatar\/1881429e9c64597c77ad7aef2d0a19be69a3253e57534d16aa15bf3a4d34a0a3?s=96&d=mm&r=g","url":"https:\/\/secure.gravatar.com\/avatar\/1881429e9c64597c77ad7aef2d0a19be69a3253e57534d16aa15bf3a4d34a0a3?s=96&d=mm&r=g","contentUrl":"https:\/\/secure.gravatar.com\/avatar\/1881429e9c64597c77ad7aef2d0a19be69a3253e57534d16aa15bf3a4d34a0a3?s=96&d=mm&r=g","caption":"\u017baneta Mrozek-Siewierska"},"url":"https:\/\/www.24gliwice.pl\/wiadomosci\/author\/zms\/"}]}},"_links":{"self":[{"href":"https:\/\/www.24gliwice.pl\/wiadomosci\/wp-json\/wp\/v2\/posts\/177676","targetHints":{"allow":["GET"]}}],"collection":[{"href":"https:\/\/www.24gliwice.pl\/wiadomosci\/wp-json\/wp\/v2\/posts"}],"about":[{"href":"https:\/\/www.24gliwice.pl\/wiadomosci\/wp-json\/wp\/v2\/types\/post"}],"author":[{"embeddable":true,"href":"https:\/\/www.24gliwice.pl\/wiadomosci\/wp-json\/wp\/v2\/users\/15"}],"replies":[{"embeddable":true,"href":"https:\/\/www.24gliwice.pl\/wiadomosci\/wp-json\/wp\/v2\/comments?post=177676"}],"version-history":[{"count":0,"href":"https:\/\/www.24gliwice.pl\/wiadomosci\/wp-json\/wp\/v2\/posts\/177676\/revisions"}],"wp:featuredmedia":[{"embeddable":true,"href":"https:\/\/www.24gliwice.pl\/wiadomosci\/wp-json\/wp\/v2\/media\/90534"}],"wp:attachment":[{"href":"https:\/\/www.24gliwice.pl\/wiadomosci\/wp-json\/wp\/v2\/media?parent=177676"}],"wp:term":[{"taxonomy":"category","embeddable":true,"href":"https:\/\/www.24gliwice.pl\/wiadomosci\/wp-json\/wp\/v2\/categories?post=177676"},{"taxonomy":"post_tag","embeddable":true,"href":"https:\/\/www.24gliwice.pl\/wiadomosci\/wp-json\/wp\/v2\/tags?post=177676"}],"curies":[{"name":"wp","href":"https:\/\/api.w.org\/{rel}","templated":true}]}}