{"id":177706,"date":"2021-09-28T11:22:43","date_gmt":"2021-09-28T09:22:43","guid":{"rendered":"https:\/\/www.24gliwice.pl\/wiadomosci\/?p=177706"},"modified":"2021-09-30T16:16:55","modified_gmt":"2021-09-30T14:16:55","slug":"macin-wasilewski-trio-w-ck-jazovia-na-festiwalu-palmjazz-ma-ogromne-uznanie-w-jazzowym-swiecie","status":"publish","type":"post","link":"https:\/\/www.24gliwice.pl\/wiadomosci\/macin-wasilewski-trio-w-ck-jazovia-na-festiwalu-palmjazz-ma-ogromne-uznanie-w-jazzowym-swiecie\/","title":{"rendered":"Marcin Wasilewski Trio w CK Jazovia na Festiwalu PalmJazz. Ma ogromne uznanie w jazzowym \u015bwiecie"},"content":{"rendered":"<div class=\"gliwi-a6-nad-leadem-artykulow gliwi-entity-placement\" id=\"gliwi-1181658418\"><div class=\"gliwi-adlabel\"><span style=\"font-size: 9px\">REKLAMA<\/span><\/div><div id=\"gliwi-3933610765\" style=\"margin-bottom: 30px;margin-left: auto;margin-right: auto;text-align: center;\"><a data-no-instant=\"1\" href=\"https:\/\/przedszkole.halogen.org.pl\/\" rel=\"noopener\" class=\"a2t-link\" target=\"_blank\" aria-label=\"20260402-ANIMATOR-przedszkole_grafika_750x200\"><img loading=\"lazy\" decoding=\"async\" src=\"https:\/\/www.24gliwice.pl\/wiadomosci\/wp-content\/uploads\/2026\/04\/20260402-ANIMATOR-przedszkole_grafika_750x200.webp\" alt=\"\"  srcset=\"https:\/\/www.24gliwice.pl\/wiadomosci\/wp-content\/uploads\/2026\/04\/20260402-ANIMATOR-przedszkole_grafika_750x200.webp 750w, https:\/\/www.24gliwice.pl\/wiadomosci\/wp-content\/uploads\/2026\/04\/20260402-ANIMATOR-przedszkole_grafika_750x200-410x109.webp 410w\" sizes=\"(max-width: 750px) 100vw, 750px\" class=\"no-lazyload\" width=\"750\" height=\"200\"  style=\"display: inline-block; max-width: 100%; height: auto;\" \/><\/a><\/div><\/div><h2>W ramach Festiwalu PalmJazz w pi\u0105tek, 1 pa\u017adziernika, w Centrum Kultury Jazovia (Rynek 10) o godzinie 19:00 wyst\u0105pi Marcin Wasilewski Trio. Ten band zyska\u0142 ogromne uznanie w jazzowym \u015bwiecie, czterokrotnie otrzymuj\u0105c statuetk\u0119 Fryderyka za Jazzowy Album Roku.<\/h2>\n<p>&nbsp;<br \/>\n<strong>Marcin Wasilewski Trio<\/strong> \u0142\u0105czy wielk\u0105 jazzow\u0105 tradycj\u0119 i nowoczesno\u015b\u0107, w kluczowej dla wsp\u00f3\u0142czesnego jazzu i tak\u017ce ogromnie wymagaj\u0105cej formule fortepianowego trio, a jednocze\u015bnie potrafi znale\u017a\u0107 w jej obr\u0119bie sw\u00f3j w\u0142asny rozpoznawalny g\u0142os. <\/p>\n<h4>To tak\u017ce jeden z najbardziej konsekwentnie rozwijaj\u0105cych si\u0119 zespo\u0142\u00f3w polskiej sceny, otwarty na inspiracje otaczaj\u0105c\u0105 ich muzyk\u0105 i przekuwaj\u0105cy je we w\u0142asny j\u0119zyk muzycznej wypowiedzi.<\/h4>\n<p>Uznawany jest za jedn\u0105 z najwybitniejszych i unikatowych formacji jazzowych swojego pokolenia, cieszy si\u0119 uznaniem zar\u00f3wno na scenie krajowej, jak i zagranicznej.W 2013 roku zesp\u00f3\u0142 obchodzi\u0142 20 rocznic\u0119 istnienia w niezmienionym sk\u0142adzie. Jego historia si\u0119ga jednak 1990 roku. W\u00f3wczas powsta\u0142a formacja Simple Acoustic Trio z\u0142o\u017cona z uczni\u00f3w liceum muzycznego w Koszalinie. Na scenie zadebiutowali rok p\u00f3\u017aniej. <\/p><div class=\"gliwi-a3-w-tresci-artykulow gliwi-entity-placement\" id=\"gliwi-342724283\"><div class=\"gliwi-adlabel\"><span style=\"font-size: 9px\">REKLAMA<\/span><\/div><div id=\"gliwi-1180579881\" style=\"margin-bottom: 30px;margin-left: auto;margin-right: auto;text-align: center;\"><a data-no-instant=\"1\" href=\"https:\/\/ogrodyandersa.pl\/\" rel=\"noopener\" class=\"a2t-link\" target=\"_blank\" aria-label=\"20260415 Ogrody Andersa KUP TERAZ D\"><img loading=\"lazy\" decoding=\"async\" src=\"https:\/\/www.24gliwice.pl\/wiadomosci\/wp-content\/uploads\/2026\/04\/20260415-Ogrody-Andersa-KUP-TERAZ-D.jpg\" alt=\"\"  srcset=\"https:\/\/www.24gliwice.pl\/wiadomosci\/wp-content\/uploads\/2026\/04\/20260415-Ogrody-Andersa-KUP-TERAZ-D.jpg 750w, https:\/\/www.24gliwice.pl\/wiadomosci\/wp-content\/uploads\/2026\/04\/20260415-Ogrody-Andersa-KUP-TERAZ-D-410x109.jpg 410w\" sizes=\"(max-width: 750px) 100vw, 750px\" class=\"no-lazyload\" width=\"750\" height=\"200\"  style=\"display: inline-block; max-width: 100%; height: auto;\" \/><\/a><\/div><\/div>\n<p>Niemal od samego pocz\u0105tku zesp\u00f3\u0142 zaznacza\u0142 swoj\u0105 obecno\u015b\u0107 na scenie zbieraj\u0105c najbardziej presti\u017cowe nagrody zar\u00f3wno w Polsce jak i za jej granicami.  W 1993 roku do sk\u0142adu do\u0142\u0105czy\u0142 jako ostatni, perkusista <strong>Micha\u0142 Mi\u015bkiewicz<\/strong>, syn s\u0142ynnego jazzowego saksofonisty <strong>Henryka Mi\u015bkiewicza<\/strong>. Od tego momentu formacja dzia\u0142a jako kompletny band niepoddaj\u0105cy si\u0119 \u017cadnym personalnym zawirowaniom.<\/p>\n<h4>W 1996 roku Simple Acoustic Trio mia\u0142o ju\u017c na swoim koncie pierwsz\u0105 p\u0142yt\u0119 autorsk\u0105 (do dzi\u015b wydali ich siedem).<\/h4>\n<p>Na sklepowe p\u00f3\u0142ki nak\u0142adem krakowskiej firmy Gowi Records trafi\u0142a w 1995 roku p\u0142yta &#8220;Komeda&#8221; i sta\u0142a si\u0119 jednym z najg\u0142o\u015bniej komentowanych debiut\u00f3w tamtych lat. Album w ca\u0142o\u015bci wype\u0142niony by\u0142 kompozycjami pi\u00f3ra ojca polskiego jazzu <strong>Krzysztofa Komedy.<\/strong> <\/p>\n<p>W toku swej 20 letniej aktywno\u015bci scenicznej muzycy tria zar\u00f3wno jako zesp\u00f3\u0142, jak i oddzielnie wsp\u00f3\u0142pracowali z ca\u0142\u0105 plejad\u0105 jazzowych znakomito\u015bci zar\u00f3wno sceny polskiej z <strong>Tomaszem Szukalskim, Piotrem Wojtasikiem, Micha\u0142em Urbaniakiem, Januszem Muniakiem<\/strong> oraz <strong>Henrykiem Mi\u015bkiewiczem<\/strong> na czele. Mieli r\u00f3wnie\u017c okazj\u0119 kooperowa\u0107 z gwiazdami areny mi\u0119dzynarodowej. <\/p>\n<p><iframe loading=\"lazy\" width=\"810\" height=\"455\" src=\"https:\/\/www.youtube.com\/embed\/MRQAmz_hhsM\" title=\"YouTube video player\" frameborder=\"0\" allow=\"accelerometer; autoplay; clipboard-write; encrypted-media; gyroscope; picture-in-picture\" allowfullscreen><\/iframe><\/p>\n<p>Cz\u0142onkowie MWTrio wsp\u00f3\u0142pracowali m.in. z takimi gwiazdami jazzu, jak: <strong>Jan Garbarek, Gianluigi Trovesi, John Surman, Louis Sclavis, Arthur Blythe, Joe Lovano, Bernt Rosengren, Dino Saluzzi, Bobo Stenson, Anders Jormin, Manu Katch\u00e9<\/strong> czy <strong>Jon Christensen<\/strong>. <\/p>\n<p>Sam lider \u2013 <strong>Marcin Wasilewski <\/strong>to ceniony nie tylko przez fan\u00f3w jazzu pianista, zosta\u0142 uznany w 2005 roku przez wybitnych znawc\u00f3w i krytyk\u00f3w jazzu w ankiecie ameryka\u0144skiego presti\u017cowego magazynu jazzowego &#8220;Down Beat&#8221; za &#8220;wschodz\u0105c\u0105 gwiazd\u0119&#8221; \u015bwiatowej pianistyki jazzowej, za\u015b w Polsce by\u0142 czterokrotnie nagradzany Fryderykiem jako Jazzowy Muzyk Roku (2005, 2009, 2012, 2015), a wraz ze swoim Triem czterokrotnie otrzymali statuetk\u0119 Fryderyka za Jazzowy Album Roku (2001, 2005, 2009, 2015).<\/p>\n<p><strong>Sk\u0142ad: <\/strong><br \/>\nMicha\u0142 Mi\u015bkiewicz &#8211; perkusja<br \/>\nMarcin Wasilewski &#8211; fortepian<br \/>\nS\u0142awomir Kurkiewicz &#8211; kontrabas<\/p>\n<p><a href=\"https:\/\/sprzedaz.jazovia.pl\/index.php\/repertoire.html?id=150\" rel=\"noopener\" target=\"_blank\">Bilety w cenie 50 z\u0142 mo\u017cna kupi\u0107 tutaj.<\/a><\/p>\n<div class=\"gliwi-a5-na-koncu-artykulow gliwi-entity-placement\" id=\"gliwi-204291504\"><div class=\"gliwi-adlabel\"><span style=\"font-size: 9px\">REKLAMA<\/span><\/div><div id=\"gliwi-1678364165\" style=\"margin-left: auto;margin-right: auto;text-align: center;\"><a data-no-instant=\"1\" href=\"https:\/\/www.jasek.pl\/\" rel=\"noopener\" class=\"a2t-link\" target=\"_blank\" aria-label=\"20200401-jasek 600\"><img loading=\"lazy\" decoding=\"async\" src=\"https:\/\/www.24gliwice.pl\/wiadomosci\/wp-content\/uploads\/2020\/04\/20200401-jasek-600.jpg\" alt=\"\"  srcset=\"https:\/\/www.24gliwice.pl\/wiadomosci\/wp-content\/uploads\/2020\/04\/20200401-jasek-600.jpg 600w, https:\/\/www.24gliwice.pl\/wiadomosci\/wp-content\/uploads\/2020\/04\/20200401-jasek-600-410x109.jpg 410w\" sizes=\"(max-width: 600px) 100vw, 600px\" class=\"no-lazyload\" width=\"600\" height=\"160\"  style=\"display: inline-block; max-width: 100%; height: auto;\" \/><\/a><\/div><\/div>","protected":false},"excerpt":{"rendered":"<p>W ramach Festiwalu PalmJazz w pi\u0105tek, 1 pa\u017adziernika, w Centrum Kultury Jazovia (Rynek 10) o godzinie 19:00 wyst\u0105pi Marcin Wasilewski Trio. Ten band zyska\u0142 ogromne uznanie w jazzowym \u015bwiecie, czterokrotnie otrzymuj\u0105c statuetk\u0119 Fryderyka za Jazzowy Album Roku. &nbsp; Marcin Wasilewski Trio \u0142\u0105czy wielk\u0105 jazzow\u0105 tradycj\u0119 i nowoczesno\u015b\u0107, w kluczowej dla wsp\u00f3\u0142czesnego jazzu i tak\u017ce ogromnie [&hellip;]<\/p>\n","protected":false},"author":15,"featured_media":177711,"comment_status":"closed","ping_status":"closed","sticky":false,"template":"","format":"standard","meta":{"_monsterinsights_skip_tracking":false,"_monsterinsights_sitenote_active":false,"_monsterinsights_sitenote_note":"","_monsterinsights_sitenote_category":0,"footnotes":"","_links_to":"","_links_to_target":""},"categories":[3,6,1],"tags":[6580],"class_list":["post-177706","post","type-post","status-publish","format-standard","has-post-thumbnail","hentry","category-gliwice","category-kultura","category-wszystko","tag-palmjazz"],"yoast_head":"<!-- This site is optimized with the Yoast SEO plugin v27.5 - https:\/\/yoast.com\/product\/yoast-seo-wordpress\/ -->\n<title>Marcin Wasilewski Trio w CK Jazovia na Festiwalu PalmJazz. Ma ogromne uznanie w jazzowym \u015bwiecie - 24GLIWICE - Portal Gliwice | codziennie nowe informacje<\/title>\n<meta name=\"robots\" content=\"index, follow, max-snippet:-1, max-image-preview:large, max-video-preview:-1\" \/>\n<link rel=\"canonical\" href=\"https:\/\/www.24gliwice.pl\/wiadomosci\/macin-wasilewski-trio-w-ck-jazovia-na-festiwalu-palmjazz-ma-ogromne-uznanie-w-jazzowym-swiecie\/\" \/>\n<meta property=\"og:locale\" content=\"pl_PL\" \/>\n<meta property=\"og:type\" content=\"article\" \/>\n<meta property=\"og:title\" content=\"Marcin Wasilewski Trio w CK Jazovia na Festiwalu PalmJazz. Ma ogromne uznanie w jazzowym \u015bwiecie - 24GLIWICE - Portal Gliwice | codziennie nowe informacje\" \/>\n<meta property=\"og:description\" content=\"W ramach Festiwalu PalmJazz w pi\u0105tek, 1 pa\u017adziernika, w Centrum Kultury Jazovia (Rynek 10) o godzinie 19:00 wyst\u0105pi Marcin Wasilewski Trio. Ten band zyska\u0142 ogromne uznanie w jazzowym \u015bwiecie, czterokrotnie otrzymuj\u0105c statuetk\u0119 Fryderyka za Jazzowy Album Roku. &nbsp; Marcin Wasilewski Trio \u0142\u0105czy wielk\u0105 jazzow\u0105 tradycj\u0119 i nowoczesno\u015b\u0107, w kluczowej dla wsp\u00f3\u0142czesnego jazzu i tak\u017ce ogromnie [&hellip;]\" \/>\n<meta property=\"og:url\" content=\"https:\/\/www.24gliwice.pl\/wiadomosci\/macin-wasilewski-trio-w-ck-jazovia-na-festiwalu-palmjazz-ma-ogromne-uznanie-w-jazzowym-swiecie\/\" \/>\n<meta property=\"og:site_name\" content=\"24GLIWICE - Portal Gliwice | codziennie nowe informacje\" \/>\n<meta property=\"article:publisher\" content=\"https:\/\/www.facebook.com\/24gliwice\" \/>\n<meta property=\"article:published_time\" content=\"2021-09-28T09:22:43+00:00\" \/>\n<meta property=\"article:modified_time\" content=\"2021-09-30T14:16:55+00:00\" \/>\n<meta property=\"og:image\" content=\"https:\/\/www.24gliwice.pl\/wiadomosci\/wp-content\/uploads\/2021\/09\/Przechwytywanie-w-trybie-pelnoekranowym-27.09.2021-171101.jpg\" \/>\n\t<meta property=\"og:image:width\" content=\"810\" \/>\n\t<meta property=\"og:image:height\" content=\"455\" \/>\n\t<meta property=\"og:image:type\" content=\"image\/jpeg\" \/>\n<meta name=\"author\" content=\"\u017baneta Mrozek-Siewierska\" \/>\n<meta name=\"twitter:card\" content=\"summary_large_image\" \/>\n<meta name=\"twitter:creator\" content=\"@24gliwice\" \/>\n<meta name=\"twitter:site\" content=\"@24gliwice\" \/>\n<meta name=\"twitter:label1\" content=\"Napisane przez\" \/>\n\t<meta name=\"twitter:data1\" content=\"\u017baneta Mrozek-Siewierska\" \/>\n\t<meta name=\"twitter:label2\" content=\"Szacowany czas czytania\" \/>\n\t<meta name=\"twitter:data2\" content=\"2 minuty\" \/>\n<script type=\"application\/ld+json\" class=\"yoast-schema-graph\">{\"@context\":\"https:\\\/\\\/schema.org\",\"@graph\":[{\"@type\":\"Article\",\"@id\":\"https:\\\/\\\/www.24gliwice.pl\\\/wiadomosci\\\/macin-wasilewski-trio-w-ck-jazovia-na-festiwalu-palmjazz-ma-ogromne-uznanie-w-jazzowym-swiecie\\\/#article\",\"isPartOf\":{\"@id\":\"https:\\\/\\\/www.24gliwice.pl\\\/wiadomosci\\\/macin-wasilewski-trio-w-ck-jazovia-na-festiwalu-palmjazz-ma-ogromne-uznanie-w-jazzowym-swiecie\\\/\"},\"author\":{\"name\":\"\u017baneta Mrozek-Siewierska\",\"@id\":\"https:\\\/\\\/www.24gliwice.pl\\\/wiadomosci\\\/#\\\/schema\\\/person\\\/e42c650edd7f2fa332be3811fb166b6e\"},\"headline\":\"Marcin Wasilewski Trio w CK Jazovia na Festiwalu PalmJazz. Ma ogromne uznanie w jazzowym \u015bwiecie\",\"datePublished\":\"2021-09-28T09:22:43+00:00\",\"dateModified\":\"2021-09-30T14:16:55+00:00\",\"mainEntityOfPage\":{\"@id\":\"https:\\\/\\\/www.24gliwice.pl\\\/wiadomosci\\\/macin-wasilewski-trio-w-ck-jazovia-na-festiwalu-palmjazz-ma-ogromne-uznanie-w-jazzowym-swiecie\\\/\"},\"wordCount\":499,\"publisher\":{\"@id\":\"https:\\\/\\\/www.24gliwice.pl\\\/wiadomosci\\\/#organization\"},\"image\":{\"@id\":\"https:\\\/\\\/www.24gliwice.pl\\\/wiadomosci\\\/macin-wasilewski-trio-w-ck-jazovia-na-festiwalu-palmjazz-ma-ogromne-uznanie-w-jazzowym-swiecie\\\/#primaryimage\"},\"thumbnailUrl\":\"https:\\\/\\\/www.24gliwice.pl\\\/wiadomosci\\\/wp-content\\\/uploads\\\/2021\\\/09\\\/Przechwytywanie-w-trybie-pelnoekranowym-27.09.2021-171101.jpg\",\"keywords\":[\"PALMJAZZ\"],\"articleSection\":[\"Gliwice\",\"Kultura, wydarzenia, imprezy\",\"Najnowsze wiadomo\u015bci\"],\"inLanguage\":\"pl-PL\"},{\"@type\":\"WebPage\",\"@id\":\"https:\\\/\\\/www.24gliwice.pl\\\/wiadomosci\\\/macin-wasilewski-trio-w-ck-jazovia-na-festiwalu-palmjazz-ma-ogromne-uznanie-w-jazzowym-swiecie\\\/\",\"url\":\"https:\\\/\\\/www.24gliwice.pl\\\/wiadomosci\\\/macin-wasilewski-trio-w-ck-jazovia-na-festiwalu-palmjazz-ma-ogromne-uznanie-w-jazzowym-swiecie\\\/\",\"name\":\"Marcin Wasilewski Trio w CK Jazovia na Festiwalu PalmJazz. Ma ogromne uznanie w jazzowym \u015bwiecie - 24GLIWICE - Portal Gliwice | codziennie nowe informacje\",\"isPartOf\":{\"@id\":\"https:\\\/\\\/www.24gliwice.pl\\\/wiadomosci\\\/#website\"},\"primaryImageOfPage\":{\"@id\":\"https:\\\/\\\/www.24gliwice.pl\\\/wiadomosci\\\/macin-wasilewski-trio-w-ck-jazovia-na-festiwalu-palmjazz-ma-ogromne-uznanie-w-jazzowym-swiecie\\\/#primaryimage\"},\"image\":{\"@id\":\"https:\\\/\\\/www.24gliwice.pl\\\/wiadomosci\\\/macin-wasilewski-trio-w-ck-jazovia-na-festiwalu-palmjazz-ma-ogromne-uznanie-w-jazzowym-swiecie\\\/#primaryimage\"},\"thumbnailUrl\":\"https:\\\/\\\/www.24gliwice.pl\\\/wiadomosci\\\/wp-content\\\/uploads\\\/2021\\\/09\\\/Przechwytywanie-w-trybie-pelnoekranowym-27.09.2021-171101.jpg\",\"datePublished\":\"2021-09-28T09:22:43+00:00\",\"dateModified\":\"2021-09-30T14:16:55+00:00\",\"breadcrumb\":{\"@id\":\"https:\\\/\\\/www.24gliwice.pl\\\/wiadomosci\\\/macin-wasilewski-trio-w-ck-jazovia-na-festiwalu-palmjazz-ma-ogromne-uznanie-w-jazzowym-swiecie\\\/#breadcrumb\"},\"inLanguage\":\"pl-PL\",\"potentialAction\":[{\"@type\":\"ReadAction\",\"target\":[\"https:\\\/\\\/www.24gliwice.pl\\\/wiadomosci\\\/macin-wasilewski-trio-w-ck-jazovia-na-festiwalu-palmjazz-ma-ogromne-uznanie-w-jazzowym-swiecie\\\/\"]}]},{\"@type\":\"ImageObject\",\"inLanguage\":\"pl-PL\",\"@id\":\"https:\\\/\\\/www.24gliwice.pl\\\/wiadomosci\\\/macin-wasilewski-trio-w-ck-jazovia-na-festiwalu-palmjazz-ma-ogromne-uznanie-w-jazzowym-swiecie\\\/#primaryimage\",\"url\":\"https:\\\/\\\/www.24gliwice.pl\\\/wiadomosci\\\/wp-content\\\/uploads\\\/2021\\\/09\\\/Przechwytywanie-w-trybie-pelnoekranowym-27.09.2021-171101.jpg\",\"contentUrl\":\"https:\\\/\\\/www.24gliwice.pl\\\/wiadomosci\\\/wp-content\\\/uploads\\\/2021\\\/09\\\/Przechwytywanie-w-trybie-pelnoekranowym-27.09.2021-171101.jpg\",\"width\":810,\"height\":455,\"caption\":\"scr. youtube.com\"},{\"@type\":\"BreadcrumbList\",\"@id\":\"https:\\\/\\\/www.24gliwice.pl\\\/wiadomosci\\\/macin-wasilewski-trio-w-ck-jazovia-na-festiwalu-palmjazz-ma-ogromne-uznanie-w-jazzowym-swiecie\\\/#breadcrumb\",\"itemListElement\":[{\"@type\":\"ListItem\",\"position\":1,\"name\":\"Strona g\u0142\u00f3wna\",\"item\":\"https:\\\/\\\/www.24gliwice.pl\\\/wiadomosci\\\/\"},{\"@type\":\"ListItem\",\"position\":2,\"name\":\"Marcin Wasilewski Trio w CK Jazovia na Festiwalu PalmJazz. Ma ogromne uznanie w jazzowym \u015bwiecie\"}]},{\"@type\":\"WebSite\",\"@id\":\"https:\\\/\\\/www.24gliwice.pl\\\/wiadomosci\\\/#website\",\"url\":\"https:\\\/\\\/www.24gliwice.pl\\\/wiadomosci\\\/\",\"name\":\"24GLIWICE - Portal Gliwice | codziennie nowe wiadomo\u015bci\",\"description\":\"Portal Miejski Gliwice\",\"publisher\":{\"@id\":\"https:\\\/\\\/www.24gliwice.pl\\\/wiadomosci\\\/#organization\"},\"potentialAction\":[{\"@type\":\"SearchAction\",\"target\":{\"@type\":\"EntryPoint\",\"urlTemplate\":\"https:\\\/\\\/www.24gliwice.pl\\\/wiadomosci\\\/?s={search_term_string}\"},\"query-input\":{\"@type\":\"PropertyValueSpecification\",\"valueRequired\":true,\"valueName\":\"search_term_string\"}}],\"inLanguage\":\"pl-PL\"},{\"@type\":\"Organization\",\"@id\":\"https:\\\/\\\/www.24gliwice.pl\\\/wiadomosci\\\/#organization\",\"name\":\"24gliwice\",\"url\":\"https:\\\/\\\/www.24gliwice.pl\\\/wiadomosci\\\/\",\"logo\":{\"@type\":\"ImageObject\",\"inLanguage\":\"pl-PL\",\"@id\":\"https:\\\/\\\/www.24gliwice.pl\\\/wiadomosci\\\/#\\\/schema\\\/logo\\\/image\\\/\",\"url\":\"https:\\\/\\\/www.24gliwice.pl\\\/wiadomosci\\\/wp-content\\\/uploads\\\/2024\\\/10\\\/24gliwice-logo-696.jpg\",\"contentUrl\":\"https:\\\/\\\/www.24gliwice.pl\\\/wiadomosci\\\/wp-content\\\/uploads\\\/2024\\\/10\\\/24gliwice-logo-696.jpg\",\"width\":696,\"height\":696,\"caption\":\"24gliwice\"},\"image\":{\"@id\":\"https:\\\/\\\/www.24gliwice.pl\\\/wiadomosci\\\/#\\\/schema\\\/logo\\\/image\\\/\"},\"sameAs\":[\"https:\\\/\\\/www.facebook.com\\\/24gliwice\",\"https:\\\/\\\/x.com\\\/24gliwice\",\"https:\\\/\\\/www.youtube.com\\\/@24gliwice\"]},{\"@type\":\"Person\",\"@id\":\"https:\\\/\\\/www.24gliwice.pl\\\/wiadomosci\\\/#\\\/schema\\\/person\\\/e42c650edd7f2fa332be3811fb166b6e\",\"name\":\"\u017baneta Mrozek-Siewierska\",\"image\":{\"@type\":\"ImageObject\",\"inLanguage\":\"pl-PL\",\"@id\":\"https:\\\/\\\/secure.gravatar.com\\\/avatar\\\/1881429e9c64597c77ad7aef2d0a19be69a3253e57534d16aa15bf3a4d34a0a3?s=96&d=mm&r=g\",\"url\":\"https:\\\/\\\/secure.gravatar.com\\\/avatar\\\/1881429e9c64597c77ad7aef2d0a19be69a3253e57534d16aa15bf3a4d34a0a3?s=96&d=mm&r=g\",\"contentUrl\":\"https:\\\/\\\/secure.gravatar.com\\\/avatar\\\/1881429e9c64597c77ad7aef2d0a19be69a3253e57534d16aa15bf3a4d34a0a3?s=96&d=mm&r=g\",\"caption\":\"\u017baneta Mrozek-Siewierska\"},\"url\":\"https:\\\/\\\/www.24gliwice.pl\\\/wiadomosci\\\/author\\\/zms\\\/\"}]}<\/script>\n<!-- \/ Yoast SEO plugin. -->","yoast_head_json":{"title":"Marcin Wasilewski Trio w CK Jazovia na Festiwalu PalmJazz. Ma ogromne uznanie w jazzowym \u015bwiecie - 24GLIWICE - Portal Gliwice | codziennie nowe informacje","robots":{"index":"index","follow":"follow","max-snippet":"max-snippet:-1","max-image-preview":"max-image-preview:large","max-video-preview":"max-video-preview:-1"},"canonical":"https:\/\/www.24gliwice.pl\/wiadomosci\/macin-wasilewski-trio-w-ck-jazovia-na-festiwalu-palmjazz-ma-ogromne-uznanie-w-jazzowym-swiecie\/","og_locale":"pl_PL","og_type":"article","og_title":"Marcin Wasilewski Trio w CK Jazovia na Festiwalu PalmJazz. Ma ogromne uznanie w jazzowym \u015bwiecie - 24GLIWICE - Portal Gliwice | codziennie nowe informacje","og_description":"W ramach Festiwalu PalmJazz w pi\u0105tek, 1 pa\u017adziernika, w Centrum Kultury Jazovia (Rynek 10) o godzinie 19:00 wyst\u0105pi Marcin Wasilewski Trio. Ten band zyska\u0142 ogromne uznanie w jazzowym \u015bwiecie, czterokrotnie otrzymuj\u0105c statuetk\u0119 Fryderyka za Jazzowy Album Roku. &nbsp; Marcin Wasilewski Trio \u0142\u0105czy wielk\u0105 jazzow\u0105 tradycj\u0119 i nowoczesno\u015b\u0107, w kluczowej dla wsp\u00f3\u0142czesnego jazzu i tak\u017ce ogromnie [&hellip;]","og_url":"https:\/\/www.24gliwice.pl\/wiadomosci\/macin-wasilewski-trio-w-ck-jazovia-na-festiwalu-palmjazz-ma-ogromne-uznanie-w-jazzowym-swiecie\/","og_site_name":"24GLIWICE - Portal Gliwice | codziennie nowe informacje","article_publisher":"https:\/\/www.facebook.com\/24gliwice","article_published_time":"2021-09-28T09:22:43+00:00","article_modified_time":"2021-09-30T14:16:55+00:00","og_image":[{"width":810,"height":455,"url":"https:\/\/www.24gliwice.pl\/wiadomosci\/wp-content\/uploads\/2021\/09\/Przechwytywanie-w-trybie-pelnoekranowym-27.09.2021-171101.jpg","type":"image\/jpeg"}],"author":"\u017baneta Mrozek-Siewierska","twitter_card":"summary_large_image","twitter_creator":"@24gliwice","twitter_site":"@24gliwice","twitter_misc":{"Napisane przez":"\u017baneta Mrozek-Siewierska","Szacowany czas czytania":"2 minuty"},"schema":{"@context":"https:\/\/schema.org","@graph":[{"@type":"Article","@id":"https:\/\/www.24gliwice.pl\/wiadomosci\/macin-wasilewski-trio-w-ck-jazovia-na-festiwalu-palmjazz-ma-ogromne-uznanie-w-jazzowym-swiecie\/#article","isPartOf":{"@id":"https:\/\/www.24gliwice.pl\/wiadomosci\/macin-wasilewski-trio-w-ck-jazovia-na-festiwalu-palmjazz-ma-ogromne-uznanie-w-jazzowym-swiecie\/"},"author":{"name":"\u017baneta Mrozek-Siewierska","@id":"https:\/\/www.24gliwice.pl\/wiadomosci\/#\/schema\/person\/e42c650edd7f2fa332be3811fb166b6e"},"headline":"Marcin Wasilewski Trio w CK Jazovia na Festiwalu PalmJazz. Ma ogromne uznanie w jazzowym \u015bwiecie","datePublished":"2021-09-28T09:22:43+00:00","dateModified":"2021-09-30T14:16:55+00:00","mainEntityOfPage":{"@id":"https:\/\/www.24gliwice.pl\/wiadomosci\/macin-wasilewski-trio-w-ck-jazovia-na-festiwalu-palmjazz-ma-ogromne-uznanie-w-jazzowym-swiecie\/"},"wordCount":499,"publisher":{"@id":"https:\/\/www.24gliwice.pl\/wiadomosci\/#organization"},"image":{"@id":"https:\/\/www.24gliwice.pl\/wiadomosci\/macin-wasilewski-trio-w-ck-jazovia-na-festiwalu-palmjazz-ma-ogromne-uznanie-w-jazzowym-swiecie\/#primaryimage"},"thumbnailUrl":"https:\/\/www.24gliwice.pl\/wiadomosci\/wp-content\/uploads\/2021\/09\/Przechwytywanie-w-trybie-pelnoekranowym-27.09.2021-171101.jpg","keywords":["PALMJAZZ"],"articleSection":["Gliwice","Kultura, wydarzenia, imprezy","Najnowsze wiadomo\u015bci"],"inLanguage":"pl-PL"},{"@type":"WebPage","@id":"https:\/\/www.24gliwice.pl\/wiadomosci\/macin-wasilewski-trio-w-ck-jazovia-na-festiwalu-palmjazz-ma-ogromne-uznanie-w-jazzowym-swiecie\/","url":"https:\/\/www.24gliwice.pl\/wiadomosci\/macin-wasilewski-trio-w-ck-jazovia-na-festiwalu-palmjazz-ma-ogromne-uznanie-w-jazzowym-swiecie\/","name":"Marcin Wasilewski Trio w CK Jazovia na Festiwalu PalmJazz. Ma ogromne uznanie w jazzowym \u015bwiecie - 24GLIWICE - Portal Gliwice | codziennie nowe informacje","isPartOf":{"@id":"https:\/\/www.24gliwice.pl\/wiadomosci\/#website"},"primaryImageOfPage":{"@id":"https:\/\/www.24gliwice.pl\/wiadomosci\/macin-wasilewski-trio-w-ck-jazovia-na-festiwalu-palmjazz-ma-ogromne-uznanie-w-jazzowym-swiecie\/#primaryimage"},"image":{"@id":"https:\/\/www.24gliwice.pl\/wiadomosci\/macin-wasilewski-trio-w-ck-jazovia-na-festiwalu-palmjazz-ma-ogromne-uznanie-w-jazzowym-swiecie\/#primaryimage"},"thumbnailUrl":"https:\/\/www.24gliwice.pl\/wiadomosci\/wp-content\/uploads\/2021\/09\/Przechwytywanie-w-trybie-pelnoekranowym-27.09.2021-171101.jpg","datePublished":"2021-09-28T09:22:43+00:00","dateModified":"2021-09-30T14:16:55+00:00","breadcrumb":{"@id":"https:\/\/www.24gliwice.pl\/wiadomosci\/macin-wasilewski-trio-w-ck-jazovia-na-festiwalu-palmjazz-ma-ogromne-uznanie-w-jazzowym-swiecie\/#breadcrumb"},"inLanguage":"pl-PL","potentialAction":[{"@type":"ReadAction","target":["https:\/\/www.24gliwice.pl\/wiadomosci\/macin-wasilewski-trio-w-ck-jazovia-na-festiwalu-palmjazz-ma-ogromne-uznanie-w-jazzowym-swiecie\/"]}]},{"@type":"ImageObject","inLanguage":"pl-PL","@id":"https:\/\/www.24gliwice.pl\/wiadomosci\/macin-wasilewski-trio-w-ck-jazovia-na-festiwalu-palmjazz-ma-ogromne-uznanie-w-jazzowym-swiecie\/#primaryimage","url":"https:\/\/www.24gliwice.pl\/wiadomosci\/wp-content\/uploads\/2021\/09\/Przechwytywanie-w-trybie-pelnoekranowym-27.09.2021-171101.jpg","contentUrl":"https:\/\/www.24gliwice.pl\/wiadomosci\/wp-content\/uploads\/2021\/09\/Przechwytywanie-w-trybie-pelnoekranowym-27.09.2021-171101.jpg","width":810,"height":455,"caption":"scr. youtube.com"},{"@type":"BreadcrumbList","@id":"https:\/\/www.24gliwice.pl\/wiadomosci\/macin-wasilewski-trio-w-ck-jazovia-na-festiwalu-palmjazz-ma-ogromne-uznanie-w-jazzowym-swiecie\/#breadcrumb","itemListElement":[{"@type":"ListItem","position":1,"name":"Strona g\u0142\u00f3wna","item":"https:\/\/www.24gliwice.pl\/wiadomosci\/"},{"@type":"ListItem","position":2,"name":"Marcin Wasilewski Trio w CK Jazovia na Festiwalu PalmJazz. Ma ogromne uznanie w jazzowym \u015bwiecie"}]},{"@type":"WebSite","@id":"https:\/\/www.24gliwice.pl\/wiadomosci\/#website","url":"https:\/\/www.24gliwice.pl\/wiadomosci\/","name":"24GLIWICE - Portal Gliwice | codziennie nowe wiadomo\u015bci","description":"Portal Miejski Gliwice","publisher":{"@id":"https:\/\/www.24gliwice.pl\/wiadomosci\/#organization"},"potentialAction":[{"@type":"SearchAction","target":{"@type":"EntryPoint","urlTemplate":"https:\/\/www.24gliwice.pl\/wiadomosci\/?s={search_term_string}"},"query-input":{"@type":"PropertyValueSpecification","valueRequired":true,"valueName":"search_term_string"}}],"inLanguage":"pl-PL"},{"@type":"Organization","@id":"https:\/\/www.24gliwice.pl\/wiadomosci\/#organization","name":"24gliwice","url":"https:\/\/www.24gliwice.pl\/wiadomosci\/","logo":{"@type":"ImageObject","inLanguage":"pl-PL","@id":"https:\/\/www.24gliwice.pl\/wiadomosci\/#\/schema\/logo\/image\/","url":"https:\/\/www.24gliwice.pl\/wiadomosci\/wp-content\/uploads\/2024\/10\/24gliwice-logo-696.jpg","contentUrl":"https:\/\/www.24gliwice.pl\/wiadomosci\/wp-content\/uploads\/2024\/10\/24gliwice-logo-696.jpg","width":696,"height":696,"caption":"24gliwice"},"image":{"@id":"https:\/\/www.24gliwice.pl\/wiadomosci\/#\/schema\/logo\/image\/"},"sameAs":["https:\/\/www.facebook.com\/24gliwice","https:\/\/x.com\/24gliwice","https:\/\/www.youtube.com\/@24gliwice"]},{"@type":"Person","@id":"https:\/\/www.24gliwice.pl\/wiadomosci\/#\/schema\/person\/e42c650edd7f2fa332be3811fb166b6e","name":"\u017baneta Mrozek-Siewierska","image":{"@type":"ImageObject","inLanguage":"pl-PL","@id":"https:\/\/secure.gravatar.com\/avatar\/1881429e9c64597c77ad7aef2d0a19be69a3253e57534d16aa15bf3a4d34a0a3?s=96&d=mm&r=g","url":"https:\/\/secure.gravatar.com\/avatar\/1881429e9c64597c77ad7aef2d0a19be69a3253e57534d16aa15bf3a4d34a0a3?s=96&d=mm&r=g","contentUrl":"https:\/\/secure.gravatar.com\/avatar\/1881429e9c64597c77ad7aef2d0a19be69a3253e57534d16aa15bf3a4d34a0a3?s=96&d=mm&r=g","caption":"\u017baneta Mrozek-Siewierska"},"url":"https:\/\/www.24gliwice.pl\/wiadomosci\/author\/zms\/"}]}},"_links":{"self":[{"href":"https:\/\/www.24gliwice.pl\/wiadomosci\/wp-json\/wp\/v2\/posts\/177706","targetHints":{"allow":["GET"]}}],"collection":[{"href":"https:\/\/www.24gliwice.pl\/wiadomosci\/wp-json\/wp\/v2\/posts"}],"about":[{"href":"https:\/\/www.24gliwice.pl\/wiadomosci\/wp-json\/wp\/v2\/types\/post"}],"author":[{"embeddable":true,"href":"https:\/\/www.24gliwice.pl\/wiadomosci\/wp-json\/wp\/v2\/users\/15"}],"replies":[{"embeddable":true,"href":"https:\/\/www.24gliwice.pl\/wiadomosci\/wp-json\/wp\/v2\/comments?post=177706"}],"version-history":[{"count":0,"href":"https:\/\/www.24gliwice.pl\/wiadomosci\/wp-json\/wp\/v2\/posts\/177706\/revisions"}],"wp:featuredmedia":[{"embeddable":true,"href":"https:\/\/www.24gliwice.pl\/wiadomosci\/wp-json\/wp\/v2\/media\/177711"}],"wp:attachment":[{"href":"https:\/\/www.24gliwice.pl\/wiadomosci\/wp-json\/wp\/v2\/media?parent=177706"}],"wp:term":[{"taxonomy":"category","embeddable":true,"href":"https:\/\/www.24gliwice.pl\/wiadomosci\/wp-json\/wp\/v2\/categories?post=177706"},{"taxonomy":"post_tag","embeddable":true,"href":"https:\/\/www.24gliwice.pl\/wiadomosci\/wp-json\/wp\/v2\/tags?post=177706"}],"curies":[{"name":"wp","href":"https:\/\/api.w.org\/{rel}","templated":true}]}}