{"id":177756,"date":"2021-09-28T15:57:26","date_gmt":"2021-09-28T13:57:26","guid":{"rendered":"https:\/\/www.24gliwice.pl\/wiadomosci\/?p=177756"},"modified":"2021-09-28T15:57:26","modified_gmt":"2021-09-28T13:57:26","slug":"jak-wybrac-odpowiedni-komplet-talerzy","status":"publish","type":"post","link":"https:\/\/www.24gliwice.pl\/wiadomosci\/jak-wybrac-odpowiedni-komplet-talerzy\/","title":{"rendered":"Jak wybra\u0107 odpowiedni komplet talerzy?"},"content":{"rendered":"<h3>Wyb\u00f3r nowego kompletu talerzy daje mo\u017cliwo\u015b\u0107 zakupu czego\u015b zar\u00f3wno u\u017cytecznego, jak i pi\u0119knego. Niezale\u017cnie od tego, czy wymieniasz ten obecnie posiadany, czy uzupe\u0142niasz zapasy po przeprowadzce, zainwestowanie czasu w znalezienie odpowiedniego zestawu pozwoli Ci cieszy\u0107 si\u0119 nowymi potrawami ka\u017cdego dnia przez wiele lat.<\/h3>\n<p>&nbsp;<\/p>\n<h2>Ustalenie podstaw<\/h2>\n<p>Oce\u0144 sw\u00f3j aktualny komplet talerzy. Czy ma dla Ciebie znaczenie to, czy nowy b\u0119dzie pasowa\u0107 do Twojego dotychczasowego stylu \u017cycia? Je\u015bli tak, musisz koordynowa\u0107 zakup wed\u0142ug materia\u0142u, koloru lub wzoru. Gdy nie masz nic przeciwko zostawieniu starego kompletu, zastan\u00f3w si\u0119, jak zamierzasz dalej go u\u017cytkowa\u0107.<\/p>\n<div id=\"attachment_177758\" style=\"width: 987px\" class=\"wp-caption aligncenter\"><img loading=\"lazy\" decoding=\"async\" aria-describedby=\"caption-attachment-177758\" src=\"https:\/\/www.24gliwice.pl\/wiadomosci\/wp-content\/uploads\/2021\/09\/talerze-serwis.jpg\" alt=\"\" width=\"977\" height=\"560\" class=\"size-full wp-image-177758\" srcset=\"https:\/\/www.24gliwice.pl\/wiadomosci\/wp-content\/uploads\/2021\/09\/talerze-serwis.jpg 977w, https:\/\/www.24gliwice.pl\/wiadomosci\/wp-content\/uploads\/2021\/09\/talerze-serwis-405x232.jpg 405w, https:\/\/www.24gliwice.pl\/wiadomosci\/wp-content\/uploads\/2021\/09\/talerze-serwis-794x455.jpg 794w, https:\/\/www.24gliwice.pl\/wiadomosci\/wp-content\/uploads\/2021\/09\/talerze-serwis-768x440.jpg 768w, https:\/\/www.24gliwice.pl\/wiadomosci\/wp-content\/uploads\/2021\/09\/talerze-serwis-810x464.jpg 810w\" sizes=\"auto, (max-width: 977px) 100vw, 977px\" \/><p id=\"caption-attachment-177758\" class=\"wp-caption-text\">Serwis obiadowy YVONNE 12\/44 \u0106MIEL\u00d3W. \u0179r\u00f3d\u0142o: <a href=\"https:\/\/prymusagd.pl\/zastawa-stolowa\/serwisy-obiadowe\">Prymus AGD<\/a><\/p><\/div>\n<h2>Okre\u015bl, jaki zakres zastosowa\u0144 b\u0119dzie mia\u0142 nowy komplet<\/h2>\n<p>Na przyk\u0142ad, czy planujesz regularnie serwowa\u0107 potrawy na \u015bwie\u017cym powietrzu? Je\u015bli tak, mo\u017cesz przyjrze\u0107 si\u0119 mniej popularnym, ale nie\u0142amliwym materia\u0142om, takim jak metal lub laminat. Gdy b\u0119dziesz u\u017cywa\u0107 tylko oficjalnego kompletu na okres \u015bwi\u0105teczny, mo\u017cesz wybra\u0107 taki tematyczny pod wzgl\u0119dem kolorystycznym.<\/p>\n<h2>Zdecyduj, czy faktycznie potrzebujesz kompletu, czy mo\u017ce jednak pojedynczych talerzy<\/h2>\n<p>Komplety cz\u0119sto wyst\u0119puj\u0105 w zestawach 5-cz\u0119\u015bciowych (formalne) i 4-cz\u0119\u015bciowych (na co dzie\u0144). Zastan\u00f3w si\u0119, czy chcesz, aby wszystkie talerze by\u0142y kompletowane w ten spos\u00f3b, poniewa\u017c wi\u0119kszo\u015b\u0107 sprzedawc\u00f3w detalicznych oferuje opcj\u0119 \u201eotwartych zapas\u00f3w\u201d. Oznacza to, \u017ce mo\u017cesz w razie czego postawi\u0107 na pojedyncze sztuki. Je\u015bli chcesz, mo\u017cesz miesza\u0107 i dopasowywa\u0107 r\u00f3\u017cne kolory, wzory, tekstury i kszta\u0142ty.<\/p>\n<h2>Zdecyduj, czy szukasz kompletu na co dzie\u0144, czy czego\u015b bardziej formalnego<\/h2>\n<p>Teoretycznie zwyk\u0142y komplet jest solidny i zaprojektowany do codziennego u\u017cytku, podczas gdy formalna jest delikatniejszy, ale w tym aspekcie wyst\u0119puje wiele zachodz\u0105cych na siebie cz\u0119\u015bci. Nic bowiem nie stoi na przeszkodzie, aby przy odrobinie szcz\u0119\u015bcia znale\u017a\u0107 zestaw \u0142\u0105cz\u0105cy wytrzyma\u0142o\u015b\u0107 z elegancj\u0105!<\/p>\n<h2>Wybierz materia\u0142 na podstawie trwa\u0142o\u015bci, ceny i przeznaczenia<\/h2>\n<p>Formalne komplety s\u0105 zwykle wykonane z porcelany kostnej i zwyk\u0142ej; te przeznaczone do codziennego u\u017cytku produkuje si\u0119 przy u\u017cyciu kamionki lub ceramiki. Dodatkowe informacje, o kt\u00f3rych powiniene\u015b wiedzie\u0107, prezentuj\u0105 si\u0119 nast\u0119puj\u0105co:<\/p>\n<ul>\n<li>\n<p>porcelana w niekt\u00f3rych przypadkach jest twardsza od ceramiki (sic!),<\/p>\n<\/li>\n<li>\n<p>porcelana kostna jest prawie tak samo mocna, poniewa\u017c jest wzmocniona popio\u0142em z ko\u015bci wo\u0142owych,<\/p>\n<\/li>\n<li>\n<p>oba typy s\u0105 stosunkowo drogie i cz\u0119sto nie nadaj\u0105 si\u0119 do zmywarek lub kuchenek mikrofalowych,<\/p>\n<\/li>\n<li>\n<p>na szcz\u0119\u015bcie wielu producent\u00f3w oferuje teraz porcelan\u0119 kostn\u0105 i porcelan\u0119 nadaj\u0105c\u0105 si\u0119 do mycia w zmywarce i wk\u0142adania do piekarnika.<\/p>\n<\/li>\n<\/ul>\n<p>\u00a0<\/p>\n<h2>Wybierz swoj\u0105 preferowan\u0105 kolorystyk\u0119 w oparciu o swoje potrzeby i kuchni\u0119<\/h2>\n<p>Najwi\u0119ksz\u0105 popularno\u015bci\u0105 ciesz\u0105 si\u0119 bia\u0142e komplety, poniewa\u017c mo\u017cna je my\u0107 w zmywarce, poszczeg\u00f3lne talerze nie blakn\u0105, pasuj\u0105 do wi\u0119kszo\u015bci wystroju, dobrze prezentuj\u0105 jedzenie i nigdy nie wychodz\u0105 z mody (jak czarny w przypadku ubra\u0144). Jednak mo\u017cesz r\u00f3wnie\u017c skoordynowa\u0107 sw\u00f3j wyb\u00f3r kolorystyczny z jadalni\u0105 lub kuchni\u0105.<\/p>\n<h3>Podsumowanie<\/h3>\n<p>Odpowiednio dobrany komplet talerzy stanowi istotny element ka\u017cdej domowej przestrzeni. Trudno przecie\u017c wyobrazi\u0107 sobie podawanie posi\u0142k\u00f3w zar\u00f3wno domownikom, jak i go\u015bciom na r\u00f3\u017cnych od siebie, kompletnie niesp\u00f3jnych naczyniach, prawda?<\/p>\n<p><em>(materia\u0142 partnera)<\/em><\/p>\n","protected":false},"excerpt":{"rendered":"<p>Wyb\u00f3r nowego kompletu talerzy daje mo\u017cliwo\u015b\u0107 zakupu czego\u015b zar\u00f3wno u\u017cytecznego, jak i pi\u0119knego. Niezale\u017cnie od tego, czy wymieniasz ten obecnie posiadany, czy uzupe\u0142niasz zapasy po przeprowadzce, zainwestowanie czasu w znalezienie odpowiedniego zestawu pozwoli Ci cieszy\u0107 si\u0119 nowymi potrawami ka\u017cdego dnia przez wiele lat. &nbsp; Ustalenie podstaw Oce\u0144 sw\u00f3j aktualny komplet talerzy. Czy ma dla Ciebie [&hellip;]<\/p>\n","protected":false},"author":4,"featured_media":177757,"comment_status":"closed","ping_status":"closed","sticky":false,"template":"","format":"standard","meta":{"_monsterinsights_skip_tracking":false,"_monsterinsights_sitenote_active":false,"_monsterinsights_sitenote_note":"","_monsterinsights_sitenote_category":0,"footnotes":"","_links_to":"","_links_to_target":""},"categories":[1129],"tags":[],"class_list":["post-177756","post","type-post","status-publish","format-standard","has-post-thumbnail","hentry","category-polecamy"],"yoast_head":"<!-- This site is optimized with the Yoast SEO plugin v27.5 - https:\/\/yoast.com\/product\/yoast-seo-wordpress\/ -->\n<title>Jak wybra\u0107 odpowiedni komplet talerzy? - 24GLIWICE - Portal Gliwice | codziennie nowe informacje<\/title>\n<meta name=\"robots\" content=\"index, follow, max-snippet:-1, max-image-preview:large, max-video-preview:-1\" \/>\n<link rel=\"canonical\" href=\"https:\/\/www.24gliwice.pl\/wiadomosci\/jak-wybrac-odpowiedni-komplet-talerzy\/\" \/>\n<meta property=\"og:locale\" content=\"pl_PL\" \/>\n<meta property=\"og:type\" content=\"article\" \/>\n<meta property=\"og:title\" content=\"Jak wybra\u0107 odpowiedni komplet talerzy? - 24GLIWICE - Portal Gliwice | codziennie nowe informacje\" \/>\n<meta property=\"og:description\" content=\"Wyb\u00f3r nowego kompletu talerzy daje mo\u017cliwo\u015b\u0107 zakupu czego\u015b zar\u00f3wno u\u017cytecznego, jak i pi\u0119knego. Niezale\u017cnie od tego, czy wymieniasz ten obecnie posiadany, czy uzupe\u0142niasz zapasy po przeprowadzce, zainwestowanie czasu w znalezienie odpowiedniego zestawu pozwoli Ci cieszy\u0107 si\u0119 nowymi potrawami ka\u017cdego dnia przez wiele lat. &nbsp; Ustalenie podstaw Oce\u0144 sw\u00f3j aktualny komplet talerzy. Czy ma dla Ciebie [&hellip;]\" \/>\n<meta property=\"og:url\" content=\"https:\/\/www.24gliwice.pl\/wiadomosci\/jak-wybrac-odpowiedni-komplet-talerzy\/\" \/>\n<meta property=\"og:site_name\" content=\"24GLIWICE - Portal Gliwice | codziennie nowe informacje\" \/>\n<meta property=\"article:publisher\" content=\"https:\/\/www.facebook.com\/24gliwice\" \/>\n<meta property=\"article:author\" content=\"https:\/\/www.facebook.com\/marcin.fabrykowski\" \/>\n<meta property=\"article:published_time\" content=\"2021-09-28T13:57:26+00:00\" \/>\n<meta property=\"og:image\" content=\"https:\/\/www.24gliwice.pl\/wiadomosci\/wp-content\/uploads\/2021\/09\/1-talerze-2.jpg\" \/>\n\t<meta property=\"og:image:width\" content=\"810\" \/>\n\t<meta property=\"og:image:height\" content=\"540\" \/>\n\t<meta property=\"og:image:type\" content=\"image\/jpeg\" \/>\n<meta name=\"author\" content=\"Marcin Fabrykowski\" \/>\n<meta name=\"twitter:card\" content=\"summary_large_image\" \/>\n<meta name=\"twitter:creator\" content=\"@24gliwice\" \/>\n<meta name=\"twitter:site\" content=\"@24gliwice\" \/>\n<meta name=\"twitter:label1\" content=\"Napisane przez\" \/>\n\t<meta name=\"twitter:data1\" content=\"Marcin Fabrykowski\" \/>\n\t<meta name=\"twitter:label2\" content=\"Szacowany czas czytania\" \/>\n\t<meta name=\"twitter:data2\" content=\"3 minuty\" \/>\n<script type=\"application\/ld+json\" class=\"yoast-schema-graph\">{\"@context\":\"https:\\\/\\\/schema.org\",\"@graph\":[{\"@type\":\"Article\",\"@id\":\"https:\\\/\\\/www.24gliwice.pl\\\/wiadomosci\\\/jak-wybrac-odpowiedni-komplet-talerzy\\\/#article\",\"isPartOf\":{\"@id\":\"https:\\\/\\\/www.24gliwice.pl\\\/wiadomosci\\\/jak-wybrac-odpowiedni-komplet-talerzy\\\/\"},\"author\":{\"name\":\"Marcin Fabrykowski\",\"@id\":\"https:\\\/\\\/www.24gliwice.pl\\\/wiadomosci\\\/#\\\/schema\\\/person\\\/cb5857e4a4d048c15984c1edcc8ef0c0\"},\"headline\":\"Jak wybra\u0107 odpowiedni komplet talerzy?\",\"datePublished\":\"2021-09-28T13:57:26+00:00\",\"mainEntityOfPage\":{\"@id\":\"https:\\\/\\\/www.24gliwice.pl\\\/wiadomosci\\\/jak-wybrac-odpowiedni-komplet-talerzy\\\/\"},\"wordCount\":551,\"publisher\":{\"@id\":\"https:\\\/\\\/www.24gliwice.pl\\\/wiadomosci\\\/#organization\"},\"image\":{\"@id\":\"https:\\\/\\\/www.24gliwice.pl\\\/wiadomosci\\\/jak-wybrac-odpowiedni-komplet-talerzy\\\/#primaryimage\"},\"thumbnailUrl\":\"https:\\\/\\\/www.24gliwice.pl\\\/wiadomosci\\\/wp-content\\\/uploads\\\/2021\\\/09\\\/1-talerze-2.jpg\",\"articleSection\":[\"Polecamy\"],\"inLanguage\":\"pl-PL\"},{\"@type\":\"WebPage\",\"@id\":\"https:\\\/\\\/www.24gliwice.pl\\\/wiadomosci\\\/jak-wybrac-odpowiedni-komplet-talerzy\\\/\",\"url\":\"https:\\\/\\\/www.24gliwice.pl\\\/wiadomosci\\\/jak-wybrac-odpowiedni-komplet-talerzy\\\/\",\"name\":\"Jak wybra\u0107 odpowiedni komplet talerzy? - 24GLIWICE - Portal Gliwice | codziennie nowe informacje\",\"isPartOf\":{\"@id\":\"https:\\\/\\\/www.24gliwice.pl\\\/wiadomosci\\\/#website\"},\"primaryImageOfPage\":{\"@id\":\"https:\\\/\\\/www.24gliwice.pl\\\/wiadomosci\\\/jak-wybrac-odpowiedni-komplet-talerzy\\\/#primaryimage\"},\"image\":{\"@id\":\"https:\\\/\\\/www.24gliwice.pl\\\/wiadomosci\\\/jak-wybrac-odpowiedni-komplet-talerzy\\\/#primaryimage\"},\"thumbnailUrl\":\"https:\\\/\\\/www.24gliwice.pl\\\/wiadomosci\\\/wp-content\\\/uploads\\\/2021\\\/09\\\/1-talerze-2.jpg\",\"datePublished\":\"2021-09-28T13:57:26+00:00\",\"breadcrumb\":{\"@id\":\"https:\\\/\\\/www.24gliwice.pl\\\/wiadomosci\\\/jak-wybrac-odpowiedni-komplet-talerzy\\\/#breadcrumb\"},\"inLanguage\":\"pl-PL\",\"potentialAction\":[{\"@type\":\"ReadAction\",\"target\":[\"https:\\\/\\\/www.24gliwice.pl\\\/wiadomosci\\\/jak-wybrac-odpowiedni-komplet-talerzy\\\/\"]}]},{\"@type\":\"ImageObject\",\"inLanguage\":\"pl-PL\",\"@id\":\"https:\\\/\\\/www.24gliwice.pl\\\/wiadomosci\\\/jak-wybrac-odpowiedni-komplet-talerzy\\\/#primaryimage\",\"url\":\"https:\\\/\\\/www.24gliwice.pl\\\/wiadomosci\\\/wp-content\\\/uploads\\\/2021\\\/09\\\/1-talerze-2.jpg\",\"contentUrl\":\"https:\\\/\\\/www.24gliwice.pl\\\/wiadomosci\\\/wp-content\\\/uploads\\\/2021\\\/09\\\/1-talerze-2.jpg\",\"width\":810,\"height\":540},{\"@type\":\"BreadcrumbList\",\"@id\":\"https:\\\/\\\/www.24gliwice.pl\\\/wiadomosci\\\/jak-wybrac-odpowiedni-komplet-talerzy\\\/#breadcrumb\",\"itemListElement\":[{\"@type\":\"ListItem\",\"position\":1,\"name\":\"Strona g\u0142\u00f3wna\",\"item\":\"https:\\\/\\\/www.24gliwice.pl\\\/wiadomosci\\\/\"},{\"@type\":\"ListItem\",\"position\":2,\"name\":\"Jak wybra\u0107 odpowiedni komplet talerzy?\"}]},{\"@type\":\"WebSite\",\"@id\":\"https:\\\/\\\/www.24gliwice.pl\\\/wiadomosci\\\/#website\",\"url\":\"https:\\\/\\\/www.24gliwice.pl\\\/wiadomosci\\\/\",\"name\":\"24GLIWICE - Portal Gliwice | codziennie nowe wiadomo\u015bci\",\"description\":\"Portal Miejski Gliwice\",\"publisher\":{\"@id\":\"https:\\\/\\\/www.24gliwice.pl\\\/wiadomosci\\\/#organization\"},\"potentialAction\":[{\"@type\":\"SearchAction\",\"target\":{\"@type\":\"EntryPoint\",\"urlTemplate\":\"https:\\\/\\\/www.24gliwice.pl\\\/wiadomosci\\\/?s={search_term_string}\"},\"query-input\":{\"@type\":\"PropertyValueSpecification\",\"valueRequired\":true,\"valueName\":\"search_term_string\"}}],\"inLanguage\":\"pl-PL\"},{\"@type\":\"Organization\",\"@id\":\"https:\\\/\\\/www.24gliwice.pl\\\/wiadomosci\\\/#organization\",\"name\":\"24gliwice\",\"url\":\"https:\\\/\\\/www.24gliwice.pl\\\/wiadomosci\\\/\",\"logo\":{\"@type\":\"ImageObject\",\"inLanguage\":\"pl-PL\",\"@id\":\"https:\\\/\\\/www.24gliwice.pl\\\/wiadomosci\\\/#\\\/schema\\\/logo\\\/image\\\/\",\"url\":\"https:\\\/\\\/www.24gliwice.pl\\\/wiadomosci\\\/wp-content\\\/uploads\\\/2024\\\/10\\\/24gliwice-logo-696.jpg\",\"contentUrl\":\"https:\\\/\\\/www.24gliwice.pl\\\/wiadomosci\\\/wp-content\\\/uploads\\\/2024\\\/10\\\/24gliwice-logo-696.jpg\",\"width\":696,\"height\":696,\"caption\":\"24gliwice\"},\"image\":{\"@id\":\"https:\\\/\\\/www.24gliwice.pl\\\/wiadomosci\\\/#\\\/schema\\\/logo\\\/image\\\/\"},\"sameAs\":[\"https:\\\/\\\/www.facebook.com\\\/24gliwice\",\"https:\\\/\\\/x.com\\\/24gliwice\",\"https:\\\/\\\/www.youtube.com\\\/@24gliwice\"]},{\"@type\":\"Person\",\"@id\":\"https:\\\/\\\/www.24gliwice.pl\\\/wiadomosci\\\/#\\\/schema\\\/person\\\/cb5857e4a4d048c15984c1edcc8ef0c0\",\"name\":\"Marcin Fabrykowski\",\"image\":{\"@type\":\"ImageObject\",\"inLanguage\":\"pl-PL\",\"@id\":\"https:\\\/\\\/www.24gliwice.pl\\\/wiadomosci\\\/wp-content\\\/uploads\\\/2025\\\/11\\\/zdjecie-moje-marcin-300-96x96.jpg\",\"url\":\"https:\\\/\\\/www.24gliwice.pl\\\/wiadomosci\\\/wp-content\\\/uploads\\\/2025\\\/11\\\/zdjecie-moje-marcin-300-96x96.jpg\",\"contentUrl\":\"https:\\\/\\\/www.24gliwice.pl\\\/wiadomosci\\\/wp-content\\\/uploads\\\/2025\\\/11\\\/zdjecie-moje-marcin-300-96x96.jpg\",\"caption\":\"Marcin Fabrykowski\"},\"sameAs\":[\"http:\\\/\\\/24gliwice.pl\",\"https:\\\/\\\/www.facebook.com\\\/marcin.fabrykowski\"],\"url\":\"https:\\\/\\\/www.24gliwice.pl\\\/wiadomosci\\\/author\\\/marcin-fabrykowski\\\/\"}]}<\/script>\n<!-- \/ Yoast SEO plugin. -->","yoast_head_json":{"title":"Jak wybra\u0107 odpowiedni komplet talerzy? - 24GLIWICE - Portal Gliwice | codziennie nowe informacje","robots":{"index":"index","follow":"follow","max-snippet":"max-snippet:-1","max-image-preview":"max-image-preview:large","max-video-preview":"max-video-preview:-1"},"canonical":"https:\/\/www.24gliwice.pl\/wiadomosci\/jak-wybrac-odpowiedni-komplet-talerzy\/","og_locale":"pl_PL","og_type":"article","og_title":"Jak wybra\u0107 odpowiedni komplet talerzy? - 24GLIWICE - Portal Gliwice | codziennie nowe informacje","og_description":"Wyb\u00f3r nowego kompletu talerzy daje mo\u017cliwo\u015b\u0107 zakupu czego\u015b zar\u00f3wno u\u017cytecznego, jak i pi\u0119knego. Niezale\u017cnie od tego, czy wymieniasz ten obecnie posiadany, czy uzupe\u0142niasz zapasy po przeprowadzce, zainwestowanie czasu w znalezienie odpowiedniego zestawu pozwoli Ci cieszy\u0107 si\u0119 nowymi potrawami ka\u017cdego dnia przez wiele lat. &nbsp; Ustalenie podstaw Oce\u0144 sw\u00f3j aktualny komplet talerzy. Czy ma dla Ciebie [&hellip;]","og_url":"https:\/\/www.24gliwice.pl\/wiadomosci\/jak-wybrac-odpowiedni-komplet-talerzy\/","og_site_name":"24GLIWICE - Portal Gliwice | codziennie nowe informacje","article_publisher":"https:\/\/www.facebook.com\/24gliwice","article_author":"https:\/\/www.facebook.com\/marcin.fabrykowski","article_published_time":"2021-09-28T13:57:26+00:00","og_image":[{"width":810,"height":540,"url":"https:\/\/www.24gliwice.pl\/wiadomosci\/wp-content\/uploads\/2021\/09\/1-talerze-2.jpg","type":"image\/jpeg"}],"author":"Marcin Fabrykowski","twitter_card":"summary_large_image","twitter_creator":"@24gliwice","twitter_site":"@24gliwice","twitter_misc":{"Napisane przez":"Marcin Fabrykowski","Szacowany czas czytania":"3 minuty"},"schema":{"@context":"https:\/\/schema.org","@graph":[{"@type":"Article","@id":"https:\/\/www.24gliwice.pl\/wiadomosci\/jak-wybrac-odpowiedni-komplet-talerzy\/#article","isPartOf":{"@id":"https:\/\/www.24gliwice.pl\/wiadomosci\/jak-wybrac-odpowiedni-komplet-talerzy\/"},"author":{"name":"Marcin Fabrykowski","@id":"https:\/\/www.24gliwice.pl\/wiadomosci\/#\/schema\/person\/cb5857e4a4d048c15984c1edcc8ef0c0"},"headline":"Jak wybra\u0107 odpowiedni komplet talerzy?","datePublished":"2021-09-28T13:57:26+00:00","mainEntityOfPage":{"@id":"https:\/\/www.24gliwice.pl\/wiadomosci\/jak-wybrac-odpowiedni-komplet-talerzy\/"},"wordCount":551,"publisher":{"@id":"https:\/\/www.24gliwice.pl\/wiadomosci\/#organization"},"image":{"@id":"https:\/\/www.24gliwice.pl\/wiadomosci\/jak-wybrac-odpowiedni-komplet-talerzy\/#primaryimage"},"thumbnailUrl":"https:\/\/www.24gliwice.pl\/wiadomosci\/wp-content\/uploads\/2021\/09\/1-talerze-2.jpg","articleSection":["Polecamy"],"inLanguage":"pl-PL"},{"@type":"WebPage","@id":"https:\/\/www.24gliwice.pl\/wiadomosci\/jak-wybrac-odpowiedni-komplet-talerzy\/","url":"https:\/\/www.24gliwice.pl\/wiadomosci\/jak-wybrac-odpowiedni-komplet-talerzy\/","name":"Jak wybra\u0107 odpowiedni komplet talerzy? - 24GLIWICE - Portal Gliwice | codziennie nowe informacje","isPartOf":{"@id":"https:\/\/www.24gliwice.pl\/wiadomosci\/#website"},"primaryImageOfPage":{"@id":"https:\/\/www.24gliwice.pl\/wiadomosci\/jak-wybrac-odpowiedni-komplet-talerzy\/#primaryimage"},"image":{"@id":"https:\/\/www.24gliwice.pl\/wiadomosci\/jak-wybrac-odpowiedni-komplet-talerzy\/#primaryimage"},"thumbnailUrl":"https:\/\/www.24gliwice.pl\/wiadomosci\/wp-content\/uploads\/2021\/09\/1-talerze-2.jpg","datePublished":"2021-09-28T13:57:26+00:00","breadcrumb":{"@id":"https:\/\/www.24gliwice.pl\/wiadomosci\/jak-wybrac-odpowiedni-komplet-talerzy\/#breadcrumb"},"inLanguage":"pl-PL","potentialAction":[{"@type":"ReadAction","target":["https:\/\/www.24gliwice.pl\/wiadomosci\/jak-wybrac-odpowiedni-komplet-talerzy\/"]}]},{"@type":"ImageObject","inLanguage":"pl-PL","@id":"https:\/\/www.24gliwice.pl\/wiadomosci\/jak-wybrac-odpowiedni-komplet-talerzy\/#primaryimage","url":"https:\/\/www.24gliwice.pl\/wiadomosci\/wp-content\/uploads\/2021\/09\/1-talerze-2.jpg","contentUrl":"https:\/\/www.24gliwice.pl\/wiadomosci\/wp-content\/uploads\/2021\/09\/1-talerze-2.jpg","width":810,"height":540},{"@type":"BreadcrumbList","@id":"https:\/\/www.24gliwice.pl\/wiadomosci\/jak-wybrac-odpowiedni-komplet-talerzy\/#breadcrumb","itemListElement":[{"@type":"ListItem","position":1,"name":"Strona g\u0142\u00f3wna","item":"https:\/\/www.24gliwice.pl\/wiadomosci\/"},{"@type":"ListItem","position":2,"name":"Jak wybra\u0107 odpowiedni komplet talerzy?"}]},{"@type":"WebSite","@id":"https:\/\/www.24gliwice.pl\/wiadomosci\/#website","url":"https:\/\/www.24gliwice.pl\/wiadomosci\/","name":"24GLIWICE - Portal Gliwice | codziennie nowe wiadomo\u015bci","description":"Portal Miejski Gliwice","publisher":{"@id":"https:\/\/www.24gliwice.pl\/wiadomosci\/#organization"},"potentialAction":[{"@type":"SearchAction","target":{"@type":"EntryPoint","urlTemplate":"https:\/\/www.24gliwice.pl\/wiadomosci\/?s={search_term_string}"},"query-input":{"@type":"PropertyValueSpecification","valueRequired":true,"valueName":"search_term_string"}}],"inLanguage":"pl-PL"},{"@type":"Organization","@id":"https:\/\/www.24gliwice.pl\/wiadomosci\/#organization","name":"24gliwice","url":"https:\/\/www.24gliwice.pl\/wiadomosci\/","logo":{"@type":"ImageObject","inLanguage":"pl-PL","@id":"https:\/\/www.24gliwice.pl\/wiadomosci\/#\/schema\/logo\/image\/","url":"https:\/\/www.24gliwice.pl\/wiadomosci\/wp-content\/uploads\/2024\/10\/24gliwice-logo-696.jpg","contentUrl":"https:\/\/www.24gliwice.pl\/wiadomosci\/wp-content\/uploads\/2024\/10\/24gliwice-logo-696.jpg","width":696,"height":696,"caption":"24gliwice"},"image":{"@id":"https:\/\/www.24gliwice.pl\/wiadomosci\/#\/schema\/logo\/image\/"},"sameAs":["https:\/\/www.facebook.com\/24gliwice","https:\/\/x.com\/24gliwice","https:\/\/www.youtube.com\/@24gliwice"]},{"@type":"Person","@id":"https:\/\/www.24gliwice.pl\/wiadomosci\/#\/schema\/person\/cb5857e4a4d048c15984c1edcc8ef0c0","name":"Marcin Fabrykowski","image":{"@type":"ImageObject","inLanguage":"pl-PL","@id":"https:\/\/www.24gliwice.pl\/wiadomosci\/wp-content\/uploads\/2025\/11\/zdjecie-moje-marcin-300-96x96.jpg","url":"https:\/\/www.24gliwice.pl\/wiadomosci\/wp-content\/uploads\/2025\/11\/zdjecie-moje-marcin-300-96x96.jpg","contentUrl":"https:\/\/www.24gliwice.pl\/wiadomosci\/wp-content\/uploads\/2025\/11\/zdjecie-moje-marcin-300-96x96.jpg","caption":"Marcin Fabrykowski"},"sameAs":["http:\/\/24gliwice.pl","https:\/\/www.facebook.com\/marcin.fabrykowski"],"url":"https:\/\/www.24gliwice.pl\/wiadomosci\/author\/marcin-fabrykowski\/"}]}},"_links":{"self":[{"href":"https:\/\/www.24gliwice.pl\/wiadomosci\/wp-json\/wp\/v2\/posts\/177756","targetHints":{"allow":["GET"]}}],"collection":[{"href":"https:\/\/www.24gliwice.pl\/wiadomosci\/wp-json\/wp\/v2\/posts"}],"about":[{"href":"https:\/\/www.24gliwice.pl\/wiadomosci\/wp-json\/wp\/v2\/types\/post"}],"author":[{"embeddable":true,"href":"https:\/\/www.24gliwice.pl\/wiadomosci\/wp-json\/wp\/v2\/users\/4"}],"replies":[{"embeddable":true,"href":"https:\/\/www.24gliwice.pl\/wiadomosci\/wp-json\/wp\/v2\/comments?post=177756"}],"version-history":[{"count":0,"href":"https:\/\/www.24gliwice.pl\/wiadomosci\/wp-json\/wp\/v2\/posts\/177756\/revisions"}],"wp:featuredmedia":[{"embeddable":true,"href":"https:\/\/www.24gliwice.pl\/wiadomosci\/wp-json\/wp\/v2\/media\/177757"}],"wp:attachment":[{"href":"https:\/\/www.24gliwice.pl\/wiadomosci\/wp-json\/wp\/v2\/media?parent=177756"}],"wp:term":[{"taxonomy":"category","embeddable":true,"href":"https:\/\/www.24gliwice.pl\/wiadomosci\/wp-json\/wp\/v2\/categories?post=177756"},{"taxonomy":"post_tag","embeddable":true,"href":"https:\/\/www.24gliwice.pl\/wiadomosci\/wp-json\/wp\/v2\/tags?post=177756"}],"curies":[{"name":"wp","href":"https:\/\/api.w.org\/{rel}","templated":true}]}}