{"id":178199,"date":"2021-10-05T06:23:42","date_gmt":"2021-10-05T04:23:42","guid":{"rendered":"https:\/\/www.24gliwice.pl\/wiadomosci\/?p=178199"},"modified":"2021-10-05T10:23:16","modified_gmt":"2021-10-05T08:23:16","slug":"bedzie-nowy-plan-dla-terenow-wokol-obwodnicy-zachodniej-duzy-sukces-mieszkancow","status":"publish","type":"post","link":"https:\/\/www.24gliwice.pl\/wiadomosci\/bedzie-nowy-plan-dla-terenow-wokol-obwodnicy-zachodniej-duzy-sukces-mieszkancow\/","title":{"rendered":"B\u0119dzie nowy plan dla teren\u00f3w wok\u00f3\u0142 obwodnicy zachodniej. Du\u017cy sukces mieszka\u0144c\u00f3w"},"content":{"rendered":"<div class=\"gliwi-a6-nad-leadem-artykulow gliwi-entity-placement\" id=\"gliwi-2775234634\"><div class=\"gliwi-adlabel\"><span style=\"font-size: 9px\">REKLAMA<\/span><\/div><div id=\"gliwi-3419421149\" style=\"margin-bottom: 30px;margin-left: auto;margin-right: auto;text-align: center;\"><a data-no-instant=\"1\" href=\"https:\/\/przedszkole.halogen.org.pl\/\" rel=\"noopener\" class=\"a2t-link\" target=\"_blank\" aria-label=\"20260402-ANIMATOR-przedszkole_grafika_750x200\"><img loading=\"lazy\" decoding=\"async\" src=\"https:\/\/www.24gliwice.pl\/wiadomosci\/wp-content\/uploads\/2026\/04\/20260402-ANIMATOR-przedszkole_grafika_750x200.webp\" alt=\"\"  srcset=\"https:\/\/www.24gliwice.pl\/wiadomosci\/wp-content\/uploads\/2026\/04\/20260402-ANIMATOR-przedszkole_grafika_750x200.webp 750w, https:\/\/www.24gliwice.pl\/wiadomosci\/wp-content\/uploads\/2026\/04\/20260402-ANIMATOR-przedszkole_grafika_750x200-410x109.webp 410w\" sizes=\"(max-width: 750px) 100vw, 750px\" class=\"no-lazyload\" width=\"750\" height=\"200\"  style=\"display: inline-block; max-width: 100%; height: auto;\" \/><\/a><\/div><\/div><h2>Na czwartkowej sesji Rady Miasta radni podejm\u0105 decyzj\u0119 w sprawie sporz\u0105dzenie nowego planu zagospodarowania dla teren\u00f3w p\u00f3l W\u00f3jtowej Wsi &#8211; po p\u00f3\u0142nocnej stronie obwodnicy.<\/h2>\n<p>&nbsp;<br \/>\nInicjatywa Magistratu to efekt dwuletnich stara\u0144 mieszka\u0144c\u00f3w. Przyj\u0119cie uchwa\u0142y wydaje si\u0119 wi\u0119c formalno\u015bci\u0105. <\/p>\n<p>Sporz\u0105dzenie nowego MPZP obejmie tereny na wsch\u00f3d od ul. Stara Cegielnia i obejmie m.in. ulice S\u0142oneczne Wzg\u00f3rze, Zielone Wzg\u00f3rze, cz\u0119\u015b\u0107 ul. W\u00f3jtowskiej. Nast\u0119pnie zmiany obejm\u0105 tereny od ul. Ku Do\u0142om &#8211; a\u017c do rejonu ul. G\u0142owackiego. Nast\u0119pnie od ul. H\u0142aski a\u017c do rejonu skrzy\u017cowania ul. Kos\u00f3w z ul. Nowy \u015awiat. <\/p><div class=\"gliwi-a3-w-tresci-artykulow gliwi-entity-placement\" id=\"gliwi-2083124216\"><div class=\"gliwi-adlabel\"><span style=\"font-size: 9px\">REKLAMA<\/span><\/div><div id=\"gliwi-3112400089\" style=\"margin-bottom: 30px;margin-left: auto;margin-right: auto;text-align: center;\"><a data-no-instant=\"1\" href=\"https:\/\/zlobek.halogen.org.pl\/\" rel=\"noopener\" class=\"a2t-link\" target=\"_blank\" aria-label=\"animator-zlobek_750x200\"><img loading=\"lazy\" decoding=\"async\" src=\"https:\/\/www.24gliwice.pl\/wiadomosci\/wp-content\/uploads\/2026\/02\/animator-zlobek_750x200.webp\" alt=\"\"  srcset=\"https:\/\/www.24gliwice.pl\/wiadomosci\/wp-content\/uploads\/2026\/02\/animator-zlobek_750x200.webp 750w, https:\/\/www.24gliwice.pl\/wiadomosci\/wp-content\/uploads\/2026\/02\/animator-zlobek_750x200-410x109.webp 410w\" sizes=\"(max-width: 750px) 100vw, 750px\" class=\"no-lazyload\" width=\"750\" height=\"200\"  style=\"display: inline-block; max-width: 100%; height: auto;\" \/><\/a><\/div><\/div>\n<p>&#8211; Celem sporz\u0105dzenia przedmiotowego planu jest ustalenie optymalnych parametr\u00f3w planistycznych oraz zminimalizowanie potencjalnych konflikt\u00f3w przestrzennych na styku r\u00f3\u017cnych rodzaj\u00f3w zabudowy &#8211; czytamy w uzasadnieniu uchwa\u0142y.<\/p>\n<div id=\"attachment_178201\" style=\"width: 1130px\" class=\"wp-caption alignnone\"><img loading=\"lazy\" decoding=\"async\" aria-describedby=\"caption-attachment-178201\" src=\"https:\/\/www.24gliwice.pl\/wiadomosci\/wp-content\/uploads\/2021\/10\/obraz_2021-10-04_213750.png\" alt=\"\" width=\"1120\" height=\"744\" class=\"size-full wp-image-178201\" srcset=\"https:\/\/www.24gliwice.pl\/wiadomosci\/wp-content\/uploads\/2021\/10\/obraz_2021-10-04_213750.png 1120w, https:\/\/www.24gliwice.pl\/wiadomosci\/wp-content\/uploads\/2021\/10\/obraz_2021-10-04_213750-349x232.png 349w, https:\/\/www.24gliwice.pl\/wiadomosci\/wp-content\/uploads\/2021\/10\/obraz_2021-10-04_213750-685x455.png 685w, https:\/\/www.24gliwice.pl\/wiadomosci\/wp-content\/uploads\/2021\/10\/obraz_2021-10-04_213750-768x510.png 768w, https:\/\/www.24gliwice.pl\/wiadomosci\/wp-content\/uploads\/2021\/10\/obraz_2021-10-04_213750-810x538.png 810w\" sizes=\"auto, (max-width: 1120px) 100vw, 1120px\" \/><p id=\"caption-attachment-178201\" class=\"wp-caption-text\">Cz\u0119\u015b\u0107 terenu obj\u0119tego planem sporz\u0105dzenia nowego MPZP od ul. H\u0142aski, a\u017c do skrzy\u017cowania ul. Nowy \u015awiat-Kos\u00f3w.<\/p><\/div>\n<p>Urz\u0119dnicy wskazuj\u0105, \u017ce powodem zmian jest z\u0142o\u017cony w 2019 roku wniosek i petycja mieszka\u0144c\u00f3w (podpisane odpowiednio przez 408 i 622 mieszka\u0144c\u00f3w). Autorzy tych dokument\u00f3w protestowali w sprawie budowy osiedla deweloperskiego w bezpo\u015brednim s\u0105siedztwie domk\u00f3w jednorodzinnych przy ul. G\u0142owackiego (o sprawie szeroki pisali\u015bmy tutaj &#8211;> <a href=\"https:\/\/www.24gliwice.pl\/wiadomosci\/9-blokow-i-250-mieszkan-na-polach-wojtowej-wsi-budowa-deweloperki-wstrzymana\/\" rel=\"noopener\" target=\"_blank\">9 blok\u00f3w i 250 mieszka\u0144 na polach W\u00f3jtowej Wsi. Budowa deweloperki wstrzymana<\/a>). <\/p>\n<p>Obecne zapisy MPZP (uchwalonego w 2011 roku) pozwalaj\u0105 na polach W\u00f3jtowej Wsi na powstawanie zabudowy wielorodzinnej. W praktyce oznacza to mo\u017cliwo\u015b\u0107 budowy 4-kondygnacyjnych blok\u00f3w, w tym realizacj\u0119 du\u017cych inwestycji deweloperskich. Budowa pierwszego z takich osiedli mia\u0142a ruszy\u0107 wiosn\u0105 tego roku. Miasto jednak nie wyda\u0142o pozwolenia na budow\u0119 dla firmy Nexx Sp. Z o.o. Sp.K. (deweloper odwo\u0142a\u0142 si\u0119 do wojewody \u015bl\u0105skiego).<\/p>\n<p>&#8211; Przed przygotowaniem projektu uchwa\u0142y zosta\u0142a wykonana analiza zasadno\u015bci przyst\u0105pienia do sporz\u0105dzenia miejscowego planu zagospodarowania przestrzennego miasta Gliwice, kt\u00f3rej wyniki potwierdzi\u0142y celowo\u015b\u0107 sporz\u0105dzenia nowego planu dla tego obszaru &#8211; pisz\u0105 urz\u0119dnicy w uzasadnieniu do uchwa\u0142y.<\/p>\n<div id=\"attachment_174072\" style=\"width: 820px\" class=\"wp-caption alignnone\"><img loading=\"lazy\" decoding=\"async\" aria-describedby=\"caption-attachment-174072\" src=\"https:\/\/www.24gliwice.pl\/wiadomosci\/wp-content\/uploads\/2021\/07\/wojtowa-wies-protest-2.jpg\" alt=\"\" width=\"810\" height=\"456\" class=\"size-full wp-image-174072\" srcset=\"https:\/\/www.24gliwice.pl\/wiadomosci\/wp-content\/uploads\/2021\/07\/wojtowa-wies-protest-2.jpg 810w, https:\/\/www.24gliwice.pl\/wiadomosci\/wp-content\/uploads\/2021\/07\/wojtowa-wies-protest-2-410x232.jpg 410w, https:\/\/www.24gliwice.pl\/wiadomosci\/wp-content\/uploads\/2021\/07\/wojtowa-wies-protest-2-808x455.jpg 808w, https:\/\/www.24gliwice.pl\/wiadomosci\/wp-content\/uploads\/2021\/07\/wojtowa-wies-protest-2-768x432.jpg 768w\" sizes=\"auto, (max-width: 810px) 100vw, 810px\" \/><p id=\"caption-attachment-174072\" class=\"wp-caption-text\">Transparenty mieszka\u0144c\u00f3w protestuj\u0105cych przeciwko budowie osiedla deweloperskiego w pobli\u017cu ul. G\u0142owackiego.<\/p><\/div>\n<p>Magistrat nie zdecydowa\u0142 si\u0119 jednak na szersze opracowanie planistyczne, o jakie wnioskowa\u0142a w lipcu Rada Dzielnicy W\u00f3jtowa Wie\u015b. Radni dzielnicowi wnosili o przygotowanie koncepcji programowo-planistycznej, kt\u00f3ra uwzgl\u0119dnia\u0142aby potrzeby przysz\u0142ej nowej dzielnicy &#8211; tereny zielone, drogi rowerowe, obiekty u\u017cyteczno\u015bci publicznej. Wniosek zosta\u0142 jednak odrzucony przez urz\u0119dnik\u00f3w. <\/p>\n<p>Planowane dzia\u0142ania magistratu nie obejmuj\u0105 te\u017c wszystkich teren\u00f3w le\u017c\u0105cych po p\u00f3\u0142nocnej stronie obwodnicy. Poza zakresem uchwa\u0142 znajduj\u0105 si\u0119 tereny na po\u0142udnie od przysz\u0142ego po\u0142\u0105czenia ul. Kos\u00f3w z obwodnic\u0105 &#8211; obecnie to pola prowadz\u0105ce do tzw. Wilczych Do\u0142\u00f3w. Szczeg\u00f3\u0142owe projekty uchwa\u0142 wraz z mapami <a href=\"https:\/\/bip.gliwice.eu\/radaMiasta\/sesja\/674\" rel=\"noopener\" target=\"_blank\">dost\u0119pne s\u0105 w harmonogramie sesji Rady Miasta<\/a> (pozycje 13-15)<\/p>\n<p>(msz)<\/p>\n<div class=\"gliwi-a5-na-koncu-artykulow gliwi-entity-placement\" id=\"gliwi-3644292614\"><div class=\"gliwi-adlabel\"><span style=\"font-size: 9px\">REKLAMA<\/span><\/div><div id=\"gliwi-771925651\" style=\"margin-left: auto;margin-right: auto;text-align: center;\"><a data-no-instant=\"1\" href=\"https:\/\/prezeroarenagliwice.pl\/\" rel=\"noopener\" class=\"a2t-link\" target=\"_blank\" aria-label=\"20260309-PREZERO-WIOSNA-D\"><img loading=\"lazy\" decoding=\"async\" src=\"https:\/\/www.24gliwice.pl\/wiadomosci\/wp-content\/uploads\/2026\/03\/20260309-PREZERO-WIOSNA-D.webp\" alt=\"\"  srcset=\"https:\/\/www.24gliwice.pl\/wiadomosci\/wp-content\/uploads\/2026\/03\/20260309-PREZERO-WIOSNA-D.webp 750w, https:\/\/www.24gliwice.pl\/wiadomosci\/wp-content\/uploads\/2026\/03\/20260309-PREZERO-WIOSNA-D-410x109.webp 410w\" sizes=\"(max-width: 750px) 100vw, 750px\" class=\"no-lazyload\" width=\"750\" height=\"200\"  style=\"display: inline-block; max-width: 100%; height: auto;\" \/><\/a><\/div><\/div>","protected":false},"excerpt":{"rendered":"<p>Na czwartkowej sesji Rady Miasta radni podejm\u0105 decyzj\u0119 w sprawie sporz\u0105dzenie nowego planu zagospodarowania dla teren\u00f3w p\u00f3l W\u00f3jtowej Wsi &#8211; po p\u00f3\u0142nocnej stronie obwodnicy. &nbsp; Inicjatywa Magistratu to efekt dwuletnich stara\u0144 mieszka\u0144c\u00f3w. Przyj\u0119cie uchwa\u0142y wydaje si\u0119 wi\u0119c formalno\u015bci\u0105. Sporz\u0105dzenie nowego MPZP obejmie tereny na wsch\u00f3d od ul. Stara Cegielnia i obejmie m.in. ulice S\u0142oneczne Wzg\u00f3rze, [&hellip;]<\/p>\n","protected":false},"author":12,"featured_media":178231,"comment_status":"open","ping_status":"closed","sticky":false,"template":"","format":"standard","meta":{"_monsterinsights_skip_tracking":false,"_monsterinsights_sitenote_active":false,"_monsterinsights_sitenote_note":"","_monsterinsights_sitenote_category":0,"footnotes":"","_links_to":"","_links_to_target":""},"categories":[3,1,9,8],"tags":[],"class_list":["post-178199","post","type-post","status-publish","format-standard","has-post-thumbnail","hentry","category-gliwice","category-wszystko","category-aktualnosci_lokalne","category-samorzad_polityka"],"yoast_head":"<!-- This site is optimized with the Yoast SEO plugin v27.5 - https:\/\/yoast.com\/product\/yoast-seo-wordpress\/ -->\n<title>B\u0119dzie nowy plan dla teren\u00f3w wok\u00f3\u0142 obwodnicy zachodniej. Du\u017cy sukces mieszka\u0144c\u00f3w - 24GLIWICE - Portal Gliwice | codziennie nowe informacje<\/title>\n<meta name=\"robots\" content=\"index, follow, max-snippet:-1, max-image-preview:large, max-video-preview:-1\" \/>\n<link rel=\"canonical\" href=\"https:\/\/www.24gliwice.pl\/wiadomosci\/bedzie-nowy-plan-dla-terenow-wokol-obwodnicy-zachodniej-duzy-sukces-mieszkancow\/\" \/>\n<meta property=\"og:locale\" content=\"pl_PL\" \/>\n<meta property=\"og:type\" content=\"article\" \/>\n<meta property=\"og:title\" content=\"B\u0119dzie nowy plan dla teren\u00f3w wok\u00f3\u0142 obwodnicy zachodniej. Du\u017cy sukces mieszka\u0144c\u00f3w - 24GLIWICE - Portal Gliwice | codziennie nowe informacje\" \/>\n<meta property=\"og:description\" content=\"Na czwartkowej sesji Rady Miasta radni podejm\u0105 decyzj\u0119 w sprawie sporz\u0105dzenie nowego planu zagospodarowania dla teren\u00f3w p\u00f3l W\u00f3jtowej Wsi &#8211; po p\u00f3\u0142nocnej stronie obwodnicy. &nbsp; Inicjatywa Magistratu to efekt dwuletnich stara\u0144 mieszka\u0144c\u00f3w. Przyj\u0119cie uchwa\u0142y wydaje si\u0119 wi\u0119c formalno\u015bci\u0105. Sporz\u0105dzenie nowego MPZP obejmie tereny na wsch\u00f3d od ul. Stara Cegielnia i obejmie m.in. ulice S\u0142oneczne Wzg\u00f3rze, [&hellip;]\" \/>\n<meta property=\"og:url\" content=\"https:\/\/www.24gliwice.pl\/wiadomosci\/bedzie-nowy-plan-dla-terenow-wokol-obwodnicy-zachodniej-duzy-sukces-mieszkancow\/\" \/>\n<meta property=\"og:site_name\" content=\"24GLIWICE - Portal Gliwice | codziennie nowe informacje\" \/>\n<meta property=\"article:publisher\" content=\"https:\/\/www.facebook.com\/24gliwice\" \/>\n<meta property=\"article:published_time\" content=\"2021-10-05T04:23:42+00:00\" \/>\n<meta property=\"article:modified_time\" content=\"2021-10-05T08:23:16+00:00\" \/>\n<meta property=\"og:image\" content=\"https:\/\/www.24gliwice.pl\/wiadomosci\/wp-content\/uploads\/2021\/10\/1-wojtowa-wies-protest-5.jpg\" \/>\n\t<meta property=\"og:image:width\" content=\"809\" \/>\n\t<meta property=\"og:image:height\" content=\"456\" \/>\n\t<meta property=\"og:image:type\" content=\"image\/jpeg\" \/>\n<meta name=\"author\" content=\"Micha\u0142 Szewczyk\" \/>\n<meta name=\"twitter:card\" content=\"summary_large_image\" \/>\n<meta name=\"twitter:creator\" content=\"@24gliwice\" \/>\n<meta name=\"twitter:site\" content=\"@24gliwice\" \/>\n<meta name=\"twitter:label1\" content=\"Napisane przez\" \/>\n\t<meta name=\"twitter:data1\" content=\"Micha\u0142 Szewczyk\" \/>\n\t<meta name=\"twitter:label2\" content=\"Szacowany czas czytania\" \/>\n\t<meta name=\"twitter:data2\" content=\"2 minuty\" \/>\n<script type=\"application\/ld+json\" class=\"yoast-schema-graph\">{\"@context\":\"https:\\\/\\\/schema.org\",\"@graph\":[{\"@type\":\"Article\",\"@id\":\"https:\\\/\\\/www.24gliwice.pl\\\/wiadomosci\\\/bedzie-nowy-plan-dla-terenow-wokol-obwodnicy-zachodniej-duzy-sukces-mieszkancow\\\/#article\",\"isPartOf\":{\"@id\":\"https:\\\/\\\/www.24gliwice.pl\\\/wiadomosci\\\/bedzie-nowy-plan-dla-terenow-wokol-obwodnicy-zachodniej-duzy-sukces-mieszkancow\\\/\"},\"author\":{\"name\":\"Micha\u0142 Szewczyk\",\"@id\":\"https:\\\/\\\/www.24gliwice.pl\\\/wiadomosci\\\/#\\\/schema\\\/person\\\/940e8f8a097e322de4f463f061ef8d45\"},\"headline\":\"B\u0119dzie nowy plan dla teren\u00f3w wok\u00f3\u0142 obwodnicy zachodniej. Du\u017cy sukces mieszka\u0144c\u00f3w\",\"datePublished\":\"2021-10-05T04:23:42+00:00\",\"dateModified\":\"2021-10-05T08:23:16+00:00\",\"mainEntityOfPage\":{\"@id\":\"https:\\\/\\\/www.24gliwice.pl\\\/wiadomosci\\\/bedzie-nowy-plan-dla-terenow-wokol-obwodnicy-zachodniej-duzy-sukces-mieszkancow\\\/\"},\"wordCount\":511,\"commentCount\":0,\"publisher\":{\"@id\":\"https:\\\/\\\/www.24gliwice.pl\\\/wiadomosci\\\/#organization\"},\"image\":{\"@id\":\"https:\\\/\\\/www.24gliwice.pl\\\/wiadomosci\\\/bedzie-nowy-plan-dla-terenow-wokol-obwodnicy-zachodniej-duzy-sukces-mieszkancow\\\/#primaryimage\"},\"thumbnailUrl\":\"https:\\\/\\\/www.24gliwice.pl\\\/wiadomosci\\\/wp-content\\\/uploads\\\/2021\\\/10\\\/1-wojtowa-wies-protest-5.jpg\",\"articleSection\":[\"Gliwice\",\"Najnowsze wiadomo\u015bci\",\"Portal Gliwice - Wiadomo\u015bci lokalne\",\"Samorz\u0105d, polityka\"],\"inLanguage\":\"pl-PL\",\"potentialAction\":[{\"@type\":\"CommentAction\",\"name\":\"Comment\",\"target\":[\"https:\\\/\\\/www.24gliwice.pl\\\/wiadomosci\\\/bedzie-nowy-plan-dla-terenow-wokol-obwodnicy-zachodniej-duzy-sukces-mieszkancow\\\/#respond\"]}]},{\"@type\":\"WebPage\",\"@id\":\"https:\\\/\\\/www.24gliwice.pl\\\/wiadomosci\\\/bedzie-nowy-plan-dla-terenow-wokol-obwodnicy-zachodniej-duzy-sukces-mieszkancow\\\/\",\"url\":\"https:\\\/\\\/www.24gliwice.pl\\\/wiadomosci\\\/bedzie-nowy-plan-dla-terenow-wokol-obwodnicy-zachodniej-duzy-sukces-mieszkancow\\\/\",\"name\":\"B\u0119dzie nowy plan dla teren\u00f3w wok\u00f3\u0142 obwodnicy zachodniej. Du\u017cy sukces mieszka\u0144c\u00f3w - 24GLIWICE - Portal Gliwice | codziennie nowe informacje\",\"isPartOf\":{\"@id\":\"https:\\\/\\\/www.24gliwice.pl\\\/wiadomosci\\\/#website\"},\"primaryImageOfPage\":{\"@id\":\"https:\\\/\\\/www.24gliwice.pl\\\/wiadomosci\\\/bedzie-nowy-plan-dla-terenow-wokol-obwodnicy-zachodniej-duzy-sukces-mieszkancow\\\/#primaryimage\"},\"image\":{\"@id\":\"https:\\\/\\\/www.24gliwice.pl\\\/wiadomosci\\\/bedzie-nowy-plan-dla-terenow-wokol-obwodnicy-zachodniej-duzy-sukces-mieszkancow\\\/#primaryimage\"},\"thumbnailUrl\":\"https:\\\/\\\/www.24gliwice.pl\\\/wiadomosci\\\/wp-content\\\/uploads\\\/2021\\\/10\\\/1-wojtowa-wies-protest-5.jpg\",\"datePublished\":\"2021-10-05T04:23:42+00:00\",\"dateModified\":\"2021-10-05T08:23:16+00:00\",\"breadcrumb\":{\"@id\":\"https:\\\/\\\/www.24gliwice.pl\\\/wiadomosci\\\/bedzie-nowy-plan-dla-terenow-wokol-obwodnicy-zachodniej-duzy-sukces-mieszkancow\\\/#breadcrumb\"},\"inLanguage\":\"pl-PL\",\"potentialAction\":[{\"@type\":\"ReadAction\",\"target\":[\"https:\\\/\\\/www.24gliwice.pl\\\/wiadomosci\\\/bedzie-nowy-plan-dla-terenow-wokol-obwodnicy-zachodniej-duzy-sukces-mieszkancow\\\/\"]}]},{\"@type\":\"ImageObject\",\"inLanguage\":\"pl-PL\",\"@id\":\"https:\\\/\\\/www.24gliwice.pl\\\/wiadomosci\\\/bedzie-nowy-plan-dla-terenow-wokol-obwodnicy-zachodniej-duzy-sukces-mieszkancow\\\/#primaryimage\",\"url\":\"https:\\\/\\\/www.24gliwice.pl\\\/wiadomosci\\\/wp-content\\\/uploads\\\/2021\\\/10\\\/1-wojtowa-wies-protest-5.jpg\",\"contentUrl\":\"https:\\\/\\\/www.24gliwice.pl\\\/wiadomosci\\\/wp-content\\\/uploads\\\/2021\\\/10\\\/1-wojtowa-wies-protest-5.jpg\",\"width\":809,\"height\":456},{\"@type\":\"BreadcrumbList\",\"@id\":\"https:\\\/\\\/www.24gliwice.pl\\\/wiadomosci\\\/bedzie-nowy-plan-dla-terenow-wokol-obwodnicy-zachodniej-duzy-sukces-mieszkancow\\\/#breadcrumb\",\"itemListElement\":[{\"@type\":\"ListItem\",\"position\":1,\"name\":\"Strona g\u0142\u00f3wna\",\"item\":\"https:\\\/\\\/www.24gliwice.pl\\\/wiadomosci\\\/\"},{\"@type\":\"ListItem\",\"position\":2,\"name\":\"B\u0119dzie nowy plan dla teren\u00f3w wok\u00f3\u0142 obwodnicy zachodniej. Du\u017cy sukces mieszka\u0144c\u00f3w\"}]},{\"@type\":\"WebSite\",\"@id\":\"https:\\\/\\\/www.24gliwice.pl\\\/wiadomosci\\\/#website\",\"url\":\"https:\\\/\\\/www.24gliwice.pl\\\/wiadomosci\\\/\",\"name\":\"24GLIWICE - Portal Gliwice | codziennie nowe wiadomo\u015bci\",\"description\":\"Portal Miejski Gliwice\",\"publisher\":{\"@id\":\"https:\\\/\\\/www.24gliwice.pl\\\/wiadomosci\\\/#organization\"},\"potentialAction\":[{\"@type\":\"SearchAction\",\"target\":{\"@type\":\"EntryPoint\",\"urlTemplate\":\"https:\\\/\\\/www.24gliwice.pl\\\/wiadomosci\\\/?s={search_term_string}\"},\"query-input\":{\"@type\":\"PropertyValueSpecification\",\"valueRequired\":true,\"valueName\":\"search_term_string\"}}],\"inLanguage\":\"pl-PL\"},{\"@type\":\"Organization\",\"@id\":\"https:\\\/\\\/www.24gliwice.pl\\\/wiadomosci\\\/#organization\",\"name\":\"24gliwice\",\"url\":\"https:\\\/\\\/www.24gliwice.pl\\\/wiadomosci\\\/\",\"logo\":{\"@type\":\"ImageObject\",\"inLanguage\":\"pl-PL\",\"@id\":\"https:\\\/\\\/www.24gliwice.pl\\\/wiadomosci\\\/#\\\/schema\\\/logo\\\/image\\\/\",\"url\":\"https:\\\/\\\/www.24gliwice.pl\\\/wiadomosci\\\/wp-content\\\/uploads\\\/2024\\\/10\\\/24gliwice-logo-696.jpg\",\"contentUrl\":\"https:\\\/\\\/www.24gliwice.pl\\\/wiadomosci\\\/wp-content\\\/uploads\\\/2024\\\/10\\\/24gliwice-logo-696.jpg\",\"width\":696,\"height\":696,\"caption\":\"24gliwice\"},\"image\":{\"@id\":\"https:\\\/\\\/www.24gliwice.pl\\\/wiadomosci\\\/#\\\/schema\\\/logo\\\/image\\\/\"},\"sameAs\":[\"https:\\\/\\\/www.facebook.com\\\/24gliwice\",\"https:\\\/\\\/x.com\\\/24gliwice\",\"https:\\\/\\\/www.youtube.com\\\/@24gliwice\"]},{\"@type\":\"Person\",\"@id\":\"https:\\\/\\\/www.24gliwice.pl\\\/wiadomosci\\\/#\\\/schema\\\/person\\\/940e8f8a097e322de4f463f061ef8d45\",\"name\":\"Micha\u0142 Szewczyk\",\"image\":{\"@type\":\"ImageObject\",\"inLanguage\":\"pl-PL\",\"@id\":\"https:\\\/\\\/secure.gravatar.com\\\/avatar\\\/771b8b6c74cd8d255e46392d605e01a86133900ef09b6ef3c8d451c9d92288cf?s=96&d=mm&r=g\",\"url\":\"https:\\\/\\\/secure.gravatar.com\\\/avatar\\\/771b8b6c74cd8d255e46392d605e01a86133900ef09b6ef3c8d451c9d92288cf?s=96&d=mm&r=g\",\"contentUrl\":\"https:\\\/\\\/secure.gravatar.com\\\/avatar\\\/771b8b6c74cd8d255e46392d605e01a86133900ef09b6ef3c8d451c9d92288cf?s=96&d=mm&r=g\",\"caption\":\"Micha\u0142 Szewczyk\"},\"sameAs\":[\"http:\\\/\\\/www.gazeta-miejska.pl\"],\"url\":\"https:\\\/\\\/www.24gliwice.pl\\\/wiadomosci\\\/author\\\/michal-szewczyk\\\/\"}]}<\/script>\n<!-- \/ Yoast SEO plugin. -->","yoast_head_json":{"title":"B\u0119dzie nowy plan dla teren\u00f3w wok\u00f3\u0142 obwodnicy zachodniej. Du\u017cy sukces mieszka\u0144c\u00f3w - 24GLIWICE - Portal Gliwice | codziennie nowe informacje","robots":{"index":"index","follow":"follow","max-snippet":"max-snippet:-1","max-image-preview":"max-image-preview:large","max-video-preview":"max-video-preview:-1"},"canonical":"https:\/\/www.24gliwice.pl\/wiadomosci\/bedzie-nowy-plan-dla-terenow-wokol-obwodnicy-zachodniej-duzy-sukces-mieszkancow\/","og_locale":"pl_PL","og_type":"article","og_title":"B\u0119dzie nowy plan dla teren\u00f3w wok\u00f3\u0142 obwodnicy zachodniej. Du\u017cy sukces mieszka\u0144c\u00f3w - 24GLIWICE - Portal Gliwice | codziennie nowe informacje","og_description":"Na czwartkowej sesji Rady Miasta radni podejm\u0105 decyzj\u0119 w sprawie sporz\u0105dzenie nowego planu zagospodarowania dla teren\u00f3w p\u00f3l W\u00f3jtowej Wsi &#8211; po p\u00f3\u0142nocnej stronie obwodnicy. &nbsp; Inicjatywa Magistratu to efekt dwuletnich stara\u0144 mieszka\u0144c\u00f3w. Przyj\u0119cie uchwa\u0142y wydaje si\u0119 wi\u0119c formalno\u015bci\u0105. Sporz\u0105dzenie nowego MPZP obejmie tereny na wsch\u00f3d od ul. Stara Cegielnia i obejmie m.in. ulice S\u0142oneczne Wzg\u00f3rze, [&hellip;]","og_url":"https:\/\/www.24gliwice.pl\/wiadomosci\/bedzie-nowy-plan-dla-terenow-wokol-obwodnicy-zachodniej-duzy-sukces-mieszkancow\/","og_site_name":"24GLIWICE - Portal Gliwice | codziennie nowe informacje","article_publisher":"https:\/\/www.facebook.com\/24gliwice","article_published_time":"2021-10-05T04:23:42+00:00","article_modified_time":"2021-10-05T08:23:16+00:00","og_image":[{"width":809,"height":456,"url":"https:\/\/www.24gliwice.pl\/wiadomosci\/wp-content\/uploads\/2021\/10\/1-wojtowa-wies-protest-5.jpg","type":"image\/jpeg"}],"author":"Micha\u0142 Szewczyk","twitter_card":"summary_large_image","twitter_creator":"@24gliwice","twitter_site":"@24gliwice","twitter_misc":{"Napisane przez":"Micha\u0142 Szewczyk","Szacowany czas czytania":"2 minuty"},"schema":{"@context":"https:\/\/schema.org","@graph":[{"@type":"Article","@id":"https:\/\/www.24gliwice.pl\/wiadomosci\/bedzie-nowy-plan-dla-terenow-wokol-obwodnicy-zachodniej-duzy-sukces-mieszkancow\/#article","isPartOf":{"@id":"https:\/\/www.24gliwice.pl\/wiadomosci\/bedzie-nowy-plan-dla-terenow-wokol-obwodnicy-zachodniej-duzy-sukces-mieszkancow\/"},"author":{"name":"Micha\u0142 Szewczyk","@id":"https:\/\/www.24gliwice.pl\/wiadomosci\/#\/schema\/person\/940e8f8a097e322de4f463f061ef8d45"},"headline":"B\u0119dzie nowy plan dla teren\u00f3w wok\u00f3\u0142 obwodnicy zachodniej. Du\u017cy sukces mieszka\u0144c\u00f3w","datePublished":"2021-10-05T04:23:42+00:00","dateModified":"2021-10-05T08:23:16+00:00","mainEntityOfPage":{"@id":"https:\/\/www.24gliwice.pl\/wiadomosci\/bedzie-nowy-plan-dla-terenow-wokol-obwodnicy-zachodniej-duzy-sukces-mieszkancow\/"},"wordCount":511,"commentCount":0,"publisher":{"@id":"https:\/\/www.24gliwice.pl\/wiadomosci\/#organization"},"image":{"@id":"https:\/\/www.24gliwice.pl\/wiadomosci\/bedzie-nowy-plan-dla-terenow-wokol-obwodnicy-zachodniej-duzy-sukces-mieszkancow\/#primaryimage"},"thumbnailUrl":"https:\/\/www.24gliwice.pl\/wiadomosci\/wp-content\/uploads\/2021\/10\/1-wojtowa-wies-protest-5.jpg","articleSection":["Gliwice","Najnowsze wiadomo\u015bci","Portal Gliwice - Wiadomo\u015bci lokalne","Samorz\u0105d, polityka"],"inLanguage":"pl-PL","potentialAction":[{"@type":"CommentAction","name":"Comment","target":["https:\/\/www.24gliwice.pl\/wiadomosci\/bedzie-nowy-plan-dla-terenow-wokol-obwodnicy-zachodniej-duzy-sukces-mieszkancow\/#respond"]}]},{"@type":"WebPage","@id":"https:\/\/www.24gliwice.pl\/wiadomosci\/bedzie-nowy-plan-dla-terenow-wokol-obwodnicy-zachodniej-duzy-sukces-mieszkancow\/","url":"https:\/\/www.24gliwice.pl\/wiadomosci\/bedzie-nowy-plan-dla-terenow-wokol-obwodnicy-zachodniej-duzy-sukces-mieszkancow\/","name":"B\u0119dzie nowy plan dla teren\u00f3w wok\u00f3\u0142 obwodnicy zachodniej. Du\u017cy sukces mieszka\u0144c\u00f3w - 24GLIWICE - Portal Gliwice | codziennie nowe informacje","isPartOf":{"@id":"https:\/\/www.24gliwice.pl\/wiadomosci\/#website"},"primaryImageOfPage":{"@id":"https:\/\/www.24gliwice.pl\/wiadomosci\/bedzie-nowy-plan-dla-terenow-wokol-obwodnicy-zachodniej-duzy-sukces-mieszkancow\/#primaryimage"},"image":{"@id":"https:\/\/www.24gliwice.pl\/wiadomosci\/bedzie-nowy-plan-dla-terenow-wokol-obwodnicy-zachodniej-duzy-sukces-mieszkancow\/#primaryimage"},"thumbnailUrl":"https:\/\/www.24gliwice.pl\/wiadomosci\/wp-content\/uploads\/2021\/10\/1-wojtowa-wies-protest-5.jpg","datePublished":"2021-10-05T04:23:42+00:00","dateModified":"2021-10-05T08:23:16+00:00","breadcrumb":{"@id":"https:\/\/www.24gliwice.pl\/wiadomosci\/bedzie-nowy-plan-dla-terenow-wokol-obwodnicy-zachodniej-duzy-sukces-mieszkancow\/#breadcrumb"},"inLanguage":"pl-PL","potentialAction":[{"@type":"ReadAction","target":["https:\/\/www.24gliwice.pl\/wiadomosci\/bedzie-nowy-plan-dla-terenow-wokol-obwodnicy-zachodniej-duzy-sukces-mieszkancow\/"]}]},{"@type":"ImageObject","inLanguage":"pl-PL","@id":"https:\/\/www.24gliwice.pl\/wiadomosci\/bedzie-nowy-plan-dla-terenow-wokol-obwodnicy-zachodniej-duzy-sukces-mieszkancow\/#primaryimage","url":"https:\/\/www.24gliwice.pl\/wiadomosci\/wp-content\/uploads\/2021\/10\/1-wojtowa-wies-protest-5.jpg","contentUrl":"https:\/\/www.24gliwice.pl\/wiadomosci\/wp-content\/uploads\/2021\/10\/1-wojtowa-wies-protest-5.jpg","width":809,"height":456},{"@type":"BreadcrumbList","@id":"https:\/\/www.24gliwice.pl\/wiadomosci\/bedzie-nowy-plan-dla-terenow-wokol-obwodnicy-zachodniej-duzy-sukces-mieszkancow\/#breadcrumb","itemListElement":[{"@type":"ListItem","position":1,"name":"Strona g\u0142\u00f3wna","item":"https:\/\/www.24gliwice.pl\/wiadomosci\/"},{"@type":"ListItem","position":2,"name":"B\u0119dzie nowy plan dla teren\u00f3w wok\u00f3\u0142 obwodnicy zachodniej. Du\u017cy sukces mieszka\u0144c\u00f3w"}]},{"@type":"WebSite","@id":"https:\/\/www.24gliwice.pl\/wiadomosci\/#website","url":"https:\/\/www.24gliwice.pl\/wiadomosci\/","name":"24GLIWICE - Portal Gliwice | codziennie nowe wiadomo\u015bci","description":"Portal Miejski Gliwice","publisher":{"@id":"https:\/\/www.24gliwice.pl\/wiadomosci\/#organization"},"potentialAction":[{"@type":"SearchAction","target":{"@type":"EntryPoint","urlTemplate":"https:\/\/www.24gliwice.pl\/wiadomosci\/?s={search_term_string}"},"query-input":{"@type":"PropertyValueSpecification","valueRequired":true,"valueName":"search_term_string"}}],"inLanguage":"pl-PL"},{"@type":"Organization","@id":"https:\/\/www.24gliwice.pl\/wiadomosci\/#organization","name":"24gliwice","url":"https:\/\/www.24gliwice.pl\/wiadomosci\/","logo":{"@type":"ImageObject","inLanguage":"pl-PL","@id":"https:\/\/www.24gliwice.pl\/wiadomosci\/#\/schema\/logo\/image\/","url":"https:\/\/www.24gliwice.pl\/wiadomosci\/wp-content\/uploads\/2024\/10\/24gliwice-logo-696.jpg","contentUrl":"https:\/\/www.24gliwice.pl\/wiadomosci\/wp-content\/uploads\/2024\/10\/24gliwice-logo-696.jpg","width":696,"height":696,"caption":"24gliwice"},"image":{"@id":"https:\/\/www.24gliwice.pl\/wiadomosci\/#\/schema\/logo\/image\/"},"sameAs":["https:\/\/www.facebook.com\/24gliwice","https:\/\/x.com\/24gliwice","https:\/\/www.youtube.com\/@24gliwice"]},{"@type":"Person","@id":"https:\/\/www.24gliwice.pl\/wiadomosci\/#\/schema\/person\/940e8f8a097e322de4f463f061ef8d45","name":"Micha\u0142 Szewczyk","image":{"@type":"ImageObject","inLanguage":"pl-PL","@id":"https:\/\/secure.gravatar.com\/avatar\/771b8b6c74cd8d255e46392d605e01a86133900ef09b6ef3c8d451c9d92288cf?s=96&d=mm&r=g","url":"https:\/\/secure.gravatar.com\/avatar\/771b8b6c74cd8d255e46392d605e01a86133900ef09b6ef3c8d451c9d92288cf?s=96&d=mm&r=g","contentUrl":"https:\/\/secure.gravatar.com\/avatar\/771b8b6c74cd8d255e46392d605e01a86133900ef09b6ef3c8d451c9d92288cf?s=96&d=mm&r=g","caption":"Micha\u0142 Szewczyk"},"sameAs":["http:\/\/www.gazeta-miejska.pl"],"url":"https:\/\/www.24gliwice.pl\/wiadomosci\/author\/michal-szewczyk\/"}]}},"_links":{"self":[{"href":"https:\/\/www.24gliwice.pl\/wiadomosci\/wp-json\/wp\/v2\/posts\/178199","targetHints":{"allow":["GET"]}}],"collection":[{"href":"https:\/\/www.24gliwice.pl\/wiadomosci\/wp-json\/wp\/v2\/posts"}],"about":[{"href":"https:\/\/www.24gliwice.pl\/wiadomosci\/wp-json\/wp\/v2\/types\/post"}],"author":[{"embeddable":true,"href":"https:\/\/www.24gliwice.pl\/wiadomosci\/wp-json\/wp\/v2\/users\/12"}],"replies":[{"embeddable":true,"href":"https:\/\/www.24gliwice.pl\/wiadomosci\/wp-json\/wp\/v2\/comments?post=178199"}],"version-history":[{"count":0,"href":"https:\/\/www.24gliwice.pl\/wiadomosci\/wp-json\/wp\/v2\/posts\/178199\/revisions"}],"wp:featuredmedia":[{"embeddable":true,"href":"https:\/\/www.24gliwice.pl\/wiadomosci\/wp-json\/wp\/v2\/media\/178231"}],"wp:attachment":[{"href":"https:\/\/www.24gliwice.pl\/wiadomosci\/wp-json\/wp\/v2\/media?parent=178199"}],"wp:term":[{"taxonomy":"category","embeddable":true,"href":"https:\/\/www.24gliwice.pl\/wiadomosci\/wp-json\/wp\/v2\/categories?post=178199"},{"taxonomy":"post_tag","embeddable":true,"href":"https:\/\/www.24gliwice.pl\/wiadomosci\/wp-json\/wp\/v2\/tags?post=178199"}],"curies":[{"name":"wp","href":"https:\/\/api.w.org\/{rel}","templated":true}]}}