{"id":179403,"date":"2021-10-22T04:55:20","date_gmt":"2021-10-22T02:55:20","guid":{"rendered":"https:\/\/www.24gliwice.pl\/wiadomosci\/?p=179403"},"modified":"2021-10-21T22:20:59","modified_gmt":"2021-10-21T20:20:59","slug":"meble-na-gieldzie-samochodowej-ekspozycje-polskich-producentow-mozna-tu-ogladac-przez-caly-tydzien","status":"publish","type":"post","link":"https:\/\/www.24gliwice.pl\/wiadomosci\/meble-na-gieldzie-samochodowej-ekspozycje-polskich-producentow-mozna-tu-ogladac-przez-caly-tydzien\/","title":{"rendered":"Meble na gie\u0142dzie samochodowej. Ekspozycje polskich producent\u00f3w mo\u017cna tu ogl\u0105da\u0107 przez ca\u0142y tydzie\u0144"},"content":{"rendered":"<div class=\"gliwi-a6-nad-leadem-artykulow gliwi-entity-placement\" id=\"gliwi-2147579214\"><div class=\"gliwi-adlabel\"><span style=\"font-size: 9px\">REKLAMA<\/span><\/div><div id=\"gliwi-2157945048\" style=\"margin-bottom: 30px;margin-left: auto;margin-right: auto;text-align: center;\"><a data-no-instant=\"1\" href=\"https:\/\/przedszkole.halogen.org.pl\/\" rel=\"noopener\" class=\"a2t-link\" target=\"_blank\" aria-label=\"20260402-ANIMATOR-przedszkole_grafika_750x200\"><img loading=\"lazy\" decoding=\"async\" src=\"https:\/\/www.24gliwice.pl\/wiadomosci\/wp-content\/uploads\/2026\/04\/20260402-ANIMATOR-przedszkole_grafika_750x200.webp\" alt=\"\"  srcset=\"https:\/\/www.24gliwice.pl\/wiadomosci\/wp-content\/uploads\/2026\/04\/20260402-ANIMATOR-przedszkole_grafika_750x200.webp 750w, https:\/\/www.24gliwice.pl\/wiadomosci\/wp-content\/uploads\/2026\/04\/20260402-ANIMATOR-przedszkole_grafika_750x200-410x109.webp 410w\" sizes=\"(max-width: 750px) 100vw, 750px\" class=\"no-lazyload\" width=\"750\" height=\"200\"  style=\"display: inline-block; max-width: 100%; height: auto;\" \/><\/a><\/div><\/div><h2>Rozrasta si\u0119 cz\u0119\u015b\u0107 meblowa na gliwickiej gie\u0142dzie samochodowej. Wyprodukowane przez polskich producent\u00f3w i stolarnie elementy wyposa\u017cenia domu mo\u017cna tu naby\u0107 siedem dni w tygodniu, tak\u017ce w niedziele niehandlowe.<\/h2>\n<p>&nbsp;<br \/>\nWcze\u015bniej dzia\u0142a\u0142a tu ju\u017c hala, w kt\u00f3rej sprzedawane by\u0142y meble, teraz w jej pobli\u017cu utworzono nowy sektor \u2013 MEBLE, kt\u00f3ry od pocz\u0105tku pa\u017adziernika funkcjonuje przy ulicy B\u0142onie.<\/p>\n<p><a href=\"https:\/\/www.24gliwice.pl\/wiadomosci\/wp-content\/uploads\/2021\/10\/meble-na-gieldzie-samochodowej3.jpg\"><img loading=\"lazy\" decoding=\"async\" src=\"https:\/\/www.24gliwice.pl\/wiadomosci\/wp-content\/uploads\/2021\/10\/meble-na-gieldzie-samochodowej3.jpg\" alt=\"\" width=\"810\" height=\"408\" class=\"alignnone size-full wp-image-179408\" srcset=\"https:\/\/www.24gliwice.pl\/wiadomosci\/wp-content\/uploads\/2021\/10\/meble-na-gieldzie-samochodowej3.jpg 810w, https:\/\/www.24gliwice.pl\/wiadomosci\/wp-content\/uploads\/2021\/10\/meble-na-gieldzie-samochodowej3-410x207.jpg 410w, https:\/\/www.24gliwice.pl\/wiadomosci\/wp-content\/uploads\/2021\/10\/meble-na-gieldzie-samochodowej3-768x387.jpg 768w\" sizes=\"auto, (max-width: 810px) 100vw, 810px\" \/><\/a><\/p>\n<p>&#8211; <em>Warto doda\u0107, \u017ce sama sprzeda\u017c mebli na Gie\u0142dzie nie jest nowo\u015bci\u0105. Taki asortyment prezentowany by\u0142 od wielu lat w sektorze \u201eDom i otoczenie\u201d. Jednak w zwi\u0105zku z rosn\u0105cym zainteresowaniem kupuj\u0105cych i powi\u0119kszaj\u0105c\u0105 si\u0119 stale ofert\u0105 sprzedaj\u0105cych \u2013 zapad\u0142a decyzja o wyodr\u0119bnieniu osobnego sektora \u201eMeble\u201d<\/em> &#8211; informuje rzeczniczka MZUK, <strong>Marzena Sosnowska<\/strong>. <\/p><div class=\"gliwi-a3-w-tresci-artykulow gliwi-entity-placement\" id=\"gliwi-278950553\"><div class=\"gliwi-adlabel\"><span style=\"font-size: 9px\">REKLAMA<\/span><\/div><div id=\"gliwi-1796874292\" style=\"margin-bottom: 30px;margin-left: auto;margin-right: auto;text-align: center;\"><a data-no-instant=\"1\" href=\"https:\/\/zlobek.halogen.org.pl\/\" rel=\"noopener\" class=\"a2t-link\" target=\"_blank\" aria-label=\"animator-zlobek_750x200\"><img loading=\"lazy\" decoding=\"async\" src=\"https:\/\/www.24gliwice.pl\/wiadomosci\/wp-content\/uploads\/2026\/02\/animator-zlobek_750x200.webp\" alt=\"\"  srcset=\"https:\/\/www.24gliwice.pl\/wiadomosci\/wp-content\/uploads\/2026\/02\/animator-zlobek_750x200.webp 750w, https:\/\/www.24gliwice.pl\/wiadomosci\/wp-content\/uploads\/2026\/02\/animator-zlobek_750x200-410x109.webp 410w\" sizes=\"(max-width: 750px) 100vw, 750px\" class=\"no-lazyload\" width=\"750\" height=\"200\"  style=\"display: inline-block; max-width: 100%; height: auto;\" \/><\/a><\/div><\/div>\n<h4>Aktualnie w Hali swoj\u0105 ofert\u0119 prezentuje 13 wystawc\u00f3w, w sektorze \u2013 23. Sprzedaj\u0105cy przyje\u017cd\u017caj\u0105 do nas nie tylko ze \u015al\u0105ska, ale tak\u017ce w wojew\u00f3dztw \u0142\u00f3dzkiego i ma\u0142opolskiego.<\/h4>\n<p>\u2013 Kupuj\u0105c meble na Gie\u0142dzie, wspieramy polskich producent\u00f3w. S\u0105 to produkty wysokiej jako\u015bci, robione na zlecenie kupuj\u0105cego. W przypadku mebli tapicerowanych mamy mo\u017cliwo\u015b\u0107 wyboru obicia z szerokiej gamy tkanin. Zam\u00f3wimy meble kuchenne na wymiar. Kupuj\u0105c st\u00f3\u0142, komod\u0119 lub krzes\u0142a \u2013 r\u00f3wnie\u017c wybieramy kolor wyko\u0144czenia drewna\/okleiny. Czyli wszystko zgodnie z naszymi oczekiwaniami. Widzimy, \u017ce klienci ceni\u0105 to indywidualne podej\u015bcie. Dzi\u0119ki temu, \u017ce kupujemy bezpo\u015brednio u wytw\u00f3rc\u00f3w mebli \u2013 cz\u0119sto cena jest bardziej atrakcyjna ni\u017c w popularnych sklepach meblowych \u2013 m\u00f3wi <strong>Pawe\u0142 Tyrakowski<\/strong>, kierownik Gie\u0142dy.<\/p>\n<p><a href=\"https:\/\/www.24gliwice.pl\/wiadomosci\/wp-content\/uploads\/2021\/10\/meble-na-gieldzie-samochodowej4.jpg\"><img loading=\"lazy\" decoding=\"async\" src=\"https:\/\/www.24gliwice.pl\/wiadomosci\/wp-content\/uploads\/2021\/10\/meble-na-gieldzie-samochodowej4.jpg\" alt=\"\" width=\"720\" height=\"554\" class=\"alignnone size-full wp-image-179409\" srcset=\"https:\/\/www.24gliwice.pl\/wiadomosci\/wp-content\/uploads\/2021\/10\/meble-na-gieldzie-samochodowej4.jpg 720w, https:\/\/www.24gliwice.pl\/wiadomosci\/wp-content\/uploads\/2021\/10\/meble-na-gieldzie-samochodowej4-302x232.jpg 302w, https:\/\/www.24gliwice.pl\/wiadomosci\/wp-content\/uploads\/2021\/10\/meble-na-gieldzie-samochodowej4-591x455.jpg 591w\" sizes=\"auto, (max-width: 720px) 100vw, 720px\" \/><\/a><\/p>\n<p>Ekspozycje przygotowane przez producent\u00f3w mebli, mo\u017cna ogl\u0105da\u0107 przez ca\u0142y tydzie\u0144. Znajdziemy tam: krzes\u0142a, sto\u0142y, \u0142\u00f3\u017cka, naro\u017cniki, fotele, komody, witryny. Zainteresowani otrzymaj\u0105 na miejscu namiary na sprzedawc\u00f3w: wystarczy skontaktowa\u0107 si\u0119 i um\u00f3wi\u0107 termin spotkania.<\/p>\n<p>(\u017cms)\/MZUK Gliwice<br \/>\nfot. MZUK Gliwice<\/p>\n<div class=\"gliwi-a5-na-koncu-artykulow gliwi-entity-placement\" id=\"gliwi-3263283619\"><div class=\"gliwi-adlabel\"><span style=\"font-size: 9px\">REKLAMA<\/span><\/div><div id=\"gliwi-867434956\" style=\"margin-left: auto;margin-right: auto;text-align: center;\"><a data-no-instant=\"1\" href=\"https:\/\/prezeroarenagliwice.pl\/\" rel=\"noopener\" class=\"a2t-link\" target=\"_blank\" aria-label=\"20260309-PREZERO-WIOSNA-D\"><img loading=\"lazy\" decoding=\"async\" src=\"https:\/\/www.24gliwice.pl\/wiadomosci\/wp-content\/uploads\/2026\/03\/20260309-PREZERO-WIOSNA-D.webp\" alt=\"\"  srcset=\"https:\/\/www.24gliwice.pl\/wiadomosci\/wp-content\/uploads\/2026\/03\/20260309-PREZERO-WIOSNA-D.webp 750w, https:\/\/www.24gliwice.pl\/wiadomosci\/wp-content\/uploads\/2026\/03\/20260309-PREZERO-WIOSNA-D-410x109.webp 410w\" sizes=\"(max-width: 750px) 100vw, 750px\" class=\"no-lazyload\" width=\"750\" height=\"200\"  style=\"display: inline-block; max-width: 100%; height: auto;\" \/><\/a><\/div><\/div>","protected":false},"excerpt":{"rendered":"<p>Rozrasta si\u0119 cz\u0119\u015b\u0107 meblowa na gliwickiej gie\u0142dzie samochodowej. Wyprodukowane przez polskich producent\u00f3w i stolarnie elementy wyposa\u017cenia domu mo\u017cna tu naby\u0107 siedem dni w tygodniu, tak\u017ce w niedziele niehandlowe. &nbsp; Wcze\u015bniej dzia\u0142a\u0142a tu ju\u017c hala, w kt\u00f3rej sprzedawane by\u0142y meble, teraz w jej pobli\u017cu utworzono nowy sektor \u2013 MEBLE, kt\u00f3ry od pocz\u0105tku pa\u017adziernika funkcjonuje przy ulicy [&hellip;]<\/p>\n","protected":false},"author":15,"featured_media":179407,"comment_status":"open","ping_status":"closed","sticky":false,"template":"","format":"standard","meta":{"_monsterinsights_skip_tracking":false,"_monsterinsights_sitenote_active":false,"_monsterinsights_sitenote_note":"","_monsterinsights_sitenote_category":0,"footnotes":"","_links_to":"","_links_to_target":""},"categories":[3,1],"tags":[10998],"class_list":["post-179403","post","type-post","status-publish","format-standard","has-post-thumbnail","hentry","category-gliwice","category-wszystko","tag-gielda-samochodowa"],"yoast_head":"<!-- This site is optimized with the Yoast SEO plugin v27.4 - https:\/\/yoast.com\/product\/yoast-seo-wordpress\/ -->\n<title>Meble na gie\u0142dzie samochodowej. Ekspozycje polskich producent\u00f3w mo\u017cna tu ogl\u0105da\u0107 przez ca\u0142y tydzie\u0144 - 24GLIWICE - Portal Gliwice | codziennie nowe informacje<\/title>\n<meta name=\"robots\" content=\"index, follow, max-snippet:-1, max-image-preview:large, max-video-preview:-1\" \/>\n<link rel=\"canonical\" href=\"https:\/\/www.24gliwice.pl\/wiadomosci\/meble-na-gieldzie-samochodowej-ekspozycje-polskich-producentow-mozna-tu-ogladac-przez-caly-tydzien\/\" \/>\n<meta property=\"og:locale\" content=\"pl_PL\" \/>\n<meta property=\"og:type\" content=\"article\" \/>\n<meta property=\"og:title\" content=\"Meble na gie\u0142dzie samochodowej. Ekspozycje polskich producent\u00f3w mo\u017cna tu ogl\u0105da\u0107 przez ca\u0142y tydzie\u0144 - 24GLIWICE - Portal Gliwice | codziennie nowe informacje\" \/>\n<meta property=\"og:description\" content=\"Rozrasta si\u0119 cz\u0119\u015b\u0107 meblowa na gliwickiej gie\u0142dzie samochodowej. Wyprodukowane przez polskich producent\u00f3w i stolarnie elementy wyposa\u017cenia domu mo\u017cna tu naby\u0107 siedem dni w tygodniu, tak\u017ce w niedziele niehandlowe. &nbsp; Wcze\u015bniej dzia\u0142a\u0142a tu ju\u017c hala, w kt\u00f3rej sprzedawane by\u0142y meble, teraz w jej pobli\u017cu utworzono nowy sektor \u2013 MEBLE, kt\u00f3ry od pocz\u0105tku pa\u017adziernika funkcjonuje przy ulicy [&hellip;]\" \/>\n<meta property=\"og:url\" content=\"https:\/\/www.24gliwice.pl\/wiadomosci\/meble-na-gieldzie-samochodowej-ekspozycje-polskich-producentow-mozna-tu-ogladac-przez-caly-tydzien\/\" \/>\n<meta property=\"og:site_name\" content=\"24GLIWICE - Portal Gliwice | codziennie nowe informacje\" \/>\n<meta property=\"article:publisher\" content=\"https:\/\/www.facebook.com\/24gliwice\" \/>\n<meta property=\"article:published_time\" content=\"2021-10-22T02:55:20+00:00\" \/>\n<meta property=\"og:image\" content=\"https:\/\/www.24gliwice.pl\/wiadomosci\/wp-content\/uploads\/2021\/10\/meble-na-gieldzie-samochodowej.jpg\" \/>\n\t<meta property=\"og:image:width\" content=\"810\" \/>\n\t<meta property=\"og:image:height\" content=\"456\" \/>\n\t<meta property=\"og:image:type\" content=\"image\/jpeg\" \/>\n<meta name=\"author\" content=\"\u017baneta Mrozek-Siewierska\" \/>\n<meta name=\"twitter:card\" content=\"summary_large_image\" \/>\n<meta name=\"twitter:creator\" content=\"@24gliwice\" \/>\n<meta name=\"twitter:site\" content=\"@24gliwice\" \/>\n<meta name=\"twitter:label1\" content=\"Napisane przez\" \/>\n\t<meta name=\"twitter:data1\" content=\"\u017baneta Mrozek-Siewierska\" \/>\n\t<meta name=\"twitter:label2\" content=\"Szacowany czas czytania\" \/>\n\t<meta name=\"twitter:data2\" content=\"2 minuty\" \/>\n<script type=\"application\/ld+json\" class=\"yoast-schema-graph\">{\"@context\":\"https:\\\/\\\/schema.org\",\"@graph\":[{\"@type\":\"Article\",\"@id\":\"https:\\\/\\\/www.24gliwice.pl\\\/wiadomosci\\\/meble-na-gieldzie-samochodowej-ekspozycje-polskich-producentow-mozna-tu-ogladac-przez-caly-tydzien\\\/#article\",\"isPartOf\":{\"@id\":\"https:\\\/\\\/www.24gliwice.pl\\\/wiadomosci\\\/meble-na-gieldzie-samochodowej-ekspozycje-polskich-producentow-mozna-tu-ogladac-przez-caly-tydzien\\\/\"},\"author\":{\"name\":\"\u017baneta Mrozek-Siewierska\",\"@id\":\"https:\\\/\\\/www.24gliwice.pl\\\/wiadomosci\\\/#\\\/schema\\\/person\\\/e42c650edd7f2fa332be3811fb166b6e\"},\"headline\":\"Meble na gie\u0142dzie samochodowej. Ekspozycje polskich producent\u00f3w mo\u017cna tu ogl\u0105da\u0107 przez ca\u0142y tydzie\u0144\",\"datePublished\":\"2021-10-22T02:55:20+00:00\",\"mainEntityOfPage\":{\"@id\":\"https:\\\/\\\/www.24gliwice.pl\\\/wiadomosci\\\/meble-na-gieldzie-samochodowej-ekspozycje-polskich-producentow-mozna-tu-ogladac-przez-caly-tydzien\\\/\"},\"wordCount\":327,\"commentCount\":0,\"publisher\":{\"@id\":\"https:\\\/\\\/www.24gliwice.pl\\\/wiadomosci\\\/#organization\"},\"image\":{\"@id\":\"https:\\\/\\\/www.24gliwice.pl\\\/wiadomosci\\\/meble-na-gieldzie-samochodowej-ekspozycje-polskich-producentow-mozna-tu-ogladac-przez-caly-tydzien\\\/#primaryimage\"},\"thumbnailUrl\":\"https:\\\/\\\/www.24gliwice.pl\\\/wiadomosci\\\/wp-content\\\/uploads\\\/2021\\\/10\\\/meble-na-gieldzie-samochodowej.jpg\",\"keywords\":[\"GIE\u0141DA SAMOCHODOWA\"],\"articleSection\":[\"Gliwice\",\"Najnowsze wiadomo\u015bci\"],\"inLanguage\":\"pl-PL\",\"potentialAction\":[{\"@type\":\"CommentAction\",\"name\":\"Comment\",\"target\":[\"https:\\\/\\\/www.24gliwice.pl\\\/wiadomosci\\\/meble-na-gieldzie-samochodowej-ekspozycje-polskich-producentow-mozna-tu-ogladac-przez-caly-tydzien\\\/#respond\"]}]},{\"@type\":\"WebPage\",\"@id\":\"https:\\\/\\\/www.24gliwice.pl\\\/wiadomosci\\\/meble-na-gieldzie-samochodowej-ekspozycje-polskich-producentow-mozna-tu-ogladac-przez-caly-tydzien\\\/\",\"url\":\"https:\\\/\\\/www.24gliwice.pl\\\/wiadomosci\\\/meble-na-gieldzie-samochodowej-ekspozycje-polskich-producentow-mozna-tu-ogladac-przez-caly-tydzien\\\/\",\"name\":\"Meble na gie\u0142dzie samochodowej. Ekspozycje polskich producent\u00f3w mo\u017cna tu ogl\u0105da\u0107 przez ca\u0142y tydzie\u0144 - 24GLIWICE - Portal Gliwice | codziennie nowe informacje\",\"isPartOf\":{\"@id\":\"https:\\\/\\\/www.24gliwice.pl\\\/wiadomosci\\\/#website\"},\"primaryImageOfPage\":{\"@id\":\"https:\\\/\\\/www.24gliwice.pl\\\/wiadomosci\\\/meble-na-gieldzie-samochodowej-ekspozycje-polskich-producentow-mozna-tu-ogladac-przez-caly-tydzien\\\/#primaryimage\"},\"image\":{\"@id\":\"https:\\\/\\\/www.24gliwice.pl\\\/wiadomosci\\\/meble-na-gieldzie-samochodowej-ekspozycje-polskich-producentow-mozna-tu-ogladac-przez-caly-tydzien\\\/#primaryimage\"},\"thumbnailUrl\":\"https:\\\/\\\/www.24gliwice.pl\\\/wiadomosci\\\/wp-content\\\/uploads\\\/2021\\\/10\\\/meble-na-gieldzie-samochodowej.jpg\",\"datePublished\":\"2021-10-22T02:55:20+00:00\",\"breadcrumb\":{\"@id\":\"https:\\\/\\\/www.24gliwice.pl\\\/wiadomosci\\\/meble-na-gieldzie-samochodowej-ekspozycje-polskich-producentow-mozna-tu-ogladac-przez-caly-tydzien\\\/#breadcrumb\"},\"inLanguage\":\"pl-PL\",\"potentialAction\":[{\"@type\":\"ReadAction\",\"target\":[\"https:\\\/\\\/www.24gliwice.pl\\\/wiadomosci\\\/meble-na-gieldzie-samochodowej-ekspozycje-polskich-producentow-mozna-tu-ogladac-przez-caly-tydzien\\\/\"]}]},{\"@type\":\"ImageObject\",\"inLanguage\":\"pl-PL\",\"@id\":\"https:\\\/\\\/www.24gliwice.pl\\\/wiadomosci\\\/meble-na-gieldzie-samochodowej-ekspozycje-polskich-producentow-mozna-tu-ogladac-przez-caly-tydzien\\\/#primaryimage\",\"url\":\"https:\\\/\\\/www.24gliwice.pl\\\/wiadomosci\\\/wp-content\\\/uploads\\\/2021\\\/10\\\/meble-na-gieldzie-samochodowej.jpg\",\"contentUrl\":\"https:\\\/\\\/www.24gliwice.pl\\\/wiadomosci\\\/wp-content\\\/uploads\\\/2021\\\/10\\\/meble-na-gieldzie-samochodowej.jpg\",\"width\":810,\"height\":456},{\"@type\":\"BreadcrumbList\",\"@id\":\"https:\\\/\\\/www.24gliwice.pl\\\/wiadomosci\\\/meble-na-gieldzie-samochodowej-ekspozycje-polskich-producentow-mozna-tu-ogladac-przez-caly-tydzien\\\/#breadcrumb\",\"itemListElement\":[{\"@type\":\"ListItem\",\"position\":1,\"name\":\"Strona g\u0142\u00f3wna\",\"item\":\"https:\\\/\\\/www.24gliwice.pl\\\/wiadomosci\\\/\"},{\"@type\":\"ListItem\",\"position\":2,\"name\":\"Meble na gie\u0142dzie samochodowej. Ekspozycje polskich producent\u00f3w mo\u017cna tu ogl\u0105da\u0107 przez ca\u0142y tydzie\u0144\"}]},{\"@type\":\"WebSite\",\"@id\":\"https:\\\/\\\/www.24gliwice.pl\\\/wiadomosci\\\/#website\",\"url\":\"https:\\\/\\\/www.24gliwice.pl\\\/wiadomosci\\\/\",\"name\":\"24GLIWICE - Portal Gliwice | codziennie nowe wiadomo\u015bci\",\"description\":\"Portal Miejski Gliwice\",\"publisher\":{\"@id\":\"https:\\\/\\\/www.24gliwice.pl\\\/wiadomosci\\\/#organization\"},\"potentialAction\":[{\"@type\":\"SearchAction\",\"target\":{\"@type\":\"EntryPoint\",\"urlTemplate\":\"https:\\\/\\\/www.24gliwice.pl\\\/wiadomosci\\\/?s={search_term_string}\"},\"query-input\":{\"@type\":\"PropertyValueSpecification\",\"valueRequired\":true,\"valueName\":\"search_term_string\"}}],\"inLanguage\":\"pl-PL\"},{\"@type\":\"Organization\",\"@id\":\"https:\\\/\\\/www.24gliwice.pl\\\/wiadomosci\\\/#organization\",\"name\":\"24gliwice\",\"url\":\"https:\\\/\\\/www.24gliwice.pl\\\/wiadomosci\\\/\",\"logo\":{\"@type\":\"ImageObject\",\"inLanguage\":\"pl-PL\",\"@id\":\"https:\\\/\\\/www.24gliwice.pl\\\/wiadomosci\\\/#\\\/schema\\\/logo\\\/image\\\/\",\"url\":\"https:\\\/\\\/www.24gliwice.pl\\\/wiadomosci\\\/wp-content\\\/uploads\\\/2024\\\/10\\\/24gliwice-logo-696.jpg\",\"contentUrl\":\"https:\\\/\\\/www.24gliwice.pl\\\/wiadomosci\\\/wp-content\\\/uploads\\\/2024\\\/10\\\/24gliwice-logo-696.jpg\",\"width\":696,\"height\":696,\"caption\":\"24gliwice\"},\"image\":{\"@id\":\"https:\\\/\\\/www.24gliwice.pl\\\/wiadomosci\\\/#\\\/schema\\\/logo\\\/image\\\/\"},\"sameAs\":[\"https:\\\/\\\/www.facebook.com\\\/24gliwice\",\"https:\\\/\\\/x.com\\\/24gliwice\",\"https:\\\/\\\/www.youtube.com\\\/@24gliwice\"]},{\"@type\":\"Person\",\"@id\":\"https:\\\/\\\/www.24gliwice.pl\\\/wiadomosci\\\/#\\\/schema\\\/person\\\/e42c650edd7f2fa332be3811fb166b6e\",\"name\":\"\u017baneta Mrozek-Siewierska\",\"image\":{\"@type\":\"ImageObject\",\"inLanguage\":\"pl-PL\",\"@id\":\"https:\\\/\\\/www.24gliwice.pl\\\/wiadomosci\\\/wp-content\\\/uploads\\\/2021\\\/11\\\/Zaneta-M_S-zdjecie-czb-96x96.jpg\",\"url\":\"https:\\\/\\\/www.24gliwice.pl\\\/wiadomosci\\\/wp-content\\\/uploads\\\/2021\\\/11\\\/Zaneta-M_S-zdjecie-czb-96x96.jpg\",\"contentUrl\":\"https:\\\/\\\/www.24gliwice.pl\\\/wiadomosci\\\/wp-content\\\/uploads\\\/2021\\\/11\\\/Zaneta-M_S-zdjecie-czb-96x96.jpg\",\"caption\":\"\u017baneta Mrozek-Siewierska\"},\"url\":\"https:\\\/\\\/www.24gliwice.pl\\\/wiadomosci\\\/author\\\/zms\\\/\"}]}<\/script>\n<!-- \/ Yoast SEO plugin. -->","yoast_head_json":{"title":"Meble na gie\u0142dzie samochodowej. Ekspozycje polskich producent\u00f3w mo\u017cna tu ogl\u0105da\u0107 przez ca\u0142y tydzie\u0144 - 24GLIWICE - Portal Gliwice | codziennie nowe informacje","robots":{"index":"index","follow":"follow","max-snippet":"max-snippet:-1","max-image-preview":"max-image-preview:large","max-video-preview":"max-video-preview:-1"},"canonical":"https:\/\/www.24gliwice.pl\/wiadomosci\/meble-na-gieldzie-samochodowej-ekspozycje-polskich-producentow-mozna-tu-ogladac-przez-caly-tydzien\/","og_locale":"pl_PL","og_type":"article","og_title":"Meble na gie\u0142dzie samochodowej. Ekspozycje polskich producent\u00f3w mo\u017cna tu ogl\u0105da\u0107 przez ca\u0142y tydzie\u0144 - 24GLIWICE - Portal Gliwice | codziennie nowe informacje","og_description":"Rozrasta si\u0119 cz\u0119\u015b\u0107 meblowa na gliwickiej gie\u0142dzie samochodowej. Wyprodukowane przez polskich producent\u00f3w i stolarnie elementy wyposa\u017cenia domu mo\u017cna tu naby\u0107 siedem dni w tygodniu, tak\u017ce w niedziele niehandlowe. &nbsp; Wcze\u015bniej dzia\u0142a\u0142a tu ju\u017c hala, w kt\u00f3rej sprzedawane by\u0142y meble, teraz w jej pobli\u017cu utworzono nowy sektor \u2013 MEBLE, kt\u00f3ry od pocz\u0105tku pa\u017adziernika funkcjonuje przy ulicy [&hellip;]","og_url":"https:\/\/www.24gliwice.pl\/wiadomosci\/meble-na-gieldzie-samochodowej-ekspozycje-polskich-producentow-mozna-tu-ogladac-przez-caly-tydzien\/","og_site_name":"24GLIWICE - Portal Gliwice | codziennie nowe informacje","article_publisher":"https:\/\/www.facebook.com\/24gliwice","article_published_time":"2021-10-22T02:55:20+00:00","og_image":[{"width":810,"height":456,"url":"https:\/\/www.24gliwice.pl\/wiadomosci\/wp-content\/uploads\/2021\/10\/meble-na-gieldzie-samochodowej.jpg","type":"image\/jpeg"}],"author":"\u017baneta Mrozek-Siewierska","twitter_card":"summary_large_image","twitter_creator":"@24gliwice","twitter_site":"@24gliwice","twitter_misc":{"Napisane przez":"\u017baneta Mrozek-Siewierska","Szacowany czas czytania":"2 minuty"},"schema":{"@context":"https:\/\/schema.org","@graph":[{"@type":"Article","@id":"https:\/\/www.24gliwice.pl\/wiadomosci\/meble-na-gieldzie-samochodowej-ekspozycje-polskich-producentow-mozna-tu-ogladac-przez-caly-tydzien\/#article","isPartOf":{"@id":"https:\/\/www.24gliwice.pl\/wiadomosci\/meble-na-gieldzie-samochodowej-ekspozycje-polskich-producentow-mozna-tu-ogladac-przez-caly-tydzien\/"},"author":{"name":"\u017baneta Mrozek-Siewierska","@id":"https:\/\/www.24gliwice.pl\/wiadomosci\/#\/schema\/person\/e42c650edd7f2fa332be3811fb166b6e"},"headline":"Meble na gie\u0142dzie samochodowej. Ekspozycje polskich producent\u00f3w mo\u017cna tu ogl\u0105da\u0107 przez ca\u0142y tydzie\u0144","datePublished":"2021-10-22T02:55:20+00:00","mainEntityOfPage":{"@id":"https:\/\/www.24gliwice.pl\/wiadomosci\/meble-na-gieldzie-samochodowej-ekspozycje-polskich-producentow-mozna-tu-ogladac-przez-caly-tydzien\/"},"wordCount":327,"commentCount":0,"publisher":{"@id":"https:\/\/www.24gliwice.pl\/wiadomosci\/#organization"},"image":{"@id":"https:\/\/www.24gliwice.pl\/wiadomosci\/meble-na-gieldzie-samochodowej-ekspozycje-polskich-producentow-mozna-tu-ogladac-przez-caly-tydzien\/#primaryimage"},"thumbnailUrl":"https:\/\/www.24gliwice.pl\/wiadomosci\/wp-content\/uploads\/2021\/10\/meble-na-gieldzie-samochodowej.jpg","keywords":["GIE\u0141DA SAMOCHODOWA"],"articleSection":["Gliwice","Najnowsze wiadomo\u015bci"],"inLanguage":"pl-PL","potentialAction":[{"@type":"CommentAction","name":"Comment","target":["https:\/\/www.24gliwice.pl\/wiadomosci\/meble-na-gieldzie-samochodowej-ekspozycje-polskich-producentow-mozna-tu-ogladac-przez-caly-tydzien\/#respond"]}]},{"@type":"WebPage","@id":"https:\/\/www.24gliwice.pl\/wiadomosci\/meble-na-gieldzie-samochodowej-ekspozycje-polskich-producentow-mozna-tu-ogladac-przez-caly-tydzien\/","url":"https:\/\/www.24gliwice.pl\/wiadomosci\/meble-na-gieldzie-samochodowej-ekspozycje-polskich-producentow-mozna-tu-ogladac-przez-caly-tydzien\/","name":"Meble na gie\u0142dzie samochodowej. Ekspozycje polskich producent\u00f3w mo\u017cna tu ogl\u0105da\u0107 przez ca\u0142y tydzie\u0144 - 24GLIWICE - Portal Gliwice | codziennie nowe informacje","isPartOf":{"@id":"https:\/\/www.24gliwice.pl\/wiadomosci\/#website"},"primaryImageOfPage":{"@id":"https:\/\/www.24gliwice.pl\/wiadomosci\/meble-na-gieldzie-samochodowej-ekspozycje-polskich-producentow-mozna-tu-ogladac-przez-caly-tydzien\/#primaryimage"},"image":{"@id":"https:\/\/www.24gliwice.pl\/wiadomosci\/meble-na-gieldzie-samochodowej-ekspozycje-polskich-producentow-mozna-tu-ogladac-przez-caly-tydzien\/#primaryimage"},"thumbnailUrl":"https:\/\/www.24gliwice.pl\/wiadomosci\/wp-content\/uploads\/2021\/10\/meble-na-gieldzie-samochodowej.jpg","datePublished":"2021-10-22T02:55:20+00:00","breadcrumb":{"@id":"https:\/\/www.24gliwice.pl\/wiadomosci\/meble-na-gieldzie-samochodowej-ekspozycje-polskich-producentow-mozna-tu-ogladac-przez-caly-tydzien\/#breadcrumb"},"inLanguage":"pl-PL","potentialAction":[{"@type":"ReadAction","target":["https:\/\/www.24gliwice.pl\/wiadomosci\/meble-na-gieldzie-samochodowej-ekspozycje-polskich-producentow-mozna-tu-ogladac-przez-caly-tydzien\/"]}]},{"@type":"ImageObject","inLanguage":"pl-PL","@id":"https:\/\/www.24gliwice.pl\/wiadomosci\/meble-na-gieldzie-samochodowej-ekspozycje-polskich-producentow-mozna-tu-ogladac-przez-caly-tydzien\/#primaryimage","url":"https:\/\/www.24gliwice.pl\/wiadomosci\/wp-content\/uploads\/2021\/10\/meble-na-gieldzie-samochodowej.jpg","contentUrl":"https:\/\/www.24gliwice.pl\/wiadomosci\/wp-content\/uploads\/2021\/10\/meble-na-gieldzie-samochodowej.jpg","width":810,"height":456},{"@type":"BreadcrumbList","@id":"https:\/\/www.24gliwice.pl\/wiadomosci\/meble-na-gieldzie-samochodowej-ekspozycje-polskich-producentow-mozna-tu-ogladac-przez-caly-tydzien\/#breadcrumb","itemListElement":[{"@type":"ListItem","position":1,"name":"Strona g\u0142\u00f3wna","item":"https:\/\/www.24gliwice.pl\/wiadomosci\/"},{"@type":"ListItem","position":2,"name":"Meble na gie\u0142dzie samochodowej. Ekspozycje polskich producent\u00f3w mo\u017cna tu ogl\u0105da\u0107 przez ca\u0142y tydzie\u0144"}]},{"@type":"WebSite","@id":"https:\/\/www.24gliwice.pl\/wiadomosci\/#website","url":"https:\/\/www.24gliwice.pl\/wiadomosci\/","name":"24GLIWICE - Portal Gliwice | codziennie nowe wiadomo\u015bci","description":"Portal Miejski Gliwice","publisher":{"@id":"https:\/\/www.24gliwice.pl\/wiadomosci\/#organization"},"potentialAction":[{"@type":"SearchAction","target":{"@type":"EntryPoint","urlTemplate":"https:\/\/www.24gliwice.pl\/wiadomosci\/?s={search_term_string}"},"query-input":{"@type":"PropertyValueSpecification","valueRequired":true,"valueName":"search_term_string"}}],"inLanguage":"pl-PL"},{"@type":"Organization","@id":"https:\/\/www.24gliwice.pl\/wiadomosci\/#organization","name":"24gliwice","url":"https:\/\/www.24gliwice.pl\/wiadomosci\/","logo":{"@type":"ImageObject","inLanguage":"pl-PL","@id":"https:\/\/www.24gliwice.pl\/wiadomosci\/#\/schema\/logo\/image\/","url":"https:\/\/www.24gliwice.pl\/wiadomosci\/wp-content\/uploads\/2024\/10\/24gliwice-logo-696.jpg","contentUrl":"https:\/\/www.24gliwice.pl\/wiadomosci\/wp-content\/uploads\/2024\/10\/24gliwice-logo-696.jpg","width":696,"height":696,"caption":"24gliwice"},"image":{"@id":"https:\/\/www.24gliwice.pl\/wiadomosci\/#\/schema\/logo\/image\/"},"sameAs":["https:\/\/www.facebook.com\/24gliwice","https:\/\/x.com\/24gliwice","https:\/\/www.youtube.com\/@24gliwice"]},{"@type":"Person","@id":"https:\/\/www.24gliwice.pl\/wiadomosci\/#\/schema\/person\/e42c650edd7f2fa332be3811fb166b6e","name":"\u017baneta Mrozek-Siewierska","image":{"@type":"ImageObject","inLanguage":"pl-PL","@id":"https:\/\/www.24gliwice.pl\/wiadomosci\/wp-content\/uploads\/2021\/11\/Zaneta-M_S-zdjecie-czb-96x96.jpg","url":"https:\/\/www.24gliwice.pl\/wiadomosci\/wp-content\/uploads\/2021\/11\/Zaneta-M_S-zdjecie-czb-96x96.jpg","contentUrl":"https:\/\/www.24gliwice.pl\/wiadomosci\/wp-content\/uploads\/2021\/11\/Zaneta-M_S-zdjecie-czb-96x96.jpg","caption":"\u017baneta Mrozek-Siewierska"},"url":"https:\/\/www.24gliwice.pl\/wiadomosci\/author\/zms\/"}]}},"_links":{"self":[{"href":"https:\/\/www.24gliwice.pl\/wiadomosci\/wp-json\/wp\/v2\/posts\/179403","targetHints":{"allow":["GET"]}}],"collection":[{"href":"https:\/\/www.24gliwice.pl\/wiadomosci\/wp-json\/wp\/v2\/posts"}],"about":[{"href":"https:\/\/www.24gliwice.pl\/wiadomosci\/wp-json\/wp\/v2\/types\/post"}],"author":[{"embeddable":true,"href":"https:\/\/www.24gliwice.pl\/wiadomosci\/wp-json\/wp\/v2\/users\/15"}],"replies":[{"embeddable":true,"href":"https:\/\/www.24gliwice.pl\/wiadomosci\/wp-json\/wp\/v2\/comments?post=179403"}],"version-history":[{"count":6,"href":"https:\/\/www.24gliwice.pl\/wiadomosci\/wp-json\/wp\/v2\/posts\/179403\/revisions"}],"predecessor-version":[{"id":179447,"href":"https:\/\/www.24gliwice.pl\/wiadomosci\/wp-json\/wp\/v2\/posts\/179403\/revisions\/179447"}],"wp:featuredmedia":[{"embeddable":true,"href":"https:\/\/www.24gliwice.pl\/wiadomosci\/wp-json\/wp\/v2\/media\/179407"}],"wp:attachment":[{"href":"https:\/\/www.24gliwice.pl\/wiadomosci\/wp-json\/wp\/v2\/media?parent=179403"}],"wp:term":[{"taxonomy":"category","embeddable":true,"href":"https:\/\/www.24gliwice.pl\/wiadomosci\/wp-json\/wp\/v2\/categories?post=179403"},{"taxonomy":"post_tag","embeddable":true,"href":"https:\/\/www.24gliwice.pl\/wiadomosci\/wp-json\/wp\/v2\/tags?post=179403"}],"curies":[{"name":"wp","href":"https:\/\/api.w.org\/{rel}","templated":true}]}}