{"id":179770,"date":"2021-10-26T12:30:57","date_gmt":"2021-10-26T10:30:57","guid":{"rendered":"https:\/\/www.24gliwice.pl\/wiadomosci\/?p=179770"},"modified":"2021-10-26T12:30:57","modified_gmt":"2021-10-26T10:30:57","slug":"wnetrzarskie-trendy-na-sezon-jesien-zima-2021-w-dekoracjach","status":"publish","type":"post","link":"https:\/\/www.24gliwice.pl\/wiadomosci\/wnetrzarskie-trendy-na-sezon-jesien-zima-2021-w-dekoracjach\/","title":{"rendered":"Wn\u0119trzarskie trendy na sezon jesie\u0144-zima 2021 w dekoracjach"},"content":{"rendered":"<h3>Sezon jesienno-zimowy puka do drzwi. Je\u015bli chcesz przygotowa\u0107 wystr\u00f3j domu na jego przyj\u015bcie, skorzystaj z naszych propozycji. Podpowiadamy, jak w prosty spos\u00f3b ca\u0142kowicie zmieni\u0107 aran\u017cacj\u0119 wn\u0119trza.<\/h3>\n<p>&nbsp;<\/p>\n<h2>Natura za oknem i\u2026 w domu<\/h2>\n<p>Bie\u017c\u0105cy rok w trendach wn\u0119trzarskich zaznaczy\u0142 si\u0119 jako ten, kt\u00f3ry wyra\u017anie nawi\u0105zywa\u0142 do natury. Niew\u0105tpliwie mia\u0142o to swoje korzenie w rozwoju pandemii i przymusowym przebywaniu w domu przez d\u0142u\u017cszy czas. Zacz\u0119li\u015bmy urz\u0105dza\u0107 nasze domy tak, by sta\u0142y si\u0119 namiastk\u0105 \u0142aki, lasu lub cho\u0107by ogrodu. Do \u0142ask wr\u00f3ci\u0142y kwiaty, tak\u017ce pn\u0105ce i du\u017ce roz\u0142o\u017cyste palmy. Coraz cz\u0119\u015bciej widywali\u015bmy ogrody wertykalne, kt\u00f3re zapewne nie wyjd\u0105 z mody przez kilka kolejnych lat.<\/p>\n<p>W prostej wersji wystarczy kilka kwiat\u00f3w w doniczkach lub suchych dekoracji ro\u015blinnych, by wn\u0119trze nabra\u0142o innego charakteru. Jesie\u0144 to bardzo kolorowa pora roku i warto zaprosi\u0107 j\u0105 do domu. Owoce jarz\u0119biny, kolorowe li\u015bcie, kasztany, p\u0119kate dynie \u2013 u\u0142\u00f3\u017c je w salonie i zobacz, jaki b\u0119dzie efekt.<\/p>\n<p><img loading=\"lazy\" decoding=\"async\" src=\"https:\/\/www.24gliwice.pl\/wiadomosci\/wp-content\/uploads\/2021\/10\/wnetrza-dekoracje-wp-4.jpg\" alt=\"\" width=\"810\" height=\"540\" class=\"aligncenter size-full wp-image-179775\" srcset=\"https:\/\/www.24gliwice.pl\/wiadomosci\/wp-content\/uploads\/2021\/10\/wnetrza-dekoracje-wp-4.jpg 810w, https:\/\/www.24gliwice.pl\/wiadomosci\/wp-content\/uploads\/2021\/10\/wnetrza-dekoracje-wp-4-348x232.jpg 348w, https:\/\/www.24gliwice.pl\/wiadomosci\/wp-content\/uploads\/2021\/10\/wnetrza-dekoracje-wp-4-683x455.jpg 683w, https:\/\/www.24gliwice.pl\/wiadomosci\/wp-content\/uploads\/2021\/10\/wnetrza-dekoracje-wp-4-768x512.jpg 768w\" sizes=\"auto, (max-width: 810px) 100vw, 810px\" \/><\/p>\n<h2>Postaw na ciep\u0142e barwy i mi\u0119kkie obiciowe meble<\/h2>\n<p>Jesie\u0144, chocia\u017c ma ciep\u0142e kolory, przynosi och\u0142odzenie. Nie dziwne wi\u0119c, \u017ce szukamy w domu sposobu na wizualne ocieplenie wn\u0119trza. Ten efekt mo\u017cna osi\u0105gn\u0105\u0107 na kilka prostych sposob\u00f3w.<\/p>\n<p>Idea\u0142em s\u0105 mi\u0119kkie meble tapicerowane, obite np. welurem lub welwetem. Je\u015bli do kompletu powiesimy w oknach zas\u0142ony uszyte z tej samej tkaniny, na pewno osi\u0105gniemy zamierzony efekt.<\/p>\n<p>Jesieni\u0105 warto zrezygnowa\u0107 z ch\u0142odnych kolor\u00f3w na rzecz tych cieplejszych. \u017b\u00f3\u0142te i zielone obrusy trzeba schowa\u0107 do szafy, ich miejsce powinny zaj\u0105\u0107 czerwone, br\u0105zowe lub pomara\u0144czowe.<\/p>\n<p>Je\u015bli nie masz dywanu w salonie, to dobra pora, by go po\u0142o\u017cy\u0107. Dywany wnosz\u0105 do wn\u0119trz ciep\u0142o na wiele sposob\u00f3w. Postaw na ciep\u0142e, ale uniwersalne kolory, bo dywan b\u0119dzie ci s\u0142u\u017cy\u0142 nie tylko jesieni\u0105. Dobrze sprawdzi si\u0119 br\u0105z w po\u0142\u0105czeniu z szaro\u015bci\u0105. Je\u015bli lubisz tradycyjne zestawienie bieli i czerni, na pewno spodobaj\u0105 ci si\u0119 <a href=\"https:\/\/myhoneyhome.pl\/eichholtz\/dywany.html\">dywany Eichholtz<\/a>.<\/p>\n<p><img loading=\"lazy\" decoding=\"async\" src=\"https:\/\/www.24gliwice.pl\/wiadomosci\/wp-content\/uploads\/2021\/10\/wnetrza-dekoracje-wp-2.jpg\" alt=\"\" width=\"816\" height=\"1020\" class=\"aligncenter size-full wp-image-179773\" srcset=\"https:\/\/www.24gliwice.pl\/wiadomosci\/wp-content\/uploads\/2021\/10\/wnetrza-dekoracje-wp-2.jpg 816w, https:\/\/www.24gliwice.pl\/wiadomosci\/wp-content\/uploads\/2021\/10\/wnetrza-dekoracje-wp-2-186x232.jpg 186w, https:\/\/www.24gliwice.pl\/wiadomosci\/wp-content\/uploads\/2021\/10\/wnetrza-dekoracje-wp-2-364x455.jpg 364w, https:\/\/www.24gliwice.pl\/wiadomosci\/wp-content\/uploads\/2021\/10\/wnetrza-dekoracje-wp-2-768x960.jpg 768w, https:\/\/www.24gliwice.pl\/wiadomosci\/wp-content\/uploads\/2021\/10\/wnetrza-dekoracje-wp-2-810x1013.jpg 810w\" sizes=\"auto, (max-width: 816px) 100vw, 816px\" \/><\/p>\n<h2>Zadbaj o odpowiednie o\u015bwietlenie<\/h2>\n<p>Nawet najcieplejsz\u0105 aran\u017cacj\u0119 wn\u0119trza mo\u017cna och\u0142odzi\u0107 \u017ale dobranym o\u015bwietleniem. Pami\u0119taj, \u017ce jesieni\u0105 szybciej zapada zmrok, \u015bwiat\u0142o u\u017cywane jest przez wiele godzin. Zadbaj, by z salonu i sypialni znikn\u0119\u0142y wszystkie \u017car\u00f3wki emituj\u0105ce ch\u0142odne bia\u0142e \u015bwiat\u0142o. One lepiej sprawdz\u0105 si\u0119 w kuchni lub \u0142azience.<\/p>\n<p>Je\u015bli dot\u0105d nie by\u0142o okazji do kupienia lampy stoj\u0105cej lub sto\u0142owej do salonu, to teraz jest najlepszy czas. To w\u0142a\u015bnie jesieni\u0105 i zim\u0105 ch\u0119tnie korzystamy z tego rodzaju o\u015bwietlenia, szukaj\u0105c w nim przytulnej, nastrojowej atmosfery. Dobrym wyborem s\u0105 klasyczne lampy z aba\u017curem lub kloszem, ale w nowoczesnych, awangardowych wn\u0119trzach, mo\u017cna postawi\u0107 na instalacje stworzone z wykorzystaniem ta\u015bm LED.<\/p>\n<p><img loading=\"lazy\" decoding=\"async\" src=\"https:\/\/www.24gliwice.pl\/wiadomosci\/wp-content\/uploads\/2021\/10\/wnetrza-dekoracje-wp-1.jpg\" alt=\"\" width=\"770\" height=\"770\" class=\"aligncenter size-full wp-image-179772\" srcset=\"https:\/\/www.24gliwice.pl\/wiadomosci\/wp-content\/uploads\/2021\/10\/wnetrza-dekoracje-wp-1.jpg 770w, https:\/\/www.24gliwice.pl\/wiadomosci\/wp-content\/uploads\/2021\/10\/wnetrza-dekoracje-wp-1-232x232.jpg 232w, https:\/\/www.24gliwice.pl\/wiadomosci\/wp-content\/uploads\/2021\/10\/wnetrza-dekoracje-wp-1-455x455.jpg 455w, https:\/\/www.24gliwice.pl\/wiadomosci\/wp-content\/uploads\/2021\/10\/wnetrza-dekoracje-wp-1-90x90.jpg 90w, https:\/\/www.24gliwice.pl\/wiadomosci\/wp-content\/uploads\/2021\/10\/wnetrza-dekoracje-wp-1-768x768.jpg 768w\" sizes=\"auto, (max-width: 770px) 100vw, 770px\" \/><\/p>\n<h2>Jak szybko zmieni\u0107 wystr\u00f3j wn\u0119trza?<\/h2>\n<p>Chcesz odmieni\u0107 swoje wn\u0119trze na jesie\u0144, ale nie masz ochoty dokonywa\u0107 w nim rewolucji? Proste zmiany wprowadzisz w kilka minut i nie b\u0119d\u0105 one kosztowa\u0142y du\u017co. Wystarczy, \u017ce si\u0119gniesz po stylowe dekoracje do domu. Narzuty, poduszki, poszewki, dekoracje ro\u015blinne nie kosztuj\u0105 wiele, a bardzo szybko wnosz\u0105 do wn\u0119trza zupe\u0142nie inny klimat. Postaw na kolory jesieni i zobacz, co si\u0119 stanie, gdy zmienisz w salonie dos\u0142ownie kilka element\u00f3w. By\u0107 mo\u017ce zainspiruj\u0105 ci\u0119 <a href=\"https:\/\/myhoneyhome.pl\/eichholtz\/\">dekoracje Eichholtz,<\/a> kt\u00f3re s\u0105 najlepszym po\u0142\u0105czeniem wysublimowanego smaku i wytwornej elegancji.<\/p>\n<p><em>(materia\u0142 partnera)<\/em><\/p>\n","protected":false},"excerpt":{"rendered":"<p>Sezon jesienno-zimowy puka do drzwi. Je\u015bli chcesz przygotowa\u0107 wystr\u00f3j domu na jego przyj\u015bcie, skorzystaj z naszych propozycji. Podpowiadamy, jak w prosty spos\u00f3b ca\u0142kowicie zmieni\u0107 aran\u017cacj\u0119 wn\u0119trza. &nbsp; Natura za oknem i\u2026 w domu Bie\u017c\u0105cy rok w trendach wn\u0119trzarskich zaznaczy\u0142 si\u0119 jako ten, kt\u00f3ry wyra\u017anie nawi\u0105zywa\u0142 do natury. Niew\u0105tpliwie mia\u0142o to swoje korzenie w rozwoju pandemii [&hellip;]<\/p>\n","protected":false},"author":4,"featured_media":179777,"comment_status":"closed","ping_status":"closed","sticky":false,"template":"","format":"standard","meta":{"_monsterinsights_skip_tracking":false,"_monsterinsights_sitenote_active":false,"_monsterinsights_sitenote_note":"","_monsterinsights_sitenote_category":0,"footnotes":"","_links_to":"","_links_to_target":""},"categories":[1129],"tags":[10736,9378],"class_list":["post-179770","post","type-post","status-publish","format-standard","has-post-thumbnail","hentry","category-polecamy","tag-dekoracje","tag-wnetrza"],"yoast_head":"<!-- This site is optimized with the Yoast SEO plugin v27.5 - https:\/\/yoast.com\/product\/yoast-seo-wordpress\/ -->\n<title>Wn\u0119trzarskie trendy na sezon jesie\u0144-zima 2021 w dekoracjach - 24GLIWICE - Portal Gliwice | codziennie nowe informacje<\/title>\n<meta name=\"robots\" content=\"index, follow, max-snippet:-1, max-image-preview:large, max-video-preview:-1\" \/>\n<link rel=\"canonical\" href=\"https:\/\/www.24gliwice.pl\/wiadomosci\/wnetrzarskie-trendy-na-sezon-jesien-zima-2021-w-dekoracjach\/\" \/>\n<meta property=\"og:locale\" content=\"pl_PL\" \/>\n<meta property=\"og:type\" content=\"article\" \/>\n<meta property=\"og:title\" content=\"Wn\u0119trzarskie trendy na sezon jesie\u0144-zima 2021 w dekoracjach - 24GLIWICE - Portal Gliwice | codziennie nowe informacje\" \/>\n<meta property=\"og:description\" content=\"Sezon jesienno-zimowy puka do drzwi. Je\u015bli chcesz przygotowa\u0107 wystr\u00f3j domu na jego przyj\u015bcie, skorzystaj z naszych propozycji. Podpowiadamy, jak w prosty spos\u00f3b ca\u0142kowicie zmieni\u0107 aran\u017cacj\u0119 wn\u0119trza. &nbsp; Natura za oknem i\u2026 w domu Bie\u017c\u0105cy rok w trendach wn\u0119trzarskich zaznaczy\u0142 si\u0119 jako ten, kt\u00f3ry wyra\u017anie nawi\u0105zywa\u0142 do natury. Niew\u0105tpliwie mia\u0142o to swoje korzenie w rozwoju pandemii [&hellip;]\" \/>\n<meta property=\"og:url\" content=\"https:\/\/www.24gliwice.pl\/wiadomosci\/wnetrzarskie-trendy-na-sezon-jesien-zima-2021-w-dekoracjach\/\" \/>\n<meta property=\"og:site_name\" content=\"24GLIWICE - Portal Gliwice | codziennie nowe informacje\" \/>\n<meta property=\"article:publisher\" content=\"https:\/\/www.facebook.com\/24gliwice\" \/>\n<meta property=\"article:author\" content=\"https:\/\/www.facebook.com\/marcin.fabrykowski\" \/>\n<meta property=\"article:published_time\" content=\"2021-10-26T10:30:57+00:00\" \/>\n<meta property=\"og:image\" content=\"https:\/\/www.24gliwice.pl\/wiadomosci\/wp-content\/uploads\/2021\/10\/wnetrza-dekoracje-wp-3-001.jpg\" \/>\n\t<meta property=\"og:image:width\" content=\"1140\" \/>\n\t<meta property=\"og:image:height\" content=\"761\" \/>\n\t<meta property=\"og:image:type\" content=\"image\/jpeg\" \/>\n<meta name=\"author\" content=\"Marcin Fabrykowski\" \/>\n<meta name=\"twitter:card\" content=\"summary_large_image\" \/>\n<meta name=\"twitter:creator\" content=\"@24gliwice\" \/>\n<meta name=\"twitter:site\" content=\"@24gliwice\" \/>\n<meta name=\"twitter:label1\" content=\"Napisane przez\" \/>\n\t<meta name=\"twitter:data1\" content=\"Marcin Fabrykowski\" \/>\n\t<meta name=\"twitter:label2\" content=\"Szacowany czas czytania\" \/>\n\t<meta name=\"twitter:data2\" content=\"3 minuty\" \/>\n<script type=\"application\/ld+json\" class=\"yoast-schema-graph\">{\"@context\":\"https:\\\/\\\/schema.org\",\"@graph\":[{\"@type\":\"Article\",\"@id\":\"https:\\\/\\\/www.24gliwice.pl\\\/wiadomosci\\\/wnetrzarskie-trendy-na-sezon-jesien-zima-2021-w-dekoracjach\\\/#article\",\"isPartOf\":{\"@id\":\"https:\\\/\\\/www.24gliwice.pl\\\/wiadomosci\\\/wnetrzarskie-trendy-na-sezon-jesien-zima-2021-w-dekoracjach\\\/\"},\"author\":{\"name\":\"Marcin Fabrykowski\",\"@id\":\"https:\\\/\\\/www.24gliwice.pl\\\/wiadomosci\\\/#\\\/schema\\\/person\\\/cb5857e4a4d048c15984c1edcc8ef0c0\"},\"headline\":\"Wn\u0119trzarskie trendy na sezon jesie\u0144-zima 2021 w dekoracjach\",\"datePublished\":\"2021-10-26T10:30:57+00:00\",\"mainEntityOfPage\":{\"@id\":\"https:\\\/\\\/www.24gliwice.pl\\\/wiadomosci\\\/wnetrzarskie-trendy-na-sezon-jesien-zima-2021-w-dekoracjach\\\/\"},\"wordCount\":608,\"publisher\":{\"@id\":\"https:\\\/\\\/www.24gliwice.pl\\\/wiadomosci\\\/#organization\"},\"image\":{\"@id\":\"https:\\\/\\\/www.24gliwice.pl\\\/wiadomosci\\\/wnetrzarskie-trendy-na-sezon-jesien-zima-2021-w-dekoracjach\\\/#primaryimage\"},\"thumbnailUrl\":\"https:\\\/\\\/www.24gliwice.pl\\\/wiadomosci\\\/wp-content\\\/uploads\\\/2021\\\/10\\\/wnetrza-dekoracje-wp-3-001.jpg\",\"keywords\":[\"dekoracje\",\"wn\u0119trza\"],\"articleSection\":[\"Polecamy\"],\"inLanguage\":\"pl-PL\"},{\"@type\":\"WebPage\",\"@id\":\"https:\\\/\\\/www.24gliwice.pl\\\/wiadomosci\\\/wnetrzarskie-trendy-na-sezon-jesien-zima-2021-w-dekoracjach\\\/\",\"url\":\"https:\\\/\\\/www.24gliwice.pl\\\/wiadomosci\\\/wnetrzarskie-trendy-na-sezon-jesien-zima-2021-w-dekoracjach\\\/\",\"name\":\"Wn\u0119trzarskie trendy na sezon jesie\u0144-zima 2021 w dekoracjach - 24GLIWICE - Portal Gliwice | codziennie nowe informacje\",\"isPartOf\":{\"@id\":\"https:\\\/\\\/www.24gliwice.pl\\\/wiadomosci\\\/#website\"},\"primaryImageOfPage\":{\"@id\":\"https:\\\/\\\/www.24gliwice.pl\\\/wiadomosci\\\/wnetrzarskie-trendy-na-sezon-jesien-zima-2021-w-dekoracjach\\\/#primaryimage\"},\"image\":{\"@id\":\"https:\\\/\\\/www.24gliwice.pl\\\/wiadomosci\\\/wnetrzarskie-trendy-na-sezon-jesien-zima-2021-w-dekoracjach\\\/#primaryimage\"},\"thumbnailUrl\":\"https:\\\/\\\/www.24gliwice.pl\\\/wiadomosci\\\/wp-content\\\/uploads\\\/2021\\\/10\\\/wnetrza-dekoracje-wp-3-001.jpg\",\"datePublished\":\"2021-10-26T10:30:57+00:00\",\"breadcrumb\":{\"@id\":\"https:\\\/\\\/www.24gliwice.pl\\\/wiadomosci\\\/wnetrzarskie-trendy-na-sezon-jesien-zima-2021-w-dekoracjach\\\/#breadcrumb\"},\"inLanguage\":\"pl-PL\",\"potentialAction\":[{\"@type\":\"ReadAction\",\"target\":[\"https:\\\/\\\/www.24gliwice.pl\\\/wiadomosci\\\/wnetrzarskie-trendy-na-sezon-jesien-zima-2021-w-dekoracjach\\\/\"]}]},{\"@type\":\"ImageObject\",\"inLanguage\":\"pl-PL\",\"@id\":\"https:\\\/\\\/www.24gliwice.pl\\\/wiadomosci\\\/wnetrzarskie-trendy-na-sezon-jesien-zima-2021-w-dekoracjach\\\/#primaryimage\",\"url\":\"https:\\\/\\\/www.24gliwice.pl\\\/wiadomosci\\\/wp-content\\\/uploads\\\/2021\\\/10\\\/wnetrza-dekoracje-wp-3-001.jpg\",\"contentUrl\":\"https:\\\/\\\/www.24gliwice.pl\\\/wiadomosci\\\/wp-content\\\/uploads\\\/2021\\\/10\\\/wnetrza-dekoracje-wp-3-001.jpg\",\"width\":1140,\"height\":761},{\"@type\":\"BreadcrumbList\",\"@id\":\"https:\\\/\\\/www.24gliwice.pl\\\/wiadomosci\\\/wnetrzarskie-trendy-na-sezon-jesien-zima-2021-w-dekoracjach\\\/#breadcrumb\",\"itemListElement\":[{\"@type\":\"ListItem\",\"position\":1,\"name\":\"Strona g\u0142\u00f3wna\",\"item\":\"https:\\\/\\\/www.24gliwice.pl\\\/wiadomosci\\\/\"},{\"@type\":\"ListItem\",\"position\":2,\"name\":\"Wn\u0119trzarskie trendy na sezon jesie\u0144-zima 2021 w dekoracjach\"}]},{\"@type\":\"WebSite\",\"@id\":\"https:\\\/\\\/www.24gliwice.pl\\\/wiadomosci\\\/#website\",\"url\":\"https:\\\/\\\/www.24gliwice.pl\\\/wiadomosci\\\/\",\"name\":\"24GLIWICE - Portal Gliwice | codziennie nowe wiadomo\u015bci\",\"description\":\"Portal Miejski Gliwice\",\"publisher\":{\"@id\":\"https:\\\/\\\/www.24gliwice.pl\\\/wiadomosci\\\/#organization\"},\"potentialAction\":[{\"@type\":\"SearchAction\",\"target\":{\"@type\":\"EntryPoint\",\"urlTemplate\":\"https:\\\/\\\/www.24gliwice.pl\\\/wiadomosci\\\/?s={search_term_string}\"},\"query-input\":{\"@type\":\"PropertyValueSpecification\",\"valueRequired\":true,\"valueName\":\"search_term_string\"}}],\"inLanguage\":\"pl-PL\"},{\"@type\":\"Organization\",\"@id\":\"https:\\\/\\\/www.24gliwice.pl\\\/wiadomosci\\\/#organization\",\"name\":\"24gliwice\",\"url\":\"https:\\\/\\\/www.24gliwice.pl\\\/wiadomosci\\\/\",\"logo\":{\"@type\":\"ImageObject\",\"inLanguage\":\"pl-PL\",\"@id\":\"https:\\\/\\\/www.24gliwice.pl\\\/wiadomosci\\\/#\\\/schema\\\/logo\\\/image\\\/\",\"url\":\"https:\\\/\\\/www.24gliwice.pl\\\/wiadomosci\\\/wp-content\\\/uploads\\\/2024\\\/10\\\/24gliwice-logo-696.jpg\",\"contentUrl\":\"https:\\\/\\\/www.24gliwice.pl\\\/wiadomosci\\\/wp-content\\\/uploads\\\/2024\\\/10\\\/24gliwice-logo-696.jpg\",\"width\":696,\"height\":696,\"caption\":\"24gliwice\"},\"image\":{\"@id\":\"https:\\\/\\\/www.24gliwice.pl\\\/wiadomosci\\\/#\\\/schema\\\/logo\\\/image\\\/\"},\"sameAs\":[\"https:\\\/\\\/www.facebook.com\\\/24gliwice\",\"https:\\\/\\\/x.com\\\/24gliwice\",\"https:\\\/\\\/www.youtube.com\\\/@24gliwice\"]},{\"@type\":\"Person\",\"@id\":\"https:\\\/\\\/www.24gliwice.pl\\\/wiadomosci\\\/#\\\/schema\\\/person\\\/cb5857e4a4d048c15984c1edcc8ef0c0\",\"name\":\"Marcin Fabrykowski\",\"image\":{\"@type\":\"ImageObject\",\"inLanguage\":\"pl-PL\",\"@id\":\"https:\\\/\\\/www.24gliwice.pl\\\/wiadomosci\\\/wp-content\\\/uploads\\\/2025\\\/11\\\/zdjecie-moje-marcin-300-96x96.jpg\",\"url\":\"https:\\\/\\\/www.24gliwice.pl\\\/wiadomosci\\\/wp-content\\\/uploads\\\/2025\\\/11\\\/zdjecie-moje-marcin-300-96x96.jpg\",\"contentUrl\":\"https:\\\/\\\/www.24gliwice.pl\\\/wiadomosci\\\/wp-content\\\/uploads\\\/2025\\\/11\\\/zdjecie-moje-marcin-300-96x96.jpg\",\"caption\":\"Marcin Fabrykowski\"},\"sameAs\":[\"http:\\\/\\\/24gliwice.pl\",\"https:\\\/\\\/www.facebook.com\\\/marcin.fabrykowski\"],\"url\":\"https:\\\/\\\/www.24gliwice.pl\\\/wiadomosci\\\/author\\\/marcin-fabrykowski\\\/\"}]}<\/script>\n<!-- \/ Yoast SEO plugin. -->","yoast_head_json":{"title":"Wn\u0119trzarskie trendy na sezon jesie\u0144-zima 2021 w dekoracjach - 24GLIWICE - Portal Gliwice | codziennie nowe informacje","robots":{"index":"index","follow":"follow","max-snippet":"max-snippet:-1","max-image-preview":"max-image-preview:large","max-video-preview":"max-video-preview:-1"},"canonical":"https:\/\/www.24gliwice.pl\/wiadomosci\/wnetrzarskie-trendy-na-sezon-jesien-zima-2021-w-dekoracjach\/","og_locale":"pl_PL","og_type":"article","og_title":"Wn\u0119trzarskie trendy na sezon jesie\u0144-zima 2021 w dekoracjach - 24GLIWICE - Portal Gliwice | codziennie nowe informacje","og_description":"Sezon jesienno-zimowy puka do drzwi. Je\u015bli chcesz przygotowa\u0107 wystr\u00f3j domu na jego przyj\u015bcie, skorzystaj z naszych propozycji. Podpowiadamy, jak w prosty spos\u00f3b ca\u0142kowicie zmieni\u0107 aran\u017cacj\u0119 wn\u0119trza. &nbsp; Natura za oknem i\u2026 w domu Bie\u017c\u0105cy rok w trendach wn\u0119trzarskich zaznaczy\u0142 si\u0119 jako ten, kt\u00f3ry wyra\u017anie nawi\u0105zywa\u0142 do natury. Niew\u0105tpliwie mia\u0142o to swoje korzenie w rozwoju pandemii [&hellip;]","og_url":"https:\/\/www.24gliwice.pl\/wiadomosci\/wnetrzarskie-trendy-na-sezon-jesien-zima-2021-w-dekoracjach\/","og_site_name":"24GLIWICE - Portal Gliwice | codziennie nowe informacje","article_publisher":"https:\/\/www.facebook.com\/24gliwice","article_author":"https:\/\/www.facebook.com\/marcin.fabrykowski","article_published_time":"2021-10-26T10:30:57+00:00","og_image":[{"width":1140,"height":761,"url":"https:\/\/www.24gliwice.pl\/wiadomosci\/wp-content\/uploads\/2021\/10\/wnetrza-dekoracje-wp-3-001.jpg","type":"image\/jpeg"}],"author":"Marcin Fabrykowski","twitter_card":"summary_large_image","twitter_creator":"@24gliwice","twitter_site":"@24gliwice","twitter_misc":{"Napisane przez":"Marcin Fabrykowski","Szacowany czas czytania":"3 minuty"},"schema":{"@context":"https:\/\/schema.org","@graph":[{"@type":"Article","@id":"https:\/\/www.24gliwice.pl\/wiadomosci\/wnetrzarskie-trendy-na-sezon-jesien-zima-2021-w-dekoracjach\/#article","isPartOf":{"@id":"https:\/\/www.24gliwice.pl\/wiadomosci\/wnetrzarskie-trendy-na-sezon-jesien-zima-2021-w-dekoracjach\/"},"author":{"name":"Marcin Fabrykowski","@id":"https:\/\/www.24gliwice.pl\/wiadomosci\/#\/schema\/person\/cb5857e4a4d048c15984c1edcc8ef0c0"},"headline":"Wn\u0119trzarskie trendy na sezon jesie\u0144-zima 2021 w dekoracjach","datePublished":"2021-10-26T10:30:57+00:00","mainEntityOfPage":{"@id":"https:\/\/www.24gliwice.pl\/wiadomosci\/wnetrzarskie-trendy-na-sezon-jesien-zima-2021-w-dekoracjach\/"},"wordCount":608,"publisher":{"@id":"https:\/\/www.24gliwice.pl\/wiadomosci\/#organization"},"image":{"@id":"https:\/\/www.24gliwice.pl\/wiadomosci\/wnetrzarskie-trendy-na-sezon-jesien-zima-2021-w-dekoracjach\/#primaryimage"},"thumbnailUrl":"https:\/\/www.24gliwice.pl\/wiadomosci\/wp-content\/uploads\/2021\/10\/wnetrza-dekoracje-wp-3-001.jpg","keywords":["dekoracje","wn\u0119trza"],"articleSection":["Polecamy"],"inLanguage":"pl-PL"},{"@type":"WebPage","@id":"https:\/\/www.24gliwice.pl\/wiadomosci\/wnetrzarskie-trendy-na-sezon-jesien-zima-2021-w-dekoracjach\/","url":"https:\/\/www.24gliwice.pl\/wiadomosci\/wnetrzarskie-trendy-na-sezon-jesien-zima-2021-w-dekoracjach\/","name":"Wn\u0119trzarskie trendy na sezon jesie\u0144-zima 2021 w dekoracjach - 24GLIWICE - Portal Gliwice | codziennie nowe informacje","isPartOf":{"@id":"https:\/\/www.24gliwice.pl\/wiadomosci\/#website"},"primaryImageOfPage":{"@id":"https:\/\/www.24gliwice.pl\/wiadomosci\/wnetrzarskie-trendy-na-sezon-jesien-zima-2021-w-dekoracjach\/#primaryimage"},"image":{"@id":"https:\/\/www.24gliwice.pl\/wiadomosci\/wnetrzarskie-trendy-na-sezon-jesien-zima-2021-w-dekoracjach\/#primaryimage"},"thumbnailUrl":"https:\/\/www.24gliwice.pl\/wiadomosci\/wp-content\/uploads\/2021\/10\/wnetrza-dekoracje-wp-3-001.jpg","datePublished":"2021-10-26T10:30:57+00:00","breadcrumb":{"@id":"https:\/\/www.24gliwice.pl\/wiadomosci\/wnetrzarskie-trendy-na-sezon-jesien-zima-2021-w-dekoracjach\/#breadcrumb"},"inLanguage":"pl-PL","potentialAction":[{"@type":"ReadAction","target":["https:\/\/www.24gliwice.pl\/wiadomosci\/wnetrzarskie-trendy-na-sezon-jesien-zima-2021-w-dekoracjach\/"]}]},{"@type":"ImageObject","inLanguage":"pl-PL","@id":"https:\/\/www.24gliwice.pl\/wiadomosci\/wnetrzarskie-trendy-na-sezon-jesien-zima-2021-w-dekoracjach\/#primaryimage","url":"https:\/\/www.24gliwice.pl\/wiadomosci\/wp-content\/uploads\/2021\/10\/wnetrza-dekoracje-wp-3-001.jpg","contentUrl":"https:\/\/www.24gliwice.pl\/wiadomosci\/wp-content\/uploads\/2021\/10\/wnetrza-dekoracje-wp-3-001.jpg","width":1140,"height":761},{"@type":"BreadcrumbList","@id":"https:\/\/www.24gliwice.pl\/wiadomosci\/wnetrzarskie-trendy-na-sezon-jesien-zima-2021-w-dekoracjach\/#breadcrumb","itemListElement":[{"@type":"ListItem","position":1,"name":"Strona g\u0142\u00f3wna","item":"https:\/\/www.24gliwice.pl\/wiadomosci\/"},{"@type":"ListItem","position":2,"name":"Wn\u0119trzarskie trendy na sezon jesie\u0144-zima 2021 w dekoracjach"}]},{"@type":"WebSite","@id":"https:\/\/www.24gliwice.pl\/wiadomosci\/#website","url":"https:\/\/www.24gliwice.pl\/wiadomosci\/","name":"24GLIWICE - Portal Gliwice | codziennie nowe wiadomo\u015bci","description":"Portal Miejski Gliwice","publisher":{"@id":"https:\/\/www.24gliwice.pl\/wiadomosci\/#organization"},"potentialAction":[{"@type":"SearchAction","target":{"@type":"EntryPoint","urlTemplate":"https:\/\/www.24gliwice.pl\/wiadomosci\/?s={search_term_string}"},"query-input":{"@type":"PropertyValueSpecification","valueRequired":true,"valueName":"search_term_string"}}],"inLanguage":"pl-PL"},{"@type":"Organization","@id":"https:\/\/www.24gliwice.pl\/wiadomosci\/#organization","name":"24gliwice","url":"https:\/\/www.24gliwice.pl\/wiadomosci\/","logo":{"@type":"ImageObject","inLanguage":"pl-PL","@id":"https:\/\/www.24gliwice.pl\/wiadomosci\/#\/schema\/logo\/image\/","url":"https:\/\/www.24gliwice.pl\/wiadomosci\/wp-content\/uploads\/2024\/10\/24gliwice-logo-696.jpg","contentUrl":"https:\/\/www.24gliwice.pl\/wiadomosci\/wp-content\/uploads\/2024\/10\/24gliwice-logo-696.jpg","width":696,"height":696,"caption":"24gliwice"},"image":{"@id":"https:\/\/www.24gliwice.pl\/wiadomosci\/#\/schema\/logo\/image\/"},"sameAs":["https:\/\/www.facebook.com\/24gliwice","https:\/\/x.com\/24gliwice","https:\/\/www.youtube.com\/@24gliwice"]},{"@type":"Person","@id":"https:\/\/www.24gliwice.pl\/wiadomosci\/#\/schema\/person\/cb5857e4a4d048c15984c1edcc8ef0c0","name":"Marcin Fabrykowski","image":{"@type":"ImageObject","inLanguage":"pl-PL","@id":"https:\/\/www.24gliwice.pl\/wiadomosci\/wp-content\/uploads\/2025\/11\/zdjecie-moje-marcin-300-96x96.jpg","url":"https:\/\/www.24gliwice.pl\/wiadomosci\/wp-content\/uploads\/2025\/11\/zdjecie-moje-marcin-300-96x96.jpg","contentUrl":"https:\/\/www.24gliwice.pl\/wiadomosci\/wp-content\/uploads\/2025\/11\/zdjecie-moje-marcin-300-96x96.jpg","caption":"Marcin Fabrykowski"},"sameAs":["http:\/\/24gliwice.pl","https:\/\/www.facebook.com\/marcin.fabrykowski"],"url":"https:\/\/www.24gliwice.pl\/wiadomosci\/author\/marcin-fabrykowski\/"}]}},"_links":{"self":[{"href":"https:\/\/www.24gliwice.pl\/wiadomosci\/wp-json\/wp\/v2\/posts\/179770","targetHints":{"allow":["GET"]}}],"collection":[{"href":"https:\/\/www.24gliwice.pl\/wiadomosci\/wp-json\/wp\/v2\/posts"}],"about":[{"href":"https:\/\/www.24gliwice.pl\/wiadomosci\/wp-json\/wp\/v2\/types\/post"}],"author":[{"embeddable":true,"href":"https:\/\/www.24gliwice.pl\/wiadomosci\/wp-json\/wp\/v2\/users\/4"}],"replies":[{"embeddable":true,"href":"https:\/\/www.24gliwice.pl\/wiadomosci\/wp-json\/wp\/v2\/comments?post=179770"}],"version-history":[{"count":0,"href":"https:\/\/www.24gliwice.pl\/wiadomosci\/wp-json\/wp\/v2\/posts\/179770\/revisions"}],"wp:featuredmedia":[{"embeddable":true,"href":"https:\/\/www.24gliwice.pl\/wiadomosci\/wp-json\/wp\/v2\/media\/179777"}],"wp:attachment":[{"href":"https:\/\/www.24gliwice.pl\/wiadomosci\/wp-json\/wp\/v2\/media?parent=179770"}],"wp:term":[{"taxonomy":"category","embeddable":true,"href":"https:\/\/www.24gliwice.pl\/wiadomosci\/wp-json\/wp\/v2\/categories?post=179770"},{"taxonomy":"post_tag","embeddable":true,"href":"https:\/\/www.24gliwice.pl\/wiadomosci\/wp-json\/wp\/v2\/tags?post=179770"}],"curies":[{"name":"wp","href":"https:\/\/api.w.org\/{rel}","templated":true}]}}