{"id":179878,"date":"2021-10-27T16:18:42","date_gmt":"2021-10-27T14:18:42","guid":{"rendered":"https:\/\/www.24gliwice.pl\/wiadomosci\/?p=179878"},"modified":"2021-10-27T16:18:42","modified_gmt":"2021-10-27T14:18:42","slug":"praca-w-opiece-niemcy-jak-znalezc-zatrudnienie-za-granica","status":"publish","type":"post","link":"https:\/\/www.24gliwice.pl\/wiadomosci\/praca-w-opiece-niemcy-jak-znalezc-zatrudnienie-za-granica\/","title":{"rendered":"Praca w opiece Niemcy &#8211; jak znale\u017a\u0107 zatrudnienie za granic\u0105?"},"content":{"rendered":"<h3>Praca w opiece os\u00f3b starszych cieszy si\u0119 bardzo du\u017c\u0105 popularno\u015bci\u0105. Jest to jedno z najcz\u0119\u015bciej wybieranych zaj\u0119\u0107 przez Polak\u00f3w wyje\u017cd\u017caj\u0105cych za zachodni\u0105 granic\u0119 w celach zarobkowych. Co wchodzi w g\u0142\u00f3wny zakres obowi\u0105zk\u00f3w opiekun\u00f3w os\u00f3b starszych?\u00a0Czy niemiecki w pracy opiekunki jest niezb\u0119dny?\u00a0<\/h3>\n<p>&nbsp;<br \/>\nW dzisiejszych czasach wiele os\u00f3b decyduje si\u0119 na wyjazd do pracy za granic\u0119. Nie ma w tym nic dziwnego, poniewa\u017c tym sposobem mo\u017cna zwi\u0119kszy\u0107 swoje zarobki nawet czterokrotnie, w por\u00f3wnaniu do tych otrzymywanych w Polsce. Polacy na zachodzie mog\u0105 liczy\u0107 na zatrudnienie w wielu r\u00f3\u017cnych bran\u017cach. Jedn\u0105 z nich jest w\u0142a\u015bnie opieka osobami starszymi. Je\u015bli interesuje Ci\u0119 <a href=\"https:\/\/sunacare.pl\/\" rel=\"noopener\" target=\"_blank\">praca w opiece Niemcy<\/a> to jeden z kraj\u00f3w Europy, wykazuj\u0105cy najwi\u0119ksze zapotrzebowanie na tego typu us\u0142ugi. Opiekun os\u00f3b starszych bez trudu znajdzie tam zatrudnienie, poniewa\u017c w Niemczech wi\u0119kszo\u015b\u0107 os\u00f3b w podesz\u0142ym wieku korzysta z\u00a0takiego wsparcia i zatrudnia dodatkow\u0105 pomoc.\u00a0<\/p>\n<h3>Na czym polega praca opiekunek os\u00f3b starszych?\u00a0<\/h3>\n<p>Opiekun os\u00f3b starszych, jak sama nazwa tego zaj\u0119cia wskazuje, zajmuje si\u0119 pomoc\u0105 senior\u00f3w, kt\u00f3rzy nie s\u0105 ju\u017c w stanie samodzielnie radzi\u0107 sobie w codziennych czynno\u015bciach. Zakres pracy takiego specjalisty mo\u017ce by\u0107 bardzo szeroki i zr\u00f3\u017cnicowany. Wszystko zale\u017cy od indywidualnych potrzeb. Praca opiekunki polega przede wszystkim na bezpo\u015bredniej opiece osoby starszej, zwi\u0105zanej z jej zdrowiem i higien\u0105. Do podstawowych zada\u0144 nale\u017cy przewa\u017cnie codzienne mycie, podawanie lek\u00f3w, czy te\u017c pomoc w korzystaniu z toalety.\u00a0<\/p>\n<p>Opiekunki os\u00f3b starszych bardzo cz\u0119sto zajmuje si\u0119 tak\u017ce prowadzeniem gospodarstwa domowego. Taka praca mo\u017ce wymaga\u0107 robienia zakup\u00f3w, gotowania, a nawet zajmowania si\u0119 sprawami zwi\u0105zanymi z p\u0142aceniem rachunk\u00f3w. M\u00f3wi\u0105c kr\u00f3tko, opiekun przejmuje wi\u0119kszo\u015b\u0107 codziennych obowi\u0105zk\u00f3w, kt\u00f3rymi senior nie mo\u017ce si\u0119 ju\u017c zaj\u0105\u0107.\u00a0<\/p>\n<h3>Opiekunka os\u00f3b starszych \u2014 jakie wymagania musi spe\u0142nia\u0107?\u00a0<\/h3>\n<p>Opieka os\u00f3b starszych to bardzo odpowiedzialne zaj\u0119cie, wymagaj\u0105ce posiadania odpowiednich kompetencji. Mimo \u017ce teoretycznie, aby znale\u017a\u0107 zatrudnienie nie trzeba mie\u0107 specjalnych uprawnie\u0144, to jednak wiedza oraz do\u015bwiadczenie s\u0105 tu niezwykle przydatne. Poza tym pracodawcy znacznie ch\u0119tniej decyduj\u0105 si\u0119 na zatrudnienie takich w\u0142a\u015bnie os\u00f3b. Bardzo du\u017cym atutem przy poszukiwaniu zatrudnienia w tym zawodzie, jest posiadanie odpowiedniego wykszta\u0142cenia lub uko\u0144czenie kierunkowych kurs\u00f3w.<br \/>\n\u00a0<br \/>\nWarto pami\u0119ta\u0107 te\u017c, \u017ce praca opiekuna cz\u0119sto wi\u0105\u017ce si\u0119 z du\u017cy wysi\u0142kiem fizycznym. Dlatego te\u017c dobry stan zdrowia jest warunkiem koniecznym do podj\u0119cia takiego zaj\u0119cia.<\/p>\n<p>Kluczow\u0105 spraw\u0105 jest tak\u017ce poziom znajomo\u015bci j\u0119zyka niemieckiego.\u00a0Nie da si\u0119 unikn\u0105\u0107 tematu j\u0119zyka, gdy mowa o pracy za granic\u0105. Szczeg\u00f3lnie je\u015bli jest ona kontaktowa, tak, jak praca opiekuna. <a href=\"https:\/\/sunacare.pl\/niemiecki-w-pracy-opiekunki-osob-starszych\/\" rel=\"noopener\" target=\"_blank\">Niemiecki w pracy opiekunki<\/a>\u00a0jest bardzo wa\u017cny, poniewa\u017c pozwala na swobodn\u0105 komunikacj\u0119 z seniorem i jego rodzin\u0105. Poza tym dobra znajomo\u015b\u0107 j\u0119zyka niemieckiego mo\u017ce wp\u0142yn\u0105\u0107 te\u017c na wysoko\u015b\u0107 zarobk\u00f3w.\u00a0<\/p>\n<h3>Oferty pracy Niemcy opieka \u2014 gdzie szuka\u0107?\u00a0<\/h3>\n<p>Chcesz wyjecha\u0107 do pracy za granic\u0119, ale nie wiesz, gdzie znale\u017a\u0107 najlepsze <a href=\"https:\/\/sunacare.pl\/oferty\/\" rel=\"noopener\" target=\"_blank\">oferty pracy Niemcy opieka<\/a>? Dzi\u015b to nie problem, poniewa\u017c\u00a0aktualne oferty pracy znajdziesz w internecie. Je\u015bli jednak chcesz znale\u017a\u0107 pewne i bezpieczne zatrudnienie, nie szukaj go na w\u0142asn\u0105 r\u0119k\u0119, poniewa\u017c oszust\u00f3w w tym obszarze nie brakuje. Najlepszym rozwi\u0105zaniem b\u0119dzie skorzystanie ze sprawdzonych platform po\u015brednicz\u0105cych w zatrudnianiu. Zapewniaj\u0105 one bowiem indywidualne dopasowanie ofert pracy oraz pomoc w organizacji wszelkich formalno\u015bci. A co najwa\u017cniejsze, gwarantuj\u0105 pewny zarobek.\u00a0<\/p>\n<p><em>(materia\u0142 partnera)<\/em><\/p>\n","protected":false},"excerpt":{"rendered":"<p>Praca w opiece os\u00f3b starszych cieszy si\u0119 bardzo du\u017c\u0105 popularno\u015bci\u0105. Jest to jedno z najcz\u0119\u015bciej wybieranych zaj\u0119\u0107 przez Polak\u00f3w wyje\u017cd\u017caj\u0105cych za zachodni\u0105 granic\u0119 w celach zarobkowych. Co wchodzi w g\u0142\u00f3wny zakres obowi\u0105zk\u00f3w opiekun\u00f3w os\u00f3b starszych?\u00a0Czy niemiecki w pracy opiekunki jest niezb\u0119dny?\u00a0 &nbsp; W dzisiejszych czasach wiele os\u00f3b decyduje si\u0119 na wyjazd do pracy za granic\u0119. [&hellip;]<\/p>\n","protected":false},"author":4,"featured_media":179879,"comment_status":"closed","ping_status":"closed","sticky":false,"template":"","format":"standard","meta":{"_monsterinsights_skip_tracking":false,"_monsterinsights_sitenote_active":false,"_monsterinsights_sitenote_note":"","_monsterinsights_sitenote_category":0,"footnotes":"","_links_to":"","_links_to_target":""},"categories":[1129],"tags":[20198,7648],"class_list":["post-179878","post","type-post","status-publish","format-standard","has-post-thumbnail","hentry","category-polecamy","tag-opiekunka","tag-praca"],"yoast_head":"<!-- This site is optimized with the Yoast SEO plugin v27.5 - https:\/\/yoast.com\/product\/yoast-seo-wordpress\/ -->\n<title>Praca w opiece Niemcy - jak znale\u017a\u0107 zatrudnienie za granic\u0105? - 24GLIWICE - Portal Gliwice | codziennie nowe informacje<\/title>\n<meta name=\"robots\" content=\"index, follow, max-snippet:-1, max-image-preview:large, max-video-preview:-1\" \/>\n<link rel=\"canonical\" href=\"https:\/\/www.24gliwice.pl\/wiadomosci\/praca-w-opiece-niemcy-jak-znalezc-zatrudnienie-za-granica\/\" \/>\n<meta property=\"og:locale\" content=\"pl_PL\" \/>\n<meta property=\"og:type\" content=\"article\" \/>\n<meta property=\"og:title\" content=\"Praca w opiece Niemcy - jak znale\u017a\u0107 zatrudnienie za granic\u0105? - 24GLIWICE - Portal Gliwice | codziennie nowe informacje\" \/>\n<meta property=\"og:description\" content=\"Praca w opiece os\u00f3b starszych cieszy si\u0119 bardzo du\u017c\u0105 popularno\u015bci\u0105. Jest to jedno z najcz\u0119\u015bciej wybieranych zaj\u0119\u0107 przez Polak\u00f3w wyje\u017cd\u017caj\u0105cych za zachodni\u0105 granic\u0119 w celach zarobkowych. Co wchodzi w g\u0142\u00f3wny zakres obowi\u0105zk\u00f3w opiekun\u00f3w os\u00f3b starszych?\u00a0Czy niemiecki w pracy opiekunki jest niezb\u0119dny?\u00a0 &nbsp; W dzisiejszych czasach wiele os\u00f3b decyduje si\u0119 na wyjazd do pracy za granic\u0119. [&hellip;]\" \/>\n<meta property=\"og:url\" content=\"https:\/\/www.24gliwice.pl\/wiadomosci\/praca-w-opiece-niemcy-jak-znalezc-zatrudnienie-za-granica\/\" \/>\n<meta property=\"og:site_name\" content=\"24GLIWICE - Portal Gliwice | codziennie nowe informacje\" \/>\n<meta property=\"article:publisher\" content=\"https:\/\/www.facebook.com\/24gliwice\" \/>\n<meta property=\"article:author\" content=\"https:\/\/www.facebook.com\/marcin.fabrykowski\" \/>\n<meta property=\"article:published_time\" content=\"2021-10-27T14:18:42+00:00\" \/>\n<meta property=\"og:image\" content=\"https:\/\/www.24gliwice.pl\/wiadomosci\/wp-content\/uploads\/2021\/10\/opieka-lh.jpg\" \/>\n\t<meta property=\"og:image:width\" content=\"810\" \/>\n\t<meta property=\"og:image:height\" content=\"456\" \/>\n\t<meta property=\"og:image:type\" content=\"image\/jpeg\" \/>\n<meta name=\"author\" content=\"Marcin Fabrykowski\" \/>\n<meta name=\"twitter:card\" content=\"summary_large_image\" \/>\n<meta name=\"twitter:creator\" content=\"@24gliwice\" \/>\n<meta name=\"twitter:site\" content=\"@24gliwice\" \/>\n<meta name=\"twitter:label1\" content=\"Napisane przez\" \/>\n\t<meta name=\"twitter:data1\" content=\"Marcin Fabrykowski\" \/>\n\t<meta name=\"twitter:label2\" content=\"Szacowany czas czytania\" \/>\n\t<meta name=\"twitter:data2\" content=\"3 minuty\" \/>\n<script type=\"application\/ld+json\" class=\"yoast-schema-graph\">{\"@context\":\"https:\\\/\\\/schema.org\",\"@graph\":[{\"@type\":\"Article\",\"@id\":\"https:\\\/\\\/www.24gliwice.pl\\\/wiadomosci\\\/praca-w-opiece-niemcy-jak-znalezc-zatrudnienie-za-granica\\\/#article\",\"isPartOf\":{\"@id\":\"https:\\\/\\\/www.24gliwice.pl\\\/wiadomosci\\\/praca-w-opiece-niemcy-jak-znalezc-zatrudnienie-za-granica\\\/\"},\"author\":{\"name\":\"Marcin Fabrykowski\",\"@id\":\"https:\\\/\\\/www.24gliwice.pl\\\/wiadomosci\\\/#\\\/schema\\\/person\\\/cb5857e4a4d048c15984c1edcc8ef0c0\"},\"headline\":\"Praca w opiece Niemcy &#8211; jak znale\u017a\u0107 zatrudnienie za granic\u0105?\",\"datePublished\":\"2021-10-27T14:18:42+00:00\",\"mainEntityOfPage\":{\"@id\":\"https:\\\/\\\/www.24gliwice.pl\\\/wiadomosci\\\/praca-w-opiece-niemcy-jak-znalezc-zatrudnienie-za-granica\\\/\"},\"wordCount\":607,\"publisher\":{\"@id\":\"https:\\\/\\\/www.24gliwice.pl\\\/wiadomosci\\\/#organization\"},\"image\":{\"@id\":\"https:\\\/\\\/www.24gliwice.pl\\\/wiadomosci\\\/praca-w-opiece-niemcy-jak-znalezc-zatrudnienie-za-granica\\\/#primaryimage\"},\"thumbnailUrl\":\"https:\\\/\\\/www.24gliwice.pl\\\/wiadomosci\\\/wp-content\\\/uploads\\\/2021\\\/10\\\/opieka-lh.jpg\",\"keywords\":[\"opiekunka\",\"PRACA\"],\"articleSection\":[\"Polecamy\"],\"inLanguage\":\"pl-PL\"},{\"@type\":\"WebPage\",\"@id\":\"https:\\\/\\\/www.24gliwice.pl\\\/wiadomosci\\\/praca-w-opiece-niemcy-jak-znalezc-zatrudnienie-za-granica\\\/\",\"url\":\"https:\\\/\\\/www.24gliwice.pl\\\/wiadomosci\\\/praca-w-opiece-niemcy-jak-znalezc-zatrudnienie-za-granica\\\/\",\"name\":\"Praca w opiece Niemcy - jak znale\u017a\u0107 zatrudnienie za granic\u0105? - 24GLIWICE - Portal Gliwice | codziennie nowe informacje\",\"isPartOf\":{\"@id\":\"https:\\\/\\\/www.24gliwice.pl\\\/wiadomosci\\\/#website\"},\"primaryImageOfPage\":{\"@id\":\"https:\\\/\\\/www.24gliwice.pl\\\/wiadomosci\\\/praca-w-opiece-niemcy-jak-znalezc-zatrudnienie-za-granica\\\/#primaryimage\"},\"image\":{\"@id\":\"https:\\\/\\\/www.24gliwice.pl\\\/wiadomosci\\\/praca-w-opiece-niemcy-jak-znalezc-zatrudnienie-za-granica\\\/#primaryimage\"},\"thumbnailUrl\":\"https:\\\/\\\/www.24gliwice.pl\\\/wiadomosci\\\/wp-content\\\/uploads\\\/2021\\\/10\\\/opieka-lh.jpg\",\"datePublished\":\"2021-10-27T14:18:42+00:00\",\"breadcrumb\":{\"@id\":\"https:\\\/\\\/www.24gliwice.pl\\\/wiadomosci\\\/praca-w-opiece-niemcy-jak-znalezc-zatrudnienie-za-granica\\\/#breadcrumb\"},\"inLanguage\":\"pl-PL\",\"potentialAction\":[{\"@type\":\"ReadAction\",\"target\":[\"https:\\\/\\\/www.24gliwice.pl\\\/wiadomosci\\\/praca-w-opiece-niemcy-jak-znalezc-zatrudnienie-za-granica\\\/\"]}]},{\"@type\":\"ImageObject\",\"inLanguage\":\"pl-PL\",\"@id\":\"https:\\\/\\\/www.24gliwice.pl\\\/wiadomosci\\\/praca-w-opiece-niemcy-jak-znalezc-zatrudnienie-za-granica\\\/#primaryimage\",\"url\":\"https:\\\/\\\/www.24gliwice.pl\\\/wiadomosci\\\/wp-content\\\/uploads\\\/2021\\\/10\\\/opieka-lh.jpg\",\"contentUrl\":\"https:\\\/\\\/www.24gliwice.pl\\\/wiadomosci\\\/wp-content\\\/uploads\\\/2021\\\/10\\\/opieka-lh.jpg\",\"width\":810,\"height\":456},{\"@type\":\"BreadcrumbList\",\"@id\":\"https:\\\/\\\/www.24gliwice.pl\\\/wiadomosci\\\/praca-w-opiece-niemcy-jak-znalezc-zatrudnienie-za-granica\\\/#breadcrumb\",\"itemListElement\":[{\"@type\":\"ListItem\",\"position\":1,\"name\":\"Strona g\u0142\u00f3wna\",\"item\":\"https:\\\/\\\/www.24gliwice.pl\\\/wiadomosci\\\/\"},{\"@type\":\"ListItem\",\"position\":2,\"name\":\"Praca w opiece Niemcy &#8211; jak znale\u017a\u0107 zatrudnienie za granic\u0105?\"}]},{\"@type\":\"WebSite\",\"@id\":\"https:\\\/\\\/www.24gliwice.pl\\\/wiadomosci\\\/#website\",\"url\":\"https:\\\/\\\/www.24gliwice.pl\\\/wiadomosci\\\/\",\"name\":\"24GLIWICE - Portal Gliwice | codziennie nowe wiadomo\u015bci\",\"description\":\"Portal Miejski Gliwice\",\"publisher\":{\"@id\":\"https:\\\/\\\/www.24gliwice.pl\\\/wiadomosci\\\/#organization\"},\"potentialAction\":[{\"@type\":\"SearchAction\",\"target\":{\"@type\":\"EntryPoint\",\"urlTemplate\":\"https:\\\/\\\/www.24gliwice.pl\\\/wiadomosci\\\/?s={search_term_string}\"},\"query-input\":{\"@type\":\"PropertyValueSpecification\",\"valueRequired\":true,\"valueName\":\"search_term_string\"}}],\"inLanguage\":\"pl-PL\"},{\"@type\":\"Organization\",\"@id\":\"https:\\\/\\\/www.24gliwice.pl\\\/wiadomosci\\\/#organization\",\"name\":\"24gliwice\",\"url\":\"https:\\\/\\\/www.24gliwice.pl\\\/wiadomosci\\\/\",\"logo\":{\"@type\":\"ImageObject\",\"inLanguage\":\"pl-PL\",\"@id\":\"https:\\\/\\\/www.24gliwice.pl\\\/wiadomosci\\\/#\\\/schema\\\/logo\\\/image\\\/\",\"url\":\"https:\\\/\\\/www.24gliwice.pl\\\/wiadomosci\\\/wp-content\\\/uploads\\\/2024\\\/10\\\/24gliwice-logo-696.jpg\",\"contentUrl\":\"https:\\\/\\\/www.24gliwice.pl\\\/wiadomosci\\\/wp-content\\\/uploads\\\/2024\\\/10\\\/24gliwice-logo-696.jpg\",\"width\":696,\"height\":696,\"caption\":\"24gliwice\"},\"image\":{\"@id\":\"https:\\\/\\\/www.24gliwice.pl\\\/wiadomosci\\\/#\\\/schema\\\/logo\\\/image\\\/\"},\"sameAs\":[\"https:\\\/\\\/www.facebook.com\\\/24gliwice\",\"https:\\\/\\\/x.com\\\/24gliwice\",\"https:\\\/\\\/www.youtube.com\\\/@24gliwice\"]},{\"@type\":\"Person\",\"@id\":\"https:\\\/\\\/www.24gliwice.pl\\\/wiadomosci\\\/#\\\/schema\\\/person\\\/cb5857e4a4d048c15984c1edcc8ef0c0\",\"name\":\"Marcin Fabrykowski\",\"image\":{\"@type\":\"ImageObject\",\"inLanguage\":\"pl-PL\",\"@id\":\"https:\\\/\\\/www.24gliwice.pl\\\/wiadomosci\\\/wp-content\\\/uploads\\\/2025\\\/11\\\/zdjecie-moje-marcin-300-96x96.jpg\",\"url\":\"https:\\\/\\\/www.24gliwice.pl\\\/wiadomosci\\\/wp-content\\\/uploads\\\/2025\\\/11\\\/zdjecie-moje-marcin-300-96x96.jpg\",\"contentUrl\":\"https:\\\/\\\/www.24gliwice.pl\\\/wiadomosci\\\/wp-content\\\/uploads\\\/2025\\\/11\\\/zdjecie-moje-marcin-300-96x96.jpg\",\"caption\":\"Marcin Fabrykowski\"},\"sameAs\":[\"http:\\\/\\\/24gliwice.pl\",\"https:\\\/\\\/www.facebook.com\\\/marcin.fabrykowski\"],\"url\":\"https:\\\/\\\/www.24gliwice.pl\\\/wiadomosci\\\/author\\\/marcin-fabrykowski\\\/\"}]}<\/script>\n<!-- \/ Yoast SEO plugin. -->","yoast_head_json":{"title":"Praca w opiece Niemcy - jak znale\u017a\u0107 zatrudnienie za granic\u0105? - 24GLIWICE - Portal Gliwice | codziennie nowe informacje","robots":{"index":"index","follow":"follow","max-snippet":"max-snippet:-1","max-image-preview":"max-image-preview:large","max-video-preview":"max-video-preview:-1"},"canonical":"https:\/\/www.24gliwice.pl\/wiadomosci\/praca-w-opiece-niemcy-jak-znalezc-zatrudnienie-za-granica\/","og_locale":"pl_PL","og_type":"article","og_title":"Praca w opiece Niemcy - jak znale\u017a\u0107 zatrudnienie za granic\u0105? - 24GLIWICE - Portal Gliwice | codziennie nowe informacje","og_description":"Praca w opiece os\u00f3b starszych cieszy si\u0119 bardzo du\u017c\u0105 popularno\u015bci\u0105. Jest to jedno z najcz\u0119\u015bciej wybieranych zaj\u0119\u0107 przez Polak\u00f3w wyje\u017cd\u017caj\u0105cych za zachodni\u0105 granic\u0119 w celach zarobkowych. Co wchodzi w g\u0142\u00f3wny zakres obowi\u0105zk\u00f3w opiekun\u00f3w os\u00f3b starszych?\u00a0Czy niemiecki w pracy opiekunki jest niezb\u0119dny?\u00a0 &nbsp; W dzisiejszych czasach wiele os\u00f3b decyduje si\u0119 na wyjazd do pracy za granic\u0119. [&hellip;]","og_url":"https:\/\/www.24gliwice.pl\/wiadomosci\/praca-w-opiece-niemcy-jak-znalezc-zatrudnienie-za-granica\/","og_site_name":"24GLIWICE - Portal Gliwice | codziennie nowe informacje","article_publisher":"https:\/\/www.facebook.com\/24gliwice","article_author":"https:\/\/www.facebook.com\/marcin.fabrykowski","article_published_time":"2021-10-27T14:18:42+00:00","og_image":[{"width":810,"height":456,"url":"https:\/\/www.24gliwice.pl\/wiadomosci\/wp-content\/uploads\/2021\/10\/opieka-lh.jpg","type":"image\/jpeg"}],"author":"Marcin Fabrykowski","twitter_card":"summary_large_image","twitter_creator":"@24gliwice","twitter_site":"@24gliwice","twitter_misc":{"Napisane przez":"Marcin Fabrykowski","Szacowany czas czytania":"3 minuty"},"schema":{"@context":"https:\/\/schema.org","@graph":[{"@type":"Article","@id":"https:\/\/www.24gliwice.pl\/wiadomosci\/praca-w-opiece-niemcy-jak-znalezc-zatrudnienie-za-granica\/#article","isPartOf":{"@id":"https:\/\/www.24gliwice.pl\/wiadomosci\/praca-w-opiece-niemcy-jak-znalezc-zatrudnienie-za-granica\/"},"author":{"name":"Marcin Fabrykowski","@id":"https:\/\/www.24gliwice.pl\/wiadomosci\/#\/schema\/person\/cb5857e4a4d048c15984c1edcc8ef0c0"},"headline":"Praca w opiece Niemcy &#8211; jak znale\u017a\u0107 zatrudnienie za granic\u0105?","datePublished":"2021-10-27T14:18:42+00:00","mainEntityOfPage":{"@id":"https:\/\/www.24gliwice.pl\/wiadomosci\/praca-w-opiece-niemcy-jak-znalezc-zatrudnienie-za-granica\/"},"wordCount":607,"publisher":{"@id":"https:\/\/www.24gliwice.pl\/wiadomosci\/#organization"},"image":{"@id":"https:\/\/www.24gliwice.pl\/wiadomosci\/praca-w-opiece-niemcy-jak-znalezc-zatrudnienie-za-granica\/#primaryimage"},"thumbnailUrl":"https:\/\/www.24gliwice.pl\/wiadomosci\/wp-content\/uploads\/2021\/10\/opieka-lh.jpg","keywords":["opiekunka","PRACA"],"articleSection":["Polecamy"],"inLanguage":"pl-PL"},{"@type":"WebPage","@id":"https:\/\/www.24gliwice.pl\/wiadomosci\/praca-w-opiece-niemcy-jak-znalezc-zatrudnienie-za-granica\/","url":"https:\/\/www.24gliwice.pl\/wiadomosci\/praca-w-opiece-niemcy-jak-znalezc-zatrudnienie-za-granica\/","name":"Praca w opiece Niemcy - jak znale\u017a\u0107 zatrudnienie za granic\u0105? - 24GLIWICE - Portal Gliwice | codziennie nowe informacje","isPartOf":{"@id":"https:\/\/www.24gliwice.pl\/wiadomosci\/#website"},"primaryImageOfPage":{"@id":"https:\/\/www.24gliwice.pl\/wiadomosci\/praca-w-opiece-niemcy-jak-znalezc-zatrudnienie-za-granica\/#primaryimage"},"image":{"@id":"https:\/\/www.24gliwice.pl\/wiadomosci\/praca-w-opiece-niemcy-jak-znalezc-zatrudnienie-za-granica\/#primaryimage"},"thumbnailUrl":"https:\/\/www.24gliwice.pl\/wiadomosci\/wp-content\/uploads\/2021\/10\/opieka-lh.jpg","datePublished":"2021-10-27T14:18:42+00:00","breadcrumb":{"@id":"https:\/\/www.24gliwice.pl\/wiadomosci\/praca-w-opiece-niemcy-jak-znalezc-zatrudnienie-za-granica\/#breadcrumb"},"inLanguage":"pl-PL","potentialAction":[{"@type":"ReadAction","target":["https:\/\/www.24gliwice.pl\/wiadomosci\/praca-w-opiece-niemcy-jak-znalezc-zatrudnienie-za-granica\/"]}]},{"@type":"ImageObject","inLanguage":"pl-PL","@id":"https:\/\/www.24gliwice.pl\/wiadomosci\/praca-w-opiece-niemcy-jak-znalezc-zatrudnienie-za-granica\/#primaryimage","url":"https:\/\/www.24gliwice.pl\/wiadomosci\/wp-content\/uploads\/2021\/10\/opieka-lh.jpg","contentUrl":"https:\/\/www.24gliwice.pl\/wiadomosci\/wp-content\/uploads\/2021\/10\/opieka-lh.jpg","width":810,"height":456},{"@type":"BreadcrumbList","@id":"https:\/\/www.24gliwice.pl\/wiadomosci\/praca-w-opiece-niemcy-jak-znalezc-zatrudnienie-za-granica\/#breadcrumb","itemListElement":[{"@type":"ListItem","position":1,"name":"Strona g\u0142\u00f3wna","item":"https:\/\/www.24gliwice.pl\/wiadomosci\/"},{"@type":"ListItem","position":2,"name":"Praca w opiece Niemcy &#8211; jak znale\u017a\u0107 zatrudnienie za granic\u0105?"}]},{"@type":"WebSite","@id":"https:\/\/www.24gliwice.pl\/wiadomosci\/#website","url":"https:\/\/www.24gliwice.pl\/wiadomosci\/","name":"24GLIWICE - Portal Gliwice | codziennie nowe wiadomo\u015bci","description":"Portal Miejski Gliwice","publisher":{"@id":"https:\/\/www.24gliwice.pl\/wiadomosci\/#organization"},"potentialAction":[{"@type":"SearchAction","target":{"@type":"EntryPoint","urlTemplate":"https:\/\/www.24gliwice.pl\/wiadomosci\/?s={search_term_string}"},"query-input":{"@type":"PropertyValueSpecification","valueRequired":true,"valueName":"search_term_string"}}],"inLanguage":"pl-PL"},{"@type":"Organization","@id":"https:\/\/www.24gliwice.pl\/wiadomosci\/#organization","name":"24gliwice","url":"https:\/\/www.24gliwice.pl\/wiadomosci\/","logo":{"@type":"ImageObject","inLanguage":"pl-PL","@id":"https:\/\/www.24gliwice.pl\/wiadomosci\/#\/schema\/logo\/image\/","url":"https:\/\/www.24gliwice.pl\/wiadomosci\/wp-content\/uploads\/2024\/10\/24gliwice-logo-696.jpg","contentUrl":"https:\/\/www.24gliwice.pl\/wiadomosci\/wp-content\/uploads\/2024\/10\/24gliwice-logo-696.jpg","width":696,"height":696,"caption":"24gliwice"},"image":{"@id":"https:\/\/www.24gliwice.pl\/wiadomosci\/#\/schema\/logo\/image\/"},"sameAs":["https:\/\/www.facebook.com\/24gliwice","https:\/\/x.com\/24gliwice","https:\/\/www.youtube.com\/@24gliwice"]},{"@type":"Person","@id":"https:\/\/www.24gliwice.pl\/wiadomosci\/#\/schema\/person\/cb5857e4a4d048c15984c1edcc8ef0c0","name":"Marcin Fabrykowski","image":{"@type":"ImageObject","inLanguage":"pl-PL","@id":"https:\/\/www.24gliwice.pl\/wiadomosci\/wp-content\/uploads\/2025\/11\/zdjecie-moje-marcin-300-96x96.jpg","url":"https:\/\/www.24gliwice.pl\/wiadomosci\/wp-content\/uploads\/2025\/11\/zdjecie-moje-marcin-300-96x96.jpg","contentUrl":"https:\/\/www.24gliwice.pl\/wiadomosci\/wp-content\/uploads\/2025\/11\/zdjecie-moje-marcin-300-96x96.jpg","caption":"Marcin Fabrykowski"},"sameAs":["http:\/\/24gliwice.pl","https:\/\/www.facebook.com\/marcin.fabrykowski"],"url":"https:\/\/www.24gliwice.pl\/wiadomosci\/author\/marcin-fabrykowski\/"}]}},"_links":{"self":[{"href":"https:\/\/www.24gliwice.pl\/wiadomosci\/wp-json\/wp\/v2\/posts\/179878","targetHints":{"allow":["GET"]}}],"collection":[{"href":"https:\/\/www.24gliwice.pl\/wiadomosci\/wp-json\/wp\/v2\/posts"}],"about":[{"href":"https:\/\/www.24gliwice.pl\/wiadomosci\/wp-json\/wp\/v2\/types\/post"}],"author":[{"embeddable":true,"href":"https:\/\/www.24gliwice.pl\/wiadomosci\/wp-json\/wp\/v2\/users\/4"}],"replies":[{"embeddable":true,"href":"https:\/\/www.24gliwice.pl\/wiadomosci\/wp-json\/wp\/v2\/comments?post=179878"}],"version-history":[{"count":0,"href":"https:\/\/www.24gliwice.pl\/wiadomosci\/wp-json\/wp\/v2\/posts\/179878\/revisions"}],"wp:featuredmedia":[{"embeddable":true,"href":"https:\/\/www.24gliwice.pl\/wiadomosci\/wp-json\/wp\/v2\/media\/179879"}],"wp:attachment":[{"href":"https:\/\/www.24gliwice.pl\/wiadomosci\/wp-json\/wp\/v2\/media?parent=179878"}],"wp:term":[{"taxonomy":"category","embeddable":true,"href":"https:\/\/www.24gliwice.pl\/wiadomosci\/wp-json\/wp\/v2\/categories?post=179878"},{"taxonomy":"post_tag","embeddable":true,"href":"https:\/\/www.24gliwice.pl\/wiadomosci\/wp-json\/wp\/v2\/tags?post=179878"}],"curies":[{"name":"wp","href":"https:\/\/api.w.org\/{rel}","templated":true}]}}