{"id":180192,"date":"2021-11-08T03:56:25","date_gmt":"2021-11-08T02:56:25","guid":{"rendered":"https:\/\/www.24gliwice.pl\/wiadomosci\/?p=180192"},"modified":"2021-11-08T03:56:25","modified_gmt":"2021-11-08T02:56:25","slug":"83-rocznica-nocy-krysztalowej-w-szesciu-miejscach-w-regionie-upamietnia-dramatyczne-wydarzenia","status":"publish","type":"post","link":"https:\/\/www.24gliwice.pl\/wiadomosci\/83-rocznica-nocy-krysztalowej-w-szesciu-miejscach-w-regionie-upamietnia-dramatyczne-wydarzenia\/","title":{"rendered":"83. rocznica Nocy Kryszta\u0142owej. W sze\u015bciu miejscach w regionie upami\u0119tni\u0105 dramatyczne wydarzenia"},"content":{"rendered":"<div class=\"gliwi-a6-nad-leadem-artykulow gliwi-entity-placement\" id=\"gliwi-2389479460\"><div class=\"gliwi-adlabel\"><span style=\"font-size: 9px\">REKLAMA<\/span><\/div><div id=\"gliwi-2446761598\" style=\"margin-bottom: 30px;margin-left: auto;margin-right: auto;text-align: center;\"><a data-no-instant=\"1\" href=\"https:\/\/przedszkole.halogen.org.pl\/\" rel=\"noopener\" class=\"a2t-link\" target=\"_blank\" aria-label=\"20260402-ANIMATOR-przedszkole_grafika_750x200\"><img loading=\"lazy\" decoding=\"async\" src=\"https:\/\/www.24gliwice.pl\/wiadomosci\/wp-content\/uploads\/2026\/04\/20260402-ANIMATOR-przedszkole_grafika_750x200.webp\" alt=\"\"  srcset=\"https:\/\/www.24gliwice.pl\/wiadomosci\/wp-content\/uploads\/2026\/04\/20260402-ANIMATOR-przedszkole_grafika_750x200.webp 750w, https:\/\/www.24gliwice.pl\/wiadomosci\/wp-content\/uploads\/2026\/04\/20260402-ANIMATOR-przedszkole_grafika_750x200-410x109.webp 410w\" sizes=\"(max-width: 750px) 100vw, 750px\" class=\"no-lazyload\" width=\"750\" height=\"200\"  style=\"display: inline-block; max-width: 100%; height: auto;\" \/><\/a><\/div><\/div><h2>83. rocznica Nocy Kryszta\u0142owej, jednego z najbardziej dramatycznych wydarze\u0144 poprzedzaj\u0105cych Zag\u0142ad\u0119 \u017byd\u00f3w, kt\u00f3re mia\u0142o miejsce tak\u017ce na G\u00f3rnym \u015al\u0105sku, przypada 9 listopada. W tym dniu w sze\u015bciu miejscach w naszym regionie zostan\u0105 zorganizowane spotkania upami\u0119tniaj\u0105ce te historie.<\/h2>\n<p>&nbsp;<br \/>\nJest to Inicjatywa Domu Pami\u0119ci \u017byd\u00f3w G\u00f3rno\u015bl\u0105skich, oddzia\u0142u Muzeum w Gliwicach, kt\u00f3rej celem jest podtrzymywanie pami\u0119ci o wa\u017cnych momentach z przesz\u0142o\u015bci poprzez anga\u017cowanie lokalnej spo\u0142eczno\u015bci.<\/p>\n<p>Akcja b\u0119dzie odbywa\u0107 si\u0119 r\u00f3wnocze\u015bnie w sze\u015bciu miejscowo\u015bciach: Gliwicach, Zabrzu, Bytomiu, Toszku, Pyskowicach i Wielowsi, w miejscach gdzie zlokalizowane by\u0142y, b\u0105d\u017a przetrwa\u0142y do dzisiaj, synagogi. Zostan\u0105 odczytane relacje \u015bwiadk\u00f3w oraz z\u0142o\u017cone kwiaty. <\/p><div class=\"gliwi-a3-w-tresci-artykulow gliwi-entity-placement\" id=\"gliwi-1353413125\"><div class=\"gliwi-adlabel\"><span style=\"font-size: 9px\">REKLAMA<\/span><\/div><div id=\"gliwi-1589723845\" style=\"margin-bottom: 30px;margin-left: auto;margin-right: auto;text-align: center;\"><a data-no-instant=\"1\" href=\"https:\/\/zlobek.halogen.org.pl\/\" rel=\"noopener\" class=\"a2t-link\" target=\"_blank\" aria-label=\"animator-zlobek_750x200\"><img loading=\"lazy\" decoding=\"async\" src=\"https:\/\/www.24gliwice.pl\/wiadomosci\/wp-content\/uploads\/2026\/02\/animator-zlobek_750x200.webp\" alt=\"\"  srcset=\"https:\/\/www.24gliwice.pl\/wiadomosci\/wp-content\/uploads\/2026\/02\/animator-zlobek_750x200.webp 750w, https:\/\/www.24gliwice.pl\/wiadomosci\/wp-content\/uploads\/2026\/02\/animator-zlobek_750x200-410x109.webp 410w\" sizes=\"(max-width: 750px) 100vw, 750px\" class=\"no-lazyload\" width=\"750\" height=\"200\"  style=\"display: inline-block; max-width: 100%; height: auto;\" \/><\/a><\/div><\/div>\n<h4>Do czynnego uczestniczenia w przedsi\u0119wzi\u0119ciu Muzeum zaprasza mieszka\u0144c\u00f3w, uczni\u00f3w szk\u00f3\u0142 oraz wszystkich, kt\u00f3rzy nie chc\u0105 zapomnie\u0107 o lekcji otrzymanej od historii. <\/h4>\n<p>Intencj\u0105 Muzeum jest wpisanie akcji w coroczny kalendarz lokalnych inicjatyw przywracaj\u0105cych pami\u0119\u0107 o tych wszystkich mieszka\u0144cach naszego wielokulturowego regionu, po kt\u00f3rych pozosta\u0142a jedynie nasza \u017cywa pami\u0119\u0107.<\/p>\n<h4>9 listopada, godzina 19:00 (obchody odb\u0119d\u0105 si\u0119 we wszystkich miejscowo\u015bciach tego samego dnia o tej samej godzinie)<\/h4>\n<ul>\n<li>Gliwice &#8211; ul. \u015arednia \u2013 miejsce, gdzie znajduje si\u0119 tablica upami\u0119tniaj\u0105ca synagog\u0119,<\/li>\n<li>Bytom &#8211; Plac Grunwaldzki &#8211; pomnik upami\u0119tniaj\u0105cy synagog\u0119,<\/li>\n<li>Zabrze &#8211; ul. Brysza &#8211; pomnik upami\u0119tniaj\u0105cy synagog\u0119,<\/li>\n<li>Pyskowice &#8211; ul. Bo\u0144czyka 4 \u2013 obok miejsca, gdzie kiedy\u015b znajdowa\u0142a si\u0119 synagoga,<\/li>\n<li>Wielowie\u015b &#8211; ul. Gminna \u2013 przy budynku synagogi,<\/li>\n<li>Toszek &#8211; ul. Piastowska 13 &#8211; tablica upami\u0119tniaj\u0105ca synagog\u0119.<\/li>\n<\/ul>\n<p><a href=\"https:\/\/www.24gliwice.pl\/wiadomosci\/wp-content\/uploads\/2021\/11\/synagoga-tablica-1.jpg\"><img loading=\"lazy\" decoding=\"async\" src=\"https:\/\/www.24gliwice.pl\/wiadomosci\/wp-content\/uploads\/2021\/11\/synagoga-tablica-1.jpg\" alt=\"\" width=\"810\" height=\"456\" class=\"alignnone size-full wp-image-180197\" srcset=\"https:\/\/www.24gliwice.pl\/wiadomosci\/wp-content\/uploads\/2021\/11\/synagoga-tablica-1.jpg 810w, https:\/\/www.24gliwice.pl\/wiadomosci\/wp-content\/uploads\/2021\/11\/synagoga-tablica-1-410x232.jpg 410w, https:\/\/www.24gliwice.pl\/wiadomosci\/wp-content\/uploads\/2021\/11\/synagoga-tablica-1-808x455.jpg 808w, https:\/\/www.24gliwice.pl\/wiadomosci\/wp-content\/uploads\/2021\/11\/synagoga-tablica-1-768x432.jpg 768w\" sizes=\"auto, (max-width: 810px) 100vw, 810px\" \/><\/a><\/p>\n<h4>10 listopada 2021, godzina 18:00<\/h4>\n<p>\u201eKoniec wielkiej iluzji \u2013 Noc Kryszta\u0142owa pocz\u0105tkiem zag\u0142ady europejskich \u017byd\u00f3w\u201d \u2013 wyk\u0142ad <strong>Izabelli K\u00fchnel<\/strong> (wyk\u0142ad odb\u0119dzie si\u0119 on-line na platformie ZOOM, obowi\u0105zuj\u0105 zapisy do 09.11.2021: dompamieci@muzeum.gliwice.pl)<\/p>\n<p>(\u017cms)\/UM Gliwice<br \/>\nfot. arch. Muzeum w Gliwicach, 24gliwice.pl\/\u017bMS<\/p>\n<div class=\"gliwi-a5-na-koncu-artykulow gliwi-entity-placement\" id=\"gliwi-1928317944\"><div class=\"gliwi-adlabel\"><span style=\"font-size: 9px\">REKLAMA<\/span><\/div><div id=\"gliwi-3607638148\" style=\"margin-left: auto;margin-right: auto;text-align: center;\"><a data-no-instant=\"1\" href=\"https:\/\/prezeroarenagliwice.pl\/\" rel=\"noopener\" class=\"a2t-link\" target=\"_blank\" aria-label=\"20260309-PREZERO-WIOSNA-D\"><img loading=\"lazy\" decoding=\"async\" src=\"https:\/\/www.24gliwice.pl\/wiadomosci\/wp-content\/uploads\/2026\/03\/20260309-PREZERO-WIOSNA-D.webp\" alt=\"\"  srcset=\"https:\/\/www.24gliwice.pl\/wiadomosci\/wp-content\/uploads\/2026\/03\/20260309-PREZERO-WIOSNA-D.webp 750w, https:\/\/www.24gliwice.pl\/wiadomosci\/wp-content\/uploads\/2026\/03\/20260309-PREZERO-WIOSNA-D-410x109.webp 410w\" sizes=\"(max-width: 750px) 100vw, 750px\" class=\"no-lazyload\" width=\"750\" height=\"200\"  style=\"display: inline-block; max-width: 100%; height: auto;\" \/><\/a><\/div><\/div>","protected":false},"excerpt":{"rendered":"<p>83. rocznica Nocy Kryszta\u0142owej, jednego z najbardziej dramatycznych wydarze\u0144 poprzedzaj\u0105cych Zag\u0142ad\u0119 \u017byd\u00f3w, kt\u00f3re mia\u0142o miejsce tak\u017ce na G\u00f3rnym \u015al\u0105sku, przypada 9 listopada. W tym dniu w sze\u015bciu miejscach w naszym regionie zostan\u0105 zorganizowane spotkania upami\u0119tniaj\u0105ce te historie. &nbsp; Jest to Inicjatywa Domu Pami\u0119ci \u017byd\u00f3w G\u00f3rno\u015bl\u0105skich, oddzia\u0142u Muzeum w Gliwicach, kt\u00f3rej celem jest podtrzymywanie pami\u0119ci o [&hellip;]<\/p>\n","protected":false},"author":15,"featured_media":89915,"comment_status":"open","ping_status":"closed","sticky":false,"template":"","format":"standard","meta":{"_monsterinsights_skip_tracking":false,"_monsterinsights_sitenote_active":false,"_monsterinsights_sitenote_note":"","_monsterinsights_sitenote_category":0,"footnotes":"","_links_to":"","_links_to_target":""},"categories":[3,6,1],"tags":[8051],"class_list":["post-180192","post","type-post","status-publish","format-standard","has-post-thumbnail","hentry","category-gliwice","category-kultura","category-wszystko","tag-synagoga"],"yoast_head":"<!-- This site is optimized with the Yoast SEO plugin v27.4 - https:\/\/yoast.com\/product\/yoast-seo-wordpress\/ -->\n<title>83. rocznica Nocy Kryszta\u0142owej. W sze\u015bciu miejscach w regionie upami\u0119tni\u0105 dramatyczne wydarzenia - 24GLIWICE - Portal Gliwice | codziennie nowe informacje<\/title>\n<meta name=\"robots\" content=\"index, follow, max-snippet:-1, max-image-preview:large, max-video-preview:-1\" \/>\n<link rel=\"canonical\" href=\"https:\/\/www.24gliwice.pl\/wiadomosci\/83-rocznica-nocy-krysztalowej-w-szesciu-miejscach-w-regionie-upamietnia-dramatyczne-wydarzenia\/\" \/>\n<meta property=\"og:locale\" content=\"pl_PL\" \/>\n<meta property=\"og:type\" content=\"article\" \/>\n<meta property=\"og:title\" content=\"83. rocznica Nocy Kryszta\u0142owej. W sze\u015bciu miejscach w regionie upami\u0119tni\u0105 dramatyczne wydarzenia - 24GLIWICE - Portal Gliwice | codziennie nowe informacje\" \/>\n<meta property=\"og:description\" content=\"83. rocznica Nocy Kryszta\u0142owej, jednego z najbardziej dramatycznych wydarze\u0144 poprzedzaj\u0105cych Zag\u0142ad\u0119 \u017byd\u00f3w, kt\u00f3re mia\u0142o miejsce tak\u017ce na G\u00f3rnym \u015al\u0105sku, przypada 9 listopada. W tym dniu w sze\u015bciu miejscach w naszym regionie zostan\u0105 zorganizowane spotkania upami\u0119tniaj\u0105ce te historie. &nbsp; Jest to Inicjatywa Domu Pami\u0119ci \u017byd\u00f3w G\u00f3rno\u015bl\u0105skich, oddzia\u0142u Muzeum w Gliwicach, kt\u00f3rej celem jest podtrzymywanie pami\u0119ci o [&hellip;]\" \/>\n<meta property=\"og:url\" content=\"https:\/\/www.24gliwice.pl\/wiadomosci\/83-rocznica-nocy-krysztalowej-w-szesciu-miejscach-w-regionie-upamietnia-dramatyczne-wydarzenia\/\" \/>\n<meta property=\"og:site_name\" content=\"24GLIWICE - Portal Gliwice | codziennie nowe informacje\" \/>\n<meta property=\"article:publisher\" content=\"https:\/\/www.facebook.com\/24gliwice\" \/>\n<meta property=\"article:published_time\" content=\"2021-11-08T02:56:25+00:00\" \/>\n<meta property=\"og:image\" content=\"https:\/\/www.24gliwice.pl\/wiadomosci\/wp-content\/uploads\/2015\/02\/1-Gleiwitz-synagoga-1899-Fot.-Archiwum-Muzeum-w-Gliwicach.jpg\" \/>\n\t<meta property=\"og:image:width\" content=\"810\" \/>\n\t<meta property=\"og:image:height\" content=\"456\" \/>\n\t<meta property=\"og:image:type\" content=\"image\/jpeg\" \/>\n<meta name=\"author\" content=\"\u017baneta Mrozek-Siewierska\" \/>\n<meta name=\"twitter:card\" content=\"summary_large_image\" \/>\n<meta name=\"twitter:creator\" content=\"@24gliwice\" \/>\n<meta name=\"twitter:site\" content=\"@24gliwice\" \/>\n<meta name=\"twitter:label1\" content=\"Napisane przez\" \/>\n\t<meta name=\"twitter:data1\" content=\"\u017baneta Mrozek-Siewierska\" \/>\n\t<meta name=\"twitter:label2\" content=\"Szacowany czas czytania\" \/>\n\t<meta name=\"twitter:data2\" content=\"2 minuty\" \/>\n<script type=\"application\/ld+json\" class=\"yoast-schema-graph\">{\"@context\":\"https:\\\/\\\/schema.org\",\"@graph\":[{\"@type\":\"Article\",\"@id\":\"https:\\\/\\\/www.24gliwice.pl\\\/wiadomosci\\\/83-rocznica-nocy-krysztalowej-w-szesciu-miejscach-w-regionie-upamietnia-dramatyczne-wydarzenia\\\/#article\",\"isPartOf\":{\"@id\":\"https:\\\/\\\/www.24gliwice.pl\\\/wiadomosci\\\/83-rocznica-nocy-krysztalowej-w-szesciu-miejscach-w-regionie-upamietnia-dramatyczne-wydarzenia\\\/\"},\"author\":{\"name\":\"\u017baneta Mrozek-Siewierska\",\"@id\":\"https:\\\/\\\/www.24gliwice.pl\\\/wiadomosci\\\/#\\\/schema\\\/person\\\/e42c650edd7f2fa332be3811fb166b6e\"},\"headline\":\"83. rocznica Nocy Kryszta\u0142owej. W sze\u015bciu miejscach w regionie upami\u0119tni\u0105 dramatyczne wydarzenia\",\"datePublished\":\"2021-11-08T02:56:25+00:00\",\"mainEntityOfPage\":{\"@id\":\"https:\\\/\\\/www.24gliwice.pl\\\/wiadomosci\\\/83-rocznica-nocy-krysztalowej-w-szesciu-miejscach-w-regionie-upamietnia-dramatyczne-wydarzenia\\\/\"},\"wordCount\":329,\"commentCount\":0,\"publisher\":{\"@id\":\"https:\\\/\\\/www.24gliwice.pl\\\/wiadomosci\\\/#organization\"},\"image\":{\"@id\":\"https:\\\/\\\/www.24gliwice.pl\\\/wiadomosci\\\/83-rocznica-nocy-krysztalowej-w-szesciu-miejscach-w-regionie-upamietnia-dramatyczne-wydarzenia\\\/#primaryimage\"},\"thumbnailUrl\":\"https:\\\/\\\/www.24gliwice.pl\\\/wiadomosci\\\/wp-content\\\/uploads\\\/2015\\\/02\\\/1-Gleiwitz-synagoga-1899-Fot.-Archiwum-Muzeum-w-Gliwicach.jpg\",\"keywords\":[\"synagoga\"],\"articleSection\":[\"Gliwice\",\"Kultura, wydarzenia, imprezy\",\"Najnowsze wiadomo\u015bci\"],\"inLanguage\":\"pl-PL\",\"potentialAction\":[{\"@type\":\"CommentAction\",\"name\":\"Comment\",\"target\":[\"https:\\\/\\\/www.24gliwice.pl\\\/wiadomosci\\\/83-rocznica-nocy-krysztalowej-w-szesciu-miejscach-w-regionie-upamietnia-dramatyczne-wydarzenia\\\/#respond\"]}]},{\"@type\":\"WebPage\",\"@id\":\"https:\\\/\\\/www.24gliwice.pl\\\/wiadomosci\\\/83-rocznica-nocy-krysztalowej-w-szesciu-miejscach-w-regionie-upamietnia-dramatyczne-wydarzenia\\\/\",\"url\":\"https:\\\/\\\/www.24gliwice.pl\\\/wiadomosci\\\/83-rocznica-nocy-krysztalowej-w-szesciu-miejscach-w-regionie-upamietnia-dramatyczne-wydarzenia\\\/\",\"name\":\"83. rocznica Nocy Kryszta\u0142owej. W sze\u015bciu miejscach w regionie upami\u0119tni\u0105 dramatyczne wydarzenia - 24GLIWICE - Portal Gliwice | codziennie nowe informacje\",\"isPartOf\":{\"@id\":\"https:\\\/\\\/www.24gliwice.pl\\\/wiadomosci\\\/#website\"},\"primaryImageOfPage\":{\"@id\":\"https:\\\/\\\/www.24gliwice.pl\\\/wiadomosci\\\/83-rocznica-nocy-krysztalowej-w-szesciu-miejscach-w-regionie-upamietnia-dramatyczne-wydarzenia\\\/#primaryimage\"},\"image\":{\"@id\":\"https:\\\/\\\/www.24gliwice.pl\\\/wiadomosci\\\/83-rocznica-nocy-krysztalowej-w-szesciu-miejscach-w-regionie-upamietnia-dramatyczne-wydarzenia\\\/#primaryimage\"},\"thumbnailUrl\":\"https:\\\/\\\/www.24gliwice.pl\\\/wiadomosci\\\/wp-content\\\/uploads\\\/2015\\\/02\\\/1-Gleiwitz-synagoga-1899-Fot.-Archiwum-Muzeum-w-Gliwicach.jpg\",\"datePublished\":\"2021-11-08T02:56:25+00:00\",\"breadcrumb\":{\"@id\":\"https:\\\/\\\/www.24gliwice.pl\\\/wiadomosci\\\/83-rocznica-nocy-krysztalowej-w-szesciu-miejscach-w-regionie-upamietnia-dramatyczne-wydarzenia\\\/#breadcrumb\"},\"inLanguage\":\"pl-PL\",\"potentialAction\":[{\"@type\":\"ReadAction\",\"target\":[\"https:\\\/\\\/www.24gliwice.pl\\\/wiadomosci\\\/83-rocznica-nocy-krysztalowej-w-szesciu-miejscach-w-regionie-upamietnia-dramatyczne-wydarzenia\\\/\"]}]},{\"@type\":\"ImageObject\",\"inLanguage\":\"pl-PL\",\"@id\":\"https:\\\/\\\/www.24gliwice.pl\\\/wiadomosci\\\/83-rocznica-nocy-krysztalowej-w-szesciu-miejscach-w-regionie-upamietnia-dramatyczne-wydarzenia\\\/#primaryimage\",\"url\":\"https:\\\/\\\/www.24gliwice.pl\\\/wiadomosci\\\/wp-content\\\/uploads\\\/2015\\\/02\\\/1-Gleiwitz-synagoga-1899-Fot.-Archiwum-Muzeum-w-Gliwicach.jpg\",\"contentUrl\":\"https:\\\/\\\/www.24gliwice.pl\\\/wiadomosci\\\/wp-content\\\/uploads\\\/2015\\\/02\\\/1-Gleiwitz-synagoga-1899-Fot.-Archiwum-Muzeum-w-Gliwicach.jpg\",\"width\":810,\"height\":456},{\"@type\":\"BreadcrumbList\",\"@id\":\"https:\\\/\\\/www.24gliwice.pl\\\/wiadomosci\\\/83-rocznica-nocy-krysztalowej-w-szesciu-miejscach-w-regionie-upamietnia-dramatyczne-wydarzenia\\\/#breadcrumb\",\"itemListElement\":[{\"@type\":\"ListItem\",\"position\":1,\"name\":\"Strona g\u0142\u00f3wna\",\"item\":\"https:\\\/\\\/www.24gliwice.pl\\\/wiadomosci\\\/\"},{\"@type\":\"ListItem\",\"position\":2,\"name\":\"83. rocznica Nocy Kryszta\u0142owej. W sze\u015bciu miejscach w regionie upami\u0119tni\u0105 dramatyczne wydarzenia\"}]},{\"@type\":\"WebSite\",\"@id\":\"https:\\\/\\\/www.24gliwice.pl\\\/wiadomosci\\\/#website\",\"url\":\"https:\\\/\\\/www.24gliwice.pl\\\/wiadomosci\\\/\",\"name\":\"24GLIWICE - Portal Gliwice | codziennie nowe wiadomo\u015bci\",\"description\":\"Portal Miejski Gliwice\",\"publisher\":{\"@id\":\"https:\\\/\\\/www.24gliwice.pl\\\/wiadomosci\\\/#organization\"},\"potentialAction\":[{\"@type\":\"SearchAction\",\"target\":{\"@type\":\"EntryPoint\",\"urlTemplate\":\"https:\\\/\\\/www.24gliwice.pl\\\/wiadomosci\\\/?s={search_term_string}\"},\"query-input\":{\"@type\":\"PropertyValueSpecification\",\"valueRequired\":true,\"valueName\":\"search_term_string\"}}],\"inLanguage\":\"pl-PL\"},{\"@type\":\"Organization\",\"@id\":\"https:\\\/\\\/www.24gliwice.pl\\\/wiadomosci\\\/#organization\",\"name\":\"24gliwice\",\"url\":\"https:\\\/\\\/www.24gliwice.pl\\\/wiadomosci\\\/\",\"logo\":{\"@type\":\"ImageObject\",\"inLanguage\":\"pl-PL\",\"@id\":\"https:\\\/\\\/www.24gliwice.pl\\\/wiadomosci\\\/#\\\/schema\\\/logo\\\/image\\\/\",\"url\":\"https:\\\/\\\/www.24gliwice.pl\\\/wiadomosci\\\/wp-content\\\/uploads\\\/2024\\\/10\\\/24gliwice-logo-696.jpg\",\"contentUrl\":\"https:\\\/\\\/www.24gliwice.pl\\\/wiadomosci\\\/wp-content\\\/uploads\\\/2024\\\/10\\\/24gliwice-logo-696.jpg\",\"width\":696,\"height\":696,\"caption\":\"24gliwice\"},\"image\":{\"@id\":\"https:\\\/\\\/www.24gliwice.pl\\\/wiadomosci\\\/#\\\/schema\\\/logo\\\/image\\\/\"},\"sameAs\":[\"https:\\\/\\\/www.facebook.com\\\/24gliwice\",\"https:\\\/\\\/x.com\\\/24gliwice\",\"https:\\\/\\\/www.youtube.com\\\/@24gliwice\"]},{\"@type\":\"Person\",\"@id\":\"https:\\\/\\\/www.24gliwice.pl\\\/wiadomosci\\\/#\\\/schema\\\/person\\\/e42c650edd7f2fa332be3811fb166b6e\",\"name\":\"\u017baneta Mrozek-Siewierska\",\"image\":{\"@type\":\"ImageObject\",\"inLanguage\":\"pl-PL\",\"@id\":\"https:\\\/\\\/www.24gliwice.pl\\\/wiadomosci\\\/wp-content\\\/uploads\\\/2021\\\/11\\\/Zaneta-M_S-zdjecie-czb-96x96.jpg\",\"url\":\"https:\\\/\\\/www.24gliwice.pl\\\/wiadomosci\\\/wp-content\\\/uploads\\\/2021\\\/11\\\/Zaneta-M_S-zdjecie-czb-96x96.jpg\",\"contentUrl\":\"https:\\\/\\\/www.24gliwice.pl\\\/wiadomosci\\\/wp-content\\\/uploads\\\/2021\\\/11\\\/Zaneta-M_S-zdjecie-czb-96x96.jpg\",\"caption\":\"\u017baneta Mrozek-Siewierska\"},\"url\":\"https:\\\/\\\/www.24gliwice.pl\\\/wiadomosci\\\/author\\\/zms\\\/\"}]}<\/script>\n<!-- \/ Yoast SEO plugin. -->","yoast_head_json":{"title":"83. rocznica Nocy Kryszta\u0142owej. W sze\u015bciu miejscach w regionie upami\u0119tni\u0105 dramatyczne wydarzenia - 24GLIWICE - Portal Gliwice | codziennie nowe informacje","robots":{"index":"index","follow":"follow","max-snippet":"max-snippet:-1","max-image-preview":"max-image-preview:large","max-video-preview":"max-video-preview:-1"},"canonical":"https:\/\/www.24gliwice.pl\/wiadomosci\/83-rocznica-nocy-krysztalowej-w-szesciu-miejscach-w-regionie-upamietnia-dramatyczne-wydarzenia\/","og_locale":"pl_PL","og_type":"article","og_title":"83. rocznica Nocy Kryszta\u0142owej. W sze\u015bciu miejscach w regionie upami\u0119tni\u0105 dramatyczne wydarzenia - 24GLIWICE - Portal Gliwice | codziennie nowe informacje","og_description":"83. rocznica Nocy Kryszta\u0142owej, jednego z najbardziej dramatycznych wydarze\u0144 poprzedzaj\u0105cych Zag\u0142ad\u0119 \u017byd\u00f3w, kt\u00f3re mia\u0142o miejsce tak\u017ce na G\u00f3rnym \u015al\u0105sku, przypada 9 listopada. W tym dniu w sze\u015bciu miejscach w naszym regionie zostan\u0105 zorganizowane spotkania upami\u0119tniaj\u0105ce te historie. &nbsp; Jest to Inicjatywa Domu Pami\u0119ci \u017byd\u00f3w G\u00f3rno\u015bl\u0105skich, oddzia\u0142u Muzeum w Gliwicach, kt\u00f3rej celem jest podtrzymywanie pami\u0119ci o [&hellip;]","og_url":"https:\/\/www.24gliwice.pl\/wiadomosci\/83-rocznica-nocy-krysztalowej-w-szesciu-miejscach-w-regionie-upamietnia-dramatyczne-wydarzenia\/","og_site_name":"24GLIWICE - Portal Gliwice | codziennie nowe informacje","article_publisher":"https:\/\/www.facebook.com\/24gliwice","article_published_time":"2021-11-08T02:56:25+00:00","og_image":[{"width":810,"height":456,"url":"https:\/\/www.24gliwice.pl\/wiadomosci\/wp-content\/uploads\/2015\/02\/1-Gleiwitz-synagoga-1899-Fot.-Archiwum-Muzeum-w-Gliwicach.jpg","type":"image\/jpeg"}],"author":"\u017baneta Mrozek-Siewierska","twitter_card":"summary_large_image","twitter_creator":"@24gliwice","twitter_site":"@24gliwice","twitter_misc":{"Napisane przez":"\u017baneta Mrozek-Siewierska","Szacowany czas czytania":"2 minuty"},"schema":{"@context":"https:\/\/schema.org","@graph":[{"@type":"Article","@id":"https:\/\/www.24gliwice.pl\/wiadomosci\/83-rocznica-nocy-krysztalowej-w-szesciu-miejscach-w-regionie-upamietnia-dramatyczne-wydarzenia\/#article","isPartOf":{"@id":"https:\/\/www.24gliwice.pl\/wiadomosci\/83-rocznica-nocy-krysztalowej-w-szesciu-miejscach-w-regionie-upamietnia-dramatyczne-wydarzenia\/"},"author":{"name":"\u017baneta Mrozek-Siewierska","@id":"https:\/\/www.24gliwice.pl\/wiadomosci\/#\/schema\/person\/e42c650edd7f2fa332be3811fb166b6e"},"headline":"83. rocznica Nocy Kryszta\u0142owej. W sze\u015bciu miejscach w regionie upami\u0119tni\u0105 dramatyczne wydarzenia","datePublished":"2021-11-08T02:56:25+00:00","mainEntityOfPage":{"@id":"https:\/\/www.24gliwice.pl\/wiadomosci\/83-rocznica-nocy-krysztalowej-w-szesciu-miejscach-w-regionie-upamietnia-dramatyczne-wydarzenia\/"},"wordCount":329,"commentCount":0,"publisher":{"@id":"https:\/\/www.24gliwice.pl\/wiadomosci\/#organization"},"image":{"@id":"https:\/\/www.24gliwice.pl\/wiadomosci\/83-rocznica-nocy-krysztalowej-w-szesciu-miejscach-w-regionie-upamietnia-dramatyczne-wydarzenia\/#primaryimage"},"thumbnailUrl":"https:\/\/www.24gliwice.pl\/wiadomosci\/wp-content\/uploads\/2015\/02\/1-Gleiwitz-synagoga-1899-Fot.-Archiwum-Muzeum-w-Gliwicach.jpg","keywords":["synagoga"],"articleSection":["Gliwice","Kultura, wydarzenia, imprezy","Najnowsze wiadomo\u015bci"],"inLanguage":"pl-PL","potentialAction":[{"@type":"CommentAction","name":"Comment","target":["https:\/\/www.24gliwice.pl\/wiadomosci\/83-rocznica-nocy-krysztalowej-w-szesciu-miejscach-w-regionie-upamietnia-dramatyczne-wydarzenia\/#respond"]}]},{"@type":"WebPage","@id":"https:\/\/www.24gliwice.pl\/wiadomosci\/83-rocznica-nocy-krysztalowej-w-szesciu-miejscach-w-regionie-upamietnia-dramatyczne-wydarzenia\/","url":"https:\/\/www.24gliwice.pl\/wiadomosci\/83-rocznica-nocy-krysztalowej-w-szesciu-miejscach-w-regionie-upamietnia-dramatyczne-wydarzenia\/","name":"83. rocznica Nocy Kryszta\u0142owej. W sze\u015bciu miejscach w regionie upami\u0119tni\u0105 dramatyczne wydarzenia - 24GLIWICE - Portal Gliwice | codziennie nowe informacje","isPartOf":{"@id":"https:\/\/www.24gliwice.pl\/wiadomosci\/#website"},"primaryImageOfPage":{"@id":"https:\/\/www.24gliwice.pl\/wiadomosci\/83-rocznica-nocy-krysztalowej-w-szesciu-miejscach-w-regionie-upamietnia-dramatyczne-wydarzenia\/#primaryimage"},"image":{"@id":"https:\/\/www.24gliwice.pl\/wiadomosci\/83-rocznica-nocy-krysztalowej-w-szesciu-miejscach-w-regionie-upamietnia-dramatyczne-wydarzenia\/#primaryimage"},"thumbnailUrl":"https:\/\/www.24gliwice.pl\/wiadomosci\/wp-content\/uploads\/2015\/02\/1-Gleiwitz-synagoga-1899-Fot.-Archiwum-Muzeum-w-Gliwicach.jpg","datePublished":"2021-11-08T02:56:25+00:00","breadcrumb":{"@id":"https:\/\/www.24gliwice.pl\/wiadomosci\/83-rocznica-nocy-krysztalowej-w-szesciu-miejscach-w-regionie-upamietnia-dramatyczne-wydarzenia\/#breadcrumb"},"inLanguage":"pl-PL","potentialAction":[{"@type":"ReadAction","target":["https:\/\/www.24gliwice.pl\/wiadomosci\/83-rocznica-nocy-krysztalowej-w-szesciu-miejscach-w-regionie-upamietnia-dramatyczne-wydarzenia\/"]}]},{"@type":"ImageObject","inLanguage":"pl-PL","@id":"https:\/\/www.24gliwice.pl\/wiadomosci\/83-rocznica-nocy-krysztalowej-w-szesciu-miejscach-w-regionie-upamietnia-dramatyczne-wydarzenia\/#primaryimage","url":"https:\/\/www.24gliwice.pl\/wiadomosci\/wp-content\/uploads\/2015\/02\/1-Gleiwitz-synagoga-1899-Fot.-Archiwum-Muzeum-w-Gliwicach.jpg","contentUrl":"https:\/\/www.24gliwice.pl\/wiadomosci\/wp-content\/uploads\/2015\/02\/1-Gleiwitz-synagoga-1899-Fot.-Archiwum-Muzeum-w-Gliwicach.jpg","width":810,"height":456},{"@type":"BreadcrumbList","@id":"https:\/\/www.24gliwice.pl\/wiadomosci\/83-rocznica-nocy-krysztalowej-w-szesciu-miejscach-w-regionie-upamietnia-dramatyczne-wydarzenia\/#breadcrumb","itemListElement":[{"@type":"ListItem","position":1,"name":"Strona g\u0142\u00f3wna","item":"https:\/\/www.24gliwice.pl\/wiadomosci\/"},{"@type":"ListItem","position":2,"name":"83. rocznica Nocy Kryszta\u0142owej. W sze\u015bciu miejscach w regionie upami\u0119tni\u0105 dramatyczne wydarzenia"}]},{"@type":"WebSite","@id":"https:\/\/www.24gliwice.pl\/wiadomosci\/#website","url":"https:\/\/www.24gliwice.pl\/wiadomosci\/","name":"24GLIWICE - Portal Gliwice | codziennie nowe wiadomo\u015bci","description":"Portal Miejski Gliwice","publisher":{"@id":"https:\/\/www.24gliwice.pl\/wiadomosci\/#organization"},"potentialAction":[{"@type":"SearchAction","target":{"@type":"EntryPoint","urlTemplate":"https:\/\/www.24gliwice.pl\/wiadomosci\/?s={search_term_string}"},"query-input":{"@type":"PropertyValueSpecification","valueRequired":true,"valueName":"search_term_string"}}],"inLanguage":"pl-PL"},{"@type":"Organization","@id":"https:\/\/www.24gliwice.pl\/wiadomosci\/#organization","name":"24gliwice","url":"https:\/\/www.24gliwice.pl\/wiadomosci\/","logo":{"@type":"ImageObject","inLanguage":"pl-PL","@id":"https:\/\/www.24gliwice.pl\/wiadomosci\/#\/schema\/logo\/image\/","url":"https:\/\/www.24gliwice.pl\/wiadomosci\/wp-content\/uploads\/2024\/10\/24gliwice-logo-696.jpg","contentUrl":"https:\/\/www.24gliwice.pl\/wiadomosci\/wp-content\/uploads\/2024\/10\/24gliwice-logo-696.jpg","width":696,"height":696,"caption":"24gliwice"},"image":{"@id":"https:\/\/www.24gliwice.pl\/wiadomosci\/#\/schema\/logo\/image\/"},"sameAs":["https:\/\/www.facebook.com\/24gliwice","https:\/\/x.com\/24gliwice","https:\/\/www.youtube.com\/@24gliwice"]},{"@type":"Person","@id":"https:\/\/www.24gliwice.pl\/wiadomosci\/#\/schema\/person\/e42c650edd7f2fa332be3811fb166b6e","name":"\u017baneta Mrozek-Siewierska","image":{"@type":"ImageObject","inLanguage":"pl-PL","@id":"https:\/\/www.24gliwice.pl\/wiadomosci\/wp-content\/uploads\/2021\/11\/Zaneta-M_S-zdjecie-czb-96x96.jpg","url":"https:\/\/www.24gliwice.pl\/wiadomosci\/wp-content\/uploads\/2021\/11\/Zaneta-M_S-zdjecie-czb-96x96.jpg","contentUrl":"https:\/\/www.24gliwice.pl\/wiadomosci\/wp-content\/uploads\/2021\/11\/Zaneta-M_S-zdjecie-czb-96x96.jpg","caption":"\u017baneta Mrozek-Siewierska"},"url":"https:\/\/www.24gliwice.pl\/wiadomosci\/author\/zms\/"}]}},"_links":{"self":[{"href":"https:\/\/www.24gliwice.pl\/wiadomosci\/wp-json\/wp\/v2\/posts\/180192","targetHints":{"allow":["GET"]}}],"collection":[{"href":"https:\/\/www.24gliwice.pl\/wiadomosci\/wp-json\/wp\/v2\/posts"}],"about":[{"href":"https:\/\/www.24gliwice.pl\/wiadomosci\/wp-json\/wp\/v2\/types\/post"}],"author":[{"embeddable":true,"href":"https:\/\/www.24gliwice.pl\/wiadomosci\/wp-json\/wp\/v2\/users\/15"}],"replies":[{"embeddable":true,"href":"https:\/\/www.24gliwice.pl\/wiadomosci\/wp-json\/wp\/v2\/comments?post=180192"}],"version-history":[{"count":4,"href":"https:\/\/www.24gliwice.pl\/wiadomosci\/wp-json\/wp\/v2\/posts\/180192\/revisions"}],"predecessor-version":[{"id":180412,"href":"https:\/\/www.24gliwice.pl\/wiadomosci\/wp-json\/wp\/v2\/posts\/180192\/revisions\/180412"}],"wp:featuredmedia":[{"embeddable":true,"href":"https:\/\/www.24gliwice.pl\/wiadomosci\/wp-json\/wp\/v2\/media\/89915"}],"wp:attachment":[{"href":"https:\/\/www.24gliwice.pl\/wiadomosci\/wp-json\/wp\/v2\/media?parent=180192"}],"wp:term":[{"taxonomy":"category","embeddable":true,"href":"https:\/\/www.24gliwice.pl\/wiadomosci\/wp-json\/wp\/v2\/categories?post=180192"},{"taxonomy":"post_tag","embeddable":true,"href":"https:\/\/www.24gliwice.pl\/wiadomosci\/wp-json\/wp\/v2\/tags?post=180192"}],"curies":[{"name":"wp","href":"https:\/\/api.w.org\/{rel}","templated":true}]}}