{"id":180416,"date":"2021-11-15T05:24:02","date_gmt":"2021-11-15T04:24:02","guid":{"rendered":"https:\/\/www.24gliwice.pl\/wiadomosci\/?p=180416"},"modified":"2021-11-15T02:24:43","modified_gmt":"2021-11-15T01:24:43","slug":"spotkanie-ze-zbigniewem-rokita-koncert-krzikopa-slaski-tydzien-w-gliwickiej-bibliotece","status":"publish","type":"post","link":"https:\/\/www.24gliwice.pl\/wiadomosci\/spotkanie-ze-zbigniewem-rokita-koncert-krzikopa-slaski-tydzien-w-gliwickiej-bibliotece\/","title":{"rendered":"Spotkanie ze Zbigniewem Rokit\u0105, koncert Krzikopa&#8230; \u015al\u0105ski Tydzie\u0144 w gliwickiej Bibliotece"},"content":{"rendered":"<div class=\"gliwi-a6-nad-leadem-artykulow gliwi-entity-placement\" id=\"gliwi-484615973\"><div class=\"gliwi-adlabel\"><span style=\"font-size: 9px\">REKLAMA<\/span><\/div><div id=\"gliwi-2240111216\" style=\"margin-bottom: 25px;margin-left: auto;margin-right: auto;text-align: center;\"><a data-no-instant=\"1\" href=\"https:\/\/dom100.eu\/\" rel=\"noopener\" class=\"a2t-link\" target=\"_blank\" aria-label=\"20260415 DOM100 D\"><img loading=\"lazy\" decoding=\"async\" src=\"https:\/\/www.24gliwice.pl\/wiadomosci\/wp-content\/uploads\/2026\/04\/20260415-DOM100-D.jpg\" alt=\"\"  srcset=\"https:\/\/www.24gliwice.pl\/wiadomosci\/wp-content\/uploads\/2026\/04\/20260415-DOM100-D.jpg 750w, https:\/\/www.24gliwice.pl\/wiadomosci\/wp-content\/uploads\/2026\/04\/20260415-DOM100-D-410x109.jpg 410w\" sizes=\"(max-width: 750px) 100vw, 750px\" class=\"no-lazyload\" width=\"750\" height=\"200\"  style=\"display: inline-block; max-width: 100%; height: auto;\" \/><\/a><\/div><\/div><h2>Spotkania autorskie ze Zbigniewem Rokit\u0105, koncert grupy Krzikopa, panel dyskusyjny na temat film\u00f3w Kazimierza Kutza \u2013 tegoroczna edycja \u201e\u015al\u0105skiego Tygodnia\u201d zapowiada si\u0119 bardzo ciekawie.<\/h2>\n<p>&nbsp;<br \/>\nMiejska Biblioteka Publiczna w Gliwicach w listopadzie przygotowa\u0142a wiele wydarze\u0144, w centrum kt\u00f3rych znajdzie si\u0119 nasz region, czyli \u015al\u0105sk. Nie mo\u017cna przegapi\u0107 spotkania autorskiego z gliwiczaninem <strong>Zbigniewem Rokit\u0105<\/strong>, zdobywc\u0105 podw\u00f3jnej, przyznanej werdyktem jury i czytelnik\u00f3w, Nagrody Literackiej \u201eNike\u201d 2021 za ksi\u0105\u017ck\u0119 \u201eKaj\u015b. Opowie\u015b\u0107 o G\u00f3rnym \u015al\u0105sku\u201d.<\/p>\n<h4>Rozpocznie si\u0119 ono w pi\u0105tek 19 listopada o godzinie 18.00 na Scenie Forum (Centrum Handlowe Forum, ul. Lipowa 1).<\/h4>\n<p>Na godzin\u0119 17:00, 21 listopada zaplanowano wirtualne spotkanie z <strong>Agat\u0105 Listo\u015b-Kostrzew\u0105<\/strong>, kt\u00f3ra niedawno wyda\u0142a ksi\u0105\u017ck\u0119 o s\u0105siednim Bytomiu. Rozmow\u0119 poprowadzi <strong>Filip Springer<\/strong> i b\u0119dzie transmitowana na Facebooku MBP Gliwice.<\/p><div class=\"gliwi-a3-w-tresci-artykulow gliwi-entity-placement\" id=\"gliwi-3077707434\"><div class=\"gliwi-adlabel\"><span style=\"font-size: 9px\">REKLAMA<\/span><\/div><div id=\"gliwi-4235745910\" style=\"margin-bottom: 30px;margin-left: auto;margin-right: auto;text-align: center;\"><a data-no-instant=\"1\" href=\"https:\/\/ogrodyandersa.pl\/\" rel=\"noopener\" class=\"a2t-link\" target=\"_blank\" aria-label=\"20260415 Ogrody Andersa KUP TERAZ D\"><img loading=\"lazy\" decoding=\"async\" src=\"https:\/\/www.24gliwice.pl\/wiadomosci\/wp-content\/uploads\/2026\/04\/20260415-Ogrody-Andersa-KUP-TERAZ-D.jpg\" alt=\"\"  srcset=\"https:\/\/www.24gliwice.pl\/wiadomosci\/wp-content\/uploads\/2026\/04\/20260415-Ogrody-Andersa-KUP-TERAZ-D.jpg 750w, https:\/\/www.24gliwice.pl\/wiadomosci\/wp-content\/uploads\/2026\/04\/20260415-Ogrody-Andersa-KUP-TERAZ-D-410x109.jpg 410w\" sizes=\"(max-width: 750px) 100vw, 750px\" class=\"no-lazyload\" width=\"750\" height=\"200\"  style=\"display: inline-block; max-width: 100%; height: auto;\" \/><\/a><\/div><\/div>\n<p>22 listopada w Bibliotece Centralnej (ul. Ko\u015bciuszki 17) odb\u0119dzie si\u0119 panel dyskusyjny dotycz\u0105cy tw\u00f3rczo\u015bci <strong>Kazimierza Kutza<\/strong>. We\u017amie w nim udzia\u0142 mi\u0119dzy innymi aktor <strong>Jerzy Trela<\/strong>, zaplanowano tak\u017ce projekcj\u0119 kultowego filmu \u201eS\u00f3l ziemi czarnej\u201d. Pocz\u0105tek o godzinie 17:00.<\/p>\n<p>Podczas \u201e\u015al\u0105skiego Tygodnia\u201d nie mo\u017ce te\u017c zabrakn\u0105\u0107 muzyki. 26 listopada o godzinie 18.00 w Bibliotece Centralnej wyst\u0105pi zwi\u0105zana z Gliwicami folkowa grupa Krzikopa, kt\u00f3ra zaprezentuje tradycyjne pie\u015bni g\u00f3rno\u015bl\u0105skie w nowoczesnym brzmieniu.<\/p>\n<p><iframe loading=\"lazy\" width=\"810\" height=\"455\" src=\"https:\/\/www.youtube.com\/embed\/gFXSwuQIa00\" title=\"YouTube video player\" frameborder=\"0\" allow=\"accelerometer; autoplay; clipboard-write; encrypted-media; gyroscope; picture-in-picture\" allowfullscreen><\/iframe><\/p>\n<p>Pe\u0142en program \u015al\u0105skiego Tygodnia mo\u017cna znale\u017a\u0107 na stronie <a href=\"https:\/\/biblioteka.gliwice.pl\/v-slaski-tydzien\/\" target=\"_blank\" rel=\"noopener\">biblioteka.gliwice.pl<\/a>.<\/p>\n<p>(\u017cms)\/UM Gliwice<br \/>\nfot. 24gliwice.pl\/emfab<\/p>\n<p><a href=\"https:\/\/www.24gliwice.pl\/wiadomosci\/wp-content\/uploads\/2021\/11\/slaski_tydzien_2021_plakat.jpg\"><img loading=\"lazy\" decoding=\"async\" class=\"alignnone size-full wp-image-180417\" src=\"https:\/\/www.24gliwice.pl\/wiadomosci\/wp-content\/uploads\/2021\/11\/slaski_tydzien_2021_plakat.jpg\" alt=\"\" width=\"1427\" height=\"2016\" srcset=\"https:\/\/www.24gliwice.pl\/wiadomosci\/wp-content\/uploads\/2021\/11\/slaski_tydzien_2021_plakat.jpg 1427w, https:\/\/www.24gliwice.pl\/wiadomosci\/wp-content\/uploads\/2021\/11\/slaski_tydzien_2021_plakat-164x232.jpg 164w, https:\/\/www.24gliwice.pl\/wiadomosci\/wp-content\/uploads\/2021\/11\/slaski_tydzien_2021_plakat-322x455.jpg 322w, https:\/\/www.24gliwice.pl\/wiadomosci\/wp-content\/uploads\/2021\/11\/slaski_tydzien_2021_plakat-768x1085.jpg 768w, https:\/\/www.24gliwice.pl\/wiadomosci\/wp-content\/uploads\/2021\/11\/slaski_tydzien_2021_plakat-1087x1536.jpg 1087w, https:\/\/www.24gliwice.pl\/wiadomosci\/wp-content\/uploads\/2021\/11\/slaski_tydzien_2021_plakat-810x1144.jpg 810w, https:\/\/www.24gliwice.pl\/wiadomosci\/wp-content\/uploads\/2021\/11\/slaski_tydzien_2021_plakat-1140x1611.jpg 1140w\" sizes=\"auto, (max-width: 1427px) 100vw, 1427px\" \/><\/a><\/p>\n<div class=\"gliwi-a5-na-koncu-artykulow gliwi-entity-placement\" id=\"gliwi-2440917619\"><div class=\"gliwi-adlabel\"><span style=\"font-size: 9px\">REKLAMA<\/span><\/div><div id=\"gliwi-3695335209\" style=\"margin-left: auto;margin-right: auto;text-align: center;\"><a data-no-instant=\"1\" href=\"https:\/\/prezeroarenagliwice.pl\/\" rel=\"noopener\" class=\"a2t-link\" target=\"_blank\" aria-label=\"20260309-PREZERO-WIOSNA-D\"><img loading=\"lazy\" decoding=\"async\" src=\"https:\/\/www.24gliwice.pl\/wiadomosci\/wp-content\/uploads\/2026\/03\/20260309-PREZERO-WIOSNA-D.webp\" alt=\"\"  srcset=\"https:\/\/www.24gliwice.pl\/wiadomosci\/wp-content\/uploads\/2026\/03\/20260309-PREZERO-WIOSNA-D.webp 750w, https:\/\/www.24gliwice.pl\/wiadomosci\/wp-content\/uploads\/2026\/03\/20260309-PREZERO-WIOSNA-D-410x109.webp 410w\" sizes=\"(max-width: 750px) 100vw, 750px\" class=\"no-lazyload\" width=\"750\" height=\"200\"  style=\"display: inline-block; max-width: 100%; height: auto;\" \/><\/a><\/div><\/div>","protected":false},"excerpt":{"rendered":"<p>Spotkania autorskie ze Zbigniewem Rokit\u0105, koncert grupy Krzikopa, panel dyskusyjny na temat film\u00f3w Kazimierza Kutza \u2013 tegoroczna edycja \u201e\u015al\u0105skiego Tygodnia\u201d zapowiada si\u0119 bardzo ciekawie. &nbsp; Miejska Biblioteka Publiczna w Gliwicach w listopadzie przygotowa\u0142a wiele wydarze\u0144, w centrum kt\u00f3rych znajdzie si\u0119 nasz region, czyli \u015al\u0105sk. Nie mo\u017cna przegapi\u0107 spotkania autorskiego z gliwiczaninem Zbigniewem Rokit\u0105, zdobywc\u0105 podw\u00f3jnej, [&hellip;]<\/p>\n","protected":false},"author":15,"featured_media":159647,"comment_status":"open","ping_status":"closed","sticky":false,"template":"","format":"standard","meta":{"_monsterinsights_skip_tracking":false,"_monsterinsights_sitenote_active":false,"_monsterinsights_sitenote_note":"","_monsterinsights_sitenote_category":0,"footnotes":"","_links_to":"","_links_to_target":""},"categories":[3,6,1],"tags":[14292,19634],"class_list":["post-180416","post","type-post","status-publish","format-standard","has-post-thumbnail","hentry","category-gliwice","category-kultura","category-wszystko","tag-slaski-tydzien","tag-zbigniew-rokita"],"yoast_head":"<!-- This site is optimized with the Yoast SEO plugin v27.4 - https:\/\/yoast.com\/product\/yoast-seo-wordpress\/ -->\n<title>Spotkanie ze Zbigniewem Rokit\u0105, koncert Krzikopa... \u015al\u0105ski Tydzie\u0144 w gliwickiej Bibliotece - 24GLIWICE - Portal Gliwice | codziennie nowe informacje<\/title>\n<meta name=\"robots\" content=\"index, follow, max-snippet:-1, max-image-preview:large, max-video-preview:-1\" \/>\n<link rel=\"canonical\" href=\"https:\/\/www.24gliwice.pl\/wiadomosci\/spotkanie-ze-zbigniewem-rokita-koncert-krzikopa-slaski-tydzien-w-gliwickiej-bibliotece\/\" \/>\n<meta property=\"og:locale\" content=\"pl_PL\" \/>\n<meta property=\"og:type\" content=\"article\" \/>\n<meta property=\"og:title\" content=\"Spotkanie ze Zbigniewem Rokit\u0105, koncert Krzikopa... \u015al\u0105ski Tydzie\u0144 w gliwickiej Bibliotece - 24GLIWICE - Portal Gliwice | codziennie nowe informacje\" \/>\n<meta property=\"og:description\" content=\"Spotkania autorskie ze Zbigniewem Rokit\u0105, koncert grupy Krzikopa, panel dyskusyjny na temat film\u00f3w Kazimierza Kutza \u2013 tegoroczna edycja \u201e\u015al\u0105skiego Tygodnia\u201d zapowiada si\u0119 bardzo ciekawie. &nbsp; Miejska Biblioteka Publiczna w Gliwicach w listopadzie przygotowa\u0142a wiele wydarze\u0144, w centrum kt\u00f3rych znajdzie si\u0119 nasz region, czyli \u015al\u0105sk. Nie mo\u017cna przegapi\u0107 spotkania autorskiego z gliwiczaninem Zbigniewem Rokit\u0105, zdobywc\u0105 podw\u00f3jnej, [&hellip;]\" \/>\n<meta property=\"og:url\" content=\"https:\/\/www.24gliwice.pl\/wiadomosci\/spotkanie-ze-zbigniewem-rokita-koncert-krzikopa-slaski-tydzien-w-gliwickiej-bibliotece\/\" \/>\n<meta property=\"og:site_name\" content=\"24GLIWICE - Portal Gliwice | codziennie nowe informacje\" \/>\n<meta property=\"article:publisher\" content=\"https:\/\/www.facebook.com\/24gliwice\" \/>\n<meta property=\"article:published_time\" content=\"2021-11-15T04:24:02+00:00\" \/>\n<meta property=\"og:image\" content=\"https:\/\/www.24gliwice.pl\/wiadomosci\/wp-content\/uploads\/2020\/10\/1-biblioteka-001.jpg\" \/>\n\t<meta property=\"og:image:width\" content=\"1200\" \/>\n\t<meta property=\"og:image:height\" content=\"676\" \/>\n\t<meta property=\"og:image:type\" content=\"image\/jpeg\" \/>\n<meta name=\"author\" content=\"\u017baneta Mrozek-Siewierska\" \/>\n<meta name=\"twitter:card\" content=\"summary_large_image\" \/>\n<meta name=\"twitter:creator\" content=\"@24gliwice\" \/>\n<meta name=\"twitter:site\" content=\"@24gliwice\" \/>\n<meta name=\"twitter:label1\" content=\"Napisane przez\" \/>\n\t<meta name=\"twitter:data1\" content=\"\u017baneta Mrozek-Siewierska\" \/>\n\t<meta name=\"twitter:label2\" content=\"Szacowany czas czytania\" \/>\n\t<meta name=\"twitter:data2\" content=\"1 minuta\" \/>\n<script type=\"application\/ld+json\" class=\"yoast-schema-graph\">{\"@context\":\"https:\\\/\\\/schema.org\",\"@graph\":[{\"@type\":\"Article\",\"@id\":\"https:\\\/\\\/www.24gliwice.pl\\\/wiadomosci\\\/spotkanie-ze-zbigniewem-rokita-koncert-krzikopa-slaski-tydzien-w-gliwickiej-bibliotece\\\/#article\",\"isPartOf\":{\"@id\":\"https:\\\/\\\/www.24gliwice.pl\\\/wiadomosci\\\/spotkanie-ze-zbigniewem-rokita-koncert-krzikopa-slaski-tydzien-w-gliwickiej-bibliotece\\\/\"},\"author\":{\"name\":\"\u017baneta Mrozek-Siewierska\",\"@id\":\"https:\\\/\\\/www.24gliwice.pl\\\/wiadomosci\\\/#\\\/schema\\\/person\\\/e42c650edd7f2fa332be3811fb166b6e\"},\"headline\":\"Spotkanie ze Zbigniewem Rokit\u0105, koncert Krzikopa&#8230; \u015al\u0105ski Tydzie\u0144 w gliwickiej Bibliotece\",\"datePublished\":\"2021-11-15T04:24:02+00:00\",\"mainEntityOfPage\":{\"@id\":\"https:\\\/\\\/www.24gliwice.pl\\\/wiadomosci\\\/spotkanie-ze-zbigniewem-rokita-koncert-krzikopa-slaski-tydzien-w-gliwickiej-bibliotece\\\/\"},\"wordCount\":245,\"commentCount\":0,\"publisher\":{\"@id\":\"https:\\\/\\\/www.24gliwice.pl\\\/wiadomosci\\\/#organization\"},\"image\":{\"@id\":\"https:\\\/\\\/www.24gliwice.pl\\\/wiadomosci\\\/spotkanie-ze-zbigniewem-rokita-koncert-krzikopa-slaski-tydzien-w-gliwickiej-bibliotece\\\/#primaryimage\"},\"thumbnailUrl\":\"https:\\\/\\\/www.24gliwice.pl\\\/wiadomosci\\\/wp-content\\\/uploads\\\/2020\\\/10\\\/1-biblioteka-001.jpg\",\"keywords\":[\"\u015bl\u0105ski tydzie\u0144\",\"zbigniew rokita\"],\"articleSection\":[\"Gliwice\",\"Kultura, wydarzenia, imprezy\",\"Najnowsze wiadomo\u015bci\"],\"inLanguage\":\"pl-PL\",\"potentialAction\":[{\"@type\":\"CommentAction\",\"name\":\"Comment\",\"target\":[\"https:\\\/\\\/www.24gliwice.pl\\\/wiadomosci\\\/spotkanie-ze-zbigniewem-rokita-koncert-krzikopa-slaski-tydzien-w-gliwickiej-bibliotece\\\/#respond\"]}]},{\"@type\":\"WebPage\",\"@id\":\"https:\\\/\\\/www.24gliwice.pl\\\/wiadomosci\\\/spotkanie-ze-zbigniewem-rokita-koncert-krzikopa-slaski-tydzien-w-gliwickiej-bibliotece\\\/\",\"url\":\"https:\\\/\\\/www.24gliwice.pl\\\/wiadomosci\\\/spotkanie-ze-zbigniewem-rokita-koncert-krzikopa-slaski-tydzien-w-gliwickiej-bibliotece\\\/\",\"name\":\"Spotkanie ze Zbigniewem Rokit\u0105, koncert Krzikopa... \u015al\u0105ski Tydzie\u0144 w gliwickiej Bibliotece - 24GLIWICE - Portal Gliwice | codziennie nowe informacje\",\"isPartOf\":{\"@id\":\"https:\\\/\\\/www.24gliwice.pl\\\/wiadomosci\\\/#website\"},\"primaryImageOfPage\":{\"@id\":\"https:\\\/\\\/www.24gliwice.pl\\\/wiadomosci\\\/spotkanie-ze-zbigniewem-rokita-koncert-krzikopa-slaski-tydzien-w-gliwickiej-bibliotece\\\/#primaryimage\"},\"image\":{\"@id\":\"https:\\\/\\\/www.24gliwice.pl\\\/wiadomosci\\\/spotkanie-ze-zbigniewem-rokita-koncert-krzikopa-slaski-tydzien-w-gliwickiej-bibliotece\\\/#primaryimage\"},\"thumbnailUrl\":\"https:\\\/\\\/www.24gliwice.pl\\\/wiadomosci\\\/wp-content\\\/uploads\\\/2020\\\/10\\\/1-biblioteka-001.jpg\",\"datePublished\":\"2021-11-15T04:24:02+00:00\",\"breadcrumb\":{\"@id\":\"https:\\\/\\\/www.24gliwice.pl\\\/wiadomosci\\\/spotkanie-ze-zbigniewem-rokita-koncert-krzikopa-slaski-tydzien-w-gliwickiej-bibliotece\\\/#breadcrumb\"},\"inLanguage\":\"pl-PL\",\"potentialAction\":[{\"@type\":\"ReadAction\",\"target\":[\"https:\\\/\\\/www.24gliwice.pl\\\/wiadomosci\\\/spotkanie-ze-zbigniewem-rokita-koncert-krzikopa-slaski-tydzien-w-gliwickiej-bibliotece\\\/\"]}]},{\"@type\":\"ImageObject\",\"inLanguage\":\"pl-PL\",\"@id\":\"https:\\\/\\\/www.24gliwice.pl\\\/wiadomosci\\\/spotkanie-ze-zbigniewem-rokita-koncert-krzikopa-slaski-tydzien-w-gliwickiej-bibliotece\\\/#primaryimage\",\"url\":\"https:\\\/\\\/www.24gliwice.pl\\\/wiadomosci\\\/wp-content\\\/uploads\\\/2020\\\/10\\\/1-biblioteka-001.jpg\",\"contentUrl\":\"https:\\\/\\\/www.24gliwice.pl\\\/wiadomosci\\\/wp-content\\\/uploads\\\/2020\\\/10\\\/1-biblioteka-001.jpg\",\"width\":1200,\"height\":676},{\"@type\":\"BreadcrumbList\",\"@id\":\"https:\\\/\\\/www.24gliwice.pl\\\/wiadomosci\\\/spotkanie-ze-zbigniewem-rokita-koncert-krzikopa-slaski-tydzien-w-gliwickiej-bibliotece\\\/#breadcrumb\",\"itemListElement\":[{\"@type\":\"ListItem\",\"position\":1,\"name\":\"Strona g\u0142\u00f3wna\",\"item\":\"https:\\\/\\\/www.24gliwice.pl\\\/wiadomosci\\\/\"},{\"@type\":\"ListItem\",\"position\":2,\"name\":\"Spotkanie ze Zbigniewem Rokit\u0105, koncert Krzikopa&#8230; \u015al\u0105ski Tydzie\u0144 w gliwickiej Bibliotece\"}]},{\"@type\":\"WebSite\",\"@id\":\"https:\\\/\\\/www.24gliwice.pl\\\/wiadomosci\\\/#website\",\"url\":\"https:\\\/\\\/www.24gliwice.pl\\\/wiadomosci\\\/\",\"name\":\"24GLIWICE - Portal Gliwice | codziennie nowe wiadomo\u015bci\",\"description\":\"Portal Miejski Gliwice\",\"publisher\":{\"@id\":\"https:\\\/\\\/www.24gliwice.pl\\\/wiadomosci\\\/#organization\"},\"potentialAction\":[{\"@type\":\"SearchAction\",\"target\":{\"@type\":\"EntryPoint\",\"urlTemplate\":\"https:\\\/\\\/www.24gliwice.pl\\\/wiadomosci\\\/?s={search_term_string}\"},\"query-input\":{\"@type\":\"PropertyValueSpecification\",\"valueRequired\":true,\"valueName\":\"search_term_string\"}}],\"inLanguage\":\"pl-PL\"},{\"@type\":\"Organization\",\"@id\":\"https:\\\/\\\/www.24gliwice.pl\\\/wiadomosci\\\/#organization\",\"name\":\"24gliwice\",\"url\":\"https:\\\/\\\/www.24gliwice.pl\\\/wiadomosci\\\/\",\"logo\":{\"@type\":\"ImageObject\",\"inLanguage\":\"pl-PL\",\"@id\":\"https:\\\/\\\/www.24gliwice.pl\\\/wiadomosci\\\/#\\\/schema\\\/logo\\\/image\\\/\",\"url\":\"https:\\\/\\\/www.24gliwice.pl\\\/wiadomosci\\\/wp-content\\\/uploads\\\/2024\\\/10\\\/24gliwice-logo-696.jpg\",\"contentUrl\":\"https:\\\/\\\/www.24gliwice.pl\\\/wiadomosci\\\/wp-content\\\/uploads\\\/2024\\\/10\\\/24gliwice-logo-696.jpg\",\"width\":696,\"height\":696,\"caption\":\"24gliwice\"},\"image\":{\"@id\":\"https:\\\/\\\/www.24gliwice.pl\\\/wiadomosci\\\/#\\\/schema\\\/logo\\\/image\\\/\"},\"sameAs\":[\"https:\\\/\\\/www.facebook.com\\\/24gliwice\",\"https:\\\/\\\/x.com\\\/24gliwice\",\"https:\\\/\\\/www.youtube.com\\\/@24gliwice\"]},{\"@type\":\"Person\",\"@id\":\"https:\\\/\\\/www.24gliwice.pl\\\/wiadomosci\\\/#\\\/schema\\\/person\\\/e42c650edd7f2fa332be3811fb166b6e\",\"name\":\"\u017baneta Mrozek-Siewierska\",\"image\":{\"@type\":\"ImageObject\",\"inLanguage\":\"pl-PL\",\"@id\":\"https:\\\/\\\/www.24gliwice.pl\\\/wiadomosci\\\/wp-content\\\/uploads\\\/2021\\\/11\\\/Zaneta-M_S-zdjecie-czb-96x96.jpg\",\"url\":\"https:\\\/\\\/www.24gliwice.pl\\\/wiadomosci\\\/wp-content\\\/uploads\\\/2021\\\/11\\\/Zaneta-M_S-zdjecie-czb-96x96.jpg\",\"contentUrl\":\"https:\\\/\\\/www.24gliwice.pl\\\/wiadomosci\\\/wp-content\\\/uploads\\\/2021\\\/11\\\/Zaneta-M_S-zdjecie-czb-96x96.jpg\",\"caption\":\"\u017baneta Mrozek-Siewierska\"},\"url\":\"https:\\\/\\\/www.24gliwice.pl\\\/wiadomosci\\\/author\\\/zms\\\/\"}]}<\/script>\n<!-- \/ Yoast SEO plugin. -->","yoast_head_json":{"title":"Spotkanie ze Zbigniewem Rokit\u0105, koncert Krzikopa... \u015al\u0105ski Tydzie\u0144 w gliwickiej Bibliotece - 24GLIWICE - Portal Gliwice | codziennie nowe informacje","robots":{"index":"index","follow":"follow","max-snippet":"max-snippet:-1","max-image-preview":"max-image-preview:large","max-video-preview":"max-video-preview:-1"},"canonical":"https:\/\/www.24gliwice.pl\/wiadomosci\/spotkanie-ze-zbigniewem-rokita-koncert-krzikopa-slaski-tydzien-w-gliwickiej-bibliotece\/","og_locale":"pl_PL","og_type":"article","og_title":"Spotkanie ze Zbigniewem Rokit\u0105, koncert Krzikopa... \u015al\u0105ski Tydzie\u0144 w gliwickiej Bibliotece - 24GLIWICE - Portal Gliwice | codziennie nowe informacje","og_description":"Spotkania autorskie ze Zbigniewem Rokit\u0105, koncert grupy Krzikopa, panel dyskusyjny na temat film\u00f3w Kazimierza Kutza \u2013 tegoroczna edycja \u201e\u015al\u0105skiego Tygodnia\u201d zapowiada si\u0119 bardzo ciekawie. &nbsp; Miejska Biblioteka Publiczna w Gliwicach w listopadzie przygotowa\u0142a wiele wydarze\u0144, w centrum kt\u00f3rych znajdzie si\u0119 nasz region, czyli \u015al\u0105sk. Nie mo\u017cna przegapi\u0107 spotkania autorskiego z gliwiczaninem Zbigniewem Rokit\u0105, zdobywc\u0105 podw\u00f3jnej, [&hellip;]","og_url":"https:\/\/www.24gliwice.pl\/wiadomosci\/spotkanie-ze-zbigniewem-rokita-koncert-krzikopa-slaski-tydzien-w-gliwickiej-bibliotece\/","og_site_name":"24GLIWICE - Portal Gliwice | codziennie nowe informacje","article_publisher":"https:\/\/www.facebook.com\/24gliwice","article_published_time":"2021-11-15T04:24:02+00:00","og_image":[{"width":1200,"height":676,"url":"https:\/\/www.24gliwice.pl\/wiadomosci\/wp-content\/uploads\/2020\/10\/1-biblioteka-001.jpg","type":"image\/jpeg"}],"author":"\u017baneta Mrozek-Siewierska","twitter_card":"summary_large_image","twitter_creator":"@24gliwice","twitter_site":"@24gliwice","twitter_misc":{"Napisane przez":"\u017baneta Mrozek-Siewierska","Szacowany czas czytania":"1 minuta"},"schema":{"@context":"https:\/\/schema.org","@graph":[{"@type":"Article","@id":"https:\/\/www.24gliwice.pl\/wiadomosci\/spotkanie-ze-zbigniewem-rokita-koncert-krzikopa-slaski-tydzien-w-gliwickiej-bibliotece\/#article","isPartOf":{"@id":"https:\/\/www.24gliwice.pl\/wiadomosci\/spotkanie-ze-zbigniewem-rokita-koncert-krzikopa-slaski-tydzien-w-gliwickiej-bibliotece\/"},"author":{"name":"\u017baneta Mrozek-Siewierska","@id":"https:\/\/www.24gliwice.pl\/wiadomosci\/#\/schema\/person\/e42c650edd7f2fa332be3811fb166b6e"},"headline":"Spotkanie ze Zbigniewem Rokit\u0105, koncert Krzikopa&#8230; \u015al\u0105ski Tydzie\u0144 w gliwickiej Bibliotece","datePublished":"2021-11-15T04:24:02+00:00","mainEntityOfPage":{"@id":"https:\/\/www.24gliwice.pl\/wiadomosci\/spotkanie-ze-zbigniewem-rokita-koncert-krzikopa-slaski-tydzien-w-gliwickiej-bibliotece\/"},"wordCount":245,"commentCount":0,"publisher":{"@id":"https:\/\/www.24gliwice.pl\/wiadomosci\/#organization"},"image":{"@id":"https:\/\/www.24gliwice.pl\/wiadomosci\/spotkanie-ze-zbigniewem-rokita-koncert-krzikopa-slaski-tydzien-w-gliwickiej-bibliotece\/#primaryimage"},"thumbnailUrl":"https:\/\/www.24gliwice.pl\/wiadomosci\/wp-content\/uploads\/2020\/10\/1-biblioteka-001.jpg","keywords":["\u015bl\u0105ski tydzie\u0144","zbigniew rokita"],"articleSection":["Gliwice","Kultura, wydarzenia, imprezy","Najnowsze wiadomo\u015bci"],"inLanguage":"pl-PL","potentialAction":[{"@type":"CommentAction","name":"Comment","target":["https:\/\/www.24gliwice.pl\/wiadomosci\/spotkanie-ze-zbigniewem-rokita-koncert-krzikopa-slaski-tydzien-w-gliwickiej-bibliotece\/#respond"]}]},{"@type":"WebPage","@id":"https:\/\/www.24gliwice.pl\/wiadomosci\/spotkanie-ze-zbigniewem-rokita-koncert-krzikopa-slaski-tydzien-w-gliwickiej-bibliotece\/","url":"https:\/\/www.24gliwice.pl\/wiadomosci\/spotkanie-ze-zbigniewem-rokita-koncert-krzikopa-slaski-tydzien-w-gliwickiej-bibliotece\/","name":"Spotkanie ze Zbigniewem Rokit\u0105, koncert Krzikopa... \u015al\u0105ski Tydzie\u0144 w gliwickiej Bibliotece - 24GLIWICE - Portal Gliwice | codziennie nowe informacje","isPartOf":{"@id":"https:\/\/www.24gliwice.pl\/wiadomosci\/#website"},"primaryImageOfPage":{"@id":"https:\/\/www.24gliwice.pl\/wiadomosci\/spotkanie-ze-zbigniewem-rokita-koncert-krzikopa-slaski-tydzien-w-gliwickiej-bibliotece\/#primaryimage"},"image":{"@id":"https:\/\/www.24gliwice.pl\/wiadomosci\/spotkanie-ze-zbigniewem-rokita-koncert-krzikopa-slaski-tydzien-w-gliwickiej-bibliotece\/#primaryimage"},"thumbnailUrl":"https:\/\/www.24gliwice.pl\/wiadomosci\/wp-content\/uploads\/2020\/10\/1-biblioteka-001.jpg","datePublished":"2021-11-15T04:24:02+00:00","breadcrumb":{"@id":"https:\/\/www.24gliwice.pl\/wiadomosci\/spotkanie-ze-zbigniewem-rokita-koncert-krzikopa-slaski-tydzien-w-gliwickiej-bibliotece\/#breadcrumb"},"inLanguage":"pl-PL","potentialAction":[{"@type":"ReadAction","target":["https:\/\/www.24gliwice.pl\/wiadomosci\/spotkanie-ze-zbigniewem-rokita-koncert-krzikopa-slaski-tydzien-w-gliwickiej-bibliotece\/"]}]},{"@type":"ImageObject","inLanguage":"pl-PL","@id":"https:\/\/www.24gliwice.pl\/wiadomosci\/spotkanie-ze-zbigniewem-rokita-koncert-krzikopa-slaski-tydzien-w-gliwickiej-bibliotece\/#primaryimage","url":"https:\/\/www.24gliwice.pl\/wiadomosci\/wp-content\/uploads\/2020\/10\/1-biblioteka-001.jpg","contentUrl":"https:\/\/www.24gliwice.pl\/wiadomosci\/wp-content\/uploads\/2020\/10\/1-biblioteka-001.jpg","width":1200,"height":676},{"@type":"BreadcrumbList","@id":"https:\/\/www.24gliwice.pl\/wiadomosci\/spotkanie-ze-zbigniewem-rokita-koncert-krzikopa-slaski-tydzien-w-gliwickiej-bibliotece\/#breadcrumb","itemListElement":[{"@type":"ListItem","position":1,"name":"Strona g\u0142\u00f3wna","item":"https:\/\/www.24gliwice.pl\/wiadomosci\/"},{"@type":"ListItem","position":2,"name":"Spotkanie ze Zbigniewem Rokit\u0105, koncert Krzikopa&#8230; \u015al\u0105ski Tydzie\u0144 w gliwickiej Bibliotece"}]},{"@type":"WebSite","@id":"https:\/\/www.24gliwice.pl\/wiadomosci\/#website","url":"https:\/\/www.24gliwice.pl\/wiadomosci\/","name":"24GLIWICE - Portal Gliwice | codziennie nowe wiadomo\u015bci","description":"Portal Miejski Gliwice","publisher":{"@id":"https:\/\/www.24gliwice.pl\/wiadomosci\/#organization"},"potentialAction":[{"@type":"SearchAction","target":{"@type":"EntryPoint","urlTemplate":"https:\/\/www.24gliwice.pl\/wiadomosci\/?s={search_term_string}"},"query-input":{"@type":"PropertyValueSpecification","valueRequired":true,"valueName":"search_term_string"}}],"inLanguage":"pl-PL"},{"@type":"Organization","@id":"https:\/\/www.24gliwice.pl\/wiadomosci\/#organization","name":"24gliwice","url":"https:\/\/www.24gliwice.pl\/wiadomosci\/","logo":{"@type":"ImageObject","inLanguage":"pl-PL","@id":"https:\/\/www.24gliwice.pl\/wiadomosci\/#\/schema\/logo\/image\/","url":"https:\/\/www.24gliwice.pl\/wiadomosci\/wp-content\/uploads\/2024\/10\/24gliwice-logo-696.jpg","contentUrl":"https:\/\/www.24gliwice.pl\/wiadomosci\/wp-content\/uploads\/2024\/10\/24gliwice-logo-696.jpg","width":696,"height":696,"caption":"24gliwice"},"image":{"@id":"https:\/\/www.24gliwice.pl\/wiadomosci\/#\/schema\/logo\/image\/"},"sameAs":["https:\/\/www.facebook.com\/24gliwice","https:\/\/x.com\/24gliwice","https:\/\/www.youtube.com\/@24gliwice"]},{"@type":"Person","@id":"https:\/\/www.24gliwice.pl\/wiadomosci\/#\/schema\/person\/e42c650edd7f2fa332be3811fb166b6e","name":"\u017baneta Mrozek-Siewierska","image":{"@type":"ImageObject","inLanguage":"pl-PL","@id":"https:\/\/www.24gliwice.pl\/wiadomosci\/wp-content\/uploads\/2021\/11\/Zaneta-M_S-zdjecie-czb-96x96.jpg","url":"https:\/\/www.24gliwice.pl\/wiadomosci\/wp-content\/uploads\/2021\/11\/Zaneta-M_S-zdjecie-czb-96x96.jpg","contentUrl":"https:\/\/www.24gliwice.pl\/wiadomosci\/wp-content\/uploads\/2021\/11\/Zaneta-M_S-zdjecie-czb-96x96.jpg","caption":"\u017baneta Mrozek-Siewierska"},"url":"https:\/\/www.24gliwice.pl\/wiadomosci\/author\/zms\/"}]}},"_links":{"self":[{"href":"https:\/\/www.24gliwice.pl\/wiadomosci\/wp-json\/wp\/v2\/posts\/180416","targetHints":{"allow":["GET"]}}],"collection":[{"href":"https:\/\/www.24gliwice.pl\/wiadomosci\/wp-json\/wp\/v2\/posts"}],"about":[{"href":"https:\/\/www.24gliwice.pl\/wiadomosci\/wp-json\/wp\/v2\/types\/post"}],"author":[{"embeddable":true,"href":"https:\/\/www.24gliwice.pl\/wiadomosci\/wp-json\/wp\/v2\/users\/15"}],"replies":[{"embeddable":true,"href":"https:\/\/www.24gliwice.pl\/wiadomosci\/wp-json\/wp\/v2\/comments?post=180416"}],"version-history":[{"count":11,"href":"https:\/\/www.24gliwice.pl\/wiadomosci\/wp-json\/wp\/v2\/posts\/180416\/revisions"}],"predecessor-version":[{"id":180751,"href":"https:\/\/www.24gliwice.pl\/wiadomosci\/wp-json\/wp\/v2\/posts\/180416\/revisions\/180751"}],"wp:featuredmedia":[{"embeddable":true,"href":"https:\/\/www.24gliwice.pl\/wiadomosci\/wp-json\/wp\/v2\/media\/159647"}],"wp:attachment":[{"href":"https:\/\/www.24gliwice.pl\/wiadomosci\/wp-json\/wp\/v2\/media?parent=180416"}],"wp:term":[{"taxonomy":"category","embeddable":true,"href":"https:\/\/www.24gliwice.pl\/wiadomosci\/wp-json\/wp\/v2\/categories?post=180416"},{"taxonomy":"post_tag","embeddable":true,"href":"https:\/\/www.24gliwice.pl\/wiadomosci\/wp-json\/wp\/v2\/tags?post=180416"}],"curies":[{"name":"wp","href":"https:\/\/api.w.org\/{rel}","templated":true}]}}