{"id":180425,"date":"2021-11-09T01:21:30","date_gmt":"2021-11-09T00:21:30","guid":{"rendered":"https:\/\/www.24gliwice.pl\/wiadomosci\/?p=180425"},"modified":"2021-11-09T12:27:07","modified_gmt":"2021-11-09T11:27:07","slug":"budowa-ciagu-pieszo-rowerowego-wzdluz-ul-nowy-swiat","status":"publish","type":"post","link":"https:\/\/www.24gliwice.pl\/wiadomosci\/budowa-ciagu-pieszo-rowerowego-wzdluz-ul-nowy-swiat\/","title":{"rendered":"Budowa ci\u0105gu pieszo-rowerowego wzd\u0142u\u017c ul. Nowy \u015awiat. Od wtorku utrudnienia dla kierowc\u00f3w (zdj\u0119cia)"},"content":{"rendered":"<div class=\"gliwi-a6-nad-leadem-artykulow gliwi-entity-placement\" id=\"gliwi-2290787522\"><div class=\"gliwi-adlabel\"><span style=\"font-size: 9px\">REKLAMA<\/span><\/div><div id=\"gliwi-2720758469\" style=\"margin-bottom: 30px;margin-left: auto;margin-right: auto;text-align: center;\"><a data-no-instant=\"1\" href=\"https:\/\/przedszkole.halogen.org.pl\/\" rel=\"noopener\" class=\"a2t-link\" target=\"_blank\" aria-label=\"20260402-ANIMATOR-przedszkole_grafika_750x200\"><img loading=\"lazy\" decoding=\"async\" src=\"https:\/\/www.24gliwice.pl\/wiadomosci\/wp-content\/uploads\/2026\/04\/20260402-ANIMATOR-przedszkole_grafika_750x200.webp\" alt=\"\"  srcset=\"https:\/\/www.24gliwice.pl\/wiadomosci\/wp-content\/uploads\/2026\/04\/20260402-ANIMATOR-przedszkole_grafika_750x200.webp 750w, https:\/\/www.24gliwice.pl\/wiadomosci\/wp-content\/uploads\/2026\/04\/20260402-ANIMATOR-przedszkole_grafika_750x200-410x109.webp 410w\" sizes=\"(max-width: 750px) 100vw, 750px\" class=\"no-lazyload\" width=\"750\" height=\"200\"  style=\"display: inline-block; max-width: 100%; height: auto;\" \/><\/a><\/div><\/div><h2>Uwaga kierowcy &#8211; szykuj\u0105 si\u0119 utrudnienia. B\u0119d\u0105 zmiany w organizacji ruchu w zwi\u0105zku z budow\u0105 ci\u0105gu pieszo-rowerowego wzd\u0142u\u017c ul. Nowy \u015awiat. Od wtorku zamkni\u0119ty zostanie pas prowadz\u0105cy z tej ulicy w kierunku ul. Ko\u015bciuszki. Relacja ta jednak b\u0119dzie zachowana.<\/h2>\n<p>&nbsp;<br \/>\nKierowcy skr\u0119c\u0105 w ul. Ko\u015bciuszki z pasa przeznaczonego obecnie do jazdy na wprost, w kierunku ul. S\u0142owackiego. Drogowcy prosz\u0105 o zwracanie szczeg\u00f3lnej uwagi na oznakowanie obowi\u0105zuj\u0105ce w miejscu prac i tu\u017c przed skrzy\u017cowaniem ulic: Nowy \u015awiat i Ko\u015bciuszki.<\/p>\n<p><a href=\"https:\/\/www.24gliwice.pl\/wiadomosci\/wp-content\/uploads\/2021\/11\/droga-rowerowa-jp2-nowy-swiat-5.jpg\"><img loading=\"lazy\" decoding=\"async\" src=\"https:\/\/www.24gliwice.pl\/wiadomosci\/wp-content\/uploads\/2021\/11\/droga-rowerowa-jp2-nowy-swiat-5.jpg\" alt=\"\" width=\"810\" height=\"608\" class=\"alignnone size-full wp-image-180454\" srcset=\"https:\/\/www.24gliwice.pl\/wiadomosci\/wp-content\/uploads\/2021\/11\/droga-rowerowa-jp2-nowy-swiat-5.jpg 810w, https:\/\/www.24gliwice.pl\/wiadomosci\/wp-content\/uploads\/2021\/11\/droga-rowerowa-jp2-nowy-swiat-5-309x232.jpg 309w, https:\/\/www.24gliwice.pl\/wiadomosci\/wp-content\/uploads\/2021\/11\/droga-rowerowa-jp2-nowy-swiat-5-606x455.jpg 606w, https:\/\/www.24gliwice.pl\/wiadomosci\/wp-content\/uploads\/2021\/11\/droga-rowerowa-jp2-nowy-swiat-5-768x576.jpg 768w\" sizes=\"auto, (max-width: 810px) 100vw, 810px\" \/><\/a><\/p>\n<h4>Przypomnijmy, \u017ce inwestycja rozpocz\u0119\u0142a si\u0119 kilka miesi\u0119cy temu, a prace, nak\u0142adem 1,3 mln z\u0142otych realizuje gliwicki PRUiM.<\/h4>\n<p>&nbsp;<br \/>\n<a href=\"https:\/\/www.24gliwice.pl\/wiadomosci\/wp-content\/uploads\/2021\/11\/droga-rowerowa-jp2-nowy-swiat-7.jpg\"><img loading=\"lazy\" decoding=\"async\" src=\"https:\/\/www.24gliwice.pl\/wiadomosci\/wp-content\/uploads\/2021\/11\/droga-rowerowa-jp2-nowy-swiat-7.jpg\" alt=\"\" width=\"810\" height=\"608\" class=\"alignnone size-full wp-image-180455\" srcset=\"https:\/\/www.24gliwice.pl\/wiadomosci\/wp-content\/uploads\/2021\/11\/droga-rowerowa-jp2-nowy-swiat-7.jpg 810w, https:\/\/www.24gliwice.pl\/wiadomosci\/wp-content\/uploads\/2021\/11\/droga-rowerowa-jp2-nowy-swiat-7-309x232.jpg 309w, https:\/\/www.24gliwice.pl\/wiadomosci\/wp-content\/uploads\/2021\/11\/droga-rowerowa-jp2-nowy-swiat-7-606x455.jpg 606w, https:\/\/www.24gliwice.pl\/wiadomosci\/wp-content\/uploads\/2021\/11\/droga-rowerowa-jp2-nowy-swiat-7-768x576.jpg 768w\" sizes=\"auto, (max-width: 810px) 100vw, 810px\" \/><\/a><\/p>\n<p>Termin realizacji zam\u00f3wienia up\u0142ynie 30 listopada br. Czy zostanie dotrzymany? Oceniaj\u0105c zaawansowanie prac, mo\u017cna mie\u0107 w\u0105tpliwo\u015bci czy zako\u0144cz\u0105 si\u0119 one w ci\u0105gu najbli\u017cszych 3-4 tygodni. Zapytali\u015bmy o to ZDM. <\/p><div class=\"gliwi-a3-w-tresci-artykulow gliwi-entity-placement\" id=\"gliwi-3712886004\"><div class=\"gliwi-adlabel\"><span style=\"font-size: 9px\">REKLAMA<\/span><\/div><div id=\"gliwi-1024476268\" style=\"margin-bottom: 30px;margin-left: auto;margin-right: auto;text-align: center;\"><a data-no-instant=\"1\" href=\"https:\/\/zlobek.halogen.org.pl\/\" rel=\"noopener\" class=\"a2t-link\" target=\"_blank\" aria-label=\"animator-zlobek_750x200\"><img loading=\"lazy\" decoding=\"async\" src=\"https:\/\/www.24gliwice.pl\/wiadomosci\/wp-content\/uploads\/2026\/02\/animator-zlobek_750x200.webp\" alt=\"\"  srcset=\"https:\/\/www.24gliwice.pl\/wiadomosci\/wp-content\/uploads\/2026\/02\/animator-zlobek_750x200.webp 750w, https:\/\/www.24gliwice.pl\/wiadomosci\/wp-content\/uploads\/2026\/02\/animator-zlobek_750x200-410x109.webp 410w\" sizes=\"(max-width: 750px) 100vw, 750px\" class=\"no-lazyload\" width=\"750\" height=\"200\"  style=\"display: inline-block; max-width: 100%; height: auto;\" \/><\/a><\/div><\/div>\n<p><a href=\"https:\/\/www.24gliwice.pl\/wiadomosci\/wp-content\/uploads\/2021\/11\/droga-rowerowa-jp2-nowy-swiat-2.jpg\"><img loading=\"lazy\" decoding=\"async\" src=\"https:\/\/www.24gliwice.pl\/wiadomosci\/wp-content\/uploads\/2021\/11\/droga-rowerowa-jp2-nowy-swiat-2.jpg\" alt=\"\" width=\"810\" height=\"608\" class=\"alignnone size-full wp-image-180464\" srcset=\"https:\/\/www.24gliwice.pl\/wiadomosci\/wp-content\/uploads\/2021\/11\/droga-rowerowa-jp2-nowy-swiat-2.jpg 810w, https:\/\/www.24gliwice.pl\/wiadomosci\/wp-content\/uploads\/2021\/11\/droga-rowerowa-jp2-nowy-swiat-2-309x232.jpg 309w, https:\/\/www.24gliwice.pl\/wiadomosci\/wp-content\/uploads\/2021\/11\/droga-rowerowa-jp2-nowy-swiat-2-606x455.jpg 606w, https:\/\/www.24gliwice.pl\/wiadomosci\/wp-content\/uploads\/2021\/11\/droga-rowerowa-jp2-nowy-swiat-2-768x576.jpg 768w\" sizes=\"auto, (max-width: 810px) 100vw, 810px\" \/><\/a><\/p>\n<p>&#8211; <em>Termin na chwil\u0119 obecn\u0105 nie jest zagro\u017cony<\/em> &#8211; poinformowa\u0142a <strong>Jadwiga Jagie\u0142\u0142o-Stiborska<\/strong>, rzeczniczka Zarz\u0105du Dr\u00f3g Miejskich w Gliwicach. <\/p>\n<p>(\u017cms)\/ZDM Gliwice<br \/>\nfot. 24gliwice.pl\/\u0141G<\/p>\n<p><a href=\"https:\/\/www.24gliwice.pl\/wiadomosci\/wp-content\/uploads\/2021\/11\/droga-rowerowa-jp2-nowy-swiat-10.jpg\"><img loading=\"lazy\" decoding=\"async\" src=\"https:\/\/www.24gliwice.pl\/wiadomosci\/wp-content\/uploads\/2021\/11\/droga-rowerowa-jp2-nowy-swiat-10.jpg\" alt=\"\" width=\"810\" height=\"456\" class=\"alignnone size-full wp-image-180457\" srcset=\"https:\/\/www.24gliwice.pl\/wiadomosci\/wp-content\/uploads\/2021\/11\/droga-rowerowa-jp2-nowy-swiat-10.jpg 810w, https:\/\/www.24gliwice.pl\/wiadomosci\/wp-content\/uploads\/2021\/11\/droga-rowerowa-jp2-nowy-swiat-10-410x232.jpg 410w, https:\/\/www.24gliwice.pl\/wiadomosci\/wp-content\/uploads\/2021\/11\/droga-rowerowa-jp2-nowy-swiat-10-808x455.jpg 808w, https:\/\/www.24gliwice.pl\/wiadomosci\/wp-content\/uploads\/2021\/11\/droga-rowerowa-jp2-nowy-swiat-10-768x432.jpg 768w\" sizes=\"auto, (max-width: 810px) 100vw, 810px\" \/><\/a><\/p>\n<p><a href=\"https:\/\/www.24gliwice.pl\/wiadomosci\/wp-content\/uploads\/2021\/11\/droga-rowerowa-jp2-nowy-swiat-8.jpg\"><img loading=\"lazy\" decoding=\"async\" src=\"https:\/\/www.24gliwice.pl\/wiadomosci\/wp-content\/uploads\/2021\/11\/droga-rowerowa-jp2-nowy-swiat-8.jpg\" alt=\"\" width=\"810\" height=\"608\" class=\"alignnone size-full wp-image-180456\" srcset=\"https:\/\/www.24gliwice.pl\/wiadomosci\/wp-content\/uploads\/2021\/11\/droga-rowerowa-jp2-nowy-swiat-8.jpg 810w, https:\/\/www.24gliwice.pl\/wiadomosci\/wp-content\/uploads\/2021\/11\/droga-rowerowa-jp2-nowy-swiat-8-309x232.jpg 309w, https:\/\/www.24gliwice.pl\/wiadomosci\/wp-content\/uploads\/2021\/11\/droga-rowerowa-jp2-nowy-swiat-8-606x455.jpg 606w, https:\/\/www.24gliwice.pl\/wiadomosci\/wp-content\/uploads\/2021\/11\/droga-rowerowa-jp2-nowy-swiat-8-768x576.jpg 768w\" sizes=\"auto, (max-width: 810px) 100vw, 810px\" \/><\/a><\/p>\n<p><a href=\"https:\/\/www.24gliwice.pl\/wiadomosci\/wp-content\/uploads\/2021\/11\/droga-rowerowa-jp2-nowy-swiat-3-001.jpg\"><img loading=\"lazy\" decoding=\"async\" src=\"https:\/\/www.24gliwice.pl\/wiadomosci\/wp-content\/uploads\/2021\/11\/droga-rowerowa-jp2-nowy-swiat-3-001.jpg\" alt=\"\" width=\"810\" height=\"456\" class=\"alignnone size-full wp-image-180461\" srcset=\"https:\/\/www.24gliwice.pl\/wiadomosci\/wp-content\/uploads\/2021\/11\/droga-rowerowa-jp2-nowy-swiat-3-001.jpg 810w, https:\/\/www.24gliwice.pl\/wiadomosci\/wp-content\/uploads\/2021\/11\/droga-rowerowa-jp2-nowy-swiat-3-001-410x232.jpg 410w, https:\/\/www.24gliwice.pl\/wiadomosci\/wp-content\/uploads\/2021\/11\/droga-rowerowa-jp2-nowy-swiat-3-001-808x455.jpg 808w, https:\/\/www.24gliwice.pl\/wiadomosci\/wp-content\/uploads\/2021\/11\/droga-rowerowa-jp2-nowy-swiat-3-001-768x432.jpg 768w\" sizes=\"auto, (max-width: 810px) 100vw, 810px\" \/><\/a><\/p>\n<div class=\"gliwi-a5-na-koncu-artykulow gliwi-entity-placement\" id=\"gliwi-3758540841\"><div class=\"gliwi-adlabel\"><span style=\"font-size: 9px\">REKLAMA<\/span><\/div><div id=\"gliwi-1111160363\" style=\"margin-left: auto;margin-right: auto;text-align: center;\"><a data-no-instant=\"1\" href=\"https:\/\/prezeroarenagliwice.pl\/\" rel=\"noopener\" class=\"a2t-link\" target=\"_blank\" aria-label=\"20260309-PREZERO-WIOSNA-D\"><img loading=\"lazy\" decoding=\"async\" src=\"https:\/\/www.24gliwice.pl\/wiadomosci\/wp-content\/uploads\/2026\/03\/20260309-PREZERO-WIOSNA-D.webp\" alt=\"\"  srcset=\"https:\/\/www.24gliwice.pl\/wiadomosci\/wp-content\/uploads\/2026\/03\/20260309-PREZERO-WIOSNA-D.webp 750w, https:\/\/www.24gliwice.pl\/wiadomosci\/wp-content\/uploads\/2026\/03\/20260309-PREZERO-WIOSNA-D-410x109.webp 410w\" sizes=\"(max-width: 750px) 100vw, 750px\" class=\"no-lazyload\" width=\"750\" height=\"200\"  style=\"display: inline-block; max-width: 100%; height: auto;\" \/><\/a><\/div><\/div>","protected":false},"excerpt":{"rendered":"<p>Uwaga kierowcy &#8211; szykuj\u0105 si\u0119 utrudnienia. B\u0119d\u0105 zmiany w organizacji ruchu w zwi\u0105zku z budow\u0105 ci\u0105gu pieszo-rowerowego wzd\u0142u\u017c ul. Nowy \u015awiat. Od wtorku zamkni\u0119ty zostanie pas prowadz\u0105cy z tej ulicy w kierunku ul. Ko\u015bciuszki. Relacja ta jednak b\u0119dzie zachowana. &nbsp; Kierowcy skr\u0119c\u0105 w ul. Ko\u015bciuszki z pasa przeznaczonego obecnie do jazdy na wprost, w kierunku [&hellip;]<\/p>\n","protected":false},"author":15,"featured_media":180465,"comment_status":"open","ping_status":"closed","sticky":false,"template":"","format":"standard","meta":{"_monsterinsights_skip_tracking":false,"_monsterinsights_sitenote_active":false,"_monsterinsights_sitenote_note":"","_monsterinsights_sitenote_category":0,"footnotes":"","_links_to":"","_links_to_target":""},"categories":[3,1],"tags":[17253,8079],"class_list":["post-180425","post","type-post","status-publish","format-standard","has-post-thumbnail","hentry","category-gliwice","category-wszystko","tag-ciag-pieszo-rowerowy","tag-nowy-swiat"],"yoast_head":"<!-- This site is optimized with the Yoast SEO plugin v27.4 - https:\/\/yoast.com\/product\/yoast-seo-wordpress\/ -->\n<title>Budowa ci\u0105gu pieszo-rowerowego wzd\u0142u\u017c ul. Nowy \u015awiat. Od wtorku utrudnienia dla kierowc\u00f3w (zdj\u0119cia) - 24GLIWICE - Portal Gliwice | codziennie nowe informacje<\/title>\n<meta name=\"robots\" content=\"index, follow, max-snippet:-1, max-image-preview:large, max-video-preview:-1\" \/>\n<link rel=\"canonical\" href=\"https:\/\/www.24gliwice.pl\/wiadomosci\/budowa-ciagu-pieszo-rowerowego-wzdluz-ul-nowy-swiat\/\" \/>\n<meta property=\"og:locale\" content=\"pl_PL\" \/>\n<meta property=\"og:type\" content=\"article\" \/>\n<meta property=\"og:title\" content=\"Budowa ci\u0105gu pieszo-rowerowego wzd\u0142u\u017c ul. Nowy \u015awiat. Od wtorku utrudnienia dla kierowc\u00f3w (zdj\u0119cia) - 24GLIWICE - Portal Gliwice | codziennie nowe informacje\" \/>\n<meta property=\"og:description\" content=\"Uwaga kierowcy &#8211; szykuj\u0105 si\u0119 utrudnienia. B\u0119d\u0105 zmiany w organizacji ruchu w zwi\u0105zku z budow\u0105 ci\u0105gu pieszo-rowerowego wzd\u0142u\u017c ul. Nowy \u015awiat. Od wtorku zamkni\u0119ty zostanie pas prowadz\u0105cy z tej ulicy w kierunku ul. Ko\u015bciuszki. Relacja ta jednak b\u0119dzie zachowana. &nbsp; Kierowcy skr\u0119c\u0105 w ul. Ko\u015bciuszki z pasa przeznaczonego obecnie do jazdy na wprost, w kierunku [&hellip;]\" \/>\n<meta property=\"og:url\" content=\"https:\/\/www.24gliwice.pl\/wiadomosci\/budowa-ciagu-pieszo-rowerowego-wzdluz-ul-nowy-swiat\/\" \/>\n<meta property=\"og:site_name\" content=\"24GLIWICE - Portal Gliwice | codziennie nowe informacje\" \/>\n<meta property=\"article:publisher\" content=\"https:\/\/www.facebook.com\/24gliwice\" \/>\n<meta property=\"article:published_time\" content=\"2021-11-09T00:21:30+00:00\" \/>\n<meta property=\"article:modified_time\" content=\"2021-11-09T11:27:07+00:00\" \/>\n<meta property=\"og:image\" content=\"https:\/\/www.24gliwice.pl\/wiadomosci\/wp-content\/uploads\/2021\/11\/droga-rowerowa-jp2-nowy-swiat-11-001.jpg\" \/>\n\t<meta property=\"og:image:width\" content=\"810\" \/>\n\t<meta property=\"og:image:height\" content=\"456\" \/>\n\t<meta property=\"og:image:type\" content=\"image\/jpeg\" \/>\n<meta name=\"author\" content=\"\u017baneta Mrozek-Siewierska\" \/>\n<meta name=\"twitter:card\" content=\"summary_large_image\" \/>\n<meta name=\"twitter:creator\" content=\"@24gliwice\" \/>\n<meta name=\"twitter:site\" content=\"@24gliwice\" \/>\n<meta name=\"twitter:label1\" content=\"Napisane przez\" \/>\n\t<meta name=\"twitter:data1\" content=\"\u017baneta Mrozek-Siewierska\" \/>\n\t<meta name=\"twitter:label2\" content=\"Szacowany czas czytania\" \/>\n\t<meta name=\"twitter:data2\" content=\"1 minuta\" \/>\n<script type=\"application\/ld+json\" class=\"yoast-schema-graph\">{\"@context\":\"https:\\\/\\\/schema.org\",\"@graph\":[{\"@type\":\"Article\",\"@id\":\"https:\\\/\\\/www.24gliwice.pl\\\/wiadomosci\\\/budowa-ciagu-pieszo-rowerowego-wzdluz-ul-nowy-swiat\\\/#article\",\"isPartOf\":{\"@id\":\"https:\\\/\\\/www.24gliwice.pl\\\/wiadomosci\\\/budowa-ciagu-pieszo-rowerowego-wzdluz-ul-nowy-swiat\\\/\"},\"author\":{\"name\":\"\u017baneta Mrozek-Siewierska\",\"@id\":\"https:\\\/\\\/www.24gliwice.pl\\\/wiadomosci\\\/#\\\/schema\\\/person\\\/e42c650edd7f2fa332be3811fb166b6e\"},\"headline\":\"Budowa ci\u0105gu pieszo-rowerowego wzd\u0142u\u017c ul. Nowy \u015awiat. Od wtorku utrudnienia dla kierowc\u00f3w (zdj\u0119cia)\",\"datePublished\":\"2021-11-09T00:21:30+00:00\",\"dateModified\":\"2021-11-09T11:27:07+00:00\",\"mainEntityOfPage\":{\"@id\":\"https:\\\/\\\/www.24gliwice.pl\\\/wiadomosci\\\/budowa-ciagu-pieszo-rowerowego-wzdluz-ul-nowy-swiat\\\/\"},\"wordCount\":200,\"commentCount\":0,\"publisher\":{\"@id\":\"https:\\\/\\\/www.24gliwice.pl\\\/wiadomosci\\\/#organization\"},\"image\":{\"@id\":\"https:\\\/\\\/www.24gliwice.pl\\\/wiadomosci\\\/budowa-ciagu-pieszo-rowerowego-wzdluz-ul-nowy-swiat\\\/#primaryimage\"},\"thumbnailUrl\":\"https:\\\/\\\/www.24gliwice.pl\\\/wiadomosci\\\/wp-content\\\/uploads\\\/2021\\\/11\\\/droga-rowerowa-jp2-nowy-swiat-11-001.jpg\",\"keywords\":[\"ci\u0105g pieszo-rowerowy\",\"nowy \u015bwiat\"],\"articleSection\":[\"Gliwice\",\"Najnowsze wiadomo\u015bci\"],\"inLanguage\":\"pl-PL\",\"potentialAction\":[{\"@type\":\"CommentAction\",\"name\":\"Comment\",\"target\":[\"https:\\\/\\\/www.24gliwice.pl\\\/wiadomosci\\\/budowa-ciagu-pieszo-rowerowego-wzdluz-ul-nowy-swiat\\\/#respond\"]}]},{\"@type\":\"WebPage\",\"@id\":\"https:\\\/\\\/www.24gliwice.pl\\\/wiadomosci\\\/budowa-ciagu-pieszo-rowerowego-wzdluz-ul-nowy-swiat\\\/\",\"url\":\"https:\\\/\\\/www.24gliwice.pl\\\/wiadomosci\\\/budowa-ciagu-pieszo-rowerowego-wzdluz-ul-nowy-swiat\\\/\",\"name\":\"Budowa ci\u0105gu pieszo-rowerowego wzd\u0142u\u017c ul. Nowy \u015awiat. Od wtorku utrudnienia dla kierowc\u00f3w (zdj\u0119cia) - 24GLIWICE - Portal Gliwice | codziennie nowe informacje\",\"isPartOf\":{\"@id\":\"https:\\\/\\\/www.24gliwice.pl\\\/wiadomosci\\\/#website\"},\"primaryImageOfPage\":{\"@id\":\"https:\\\/\\\/www.24gliwice.pl\\\/wiadomosci\\\/budowa-ciagu-pieszo-rowerowego-wzdluz-ul-nowy-swiat\\\/#primaryimage\"},\"image\":{\"@id\":\"https:\\\/\\\/www.24gliwice.pl\\\/wiadomosci\\\/budowa-ciagu-pieszo-rowerowego-wzdluz-ul-nowy-swiat\\\/#primaryimage\"},\"thumbnailUrl\":\"https:\\\/\\\/www.24gliwice.pl\\\/wiadomosci\\\/wp-content\\\/uploads\\\/2021\\\/11\\\/droga-rowerowa-jp2-nowy-swiat-11-001.jpg\",\"datePublished\":\"2021-11-09T00:21:30+00:00\",\"dateModified\":\"2021-11-09T11:27:07+00:00\",\"breadcrumb\":{\"@id\":\"https:\\\/\\\/www.24gliwice.pl\\\/wiadomosci\\\/budowa-ciagu-pieszo-rowerowego-wzdluz-ul-nowy-swiat\\\/#breadcrumb\"},\"inLanguage\":\"pl-PL\",\"potentialAction\":[{\"@type\":\"ReadAction\",\"target\":[\"https:\\\/\\\/www.24gliwice.pl\\\/wiadomosci\\\/budowa-ciagu-pieszo-rowerowego-wzdluz-ul-nowy-swiat\\\/\"]}]},{\"@type\":\"ImageObject\",\"inLanguage\":\"pl-PL\",\"@id\":\"https:\\\/\\\/www.24gliwice.pl\\\/wiadomosci\\\/budowa-ciagu-pieszo-rowerowego-wzdluz-ul-nowy-swiat\\\/#primaryimage\",\"url\":\"https:\\\/\\\/www.24gliwice.pl\\\/wiadomosci\\\/wp-content\\\/uploads\\\/2021\\\/11\\\/droga-rowerowa-jp2-nowy-swiat-11-001.jpg\",\"contentUrl\":\"https:\\\/\\\/www.24gliwice.pl\\\/wiadomosci\\\/wp-content\\\/uploads\\\/2021\\\/11\\\/droga-rowerowa-jp2-nowy-swiat-11-001.jpg\",\"width\":810,\"height\":456},{\"@type\":\"BreadcrumbList\",\"@id\":\"https:\\\/\\\/www.24gliwice.pl\\\/wiadomosci\\\/budowa-ciagu-pieszo-rowerowego-wzdluz-ul-nowy-swiat\\\/#breadcrumb\",\"itemListElement\":[{\"@type\":\"ListItem\",\"position\":1,\"name\":\"Strona g\u0142\u00f3wna\",\"item\":\"https:\\\/\\\/www.24gliwice.pl\\\/wiadomosci\\\/\"},{\"@type\":\"ListItem\",\"position\":2,\"name\":\"Budowa ci\u0105gu pieszo-rowerowego wzd\u0142u\u017c ul. Nowy \u015awiat. Od wtorku utrudnienia dla kierowc\u00f3w (zdj\u0119cia)\"}]},{\"@type\":\"WebSite\",\"@id\":\"https:\\\/\\\/www.24gliwice.pl\\\/wiadomosci\\\/#website\",\"url\":\"https:\\\/\\\/www.24gliwice.pl\\\/wiadomosci\\\/\",\"name\":\"24GLIWICE - Portal Gliwice | codziennie nowe wiadomo\u015bci\",\"description\":\"Portal Miejski Gliwice\",\"publisher\":{\"@id\":\"https:\\\/\\\/www.24gliwice.pl\\\/wiadomosci\\\/#organization\"},\"potentialAction\":[{\"@type\":\"SearchAction\",\"target\":{\"@type\":\"EntryPoint\",\"urlTemplate\":\"https:\\\/\\\/www.24gliwice.pl\\\/wiadomosci\\\/?s={search_term_string}\"},\"query-input\":{\"@type\":\"PropertyValueSpecification\",\"valueRequired\":true,\"valueName\":\"search_term_string\"}}],\"inLanguage\":\"pl-PL\"},{\"@type\":\"Organization\",\"@id\":\"https:\\\/\\\/www.24gliwice.pl\\\/wiadomosci\\\/#organization\",\"name\":\"24gliwice\",\"url\":\"https:\\\/\\\/www.24gliwice.pl\\\/wiadomosci\\\/\",\"logo\":{\"@type\":\"ImageObject\",\"inLanguage\":\"pl-PL\",\"@id\":\"https:\\\/\\\/www.24gliwice.pl\\\/wiadomosci\\\/#\\\/schema\\\/logo\\\/image\\\/\",\"url\":\"https:\\\/\\\/www.24gliwice.pl\\\/wiadomosci\\\/wp-content\\\/uploads\\\/2024\\\/10\\\/24gliwice-logo-696.jpg\",\"contentUrl\":\"https:\\\/\\\/www.24gliwice.pl\\\/wiadomosci\\\/wp-content\\\/uploads\\\/2024\\\/10\\\/24gliwice-logo-696.jpg\",\"width\":696,\"height\":696,\"caption\":\"24gliwice\"},\"image\":{\"@id\":\"https:\\\/\\\/www.24gliwice.pl\\\/wiadomosci\\\/#\\\/schema\\\/logo\\\/image\\\/\"},\"sameAs\":[\"https:\\\/\\\/www.facebook.com\\\/24gliwice\",\"https:\\\/\\\/x.com\\\/24gliwice\",\"https:\\\/\\\/www.youtube.com\\\/@24gliwice\"]},{\"@type\":\"Person\",\"@id\":\"https:\\\/\\\/www.24gliwice.pl\\\/wiadomosci\\\/#\\\/schema\\\/person\\\/e42c650edd7f2fa332be3811fb166b6e\",\"name\":\"\u017baneta Mrozek-Siewierska\",\"image\":{\"@type\":\"ImageObject\",\"inLanguage\":\"pl-PL\",\"@id\":\"https:\\\/\\\/www.24gliwice.pl\\\/wiadomosci\\\/wp-content\\\/uploads\\\/2021\\\/11\\\/Zaneta-M_S-zdjecie-czb-96x96.jpg\",\"url\":\"https:\\\/\\\/www.24gliwice.pl\\\/wiadomosci\\\/wp-content\\\/uploads\\\/2021\\\/11\\\/Zaneta-M_S-zdjecie-czb-96x96.jpg\",\"contentUrl\":\"https:\\\/\\\/www.24gliwice.pl\\\/wiadomosci\\\/wp-content\\\/uploads\\\/2021\\\/11\\\/Zaneta-M_S-zdjecie-czb-96x96.jpg\",\"caption\":\"\u017baneta Mrozek-Siewierska\"},\"url\":\"https:\\\/\\\/www.24gliwice.pl\\\/wiadomosci\\\/author\\\/zms\\\/\"}]}<\/script>\n<!-- \/ Yoast SEO plugin. -->","yoast_head_json":{"title":"Budowa ci\u0105gu pieszo-rowerowego wzd\u0142u\u017c ul. Nowy \u015awiat. Od wtorku utrudnienia dla kierowc\u00f3w (zdj\u0119cia) - 24GLIWICE - Portal Gliwice | codziennie nowe informacje","robots":{"index":"index","follow":"follow","max-snippet":"max-snippet:-1","max-image-preview":"max-image-preview:large","max-video-preview":"max-video-preview:-1"},"canonical":"https:\/\/www.24gliwice.pl\/wiadomosci\/budowa-ciagu-pieszo-rowerowego-wzdluz-ul-nowy-swiat\/","og_locale":"pl_PL","og_type":"article","og_title":"Budowa ci\u0105gu pieszo-rowerowego wzd\u0142u\u017c ul. Nowy \u015awiat. Od wtorku utrudnienia dla kierowc\u00f3w (zdj\u0119cia) - 24GLIWICE - Portal Gliwice | codziennie nowe informacje","og_description":"Uwaga kierowcy &#8211; szykuj\u0105 si\u0119 utrudnienia. B\u0119d\u0105 zmiany w organizacji ruchu w zwi\u0105zku z budow\u0105 ci\u0105gu pieszo-rowerowego wzd\u0142u\u017c ul. Nowy \u015awiat. Od wtorku zamkni\u0119ty zostanie pas prowadz\u0105cy z tej ulicy w kierunku ul. Ko\u015bciuszki. Relacja ta jednak b\u0119dzie zachowana. &nbsp; Kierowcy skr\u0119c\u0105 w ul. Ko\u015bciuszki z pasa przeznaczonego obecnie do jazdy na wprost, w kierunku [&hellip;]","og_url":"https:\/\/www.24gliwice.pl\/wiadomosci\/budowa-ciagu-pieszo-rowerowego-wzdluz-ul-nowy-swiat\/","og_site_name":"24GLIWICE - Portal Gliwice | codziennie nowe informacje","article_publisher":"https:\/\/www.facebook.com\/24gliwice","article_published_time":"2021-11-09T00:21:30+00:00","article_modified_time":"2021-11-09T11:27:07+00:00","og_image":[{"width":810,"height":456,"url":"https:\/\/www.24gliwice.pl\/wiadomosci\/wp-content\/uploads\/2021\/11\/droga-rowerowa-jp2-nowy-swiat-11-001.jpg","type":"image\/jpeg"}],"author":"\u017baneta Mrozek-Siewierska","twitter_card":"summary_large_image","twitter_creator":"@24gliwice","twitter_site":"@24gliwice","twitter_misc":{"Napisane przez":"\u017baneta Mrozek-Siewierska","Szacowany czas czytania":"1 minuta"},"schema":{"@context":"https:\/\/schema.org","@graph":[{"@type":"Article","@id":"https:\/\/www.24gliwice.pl\/wiadomosci\/budowa-ciagu-pieszo-rowerowego-wzdluz-ul-nowy-swiat\/#article","isPartOf":{"@id":"https:\/\/www.24gliwice.pl\/wiadomosci\/budowa-ciagu-pieszo-rowerowego-wzdluz-ul-nowy-swiat\/"},"author":{"name":"\u017baneta Mrozek-Siewierska","@id":"https:\/\/www.24gliwice.pl\/wiadomosci\/#\/schema\/person\/e42c650edd7f2fa332be3811fb166b6e"},"headline":"Budowa ci\u0105gu pieszo-rowerowego wzd\u0142u\u017c ul. Nowy \u015awiat. Od wtorku utrudnienia dla kierowc\u00f3w (zdj\u0119cia)","datePublished":"2021-11-09T00:21:30+00:00","dateModified":"2021-11-09T11:27:07+00:00","mainEntityOfPage":{"@id":"https:\/\/www.24gliwice.pl\/wiadomosci\/budowa-ciagu-pieszo-rowerowego-wzdluz-ul-nowy-swiat\/"},"wordCount":200,"commentCount":0,"publisher":{"@id":"https:\/\/www.24gliwice.pl\/wiadomosci\/#organization"},"image":{"@id":"https:\/\/www.24gliwice.pl\/wiadomosci\/budowa-ciagu-pieszo-rowerowego-wzdluz-ul-nowy-swiat\/#primaryimage"},"thumbnailUrl":"https:\/\/www.24gliwice.pl\/wiadomosci\/wp-content\/uploads\/2021\/11\/droga-rowerowa-jp2-nowy-swiat-11-001.jpg","keywords":["ci\u0105g pieszo-rowerowy","nowy \u015bwiat"],"articleSection":["Gliwice","Najnowsze wiadomo\u015bci"],"inLanguage":"pl-PL","potentialAction":[{"@type":"CommentAction","name":"Comment","target":["https:\/\/www.24gliwice.pl\/wiadomosci\/budowa-ciagu-pieszo-rowerowego-wzdluz-ul-nowy-swiat\/#respond"]}]},{"@type":"WebPage","@id":"https:\/\/www.24gliwice.pl\/wiadomosci\/budowa-ciagu-pieszo-rowerowego-wzdluz-ul-nowy-swiat\/","url":"https:\/\/www.24gliwice.pl\/wiadomosci\/budowa-ciagu-pieszo-rowerowego-wzdluz-ul-nowy-swiat\/","name":"Budowa ci\u0105gu pieszo-rowerowego wzd\u0142u\u017c ul. Nowy \u015awiat. Od wtorku utrudnienia dla kierowc\u00f3w (zdj\u0119cia) - 24GLIWICE - Portal Gliwice | codziennie nowe informacje","isPartOf":{"@id":"https:\/\/www.24gliwice.pl\/wiadomosci\/#website"},"primaryImageOfPage":{"@id":"https:\/\/www.24gliwice.pl\/wiadomosci\/budowa-ciagu-pieszo-rowerowego-wzdluz-ul-nowy-swiat\/#primaryimage"},"image":{"@id":"https:\/\/www.24gliwice.pl\/wiadomosci\/budowa-ciagu-pieszo-rowerowego-wzdluz-ul-nowy-swiat\/#primaryimage"},"thumbnailUrl":"https:\/\/www.24gliwice.pl\/wiadomosci\/wp-content\/uploads\/2021\/11\/droga-rowerowa-jp2-nowy-swiat-11-001.jpg","datePublished":"2021-11-09T00:21:30+00:00","dateModified":"2021-11-09T11:27:07+00:00","breadcrumb":{"@id":"https:\/\/www.24gliwice.pl\/wiadomosci\/budowa-ciagu-pieszo-rowerowego-wzdluz-ul-nowy-swiat\/#breadcrumb"},"inLanguage":"pl-PL","potentialAction":[{"@type":"ReadAction","target":["https:\/\/www.24gliwice.pl\/wiadomosci\/budowa-ciagu-pieszo-rowerowego-wzdluz-ul-nowy-swiat\/"]}]},{"@type":"ImageObject","inLanguage":"pl-PL","@id":"https:\/\/www.24gliwice.pl\/wiadomosci\/budowa-ciagu-pieszo-rowerowego-wzdluz-ul-nowy-swiat\/#primaryimage","url":"https:\/\/www.24gliwice.pl\/wiadomosci\/wp-content\/uploads\/2021\/11\/droga-rowerowa-jp2-nowy-swiat-11-001.jpg","contentUrl":"https:\/\/www.24gliwice.pl\/wiadomosci\/wp-content\/uploads\/2021\/11\/droga-rowerowa-jp2-nowy-swiat-11-001.jpg","width":810,"height":456},{"@type":"BreadcrumbList","@id":"https:\/\/www.24gliwice.pl\/wiadomosci\/budowa-ciagu-pieszo-rowerowego-wzdluz-ul-nowy-swiat\/#breadcrumb","itemListElement":[{"@type":"ListItem","position":1,"name":"Strona g\u0142\u00f3wna","item":"https:\/\/www.24gliwice.pl\/wiadomosci\/"},{"@type":"ListItem","position":2,"name":"Budowa ci\u0105gu pieszo-rowerowego wzd\u0142u\u017c ul. Nowy \u015awiat. Od wtorku utrudnienia dla kierowc\u00f3w (zdj\u0119cia)"}]},{"@type":"WebSite","@id":"https:\/\/www.24gliwice.pl\/wiadomosci\/#website","url":"https:\/\/www.24gliwice.pl\/wiadomosci\/","name":"24GLIWICE - Portal Gliwice | codziennie nowe wiadomo\u015bci","description":"Portal Miejski Gliwice","publisher":{"@id":"https:\/\/www.24gliwice.pl\/wiadomosci\/#organization"},"potentialAction":[{"@type":"SearchAction","target":{"@type":"EntryPoint","urlTemplate":"https:\/\/www.24gliwice.pl\/wiadomosci\/?s={search_term_string}"},"query-input":{"@type":"PropertyValueSpecification","valueRequired":true,"valueName":"search_term_string"}}],"inLanguage":"pl-PL"},{"@type":"Organization","@id":"https:\/\/www.24gliwice.pl\/wiadomosci\/#organization","name":"24gliwice","url":"https:\/\/www.24gliwice.pl\/wiadomosci\/","logo":{"@type":"ImageObject","inLanguage":"pl-PL","@id":"https:\/\/www.24gliwice.pl\/wiadomosci\/#\/schema\/logo\/image\/","url":"https:\/\/www.24gliwice.pl\/wiadomosci\/wp-content\/uploads\/2024\/10\/24gliwice-logo-696.jpg","contentUrl":"https:\/\/www.24gliwice.pl\/wiadomosci\/wp-content\/uploads\/2024\/10\/24gliwice-logo-696.jpg","width":696,"height":696,"caption":"24gliwice"},"image":{"@id":"https:\/\/www.24gliwice.pl\/wiadomosci\/#\/schema\/logo\/image\/"},"sameAs":["https:\/\/www.facebook.com\/24gliwice","https:\/\/x.com\/24gliwice","https:\/\/www.youtube.com\/@24gliwice"]},{"@type":"Person","@id":"https:\/\/www.24gliwice.pl\/wiadomosci\/#\/schema\/person\/e42c650edd7f2fa332be3811fb166b6e","name":"\u017baneta Mrozek-Siewierska","image":{"@type":"ImageObject","inLanguage":"pl-PL","@id":"https:\/\/www.24gliwice.pl\/wiadomosci\/wp-content\/uploads\/2021\/11\/Zaneta-M_S-zdjecie-czb-96x96.jpg","url":"https:\/\/www.24gliwice.pl\/wiadomosci\/wp-content\/uploads\/2021\/11\/Zaneta-M_S-zdjecie-czb-96x96.jpg","contentUrl":"https:\/\/www.24gliwice.pl\/wiadomosci\/wp-content\/uploads\/2021\/11\/Zaneta-M_S-zdjecie-czb-96x96.jpg","caption":"\u017baneta Mrozek-Siewierska"},"url":"https:\/\/www.24gliwice.pl\/wiadomosci\/author\/zms\/"}]}},"_links":{"self":[{"href":"https:\/\/www.24gliwice.pl\/wiadomosci\/wp-json\/wp\/v2\/posts\/180425","targetHints":{"allow":["GET"]}}],"collection":[{"href":"https:\/\/www.24gliwice.pl\/wiadomosci\/wp-json\/wp\/v2\/posts"}],"about":[{"href":"https:\/\/www.24gliwice.pl\/wiadomosci\/wp-json\/wp\/v2\/types\/post"}],"author":[{"embeddable":true,"href":"https:\/\/www.24gliwice.pl\/wiadomosci\/wp-json\/wp\/v2\/users\/15"}],"replies":[{"embeddable":true,"href":"https:\/\/www.24gliwice.pl\/wiadomosci\/wp-json\/wp\/v2\/comments?post=180425"}],"version-history":[{"count":11,"href":"https:\/\/www.24gliwice.pl\/wiadomosci\/wp-json\/wp\/v2\/posts\/180425\/revisions"}],"predecessor-version":[{"id":180484,"href":"https:\/\/www.24gliwice.pl\/wiadomosci\/wp-json\/wp\/v2\/posts\/180425\/revisions\/180484"}],"wp:featuredmedia":[{"embeddable":true,"href":"https:\/\/www.24gliwice.pl\/wiadomosci\/wp-json\/wp\/v2\/media\/180465"}],"wp:attachment":[{"href":"https:\/\/www.24gliwice.pl\/wiadomosci\/wp-json\/wp\/v2\/media?parent=180425"}],"wp:term":[{"taxonomy":"category","embeddable":true,"href":"https:\/\/www.24gliwice.pl\/wiadomosci\/wp-json\/wp\/v2\/categories?post=180425"},{"taxonomy":"post_tag","embeddable":true,"href":"https:\/\/www.24gliwice.pl\/wiadomosci\/wp-json\/wp\/v2\/tags?post=180425"}],"curies":[{"name":"wp","href":"https:\/\/api.w.org\/{rel}","templated":true}]}}