{"id":180434,"date":"2021-11-12T01:09:22","date_gmt":"2021-11-12T00:09:22","guid":{"rendered":"https:\/\/www.24gliwice.pl\/wiadomosci\/?p=180434"},"modified":"2021-11-12T01:09:22","modified_gmt":"2021-11-12T00:09:22","slug":"jordi-savall-i-hesperion-xxi-na-zakonczenie-festiwalu-allimprovviso-sa-jeszcze-bilety","status":"publish","type":"post","link":"https:\/\/www.24gliwice.pl\/wiadomosci\/jordi-savall-i-hesperion-xxi-na-zakonczenie-festiwalu-allimprovviso-sa-jeszcze-bilety\/","title":{"rendered":"Jordi Savall i Hesp\u00e8rion XXI na zako\u0144czenie Festiwalu All\u2019improvviso. S\u0105 jeszcze bilety"},"content":{"rendered":"<div class=\"gliwi-a6-nad-leadem-artykulow gliwi-entity-placement\" id=\"gliwi-3029459149\"><div class=\"gliwi-adlabel\"><span style=\"font-size: 9px\">REKLAMA<\/span><\/div><div id=\"gliwi-2510461984\" style=\"margin-bottom: 25px;margin-left: auto;margin-right: auto;text-align: center;\"><a data-no-instant=\"1\" href=\"https:\/\/dom100.eu\/\" rel=\"noopener\" class=\"a2t-link\" target=\"_blank\" aria-label=\"20260415 DOM100 D\"><img loading=\"lazy\" decoding=\"async\" src=\"https:\/\/www.24gliwice.pl\/wiadomosci\/wp-content\/uploads\/2026\/04\/20260415-DOM100-D.jpg\" alt=\"\"  srcset=\"https:\/\/www.24gliwice.pl\/wiadomosci\/wp-content\/uploads\/2026\/04\/20260415-DOM100-D.jpg 750w, https:\/\/www.24gliwice.pl\/wiadomosci\/wp-content\/uploads\/2026\/04\/20260415-DOM100-D-410x109.jpg 410w\" sizes=\"(max-width: 750px) 100vw, 750px\" class=\"no-lazyload\" width=\"750\" height=\"200\"  style=\"display: inline-block; max-width: 100%; height: auto;\" \/><\/a><\/div><\/div><h2>Legenda muzyki dawnej \u2013 Jordi Savall \u2013 wyst\u0105pi 19 listopada (pi\u0105tek) w Teatrze Miejskim w Gliwicach. Artysta razem z zespo\u0142em Hesp\u00e8rion XXI zako\u0144czy tegoroczny Festiwal Muzyki Dawnej Improwizowanej All\u2019improvviso.<\/h2>\n<p>&nbsp;<br \/>\nW listopadowe popo\u0142udnie przy ul. Nowy \u015awiat 55\u201357 zabrzmi muzyka z P\u00f3\u0142wyspu Iberyjskiego, z kt\u00f3rego pochodzi <strong>Jordi Savall<\/strong>. W programie \u201eFolias, Romanescas &#038; Canarios\u201d Savallovi b\u0119dzie towarzyszy\u0142 za\u0142o\u017cony przez niego zesp\u00f3\u0142 muzyki dawnej Hesp\u00e8rion XXI w sk\u0142adzie<strong> Xavier Diaz-Latorre<\/strong> (gitary historyczne) i <strong>Pedro Estevan<\/strong> (perkusja). <\/p>\n<h4>Koncert rozpocznie si\u0119 19 listopada o godzinie 18:00. Bilety w cenie 80 z\u0142 s\u0105 dost\u0119pne w TMG (<a href=\"https:\/\/teatr.gliwice.pl\/bilet2\/?id=36327\" rel=\"noopener\" target=\"_blank\">kliknij tu<\/a>) oraz na portalu<a href=\"https:\/\/www.ticketmaster.pl\/event\/all-improvviso-jordi-savall-zespol-hesperion-bilety\/22345\" rel=\"noopener\" target=\"_blank\"> Ticketmaster<\/a>.<\/h4>\n<p>Jordi Savall nazywany jest ojcem europejskiej muzyki dawnej. Specjalizuje si\u0119 w utworach z epoki renesansu i baroku, kt\u00f3re wykonuje na instrumentach smyczkowych (zw\u0142aszcza violi da gamba). W 2008 roku wraz z sopranistk\u0105 Montserrat Figueras zosta\u0142 mianowany Ambasadorem Unii Europejskiej ds. Dialogu Mi\u0119dzykulturowego i Artyst\u0105 Pokoju w ramach programu Ambasador\u00f3w Dobrej Woli UNESCO.<\/p><div class=\"gliwi-a3-w-tresci-artykulow gliwi-entity-placement\" id=\"gliwi-827980229\"><div class=\"gliwi-adlabel\"><span style=\"font-size: 9px\">REKLAMA<\/span><\/div><div id=\"gliwi-4068265261\" style=\"margin-bottom: 30px;margin-left: auto;margin-right: auto;text-align: center;\"><a data-no-instant=\"1\" href=\"https:\/\/zlobek.halogen.org.pl\/\" rel=\"noopener\" class=\"a2t-link\" target=\"_blank\" aria-label=\"animator-zlobek_750x200\"><img loading=\"lazy\" decoding=\"async\" src=\"https:\/\/www.24gliwice.pl\/wiadomosci\/wp-content\/uploads\/2026\/02\/animator-zlobek_750x200.webp\" alt=\"\"  srcset=\"https:\/\/www.24gliwice.pl\/wiadomosci\/wp-content\/uploads\/2026\/02\/animator-zlobek_750x200.webp 750w, https:\/\/www.24gliwice.pl\/wiadomosci\/wp-content\/uploads\/2026\/02\/animator-zlobek_750x200-410x109.webp 410w\" sizes=\"(max-width: 750px) 100vw, 750px\" class=\"no-lazyload\" width=\"750\" height=\"200\"  style=\"display: inline-block; max-width: 100%; height: auto;\" \/><\/a><\/div><\/div>\n<p><iframe loading=\"lazy\" width=\"810\" height=\"455\" src=\"https:\/\/www.youtube.com\/embed\/_bZEyVrgH5Y\" title=\"YouTube video player\" frameborder=\"0\" allow=\"accelerometer; autoplay; clipboard-write; encrypted-media; gyroscope; picture-in-picture\" allowfullscreen><\/iframe><\/p>\n<p>Koncert jest ostatnim wydarzeniem w ramach Mi\u0119dzynarodowego Festiwalu Muzyki Dawnej Improwizowanej All\u2019improvviso.<\/p>\n<p>(\u017cms)\/UM Gliwice<br \/>\nfot. mat. organizatora<\/p>\n<p><a href=\"https:\/\/www.24gliwice.pl\/wiadomosci\/wp-content\/uploads\/2021\/11\/jordi-savall-001.jpg\"><img loading=\"lazy\" decoding=\"async\" src=\"https:\/\/www.24gliwice.pl\/wiadomosci\/wp-content\/uploads\/2021\/11\/jordi-savall-001.jpg\" alt=\"\" width=\"539\" height=\"810\" class=\"alignnone size-full wp-image-180440\" srcset=\"https:\/\/www.24gliwice.pl\/wiadomosci\/wp-content\/uploads\/2021\/11\/jordi-savall-001.jpg 539w, https:\/\/www.24gliwice.pl\/wiadomosci\/wp-content\/uploads\/2021\/11\/jordi-savall-001-154x232.jpg 154w, https:\/\/www.24gliwice.pl\/wiadomosci\/wp-content\/uploads\/2021\/11\/jordi-savall-001-303x455.jpg 303w\" sizes=\"auto, (max-width: 539px) 100vw, 539px\" \/><\/a><\/p>\n<div class=\"gliwi-a5-na-koncu-artykulow gliwi-entity-placement\" id=\"gliwi-35860166\"><div class=\"gliwi-adlabel\"><span style=\"font-size: 9px\">REKLAMA<\/span><\/div><div id=\"gliwi-2868267651\" style=\"margin-left: auto;margin-right: auto;text-align: center;\"><a data-no-instant=\"1\" href=\"https:\/\/prezeroarenagliwice.pl\/\" rel=\"noopener\" class=\"a2t-link\" target=\"_blank\" aria-label=\"20260309-PREZERO-WIOSNA-D\"><img loading=\"lazy\" decoding=\"async\" src=\"https:\/\/www.24gliwice.pl\/wiadomosci\/wp-content\/uploads\/2026\/03\/20260309-PREZERO-WIOSNA-D.webp\" alt=\"\"  srcset=\"https:\/\/www.24gliwice.pl\/wiadomosci\/wp-content\/uploads\/2026\/03\/20260309-PREZERO-WIOSNA-D.webp 750w, https:\/\/www.24gliwice.pl\/wiadomosci\/wp-content\/uploads\/2026\/03\/20260309-PREZERO-WIOSNA-D-410x109.webp 410w\" sizes=\"(max-width: 750px) 100vw, 750px\" class=\"no-lazyload\" width=\"750\" height=\"200\"  style=\"display: inline-block; max-width: 100%; height: auto;\" \/><\/a><\/div><\/div>","protected":false},"excerpt":{"rendered":"<p>Legenda muzyki dawnej \u2013 Jordi Savall \u2013 wyst\u0105pi 19 listopada (pi\u0105tek) w Teatrze Miejskim w Gliwicach. Artysta razem z zespo\u0142em Hesp\u00e8rion XXI zako\u0144czy tegoroczny Festiwal Muzyki Dawnej Improwizowanej All\u2019improvviso. &nbsp; W listopadowe popo\u0142udnie przy ul. Nowy \u015awiat 55\u201357 zabrzmi muzyka z P\u00f3\u0142wyspu Iberyjskiego, z kt\u00f3rego pochodzi Jordi Savall. W programie \u201eFolias, Romanescas &#038; Canarios\u201d Savallovi [&hellip;]<\/p>\n","protected":false},"author":15,"featured_media":180439,"comment_status":"open","ping_status":"closed","sticky":false,"template":"","format":"standard","meta":{"_monsterinsights_skip_tracking":false,"_monsterinsights_sitenote_active":false,"_monsterinsights_sitenote_note":"","_monsterinsights_sitenote_category":0,"footnotes":"","_links_to":"","_links_to_target":""},"categories":[3,6,1],"tags":[10487],"class_list":["post-180434","post","type-post","status-publish","format-standard","has-post-thumbnail","hentry","category-gliwice","category-kultura","category-wszystko","tag-allimprovviso"],"yoast_head":"<!-- This site is optimized with the Yoast SEO plugin v27.4 - https:\/\/yoast.com\/product\/yoast-seo-wordpress\/ -->\n<title>Jordi Savall i Hesp\u00e8rion XXI na zako\u0144czenie Festiwalu All\u2019improvviso. S\u0105 jeszcze bilety - 24GLIWICE - Portal Gliwice | codziennie nowe informacje<\/title>\n<meta name=\"robots\" content=\"index, follow, max-snippet:-1, max-image-preview:large, max-video-preview:-1\" \/>\n<link rel=\"canonical\" href=\"https:\/\/www.24gliwice.pl\/wiadomosci\/jordi-savall-i-hesperion-xxi-na-zakonczenie-festiwalu-allimprovviso-sa-jeszcze-bilety\/\" \/>\n<meta property=\"og:locale\" content=\"pl_PL\" \/>\n<meta property=\"og:type\" content=\"article\" \/>\n<meta property=\"og:title\" content=\"Jordi Savall i Hesp\u00e8rion XXI na zako\u0144czenie Festiwalu All\u2019improvviso. S\u0105 jeszcze bilety - 24GLIWICE - Portal Gliwice | codziennie nowe informacje\" \/>\n<meta property=\"og:description\" content=\"Legenda muzyki dawnej \u2013 Jordi Savall \u2013 wyst\u0105pi 19 listopada (pi\u0105tek) w Teatrze Miejskim w Gliwicach. Artysta razem z zespo\u0142em Hesp\u00e8rion XXI zako\u0144czy tegoroczny Festiwal Muzyki Dawnej Improwizowanej All\u2019improvviso. &nbsp; W listopadowe popo\u0142udnie przy ul. Nowy \u015awiat 55\u201357 zabrzmi muzyka z P\u00f3\u0142wyspu Iberyjskiego, z kt\u00f3rego pochodzi Jordi Savall. W programie \u201eFolias, Romanescas &#038; Canarios\u201d Savallovi [&hellip;]\" \/>\n<meta property=\"og:url\" content=\"https:\/\/www.24gliwice.pl\/wiadomosci\/jordi-savall-i-hesperion-xxi-na-zakonczenie-festiwalu-allimprovviso-sa-jeszcze-bilety\/\" \/>\n<meta property=\"og:site_name\" content=\"24GLIWICE - Portal Gliwice | codziennie nowe informacje\" \/>\n<meta property=\"article:publisher\" content=\"https:\/\/www.facebook.com\/24gliwice\" \/>\n<meta property=\"article:published_time\" content=\"2021-11-12T00:09:22+00:00\" \/>\n<meta property=\"og:image\" content=\"https:\/\/www.24gliwice.pl\/wiadomosci\/wp-content\/uploads\/2021\/11\/jordi-savall.jpg\" \/>\n\t<meta property=\"og:image:width\" content=\"810\" \/>\n\t<meta property=\"og:image:height\" content=\"454\" \/>\n\t<meta property=\"og:image:type\" content=\"image\/jpeg\" \/>\n<meta name=\"author\" content=\"\u017baneta Mrozek-Siewierska\" \/>\n<meta name=\"twitter:card\" content=\"summary_large_image\" \/>\n<meta name=\"twitter:creator\" content=\"@24gliwice\" \/>\n<meta name=\"twitter:site\" content=\"@24gliwice\" \/>\n<meta name=\"twitter:label1\" content=\"Napisane przez\" \/>\n\t<meta name=\"twitter:data1\" content=\"\u017baneta Mrozek-Siewierska\" \/>\n\t<meta name=\"twitter:label2\" content=\"Szacowany czas czytania\" \/>\n\t<meta name=\"twitter:data2\" content=\"1 minuta\" \/>\n<script type=\"application\/ld+json\" class=\"yoast-schema-graph\">{\"@context\":\"https:\\\/\\\/schema.org\",\"@graph\":[{\"@type\":\"Article\",\"@id\":\"https:\\\/\\\/www.24gliwice.pl\\\/wiadomosci\\\/jordi-savall-i-hesperion-xxi-na-zakonczenie-festiwalu-allimprovviso-sa-jeszcze-bilety\\\/#article\",\"isPartOf\":{\"@id\":\"https:\\\/\\\/www.24gliwice.pl\\\/wiadomosci\\\/jordi-savall-i-hesperion-xxi-na-zakonczenie-festiwalu-allimprovviso-sa-jeszcze-bilety\\\/\"},\"author\":{\"name\":\"\u017baneta Mrozek-Siewierska\",\"@id\":\"https:\\\/\\\/www.24gliwice.pl\\\/wiadomosci\\\/#\\\/schema\\\/person\\\/e42c650edd7f2fa332be3811fb166b6e\"},\"headline\":\"Jordi Savall i Hesp\u00e8rion XXI na zako\u0144czenie Festiwalu All\u2019improvviso. S\u0105 jeszcze bilety\",\"datePublished\":\"2021-11-12T00:09:22+00:00\",\"mainEntityOfPage\":{\"@id\":\"https:\\\/\\\/www.24gliwice.pl\\\/wiadomosci\\\/jordi-savall-i-hesperion-xxi-na-zakonczenie-festiwalu-allimprovviso-sa-jeszcze-bilety\\\/\"},\"wordCount\":195,\"commentCount\":0,\"publisher\":{\"@id\":\"https:\\\/\\\/www.24gliwice.pl\\\/wiadomosci\\\/#organization\"},\"image\":{\"@id\":\"https:\\\/\\\/www.24gliwice.pl\\\/wiadomosci\\\/jordi-savall-i-hesperion-xxi-na-zakonczenie-festiwalu-allimprovviso-sa-jeszcze-bilety\\\/#primaryimage\"},\"thumbnailUrl\":\"https:\\\/\\\/www.24gliwice.pl\\\/wiadomosci\\\/wp-content\\\/uploads\\\/2021\\\/11\\\/jordi-savall.jpg\",\"keywords\":[\"All\u2019improvviso\"],\"articleSection\":[\"Gliwice\",\"Kultura, wydarzenia, imprezy\",\"Najnowsze wiadomo\u015bci\"],\"inLanguage\":\"pl-PL\",\"potentialAction\":[{\"@type\":\"CommentAction\",\"name\":\"Comment\",\"target\":[\"https:\\\/\\\/www.24gliwice.pl\\\/wiadomosci\\\/jordi-savall-i-hesperion-xxi-na-zakonczenie-festiwalu-allimprovviso-sa-jeszcze-bilety\\\/#respond\"]}]},{\"@type\":\"WebPage\",\"@id\":\"https:\\\/\\\/www.24gliwice.pl\\\/wiadomosci\\\/jordi-savall-i-hesperion-xxi-na-zakonczenie-festiwalu-allimprovviso-sa-jeszcze-bilety\\\/\",\"url\":\"https:\\\/\\\/www.24gliwice.pl\\\/wiadomosci\\\/jordi-savall-i-hesperion-xxi-na-zakonczenie-festiwalu-allimprovviso-sa-jeszcze-bilety\\\/\",\"name\":\"Jordi Savall i Hesp\u00e8rion XXI na zako\u0144czenie Festiwalu All\u2019improvviso. S\u0105 jeszcze bilety - 24GLIWICE - Portal Gliwice | codziennie nowe informacje\",\"isPartOf\":{\"@id\":\"https:\\\/\\\/www.24gliwice.pl\\\/wiadomosci\\\/#website\"},\"primaryImageOfPage\":{\"@id\":\"https:\\\/\\\/www.24gliwice.pl\\\/wiadomosci\\\/jordi-savall-i-hesperion-xxi-na-zakonczenie-festiwalu-allimprovviso-sa-jeszcze-bilety\\\/#primaryimage\"},\"image\":{\"@id\":\"https:\\\/\\\/www.24gliwice.pl\\\/wiadomosci\\\/jordi-savall-i-hesperion-xxi-na-zakonczenie-festiwalu-allimprovviso-sa-jeszcze-bilety\\\/#primaryimage\"},\"thumbnailUrl\":\"https:\\\/\\\/www.24gliwice.pl\\\/wiadomosci\\\/wp-content\\\/uploads\\\/2021\\\/11\\\/jordi-savall.jpg\",\"datePublished\":\"2021-11-12T00:09:22+00:00\",\"breadcrumb\":{\"@id\":\"https:\\\/\\\/www.24gliwice.pl\\\/wiadomosci\\\/jordi-savall-i-hesperion-xxi-na-zakonczenie-festiwalu-allimprovviso-sa-jeszcze-bilety\\\/#breadcrumb\"},\"inLanguage\":\"pl-PL\",\"potentialAction\":[{\"@type\":\"ReadAction\",\"target\":[\"https:\\\/\\\/www.24gliwice.pl\\\/wiadomosci\\\/jordi-savall-i-hesperion-xxi-na-zakonczenie-festiwalu-allimprovviso-sa-jeszcze-bilety\\\/\"]}]},{\"@type\":\"ImageObject\",\"inLanguage\":\"pl-PL\",\"@id\":\"https:\\\/\\\/www.24gliwice.pl\\\/wiadomosci\\\/jordi-savall-i-hesperion-xxi-na-zakonczenie-festiwalu-allimprovviso-sa-jeszcze-bilety\\\/#primaryimage\",\"url\":\"https:\\\/\\\/www.24gliwice.pl\\\/wiadomosci\\\/wp-content\\\/uploads\\\/2021\\\/11\\\/jordi-savall.jpg\",\"contentUrl\":\"https:\\\/\\\/www.24gliwice.pl\\\/wiadomosci\\\/wp-content\\\/uploads\\\/2021\\\/11\\\/jordi-savall.jpg\",\"width\":810,\"height\":454},{\"@type\":\"BreadcrumbList\",\"@id\":\"https:\\\/\\\/www.24gliwice.pl\\\/wiadomosci\\\/jordi-savall-i-hesperion-xxi-na-zakonczenie-festiwalu-allimprovviso-sa-jeszcze-bilety\\\/#breadcrumb\",\"itemListElement\":[{\"@type\":\"ListItem\",\"position\":1,\"name\":\"Strona g\u0142\u00f3wna\",\"item\":\"https:\\\/\\\/www.24gliwice.pl\\\/wiadomosci\\\/\"},{\"@type\":\"ListItem\",\"position\":2,\"name\":\"Jordi Savall i Hesp\u00e8rion XXI na zako\u0144czenie Festiwalu All\u2019improvviso. S\u0105 jeszcze bilety\"}]},{\"@type\":\"WebSite\",\"@id\":\"https:\\\/\\\/www.24gliwice.pl\\\/wiadomosci\\\/#website\",\"url\":\"https:\\\/\\\/www.24gliwice.pl\\\/wiadomosci\\\/\",\"name\":\"24GLIWICE - Portal Gliwice | codziennie nowe wiadomo\u015bci\",\"description\":\"Portal Miejski Gliwice\",\"publisher\":{\"@id\":\"https:\\\/\\\/www.24gliwice.pl\\\/wiadomosci\\\/#organization\"},\"potentialAction\":[{\"@type\":\"SearchAction\",\"target\":{\"@type\":\"EntryPoint\",\"urlTemplate\":\"https:\\\/\\\/www.24gliwice.pl\\\/wiadomosci\\\/?s={search_term_string}\"},\"query-input\":{\"@type\":\"PropertyValueSpecification\",\"valueRequired\":true,\"valueName\":\"search_term_string\"}}],\"inLanguage\":\"pl-PL\"},{\"@type\":\"Organization\",\"@id\":\"https:\\\/\\\/www.24gliwice.pl\\\/wiadomosci\\\/#organization\",\"name\":\"24gliwice\",\"url\":\"https:\\\/\\\/www.24gliwice.pl\\\/wiadomosci\\\/\",\"logo\":{\"@type\":\"ImageObject\",\"inLanguage\":\"pl-PL\",\"@id\":\"https:\\\/\\\/www.24gliwice.pl\\\/wiadomosci\\\/#\\\/schema\\\/logo\\\/image\\\/\",\"url\":\"https:\\\/\\\/www.24gliwice.pl\\\/wiadomosci\\\/wp-content\\\/uploads\\\/2024\\\/10\\\/24gliwice-logo-696.jpg\",\"contentUrl\":\"https:\\\/\\\/www.24gliwice.pl\\\/wiadomosci\\\/wp-content\\\/uploads\\\/2024\\\/10\\\/24gliwice-logo-696.jpg\",\"width\":696,\"height\":696,\"caption\":\"24gliwice\"},\"image\":{\"@id\":\"https:\\\/\\\/www.24gliwice.pl\\\/wiadomosci\\\/#\\\/schema\\\/logo\\\/image\\\/\"},\"sameAs\":[\"https:\\\/\\\/www.facebook.com\\\/24gliwice\",\"https:\\\/\\\/x.com\\\/24gliwice\",\"https:\\\/\\\/www.youtube.com\\\/@24gliwice\"]},{\"@type\":\"Person\",\"@id\":\"https:\\\/\\\/www.24gliwice.pl\\\/wiadomosci\\\/#\\\/schema\\\/person\\\/e42c650edd7f2fa332be3811fb166b6e\",\"name\":\"\u017baneta Mrozek-Siewierska\",\"image\":{\"@type\":\"ImageObject\",\"inLanguage\":\"pl-PL\",\"@id\":\"https:\\\/\\\/www.24gliwice.pl\\\/wiadomosci\\\/wp-content\\\/uploads\\\/2021\\\/11\\\/Zaneta-M_S-zdjecie-czb-96x96.jpg\",\"url\":\"https:\\\/\\\/www.24gliwice.pl\\\/wiadomosci\\\/wp-content\\\/uploads\\\/2021\\\/11\\\/Zaneta-M_S-zdjecie-czb-96x96.jpg\",\"contentUrl\":\"https:\\\/\\\/www.24gliwice.pl\\\/wiadomosci\\\/wp-content\\\/uploads\\\/2021\\\/11\\\/Zaneta-M_S-zdjecie-czb-96x96.jpg\",\"caption\":\"\u017baneta Mrozek-Siewierska\"},\"url\":\"https:\\\/\\\/www.24gliwice.pl\\\/wiadomosci\\\/author\\\/zms\\\/\"}]}<\/script>\n<!-- \/ Yoast SEO plugin. -->","yoast_head_json":{"title":"Jordi Savall i Hesp\u00e8rion XXI na zako\u0144czenie Festiwalu All\u2019improvviso. S\u0105 jeszcze bilety - 24GLIWICE - Portal Gliwice | codziennie nowe informacje","robots":{"index":"index","follow":"follow","max-snippet":"max-snippet:-1","max-image-preview":"max-image-preview:large","max-video-preview":"max-video-preview:-1"},"canonical":"https:\/\/www.24gliwice.pl\/wiadomosci\/jordi-savall-i-hesperion-xxi-na-zakonczenie-festiwalu-allimprovviso-sa-jeszcze-bilety\/","og_locale":"pl_PL","og_type":"article","og_title":"Jordi Savall i Hesp\u00e8rion XXI na zako\u0144czenie Festiwalu All\u2019improvviso. S\u0105 jeszcze bilety - 24GLIWICE - Portal Gliwice | codziennie nowe informacje","og_description":"Legenda muzyki dawnej \u2013 Jordi Savall \u2013 wyst\u0105pi 19 listopada (pi\u0105tek) w Teatrze Miejskim w Gliwicach. Artysta razem z zespo\u0142em Hesp\u00e8rion XXI zako\u0144czy tegoroczny Festiwal Muzyki Dawnej Improwizowanej All\u2019improvviso. &nbsp; W listopadowe popo\u0142udnie przy ul. Nowy \u015awiat 55\u201357 zabrzmi muzyka z P\u00f3\u0142wyspu Iberyjskiego, z kt\u00f3rego pochodzi Jordi Savall. W programie \u201eFolias, Romanescas &#038; Canarios\u201d Savallovi [&hellip;]","og_url":"https:\/\/www.24gliwice.pl\/wiadomosci\/jordi-savall-i-hesperion-xxi-na-zakonczenie-festiwalu-allimprovviso-sa-jeszcze-bilety\/","og_site_name":"24GLIWICE - Portal Gliwice | codziennie nowe informacje","article_publisher":"https:\/\/www.facebook.com\/24gliwice","article_published_time":"2021-11-12T00:09:22+00:00","og_image":[{"width":810,"height":454,"url":"https:\/\/www.24gliwice.pl\/wiadomosci\/wp-content\/uploads\/2021\/11\/jordi-savall.jpg","type":"image\/jpeg"}],"author":"\u017baneta Mrozek-Siewierska","twitter_card":"summary_large_image","twitter_creator":"@24gliwice","twitter_site":"@24gliwice","twitter_misc":{"Napisane przez":"\u017baneta Mrozek-Siewierska","Szacowany czas czytania":"1 minuta"},"schema":{"@context":"https:\/\/schema.org","@graph":[{"@type":"Article","@id":"https:\/\/www.24gliwice.pl\/wiadomosci\/jordi-savall-i-hesperion-xxi-na-zakonczenie-festiwalu-allimprovviso-sa-jeszcze-bilety\/#article","isPartOf":{"@id":"https:\/\/www.24gliwice.pl\/wiadomosci\/jordi-savall-i-hesperion-xxi-na-zakonczenie-festiwalu-allimprovviso-sa-jeszcze-bilety\/"},"author":{"name":"\u017baneta Mrozek-Siewierska","@id":"https:\/\/www.24gliwice.pl\/wiadomosci\/#\/schema\/person\/e42c650edd7f2fa332be3811fb166b6e"},"headline":"Jordi Savall i Hesp\u00e8rion XXI na zako\u0144czenie Festiwalu All\u2019improvviso. S\u0105 jeszcze bilety","datePublished":"2021-11-12T00:09:22+00:00","mainEntityOfPage":{"@id":"https:\/\/www.24gliwice.pl\/wiadomosci\/jordi-savall-i-hesperion-xxi-na-zakonczenie-festiwalu-allimprovviso-sa-jeszcze-bilety\/"},"wordCount":195,"commentCount":0,"publisher":{"@id":"https:\/\/www.24gliwice.pl\/wiadomosci\/#organization"},"image":{"@id":"https:\/\/www.24gliwice.pl\/wiadomosci\/jordi-savall-i-hesperion-xxi-na-zakonczenie-festiwalu-allimprovviso-sa-jeszcze-bilety\/#primaryimage"},"thumbnailUrl":"https:\/\/www.24gliwice.pl\/wiadomosci\/wp-content\/uploads\/2021\/11\/jordi-savall.jpg","keywords":["All\u2019improvviso"],"articleSection":["Gliwice","Kultura, wydarzenia, imprezy","Najnowsze wiadomo\u015bci"],"inLanguage":"pl-PL","potentialAction":[{"@type":"CommentAction","name":"Comment","target":["https:\/\/www.24gliwice.pl\/wiadomosci\/jordi-savall-i-hesperion-xxi-na-zakonczenie-festiwalu-allimprovviso-sa-jeszcze-bilety\/#respond"]}]},{"@type":"WebPage","@id":"https:\/\/www.24gliwice.pl\/wiadomosci\/jordi-savall-i-hesperion-xxi-na-zakonczenie-festiwalu-allimprovviso-sa-jeszcze-bilety\/","url":"https:\/\/www.24gliwice.pl\/wiadomosci\/jordi-savall-i-hesperion-xxi-na-zakonczenie-festiwalu-allimprovviso-sa-jeszcze-bilety\/","name":"Jordi Savall i Hesp\u00e8rion XXI na zako\u0144czenie Festiwalu All\u2019improvviso. S\u0105 jeszcze bilety - 24GLIWICE - Portal Gliwice | codziennie nowe informacje","isPartOf":{"@id":"https:\/\/www.24gliwice.pl\/wiadomosci\/#website"},"primaryImageOfPage":{"@id":"https:\/\/www.24gliwice.pl\/wiadomosci\/jordi-savall-i-hesperion-xxi-na-zakonczenie-festiwalu-allimprovviso-sa-jeszcze-bilety\/#primaryimage"},"image":{"@id":"https:\/\/www.24gliwice.pl\/wiadomosci\/jordi-savall-i-hesperion-xxi-na-zakonczenie-festiwalu-allimprovviso-sa-jeszcze-bilety\/#primaryimage"},"thumbnailUrl":"https:\/\/www.24gliwice.pl\/wiadomosci\/wp-content\/uploads\/2021\/11\/jordi-savall.jpg","datePublished":"2021-11-12T00:09:22+00:00","breadcrumb":{"@id":"https:\/\/www.24gliwice.pl\/wiadomosci\/jordi-savall-i-hesperion-xxi-na-zakonczenie-festiwalu-allimprovviso-sa-jeszcze-bilety\/#breadcrumb"},"inLanguage":"pl-PL","potentialAction":[{"@type":"ReadAction","target":["https:\/\/www.24gliwice.pl\/wiadomosci\/jordi-savall-i-hesperion-xxi-na-zakonczenie-festiwalu-allimprovviso-sa-jeszcze-bilety\/"]}]},{"@type":"ImageObject","inLanguage":"pl-PL","@id":"https:\/\/www.24gliwice.pl\/wiadomosci\/jordi-savall-i-hesperion-xxi-na-zakonczenie-festiwalu-allimprovviso-sa-jeszcze-bilety\/#primaryimage","url":"https:\/\/www.24gliwice.pl\/wiadomosci\/wp-content\/uploads\/2021\/11\/jordi-savall.jpg","contentUrl":"https:\/\/www.24gliwice.pl\/wiadomosci\/wp-content\/uploads\/2021\/11\/jordi-savall.jpg","width":810,"height":454},{"@type":"BreadcrumbList","@id":"https:\/\/www.24gliwice.pl\/wiadomosci\/jordi-savall-i-hesperion-xxi-na-zakonczenie-festiwalu-allimprovviso-sa-jeszcze-bilety\/#breadcrumb","itemListElement":[{"@type":"ListItem","position":1,"name":"Strona g\u0142\u00f3wna","item":"https:\/\/www.24gliwice.pl\/wiadomosci\/"},{"@type":"ListItem","position":2,"name":"Jordi Savall i Hesp\u00e8rion XXI na zako\u0144czenie Festiwalu All\u2019improvviso. S\u0105 jeszcze bilety"}]},{"@type":"WebSite","@id":"https:\/\/www.24gliwice.pl\/wiadomosci\/#website","url":"https:\/\/www.24gliwice.pl\/wiadomosci\/","name":"24GLIWICE - Portal Gliwice | codziennie nowe wiadomo\u015bci","description":"Portal Miejski Gliwice","publisher":{"@id":"https:\/\/www.24gliwice.pl\/wiadomosci\/#organization"},"potentialAction":[{"@type":"SearchAction","target":{"@type":"EntryPoint","urlTemplate":"https:\/\/www.24gliwice.pl\/wiadomosci\/?s={search_term_string}"},"query-input":{"@type":"PropertyValueSpecification","valueRequired":true,"valueName":"search_term_string"}}],"inLanguage":"pl-PL"},{"@type":"Organization","@id":"https:\/\/www.24gliwice.pl\/wiadomosci\/#organization","name":"24gliwice","url":"https:\/\/www.24gliwice.pl\/wiadomosci\/","logo":{"@type":"ImageObject","inLanguage":"pl-PL","@id":"https:\/\/www.24gliwice.pl\/wiadomosci\/#\/schema\/logo\/image\/","url":"https:\/\/www.24gliwice.pl\/wiadomosci\/wp-content\/uploads\/2024\/10\/24gliwice-logo-696.jpg","contentUrl":"https:\/\/www.24gliwice.pl\/wiadomosci\/wp-content\/uploads\/2024\/10\/24gliwice-logo-696.jpg","width":696,"height":696,"caption":"24gliwice"},"image":{"@id":"https:\/\/www.24gliwice.pl\/wiadomosci\/#\/schema\/logo\/image\/"},"sameAs":["https:\/\/www.facebook.com\/24gliwice","https:\/\/x.com\/24gliwice","https:\/\/www.youtube.com\/@24gliwice"]},{"@type":"Person","@id":"https:\/\/www.24gliwice.pl\/wiadomosci\/#\/schema\/person\/e42c650edd7f2fa332be3811fb166b6e","name":"\u017baneta Mrozek-Siewierska","image":{"@type":"ImageObject","inLanguage":"pl-PL","@id":"https:\/\/www.24gliwice.pl\/wiadomosci\/wp-content\/uploads\/2021\/11\/Zaneta-M_S-zdjecie-czb-96x96.jpg","url":"https:\/\/www.24gliwice.pl\/wiadomosci\/wp-content\/uploads\/2021\/11\/Zaneta-M_S-zdjecie-czb-96x96.jpg","contentUrl":"https:\/\/www.24gliwice.pl\/wiadomosci\/wp-content\/uploads\/2021\/11\/Zaneta-M_S-zdjecie-czb-96x96.jpg","caption":"\u017baneta Mrozek-Siewierska"},"url":"https:\/\/www.24gliwice.pl\/wiadomosci\/author\/zms\/"}]}},"_links":{"self":[{"href":"https:\/\/www.24gliwice.pl\/wiadomosci\/wp-json\/wp\/v2\/posts\/180434","targetHints":{"allow":["GET"]}}],"collection":[{"href":"https:\/\/www.24gliwice.pl\/wiadomosci\/wp-json\/wp\/v2\/posts"}],"about":[{"href":"https:\/\/www.24gliwice.pl\/wiadomosci\/wp-json\/wp\/v2\/types\/post"}],"author":[{"embeddable":true,"href":"https:\/\/www.24gliwice.pl\/wiadomosci\/wp-json\/wp\/v2\/users\/15"}],"replies":[{"embeddable":true,"href":"https:\/\/www.24gliwice.pl\/wiadomosci\/wp-json\/wp\/v2\/comments?post=180434"}],"version-history":[{"count":7,"href":"https:\/\/www.24gliwice.pl\/wiadomosci\/wp-json\/wp\/v2\/posts\/180434\/revisions"}],"predecessor-version":[{"id":180671,"href":"https:\/\/www.24gliwice.pl\/wiadomosci\/wp-json\/wp\/v2\/posts\/180434\/revisions\/180671"}],"wp:featuredmedia":[{"embeddable":true,"href":"https:\/\/www.24gliwice.pl\/wiadomosci\/wp-json\/wp\/v2\/media\/180439"}],"wp:attachment":[{"href":"https:\/\/www.24gliwice.pl\/wiadomosci\/wp-json\/wp\/v2\/media?parent=180434"}],"wp:term":[{"taxonomy":"category","embeddable":true,"href":"https:\/\/www.24gliwice.pl\/wiadomosci\/wp-json\/wp\/v2\/categories?post=180434"},{"taxonomy":"post_tag","embeddable":true,"href":"https:\/\/www.24gliwice.pl\/wiadomosci\/wp-json\/wp\/v2\/tags?post=180434"}],"curies":[{"name":"wp","href":"https:\/\/api.w.org\/{rel}","templated":true}]}}