{"id":180468,"date":"2021-11-08T20:01:06","date_gmt":"2021-11-08T19:01:06","guid":{"rendered":"https:\/\/www.24gliwice.pl\/wiadomosci\/?p=180468"},"modified":"2021-11-11T19:31:38","modified_gmt":"2021-11-11T18:31:38","slug":"przed-nami-swieto-niepodleglosci-glowne-uroczystosci-odbeda-sie-na-placu-pilsudskiego","status":"publish","type":"post","link":"https:\/\/www.24gliwice.pl\/wiadomosci\/przed-nami-swieto-niepodleglosci-glowne-uroczystosci-odbeda-sie-na-placu-pilsudskiego\/","title":{"rendered":"\u015awi\u0119to Niepodleg\u0142o\u015bci. W Gliwicach g\u0142\u00f3wne uroczysto\u015bci odb\u0119d\u0105 si\u0119 na placu Pi\u0142sudskiego"},"content":{"rendered":"<div class=\"gliwi-a6-nad-leadem-artykulow gliwi-entity-placement\" id=\"gliwi-881759418\"><div class=\"gliwi-adlabel\"><span style=\"font-size: 9px\">REKLAMA<\/span><\/div><div id=\"gliwi-3820937648\" style=\"margin-bottom: 30px;margin-left: auto;margin-right: auto;text-align: center;\"><a data-no-instant=\"1\" href=\"https:\/\/przedszkole.halogen.org.pl\/\" rel=\"noopener\" class=\"a2t-link\" target=\"_blank\" aria-label=\"20260402-ANIMATOR-przedszkole_grafika_750x200\"><img loading=\"lazy\" decoding=\"async\" src=\"https:\/\/www.24gliwice.pl\/wiadomosci\/wp-content\/uploads\/2026\/04\/20260402-ANIMATOR-przedszkole_grafika_750x200.webp\" alt=\"\"  srcset=\"https:\/\/www.24gliwice.pl\/wiadomosci\/wp-content\/uploads\/2026\/04\/20260402-ANIMATOR-przedszkole_grafika_750x200.webp 750w, https:\/\/www.24gliwice.pl\/wiadomosci\/wp-content\/uploads\/2026\/04\/20260402-ANIMATOR-przedszkole_grafika_750x200-410x109.webp 410w\" sizes=\"(max-width: 750px) 100vw, 750px\" class=\"no-lazyload\" width=\"750\" height=\"200\"  style=\"display: inline-block; max-width: 100%; height: auto;\" \/><\/a><\/div><\/div><h2>11 listopada obchodzimy Narodowe \u015awi\u0119to Niepodleg\u0142o\u015bci. Oficjalne uroczysto\u015bci upami\u0119tniaj\u0105ce 103. rocznic\u0119 odzyskania przez Polsk\u0119 niepodleg\u0142o\u015bci zaplanowano na placu Pi\u0142sudskiego<\/h2>\n<p>&nbsp;<br \/>\n\u2013 <em>P\u00f3\u0142tora wieku walk, krwawych nieraz i ofiarnych, znalaz\u0142o sw\u00f3j tryumf w dniu dzisiejszym. P\u00f3\u0142tora wieku marze\u0144 o wolnej Polsce czeka\u0142o swego ziszczenia w obecnej chwili. Dzisiaj mamy wielkie \u015bwi\u0119to narodu, \u015bwi\u0119to rado\u015bci po d\u0142ugiej, ci\u0119\u017ckiej nocy cierpie\u0144 <\/em>\u2013 tak zacz\u0105\u0142 swoje przem\u00f3wienie do Sejmu Ustawodawczego <strong>J\u00f3zef Pi\u0142sudski<\/strong>, naczelnik pa\u0144stwa, kiedy pierwszy parlament II Rzeczypospolitej rozpoczyna\u0142 swoje obrady.<\/p>\n<p>Warto pami\u0119ta\u0107, \u017ce Narodowe \u015awi\u0119to Niepodleg\u0142o\u015bci upami\u0119tnia wydarzenia z 11 listopada 1918 roku. Tamtego dnia w Warszawie Rada Regencyjna przekaza\u0142a J\u00f3zefowi Pi\u0142sudskiemu w\u0142adz\u0119 wojskow\u0105, a Niemcy w okolicach Compi\u00e8gne podpisa\u0142y zawieszenie broni. Dobieg\u0142a ko\u0144ca I wojna \u015bwiatowa, a Polska wr\u00f3ci\u0142a na map\u0119 \u015bwiata. Rozpocz\u0119\u0142a si\u0119 historia II Rzeczypospolitej.<br \/>\nDla Polak\u00f3w 11 Listopada jest \u015bwi\u0119tem pa\u0144stwowym. Wolno\u015b\u0107, niepodleg\u0142o\u015b\u0107, zjednoczenie we w\u0142asnym pa\u0144stwie \u2013 na pami\u0105tk\u0119 wydarze\u0144 sprzed 103 lat w ca\u0142ym kraju organizowane s\u0105 uroczyste obchody Narodowego \u015awi\u0119ta Niepodleg\u0142o\u015bci. O godzinie 12:00 w ca\u0142ej Polsce \u015bpiewany jest \u201eMazurek D\u0105browskiego\u201d, hymn pa\u0144stwowy.<\/p><div class=\"gliwi-a3-w-tresci-artykulow gliwi-entity-placement\" id=\"gliwi-236439542\"><div class=\"gliwi-adlabel\"><span style=\"font-size: 9px\">REKLAMA<\/span><\/div><div id=\"gliwi-3219329976\" style=\"margin-bottom: 30px;margin-left: auto;margin-right: auto;text-align: center;\"><a data-no-instant=\"1\" href=\"https:\/\/zlobek.halogen.org.pl\/\" rel=\"noopener\" class=\"a2t-link\" target=\"_blank\" aria-label=\"animator-zlobek_750x200\"><img loading=\"lazy\" decoding=\"async\" src=\"https:\/\/www.24gliwice.pl\/wiadomosci\/wp-content\/uploads\/2026\/02\/animator-zlobek_750x200.webp\" alt=\"\"  srcset=\"https:\/\/www.24gliwice.pl\/wiadomosci\/wp-content\/uploads\/2026\/02\/animator-zlobek_750x200.webp 750w, https:\/\/www.24gliwice.pl\/wiadomosci\/wp-content\/uploads\/2026\/02\/animator-zlobek_750x200-410x109.webp 410w\" sizes=\"(max-width: 750px) 100vw, 750px\" class=\"no-lazyload\" width=\"750\" height=\"200\"  style=\"display: inline-block; max-width: 100%; height: auto;\" \/><\/a><\/div><\/div>\n<h4>Plan obchod\u00f3w w Gliwicach<\/h4>\n<p>W Gliwicach obchody rozpoczn\u0105 si\u0119 o godzinie 12:30 od mszy \u015bwi\u0119tej w intencji Ojczyzny w katedrze pw. \u015awi\u0119tych Aposto\u0142\u00f3w Piotra i Paw\u0142a. Po liturgii uczestnicy przejd\u0105 na plac marsza\u0142ka J\u00f3zefa Pi\u0142sudskiego, gdzie oko\u0142o godziny 14:30 zaplanowano oficjalne uroczysto\u015bci z udzia\u0142em przedstawicieli samorz\u0105du i wojska.<\/p>\n<p>Oko\u0142o godziny 15:15 w parku Starokozielskim zostan\u0105 z\u0142o\u017cone kwiaty pod pomnikiem ku czci \u017co\u0142nierzy francuskich poleg\u0142ych w latach 1920\u20131922. Warto przypomnie\u0107, \u017ce mauzoleum \u017co\u0142nierzy francuskich jest zwi\u0105zane z okresem powsta\u0144 \u015bl\u0105skich i plebiscytu. Gliwice by\u0142y w\u00f3wczas siedzib\u0105 Naczelnego Dow\u00f3dztwa Wojsk Sprzymierzonych na G\u00f3rnym \u015al\u0105sku. Oddzia\u0142y francuskie by\u0142y najliczniejsze w gronie wojsk sojuszniczych.<\/p>\n<h4>Ukoronowaniem \u015awi\u0119ta Niepodleg\u0142o\u015bci b\u0119dzie wiecz\u00f3r w Teatrze Miejskim w Gliwicach (ul. Nowy \u015awiat 55\u201357). O godzinie 18:00 wyst\u0105pi Zesp\u00f3\u0142 \u015apiewak\u00f3w Miasta Katowice \u201eCamerata Silesia\u201d pod batut\u0105 Anny Szostak.<\/h4>\n<p>W repertuarze 24-osobowego zespo\u0142u \u201eCamerata Silesia\u201d znajd\u0105 si\u0119 pie\u015bni niepodleg\u0142o\u015bciowe. Dodatkow\u0105 atrakcj\u0105 wieczoru b\u0119d\u0105 utwory polskich kompozytor\u00f3w, kt\u00f3re na fortepianie wykona Micha\u0142 Go\u0142awski. Muzykom na scenie b\u0119dzie towarzyszy\u0142 <strong>Adam Myrczek<\/strong>, aktor Teatru Polskiego w Bielsku-Bia\u0142ej. Do d\u017awi\u0119k\u00f3w fortepianu i wspania\u0142ych g\u0142os\u00f3w \u015bpiewak\u00f3w z Katowic dojd\u0105 fragmenty poezji niepodleg\u0142o\u015bciowej.<\/p>\n<p>(\u017cms)\/UM Gliwice<br \/>\nfot. arch. 24gliwice.pl<\/p>\n<div class=\"gliwi-a5-na-koncu-artykulow gliwi-entity-placement\" id=\"gliwi-32925947\"><div class=\"gliwi-adlabel\"><span style=\"font-size: 9px\">REKLAMA<\/span><\/div><div id=\"gliwi-2739983631\" style=\"margin-left: auto;margin-right: auto;text-align: center;\"><a data-no-instant=\"1\" href=\"https:\/\/prezeroarenagliwice.pl\/\" rel=\"noopener\" class=\"a2t-link\" target=\"_blank\" aria-label=\"20260309-PREZERO-WIOSNA-D\"><img loading=\"lazy\" decoding=\"async\" src=\"https:\/\/www.24gliwice.pl\/wiadomosci\/wp-content\/uploads\/2026\/03\/20260309-PREZERO-WIOSNA-D.webp\" alt=\"\"  srcset=\"https:\/\/www.24gliwice.pl\/wiadomosci\/wp-content\/uploads\/2026\/03\/20260309-PREZERO-WIOSNA-D.webp 750w, https:\/\/www.24gliwice.pl\/wiadomosci\/wp-content\/uploads\/2026\/03\/20260309-PREZERO-WIOSNA-D-410x109.webp 410w\" sizes=\"(max-width: 750px) 100vw, 750px\" class=\"no-lazyload\" width=\"750\" height=\"200\"  style=\"display: inline-block; max-width: 100%; height: auto;\" \/><\/a><\/div><\/div>","protected":false},"excerpt":{"rendered":"<p>11 listopada obchodzimy Narodowe \u015awi\u0119to Niepodleg\u0142o\u015bci. Oficjalne uroczysto\u015bci upami\u0119tniaj\u0105ce 103. rocznic\u0119 odzyskania przez Polsk\u0119 niepodleg\u0142o\u015bci zaplanowano na placu Pi\u0142sudskiego &nbsp; \u2013 P\u00f3\u0142tora wieku walk, krwawych nieraz i ofiarnych, znalaz\u0142o sw\u00f3j tryumf w dniu dzisiejszym. P\u00f3\u0142tora wieku marze\u0144 o wolnej Polsce czeka\u0142o swego ziszczenia w obecnej chwili. Dzisiaj mamy wielkie \u015bwi\u0119to narodu, \u015bwi\u0119to rado\u015bci po d\u0142ugiej, [&hellip;]<\/p>\n","protected":false},"author":15,"featured_media":124850,"comment_status":"open","ping_status":"closed","sticky":false,"template":"","format":"standard","meta":{"_monsterinsights_skip_tracking":false,"_monsterinsights_sitenote_active":false,"_monsterinsights_sitenote_note":"","_monsterinsights_sitenote_category":0,"footnotes":"","_links_to":"","_links_to_target":""},"categories":[3,6,1],"tags":[4748,8061],"class_list":["post-180468","post","type-post","status-publish","format-standard","has-post-thumbnail","hentry","category-gliwice","category-kultura","category-wszystko","tag-11-listopada","tag-swieto-niepodleglosci"],"yoast_head":"<!-- This site is optimized with the Yoast SEO plugin v27.5 - https:\/\/yoast.com\/product\/yoast-seo-wordpress\/ -->\n<title>\u015awi\u0119to Niepodleg\u0142o\u015bci. W Gliwicach g\u0142\u00f3wne uroczysto\u015bci odb\u0119d\u0105 si\u0119 na placu Pi\u0142sudskiego - 24GLIWICE - Portal Gliwice | codziennie nowe informacje<\/title>\n<meta name=\"robots\" content=\"index, follow, max-snippet:-1, max-image-preview:large, max-video-preview:-1\" \/>\n<link rel=\"canonical\" href=\"https:\/\/www.24gliwice.pl\/wiadomosci\/przed-nami-swieto-niepodleglosci-glowne-uroczystosci-odbeda-sie-na-placu-pilsudskiego\/\" \/>\n<meta property=\"og:locale\" content=\"pl_PL\" \/>\n<meta property=\"og:type\" content=\"article\" \/>\n<meta property=\"og:title\" content=\"\u015awi\u0119to Niepodleg\u0142o\u015bci. W Gliwicach g\u0142\u00f3wne uroczysto\u015bci odb\u0119d\u0105 si\u0119 na placu Pi\u0142sudskiego - 24GLIWICE - Portal Gliwice | codziennie nowe informacje\" \/>\n<meta property=\"og:description\" content=\"11 listopada obchodzimy Narodowe \u015awi\u0119to Niepodleg\u0142o\u015bci. Oficjalne uroczysto\u015bci upami\u0119tniaj\u0105ce 103. rocznic\u0119 odzyskania przez Polsk\u0119 niepodleg\u0142o\u015bci zaplanowano na placu Pi\u0142sudskiego &nbsp; \u2013 P\u00f3\u0142tora wieku walk, krwawych nieraz i ofiarnych, znalaz\u0142o sw\u00f3j tryumf w dniu dzisiejszym. P\u00f3\u0142tora wieku marze\u0144 o wolnej Polsce czeka\u0142o swego ziszczenia w obecnej chwili. Dzisiaj mamy wielkie \u015bwi\u0119to narodu, \u015bwi\u0119to rado\u015bci po d\u0142ugiej, [&hellip;]\" \/>\n<meta property=\"og:url\" content=\"https:\/\/www.24gliwice.pl\/wiadomosci\/przed-nami-swieto-niepodleglosci-glowne-uroczystosci-odbeda-sie-na-placu-pilsudskiego\/\" \/>\n<meta property=\"og:site_name\" content=\"24GLIWICE - Portal Gliwice | codziennie nowe informacje\" \/>\n<meta property=\"article:publisher\" content=\"https:\/\/www.facebook.com\/24gliwice\" \/>\n<meta property=\"article:published_time\" content=\"2021-11-08T19:01:06+00:00\" \/>\n<meta property=\"article:modified_time\" content=\"2021-11-11T18:31:38+00:00\" \/>\n<meta property=\"og:image\" content=\"https:\/\/www.24gliwice.pl\/wiadomosci\/wp-content\/uploads\/2018\/10\/11-listopada-Pi\u0142sudski-e1540212112945.jpg\" \/>\n\t<meta property=\"og:image:width\" content=\"810\" \/>\n\t<meta property=\"og:image:height\" content=\"456\" \/>\n\t<meta property=\"og:image:type\" content=\"image\/jpeg\" \/>\n<meta name=\"author\" content=\"\u017baneta Mrozek-Siewierska\" \/>\n<meta name=\"twitter:card\" content=\"summary_large_image\" \/>\n<meta name=\"twitter:creator\" content=\"@24gliwice\" \/>\n<meta name=\"twitter:site\" content=\"@24gliwice\" \/>\n<meta name=\"twitter:label1\" content=\"Napisane przez\" \/>\n\t<meta name=\"twitter:data1\" content=\"\u017baneta Mrozek-Siewierska\" \/>\n\t<meta name=\"twitter:label2\" content=\"Szacowany czas czytania\" \/>\n\t<meta name=\"twitter:data2\" content=\"2 minuty\" \/>\n<script type=\"application\/ld+json\" class=\"yoast-schema-graph\">{\"@context\":\"https:\\\/\\\/schema.org\",\"@graph\":[{\"@type\":\"Article\",\"@id\":\"https:\\\/\\\/www.24gliwice.pl\\\/wiadomosci\\\/przed-nami-swieto-niepodleglosci-glowne-uroczystosci-odbeda-sie-na-placu-pilsudskiego\\\/#article\",\"isPartOf\":{\"@id\":\"https:\\\/\\\/www.24gliwice.pl\\\/wiadomosci\\\/przed-nami-swieto-niepodleglosci-glowne-uroczystosci-odbeda-sie-na-placu-pilsudskiego\\\/\"},\"author\":{\"name\":\"\u017baneta Mrozek-Siewierska\",\"@id\":\"https:\\\/\\\/www.24gliwice.pl\\\/wiadomosci\\\/#\\\/schema\\\/person\\\/e42c650edd7f2fa332be3811fb166b6e\"},\"headline\":\"\u015awi\u0119to Niepodleg\u0142o\u015bci. W Gliwicach g\u0142\u00f3wne uroczysto\u015bci odb\u0119d\u0105 si\u0119 na placu Pi\u0142sudskiego\",\"datePublished\":\"2021-11-08T19:01:06+00:00\",\"dateModified\":\"2021-11-11T18:31:38+00:00\",\"mainEntityOfPage\":{\"@id\":\"https:\\\/\\\/www.24gliwice.pl\\\/wiadomosci\\\/przed-nami-swieto-niepodleglosci-glowne-uroczystosci-odbeda-sie-na-placu-pilsudskiego\\\/\"},\"wordCount\":459,\"commentCount\":0,\"publisher\":{\"@id\":\"https:\\\/\\\/www.24gliwice.pl\\\/wiadomosci\\\/#organization\"},\"image\":{\"@id\":\"https:\\\/\\\/www.24gliwice.pl\\\/wiadomosci\\\/przed-nami-swieto-niepodleglosci-glowne-uroczystosci-odbeda-sie-na-placu-pilsudskiego\\\/#primaryimage\"},\"thumbnailUrl\":\"https:\\\/\\\/www.24gliwice.pl\\\/wiadomosci\\\/wp-content\\\/uploads\\\/2018\\\/10\\\/11-listopada-Pi\u0142sudski-e1540212112945.jpg\",\"keywords\":[\"11 LISTOPADA\",\"\u015bwi\u0119to niepodleg\u0142o\u015bci\"],\"articleSection\":[\"Gliwice\",\"Kultura, wydarzenia, imprezy\",\"Najnowsze wiadomo\u015bci\"],\"inLanguage\":\"pl-PL\",\"potentialAction\":[{\"@type\":\"CommentAction\",\"name\":\"Comment\",\"target\":[\"https:\\\/\\\/www.24gliwice.pl\\\/wiadomosci\\\/przed-nami-swieto-niepodleglosci-glowne-uroczystosci-odbeda-sie-na-placu-pilsudskiego\\\/#respond\"]}]},{\"@type\":\"WebPage\",\"@id\":\"https:\\\/\\\/www.24gliwice.pl\\\/wiadomosci\\\/przed-nami-swieto-niepodleglosci-glowne-uroczystosci-odbeda-sie-na-placu-pilsudskiego\\\/\",\"url\":\"https:\\\/\\\/www.24gliwice.pl\\\/wiadomosci\\\/przed-nami-swieto-niepodleglosci-glowne-uroczystosci-odbeda-sie-na-placu-pilsudskiego\\\/\",\"name\":\"\u015awi\u0119to Niepodleg\u0142o\u015bci. W Gliwicach g\u0142\u00f3wne uroczysto\u015bci odb\u0119d\u0105 si\u0119 na placu Pi\u0142sudskiego - 24GLIWICE - Portal Gliwice | codziennie nowe informacje\",\"isPartOf\":{\"@id\":\"https:\\\/\\\/www.24gliwice.pl\\\/wiadomosci\\\/#website\"},\"primaryImageOfPage\":{\"@id\":\"https:\\\/\\\/www.24gliwice.pl\\\/wiadomosci\\\/przed-nami-swieto-niepodleglosci-glowne-uroczystosci-odbeda-sie-na-placu-pilsudskiego\\\/#primaryimage\"},\"image\":{\"@id\":\"https:\\\/\\\/www.24gliwice.pl\\\/wiadomosci\\\/przed-nami-swieto-niepodleglosci-glowne-uroczystosci-odbeda-sie-na-placu-pilsudskiego\\\/#primaryimage\"},\"thumbnailUrl\":\"https:\\\/\\\/www.24gliwice.pl\\\/wiadomosci\\\/wp-content\\\/uploads\\\/2018\\\/10\\\/11-listopada-Pi\u0142sudski-e1540212112945.jpg\",\"datePublished\":\"2021-11-08T19:01:06+00:00\",\"dateModified\":\"2021-11-11T18:31:38+00:00\",\"breadcrumb\":{\"@id\":\"https:\\\/\\\/www.24gliwice.pl\\\/wiadomosci\\\/przed-nami-swieto-niepodleglosci-glowne-uroczystosci-odbeda-sie-na-placu-pilsudskiego\\\/#breadcrumb\"},\"inLanguage\":\"pl-PL\",\"potentialAction\":[{\"@type\":\"ReadAction\",\"target\":[\"https:\\\/\\\/www.24gliwice.pl\\\/wiadomosci\\\/przed-nami-swieto-niepodleglosci-glowne-uroczystosci-odbeda-sie-na-placu-pilsudskiego\\\/\"]}]},{\"@type\":\"ImageObject\",\"inLanguage\":\"pl-PL\",\"@id\":\"https:\\\/\\\/www.24gliwice.pl\\\/wiadomosci\\\/przed-nami-swieto-niepodleglosci-glowne-uroczystosci-odbeda-sie-na-placu-pilsudskiego\\\/#primaryimage\",\"url\":\"https:\\\/\\\/www.24gliwice.pl\\\/wiadomosci\\\/wp-content\\\/uploads\\\/2018\\\/10\\\/11-listopada-Pi\u0142sudski-e1540212112945.jpg\",\"contentUrl\":\"https:\\\/\\\/www.24gliwice.pl\\\/wiadomosci\\\/wp-content\\\/uploads\\\/2018\\\/10\\\/11-listopada-Pi\u0142sudski-e1540212112945.jpg\",\"width\":810,\"height\":456},{\"@type\":\"BreadcrumbList\",\"@id\":\"https:\\\/\\\/www.24gliwice.pl\\\/wiadomosci\\\/przed-nami-swieto-niepodleglosci-glowne-uroczystosci-odbeda-sie-na-placu-pilsudskiego\\\/#breadcrumb\",\"itemListElement\":[{\"@type\":\"ListItem\",\"position\":1,\"name\":\"Strona g\u0142\u00f3wna\",\"item\":\"https:\\\/\\\/www.24gliwice.pl\\\/wiadomosci\\\/\"},{\"@type\":\"ListItem\",\"position\":2,\"name\":\"\u015awi\u0119to Niepodleg\u0142o\u015bci. W Gliwicach g\u0142\u00f3wne uroczysto\u015bci odb\u0119d\u0105 si\u0119 na placu Pi\u0142sudskiego\"}]},{\"@type\":\"WebSite\",\"@id\":\"https:\\\/\\\/www.24gliwice.pl\\\/wiadomosci\\\/#website\",\"url\":\"https:\\\/\\\/www.24gliwice.pl\\\/wiadomosci\\\/\",\"name\":\"24GLIWICE - Portal Gliwice | codziennie nowe wiadomo\u015bci\",\"description\":\"Portal Miejski Gliwice\",\"publisher\":{\"@id\":\"https:\\\/\\\/www.24gliwice.pl\\\/wiadomosci\\\/#organization\"},\"potentialAction\":[{\"@type\":\"SearchAction\",\"target\":{\"@type\":\"EntryPoint\",\"urlTemplate\":\"https:\\\/\\\/www.24gliwice.pl\\\/wiadomosci\\\/?s={search_term_string}\"},\"query-input\":{\"@type\":\"PropertyValueSpecification\",\"valueRequired\":true,\"valueName\":\"search_term_string\"}}],\"inLanguage\":\"pl-PL\"},{\"@type\":\"Organization\",\"@id\":\"https:\\\/\\\/www.24gliwice.pl\\\/wiadomosci\\\/#organization\",\"name\":\"24gliwice\",\"url\":\"https:\\\/\\\/www.24gliwice.pl\\\/wiadomosci\\\/\",\"logo\":{\"@type\":\"ImageObject\",\"inLanguage\":\"pl-PL\",\"@id\":\"https:\\\/\\\/www.24gliwice.pl\\\/wiadomosci\\\/#\\\/schema\\\/logo\\\/image\\\/\",\"url\":\"https:\\\/\\\/www.24gliwice.pl\\\/wiadomosci\\\/wp-content\\\/uploads\\\/2024\\\/10\\\/24gliwice-logo-696.jpg\",\"contentUrl\":\"https:\\\/\\\/www.24gliwice.pl\\\/wiadomosci\\\/wp-content\\\/uploads\\\/2024\\\/10\\\/24gliwice-logo-696.jpg\",\"width\":696,\"height\":696,\"caption\":\"24gliwice\"},\"image\":{\"@id\":\"https:\\\/\\\/www.24gliwice.pl\\\/wiadomosci\\\/#\\\/schema\\\/logo\\\/image\\\/\"},\"sameAs\":[\"https:\\\/\\\/www.facebook.com\\\/24gliwice\",\"https:\\\/\\\/x.com\\\/24gliwice\",\"https:\\\/\\\/www.youtube.com\\\/@24gliwice\"]},{\"@type\":\"Person\",\"@id\":\"https:\\\/\\\/www.24gliwice.pl\\\/wiadomosci\\\/#\\\/schema\\\/person\\\/e42c650edd7f2fa332be3811fb166b6e\",\"name\":\"\u017baneta Mrozek-Siewierska\",\"image\":{\"@type\":\"ImageObject\",\"inLanguage\":\"pl-PL\",\"@id\":\"https:\\\/\\\/secure.gravatar.com\\\/avatar\\\/1881429e9c64597c77ad7aef2d0a19be69a3253e57534d16aa15bf3a4d34a0a3?s=96&d=mm&r=g\",\"url\":\"https:\\\/\\\/secure.gravatar.com\\\/avatar\\\/1881429e9c64597c77ad7aef2d0a19be69a3253e57534d16aa15bf3a4d34a0a3?s=96&d=mm&r=g\",\"contentUrl\":\"https:\\\/\\\/secure.gravatar.com\\\/avatar\\\/1881429e9c64597c77ad7aef2d0a19be69a3253e57534d16aa15bf3a4d34a0a3?s=96&d=mm&r=g\",\"caption\":\"\u017baneta Mrozek-Siewierska\"},\"url\":\"https:\\\/\\\/www.24gliwice.pl\\\/wiadomosci\\\/author\\\/zms\\\/\"}]}<\/script>\n<!-- \/ Yoast SEO plugin. -->","yoast_head_json":{"title":"\u015awi\u0119to Niepodleg\u0142o\u015bci. W Gliwicach g\u0142\u00f3wne uroczysto\u015bci odb\u0119d\u0105 si\u0119 na placu Pi\u0142sudskiego - 24GLIWICE - Portal Gliwice | codziennie nowe informacje","robots":{"index":"index","follow":"follow","max-snippet":"max-snippet:-1","max-image-preview":"max-image-preview:large","max-video-preview":"max-video-preview:-1"},"canonical":"https:\/\/www.24gliwice.pl\/wiadomosci\/przed-nami-swieto-niepodleglosci-glowne-uroczystosci-odbeda-sie-na-placu-pilsudskiego\/","og_locale":"pl_PL","og_type":"article","og_title":"\u015awi\u0119to Niepodleg\u0142o\u015bci. W Gliwicach g\u0142\u00f3wne uroczysto\u015bci odb\u0119d\u0105 si\u0119 na placu Pi\u0142sudskiego - 24GLIWICE - Portal Gliwice | codziennie nowe informacje","og_description":"11 listopada obchodzimy Narodowe \u015awi\u0119to Niepodleg\u0142o\u015bci. Oficjalne uroczysto\u015bci upami\u0119tniaj\u0105ce 103. rocznic\u0119 odzyskania przez Polsk\u0119 niepodleg\u0142o\u015bci zaplanowano na placu Pi\u0142sudskiego &nbsp; \u2013 P\u00f3\u0142tora wieku walk, krwawych nieraz i ofiarnych, znalaz\u0142o sw\u00f3j tryumf w dniu dzisiejszym. P\u00f3\u0142tora wieku marze\u0144 o wolnej Polsce czeka\u0142o swego ziszczenia w obecnej chwili. Dzisiaj mamy wielkie \u015bwi\u0119to narodu, \u015bwi\u0119to rado\u015bci po d\u0142ugiej, [&hellip;]","og_url":"https:\/\/www.24gliwice.pl\/wiadomosci\/przed-nami-swieto-niepodleglosci-glowne-uroczystosci-odbeda-sie-na-placu-pilsudskiego\/","og_site_name":"24GLIWICE - Portal Gliwice | codziennie nowe informacje","article_publisher":"https:\/\/www.facebook.com\/24gliwice","article_published_time":"2021-11-08T19:01:06+00:00","article_modified_time":"2021-11-11T18:31:38+00:00","og_image":[{"width":810,"height":456,"url":"https:\/\/www.24gliwice.pl\/wiadomosci\/wp-content\/uploads\/2018\/10\/11-listopada-Pi\u0142sudski-e1540212112945.jpg","type":"image\/jpeg"}],"author":"\u017baneta Mrozek-Siewierska","twitter_card":"summary_large_image","twitter_creator":"@24gliwice","twitter_site":"@24gliwice","twitter_misc":{"Napisane przez":"\u017baneta Mrozek-Siewierska","Szacowany czas czytania":"2 minuty"},"schema":{"@context":"https:\/\/schema.org","@graph":[{"@type":"Article","@id":"https:\/\/www.24gliwice.pl\/wiadomosci\/przed-nami-swieto-niepodleglosci-glowne-uroczystosci-odbeda-sie-na-placu-pilsudskiego\/#article","isPartOf":{"@id":"https:\/\/www.24gliwice.pl\/wiadomosci\/przed-nami-swieto-niepodleglosci-glowne-uroczystosci-odbeda-sie-na-placu-pilsudskiego\/"},"author":{"name":"\u017baneta Mrozek-Siewierska","@id":"https:\/\/www.24gliwice.pl\/wiadomosci\/#\/schema\/person\/e42c650edd7f2fa332be3811fb166b6e"},"headline":"\u015awi\u0119to Niepodleg\u0142o\u015bci. W Gliwicach g\u0142\u00f3wne uroczysto\u015bci odb\u0119d\u0105 si\u0119 na placu Pi\u0142sudskiego","datePublished":"2021-11-08T19:01:06+00:00","dateModified":"2021-11-11T18:31:38+00:00","mainEntityOfPage":{"@id":"https:\/\/www.24gliwice.pl\/wiadomosci\/przed-nami-swieto-niepodleglosci-glowne-uroczystosci-odbeda-sie-na-placu-pilsudskiego\/"},"wordCount":459,"commentCount":0,"publisher":{"@id":"https:\/\/www.24gliwice.pl\/wiadomosci\/#organization"},"image":{"@id":"https:\/\/www.24gliwice.pl\/wiadomosci\/przed-nami-swieto-niepodleglosci-glowne-uroczystosci-odbeda-sie-na-placu-pilsudskiego\/#primaryimage"},"thumbnailUrl":"https:\/\/www.24gliwice.pl\/wiadomosci\/wp-content\/uploads\/2018\/10\/11-listopada-Pi\u0142sudski-e1540212112945.jpg","keywords":["11 LISTOPADA","\u015bwi\u0119to niepodleg\u0142o\u015bci"],"articleSection":["Gliwice","Kultura, wydarzenia, imprezy","Najnowsze wiadomo\u015bci"],"inLanguage":"pl-PL","potentialAction":[{"@type":"CommentAction","name":"Comment","target":["https:\/\/www.24gliwice.pl\/wiadomosci\/przed-nami-swieto-niepodleglosci-glowne-uroczystosci-odbeda-sie-na-placu-pilsudskiego\/#respond"]}]},{"@type":"WebPage","@id":"https:\/\/www.24gliwice.pl\/wiadomosci\/przed-nami-swieto-niepodleglosci-glowne-uroczystosci-odbeda-sie-na-placu-pilsudskiego\/","url":"https:\/\/www.24gliwice.pl\/wiadomosci\/przed-nami-swieto-niepodleglosci-glowne-uroczystosci-odbeda-sie-na-placu-pilsudskiego\/","name":"\u015awi\u0119to Niepodleg\u0142o\u015bci. W Gliwicach g\u0142\u00f3wne uroczysto\u015bci odb\u0119d\u0105 si\u0119 na placu Pi\u0142sudskiego - 24GLIWICE - Portal Gliwice | codziennie nowe informacje","isPartOf":{"@id":"https:\/\/www.24gliwice.pl\/wiadomosci\/#website"},"primaryImageOfPage":{"@id":"https:\/\/www.24gliwice.pl\/wiadomosci\/przed-nami-swieto-niepodleglosci-glowne-uroczystosci-odbeda-sie-na-placu-pilsudskiego\/#primaryimage"},"image":{"@id":"https:\/\/www.24gliwice.pl\/wiadomosci\/przed-nami-swieto-niepodleglosci-glowne-uroczystosci-odbeda-sie-na-placu-pilsudskiego\/#primaryimage"},"thumbnailUrl":"https:\/\/www.24gliwice.pl\/wiadomosci\/wp-content\/uploads\/2018\/10\/11-listopada-Pi\u0142sudski-e1540212112945.jpg","datePublished":"2021-11-08T19:01:06+00:00","dateModified":"2021-11-11T18:31:38+00:00","breadcrumb":{"@id":"https:\/\/www.24gliwice.pl\/wiadomosci\/przed-nami-swieto-niepodleglosci-glowne-uroczystosci-odbeda-sie-na-placu-pilsudskiego\/#breadcrumb"},"inLanguage":"pl-PL","potentialAction":[{"@type":"ReadAction","target":["https:\/\/www.24gliwice.pl\/wiadomosci\/przed-nami-swieto-niepodleglosci-glowne-uroczystosci-odbeda-sie-na-placu-pilsudskiego\/"]}]},{"@type":"ImageObject","inLanguage":"pl-PL","@id":"https:\/\/www.24gliwice.pl\/wiadomosci\/przed-nami-swieto-niepodleglosci-glowne-uroczystosci-odbeda-sie-na-placu-pilsudskiego\/#primaryimage","url":"https:\/\/www.24gliwice.pl\/wiadomosci\/wp-content\/uploads\/2018\/10\/11-listopada-Pi\u0142sudski-e1540212112945.jpg","contentUrl":"https:\/\/www.24gliwice.pl\/wiadomosci\/wp-content\/uploads\/2018\/10\/11-listopada-Pi\u0142sudski-e1540212112945.jpg","width":810,"height":456},{"@type":"BreadcrumbList","@id":"https:\/\/www.24gliwice.pl\/wiadomosci\/przed-nami-swieto-niepodleglosci-glowne-uroczystosci-odbeda-sie-na-placu-pilsudskiego\/#breadcrumb","itemListElement":[{"@type":"ListItem","position":1,"name":"Strona g\u0142\u00f3wna","item":"https:\/\/www.24gliwice.pl\/wiadomosci\/"},{"@type":"ListItem","position":2,"name":"\u015awi\u0119to Niepodleg\u0142o\u015bci. W Gliwicach g\u0142\u00f3wne uroczysto\u015bci odb\u0119d\u0105 si\u0119 na placu Pi\u0142sudskiego"}]},{"@type":"WebSite","@id":"https:\/\/www.24gliwice.pl\/wiadomosci\/#website","url":"https:\/\/www.24gliwice.pl\/wiadomosci\/","name":"24GLIWICE - Portal Gliwice | codziennie nowe wiadomo\u015bci","description":"Portal Miejski Gliwice","publisher":{"@id":"https:\/\/www.24gliwice.pl\/wiadomosci\/#organization"},"potentialAction":[{"@type":"SearchAction","target":{"@type":"EntryPoint","urlTemplate":"https:\/\/www.24gliwice.pl\/wiadomosci\/?s={search_term_string}"},"query-input":{"@type":"PropertyValueSpecification","valueRequired":true,"valueName":"search_term_string"}}],"inLanguage":"pl-PL"},{"@type":"Organization","@id":"https:\/\/www.24gliwice.pl\/wiadomosci\/#organization","name":"24gliwice","url":"https:\/\/www.24gliwice.pl\/wiadomosci\/","logo":{"@type":"ImageObject","inLanguage":"pl-PL","@id":"https:\/\/www.24gliwice.pl\/wiadomosci\/#\/schema\/logo\/image\/","url":"https:\/\/www.24gliwice.pl\/wiadomosci\/wp-content\/uploads\/2024\/10\/24gliwice-logo-696.jpg","contentUrl":"https:\/\/www.24gliwice.pl\/wiadomosci\/wp-content\/uploads\/2024\/10\/24gliwice-logo-696.jpg","width":696,"height":696,"caption":"24gliwice"},"image":{"@id":"https:\/\/www.24gliwice.pl\/wiadomosci\/#\/schema\/logo\/image\/"},"sameAs":["https:\/\/www.facebook.com\/24gliwice","https:\/\/x.com\/24gliwice","https:\/\/www.youtube.com\/@24gliwice"]},{"@type":"Person","@id":"https:\/\/www.24gliwice.pl\/wiadomosci\/#\/schema\/person\/e42c650edd7f2fa332be3811fb166b6e","name":"\u017baneta Mrozek-Siewierska","image":{"@type":"ImageObject","inLanguage":"pl-PL","@id":"https:\/\/secure.gravatar.com\/avatar\/1881429e9c64597c77ad7aef2d0a19be69a3253e57534d16aa15bf3a4d34a0a3?s=96&d=mm&r=g","url":"https:\/\/secure.gravatar.com\/avatar\/1881429e9c64597c77ad7aef2d0a19be69a3253e57534d16aa15bf3a4d34a0a3?s=96&d=mm&r=g","contentUrl":"https:\/\/secure.gravatar.com\/avatar\/1881429e9c64597c77ad7aef2d0a19be69a3253e57534d16aa15bf3a4d34a0a3?s=96&d=mm&r=g","caption":"\u017baneta Mrozek-Siewierska"},"url":"https:\/\/www.24gliwice.pl\/wiadomosci\/author\/zms\/"}]}},"_links":{"self":[{"href":"https:\/\/www.24gliwice.pl\/wiadomosci\/wp-json\/wp\/v2\/posts\/180468","targetHints":{"allow":["GET"]}}],"collection":[{"href":"https:\/\/www.24gliwice.pl\/wiadomosci\/wp-json\/wp\/v2\/posts"}],"about":[{"href":"https:\/\/www.24gliwice.pl\/wiadomosci\/wp-json\/wp\/v2\/types\/post"}],"author":[{"embeddable":true,"href":"https:\/\/www.24gliwice.pl\/wiadomosci\/wp-json\/wp\/v2\/users\/15"}],"replies":[{"embeddable":true,"href":"https:\/\/www.24gliwice.pl\/wiadomosci\/wp-json\/wp\/v2\/comments?post=180468"}],"version-history":[{"count":0,"href":"https:\/\/www.24gliwice.pl\/wiadomosci\/wp-json\/wp\/v2\/posts\/180468\/revisions"}],"wp:featuredmedia":[{"embeddable":true,"href":"https:\/\/www.24gliwice.pl\/wiadomosci\/wp-json\/wp\/v2\/media\/124850"}],"wp:attachment":[{"href":"https:\/\/www.24gliwice.pl\/wiadomosci\/wp-json\/wp\/v2\/media?parent=180468"}],"wp:term":[{"taxonomy":"category","embeddable":true,"href":"https:\/\/www.24gliwice.pl\/wiadomosci\/wp-json\/wp\/v2\/categories?post=180468"},{"taxonomy":"post_tag","embeddable":true,"href":"https:\/\/www.24gliwice.pl\/wiadomosci\/wp-json\/wp\/v2\/tags?post=180468"}],"curies":[{"name":"wp","href":"https:\/\/api.w.org\/{rel}","templated":true}]}}