{"id":180697,"date":"2021-11-12T15:23:05","date_gmt":"2021-11-12T14:23:05","guid":{"rendered":"https:\/\/www.24gliwice.pl\/wiadomosci\/?p=180697"},"modified":"2021-11-12T15:23:05","modified_gmt":"2021-11-12T14:23:05","slug":"ballerina-wystawa-prac-arkadiusza-branickiego-w-galerii-art-studio-wernisaz-juz-w-sobote","status":"publish","type":"post","link":"https:\/\/www.24gliwice.pl\/wiadomosci\/ballerina-wystawa-prac-arkadiusza-branickiego-w-galerii-art-studio-wernisaz-juz-w-sobote\/","title":{"rendered":"\u201eBallerina\u201d wystawa prac Arkadiusza Branickiego w Galerii ART-STUDIO. Wernisa\u017c ju\u017c w sobot\u0119"},"content":{"rendered":"<div class=\"gliwi-a6-nad-leadem-artykulow gliwi-entity-placement\" id=\"gliwi-99671326\"><div class=\"gliwi-adlabel\"><span style=\"font-size: 9px\">REKLAMA<\/span><\/div><div id=\"gliwi-1483348327\" style=\"margin-bottom: 30px;margin-left: auto;margin-right: auto;text-align: center;\"><a data-no-instant=\"1\" href=\"https:\/\/przedszkole.halogen.org.pl\/\" rel=\"noopener\" class=\"a2t-link\" target=\"_blank\" aria-label=\"20260402-ANIMATOR-przedszkole_grafika_750x200\"><img loading=\"lazy\" decoding=\"async\" src=\"https:\/\/www.24gliwice.pl\/wiadomosci\/wp-content\/uploads\/2026\/04\/20260402-ANIMATOR-przedszkole_grafika_750x200.webp\" alt=\"\"  srcset=\"https:\/\/www.24gliwice.pl\/wiadomosci\/wp-content\/uploads\/2026\/04\/20260402-ANIMATOR-przedszkole_grafika_750x200.webp 750w, https:\/\/www.24gliwice.pl\/wiadomosci\/wp-content\/uploads\/2026\/04\/20260402-ANIMATOR-przedszkole_grafika_750x200-410x109.webp 410w\" sizes=\"(max-width: 750px) 100vw, 750px\" class=\"no-lazyload\" width=\"750\" height=\"200\"  style=\"display: inline-block; max-width: 100%; height: auto;\" \/><\/a><\/div><\/div><h2>Przed nami wernisa\u017c wystawy fotografii Arkadiusza Branickiego pt. \u201eBallerina\u201d w Galerii ART-STUDIO, kt\u00f3ry rozpocznie si\u0119 w sobot\u0119, 13 listopada, o godzinie 17:00. W\u00a0trakcie tego wyj\u0105tkowego wydarzenia obecny b\u0119dzie nie tylko sam fotografik, ale r\u00f3wnie\u017c jego muza Natalia Trafankowska \u2013 solistka baletowa z Teatru Wielkiego w Poznaniu.<\/h2>\n<p>&nbsp;<br \/>\nRozpocz\u0119ta w 2012 roku wsp\u00f3\u0142praca artysty-fotografa z artystk\u0105-tancerk\u0105 zaowocowa\u0142a powstaniem wielu znakomitych prac, nagradzanych w mi\u0119dzynarodowych konkursach w Linz, Moskwie, Tokio czy Londynie. Siedem lat temu <strong>Arkadiusz Branicki<\/strong> zdecydowa\u0142 si\u0119 na prezentacje swojej tw\u00f3rczo\u015bci poprzez autorskie kalendarze fotograficzne.<\/p>\n<h4>Kalendarze s\u0105 unikatowe, sygnowane i powstaj\u0105 w limitowanej ilo\u015bci &#8211; przez niekt\u00f3rych por\u00f3wnywane s\u0105 do kalendarzy Pirelliego. Kalendarz na rok 2022 zostanie zaprezentowany podczas wernisa\u017cu wystawy.<\/h4>\n<p>Za tegoroczny temat kalendarza fotografik wybra\u0142 dwana\u015bcie zdj\u0119\u0107 powsta\u0142ych na przestrzeni dziesi\u0119ciu lat wsp\u00f3\u0142pracy z <strong>Natali\u0105 Trafankowsk\u0105<\/strong>. Jest to te\u017c zarazem moment symboliczny, poniewa\u017c artystka ko\u0144czy karier\u0119 jako solistka baletowa Teatru Wielkiego w Poznaniu, z kt\u00f3rym zwi\u0105zana by\u0142a przez kilkadziesi\u0105t lat swojego zawodowego \u017cycia.<\/p><div class=\"gliwi-a3-w-tresci-artykulow gliwi-entity-placement\" id=\"gliwi-479348751\"><div class=\"gliwi-adlabel\"><span style=\"font-size: 9px\">REKLAMA<\/span><\/div><div id=\"gliwi-3943135249\" style=\"margin-bottom: 30px;margin-left: auto;margin-right: auto;text-align: center;\"><a data-no-instant=\"1\" href=\"https:\/\/ogrodyandersa.pl\/\" rel=\"noopener\" class=\"a2t-link\" target=\"_blank\" aria-label=\"20260415 Ogrody Andersa KUP TERAZ D\"><img loading=\"lazy\" decoding=\"async\" src=\"https:\/\/www.24gliwice.pl\/wiadomosci\/wp-content\/uploads\/2026\/04\/20260415-Ogrody-Andersa-KUP-TERAZ-D.jpg\" alt=\"\"  srcset=\"https:\/\/www.24gliwice.pl\/wiadomosci\/wp-content\/uploads\/2026\/04\/20260415-Ogrody-Andersa-KUP-TERAZ-D.jpg 750w, https:\/\/www.24gliwice.pl\/wiadomosci\/wp-content\/uploads\/2026\/04\/20260415-Ogrody-Andersa-KUP-TERAZ-D-410x109.jpg 410w\" sizes=\"(max-width: 750px) 100vw, 750px\" class=\"no-lazyload\" width=\"750\" height=\"200\"  style=\"display: inline-block; max-width: 100%; height: auto;\" \/><\/a><\/div><\/div>\n<p><a href=\"https:\/\/www.24gliwice.pl\/wiadomosci\/wp-content\/uploads\/2021\/11\/ballerina2.jpg\"><img loading=\"lazy\" decoding=\"async\" class=\"alignnone  wp-image-180702\" src=\"https:\/\/www.24gliwice.pl\/wiadomosci\/wp-content\/uploads\/2021\/11\/ballerina2.jpg\" alt=\"\" width=\"1234\" height=\"1726\" srcset=\"https:\/\/www.24gliwice.pl\/wiadomosci\/wp-content\/uploads\/2021\/11\/ballerina2.jpg 579w, https:\/\/www.24gliwice.pl\/wiadomosci\/wp-content\/uploads\/2021\/11\/ballerina2-166x232.jpg 166w, https:\/\/www.24gliwice.pl\/wiadomosci\/wp-content\/uploads\/2021\/11\/ballerina2-325x455.jpg 325w\" sizes=\"auto, (max-width: 1234px) 100vw, 1234px\" \/><\/a><\/p>\n<p>Warto wspomnie\u0107, i\u017c wkr\u00f3tce minie dekada odk\u0105d w Galerii ART-STUDIO prowadzonej przez <strong>Leszka S\u0142abickiego<\/strong> odby\u0142a si\u0119 pierwsza wystawa fotografii Arkadiusza Branickiego. Jest zatem co \u015bwi\u0119towa\u0107, bo okr\u0105g\u0142ych i symbolicznych rocznic jest wiele.<\/p>\n<p>Drug\u0105 ods\u0142on\u0105 tego wydarzenia b\u0119dzie przegl\u0105d wszystkich zdj\u0119\u0107 Natalii Trafankowskiej, kt\u00f3re nie zmie\u015bci\u0142y si\u0119 w kalendarzu, wykonanych przez Arkadiusza Branickiego. Pokaz odb\u0119dzie si\u0119 zaraz po wernisa\u017cu, w Restauracji \u201eGood Place\u201d.<\/p>\n<p><strong>\u201eBallerina\u201d wystawa prac Arkadiusza Branickiego<\/strong><br \/>\nGaleria ART-STUDIO<br \/>\nul. Kaczyniec 26<br \/>\n13.11 \u2013 30.11.2021<\/p>\n<p>mat. pras.<\/p>\n<div class=\"gliwi-a5-na-koncu-artykulow gliwi-entity-placement\" id=\"gliwi-779865321\"><div class=\"gliwi-adlabel\"><span style=\"font-size: 9px\">REKLAMA<\/span><\/div><div id=\"gliwi-977845431\" style=\"margin-left: auto;margin-right: auto;text-align: center;\"><a data-no-instant=\"1\" href=\"https:\/\/prezeroarenagliwice.pl\/\" rel=\"noopener\" class=\"a2t-link\" target=\"_blank\" aria-label=\"20260309-PREZERO-WIOSNA-D\"><img loading=\"lazy\" decoding=\"async\" src=\"https:\/\/www.24gliwice.pl\/wiadomosci\/wp-content\/uploads\/2026\/03\/20260309-PREZERO-WIOSNA-D.webp\" alt=\"\"  srcset=\"https:\/\/www.24gliwice.pl\/wiadomosci\/wp-content\/uploads\/2026\/03\/20260309-PREZERO-WIOSNA-D.webp 750w, https:\/\/www.24gliwice.pl\/wiadomosci\/wp-content\/uploads\/2026\/03\/20260309-PREZERO-WIOSNA-D-410x109.webp 410w\" sizes=\"(max-width: 750px) 100vw, 750px\" class=\"no-lazyload\" width=\"750\" height=\"200\"  style=\"display: inline-block; max-width: 100%; height: auto;\" \/><\/a><\/div><\/div>","protected":false},"excerpt":{"rendered":"<p>Przed nami wernisa\u017c wystawy fotografii Arkadiusza Branickiego pt. \u201eBallerina\u201d w Galerii ART-STUDIO, kt\u00f3ry rozpocznie si\u0119 w sobot\u0119, 13 listopada, o godzinie 17:00. W\u00a0trakcie tego wyj\u0105tkowego wydarzenia obecny b\u0119dzie nie tylko sam fotografik, ale r\u00f3wnie\u017c jego muza Natalia Trafankowska \u2013 solistka baletowa z Teatru Wielkiego w Poznaniu. &nbsp; Rozpocz\u0119ta w 2012 roku wsp\u00f3\u0142praca artysty-fotografa z artystk\u0105-tancerk\u0105 [&hellip;]<\/p>\n","protected":false},"author":15,"featured_media":180701,"comment_status":"open","ping_status":"closed","sticky":false,"template":"","format":"standard","meta":{"_monsterinsights_skip_tracking":false,"_monsterinsights_sitenote_active":false,"_monsterinsights_sitenote_note":"","_monsterinsights_sitenote_category":0,"footnotes":"","_links_to":"","_links_to_target":""},"categories":[3,6,1],"tags":[],"class_list":["post-180697","post","type-post","status-publish","format-standard","has-post-thumbnail","hentry","category-gliwice","category-kultura","category-wszystko"],"yoast_head":"<!-- This site is optimized with the Yoast SEO plugin v27.4 - https:\/\/yoast.com\/product\/yoast-seo-wordpress\/ -->\n<title>\u201eBallerina\u201d wystawa prac Arkadiusza Branickiego w Galerii ART-STUDIO. Wernisa\u017c ju\u017c w sobot\u0119 - 24GLIWICE - Portal Gliwice | codziennie nowe informacje<\/title>\n<meta name=\"robots\" content=\"index, follow, max-snippet:-1, max-image-preview:large, max-video-preview:-1\" \/>\n<link rel=\"canonical\" href=\"https:\/\/www.24gliwice.pl\/wiadomosci\/ballerina-wystawa-prac-arkadiusza-branickiego-w-galerii-art-studio-wernisaz-juz-w-sobote\/\" \/>\n<meta property=\"og:locale\" content=\"pl_PL\" \/>\n<meta property=\"og:type\" content=\"article\" \/>\n<meta property=\"og:title\" content=\"\u201eBallerina\u201d wystawa prac Arkadiusza Branickiego w Galerii ART-STUDIO. Wernisa\u017c ju\u017c w sobot\u0119 - 24GLIWICE - Portal Gliwice | codziennie nowe informacje\" \/>\n<meta property=\"og:description\" content=\"Przed nami wernisa\u017c wystawy fotografii Arkadiusza Branickiego pt. \u201eBallerina\u201d w Galerii ART-STUDIO, kt\u00f3ry rozpocznie si\u0119 w sobot\u0119, 13 listopada, o godzinie 17:00. W\u00a0trakcie tego wyj\u0105tkowego wydarzenia obecny b\u0119dzie nie tylko sam fotografik, ale r\u00f3wnie\u017c jego muza Natalia Trafankowska \u2013 solistka baletowa z Teatru Wielkiego w Poznaniu. &nbsp; Rozpocz\u0119ta w 2012 roku wsp\u00f3\u0142praca artysty-fotografa z artystk\u0105-tancerk\u0105 [&hellip;]\" \/>\n<meta property=\"og:url\" content=\"https:\/\/www.24gliwice.pl\/wiadomosci\/ballerina-wystawa-prac-arkadiusza-branickiego-w-galerii-art-studio-wernisaz-juz-w-sobote\/\" \/>\n<meta property=\"og:site_name\" content=\"24GLIWICE - Portal Gliwice | codziennie nowe informacje\" \/>\n<meta property=\"article:publisher\" content=\"https:\/\/www.facebook.com\/24gliwice\" \/>\n<meta property=\"article:published_time\" content=\"2021-11-12T14:23:05+00:00\" \/>\n<meta property=\"og:image\" content=\"https:\/\/www.24gliwice.pl\/wiadomosci\/wp-content\/uploads\/2021\/11\/ballerina.jpg\" \/>\n\t<meta property=\"og:image:width\" content=\"810\" \/>\n\t<meta property=\"og:image:height\" content=\"455\" \/>\n\t<meta property=\"og:image:type\" content=\"image\/jpeg\" \/>\n<meta name=\"author\" content=\"\u017baneta Mrozek-Siewierska\" \/>\n<meta name=\"twitter:card\" content=\"summary_large_image\" \/>\n<meta name=\"twitter:creator\" content=\"@24gliwice\" \/>\n<meta name=\"twitter:site\" content=\"@24gliwice\" \/>\n<meta name=\"twitter:label1\" content=\"Napisane przez\" \/>\n\t<meta name=\"twitter:data1\" content=\"\u017baneta Mrozek-Siewierska\" \/>\n\t<meta name=\"twitter:label2\" content=\"Szacowany czas czytania\" \/>\n\t<meta name=\"twitter:data2\" content=\"1 minuta\" \/>\n<script type=\"application\/ld+json\" class=\"yoast-schema-graph\">{\"@context\":\"https:\\\/\\\/schema.org\",\"@graph\":[{\"@type\":\"Article\",\"@id\":\"https:\\\/\\\/www.24gliwice.pl\\\/wiadomosci\\\/ballerina-wystawa-prac-arkadiusza-branickiego-w-galerii-art-studio-wernisaz-juz-w-sobote\\\/#article\",\"isPartOf\":{\"@id\":\"https:\\\/\\\/www.24gliwice.pl\\\/wiadomosci\\\/ballerina-wystawa-prac-arkadiusza-branickiego-w-galerii-art-studio-wernisaz-juz-w-sobote\\\/\"},\"author\":{\"name\":\"\u017baneta Mrozek-Siewierska\",\"@id\":\"https:\\\/\\\/www.24gliwice.pl\\\/wiadomosci\\\/#\\\/schema\\\/person\\\/e42c650edd7f2fa332be3811fb166b6e\"},\"headline\":\"\u201eBallerina\u201d wystawa prac Arkadiusza Branickiego w Galerii ART-STUDIO. Wernisa\u017c ju\u017c w sobot\u0119\",\"datePublished\":\"2021-11-12T14:23:05+00:00\",\"mainEntityOfPage\":{\"@id\":\"https:\\\/\\\/www.24gliwice.pl\\\/wiadomosci\\\/ballerina-wystawa-prac-arkadiusza-branickiego-w-galerii-art-studio-wernisaz-juz-w-sobote\\\/\"},\"wordCount\":275,\"commentCount\":0,\"publisher\":{\"@id\":\"https:\\\/\\\/www.24gliwice.pl\\\/wiadomosci\\\/#organization\"},\"image\":{\"@id\":\"https:\\\/\\\/www.24gliwice.pl\\\/wiadomosci\\\/ballerina-wystawa-prac-arkadiusza-branickiego-w-galerii-art-studio-wernisaz-juz-w-sobote\\\/#primaryimage\"},\"thumbnailUrl\":\"https:\\\/\\\/www.24gliwice.pl\\\/wiadomosci\\\/wp-content\\\/uploads\\\/2021\\\/11\\\/ballerina.jpg\",\"articleSection\":[\"Gliwice\",\"Kultura, wydarzenia, imprezy\",\"Najnowsze wiadomo\u015bci\"],\"inLanguage\":\"pl-PL\",\"potentialAction\":[{\"@type\":\"CommentAction\",\"name\":\"Comment\",\"target\":[\"https:\\\/\\\/www.24gliwice.pl\\\/wiadomosci\\\/ballerina-wystawa-prac-arkadiusza-branickiego-w-galerii-art-studio-wernisaz-juz-w-sobote\\\/#respond\"]}]},{\"@type\":\"WebPage\",\"@id\":\"https:\\\/\\\/www.24gliwice.pl\\\/wiadomosci\\\/ballerina-wystawa-prac-arkadiusza-branickiego-w-galerii-art-studio-wernisaz-juz-w-sobote\\\/\",\"url\":\"https:\\\/\\\/www.24gliwice.pl\\\/wiadomosci\\\/ballerina-wystawa-prac-arkadiusza-branickiego-w-galerii-art-studio-wernisaz-juz-w-sobote\\\/\",\"name\":\"\u201eBallerina\u201d wystawa prac Arkadiusza Branickiego w Galerii ART-STUDIO. Wernisa\u017c ju\u017c w sobot\u0119 - 24GLIWICE - Portal Gliwice | codziennie nowe informacje\",\"isPartOf\":{\"@id\":\"https:\\\/\\\/www.24gliwice.pl\\\/wiadomosci\\\/#website\"},\"primaryImageOfPage\":{\"@id\":\"https:\\\/\\\/www.24gliwice.pl\\\/wiadomosci\\\/ballerina-wystawa-prac-arkadiusza-branickiego-w-galerii-art-studio-wernisaz-juz-w-sobote\\\/#primaryimage\"},\"image\":{\"@id\":\"https:\\\/\\\/www.24gliwice.pl\\\/wiadomosci\\\/ballerina-wystawa-prac-arkadiusza-branickiego-w-galerii-art-studio-wernisaz-juz-w-sobote\\\/#primaryimage\"},\"thumbnailUrl\":\"https:\\\/\\\/www.24gliwice.pl\\\/wiadomosci\\\/wp-content\\\/uploads\\\/2021\\\/11\\\/ballerina.jpg\",\"datePublished\":\"2021-11-12T14:23:05+00:00\",\"breadcrumb\":{\"@id\":\"https:\\\/\\\/www.24gliwice.pl\\\/wiadomosci\\\/ballerina-wystawa-prac-arkadiusza-branickiego-w-galerii-art-studio-wernisaz-juz-w-sobote\\\/#breadcrumb\"},\"inLanguage\":\"pl-PL\",\"potentialAction\":[{\"@type\":\"ReadAction\",\"target\":[\"https:\\\/\\\/www.24gliwice.pl\\\/wiadomosci\\\/ballerina-wystawa-prac-arkadiusza-branickiego-w-galerii-art-studio-wernisaz-juz-w-sobote\\\/\"]}]},{\"@type\":\"ImageObject\",\"inLanguage\":\"pl-PL\",\"@id\":\"https:\\\/\\\/www.24gliwice.pl\\\/wiadomosci\\\/ballerina-wystawa-prac-arkadiusza-branickiego-w-galerii-art-studio-wernisaz-juz-w-sobote\\\/#primaryimage\",\"url\":\"https:\\\/\\\/www.24gliwice.pl\\\/wiadomosci\\\/wp-content\\\/uploads\\\/2021\\\/11\\\/ballerina.jpg\",\"contentUrl\":\"https:\\\/\\\/www.24gliwice.pl\\\/wiadomosci\\\/wp-content\\\/uploads\\\/2021\\\/11\\\/ballerina.jpg\",\"width\":810,\"height\":455},{\"@type\":\"BreadcrumbList\",\"@id\":\"https:\\\/\\\/www.24gliwice.pl\\\/wiadomosci\\\/ballerina-wystawa-prac-arkadiusza-branickiego-w-galerii-art-studio-wernisaz-juz-w-sobote\\\/#breadcrumb\",\"itemListElement\":[{\"@type\":\"ListItem\",\"position\":1,\"name\":\"Strona g\u0142\u00f3wna\",\"item\":\"https:\\\/\\\/www.24gliwice.pl\\\/wiadomosci\\\/\"},{\"@type\":\"ListItem\",\"position\":2,\"name\":\"\u201eBallerina\u201d wystawa prac Arkadiusza Branickiego w Galerii ART-STUDIO. Wernisa\u017c ju\u017c w sobot\u0119\"}]},{\"@type\":\"WebSite\",\"@id\":\"https:\\\/\\\/www.24gliwice.pl\\\/wiadomosci\\\/#website\",\"url\":\"https:\\\/\\\/www.24gliwice.pl\\\/wiadomosci\\\/\",\"name\":\"24GLIWICE - Portal Gliwice | codziennie nowe wiadomo\u015bci\",\"description\":\"Portal Miejski Gliwice\",\"publisher\":{\"@id\":\"https:\\\/\\\/www.24gliwice.pl\\\/wiadomosci\\\/#organization\"},\"potentialAction\":[{\"@type\":\"SearchAction\",\"target\":{\"@type\":\"EntryPoint\",\"urlTemplate\":\"https:\\\/\\\/www.24gliwice.pl\\\/wiadomosci\\\/?s={search_term_string}\"},\"query-input\":{\"@type\":\"PropertyValueSpecification\",\"valueRequired\":true,\"valueName\":\"search_term_string\"}}],\"inLanguage\":\"pl-PL\"},{\"@type\":\"Organization\",\"@id\":\"https:\\\/\\\/www.24gliwice.pl\\\/wiadomosci\\\/#organization\",\"name\":\"24gliwice\",\"url\":\"https:\\\/\\\/www.24gliwice.pl\\\/wiadomosci\\\/\",\"logo\":{\"@type\":\"ImageObject\",\"inLanguage\":\"pl-PL\",\"@id\":\"https:\\\/\\\/www.24gliwice.pl\\\/wiadomosci\\\/#\\\/schema\\\/logo\\\/image\\\/\",\"url\":\"https:\\\/\\\/www.24gliwice.pl\\\/wiadomosci\\\/wp-content\\\/uploads\\\/2024\\\/10\\\/24gliwice-logo-696.jpg\",\"contentUrl\":\"https:\\\/\\\/www.24gliwice.pl\\\/wiadomosci\\\/wp-content\\\/uploads\\\/2024\\\/10\\\/24gliwice-logo-696.jpg\",\"width\":696,\"height\":696,\"caption\":\"24gliwice\"},\"image\":{\"@id\":\"https:\\\/\\\/www.24gliwice.pl\\\/wiadomosci\\\/#\\\/schema\\\/logo\\\/image\\\/\"},\"sameAs\":[\"https:\\\/\\\/www.facebook.com\\\/24gliwice\",\"https:\\\/\\\/x.com\\\/24gliwice\",\"https:\\\/\\\/www.youtube.com\\\/@24gliwice\"]},{\"@type\":\"Person\",\"@id\":\"https:\\\/\\\/www.24gliwice.pl\\\/wiadomosci\\\/#\\\/schema\\\/person\\\/e42c650edd7f2fa332be3811fb166b6e\",\"name\":\"\u017baneta Mrozek-Siewierska\",\"image\":{\"@type\":\"ImageObject\",\"inLanguage\":\"pl-PL\",\"@id\":\"https:\\\/\\\/www.24gliwice.pl\\\/wiadomosci\\\/wp-content\\\/uploads\\\/2021\\\/11\\\/Zaneta-M_S-zdjecie-czb-96x96.jpg\",\"url\":\"https:\\\/\\\/www.24gliwice.pl\\\/wiadomosci\\\/wp-content\\\/uploads\\\/2021\\\/11\\\/Zaneta-M_S-zdjecie-czb-96x96.jpg\",\"contentUrl\":\"https:\\\/\\\/www.24gliwice.pl\\\/wiadomosci\\\/wp-content\\\/uploads\\\/2021\\\/11\\\/Zaneta-M_S-zdjecie-czb-96x96.jpg\",\"caption\":\"\u017baneta Mrozek-Siewierska\"},\"url\":\"https:\\\/\\\/www.24gliwice.pl\\\/wiadomosci\\\/author\\\/zms\\\/\"}]}<\/script>\n<!-- \/ Yoast SEO plugin. -->","yoast_head_json":{"title":"\u201eBallerina\u201d wystawa prac Arkadiusza Branickiego w Galerii ART-STUDIO. Wernisa\u017c ju\u017c w sobot\u0119 - 24GLIWICE - Portal Gliwice | codziennie nowe informacje","robots":{"index":"index","follow":"follow","max-snippet":"max-snippet:-1","max-image-preview":"max-image-preview:large","max-video-preview":"max-video-preview:-1"},"canonical":"https:\/\/www.24gliwice.pl\/wiadomosci\/ballerina-wystawa-prac-arkadiusza-branickiego-w-galerii-art-studio-wernisaz-juz-w-sobote\/","og_locale":"pl_PL","og_type":"article","og_title":"\u201eBallerina\u201d wystawa prac Arkadiusza Branickiego w Galerii ART-STUDIO. Wernisa\u017c ju\u017c w sobot\u0119 - 24GLIWICE - Portal Gliwice | codziennie nowe informacje","og_description":"Przed nami wernisa\u017c wystawy fotografii Arkadiusza Branickiego pt. \u201eBallerina\u201d w Galerii ART-STUDIO, kt\u00f3ry rozpocznie si\u0119 w sobot\u0119, 13 listopada, o godzinie 17:00. W\u00a0trakcie tego wyj\u0105tkowego wydarzenia obecny b\u0119dzie nie tylko sam fotografik, ale r\u00f3wnie\u017c jego muza Natalia Trafankowska \u2013 solistka baletowa z Teatru Wielkiego w Poznaniu. &nbsp; Rozpocz\u0119ta w 2012 roku wsp\u00f3\u0142praca artysty-fotografa z artystk\u0105-tancerk\u0105 [&hellip;]","og_url":"https:\/\/www.24gliwice.pl\/wiadomosci\/ballerina-wystawa-prac-arkadiusza-branickiego-w-galerii-art-studio-wernisaz-juz-w-sobote\/","og_site_name":"24GLIWICE - Portal Gliwice | codziennie nowe informacje","article_publisher":"https:\/\/www.facebook.com\/24gliwice","article_published_time":"2021-11-12T14:23:05+00:00","og_image":[{"width":810,"height":455,"url":"https:\/\/www.24gliwice.pl\/wiadomosci\/wp-content\/uploads\/2021\/11\/ballerina.jpg","type":"image\/jpeg"}],"author":"\u017baneta Mrozek-Siewierska","twitter_card":"summary_large_image","twitter_creator":"@24gliwice","twitter_site":"@24gliwice","twitter_misc":{"Napisane przez":"\u017baneta Mrozek-Siewierska","Szacowany czas czytania":"1 minuta"},"schema":{"@context":"https:\/\/schema.org","@graph":[{"@type":"Article","@id":"https:\/\/www.24gliwice.pl\/wiadomosci\/ballerina-wystawa-prac-arkadiusza-branickiego-w-galerii-art-studio-wernisaz-juz-w-sobote\/#article","isPartOf":{"@id":"https:\/\/www.24gliwice.pl\/wiadomosci\/ballerina-wystawa-prac-arkadiusza-branickiego-w-galerii-art-studio-wernisaz-juz-w-sobote\/"},"author":{"name":"\u017baneta Mrozek-Siewierska","@id":"https:\/\/www.24gliwice.pl\/wiadomosci\/#\/schema\/person\/e42c650edd7f2fa332be3811fb166b6e"},"headline":"\u201eBallerina\u201d wystawa prac Arkadiusza Branickiego w Galerii ART-STUDIO. Wernisa\u017c ju\u017c w sobot\u0119","datePublished":"2021-11-12T14:23:05+00:00","mainEntityOfPage":{"@id":"https:\/\/www.24gliwice.pl\/wiadomosci\/ballerina-wystawa-prac-arkadiusza-branickiego-w-galerii-art-studio-wernisaz-juz-w-sobote\/"},"wordCount":275,"commentCount":0,"publisher":{"@id":"https:\/\/www.24gliwice.pl\/wiadomosci\/#organization"},"image":{"@id":"https:\/\/www.24gliwice.pl\/wiadomosci\/ballerina-wystawa-prac-arkadiusza-branickiego-w-galerii-art-studio-wernisaz-juz-w-sobote\/#primaryimage"},"thumbnailUrl":"https:\/\/www.24gliwice.pl\/wiadomosci\/wp-content\/uploads\/2021\/11\/ballerina.jpg","articleSection":["Gliwice","Kultura, wydarzenia, imprezy","Najnowsze wiadomo\u015bci"],"inLanguage":"pl-PL","potentialAction":[{"@type":"CommentAction","name":"Comment","target":["https:\/\/www.24gliwice.pl\/wiadomosci\/ballerina-wystawa-prac-arkadiusza-branickiego-w-galerii-art-studio-wernisaz-juz-w-sobote\/#respond"]}]},{"@type":"WebPage","@id":"https:\/\/www.24gliwice.pl\/wiadomosci\/ballerina-wystawa-prac-arkadiusza-branickiego-w-galerii-art-studio-wernisaz-juz-w-sobote\/","url":"https:\/\/www.24gliwice.pl\/wiadomosci\/ballerina-wystawa-prac-arkadiusza-branickiego-w-galerii-art-studio-wernisaz-juz-w-sobote\/","name":"\u201eBallerina\u201d wystawa prac Arkadiusza Branickiego w Galerii ART-STUDIO. Wernisa\u017c ju\u017c w sobot\u0119 - 24GLIWICE - Portal Gliwice | codziennie nowe informacje","isPartOf":{"@id":"https:\/\/www.24gliwice.pl\/wiadomosci\/#website"},"primaryImageOfPage":{"@id":"https:\/\/www.24gliwice.pl\/wiadomosci\/ballerina-wystawa-prac-arkadiusza-branickiego-w-galerii-art-studio-wernisaz-juz-w-sobote\/#primaryimage"},"image":{"@id":"https:\/\/www.24gliwice.pl\/wiadomosci\/ballerina-wystawa-prac-arkadiusza-branickiego-w-galerii-art-studio-wernisaz-juz-w-sobote\/#primaryimage"},"thumbnailUrl":"https:\/\/www.24gliwice.pl\/wiadomosci\/wp-content\/uploads\/2021\/11\/ballerina.jpg","datePublished":"2021-11-12T14:23:05+00:00","breadcrumb":{"@id":"https:\/\/www.24gliwice.pl\/wiadomosci\/ballerina-wystawa-prac-arkadiusza-branickiego-w-galerii-art-studio-wernisaz-juz-w-sobote\/#breadcrumb"},"inLanguage":"pl-PL","potentialAction":[{"@type":"ReadAction","target":["https:\/\/www.24gliwice.pl\/wiadomosci\/ballerina-wystawa-prac-arkadiusza-branickiego-w-galerii-art-studio-wernisaz-juz-w-sobote\/"]}]},{"@type":"ImageObject","inLanguage":"pl-PL","@id":"https:\/\/www.24gliwice.pl\/wiadomosci\/ballerina-wystawa-prac-arkadiusza-branickiego-w-galerii-art-studio-wernisaz-juz-w-sobote\/#primaryimage","url":"https:\/\/www.24gliwice.pl\/wiadomosci\/wp-content\/uploads\/2021\/11\/ballerina.jpg","contentUrl":"https:\/\/www.24gliwice.pl\/wiadomosci\/wp-content\/uploads\/2021\/11\/ballerina.jpg","width":810,"height":455},{"@type":"BreadcrumbList","@id":"https:\/\/www.24gliwice.pl\/wiadomosci\/ballerina-wystawa-prac-arkadiusza-branickiego-w-galerii-art-studio-wernisaz-juz-w-sobote\/#breadcrumb","itemListElement":[{"@type":"ListItem","position":1,"name":"Strona g\u0142\u00f3wna","item":"https:\/\/www.24gliwice.pl\/wiadomosci\/"},{"@type":"ListItem","position":2,"name":"\u201eBallerina\u201d wystawa prac Arkadiusza Branickiego w Galerii ART-STUDIO. Wernisa\u017c ju\u017c w sobot\u0119"}]},{"@type":"WebSite","@id":"https:\/\/www.24gliwice.pl\/wiadomosci\/#website","url":"https:\/\/www.24gliwice.pl\/wiadomosci\/","name":"24GLIWICE - Portal Gliwice | codziennie nowe wiadomo\u015bci","description":"Portal Miejski Gliwice","publisher":{"@id":"https:\/\/www.24gliwice.pl\/wiadomosci\/#organization"},"potentialAction":[{"@type":"SearchAction","target":{"@type":"EntryPoint","urlTemplate":"https:\/\/www.24gliwice.pl\/wiadomosci\/?s={search_term_string}"},"query-input":{"@type":"PropertyValueSpecification","valueRequired":true,"valueName":"search_term_string"}}],"inLanguage":"pl-PL"},{"@type":"Organization","@id":"https:\/\/www.24gliwice.pl\/wiadomosci\/#organization","name":"24gliwice","url":"https:\/\/www.24gliwice.pl\/wiadomosci\/","logo":{"@type":"ImageObject","inLanguage":"pl-PL","@id":"https:\/\/www.24gliwice.pl\/wiadomosci\/#\/schema\/logo\/image\/","url":"https:\/\/www.24gliwice.pl\/wiadomosci\/wp-content\/uploads\/2024\/10\/24gliwice-logo-696.jpg","contentUrl":"https:\/\/www.24gliwice.pl\/wiadomosci\/wp-content\/uploads\/2024\/10\/24gliwice-logo-696.jpg","width":696,"height":696,"caption":"24gliwice"},"image":{"@id":"https:\/\/www.24gliwice.pl\/wiadomosci\/#\/schema\/logo\/image\/"},"sameAs":["https:\/\/www.facebook.com\/24gliwice","https:\/\/x.com\/24gliwice","https:\/\/www.youtube.com\/@24gliwice"]},{"@type":"Person","@id":"https:\/\/www.24gliwice.pl\/wiadomosci\/#\/schema\/person\/e42c650edd7f2fa332be3811fb166b6e","name":"\u017baneta Mrozek-Siewierska","image":{"@type":"ImageObject","inLanguage":"pl-PL","@id":"https:\/\/www.24gliwice.pl\/wiadomosci\/wp-content\/uploads\/2021\/11\/Zaneta-M_S-zdjecie-czb-96x96.jpg","url":"https:\/\/www.24gliwice.pl\/wiadomosci\/wp-content\/uploads\/2021\/11\/Zaneta-M_S-zdjecie-czb-96x96.jpg","contentUrl":"https:\/\/www.24gliwice.pl\/wiadomosci\/wp-content\/uploads\/2021\/11\/Zaneta-M_S-zdjecie-czb-96x96.jpg","caption":"\u017baneta Mrozek-Siewierska"},"url":"https:\/\/www.24gliwice.pl\/wiadomosci\/author\/zms\/"}]}},"_links":{"self":[{"href":"https:\/\/www.24gliwice.pl\/wiadomosci\/wp-json\/wp\/v2\/posts\/180697","targetHints":{"allow":["GET"]}}],"collection":[{"href":"https:\/\/www.24gliwice.pl\/wiadomosci\/wp-json\/wp\/v2\/posts"}],"about":[{"href":"https:\/\/www.24gliwice.pl\/wiadomosci\/wp-json\/wp\/v2\/types\/post"}],"author":[{"embeddable":true,"href":"https:\/\/www.24gliwice.pl\/wiadomosci\/wp-json\/wp\/v2\/users\/15"}],"replies":[{"embeddable":true,"href":"https:\/\/www.24gliwice.pl\/wiadomosci\/wp-json\/wp\/v2\/comments?post=180697"}],"version-history":[{"count":7,"href":"https:\/\/www.24gliwice.pl\/wiadomosci\/wp-json\/wp\/v2\/posts\/180697\/revisions"}],"predecessor-version":[{"id":180721,"href":"https:\/\/www.24gliwice.pl\/wiadomosci\/wp-json\/wp\/v2\/posts\/180697\/revisions\/180721"}],"wp:featuredmedia":[{"embeddable":true,"href":"https:\/\/www.24gliwice.pl\/wiadomosci\/wp-json\/wp\/v2\/media\/180701"}],"wp:attachment":[{"href":"https:\/\/www.24gliwice.pl\/wiadomosci\/wp-json\/wp\/v2\/media?parent=180697"}],"wp:term":[{"taxonomy":"category","embeddable":true,"href":"https:\/\/www.24gliwice.pl\/wiadomosci\/wp-json\/wp\/v2\/categories?post=180697"},{"taxonomy":"post_tag","embeddable":true,"href":"https:\/\/www.24gliwice.pl\/wiadomosci\/wp-json\/wp\/v2\/tags?post=180697"}],"curies":[{"name":"wp","href":"https:\/\/api.w.org\/{rel}","templated":true}]}}