{"id":180741,"date":"2021-11-25T17:02:28","date_gmt":"2021-11-25T16:02:28","guid":{"rendered":"https:\/\/www.24gliwice.pl\/wiadomosci\/?p=180741"},"modified":"2021-11-25T17:28:47","modified_gmt":"2021-11-25T16:28:47","slug":"goraco-w-gliwickiej-platformie-obywatelskiej-dwa-kola-i-dwie-wizje-rozwoju-miasta","status":"publish","type":"post","link":"https:\/\/www.24gliwice.pl\/wiadomosci\/goraco-w-gliwickiej-platformie-obywatelskiej-dwa-kola-i-dwie-wizje-rozwoju-miasta\/","title":{"rendered":"Gor\u0105co w gliwickiej Platformie Obywatelskiej. Dwa ko\u0142a i dwie wizje rozwoju miasta"},"content":{"rendered":"<div class=\"gliwi-a6-nad-leadem-artykulow gliwi-entity-placement\" id=\"gliwi-1509486914\"><div class=\"gliwi-adlabel\"><span style=\"font-size: 9px\">REKLAMA<\/span><\/div><div id=\"gliwi-2505492704\" style=\"margin-bottom: 30px;margin-left: auto;margin-right: auto;text-align: center;\"><a data-no-instant=\"1\" href=\"https:\/\/przedszkole.halogen.org.pl\/\" rel=\"noopener\" class=\"a2t-link\" target=\"_blank\" aria-label=\"20260402-ANIMATOR-przedszkole_grafika_750x200\"><img loading=\"lazy\" decoding=\"async\" src=\"https:\/\/www.24gliwice.pl\/wiadomosci\/wp-content\/uploads\/2026\/04\/20260402-ANIMATOR-przedszkole_grafika_750x200.webp\" alt=\"\"  srcset=\"https:\/\/www.24gliwice.pl\/wiadomosci\/wp-content\/uploads\/2026\/04\/20260402-ANIMATOR-przedszkole_grafika_750x200.webp 750w, https:\/\/www.24gliwice.pl\/wiadomosci\/wp-content\/uploads\/2026\/04\/20260402-ANIMATOR-przedszkole_grafika_750x200-410x109.webp 410w\" sizes=\"(max-width: 750px) 100vw, 750px\" class=\"no-lazyload\" width=\"750\" height=\"200\"  style=\"display: inline-block; max-width: 100%; height: auto;\" \/><\/a><\/div><\/div><h2>W gliwickiej PO zarysowuj\u0105 si\u0119 coraz silniejsze podzia\u0142y. Dwa dzia\u0142aj\u0105ce w mie\u015bcie ko\u0142a r\u00f3\u017cni\u0105 si\u0119 wizj\u0105 rozwoju miasta i stosunkiem do urz\u0119duj\u0105cego prezydenta. Ten, cho\u0107 formalnie poza PO, r\u00f3wnie\u017c zaanga\u017cowa\u0142 si\u0119 w partyjny sp\u00f3r.<\/h2>\n<p>&nbsp;<br \/>\nJesie\u0144 to czas przetasowa\u0144 w gliwickiej PO. Najpierw odby\u0142y si\u0119 wybory w dw\u00f3ch gliwickich ko\u0142ach PO, a nast\u0119pnie do zarz\u0105du powiatu.<\/p>\n<p>Przewodnicz\u0105c\u0105 ko\u0142a miejskiego w pa\u017adzierniku ponownie zosta\u0142a pos\u0142anka <strong>Marta Golbik<\/strong>, a jej zast\u0119pczyniami wiceprezydent Gliwic <strong>Ewa Weber<\/strong> oraz radna <strong>Ewa Potocka<\/strong>. <\/p><div class=\"gliwi-a3-w-tresci-artykulow gliwi-entity-placement\" id=\"gliwi-182678715\"><div class=\"gliwi-adlabel\"><span style=\"font-size: 9px\">REKLAMA<\/span><\/div><div id=\"gliwi-2832612785\" style=\"margin-bottom: 30px;margin-left: auto;margin-right: auto;text-align: center;\"><a data-no-instant=\"1\" href=\"https:\/\/zlobek.halogen.org.pl\/\" rel=\"noopener\" class=\"a2t-link\" target=\"_blank\" aria-label=\"animator-zlobek_750x200\"><img loading=\"lazy\" decoding=\"async\" src=\"https:\/\/www.24gliwice.pl\/wiadomosci\/wp-content\/uploads\/2026\/02\/animator-zlobek_750x200.webp\" alt=\"\"  srcset=\"https:\/\/www.24gliwice.pl\/wiadomosci\/wp-content\/uploads\/2026\/02\/animator-zlobek_750x200.webp 750w, https:\/\/www.24gliwice.pl\/wiadomosci\/wp-content\/uploads\/2026\/02\/animator-zlobek_750x200-410x109.webp 410w\" sizes=\"(max-width: 750px) 100vw, 750px\" class=\"no-lazyload\" width=\"750\" height=\"200\"  style=\"display: inline-block; max-width: 100%; height: auto;\" \/><\/a><\/div><\/div>\n<p>Na czele &#8220;Aktywnych&#8221; stanie radna <strong>Katarzyna Kuczy\u0144ska-Budka<\/strong>. Jej zast\u0119pcami b\u0119d\u0105 <strong>Marek Gzik<\/strong> (dotychczasowy lider ko\u0142a), <strong>Piotr Solka<\/strong> i by\u0142y pose\u0142 <strong>Pawe\u0142 Kobyli\u0144ski<\/strong>. <\/p>\n<p>Sk\u0105d podzia\u0142 na dwa ko\u0142a tej samej partii w jednym mie\u015bcie? To pochodna konfliktu &#8211; cho\u0107 w partii woleliby m\u00f3wi\u0107 o r\u00f3\u017cnicy zda\u0144 &#8211; na wizj\u0119 Gliwic i form\u0119 wsp\u00f3\u0142pracy z prezydentem. <\/p>\n<blockquote><p>&#8211; Zgadzamy si\u0119 z tym jak powinien dzia\u0142a\u0107 samorz\u0105d, ale tu nasza zgoda dotyczy teorii, a nie gliwickiej praktyki<\/p><\/blockquote>\n<p> &#8211; m\u00f3wi <strong>Katarzyna Kuczy\u0144ska-Budka<\/strong>. &#8211; W praktyce spos\u00f3b zorganizowania gliwickiego samorz\u0105du daleki jest od demokratycznego idea\u0142u, brak w nim otwarto\u015bci, dialogu, przejrzysto\u015bci &#8211; dodaje.<\/p>\n<blockquote><p>&#8211; Platforma Obywatelska niezale\u017cnie od ilo\u015bci k\u00f3\u0142 jest jedn\u0105 parti\u0105, w kt\u00f3rej mamy wsp\u00f3lne cele<\/p><\/blockquote>\n<p> &#8211; komentuje <strong>Marta Golbik<\/strong>. &#8211; Najlepszym przyk\u0142adem wsp\u00f3\u0142pracy pomi\u0119dzy ko\u0142ami s\u0105 sytuacje, w kt\u00f3rych musimy dzia\u0142a\u0107 razem jak na przyk\u0142ad ostatnie wybory prezydenckie, kiedy zebrali\u015bmy 16 tysi\u0119cy podpis\u00f3w na Rafa\u0142a Trzaskowskiego &#8211; m\u00f3wi.<\/p>\n<div id=\"attachment_181550\" style=\"width: 820px\" class=\"wp-caption aligncenter\"><a href=\"https:\/\/www.24gliwice.pl\/wiadomosci\/wp-content\/uploads\/2021\/11\/platforma-kolo-miejskie.jpg\"><img loading=\"lazy\" decoding=\"async\" aria-describedby=\"caption-attachment-181550\" src=\"https:\/\/www.24gliwice.pl\/wiadomosci\/wp-content\/uploads\/2021\/11\/platforma-kolo-miejskie.jpg\" alt=\"\" width=\"810\" height=\"475\" class=\"size-full wp-image-181550\" srcset=\"https:\/\/www.24gliwice.pl\/wiadomosci\/wp-content\/uploads\/2021\/11\/platforma-kolo-miejskie.jpg 810w, https:\/\/www.24gliwice.pl\/wiadomosci\/wp-content\/uploads\/2021\/11\/platforma-kolo-miejskie-396x232.jpg 396w, https:\/\/www.24gliwice.pl\/wiadomosci\/wp-content\/uploads\/2021\/11\/platforma-kolo-miejskie-776x455.jpg 776w, https:\/\/www.24gliwice.pl\/wiadomosci\/wp-content\/uploads\/2021\/11\/platforma-kolo-miejskie-768x450.jpg 768w\" sizes=\"auto, (max-width: 810px) 100vw, 810px\" \/><\/a><p id=\"caption-attachment-181550\" class=\"wp-caption-text\">Wybory w kole miejskim Platformy Obywatelskiej. \u017br\u00f3d\u0142o:  facebook.com\/pogliwice<\/p><\/div>\n<h4>KOBYLI\u0143SKI WYGRYWA Z WEBER W POWIECIE<\/h4>\n<p>I cho\u0107 Golbik k\u0142adzie nacisk na wsp\u00f3lny mianownik, oba ko\u0142a pozostaj\u0105 w ch\u0142odnych relacjach. <\/p>\n<p>Dlatego tak wa\u017cne by\u0142o trzecie, pa\u017adziernikowe g\u0142osowanie &#8211; wyb\u00f3r zarz\u0105du powiatu &#8211; struktury koordynuj\u0105cej dzia\u0142ania obu k\u00f3\u0142. Opozycyjnie nastawieni do w\u0142adz Gliwic &#8220;Aktywni&#8221;, wystawili kandydatur\u0119 <strong>Paw\u0142a Kobyli\u0144skiego<\/strong>. Z ramienia &#8220;proprezydenckiego&#8221; ko\u0142a miejskiego jego rywalk\u0105 by\u0142a <strong>Ewa Weber<\/strong>. Wygra\u0142 Kobyli\u0144ski stosunkiem g\u0142os\u00f3w 74 do 56. Taki uk\u0142ad daje przewag\u0119 &#8220;Aktywnym&#8221; bo decyzje zarz\u0105du powiatu s\u0105 wi\u0105\u017c\u0105ce (przynajmniej w teorii) dla cz\u0142onk\u00f3w obu k\u00f3\u0142. <\/p>\n<blockquote><p>&#8211; Nasze \u015brodowiska (PO i KDGZF &#8211; <strong>red.<\/strong>) przenikaj\u0105 si\u0119, ale przed nami kwestia zbudowania pewnej niezale\u017cno\u015bci w Gliwicach i to jest moje zadanie<\/p><\/blockquote>\n<p> &#8211; komentowa\u0142 sw\u00f3j wyb\u00f3r <strong>Kobyli\u0144ski<\/strong> w Radiu Imperium. &#8211; Na pewno nie b\u0119d\u0119 si\u0119 nastawia\u0142 konfrontacyjnie, jestem nastawiony na rozmowy z pani\u0105 Ew\u0105 Weber &#8211; dodawa\u0142.<\/p>\n<div id=\"attachment_181551\" style=\"width: 820px\" class=\"wp-caption aligncenter\"><a href=\"https:\/\/www.24gliwice.pl\/wiadomosci\/wp-content\/uploads\/2021\/11\/platforma-aktywni-gliwice.jpg\"><img loading=\"lazy\" decoding=\"async\" aria-describedby=\"caption-attachment-181551\" src=\"https:\/\/www.24gliwice.pl\/wiadomosci\/wp-content\/uploads\/2021\/11\/platforma-aktywni-gliwice.jpg\" alt=\"\" width=\"810\" height=\"491\" class=\"size-full wp-image-181551\" srcset=\"https:\/\/www.24gliwice.pl\/wiadomosci\/wp-content\/uploads\/2021\/11\/platforma-aktywni-gliwice.jpg 810w, https:\/\/www.24gliwice.pl\/wiadomosci\/wp-content\/uploads\/2021\/11\/platforma-aktywni-gliwice-383x232.jpg 383w, https:\/\/www.24gliwice.pl\/wiadomosci\/wp-content\/uploads\/2021\/11\/platforma-aktywni-gliwice-751x455.jpg 751w, https:\/\/www.24gliwice.pl\/wiadomosci\/wp-content\/uploads\/2021\/11\/platforma-aktywni-gliwice-768x466.jpg 768w\" sizes=\"auto, (max-width: 810px) 100vw, 810px\" \/><\/a><p id=\"caption-attachment-181551\" class=\"wp-caption-text\">Wybory w kole &#8220;Aktywni Gliwice&#8221; Platformy. \u0179r\u00f3d\u0142o: facebook.com\/pogliwice<\/p><\/div>\n<h4>W RADZIE MIASTA NA RAZIE BEZ ZMIAN<\/H4><\/p>\n<p>Pierwsza pr\u00f3ba si\u0142 mia\u0142a miejsce na ostatniej sesji Rady Miasta. Nowy powiatowy zarz\u0105d PO rekomendowa\u0142 radnym g\u0142osowanie przeciwko podwy\u017ckom stawek podatku od nieruchomo\u015bci i wynagrodzenia prezydenta. Pomimo to, radni PO zwi\u0105zani z ko\u0142em miejskim (<strong>Ewa Potocka<\/strong>, <strong>Janusz Szymanowski<\/strong>) zag\u0142osowali &#8220;za&#8221; uchwa\u0142ami. Popar\u0142 je tak\u017ce <strong>Leszek Cury\u0142o<\/strong> (formalnie poza PO, ale do Rady wszed\u0142 z listy Koalicji Obywatelskiej). To nie pierwsze g\u0142osowania, w kt\u00f3rych widoczny jest tak wyra\u017any podzia\u0142 w klubie KO. Na przeciwnym biegunie znajduje si\u0119 <strong>Katarzyna Kuczy\u0144ska-Budka<\/strong>, a tak\u017ce <strong>Agnieszka Filipkowska<\/strong> (Nowoczesna) i <strong>Zbigniew Wygoda<\/strong> (kt\u00f3ry w trakcie kadencji opu\u015bci\u0142 szeregi PO). <\/p>\n<p>Kuczy\u0144skiej-Budce po trzech latach dzia\u0142alno\u015bci w samorz\u0105dzie, los odp\u0142aca pi\u0119knym za nadobne. To w\u0142a\u015bnie liderka &#8220;Aktywnych&#8221; by\u0142a jedn\u0105 z architektek porozumienia z <strong>Zygmuntem Frankiewiczem<\/strong>, kt\u00f3re wyci\u0119\u0142o z list spo\u0142ecznik\u00f3w i radnych krytykuj\u0105cych w\u0142adze miasta. Teraz sama znalaz\u0142a si\u0119 w podobnym miejscu. <\/p>\n<blockquote><p>&#8211; Boli mnie cz\u0119ste traktowanie aktywist\u00f3w jak z\u0142a koniecznego, fatalna komunikacja miasta z mieszka\u0144cami, bagatelizowanie sprawy zaniedbanych zabytk\u00f3w czy bezpardonowe pozbywanie si\u0119 starych drzew<\/p><\/blockquote>\n<p> &#8211; m\u00f3wi <strong>Kuczy\u0144ska-Budka<\/strong> zapytana o ocen\u0119 sytuacji w Radzie Miasta. &#8211; Analizuj\u0119 ka\u017cdy projekt. Wi\u0119kszo\u015b\u0107 z nich uznaj\u0119 za dobre i potrzebne i w\u00f3wczas je popieram. Trudno jednak oczekiwa\u0107, \u017cebym wspiera\u0142a te pomys\u0142y, kt\u00f3re oceniam negatywnie &#8211; dodaje.<\/p>\n<h4>TRUDNA DROGA DO POROZUMIENIA<\/H4><\/p>\n<p>Niewykluczone, \u017ce ca\u0142ego sporu i dw\u00f3ch k\u00f3\u0142 PO nie by\u0142oby gdyby nie <a href=\"https:\/\/www.24gliwice.pl\/wiadomosci\/adam-neumann-ostatnie-26-lat-to-nieslychanie-dobrze-wykonana-praca-dla-miasta\/\" rel=\"noopener\" target=\"_blank\">wywiad <strong>Adama Neumanna<\/strong> dla portalu 24gliwice<\/a> z 2019 roku, w kt\u00f3rym sugerowa\u0142, \u017ce Budkowie zaproponowali mu pomoc w kampanii w zamian za wiceprezydenckie stanowisko dla Kuczy\u0144skiej-Budki (Budkowie zaprzeczyli i zarzucili prezydentowi k\u0142amstwo, ten podtrzyma\u0142 swoje stanowisko w kolejnym wywiadzie). <\/p>\n<p>Podobnych spor\u00f3w personalnych na Platformie mo\u017ce by\u0107 wi\u0119cej. W zarz\u0105dzie &#8220;Aktywnych&#8221; znalaz\u0142a si\u0119 m.in. <strong>Magdalena Krzakiewicz-Rospond<\/strong> (w przesz\u0142o\u015bci zatrudniona w \u015al\u0105skiej Sieci Metropolitalnej), kt\u00f3ra po wybuchu burzy wok\u00f3\u0142 \u015aSM wyra\u017ca\u0142a du\u017ce wsparcie dla enigmatycznego, ale dobrze poinformowanego w sprawach \u015aSM Franciszka Ma\u0142eckiego Trzaskosia. R\u00f3wnie\u017c wtedy gdy ten pr\u00f3bowa\u0142 odpowiedzialno\u015bci\u0105 za afer\u0119 obci\u0105\u017cy\u0107 Adama Neumanna i&#8230; Ew\u0119 Weber, czyli formalnie jej partyjn\u0105 kole\u017cank\u0119. <\/p>\n<h4>KTO MO\u017bE KANDYDOWA\u0106 NA PREZYDENTA?<\/H4><\/p>\n<p>Wygaszenie konflikt\u00f3w personalnych to jedno z g\u0142\u00f3wnych zada\u0144 stoj\u0105cych przed Kobyli\u0144skim. Pytanie czy ko\u0142a PO rzeczywi\u015bcie b\u0119d\u0105 zainteresowane \u0142\u0105czeniem si\u0142 czy p\u00f3jd\u0105 na zwarcie. Na razie sp\u00f3r trwa w najlepsze. Po listopadowej sesji Rady Miasta <strong>Adam Neumann<\/strong> (formalnie poza PO) zaapelowa\u0142 do <strong>Donalda Tuska<\/strong> o interwencj\u0119 w lokalnych strukturach (przeczytaj list oraz odpowied\u017a zarz\u0105du &#8211;> <a href=\"https:\/\/www.24gliwice.pl\/wiadomosci\/list-do-donalda-tuska-adam-neumann\/\" rel=\"noopener\" target=\"_blank\">Prezydent Gliwic pisze list otwarty do Donalda Tuska. Ostra krytyka cz\u0119\u015bci lokalnych polityk\u00f3w PO<\/a>). <\/p>\n<p>\u0141agodzeniu napi\u0119\u0107 nie pomaga kalendarz wyborczy. Ju\u017c teraz na gie\u0142dzie nazwisk pojawiaj\u0105 si\u0119 pierwszy spekulacje dotycz\u0105ce kandydat\u00f3w na prezydenta miasta. W\u015br\u00f3d nich m.in. <strong>Ewa Weber<\/strong> (je\u015bli decyzji o ponownym kandydowaniu nie podejmie Neumann) oraz w\u0142a\u015bnie <strong>Katarzyna Kuczy\u0144ska-Budka<\/strong>. Z kolei zej\u015bcie na dalszy plan <strong>Marka Gzika<\/strong>, to sygna\u0142, \u017ce autor wyborczego zamieszania sprzed dw\u00f3ch lat porzuci\u0142 prezydenckie ambicje. <\/p>\n<p>Dla PO w Gliwicach kluczowe kilkana\u015bcie miesi\u0119cy. W ostatnich wyborach za zamieszanie na listach wyborczych i niejasne sojusze z Frankiewiczem wyborcy wystawili rachunek &#8211; partia zdoby\u0142a najmniej mandat\u00f3w w historii. Za dwa lata mo\u017ce by\u0107 jeszcze trudniej. PO o mandaty b\u0119dzie mierzy\u0107 si\u0119 Koalicj\u0105 dla Gliwic, PiS, lewic\u0105, ale te\u017c z rosn\u0105cym w si\u0142\u0119 ruchem obywatelskim <strong>Kajetana Gorniga<\/strong>. <\/p>\n<p><strong>Micha\u0142 Szewczyk<\/strong><\/p>\n<div class=\"gliwi-a5-na-koncu-artykulow gliwi-entity-placement\" id=\"gliwi-1331900864\"><div class=\"gliwi-adlabel\"><span style=\"font-size: 9px\">REKLAMA<\/span><\/div><div id=\"gliwi-666815946\" style=\"margin-left: auto;margin-right: auto;text-align: center;\"><a data-no-instant=\"1\" href=\"https:\/\/prezeroarenagliwice.pl\/\" rel=\"noopener\" class=\"a2t-link\" target=\"_blank\" aria-label=\"20260309-PREZERO-WIOSNA-D\"><img loading=\"lazy\" decoding=\"async\" src=\"https:\/\/www.24gliwice.pl\/wiadomosci\/wp-content\/uploads\/2026\/03\/20260309-PREZERO-WIOSNA-D.webp\" alt=\"\"  srcset=\"https:\/\/www.24gliwice.pl\/wiadomosci\/wp-content\/uploads\/2026\/03\/20260309-PREZERO-WIOSNA-D.webp 750w, https:\/\/www.24gliwice.pl\/wiadomosci\/wp-content\/uploads\/2026\/03\/20260309-PREZERO-WIOSNA-D-410x109.webp 410w\" sizes=\"(max-width: 750px) 100vw, 750px\" class=\"no-lazyload\" width=\"750\" height=\"200\"  style=\"display: inline-block; max-width: 100%; height: auto;\" \/><\/a><\/div><\/div>","protected":false},"excerpt":{"rendered":"<p>W gliwickiej PO zarysowuj\u0105 si\u0119 coraz silniejsze podzia\u0142y. Dwa dzia\u0142aj\u0105ce w mie\u015bcie ko\u0142a r\u00f3\u017cni\u0105 si\u0119 wizj\u0105 rozwoju miasta i stosunkiem do urz\u0119duj\u0105cego prezydenta. Ten, cho\u0107 formalnie poza PO, r\u00f3wnie\u017c zaanga\u017cowa\u0142 si\u0119 w partyjny sp\u00f3r. &nbsp; Jesie\u0144 to czas przetasowa\u0144 w gliwickiej PO. Najpierw odby\u0142y si\u0119 wybory w dw\u00f3ch gliwickich ko\u0142ach PO, a nast\u0119pnie do zarz\u0105du [&hellip;]<\/p>\n","protected":false},"author":12,"featured_media":181552,"comment_status":"open","ping_status":"closed","sticky":false,"template":"","format":"standard","meta":{"_monsterinsights_skip_tracking":false,"_monsterinsights_sitenote_active":false,"_monsterinsights_sitenote_note":"","_monsterinsights_sitenote_category":0,"footnotes":"","_links_to":"","_links_to_target":""},"categories":[3,1,9,8],"tags":[2698,4633],"class_list":["post-180741","post","type-post","status-publish","format-standard","has-post-thumbnail","hentry","category-gliwice","category-wszystko","category-aktualnosci_lokalne","category-samorzad_polityka","tag-platforma-obywatelska","tag-po"],"yoast_head":"<!-- This site is optimized with the Yoast SEO plugin v27.4 - https:\/\/yoast.com\/product\/yoast-seo-wordpress\/ -->\n<title>Gor\u0105co w gliwickiej Platformie Obywatelskiej. Dwa ko\u0142a i dwie wizje rozwoju miasta - 24GLIWICE - Portal Gliwice | codziennie nowe informacje<\/title>\n<meta name=\"robots\" content=\"index, follow, max-snippet:-1, max-image-preview:large, max-video-preview:-1\" \/>\n<link rel=\"canonical\" href=\"https:\/\/www.24gliwice.pl\/wiadomosci\/goraco-w-gliwickiej-platformie-obywatelskiej-dwa-kola-i-dwie-wizje-rozwoju-miasta\/\" \/>\n<meta property=\"og:locale\" content=\"pl_PL\" \/>\n<meta property=\"og:type\" content=\"article\" \/>\n<meta property=\"og:title\" content=\"Gor\u0105co w gliwickiej Platformie Obywatelskiej. Dwa ko\u0142a i dwie wizje rozwoju miasta - 24GLIWICE - Portal Gliwice | codziennie nowe informacje\" \/>\n<meta property=\"og:description\" content=\"W gliwickiej PO zarysowuj\u0105 si\u0119 coraz silniejsze podzia\u0142y. Dwa dzia\u0142aj\u0105ce w mie\u015bcie ko\u0142a r\u00f3\u017cni\u0105 si\u0119 wizj\u0105 rozwoju miasta i stosunkiem do urz\u0119duj\u0105cego prezydenta. Ten, cho\u0107 formalnie poza PO, r\u00f3wnie\u017c zaanga\u017cowa\u0142 si\u0119 w partyjny sp\u00f3r. &nbsp; Jesie\u0144 to czas przetasowa\u0144 w gliwickiej PO. Najpierw odby\u0142y si\u0119 wybory w dw\u00f3ch gliwickich ko\u0142ach PO, a nast\u0119pnie do zarz\u0105du [&hellip;]\" \/>\n<meta property=\"og:url\" content=\"https:\/\/www.24gliwice.pl\/wiadomosci\/goraco-w-gliwickiej-platformie-obywatelskiej-dwa-kola-i-dwie-wizje-rozwoju-miasta\/\" \/>\n<meta property=\"og:site_name\" content=\"24GLIWICE - Portal Gliwice | codziennie nowe informacje\" \/>\n<meta property=\"article:publisher\" content=\"https:\/\/www.facebook.com\/24gliwice\" \/>\n<meta property=\"article:published_time\" content=\"2021-11-25T16:02:28+00:00\" \/>\n<meta property=\"article:modified_time\" content=\"2021-11-25T16:28:47+00:00\" \/>\n<meta property=\"og:image\" content=\"https:\/\/www.24gliwice.pl\/wiadomosci\/wp-content\/uploads\/2021\/11\/platforma-1.jpg\" \/>\n\t<meta property=\"og:image:width\" content=\"810\" \/>\n\t<meta property=\"og:image:height\" content=\"436\" \/>\n\t<meta property=\"og:image:type\" content=\"image\/jpeg\" \/>\n<meta name=\"author\" content=\"Micha\u0142 Szewczyk\" \/>\n<meta name=\"twitter:card\" content=\"summary_large_image\" \/>\n<meta name=\"twitter:creator\" content=\"@24gliwice\" \/>\n<meta name=\"twitter:site\" content=\"@24gliwice\" \/>\n<meta name=\"twitter:label1\" content=\"Napisane przez\" \/>\n\t<meta name=\"twitter:data1\" content=\"Micha\u0142 Szewczyk\" \/>\n\t<meta name=\"twitter:label2\" content=\"Szacowany czas czytania\" \/>\n\t<meta name=\"twitter:data2\" content=\"5 minut\" \/>\n<script type=\"application\/ld+json\" class=\"yoast-schema-graph\">{\"@context\":\"https:\\\/\\\/schema.org\",\"@graph\":[{\"@type\":\"Article\",\"@id\":\"https:\\\/\\\/www.24gliwice.pl\\\/wiadomosci\\\/goraco-w-gliwickiej-platformie-obywatelskiej-dwa-kola-i-dwie-wizje-rozwoju-miasta\\\/#article\",\"isPartOf\":{\"@id\":\"https:\\\/\\\/www.24gliwice.pl\\\/wiadomosci\\\/goraco-w-gliwickiej-platformie-obywatelskiej-dwa-kola-i-dwie-wizje-rozwoju-miasta\\\/\"},\"author\":{\"name\":\"Micha\u0142 Szewczyk\",\"@id\":\"https:\\\/\\\/www.24gliwice.pl\\\/wiadomosci\\\/#\\\/schema\\\/person\\\/940e8f8a097e322de4f463f061ef8d45\"},\"headline\":\"Gor\u0105co w gliwickiej Platformie Obywatelskiej. Dwa ko\u0142a i dwie wizje rozwoju miasta\",\"datePublished\":\"2021-11-25T16:02:28+00:00\",\"dateModified\":\"2021-11-25T16:28:47+00:00\",\"mainEntityOfPage\":{\"@id\":\"https:\\\/\\\/www.24gliwice.pl\\\/wiadomosci\\\/goraco-w-gliwickiej-platformie-obywatelskiej-dwa-kola-i-dwie-wizje-rozwoju-miasta\\\/\"},\"wordCount\":1109,\"commentCount\":0,\"publisher\":{\"@id\":\"https:\\\/\\\/www.24gliwice.pl\\\/wiadomosci\\\/#organization\"},\"image\":{\"@id\":\"https:\\\/\\\/www.24gliwice.pl\\\/wiadomosci\\\/goraco-w-gliwickiej-platformie-obywatelskiej-dwa-kola-i-dwie-wizje-rozwoju-miasta\\\/#primaryimage\"},\"thumbnailUrl\":\"https:\\\/\\\/www.24gliwice.pl\\\/wiadomosci\\\/wp-content\\\/uploads\\\/2021\\\/11\\\/platforma-1.jpg\",\"keywords\":[\"PLATFORMA OBYWATELSKA\",\"PO\"],\"articleSection\":[\"Gliwice\",\"Najnowsze wiadomo\u015bci\",\"Portal Gliwice - Wiadomo\u015bci lokalne\",\"Samorz\u0105d, polityka\"],\"inLanguage\":\"pl-PL\",\"potentialAction\":[{\"@type\":\"CommentAction\",\"name\":\"Comment\",\"target\":[\"https:\\\/\\\/www.24gliwice.pl\\\/wiadomosci\\\/goraco-w-gliwickiej-platformie-obywatelskiej-dwa-kola-i-dwie-wizje-rozwoju-miasta\\\/#respond\"]}]},{\"@type\":\"WebPage\",\"@id\":\"https:\\\/\\\/www.24gliwice.pl\\\/wiadomosci\\\/goraco-w-gliwickiej-platformie-obywatelskiej-dwa-kola-i-dwie-wizje-rozwoju-miasta\\\/\",\"url\":\"https:\\\/\\\/www.24gliwice.pl\\\/wiadomosci\\\/goraco-w-gliwickiej-platformie-obywatelskiej-dwa-kola-i-dwie-wizje-rozwoju-miasta\\\/\",\"name\":\"Gor\u0105co w gliwickiej Platformie Obywatelskiej. Dwa ko\u0142a i dwie wizje rozwoju miasta - 24GLIWICE - Portal Gliwice | codziennie nowe informacje\",\"isPartOf\":{\"@id\":\"https:\\\/\\\/www.24gliwice.pl\\\/wiadomosci\\\/#website\"},\"primaryImageOfPage\":{\"@id\":\"https:\\\/\\\/www.24gliwice.pl\\\/wiadomosci\\\/goraco-w-gliwickiej-platformie-obywatelskiej-dwa-kola-i-dwie-wizje-rozwoju-miasta\\\/#primaryimage\"},\"image\":{\"@id\":\"https:\\\/\\\/www.24gliwice.pl\\\/wiadomosci\\\/goraco-w-gliwickiej-platformie-obywatelskiej-dwa-kola-i-dwie-wizje-rozwoju-miasta\\\/#primaryimage\"},\"thumbnailUrl\":\"https:\\\/\\\/www.24gliwice.pl\\\/wiadomosci\\\/wp-content\\\/uploads\\\/2021\\\/11\\\/platforma-1.jpg\",\"datePublished\":\"2021-11-25T16:02:28+00:00\",\"dateModified\":\"2021-11-25T16:28:47+00:00\",\"breadcrumb\":{\"@id\":\"https:\\\/\\\/www.24gliwice.pl\\\/wiadomosci\\\/goraco-w-gliwickiej-platformie-obywatelskiej-dwa-kola-i-dwie-wizje-rozwoju-miasta\\\/#breadcrumb\"},\"inLanguage\":\"pl-PL\",\"potentialAction\":[{\"@type\":\"ReadAction\",\"target\":[\"https:\\\/\\\/www.24gliwice.pl\\\/wiadomosci\\\/goraco-w-gliwickiej-platformie-obywatelskiej-dwa-kola-i-dwie-wizje-rozwoju-miasta\\\/\"]}]},{\"@type\":\"ImageObject\",\"inLanguage\":\"pl-PL\",\"@id\":\"https:\\\/\\\/www.24gliwice.pl\\\/wiadomosci\\\/goraco-w-gliwickiej-platformie-obywatelskiej-dwa-kola-i-dwie-wizje-rozwoju-miasta\\\/#primaryimage\",\"url\":\"https:\\\/\\\/www.24gliwice.pl\\\/wiadomosci\\\/wp-content\\\/uploads\\\/2021\\\/11\\\/platforma-1.jpg\",\"contentUrl\":\"https:\\\/\\\/www.24gliwice.pl\\\/wiadomosci\\\/wp-content\\\/uploads\\\/2021\\\/11\\\/platforma-1.jpg\",\"width\":810,\"height\":436},{\"@type\":\"BreadcrumbList\",\"@id\":\"https:\\\/\\\/www.24gliwice.pl\\\/wiadomosci\\\/goraco-w-gliwickiej-platformie-obywatelskiej-dwa-kola-i-dwie-wizje-rozwoju-miasta\\\/#breadcrumb\",\"itemListElement\":[{\"@type\":\"ListItem\",\"position\":1,\"name\":\"Strona g\u0142\u00f3wna\",\"item\":\"https:\\\/\\\/www.24gliwice.pl\\\/wiadomosci\\\/\"},{\"@type\":\"ListItem\",\"position\":2,\"name\":\"Gor\u0105co w gliwickiej Platformie Obywatelskiej. Dwa ko\u0142a i dwie wizje rozwoju miasta\"}]},{\"@type\":\"WebSite\",\"@id\":\"https:\\\/\\\/www.24gliwice.pl\\\/wiadomosci\\\/#website\",\"url\":\"https:\\\/\\\/www.24gliwice.pl\\\/wiadomosci\\\/\",\"name\":\"24GLIWICE - Portal Gliwice | codziennie nowe wiadomo\u015bci\",\"description\":\"Portal Miejski Gliwice\",\"publisher\":{\"@id\":\"https:\\\/\\\/www.24gliwice.pl\\\/wiadomosci\\\/#organization\"},\"potentialAction\":[{\"@type\":\"SearchAction\",\"target\":{\"@type\":\"EntryPoint\",\"urlTemplate\":\"https:\\\/\\\/www.24gliwice.pl\\\/wiadomosci\\\/?s={search_term_string}\"},\"query-input\":{\"@type\":\"PropertyValueSpecification\",\"valueRequired\":true,\"valueName\":\"search_term_string\"}}],\"inLanguage\":\"pl-PL\"},{\"@type\":\"Organization\",\"@id\":\"https:\\\/\\\/www.24gliwice.pl\\\/wiadomosci\\\/#organization\",\"name\":\"24gliwice\",\"url\":\"https:\\\/\\\/www.24gliwice.pl\\\/wiadomosci\\\/\",\"logo\":{\"@type\":\"ImageObject\",\"inLanguage\":\"pl-PL\",\"@id\":\"https:\\\/\\\/www.24gliwice.pl\\\/wiadomosci\\\/#\\\/schema\\\/logo\\\/image\\\/\",\"url\":\"https:\\\/\\\/www.24gliwice.pl\\\/wiadomosci\\\/wp-content\\\/uploads\\\/2024\\\/10\\\/24gliwice-logo-696.jpg\",\"contentUrl\":\"https:\\\/\\\/www.24gliwice.pl\\\/wiadomosci\\\/wp-content\\\/uploads\\\/2024\\\/10\\\/24gliwice-logo-696.jpg\",\"width\":696,\"height\":696,\"caption\":\"24gliwice\"},\"image\":{\"@id\":\"https:\\\/\\\/www.24gliwice.pl\\\/wiadomosci\\\/#\\\/schema\\\/logo\\\/image\\\/\"},\"sameAs\":[\"https:\\\/\\\/www.facebook.com\\\/24gliwice\",\"https:\\\/\\\/x.com\\\/24gliwice\",\"https:\\\/\\\/www.youtube.com\\\/@24gliwice\"]},{\"@type\":\"Person\",\"@id\":\"https:\\\/\\\/www.24gliwice.pl\\\/wiadomosci\\\/#\\\/schema\\\/person\\\/940e8f8a097e322de4f463f061ef8d45\",\"name\":\"Micha\u0142 Szewczyk\",\"image\":{\"@type\":\"ImageObject\",\"inLanguage\":\"pl-PL\",\"@id\":\"https:\\\/\\\/www.24gliwice.pl\\\/wiadomosci\\\/wp-content\\\/litespeed\\\/avatar\\\/137ca358618d26b52e62930ff8ce0eb6.jpg?ver=1776985283\",\"url\":\"https:\\\/\\\/www.24gliwice.pl\\\/wiadomosci\\\/wp-content\\\/litespeed\\\/avatar\\\/137ca358618d26b52e62930ff8ce0eb6.jpg?ver=1776985283\",\"contentUrl\":\"https:\\\/\\\/www.24gliwice.pl\\\/wiadomosci\\\/wp-content\\\/litespeed\\\/avatar\\\/137ca358618d26b52e62930ff8ce0eb6.jpg?ver=1776985283\",\"caption\":\"Micha\u0142 Szewczyk\"},\"sameAs\":[\"http:\\\/\\\/www.gazeta-miejska.pl\"],\"url\":\"https:\\\/\\\/www.24gliwice.pl\\\/wiadomosci\\\/author\\\/michal-szewczyk\\\/\"}]}<\/script>\n<!-- \/ Yoast SEO plugin. -->","yoast_head_json":{"title":"Gor\u0105co w gliwickiej Platformie Obywatelskiej. Dwa ko\u0142a i dwie wizje rozwoju miasta - 24GLIWICE - Portal Gliwice | codziennie nowe informacje","robots":{"index":"index","follow":"follow","max-snippet":"max-snippet:-1","max-image-preview":"max-image-preview:large","max-video-preview":"max-video-preview:-1"},"canonical":"https:\/\/www.24gliwice.pl\/wiadomosci\/goraco-w-gliwickiej-platformie-obywatelskiej-dwa-kola-i-dwie-wizje-rozwoju-miasta\/","og_locale":"pl_PL","og_type":"article","og_title":"Gor\u0105co w gliwickiej Platformie Obywatelskiej. Dwa ko\u0142a i dwie wizje rozwoju miasta - 24GLIWICE - Portal Gliwice | codziennie nowe informacje","og_description":"W gliwickiej PO zarysowuj\u0105 si\u0119 coraz silniejsze podzia\u0142y. Dwa dzia\u0142aj\u0105ce w mie\u015bcie ko\u0142a r\u00f3\u017cni\u0105 si\u0119 wizj\u0105 rozwoju miasta i stosunkiem do urz\u0119duj\u0105cego prezydenta. Ten, cho\u0107 formalnie poza PO, r\u00f3wnie\u017c zaanga\u017cowa\u0142 si\u0119 w partyjny sp\u00f3r. &nbsp; Jesie\u0144 to czas przetasowa\u0144 w gliwickiej PO. Najpierw odby\u0142y si\u0119 wybory w dw\u00f3ch gliwickich ko\u0142ach PO, a nast\u0119pnie do zarz\u0105du [&hellip;]","og_url":"https:\/\/www.24gliwice.pl\/wiadomosci\/goraco-w-gliwickiej-platformie-obywatelskiej-dwa-kola-i-dwie-wizje-rozwoju-miasta\/","og_site_name":"24GLIWICE - Portal Gliwice | codziennie nowe informacje","article_publisher":"https:\/\/www.facebook.com\/24gliwice","article_published_time":"2021-11-25T16:02:28+00:00","article_modified_time":"2021-11-25T16:28:47+00:00","og_image":[{"width":810,"height":436,"url":"https:\/\/www.24gliwice.pl\/wiadomosci\/wp-content\/uploads\/2021\/11\/platforma-1.jpg","type":"image\/jpeg"}],"author":"Micha\u0142 Szewczyk","twitter_card":"summary_large_image","twitter_creator":"@24gliwice","twitter_site":"@24gliwice","twitter_misc":{"Napisane przez":"Micha\u0142 Szewczyk","Szacowany czas czytania":"5 minut"},"schema":{"@context":"https:\/\/schema.org","@graph":[{"@type":"Article","@id":"https:\/\/www.24gliwice.pl\/wiadomosci\/goraco-w-gliwickiej-platformie-obywatelskiej-dwa-kola-i-dwie-wizje-rozwoju-miasta\/#article","isPartOf":{"@id":"https:\/\/www.24gliwice.pl\/wiadomosci\/goraco-w-gliwickiej-platformie-obywatelskiej-dwa-kola-i-dwie-wizje-rozwoju-miasta\/"},"author":{"name":"Micha\u0142 Szewczyk","@id":"https:\/\/www.24gliwice.pl\/wiadomosci\/#\/schema\/person\/940e8f8a097e322de4f463f061ef8d45"},"headline":"Gor\u0105co w gliwickiej Platformie Obywatelskiej. Dwa ko\u0142a i dwie wizje rozwoju miasta","datePublished":"2021-11-25T16:02:28+00:00","dateModified":"2021-11-25T16:28:47+00:00","mainEntityOfPage":{"@id":"https:\/\/www.24gliwice.pl\/wiadomosci\/goraco-w-gliwickiej-platformie-obywatelskiej-dwa-kola-i-dwie-wizje-rozwoju-miasta\/"},"wordCount":1109,"commentCount":0,"publisher":{"@id":"https:\/\/www.24gliwice.pl\/wiadomosci\/#organization"},"image":{"@id":"https:\/\/www.24gliwice.pl\/wiadomosci\/goraco-w-gliwickiej-platformie-obywatelskiej-dwa-kola-i-dwie-wizje-rozwoju-miasta\/#primaryimage"},"thumbnailUrl":"https:\/\/www.24gliwice.pl\/wiadomosci\/wp-content\/uploads\/2021\/11\/platforma-1.jpg","keywords":["PLATFORMA OBYWATELSKA","PO"],"articleSection":["Gliwice","Najnowsze wiadomo\u015bci","Portal Gliwice - Wiadomo\u015bci lokalne","Samorz\u0105d, polityka"],"inLanguage":"pl-PL","potentialAction":[{"@type":"CommentAction","name":"Comment","target":["https:\/\/www.24gliwice.pl\/wiadomosci\/goraco-w-gliwickiej-platformie-obywatelskiej-dwa-kola-i-dwie-wizje-rozwoju-miasta\/#respond"]}]},{"@type":"WebPage","@id":"https:\/\/www.24gliwice.pl\/wiadomosci\/goraco-w-gliwickiej-platformie-obywatelskiej-dwa-kola-i-dwie-wizje-rozwoju-miasta\/","url":"https:\/\/www.24gliwice.pl\/wiadomosci\/goraco-w-gliwickiej-platformie-obywatelskiej-dwa-kola-i-dwie-wizje-rozwoju-miasta\/","name":"Gor\u0105co w gliwickiej Platformie Obywatelskiej. Dwa ko\u0142a i dwie wizje rozwoju miasta - 24GLIWICE - Portal Gliwice | codziennie nowe informacje","isPartOf":{"@id":"https:\/\/www.24gliwice.pl\/wiadomosci\/#website"},"primaryImageOfPage":{"@id":"https:\/\/www.24gliwice.pl\/wiadomosci\/goraco-w-gliwickiej-platformie-obywatelskiej-dwa-kola-i-dwie-wizje-rozwoju-miasta\/#primaryimage"},"image":{"@id":"https:\/\/www.24gliwice.pl\/wiadomosci\/goraco-w-gliwickiej-platformie-obywatelskiej-dwa-kola-i-dwie-wizje-rozwoju-miasta\/#primaryimage"},"thumbnailUrl":"https:\/\/www.24gliwice.pl\/wiadomosci\/wp-content\/uploads\/2021\/11\/platforma-1.jpg","datePublished":"2021-11-25T16:02:28+00:00","dateModified":"2021-11-25T16:28:47+00:00","breadcrumb":{"@id":"https:\/\/www.24gliwice.pl\/wiadomosci\/goraco-w-gliwickiej-platformie-obywatelskiej-dwa-kola-i-dwie-wizje-rozwoju-miasta\/#breadcrumb"},"inLanguage":"pl-PL","potentialAction":[{"@type":"ReadAction","target":["https:\/\/www.24gliwice.pl\/wiadomosci\/goraco-w-gliwickiej-platformie-obywatelskiej-dwa-kola-i-dwie-wizje-rozwoju-miasta\/"]}]},{"@type":"ImageObject","inLanguage":"pl-PL","@id":"https:\/\/www.24gliwice.pl\/wiadomosci\/goraco-w-gliwickiej-platformie-obywatelskiej-dwa-kola-i-dwie-wizje-rozwoju-miasta\/#primaryimage","url":"https:\/\/www.24gliwice.pl\/wiadomosci\/wp-content\/uploads\/2021\/11\/platforma-1.jpg","contentUrl":"https:\/\/www.24gliwice.pl\/wiadomosci\/wp-content\/uploads\/2021\/11\/platforma-1.jpg","width":810,"height":436},{"@type":"BreadcrumbList","@id":"https:\/\/www.24gliwice.pl\/wiadomosci\/goraco-w-gliwickiej-platformie-obywatelskiej-dwa-kola-i-dwie-wizje-rozwoju-miasta\/#breadcrumb","itemListElement":[{"@type":"ListItem","position":1,"name":"Strona g\u0142\u00f3wna","item":"https:\/\/www.24gliwice.pl\/wiadomosci\/"},{"@type":"ListItem","position":2,"name":"Gor\u0105co w gliwickiej Platformie Obywatelskiej. Dwa ko\u0142a i dwie wizje rozwoju miasta"}]},{"@type":"WebSite","@id":"https:\/\/www.24gliwice.pl\/wiadomosci\/#website","url":"https:\/\/www.24gliwice.pl\/wiadomosci\/","name":"24GLIWICE - Portal Gliwice | codziennie nowe wiadomo\u015bci","description":"Portal Miejski Gliwice","publisher":{"@id":"https:\/\/www.24gliwice.pl\/wiadomosci\/#organization"},"potentialAction":[{"@type":"SearchAction","target":{"@type":"EntryPoint","urlTemplate":"https:\/\/www.24gliwice.pl\/wiadomosci\/?s={search_term_string}"},"query-input":{"@type":"PropertyValueSpecification","valueRequired":true,"valueName":"search_term_string"}}],"inLanguage":"pl-PL"},{"@type":"Organization","@id":"https:\/\/www.24gliwice.pl\/wiadomosci\/#organization","name":"24gliwice","url":"https:\/\/www.24gliwice.pl\/wiadomosci\/","logo":{"@type":"ImageObject","inLanguage":"pl-PL","@id":"https:\/\/www.24gliwice.pl\/wiadomosci\/#\/schema\/logo\/image\/","url":"https:\/\/www.24gliwice.pl\/wiadomosci\/wp-content\/uploads\/2024\/10\/24gliwice-logo-696.jpg","contentUrl":"https:\/\/www.24gliwice.pl\/wiadomosci\/wp-content\/uploads\/2024\/10\/24gliwice-logo-696.jpg","width":696,"height":696,"caption":"24gliwice"},"image":{"@id":"https:\/\/www.24gliwice.pl\/wiadomosci\/#\/schema\/logo\/image\/"},"sameAs":["https:\/\/www.facebook.com\/24gliwice","https:\/\/x.com\/24gliwice","https:\/\/www.youtube.com\/@24gliwice"]},{"@type":"Person","@id":"https:\/\/www.24gliwice.pl\/wiadomosci\/#\/schema\/person\/940e8f8a097e322de4f463f061ef8d45","name":"Micha\u0142 Szewczyk","image":{"@type":"ImageObject","inLanguage":"pl-PL","@id":"https:\/\/www.24gliwice.pl\/wiadomosci\/wp-content\/litespeed\/avatar\/137ca358618d26b52e62930ff8ce0eb6.jpg?ver=1776985283","url":"https:\/\/www.24gliwice.pl\/wiadomosci\/wp-content\/litespeed\/avatar\/137ca358618d26b52e62930ff8ce0eb6.jpg?ver=1776985283","contentUrl":"https:\/\/www.24gliwice.pl\/wiadomosci\/wp-content\/litespeed\/avatar\/137ca358618d26b52e62930ff8ce0eb6.jpg?ver=1776985283","caption":"Micha\u0142 Szewczyk"},"sameAs":["http:\/\/www.gazeta-miejska.pl"],"url":"https:\/\/www.24gliwice.pl\/wiadomosci\/author\/michal-szewczyk\/"}]}},"_links":{"self":[{"href":"https:\/\/www.24gliwice.pl\/wiadomosci\/wp-json\/wp\/v2\/posts\/180741","targetHints":{"allow":["GET"]}}],"collection":[{"href":"https:\/\/www.24gliwice.pl\/wiadomosci\/wp-json\/wp\/v2\/posts"}],"about":[{"href":"https:\/\/www.24gliwice.pl\/wiadomosci\/wp-json\/wp\/v2\/types\/post"}],"author":[{"embeddable":true,"href":"https:\/\/www.24gliwice.pl\/wiadomosci\/wp-json\/wp\/v2\/users\/12"}],"replies":[{"embeddable":true,"href":"https:\/\/www.24gliwice.pl\/wiadomosci\/wp-json\/wp\/v2\/comments?post=180741"}],"version-history":[{"count":26,"href":"https:\/\/www.24gliwice.pl\/wiadomosci\/wp-json\/wp\/v2\/posts\/180741\/revisions"}],"predecessor-version":[{"id":181556,"href":"https:\/\/www.24gliwice.pl\/wiadomosci\/wp-json\/wp\/v2\/posts\/180741\/revisions\/181556"}],"wp:featuredmedia":[{"embeddable":true,"href":"https:\/\/www.24gliwice.pl\/wiadomosci\/wp-json\/wp\/v2\/media\/181552"}],"wp:attachment":[{"href":"https:\/\/www.24gliwice.pl\/wiadomosci\/wp-json\/wp\/v2\/media?parent=180741"}],"wp:term":[{"taxonomy":"category","embeddable":true,"href":"https:\/\/www.24gliwice.pl\/wiadomosci\/wp-json\/wp\/v2\/categories?post=180741"},{"taxonomy":"post_tag","embeddable":true,"href":"https:\/\/www.24gliwice.pl\/wiadomosci\/wp-json\/wp\/v2\/tags?post=180741"}],"curies":[{"name":"wp","href":"https:\/\/api.w.org\/{rel}","templated":true}]}}