{"id":180877,"date":"2021-11-16T14:37:15","date_gmt":"2021-11-16T13:37:15","guid":{"rendered":"https:\/\/www.24gliwice.pl\/wiadomosci\/?p=180877"},"modified":"2021-11-16T14:38:18","modified_gmt":"2021-11-16T13:38:18","slug":"25-lecie-azm-politechniki-slaskiej-w-sobote-uroczysty-koncert","status":"publish","type":"post","link":"https:\/\/www.24gliwice.pl\/wiadomosci\/25-lecie-azm-politechniki-slaskiej-w-sobote-uroczysty-koncert\/","title":{"rendered":"25-lecie AZM Politechniki \u015al\u0105skiej. W sobot\u0119 uroczysty koncert"},"content":{"rendered":"<div class=\"gliwi-a6-nad-leadem-artykulow gliwi-entity-placement\" id=\"gliwi-819082694\"><div class=\"gliwi-adlabel\"><span style=\"font-size: 9px\">REKLAMA<\/span><\/div><div id=\"gliwi-2864806454\" style=\"margin-bottom: 25px;margin-left: auto;margin-right: auto;text-align: center;\"><a data-no-instant=\"1\" href=\"https:\/\/dom100.eu\/\" rel=\"noopener\" class=\"a2t-link\" target=\"_blank\" aria-label=\"20260415 DOM100 D\"><img loading=\"lazy\" decoding=\"async\" src=\"https:\/\/www.24gliwice.pl\/wiadomosci\/wp-content\/uploads\/2026\/04\/20260415-DOM100-D.jpg\" alt=\"\"  srcset=\"https:\/\/www.24gliwice.pl\/wiadomosci\/wp-content\/uploads\/2026\/04\/20260415-DOM100-D.jpg 750w, https:\/\/www.24gliwice.pl\/wiadomosci\/wp-content\/uploads\/2026\/04\/20260415-DOM100-D-410x109.jpg 410w\" sizes=\"(max-width: 750px) 100vw, 750px\" class=\"no-lazyload\" width=\"750\" height=\"200\"  style=\"display: inline-block; max-width: 100%; height: auto;\" \/><\/a><\/div><\/div><h2>Akademicki Zesp\u00f3\u0142 Muzyczny Politechniki \u015al\u0105skiej obchodzi 25 rocznic\u0119 dzia\u0142alno\u015bci. Z tej okazji w najbli\u017csz\u0105 sobot\u0119 odb\u0119dzie si\u0119 specjalny uroczysty koncert.<\/h2>\n<p>&#8211; W ramach obchod\u00f3w jubileuszowych AZM zaprasza wszystkie pokolenia swoich ch\u00f3rzyst\u00f3w, a tak\u017ce przyjaci\u00f3\u0142, sympatyk\u00f3w, by\u0142ych i obecnych pracownik\u00f3w Politechniki \u015al\u0105skiej oraz mi\u0142o\u015bnik\u00f3w muzyki klasycznej na uroczysty koncert, kt\u00f3ry odb\u0119dzie si\u0119 w ko\u015bciele pw. \u015aw. Bart\u0142omieja w Gliwicach w sobot\u0119, <strong>20 listopada 2021 r.\u00a0 o godzinie 19:00<\/strong> &#8211; informuj\u0105 organizatorzy.<\/p>\n<p>Podczas koncertu zostanie wykonana <strong>Ma\u0142a Msza Uroczysta Gioacchino Rossiniego<\/strong>. Utw\u00f3r ten zosta\u0142 wybrany nieprzypadkowo: AZM zosta\u0142 powo\u0142any do \u017cycia 29 lutego 1996, czyli w dzie\u0144 urodzin Rossiniego w\u0142a\u015bnie.\u00a0<\/p><div class=\"gliwi-a3-w-tresci-artykulow gliwi-entity-placement\" id=\"gliwi-4269167004\"><div class=\"gliwi-adlabel\"><span style=\"font-size: 9px\">REKLAMA<\/span><\/div><div id=\"gliwi-724297524\" style=\"margin-bottom: 30px;margin-left: auto;margin-right: auto;text-align: center;\"><a data-no-instant=\"1\" href=\"https:\/\/ogrodyandersa.pl\/\" rel=\"noopener\" class=\"a2t-link\" target=\"_blank\" aria-label=\"20260415 Ogrody Andersa KUP TERAZ D\"><img loading=\"lazy\" decoding=\"async\" src=\"https:\/\/www.24gliwice.pl\/wiadomosci\/wp-content\/uploads\/2026\/04\/20260415-Ogrody-Andersa-KUP-TERAZ-D.jpg\" alt=\"\"  srcset=\"https:\/\/www.24gliwice.pl\/wiadomosci\/wp-content\/uploads\/2026\/04\/20260415-Ogrody-Andersa-KUP-TERAZ-D.jpg 750w, https:\/\/www.24gliwice.pl\/wiadomosci\/wp-content\/uploads\/2026\/04\/20260415-Ogrody-Andersa-KUP-TERAZ-D-410x109.jpg 410w\" sizes=\"(max-width: 750px) 100vw, 750px\" class=\"no-lazyload\" width=\"750\" height=\"200\"  style=\"display: inline-block; max-width: 100%; height: auto;\" \/><\/a><\/div><\/div>\n<h4>To ju\u017c 25 lat z AZM Politechniki \u015al\u0105skiej<\/h4>\n<p>Fakt, \u017ce ch\u00f3r i zesp\u00f3\u0142 instrumentalny, powo\u0142any \u0107wier\u0107 wieku temu przy pomocy \u00f3wczesnych w\u0142adz Politechniki, nadal istnieje i wykonuje muzyk\u0119 na naprawd\u0119 niez\u0142ym poziomie jest powodem do dumy.\u00a0 Zesp\u00f3\u0142 nie ogranicza si\u0119 do jednego gatunku, stylu czy epoki &#8211; wykonuje utwory od klasycznych po wsp\u00f3\u0142czesne, gospel, sakralne, spirituals, jazz, pop i inne, w tym utwory wokalno\u2013instrumentalne.\u00a0<\/p>\n<p>Dyrygentem ch\u00f3ru i zespo\u0142u instrumentalnego jest niezmiennie <strong>prof. Krystyna Krzy\u017canowska-\u0141oboda<\/strong>, kt\u00f3ra prowadzi tak\u017ce Ch\u00f3r Katedry Gliwickiej, jest kierownikiem ch\u00f3ru Opery \u015al\u0105skiej w Bytomiu i pracownikiem naukowym Akademii Muzycznej w Katowicach. W latach 2012 \u2013 2015 by\u0142a kierownikiem ch\u00f3ru Gliwickiego Teatru Muzycznego.\u00a0<\/p>\n<p>Zesp\u00f3\u0142 u\u015bwietnia od lat uroczysto\u015bci akademickie. Cz\u0119sto bierze te\u017c udzia\u0142 w koncertach charytatywnych na rzecz konkretnych os\u00f3b i grup spo\u0142ecznych, a koncerty kol\u0119dowe w CKS Mrowisko nale\u017c\u0105 ju\u017c do tradycji. Z powodu pandemii dzia\u0142alno\u015b\u0107 zespo\u0142u cz\u0119\u015bciowo przenios\u0142a si\u0119 do internetu &#8211; nagrania zespo\u0142u mo\u017cna obejrze\u0107 na ich kanale YouTube.<\/p>\n<h4><strong>Sukcesy AZM<\/strong><\/h4>\n<p>Najwa\u017cniejsze osi\u0105gni\u0119cia AZM-u na przestrzeni lat to m.in. wygrane konkursy w Pardubicach i w Rybniku, wysokie miejsca na I i II Europejskiej Olimpiadzie Ch\u00f3ralnej (Niemcy, Austria) czy w innych powa\u017cnych konkursach, m.in. \u201eCracovia Cantans\u201d,\u00a0 \u201eVratislavia Sacra\u201d czy \u201cLegnica Cantat\u201d.<\/p>\n<p>AZM jest organizatorem Mi\u0119dzynarodowych Warsztat\u00f3w Muzycznych \u201eMusica Pro Europa\u201d, na kt\u00f3re zaprasza wykonawc\u00f3w z ca\u0142ego \u015bwiata. W tym cyklu w Gliwicach wykonane zosta\u0142y dzie\u0142a. m.in. Mozarta, Verdiego, Bacha, Brahmsa, Haendla, Faurego i innych wielkich kompozytor\u00f3w. W pami\u0119ci gliwiczan zapisa\u0142a si\u0119 szczeg\u00f3lnie \u201cCarmina Burana\u201d Carla Orffa, wykonana na K\u0105pielisku Le\u015bnym z okazji wej\u015bcia Polski do Unii Europejskiej w 2004 roku. Co ciekawe, AZM wykona\u0142 to dzie\u0142o wsp\u00f3lnie z zaprzyja\u017anionym ch\u00f3rem z ukrai\u0144skiego Czernichowa.\u00a0<\/p>\n<p><strong>AZM to przede wszystkim ludzie<\/strong>. W dzia\u0142alno\u015bci zespo\u0142u w ci\u0105gu 25 lat przewin\u0119\u0142o si\u0119 dobre kilkaset os\u00f3b &#8211; g\u0142\u00f3wnie student\u00f3w, kt\u00f3rzy potem porozje\u017cd\u017cali si\u0119 po \u015bwiecie. Do udzia\u0142u w koncercie jubileuszowym AZM zaprosi\u0142 maj\u0105cy pr\u00f3by w Zabrzu Ch\u00f3r Mieszany \u201cKlaster\u201d pod dyrekcj\u0105 <strong>\u0141ukasza \u0141obody<\/strong> (zbie\u017cno\u015b\u0107 nazwisk dyrygent\u00f3w nieprzypadkowa), w kt\u00f3rym \u015bpiewa du\u017ca grupa absolwent\u00f3w zespo\u0142u. Wielu z nich \u015bpiewa r\u00f3wnie\u017c w knurowskim Ch\u00f3rze Kameralnym \u201cSlavica Musa\u201d prowadzonym przez <strong>Tomasza Paw\u0142a Sadownika<\/strong>, kt\u00f3ry przez kilkana\u015bcie lat pe\u0142ni\u0142 funkcj\u0119 asystenta dyrygenta AZM.<\/p>\n<h4><strong>Jakie s\u0105 plany AZM na przysz\u0142o\u015b\u0107? <\/strong><\/h4>\n<p>Przede wszystkim odbudowanie sk\u0142adu po pandemii. Obecnie jest prowadzony nab\u00f3r nowych ch\u00f3rzyst\u00f3w i instrumentalist\u00f3w &#8211; pr\u00f3by ch\u00f3ru odbywaj\u0105 si\u0119 we wtorki i czwartki w CKS Mrowisko w godzinach 18:30-21:00, zesp\u00f3\u0142 instrumentalny \u0107wiczy we czwartki od 17:00 do 18:30.<\/p>\n<p>AZM chcia\u0142by tak\u017ce w najbli\u017cszym czasie wyda\u0107 nagran\u0105 ju\u017c p\u0142yt\u0119, co ze wzgl\u0119d\u00f3w finansowych nie by\u0142o wcze\u015bniej mo\u017cliwe.<\/p>\n<p>Planowany koncert jubileuszowy w ko\u015bciele \u015aw. Bart\u0142omieja b\u0119dzie okazj\u0105 do wys\u0142uchania przepi\u0119knej muzyki i spotkania dawno nie widzianych znajomych i przyjaci\u00f3\u0142. Muzyka \u0142\u0105czy ludzi, nawet w zimny listopadowy wiecz\u00f3r.\u00a0 Wst\u0119p na koncert jest wolny, po koncercie b\u0119d\u0105 zbierane wolne datki na wydanie p\u0142yty.<\/p>\n<div class=\"gliwi-a5-na-koncu-artykulow gliwi-entity-placement\" id=\"gliwi-1654460486\"><div class=\"gliwi-adlabel\"><span style=\"font-size: 9px\">REKLAMA<\/span><\/div><div id=\"gliwi-409973784\" style=\"margin-left: auto;margin-right: auto;text-align: center;\"><a data-no-instant=\"1\" href=\"https:\/\/prezeroarenagliwice.pl\/\" rel=\"noopener\" class=\"a2t-link\" target=\"_blank\" aria-label=\"20260309-PREZERO-WIOSNA-D\"><img loading=\"lazy\" decoding=\"async\" src=\"https:\/\/www.24gliwice.pl\/wiadomosci\/wp-content\/uploads\/2026\/03\/20260309-PREZERO-WIOSNA-D.webp\" alt=\"\"  srcset=\"https:\/\/www.24gliwice.pl\/wiadomosci\/wp-content\/uploads\/2026\/03\/20260309-PREZERO-WIOSNA-D.webp 750w, https:\/\/www.24gliwice.pl\/wiadomosci\/wp-content\/uploads\/2026\/03\/20260309-PREZERO-WIOSNA-D-410x109.webp 410w\" sizes=\"(max-width: 750px) 100vw, 750px\" class=\"no-lazyload\" width=\"750\" height=\"200\"  style=\"display: inline-block; max-width: 100%; height: auto;\" \/><\/a><\/div><\/div>","protected":false},"excerpt":{"rendered":"<p>Akademicki Zesp\u00f3\u0142 Muzyczny Politechniki \u015al\u0105skiej obchodzi 25 rocznic\u0119 dzia\u0142alno\u015bci. Z tej okazji w najbli\u017csz\u0105 sobot\u0119 odb\u0119dzie si\u0119 specjalny uroczysty koncert. &#8211; W ramach obchod\u00f3w jubileuszowych AZM zaprasza wszystkie pokolenia swoich ch\u00f3rzyst\u00f3w, a tak\u017ce przyjaci\u00f3\u0142, sympatyk\u00f3w, by\u0142ych i obecnych pracownik\u00f3w Politechniki \u015al\u0105skiej oraz mi\u0142o\u015bnik\u00f3w muzyki klasycznej na uroczysty koncert, kt\u00f3ry odb\u0119dzie si\u0119 w ko\u015bciele pw. \u015aw. [&hellip;]<\/p>\n","protected":false},"author":12,"featured_media":180886,"comment_status":"open","ping_status":"closed","sticky":false,"template":"","format":"standard","meta":{"_monsterinsights_skip_tracking":false,"_monsterinsights_sitenote_active":false,"_monsterinsights_sitenote_note":"","_monsterinsights_sitenote_category":0,"footnotes":"","_links_to":"","_links_to_target":""},"categories":[3,6,1],"tags":[],"class_list":["post-180877","post","type-post","status-publish","format-standard","has-post-thumbnail","hentry","category-gliwice","category-kultura","category-wszystko"],"yoast_head":"<!-- This site is optimized with the Yoast SEO plugin v27.4 - https:\/\/yoast.com\/product\/yoast-seo-wordpress\/ -->\n<title>25-lecie AZM Politechniki \u015al\u0105skiej. W sobot\u0119 uroczysty koncert - 24GLIWICE - Portal Gliwice | codziennie nowe informacje<\/title>\n<meta name=\"robots\" content=\"index, follow, max-snippet:-1, max-image-preview:large, max-video-preview:-1\" \/>\n<link rel=\"canonical\" href=\"https:\/\/www.24gliwice.pl\/wiadomosci\/25-lecie-azm-politechniki-slaskiej-w-sobote-uroczysty-koncert\/\" \/>\n<meta property=\"og:locale\" content=\"pl_PL\" \/>\n<meta property=\"og:type\" content=\"article\" \/>\n<meta property=\"og:title\" content=\"25-lecie AZM Politechniki \u015al\u0105skiej. W sobot\u0119 uroczysty koncert - 24GLIWICE - Portal Gliwice | codziennie nowe informacje\" \/>\n<meta property=\"og:description\" content=\"Akademicki Zesp\u00f3\u0142 Muzyczny Politechniki \u015al\u0105skiej obchodzi 25 rocznic\u0119 dzia\u0142alno\u015bci. Z tej okazji w najbli\u017csz\u0105 sobot\u0119 odb\u0119dzie si\u0119 specjalny uroczysty koncert. &#8211; W ramach obchod\u00f3w jubileuszowych AZM zaprasza wszystkie pokolenia swoich ch\u00f3rzyst\u00f3w, a tak\u017ce przyjaci\u00f3\u0142, sympatyk\u00f3w, by\u0142ych i obecnych pracownik\u00f3w Politechniki \u015al\u0105skiej oraz mi\u0142o\u015bnik\u00f3w muzyki klasycznej na uroczysty koncert, kt\u00f3ry odb\u0119dzie si\u0119 w ko\u015bciele pw. \u015aw. [&hellip;]\" \/>\n<meta property=\"og:url\" content=\"https:\/\/www.24gliwice.pl\/wiadomosci\/25-lecie-azm-politechniki-slaskiej-w-sobote-uroczysty-koncert\/\" \/>\n<meta property=\"og:site_name\" content=\"24GLIWICE - Portal Gliwice | codziennie nowe informacje\" \/>\n<meta property=\"article:publisher\" content=\"https:\/\/www.facebook.com\/24gliwice\" \/>\n<meta property=\"article:published_time\" content=\"2021-11-16T13:37:15+00:00\" \/>\n<meta property=\"article:modified_time\" content=\"2021-11-16T13:38:18+00:00\" \/>\n<meta property=\"og:image\" content=\"https:\/\/www.24gliwice.pl\/wiadomosci\/wp-content\/uploads\/2021\/11\/politechnika_Easy-Resize.com_.jpg\" \/>\n\t<meta property=\"og:image:width\" content=\"1280\" \/>\n\t<meta property=\"og:image:height\" content=\"576\" \/>\n\t<meta property=\"og:image:type\" content=\"image\/jpeg\" \/>\n<meta name=\"author\" content=\"Micha\u0142 Szewczyk\" \/>\n<meta name=\"twitter:card\" content=\"summary_large_image\" \/>\n<meta name=\"twitter:creator\" content=\"@24gliwice\" \/>\n<meta name=\"twitter:site\" content=\"@24gliwice\" \/>\n<meta name=\"twitter:label1\" content=\"Napisane przez\" \/>\n\t<meta name=\"twitter:data1\" content=\"Micha\u0142 Szewczyk\" \/>\n\t<meta name=\"twitter:label2\" content=\"Szacowany czas czytania\" \/>\n\t<meta name=\"twitter:data2\" content=\"3 minuty\" \/>\n<script type=\"application\/ld+json\" class=\"yoast-schema-graph\">{\"@context\":\"https:\\\/\\\/schema.org\",\"@graph\":[{\"@type\":\"Article\",\"@id\":\"https:\\\/\\\/www.24gliwice.pl\\\/wiadomosci\\\/25-lecie-azm-politechniki-slaskiej-w-sobote-uroczysty-koncert\\\/#article\",\"isPartOf\":{\"@id\":\"https:\\\/\\\/www.24gliwice.pl\\\/wiadomosci\\\/25-lecie-azm-politechniki-slaskiej-w-sobote-uroczysty-koncert\\\/\"},\"author\":{\"name\":\"Micha\u0142 Szewczyk\",\"@id\":\"https:\\\/\\\/www.24gliwice.pl\\\/wiadomosci\\\/#\\\/schema\\\/person\\\/940e8f8a097e322de4f463f061ef8d45\"},\"headline\":\"25-lecie AZM Politechniki \u015al\u0105skiej. W sobot\u0119 uroczysty koncert\",\"datePublished\":\"2021-11-16T13:37:15+00:00\",\"dateModified\":\"2021-11-16T13:38:18+00:00\",\"mainEntityOfPage\":{\"@id\":\"https:\\\/\\\/www.24gliwice.pl\\\/wiadomosci\\\/25-lecie-azm-politechniki-slaskiej-w-sobote-uroczysty-koncert\\\/\"},\"wordCount\":680,\"commentCount\":0,\"publisher\":{\"@id\":\"https:\\\/\\\/www.24gliwice.pl\\\/wiadomosci\\\/#organization\"},\"image\":{\"@id\":\"https:\\\/\\\/www.24gliwice.pl\\\/wiadomosci\\\/25-lecie-azm-politechniki-slaskiej-w-sobote-uroczysty-koncert\\\/#primaryimage\"},\"thumbnailUrl\":\"https:\\\/\\\/www.24gliwice.pl\\\/wiadomosci\\\/wp-content\\\/uploads\\\/2021\\\/11\\\/politechnika_Easy-Resize.com_.jpg\",\"articleSection\":[\"Gliwice\",\"Kultura, wydarzenia, imprezy\",\"Najnowsze wiadomo\u015bci\"],\"inLanguage\":\"pl-PL\",\"potentialAction\":[{\"@type\":\"CommentAction\",\"name\":\"Comment\",\"target\":[\"https:\\\/\\\/www.24gliwice.pl\\\/wiadomosci\\\/25-lecie-azm-politechniki-slaskiej-w-sobote-uroczysty-koncert\\\/#respond\"]}]},{\"@type\":\"WebPage\",\"@id\":\"https:\\\/\\\/www.24gliwice.pl\\\/wiadomosci\\\/25-lecie-azm-politechniki-slaskiej-w-sobote-uroczysty-koncert\\\/\",\"url\":\"https:\\\/\\\/www.24gliwice.pl\\\/wiadomosci\\\/25-lecie-azm-politechniki-slaskiej-w-sobote-uroczysty-koncert\\\/\",\"name\":\"25-lecie AZM Politechniki \u015al\u0105skiej. W sobot\u0119 uroczysty koncert - 24GLIWICE - Portal Gliwice | codziennie nowe informacje\",\"isPartOf\":{\"@id\":\"https:\\\/\\\/www.24gliwice.pl\\\/wiadomosci\\\/#website\"},\"primaryImageOfPage\":{\"@id\":\"https:\\\/\\\/www.24gliwice.pl\\\/wiadomosci\\\/25-lecie-azm-politechniki-slaskiej-w-sobote-uroczysty-koncert\\\/#primaryimage\"},\"image\":{\"@id\":\"https:\\\/\\\/www.24gliwice.pl\\\/wiadomosci\\\/25-lecie-azm-politechniki-slaskiej-w-sobote-uroczysty-koncert\\\/#primaryimage\"},\"thumbnailUrl\":\"https:\\\/\\\/www.24gliwice.pl\\\/wiadomosci\\\/wp-content\\\/uploads\\\/2021\\\/11\\\/politechnika_Easy-Resize.com_.jpg\",\"datePublished\":\"2021-11-16T13:37:15+00:00\",\"dateModified\":\"2021-11-16T13:38:18+00:00\",\"breadcrumb\":{\"@id\":\"https:\\\/\\\/www.24gliwice.pl\\\/wiadomosci\\\/25-lecie-azm-politechniki-slaskiej-w-sobote-uroczysty-koncert\\\/#breadcrumb\"},\"inLanguage\":\"pl-PL\",\"potentialAction\":[{\"@type\":\"ReadAction\",\"target\":[\"https:\\\/\\\/www.24gliwice.pl\\\/wiadomosci\\\/25-lecie-azm-politechniki-slaskiej-w-sobote-uroczysty-koncert\\\/\"]}]},{\"@type\":\"ImageObject\",\"inLanguage\":\"pl-PL\",\"@id\":\"https:\\\/\\\/www.24gliwice.pl\\\/wiadomosci\\\/25-lecie-azm-politechniki-slaskiej-w-sobote-uroczysty-koncert\\\/#primaryimage\",\"url\":\"https:\\\/\\\/www.24gliwice.pl\\\/wiadomosci\\\/wp-content\\\/uploads\\\/2021\\\/11\\\/politechnika_Easy-Resize.com_.jpg\",\"contentUrl\":\"https:\\\/\\\/www.24gliwice.pl\\\/wiadomosci\\\/wp-content\\\/uploads\\\/2021\\\/11\\\/politechnika_Easy-Resize.com_.jpg\",\"width\":1280,\"height\":576},{\"@type\":\"BreadcrumbList\",\"@id\":\"https:\\\/\\\/www.24gliwice.pl\\\/wiadomosci\\\/25-lecie-azm-politechniki-slaskiej-w-sobote-uroczysty-koncert\\\/#breadcrumb\",\"itemListElement\":[{\"@type\":\"ListItem\",\"position\":1,\"name\":\"Strona g\u0142\u00f3wna\",\"item\":\"https:\\\/\\\/www.24gliwice.pl\\\/wiadomosci\\\/\"},{\"@type\":\"ListItem\",\"position\":2,\"name\":\"25-lecie AZM Politechniki \u015al\u0105skiej. W sobot\u0119 uroczysty koncert\"}]},{\"@type\":\"WebSite\",\"@id\":\"https:\\\/\\\/www.24gliwice.pl\\\/wiadomosci\\\/#website\",\"url\":\"https:\\\/\\\/www.24gliwice.pl\\\/wiadomosci\\\/\",\"name\":\"24GLIWICE - Portal Gliwice | codziennie nowe wiadomo\u015bci\",\"description\":\"Portal Miejski Gliwice\",\"publisher\":{\"@id\":\"https:\\\/\\\/www.24gliwice.pl\\\/wiadomosci\\\/#organization\"},\"potentialAction\":[{\"@type\":\"SearchAction\",\"target\":{\"@type\":\"EntryPoint\",\"urlTemplate\":\"https:\\\/\\\/www.24gliwice.pl\\\/wiadomosci\\\/?s={search_term_string}\"},\"query-input\":{\"@type\":\"PropertyValueSpecification\",\"valueRequired\":true,\"valueName\":\"search_term_string\"}}],\"inLanguage\":\"pl-PL\"},{\"@type\":\"Organization\",\"@id\":\"https:\\\/\\\/www.24gliwice.pl\\\/wiadomosci\\\/#organization\",\"name\":\"24gliwice\",\"url\":\"https:\\\/\\\/www.24gliwice.pl\\\/wiadomosci\\\/\",\"logo\":{\"@type\":\"ImageObject\",\"inLanguage\":\"pl-PL\",\"@id\":\"https:\\\/\\\/www.24gliwice.pl\\\/wiadomosci\\\/#\\\/schema\\\/logo\\\/image\\\/\",\"url\":\"https:\\\/\\\/www.24gliwice.pl\\\/wiadomosci\\\/wp-content\\\/uploads\\\/2024\\\/10\\\/24gliwice-logo-696.jpg\",\"contentUrl\":\"https:\\\/\\\/www.24gliwice.pl\\\/wiadomosci\\\/wp-content\\\/uploads\\\/2024\\\/10\\\/24gliwice-logo-696.jpg\",\"width\":696,\"height\":696,\"caption\":\"24gliwice\"},\"image\":{\"@id\":\"https:\\\/\\\/www.24gliwice.pl\\\/wiadomosci\\\/#\\\/schema\\\/logo\\\/image\\\/\"},\"sameAs\":[\"https:\\\/\\\/www.facebook.com\\\/24gliwice\",\"https:\\\/\\\/x.com\\\/24gliwice\",\"https:\\\/\\\/www.youtube.com\\\/@24gliwice\"]},{\"@type\":\"Person\",\"@id\":\"https:\\\/\\\/www.24gliwice.pl\\\/wiadomosci\\\/#\\\/schema\\\/person\\\/940e8f8a097e322de4f463f061ef8d45\",\"name\":\"Micha\u0142 Szewczyk\",\"image\":{\"@type\":\"ImageObject\",\"inLanguage\":\"pl-PL\",\"@id\":\"https:\\\/\\\/www.24gliwice.pl\\\/wiadomosci\\\/wp-content\\\/litespeed\\\/avatar\\\/137ca358618d26b52e62930ff8ce0eb6.jpg?ver=1776985283\",\"url\":\"https:\\\/\\\/www.24gliwice.pl\\\/wiadomosci\\\/wp-content\\\/litespeed\\\/avatar\\\/137ca358618d26b52e62930ff8ce0eb6.jpg?ver=1776985283\",\"contentUrl\":\"https:\\\/\\\/www.24gliwice.pl\\\/wiadomosci\\\/wp-content\\\/litespeed\\\/avatar\\\/137ca358618d26b52e62930ff8ce0eb6.jpg?ver=1776985283\",\"caption\":\"Micha\u0142 Szewczyk\"},\"sameAs\":[\"http:\\\/\\\/www.gazeta-miejska.pl\"],\"url\":\"https:\\\/\\\/www.24gliwice.pl\\\/wiadomosci\\\/author\\\/michal-szewczyk\\\/\"}]}<\/script>\n<!-- \/ Yoast SEO plugin. -->","yoast_head_json":{"title":"25-lecie AZM Politechniki \u015al\u0105skiej. W sobot\u0119 uroczysty koncert - 24GLIWICE - Portal Gliwice | codziennie nowe informacje","robots":{"index":"index","follow":"follow","max-snippet":"max-snippet:-1","max-image-preview":"max-image-preview:large","max-video-preview":"max-video-preview:-1"},"canonical":"https:\/\/www.24gliwice.pl\/wiadomosci\/25-lecie-azm-politechniki-slaskiej-w-sobote-uroczysty-koncert\/","og_locale":"pl_PL","og_type":"article","og_title":"25-lecie AZM Politechniki \u015al\u0105skiej. W sobot\u0119 uroczysty koncert - 24GLIWICE - Portal Gliwice | codziennie nowe informacje","og_description":"Akademicki Zesp\u00f3\u0142 Muzyczny Politechniki \u015al\u0105skiej obchodzi 25 rocznic\u0119 dzia\u0142alno\u015bci. Z tej okazji w najbli\u017csz\u0105 sobot\u0119 odb\u0119dzie si\u0119 specjalny uroczysty koncert. &#8211; W ramach obchod\u00f3w jubileuszowych AZM zaprasza wszystkie pokolenia swoich ch\u00f3rzyst\u00f3w, a tak\u017ce przyjaci\u00f3\u0142, sympatyk\u00f3w, by\u0142ych i obecnych pracownik\u00f3w Politechniki \u015al\u0105skiej oraz mi\u0142o\u015bnik\u00f3w muzyki klasycznej na uroczysty koncert, kt\u00f3ry odb\u0119dzie si\u0119 w ko\u015bciele pw. \u015aw. [&hellip;]","og_url":"https:\/\/www.24gliwice.pl\/wiadomosci\/25-lecie-azm-politechniki-slaskiej-w-sobote-uroczysty-koncert\/","og_site_name":"24GLIWICE - Portal Gliwice | codziennie nowe informacje","article_publisher":"https:\/\/www.facebook.com\/24gliwice","article_published_time":"2021-11-16T13:37:15+00:00","article_modified_time":"2021-11-16T13:38:18+00:00","og_image":[{"width":1280,"height":576,"url":"https:\/\/www.24gliwice.pl\/wiadomosci\/wp-content\/uploads\/2021\/11\/politechnika_Easy-Resize.com_.jpg","type":"image\/jpeg"}],"author":"Micha\u0142 Szewczyk","twitter_card":"summary_large_image","twitter_creator":"@24gliwice","twitter_site":"@24gliwice","twitter_misc":{"Napisane przez":"Micha\u0142 Szewczyk","Szacowany czas czytania":"3 minuty"},"schema":{"@context":"https:\/\/schema.org","@graph":[{"@type":"Article","@id":"https:\/\/www.24gliwice.pl\/wiadomosci\/25-lecie-azm-politechniki-slaskiej-w-sobote-uroczysty-koncert\/#article","isPartOf":{"@id":"https:\/\/www.24gliwice.pl\/wiadomosci\/25-lecie-azm-politechniki-slaskiej-w-sobote-uroczysty-koncert\/"},"author":{"name":"Micha\u0142 Szewczyk","@id":"https:\/\/www.24gliwice.pl\/wiadomosci\/#\/schema\/person\/940e8f8a097e322de4f463f061ef8d45"},"headline":"25-lecie AZM Politechniki \u015al\u0105skiej. W sobot\u0119 uroczysty koncert","datePublished":"2021-11-16T13:37:15+00:00","dateModified":"2021-11-16T13:38:18+00:00","mainEntityOfPage":{"@id":"https:\/\/www.24gliwice.pl\/wiadomosci\/25-lecie-azm-politechniki-slaskiej-w-sobote-uroczysty-koncert\/"},"wordCount":680,"commentCount":0,"publisher":{"@id":"https:\/\/www.24gliwice.pl\/wiadomosci\/#organization"},"image":{"@id":"https:\/\/www.24gliwice.pl\/wiadomosci\/25-lecie-azm-politechniki-slaskiej-w-sobote-uroczysty-koncert\/#primaryimage"},"thumbnailUrl":"https:\/\/www.24gliwice.pl\/wiadomosci\/wp-content\/uploads\/2021\/11\/politechnika_Easy-Resize.com_.jpg","articleSection":["Gliwice","Kultura, wydarzenia, imprezy","Najnowsze wiadomo\u015bci"],"inLanguage":"pl-PL","potentialAction":[{"@type":"CommentAction","name":"Comment","target":["https:\/\/www.24gliwice.pl\/wiadomosci\/25-lecie-azm-politechniki-slaskiej-w-sobote-uroczysty-koncert\/#respond"]}]},{"@type":"WebPage","@id":"https:\/\/www.24gliwice.pl\/wiadomosci\/25-lecie-azm-politechniki-slaskiej-w-sobote-uroczysty-koncert\/","url":"https:\/\/www.24gliwice.pl\/wiadomosci\/25-lecie-azm-politechniki-slaskiej-w-sobote-uroczysty-koncert\/","name":"25-lecie AZM Politechniki \u015al\u0105skiej. W sobot\u0119 uroczysty koncert - 24GLIWICE - Portal Gliwice | codziennie nowe informacje","isPartOf":{"@id":"https:\/\/www.24gliwice.pl\/wiadomosci\/#website"},"primaryImageOfPage":{"@id":"https:\/\/www.24gliwice.pl\/wiadomosci\/25-lecie-azm-politechniki-slaskiej-w-sobote-uroczysty-koncert\/#primaryimage"},"image":{"@id":"https:\/\/www.24gliwice.pl\/wiadomosci\/25-lecie-azm-politechniki-slaskiej-w-sobote-uroczysty-koncert\/#primaryimage"},"thumbnailUrl":"https:\/\/www.24gliwice.pl\/wiadomosci\/wp-content\/uploads\/2021\/11\/politechnika_Easy-Resize.com_.jpg","datePublished":"2021-11-16T13:37:15+00:00","dateModified":"2021-11-16T13:38:18+00:00","breadcrumb":{"@id":"https:\/\/www.24gliwice.pl\/wiadomosci\/25-lecie-azm-politechniki-slaskiej-w-sobote-uroczysty-koncert\/#breadcrumb"},"inLanguage":"pl-PL","potentialAction":[{"@type":"ReadAction","target":["https:\/\/www.24gliwice.pl\/wiadomosci\/25-lecie-azm-politechniki-slaskiej-w-sobote-uroczysty-koncert\/"]}]},{"@type":"ImageObject","inLanguage":"pl-PL","@id":"https:\/\/www.24gliwice.pl\/wiadomosci\/25-lecie-azm-politechniki-slaskiej-w-sobote-uroczysty-koncert\/#primaryimage","url":"https:\/\/www.24gliwice.pl\/wiadomosci\/wp-content\/uploads\/2021\/11\/politechnika_Easy-Resize.com_.jpg","contentUrl":"https:\/\/www.24gliwice.pl\/wiadomosci\/wp-content\/uploads\/2021\/11\/politechnika_Easy-Resize.com_.jpg","width":1280,"height":576},{"@type":"BreadcrumbList","@id":"https:\/\/www.24gliwice.pl\/wiadomosci\/25-lecie-azm-politechniki-slaskiej-w-sobote-uroczysty-koncert\/#breadcrumb","itemListElement":[{"@type":"ListItem","position":1,"name":"Strona g\u0142\u00f3wna","item":"https:\/\/www.24gliwice.pl\/wiadomosci\/"},{"@type":"ListItem","position":2,"name":"25-lecie AZM Politechniki \u015al\u0105skiej. W sobot\u0119 uroczysty koncert"}]},{"@type":"WebSite","@id":"https:\/\/www.24gliwice.pl\/wiadomosci\/#website","url":"https:\/\/www.24gliwice.pl\/wiadomosci\/","name":"24GLIWICE - Portal Gliwice | codziennie nowe wiadomo\u015bci","description":"Portal Miejski Gliwice","publisher":{"@id":"https:\/\/www.24gliwice.pl\/wiadomosci\/#organization"},"potentialAction":[{"@type":"SearchAction","target":{"@type":"EntryPoint","urlTemplate":"https:\/\/www.24gliwice.pl\/wiadomosci\/?s={search_term_string}"},"query-input":{"@type":"PropertyValueSpecification","valueRequired":true,"valueName":"search_term_string"}}],"inLanguage":"pl-PL"},{"@type":"Organization","@id":"https:\/\/www.24gliwice.pl\/wiadomosci\/#organization","name":"24gliwice","url":"https:\/\/www.24gliwice.pl\/wiadomosci\/","logo":{"@type":"ImageObject","inLanguage":"pl-PL","@id":"https:\/\/www.24gliwice.pl\/wiadomosci\/#\/schema\/logo\/image\/","url":"https:\/\/www.24gliwice.pl\/wiadomosci\/wp-content\/uploads\/2024\/10\/24gliwice-logo-696.jpg","contentUrl":"https:\/\/www.24gliwice.pl\/wiadomosci\/wp-content\/uploads\/2024\/10\/24gliwice-logo-696.jpg","width":696,"height":696,"caption":"24gliwice"},"image":{"@id":"https:\/\/www.24gliwice.pl\/wiadomosci\/#\/schema\/logo\/image\/"},"sameAs":["https:\/\/www.facebook.com\/24gliwice","https:\/\/x.com\/24gliwice","https:\/\/www.youtube.com\/@24gliwice"]},{"@type":"Person","@id":"https:\/\/www.24gliwice.pl\/wiadomosci\/#\/schema\/person\/940e8f8a097e322de4f463f061ef8d45","name":"Micha\u0142 Szewczyk","image":{"@type":"ImageObject","inLanguage":"pl-PL","@id":"https:\/\/www.24gliwice.pl\/wiadomosci\/wp-content\/litespeed\/avatar\/137ca358618d26b52e62930ff8ce0eb6.jpg?ver=1776985283","url":"https:\/\/www.24gliwice.pl\/wiadomosci\/wp-content\/litespeed\/avatar\/137ca358618d26b52e62930ff8ce0eb6.jpg?ver=1776985283","contentUrl":"https:\/\/www.24gliwice.pl\/wiadomosci\/wp-content\/litespeed\/avatar\/137ca358618d26b52e62930ff8ce0eb6.jpg?ver=1776985283","caption":"Micha\u0142 Szewczyk"},"sameAs":["http:\/\/www.gazeta-miejska.pl"],"url":"https:\/\/www.24gliwice.pl\/wiadomosci\/author\/michal-szewczyk\/"}]}},"_links":{"self":[{"href":"https:\/\/www.24gliwice.pl\/wiadomosci\/wp-json\/wp\/v2\/posts\/180877","targetHints":{"allow":["GET"]}}],"collection":[{"href":"https:\/\/www.24gliwice.pl\/wiadomosci\/wp-json\/wp\/v2\/posts"}],"about":[{"href":"https:\/\/www.24gliwice.pl\/wiadomosci\/wp-json\/wp\/v2\/types\/post"}],"author":[{"embeddable":true,"href":"https:\/\/www.24gliwice.pl\/wiadomosci\/wp-json\/wp\/v2\/users\/12"}],"replies":[{"embeddable":true,"href":"https:\/\/www.24gliwice.pl\/wiadomosci\/wp-json\/wp\/v2\/comments?post=180877"}],"version-history":[{"count":5,"href":"https:\/\/www.24gliwice.pl\/wiadomosci\/wp-json\/wp\/v2\/posts\/180877\/revisions"}],"predecessor-version":[{"id":180898,"href":"https:\/\/www.24gliwice.pl\/wiadomosci\/wp-json\/wp\/v2\/posts\/180877\/revisions\/180898"}],"wp:featuredmedia":[{"embeddable":true,"href":"https:\/\/www.24gliwice.pl\/wiadomosci\/wp-json\/wp\/v2\/media\/180886"}],"wp:attachment":[{"href":"https:\/\/www.24gliwice.pl\/wiadomosci\/wp-json\/wp\/v2\/media?parent=180877"}],"wp:term":[{"taxonomy":"category","embeddable":true,"href":"https:\/\/www.24gliwice.pl\/wiadomosci\/wp-json\/wp\/v2\/categories?post=180877"},{"taxonomy":"post_tag","embeddable":true,"href":"https:\/\/www.24gliwice.pl\/wiadomosci\/wp-json\/wp\/v2\/tags?post=180877"}],"curies":[{"name":"wp","href":"https:\/\/api.w.org\/{rel}","templated":true}]}}