{"id":181060,"date":"2021-11-18T19:07:50","date_gmt":"2021-11-18T18:07:50","guid":{"rendered":"https:\/\/www.24gliwice.pl\/wiadomosci\/?p=181060"},"modified":"2021-11-18T19:07:50","modified_gmt":"2021-11-18T18:07:50","slug":"premiery-w-kinie-amok-na-ekran-wchodza-poufne-lekcje-perskiego-oraz-wyspa-bergmana","status":"publish","type":"post","link":"https:\/\/www.24gliwice.pl\/wiadomosci\/premiery-w-kinie-amok-na-ekran-wchodza-poufne-lekcje-perskiego-oraz-wyspa-bergmana\/","title":{"rendered":"Premiery w kinie Amok. Na ekran wchodz\u0105 &#8220;Poufne lekcje perskiego&#8221; oraz &#8220;Wyspa Bergmana&#8221;"},"content":{"rendered":"<div class=\"gliwi-a6-nad-leadem-artykulow gliwi-entity-placement\" id=\"gliwi-587710382\"><div class=\"gliwi-adlabel\"><span style=\"font-size: 9px\">REKLAMA<\/span><\/div><div id=\"gliwi-2205169187\" style=\"margin-bottom: 25px;margin-left: auto;margin-right: auto;text-align: center;\"><a data-no-instant=\"1\" href=\"https:\/\/dom100.eu\/\" rel=\"noopener\" class=\"a2t-link\" target=\"_blank\" aria-label=\"20260415 DOM100 D\"><img loading=\"lazy\" decoding=\"async\" src=\"https:\/\/www.24gliwice.pl\/wiadomosci\/wp-content\/uploads\/2026\/04\/20260415-DOM100-D.jpg\" alt=\"\"  srcset=\"https:\/\/www.24gliwice.pl\/wiadomosci\/wp-content\/uploads\/2026\/04\/20260415-DOM100-D.jpg 750w, https:\/\/www.24gliwice.pl\/wiadomosci\/wp-content\/uploads\/2026\/04\/20260415-DOM100-D-410x109.jpg 410w\" sizes=\"(max-width: 750px) 100vw, 750px\" class=\"no-lazyload\" width=\"750\" height=\"200\"  style=\"display: inline-block; max-width: 100%; height: auto;\" \/><\/a><\/div><\/div><h2>W kinie Amok w najbli\u017cszy pi\u0105tek przewidziano dwie premiery filmowe. Pierwsza to dramat &#8220;Poufne lekcje perskiego&#8221; &#8211; historia inspirowana prawdziwymi wydarzeniami. Opr\u00f3cz tego zobaczymy tam francusk\u0105 produkcj\u0119 &#8220;Wyspa Bergmana&#8221;.<\/h2>\n<p>&nbsp;<br \/>\nNiemiecko-bia\u0142orusko-rosyjski film &#8220;Poufne lekcje perskiego&#8221; opowiada o m\u0142odym belgijskim \u017bydzie, kt\u00f3ry sprytem kupi\u0142 sobie \u017cycie. Gilles poznaje w obozie niemieckiego oficera marz\u0105cego o otwarciu po wojnie restauracji w Teheranie. Poniewa\u017c poda\u0142 si\u0119 za Persa, musi zacz\u0105\u0107 uczy\u0107 Niemca perskiego \u2013 j\u0119zyka, kt\u00f3rego nie zna. <\/p>\n<h4>Wymy\u015bla go wi\u0119c na poczekaniu \u2013 s\u0142owo po s\u0142owie, zdanie po zdaniu. Lekcje perskiego zaczynaj\u0105 wzbudza\u0107 podejrzenia i zazdro\u015b\u0107 wi\u0119\u017ani\u00f3w i innych oficer\u00f3w. Jeden fa\u0142szywy ruch mo\u017ce kosztowa\u0107 bardzo wiele\u2026<\/h4>\n<p>Z jednej strony film <strong>Vadima Perelmana<\/strong> to przejmuj\u0105ca, pe\u0142na szacunku wobec cierpienia ofiar opowie\u015b\u0107 o cz\u0142owieku zredukowanym do woli biologicznego przetrwania, pozbawionym w\u0142asnego j\u0119zyka i przesz\u0142o\u015bci, ale b\u0119d\u0105cym stra\u017cnikiem pami\u0119ci o tych, kt\u00f3rych zamordowano. Z drugiej \u2013 komiczne niemal spi\u0119trzenie nieprawdopodobnych zbieg\u00f3w okoliczno\u015bci i surrealistyczny punkt wyj\u015bcia czyni\u0105 z &#8220;Poufnych lekcji perskiego&#8221; udan\u0105 pr\u00f3b\u0119 znalezienia nowego j\u0119zyka, w kt\u00f3rym ironia i absurd jako jedyne s\u0105 w stanie opisa\u0107 z\u0142o Holocaustu. Nagroda Publiczno\u015bci na MFF Transatlantyk.<\/p><div class=\"gliwi-a3-w-tresci-artykulow gliwi-entity-placement\" id=\"gliwi-2570829383\"><div class=\"gliwi-adlabel\"><span style=\"font-size: 9px\">REKLAMA<\/span><\/div><div id=\"gliwi-1257250114\" style=\"margin-bottom: 30px;margin-left: auto;margin-right: auto;text-align: center;\"><a data-no-instant=\"1\" href=\"https:\/\/zlobek.halogen.org.pl\/\" rel=\"noopener\" class=\"a2t-link\" target=\"_blank\" aria-label=\"animator-zlobek_750x200\"><img loading=\"lazy\" decoding=\"async\" src=\"https:\/\/www.24gliwice.pl\/wiadomosci\/wp-content\/uploads\/2026\/02\/animator-zlobek_750x200.webp\" alt=\"\"  srcset=\"https:\/\/www.24gliwice.pl\/wiadomosci\/wp-content\/uploads\/2026\/02\/animator-zlobek_750x200.webp 750w, https:\/\/www.24gliwice.pl\/wiadomosci\/wp-content\/uploads\/2026\/02\/animator-zlobek_750x200-410x109.webp 410w\" sizes=\"(max-width: 750px) 100vw, 750px\" class=\"no-lazyload\" width=\"750\" height=\"200\"  style=\"display: inline-block; max-width: 100%; height: auto;\" \/><\/a><\/div><\/div>\n<p><iframe loading=\"lazy\" width=\"810\" height=\"455\" src=\"https:\/\/www.youtube.com\/embed\/fCOWH1G8DoM\" title=\"YouTube video player\" frameborder=\"0\" allow=\"accelerometer; autoplay; clipboard-write; encrypted-media; gyroscope; picture-in-picture\" allowfullscreen><\/iframe><\/p>\n<h4>Francuski dramat &#8220;Wyspa Bergmana&#8221;<\/h4>\n<p>Para ameryka\u0144skich filmowc\u00f3w Chris i Tony przyje\u017cd\u017ca latem na mityczn\u0105 wysp\u0119 F\u00e5r\u00f6. W tym niezwyk\u0142ym miejscu, w kt\u00f3rym \u017cy\u0142 i tworzy\u0142 swoje najbardziej znane dzie\u0142a Bergman, maj\u0105 nadziej\u0119 znale\u017a\u0107 inspiracj\u0119 do nowych projekt\u00f3w. W miar\u0119 jak mijaj\u0105 kolejne osobno sp\u0119dzone dni, fascynacja wysp\u0105 zaczyna skupia\u0107 si\u0119 wok\u00f3\u0142 Chris i jej wspomnie\u0144 zwi\u0105zanych z pierwsz\u0105 mi\u0142o\u015bci\u0105. Granica mi\u0119dzy rzeczywisto\u015bci\u0105 a fikcj\u0105 zaczyna si\u0119 stopniowo zaciera\u0107 i rozdziela\u0107 par\u0119 jeszcze bardziej.<\/p>\n<h4>Dyskretna rywalizacja, \u0142\u00f3\u017ckowa nuda, uprzejmo\u015b\u0107 pokrywaj\u0105ca ch\u0142\u00f3d i czasem tylko odrobin\u0119 podniesiony g\u0142os \u2013 sceny z \u017cycia ma\u0142\u017ce\u0144skiego, kt\u00f3re portretuje Mia Hansen-Love maj\u0105 zupe\u0142nie inn\u0105 temperatur\u0119 ni\u017c te z pami\u0119tnego dzie\u0142a Ingmara Bergmana.<\/h4>\n<p>Tam zwi\u0105zek rozpada\u0142 si\u0119 z hukiem, tu za\u015b powolutku gnije od \u015brodka, zachowuj\u0105c na zewn\u0105trz pozory \u015bwie\u017co\u015bci. Ale jest co\u015b, co \u0142\u0105czy obie historie: F\u00e5r\u00f6, tytu\u0142owa \u201ewyspa Bergmana\u201d, na kt\u00f3rej mieszka\u0142 i pracowa\u0142 szwedzki re\u017cyser i na kt\u00f3r\u0105 przybywaj\u0105 bohaterowie dramatu Francuzki. Para filmowc\u00f3w zjawia si\u0119 w posiad\u0142o\u015bci mistrza, by pracowa\u0107 \u2013 ka\u017cde nad swoim scenariuszem. Tyle \u017ce on zajmuje lepsze biurko, jest bardziej znany i ceniony. Jej z du\u017co wi\u0119kszym trudem przychodzi odnalezienie si\u0119 na wyspie zdominowanej przez duchy wielkich m\u0119\u017cczyzn. Subtelnie rozrysowuj\u0105ca map\u0119 konflikt\u00f3w i trudnych emocji \u201eWyspa Bergmana\u201d zaciera granic\u0119 pomi\u0119dzy rzeczywisto\u015bci\u0105 a fikcj\u0105.<\/p>\n<p><iframe loading=\"lazy\" width=\"810\" height=\"455\" src=\"https:\/\/www.youtube.com\/embed\/6M5oDVjClY4\" title=\"YouTube video player\" frameborder=\"0\" allow=\"accelerometer; autoplay; clipboard-write; encrypted-media; gyroscope; picture-in-picture\" allowfullscreen><\/iframe><\/p>\n<h4>Kinowy podwieczorek dla rodziny<\/h4>\n<p>W niedziel\u0119, 21 listopada, o godzinie 16:00 na ekranie kina Amok wy\u015bwietlony zostanie film familijny &#8220;Wicher. Ostatni rozdzia\u0142&#8221;.<\/p>\n<p>Ari zamieszka\u0142a w stadninie, w kt\u00f3rej opiekuje si\u0119 Wichrem i innymi ko\u0144mi. Po letniej burzy trafiaj\u0105 tam sp\u0142oszone konie z cyrku. Ari zaprzyja\u017ania si\u0119 z pracuj\u0105cym w zespole cyrkowym Carlo. Zauwa\u017ca, \u017ce jeden ze starszych i ju\u017c chorych koni &#8211; Huragan, jest zmuszany do wyst\u0119p\u00f3w przez okrutnego re\u017cysera Yiri&#8217;ego&#8230; <\/p>\n<p><iframe loading=\"lazy\" width=\"810\" height=\"455\" src=\"https:\/\/www.youtube.com\/embed\/fMJ3_IV3qVA\" title=\"YouTube video player\" frameborder=\"0\" allow=\"accelerometer; autoplay; clipboard-write; encrypted-media; gyroscope; picture-in-picture\" allowfullscreen><\/iframe><\/p>\n<p>&#8220;Wicher. Ostatni rozdzia\u0142&#8221; ko\u0144czy seri\u0119 film\u00f3w, w kt\u00f3rej zakocha\u0142y si\u0119 tysi\u0105ce dzieciak\u00f3w na ca\u0142ym \u015bwiecie. (wiek: 8+)   <\/p>\n<p><a href=\"https:\/\/amok.gliwice.pl\/repertuar\/\">Ca\u0142y repertuar kina Amok dost\u0119pny jest tutaj. <\/a><br \/>\n(\u017cms)\/Amok Gliwice<\/p>\n<div class=\"gliwi-a5-na-koncu-artykulow gliwi-entity-placement\" id=\"gliwi-266239209\"><div class=\"gliwi-adlabel\"><span style=\"font-size: 9px\">REKLAMA<\/span><\/div><div id=\"gliwi-1933135269\" style=\"margin-left: auto;margin-right: auto;text-align: center;\"><a data-no-instant=\"1\" href=\"https:\/\/prezeroarenagliwice.pl\/\" rel=\"noopener\" class=\"a2t-link\" target=\"_blank\" aria-label=\"20260309-PREZERO-WIOSNA-D\"><img loading=\"lazy\" decoding=\"async\" src=\"https:\/\/www.24gliwice.pl\/wiadomosci\/wp-content\/uploads\/2026\/03\/20260309-PREZERO-WIOSNA-D.webp\" alt=\"\"  srcset=\"https:\/\/www.24gliwice.pl\/wiadomosci\/wp-content\/uploads\/2026\/03\/20260309-PREZERO-WIOSNA-D.webp 750w, https:\/\/www.24gliwice.pl\/wiadomosci\/wp-content\/uploads\/2026\/03\/20260309-PREZERO-WIOSNA-D-410x109.webp 410w\" sizes=\"(max-width: 750px) 100vw, 750px\" class=\"no-lazyload\" width=\"750\" height=\"200\"  style=\"display: inline-block; max-width: 100%; height: auto;\" \/><\/a><\/div><\/div>","protected":false},"excerpt":{"rendered":"<p>W kinie Amok w najbli\u017cszy pi\u0105tek przewidziano dwie premiery filmowe. Pierwsza to dramat &#8220;Poufne lekcje perskiego&#8221; &#8211; historia inspirowana prawdziwymi wydarzeniami. Opr\u00f3cz tego zobaczymy tam francusk\u0105 produkcj\u0119 &#8220;Wyspa Bergmana&#8221;. &nbsp; Niemiecko-bia\u0142orusko-rosyjski film &#8220;Poufne lekcje perskiego&#8221; opowiada o m\u0142odym belgijskim \u017bydzie, kt\u00f3ry sprytem kupi\u0142 sobie \u017cycie. Gilles poznaje w obozie niemieckiego oficera marz\u0105cego o otwarciu po [&hellip;]<\/p>\n","protected":false},"author":15,"featured_media":181065,"comment_status":"open","ping_status":"closed","sticky":false,"template":"","format":"standard","meta":{"_monsterinsights_skip_tracking":false,"_monsterinsights_sitenote_active":false,"_monsterinsights_sitenote_note":"","_monsterinsights_sitenote_category":0,"footnotes":"","_links_to":"","_links_to_target":""},"categories":[3,6,1],"tags":[256],"class_list":["post-181060","post","type-post","status-publish","format-standard","has-post-thumbnail","hentry","category-gliwice","category-kultura","category-wszystko","tag-kino-amok"],"yoast_head":"<!-- This site is optimized with the Yoast SEO plugin v27.4 - https:\/\/yoast.com\/product\/yoast-seo-wordpress\/ -->\n<title>Premiery w kinie Amok. Na ekran wchodz\u0105 &quot;Poufne lekcje perskiego&quot; oraz &quot;Wyspa Bergmana&quot; - 24GLIWICE - Portal Gliwice | codziennie nowe informacje<\/title>\n<meta name=\"robots\" content=\"index, follow, max-snippet:-1, max-image-preview:large, max-video-preview:-1\" \/>\n<link rel=\"canonical\" href=\"https:\/\/www.24gliwice.pl\/wiadomosci\/premiery-w-kinie-amok-na-ekran-wchodza-poufne-lekcje-perskiego-oraz-wyspa-bergmana\/\" \/>\n<meta property=\"og:locale\" content=\"pl_PL\" \/>\n<meta property=\"og:type\" content=\"article\" \/>\n<meta property=\"og:title\" content=\"Premiery w kinie Amok. Na ekran wchodz\u0105 &quot;Poufne lekcje perskiego&quot; oraz &quot;Wyspa Bergmana&quot; - 24GLIWICE - Portal Gliwice | codziennie nowe informacje\" \/>\n<meta property=\"og:description\" content=\"W kinie Amok w najbli\u017cszy pi\u0105tek przewidziano dwie premiery filmowe. Pierwsza to dramat &#8220;Poufne lekcje perskiego&#8221; &#8211; historia inspirowana prawdziwymi wydarzeniami. Opr\u00f3cz tego zobaczymy tam francusk\u0105 produkcj\u0119 &#8220;Wyspa Bergmana&#8221;. &nbsp; Niemiecko-bia\u0142orusko-rosyjski film &#8220;Poufne lekcje perskiego&#8221; opowiada o m\u0142odym belgijskim \u017bydzie, kt\u00f3ry sprytem kupi\u0142 sobie \u017cycie. Gilles poznaje w obozie niemieckiego oficera marz\u0105cego o otwarciu po [&hellip;]\" \/>\n<meta property=\"og:url\" content=\"https:\/\/www.24gliwice.pl\/wiadomosci\/premiery-w-kinie-amok-na-ekran-wchodza-poufne-lekcje-perskiego-oraz-wyspa-bergmana\/\" \/>\n<meta property=\"og:site_name\" content=\"24GLIWICE - Portal Gliwice | codziennie nowe informacje\" \/>\n<meta property=\"article:publisher\" content=\"https:\/\/www.facebook.com\/24gliwice\" \/>\n<meta property=\"article:published_time\" content=\"2021-11-18T18:07:50+00:00\" \/>\n<meta property=\"og:image\" content=\"https:\/\/www.24gliwice.pl\/wiadomosci\/wp-content\/uploads\/2021\/11\/poufne-lekcje-perskiego.jpg\" \/>\n\t<meta property=\"og:image:width\" content=\"810\" \/>\n\t<meta property=\"og:image:height\" content=\"455\" \/>\n\t<meta property=\"og:image:type\" content=\"image\/jpeg\" \/>\n<meta name=\"author\" content=\"\u017baneta Mrozek-Siewierska\" \/>\n<meta name=\"twitter:card\" content=\"summary_large_image\" \/>\n<meta name=\"twitter:creator\" content=\"@24gliwice\" \/>\n<meta name=\"twitter:site\" content=\"@24gliwice\" \/>\n<meta name=\"twitter:label1\" content=\"Napisane przez\" \/>\n\t<meta name=\"twitter:data1\" content=\"\u017baneta Mrozek-Siewierska\" \/>\n\t<meta name=\"twitter:label2\" content=\"Szacowany czas czytania\" \/>\n\t<meta name=\"twitter:data2\" content=\"3 minuty\" \/>\n<script type=\"application\/ld+json\" class=\"yoast-schema-graph\">{\"@context\":\"https:\\\/\\\/schema.org\",\"@graph\":[{\"@type\":\"Article\",\"@id\":\"https:\\\/\\\/www.24gliwice.pl\\\/wiadomosci\\\/premiery-w-kinie-amok-na-ekran-wchodza-poufne-lekcje-perskiego-oraz-wyspa-bergmana\\\/#article\",\"isPartOf\":{\"@id\":\"https:\\\/\\\/www.24gliwice.pl\\\/wiadomosci\\\/premiery-w-kinie-amok-na-ekran-wchodza-poufne-lekcje-perskiego-oraz-wyspa-bergmana\\\/\"},\"author\":{\"name\":\"\u017baneta Mrozek-Siewierska\",\"@id\":\"https:\\\/\\\/www.24gliwice.pl\\\/wiadomosci\\\/#\\\/schema\\\/person\\\/e42c650edd7f2fa332be3811fb166b6e\"},\"headline\":\"Premiery w kinie Amok. Na ekran wchodz\u0105 &#8220;Poufne lekcje perskiego&#8221; oraz &#8220;Wyspa Bergmana&#8221;\",\"datePublished\":\"2021-11-18T18:07:50+00:00\",\"mainEntityOfPage\":{\"@id\":\"https:\\\/\\\/www.24gliwice.pl\\\/wiadomosci\\\/premiery-w-kinie-amok-na-ekran-wchodza-poufne-lekcje-perskiego-oraz-wyspa-bergmana\\\/\"},\"wordCount\":590,\"commentCount\":0,\"publisher\":{\"@id\":\"https:\\\/\\\/www.24gliwice.pl\\\/wiadomosci\\\/#organization\"},\"image\":{\"@id\":\"https:\\\/\\\/www.24gliwice.pl\\\/wiadomosci\\\/premiery-w-kinie-amok-na-ekran-wchodza-poufne-lekcje-perskiego-oraz-wyspa-bergmana\\\/#primaryimage\"},\"thumbnailUrl\":\"https:\\\/\\\/www.24gliwice.pl\\\/wiadomosci\\\/wp-content\\\/uploads\\\/2021\\\/11\\\/poufne-lekcje-perskiego.jpg\",\"keywords\":[\"KINO AMOK\"],\"articleSection\":[\"Gliwice\",\"Kultura, wydarzenia, imprezy\",\"Najnowsze wiadomo\u015bci\"],\"inLanguage\":\"pl-PL\",\"potentialAction\":[{\"@type\":\"CommentAction\",\"name\":\"Comment\",\"target\":[\"https:\\\/\\\/www.24gliwice.pl\\\/wiadomosci\\\/premiery-w-kinie-amok-na-ekran-wchodza-poufne-lekcje-perskiego-oraz-wyspa-bergmana\\\/#respond\"]}]},{\"@type\":\"WebPage\",\"@id\":\"https:\\\/\\\/www.24gliwice.pl\\\/wiadomosci\\\/premiery-w-kinie-amok-na-ekran-wchodza-poufne-lekcje-perskiego-oraz-wyspa-bergmana\\\/\",\"url\":\"https:\\\/\\\/www.24gliwice.pl\\\/wiadomosci\\\/premiery-w-kinie-amok-na-ekran-wchodza-poufne-lekcje-perskiego-oraz-wyspa-bergmana\\\/\",\"name\":\"Premiery w kinie Amok. Na ekran wchodz\u0105 \\\"Poufne lekcje perskiego\\\" oraz \\\"Wyspa Bergmana\\\" - 24GLIWICE - Portal Gliwice | codziennie nowe informacje\",\"isPartOf\":{\"@id\":\"https:\\\/\\\/www.24gliwice.pl\\\/wiadomosci\\\/#website\"},\"primaryImageOfPage\":{\"@id\":\"https:\\\/\\\/www.24gliwice.pl\\\/wiadomosci\\\/premiery-w-kinie-amok-na-ekran-wchodza-poufne-lekcje-perskiego-oraz-wyspa-bergmana\\\/#primaryimage\"},\"image\":{\"@id\":\"https:\\\/\\\/www.24gliwice.pl\\\/wiadomosci\\\/premiery-w-kinie-amok-na-ekran-wchodza-poufne-lekcje-perskiego-oraz-wyspa-bergmana\\\/#primaryimage\"},\"thumbnailUrl\":\"https:\\\/\\\/www.24gliwice.pl\\\/wiadomosci\\\/wp-content\\\/uploads\\\/2021\\\/11\\\/poufne-lekcje-perskiego.jpg\",\"datePublished\":\"2021-11-18T18:07:50+00:00\",\"breadcrumb\":{\"@id\":\"https:\\\/\\\/www.24gliwice.pl\\\/wiadomosci\\\/premiery-w-kinie-amok-na-ekran-wchodza-poufne-lekcje-perskiego-oraz-wyspa-bergmana\\\/#breadcrumb\"},\"inLanguage\":\"pl-PL\",\"potentialAction\":[{\"@type\":\"ReadAction\",\"target\":[\"https:\\\/\\\/www.24gliwice.pl\\\/wiadomosci\\\/premiery-w-kinie-amok-na-ekran-wchodza-poufne-lekcje-perskiego-oraz-wyspa-bergmana\\\/\"]}]},{\"@type\":\"ImageObject\",\"inLanguage\":\"pl-PL\",\"@id\":\"https:\\\/\\\/www.24gliwice.pl\\\/wiadomosci\\\/premiery-w-kinie-amok-na-ekran-wchodza-poufne-lekcje-perskiego-oraz-wyspa-bergmana\\\/#primaryimage\",\"url\":\"https:\\\/\\\/www.24gliwice.pl\\\/wiadomosci\\\/wp-content\\\/uploads\\\/2021\\\/11\\\/poufne-lekcje-perskiego.jpg\",\"contentUrl\":\"https:\\\/\\\/www.24gliwice.pl\\\/wiadomosci\\\/wp-content\\\/uploads\\\/2021\\\/11\\\/poufne-lekcje-perskiego.jpg\",\"width\":810,\"height\":455,\"caption\":\"KIN\u00d3WKI.pl\"},{\"@type\":\"BreadcrumbList\",\"@id\":\"https:\\\/\\\/www.24gliwice.pl\\\/wiadomosci\\\/premiery-w-kinie-amok-na-ekran-wchodza-poufne-lekcje-perskiego-oraz-wyspa-bergmana\\\/#breadcrumb\",\"itemListElement\":[{\"@type\":\"ListItem\",\"position\":1,\"name\":\"Strona g\u0142\u00f3wna\",\"item\":\"https:\\\/\\\/www.24gliwice.pl\\\/wiadomosci\\\/\"},{\"@type\":\"ListItem\",\"position\":2,\"name\":\"Premiery w kinie Amok. Na ekran wchodz\u0105 &#8222;Poufne lekcje perskiego&#8221; oraz &#8222;Wyspa Bergmana&#8221;\"}]},{\"@type\":\"WebSite\",\"@id\":\"https:\\\/\\\/www.24gliwice.pl\\\/wiadomosci\\\/#website\",\"url\":\"https:\\\/\\\/www.24gliwice.pl\\\/wiadomosci\\\/\",\"name\":\"24GLIWICE - Portal Gliwice | codziennie nowe wiadomo\u015bci\",\"description\":\"Portal Miejski Gliwice\",\"publisher\":{\"@id\":\"https:\\\/\\\/www.24gliwice.pl\\\/wiadomosci\\\/#organization\"},\"potentialAction\":[{\"@type\":\"SearchAction\",\"target\":{\"@type\":\"EntryPoint\",\"urlTemplate\":\"https:\\\/\\\/www.24gliwice.pl\\\/wiadomosci\\\/?s={search_term_string}\"},\"query-input\":{\"@type\":\"PropertyValueSpecification\",\"valueRequired\":true,\"valueName\":\"search_term_string\"}}],\"inLanguage\":\"pl-PL\"},{\"@type\":\"Organization\",\"@id\":\"https:\\\/\\\/www.24gliwice.pl\\\/wiadomosci\\\/#organization\",\"name\":\"24gliwice\",\"url\":\"https:\\\/\\\/www.24gliwice.pl\\\/wiadomosci\\\/\",\"logo\":{\"@type\":\"ImageObject\",\"inLanguage\":\"pl-PL\",\"@id\":\"https:\\\/\\\/www.24gliwice.pl\\\/wiadomosci\\\/#\\\/schema\\\/logo\\\/image\\\/\",\"url\":\"https:\\\/\\\/www.24gliwice.pl\\\/wiadomosci\\\/wp-content\\\/uploads\\\/2024\\\/10\\\/24gliwice-logo-696.jpg\",\"contentUrl\":\"https:\\\/\\\/www.24gliwice.pl\\\/wiadomosci\\\/wp-content\\\/uploads\\\/2024\\\/10\\\/24gliwice-logo-696.jpg\",\"width\":696,\"height\":696,\"caption\":\"24gliwice\"},\"image\":{\"@id\":\"https:\\\/\\\/www.24gliwice.pl\\\/wiadomosci\\\/#\\\/schema\\\/logo\\\/image\\\/\"},\"sameAs\":[\"https:\\\/\\\/www.facebook.com\\\/24gliwice\",\"https:\\\/\\\/x.com\\\/24gliwice\",\"https:\\\/\\\/www.youtube.com\\\/@24gliwice\"]},{\"@type\":\"Person\",\"@id\":\"https:\\\/\\\/www.24gliwice.pl\\\/wiadomosci\\\/#\\\/schema\\\/person\\\/e42c650edd7f2fa332be3811fb166b6e\",\"name\":\"\u017baneta Mrozek-Siewierska\",\"image\":{\"@type\":\"ImageObject\",\"inLanguage\":\"pl-PL\",\"@id\":\"https:\\\/\\\/www.24gliwice.pl\\\/wiadomosci\\\/wp-content\\\/uploads\\\/2021\\\/11\\\/Zaneta-M_S-zdjecie-czb-96x96.jpg\",\"url\":\"https:\\\/\\\/www.24gliwice.pl\\\/wiadomosci\\\/wp-content\\\/uploads\\\/2021\\\/11\\\/Zaneta-M_S-zdjecie-czb-96x96.jpg\",\"contentUrl\":\"https:\\\/\\\/www.24gliwice.pl\\\/wiadomosci\\\/wp-content\\\/uploads\\\/2021\\\/11\\\/Zaneta-M_S-zdjecie-czb-96x96.jpg\",\"caption\":\"\u017baneta Mrozek-Siewierska\"},\"url\":\"https:\\\/\\\/www.24gliwice.pl\\\/wiadomosci\\\/author\\\/zms\\\/\"}]}<\/script>\n<!-- \/ Yoast SEO plugin. -->","yoast_head_json":{"title":"Premiery w kinie Amok. Na ekran wchodz\u0105 \"Poufne lekcje perskiego\" oraz \"Wyspa Bergmana\" - 24GLIWICE - Portal Gliwice | codziennie nowe informacje","robots":{"index":"index","follow":"follow","max-snippet":"max-snippet:-1","max-image-preview":"max-image-preview:large","max-video-preview":"max-video-preview:-1"},"canonical":"https:\/\/www.24gliwice.pl\/wiadomosci\/premiery-w-kinie-amok-na-ekran-wchodza-poufne-lekcje-perskiego-oraz-wyspa-bergmana\/","og_locale":"pl_PL","og_type":"article","og_title":"Premiery w kinie Amok. Na ekran wchodz\u0105 \"Poufne lekcje perskiego\" oraz \"Wyspa Bergmana\" - 24GLIWICE - Portal Gliwice | codziennie nowe informacje","og_description":"W kinie Amok w najbli\u017cszy pi\u0105tek przewidziano dwie premiery filmowe. Pierwsza to dramat &#8220;Poufne lekcje perskiego&#8221; &#8211; historia inspirowana prawdziwymi wydarzeniami. Opr\u00f3cz tego zobaczymy tam francusk\u0105 produkcj\u0119 &#8220;Wyspa Bergmana&#8221;. &nbsp; Niemiecko-bia\u0142orusko-rosyjski film &#8220;Poufne lekcje perskiego&#8221; opowiada o m\u0142odym belgijskim \u017bydzie, kt\u00f3ry sprytem kupi\u0142 sobie \u017cycie. Gilles poznaje w obozie niemieckiego oficera marz\u0105cego o otwarciu po [&hellip;]","og_url":"https:\/\/www.24gliwice.pl\/wiadomosci\/premiery-w-kinie-amok-na-ekran-wchodza-poufne-lekcje-perskiego-oraz-wyspa-bergmana\/","og_site_name":"24GLIWICE - Portal Gliwice | codziennie nowe informacje","article_publisher":"https:\/\/www.facebook.com\/24gliwice","article_published_time":"2021-11-18T18:07:50+00:00","og_image":[{"width":810,"height":455,"url":"https:\/\/www.24gliwice.pl\/wiadomosci\/wp-content\/uploads\/2021\/11\/poufne-lekcje-perskiego.jpg","type":"image\/jpeg"}],"author":"\u017baneta Mrozek-Siewierska","twitter_card":"summary_large_image","twitter_creator":"@24gliwice","twitter_site":"@24gliwice","twitter_misc":{"Napisane przez":"\u017baneta Mrozek-Siewierska","Szacowany czas czytania":"3 minuty"},"schema":{"@context":"https:\/\/schema.org","@graph":[{"@type":"Article","@id":"https:\/\/www.24gliwice.pl\/wiadomosci\/premiery-w-kinie-amok-na-ekran-wchodza-poufne-lekcje-perskiego-oraz-wyspa-bergmana\/#article","isPartOf":{"@id":"https:\/\/www.24gliwice.pl\/wiadomosci\/premiery-w-kinie-amok-na-ekran-wchodza-poufne-lekcje-perskiego-oraz-wyspa-bergmana\/"},"author":{"name":"\u017baneta Mrozek-Siewierska","@id":"https:\/\/www.24gliwice.pl\/wiadomosci\/#\/schema\/person\/e42c650edd7f2fa332be3811fb166b6e"},"headline":"Premiery w kinie Amok. Na ekran wchodz\u0105 &#8220;Poufne lekcje perskiego&#8221; oraz &#8220;Wyspa Bergmana&#8221;","datePublished":"2021-11-18T18:07:50+00:00","mainEntityOfPage":{"@id":"https:\/\/www.24gliwice.pl\/wiadomosci\/premiery-w-kinie-amok-na-ekran-wchodza-poufne-lekcje-perskiego-oraz-wyspa-bergmana\/"},"wordCount":590,"commentCount":0,"publisher":{"@id":"https:\/\/www.24gliwice.pl\/wiadomosci\/#organization"},"image":{"@id":"https:\/\/www.24gliwice.pl\/wiadomosci\/premiery-w-kinie-amok-na-ekran-wchodza-poufne-lekcje-perskiego-oraz-wyspa-bergmana\/#primaryimage"},"thumbnailUrl":"https:\/\/www.24gliwice.pl\/wiadomosci\/wp-content\/uploads\/2021\/11\/poufne-lekcje-perskiego.jpg","keywords":["KINO AMOK"],"articleSection":["Gliwice","Kultura, wydarzenia, imprezy","Najnowsze wiadomo\u015bci"],"inLanguage":"pl-PL","potentialAction":[{"@type":"CommentAction","name":"Comment","target":["https:\/\/www.24gliwice.pl\/wiadomosci\/premiery-w-kinie-amok-na-ekran-wchodza-poufne-lekcje-perskiego-oraz-wyspa-bergmana\/#respond"]}]},{"@type":"WebPage","@id":"https:\/\/www.24gliwice.pl\/wiadomosci\/premiery-w-kinie-amok-na-ekran-wchodza-poufne-lekcje-perskiego-oraz-wyspa-bergmana\/","url":"https:\/\/www.24gliwice.pl\/wiadomosci\/premiery-w-kinie-amok-na-ekran-wchodza-poufne-lekcje-perskiego-oraz-wyspa-bergmana\/","name":"Premiery w kinie Amok. Na ekran wchodz\u0105 \"Poufne lekcje perskiego\" oraz \"Wyspa Bergmana\" - 24GLIWICE - Portal Gliwice | codziennie nowe informacje","isPartOf":{"@id":"https:\/\/www.24gliwice.pl\/wiadomosci\/#website"},"primaryImageOfPage":{"@id":"https:\/\/www.24gliwice.pl\/wiadomosci\/premiery-w-kinie-amok-na-ekran-wchodza-poufne-lekcje-perskiego-oraz-wyspa-bergmana\/#primaryimage"},"image":{"@id":"https:\/\/www.24gliwice.pl\/wiadomosci\/premiery-w-kinie-amok-na-ekran-wchodza-poufne-lekcje-perskiego-oraz-wyspa-bergmana\/#primaryimage"},"thumbnailUrl":"https:\/\/www.24gliwice.pl\/wiadomosci\/wp-content\/uploads\/2021\/11\/poufne-lekcje-perskiego.jpg","datePublished":"2021-11-18T18:07:50+00:00","breadcrumb":{"@id":"https:\/\/www.24gliwice.pl\/wiadomosci\/premiery-w-kinie-amok-na-ekran-wchodza-poufne-lekcje-perskiego-oraz-wyspa-bergmana\/#breadcrumb"},"inLanguage":"pl-PL","potentialAction":[{"@type":"ReadAction","target":["https:\/\/www.24gliwice.pl\/wiadomosci\/premiery-w-kinie-amok-na-ekran-wchodza-poufne-lekcje-perskiego-oraz-wyspa-bergmana\/"]}]},{"@type":"ImageObject","inLanguage":"pl-PL","@id":"https:\/\/www.24gliwice.pl\/wiadomosci\/premiery-w-kinie-amok-na-ekran-wchodza-poufne-lekcje-perskiego-oraz-wyspa-bergmana\/#primaryimage","url":"https:\/\/www.24gliwice.pl\/wiadomosci\/wp-content\/uploads\/2021\/11\/poufne-lekcje-perskiego.jpg","contentUrl":"https:\/\/www.24gliwice.pl\/wiadomosci\/wp-content\/uploads\/2021\/11\/poufne-lekcje-perskiego.jpg","width":810,"height":455,"caption":"KIN\u00d3WKI.pl"},{"@type":"BreadcrumbList","@id":"https:\/\/www.24gliwice.pl\/wiadomosci\/premiery-w-kinie-amok-na-ekran-wchodza-poufne-lekcje-perskiego-oraz-wyspa-bergmana\/#breadcrumb","itemListElement":[{"@type":"ListItem","position":1,"name":"Strona g\u0142\u00f3wna","item":"https:\/\/www.24gliwice.pl\/wiadomosci\/"},{"@type":"ListItem","position":2,"name":"Premiery w kinie Amok. Na ekran wchodz\u0105 &#8222;Poufne lekcje perskiego&#8221; oraz &#8222;Wyspa Bergmana&#8221;"}]},{"@type":"WebSite","@id":"https:\/\/www.24gliwice.pl\/wiadomosci\/#website","url":"https:\/\/www.24gliwice.pl\/wiadomosci\/","name":"24GLIWICE - Portal Gliwice | codziennie nowe wiadomo\u015bci","description":"Portal Miejski Gliwice","publisher":{"@id":"https:\/\/www.24gliwice.pl\/wiadomosci\/#organization"},"potentialAction":[{"@type":"SearchAction","target":{"@type":"EntryPoint","urlTemplate":"https:\/\/www.24gliwice.pl\/wiadomosci\/?s={search_term_string}"},"query-input":{"@type":"PropertyValueSpecification","valueRequired":true,"valueName":"search_term_string"}}],"inLanguage":"pl-PL"},{"@type":"Organization","@id":"https:\/\/www.24gliwice.pl\/wiadomosci\/#organization","name":"24gliwice","url":"https:\/\/www.24gliwice.pl\/wiadomosci\/","logo":{"@type":"ImageObject","inLanguage":"pl-PL","@id":"https:\/\/www.24gliwice.pl\/wiadomosci\/#\/schema\/logo\/image\/","url":"https:\/\/www.24gliwice.pl\/wiadomosci\/wp-content\/uploads\/2024\/10\/24gliwice-logo-696.jpg","contentUrl":"https:\/\/www.24gliwice.pl\/wiadomosci\/wp-content\/uploads\/2024\/10\/24gliwice-logo-696.jpg","width":696,"height":696,"caption":"24gliwice"},"image":{"@id":"https:\/\/www.24gliwice.pl\/wiadomosci\/#\/schema\/logo\/image\/"},"sameAs":["https:\/\/www.facebook.com\/24gliwice","https:\/\/x.com\/24gliwice","https:\/\/www.youtube.com\/@24gliwice"]},{"@type":"Person","@id":"https:\/\/www.24gliwice.pl\/wiadomosci\/#\/schema\/person\/e42c650edd7f2fa332be3811fb166b6e","name":"\u017baneta Mrozek-Siewierska","image":{"@type":"ImageObject","inLanguage":"pl-PL","@id":"https:\/\/www.24gliwice.pl\/wiadomosci\/wp-content\/uploads\/2021\/11\/Zaneta-M_S-zdjecie-czb-96x96.jpg","url":"https:\/\/www.24gliwice.pl\/wiadomosci\/wp-content\/uploads\/2021\/11\/Zaneta-M_S-zdjecie-czb-96x96.jpg","contentUrl":"https:\/\/www.24gliwice.pl\/wiadomosci\/wp-content\/uploads\/2021\/11\/Zaneta-M_S-zdjecie-czb-96x96.jpg","caption":"\u017baneta Mrozek-Siewierska"},"url":"https:\/\/www.24gliwice.pl\/wiadomosci\/author\/zms\/"}]}},"_links":{"self":[{"href":"https:\/\/www.24gliwice.pl\/wiadomosci\/wp-json\/wp\/v2\/posts\/181060","targetHints":{"allow":["GET"]}}],"collection":[{"href":"https:\/\/www.24gliwice.pl\/wiadomosci\/wp-json\/wp\/v2\/posts"}],"about":[{"href":"https:\/\/www.24gliwice.pl\/wiadomosci\/wp-json\/wp\/v2\/types\/post"}],"author":[{"embeddable":true,"href":"https:\/\/www.24gliwice.pl\/wiadomosci\/wp-json\/wp\/v2\/users\/15"}],"replies":[{"embeddable":true,"href":"https:\/\/www.24gliwice.pl\/wiadomosci\/wp-json\/wp\/v2\/comments?post=181060"}],"version-history":[{"count":4,"href":"https:\/\/www.24gliwice.pl\/wiadomosci\/wp-json\/wp\/v2\/posts\/181060\/revisions"}],"predecessor-version":[{"id":181090,"href":"https:\/\/www.24gliwice.pl\/wiadomosci\/wp-json\/wp\/v2\/posts\/181060\/revisions\/181090"}],"wp:featuredmedia":[{"embeddable":true,"href":"https:\/\/www.24gliwice.pl\/wiadomosci\/wp-json\/wp\/v2\/media\/181065"}],"wp:attachment":[{"href":"https:\/\/www.24gliwice.pl\/wiadomosci\/wp-json\/wp\/v2\/media?parent=181060"}],"wp:term":[{"taxonomy":"category","embeddable":true,"href":"https:\/\/www.24gliwice.pl\/wiadomosci\/wp-json\/wp\/v2\/categories?post=181060"},{"taxonomy":"post_tag","embeddable":true,"href":"https:\/\/www.24gliwice.pl\/wiadomosci\/wp-json\/wp\/v2\/tags?post=181060"}],"curies":[{"name":"wp","href":"https:\/\/api.w.org\/{rel}","templated":true}]}}